{"id":20057,"date":"2021-06-30T10:44:46","date_gmt":"2021-06-30T13:44:46","guid":{"rendered":"https:\/\/jornalfatosenoticias.com.br\/?p=20057"},"modified":"2021-06-30T10:44:49","modified_gmt":"2021-06-30T13:44:49","slug":"infraero-doara-obras-de-arte-a-museus-brasileiros","status":"publish","type":"post","link":"https:\/\/jornalfatosenoticias.com.br\/index.php\/2021\/06\/30\/infraero-doara-obras-de-arte-a-museus-brasileiros\/","title":{"rendered":"Infraero doar\u00e1 obras de arte a museus brasileiros"},"content":{"rendered":"\n<p><em><span class=\"has-inline-color has-black-color\">S\u00e3o pinturas, gravuras e esculturas pertencentes ao patrim\u00f4nio da empresa p\u00fablica, que estavam em aeroportos localizados em diferentes pontos do territ\u00f3rio nacional<\/span><\/em><\/p>\n\n\n\n<p>A Empresa Brasileira de Infraestrutura Aeroportu\u00e1ria (Infraero) far\u00e1, por interm\u00e9dio do Instituto Brasileiro de Museus (Ibram), a doa\u00e7\u00e3o de 174 obras de arte para museus brasileiros. S\u00e3o pinturas, gravuras e esculturas pertencentes ao patrim\u00f4nio da empresa p\u00fablica que estavam em aeroportos localizados em diferentes pontos do territ\u00f3rio nacional.<br>Em raz\u00e3o do andamento do processo de concess\u00f5es de diversos aeroportos administrados pela Infraero, a empresa buscou o aux\u00edlio t\u00e9cnico do Ibram, visando definir a melhor destina\u00e7\u00e3o dos bens culturais. Tais tratativas iniciaram-se ainda em junho de 2019 e culminaram num Acordo de Coopera\u00e7\u00e3o T\u00e9cnica entre as duas institui\u00e7\u00f5es. O Acordo de Coopera\u00e7\u00e3o foi celebrado em janeiro de 2020, mas em raz\u00e3o da pandemia da covid-19, o cronograma de execu\u00e7\u00e3o do Plano de Trabalho foi ajustado e prorrogado at\u00e9 janeiro de 2022.<br>A Infraero identificou e catalogou os itens a serem doados, com base em ficha catalogr\u00e1fica e instru\u00e7\u00f5es fornecidas pelos t\u00e9cnicos do Ibram e este ficou respons\u00e1vel pela organiza\u00e7\u00e3o da estrat\u00e9gia de doa\u00e7\u00e3o aos museus brasileiros mediante consulta p\u00fablica.<br>Os museus interessados dever\u00e3o estar formalmente institu\u00eddos, possuir Registro de Museus e dever-se-\u00e3o manifestar por meio do preenchimento do formul\u00e1rio, indicando quais os itens de interesse e enviando-o para o e-mail: consultapublica@museus.gov.br no per\u00edodo de 5 a 20 de abril de 2021.<br>A lista de bens culturais ofertados est\u00e1 dispon\u00edvel, saiba como solicitar o Registro de Museus em https:\/\/renim.museus.gov.br\/registro-de-museus\/.<br>Caso uma obra seja requisitada por mais de um museu, a ordem de chegada dos formul\u00e1rios com a manifesta\u00e7\u00e3o de interesse ser\u00e1 considerada como crit\u00e9rio de desempate e prefer\u00eancia de escolha. Ao final do processo, ser\u00e1 confeccionado um termo de doa\u00e7\u00e3o de acervo cultural celebrado pelas partes envolvidas (Infraero-Museu) e os custos financeiros relativos \u00e0 transfer\u00eancia\/transporte do bem cultural ser\u00e3o de responsabilidade do museu selecionado.<br>As solicita\u00e7\u00f5es ser\u00e3o analisadas pelo Ibram e o resultado ser\u00e1 divulgado na primeira quinzena de maio. Para mais informa\u00e7\u00f5es ou d\u00favidas, entrar em contato com a Coordena\u00e7\u00e3o de Acervo Museol\u00f3gico (Camus\/Ibram) pelos e-mails: consultapublica@museus.gov.br ou camus@museus.gov.br<\/p>\n\n\n\n<p><strong><em>Fonte: <a href=\"https:\/\/www.gov.br\/turismo\/pt-br\/secretaria-especial-da-cultura\/assuntos\/noticias\/infraero-doara-obras-de-arte-a-museus-brasileiros\">Secretaria Especial da Cultura<\/a><\/em><\/strong><\/p>\n","protected":false},"excerpt":{"rendered":"<p>S\u00e3o pinturas, gravuras e esculturas pertencentes ao patrim\u00f4nio da empresa p\u00fablica, que estavam em aeroportos localizados em diferentes pontos do territ\u00f3rio nacional A Empresa Brasileira de Infraestrutura Aeroportu\u00e1ria (Infraero) far\u00e1, por interm\u00e9dio do Instituto Brasileiro de Museus (Ibram), a doa\u00e7\u00e3o de 174 obras de arte para museus brasileiros. S\u00e3o pinturas, gravuras e esculturas pertencentes ao [&hellip;]<\/p>\n","protected":false},"author":2,"featured_media":20058,"comment_status":"open","ping_status":"open","sticky":false,"template":"","format":"standard","meta":{"footnotes":""},"categories":[4],"tags":[5003,9841,5004,5402],"class_list":["post-20057","post","type-post","status-publish","format-standard","has-post-thumbnail","hentry","category-cultura","tag-ibram","tag-infraero","tag-museus","tag-obras-de-arte"],"yoast_head":"<!-- This site is optimized with the Yoast SEO plugin v26.5 - https:\/\/yoast.com\/wordpress\/plugins\/seo\/ -->\n<title>Infraero doar\u00e1 obras de arte a museus brasileiros - Jornal Fatos e Not\u00edcias<\/title>\n<meta name=\"robots\" content=\"index, follow, max-snippet:-1, max-image-preview:large, max-video-preview:-1\" \/>\n<link rel=\"canonical\" href=\"https:\/\/jornalfatosenoticias.com.br\/index.php\/2021\/06\/30\/infraero-doara-obras-de-arte-a-museus-brasileiros\/\" \/>\n<meta property=\"og:locale\" content=\"pt_BR\" \/>\n<meta property=\"og:type\" content=\"article\" \/>\n<meta property=\"og:title\" content=\"Infraero doar\u00e1 obras de arte a museus brasileiros - Jornal Fatos e Not\u00edcias\" \/>\n<meta property=\"og:description\" content=\"S\u00e3o pinturas, gravuras e esculturas pertencentes ao patrim\u00f4nio da empresa p\u00fablica, que estavam em aeroportos localizados em diferentes pontos do territ\u00f3rio nacional A Empresa Brasileira de Infraestrutura Aeroportu\u00e1ria (Infraero) far\u00e1, por interm\u00e9dio do Instituto Brasileiro de Museus (Ibram), a doa\u00e7\u00e3o de 174 obras de arte para museus brasileiros. S\u00e3o pinturas, gravuras e esculturas pertencentes ao [&hellip;]\" \/>\n<meta property=\"og:url\" content=\"https:\/\/jornalfatosenoticias.com.br\/index.php\/2021\/06\/30\/infraero-doara-obras-de-arte-a-museus-brasileiros\/\" \/>\n<meta property=\"og:site_name\" content=\"Jornal Fatos e Not\u00edcias\" \/>\n<meta property=\"article:published_time\" content=\"2021-06-30T13:44:46+00:00\" \/>\n<meta property=\"article:modified_time\" content=\"2021-06-30T13:44:49+00:00\" \/>\n<meta property=\"og:image\" content=\"https:\/\/jornalfatosenoticias.com.br\/wp-content\/uploads\/2021\/06\/Infraero.jpeg\" \/>\n\t<meta property=\"og:image:width\" content=\"1000\" \/>\n\t<meta property=\"og:image:height\" content=\"658\" \/>\n\t<meta property=\"og:image:type\" content=\"image\/jpeg\" \/>\n<meta name=\"author\" content=\"Luzimara Fernandes\" \/>\n<meta name=\"twitter:card\" content=\"summary_large_image\" \/>\n<meta name=\"twitter:label1\" content=\"Escrito por\" \/>\n\t<meta name=\"twitter:data1\" content=\"Luzimara Fernandes\" \/>\n\t<meta name=\"twitter:label2\" content=\"Est. tempo de leitura\" \/>\n\t<meta name=\"twitter:data2\" content=\"2 minutos\" \/>\n<script type=\"application\/ld+json\" class=\"yoast-schema-graph\">{\"@context\":\"https:\/\/schema.org\",\"@graph\":[{\"@type\":\"Article\",\"@id\":\"https:\/\/jornalfatosenoticias.com.br\/index.php\/2021\/06\/30\/infraero-doara-obras-de-arte-a-museus-brasileiros\/#article\",\"isPartOf\":{\"@id\":\"https:\/\/jornalfatosenoticias.com.br\/index.php\/2021\/06\/30\/infraero-doara-obras-de-arte-a-museus-brasileiros\/\"},\"author\":{\"name\":\"Luzimara Fernandes\",\"@id\":\"https:\/\/jornalfatosenoticias.com.br\/#\/schema\/person\/d63837fa13ac8666eb9e74e0985d6f81\"},\"headline\":\"Infraero doar\u00e1 obras de arte a museus brasileiros\",\"datePublished\":\"2021-06-30T13:44:46+00:00\",\"dateModified\":\"2021-06-30T13:44:49+00:00\",\"mainEntityOfPage\":{\"@id\":\"https:\/\/jornalfatosenoticias.com.br\/index.php\/2021\/06\/30\/infraero-doara-obras-de-arte-a-museus-brasileiros\/\"},\"wordCount\":420,\"commentCount\":0,\"publisher\":{\"@id\":\"https:\/\/jornalfatosenoticias.com.br\/#organization\"},\"image\":{\"@id\":\"https:\/\/jornalfatosenoticias.com.br\/index.php\/2021\/06\/30\/infraero-doara-obras-de-arte-a-museus-brasileiros\/#primaryimage\"},\"thumbnailUrl\":\"https:\/\/jornalfatosenoticias.com.br\/wp-content\/uploads\/2021\/06\/Infraero.jpeg\",\"keywords\":[\"Ibram\",\"Infraero\",\"museus\",\"obras de arte\"],\"articleSection\":[\"Cultura\"],\"inLanguage\":\"pt-BR\",\"potentialAction\":[{\"@type\":\"CommentAction\",\"name\":\"Comment\",\"target\":[\"https:\/\/jornalfatosenoticias.com.br\/index.php\/2021\/06\/30\/infraero-doara-obras-de-arte-a-museus-brasileiros\/#respond\"]}]},{\"@type\":\"WebPage\",\"@id\":\"https:\/\/jornalfatosenoticias.com.br\/index.php\/2021\/06\/30\/infraero-doara-obras-de-arte-a-museus-brasileiros\/\",\"url\":\"https:\/\/jornalfatosenoticias.com.br\/index.php\/2021\/06\/30\/infraero-doara-obras-de-arte-a-museus-brasileiros\/\",\"name\":\"Infraero doar\u00e1 obras de arte a museus brasileiros - Jornal Fatos e Not\u00edcias\",\"isPartOf\":{\"@id\":\"https:\/\/jornalfatosenoticias.com.br\/#website\"},\"primaryImageOfPage\":{\"@id\":\"https:\/\/jornalfatosenoticias.com.br\/index.php\/2021\/06\/30\/infraero-doara-obras-de-arte-a-museus-brasileiros\/#primaryimage\"},\"image\":{\"@id\":\"https:\/\/jornalfatosenoticias.com.br\/index.php\/2021\/06\/30\/infraero-doara-obras-de-arte-a-museus-brasileiros\/#primaryimage\"},\"thumbnailUrl\":\"https:\/\/jornalfatosenoticias.com.br\/wp-content\/uploads\/2021\/06\/Infraero.jpeg\",\"datePublished\":\"2021-06-30T13:44:46+00:00\",\"dateModified\":\"2021-06-30T13:44:49+00:00\",\"breadcrumb\":{\"@id\":\"https:\/\/jornalfatosenoticias.com.br\/index.php\/2021\/06\/30\/infraero-doara-obras-de-arte-a-museus-brasileiros\/#breadcrumb\"},\"inLanguage\":\"pt-BR\",\"potentialAction\":[{\"@type\":\"ReadAction\",\"target\":[\"https:\/\/jornalfatosenoticias.com.br\/index.php\/2021\/06\/30\/infraero-doara-obras-de-arte-a-museus-brasileiros\/\"]}]},{\"@type\":\"ImageObject\",\"inLanguage\":\"pt-BR\",\"@id\":\"https:\/\/jornalfatosenoticias.com.br\/index.php\/2021\/06\/30\/infraero-doara-obras-de-arte-a-museus-brasileiros\/#primaryimage\",\"url\":\"https:\/\/jornalfatosenoticias.com.br\/wp-content\/uploads\/2021\/06\/Infraero.jpeg\",\"contentUrl\":\"https:\/\/jornalfatosenoticias.com.br\/wp-content\/uploads\/2021\/06\/Infraero.jpeg\",\"width\":1000,\"height\":658},{\"@type\":\"BreadcrumbList\",\"@id\":\"https:\/\/jornalfatosenoticias.com.br\/index.php\/2021\/06\/30\/infraero-doara-obras-de-arte-a-museus-brasileiros\/#breadcrumb\",\"itemListElement\":[{\"@type\":\"ListItem\",\"position\":1,\"name\":\"In\u00edcio\",\"item\":\"https:\/\/jornalfatosenoticias.com.br\/\"},{\"@type\":\"ListItem\",\"position\":2,\"name\":\"Infraero doar\u00e1 obras de arte a museus brasileiros\"}]},{\"@type\":\"WebSite\",\"@id\":\"https:\/\/jornalfatosenoticias.com.br\/#website\",\"url\":\"https:\/\/jornalfatosenoticias.com.br\/\",\"name\":\"Jornal Fatos e Not\u00edcias\",\"description\":\"Not\u00edcias em geral\",\"publisher\":{\"@id\":\"https:\/\/jornalfatosenoticias.com.br\/#organization\"},\"potentialAction\":[{\"@type\":\"SearchAction\",\"target\":{\"@type\":\"EntryPoint\",\"urlTemplate\":\"https:\/\/jornalfatosenoticias.com.br\/?s={search_term_string}\"},\"query-input\":{\"@type\":\"PropertyValueSpecification\",\"valueRequired\":true,\"valueName\":\"search_term_string\"}}],\"inLanguage\":\"pt-BR\"},{\"@type\":\"Organization\",\"@id\":\"https:\/\/jornalfatosenoticias.com.br\/#organization\",\"name\":\"Jornal Fatos e Not\u00edcias\",\"url\":\"https:\/\/jornalfatosenoticias.com.br\/\",\"logo\":{\"@type\":\"ImageObject\",\"inLanguage\":\"pt-BR\",\"@id\":\"https:\/\/jornalfatosenoticias.com.br\/#\/schema\/logo\/image\/\",\"url\":\"https:\/\/jornalfatosenoticias.com.br\/wp-content\/uploads\/2020\/02\/logo120.png\",\"contentUrl\":\"https:\/\/jornalfatosenoticias.com.br\/wp-content\/uploads\/2020\/02\/logo120.png\",\"width\":1227,\"height\":120,\"caption\":\"Jornal Fatos e Not\u00edcias\"},\"image\":{\"@id\":\"https:\/\/jornalfatosenoticias.com.br\/#\/schema\/logo\/image\/\"}},{\"@type\":\"Person\",\"@id\":\"https:\/\/jornalfatosenoticias.com.br\/#\/schema\/person\/d63837fa13ac8666eb9e74e0985d6f81\",\"name\":\"Luzimara Fernandes\",\"image\":{\"@type\":\"ImageObject\",\"inLanguage\":\"pt-BR\",\"@id\":\"https:\/\/jornalfatosenoticias.com.br\/#\/schema\/person\/image\/\",\"url\":\"https:\/\/jornalfatosenoticias.com.br\/wp-content\/uploads\/2025\/05\/EU_portal.jpg\",\"contentUrl\":\"https:\/\/jornalfatosenoticias.com.br\/wp-content\/uploads\/2025\/05\/EU_portal.jpg\",\"caption\":\"Luzimara Fernandes\"},\"description\":\"Jornalista MTB 2358-ES\",\"sameAs\":[\"https:\/\/jornalfatosenoticias.com.br\"],\"url\":\"https:\/\/jornalfatosenoticias.com.br\/index.php\/author\/luzimara\/\"}]}<\/script>\n<!-- \/ Yoast SEO plugin. -->","yoast_head_json":{"title":"Infraero doar\u00e1 obras de arte a museus brasileiros - Jornal Fatos e Not\u00edcias","robots":{"index":"index","follow":"follow","max-snippet":"max-snippet:-1","max-image-preview":"max-image-preview:large","max-video-preview":"max-video-preview:-1"},"canonical":"https:\/\/jornalfatosenoticias.com.br\/index.php\/2021\/06\/30\/infraero-doara-obras-de-arte-a-museus-brasileiros\/","og_locale":"pt_BR","og_type":"article","og_title":"Infraero doar\u00e1 obras de arte a museus brasileiros - Jornal Fatos e Not\u00edcias","og_description":"S\u00e3o pinturas, gravuras e esculturas pertencentes ao patrim\u00f4nio da empresa p\u00fablica, que estavam em aeroportos localizados em diferentes pontos do territ\u00f3rio nacional A Empresa Brasileira de Infraestrutura Aeroportu\u00e1ria (Infraero) far\u00e1, por interm\u00e9dio do Instituto Brasileiro de Museus (Ibram), a doa\u00e7\u00e3o de 174 obras de arte para museus brasileiros. S\u00e3o pinturas, gravuras e esculturas pertencentes ao [&hellip;]","og_url":"https:\/\/jornalfatosenoticias.com.br\/index.php\/2021\/06\/30\/infraero-doara-obras-de-arte-a-museus-brasileiros\/","og_site_name":"Jornal Fatos e Not\u00edcias","article_published_time":"2021-06-30T13:44:46+00:00","article_modified_time":"2021-06-30T13:44:49+00:00","og_image":[{"width":1000,"height":658,"url":"https:\/\/jornalfatosenoticias.com.br\/wp-content\/uploads\/2021\/06\/Infraero.jpeg","type":"image\/jpeg"}],"author":"Luzimara Fernandes","twitter_card":"summary_large_image","twitter_misc":{"Escrito por":"Luzimara Fernandes","Est. tempo de leitura":"2 minutos"},"schema":{"@context":"https:\/\/schema.org","@graph":[{"@type":"Article","@id":"https:\/\/jornalfatosenoticias.com.br\/index.php\/2021\/06\/30\/infraero-doara-obras-de-arte-a-museus-brasileiros\/#article","isPartOf":{"@id":"https:\/\/jornalfatosenoticias.com.br\/index.php\/2021\/06\/30\/infraero-doara-obras-de-arte-a-museus-brasileiros\/"},"author":{"name":"Luzimara Fernandes","@id":"https:\/\/jornalfatosenoticias.com.br\/#\/schema\/person\/d63837fa13ac8666eb9e74e0985d6f81"},"headline":"Infraero doar\u00e1 obras de arte a museus brasileiros","datePublished":"2021-06-30T13:44:46+00:00","dateModified":"2021-06-30T13:44:49+00:00","mainEntityOfPage":{"@id":"https:\/\/jornalfatosenoticias.com.br\/index.php\/2021\/06\/30\/infraero-doara-obras-de-arte-a-museus-brasileiros\/"},"wordCount":420,"commentCount":0,"publisher":{"@id":"https:\/\/jornalfatosenoticias.com.br\/#organization"},"image":{"@id":"https:\/\/jornalfatosenoticias.com.br\/index.php\/2021\/06\/30\/infraero-doara-obras-de-arte-a-museus-brasileiros\/#primaryimage"},"thumbnailUrl":"https:\/\/jornalfatosenoticias.com.br\/wp-content\/uploads\/2021\/06\/Infraero.jpeg","keywords":["Ibram","Infraero","museus","obras de arte"],"articleSection":["Cultura"],"inLanguage":"pt-BR","potentialAction":[{"@type":"CommentAction","name":"Comment","target":["https:\/\/jornalfatosenoticias.com.br\/index.php\/2021\/06\/30\/infraero-doara-obras-de-arte-a-museus-brasileiros\/#respond"]}]},{"@type":"WebPage","@id":"https:\/\/jornalfatosenoticias.com.br\/index.php\/2021\/06\/30\/infraero-doara-obras-de-arte-a-museus-brasileiros\/","url":"https:\/\/jornalfatosenoticias.com.br\/index.php\/2021\/06\/30\/infraero-doara-obras-de-arte-a-museus-brasileiros\/","name":"Infraero doar\u00e1 obras de arte a museus brasileiros - Jornal Fatos e Not\u00edcias","isPartOf":{"@id":"https:\/\/jornalfatosenoticias.com.br\/#website"},"primaryImageOfPage":{"@id":"https:\/\/jornalfatosenoticias.com.br\/index.php\/2021\/06\/30\/infraero-doara-obras-de-arte-a-museus-brasileiros\/#primaryimage"},"image":{"@id":"https:\/\/jornalfatosenoticias.com.br\/index.php\/2021\/06\/30\/infraero-doara-obras-de-arte-a-museus-brasileiros\/#primaryimage"},"thumbnailUrl":"https:\/\/jornalfatosenoticias.com.br\/wp-content\/uploads\/2021\/06\/Infraero.jpeg","datePublished":"2021-06-30T13:44:46+00:00","dateModified":"2021-06-30T13:44:49+00:00","breadcrumb":{"@id":"https:\/\/jornalfatosenoticias.com.br\/index.php\/2021\/06\/30\/infraero-doara-obras-de-arte-a-museus-brasileiros\/#breadcrumb"},"inLanguage":"pt-BR","potentialAction":[{"@type":"ReadAction","target":["https:\/\/jornalfatosenoticias.com.br\/index.php\/2021\/06\/30\/infraero-doara-obras-de-arte-a-museus-brasileiros\/"]}]},{"@type":"ImageObject","inLanguage":"pt-BR","@id":"https:\/\/jornalfatosenoticias.com.br\/index.php\/2021\/06\/30\/infraero-doara-obras-de-arte-a-museus-brasileiros\/#primaryimage","url":"https:\/\/jornalfatosenoticias.com.br\/wp-content\/uploads\/2021\/06\/Infraero.jpeg","contentUrl":"https:\/\/jornalfatosenoticias.com.br\/wp-content\/uploads\/2021\/06\/Infraero.jpeg","width":1000,"height":658},{"@type":"BreadcrumbList","@id":"https:\/\/jornalfatosenoticias.com.br\/index.php\/2021\/06\/30\/infraero-doara-obras-de-arte-a-museus-brasileiros\/#breadcrumb","itemListElement":[{"@type":"ListItem","position":1,"name":"In\u00edcio","item":"https:\/\/jornalfatosenoticias.com.br\/"},{"@type":"ListItem","position":2,"name":"Infraero doar\u00e1 obras de arte a museus brasileiros"}]},{"@type":"WebSite","@id":"https:\/\/jornalfatosenoticias.com.br\/#website","url":"https:\/\/jornalfatosenoticias.com.br\/","name":"Jornal Fatos e Not\u00edcias","description":"Not\u00edcias em geral","publisher":{"@id":"https:\/\/jornalfatosenoticias.com.br\/#organization"},"potentialAction":[{"@type":"SearchAction","target":{"@type":"EntryPoint","urlTemplate":"https:\/\/jornalfatosenoticias.com.br\/?s={search_term_string}"},"query-input":{"@type":"PropertyValueSpecification","valueRequired":true,"valueName":"search_term_string"}}],"inLanguage":"pt-BR"},{"@type":"Organization","@id":"https:\/\/jornalfatosenoticias.com.br\/#organization","name":"Jornal Fatos e Not\u00edcias","url":"https:\/\/jornalfatosenoticias.com.br\/","logo":{"@type":"ImageObject","inLanguage":"pt-BR","@id":"https:\/\/jornalfatosenoticias.com.br\/#\/schema\/logo\/image\/","url":"https:\/\/jornalfatosenoticias.com.br\/wp-content\/uploads\/2020\/02\/logo120.png","contentUrl":"https:\/\/jornalfatosenoticias.com.br\/wp-content\/uploads\/2020\/02\/logo120.png","width":1227,"height":120,"caption":"Jornal Fatos e Not\u00edcias"},"image":{"@id":"https:\/\/jornalfatosenoticias.com.br\/#\/schema\/logo\/image\/"}},{"@type":"Person","@id":"https:\/\/jornalfatosenoticias.com.br\/#\/schema\/person\/d63837fa13ac8666eb9e74e0985d6f81","name":"Luzimara Fernandes","image":{"@type":"ImageObject","inLanguage":"pt-BR","@id":"https:\/\/jornalfatosenoticias.com.br\/#\/schema\/person\/image\/","url":"https:\/\/jornalfatosenoticias.com.br\/wp-content\/uploads\/2025\/05\/EU_portal.jpg","contentUrl":"https:\/\/jornalfatosenoticias.com.br\/wp-content\/uploads\/2025\/05\/EU_portal.jpg","caption":"Luzimara Fernandes"},"description":"Jornalista MTB 2358-ES","sameAs":["https:\/\/jornalfatosenoticias.com.br"],"url":"https:\/\/jornalfatosenoticias.com.br\/index.php\/author\/luzimara\/"}]}},"cc_featured_image_caption":{"caption_text":"(Foto: Divulga\u00e7\u00e3o)","source_text":"","source_url":""},"jetpack_featured_media_url":"https:\/\/jornalfatosenoticias.com.br\/wp-content\/uploads\/2021\/06\/Infraero.jpeg","_links":{"self":[{"href":"https:\/\/jornalfatosenoticias.com.br\/index.php\/wp-json\/wp\/v2\/posts\/20057","targetHints":{"allow":["GET"]}}],"collection":[{"href":"https:\/\/jornalfatosenoticias.com.br\/index.php\/wp-json\/wp\/v2\/posts"}],"about":[{"href":"https:\/\/jornalfatosenoticias.com.br\/index.php\/wp-json\/wp\/v2\/types\/post"}],"author":[{"embeddable":true,"href":"https:\/\/jornalfatosenoticias.com.br\/index.php\/wp-json\/wp\/v2\/users\/2"}],"replies":[{"embeddable":true,"href":"https:\/\/jornalfatosenoticias.com.br\/index.php\/wp-json\/wp\/v2\/comments?post=20057"}],"version-history":[{"count":0,"href":"https:\/\/jornalfatosenoticias.com.br\/index.php\/wp-json\/wp\/v2\/posts\/20057\/revisions"}],"wp:featuredmedia":[{"embeddable":true,"href":"https:\/\/jornalfatosenoticias.com.br\/index.php\/wp-json\/wp\/v2\/media\/20058"}],"wp:attachment":[{"href":"https:\/\/jornalfatosenoticias.com.br\/index.php\/wp-json\/wp\/v2\/media?parent=20057"}],"wp:term":[{"taxonomy":"category","embeddable":true,"href":"https:\/\/jornalfatosenoticias.com.br\/index.php\/wp-json\/wp\/v2\/categories?post=20057"},{"taxonomy":"post_tag","embeddable":true,"href":"https:\/\/jornalfatosenoticias.com.br\/index.php\/wp-json\/wp\/v2\/tags?post=20057"}],"curies":[{"name":"wp","href":"https:\/\/api.w.org\/{rel}","templated":true}]}}