{"id":20068,"date":"2021-07-01T18:09:34","date_gmt":"2021-07-01T21:09:34","guid":{"rendered":"https:\/\/jornalfatosenoticias.com.br\/?p=20068"},"modified":"2021-07-01T18:09:35","modified_gmt":"2021-07-01T21:09:35","slug":"sopa-de-feijao-para-se-deliciar-nos-dias-frios","status":"publish","type":"post","link":"https:\/\/jornalfatosenoticias.com.br\/index.php\/2021\/07\/01\/sopa-de-feijao-para-se-deliciar-nos-dias-frios\/","title":{"rendered":"Sopa de feij\u00e3o para se deliciar nos dias frios"},"content":{"rendered":"\n<p>Com a chegada do inverno e dos dias frios, nada como uma sopinha deliciosa para nos aquecer. Pensando nisso, que tal esta receita de sopa de feij\u00e3o para voc\u00ea conhecer e preparar? Al\u00e9m de ser superf\u00e1cil e r\u00e1pida de fazer, a sopa de feij\u00e3o traz um sabor \u00fanico e especial atrav\u00e9s de seus ingredientes, como salsa, cebola, tomate, batata, parmes\u00e3o e lingui\u00e7a defumada. Est\u00e1 esperando o qu\u00ea para experimentar?<\/p>\n\n\n\n<p><strong><span class=\"has-inline-color has-black-color\">Ingredientes<br><\/span><\/strong>3 x\u00edcaras (ch\u00e1) de feij\u00e3o cozido<br>1 tomate picado<br>1 cenoura cozida e picada<br>3 cubos de caldo de carne<br>1 litro de \u00e1gua<br>3 dentes de alho picados<br>1 cebola picada<br>\u00bd x\u00edcara (ch\u00e1) de azeite<br>1 talo de sals\u00e3o picado<br>2 batatas picadas<br>1 x\u00edcara (ch\u00e1) de lingui\u00e7a defumada em cubos<br>1 litro de \u00e1gua fervente<br>1 x\u00edcara (ch\u00e1) de macarr\u00e3o pr\u00f3prio para sopa<br>50g de queijo parmes\u00e3o ralado para polvilhar<\/p>\n\n\n\n<p><strong><span class=\"has-inline-color has-black-color\">Modo de preparo<br><\/span><\/strong>No liquidificador, bata o feij\u00e3o, o tomate, a cenoura, os cubos de caldo de carne e a \u00e1gua. Peneire essa mistura e reserve. Em uma panela, frite o alho e a cebola no azeite por cinco minutos ou at\u00e9 dourar levemente. Adicione \u00e0 mistura reservada. Acrescente o sals\u00e3o, a batata, a lingui\u00e7a e a \u00e1gua. Tampe parcialmente a panela e cozinhe, mexendo de vez em quando, por 20 minutos. Acrescente o macarr\u00e3o, mexa bem e cozinhe por mais cinco minutos, mexendo de vez em quando ou at\u00e9 o macarr\u00e3o ficar &#8220;al dente&#8221;. Desligue o fogo e deixe descansar por 10 minutos. Polvilhe com o parmes\u00e3o e sirva.<\/p>\n\n\n\n<p><strong><span class=\"has-inline-color has-black-color\"><em>Rendimento: 6 por\u00e7\u00f5es<\/em><\/span><\/strong><\/p>\n\n\n\n<p><strong><em>Fonte: <a href=\"https:\/\/www.terra.com.br\/vida-e-estilo\/culinaria\/receitas\/sopa-de-feijao-para-se-deliciar-nos-dias-frios,1ed084990196220bb98786d23b66dcc7ag0nanuq.html\">Terra<\/a><\/em><\/strong><\/p>\n","protected":false},"excerpt":{"rendered":"<p>Com a chegada do inverno e dos dias frios, nada como uma sopinha deliciosa para nos aquecer. Pensando nisso, que tal esta receita de sopa de feij\u00e3o para voc\u00ea conhecer e preparar? Al\u00e9m de ser superf\u00e1cil e r\u00e1pida de fazer, a sopa de feij\u00e3o traz um sabor \u00fanico e especial atrav\u00e9s de seus ingredientes, como [&hellip;]<\/p>\n","protected":false},"author":10,"featured_media":20069,"comment_status":"open","ping_status":"open","sticky":false,"template":"","format":"standard","meta":{"footnotes":""},"categories":[745],"tags":[9848,3594,3453,9847],"class_list":["post-20068","post","type-post","status-publish","format-standard","has-post-thumbnail","hentry","category-gastronomia","tag-aquecer","tag-dias-frios","tag-inverno","tag-sopa-de-feijao"],"yoast_head":"<!-- This site is optimized with the Yoast SEO plugin v26.5 - https:\/\/yoast.com\/wordpress\/plugins\/seo\/ -->\n<title>Sopa de feij\u00e3o para se deliciar nos dias frios - Jornal Fatos e Not\u00edcias<\/title>\n<meta name=\"robots\" content=\"index, follow, max-snippet:-1, max-image-preview:large, max-video-preview:-1\" \/>\n<link rel=\"canonical\" href=\"https:\/\/jornalfatosenoticias.com.br\/index.php\/2021\/07\/01\/sopa-de-feijao-para-se-deliciar-nos-dias-frios\/\" \/>\n<meta property=\"og:locale\" content=\"pt_BR\" \/>\n<meta property=\"og:type\" content=\"article\" \/>\n<meta property=\"og:title\" content=\"Sopa de feij\u00e3o para se deliciar nos dias frios - Jornal Fatos e Not\u00edcias\" \/>\n<meta property=\"og:description\" content=\"Com a chegada do inverno e dos dias frios, nada como uma sopinha deliciosa para nos aquecer. Pensando nisso, que tal esta receita de sopa de feij\u00e3o para voc\u00ea conhecer e preparar? Al\u00e9m de ser superf\u00e1cil e r\u00e1pida de fazer, a sopa de feij\u00e3o traz um sabor \u00fanico e especial atrav\u00e9s de seus ingredientes, como [&hellip;]\" \/>\n<meta property=\"og:url\" content=\"https:\/\/jornalfatosenoticias.com.br\/index.php\/2021\/07\/01\/sopa-de-feijao-para-se-deliciar-nos-dias-frios\/\" \/>\n<meta property=\"og:site_name\" content=\"Jornal Fatos e Not\u00edcias\" \/>\n<meta property=\"article:published_time\" content=\"2021-07-01T21:09:34+00:00\" \/>\n<meta property=\"article:modified_time\" content=\"2021-07-01T21:09:35+00:00\" \/>\n<meta property=\"og:image\" content=\"https:\/\/jornalfatosenoticias.com.br\/wp-content\/uploads\/2021\/07\/sopa-de-feijao.jpg\" \/>\n\t<meta property=\"og:image:width\" content=\"1000\" \/>\n\t<meta property=\"og:image:height\" content=\"667\" \/>\n\t<meta property=\"og:image:type\" content=\"image\/jpeg\" \/>\n<meta name=\"author\" content=\"Gabriela Messner Aresi Oliveira\" \/>\n<meta name=\"twitter:card\" content=\"summary_large_image\" \/>\n<meta name=\"twitter:label1\" content=\"Escrito por\" \/>\n\t<meta name=\"twitter:data1\" content=\"Gabriela Messner Aresi Oliveira\" \/>\n\t<meta name=\"twitter:label2\" content=\"Est. tempo de leitura\" \/>\n\t<meta name=\"twitter:data2\" content=\"1 minuto\" \/>\n<script type=\"application\/ld+json\" class=\"yoast-schema-graph\">{\"@context\":\"https:\/\/schema.org\",\"@graph\":[{\"@type\":\"Article\",\"@id\":\"https:\/\/jornalfatosenoticias.com.br\/index.php\/2021\/07\/01\/sopa-de-feijao-para-se-deliciar-nos-dias-frios\/#article\",\"isPartOf\":{\"@id\":\"https:\/\/jornalfatosenoticias.com.br\/index.php\/2021\/07\/01\/sopa-de-feijao-para-se-deliciar-nos-dias-frios\/\"},\"author\":{\"name\":\"Gabriela Messner Aresi Oliveira\",\"@id\":\"https:\/\/jornalfatosenoticias.com.br\/#\/schema\/person\/8e0fe72f7a2b1f60eecd0c7d1dc4d8f1\"},\"headline\":\"Sopa de feij\u00e3o para se deliciar nos dias frios\",\"datePublished\":\"2021-07-01T21:09:34+00:00\",\"dateModified\":\"2021-07-01T21:09:35+00:00\",\"mainEntityOfPage\":{\"@id\":\"https:\/\/jornalfatosenoticias.com.br\/index.php\/2021\/07\/01\/sopa-de-feijao-para-se-deliciar-nos-dias-frios\/\"},\"wordCount\":276,\"commentCount\":0,\"publisher\":{\"@id\":\"https:\/\/jornalfatosenoticias.com.br\/#organization\"},\"image\":{\"@id\":\"https:\/\/jornalfatosenoticias.com.br\/index.php\/2021\/07\/01\/sopa-de-feijao-para-se-deliciar-nos-dias-frios\/#primaryimage\"},\"thumbnailUrl\":\"https:\/\/jornalfatosenoticias.com.br\/wp-content\/uploads\/2021\/07\/sopa-de-feijao.jpg\",\"keywords\":[\"aquecer\",\"dias frios\",\"inverno\",\"sopa de feij\u00e3o\"],\"articleSection\":[\"Gastronomia\"],\"inLanguage\":\"pt-BR\",\"potentialAction\":[{\"@type\":\"CommentAction\",\"name\":\"Comment\",\"target\":[\"https:\/\/jornalfatosenoticias.com.br\/index.php\/2021\/07\/01\/sopa-de-feijao-para-se-deliciar-nos-dias-frios\/#respond\"]}]},{\"@type\":\"WebPage\",\"@id\":\"https:\/\/jornalfatosenoticias.com.br\/index.php\/2021\/07\/01\/sopa-de-feijao-para-se-deliciar-nos-dias-frios\/\",\"url\":\"https:\/\/jornalfatosenoticias.com.br\/index.php\/2021\/07\/01\/sopa-de-feijao-para-se-deliciar-nos-dias-frios\/\",\"name\":\"Sopa de feij\u00e3o para se deliciar nos dias frios - Jornal Fatos e Not\u00edcias\",\"isPartOf\":{\"@id\":\"https:\/\/jornalfatosenoticias.com.br\/#website\"},\"primaryImageOfPage\":{\"@id\":\"https:\/\/jornalfatosenoticias.com.br\/index.php\/2021\/07\/01\/sopa-de-feijao-para-se-deliciar-nos-dias-frios\/#primaryimage\"},\"image\":{\"@id\":\"https:\/\/jornalfatosenoticias.com.br\/index.php\/2021\/07\/01\/sopa-de-feijao-para-se-deliciar-nos-dias-frios\/#primaryimage\"},\"thumbnailUrl\":\"https:\/\/jornalfatosenoticias.com.br\/wp-content\/uploads\/2021\/07\/sopa-de-feijao.jpg\",\"datePublished\":\"2021-07-01T21:09:34+00:00\",\"dateModified\":\"2021-07-01T21:09:35+00:00\",\"breadcrumb\":{\"@id\":\"https:\/\/jornalfatosenoticias.com.br\/index.php\/2021\/07\/01\/sopa-de-feijao-para-se-deliciar-nos-dias-frios\/#breadcrumb\"},\"inLanguage\":\"pt-BR\",\"potentialAction\":[{\"@type\":\"ReadAction\",\"target\":[\"https:\/\/jornalfatosenoticias.com.br\/index.php\/2021\/07\/01\/sopa-de-feijao-para-se-deliciar-nos-dias-frios\/\"]}]},{\"@type\":\"ImageObject\",\"inLanguage\":\"pt-BR\",\"@id\":\"https:\/\/jornalfatosenoticias.com.br\/index.php\/2021\/07\/01\/sopa-de-feijao-para-se-deliciar-nos-dias-frios\/#primaryimage\",\"url\":\"https:\/\/jornalfatosenoticias.com.br\/wp-content\/uploads\/2021\/07\/sopa-de-feijao.jpg\",\"contentUrl\":\"https:\/\/jornalfatosenoticias.com.br\/wp-content\/uploads\/2021\/07\/sopa-de-feijao.jpg\",\"width\":1000,\"height\":667},{\"@type\":\"BreadcrumbList\",\"@id\":\"https:\/\/jornalfatosenoticias.com.br\/index.php\/2021\/07\/01\/sopa-de-feijao-para-se-deliciar-nos-dias-frios\/#breadcrumb\",\"itemListElement\":[{\"@type\":\"ListItem\",\"position\":1,\"name\":\"In\u00edcio\",\"item\":\"https:\/\/jornalfatosenoticias.com.br\/\"},{\"@type\":\"ListItem\",\"position\":2,\"name\":\"Sopa de feij\u00e3o para se deliciar nos dias frios\"}]},{\"@type\":\"WebSite\",\"@id\":\"https:\/\/jornalfatosenoticias.com.br\/#website\",\"url\":\"https:\/\/jornalfatosenoticias.com.br\/\",\"name\":\"Jornal Fatos e Not\u00edcias\",\"description\":\"Not\u00edcias em geral\",\"publisher\":{\"@id\":\"https:\/\/jornalfatosenoticias.com.br\/#organization\"},\"potentialAction\":[{\"@type\":\"SearchAction\",\"target\":{\"@type\":\"EntryPoint\",\"urlTemplate\":\"https:\/\/jornalfatosenoticias.com.br\/?s={search_term_string}\"},\"query-input\":{\"@type\":\"PropertyValueSpecification\",\"valueRequired\":true,\"valueName\":\"search_term_string\"}}],\"inLanguage\":\"pt-BR\"},{\"@type\":\"Organization\",\"@id\":\"https:\/\/jornalfatosenoticias.com.br\/#organization\",\"name\":\"Jornal Fatos e Not\u00edcias\",\"url\":\"https:\/\/jornalfatosenoticias.com.br\/\",\"logo\":{\"@type\":\"ImageObject\",\"inLanguage\":\"pt-BR\",\"@id\":\"https:\/\/jornalfatosenoticias.com.br\/#\/schema\/logo\/image\/\",\"url\":\"https:\/\/jornalfatosenoticias.com.br\/wp-content\/uploads\/2020\/02\/logo120.png\",\"contentUrl\":\"https:\/\/jornalfatosenoticias.com.br\/wp-content\/uploads\/2020\/02\/logo120.png\",\"width\":1227,\"height\":120,\"caption\":\"Jornal Fatos e Not\u00edcias\"},\"image\":{\"@id\":\"https:\/\/jornalfatosenoticias.com.br\/#\/schema\/logo\/image\/\"}},{\"@type\":\"Person\",\"@id\":\"https:\/\/jornalfatosenoticias.com.br\/#\/schema\/person\/8e0fe72f7a2b1f60eecd0c7d1dc4d8f1\",\"name\":\"Gabriela Messner Aresi Oliveira\",\"image\":{\"@type\":\"ImageObject\",\"inLanguage\":\"pt-BR\",\"@id\":\"https:\/\/jornalfatosenoticias.com.br\/#\/schema\/person\/image\/\",\"url\":\"https:\/\/jornalfatosenoticias.com.br\/wp-content\/uploads\/2020\/03\/Gabriela-messner-150x150.jpg\",\"contentUrl\":\"https:\/\/jornalfatosenoticias.com.br\/wp-content\/uploads\/2020\/03\/Gabriela-messner-150x150.jpg\",\"caption\":\"Gabriela Messner Aresi Oliveira\"},\"url\":\"https:\/\/jornalfatosenoticias.com.br\/index.php\/author\/gabriela\/\"}]}<\/script>\n<!-- \/ Yoast SEO plugin. -->","yoast_head_json":{"title":"Sopa de feij\u00e3o para se deliciar nos dias frios - Jornal Fatos e Not\u00edcias","robots":{"index":"index","follow":"follow","max-snippet":"max-snippet:-1","max-image-preview":"max-image-preview:large","max-video-preview":"max-video-preview:-1"},"canonical":"https:\/\/jornalfatosenoticias.com.br\/index.php\/2021\/07\/01\/sopa-de-feijao-para-se-deliciar-nos-dias-frios\/","og_locale":"pt_BR","og_type":"article","og_title":"Sopa de feij\u00e3o para se deliciar nos dias frios - Jornal Fatos e Not\u00edcias","og_description":"Com a chegada do inverno e dos dias frios, nada como uma sopinha deliciosa para nos aquecer. Pensando nisso, que tal esta receita de sopa de feij\u00e3o para voc\u00ea conhecer e preparar? Al\u00e9m de ser superf\u00e1cil e r\u00e1pida de fazer, a sopa de feij\u00e3o traz um sabor \u00fanico e especial atrav\u00e9s de seus ingredientes, como [&hellip;]","og_url":"https:\/\/jornalfatosenoticias.com.br\/index.php\/2021\/07\/01\/sopa-de-feijao-para-se-deliciar-nos-dias-frios\/","og_site_name":"Jornal Fatos e Not\u00edcias","article_published_time":"2021-07-01T21:09:34+00:00","article_modified_time":"2021-07-01T21:09:35+00:00","og_image":[{"width":1000,"height":667,"url":"https:\/\/jornalfatosenoticias.com.br\/wp-content\/uploads\/2021\/07\/sopa-de-feijao.jpg","type":"image\/jpeg"}],"author":"Gabriela Messner Aresi Oliveira","twitter_card":"summary_large_image","twitter_misc":{"Escrito por":"Gabriela Messner Aresi Oliveira","Est. tempo de leitura":"1 minuto"},"schema":{"@context":"https:\/\/schema.org","@graph":[{"@type":"Article","@id":"https:\/\/jornalfatosenoticias.com.br\/index.php\/2021\/07\/01\/sopa-de-feijao-para-se-deliciar-nos-dias-frios\/#article","isPartOf":{"@id":"https:\/\/jornalfatosenoticias.com.br\/index.php\/2021\/07\/01\/sopa-de-feijao-para-se-deliciar-nos-dias-frios\/"},"author":{"name":"Gabriela Messner Aresi Oliveira","@id":"https:\/\/jornalfatosenoticias.com.br\/#\/schema\/person\/8e0fe72f7a2b1f60eecd0c7d1dc4d8f1"},"headline":"Sopa de feij\u00e3o para se deliciar nos dias frios","datePublished":"2021-07-01T21:09:34+00:00","dateModified":"2021-07-01T21:09:35+00:00","mainEntityOfPage":{"@id":"https:\/\/jornalfatosenoticias.com.br\/index.php\/2021\/07\/01\/sopa-de-feijao-para-se-deliciar-nos-dias-frios\/"},"wordCount":276,"commentCount":0,"publisher":{"@id":"https:\/\/jornalfatosenoticias.com.br\/#organization"},"image":{"@id":"https:\/\/jornalfatosenoticias.com.br\/index.php\/2021\/07\/01\/sopa-de-feijao-para-se-deliciar-nos-dias-frios\/#primaryimage"},"thumbnailUrl":"https:\/\/jornalfatosenoticias.com.br\/wp-content\/uploads\/2021\/07\/sopa-de-feijao.jpg","keywords":["aquecer","dias frios","inverno","sopa de feij\u00e3o"],"articleSection":["Gastronomia"],"inLanguage":"pt-BR","potentialAction":[{"@type":"CommentAction","name":"Comment","target":["https:\/\/jornalfatosenoticias.com.br\/index.php\/2021\/07\/01\/sopa-de-feijao-para-se-deliciar-nos-dias-frios\/#respond"]}]},{"@type":"WebPage","@id":"https:\/\/jornalfatosenoticias.com.br\/index.php\/2021\/07\/01\/sopa-de-feijao-para-se-deliciar-nos-dias-frios\/","url":"https:\/\/jornalfatosenoticias.com.br\/index.php\/2021\/07\/01\/sopa-de-feijao-para-se-deliciar-nos-dias-frios\/","name":"Sopa de feij\u00e3o para se deliciar nos dias frios - Jornal Fatos e Not\u00edcias","isPartOf":{"@id":"https:\/\/jornalfatosenoticias.com.br\/#website"},"primaryImageOfPage":{"@id":"https:\/\/jornalfatosenoticias.com.br\/index.php\/2021\/07\/01\/sopa-de-feijao-para-se-deliciar-nos-dias-frios\/#primaryimage"},"image":{"@id":"https:\/\/jornalfatosenoticias.com.br\/index.php\/2021\/07\/01\/sopa-de-feijao-para-se-deliciar-nos-dias-frios\/#primaryimage"},"thumbnailUrl":"https:\/\/jornalfatosenoticias.com.br\/wp-content\/uploads\/2021\/07\/sopa-de-feijao.jpg","datePublished":"2021-07-01T21:09:34+00:00","dateModified":"2021-07-01T21:09:35+00:00","breadcrumb":{"@id":"https:\/\/jornalfatosenoticias.com.br\/index.php\/2021\/07\/01\/sopa-de-feijao-para-se-deliciar-nos-dias-frios\/#breadcrumb"},"inLanguage":"pt-BR","potentialAction":[{"@type":"ReadAction","target":["https:\/\/jornalfatosenoticias.com.br\/index.php\/2021\/07\/01\/sopa-de-feijao-para-se-deliciar-nos-dias-frios\/"]}]},{"@type":"ImageObject","inLanguage":"pt-BR","@id":"https:\/\/jornalfatosenoticias.com.br\/index.php\/2021\/07\/01\/sopa-de-feijao-para-se-deliciar-nos-dias-frios\/#primaryimage","url":"https:\/\/jornalfatosenoticias.com.br\/wp-content\/uploads\/2021\/07\/sopa-de-feijao.jpg","contentUrl":"https:\/\/jornalfatosenoticias.com.br\/wp-content\/uploads\/2021\/07\/sopa-de-feijao.jpg","width":1000,"height":667},{"@type":"BreadcrumbList","@id":"https:\/\/jornalfatosenoticias.com.br\/index.php\/2021\/07\/01\/sopa-de-feijao-para-se-deliciar-nos-dias-frios\/#breadcrumb","itemListElement":[{"@type":"ListItem","position":1,"name":"In\u00edcio","item":"https:\/\/jornalfatosenoticias.com.br\/"},{"@type":"ListItem","position":2,"name":"Sopa de feij\u00e3o para se deliciar nos dias frios"}]},{"@type":"WebSite","@id":"https:\/\/jornalfatosenoticias.com.br\/#website","url":"https:\/\/jornalfatosenoticias.com.br\/","name":"Jornal Fatos e Not\u00edcias","description":"Not\u00edcias em geral","publisher":{"@id":"https:\/\/jornalfatosenoticias.com.br\/#organization"},"potentialAction":[{"@type":"SearchAction","target":{"@type":"EntryPoint","urlTemplate":"https:\/\/jornalfatosenoticias.com.br\/?s={search_term_string}"},"query-input":{"@type":"PropertyValueSpecification","valueRequired":true,"valueName":"search_term_string"}}],"inLanguage":"pt-BR"},{"@type":"Organization","@id":"https:\/\/jornalfatosenoticias.com.br\/#organization","name":"Jornal Fatos e Not\u00edcias","url":"https:\/\/jornalfatosenoticias.com.br\/","logo":{"@type":"ImageObject","inLanguage":"pt-BR","@id":"https:\/\/jornalfatosenoticias.com.br\/#\/schema\/logo\/image\/","url":"https:\/\/jornalfatosenoticias.com.br\/wp-content\/uploads\/2020\/02\/logo120.png","contentUrl":"https:\/\/jornalfatosenoticias.com.br\/wp-content\/uploads\/2020\/02\/logo120.png","width":1227,"height":120,"caption":"Jornal Fatos e Not\u00edcias"},"image":{"@id":"https:\/\/jornalfatosenoticias.com.br\/#\/schema\/logo\/image\/"}},{"@type":"Person","@id":"https:\/\/jornalfatosenoticias.com.br\/#\/schema\/person\/8e0fe72f7a2b1f60eecd0c7d1dc4d8f1","name":"Gabriela Messner Aresi Oliveira","image":{"@type":"ImageObject","inLanguage":"pt-BR","@id":"https:\/\/jornalfatosenoticias.com.br\/#\/schema\/person\/image\/","url":"https:\/\/jornalfatosenoticias.com.br\/wp-content\/uploads\/2020\/03\/Gabriela-messner-150x150.jpg","contentUrl":"https:\/\/jornalfatosenoticias.com.br\/wp-content\/uploads\/2020\/03\/Gabriela-messner-150x150.jpg","caption":"Gabriela Messner Aresi Oliveira"},"url":"https:\/\/jornalfatosenoticias.com.br\/index.php\/author\/gabriela\/"}]}},"cc_featured_image_caption":{"caption_text":"(Foto: Guia da Cozinha) ","source_text":"","source_url":""},"jetpack_featured_media_url":"https:\/\/jornalfatosenoticias.com.br\/wp-content\/uploads\/2021\/07\/sopa-de-feijao.jpg","_links":{"self":[{"href":"https:\/\/jornalfatosenoticias.com.br\/index.php\/wp-json\/wp\/v2\/posts\/20068","targetHints":{"allow":["GET"]}}],"collection":[{"href":"https:\/\/jornalfatosenoticias.com.br\/index.php\/wp-json\/wp\/v2\/posts"}],"about":[{"href":"https:\/\/jornalfatosenoticias.com.br\/index.php\/wp-json\/wp\/v2\/types\/post"}],"author":[{"embeddable":true,"href":"https:\/\/jornalfatosenoticias.com.br\/index.php\/wp-json\/wp\/v2\/users\/10"}],"replies":[{"embeddable":true,"href":"https:\/\/jornalfatosenoticias.com.br\/index.php\/wp-json\/wp\/v2\/comments?post=20068"}],"version-history":[{"count":0,"href":"https:\/\/jornalfatosenoticias.com.br\/index.php\/wp-json\/wp\/v2\/posts\/20068\/revisions"}],"wp:featuredmedia":[{"embeddable":true,"href":"https:\/\/jornalfatosenoticias.com.br\/index.php\/wp-json\/wp\/v2\/media\/20069"}],"wp:attachment":[{"href":"https:\/\/jornalfatosenoticias.com.br\/index.php\/wp-json\/wp\/v2\/media?parent=20068"}],"wp:term":[{"taxonomy":"category","embeddable":true,"href":"https:\/\/jornalfatosenoticias.com.br\/index.php\/wp-json\/wp\/v2\/categories?post=20068"},{"taxonomy":"post_tag","embeddable":true,"href":"https:\/\/jornalfatosenoticias.com.br\/index.php\/wp-json\/wp\/v2\/tags?post=20068"}],"curies":[{"name":"wp","href":"https:\/\/api.w.org\/{rel}","templated":true}]}}