{"id":20071,"date":"2021-07-01T18:22:44","date_gmt":"2021-07-01T21:22:44","guid":{"rendered":"https:\/\/jornalfatosenoticias.com.br\/?p=20071"},"modified":"2021-07-01T18:22:46","modified_gmt":"2021-07-01T21:22:46","slug":"exuberante-mestre-alvaro","status":"publish","type":"post","link":"https:\/\/jornalfatosenoticias.com.br\/index.php\/2021\/07\/01\/exuberante-mestre-alvaro\/","title":{"rendered":"Exuberante Mestre \u00c1lvaro"},"content":{"rendered":"\n<p><em><span class=\"has-inline-color has-black-color\">O Mestre \u00c1lvaro \u00e9 considerado uma das maiores eleva\u00e7\u00f5es litor\u00e2neas (planalto) da costa brasileira e abriga uma das \u00faltimas \u00e1reas de Mata Atl\u00e2ntica de altitude do Esp\u00edrito Santo<\/span><\/em><\/p>\n\n\n\n<p>No \u00faltimo s\u00e1bado (26), eu e um grupo de novos amigos subimos o colossal Mestre \u00c1lvaro, pela trilha de Jardim Tropical para admirar uma das paisagens mais belas do nosso Estado. Os guias Marcos Santana e Kamikase n\u00e3o fizeram feio. Sempre de prontid\u00e3o, e com muita paci\u00eancia, ajudavam o grupo a superar os obst\u00e1culos, que n\u00e3o foram poucos.<br>A funcion\u00e1ria p\u00fablica Priscila Fernandes, moradora do Centro de Vit\u00f3ria, disse que \u00e9 um desafio encarar as dif\u00edceis quatro horas de subida. \u201cS\u00e3o quatro horas de extremo esfor\u00e7o, mas compensa. Respirar esse ar puro e contemplar essa vista, n\u00e3o tem pre\u00e7o\u201d, encanta-se.<br>Acompanhando a amiga, Rosi Bendineli, propriet\u00e1ria da Loja Cl\u00e1udia Multi, em Jardim da Penha, que foi pega de surpresa pelo convite, achou que a subida seria muito penosa. \u201cPensei que fosse ser dif\u00edcil, frequento academia, mas fa\u00e7o poucas atividades para as pernas e, por isso, achei que fosse ser bem complicado, mas at\u00e9 que foi tranquilo. A vista \u00e9 linda, a gente elimina o estresse da correria da semana, vale a pena\u201d, garante.<br>Outra que tamb\u00e9m que se encantou com a exuber\u00e2ncia do local foi Sabrina Barbosa Lima, engenheira civil, que disse ter visitado o morro quando tinha apenas seis anos de idade e ter ficado maravilhada com tamanha beleza. \u201cEsse contato com a natureza em grupo, motiva mais ainda e \u00e9 tudo de bom!\u201d, afirmou.<br>Para as amigas Ludmilla de Souza e Miriele Moura, moradoras de Serra, \u00e9 uma aventura que fica marcada para a vida toda, \u201c\u00e9 tudo muito lindo\u201d, simplificou Miriele.<\/p>\n\n\n\n<figure class=\"wp-block-image size-large is-style-default\"><img loading=\"lazy\" decoding=\"async\" width=\"1000\" height=\"678\" src=\"https:\/\/jornalfatosenoticias.com.br\/wp-content\/uploads\/2021\/07\/Mestre-Alvaro.jpg\" alt=\"\" class=\"wp-image-20072\" srcset=\"https:\/\/jornalfatosenoticias.com.br\/wp-content\/uploads\/2021\/07\/Mestre-Alvaro.jpg 1000w, https:\/\/jornalfatosenoticias.com.br\/wp-content\/uploads\/2021\/07\/Mestre-Alvaro-300x203.jpg 300w, https:\/\/jornalfatosenoticias.com.br\/wp-content\/uploads\/2021\/07\/Mestre-Alvaro-768x521.jpg 768w\" sizes=\"auto, (max-width: 1000px) 100vw, 1000px\" \/><figcaption><em><span class=\"has-inline-color has-black-color\">Subida do Mestre \u00c1lvaro (Foto: Haroldo Cordeiro Filho)<\/span><\/em><\/figcaption><\/figure>\n\n\n\n<p>As irm\u00e3s Gabriela Moreira Bonasorte e Andreia Moreira, disseram ter se emocionado com tanta beleza natural perto dos grandes centros urbanos. \u201c\u00c9 muito bonito, e chegar ao topo \u00e9 uma conquista\u201d, disse Gabriela.<br>Dona Dalva Galine Aires, uma senhora de 70 anos, disse ter gostado muito da trilha e que \u00e9 preciso ter muita for\u00e7a e f\u00e9 para chegar ao topo. \u201cA vista \u00e9 muito bonita, s\u00f3 que para subir, precisa ter muita f\u00e9, caso contr\u00e1rio, n\u00e3o consegue\u201d. Acompanhando a m\u00e3e na aventura, Rosemeri disse sentir a presen\u00e7a de Deus\u2026 \u201cA paisagem \u00e9 sublime!\u201d, extasiou-se.<br>A paulista Rita Caroline de Castro, fisioterapeuta \u2014 h\u00e1 seis meses em terras capixabas \u2014 falou que est\u00e1 conhecendo mais uma das belezas do Esp\u00edrito Santo. \u201cHoje no topo do Mestre \u00c1lvaro e, mais uma vez, sendo surpreendida pela beleza da natureza. \u00c9 desafiador chegar aqui, valeu cada metro caminhado, cada passo que a gente deu e, ao chegar, temos a sensa\u00e7\u00e3o de imensid\u00e3o\u201d, enalteceu.<br>Como nem tudo s\u00e3o flores, durante o trajeto d\u00e1 para perceber que o poder p\u00fablico deixa a desejar ao n\u00e3o investir o m\u00ednimo que seja para proporcionar um conforto a quem curte um passeio na natureza. Para o guia Patrick Bicho Grilo, que h\u00e1 vinte anos trabalha como guia de montanhas, o poder p\u00fablico deveria ter um olhar especial para o local, que sofre impactos com uma a\u00e7\u00e3o desordenada que prejudica a natureza local. \u201cAs trilhas est\u00e3o tendo uma demanda cada vez mais crescente, mas, infelizmente, com visitas desordenadas. Muitos v\u00e3o abrindo novas trilhas, causando eros\u00e3o em determinados pontos. Sabemos que qualquer visita causa impacto, sendo guiada ou n\u00e3o. As visitas desordenadas geram uma quantidade muito grande de lixo, estressam os animais silvestres e poluem de alguma forma a \u00e1rea\u2026 As visitas deviam ser limitadas. Trouxe um grupo de quatro pessoas e, se tivermos sorte, veremos o p\u00f4r do sol e a lua que est\u00e1 cheia e o nascer do sol ao amanhecer\u201d, frisou.<\/p>\n\n\n\n<figure class=\"wp-block-image size-large is-style-default\"><img loading=\"lazy\" decoding=\"async\" width=\"1000\" height=\"750\" src=\"https:\/\/jornalfatosenoticias.com.br\/wp-content\/uploads\/2021\/07\/Mestre-Alvaro2.jpg\" alt=\"\" class=\"wp-image-20073\" srcset=\"https:\/\/jornalfatosenoticias.com.br\/wp-content\/uploads\/2021\/07\/Mestre-Alvaro2.jpg 1000w, https:\/\/jornalfatosenoticias.com.br\/wp-content\/uploads\/2021\/07\/Mestre-Alvaro2-300x225.jpg 300w, https:\/\/jornalfatosenoticias.com.br\/wp-content\/uploads\/2021\/07\/Mestre-Alvaro2-768x576.jpg 768w\" sizes=\"auto, (max-width: 1000px) 100vw, 1000px\" \/><figcaption><em><span class=\"has-inline-color has-black-color\">Trilheiros e aventureiros (Foto: Haroldo Cordeiro Filho)<\/span><\/em><\/figcaption><\/figure>\n\n\n\n<p>Segundo Danielle F\u00e1tima de Aquino, chefe da Divis\u00e3o de Administra\u00e7\u00e3o de Unidades de Conserva\u00e7\u00e3o da Secretaria de Meio Ambiente do munic\u00edpio da Serra, o Mestre \u00c1lvaro \u00e9 uma \u00c1rea de Prote\u00e7\u00e3o Ambiental (APA), ou seja, \u00e9 um tipo de Unidade de Conserva\u00e7\u00e3o de uso sustent\u00e1vel e que n\u00e3o foi definida ainda a capacidade de suporte, o que geralmente ocorre com unidades de prote\u00e7\u00e3o integral. A capacidade de suporte \u00e9 que define a quantidade de visitantes do lugar. Danielle disse ainda que o Mestre \u00c1lvaro \u00e9 dividido em v\u00e1rias propriedades particulares, n\u00e3o sendo do munic\u00edpio, ent\u00e3o, \u00e9 dif\u00edcil controlar a visita\u00e7\u00e3o. \u201cTemos tentado implantar uma guarda ambiental para orientar os visitantes e vamos promover a sinaliza\u00e7\u00e3o das trilhas, com orienta\u00e7\u00f5es sobre a visita \u00e0 APA\u201d, esclareceu.<\/p>\n\n\n\n<div class=\"wp-block-jetpack-slideshow aligncenter\" data-effect=\"slide\"><div class=\"wp-block-jetpack-slideshow_container swiper-container\"><ul class=\"wp-block-jetpack-slideshow_swiper-wrapper swiper-wrapper\"><li class=\"wp-block-jetpack-slideshow_slide swiper-slide\"><figure><img loading=\"lazy\" decoding=\"async\" width=\"1000\" height=\"750\" alt=\"\" class=\"wp-block-jetpack-slideshow_image wp-image-20074\" data-id=\"20074\" src=\"https:\/\/jornalfatosenoticias.com.br\/wp-content\/uploads\/2021\/07\/Mestre-Alvaro3.jpg\" srcset=\"https:\/\/jornalfatosenoticias.com.br\/wp-content\/uploads\/2021\/07\/Mestre-Alvaro3.jpg 1000w, https:\/\/jornalfatosenoticias.com.br\/wp-content\/uploads\/2021\/07\/Mestre-Alvaro3-300x225.jpg 300w, https:\/\/jornalfatosenoticias.com.br\/wp-content\/uploads\/2021\/07\/Mestre-Alvaro3-768x576.jpg 768w\" sizes=\"auto, (max-width: 1000px) 100vw, 1000px\" \/><figcaption class=\"wp-block-jetpack-slideshow_caption gallery-caption\">Piscina natural (Foto: Haroldo Cordeiro Filho)<\/figcaption><\/figure><\/li><li class=\"wp-block-jetpack-slideshow_slide swiper-slide\"><figure><img loading=\"lazy\" decoding=\"async\" width=\"1000\" height=\"750\" alt=\"\" class=\"wp-block-jetpack-slideshow_image wp-image-20075\" data-id=\"20075\" src=\"https:\/\/jornalfatosenoticias.com.br\/wp-content\/uploads\/2021\/07\/Mestre-Alvaro4.jpg\" srcset=\"https:\/\/jornalfatosenoticias.com.br\/wp-content\/uploads\/2021\/07\/Mestre-Alvaro4.jpg 1000w, https:\/\/jornalfatosenoticias.com.br\/wp-content\/uploads\/2021\/07\/Mestre-Alvaro4-300x225.jpg 300w, https:\/\/jornalfatosenoticias.com.br\/wp-content\/uploads\/2021\/07\/Mestre-Alvaro4-768x576.jpg 768w\" sizes=\"auto, (max-width: 1000px) 100vw, 1000px\" \/><figcaption class=\"wp-block-jetpack-slideshow_caption gallery-caption\">Le\u00e3o, o pastor alem\u00e3o montanhista (Foto: Haroldo Cordeiro Filho)<\/figcaption><\/figure><\/li><li class=\"wp-block-jetpack-slideshow_slide swiper-slide\"><figure><img loading=\"lazy\" decoding=\"async\" width=\"1000\" height=\"750\" alt=\"\" class=\"wp-block-jetpack-slideshow_image wp-image-20076\" data-id=\"20076\" src=\"https:\/\/jornalfatosenoticias.com.br\/wp-content\/uploads\/2021\/07\/Mestre-Alvaro5.jpg\" srcset=\"https:\/\/jornalfatosenoticias.com.br\/wp-content\/uploads\/2021\/07\/Mestre-Alvaro5.jpg 1000w, https:\/\/jornalfatosenoticias.com.br\/wp-content\/uploads\/2021\/07\/Mestre-Alvaro5-300x225.jpg 300w, https:\/\/jornalfatosenoticias.com.br\/wp-content\/uploads\/2021\/07\/Mestre-Alvaro5-768x576.jpg 768w\" sizes=\"auto, (max-width: 1000px) 100vw, 1000px\" \/><figcaption class=\"wp-block-jetpack-slideshow_caption gallery-caption\">Flora (Foto: Haroldo Cordeiro Filho)<\/figcaption><\/figure><\/li><\/ul><a class=\"wp-block-jetpack-slideshow_button-prev swiper-button-prev swiper-button-white\" role=\"button\"><\/a><a class=\"wp-block-jetpack-slideshow_button-next swiper-button-next swiper-button-white\" role=\"button\"><\/a><a aria-label=\"Pause Slideshow\" class=\"wp-block-jetpack-slideshow_button-pause\" role=\"button\"><\/a><div class=\"wp-block-jetpack-slideshow_pagination swiper-pagination swiper-pagination-white\"><\/div><\/div><\/div>\n\n\n\n<p><strong><span class=\"has-inline-color has-vivid-green-cyan-color\">Mestre \u00c1lvaro<br><\/span><\/strong>O Mestre \u00c1lvaro \u00e9 considerado uma das maiores eleva\u00e7\u00f5es litor\u00e2neas (planalto) da costa brasileira e abriga uma das \u00faltimas \u00e1reas de Mata Atl\u00e2ntica de altitude do Esp\u00edrito Santo. \u00c9 um maci\u00e7o costeiro que possui formato semicircular em planta, estruturado em um corpo de rocha plut\u00f4nica gran\u00edtica com cerca de 833 metros de altitude.<\/p>\n","protected":false},"excerpt":{"rendered":"<p>O Mestre \u00c1lvaro \u00e9 considerado uma das maiores eleva\u00e7\u00f5es litor\u00e2neas (planalto) da costa brasileira e abriga uma das \u00faltimas \u00e1reas de Mata Atl\u00e2ntica de altitude do Esp\u00edrito Santo No \u00faltimo s\u00e1bado (26), eu e um grupo de novos amigos subimos o colossal Mestre \u00c1lvaro, pela trilha de Jardim Tropical para admirar uma das paisagens mais [&hellip;]<\/p>\n","protected":false},"author":3,"featured_media":20077,"comment_status":"open","ping_status":"open","sticky":false,"template":"","format":"standard","meta":{"footnotes":""},"categories":[8,746],"tags":[432,2202,9849,9286,9287,7625],"class_list":["post-20071","post","type-post","status-publish","format-standard","has-post-thumbnail","hentry","category-meio-ambiente","category-turismo","tag-aventura","tag-belezas-naturais","tag-mestre-alvaro","tag-morro-mochuara","tag-trilha","tag-turismo-ecologico"],"yoast_head":"<!-- This site is optimized with the Yoast SEO plugin v26.5 - https:\/\/yoast.com\/wordpress\/plugins\/seo\/ -->\n<title>Exuberante Mestre \u00c1lvaro - Jornal Fatos e Not\u00edcias<\/title>\n<meta name=\"robots\" content=\"index, follow, max-snippet:-1, max-image-preview:large, max-video-preview:-1\" \/>\n<link rel=\"canonical\" href=\"https:\/\/jornalfatosenoticias.com.br\/index.php\/2021\/07\/01\/exuberante-mestre-alvaro\/\" \/>\n<meta property=\"og:locale\" content=\"pt_BR\" \/>\n<meta property=\"og:type\" content=\"article\" \/>\n<meta property=\"og:title\" content=\"Exuberante Mestre \u00c1lvaro - Jornal Fatos e Not\u00edcias\" \/>\n<meta property=\"og:description\" content=\"O Mestre \u00c1lvaro \u00e9 considerado uma das maiores eleva\u00e7\u00f5es litor\u00e2neas (planalto) da costa brasileira e abriga uma das \u00faltimas \u00e1reas de Mata Atl\u00e2ntica de altitude do Esp\u00edrito Santo No \u00faltimo s\u00e1bado (26), eu e um grupo de novos amigos subimos o colossal Mestre \u00c1lvaro, pela trilha de Jardim Tropical para admirar uma das paisagens mais [&hellip;]\" \/>\n<meta property=\"og:url\" content=\"https:\/\/jornalfatosenoticias.com.br\/index.php\/2021\/07\/01\/exuberante-mestre-alvaro\/\" \/>\n<meta property=\"og:site_name\" content=\"Jornal Fatos e Not\u00edcias\" \/>\n<meta property=\"article:published_time\" content=\"2021-07-01T21:22:44+00:00\" \/>\n<meta property=\"article:modified_time\" content=\"2021-07-01T21:22:46+00:00\" \/>\n<meta property=\"og:image\" content=\"https:\/\/jornalfatosenoticias.com.br\/wp-content\/uploads\/2021\/07\/Mestre-Alvaro6.jpg\" \/>\n\t<meta property=\"og:image:width\" content=\"1000\" \/>\n\t<meta property=\"og:image:height\" content=\"750\" \/>\n\t<meta property=\"og:image:type\" content=\"image\/jpeg\" \/>\n<meta name=\"author\" content=\"Haroldo Filho\" \/>\n<meta name=\"twitter:card\" content=\"summary_large_image\" \/>\n<meta name=\"twitter:label1\" content=\"Escrito por\" \/>\n\t<meta name=\"twitter:data1\" content=\"Haroldo Filho\" \/>\n\t<meta name=\"twitter:label2\" content=\"Est. tempo de leitura\" \/>\n\t<meta name=\"twitter:data2\" content=\"4 minutos\" \/>\n<script type=\"application\/ld+json\" class=\"yoast-schema-graph\">{\"@context\":\"https:\/\/schema.org\",\"@graph\":[{\"@type\":\"Article\",\"@id\":\"https:\/\/jornalfatosenoticias.com.br\/index.php\/2021\/07\/01\/exuberante-mestre-alvaro\/#article\",\"isPartOf\":{\"@id\":\"https:\/\/jornalfatosenoticias.com.br\/index.php\/2021\/07\/01\/exuberante-mestre-alvaro\/\"},\"author\":{\"name\":\"Haroldo Filho\",\"@id\":\"https:\/\/jornalfatosenoticias.com.br\/#\/schema\/person\/05c46cc25b42a5c27e004fb0fa6b4965\"},\"headline\":\"Exuberante Mestre \u00c1lvaro\",\"datePublished\":\"2021-07-01T21:22:44+00:00\",\"dateModified\":\"2021-07-01T21:22:46+00:00\",\"mainEntityOfPage\":{\"@id\":\"https:\/\/jornalfatosenoticias.com.br\/index.php\/2021\/07\/01\/exuberante-mestre-alvaro\/\"},\"wordCount\":870,\"commentCount\":0,\"publisher\":{\"@id\":\"https:\/\/jornalfatosenoticias.com.br\/#organization\"},\"image\":{\"@id\":\"https:\/\/jornalfatosenoticias.com.br\/index.php\/2021\/07\/01\/exuberante-mestre-alvaro\/#primaryimage\"},\"thumbnailUrl\":\"https:\/\/jornalfatosenoticias.com.br\/wp-content\/uploads\/2021\/07\/Mestre-Alvaro6.jpg\",\"keywords\":[\"aventura\",\"belezas naturais\",\"Mestre \u00c1lvaro\",\"Morro Mochuara\",\"trilha\",\"turismo ecol\u00f3gico\"],\"articleSection\":[\"Meio ambiente\",\"Turismo\"],\"inLanguage\":\"pt-BR\",\"potentialAction\":[{\"@type\":\"CommentAction\",\"name\":\"Comment\",\"target\":[\"https:\/\/jornalfatosenoticias.com.br\/index.php\/2021\/07\/01\/exuberante-mestre-alvaro\/#respond\"]}]},{\"@type\":\"WebPage\",\"@id\":\"https:\/\/jornalfatosenoticias.com.br\/index.php\/2021\/07\/01\/exuberante-mestre-alvaro\/\",\"url\":\"https:\/\/jornalfatosenoticias.com.br\/index.php\/2021\/07\/01\/exuberante-mestre-alvaro\/\",\"name\":\"Exuberante Mestre \u00c1lvaro - Jornal Fatos e Not\u00edcias\",\"isPartOf\":{\"@id\":\"https:\/\/jornalfatosenoticias.com.br\/#website\"},\"primaryImageOfPage\":{\"@id\":\"https:\/\/jornalfatosenoticias.com.br\/index.php\/2021\/07\/01\/exuberante-mestre-alvaro\/#primaryimage\"},\"image\":{\"@id\":\"https:\/\/jornalfatosenoticias.com.br\/index.php\/2021\/07\/01\/exuberante-mestre-alvaro\/#primaryimage\"},\"thumbnailUrl\":\"https:\/\/jornalfatosenoticias.com.br\/wp-content\/uploads\/2021\/07\/Mestre-Alvaro6.jpg\",\"datePublished\":\"2021-07-01T21:22:44+00:00\",\"dateModified\":\"2021-07-01T21:22:46+00:00\",\"breadcrumb\":{\"@id\":\"https:\/\/jornalfatosenoticias.com.br\/index.php\/2021\/07\/01\/exuberante-mestre-alvaro\/#breadcrumb\"},\"inLanguage\":\"pt-BR\",\"potentialAction\":[{\"@type\":\"ReadAction\",\"target\":[\"https:\/\/jornalfatosenoticias.com.br\/index.php\/2021\/07\/01\/exuberante-mestre-alvaro\/\"]}]},{\"@type\":\"ImageObject\",\"inLanguage\":\"pt-BR\",\"@id\":\"https:\/\/jornalfatosenoticias.com.br\/index.php\/2021\/07\/01\/exuberante-mestre-alvaro\/#primaryimage\",\"url\":\"https:\/\/jornalfatosenoticias.com.br\/wp-content\/uploads\/2021\/07\/Mestre-Alvaro6.jpg\",\"contentUrl\":\"https:\/\/jornalfatosenoticias.com.br\/wp-content\/uploads\/2021\/07\/Mestre-Alvaro6.jpg\",\"width\":1000,\"height\":750},{\"@type\":\"BreadcrumbList\",\"@id\":\"https:\/\/jornalfatosenoticias.com.br\/index.php\/2021\/07\/01\/exuberante-mestre-alvaro\/#breadcrumb\",\"itemListElement\":[{\"@type\":\"ListItem\",\"position\":1,\"name\":\"In\u00edcio\",\"item\":\"https:\/\/jornalfatosenoticias.com.br\/\"},{\"@type\":\"ListItem\",\"position\":2,\"name\":\"Exuberante Mestre \u00c1lvaro\"}]},{\"@type\":\"WebSite\",\"@id\":\"https:\/\/jornalfatosenoticias.com.br\/#website\",\"url\":\"https:\/\/jornalfatosenoticias.com.br\/\",\"name\":\"Jornal Fatos e Not\u00edcias\",\"description\":\"Not\u00edcias em geral\",\"publisher\":{\"@id\":\"https:\/\/jornalfatosenoticias.com.br\/#organization\"},\"potentialAction\":[{\"@type\":\"SearchAction\",\"target\":{\"@type\":\"EntryPoint\",\"urlTemplate\":\"https:\/\/jornalfatosenoticias.com.br\/?s={search_term_string}\"},\"query-input\":{\"@type\":\"PropertyValueSpecification\",\"valueRequired\":true,\"valueName\":\"search_term_string\"}}],\"inLanguage\":\"pt-BR\"},{\"@type\":\"Organization\",\"@id\":\"https:\/\/jornalfatosenoticias.com.br\/#organization\",\"name\":\"Jornal Fatos e Not\u00edcias\",\"url\":\"https:\/\/jornalfatosenoticias.com.br\/\",\"logo\":{\"@type\":\"ImageObject\",\"inLanguage\":\"pt-BR\",\"@id\":\"https:\/\/jornalfatosenoticias.com.br\/#\/schema\/logo\/image\/\",\"url\":\"https:\/\/jornalfatosenoticias.com.br\/wp-content\/uploads\/2020\/02\/logo120.png\",\"contentUrl\":\"https:\/\/jornalfatosenoticias.com.br\/wp-content\/uploads\/2020\/02\/logo120.png\",\"width\":1227,\"height\":120,\"caption\":\"Jornal Fatos e Not\u00edcias\"},\"image\":{\"@id\":\"https:\/\/jornalfatosenoticias.com.br\/#\/schema\/logo\/image\/\"}},{\"@type\":\"Person\",\"@id\":\"https:\/\/jornalfatosenoticias.com.br\/#\/schema\/person\/05c46cc25b42a5c27e004fb0fa6b4965\",\"name\":\"Haroldo Filho\",\"image\":{\"@type\":\"ImageObject\",\"inLanguage\":\"pt-BR\",\"@id\":\"https:\/\/jornalfatosenoticias.com.br\/#\/schema\/person\/image\/\",\"url\":\"https:\/\/jornalfatosenoticias.com.br\/wp-content\/uploads\/2025\/08\/WhatsApp-Image-2025-08-18-at-15.30.28-150x150.jpeg\",\"contentUrl\":\"https:\/\/jornalfatosenoticias.com.br\/wp-content\/uploads\/2025\/08\/WhatsApp-Image-2025-08-18-at-15.30.28-150x150.jpeg\",\"caption\":\"Haroldo Filho\"},\"description\":\"Jornalista \u2013 DRT: 0003818\/ES Coordenador-geral da ONG Educar para Crescer\",\"url\":\"https:\/\/jornalfatosenoticias.com.br\/index.php\/author\/haroldo\/\"}]}<\/script>\n<!-- \/ Yoast SEO plugin. -->","yoast_head_json":{"title":"Exuberante Mestre \u00c1lvaro - Jornal Fatos e Not\u00edcias","robots":{"index":"index","follow":"follow","max-snippet":"max-snippet:-1","max-image-preview":"max-image-preview:large","max-video-preview":"max-video-preview:-1"},"canonical":"https:\/\/jornalfatosenoticias.com.br\/index.php\/2021\/07\/01\/exuberante-mestre-alvaro\/","og_locale":"pt_BR","og_type":"article","og_title":"Exuberante Mestre \u00c1lvaro - Jornal Fatos e Not\u00edcias","og_description":"O Mestre \u00c1lvaro \u00e9 considerado uma das maiores eleva\u00e7\u00f5es litor\u00e2neas (planalto) da costa brasileira e abriga uma das \u00faltimas \u00e1reas de Mata Atl\u00e2ntica de altitude do Esp\u00edrito Santo No \u00faltimo s\u00e1bado (26), eu e um grupo de novos amigos subimos o colossal Mestre \u00c1lvaro, pela trilha de Jardim Tropical para admirar uma das paisagens mais [&hellip;]","og_url":"https:\/\/jornalfatosenoticias.com.br\/index.php\/2021\/07\/01\/exuberante-mestre-alvaro\/","og_site_name":"Jornal Fatos e Not\u00edcias","article_published_time":"2021-07-01T21:22:44+00:00","article_modified_time":"2021-07-01T21:22:46+00:00","og_image":[{"width":1000,"height":750,"url":"https:\/\/jornalfatosenoticias.com.br\/wp-content\/uploads\/2021\/07\/Mestre-Alvaro6.jpg","type":"image\/jpeg"}],"author":"Haroldo Filho","twitter_card":"summary_large_image","twitter_misc":{"Escrito por":"Haroldo Filho","Est. tempo de leitura":"4 minutos"},"schema":{"@context":"https:\/\/schema.org","@graph":[{"@type":"Article","@id":"https:\/\/jornalfatosenoticias.com.br\/index.php\/2021\/07\/01\/exuberante-mestre-alvaro\/#article","isPartOf":{"@id":"https:\/\/jornalfatosenoticias.com.br\/index.php\/2021\/07\/01\/exuberante-mestre-alvaro\/"},"author":{"name":"Haroldo Filho","@id":"https:\/\/jornalfatosenoticias.com.br\/#\/schema\/person\/05c46cc25b42a5c27e004fb0fa6b4965"},"headline":"Exuberante Mestre \u00c1lvaro","datePublished":"2021-07-01T21:22:44+00:00","dateModified":"2021-07-01T21:22:46+00:00","mainEntityOfPage":{"@id":"https:\/\/jornalfatosenoticias.com.br\/index.php\/2021\/07\/01\/exuberante-mestre-alvaro\/"},"wordCount":870,"commentCount":0,"publisher":{"@id":"https:\/\/jornalfatosenoticias.com.br\/#organization"},"image":{"@id":"https:\/\/jornalfatosenoticias.com.br\/index.php\/2021\/07\/01\/exuberante-mestre-alvaro\/#primaryimage"},"thumbnailUrl":"https:\/\/jornalfatosenoticias.com.br\/wp-content\/uploads\/2021\/07\/Mestre-Alvaro6.jpg","keywords":["aventura","belezas naturais","Mestre \u00c1lvaro","Morro Mochuara","trilha","turismo ecol\u00f3gico"],"articleSection":["Meio ambiente","Turismo"],"inLanguage":"pt-BR","potentialAction":[{"@type":"CommentAction","name":"Comment","target":["https:\/\/jornalfatosenoticias.com.br\/index.php\/2021\/07\/01\/exuberante-mestre-alvaro\/#respond"]}]},{"@type":"WebPage","@id":"https:\/\/jornalfatosenoticias.com.br\/index.php\/2021\/07\/01\/exuberante-mestre-alvaro\/","url":"https:\/\/jornalfatosenoticias.com.br\/index.php\/2021\/07\/01\/exuberante-mestre-alvaro\/","name":"Exuberante Mestre \u00c1lvaro - Jornal Fatos e Not\u00edcias","isPartOf":{"@id":"https:\/\/jornalfatosenoticias.com.br\/#website"},"primaryImageOfPage":{"@id":"https:\/\/jornalfatosenoticias.com.br\/index.php\/2021\/07\/01\/exuberante-mestre-alvaro\/#primaryimage"},"image":{"@id":"https:\/\/jornalfatosenoticias.com.br\/index.php\/2021\/07\/01\/exuberante-mestre-alvaro\/#primaryimage"},"thumbnailUrl":"https:\/\/jornalfatosenoticias.com.br\/wp-content\/uploads\/2021\/07\/Mestre-Alvaro6.jpg","datePublished":"2021-07-01T21:22:44+00:00","dateModified":"2021-07-01T21:22:46+00:00","breadcrumb":{"@id":"https:\/\/jornalfatosenoticias.com.br\/index.php\/2021\/07\/01\/exuberante-mestre-alvaro\/#breadcrumb"},"inLanguage":"pt-BR","potentialAction":[{"@type":"ReadAction","target":["https:\/\/jornalfatosenoticias.com.br\/index.php\/2021\/07\/01\/exuberante-mestre-alvaro\/"]}]},{"@type":"ImageObject","inLanguage":"pt-BR","@id":"https:\/\/jornalfatosenoticias.com.br\/index.php\/2021\/07\/01\/exuberante-mestre-alvaro\/#primaryimage","url":"https:\/\/jornalfatosenoticias.com.br\/wp-content\/uploads\/2021\/07\/Mestre-Alvaro6.jpg","contentUrl":"https:\/\/jornalfatosenoticias.com.br\/wp-content\/uploads\/2021\/07\/Mestre-Alvaro6.jpg","width":1000,"height":750},{"@type":"BreadcrumbList","@id":"https:\/\/jornalfatosenoticias.com.br\/index.php\/2021\/07\/01\/exuberante-mestre-alvaro\/#breadcrumb","itemListElement":[{"@type":"ListItem","position":1,"name":"In\u00edcio","item":"https:\/\/jornalfatosenoticias.com.br\/"},{"@type":"ListItem","position":2,"name":"Exuberante Mestre \u00c1lvaro"}]},{"@type":"WebSite","@id":"https:\/\/jornalfatosenoticias.com.br\/#website","url":"https:\/\/jornalfatosenoticias.com.br\/","name":"Jornal Fatos e Not\u00edcias","description":"Not\u00edcias em geral","publisher":{"@id":"https:\/\/jornalfatosenoticias.com.br\/#organization"},"potentialAction":[{"@type":"SearchAction","target":{"@type":"EntryPoint","urlTemplate":"https:\/\/jornalfatosenoticias.com.br\/?s={search_term_string}"},"query-input":{"@type":"PropertyValueSpecification","valueRequired":true,"valueName":"search_term_string"}}],"inLanguage":"pt-BR"},{"@type":"Organization","@id":"https:\/\/jornalfatosenoticias.com.br\/#organization","name":"Jornal Fatos e Not\u00edcias","url":"https:\/\/jornalfatosenoticias.com.br\/","logo":{"@type":"ImageObject","inLanguage":"pt-BR","@id":"https:\/\/jornalfatosenoticias.com.br\/#\/schema\/logo\/image\/","url":"https:\/\/jornalfatosenoticias.com.br\/wp-content\/uploads\/2020\/02\/logo120.png","contentUrl":"https:\/\/jornalfatosenoticias.com.br\/wp-content\/uploads\/2020\/02\/logo120.png","width":1227,"height":120,"caption":"Jornal Fatos e Not\u00edcias"},"image":{"@id":"https:\/\/jornalfatosenoticias.com.br\/#\/schema\/logo\/image\/"}},{"@type":"Person","@id":"https:\/\/jornalfatosenoticias.com.br\/#\/schema\/person\/05c46cc25b42a5c27e004fb0fa6b4965","name":"Haroldo Filho","image":{"@type":"ImageObject","inLanguage":"pt-BR","@id":"https:\/\/jornalfatosenoticias.com.br\/#\/schema\/person\/image\/","url":"https:\/\/jornalfatosenoticias.com.br\/wp-content\/uploads\/2025\/08\/WhatsApp-Image-2025-08-18-at-15.30.28-150x150.jpeg","contentUrl":"https:\/\/jornalfatosenoticias.com.br\/wp-content\/uploads\/2025\/08\/WhatsApp-Image-2025-08-18-at-15.30.28-150x150.jpeg","caption":"Haroldo Filho"},"description":"Jornalista \u2013 DRT: 0003818\/ES Coordenador-geral da ONG Educar para Crescer","url":"https:\/\/jornalfatosenoticias.com.br\/index.php\/author\/haroldo\/"}]}},"cc_featured_image_caption":{"caption_text":"(Foto: Haroldo Cordeiro Filho)","source_text":"","source_url":""},"jetpack_featured_media_url":"https:\/\/jornalfatosenoticias.com.br\/wp-content\/uploads\/2021\/07\/Mestre-Alvaro6.jpg","_links":{"self":[{"href":"https:\/\/jornalfatosenoticias.com.br\/index.php\/wp-json\/wp\/v2\/posts\/20071","targetHints":{"allow":["GET"]}}],"collection":[{"href":"https:\/\/jornalfatosenoticias.com.br\/index.php\/wp-json\/wp\/v2\/posts"}],"about":[{"href":"https:\/\/jornalfatosenoticias.com.br\/index.php\/wp-json\/wp\/v2\/types\/post"}],"author":[{"embeddable":true,"href":"https:\/\/jornalfatosenoticias.com.br\/index.php\/wp-json\/wp\/v2\/users\/3"}],"replies":[{"embeddable":true,"href":"https:\/\/jornalfatosenoticias.com.br\/index.php\/wp-json\/wp\/v2\/comments?post=20071"}],"version-history":[{"count":0,"href":"https:\/\/jornalfatosenoticias.com.br\/index.php\/wp-json\/wp\/v2\/posts\/20071\/revisions"}],"wp:featuredmedia":[{"embeddable":true,"href":"https:\/\/jornalfatosenoticias.com.br\/index.php\/wp-json\/wp\/v2\/media\/20077"}],"wp:attachment":[{"href":"https:\/\/jornalfatosenoticias.com.br\/index.php\/wp-json\/wp\/v2\/media?parent=20071"}],"wp:term":[{"taxonomy":"category","embeddable":true,"href":"https:\/\/jornalfatosenoticias.com.br\/index.php\/wp-json\/wp\/v2\/categories?post=20071"},{"taxonomy":"post_tag","embeddable":true,"href":"https:\/\/jornalfatosenoticias.com.br\/index.php\/wp-json\/wp\/v2\/tags?post=20071"}],"curies":[{"name":"wp","href":"https:\/\/api.w.org\/{rel}","templated":true}]}}