{"id":2008,"date":"2020-03-13T09:48:18","date_gmt":"2020-03-13T12:48:18","guid":{"rendered":"https:\/\/jornalfatosenoticias.com.br\/?p=2008"},"modified":"2020-03-13T09:48:24","modified_gmt":"2020-03-13T12:48:24","slug":"brasil-registra-60-casos-do-novo-coronavirus","status":"publish","type":"post","link":"https:\/\/jornalfatosenoticias.com.br\/index.php\/2020\/03\/13\/brasil-registra-60-casos-do-novo-coronavirus\/","title":{"rendered":"Brasil registra 60 casos do novo coronav\u00edrus"},"content":{"rendered":"\n<h6 class=\"wp-block-heading\"><em>O n\u00famero subiu de 52 para 60. Os novos registros s\u00e3o do Paran\u00e1 (seis casos) e do Rio Grande do Sul (mais dois pacientes)<\/em><\/h6>\n\n\n\n<p>O Minist\u00e9rio da Sa\u00fade divulgou na manh\u00e3 de ontem (12), durante entrevista \u00e0 imprensa, que h\u00e1 oito novos casos confirmados do coronav\u00edrus no Brasil. O n\u00famero subiu de 52 para 60. Os novos registros s\u00e3o do Paran\u00e1 (seis casos) e do Rio Grande do Sul (mais dois pacientes).<br>\nAtualmente s\u00e3o monitorados 930 casos suspeitos e 947 foram descartados. Do total de casos confirmados, nove (15%) s\u00e3o por transmiss\u00e3o local, quando \u00e9 poss\u00edvel relacionar o doente a um caso confirmado; e 51 (85%) dos casos s\u00e3o importados, ou seja, de pessoas que viajaram ao exterior.<br>\nOs casos confirmados no Brasil est\u00e3o divididos em nove estados: S\u00e3o Paulo (30), Rio de Janeiro (13), Bahia (dois), Minas Gerais (um), Distrito Federal (dois), Rio Grande do Sul (quatro), Paran\u00e1 (seis), Alagoas (um), Esp\u00edrito Santo (um).<\/p>\n\n\n\n<h2 class=\"wp-block-heading\">Veja na \u00edntegra:<\/h2>\n\n\n\n<figure class=\"wp-block-embed-facebook wp-block-embed is-type-video is-provider-facebook\"><div class=\"wp-block-embed__wrapper\">\nhttps:\/\/www.facebook.com\/agenciabrasil.ebc\/videos\/864300393982497\/\n<\/div><\/figure>\n\n\n\n<h4 class=\"wp-block-heading\">Pandemia<\/h4>\n\n\n\n<p>Na quarta, a Organiza\u00e7\u00e3o Mundial da Sa\u00fade (OMS) declarou pandemia de coronav\u00edrus. O termo \u00e9 utilizado quando uma epidemia \u2013 grande surto que afeta uma regi\u00e3o \u2013 se espalha por diferentes continentes com transmiss\u00e3o sustentada de pessoa para pessoa. Atualmente, h\u00e1 mais de 115 pa\u00edses com casos declarados da infec\u00e7\u00e3o.<br>\nO diretor-geral da OMS, Tedros Adhanom Ghebreyesus, pediu para os pa\u00edses redobrarem o comprometimento conta a doen\u00e7a.<br>\n&#8220;Encontrar um bom equil\u00edbrio entre proteger a sa\u00fade, impedir pertuba\u00e7\u00f5es econ\u00f4micas e sociais e respeitar os direitos humanos&#8221;, disse Tedros.<\/p>\n\n\n\n<h4 class=\"wp-block-heading\">Transmiss\u00e3o local no Rio de Janeiro<\/h4>\n\n\n\n<figure class=\"wp-block-image size-large\"><img loading=\"lazy\" decoding=\"async\" width=\"980\" height=\"653\" src=\"https:\/\/jornalfatosenoticias.com.br\/wp-content\/uploads\/2020\/03\/coronavirus-rj.jpg\" alt=\"\" class=\"wp-image-2009\" srcset=\"https:\/\/jornalfatosenoticias.com.br\/wp-content\/uploads\/2020\/03\/coronavirus-rj.jpg 980w, https:\/\/jornalfatosenoticias.com.br\/wp-content\/uploads\/2020\/03\/coronavirus-rj-300x200.jpg 300w, https:\/\/jornalfatosenoticias.com.br\/wp-content\/uploads\/2020\/03\/coronavirus-rj-768x512.jpg 768w\" sizes=\"auto, (max-width: 980px) 100vw, 980px\" \/><figcaption><em>Rio de Janeiro registrou 13 pacientes com Covid-19  (Foto: Reuters\/Dado Ruvic\/Direitos Reservados)<\/em><\/figcaption><\/figure>\n\n\n\n<p>A Secretaria de Estado de Sa\u00fade do Rio de Janeiro (SES) confirmou tamb\u00e9m os primeiros casos de transmiss\u00e3o local de coronav\u00edrus no estado. Eles envolvem um homem de 72 anos, morador da capital, e a mulher dele, de 68 anos. Os dois apresentam quadro est\u00e1vel de sa\u00fade e est\u00e3o em isolamento domiciliar. O casal n\u00e3o viajou ao exterior.<\/p>\n\n\n\n<h4 class=\"wp-block-heading\">Decreto suspende aulas no Distrito Federal<\/h4>\n\n\n\n<figure class=\"wp-block-image size-large\"><img loading=\"lazy\" decoding=\"async\" width=\"980\" height=\"653\" src=\"https:\/\/jornalfatosenoticias.com.br\/wp-content\/uploads\/2020\/03\/aulas-suspensas-em-brasilia.jpg\" alt=\"\" class=\"wp-image-2010\" srcset=\"https:\/\/jornalfatosenoticias.com.br\/wp-content\/uploads\/2020\/03\/aulas-suspensas-em-brasilia.jpg 980w, https:\/\/jornalfatosenoticias.com.br\/wp-content\/uploads\/2020\/03\/aulas-suspensas-em-brasilia-300x200.jpg 300w, https:\/\/jornalfatosenoticias.com.br\/wp-content\/uploads\/2020\/03\/aulas-suspensas-em-brasilia-768x512.jpg 768w\" sizes=\"auto, (max-width: 980px) 100vw, 980px\" \/><figcaption>Governo do DF suspende aulas para evitar amplia\u00e7\u00e3o de casos do novo coronav\u00edrus (Foto: Marcelo Camargo\/Ag\u00eancia Brasil)<\/figcaption><\/figure>\n\n\n\n<p>O governador do Distrito Federal, Ibaneis Rocha, publicou na noite de quarta-feira (11) um decreto suspendendo as aulas na rede de ensino p\u00fablico e privado em  escolas, universidades e faculdades durante cinco dias. Tamb\u00e9m est\u00e3o suspensos os eventos com p\u00fablico superior a 100 pessoas e que exijam licen\u00e7a do Poder P\u00fablico. A suspens\u00e3o poder\u00e1 ser prorrogada pelo mesmo per\u00edodo.<\/p>\n\n\n\n<h4 class=\"wp-block-heading\">Investimentos para combater o coronav\u00edrus<\/h4>\n\n\n\n<figure class=\"wp-block-image size-large\"><img loading=\"lazy\" decoding=\"async\" width=\"980\" height=\"652\" src=\"https:\/\/jornalfatosenoticias.com.br\/wp-content\/uploads\/2020\/03\/ministro-da-saude.jpg\" alt=\"\" class=\"wp-image-2011\" srcset=\"https:\/\/jornalfatosenoticias.com.br\/wp-content\/uploads\/2020\/03\/ministro-da-saude.jpg 980w, https:\/\/jornalfatosenoticias.com.br\/wp-content\/uploads\/2020\/03\/ministro-da-saude-300x200.jpg 300w, https:\/\/jornalfatosenoticias.com.br\/wp-content\/uploads\/2020\/03\/ministro-da-saude-768x511.jpg 768w\" sizes=\"auto, (max-width: 980px) 100vw, 980px\" \/><figcaption><em>O ministro da Sa\u00fade, Luiz Henrique Mandetta, participa de Comiss\u00e3o Geral para atualiza\u00e7\u00e3o da situa\u00e7\u00e3o nacional do coronav\u00edrus (Foto: F\u00e1bio Rodrigues Pozzebom\/Ag\u00eancia Brasil)<\/em><\/figcaption><\/figure>\n\n\n\n<p>Na comiss\u00e3o geral realizada na C\u00e2mara dos Deputados, sobre a situa\u00e7\u00e3o do novo coronav\u00edrus, o ministro da Sa\u00fade, Luiz Henrique Mandetta, defendeu a libera\u00e7\u00e3o R$ 5,1 bilh\u00f5es do Or\u00e7amento, oriundos de emendas da relatoria da Casa. A demanda por mais verbas foi apoiada por diversos deputados presentes na comiss\u00e3o. O valor ser\u00e1 utilizado na aten\u00e7\u00e3o prim\u00e1ria e hospitalar para refor\u00e7ar as a\u00e7\u00f5es contra o v\u00edrus.<br>\nO ministro avaliou que a letalidade do v\u00edrus \u00e9 baixa, mas que seu principal impacto \u00e9 a sobrecarga do sistema de sa\u00fade, que demandar\u00e1 mais profissionais, mais leitos, mais insumos e mais recursos para o custeio dessa estrutura adicional.<br>\n\u201cVoc\u00ea tem uma espiral de casos. Isso leva pessoas a procurarem unidades de sa\u00fade. Se o v\u00edrus n\u00e3o tem uma letalidade individual elevada, ele tem letalidade ao sistema de sa\u00fade. Quanto mais agudo o \u00e2ngulo de crescimento, mais pessoas ao mesmo tempo acionam o sistema\u201d, comentou.<\/p>\n\n\n\n<blockquote class=\"wp-block-quote is-layout-flow wp-block-quote-is-layout-flow\"><p><\/p><cite>Voc\u00ea tem uma espiral de casos. Isso leva pessoas a procurarem unidades de sa\u00fade. Se o v\u00edrus n\u00e3o tem uma letalidade individual elevada, ele tem letalidade ao sistema de sa\u00fade. Quanto mais agudo o \u00e2ngulo de crescimento, mais pessoas ao mesmo tempo acionam o sistema\u201d<\/cite><\/blockquote>\n\n\n\n<p><strong><em>Fonte: Ag\u00eancia Brasil<\/em><\/strong><\/p>\n","protected":false},"excerpt":{"rendered":"<p>O n\u00famero subiu de 52 para 60. Os novos registros s\u00e3o do Paran\u00e1 (seis casos) e do Rio Grande do Sul (mais dois pacientes) O Minist\u00e9rio da Sa\u00fade divulgou na manh\u00e3 de ontem (12), durante entrevista \u00e0 imprensa, que h\u00e1 oito novos casos confirmados do coronav\u00edrus no Brasil. O n\u00famero subiu de 52 para 60. [&hellip;]<\/p>\n","protected":false},"author":2,"featured_media":2012,"comment_status":"open","ping_status":"open","sticky":false,"template":"","format":"standard","meta":{"footnotes":""},"categories":[11],"tags":[596,393,447,330],"class_list":["post-2008","post","type-post","status-publish","format-standard","has-post-thumbnail","hentry","category-saude","tag-coronavirus-brasil","tag-isolamento","tag-ministerio-da-saude","tag-pandemia"],"yoast_head":"<!-- This site is optimized with the Yoast SEO plugin v26.5 - https:\/\/yoast.com\/wordpress\/plugins\/seo\/ -->\n<title>Brasil registra 60 casos do novo coronav\u00edrus - Jornal Fatos e Not\u00edcias<\/title>\n<meta name=\"robots\" content=\"index, follow, max-snippet:-1, max-image-preview:large, max-video-preview:-1\" \/>\n<link rel=\"canonical\" href=\"https:\/\/jornalfatosenoticias.com.br\/index.php\/2020\/03\/13\/brasil-registra-60-casos-do-novo-coronavirus\/\" \/>\n<meta property=\"og:locale\" content=\"pt_BR\" \/>\n<meta property=\"og:type\" content=\"article\" \/>\n<meta property=\"og:title\" content=\"Brasil registra 60 casos do novo coronav\u00edrus - Jornal Fatos e Not\u00edcias\" \/>\n<meta property=\"og:description\" content=\"O n\u00famero subiu de 52 para 60. Os novos registros s\u00e3o do Paran\u00e1 (seis casos) e do Rio Grande do Sul (mais dois pacientes) O Minist\u00e9rio da Sa\u00fade divulgou na manh\u00e3 de ontem (12), durante entrevista \u00e0 imprensa, que h\u00e1 oito novos casos confirmados do coronav\u00edrus no Brasil. O n\u00famero subiu de 52 para 60. [&hellip;]\" \/>\n<meta property=\"og:url\" content=\"https:\/\/jornalfatosenoticias.com.br\/index.php\/2020\/03\/13\/brasil-registra-60-casos-do-novo-coronavirus\/\" \/>\n<meta property=\"og:site_name\" content=\"Jornal Fatos e Not\u00edcias\" \/>\n<meta property=\"article:published_time\" content=\"2020-03-13T12:48:18+00:00\" \/>\n<meta property=\"article:modified_time\" content=\"2020-03-13T12:48:24+00:00\" \/>\n<meta property=\"og:image\" content=\"https:\/\/jornalfatosenoticias.com.br\/wp-content\/uploads\/2020\/03\/coronavirus-brasil.jpg\" \/>\n\t<meta property=\"og:image:width\" content=\"1170\" \/>\n\t<meta property=\"og:image:height\" content=\"700\" \/>\n\t<meta property=\"og:image:type\" content=\"image\/jpeg\" \/>\n<meta name=\"author\" content=\"Luzimara Fernandes\" \/>\n<meta name=\"twitter:card\" content=\"summary_large_image\" \/>\n<meta name=\"twitter:label1\" content=\"Escrito por\" \/>\n\t<meta name=\"twitter:data1\" content=\"Luzimara Fernandes\" \/>\n\t<meta name=\"twitter:label2\" content=\"Est. tempo de leitura\" \/>\n\t<meta name=\"twitter:data2\" content=\"3 minutos\" \/>\n<script type=\"application\/ld+json\" class=\"yoast-schema-graph\">{\"@context\":\"https:\/\/schema.org\",\"@graph\":[{\"@type\":\"Article\",\"@id\":\"https:\/\/jornalfatosenoticias.com.br\/index.php\/2020\/03\/13\/brasil-registra-60-casos-do-novo-coronavirus\/#article\",\"isPartOf\":{\"@id\":\"https:\/\/jornalfatosenoticias.com.br\/index.php\/2020\/03\/13\/brasil-registra-60-casos-do-novo-coronavirus\/\"},\"author\":{\"name\":\"Luzimara Fernandes\",\"@id\":\"https:\/\/jornalfatosenoticias.com.br\/#\/schema\/person\/d63837fa13ac8666eb9e74e0985d6f81\"},\"headline\":\"Brasil registra 60 casos do novo coronav\u00edrus\",\"datePublished\":\"2020-03-13T12:48:18+00:00\",\"dateModified\":\"2020-03-13T12:48:24+00:00\",\"mainEntityOfPage\":{\"@id\":\"https:\/\/jornalfatosenoticias.com.br\/index.php\/2020\/03\/13\/brasil-registra-60-casos-do-novo-coronavirus\/\"},\"wordCount\":703,\"commentCount\":0,\"publisher\":{\"@id\":\"https:\/\/jornalfatosenoticias.com.br\/#organization\"},\"image\":{\"@id\":\"https:\/\/jornalfatosenoticias.com.br\/index.php\/2020\/03\/13\/brasil-registra-60-casos-do-novo-coronavirus\/#primaryimage\"},\"thumbnailUrl\":\"https:\/\/jornalfatosenoticias.com.br\/wp-content\/uploads\/2020\/03\/coronavirus-brasil.jpg\",\"keywords\":[\"coronav\u00edrus Brasil\",\"isolamento\",\"Minist\u00e9rio da Sa\u00fade\",\"pandemia\"],\"articleSection\":[\"Sa\u00fade\"],\"inLanguage\":\"pt-BR\",\"potentialAction\":[{\"@type\":\"CommentAction\",\"name\":\"Comment\",\"target\":[\"https:\/\/jornalfatosenoticias.com.br\/index.php\/2020\/03\/13\/brasil-registra-60-casos-do-novo-coronavirus\/#respond\"]}]},{\"@type\":\"WebPage\",\"@id\":\"https:\/\/jornalfatosenoticias.com.br\/index.php\/2020\/03\/13\/brasil-registra-60-casos-do-novo-coronavirus\/\",\"url\":\"https:\/\/jornalfatosenoticias.com.br\/index.php\/2020\/03\/13\/brasil-registra-60-casos-do-novo-coronavirus\/\",\"name\":\"Brasil registra 60 casos do novo coronav\u00edrus - Jornal Fatos e Not\u00edcias\",\"isPartOf\":{\"@id\":\"https:\/\/jornalfatosenoticias.com.br\/#website\"},\"primaryImageOfPage\":{\"@id\":\"https:\/\/jornalfatosenoticias.com.br\/index.php\/2020\/03\/13\/brasil-registra-60-casos-do-novo-coronavirus\/#primaryimage\"},\"image\":{\"@id\":\"https:\/\/jornalfatosenoticias.com.br\/index.php\/2020\/03\/13\/brasil-registra-60-casos-do-novo-coronavirus\/#primaryimage\"},\"thumbnailUrl\":\"https:\/\/jornalfatosenoticias.com.br\/wp-content\/uploads\/2020\/03\/coronavirus-brasil.jpg\",\"datePublished\":\"2020-03-13T12:48:18+00:00\",\"dateModified\":\"2020-03-13T12:48:24+00:00\",\"breadcrumb\":{\"@id\":\"https:\/\/jornalfatosenoticias.com.br\/index.php\/2020\/03\/13\/brasil-registra-60-casos-do-novo-coronavirus\/#breadcrumb\"},\"inLanguage\":\"pt-BR\",\"potentialAction\":[{\"@type\":\"ReadAction\",\"target\":[\"https:\/\/jornalfatosenoticias.com.br\/index.php\/2020\/03\/13\/brasil-registra-60-casos-do-novo-coronavirus\/\"]}]},{\"@type\":\"ImageObject\",\"inLanguage\":\"pt-BR\",\"@id\":\"https:\/\/jornalfatosenoticias.com.br\/index.php\/2020\/03\/13\/brasil-registra-60-casos-do-novo-coronavirus\/#primaryimage\",\"url\":\"https:\/\/jornalfatosenoticias.com.br\/wp-content\/uploads\/2020\/03\/coronavirus-brasil.jpg\",\"contentUrl\":\"https:\/\/jornalfatosenoticias.com.br\/wp-content\/uploads\/2020\/03\/coronavirus-brasil.jpg\",\"width\":1170,\"height\":700,\"caption\":\"O secret\u00e1rio-executivo do Minist\u00e9rio da Sa\u00fade, Jo\u00e3o Gabbardo, durante entrevista coletiva sobre o novo corona v\u00edrus.\"},{\"@type\":\"BreadcrumbList\",\"@id\":\"https:\/\/jornalfatosenoticias.com.br\/index.php\/2020\/03\/13\/brasil-registra-60-casos-do-novo-coronavirus\/#breadcrumb\",\"itemListElement\":[{\"@type\":\"ListItem\",\"position\":1,\"name\":\"In\u00edcio\",\"item\":\"https:\/\/jornalfatosenoticias.com.br\/\"},{\"@type\":\"ListItem\",\"position\":2,\"name\":\"Brasil registra 60 casos do novo coronav\u00edrus\"}]},{\"@type\":\"WebSite\",\"@id\":\"https:\/\/jornalfatosenoticias.com.br\/#website\",\"url\":\"https:\/\/jornalfatosenoticias.com.br\/\",\"name\":\"Jornal Fatos e Not\u00edcias\",\"description\":\"Not\u00edcias em geral\",\"publisher\":{\"@id\":\"https:\/\/jornalfatosenoticias.com.br\/#organization\"},\"potentialAction\":[{\"@type\":\"SearchAction\",\"target\":{\"@type\":\"EntryPoint\",\"urlTemplate\":\"https:\/\/jornalfatosenoticias.com.br\/?s={search_term_string}\"},\"query-input\":{\"@type\":\"PropertyValueSpecification\",\"valueRequired\":true,\"valueName\":\"search_term_string\"}}],\"inLanguage\":\"pt-BR\"},{\"@type\":\"Organization\",\"@id\":\"https:\/\/jornalfatosenoticias.com.br\/#organization\",\"name\":\"Jornal Fatos e Not\u00edcias\",\"url\":\"https:\/\/jornalfatosenoticias.com.br\/\",\"logo\":{\"@type\":\"ImageObject\",\"inLanguage\":\"pt-BR\",\"@id\":\"https:\/\/jornalfatosenoticias.com.br\/#\/schema\/logo\/image\/\",\"url\":\"https:\/\/jornalfatosenoticias.com.br\/wp-content\/uploads\/2020\/02\/logo120.png\",\"contentUrl\":\"https:\/\/jornalfatosenoticias.com.br\/wp-content\/uploads\/2020\/02\/logo120.png\",\"width\":1227,\"height\":120,\"caption\":\"Jornal Fatos e Not\u00edcias\"},\"image\":{\"@id\":\"https:\/\/jornalfatosenoticias.com.br\/#\/schema\/logo\/image\/\"}},{\"@type\":\"Person\",\"@id\":\"https:\/\/jornalfatosenoticias.com.br\/#\/schema\/person\/d63837fa13ac8666eb9e74e0985d6f81\",\"name\":\"Luzimara Fernandes\",\"image\":{\"@type\":\"ImageObject\",\"inLanguage\":\"pt-BR\",\"@id\":\"https:\/\/jornalfatosenoticias.com.br\/#\/schema\/person\/image\/\",\"url\":\"https:\/\/jornalfatosenoticias.com.br\/wp-content\/uploads\/2025\/05\/EU_portal.jpg\",\"contentUrl\":\"https:\/\/jornalfatosenoticias.com.br\/wp-content\/uploads\/2025\/05\/EU_portal.jpg\",\"caption\":\"Luzimara Fernandes\"},\"description\":\"Jornalista MTB 2358-ES\",\"sameAs\":[\"https:\/\/jornalfatosenoticias.com.br\"],\"url\":\"https:\/\/jornalfatosenoticias.com.br\/index.php\/author\/luzimara\/\"}]}<\/script>\n<!-- \/ Yoast SEO plugin. -->","yoast_head_json":{"title":"Brasil registra 60 casos do novo coronav\u00edrus - Jornal Fatos e Not\u00edcias","robots":{"index":"index","follow":"follow","max-snippet":"max-snippet:-1","max-image-preview":"max-image-preview:large","max-video-preview":"max-video-preview:-1"},"canonical":"https:\/\/jornalfatosenoticias.com.br\/index.php\/2020\/03\/13\/brasil-registra-60-casos-do-novo-coronavirus\/","og_locale":"pt_BR","og_type":"article","og_title":"Brasil registra 60 casos do novo coronav\u00edrus - Jornal Fatos e Not\u00edcias","og_description":"O n\u00famero subiu de 52 para 60. Os novos registros s\u00e3o do Paran\u00e1 (seis casos) e do Rio Grande do Sul (mais dois pacientes) O Minist\u00e9rio da Sa\u00fade divulgou na manh\u00e3 de ontem (12), durante entrevista \u00e0 imprensa, que h\u00e1 oito novos casos confirmados do coronav\u00edrus no Brasil. O n\u00famero subiu de 52 para 60. [&hellip;]","og_url":"https:\/\/jornalfatosenoticias.com.br\/index.php\/2020\/03\/13\/brasil-registra-60-casos-do-novo-coronavirus\/","og_site_name":"Jornal Fatos e Not\u00edcias","article_published_time":"2020-03-13T12:48:18+00:00","article_modified_time":"2020-03-13T12:48:24+00:00","og_image":[{"width":1170,"height":700,"url":"https:\/\/jornalfatosenoticias.com.br\/wp-content\/uploads\/2020\/03\/coronavirus-brasil.jpg","type":"image\/jpeg"}],"author":"Luzimara Fernandes","twitter_card":"summary_large_image","twitter_misc":{"Escrito por":"Luzimara Fernandes","Est. tempo de leitura":"3 minutos"},"schema":{"@context":"https:\/\/schema.org","@graph":[{"@type":"Article","@id":"https:\/\/jornalfatosenoticias.com.br\/index.php\/2020\/03\/13\/brasil-registra-60-casos-do-novo-coronavirus\/#article","isPartOf":{"@id":"https:\/\/jornalfatosenoticias.com.br\/index.php\/2020\/03\/13\/brasil-registra-60-casos-do-novo-coronavirus\/"},"author":{"name":"Luzimara Fernandes","@id":"https:\/\/jornalfatosenoticias.com.br\/#\/schema\/person\/d63837fa13ac8666eb9e74e0985d6f81"},"headline":"Brasil registra 60 casos do novo coronav\u00edrus","datePublished":"2020-03-13T12:48:18+00:00","dateModified":"2020-03-13T12:48:24+00:00","mainEntityOfPage":{"@id":"https:\/\/jornalfatosenoticias.com.br\/index.php\/2020\/03\/13\/brasil-registra-60-casos-do-novo-coronavirus\/"},"wordCount":703,"commentCount":0,"publisher":{"@id":"https:\/\/jornalfatosenoticias.com.br\/#organization"},"image":{"@id":"https:\/\/jornalfatosenoticias.com.br\/index.php\/2020\/03\/13\/brasil-registra-60-casos-do-novo-coronavirus\/#primaryimage"},"thumbnailUrl":"https:\/\/jornalfatosenoticias.com.br\/wp-content\/uploads\/2020\/03\/coronavirus-brasil.jpg","keywords":["coronav\u00edrus Brasil","isolamento","Minist\u00e9rio da Sa\u00fade","pandemia"],"articleSection":["Sa\u00fade"],"inLanguage":"pt-BR","potentialAction":[{"@type":"CommentAction","name":"Comment","target":["https:\/\/jornalfatosenoticias.com.br\/index.php\/2020\/03\/13\/brasil-registra-60-casos-do-novo-coronavirus\/#respond"]}]},{"@type":"WebPage","@id":"https:\/\/jornalfatosenoticias.com.br\/index.php\/2020\/03\/13\/brasil-registra-60-casos-do-novo-coronavirus\/","url":"https:\/\/jornalfatosenoticias.com.br\/index.php\/2020\/03\/13\/brasil-registra-60-casos-do-novo-coronavirus\/","name":"Brasil registra 60 casos do novo coronav\u00edrus - Jornal Fatos e Not\u00edcias","isPartOf":{"@id":"https:\/\/jornalfatosenoticias.com.br\/#website"},"primaryImageOfPage":{"@id":"https:\/\/jornalfatosenoticias.com.br\/index.php\/2020\/03\/13\/brasil-registra-60-casos-do-novo-coronavirus\/#primaryimage"},"image":{"@id":"https:\/\/jornalfatosenoticias.com.br\/index.php\/2020\/03\/13\/brasil-registra-60-casos-do-novo-coronavirus\/#primaryimage"},"thumbnailUrl":"https:\/\/jornalfatosenoticias.com.br\/wp-content\/uploads\/2020\/03\/coronavirus-brasil.jpg","datePublished":"2020-03-13T12:48:18+00:00","dateModified":"2020-03-13T12:48:24+00:00","breadcrumb":{"@id":"https:\/\/jornalfatosenoticias.com.br\/index.php\/2020\/03\/13\/brasil-registra-60-casos-do-novo-coronavirus\/#breadcrumb"},"inLanguage":"pt-BR","potentialAction":[{"@type":"ReadAction","target":["https:\/\/jornalfatosenoticias.com.br\/index.php\/2020\/03\/13\/brasil-registra-60-casos-do-novo-coronavirus\/"]}]},{"@type":"ImageObject","inLanguage":"pt-BR","@id":"https:\/\/jornalfatosenoticias.com.br\/index.php\/2020\/03\/13\/brasil-registra-60-casos-do-novo-coronavirus\/#primaryimage","url":"https:\/\/jornalfatosenoticias.com.br\/wp-content\/uploads\/2020\/03\/coronavirus-brasil.jpg","contentUrl":"https:\/\/jornalfatosenoticias.com.br\/wp-content\/uploads\/2020\/03\/coronavirus-brasil.jpg","width":1170,"height":700,"caption":"O secret\u00e1rio-executivo do Minist\u00e9rio da Sa\u00fade, Jo\u00e3o Gabbardo, durante entrevista coletiva sobre o novo corona v\u00edrus."},{"@type":"BreadcrumbList","@id":"https:\/\/jornalfatosenoticias.com.br\/index.php\/2020\/03\/13\/brasil-registra-60-casos-do-novo-coronavirus\/#breadcrumb","itemListElement":[{"@type":"ListItem","position":1,"name":"In\u00edcio","item":"https:\/\/jornalfatosenoticias.com.br\/"},{"@type":"ListItem","position":2,"name":"Brasil registra 60 casos do novo coronav\u00edrus"}]},{"@type":"WebSite","@id":"https:\/\/jornalfatosenoticias.com.br\/#website","url":"https:\/\/jornalfatosenoticias.com.br\/","name":"Jornal Fatos e Not\u00edcias","description":"Not\u00edcias em geral","publisher":{"@id":"https:\/\/jornalfatosenoticias.com.br\/#organization"},"potentialAction":[{"@type":"SearchAction","target":{"@type":"EntryPoint","urlTemplate":"https:\/\/jornalfatosenoticias.com.br\/?s={search_term_string}"},"query-input":{"@type":"PropertyValueSpecification","valueRequired":true,"valueName":"search_term_string"}}],"inLanguage":"pt-BR"},{"@type":"Organization","@id":"https:\/\/jornalfatosenoticias.com.br\/#organization","name":"Jornal Fatos e Not\u00edcias","url":"https:\/\/jornalfatosenoticias.com.br\/","logo":{"@type":"ImageObject","inLanguage":"pt-BR","@id":"https:\/\/jornalfatosenoticias.com.br\/#\/schema\/logo\/image\/","url":"https:\/\/jornalfatosenoticias.com.br\/wp-content\/uploads\/2020\/02\/logo120.png","contentUrl":"https:\/\/jornalfatosenoticias.com.br\/wp-content\/uploads\/2020\/02\/logo120.png","width":1227,"height":120,"caption":"Jornal Fatos e Not\u00edcias"},"image":{"@id":"https:\/\/jornalfatosenoticias.com.br\/#\/schema\/logo\/image\/"}},{"@type":"Person","@id":"https:\/\/jornalfatosenoticias.com.br\/#\/schema\/person\/d63837fa13ac8666eb9e74e0985d6f81","name":"Luzimara Fernandes","image":{"@type":"ImageObject","inLanguage":"pt-BR","@id":"https:\/\/jornalfatosenoticias.com.br\/#\/schema\/person\/image\/","url":"https:\/\/jornalfatosenoticias.com.br\/wp-content\/uploads\/2025\/05\/EU_portal.jpg","contentUrl":"https:\/\/jornalfatosenoticias.com.br\/wp-content\/uploads\/2025\/05\/EU_portal.jpg","caption":"Luzimara Fernandes"},"description":"Jornalista MTB 2358-ES","sameAs":["https:\/\/jornalfatosenoticias.com.br"],"url":"https:\/\/jornalfatosenoticias.com.br\/index.php\/author\/luzimara\/"}]}},"cc_featured_image_caption":{"caption_text":"Minist\u00e9rio da Sa\u00fade divulgou atualiza\u00e7\u00e3o durante coletiva de imprensa (Foto: Marcelo Camargo\/Ag\u00eancia Brasil)","source_text":"","source_url":""},"jetpack_featured_media_url":"https:\/\/jornalfatosenoticias.com.br\/wp-content\/uploads\/2020\/03\/coronavirus-brasil.jpg","_links":{"self":[{"href":"https:\/\/jornalfatosenoticias.com.br\/index.php\/wp-json\/wp\/v2\/posts\/2008","targetHints":{"allow":["GET"]}}],"collection":[{"href":"https:\/\/jornalfatosenoticias.com.br\/index.php\/wp-json\/wp\/v2\/posts"}],"about":[{"href":"https:\/\/jornalfatosenoticias.com.br\/index.php\/wp-json\/wp\/v2\/types\/post"}],"author":[{"embeddable":true,"href":"https:\/\/jornalfatosenoticias.com.br\/index.php\/wp-json\/wp\/v2\/users\/2"}],"replies":[{"embeddable":true,"href":"https:\/\/jornalfatosenoticias.com.br\/index.php\/wp-json\/wp\/v2\/comments?post=2008"}],"version-history":[{"count":0,"href":"https:\/\/jornalfatosenoticias.com.br\/index.php\/wp-json\/wp\/v2\/posts\/2008\/revisions"}],"wp:featuredmedia":[{"embeddable":true,"href":"https:\/\/jornalfatosenoticias.com.br\/index.php\/wp-json\/wp\/v2\/media\/2012"}],"wp:attachment":[{"href":"https:\/\/jornalfatosenoticias.com.br\/index.php\/wp-json\/wp\/v2\/media?parent=2008"}],"wp:term":[{"taxonomy":"category","embeddable":true,"href":"https:\/\/jornalfatosenoticias.com.br\/index.php\/wp-json\/wp\/v2\/categories?post=2008"},{"taxonomy":"post_tag","embeddable":true,"href":"https:\/\/jornalfatosenoticias.com.br\/index.php\/wp-json\/wp\/v2\/tags?post=2008"}],"curies":[{"name":"wp","href":"https:\/\/api.w.org\/{rel}","templated":true}]}}