{"id":20107,"date":"2021-07-01T19:20:18","date_gmt":"2021-07-01T22:20:18","guid":{"rendered":"https:\/\/jornalfatosenoticias.com.br\/?p=20107"},"modified":"2021-07-01T19:20:20","modified_gmt":"2021-07-01T22:20:20","slug":"arquiteto-inaugura-predio-sustentavel-em-taiwan-capaz-de-filtrar-poluicao-do-ar","status":"publish","type":"post","link":"https:\/\/jornalfatosenoticias.com.br\/index.php\/2021\/07\/01\/arquiteto-inaugura-predio-sustentavel-em-taiwan-capaz-de-filtrar-poluicao-do-ar\/","title":{"rendered":"Arquiteto inaugura pr\u00e9dio sustent\u00e1vel em Taiwan capaz de filtrar polui\u00e7\u00e3o do ar"},"content":{"rendered":"\n<p>Conhecido pelos projetos ousados, o arquiteto belga Vincent Callebaut acaba de inaugurar um pr\u00e9dio capaz de filtrar a polui\u00e7\u00e3o do ar em Taiwan. Localizado na capital Taipei, a torre do condom\u00ednio de 21 andares possui uma forma sinuosa inspirada na estrutura de dupla h\u00e9lice do DNA, e ser\u00e1 conclu\u00edda ainda este ano.<br>\u201cA torre apresenta um conceito pioneiro de constru\u00e7\u00e3o ecol\u00f3gica residencial sustent\u00e1vel que visa limitar a pegada ecol\u00f3gica de seus habitantes\u201d, explica Callebaut sobre o projeto, que come\u00e7ou em 2013 no movimentado distrito de Xinyi, em Taipei.<br>Apelidado de Tao Zhu Yin Yuan, o edif\u00edcio possui sistema de reutiliza\u00e7\u00e3o de \u00e1gua da chuva, pain\u00e9is solares no telhado, ilumina\u00e7\u00e3o e ventila\u00e7\u00e3o natural e foi concebido para reduzir as pegadas ambientais individuais dos habitantes que vivem dentro dos 40 apartamentos de luxo da torre. Apesar da est\u00e9tica atraente, os <a href=\"https:\/\/territoriosecreto.com.br\/edificio-sustentavel-abrigara-mais-de-1000-arvores-na-australia\/\">edif\u00edcios ultramodernos adornados com vegeta\u00e7\u00e3o<\/a>, presentes sobretudo na \u00c1sia, possuem um papel ainda mais importante: reduzir os custos de energia ao mesmo tempo que eliminam a polui\u00e7\u00e3o do ar.<br>Somente no Tao Zhu Yin Yuan, mais de 23 mil \u00e1rvores e arbustos ser\u00e3o plantados no telhado, fachada e varandas da torre, bem como em alguns espa\u00e7os p\u00fablicos internos. Todo este verde conseguir\u00e1 absorver 130 toneladas de emiss\u00f5es de di\u00f3xido de carbono a cada ano. Isso \u00e9 aproximadamente a mesma quantidade de emiss\u00f5es anuais produzidas por 27 carros m\u00e9dios. Agora voc\u00ea j\u00e1 pode imaginar se todos os novos edif\u00edcios constru\u00eddos a partir de agora tivessem estas mesmas caracter\u00edsticas, n\u00e3o \u00e9 mesmo?<br>A vegeta\u00e7\u00e3o do pr\u00e9dio se estender\u00e1 at\u00e9 o n\u00edvel da rua, onde os residentes e locais poder\u00e3o desfrutar de jardins p\u00fablicos exuberantes e pra\u00e7as que oferecem uma pausa da agita\u00e7\u00e3o predominantemente cinza de Taipei. \u201cPor mais estranhos e futuristas que possam parecer, o cerne de todos os meus projetos \u00e9 uma tentativa de abordar a amea\u00e7a real que as cidades representam para a humanidade e nosso equil\u00edbrio ecol\u00f3gico\u201d, disse Callebaut \u00e0 CNN. \u201cQuero dar esperan\u00e7a para um amanh\u00e3 melhor\u201d.<\/p>\n\n\n\n<div class=\"wp-block-jetpack-slideshow aligncenter\" data-effect=\"slide\"><div class=\"wp-block-jetpack-slideshow_container swiper-container\"><ul class=\"wp-block-jetpack-slideshow_swiper-wrapper swiper-wrapper\"><li class=\"wp-block-jetpack-slideshow_slide swiper-slide\"><figure><img loading=\"lazy\" decoding=\"async\" width=\"750\" height=\"1000\" alt=\"\" class=\"wp-block-jetpack-slideshow_image wp-image-20108\" data-id=\"20108\" src=\"https:\/\/jornalfatosenoticias.com.br\/wp-content\/uploads\/2021\/07\/predio-sustentavel-taiwan-2.jpeg\" srcset=\"https:\/\/jornalfatosenoticias.com.br\/wp-content\/uploads\/2021\/07\/predio-sustentavel-taiwan-2.jpeg 750w, https:\/\/jornalfatosenoticias.com.br\/wp-content\/uploads\/2021\/07\/predio-sustentavel-taiwan-2-225x300.jpeg 225w\" sizes=\"auto, (max-width: 750px) 100vw, 750px\" \/><figcaption class=\"wp-block-jetpack-slideshow_caption gallery-caption\">Edif\u00edcio Tao Zhu Yin Yuan (Foto: Divulga\u00e7\u00e3o)<\/figcaption><\/figure><\/li><li class=\"wp-block-jetpack-slideshow_slide swiper-slide\"><figure><img loading=\"lazy\" decoding=\"async\" width=\"667\" height=\"1000\" alt=\"\" class=\"wp-block-jetpack-slideshow_image wp-image-20109\" data-id=\"20109\" src=\"https:\/\/jornalfatosenoticias.com.br\/wp-content\/uploads\/2021\/07\/predio-sustentavel-taiwan-3.jpeg\" srcset=\"https:\/\/jornalfatosenoticias.com.br\/wp-content\/uploads\/2021\/07\/predio-sustentavel-taiwan-3.jpeg 667w, https:\/\/jornalfatosenoticias.com.br\/wp-content\/uploads\/2021\/07\/predio-sustentavel-taiwan-3-200x300.jpeg 200w\" sizes=\"auto, (max-width: 667px) 100vw, 667px\" \/><figcaption class=\"wp-block-jetpack-slideshow_caption gallery-caption\">Edif\u00edcio Tao Zhu Yin Yuan (Foto: Divulga\u00e7\u00e3o)<\/figcaption><\/figure><\/li><li class=\"wp-block-jetpack-slideshow_slide swiper-slide\"><figure><img loading=\"lazy\" decoding=\"async\" width=\"1000\" height=\"541\" alt=\"\" class=\"wp-block-jetpack-slideshow_image wp-image-20110\" data-id=\"20110\" src=\"https:\/\/jornalfatosenoticias.com.br\/wp-content\/uploads\/2021\/07\/predio-sustentavel-taiwan-4.jpeg\" srcset=\"https:\/\/jornalfatosenoticias.com.br\/wp-content\/uploads\/2021\/07\/predio-sustentavel-taiwan-4.jpeg 1000w, https:\/\/jornalfatosenoticias.com.br\/wp-content\/uploads\/2021\/07\/predio-sustentavel-taiwan-4-300x162.jpeg 300w, https:\/\/jornalfatosenoticias.com.br\/wp-content\/uploads\/2021\/07\/predio-sustentavel-taiwan-4-768x415.jpeg 768w\" sizes=\"auto, (max-width: 1000px) 100vw, 1000px\" \/><figcaption class=\"wp-block-jetpack-slideshow_caption gallery-caption\">Edif\u00edcio Tao Zhu Yin Yuan (Foto: Divulga\u00e7\u00e3o)<\/figcaption><\/figure><\/li><li class=\"wp-block-jetpack-slideshow_slide swiper-slide\"><figure><img loading=\"lazy\" decoding=\"async\" width=\"750\" height=\"1000\" alt=\"\" class=\"wp-block-jetpack-slideshow_image wp-image-20111\" data-id=\"20111\" src=\"https:\/\/jornalfatosenoticias.com.br\/wp-content\/uploads\/2021\/07\/predio-sustentavel-taiwan-5.jpeg\" srcset=\"https:\/\/jornalfatosenoticias.com.br\/wp-content\/uploads\/2021\/07\/predio-sustentavel-taiwan-5.jpeg 750w, https:\/\/jornalfatosenoticias.com.br\/wp-content\/uploads\/2021\/07\/predio-sustentavel-taiwan-5-225x300.jpeg 225w\" sizes=\"auto, (max-width: 750px) 100vw, 750px\" \/><figcaption class=\"wp-block-jetpack-slideshow_caption gallery-caption\">Arquiteto belga Vincent Callebaut (Foto: Divulga\u00e7\u00e3o)<\/figcaption><\/figure><\/li><li class=\"wp-block-jetpack-slideshow_slide swiper-slide\"><figure><img loading=\"lazy\" decoding=\"async\" width=\"1000\" height=\"702\" alt=\"\" class=\"wp-block-jetpack-slideshow_image wp-image-20112\" data-id=\"20112\" src=\"https:\/\/jornalfatosenoticias.com.br\/wp-content\/uploads\/2021\/07\/predio-sustentavel-taiwan-6.jpeg\" srcset=\"https:\/\/jornalfatosenoticias.com.br\/wp-content\/uploads\/2021\/07\/predio-sustentavel-taiwan-6.jpeg 1000w, https:\/\/jornalfatosenoticias.com.br\/wp-content\/uploads\/2021\/07\/predio-sustentavel-taiwan-6-300x211.jpeg 300w, https:\/\/jornalfatosenoticias.com.br\/wp-content\/uploads\/2021\/07\/predio-sustentavel-taiwan-6-768x539.jpeg 768w\" sizes=\"auto, (max-width: 1000px) 100vw, 1000px\" \/><figcaption class=\"wp-block-jetpack-slideshow_caption gallery-caption\">Edif\u00edcio Tao Zhu Yin Yuan (Foto: Divulga\u00e7\u00e3o)<\/figcaption><\/figure><\/li><\/ul><a class=\"wp-block-jetpack-slideshow_button-prev swiper-button-prev swiper-button-white\" role=\"button\"><\/a><a class=\"wp-block-jetpack-slideshow_button-next swiper-button-next swiper-button-white\" role=\"button\"><\/a><a aria-label=\"Pause Slideshow\" class=\"wp-block-jetpack-slideshow_button-pause\" role=\"button\"><\/a><div class=\"wp-block-jetpack-slideshow_pagination swiper-pagination swiper-pagination-white\"><\/div><\/div><\/div>\n\n\n\n<p><strong><em>Fonte: <a href=\"https:\/\/territoriosecreto.com.br\/arquiteto-inaugura-predio-sustentavel-em-taiwan-capaz-de-filtrar-poluicao-do-ar\/\">Territ\u00f3rio Secreto<\/a><\/em><\/strong><\/p>\n","protected":false},"excerpt":{"rendered":"<p>Conhecido pelos projetos ousados, o arquiteto belga Vincent Callebaut acaba de inaugurar um pr\u00e9dio capaz de filtrar a polui\u00e7\u00e3o do ar em Taiwan. Localizado na capital Taipei, a torre do condom\u00ednio de 21 andares possui uma forma sinuosa inspirada na estrutura de dupla h\u00e9lice do DNA, e ser\u00e1 conclu\u00edda ainda este ano.\u201cA torre apresenta um [&hellip;]<\/p>\n","protected":false},"author":2,"featured_media":20113,"comment_status":"open","ping_status":"open","sticky":false,"template":"","format":"standard","meta":{"footnotes":""},"categories":[744],"tags":[7376,9877,9875,734,9876],"class_list":["post-20107","post","type-post","status-publish","format-standard","has-post-thumbnail","hentry","category-arq-urbanismo","tag-arquitetura-sustentavel","tag-edificio-verde","tag-predio-sustentavel","tag-sustentabilidade","tag-taiwan"],"yoast_head":"<!-- This site is optimized with the Yoast SEO plugin v26.5 - https:\/\/yoast.com\/wordpress\/plugins\/seo\/ -->\n<title>Arquiteto inaugura pr\u00e9dio sustent\u00e1vel em Taiwan capaz de filtrar polui\u00e7\u00e3o do ar - Jornal Fatos e Not\u00edcias<\/title>\n<meta name=\"robots\" content=\"index, follow, max-snippet:-1, max-image-preview:large, max-video-preview:-1\" \/>\n<link rel=\"canonical\" href=\"https:\/\/jornalfatosenoticias.com.br\/index.php\/2021\/07\/01\/arquiteto-inaugura-predio-sustentavel-em-taiwan-capaz-de-filtrar-poluicao-do-ar\/\" \/>\n<meta property=\"og:locale\" content=\"pt_BR\" \/>\n<meta property=\"og:type\" content=\"article\" \/>\n<meta property=\"og:title\" content=\"Arquiteto inaugura pr\u00e9dio sustent\u00e1vel em Taiwan capaz de filtrar polui\u00e7\u00e3o do ar - Jornal Fatos e Not\u00edcias\" \/>\n<meta property=\"og:description\" content=\"Conhecido pelos projetos ousados, o arquiteto belga Vincent Callebaut acaba de inaugurar um pr\u00e9dio capaz de filtrar a polui\u00e7\u00e3o do ar em Taiwan. Localizado na capital Taipei, a torre do condom\u00ednio de 21 andares possui uma forma sinuosa inspirada na estrutura de dupla h\u00e9lice do DNA, e ser\u00e1 conclu\u00edda ainda este ano.\u201cA torre apresenta um [&hellip;]\" \/>\n<meta property=\"og:url\" content=\"https:\/\/jornalfatosenoticias.com.br\/index.php\/2021\/07\/01\/arquiteto-inaugura-predio-sustentavel-em-taiwan-capaz-de-filtrar-poluicao-do-ar\/\" \/>\n<meta property=\"og:site_name\" content=\"Jornal Fatos e Not\u00edcias\" \/>\n<meta property=\"article:published_time\" content=\"2021-07-01T22:20:18+00:00\" \/>\n<meta property=\"article:modified_time\" content=\"2021-07-01T22:20:20+00:00\" \/>\n<meta property=\"og:image\" content=\"https:\/\/jornalfatosenoticias.com.br\/wp-content\/uploads\/2021\/07\/predio-sustentavel-taiwan-1.jpeg\" \/>\n\t<meta property=\"og:image:width\" content=\"1000\" \/>\n\t<meta property=\"og:image:height\" content=\"750\" \/>\n\t<meta property=\"og:image:type\" content=\"image\/jpeg\" \/>\n<meta name=\"author\" content=\"Luzimara Fernandes\" \/>\n<meta name=\"twitter:card\" content=\"summary_large_image\" \/>\n<meta name=\"twitter:label1\" content=\"Escrito por\" \/>\n\t<meta name=\"twitter:data1\" content=\"Luzimara Fernandes\" \/>\n\t<meta name=\"twitter:label2\" content=\"Est. tempo de leitura\" \/>\n\t<meta name=\"twitter:data2\" content=\"2 minutos\" \/>\n<script type=\"application\/ld+json\" class=\"yoast-schema-graph\">{\"@context\":\"https:\/\/schema.org\",\"@graph\":[{\"@type\":\"Article\",\"@id\":\"https:\/\/jornalfatosenoticias.com.br\/index.php\/2021\/07\/01\/arquiteto-inaugura-predio-sustentavel-em-taiwan-capaz-de-filtrar-poluicao-do-ar\/#article\",\"isPartOf\":{\"@id\":\"https:\/\/jornalfatosenoticias.com.br\/index.php\/2021\/07\/01\/arquiteto-inaugura-predio-sustentavel-em-taiwan-capaz-de-filtrar-poluicao-do-ar\/\"},\"author\":{\"name\":\"Luzimara Fernandes\",\"@id\":\"https:\/\/jornalfatosenoticias.com.br\/#\/schema\/person\/d63837fa13ac8666eb9e74e0985d6f81\"},\"headline\":\"Arquiteto inaugura pr\u00e9dio sustent\u00e1vel em Taiwan capaz de filtrar polui\u00e7\u00e3o do ar\",\"datePublished\":\"2021-07-01T22:20:18+00:00\",\"dateModified\":\"2021-07-01T22:20:20+00:00\",\"mainEntityOfPage\":{\"@id\":\"https:\/\/jornalfatosenoticias.com.br\/index.php\/2021\/07\/01\/arquiteto-inaugura-predio-sustentavel-em-taiwan-capaz-de-filtrar-poluicao-do-ar\/\"},\"wordCount\":420,\"commentCount\":0,\"publisher\":{\"@id\":\"https:\/\/jornalfatosenoticias.com.br\/#organization\"},\"image\":{\"@id\":\"https:\/\/jornalfatosenoticias.com.br\/index.php\/2021\/07\/01\/arquiteto-inaugura-predio-sustentavel-em-taiwan-capaz-de-filtrar-poluicao-do-ar\/#primaryimage\"},\"thumbnailUrl\":\"https:\/\/jornalfatosenoticias.com.br\/wp-content\/uploads\/2021\/07\/predio-sustentavel-taiwan-1.jpeg\",\"keywords\":[\"arquitetura sustent\u00e1vel\",\"edif\u00edcio verde\",\"pr\u00e9dio sustent\u00e1vel\",\"sustentabilidade\",\"Taiwan\"],\"articleSection\":[\"Arq &amp; Urb\"],\"inLanguage\":\"pt-BR\",\"potentialAction\":[{\"@type\":\"CommentAction\",\"name\":\"Comment\",\"target\":[\"https:\/\/jornalfatosenoticias.com.br\/index.php\/2021\/07\/01\/arquiteto-inaugura-predio-sustentavel-em-taiwan-capaz-de-filtrar-poluicao-do-ar\/#respond\"]}]},{\"@type\":\"WebPage\",\"@id\":\"https:\/\/jornalfatosenoticias.com.br\/index.php\/2021\/07\/01\/arquiteto-inaugura-predio-sustentavel-em-taiwan-capaz-de-filtrar-poluicao-do-ar\/\",\"url\":\"https:\/\/jornalfatosenoticias.com.br\/index.php\/2021\/07\/01\/arquiteto-inaugura-predio-sustentavel-em-taiwan-capaz-de-filtrar-poluicao-do-ar\/\",\"name\":\"Arquiteto inaugura pr\u00e9dio sustent\u00e1vel em Taiwan capaz de filtrar polui\u00e7\u00e3o do ar - Jornal Fatos e Not\u00edcias\",\"isPartOf\":{\"@id\":\"https:\/\/jornalfatosenoticias.com.br\/#website\"},\"primaryImageOfPage\":{\"@id\":\"https:\/\/jornalfatosenoticias.com.br\/index.php\/2021\/07\/01\/arquiteto-inaugura-predio-sustentavel-em-taiwan-capaz-de-filtrar-poluicao-do-ar\/#primaryimage\"},\"image\":{\"@id\":\"https:\/\/jornalfatosenoticias.com.br\/index.php\/2021\/07\/01\/arquiteto-inaugura-predio-sustentavel-em-taiwan-capaz-de-filtrar-poluicao-do-ar\/#primaryimage\"},\"thumbnailUrl\":\"https:\/\/jornalfatosenoticias.com.br\/wp-content\/uploads\/2021\/07\/predio-sustentavel-taiwan-1.jpeg\",\"datePublished\":\"2021-07-01T22:20:18+00:00\",\"dateModified\":\"2021-07-01T22:20:20+00:00\",\"breadcrumb\":{\"@id\":\"https:\/\/jornalfatosenoticias.com.br\/index.php\/2021\/07\/01\/arquiteto-inaugura-predio-sustentavel-em-taiwan-capaz-de-filtrar-poluicao-do-ar\/#breadcrumb\"},\"inLanguage\":\"pt-BR\",\"potentialAction\":[{\"@type\":\"ReadAction\",\"target\":[\"https:\/\/jornalfatosenoticias.com.br\/index.php\/2021\/07\/01\/arquiteto-inaugura-predio-sustentavel-em-taiwan-capaz-de-filtrar-poluicao-do-ar\/\"]}]},{\"@type\":\"ImageObject\",\"inLanguage\":\"pt-BR\",\"@id\":\"https:\/\/jornalfatosenoticias.com.br\/index.php\/2021\/07\/01\/arquiteto-inaugura-predio-sustentavel-em-taiwan-capaz-de-filtrar-poluicao-do-ar\/#primaryimage\",\"url\":\"https:\/\/jornalfatosenoticias.com.br\/wp-content\/uploads\/2021\/07\/predio-sustentavel-taiwan-1.jpeg\",\"contentUrl\":\"https:\/\/jornalfatosenoticias.com.br\/wp-content\/uploads\/2021\/07\/predio-sustentavel-taiwan-1.jpeg\",\"width\":1000,\"height\":750},{\"@type\":\"BreadcrumbList\",\"@id\":\"https:\/\/jornalfatosenoticias.com.br\/index.php\/2021\/07\/01\/arquiteto-inaugura-predio-sustentavel-em-taiwan-capaz-de-filtrar-poluicao-do-ar\/#breadcrumb\",\"itemListElement\":[{\"@type\":\"ListItem\",\"position\":1,\"name\":\"In\u00edcio\",\"item\":\"https:\/\/jornalfatosenoticias.com.br\/\"},{\"@type\":\"ListItem\",\"position\":2,\"name\":\"Arquiteto inaugura pr\u00e9dio sustent\u00e1vel em Taiwan capaz de filtrar polui\u00e7\u00e3o do ar\"}]},{\"@type\":\"WebSite\",\"@id\":\"https:\/\/jornalfatosenoticias.com.br\/#website\",\"url\":\"https:\/\/jornalfatosenoticias.com.br\/\",\"name\":\"Jornal Fatos e Not\u00edcias\",\"description\":\"Not\u00edcias em geral\",\"publisher\":{\"@id\":\"https:\/\/jornalfatosenoticias.com.br\/#organization\"},\"potentialAction\":[{\"@type\":\"SearchAction\",\"target\":{\"@type\":\"EntryPoint\",\"urlTemplate\":\"https:\/\/jornalfatosenoticias.com.br\/?s={search_term_string}\"},\"query-input\":{\"@type\":\"PropertyValueSpecification\",\"valueRequired\":true,\"valueName\":\"search_term_string\"}}],\"inLanguage\":\"pt-BR\"},{\"@type\":\"Organization\",\"@id\":\"https:\/\/jornalfatosenoticias.com.br\/#organization\",\"name\":\"Jornal Fatos e Not\u00edcias\",\"url\":\"https:\/\/jornalfatosenoticias.com.br\/\",\"logo\":{\"@type\":\"ImageObject\",\"inLanguage\":\"pt-BR\",\"@id\":\"https:\/\/jornalfatosenoticias.com.br\/#\/schema\/logo\/image\/\",\"url\":\"https:\/\/jornalfatosenoticias.com.br\/wp-content\/uploads\/2020\/02\/logo120.png\",\"contentUrl\":\"https:\/\/jornalfatosenoticias.com.br\/wp-content\/uploads\/2020\/02\/logo120.png\",\"width\":1227,\"height\":120,\"caption\":\"Jornal Fatos e Not\u00edcias\"},\"image\":{\"@id\":\"https:\/\/jornalfatosenoticias.com.br\/#\/schema\/logo\/image\/\"}},{\"@type\":\"Person\",\"@id\":\"https:\/\/jornalfatosenoticias.com.br\/#\/schema\/person\/d63837fa13ac8666eb9e74e0985d6f81\",\"name\":\"Luzimara Fernandes\",\"image\":{\"@type\":\"ImageObject\",\"inLanguage\":\"pt-BR\",\"@id\":\"https:\/\/jornalfatosenoticias.com.br\/#\/schema\/person\/image\/\",\"url\":\"https:\/\/jornalfatosenoticias.com.br\/wp-content\/uploads\/2025\/05\/EU_portal.jpg\",\"contentUrl\":\"https:\/\/jornalfatosenoticias.com.br\/wp-content\/uploads\/2025\/05\/EU_portal.jpg\",\"caption\":\"Luzimara Fernandes\"},\"description\":\"Jornalista MTB 2358-ES\",\"sameAs\":[\"https:\/\/jornalfatosenoticias.com.br\"],\"url\":\"https:\/\/jornalfatosenoticias.com.br\/index.php\/author\/luzimara\/\"}]}<\/script>\n<!-- \/ Yoast SEO plugin. -->","yoast_head_json":{"title":"Arquiteto inaugura pr\u00e9dio sustent\u00e1vel em Taiwan capaz de filtrar polui\u00e7\u00e3o do ar - Jornal Fatos e Not\u00edcias","robots":{"index":"index","follow":"follow","max-snippet":"max-snippet:-1","max-image-preview":"max-image-preview:large","max-video-preview":"max-video-preview:-1"},"canonical":"https:\/\/jornalfatosenoticias.com.br\/index.php\/2021\/07\/01\/arquiteto-inaugura-predio-sustentavel-em-taiwan-capaz-de-filtrar-poluicao-do-ar\/","og_locale":"pt_BR","og_type":"article","og_title":"Arquiteto inaugura pr\u00e9dio sustent\u00e1vel em Taiwan capaz de filtrar polui\u00e7\u00e3o do ar - Jornal Fatos e Not\u00edcias","og_description":"Conhecido pelos projetos ousados, o arquiteto belga Vincent Callebaut acaba de inaugurar um pr\u00e9dio capaz de filtrar a polui\u00e7\u00e3o do ar em Taiwan. Localizado na capital Taipei, a torre do condom\u00ednio de 21 andares possui uma forma sinuosa inspirada na estrutura de dupla h\u00e9lice do DNA, e ser\u00e1 conclu\u00edda ainda este ano.\u201cA torre apresenta um [&hellip;]","og_url":"https:\/\/jornalfatosenoticias.com.br\/index.php\/2021\/07\/01\/arquiteto-inaugura-predio-sustentavel-em-taiwan-capaz-de-filtrar-poluicao-do-ar\/","og_site_name":"Jornal Fatos e Not\u00edcias","article_published_time":"2021-07-01T22:20:18+00:00","article_modified_time":"2021-07-01T22:20:20+00:00","og_image":[{"width":1000,"height":750,"url":"https:\/\/jornalfatosenoticias.com.br\/wp-content\/uploads\/2021\/07\/predio-sustentavel-taiwan-1.jpeg","type":"image\/jpeg"}],"author":"Luzimara Fernandes","twitter_card":"summary_large_image","twitter_misc":{"Escrito por":"Luzimara Fernandes","Est. tempo de leitura":"2 minutos"},"schema":{"@context":"https:\/\/schema.org","@graph":[{"@type":"Article","@id":"https:\/\/jornalfatosenoticias.com.br\/index.php\/2021\/07\/01\/arquiteto-inaugura-predio-sustentavel-em-taiwan-capaz-de-filtrar-poluicao-do-ar\/#article","isPartOf":{"@id":"https:\/\/jornalfatosenoticias.com.br\/index.php\/2021\/07\/01\/arquiteto-inaugura-predio-sustentavel-em-taiwan-capaz-de-filtrar-poluicao-do-ar\/"},"author":{"name":"Luzimara Fernandes","@id":"https:\/\/jornalfatosenoticias.com.br\/#\/schema\/person\/d63837fa13ac8666eb9e74e0985d6f81"},"headline":"Arquiteto inaugura pr\u00e9dio sustent\u00e1vel em Taiwan capaz de filtrar polui\u00e7\u00e3o do ar","datePublished":"2021-07-01T22:20:18+00:00","dateModified":"2021-07-01T22:20:20+00:00","mainEntityOfPage":{"@id":"https:\/\/jornalfatosenoticias.com.br\/index.php\/2021\/07\/01\/arquiteto-inaugura-predio-sustentavel-em-taiwan-capaz-de-filtrar-poluicao-do-ar\/"},"wordCount":420,"commentCount":0,"publisher":{"@id":"https:\/\/jornalfatosenoticias.com.br\/#organization"},"image":{"@id":"https:\/\/jornalfatosenoticias.com.br\/index.php\/2021\/07\/01\/arquiteto-inaugura-predio-sustentavel-em-taiwan-capaz-de-filtrar-poluicao-do-ar\/#primaryimage"},"thumbnailUrl":"https:\/\/jornalfatosenoticias.com.br\/wp-content\/uploads\/2021\/07\/predio-sustentavel-taiwan-1.jpeg","keywords":["arquitetura sustent\u00e1vel","edif\u00edcio verde","pr\u00e9dio sustent\u00e1vel","sustentabilidade","Taiwan"],"articleSection":["Arq &amp; Urb"],"inLanguage":"pt-BR","potentialAction":[{"@type":"CommentAction","name":"Comment","target":["https:\/\/jornalfatosenoticias.com.br\/index.php\/2021\/07\/01\/arquiteto-inaugura-predio-sustentavel-em-taiwan-capaz-de-filtrar-poluicao-do-ar\/#respond"]}]},{"@type":"WebPage","@id":"https:\/\/jornalfatosenoticias.com.br\/index.php\/2021\/07\/01\/arquiteto-inaugura-predio-sustentavel-em-taiwan-capaz-de-filtrar-poluicao-do-ar\/","url":"https:\/\/jornalfatosenoticias.com.br\/index.php\/2021\/07\/01\/arquiteto-inaugura-predio-sustentavel-em-taiwan-capaz-de-filtrar-poluicao-do-ar\/","name":"Arquiteto inaugura pr\u00e9dio sustent\u00e1vel em Taiwan capaz de filtrar polui\u00e7\u00e3o do ar - Jornal Fatos e Not\u00edcias","isPartOf":{"@id":"https:\/\/jornalfatosenoticias.com.br\/#website"},"primaryImageOfPage":{"@id":"https:\/\/jornalfatosenoticias.com.br\/index.php\/2021\/07\/01\/arquiteto-inaugura-predio-sustentavel-em-taiwan-capaz-de-filtrar-poluicao-do-ar\/#primaryimage"},"image":{"@id":"https:\/\/jornalfatosenoticias.com.br\/index.php\/2021\/07\/01\/arquiteto-inaugura-predio-sustentavel-em-taiwan-capaz-de-filtrar-poluicao-do-ar\/#primaryimage"},"thumbnailUrl":"https:\/\/jornalfatosenoticias.com.br\/wp-content\/uploads\/2021\/07\/predio-sustentavel-taiwan-1.jpeg","datePublished":"2021-07-01T22:20:18+00:00","dateModified":"2021-07-01T22:20:20+00:00","breadcrumb":{"@id":"https:\/\/jornalfatosenoticias.com.br\/index.php\/2021\/07\/01\/arquiteto-inaugura-predio-sustentavel-em-taiwan-capaz-de-filtrar-poluicao-do-ar\/#breadcrumb"},"inLanguage":"pt-BR","potentialAction":[{"@type":"ReadAction","target":["https:\/\/jornalfatosenoticias.com.br\/index.php\/2021\/07\/01\/arquiteto-inaugura-predio-sustentavel-em-taiwan-capaz-de-filtrar-poluicao-do-ar\/"]}]},{"@type":"ImageObject","inLanguage":"pt-BR","@id":"https:\/\/jornalfatosenoticias.com.br\/index.php\/2021\/07\/01\/arquiteto-inaugura-predio-sustentavel-em-taiwan-capaz-de-filtrar-poluicao-do-ar\/#primaryimage","url":"https:\/\/jornalfatosenoticias.com.br\/wp-content\/uploads\/2021\/07\/predio-sustentavel-taiwan-1.jpeg","contentUrl":"https:\/\/jornalfatosenoticias.com.br\/wp-content\/uploads\/2021\/07\/predio-sustentavel-taiwan-1.jpeg","width":1000,"height":750},{"@type":"BreadcrumbList","@id":"https:\/\/jornalfatosenoticias.com.br\/index.php\/2021\/07\/01\/arquiteto-inaugura-predio-sustentavel-em-taiwan-capaz-de-filtrar-poluicao-do-ar\/#breadcrumb","itemListElement":[{"@type":"ListItem","position":1,"name":"In\u00edcio","item":"https:\/\/jornalfatosenoticias.com.br\/"},{"@type":"ListItem","position":2,"name":"Arquiteto inaugura pr\u00e9dio sustent\u00e1vel em Taiwan capaz de filtrar polui\u00e7\u00e3o do ar"}]},{"@type":"WebSite","@id":"https:\/\/jornalfatosenoticias.com.br\/#website","url":"https:\/\/jornalfatosenoticias.com.br\/","name":"Jornal Fatos e Not\u00edcias","description":"Not\u00edcias em geral","publisher":{"@id":"https:\/\/jornalfatosenoticias.com.br\/#organization"},"potentialAction":[{"@type":"SearchAction","target":{"@type":"EntryPoint","urlTemplate":"https:\/\/jornalfatosenoticias.com.br\/?s={search_term_string}"},"query-input":{"@type":"PropertyValueSpecification","valueRequired":true,"valueName":"search_term_string"}}],"inLanguage":"pt-BR"},{"@type":"Organization","@id":"https:\/\/jornalfatosenoticias.com.br\/#organization","name":"Jornal Fatos e Not\u00edcias","url":"https:\/\/jornalfatosenoticias.com.br\/","logo":{"@type":"ImageObject","inLanguage":"pt-BR","@id":"https:\/\/jornalfatosenoticias.com.br\/#\/schema\/logo\/image\/","url":"https:\/\/jornalfatosenoticias.com.br\/wp-content\/uploads\/2020\/02\/logo120.png","contentUrl":"https:\/\/jornalfatosenoticias.com.br\/wp-content\/uploads\/2020\/02\/logo120.png","width":1227,"height":120,"caption":"Jornal Fatos e Not\u00edcias"},"image":{"@id":"https:\/\/jornalfatosenoticias.com.br\/#\/schema\/logo\/image\/"}},{"@type":"Person","@id":"https:\/\/jornalfatosenoticias.com.br\/#\/schema\/person\/d63837fa13ac8666eb9e74e0985d6f81","name":"Luzimara Fernandes","image":{"@type":"ImageObject","inLanguage":"pt-BR","@id":"https:\/\/jornalfatosenoticias.com.br\/#\/schema\/person\/image\/","url":"https:\/\/jornalfatosenoticias.com.br\/wp-content\/uploads\/2025\/05\/EU_portal.jpg","contentUrl":"https:\/\/jornalfatosenoticias.com.br\/wp-content\/uploads\/2025\/05\/EU_portal.jpg","caption":"Luzimara Fernandes"},"description":"Jornalista MTB 2358-ES","sameAs":["https:\/\/jornalfatosenoticias.com.br"],"url":"https:\/\/jornalfatosenoticias.com.br\/index.php\/author\/luzimara\/"}]}},"cc_featured_image_caption":{"caption_text":"(Foto: Divulga\u00e7\u00e3o) ","source_text":"","source_url":""},"jetpack_featured_media_url":"https:\/\/jornalfatosenoticias.com.br\/wp-content\/uploads\/2021\/07\/predio-sustentavel-taiwan-1.jpeg","_links":{"self":[{"href":"https:\/\/jornalfatosenoticias.com.br\/index.php\/wp-json\/wp\/v2\/posts\/20107","targetHints":{"allow":["GET"]}}],"collection":[{"href":"https:\/\/jornalfatosenoticias.com.br\/index.php\/wp-json\/wp\/v2\/posts"}],"about":[{"href":"https:\/\/jornalfatosenoticias.com.br\/index.php\/wp-json\/wp\/v2\/types\/post"}],"author":[{"embeddable":true,"href":"https:\/\/jornalfatosenoticias.com.br\/index.php\/wp-json\/wp\/v2\/users\/2"}],"replies":[{"embeddable":true,"href":"https:\/\/jornalfatosenoticias.com.br\/index.php\/wp-json\/wp\/v2\/comments?post=20107"}],"version-history":[{"count":0,"href":"https:\/\/jornalfatosenoticias.com.br\/index.php\/wp-json\/wp\/v2\/posts\/20107\/revisions"}],"wp:featuredmedia":[{"embeddable":true,"href":"https:\/\/jornalfatosenoticias.com.br\/index.php\/wp-json\/wp\/v2\/media\/20113"}],"wp:attachment":[{"href":"https:\/\/jornalfatosenoticias.com.br\/index.php\/wp-json\/wp\/v2\/media?parent=20107"}],"wp:term":[{"taxonomy":"category","embeddable":true,"href":"https:\/\/jornalfatosenoticias.com.br\/index.php\/wp-json\/wp\/v2\/categories?post=20107"},{"taxonomy":"post_tag","embeddable":true,"href":"https:\/\/jornalfatosenoticias.com.br\/index.php\/wp-json\/wp\/v2\/tags?post=20107"}],"curies":[{"name":"wp","href":"https:\/\/api.w.org\/{rel}","templated":true}]}}