{"id":20222,"date":"2021-07-05T17:53:58","date_gmt":"2021-07-05T20:53:58","guid":{"rendered":"https:\/\/jornalfatosenoticias.com.br\/?p=20222"},"modified":"2021-07-05T17:53:59","modified_gmt":"2021-07-05T20:53:59","slug":"cidade-mineira-adota-tarifa-zero-no-transporte-publico","status":"publish","type":"post","link":"https:\/\/jornalfatosenoticias.com.br\/index.php\/2021\/07\/05\/cidade-mineira-adota-tarifa-zero-no-transporte-publico\/","title":{"rendered":"Cidade mineira adota tarifa zero no transporte p\u00fablico"},"content":{"rendered":"\n<p><em><span class=\"has-inline-color has-black-color\">Moradores de Caet\u00e9, na Grande Belo Horizonte, podem usar \u00f4nibus de gra\u00e7a<\/span><\/em><\/p>\n\n\n\n<p>A 60 km de Belo Horizonte, Caet\u00e9 \u00e9 a mais nova cidade brasileira a adotar a gratuidade no transporte p\u00fablico. O modelo come\u00e7ou na \u00faltima quinta-feira (1\u00ba) e ser\u00e1 testado por seis meses \u2014 podendo ser implementado de forma definitiva.<br>O projeto aprovado pela C\u00e2mara garante que os moradores possam usar as seis linhas de \u00f4nibus, que atendem o munic\u00edpio, sem tirar um tost\u00e3o do bolso. Antes, a passagem era de R$ 4.<br>O custeio veio em forma de subs\u00eddio de R$ 90 mil por m\u00eas \u00e0 empresa Transcol Caet\u00e9, concession\u00e1ria de transporte que opera na cidade e cogitou encerrar a presta\u00e7\u00e3o de servi\u00e7o ap\u00f3s relatar dificuldades financeiras.<br>A Transcol afirma que transportava, em m\u00e9dia, 55 mil passageiros por m\u00eas. Com a pandemia, o n\u00famero caiu para 18 mil. A queda no n\u00famero de passageiros se reflete na queda de arrecada\u00e7\u00e3o.<br>O valor do subs\u00eddio, proposto pela gest\u00e3o municipal, foi adequado \u00e0 capacidade or\u00e7ament\u00e1ria tendo em vista que foi realizado previamente um estudo de impacto financeiro. Al\u00e9m disso, segundo o prefeito da cidade, Lucas Coelho Ferreira, Caet\u00e9 j\u00e1 gastava em torno de R$ 30 mil com vale transporte.<br>\u00c0 Transcol caber\u00e1 disponibilizar o sistema de controle de passageiros e quilometragem, respeitar hor\u00e1rios e itiner\u00e1rios definidos, al\u00e9m de prestar contas sobre o uso dos recursos municipais.<\/p>\n\n\n\n<figure class=\"wp-block-embed-twitter wp-block-embed is-type-rich is-provider-twitter\"><div class=\"wp-block-embed__wrapper\">\n<blockquote class=\"twitter-tweet\" data-width=\"550\" data-dnt=\"true\"><p lang=\"pt\" dir=\"ltr\">tarifa zero em Caet\u00e9, na RMBH<br><br>T\u00c1 TENDO! <br><br>uma conquista para a cidade e seus moradores. importante acompanhar, ver quais as demandas e os ajustes, o futuro da licita\u00e7\u00e3o. <br><br>\u00c9 poss\u00edvel fazer acontecer! outro jeito de existir nas cidades est\u00e1 ao nosso alcance, viu, kalil?! <a href=\"https:\/\/t.co\/UPDfVFHaoA\">pic.twitter.com\/UPDfVFHaoA<\/a><\/p>&mdash; Tarifa Zero BH (@tarifazerobh) <a href=\"https:\/\/twitter.com\/tarifazerobh\/status\/1410994537460342789?ref_src=twsrc%5Etfw\">July 2, 2021<\/a><\/blockquote><script async src=\"https:\/\/platform.twitter.com\/widgets.js\" charset=\"utf-8\"><\/script>\n<\/div><figcaption><em><span class=\"has-inline-color has-black-color\">Movimento que reivindica a tarifa zero em Belo Horizonte comemorou a novidade<\/span><\/em><\/figcaption><\/figure>\n\n\n\n<p><strong><span class=\"has-inline-color has-black-color\">Passe livre como direito<br><\/span><\/strong>A medida vai garantir o direito ao transporte p\u00fablico \u00e0 popula\u00e7\u00e3o. Para moradores em situa\u00e7\u00f5es economicamente vulner\u00e1veis, a catraca, muitas vezes, limita o acesso a outros direitos b\u00e1sicos, como ao hospital, \u00e0 escola e at\u00e9 na sa\u00edda para procura de emprego.<br>O passe livre tamb\u00e9m \u00e9 uma maneira de desestimular o uso de ve\u00edculos privados e, consequentemente, melhorar o congestionamento e a qualidade do ar na cidade. O incentivo ao transporte p\u00fablico coletivo pode ser uma pol\u00edtica p\u00fablica para dr\u00e1stica redu\u00e7\u00e3o das emiss\u00f5es poluentes nas cidades.<br>Por enquanto, a gratuidade valer\u00e1 at\u00e9 dezembro. Enquanto isso, a prefeitura j\u00e1 elabora um novo projeto de lei para manter a tarifa zero definitivamente.<br>Com popula\u00e7\u00e3o estimada de 45 mil habitantes, Caet\u00e9 \u00e9 a segunda cidade da regi\u00e3o metropolitana de Belo Horizonte a adotar a tarifa zero. A primeira delas foi Itatiaiu\u00e7u que implementou a gratuidade em 2015. Recentemente, a <a href=\"https:\/\/ciclovivo.com.br\/arq-urb\/mobilidade\/cidade-sp-zera-tarifa-transporte-publico\/\" target=\"_blank\" rel=\"noreferrer noopener\">cidade de Assis<\/a>, no interior de S\u00e3o Paulo, tamb\u00e9m passou a disponibilizar \u00f4nibus de gra\u00e7a. Neste \u00faltimo caso, a medida valer\u00e1 enquanto durar a pandemia.<\/p>\n\n\n\n<p><strong>Leia tamb\u00e9m:<\/strong>\u00a0<a href=\"https:\/\/ciclovivo.com.br\/arq-urb\/mobilidade\/transporte-publico-coletivo-gratuito\/\" target=\"_blank\" rel=\"noreferrer noopener\">Transporte p\u00fablico coletivo gratuito<\/a>\u00a0\u00e9 poss\u00edvel, diz pesquisa<\/p>\n\n\n\n<p><strong><em>Fonte: <a href=\"https:\/\/ciclovivo.com.br\/arq-urb\/mobilidade\/caete-tarifa-zero-transporte-publico\/\">CicloVivo<\/a><\/em><\/strong><\/p>\n","protected":false},"excerpt":{"rendered":"<p>Moradores de Caet\u00e9, na Grande Belo Horizonte, podem usar \u00f4nibus de gra\u00e7a A 60 km de Belo Horizonte, Caet\u00e9 \u00e9 a mais nova cidade brasileira a adotar a gratuidade no transporte p\u00fablico. O modelo come\u00e7ou na \u00faltima quinta-feira (1\u00ba) e ser\u00e1 testado por seis meses \u2014 podendo ser implementado de forma definitiva.O projeto aprovado pela [&hellip;]<\/p>\n","protected":false},"author":2,"featured_media":20223,"comment_status":"open","ping_status":"open","sticky":false,"template":"","format":"standard","meta":{"footnotes":""},"categories":[9923],"tags":[9926,1924,9927,9925,6833],"class_list":["post-20222","post","type-post","status-publish","format-standard","has-post-thumbnail","hentry","category-mobilidade","tag-caete","tag-minas-gerais","tag-onibus-de-graca","tag-tarifa-zero","tag-transporte-publico"],"yoast_head":"<!-- This site is optimized with the Yoast SEO plugin v26.5 - https:\/\/yoast.com\/wordpress\/plugins\/seo\/ -->\n<title>Cidade mineira adota tarifa zero no transporte p\u00fablico - Jornal Fatos e Not\u00edcias<\/title>\n<meta name=\"robots\" content=\"index, follow, max-snippet:-1, max-image-preview:large, max-video-preview:-1\" \/>\n<link rel=\"canonical\" href=\"https:\/\/jornalfatosenoticias.com.br\/index.php\/2021\/07\/05\/cidade-mineira-adota-tarifa-zero-no-transporte-publico\/\" \/>\n<meta property=\"og:locale\" content=\"pt_BR\" \/>\n<meta property=\"og:type\" content=\"article\" \/>\n<meta property=\"og:title\" content=\"Cidade mineira adota tarifa zero no transporte p\u00fablico - Jornal Fatos e Not\u00edcias\" \/>\n<meta property=\"og:description\" content=\"Moradores de Caet\u00e9, na Grande Belo Horizonte, podem usar \u00f4nibus de gra\u00e7a A 60 km de Belo Horizonte, Caet\u00e9 \u00e9 a mais nova cidade brasileira a adotar a gratuidade no transporte p\u00fablico. O modelo come\u00e7ou na \u00faltima quinta-feira (1\u00ba) e ser\u00e1 testado por seis meses \u2014 podendo ser implementado de forma definitiva.O projeto aprovado pela [&hellip;]\" \/>\n<meta property=\"og:url\" content=\"https:\/\/jornalfatosenoticias.com.br\/index.php\/2021\/07\/05\/cidade-mineira-adota-tarifa-zero-no-transporte-publico\/\" \/>\n<meta property=\"og:site_name\" content=\"Jornal Fatos e Not\u00edcias\" \/>\n<meta property=\"article:published_time\" content=\"2021-07-05T20:53:58+00:00\" \/>\n<meta property=\"article:modified_time\" content=\"2021-07-05T20:53:59+00:00\" \/>\n<meta property=\"og:image\" content=\"https:\/\/jornalfatosenoticias.com.br\/wp-content\/uploads\/2021\/07\/caete-transporte.jpg\" \/>\n\t<meta property=\"og:image:width\" content=\"1000\" \/>\n\t<meta property=\"og:image:height\" content=\"666\" \/>\n\t<meta property=\"og:image:type\" content=\"image\/jpeg\" \/>\n<meta name=\"author\" content=\"Luzimara Fernandes\" \/>\n<meta name=\"twitter:card\" content=\"summary_large_image\" \/>\n<meta name=\"twitter:label1\" content=\"Escrito por\" \/>\n\t<meta name=\"twitter:data1\" content=\"Luzimara Fernandes\" \/>\n\t<meta name=\"twitter:label2\" content=\"Est. tempo de leitura\" \/>\n\t<meta name=\"twitter:data2\" content=\"2 minutos\" \/>\n<script type=\"application\/ld+json\" class=\"yoast-schema-graph\">{\"@context\":\"https:\/\/schema.org\",\"@graph\":[{\"@type\":\"Article\",\"@id\":\"https:\/\/jornalfatosenoticias.com.br\/index.php\/2021\/07\/05\/cidade-mineira-adota-tarifa-zero-no-transporte-publico\/#article\",\"isPartOf\":{\"@id\":\"https:\/\/jornalfatosenoticias.com.br\/index.php\/2021\/07\/05\/cidade-mineira-adota-tarifa-zero-no-transporte-publico\/\"},\"author\":{\"name\":\"Luzimara Fernandes\",\"@id\":\"https:\/\/jornalfatosenoticias.com.br\/#\/schema\/person\/d63837fa13ac8666eb9e74e0985d6f81\"},\"headline\":\"Cidade mineira adota tarifa zero no transporte p\u00fablico\",\"datePublished\":\"2021-07-05T20:53:58+00:00\",\"dateModified\":\"2021-07-05T20:53:59+00:00\",\"mainEntityOfPage\":{\"@id\":\"https:\/\/jornalfatosenoticias.com.br\/index.php\/2021\/07\/05\/cidade-mineira-adota-tarifa-zero-no-transporte-publico\/\"},\"wordCount\":494,\"commentCount\":0,\"publisher\":{\"@id\":\"https:\/\/jornalfatosenoticias.com.br\/#organization\"},\"image\":{\"@id\":\"https:\/\/jornalfatosenoticias.com.br\/index.php\/2021\/07\/05\/cidade-mineira-adota-tarifa-zero-no-transporte-publico\/#primaryimage\"},\"thumbnailUrl\":\"https:\/\/jornalfatosenoticias.com.br\/wp-content\/uploads\/2021\/07\/caete-transporte.jpg\",\"keywords\":[\"Caet\u00e9\",\"Minas Gerais\",\"\u00f4nibus de gra\u00e7a\",\"tarifa zero\",\"transporte p\u00fablico\"],\"articleSection\":[\"Mobilidade\"],\"inLanguage\":\"pt-BR\",\"potentialAction\":[{\"@type\":\"CommentAction\",\"name\":\"Comment\",\"target\":[\"https:\/\/jornalfatosenoticias.com.br\/index.php\/2021\/07\/05\/cidade-mineira-adota-tarifa-zero-no-transporte-publico\/#respond\"]}]},{\"@type\":\"WebPage\",\"@id\":\"https:\/\/jornalfatosenoticias.com.br\/index.php\/2021\/07\/05\/cidade-mineira-adota-tarifa-zero-no-transporte-publico\/\",\"url\":\"https:\/\/jornalfatosenoticias.com.br\/index.php\/2021\/07\/05\/cidade-mineira-adota-tarifa-zero-no-transporte-publico\/\",\"name\":\"Cidade mineira adota tarifa zero no transporte p\u00fablico - Jornal Fatos e Not\u00edcias\",\"isPartOf\":{\"@id\":\"https:\/\/jornalfatosenoticias.com.br\/#website\"},\"primaryImageOfPage\":{\"@id\":\"https:\/\/jornalfatosenoticias.com.br\/index.php\/2021\/07\/05\/cidade-mineira-adota-tarifa-zero-no-transporte-publico\/#primaryimage\"},\"image\":{\"@id\":\"https:\/\/jornalfatosenoticias.com.br\/index.php\/2021\/07\/05\/cidade-mineira-adota-tarifa-zero-no-transporte-publico\/#primaryimage\"},\"thumbnailUrl\":\"https:\/\/jornalfatosenoticias.com.br\/wp-content\/uploads\/2021\/07\/caete-transporte.jpg\",\"datePublished\":\"2021-07-05T20:53:58+00:00\",\"dateModified\":\"2021-07-05T20:53:59+00:00\",\"breadcrumb\":{\"@id\":\"https:\/\/jornalfatosenoticias.com.br\/index.php\/2021\/07\/05\/cidade-mineira-adota-tarifa-zero-no-transporte-publico\/#breadcrumb\"},\"inLanguage\":\"pt-BR\",\"potentialAction\":[{\"@type\":\"ReadAction\",\"target\":[\"https:\/\/jornalfatosenoticias.com.br\/index.php\/2021\/07\/05\/cidade-mineira-adota-tarifa-zero-no-transporte-publico\/\"]}]},{\"@type\":\"ImageObject\",\"inLanguage\":\"pt-BR\",\"@id\":\"https:\/\/jornalfatosenoticias.com.br\/index.php\/2021\/07\/05\/cidade-mineira-adota-tarifa-zero-no-transporte-publico\/#primaryimage\",\"url\":\"https:\/\/jornalfatosenoticias.com.br\/wp-content\/uploads\/2021\/07\/caete-transporte.jpg\",\"contentUrl\":\"https:\/\/jornalfatosenoticias.com.br\/wp-content\/uploads\/2021\/07\/caete-transporte.jpg\",\"width\":1000,\"height\":666},{\"@type\":\"BreadcrumbList\",\"@id\":\"https:\/\/jornalfatosenoticias.com.br\/index.php\/2021\/07\/05\/cidade-mineira-adota-tarifa-zero-no-transporte-publico\/#breadcrumb\",\"itemListElement\":[{\"@type\":\"ListItem\",\"position\":1,\"name\":\"In\u00edcio\",\"item\":\"https:\/\/jornalfatosenoticias.com.br\/\"},{\"@type\":\"ListItem\",\"position\":2,\"name\":\"Cidade mineira adota tarifa zero no transporte p\u00fablico\"}]},{\"@type\":\"WebSite\",\"@id\":\"https:\/\/jornalfatosenoticias.com.br\/#website\",\"url\":\"https:\/\/jornalfatosenoticias.com.br\/\",\"name\":\"Jornal Fatos e Not\u00edcias\",\"description\":\"Not\u00edcias em geral\",\"publisher\":{\"@id\":\"https:\/\/jornalfatosenoticias.com.br\/#organization\"},\"potentialAction\":[{\"@type\":\"SearchAction\",\"target\":{\"@type\":\"EntryPoint\",\"urlTemplate\":\"https:\/\/jornalfatosenoticias.com.br\/?s={search_term_string}\"},\"query-input\":{\"@type\":\"PropertyValueSpecification\",\"valueRequired\":true,\"valueName\":\"search_term_string\"}}],\"inLanguage\":\"pt-BR\"},{\"@type\":\"Organization\",\"@id\":\"https:\/\/jornalfatosenoticias.com.br\/#organization\",\"name\":\"Jornal Fatos e Not\u00edcias\",\"url\":\"https:\/\/jornalfatosenoticias.com.br\/\",\"logo\":{\"@type\":\"ImageObject\",\"inLanguage\":\"pt-BR\",\"@id\":\"https:\/\/jornalfatosenoticias.com.br\/#\/schema\/logo\/image\/\",\"url\":\"https:\/\/jornalfatosenoticias.com.br\/wp-content\/uploads\/2020\/02\/logo120.png\",\"contentUrl\":\"https:\/\/jornalfatosenoticias.com.br\/wp-content\/uploads\/2020\/02\/logo120.png\",\"width\":1227,\"height\":120,\"caption\":\"Jornal Fatos e Not\u00edcias\"},\"image\":{\"@id\":\"https:\/\/jornalfatosenoticias.com.br\/#\/schema\/logo\/image\/\"}},{\"@type\":\"Person\",\"@id\":\"https:\/\/jornalfatosenoticias.com.br\/#\/schema\/person\/d63837fa13ac8666eb9e74e0985d6f81\",\"name\":\"Luzimara Fernandes\",\"image\":{\"@type\":\"ImageObject\",\"inLanguage\":\"pt-BR\",\"@id\":\"https:\/\/jornalfatosenoticias.com.br\/#\/schema\/person\/image\/\",\"url\":\"https:\/\/jornalfatosenoticias.com.br\/wp-content\/uploads\/2025\/05\/EU_portal.jpg\",\"contentUrl\":\"https:\/\/jornalfatosenoticias.com.br\/wp-content\/uploads\/2025\/05\/EU_portal.jpg\",\"caption\":\"Luzimara Fernandes\"},\"description\":\"Jornalista MTB 2358-ES\",\"sameAs\":[\"https:\/\/jornalfatosenoticias.com.br\"],\"url\":\"https:\/\/jornalfatosenoticias.com.br\/index.php\/author\/luzimara\/\"}]}<\/script>\n<!-- \/ Yoast SEO plugin. -->","yoast_head_json":{"title":"Cidade mineira adota tarifa zero no transporte p\u00fablico - Jornal Fatos e Not\u00edcias","robots":{"index":"index","follow":"follow","max-snippet":"max-snippet:-1","max-image-preview":"max-image-preview:large","max-video-preview":"max-video-preview:-1"},"canonical":"https:\/\/jornalfatosenoticias.com.br\/index.php\/2021\/07\/05\/cidade-mineira-adota-tarifa-zero-no-transporte-publico\/","og_locale":"pt_BR","og_type":"article","og_title":"Cidade mineira adota tarifa zero no transporte p\u00fablico - Jornal Fatos e Not\u00edcias","og_description":"Moradores de Caet\u00e9, na Grande Belo Horizonte, podem usar \u00f4nibus de gra\u00e7a A 60 km de Belo Horizonte, Caet\u00e9 \u00e9 a mais nova cidade brasileira a adotar a gratuidade no transporte p\u00fablico. O modelo come\u00e7ou na \u00faltima quinta-feira (1\u00ba) e ser\u00e1 testado por seis meses \u2014 podendo ser implementado de forma definitiva.O projeto aprovado pela [&hellip;]","og_url":"https:\/\/jornalfatosenoticias.com.br\/index.php\/2021\/07\/05\/cidade-mineira-adota-tarifa-zero-no-transporte-publico\/","og_site_name":"Jornal Fatos e Not\u00edcias","article_published_time":"2021-07-05T20:53:58+00:00","article_modified_time":"2021-07-05T20:53:59+00:00","og_image":[{"width":1000,"height":666,"url":"https:\/\/jornalfatosenoticias.com.br\/wp-content\/uploads\/2021\/07\/caete-transporte.jpg","type":"image\/jpeg"}],"author":"Luzimara Fernandes","twitter_card":"summary_large_image","twitter_misc":{"Escrito por":"Luzimara Fernandes","Est. tempo de leitura":"2 minutos"},"schema":{"@context":"https:\/\/schema.org","@graph":[{"@type":"Article","@id":"https:\/\/jornalfatosenoticias.com.br\/index.php\/2021\/07\/05\/cidade-mineira-adota-tarifa-zero-no-transporte-publico\/#article","isPartOf":{"@id":"https:\/\/jornalfatosenoticias.com.br\/index.php\/2021\/07\/05\/cidade-mineira-adota-tarifa-zero-no-transporte-publico\/"},"author":{"name":"Luzimara Fernandes","@id":"https:\/\/jornalfatosenoticias.com.br\/#\/schema\/person\/d63837fa13ac8666eb9e74e0985d6f81"},"headline":"Cidade mineira adota tarifa zero no transporte p\u00fablico","datePublished":"2021-07-05T20:53:58+00:00","dateModified":"2021-07-05T20:53:59+00:00","mainEntityOfPage":{"@id":"https:\/\/jornalfatosenoticias.com.br\/index.php\/2021\/07\/05\/cidade-mineira-adota-tarifa-zero-no-transporte-publico\/"},"wordCount":494,"commentCount":0,"publisher":{"@id":"https:\/\/jornalfatosenoticias.com.br\/#organization"},"image":{"@id":"https:\/\/jornalfatosenoticias.com.br\/index.php\/2021\/07\/05\/cidade-mineira-adota-tarifa-zero-no-transporte-publico\/#primaryimage"},"thumbnailUrl":"https:\/\/jornalfatosenoticias.com.br\/wp-content\/uploads\/2021\/07\/caete-transporte.jpg","keywords":["Caet\u00e9","Minas Gerais","\u00f4nibus de gra\u00e7a","tarifa zero","transporte p\u00fablico"],"articleSection":["Mobilidade"],"inLanguage":"pt-BR","potentialAction":[{"@type":"CommentAction","name":"Comment","target":["https:\/\/jornalfatosenoticias.com.br\/index.php\/2021\/07\/05\/cidade-mineira-adota-tarifa-zero-no-transporte-publico\/#respond"]}]},{"@type":"WebPage","@id":"https:\/\/jornalfatosenoticias.com.br\/index.php\/2021\/07\/05\/cidade-mineira-adota-tarifa-zero-no-transporte-publico\/","url":"https:\/\/jornalfatosenoticias.com.br\/index.php\/2021\/07\/05\/cidade-mineira-adota-tarifa-zero-no-transporte-publico\/","name":"Cidade mineira adota tarifa zero no transporte p\u00fablico - Jornal Fatos e Not\u00edcias","isPartOf":{"@id":"https:\/\/jornalfatosenoticias.com.br\/#website"},"primaryImageOfPage":{"@id":"https:\/\/jornalfatosenoticias.com.br\/index.php\/2021\/07\/05\/cidade-mineira-adota-tarifa-zero-no-transporte-publico\/#primaryimage"},"image":{"@id":"https:\/\/jornalfatosenoticias.com.br\/index.php\/2021\/07\/05\/cidade-mineira-adota-tarifa-zero-no-transporte-publico\/#primaryimage"},"thumbnailUrl":"https:\/\/jornalfatosenoticias.com.br\/wp-content\/uploads\/2021\/07\/caete-transporte.jpg","datePublished":"2021-07-05T20:53:58+00:00","dateModified":"2021-07-05T20:53:59+00:00","breadcrumb":{"@id":"https:\/\/jornalfatosenoticias.com.br\/index.php\/2021\/07\/05\/cidade-mineira-adota-tarifa-zero-no-transporte-publico\/#breadcrumb"},"inLanguage":"pt-BR","potentialAction":[{"@type":"ReadAction","target":["https:\/\/jornalfatosenoticias.com.br\/index.php\/2021\/07\/05\/cidade-mineira-adota-tarifa-zero-no-transporte-publico\/"]}]},{"@type":"ImageObject","inLanguage":"pt-BR","@id":"https:\/\/jornalfatosenoticias.com.br\/index.php\/2021\/07\/05\/cidade-mineira-adota-tarifa-zero-no-transporte-publico\/#primaryimage","url":"https:\/\/jornalfatosenoticias.com.br\/wp-content\/uploads\/2021\/07\/caete-transporte.jpg","contentUrl":"https:\/\/jornalfatosenoticias.com.br\/wp-content\/uploads\/2021\/07\/caete-transporte.jpg","width":1000,"height":666},{"@type":"BreadcrumbList","@id":"https:\/\/jornalfatosenoticias.com.br\/index.php\/2021\/07\/05\/cidade-mineira-adota-tarifa-zero-no-transporte-publico\/#breadcrumb","itemListElement":[{"@type":"ListItem","position":1,"name":"In\u00edcio","item":"https:\/\/jornalfatosenoticias.com.br\/"},{"@type":"ListItem","position":2,"name":"Cidade mineira adota tarifa zero no transporte p\u00fablico"}]},{"@type":"WebSite","@id":"https:\/\/jornalfatosenoticias.com.br\/#website","url":"https:\/\/jornalfatosenoticias.com.br\/","name":"Jornal Fatos e Not\u00edcias","description":"Not\u00edcias em geral","publisher":{"@id":"https:\/\/jornalfatosenoticias.com.br\/#organization"},"potentialAction":[{"@type":"SearchAction","target":{"@type":"EntryPoint","urlTemplate":"https:\/\/jornalfatosenoticias.com.br\/?s={search_term_string}"},"query-input":{"@type":"PropertyValueSpecification","valueRequired":true,"valueName":"search_term_string"}}],"inLanguage":"pt-BR"},{"@type":"Organization","@id":"https:\/\/jornalfatosenoticias.com.br\/#organization","name":"Jornal Fatos e Not\u00edcias","url":"https:\/\/jornalfatosenoticias.com.br\/","logo":{"@type":"ImageObject","inLanguage":"pt-BR","@id":"https:\/\/jornalfatosenoticias.com.br\/#\/schema\/logo\/image\/","url":"https:\/\/jornalfatosenoticias.com.br\/wp-content\/uploads\/2020\/02\/logo120.png","contentUrl":"https:\/\/jornalfatosenoticias.com.br\/wp-content\/uploads\/2020\/02\/logo120.png","width":1227,"height":120,"caption":"Jornal Fatos e Not\u00edcias"},"image":{"@id":"https:\/\/jornalfatosenoticias.com.br\/#\/schema\/logo\/image\/"}},{"@type":"Person","@id":"https:\/\/jornalfatosenoticias.com.br\/#\/schema\/person\/d63837fa13ac8666eb9e74e0985d6f81","name":"Luzimara Fernandes","image":{"@type":"ImageObject","inLanguage":"pt-BR","@id":"https:\/\/jornalfatosenoticias.com.br\/#\/schema\/person\/image\/","url":"https:\/\/jornalfatosenoticias.com.br\/wp-content\/uploads\/2025\/05\/EU_portal.jpg","contentUrl":"https:\/\/jornalfatosenoticias.com.br\/wp-content\/uploads\/2025\/05\/EU_portal.jpg","caption":"Luzimara Fernandes"},"description":"Jornalista MTB 2358-ES","sameAs":["https:\/\/jornalfatosenoticias.com.br"],"url":"https:\/\/jornalfatosenoticias.com.br\/index.php\/author\/luzimara\/"}]}},"cc_featured_image_caption":{"caption_text":"(Foto: Prefeitura de Caet\u00e9\/Divulga\u00e7\u00e3o)","source_text":"","source_url":""},"jetpack_featured_media_url":"https:\/\/jornalfatosenoticias.com.br\/wp-content\/uploads\/2021\/07\/caete-transporte.jpg","_links":{"self":[{"href":"https:\/\/jornalfatosenoticias.com.br\/index.php\/wp-json\/wp\/v2\/posts\/20222","targetHints":{"allow":["GET"]}}],"collection":[{"href":"https:\/\/jornalfatosenoticias.com.br\/index.php\/wp-json\/wp\/v2\/posts"}],"about":[{"href":"https:\/\/jornalfatosenoticias.com.br\/index.php\/wp-json\/wp\/v2\/types\/post"}],"author":[{"embeddable":true,"href":"https:\/\/jornalfatosenoticias.com.br\/index.php\/wp-json\/wp\/v2\/users\/2"}],"replies":[{"embeddable":true,"href":"https:\/\/jornalfatosenoticias.com.br\/index.php\/wp-json\/wp\/v2\/comments?post=20222"}],"version-history":[{"count":0,"href":"https:\/\/jornalfatosenoticias.com.br\/index.php\/wp-json\/wp\/v2\/posts\/20222\/revisions"}],"wp:featuredmedia":[{"embeddable":true,"href":"https:\/\/jornalfatosenoticias.com.br\/index.php\/wp-json\/wp\/v2\/media\/20223"}],"wp:attachment":[{"href":"https:\/\/jornalfatosenoticias.com.br\/index.php\/wp-json\/wp\/v2\/media?parent=20222"}],"wp:term":[{"taxonomy":"category","embeddable":true,"href":"https:\/\/jornalfatosenoticias.com.br\/index.php\/wp-json\/wp\/v2\/categories?post=20222"},{"taxonomy":"post_tag","embeddable":true,"href":"https:\/\/jornalfatosenoticias.com.br\/index.php\/wp-json\/wp\/v2\/tags?post=20222"}],"curies":[{"name":"wp","href":"https:\/\/api.w.org\/{rel}","templated":true}]}}