{"id":20254,"date":"2021-07-06T08:38:58","date_gmt":"2021-07-06T11:38:58","guid":{"rendered":"https:\/\/jornalfatosenoticias.com.br\/?p=20254"},"modified":"2021-07-06T08:39:08","modified_gmt":"2021-07-06T11:39:08","slug":"vitoria-recebe-a-10a-edicao-da-feira-do-nenem-gestante","status":"publish","type":"post","link":"https:\/\/jornalfatosenoticias.com.br\/index.php\/2021\/07\/06\/vitoria-recebe-a-10a-edicao-da-feira-do-nenem-gestante\/","title":{"rendered":"Vit\u00f3ria recebe a 10\u00aa edi\u00e7\u00e3o da Feira do Nen\u00e9m &#038; Gestante"},"content":{"rendered":"\n<p><em><span class=\"has-inline-color has-black-color\">A feira ter\u00e1 entrada franca para todos e estacionamento conforme tabela do MasterPlace Mall<\/span><\/em><\/p>\n\n\n\n<p>Entre hoje (06) e domingo (11) acontecer\u00e1 a d\u00e9cima segunda edi\u00e7\u00e3o da \u201cFeira do Nen\u00e9m &amp; Gestante\u201d no MasterPlace Mall com acesso pela Reta da Penha e Bairro Vermelho e promete reunir diversos fornecedores do segmento infantil e para gestantes com as \u00faltimas novidades do mercado. A feira ter\u00e1 entrada franca para todos e estacionamento conforme tabela do MasterPlace Mall.<br>Os pre\u00e7os s\u00e3o um \u00f3timo atrativo. S\u00e3o descontos de at\u00e9 70% em off para a fam\u00edlia, as mam\u00e3es, rec\u00e9m-nascidos, moda infantil, al\u00e9m de m\u00f3veis, decora\u00e7\u00e3o, acess\u00f3rios, bolsas, sapatos, personalizados, produtos importados, carrinho de beb\u00ea, produtos ecol\u00f3gicos, cole\u00e7\u00e3o 2021, etc.<br>Entre os segmentos confirmados est\u00e3o enxoval completo, roupas at\u00e9 cinco anos, fralda ecol\u00f3gica, kit ber\u00e7o, bolsas maternidade, sa\u00edda de maternidade, pijamas, body, roupa de frio, roupa m\u00e3e e filha, la\u00e7os, decora\u00e7\u00e3o, puericultura, lingerie e muitas novidades e variedades. A feira tamb\u00e9m contar\u00e1&nbsp;com \u00e1rea de alimenta\u00e7\u00e3o do pr\u00f3prio MasterPace Mall, al\u00e9m de toda estrutura como frald\u00e1rios, banheiros, \u00e1rea de descanso, oferecendo total conforto para os visitantes.<\/p>\n\n\n\n<blockquote class=\"wp-block-quote is-layout-flow wp-block-quote-is-layout-flow\"><p><span class=\"has-inline-color has-luminous-vivid-orange-color\">\u201cA Feira, que tem entrada gratuita, ir\u00e1 trazer muitas novidades para as gestantes, papais e mam\u00e3es, al\u00e9m de toda a fam\u00edlia e moda infantil. Reunimos f\u00e1bricas do segmento que v\u00e3o trazer produtos de qualidade, 100% algod\u00e3o com \u00f3timo pre\u00e7o\u201d, afirma Leonardo Picinati, organizador do evento.<\/span><\/p><\/blockquote>\n\n\n\n<div class=\"wp-block-image is-style-default\"><figure class=\"aligncenter size-large is-resized\"><img loading=\"lazy\" decoding=\"async\" src=\"https:\/\/jornalfatosenoticias.com.br\/wp-content\/uploads\/2021\/07\/feira-do-nenem-e-gestante3.jpg\" alt=\"\" class=\"wp-image-20255\" width=\"500\" height=\"500\" srcset=\"https:\/\/jornalfatosenoticias.com.br\/wp-content\/uploads\/2021\/07\/feira-do-nenem-e-gestante3.jpg 500w, https:\/\/jornalfatosenoticias.com.br\/wp-content\/uploads\/2021\/07\/feira-do-nenem-e-gestante3-300x300.jpg 300w, https:\/\/jornalfatosenoticias.com.br\/wp-content\/uploads\/2021\/07\/feira-do-nenem-e-gestante3-150x150.jpg 150w\" sizes=\"auto, (max-width: 500px) 100vw, 500px\" \/><figcaption><em><span class=\"has-inline-color has-black-color\">(Foto: Divulga\u00e7\u00e3o)<\/span><\/em><\/figcaption><\/figure><\/div>\n\n\n\n<p>Al\u00e9m das novidades e comodidade para os visitantes, a feira sortear\u00e1 um quarto completo para o nen\u00e9m com: guarda-roupa quatro portas, c\u00f4moda, prateleira, ber\u00e7o, kit ber\u00e7o com nove pe\u00e7as, quadro decorativo, roupinhas e acess\u00f3rios decorativos, ou seja, um quarto completo. Para participar, o cupom ser\u00e1 vendido dentro da feira no estande onde estar\u00e1 o quarto montado, no valor de cinco reais. O dinheiro arrecado ser\u00e1 usado no projeto Acolhendo Gestantes para comprar os kits dos primeiros meses do nen\u00e9m de mais de 20 gestantes cadastradas no projeto. O sorteio ser\u00e1 ao vivo, \u00e0s 14h do domingo.<br>Haver\u00e1 um estande s\u00f3 de lingerie, outro de kit bolsas maternidades e mochilas para deixar as gestantes e mam\u00e3es loucas.<br>Outro produto bem procurado pelas mam\u00e3es s\u00e3o os sapatinhos que t\u00eam mais de 100 modelos para menino e menina e um par sai por R$ 30,00 e quatro pares por R$ 100,00.<br>No estande da Chiquita Bacana, ter\u00e1 produtos ecol\u00f3gicos, redes para ber\u00e7o e as famosas fraldas ecol\u00f3gicas, que proporcionam uma grande economia para as fam\u00edlias.<\/p>\n\n\n\n<div class=\"wp-block-image is-style-default\"><figure class=\"aligncenter size-large\"><img loading=\"lazy\" decoding=\"async\" width=\"562\" height=\"1000\" src=\"https:\/\/jornalfatosenoticias.com.br\/wp-content\/uploads\/2021\/07\/feira-do-nenem-e-gestante.jpg\" alt=\"\" class=\"wp-image-20256\" srcset=\"https:\/\/jornalfatosenoticias.com.br\/wp-content\/uploads\/2021\/07\/feira-do-nenem-e-gestante.jpg 562w, https:\/\/jornalfatosenoticias.com.br\/wp-content\/uploads\/2021\/07\/feira-do-nenem-e-gestante-169x300.jpg 169w\" sizes=\"auto, (max-width: 562px) 100vw, 562px\" \/><figcaption><em><span class=\"has-inline-color has-black-color\">(Foto: Divulga\u00e7\u00e3o)<\/span><\/em><\/figcaption><\/figure><\/div>\n\n\n\n<p>Um novidade legal s\u00e3o os porta-maternidades, com o nome do seu nen\u00e9m envolvido com corda de tric\u00f4.<br>No estande dos m\u00f3veis voc\u00ea comprar\u00e1 direto da f\u00e1brica com menor valor e ainda com montagem e entrega gratuitas para quem comprar na feira. Ainda, voc\u00ea poder\u00e1 dividir em at\u00e9 10x sem juros.<br>Para as mam\u00e3es de menina, haver\u00e1 um estande de la\u00e7os e acess\u00f3rios da moda. Uma variedade enorme e as novas tend\u00eancias de mercado est\u00e3o neste estande.<br>&#8220;Aceitamos todos os cart\u00f5es de cr\u00e9ditos e tem fabricantes que tamb\u00e9m vendem no atacado, uma \u00f3tima oportunidade para os lojistas da cidade conhecerem novos fabricantes e com pre\u00e7os de f\u00e1brica&#8221;, diz Leonardo.\u00a0<\/p>\n\n\n\n<p><strong><span class=\"has-inline-color has-black-color\">Feira do Nen\u00e9m &amp; Gestante de Vit\u00f3ria \u2014 ES<br><\/span><\/strong><span class=\"has-inline-color has-black-color\"><em>Edi\u00e7\u00e3o 12<br><\/em><strong>ENTRADA FRANCA<br>Dias<\/strong>: 06, 07, 08, 09, 10 e 11 de julho de 2021<br><strong>De ter\u00e7a a s\u00e1bado<\/strong> \u2014 das 12h \u00e0s 21h e domingo das 10h \u00e0s 15h<br>Sorteio do quarto do nen\u00e9m \u00e0s 14h de domingo, dentro da feira<br><strong>Local:<\/strong> Estacionamento coberto do MasterPlace Mall \u2014 Reta da Penha \u2014 Vit\u00f3ria \u2014 ao lado da Petrobras<\/span><\/p>\n\n\n\n<div class=\"wp-block-image is-style-default\"><figure class=\"aligncenter size-large\"><img loading=\"lazy\" decoding=\"async\" width=\"500\" height=\"500\" src=\"https:\/\/jornalfatosenoticias.com.br\/wp-content\/uploads\/2021\/07\/feira-do-nenem-e-gestante4.jpg\" alt=\"\" class=\"wp-image-20257\" srcset=\"https:\/\/jornalfatosenoticias.com.br\/wp-content\/uploads\/2021\/07\/feira-do-nenem-e-gestante4.jpg 500w, https:\/\/jornalfatosenoticias.com.br\/wp-content\/uploads\/2021\/07\/feira-do-nenem-e-gestante4-300x300.jpg 300w, https:\/\/jornalfatosenoticias.com.br\/wp-content\/uploads\/2021\/07\/feira-do-nenem-e-gestante4-150x150.jpg 150w\" sizes=\"auto, (max-width: 500px) 100vw, 500px\" \/><figcaption><em><span class=\"has-inline-color has-black-color\">(Foto: Divulga\u00e7\u00e3o)<\/span><\/em><\/figcaption><\/figure><\/div>\n\n\n\n<p><span class=\"has-inline-color has-black-color\">ACESSE NOSSO SITE<br><\/span>Site:\u00a0<a href=\"https:\/\/www.feiradonenemegestante.com.br\">https:\/\/www.feiradonenemegestante.com.br<\/a><\/p>\n\n\n\n<figure class=\"wp-block-video\"><video height=\"480\" style=\"aspect-ratio: 848 \/ 480;\" width=\"848\" controls src=\"https:\/\/jornalfatosenoticias.com.br\/wp-content\/uploads\/2021\/07\/WhatsApp-Video-2021-07-06-at-07.52.02.mp4\"><\/video><\/figure>\n\n\n\n<p><\/p>\n","protected":false},"excerpt":{"rendered":"<p>A feira ter\u00e1 entrada franca para todos e estacionamento conforme tabela do MasterPlace Mall Entre hoje (06) e domingo (11) acontecer\u00e1 a d\u00e9cima segunda edi\u00e7\u00e3o da \u201cFeira do Nen\u00e9m &amp; Gestante\u201d no MasterPlace Mall com acesso pela Reta da Penha e Bairro Vermelho e promete reunir diversos fornecedores do segmento infantil e para gestantes com [&hellip;]<\/p>\n","protected":false},"author":2,"featured_media":20259,"comment_status":"open","ping_status":"open","sticky":false,"template":"","format":"standard","meta":{"footnotes":""},"categories":[9],"tags":[9942,9941,9945,9943,9944],"class_list":["post-20254","post","type-post","status-publish","format-standard","has-post-thumbnail","hentry","category-economia","tag-artigos-para-recem-nascidos","tag-feira-do-nenem-gestante","tag-mamae-e-bebe","tag-masterplace-mall","tag-moda-infantil"],"yoast_head":"<!-- This site is optimized with the Yoast SEO plugin v26.5 - https:\/\/yoast.com\/wordpress\/plugins\/seo\/ -->\n<title>Vit\u00f3ria recebe a 10\u00aa edi\u00e7\u00e3o da Feira do Nen\u00e9m &amp; Gestante - Jornal Fatos e Not\u00edcias<\/title>\n<meta name=\"robots\" content=\"index, follow, max-snippet:-1, max-image-preview:large, max-video-preview:-1\" \/>\n<link rel=\"canonical\" href=\"https:\/\/jornalfatosenoticias.com.br\/index.php\/2021\/07\/06\/vitoria-recebe-a-10a-edicao-da-feira-do-nenem-gestante\/\" \/>\n<meta property=\"og:locale\" content=\"pt_BR\" \/>\n<meta property=\"og:type\" content=\"article\" \/>\n<meta property=\"og:title\" content=\"Vit\u00f3ria recebe a 10\u00aa edi\u00e7\u00e3o da Feira do Nen\u00e9m &amp; Gestante - Jornal Fatos e Not\u00edcias\" \/>\n<meta property=\"og:description\" content=\"A feira ter\u00e1 entrada franca para todos e estacionamento conforme tabela do MasterPlace Mall Entre hoje (06) e domingo (11) acontecer\u00e1 a d\u00e9cima segunda edi\u00e7\u00e3o da \u201cFeira do Nen\u00e9m &amp; Gestante\u201d no MasterPlace Mall com acesso pela Reta da Penha e Bairro Vermelho e promete reunir diversos fornecedores do segmento infantil e para gestantes com [&hellip;]\" \/>\n<meta property=\"og:url\" content=\"https:\/\/jornalfatosenoticias.com.br\/index.php\/2021\/07\/06\/vitoria-recebe-a-10a-edicao-da-feira-do-nenem-gestante\/\" \/>\n<meta property=\"og:site_name\" content=\"Jornal Fatos e Not\u00edcias\" \/>\n<meta property=\"article:published_time\" content=\"2021-07-06T11:38:58+00:00\" \/>\n<meta property=\"article:modified_time\" content=\"2021-07-06T11:39:08+00:00\" \/>\n<meta property=\"og:image\" content=\"https:\/\/jornalfatosenoticias.com.br\/wp-content\/uploads\/2021\/07\/feira-do-nenem-e-gestante2.jpg\" \/>\n\t<meta property=\"og:image:width\" content=\"1000\" \/>\n\t<meta property=\"og:image:height\" content=\"1000\" \/>\n\t<meta property=\"og:image:type\" content=\"image\/jpeg\" \/>\n<meta name=\"author\" content=\"Luzimara Fernandes\" \/>\n<meta name=\"twitter:card\" content=\"summary_large_image\" \/>\n<meta name=\"twitter:label1\" content=\"Escrito por\" \/>\n\t<meta name=\"twitter:data1\" content=\"Luzimara Fernandes\" \/>\n\t<meta name=\"twitter:label2\" content=\"Est. tempo de leitura\" \/>\n\t<meta name=\"twitter:data2\" content=\"3 minutos\" \/>\n<script type=\"application\/ld+json\" class=\"yoast-schema-graph\">{\"@context\":\"https:\/\/schema.org\",\"@graph\":[{\"@type\":\"Article\",\"@id\":\"https:\/\/jornalfatosenoticias.com.br\/index.php\/2021\/07\/06\/vitoria-recebe-a-10a-edicao-da-feira-do-nenem-gestante\/#article\",\"isPartOf\":{\"@id\":\"https:\/\/jornalfatosenoticias.com.br\/index.php\/2021\/07\/06\/vitoria-recebe-a-10a-edicao-da-feira-do-nenem-gestante\/\"},\"author\":{\"name\":\"Luzimara Fernandes\",\"@id\":\"https:\/\/jornalfatosenoticias.com.br\/#\/schema\/person\/d63837fa13ac8666eb9e74e0985d6f81\"},\"headline\":\"Vit\u00f3ria recebe a 10\u00aa edi\u00e7\u00e3o da Feira do Nen\u00e9m &#038; Gestante\",\"datePublished\":\"2021-07-06T11:38:58+00:00\",\"dateModified\":\"2021-07-06T11:39:08+00:00\",\"mainEntityOfPage\":{\"@id\":\"https:\/\/jornalfatosenoticias.com.br\/index.php\/2021\/07\/06\/vitoria-recebe-a-10a-edicao-da-feira-do-nenem-gestante\/\"},\"wordCount\":651,\"commentCount\":0,\"publisher\":{\"@id\":\"https:\/\/jornalfatosenoticias.com.br\/#organization\"},\"image\":{\"@id\":\"https:\/\/jornalfatosenoticias.com.br\/index.php\/2021\/07\/06\/vitoria-recebe-a-10a-edicao-da-feira-do-nenem-gestante\/#primaryimage\"},\"thumbnailUrl\":\"https:\/\/jornalfatosenoticias.com.br\/wp-content\/uploads\/2021\/07\/feira-do-nenem-e-gestante2.jpg\",\"keywords\":[\"artigos para rec\u00e9m-nascidos\",\"Feira do Nen\u00e9m &amp; Gestante\",\"mam\u00e3e e beb\u00ea\",\"MasterPlace Mall\",\"moda infantil\"],\"articleSection\":[\"Economia\"],\"inLanguage\":\"pt-BR\",\"potentialAction\":[{\"@type\":\"CommentAction\",\"name\":\"Comment\",\"target\":[\"https:\/\/jornalfatosenoticias.com.br\/index.php\/2021\/07\/06\/vitoria-recebe-a-10a-edicao-da-feira-do-nenem-gestante\/#respond\"]}]},{\"@type\":\"WebPage\",\"@id\":\"https:\/\/jornalfatosenoticias.com.br\/index.php\/2021\/07\/06\/vitoria-recebe-a-10a-edicao-da-feira-do-nenem-gestante\/\",\"url\":\"https:\/\/jornalfatosenoticias.com.br\/index.php\/2021\/07\/06\/vitoria-recebe-a-10a-edicao-da-feira-do-nenem-gestante\/\",\"name\":\"Vit\u00f3ria recebe a 10\u00aa edi\u00e7\u00e3o da Feira do Nen\u00e9m & Gestante - Jornal Fatos e Not\u00edcias\",\"isPartOf\":{\"@id\":\"https:\/\/jornalfatosenoticias.com.br\/#website\"},\"primaryImageOfPage\":{\"@id\":\"https:\/\/jornalfatosenoticias.com.br\/index.php\/2021\/07\/06\/vitoria-recebe-a-10a-edicao-da-feira-do-nenem-gestante\/#primaryimage\"},\"image\":{\"@id\":\"https:\/\/jornalfatosenoticias.com.br\/index.php\/2021\/07\/06\/vitoria-recebe-a-10a-edicao-da-feira-do-nenem-gestante\/#primaryimage\"},\"thumbnailUrl\":\"https:\/\/jornalfatosenoticias.com.br\/wp-content\/uploads\/2021\/07\/feira-do-nenem-e-gestante2.jpg\",\"datePublished\":\"2021-07-06T11:38:58+00:00\",\"dateModified\":\"2021-07-06T11:39:08+00:00\",\"breadcrumb\":{\"@id\":\"https:\/\/jornalfatosenoticias.com.br\/index.php\/2021\/07\/06\/vitoria-recebe-a-10a-edicao-da-feira-do-nenem-gestante\/#breadcrumb\"},\"inLanguage\":\"pt-BR\",\"potentialAction\":[{\"@type\":\"ReadAction\",\"target\":[\"https:\/\/jornalfatosenoticias.com.br\/index.php\/2021\/07\/06\/vitoria-recebe-a-10a-edicao-da-feira-do-nenem-gestante\/\"]}]},{\"@type\":\"ImageObject\",\"inLanguage\":\"pt-BR\",\"@id\":\"https:\/\/jornalfatosenoticias.com.br\/index.php\/2021\/07\/06\/vitoria-recebe-a-10a-edicao-da-feira-do-nenem-gestante\/#primaryimage\",\"url\":\"https:\/\/jornalfatosenoticias.com.br\/wp-content\/uploads\/2021\/07\/feira-do-nenem-e-gestante2.jpg\",\"contentUrl\":\"https:\/\/jornalfatosenoticias.com.br\/wp-content\/uploads\/2021\/07\/feira-do-nenem-e-gestante2.jpg\",\"width\":1000,\"height\":1000},{\"@type\":\"BreadcrumbList\",\"@id\":\"https:\/\/jornalfatosenoticias.com.br\/index.php\/2021\/07\/06\/vitoria-recebe-a-10a-edicao-da-feira-do-nenem-gestante\/#breadcrumb\",\"itemListElement\":[{\"@type\":\"ListItem\",\"position\":1,\"name\":\"In\u00edcio\",\"item\":\"https:\/\/jornalfatosenoticias.com.br\/\"},{\"@type\":\"ListItem\",\"position\":2,\"name\":\"Vit\u00f3ria recebe a 10\u00aa edi\u00e7\u00e3o da Feira do Nen\u00e9m &#038; Gestante\"}]},{\"@type\":\"WebSite\",\"@id\":\"https:\/\/jornalfatosenoticias.com.br\/#website\",\"url\":\"https:\/\/jornalfatosenoticias.com.br\/\",\"name\":\"Jornal Fatos e Not\u00edcias\",\"description\":\"Not\u00edcias em geral\",\"publisher\":{\"@id\":\"https:\/\/jornalfatosenoticias.com.br\/#organization\"},\"potentialAction\":[{\"@type\":\"SearchAction\",\"target\":{\"@type\":\"EntryPoint\",\"urlTemplate\":\"https:\/\/jornalfatosenoticias.com.br\/?s={search_term_string}\"},\"query-input\":{\"@type\":\"PropertyValueSpecification\",\"valueRequired\":true,\"valueName\":\"search_term_string\"}}],\"inLanguage\":\"pt-BR\"},{\"@type\":\"Organization\",\"@id\":\"https:\/\/jornalfatosenoticias.com.br\/#organization\",\"name\":\"Jornal Fatos e Not\u00edcias\",\"url\":\"https:\/\/jornalfatosenoticias.com.br\/\",\"logo\":{\"@type\":\"ImageObject\",\"inLanguage\":\"pt-BR\",\"@id\":\"https:\/\/jornalfatosenoticias.com.br\/#\/schema\/logo\/image\/\",\"url\":\"https:\/\/jornalfatosenoticias.com.br\/wp-content\/uploads\/2020\/02\/logo120.png\",\"contentUrl\":\"https:\/\/jornalfatosenoticias.com.br\/wp-content\/uploads\/2020\/02\/logo120.png\",\"width\":1227,\"height\":120,\"caption\":\"Jornal Fatos e Not\u00edcias\"},\"image\":{\"@id\":\"https:\/\/jornalfatosenoticias.com.br\/#\/schema\/logo\/image\/\"}},{\"@type\":\"Person\",\"@id\":\"https:\/\/jornalfatosenoticias.com.br\/#\/schema\/person\/d63837fa13ac8666eb9e74e0985d6f81\",\"name\":\"Luzimara Fernandes\",\"image\":{\"@type\":\"ImageObject\",\"inLanguage\":\"pt-BR\",\"@id\":\"https:\/\/jornalfatosenoticias.com.br\/#\/schema\/person\/image\/\",\"url\":\"https:\/\/jornalfatosenoticias.com.br\/wp-content\/uploads\/2025\/05\/EU_portal.jpg\",\"contentUrl\":\"https:\/\/jornalfatosenoticias.com.br\/wp-content\/uploads\/2025\/05\/EU_portal.jpg\",\"caption\":\"Luzimara Fernandes\"},\"description\":\"Jornalista MTB 2358-ES\",\"sameAs\":[\"https:\/\/jornalfatosenoticias.com.br\"],\"url\":\"https:\/\/jornalfatosenoticias.com.br\/index.php\/author\/luzimara\/\"}]}<\/script>\n<!-- \/ Yoast SEO plugin. -->","yoast_head_json":{"title":"Vit\u00f3ria recebe a 10\u00aa edi\u00e7\u00e3o da Feira do Nen\u00e9m & Gestante - Jornal Fatos e Not\u00edcias","robots":{"index":"index","follow":"follow","max-snippet":"max-snippet:-1","max-image-preview":"max-image-preview:large","max-video-preview":"max-video-preview:-1"},"canonical":"https:\/\/jornalfatosenoticias.com.br\/index.php\/2021\/07\/06\/vitoria-recebe-a-10a-edicao-da-feira-do-nenem-gestante\/","og_locale":"pt_BR","og_type":"article","og_title":"Vit\u00f3ria recebe a 10\u00aa edi\u00e7\u00e3o da Feira do Nen\u00e9m & Gestante - Jornal Fatos e Not\u00edcias","og_description":"A feira ter\u00e1 entrada franca para todos e estacionamento conforme tabela do MasterPlace Mall Entre hoje (06) e domingo (11) acontecer\u00e1 a d\u00e9cima segunda edi\u00e7\u00e3o da \u201cFeira do Nen\u00e9m &amp; Gestante\u201d no MasterPlace Mall com acesso pela Reta da Penha e Bairro Vermelho e promete reunir diversos fornecedores do segmento infantil e para gestantes com [&hellip;]","og_url":"https:\/\/jornalfatosenoticias.com.br\/index.php\/2021\/07\/06\/vitoria-recebe-a-10a-edicao-da-feira-do-nenem-gestante\/","og_site_name":"Jornal Fatos e Not\u00edcias","article_published_time":"2021-07-06T11:38:58+00:00","article_modified_time":"2021-07-06T11:39:08+00:00","og_image":[{"width":1000,"height":1000,"url":"https:\/\/jornalfatosenoticias.com.br\/wp-content\/uploads\/2021\/07\/feira-do-nenem-e-gestante2.jpg","type":"image\/jpeg"}],"author":"Luzimara Fernandes","twitter_card":"summary_large_image","twitter_misc":{"Escrito por":"Luzimara Fernandes","Est. tempo de leitura":"3 minutos"},"schema":{"@context":"https:\/\/schema.org","@graph":[{"@type":"Article","@id":"https:\/\/jornalfatosenoticias.com.br\/index.php\/2021\/07\/06\/vitoria-recebe-a-10a-edicao-da-feira-do-nenem-gestante\/#article","isPartOf":{"@id":"https:\/\/jornalfatosenoticias.com.br\/index.php\/2021\/07\/06\/vitoria-recebe-a-10a-edicao-da-feira-do-nenem-gestante\/"},"author":{"name":"Luzimara Fernandes","@id":"https:\/\/jornalfatosenoticias.com.br\/#\/schema\/person\/d63837fa13ac8666eb9e74e0985d6f81"},"headline":"Vit\u00f3ria recebe a 10\u00aa edi\u00e7\u00e3o da Feira do Nen\u00e9m &#038; Gestante","datePublished":"2021-07-06T11:38:58+00:00","dateModified":"2021-07-06T11:39:08+00:00","mainEntityOfPage":{"@id":"https:\/\/jornalfatosenoticias.com.br\/index.php\/2021\/07\/06\/vitoria-recebe-a-10a-edicao-da-feira-do-nenem-gestante\/"},"wordCount":651,"commentCount":0,"publisher":{"@id":"https:\/\/jornalfatosenoticias.com.br\/#organization"},"image":{"@id":"https:\/\/jornalfatosenoticias.com.br\/index.php\/2021\/07\/06\/vitoria-recebe-a-10a-edicao-da-feira-do-nenem-gestante\/#primaryimage"},"thumbnailUrl":"https:\/\/jornalfatosenoticias.com.br\/wp-content\/uploads\/2021\/07\/feira-do-nenem-e-gestante2.jpg","keywords":["artigos para rec\u00e9m-nascidos","Feira do Nen\u00e9m &amp; Gestante","mam\u00e3e e beb\u00ea","MasterPlace Mall","moda infantil"],"articleSection":["Economia"],"inLanguage":"pt-BR","potentialAction":[{"@type":"CommentAction","name":"Comment","target":["https:\/\/jornalfatosenoticias.com.br\/index.php\/2021\/07\/06\/vitoria-recebe-a-10a-edicao-da-feira-do-nenem-gestante\/#respond"]}]},{"@type":"WebPage","@id":"https:\/\/jornalfatosenoticias.com.br\/index.php\/2021\/07\/06\/vitoria-recebe-a-10a-edicao-da-feira-do-nenem-gestante\/","url":"https:\/\/jornalfatosenoticias.com.br\/index.php\/2021\/07\/06\/vitoria-recebe-a-10a-edicao-da-feira-do-nenem-gestante\/","name":"Vit\u00f3ria recebe a 10\u00aa edi\u00e7\u00e3o da Feira do Nen\u00e9m & Gestante - Jornal Fatos e Not\u00edcias","isPartOf":{"@id":"https:\/\/jornalfatosenoticias.com.br\/#website"},"primaryImageOfPage":{"@id":"https:\/\/jornalfatosenoticias.com.br\/index.php\/2021\/07\/06\/vitoria-recebe-a-10a-edicao-da-feira-do-nenem-gestante\/#primaryimage"},"image":{"@id":"https:\/\/jornalfatosenoticias.com.br\/index.php\/2021\/07\/06\/vitoria-recebe-a-10a-edicao-da-feira-do-nenem-gestante\/#primaryimage"},"thumbnailUrl":"https:\/\/jornalfatosenoticias.com.br\/wp-content\/uploads\/2021\/07\/feira-do-nenem-e-gestante2.jpg","datePublished":"2021-07-06T11:38:58+00:00","dateModified":"2021-07-06T11:39:08+00:00","breadcrumb":{"@id":"https:\/\/jornalfatosenoticias.com.br\/index.php\/2021\/07\/06\/vitoria-recebe-a-10a-edicao-da-feira-do-nenem-gestante\/#breadcrumb"},"inLanguage":"pt-BR","potentialAction":[{"@type":"ReadAction","target":["https:\/\/jornalfatosenoticias.com.br\/index.php\/2021\/07\/06\/vitoria-recebe-a-10a-edicao-da-feira-do-nenem-gestante\/"]}]},{"@type":"ImageObject","inLanguage":"pt-BR","@id":"https:\/\/jornalfatosenoticias.com.br\/index.php\/2021\/07\/06\/vitoria-recebe-a-10a-edicao-da-feira-do-nenem-gestante\/#primaryimage","url":"https:\/\/jornalfatosenoticias.com.br\/wp-content\/uploads\/2021\/07\/feira-do-nenem-e-gestante2.jpg","contentUrl":"https:\/\/jornalfatosenoticias.com.br\/wp-content\/uploads\/2021\/07\/feira-do-nenem-e-gestante2.jpg","width":1000,"height":1000},{"@type":"BreadcrumbList","@id":"https:\/\/jornalfatosenoticias.com.br\/index.php\/2021\/07\/06\/vitoria-recebe-a-10a-edicao-da-feira-do-nenem-gestante\/#breadcrumb","itemListElement":[{"@type":"ListItem","position":1,"name":"In\u00edcio","item":"https:\/\/jornalfatosenoticias.com.br\/"},{"@type":"ListItem","position":2,"name":"Vit\u00f3ria recebe a 10\u00aa edi\u00e7\u00e3o da Feira do Nen\u00e9m &#038; Gestante"}]},{"@type":"WebSite","@id":"https:\/\/jornalfatosenoticias.com.br\/#website","url":"https:\/\/jornalfatosenoticias.com.br\/","name":"Jornal Fatos e Not\u00edcias","description":"Not\u00edcias em geral","publisher":{"@id":"https:\/\/jornalfatosenoticias.com.br\/#organization"},"potentialAction":[{"@type":"SearchAction","target":{"@type":"EntryPoint","urlTemplate":"https:\/\/jornalfatosenoticias.com.br\/?s={search_term_string}"},"query-input":{"@type":"PropertyValueSpecification","valueRequired":true,"valueName":"search_term_string"}}],"inLanguage":"pt-BR"},{"@type":"Organization","@id":"https:\/\/jornalfatosenoticias.com.br\/#organization","name":"Jornal Fatos e Not\u00edcias","url":"https:\/\/jornalfatosenoticias.com.br\/","logo":{"@type":"ImageObject","inLanguage":"pt-BR","@id":"https:\/\/jornalfatosenoticias.com.br\/#\/schema\/logo\/image\/","url":"https:\/\/jornalfatosenoticias.com.br\/wp-content\/uploads\/2020\/02\/logo120.png","contentUrl":"https:\/\/jornalfatosenoticias.com.br\/wp-content\/uploads\/2020\/02\/logo120.png","width":1227,"height":120,"caption":"Jornal Fatos e Not\u00edcias"},"image":{"@id":"https:\/\/jornalfatosenoticias.com.br\/#\/schema\/logo\/image\/"}},{"@type":"Person","@id":"https:\/\/jornalfatosenoticias.com.br\/#\/schema\/person\/d63837fa13ac8666eb9e74e0985d6f81","name":"Luzimara Fernandes","image":{"@type":"ImageObject","inLanguage":"pt-BR","@id":"https:\/\/jornalfatosenoticias.com.br\/#\/schema\/person\/image\/","url":"https:\/\/jornalfatosenoticias.com.br\/wp-content\/uploads\/2025\/05\/EU_portal.jpg","contentUrl":"https:\/\/jornalfatosenoticias.com.br\/wp-content\/uploads\/2025\/05\/EU_portal.jpg","caption":"Luzimara Fernandes"},"description":"Jornalista MTB 2358-ES","sameAs":["https:\/\/jornalfatosenoticias.com.br"],"url":"https:\/\/jornalfatosenoticias.com.br\/index.php\/author\/luzimara\/"}]}},"cc_featured_image_caption":{"caption_text":"(Foto: Divulga\u00e7\u00e3o) ","source_text":"","source_url":""},"jetpack_featured_media_url":"https:\/\/jornalfatosenoticias.com.br\/wp-content\/uploads\/2021\/07\/feira-do-nenem-e-gestante2.jpg","_links":{"self":[{"href":"https:\/\/jornalfatosenoticias.com.br\/index.php\/wp-json\/wp\/v2\/posts\/20254","targetHints":{"allow":["GET"]}}],"collection":[{"href":"https:\/\/jornalfatosenoticias.com.br\/index.php\/wp-json\/wp\/v2\/posts"}],"about":[{"href":"https:\/\/jornalfatosenoticias.com.br\/index.php\/wp-json\/wp\/v2\/types\/post"}],"author":[{"embeddable":true,"href":"https:\/\/jornalfatosenoticias.com.br\/index.php\/wp-json\/wp\/v2\/users\/2"}],"replies":[{"embeddable":true,"href":"https:\/\/jornalfatosenoticias.com.br\/index.php\/wp-json\/wp\/v2\/comments?post=20254"}],"version-history":[{"count":0,"href":"https:\/\/jornalfatosenoticias.com.br\/index.php\/wp-json\/wp\/v2\/posts\/20254\/revisions"}],"wp:featuredmedia":[{"embeddable":true,"href":"https:\/\/jornalfatosenoticias.com.br\/index.php\/wp-json\/wp\/v2\/media\/20259"}],"wp:attachment":[{"href":"https:\/\/jornalfatosenoticias.com.br\/index.php\/wp-json\/wp\/v2\/media?parent=20254"}],"wp:term":[{"taxonomy":"category","embeddable":true,"href":"https:\/\/jornalfatosenoticias.com.br\/index.php\/wp-json\/wp\/v2\/categories?post=20254"},{"taxonomy":"post_tag","embeddable":true,"href":"https:\/\/jornalfatosenoticias.com.br\/index.php\/wp-json\/wp\/v2\/tags?post=20254"}],"curies":[{"name":"wp","href":"https:\/\/api.w.org\/{rel}","templated":true}]}}