{"id":20273,"date":"2021-07-06T10:18:24","date_gmt":"2021-07-06T13:18:24","guid":{"rendered":"https:\/\/jornalfatosenoticias.com.br\/?p=20273"},"modified":"2021-07-06T10:18:29","modified_gmt":"2021-07-06T13:18:29","slug":"festival-on-line-debate-multiplas-infancias-e-formas-de-educar-criancas","status":"publish","type":"post","link":"https:\/\/jornalfatosenoticias.com.br\/index.php\/2021\/07\/06\/festival-on-line-debate-multiplas-infancias-e-formas-de-educar-criancas\/","title":{"rendered":"Festival on-line debate m\u00faltiplas inf\u00e2ncias e formas de educar crian\u00e7as"},"content":{"rendered":"\n<p><em><span class=\"has-inline-color has-black-color\">Filmes e debates revelam a riqueza dos saberes de povos ind\u00edgenas, quilombolas e de religi\u00f5es de matriz africana na educa\u00e7\u00e3o de crian\u00e7as<\/span><\/em><\/p>\n\n\n\n<p>Vem a\u00ed o <strong>MIMUS: M\u00faltiplas Inf\u00e2ncias, M\u00faltiplos Saberes<\/strong>, de 6 a 10 de julho, totalmente on-line e gratuito. Em cinco dias de programa\u00e7\u00e3o intensa, com filmes e debates sobre a inf\u00e2ncia e desenvolvimento das crian\u00e7as pequenas em povos ind\u00edgenas, quilombolas, de terreiros \u2014 comunidades que vivenciam religi\u00f5es de matriz africana, grupos rurais e espa\u00e7os perif\u00e9ricos.<br>Durante o evento, que ser\u00e1 transmitido pelo canal de YouTube da Usina da Imagina\u00e7\u00e3o, ser\u00e3o lan\u00e7ados document\u00e1rios curtas-metragens da s\u00e9rie <strong><em>Primeira Inf\u00e2ncia Ind\u00edgena<\/em><\/strong>, com dire\u00e7\u00e3o dos cineastas Rita da Silva e Kurt Shaw. As inscri\u00e7\u00f5es est\u00e3o abertas e podem ser feitas <a href=\"https:\/\/mimus.usinadaimaginacao.org\/\">AQUI<\/a>.<br>No total s\u00e3o 15 convidados, entre eles profissionais refer\u00eancia e reconhecidos nacionalmente em suas \u00e1reas de atua\u00e7\u00e3o e inovadores no \u00e2mbito local. Participam nomes como <strong>Andr\u00e9 Baniwa (AM)<\/strong>, escritor e lideran\u00e7a ind\u00edgena do <strong>Alto Rio Negro; Priscila Obaci (SP)<\/strong>, cofundadora da Capulanas Cia de Arte Negra e Umoja, que realiza cria\u00e7\u00f5es c\u00eanicas com base na pesquisa das culturas de matrizes africanas; <strong>Jozil\u00e9ia Kaingang (SC)<\/strong>, ind\u00edgena Kaingang, antrop\u00f3loga e pesquisadora; <strong>Elizete Antunes Ara\u2019i (SC)<\/strong>, lideran\u00e7a Guarani, com Licenciatura Intercultural Ind\u00edgena pela Universidade Federal de Santa Catarina (UFSC); <strong>Christiane Rocha Ciovana Falc\u00e3o (SE)<\/strong>, consultora em pol\u00edticas p\u00fablicas de promo\u00e7\u00e3o da igualdade racial e de g\u00eanero; e <strong>Luciano Ramos (RJ)<\/strong>, historiador com especializa\u00e7\u00e3o em Pol\u00edticas P\u00fablicas para a inf\u00e2ncia e experi\u00eancia em educa\u00e7\u00e3o em g\u00eanero e sexualidade.<\/p>\n\n\n\n<figure class=\"wp-block-image size-large is-style-default\"><img loading=\"lazy\" decoding=\"async\" width=\"1000\" height=\"562\" src=\"https:\/\/jornalfatosenoticias.com.br\/wp-content\/uploads\/2021\/07\/infancia-indigena-festival-on-line2.jpg\" alt=\"\" class=\"wp-image-20275\" srcset=\"https:\/\/jornalfatosenoticias.com.br\/wp-content\/uploads\/2021\/07\/infancia-indigena-festival-on-line2.jpg 1000w, https:\/\/jornalfatosenoticias.com.br\/wp-content\/uploads\/2021\/07\/infancia-indigena-festival-on-line2-300x169.jpg 300w, https:\/\/jornalfatosenoticias.com.br\/wp-content\/uploads\/2021\/07\/infancia-indigena-festival-on-line2-768x432.jpg 768w\" sizes=\"auto, (max-width: 1000px) 100vw, 1000px\" \/><figcaption><em><span class=\"has-inline-color has-black-color\">(Foto: Divulga\u00e7\u00e3o)<\/span><\/em><\/figcaption><\/figure>\n\n\n\n<p>O objetivo do MIMUS, segundo a diretora do evento, Rita da Silva, \u00e9 tanto abrir espa\u00e7o para trocas sobre <strong>saberes locais relacionados ao desenvolvimento das crian\u00e7as pequenas<\/strong>, quanto ouvir a fala de diferentes grupos que historicamente n\u00e3o t\u00eam suas pr\u00e1ticas de cuidados respeitadas e consideradas na\u00a0<strong>constru\u00e7\u00e3o de pol\u00edticas p\u00fablicas<\/strong> que impactam em suas pr\u00f3prias vidas.<br>\u201cOs povos ind\u00edgenas, por exemplo, <strong>reivindicam o di\u00e1logo para constru\u00e7\u00e3o de programas e pol\u00edticas p\u00fablicas que respeitem ao seu modo de vida<\/strong>, como o cuidado com as crian\u00e7as e o uso da terra, respeito ao modo de fazer parto, respeito a rituais sagrados do nascer e crescer, o uso da l\u00edngua materna, etc. A diversidade de pr\u00e1ticas de cuidados para o desenvolvimento da primeira inf\u00e2ncia respeitam um conhecimento milenar que deve ser visto como patrim\u00f4nio cultural. N\u00e3o podemos mais ignorar que esses povos t\u00eam muito a nos ensinar\u201d, diz Rita.<\/p>\n\n\n\n<p><strong><span class=\"has-inline-color has-black-color\">S\u00e9rie documental<br><\/span><\/strong>Durante o evento, ser\u00e1 lan\u00e7ada a s\u00e9rie documental <strong><em>Primeira Inf\u00e2ncia Ind\u00edgena<\/em><\/strong>, com dire\u00e7\u00e3o de Rita da Silva e Kurt Shaw, realizada com os\u00a0<strong>povos ind\u00edgenas do Alto Rio Negro<\/strong>, na regi\u00e3o amaz\u00f4nica. Os cinco filmes curtas-metragens trazem reflex\u00f5es importantes sobre como os povos origin\u00e1rios do Rio Negro pensam e atuam para o desenvolvimento da primeira inf\u00e2ncia.<\/p>\n\n\n\n<blockquote class=\"wp-block-quote is-layout-flow wp-block-quote-is-layout-flow\"><p><span class=\"has-inline-color has-luminous-vivid-orange-color\">\u201cMostra a capacidade deles de desenvolver plenamente suas crian\u00e7as, al\u00e9m de valorizar as pr\u00e1ticas locais relacionadas \u00e0 primeira inf\u00e2ncia\u201d, conta Rita da Silva, que \u00e9 antrop\u00f3loga.<\/span><\/p><\/blockquote>\n\n\n\n<p>Por exemplo, licen\u00e7a-maternidade X paternidade, pauta na qual o Pa\u00eds n\u00e3o avan\u00e7ou, j\u00e1 existe na cultura ind\u00edgena como um resguardo para homens e mulheres: \u201cO pai fica com o beb\u00ea e cuida dele e da m\u00e3e\u201d, conta Maria Pedrosa, da etnia Tukana, em curta-metragem da s\u00e9rie.<\/p>\n\n\n\n<blockquote class=\"wp-block-quote is-layout-flow wp-block-quote-is-layout-flow\"><p><span class=\"has-inline-color has-luminous-vivid-orange-color\">\u201cUm dia Andr\u00e9 Baniwa, l\u00edder do povo Baniwa, nos disse: &#8216;Pense numa crian\u00e7a de tr\u00eas a quatro anos que sabe diferenciar 19 tipos de mandiocas, remar canoa, nadar de um lado de um igarap\u00e9 ao outro, sabe a diferen\u00e7a entre frutas venenosas e frutas boas e fala pel menos quatro idiomas. E o Estado vem nos dizer que n\u00e3o somos capazes de desenvolver nossas crian\u00e7as&#8217;. Isso me marcou muito&#8221;, diz o fil\u00f3sofo Kurt Shaw.<\/span><\/p><\/blockquote>\n\n\n\n<figure class=\"wp-block-image size-large is-style-default\"><img loading=\"lazy\" decoding=\"async\" width=\"1000\" height=\"562\" src=\"https:\/\/jornalfatosenoticias.com.br\/wp-content\/uploads\/2021\/07\/infancia-indigena-3.jpg\" alt=\"\" class=\"wp-image-20276\" srcset=\"https:\/\/jornalfatosenoticias.com.br\/wp-content\/uploads\/2021\/07\/infancia-indigena-3.jpg 1000w, https:\/\/jornalfatosenoticias.com.br\/wp-content\/uploads\/2021\/07\/infancia-indigena-3-300x169.jpg 300w, https:\/\/jornalfatosenoticias.com.br\/wp-content\/uploads\/2021\/07\/infancia-indigena-3-768x432.jpg 768w\" sizes=\"auto, (max-width: 1000px) 100vw, 1000px\" \/><figcaption><em><span class=\"has-inline-color has-black-color\">(Foto: Divulga\u00e7\u00e3o)<\/span><\/em><\/figcaption><\/figure>\n\n\n\n<p>A s\u00e9rie come\u00e7ou a ser produzida em 2015, quando Rita e Kurt entrevistaram mulheres de aldeias do rio I\u00e7ana que tinham como tradi\u00e7\u00e3o <strong>cantar cantigas de ninar para crian\u00e7as<\/strong>.<br>Em 2018 e 2019, j\u00e1 com a produ\u00e7\u00e3o avan\u00e7ada, Rita, Kurt e uma equipe de produ\u00e7\u00e3o e pesquisa ind\u00edgena exibiram os filmes ainda n\u00e3o finalizados <strong>mais de 50 vezes em mostras em aldeias e espa\u00e7os urbanos onde vivem fam\u00edlias ind\u00edgenas<\/strong>. O objetivo foi falar com os povos origin\u00e1rios sobre as pr\u00e1ticas de cuidados locais mais importantes e, nesse processo, ampliar a contribui\u00e7\u00e3o deles na constru\u00e7\u00e3o das narrativas.<\/p>\n\n\n\n<blockquote class=\"wp-block-quote is-layout-flow wp-block-quote-is-layout-flow\"><p><span class=\"has-inline-color has-luminous-vivid-orange-color\">\u201cOs filmes cresceram por conta da participa\u00e7\u00e3o das pessoas que assistiram. Acrescentamos novas ideias, novas entrevistas e novas imagens depois\u201d, conta Kurt.<\/span><\/p><\/blockquote>\n\n\n\n<figure class=\"wp-block-image size-large is-style-default\"><img loading=\"lazy\" decoding=\"async\" width=\"1000\" height=\"562\" src=\"https:\/\/jornalfatosenoticias.com.br\/wp-content\/uploads\/2021\/07\/infancia-indigena-4.jpg\" alt=\"\" class=\"wp-image-20277\" srcset=\"https:\/\/jornalfatosenoticias.com.br\/wp-content\/uploads\/2021\/07\/infancia-indigena-4.jpg 1000w, https:\/\/jornalfatosenoticias.com.br\/wp-content\/uploads\/2021\/07\/infancia-indigena-4-300x169.jpg 300w, https:\/\/jornalfatosenoticias.com.br\/wp-content\/uploads\/2021\/07\/infancia-indigena-4-768x432.jpg 768w\" sizes=\"auto, (max-width: 1000px) 100vw, 1000px\" \/><figcaption><em><span class=\"has-inline-color has-black-color\">(Foto: Divulga\u00e7\u00e3o)<\/span><\/em><\/figcaption><\/figure>\n\n\n\n<p>No Alto Rio Negro vivem 27 etnias, que falam 22 l\u00ednguas. Na s\u00e9rie de document\u00e1rios, <strong>cinco l\u00ednguas est\u00e3o presentes<\/strong>\u00a0nas narrativas:\u00a0<strong>baniwa, tukano, nheengatu, tuyuka e portugu\u00eas<\/strong>. Todos os curtas s\u00e3o legendados em portugu\u00eas.<br>O projeto da s\u00e9rie de document\u00e1rios venceu o edital Saving Brains, do Governo do Canad\u00e1, em 2017. No Brasil, a iniciativa tem apoio da Funda\u00e7\u00e3o Maria Cec\u00edlia Souto Vidigal e da Funda\u00e7\u00e3o Bernard van Leer.<\/p>\n\n\n\n<p><span class=\"has-inline-color has-black-color\"><strong>MIMUS: M\u00faltiplas Inf\u00e2ncias, M\u00faltiplos Saberes<br><\/strong><\/span><strong><span class=\"has-inline-color has-black-color\">De 6 a 10 de julho<\/span><\/strong> pelo <strong><a href=\"https:\/\/www.youtube.com\/usinadaimaginacao\" target=\"_blank\" rel=\"noreferrer noopener\">www.youtube.com\/usinadaimaginacao<\/a><\/strong><\/p>\n\n\n\n<p><span class=\"has-inline-color has-black-color\"><strong>GRATUITO:<\/strong> Inscri\u00e7\u00f5es abertas: <a href=\"http:\/\/mimus.usinadaimaginacao.org\/\" target=\"_blank\" rel=\"noreferrer noopener\">mimus.usinadaimaginacao.org\/<\/a><\/span><\/p>\n\n\n\n<h4 class=\"wp-block-heading\"><span class=\"has-inline-color has-black-color\">Programa\u00e7\u00e3o<\/span><\/h4>\n\n\n\n<figure class=\"wp-block-image size-large is-style-default\"><img loading=\"lazy\" decoding=\"async\" width=\"1000\" height=\"520\" src=\"https:\/\/jornalfatosenoticias.com.br\/wp-content\/uploads\/2021\/07\/mimus-cartaz.jpg\" alt=\"\" class=\"wp-image-20274\" srcset=\"https:\/\/jornalfatosenoticias.com.br\/wp-content\/uploads\/2021\/07\/mimus-cartaz.jpg 1000w, https:\/\/jornalfatosenoticias.com.br\/wp-content\/uploads\/2021\/07\/mimus-cartaz-300x156.jpg 300w, https:\/\/jornalfatosenoticias.com.br\/wp-content\/uploads\/2021\/07\/mimus-cartaz-768x399.jpg 768w\" sizes=\"auto, (max-width: 1000px) 100vw, 1000px\" \/><\/figure>\n\n\n\n<p><strong><span class=\"has-inline-color has-vivid-green-cyan-color\">ter\u00e7a | 6 de julho<br><\/span><em><span class=\"has-inline-color has-black-color\">19h \u2014 Abertura do evento<\/span><\/em><\/strong><\/p>\n\n\n\n<p><strong><em><span class=\"has-inline-color has-black-color\">19h40 \u2014 Debate \u201cPrimeira inf\u00e2ncia e desenvolvimento infantil comunit\u00e1rio\u201d<\/span><\/em><\/strong><\/p>\n\n\n\n<ul class=\"wp-block-list\"><li>Andr\u00e9 Baniwa (AM): Escritor e lideran\u00e7a que integra a Federa\u00e7\u00e3o das Organiza\u00e7\u00f5es do Alto Rio Negro (FOIRN), Baniwa, um dos povos ind\u00edgenas do Alto Rio Negro.<\/li><li>Maria Theresa Marc\u00edlio (BA): Presidente e fundadora da Avante, \u00e9 pedagoga e mestra em Educa\u00e7\u00e3o pela Harvard. Coordenadora regional para as Am\u00e9ricas do Projeto L\u00edderes Globais da Educa\u00e7\u00e3o Infantil do F\u00f3rum Mundial de Educa\u00e7\u00e3o e Cuidados na Primeira Inf\u00e2ncia.<\/li><li>Priscila Obaci (SP): M\u00e3e, militante e bacharel em Comunica\u00e7\u00e3o das Artes do Corpo com habilita\u00e7\u00e3o em teatro pela PUC \u2013 SP. \u00c9 atriz, dan\u00e7arina e poeta. Cofundadora da Capulanas Cia de Arte Negra e Umoja, ambos desde 2007, que realizam cria\u00e7\u00f5es c\u00eanicas h\u00edbridas (teatro\/dan\u00e7a\/m\u00fasica) com base na pesquisa das culturas de matrizes africanas.<\/li><li>Media\u00e7\u00e3o: Rita de C\u00e1cia Oenning da Silva e Kurt Shaw<\/li><\/ul>\n\n\n\n<p><span class=\"has-inline-color has-black-color\"><strong><em>21h30 \u2014 Exibi\u00e7\u00e3o do curta \u201cEst\u00edmulos\u201d da S\u00e9rie Primeira Inf\u00e2ncia Ind\u00edgena<\/em><\/strong><\/span><\/p>\n\n\n\n<p><strong><span class=\"has-inline-color has-vivid-green-cyan-color\">quarta | 7 de julho<br><\/span><\/strong><em><strong><span class=\"has-inline-color has-black-color\">19h \u2014 Exibi\u00e7\u00e3o do curta \u201cNutri\u00e7\u00e3o e Sa\u00fade\u201d da S\u00e9rie Primeira Inf\u00e2ncia Ind\u00edgena<\/span><\/strong><\/em><\/p>\n\n\n\n<p><strong><em><span class=\"has-inline-color has-black-color\">19h30 \u2014 Debate \u201cCrian\u00e7as pequenas Ind\u00edgenas, diversidade de cuidados e desenvolvimento\u201d<\/span><\/em><\/strong><\/p>\n\n\n\n<ul class=\"wp-block-list\"><li>Jozil\u00e9ia Kaingang (SC) \u2014 Ind\u00edgena Kaingang, antrop\u00f3loga e pesquisadora. Membra da Articula\u00e7\u00e3o Nacional das Mulheres Ind\u00edgenas Guerreiras da Ancestralidade \u2014 Anmiga, do Comit\u00ea de Assuntos Ind\u00edgenas da ABA e fundadora da Articula\u00e7\u00e3o Brasileira dos Ind\u00edgenas Antropologes.<\/li><li>Walder\u00e9s Xokleng (SC) \u2014 M\u00e3e e lideran\u00e7a ind\u00edgena do povo Lakl\u00e3n\u00f5 Xokleng. Mestre em hist\u00f3ria pelo Programa de P\u00f3s-Gradua\u00e7\u00e3o em Hist\u00f3ria da UFSC.<\/li><li>Antonela Tassinari (SC) \u2014 Doutora em Ci\u00eancia Social pela USP e Professora do departamento de Antropologia da UFSC, onde desenvolve projetos de pesquisa e extens\u00e3o vinculados ao N\u00facleo de Estudos de Povos Ind\u00edgenas \u2014 Nepi.<\/li><li>Elizete Antunes Ara\u2019i (SC) \u2014 Lideran\u00e7a Guarani e Vice-Cacique Guarani da Aldeia Maciambu, em Palho\u00e7a-SC. Formada no Curso de Licenciatura Intercultural Ind\u00edgena do Sul da Mata Atl\u00e2ntica, Centro de Filosofia e Ci\u00eancias Humanas da UFSC.<\/li><li>Media\u00e7\u00e3o: Rita de C\u00e1cia Oenning da Silva e Kurt Shaw<\/li><\/ul>\n\n\n\n<p><em><strong><span class=\"has-inline-color has-black-color\">21h \u2014 Exibi\u00e7\u00e3o do curta \u201cGravidez e Parto\u201d da S\u00e9rie Primeira Inf\u00e2ncia Ind\u00edgena<\/span><\/strong><\/em><\/p>\n\n\n\n<p><strong><span class=\"has-inline-color has-vivid-green-cyan-color\">quinta | 8 de julho<br><\/span><em><span class=\"has-inline-color has-black-color\">19h \u2014 Exibi\u00e7\u00e3o do curta \u201cProte\u00e7\u00e3o\u201d da S\u00e9rie Primeira Inf\u00e2ncia Ind\u00edgena<\/span><\/em><\/strong><\/p>\n\n\n\n<p><strong><em><span class=\"has-inline-color has-black-color\">19h30 \u2014 Debate \u201cPrimeira inf\u00e2ncia, cuidados e universo simb\u00f3lico e religioso\u201d<\/span><\/em><\/strong><\/p>\n\n\n\n<ul class=\"wp-block-list\"><li>Maria Das Janiele (PE) \u2014 M\u00e3e de Lua e Alab\u00e0, candomblecista e Juremeira. Iniciada \u00d3s\u00f9n, estudante de jornalismo, moradora do Ibura, Jaboat\u00e3o dos Guararapes \u2014 PE.<\/li><li>Izoneia Ara\u00fajo (AM) \u2014 Lideran\u00e7a ind\u00edgena da etnia Tariana, formada em biologia e m\u00e3e de quatro crian\u00e7as. Diretora da escola municipal de S\u00e3o Gabriel da Cachoeira. Foi pesquisadora do projeto CanalCanoa: primeira inf\u00e2ncia ind\u00edgena e atua com primeira infancia na pastoral da crian\u00e7a no R\u00edo Negro.<\/li><li>Christiane Rocha Ciovana Falc\u00e3o (SE) \u2014 M\u00e3e e militante antirracista, atua como consultora em pol\u00edticas p\u00fablicas de promo\u00e7\u00e3o da igualdade racial e de g\u00eanero. Especialista em Direitos dos Povos e Comunidades Tradicionais e mestra em Antropologia.<\/li><li>Media\u00e7\u00e3o: Rita de C\u00e1cia Oenning da Silva e Kurt Shaw<\/li><\/ul>\n\n\n\n<p><strong><em><span class=\"has-inline-color has-black-color\">21h15 \u2014 Exibi\u00e7\u00e3o do curta \u201cCanto e Linguagem\u201d da S\u00e9rie Primeira Inf\u00e2ncia Ind\u00edgena<\/span><\/em><\/strong><\/p>\n\n\n\n<p><strong><span class=\"has-inline-color has-vivid-green-cyan-color\">sexta | 9 de julho<br><\/span><\/strong><em><strong><span class=\"has-inline-color has-black-color\">19h \u2014 Exibi\u00e7\u00e3o do curta \u201cOrienta\u00e7\u00e3o\u201d da S\u00e9rie Primeira Inf\u00e2ncia Ind\u00edgena<\/span><\/strong><\/em><\/p>\n\n\n\n<p><em><strong><span class=\"has-inline-color has-black-color\">19h15 \u2014 Debate \u201cPrimeira inf\u00e2ncia, diversidade de g\u00eanero e desenvolvimento\u201d<\/span><\/strong><\/em><\/p>\n\n\n\n<ul class=\"wp-block-list\"><li>Luciano Ramos (RJ) \u2014 Pai de menina e historiador com especializa\u00e7\u00e3o em Pol\u00edticas P\u00fablicas para a inf\u00e2ncia. Consultor em masculinidades, paternidades, viol\u00eancias baseadas em g\u00eanero e sa\u00fade do homem no Instituto Promundo do Rio de Janeiro.<\/li><li>Caroline Dr\u00fcgg (RS) \u2014 Pedagoga especialista em Psicopedagogia, Pol\u00edticas P\u00fablicas e Projetos Sociais e Culturais. Atua como Supervisora T\u00e9cnica no Programa Primeira Inf\u00e2ncia Melhor \u2014 PIM do Governo do Estado do Rio Grande do Sul.<\/li><li>Media\u00e7\u00e3o: Rita de C\u00e1cia Oenning da Silva e Kurt Shaw<\/li><\/ul>\n\n\n\n<p><strong><em><span class=\"has-inline-color has-black-color\">21h \u2014 Exibi\u00e7\u00e3o do curta \u201cMaria Teresa\u201d da S\u00e9rie Pequenas Exploradoras<\/span><\/em><\/strong><\/p>\n\n\n\n<p><strong><span class=\"has-inline-color has-vivid-green-cyan-color\">s\u00e1bado | 10 de julho<br><\/span><em><span class=\"has-inline-color has-black-color\">08h45 \u2014 Exibi\u00e7\u00e3o do curta \u201cPol\u00edticas P\u00fablicas\u201d da S\u00e9rie Primeira Inf\u00e2ncia Ind\u00edgena<\/span><\/em><\/strong><\/p>\n\n\n\n<p><strong><em><span class=\"has-inline-color has-black-color\">09h \u2014 Debate \u201cAdapta\u00e7\u00f5es das pol\u00edticas p\u00fablicas as m\u00faltiplas inf\u00e2ncias\u201d<\/span><\/em><\/strong><\/p>\n\n\n\n<ul class=\"wp-block-list\"><li>Jaqueline Santos (SP) \u2014 Doutora em Antropologia Social, especialista nas \u00e1reas de educa\u00e7\u00e3o, juventude, primeira inf\u00e2ncia, rela\u00e7\u00f5es \u00e9tnico-raciais, equidade e \u00c1frica. Consultora de projetos de Geled\u00e9s \u2014 Instituto da Mulher Negra.<\/li><li>Marcos Pelegrini (RR) \u2014 M\u00e9dico com doutorado em Antropologia Social, professor da Universidade Federal de Roraima e tem experi\u00eancia profissional na \u00e1rea de planejamento e organiza\u00e7\u00e3o de servi\u00e7os de sa\u00fade entre povos ind\u00edgenas.<\/li><li>Maria Cristina Troncarelli (SP) \u2014 Educadora da equipe multidisciplinar do Projeto Xingu, de extens\u00e3o da Unifesp, atua na forma\u00e7\u00e3o de profissionais de sa\u00fade ind\u00edgenas e n\u00e3o ind\u00edgenas. Lecionou no Parque Ind\u00edgena do Xingu de 1984 a 1988 atrav\u00e9s da Funai.<\/li><li>Media\u00e7\u00e3o: Rita de C\u00e1cia Oenning da Silva e Kurt Shaw<\/li><\/ul>\n\n\n\n<p><strong><span class=\"has-inline-color has-black-color\"><em>11h \u2014 Exibi\u00e7\u00e3o do curta \u201cDaire K\u00e9sia\u201d, da S\u00e9rie Pequenas Exploradoras<\/em><\/span><\/strong><\/p>\n\n\n\n<p><strong><em>Fonte: <a href=\"https:\/\/ciclovivo.com.br\/fique-ligado\/eventos\/festival-online-debate-multiplas-infancias-e-formas-de-educar-criancas\/\">CicloVivo<\/a><\/em><\/strong><\/p>\n","protected":false},"excerpt":{"rendered":"<p>Filmes e debates revelam a riqueza dos saberes de povos ind\u00edgenas, quilombolas e de religi\u00f5es de matriz africana na educa\u00e7\u00e3o de crian\u00e7as Vem a\u00ed o MIMUS: M\u00faltiplas Inf\u00e2ncias, M\u00faltiplos Saberes, de 6 a 10 de julho, totalmente on-line e gratuito. Em cinco dias de programa\u00e7\u00e3o intensa, com filmes e debates sobre a inf\u00e2ncia e desenvolvimento [&hellip;]<\/p>\n","protected":false},"author":2,"featured_media":20278,"comment_status":"open","ping_status":"open","sticky":false,"template":"","format":"standard","meta":{"footnotes":""},"categories":[4],"tags":[9954,9953,9956,9955],"class_list":["post-20273","post","type-post","status-publish","format-standard","has-post-thumbnail","hentry","category-cultura","tag-mimus","tag-multiplas-infancias","tag-primeira-infancia-indigena","tag-saberes-dos-povos-indigenas"],"yoast_head":"<!-- This site is optimized with the Yoast SEO plugin v26.5 - https:\/\/yoast.com\/wordpress\/plugins\/seo\/ -->\n<title>Festival on-line debate m\u00faltiplas inf\u00e2ncias e formas de educar crian\u00e7as - Jornal Fatos e Not\u00edcias<\/title>\n<meta name=\"robots\" content=\"index, follow, max-snippet:-1, max-image-preview:large, max-video-preview:-1\" \/>\n<link rel=\"canonical\" href=\"https:\/\/jornalfatosenoticias.com.br\/index.php\/2021\/07\/06\/festival-on-line-debate-multiplas-infancias-e-formas-de-educar-criancas\/\" \/>\n<meta property=\"og:locale\" content=\"pt_BR\" \/>\n<meta property=\"og:type\" content=\"article\" \/>\n<meta property=\"og:title\" content=\"Festival on-line debate m\u00faltiplas inf\u00e2ncias e formas de educar crian\u00e7as - Jornal Fatos e Not\u00edcias\" \/>\n<meta property=\"og:description\" content=\"Filmes e debates revelam a riqueza dos saberes de povos ind\u00edgenas, quilombolas e de religi\u00f5es de matriz africana na educa\u00e7\u00e3o de crian\u00e7as Vem a\u00ed o MIMUS: M\u00faltiplas Inf\u00e2ncias, M\u00faltiplos Saberes, de 6 a 10 de julho, totalmente on-line e gratuito. Em cinco dias de programa\u00e7\u00e3o intensa, com filmes e debates sobre a inf\u00e2ncia e desenvolvimento [&hellip;]\" \/>\n<meta property=\"og:url\" content=\"https:\/\/jornalfatosenoticias.com.br\/index.php\/2021\/07\/06\/festival-on-line-debate-multiplas-infancias-e-formas-de-educar-criancas\/\" \/>\n<meta property=\"og:site_name\" content=\"Jornal Fatos e Not\u00edcias\" \/>\n<meta property=\"article:published_time\" content=\"2021-07-06T13:18:24+00:00\" \/>\n<meta property=\"article:modified_time\" content=\"2021-07-06T13:18:29+00:00\" \/>\n<meta property=\"og:image\" content=\"https:\/\/jornalfatosenoticias.com.br\/wp-content\/uploads\/2021\/07\/infancia-indigena-festival-on-line.jpg\" \/>\n\t<meta property=\"og:image:width\" content=\"1000\" \/>\n\t<meta property=\"og:image:height\" content=\"562\" \/>\n\t<meta property=\"og:image:type\" content=\"image\/jpeg\" \/>\n<meta name=\"author\" content=\"Luzimara Fernandes\" \/>\n<meta name=\"twitter:card\" content=\"summary_large_image\" \/>\n<meta name=\"twitter:label1\" content=\"Escrito por\" \/>\n\t<meta name=\"twitter:data1\" content=\"Luzimara Fernandes\" \/>\n\t<meta name=\"twitter:label2\" content=\"Est. tempo de leitura\" \/>\n\t<meta name=\"twitter:data2\" content=\"9 minutos\" \/>\n<script type=\"application\/ld+json\" class=\"yoast-schema-graph\">{\"@context\":\"https:\/\/schema.org\",\"@graph\":[{\"@type\":\"Article\",\"@id\":\"https:\/\/jornalfatosenoticias.com.br\/index.php\/2021\/07\/06\/festival-on-line-debate-multiplas-infancias-e-formas-de-educar-criancas\/#article\",\"isPartOf\":{\"@id\":\"https:\/\/jornalfatosenoticias.com.br\/index.php\/2021\/07\/06\/festival-on-line-debate-multiplas-infancias-e-formas-de-educar-criancas\/\"},\"author\":{\"name\":\"Luzimara Fernandes\",\"@id\":\"https:\/\/jornalfatosenoticias.com.br\/#\/schema\/person\/d63837fa13ac8666eb9e74e0985d6f81\"},\"headline\":\"Festival on-line debate m\u00faltiplas inf\u00e2ncias e formas de educar crian\u00e7as\",\"datePublished\":\"2021-07-06T13:18:24+00:00\",\"dateModified\":\"2021-07-06T13:18:29+00:00\",\"mainEntityOfPage\":{\"@id\":\"https:\/\/jornalfatosenoticias.com.br\/index.php\/2021\/07\/06\/festival-on-line-debate-multiplas-infancias-e-formas-de-educar-criancas\/\"},\"wordCount\":1830,\"commentCount\":0,\"publisher\":{\"@id\":\"https:\/\/jornalfatosenoticias.com.br\/#organization\"},\"image\":{\"@id\":\"https:\/\/jornalfatosenoticias.com.br\/index.php\/2021\/07\/06\/festival-on-line-debate-multiplas-infancias-e-formas-de-educar-criancas\/#primaryimage\"},\"thumbnailUrl\":\"https:\/\/jornalfatosenoticias.com.br\/wp-content\/uploads\/2021\/07\/infancia-indigena-festival-on-line.jpg\",\"keywords\":[\"MIMUS\",\"m\u00faltiplas inf\u00e2ncias\",\"Primeira Inf\u00e2ncia Ind\u00edgena\",\"saberes dos povos ind\u00edgenas\"],\"articleSection\":[\"Cultura\"],\"inLanguage\":\"pt-BR\",\"potentialAction\":[{\"@type\":\"CommentAction\",\"name\":\"Comment\",\"target\":[\"https:\/\/jornalfatosenoticias.com.br\/index.php\/2021\/07\/06\/festival-on-line-debate-multiplas-infancias-e-formas-de-educar-criancas\/#respond\"]}]},{\"@type\":\"WebPage\",\"@id\":\"https:\/\/jornalfatosenoticias.com.br\/index.php\/2021\/07\/06\/festival-on-line-debate-multiplas-infancias-e-formas-de-educar-criancas\/\",\"url\":\"https:\/\/jornalfatosenoticias.com.br\/index.php\/2021\/07\/06\/festival-on-line-debate-multiplas-infancias-e-formas-de-educar-criancas\/\",\"name\":\"Festival on-line debate m\u00faltiplas inf\u00e2ncias e formas de educar crian\u00e7as - Jornal Fatos e Not\u00edcias\",\"isPartOf\":{\"@id\":\"https:\/\/jornalfatosenoticias.com.br\/#website\"},\"primaryImageOfPage\":{\"@id\":\"https:\/\/jornalfatosenoticias.com.br\/index.php\/2021\/07\/06\/festival-on-line-debate-multiplas-infancias-e-formas-de-educar-criancas\/#primaryimage\"},\"image\":{\"@id\":\"https:\/\/jornalfatosenoticias.com.br\/index.php\/2021\/07\/06\/festival-on-line-debate-multiplas-infancias-e-formas-de-educar-criancas\/#primaryimage\"},\"thumbnailUrl\":\"https:\/\/jornalfatosenoticias.com.br\/wp-content\/uploads\/2021\/07\/infancia-indigena-festival-on-line.jpg\",\"datePublished\":\"2021-07-06T13:18:24+00:00\",\"dateModified\":\"2021-07-06T13:18:29+00:00\",\"breadcrumb\":{\"@id\":\"https:\/\/jornalfatosenoticias.com.br\/index.php\/2021\/07\/06\/festival-on-line-debate-multiplas-infancias-e-formas-de-educar-criancas\/#breadcrumb\"},\"inLanguage\":\"pt-BR\",\"potentialAction\":[{\"@type\":\"ReadAction\",\"target\":[\"https:\/\/jornalfatosenoticias.com.br\/index.php\/2021\/07\/06\/festival-on-line-debate-multiplas-infancias-e-formas-de-educar-criancas\/\"]}]},{\"@type\":\"ImageObject\",\"inLanguage\":\"pt-BR\",\"@id\":\"https:\/\/jornalfatosenoticias.com.br\/index.php\/2021\/07\/06\/festival-on-line-debate-multiplas-infancias-e-formas-de-educar-criancas\/#primaryimage\",\"url\":\"https:\/\/jornalfatosenoticias.com.br\/wp-content\/uploads\/2021\/07\/infancia-indigena-festival-on-line.jpg\",\"contentUrl\":\"https:\/\/jornalfatosenoticias.com.br\/wp-content\/uploads\/2021\/07\/infancia-indigena-festival-on-line.jpg\",\"width\":1000,\"height\":562},{\"@type\":\"BreadcrumbList\",\"@id\":\"https:\/\/jornalfatosenoticias.com.br\/index.php\/2021\/07\/06\/festival-on-line-debate-multiplas-infancias-e-formas-de-educar-criancas\/#breadcrumb\",\"itemListElement\":[{\"@type\":\"ListItem\",\"position\":1,\"name\":\"In\u00edcio\",\"item\":\"https:\/\/jornalfatosenoticias.com.br\/\"},{\"@type\":\"ListItem\",\"position\":2,\"name\":\"Festival on-line debate m\u00faltiplas inf\u00e2ncias e formas de educar crian\u00e7as\"}]},{\"@type\":\"WebSite\",\"@id\":\"https:\/\/jornalfatosenoticias.com.br\/#website\",\"url\":\"https:\/\/jornalfatosenoticias.com.br\/\",\"name\":\"Jornal Fatos e Not\u00edcias\",\"description\":\"Not\u00edcias em geral\",\"publisher\":{\"@id\":\"https:\/\/jornalfatosenoticias.com.br\/#organization\"},\"potentialAction\":[{\"@type\":\"SearchAction\",\"target\":{\"@type\":\"EntryPoint\",\"urlTemplate\":\"https:\/\/jornalfatosenoticias.com.br\/?s={search_term_string}\"},\"query-input\":{\"@type\":\"PropertyValueSpecification\",\"valueRequired\":true,\"valueName\":\"search_term_string\"}}],\"inLanguage\":\"pt-BR\"},{\"@type\":\"Organization\",\"@id\":\"https:\/\/jornalfatosenoticias.com.br\/#organization\",\"name\":\"Jornal Fatos e Not\u00edcias\",\"url\":\"https:\/\/jornalfatosenoticias.com.br\/\",\"logo\":{\"@type\":\"ImageObject\",\"inLanguage\":\"pt-BR\",\"@id\":\"https:\/\/jornalfatosenoticias.com.br\/#\/schema\/logo\/image\/\",\"url\":\"https:\/\/jornalfatosenoticias.com.br\/wp-content\/uploads\/2020\/02\/logo120.png\",\"contentUrl\":\"https:\/\/jornalfatosenoticias.com.br\/wp-content\/uploads\/2020\/02\/logo120.png\",\"width\":1227,\"height\":120,\"caption\":\"Jornal Fatos e Not\u00edcias\"},\"image\":{\"@id\":\"https:\/\/jornalfatosenoticias.com.br\/#\/schema\/logo\/image\/\"}},{\"@type\":\"Person\",\"@id\":\"https:\/\/jornalfatosenoticias.com.br\/#\/schema\/person\/d63837fa13ac8666eb9e74e0985d6f81\",\"name\":\"Luzimara Fernandes\",\"image\":{\"@type\":\"ImageObject\",\"inLanguage\":\"pt-BR\",\"@id\":\"https:\/\/jornalfatosenoticias.com.br\/#\/schema\/person\/image\/\",\"url\":\"https:\/\/jornalfatosenoticias.com.br\/wp-content\/uploads\/2025\/05\/EU_portal.jpg\",\"contentUrl\":\"https:\/\/jornalfatosenoticias.com.br\/wp-content\/uploads\/2025\/05\/EU_portal.jpg\",\"caption\":\"Luzimara Fernandes\"},\"description\":\"Jornalista MTB 2358-ES\",\"sameAs\":[\"https:\/\/jornalfatosenoticias.com.br\"],\"url\":\"https:\/\/jornalfatosenoticias.com.br\/index.php\/author\/luzimara\/\"}]}<\/script>\n<!-- \/ Yoast SEO plugin. -->","yoast_head_json":{"title":"Festival on-line debate m\u00faltiplas inf\u00e2ncias e formas de educar crian\u00e7as - Jornal Fatos e Not\u00edcias","robots":{"index":"index","follow":"follow","max-snippet":"max-snippet:-1","max-image-preview":"max-image-preview:large","max-video-preview":"max-video-preview:-1"},"canonical":"https:\/\/jornalfatosenoticias.com.br\/index.php\/2021\/07\/06\/festival-on-line-debate-multiplas-infancias-e-formas-de-educar-criancas\/","og_locale":"pt_BR","og_type":"article","og_title":"Festival on-line debate m\u00faltiplas inf\u00e2ncias e formas de educar crian\u00e7as - Jornal Fatos e Not\u00edcias","og_description":"Filmes e debates revelam a riqueza dos saberes de povos ind\u00edgenas, quilombolas e de religi\u00f5es de matriz africana na educa\u00e7\u00e3o de crian\u00e7as Vem a\u00ed o MIMUS: M\u00faltiplas Inf\u00e2ncias, M\u00faltiplos Saberes, de 6 a 10 de julho, totalmente on-line e gratuito. Em cinco dias de programa\u00e7\u00e3o intensa, com filmes e debates sobre a inf\u00e2ncia e desenvolvimento [&hellip;]","og_url":"https:\/\/jornalfatosenoticias.com.br\/index.php\/2021\/07\/06\/festival-on-line-debate-multiplas-infancias-e-formas-de-educar-criancas\/","og_site_name":"Jornal Fatos e Not\u00edcias","article_published_time":"2021-07-06T13:18:24+00:00","article_modified_time":"2021-07-06T13:18:29+00:00","og_image":[{"width":1000,"height":562,"url":"https:\/\/jornalfatosenoticias.com.br\/wp-content\/uploads\/2021\/07\/infancia-indigena-festival-on-line.jpg","type":"image\/jpeg"}],"author":"Luzimara Fernandes","twitter_card":"summary_large_image","twitter_misc":{"Escrito por":"Luzimara Fernandes","Est. tempo de leitura":"9 minutos"},"schema":{"@context":"https:\/\/schema.org","@graph":[{"@type":"Article","@id":"https:\/\/jornalfatosenoticias.com.br\/index.php\/2021\/07\/06\/festival-on-line-debate-multiplas-infancias-e-formas-de-educar-criancas\/#article","isPartOf":{"@id":"https:\/\/jornalfatosenoticias.com.br\/index.php\/2021\/07\/06\/festival-on-line-debate-multiplas-infancias-e-formas-de-educar-criancas\/"},"author":{"name":"Luzimara Fernandes","@id":"https:\/\/jornalfatosenoticias.com.br\/#\/schema\/person\/d63837fa13ac8666eb9e74e0985d6f81"},"headline":"Festival on-line debate m\u00faltiplas inf\u00e2ncias e formas de educar crian\u00e7as","datePublished":"2021-07-06T13:18:24+00:00","dateModified":"2021-07-06T13:18:29+00:00","mainEntityOfPage":{"@id":"https:\/\/jornalfatosenoticias.com.br\/index.php\/2021\/07\/06\/festival-on-line-debate-multiplas-infancias-e-formas-de-educar-criancas\/"},"wordCount":1830,"commentCount":0,"publisher":{"@id":"https:\/\/jornalfatosenoticias.com.br\/#organization"},"image":{"@id":"https:\/\/jornalfatosenoticias.com.br\/index.php\/2021\/07\/06\/festival-on-line-debate-multiplas-infancias-e-formas-de-educar-criancas\/#primaryimage"},"thumbnailUrl":"https:\/\/jornalfatosenoticias.com.br\/wp-content\/uploads\/2021\/07\/infancia-indigena-festival-on-line.jpg","keywords":["MIMUS","m\u00faltiplas inf\u00e2ncias","Primeira Inf\u00e2ncia Ind\u00edgena","saberes dos povos ind\u00edgenas"],"articleSection":["Cultura"],"inLanguage":"pt-BR","potentialAction":[{"@type":"CommentAction","name":"Comment","target":["https:\/\/jornalfatosenoticias.com.br\/index.php\/2021\/07\/06\/festival-on-line-debate-multiplas-infancias-e-formas-de-educar-criancas\/#respond"]}]},{"@type":"WebPage","@id":"https:\/\/jornalfatosenoticias.com.br\/index.php\/2021\/07\/06\/festival-on-line-debate-multiplas-infancias-e-formas-de-educar-criancas\/","url":"https:\/\/jornalfatosenoticias.com.br\/index.php\/2021\/07\/06\/festival-on-line-debate-multiplas-infancias-e-formas-de-educar-criancas\/","name":"Festival on-line debate m\u00faltiplas inf\u00e2ncias e formas de educar crian\u00e7as - Jornal Fatos e Not\u00edcias","isPartOf":{"@id":"https:\/\/jornalfatosenoticias.com.br\/#website"},"primaryImageOfPage":{"@id":"https:\/\/jornalfatosenoticias.com.br\/index.php\/2021\/07\/06\/festival-on-line-debate-multiplas-infancias-e-formas-de-educar-criancas\/#primaryimage"},"image":{"@id":"https:\/\/jornalfatosenoticias.com.br\/index.php\/2021\/07\/06\/festival-on-line-debate-multiplas-infancias-e-formas-de-educar-criancas\/#primaryimage"},"thumbnailUrl":"https:\/\/jornalfatosenoticias.com.br\/wp-content\/uploads\/2021\/07\/infancia-indigena-festival-on-line.jpg","datePublished":"2021-07-06T13:18:24+00:00","dateModified":"2021-07-06T13:18:29+00:00","breadcrumb":{"@id":"https:\/\/jornalfatosenoticias.com.br\/index.php\/2021\/07\/06\/festival-on-line-debate-multiplas-infancias-e-formas-de-educar-criancas\/#breadcrumb"},"inLanguage":"pt-BR","potentialAction":[{"@type":"ReadAction","target":["https:\/\/jornalfatosenoticias.com.br\/index.php\/2021\/07\/06\/festival-on-line-debate-multiplas-infancias-e-formas-de-educar-criancas\/"]}]},{"@type":"ImageObject","inLanguage":"pt-BR","@id":"https:\/\/jornalfatosenoticias.com.br\/index.php\/2021\/07\/06\/festival-on-line-debate-multiplas-infancias-e-formas-de-educar-criancas\/#primaryimage","url":"https:\/\/jornalfatosenoticias.com.br\/wp-content\/uploads\/2021\/07\/infancia-indigena-festival-on-line.jpg","contentUrl":"https:\/\/jornalfatosenoticias.com.br\/wp-content\/uploads\/2021\/07\/infancia-indigena-festival-on-line.jpg","width":1000,"height":562},{"@type":"BreadcrumbList","@id":"https:\/\/jornalfatosenoticias.com.br\/index.php\/2021\/07\/06\/festival-on-line-debate-multiplas-infancias-e-formas-de-educar-criancas\/#breadcrumb","itemListElement":[{"@type":"ListItem","position":1,"name":"In\u00edcio","item":"https:\/\/jornalfatosenoticias.com.br\/"},{"@type":"ListItem","position":2,"name":"Festival on-line debate m\u00faltiplas inf\u00e2ncias e formas de educar crian\u00e7as"}]},{"@type":"WebSite","@id":"https:\/\/jornalfatosenoticias.com.br\/#website","url":"https:\/\/jornalfatosenoticias.com.br\/","name":"Jornal Fatos e Not\u00edcias","description":"Not\u00edcias em geral","publisher":{"@id":"https:\/\/jornalfatosenoticias.com.br\/#organization"},"potentialAction":[{"@type":"SearchAction","target":{"@type":"EntryPoint","urlTemplate":"https:\/\/jornalfatosenoticias.com.br\/?s={search_term_string}"},"query-input":{"@type":"PropertyValueSpecification","valueRequired":true,"valueName":"search_term_string"}}],"inLanguage":"pt-BR"},{"@type":"Organization","@id":"https:\/\/jornalfatosenoticias.com.br\/#organization","name":"Jornal Fatos e Not\u00edcias","url":"https:\/\/jornalfatosenoticias.com.br\/","logo":{"@type":"ImageObject","inLanguage":"pt-BR","@id":"https:\/\/jornalfatosenoticias.com.br\/#\/schema\/logo\/image\/","url":"https:\/\/jornalfatosenoticias.com.br\/wp-content\/uploads\/2020\/02\/logo120.png","contentUrl":"https:\/\/jornalfatosenoticias.com.br\/wp-content\/uploads\/2020\/02\/logo120.png","width":1227,"height":120,"caption":"Jornal Fatos e Not\u00edcias"},"image":{"@id":"https:\/\/jornalfatosenoticias.com.br\/#\/schema\/logo\/image\/"}},{"@type":"Person","@id":"https:\/\/jornalfatosenoticias.com.br\/#\/schema\/person\/d63837fa13ac8666eb9e74e0985d6f81","name":"Luzimara Fernandes","image":{"@type":"ImageObject","inLanguage":"pt-BR","@id":"https:\/\/jornalfatosenoticias.com.br\/#\/schema\/person\/image\/","url":"https:\/\/jornalfatosenoticias.com.br\/wp-content\/uploads\/2025\/05\/EU_portal.jpg","contentUrl":"https:\/\/jornalfatosenoticias.com.br\/wp-content\/uploads\/2025\/05\/EU_portal.jpg","caption":"Luzimara Fernandes"},"description":"Jornalista MTB 2358-ES","sameAs":["https:\/\/jornalfatosenoticias.com.br"],"url":"https:\/\/jornalfatosenoticias.com.br\/index.php\/author\/luzimara\/"}]}},"cc_featured_image_caption":{"caption_text":"(Foto: Divulga\u00e7\u00e3o)","source_text":"","source_url":""},"jetpack_featured_media_url":"https:\/\/jornalfatosenoticias.com.br\/wp-content\/uploads\/2021\/07\/infancia-indigena-festival-on-line.jpg","_links":{"self":[{"href":"https:\/\/jornalfatosenoticias.com.br\/index.php\/wp-json\/wp\/v2\/posts\/20273","targetHints":{"allow":["GET"]}}],"collection":[{"href":"https:\/\/jornalfatosenoticias.com.br\/index.php\/wp-json\/wp\/v2\/posts"}],"about":[{"href":"https:\/\/jornalfatosenoticias.com.br\/index.php\/wp-json\/wp\/v2\/types\/post"}],"author":[{"embeddable":true,"href":"https:\/\/jornalfatosenoticias.com.br\/index.php\/wp-json\/wp\/v2\/users\/2"}],"replies":[{"embeddable":true,"href":"https:\/\/jornalfatosenoticias.com.br\/index.php\/wp-json\/wp\/v2\/comments?post=20273"}],"version-history":[{"count":0,"href":"https:\/\/jornalfatosenoticias.com.br\/index.php\/wp-json\/wp\/v2\/posts\/20273\/revisions"}],"wp:featuredmedia":[{"embeddable":true,"href":"https:\/\/jornalfatosenoticias.com.br\/index.php\/wp-json\/wp\/v2\/media\/20278"}],"wp:attachment":[{"href":"https:\/\/jornalfatosenoticias.com.br\/index.php\/wp-json\/wp\/v2\/media?parent=20273"}],"wp:term":[{"taxonomy":"category","embeddable":true,"href":"https:\/\/jornalfatosenoticias.com.br\/index.php\/wp-json\/wp\/v2\/categories?post=20273"},{"taxonomy":"post_tag","embeddable":true,"href":"https:\/\/jornalfatosenoticias.com.br\/index.php\/wp-json\/wp\/v2\/tags?post=20273"}],"curies":[{"name":"wp","href":"https:\/\/api.w.org\/{rel}","templated":true}]}}