{"id":2028,"date":"2020-03-16T08:56:32","date_gmt":"2020-03-16T11:56:32","guid":{"rendered":"https:\/\/jornalfatosenoticias.com.br\/?p=2028"},"modified":"2020-03-16T08:56:37","modified_gmt":"2020-03-16T11:56:37","slug":"banco-do-brasil-inaugura-primeira-usina-propria-de-energia-solar","status":"publish","type":"post","link":"https:\/\/jornalfatosenoticias.com.br\/index.php\/2020\/03\/16\/banco-do-brasil-inaugura-primeira-usina-propria-de-energia-solar\/","title":{"rendered":"Banco do Brasil inaugura primeira usina pr\u00f3pria de energia solar"},"content":{"rendered":"\n<h6 class=\"wp-block-heading\"><em>Empreendimento abastecer\u00e1 100 ag\u00eancias de Minas Gerais<\/em><\/h6>\n\n\n\n<p>O Banco do Brasil (BB) tornou-se a primeira institui\u00e7\u00e3o banc\u00e1ria do Pa\u00eds a ter a pr\u00f3pria usina de energia solar com o objetivo de abastecer as pr\u00f3prias ag\u00eancias. Com capacidade de gera\u00e7\u00e3o de 14 gigawatts-hora (GWh), o BB inaugurou, na \u00faltima quinta-feira (12) a usina de energia solar de Porteirinha, no norte de Minas Gerais.<br>\nLicitada pelo banco e constru\u00edda pela empresa de energia EDP, a usina vai garantir o fornecimento de energia renov\u00e1vel para 100 ag\u00eancias no estado, permitindo \u00e0 institui\u00e7\u00e3o economizar R$ 80 milh\u00f5es em 12 anos. O local tem 19 mil pain\u00e9is solares concentrados em 20 hectares, o suficiente para abastecer 5.833 resid\u00eancias com consumo m\u00e9dio mensal de 2.400 kWh.<br>\nA energia produzida entra no sistema da Companhia Energ\u00e9tica de Minas Gerais (Cemig). A distribuidora usa essa energia em sua rede e devolve o servi\u00e7o como cr\u00e9dito na conta de luz do Banco do Brasil. Segundo a institui\u00e7\u00e3o financeira, o empreendimento permitir\u00e1 a redu\u00e7\u00e3o de 58% na conta de energia das ag\u00eancias em Minas Gerais e diminuir\u00e1 a emiss\u00e3o de di\u00f3xido de carbono em mil toneladas por ano, o equivalente ao plantio de cerca de sete mil \u00e1rvores.<br>\nAt\u00e9 o fim de 2021, o BB pretende inaugurar mais seis usinas solares pr\u00f3prias, uma nova instala\u00e7\u00e3o em Minas Gerais. Os demais empreendimentos ficar\u00e3o em Goi\u00e1s, no Par\u00e1, na Bahia, no Cear\u00e1 e no Distrito Federal. Quando conclu\u00eddas, as sete unidades fornecer\u00e3o 42 GWh de energia por ano, semelhante ao consumo de 17,5 mil resid\u00eancias, deixando de emitir cerca de tr\u00eas mil toneladas anuais de di\u00f3xido de carbono. Isso representa o plantio de aproximadamente 19 mil \u00e1rvores.<\/p>\n\n\n\n<h4 class=\"wp-block-heading\">Mercado<\/h4>\n\n\n\n<p>Atualmente, a capacidade instalada de energia solar no Brasil tem pot\u00eancia de 3,45 gigawatts (GW), somando grandes usinas e os micro e minigeradores distribu\u00eddos em todo o Pa\u00eds. Segundo a Ag\u00eancia Nacional de Energia El\u00e9trica (Aneel), s\u00e3o 2,26 GW em gera\u00e7\u00e3o centralizada e 1,19 GW no segmento distribu\u00eddo.<br>\nO estado de Minas Gerais lidera o ranking de gera\u00e7\u00e3o de energia fotovoltaica no Brasil, seguido do Rio Grande do Sul e de S\u00e3o Paulo. Desde 2012, j\u00e1 foram investidos R$ 8,4 bilh\u00f5es em projetos com essa fonte no pa\u00eds. No ano passado, foram abertos 92 novos postos de trabalho por dia, segundo a Associa\u00e7\u00e3o Brasileira de Energia Solar Fotovoltaica (Absolar), que estima em 100 mil o n\u00famero atual de empregos gerados pelo segmento.<\/p>\n\n\n\n<h4 class=\"wp-block-heading\">Sustentabilidade corporativa<\/h4>\n\n\n\n<p>O Banco do Brasil lan\u00e7ou seu plano de sustentabilidade ambiental em 2004, com revis\u00e3o a cada dois anos. Em 2019, a institui\u00e7\u00e3o passou a integrar o \u00cdndice Dow Jones de Sustentabilidade (DJSI) da Bolsa de Nova York, \u00edndice que re\u00fane empresas com as melhores pr\u00e1ticas na \u00e1rea em todo o mundo. No in\u00edcio do ano, a institui\u00e7\u00e3o recebeu o pr\u00eamio de <a rel=\"noreferrer noopener\" href=\"http:\/\/Empreendimento%20abastecer%C3%A1%20100%20ag%C3%AAncias%20de%20Minas%20Gerais\/\" target=\"_blank\">empresa brasileira mais sustent\u00e1vel<\/a> no F\u00f3rum Econ\u00f4mico Mundial, em Davos, na Su\u00ed\u00e7a.<br> O banco \u00e9 listado entre empresas com pr\u00e1ticas sustent\u00e1veis pela Bolsa de Valores de Londres. H\u00e1 15 anos, o BB integra o \u00cdndice de Sustentabilidade Empresarial da B3, a bolsa de valores brasileira.<\/p>\n\n\n\n<p><strong><em>Fonte: <a href=\"https:\/\/agenciabrasil.ebc.com.br\/economia\/noticia\/2020-03\/banco-do-brasil-inaugura-primeira-usina-propria-de-energia-solar\">Ag\u00eancia Brasil<\/a><\/em><\/strong><\/p>\n","protected":false},"excerpt":{"rendered":"<p>Empreendimento abastecer\u00e1 100 ag\u00eancias de Minas Gerais O Banco do Brasil (BB) tornou-se a primeira institui\u00e7\u00e3o banc\u00e1ria do Pa\u00eds a ter a pr\u00f3pria usina de energia solar com o objetivo de abastecer as pr\u00f3prias ag\u00eancias. Com capacidade de gera\u00e7\u00e3o de 14 gigawatts-hora (GWh), o BB inaugurou, na \u00faltima quinta-feira (12) a usina de energia solar [&hellip;]<\/p>\n","protected":false},"author":2,"featured_media":2029,"comment_status":"open","ping_status":"open","sticky":false,"template":"","format":"standard","meta":{"footnotes":""},"categories":[9],"tags":[601,599,600,598],"class_list":["post-2028","post","type-post","status-publish","format-standard","has-post-thumbnail","hentry","category-economia","tag-banco-do-brasil","tag-energia-solar","tag-paineis-solares","tag-sustentabilidade-ambiental"],"yoast_head":"<!-- This site is optimized with the Yoast SEO plugin v26.5 - https:\/\/yoast.com\/wordpress\/plugins\/seo\/ -->\n<title>Banco do Brasil inaugura primeira usina pr\u00f3pria de energia solar - Jornal Fatos e Not\u00edcias<\/title>\n<meta name=\"robots\" content=\"index, follow, max-snippet:-1, max-image-preview:large, max-video-preview:-1\" \/>\n<link rel=\"canonical\" href=\"https:\/\/jornalfatosenoticias.com.br\/index.php\/2020\/03\/16\/banco-do-brasil-inaugura-primeira-usina-propria-de-energia-solar\/\" \/>\n<meta property=\"og:locale\" content=\"pt_BR\" \/>\n<meta property=\"og:type\" content=\"article\" \/>\n<meta property=\"og:title\" content=\"Banco do Brasil inaugura primeira usina pr\u00f3pria de energia solar - Jornal Fatos e Not\u00edcias\" \/>\n<meta property=\"og:description\" content=\"Empreendimento abastecer\u00e1 100 ag\u00eancias de Minas Gerais O Banco do Brasil (BB) tornou-se a primeira institui\u00e7\u00e3o banc\u00e1ria do Pa\u00eds a ter a pr\u00f3pria usina de energia solar com o objetivo de abastecer as pr\u00f3prias ag\u00eancias. Com capacidade de gera\u00e7\u00e3o de 14 gigawatts-hora (GWh), o BB inaugurou, na \u00faltima quinta-feira (12) a usina de energia solar [&hellip;]\" \/>\n<meta property=\"og:url\" content=\"https:\/\/jornalfatosenoticias.com.br\/index.php\/2020\/03\/16\/banco-do-brasil-inaugura-primeira-usina-propria-de-energia-solar\/\" \/>\n<meta property=\"og:site_name\" content=\"Jornal Fatos e Not\u00edcias\" \/>\n<meta property=\"article:published_time\" content=\"2020-03-16T11:56:32+00:00\" \/>\n<meta property=\"article:modified_time\" content=\"2020-03-16T11:56:37+00:00\" \/>\n<meta property=\"og:image\" content=\"https:\/\/jornalfatosenoticias.com.br\/wp-content\/uploads\/2020\/03\/placas_energia_solar_BB.jpg\" \/>\n\t<meta property=\"og:image:width\" content=\"1170\" \/>\n\t<meta property=\"og:image:height\" content=\"700\" \/>\n\t<meta property=\"og:image:type\" content=\"image\/jpeg\" \/>\n<meta name=\"author\" content=\"Luzimara Fernandes\" \/>\n<meta name=\"twitter:card\" content=\"summary_large_image\" \/>\n<meta name=\"twitter:label1\" content=\"Escrito por\" \/>\n\t<meta name=\"twitter:data1\" content=\"Luzimara Fernandes\" \/>\n\t<meta name=\"twitter:label2\" content=\"Est. tempo de leitura\" \/>\n\t<meta name=\"twitter:data2\" content=\"3 minutos\" \/>\n<script type=\"application\/ld+json\" class=\"yoast-schema-graph\">{\"@context\":\"https:\/\/schema.org\",\"@graph\":[{\"@type\":\"Article\",\"@id\":\"https:\/\/jornalfatosenoticias.com.br\/index.php\/2020\/03\/16\/banco-do-brasil-inaugura-primeira-usina-propria-de-energia-solar\/#article\",\"isPartOf\":{\"@id\":\"https:\/\/jornalfatosenoticias.com.br\/index.php\/2020\/03\/16\/banco-do-brasil-inaugura-primeira-usina-propria-de-energia-solar\/\"},\"author\":{\"name\":\"Luzimara Fernandes\",\"@id\":\"https:\/\/jornalfatosenoticias.com.br\/#\/schema\/person\/d63837fa13ac8666eb9e74e0985d6f81\"},\"headline\":\"Banco do Brasil inaugura primeira usina pr\u00f3pria de energia solar\",\"datePublished\":\"2020-03-16T11:56:32+00:00\",\"dateModified\":\"2020-03-16T11:56:37+00:00\",\"mainEntityOfPage\":{\"@id\":\"https:\/\/jornalfatosenoticias.com.br\/index.php\/2020\/03\/16\/banco-do-brasil-inaugura-primeira-usina-propria-de-energia-solar\/\"},\"wordCount\":555,\"commentCount\":0,\"publisher\":{\"@id\":\"https:\/\/jornalfatosenoticias.com.br\/#organization\"},\"image\":{\"@id\":\"https:\/\/jornalfatosenoticias.com.br\/index.php\/2020\/03\/16\/banco-do-brasil-inaugura-primeira-usina-propria-de-energia-solar\/#primaryimage\"},\"thumbnailUrl\":\"https:\/\/jornalfatosenoticias.com.br\/wp-content\/uploads\/2020\/03\/placas_energia_solar_BB.jpg\",\"keywords\":[\"Banco do Brasil\",\"energia solar\",\"pain\u00e9is solares\",\"sustentabilidade ambiental\"],\"articleSection\":[\"Economia\"],\"inLanguage\":\"pt-BR\",\"potentialAction\":[{\"@type\":\"CommentAction\",\"name\":\"Comment\",\"target\":[\"https:\/\/jornalfatosenoticias.com.br\/index.php\/2020\/03\/16\/banco-do-brasil-inaugura-primeira-usina-propria-de-energia-solar\/#respond\"]}]},{\"@type\":\"WebPage\",\"@id\":\"https:\/\/jornalfatosenoticias.com.br\/index.php\/2020\/03\/16\/banco-do-brasil-inaugura-primeira-usina-propria-de-energia-solar\/\",\"url\":\"https:\/\/jornalfatosenoticias.com.br\/index.php\/2020\/03\/16\/banco-do-brasil-inaugura-primeira-usina-propria-de-energia-solar\/\",\"name\":\"Banco do Brasil inaugura primeira usina pr\u00f3pria de energia solar - Jornal Fatos e Not\u00edcias\",\"isPartOf\":{\"@id\":\"https:\/\/jornalfatosenoticias.com.br\/#website\"},\"primaryImageOfPage\":{\"@id\":\"https:\/\/jornalfatosenoticias.com.br\/index.php\/2020\/03\/16\/banco-do-brasil-inaugura-primeira-usina-propria-de-energia-solar\/#primaryimage\"},\"image\":{\"@id\":\"https:\/\/jornalfatosenoticias.com.br\/index.php\/2020\/03\/16\/banco-do-brasil-inaugura-primeira-usina-propria-de-energia-solar\/#primaryimage\"},\"thumbnailUrl\":\"https:\/\/jornalfatosenoticias.com.br\/wp-content\/uploads\/2020\/03\/placas_energia_solar_BB.jpg\",\"datePublished\":\"2020-03-16T11:56:32+00:00\",\"dateModified\":\"2020-03-16T11:56:37+00:00\",\"breadcrumb\":{\"@id\":\"https:\/\/jornalfatosenoticias.com.br\/index.php\/2020\/03\/16\/banco-do-brasil-inaugura-primeira-usina-propria-de-energia-solar\/#breadcrumb\"},\"inLanguage\":\"pt-BR\",\"potentialAction\":[{\"@type\":\"ReadAction\",\"target\":[\"https:\/\/jornalfatosenoticias.com.br\/index.php\/2020\/03\/16\/banco-do-brasil-inaugura-primeira-usina-propria-de-energia-solar\/\"]}]},{\"@type\":\"ImageObject\",\"inLanguage\":\"pt-BR\",\"@id\":\"https:\/\/jornalfatosenoticias.com.br\/index.php\/2020\/03\/16\/banco-do-brasil-inaugura-primeira-usina-propria-de-energia-solar\/#primaryimage\",\"url\":\"https:\/\/jornalfatosenoticias.com.br\/wp-content\/uploads\/2020\/03\/placas_energia_solar_BB.jpg\",\"contentUrl\":\"https:\/\/jornalfatosenoticias.com.br\/wp-content\/uploads\/2020\/03\/placas_energia_solar_BB.jpg\",\"width\":1170,\"height\":700},{\"@type\":\"BreadcrumbList\",\"@id\":\"https:\/\/jornalfatosenoticias.com.br\/index.php\/2020\/03\/16\/banco-do-brasil-inaugura-primeira-usina-propria-de-energia-solar\/#breadcrumb\",\"itemListElement\":[{\"@type\":\"ListItem\",\"position\":1,\"name\":\"In\u00edcio\",\"item\":\"https:\/\/jornalfatosenoticias.com.br\/\"},{\"@type\":\"ListItem\",\"position\":2,\"name\":\"Banco do Brasil inaugura primeira usina pr\u00f3pria de energia solar\"}]},{\"@type\":\"WebSite\",\"@id\":\"https:\/\/jornalfatosenoticias.com.br\/#website\",\"url\":\"https:\/\/jornalfatosenoticias.com.br\/\",\"name\":\"Jornal Fatos e Not\u00edcias\",\"description\":\"Not\u00edcias em geral\",\"publisher\":{\"@id\":\"https:\/\/jornalfatosenoticias.com.br\/#organization\"},\"potentialAction\":[{\"@type\":\"SearchAction\",\"target\":{\"@type\":\"EntryPoint\",\"urlTemplate\":\"https:\/\/jornalfatosenoticias.com.br\/?s={search_term_string}\"},\"query-input\":{\"@type\":\"PropertyValueSpecification\",\"valueRequired\":true,\"valueName\":\"search_term_string\"}}],\"inLanguage\":\"pt-BR\"},{\"@type\":\"Organization\",\"@id\":\"https:\/\/jornalfatosenoticias.com.br\/#organization\",\"name\":\"Jornal Fatos e Not\u00edcias\",\"url\":\"https:\/\/jornalfatosenoticias.com.br\/\",\"logo\":{\"@type\":\"ImageObject\",\"inLanguage\":\"pt-BR\",\"@id\":\"https:\/\/jornalfatosenoticias.com.br\/#\/schema\/logo\/image\/\",\"url\":\"https:\/\/jornalfatosenoticias.com.br\/wp-content\/uploads\/2020\/02\/logo120.png\",\"contentUrl\":\"https:\/\/jornalfatosenoticias.com.br\/wp-content\/uploads\/2020\/02\/logo120.png\",\"width\":1227,\"height\":120,\"caption\":\"Jornal Fatos e Not\u00edcias\"},\"image\":{\"@id\":\"https:\/\/jornalfatosenoticias.com.br\/#\/schema\/logo\/image\/\"}},{\"@type\":\"Person\",\"@id\":\"https:\/\/jornalfatosenoticias.com.br\/#\/schema\/person\/d63837fa13ac8666eb9e74e0985d6f81\",\"name\":\"Luzimara Fernandes\",\"image\":{\"@type\":\"ImageObject\",\"inLanguage\":\"pt-BR\",\"@id\":\"https:\/\/jornalfatosenoticias.com.br\/#\/schema\/person\/image\/\",\"url\":\"https:\/\/jornalfatosenoticias.com.br\/wp-content\/uploads\/2025\/05\/EU_portal.jpg\",\"contentUrl\":\"https:\/\/jornalfatosenoticias.com.br\/wp-content\/uploads\/2025\/05\/EU_portal.jpg\",\"caption\":\"Luzimara Fernandes\"},\"description\":\"Jornalista MTB 2358-ES\",\"sameAs\":[\"https:\/\/jornalfatosenoticias.com.br\"],\"url\":\"https:\/\/jornalfatosenoticias.com.br\/index.php\/author\/luzimara\/\"}]}<\/script>\n<!-- \/ Yoast SEO plugin. -->","yoast_head_json":{"title":"Banco do Brasil inaugura primeira usina pr\u00f3pria de energia solar - Jornal Fatos e Not\u00edcias","robots":{"index":"index","follow":"follow","max-snippet":"max-snippet:-1","max-image-preview":"max-image-preview:large","max-video-preview":"max-video-preview:-1"},"canonical":"https:\/\/jornalfatosenoticias.com.br\/index.php\/2020\/03\/16\/banco-do-brasil-inaugura-primeira-usina-propria-de-energia-solar\/","og_locale":"pt_BR","og_type":"article","og_title":"Banco do Brasil inaugura primeira usina pr\u00f3pria de energia solar - Jornal Fatos e Not\u00edcias","og_description":"Empreendimento abastecer\u00e1 100 ag\u00eancias de Minas Gerais O Banco do Brasil (BB) tornou-se a primeira institui\u00e7\u00e3o banc\u00e1ria do Pa\u00eds a ter a pr\u00f3pria usina de energia solar com o objetivo de abastecer as pr\u00f3prias ag\u00eancias. Com capacidade de gera\u00e7\u00e3o de 14 gigawatts-hora (GWh), o BB inaugurou, na \u00faltima quinta-feira (12) a usina de energia solar [&hellip;]","og_url":"https:\/\/jornalfatosenoticias.com.br\/index.php\/2020\/03\/16\/banco-do-brasil-inaugura-primeira-usina-propria-de-energia-solar\/","og_site_name":"Jornal Fatos e Not\u00edcias","article_published_time":"2020-03-16T11:56:32+00:00","article_modified_time":"2020-03-16T11:56:37+00:00","og_image":[{"width":1170,"height":700,"url":"https:\/\/jornalfatosenoticias.com.br\/wp-content\/uploads\/2020\/03\/placas_energia_solar_BB.jpg","type":"image\/jpeg"}],"author":"Luzimara Fernandes","twitter_card":"summary_large_image","twitter_misc":{"Escrito por":"Luzimara Fernandes","Est. tempo de leitura":"3 minutos"},"schema":{"@context":"https:\/\/schema.org","@graph":[{"@type":"Article","@id":"https:\/\/jornalfatosenoticias.com.br\/index.php\/2020\/03\/16\/banco-do-brasil-inaugura-primeira-usina-propria-de-energia-solar\/#article","isPartOf":{"@id":"https:\/\/jornalfatosenoticias.com.br\/index.php\/2020\/03\/16\/banco-do-brasil-inaugura-primeira-usina-propria-de-energia-solar\/"},"author":{"name":"Luzimara Fernandes","@id":"https:\/\/jornalfatosenoticias.com.br\/#\/schema\/person\/d63837fa13ac8666eb9e74e0985d6f81"},"headline":"Banco do Brasil inaugura primeira usina pr\u00f3pria de energia solar","datePublished":"2020-03-16T11:56:32+00:00","dateModified":"2020-03-16T11:56:37+00:00","mainEntityOfPage":{"@id":"https:\/\/jornalfatosenoticias.com.br\/index.php\/2020\/03\/16\/banco-do-brasil-inaugura-primeira-usina-propria-de-energia-solar\/"},"wordCount":555,"commentCount":0,"publisher":{"@id":"https:\/\/jornalfatosenoticias.com.br\/#organization"},"image":{"@id":"https:\/\/jornalfatosenoticias.com.br\/index.php\/2020\/03\/16\/banco-do-brasil-inaugura-primeira-usina-propria-de-energia-solar\/#primaryimage"},"thumbnailUrl":"https:\/\/jornalfatosenoticias.com.br\/wp-content\/uploads\/2020\/03\/placas_energia_solar_BB.jpg","keywords":["Banco do Brasil","energia solar","pain\u00e9is solares","sustentabilidade ambiental"],"articleSection":["Economia"],"inLanguage":"pt-BR","potentialAction":[{"@type":"CommentAction","name":"Comment","target":["https:\/\/jornalfatosenoticias.com.br\/index.php\/2020\/03\/16\/banco-do-brasil-inaugura-primeira-usina-propria-de-energia-solar\/#respond"]}]},{"@type":"WebPage","@id":"https:\/\/jornalfatosenoticias.com.br\/index.php\/2020\/03\/16\/banco-do-brasil-inaugura-primeira-usina-propria-de-energia-solar\/","url":"https:\/\/jornalfatosenoticias.com.br\/index.php\/2020\/03\/16\/banco-do-brasil-inaugura-primeira-usina-propria-de-energia-solar\/","name":"Banco do Brasil inaugura primeira usina pr\u00f3pria de energia solar - Jornal Fatos e Not\u00edcias","isPartOf":{"@id":"https:\/\/jornalfatosenoticias.com.br\/#website"},"primaryImageOfPage":{"@id":"https:\/\/jornalfatosenoticias.com.br\/index.php\/2020\/03\/16\/banco-do-brasil-inaugura-primeira-usina-propria-de-energia-solar\/#primaryimage"},"image":{"@id":"https:\/\/jornalfatosenoticias.com.br\/index.php\/2020\/03\/16\/banco-do-brasil-inaugura-primeira-usina-propria-de-energia-solar\/#primaryimage"},"thumbnailUrl":"https:\/\/jornalfatosenoticias.com.br\/wp-content\/uploads\/2020\/03\/placas_energia_solar_BB.jpg","datePublished":"2020-03-16T11:56:32+00:00","dateModified":"2020-03-16T11:56:37+00:00","breadcrumb":{"@id":"https:\/\/jornalfatosenoticias.com.br\/index.php\/2020\/03\/16\/banco-do-brasil-inaugura-primeira-usina-propria-de-energia-solar\/#breadcrumb"},"inLanguage":"pt-BR","potentialAction":[{"@type":"ReadAction","target":["https:\/\/jornalfatosenoticias.com.br\/index.php\/2020\/03\/16\/banco-do-brasil-inaugura-primeira-usina-propria-de-energia-solar\/"]}]},{"@type":"ImageObject","inLanguage":"pt-BR","@id":"https:\/\/jornalfatosenoticias.com.br\/index.php\/2020\/03\/16\/banco-do-brasil-inaugura-primeira-usina-propria-de-energia-solar\/#primaryimage","url":"https:\/\/jornalfatosenoticias.com.br\/wp-content\/uploads\/2020\/03\/placas_energia_solar_BB.jpg","contentUrl":"https:\/\/jornalfatosenoticias.com.br\/wp-content\/uploads\/2020\/03\/placas_energia_solar_BB.jpg","width":1170,"height":700},{"@type":"BreadcrumbList","@id":"https:\/\/jornalfatosenoticias.com.br\/index.php\/2020\/03\/16\/banco-do-brasil-inaugura-primeira-usina-propria-de-energia-solar\/#breadcrumb","itemListElement":[{"@type":"ListItem","position":1,"name":"In\u00edcio","item":"https:\/\/jornalfatosenoticias.com.br\/"},{"@type":"ListItem","position":2,"name":"Banco do Brasil inaugura primeira usina pr\u00f3pria de energia solar"}]},{"@type":"WebSite","@id":"https:\/\/jornalfatosenoticias.com.br\/#website","url":"https:\/\/jornalfatosenoticias.com.br\/","name":"Jornal Fatos e Not\u00edcias","description":"Not\u00edcias em geral","publisher":{"@id":"https:\/\/jornalfatosenoticias.com.br\/#organization"},"potentialAction":[{"@type":"SearchAction","target":{"@type":"EntryPoint","urlTemplate":"https:\/\/jornalfatosenoticias.com.br\/?s={search_term_string}"},"query-input":{"@type":"PropertyValueSpecification","valueRequired":true,"valueName":"search_term_string"}}],"inLanguage":"pt-BR"},{"@type":"Organization","@id":"https:\/\/jornalfatosenoticias.com.br\/#organization","name":"Jornal Fatos e Not\u00edcias","url":"https:\/\/jornalfatosenoticias.com.br\/","logo":{"@type":"ImageObject","inLanguage":"pt-BR","@id":"https:\/\/jornalfatosenoticias.com.br\/#\/schema\/logo\/image\/","url":"https:\/\/jornalfatosenoticias.com.br\/wp-content\/uploads\/2020\/02\/logo120.png","contentUrl":"https:\/\/jornalfatosenoticias.com.br\/wp-content\/uploads\/2020\/02\/logo120.png","width":1227,"height":120,"caption":"Jornal Fatos e Not\u00edcias"},"image":{"@id":"https:\/\/jornalfatosenoticias.com.br\/#\/schema\/logo\/image\/"}},{"@type":"Person","@id":"https:\/\/jornalfatosenoticias.com.br\/#\/schema\/person\/d63837fa13ac8666eb9e74e0985d6f81","name":"Luzimara Fernandes","image":{"@type":"ImageObject","inLanguage":"pt-BR","@id":"https:\/\/jornalfatosenoticias.com.br\/#\/schema\/person\/image\/","url":"https:\/\/jornalfatosenoticias.com.br\/wp-content\/uploads\/2025\/05\/EU_portal.jpg","contentUrl":"https:\/\/jornalfatosenoticias.com.br\/wp-content\/uploads\/2025\/05\/EU_portal.jpg","caption":"Luzimara Fernandes"},"description":"Jornalista MTB 2358-ES","sameAs":["https:\/\/jornalfatosenoticias.com.br"],"url":"https:\/\/jornalfatosenoticias.com.br\/index.php\/author\/luzimara\/"}]}},"cc_featured_image_caption":{"caption_text":"S\u00e3o 19 mil pain\u00e9is solares concentrados em 20 hectares (Foto: Soninha Vill\/GIZ)","source_text":"","source_url":""},"jetpack_featured_media_url":"https:\/\/jornalfatosenoticias.com.br\/wp-content\/uploads\/2020\/03\/placas_energia_solar_BB.jpg","_links":{"self":[{"href":"https:\/\/jornalfatosenoticias.com.br\/index.php\/wp-json\/wp\/v2\/posts\/2028","targetHints":{"allow":["GET"]}}],"collection":[{"href":"https:\/\/jornalfatosenoticias.com.br\/index.php\/wp-json\/wp\/v2\/posts"}],"about":[{"href":"https:\/\/jornalfatosenoticias.com.br\/index.php\/wp-json\/wp\/v2\/types\/post"}],"author":[{"embeddable":true,"href":"https:\/\/jornalfatosenoticias.com.br\/index.php\/wp-json\/wp\/v2\/users\/2"}],"replies":[{"embeddable":true,"href":"https:\/\/jornalfatosenoticias.com.br\/index.php\/wp-json\/wp\/v2\/comments?post=2028"}],"version-history":[{"count":0,"href":"https:\/\/jornalfatosenoticias.com.br\/index.php\/wp-json\/wp\/v2\/posts\/2028\/revisions"}],"wp:featuredmedia":[{"embeddable":true,"href":"https:\/\/jornalfatosenoticias.com.br\/index.php\/wp-json\/wp\/v2\/media\/2029"}],"wp:attachment":[{"href":"https:\/\/jornalfatosenoticias.com.br\/index.php\/wp-json\/wp\/v2\/media?parent=2028"}],"wp:term":[{"taxonomy":"category","embeddable":true,"href":"https:\/\/jornalfatosenoticias.com.br\/index.php\/wp-json\/wp\/v2\/categories?post=2028"},{"taxonomy":"post_tag","embeddable":true,"href":"https:\/\/jornalfatosenoticias.com.br\/index.php\/wp-json\/wp\/v2\/tags?post=2028"}],"curies":[{"name":"wp","href":"https:\/\/api.w.org\/{rel}","templated":true}]}}