{"id":20296,"date":"2021-07-06T11:00:38","date_gmt":"2021-07-06T14:00:38","guid":{"rendered":"https:\/\/jornalfatosenoticias.com.br\/?p=20296"},"modified":"2021-07-06T11:00:44","modified_gmt":"2021-07-06T14:00:44","slug":"nuvens-cuspidoras-de-fogo-reaparecem-no-canada-e-agravam-incendios-florestais","status":"publish","type":"post","link":"https:\/\/jornalfatosenoticias.com.br\/index.php\/2021\/07\/06\/nuvens-cuspidoras-de-fogo-reaparecem-no-canada-e-agravam-incendios-florestais\/","title":{"rendered":"Nuvens \u201ccuspidoras de fogo\u201d reaparecem no Canad\u00e1 e agravam inc\u00eandios florestais"},"content":{"rendered":"\n<p>O aumento <a href=\"https:\/\/olhardigital.com.br\/tag\/recorde\/\" target=\"_blank\" rel=\"noreferrer noopener\">recorde<\/a>\u00a0de temperatura causado pelas queimadas em Col\u00fambia Brit\u00e2nica, no\u00a0<a href=\"https:\/\/olhardigital.com.br\/tag\/canada\/\" target=\"_blank\" rel=\"noreferrer noopener\">Canad\u00e1<\/a>, est\u00e1 trazendo um outro efeito ainda mais perigoso: nuvens \u201ccuspidoras de fogo\u201d, ou mais tecnicamente, as \u201cpirocumulonimbus\u201d.<br>Elas s\u00e3o originadas em queimadas em regi\u00f5es florestais ou de plan\u00edcie, e se formam com a umidade extremamente quente dos inc\u00eandios. O <a href=\"https:\/\/olhardigital.com.br\/tag\/calor\/\" target=\"_blank\" rel=\"noreferrer noopener\">calor<\/a> sobe para a atmosfera, e essas nuvens jogam rajadas de ar seco em dire\u00e7\u00e3o ao solo. Com isso, o fogo e a fuma\u00e7a aumentam e se espalham, gerando mais ar quente e umidade e novas nuvens do tipo, que v\u00e3o jogar novas rajadas ao solo, em um ciclo vicioso destrutivo.<br>A temperatura em Lytton, a pouco mais de 150 quil\u00f4metros de Vancouver, chegou a incr\u00edveis 49 graus e meio Celsius na semana passada, gra\u00e7as a uma onda de calor que gerou um foco de <a href=\"https:\/\/olhardigital.com.br\/tag\/incendio\/\" target=\"_blank\" rel=\"noreferrer noopener\">inc\u00eandio<\/a> na regi\u00e3o de plan\u00edcie da vila. O prefeito ordenou a evacua\u00e7\u00e3o de 250 residentes. A queimada destruiu 90% da regi\u00e3o.<br>Segundo Dakota Smith, um meteorologista colaborativo do Instituto de Pesquisa Atmosf\u00e9rica do Colorado, foram vistas \u201cplumas\u201d indicativas da forma\u00e7\u00e3o de uma nuvem pirocumulonimbus em imagens de sat\u00e9lite.<\/p>\n","protected":false},"excerpt":{"rendered":"<p>O aumento recorde\u00a0de temperatura causado pelas queimadas em Col\u00fambia Brit\u00e2nica, no\u00a0Canad\u00e1, est\u00e1 trazendo um outro efeito ainda mais perigoso: nuvens \u201ccuspidoras de fogo\u201d, ou mais tecnicamente, as \u201cpirocumulonimbus\u201d.Elas s\u00e3o originadas em queimadas em regi\u00f5es florestais ou de plan\u00edcie, e se formam com a umidade extremamente quente dos inc\u00eandios. O calor sobe para a atmosfera, e [&hellip;]<\/p>\n","protected":false},"author":2,"featured_media":20297,"comment_status":"open","ping_status":"open","sticky":false,"template":"","format":"video","meta":{"footnotes":""},"categories":[6],"tags":[2668,9968,3104,4262,4909,9969,816],"class_list":["post-20296","post","type-post","status-publish","format-video","has-post-thumbnail","hentry","category-tw-video","tag-canada","tag-fenomenos","tag-fogo","tag-incendios","tag-incendios-florestais","tag-nuvens-de-fogo","tag-perigo","post_format-post-format-video"],"yoast_head":"<!-- This site is optimized with the Yoast SEO plugin v26.5 - https:\/\/yoast.com\/wordpress\/plugins\/seo\/ -->\n<title>Nuvens \u201ccuspidoras de fogo\u201d reaparecem no Canad\u00e1 e agravam inc\u00eandios florestais - Jornal Fatos e Not\u00edcias<\/title>\n<meta name=\"robots\" content=\"index, follow, max-snippet:-1, max-image-preview:large, max-video-preview:-1\" \/>\n<link rel=\"canonical\" href=\"https:\/\/jornalfatosenoticias.com.br\/index.php\/2021\/07\/06\/nuvens-cuspidoras-de-fogo-reaparecem-no-canada-e-agravam-incendios-florestais\/\" \/>\n<meta property=\"og:locale\" content=\"pt_BR\" \/>\n<meta property=\"og:type\" content=\"article\" \/>\n<meta property=\"og:title\" content=\"Nuvens \u201ccuspidoras de fogo\u201d reaparecem no Canad\u00e1 e agravam inc\u00eandios florestais - Jornal Fatos e Not\u00edcias\" \/>\n<meta property=\"og:description\" content=\"O aumento recorde\u00a0de temperatura causado pelas queimadas em Col\u00fambia Brit\u00e2nica, no\u00a0Canad\u00e1, est\u00e1 trazendo um outro efeito ainda mais perigoso: nuvens \u201ccuspidoras de fogo\u201d, ou mais tecnicamente, as \u201cpirocumulonimbus\u201d.Elas s\u00e3o originadas em queimadas em regi\u00f5es florestais ou de plan\u00edcie, e se formam com a umidade extremamente quente dos inc\u00eandios. O calor sobe para a atmosfera, e [&hellip;]\" \/>\n<meta property=\"og:url\" content=\"https:\/\/jornalfatosenoticias.com.br\/index.php\/2021\/07\/06\/nuvens-cuspidoras-de-fogo-reaparecem-no-canada-e-agravam-incendios-florestais\/\" \/>\n<meta property=\"og:site_name\" content=\"Jornal Fatos e Not\u00edcias\" \/>\n<meta property=\"article:published_time\" content=\"2021-07-06T14:00:38+00:00\" \/>\n<meta property=\"article:modified_time\" content=\"2021-07-06T14:00:44+00:00\" \/>\n<meta property=\"og:image\" content=\"https:\/\/jornalfatosenoticias.com.br\/wp-content\/uploads\/2021\/07\/Nuvens-cuspidoras-de-fogo.jpg\" \/>\n\t<meta property=\"og:image:width\" content=\"1000\" \/>\n\t<meta property=\"og:image:height\" content=\"647\" \/>\n\t<meta property=\"og:image:type\" content=\"image\/jpeg\" \/>\n<meta name=\"author\" content=\"Luzimara Fernandes\" \/>\n<meta name=\"twitter:card\" content=\"summary_large_image\" \/>\n<meta name=\"twitter:label1\" content=\"Escrito por\" \/>\n\t<meta name=\"twitter:data1\" content=\"Luzimara Fernandes\" \/>\n\t<meta name=\"twitter:label2\" content=\"Est. tempo de leitura\" \/>\n\t<meta name=\"twitter:data2\" content=\"1 minuto\" \/>\n<script type=\"application\/ld+json\" class=\"yoast-schema-graph\">{\"@context\":\"https:\/\/schema.org\",\"@graph\":[{\"@type\":\"Article\",\"@id\":\"https:\/\/jornalfatosenoticias.com.br\/index.php\/2021\/07\/06\/nuvens-cuspidoras-de-fogo-reaparecem-no-canada-e-agravam-incendios-florestais\/#article\",\"isPartOf\":{\"@id\":\"https:\/\/jornalfatosenoticias.com.br\/index.php\/2021\/07\/06\/nuvens-cuspidoras-de-fogo-reaparecem-no-canada-e-agravam-incendios-florestais\/\"},\"author\":{\"name\":\"Luzimara Fernandes\",\"@id\":\"https:\/\/jornalfatosenoticias.com.br\/#\/schema\/person\/d63837fa13ac8666eb9e74e0985d6f81\"},\"headline\":\"Nuvens \u201ccuspidoras de fogo\u201d reaparecem no Canad\u00e1 e agravam inc\u00eandios florestais\",\"datePublished\":\"2021-07-06T14:00:38+00:00\",\"dateModified\":\"2021-07-06T14:00:44+00:00\",\"mainEntityOfPage\":{\"@id\":\"https:\/\/jornalfatosenoticias.com.br\/index.php\/2021\/07\/06\/nuvens-cuspidoras-de-fogo-reaparecem-no-canada-e-agravam-incendios-florestais\/\"},\"wordCount\":213,\"commentCount\":0,\"publisher\":{\"@id\":\"https:\/\/jornalfatosenoticias.com.br\/#organization\"},\"image\":{\"@id\":\"https:\/\/jornalfatosenoticias.com.br\/index.php\/2021\/07\/06\/nuvens-cuspidoras-de-fogo-reaparecem-no-canada-e-agravam-incendios-florestais\/#primaryimage\"},\"thumbnailUrl\":\"https:\/\/jornalfatosenoticias.com.br\/wp-content\/uploads\/2021\/07\/Nuvens-cuspidoras-de-fogo.jpg\",\"keywords\":[\"Canad\u00e1\",\"fen\u00f4menos\",\"fogo\",\"inc\u00eandios\",\"inc\u00eandios florestais\",\"nuvens de fogo\",\"perigo\"],\"articleSection\":[\"V\u00eddeo\"],\"inLanguage\":\"pt-BR\",\"potentialAction\":[{\"@type\":\"CommentAction\",\"name\":\"Comment\",\"target\":[\"https:\/\/jornalfatosenoticias.com.br\/index.php\/2021\/07\/06\/nuvens-cuspidoras-de-fogo-reaparecem-no-canada-e-agravam-incendios-florestais\/#respond\"]}]},{\"@type\":\"WebPage\",\"@id\":\"https:\/\/jornalfatosenoticias.com.br\/index.php\/2021\/07\/06\/nuvens-cuspidoras-de-fogo-reaparecem-no-canada-e-agravam-incendios-florestais\/\",\"url\":\"https:\/\/jornalfatosenoticias.com.br\/index.php\/2021\/07\/06\/nuvens-cuspidoras-de-fogo-reaparecem-no-canada-e-agravam-incendios-florestais\/\",\"name\":\"Nuvens \u201ccuspidoras de fogo\u201d reaparecem no Canad\u00e1 e agravam inc\u00eandios florestais - Jornal Fatos e Not\u00edcias\",\"isPartOf\":{\"@id\":\"https:\/\/jornalfatosenoticias.com.br\/#website\"},\"primaryImageOfPage\":{\"@id\":\"https:\/\/jornalfatosenoticias.com.br\/index.php\/2021\/07\/06\/nuvens-cuspidoras-de-fogo-reaparecem-no-canada-e-agravam-incendios-florestais\/#primaryimage\"},\"image\":{\"@id\":\"https:\/\/jornalfatosenoticias.com.br\/index.php\/2021\/07\/06\/nuvens-cuspidoras-de-fogo-reaparecem-no-canada-e-agravam-incendios-florestais\/#primaryimage\"},\"thumbnailUrl\":\"https:\/\/jornalfatosenoticias.com.br\/wp-content\/uploads\/2021\/07\/Nuvens-cuspidoras-de-fogo.jpg\",\"datePublished\":\"2021-07-06T14:00:38+00:00\",\"dateModified\":\"2021-07-06T14:00:44+00:00\",\"breadcrumb\":{\"@id\":\"https:\/\/jornalfatosenoticias.com.br\/index.php\/2021\/07\/06\/nuvens-cuspidoras-de-fogo-reaparecem-no-canada-e-agravam-incendios-florestais\/#breadcrumb\"},\"inLanguage\":\"pt-BR\",\"potentialAction\":[{\"@type\":\"ReadAction\",\"target\":[\"https:\/\/jornalfatosenoticias.com.br\/index.php\/2021\/07\/06\/nuvens-cuspidoras-de-fogo-reaparecem-no-canada-e-agravam-incendios-florestais\/\"]}]},{\"@type\":\"ImageObject\",\"inLanguage\":\"pt-BR\",\"@id\":\"https:\/\/jornalfatosenoticias.com.br\/index.php\/2021\/07\/06\/nuvens-cuspidoras-de-fogo-reaparecem-no-canada-e-agravam-incendios-florestais\/#primaryimage\",\"url\":\"https:\/\/jornalfatosenoticias.com.br\/wp-content\/uploads\/2021\/07\/Nuvens-cuspidoras-de-fogo.jpg\",\"contentUrl\":\"https:\/\/jornalfatosenoticias.com.br\/wp-content\/uploads\/2021\/07\/Nuvens-cuspidoras-de-fogo.jpg\",\"width\":1000,\"height\":647},{\"@type\":\"BreadcrumbList\",\"@id\":\"https:\/\/jornalfatosenoticias.com.br\/index.php\/2021\/07\/06\/nuvens-cuspidoras-de-fogo-reaparecem-no-canada-e-agravam-incendios-florestais\/#breadcrumb\",\"itemListElement\":[{\"@type\":\"ListItem\",\"position\":1,\"name\":\"In\u00edcio\",\"item\":\"https:\/\/jornalfatosenoticias.com.br\/\"},{\"@type\":\"ListItem\",\"position\":2,\"name\":\"Nuvens \u201ccuspidoras de fogo\u201d reaparecem no Canad\u00e1 e agravam inc\u00eandios florestais\"}]},{\"@type\":\"WebSite\",\"@id\":\"https:\/\/jornalfatosenoticias.com.br\/#website\",\"url\":\"https:\/\/jornalfatosenoticias.com.br\/\",\"name\":\"Jornal Fatos e Not\u00edcias\",\"description\":\"Not\u00edcias em geral\",\"publisher\":{\"@id\":\"https:\/\/jornalfatosenoticias.com.br\/#organization\"},\"potentialAction\":[{\"@type\":\"SearchAction\",\"target\":{\"@type\":\"EntryPoint\",\"urlTemplate\":\"https:\/\/jornalfatosenoticias.com.br\/?s={search_term_string}\"},\"query-input\":{\"@type\":\"PropertyValueSpecification\",\"valueRequired\":true,\"valueName\":\"search_term_string\"}}],\"inLanguage\":\"pt-BR\"},{\"@type\":\"Organization\",\"@id\":\"https:\/\/jornalfatosenoticias.com.br\/#organization\",\"name\":\"Jornal Fatos e Not\u00edcias\",\"url\":\"https:\/\/jornalfatosenoticias.com.br\/\",\"logo\":{\"@type\":\"ImageObject\",\"inLanguage\":\"pt-BR\",\"@id\":\"https:\/\/jornalfatosenoticias.com.br\/#\/schema\/logo\/image\/\",\"url\":\"https:\/\/jornalfatosenoticias.com.br\/wp-content\/uploads\/2020\/02\/logo120.png\",\"contentUrl\":\"https:\/\/jornalfatosenoticias.com.br\/wp-content\/uploads\/2020\/02\/logo120.png\",\"width\":1227,\"height\":120,\"caption\":\"Jornal Fatos e Not\u00edcias\"},\"image\":{\"@id\":\"https:\/\/jornalfatosenoticias.com.br\/#\/schema\/logo\/image\/\"}},{\"@type\":\"Person\",\"@id\":\"https:\/\/jornalfatosenoticias.com.br\/#\/schema\/person\/d63837fa13ac8666eb9e74e0985d6f81\",\"name\":\"Luzimara Fernandes\",\"image\":{\"@type\":\"ImageObject\",\"inLanguage\":\"pt-BR\",\"@id\":\"https:\/\/jornalfatosenoticias.com.br\/#\/schema\/person\/image\/\",\"url\":\"https:\/\/jornalfatosenoticias.com.br\/wp-content\/uploads\/2025\/05\/EU_portal.jpg\",\"contentUrl\":\"https:\/\/jornalfatosenoticias.com.br\/wp-content\/uploads\/2025\/05\/EU_portal.jpg\",\"caption\":\"Luzimara Fernandes\"},\"description\":\"Jornalista MTB 2358-ES\",\"sameAs\":[\"https:\/\/jornalfatosenoticias.com.br\"],\"url\":\"https:\/\/jornalfatosenoticias.com.br\/index.php\/author\/luzimara\/\"}]}<\/script>\n<!-- \/ Yoast SEO plugin. -->","yoast_head_json":{"title":"Nuvens \u201ccuspidoras de fogo\u201d reaparecem no Canad\u00e1 e agravam inc\u00eandios florestais - Jornal Fatos e Not\u00edcias","robots":{"index":"index","follow":"follow","max-snippet":"max-snippet:-1","max-image-preview":"max-image-preview:large","max-video-preview":"max-video-preview:-1"},"canonical":"https:\/\/jornalfatosenoticias.com.br\/index.php\/2021\/07\/06\/nuvens-cuspidoras-de-fogo-reaparecem-no-canada-e-agravam-incendios-florestais\/","og_locale":"pt_BR","og_type":"article","og_title":"Nuvens \u201ccuspidoras de fogo\u201d reaparecem no Canad\u00e1 e agravam inc\u00eandios florestais - Jornal Fatos e Not\u00edcias","og_description":"O aumento recorde\u00a0de temperatura causado pelas queimadas em Col\u00fambia Brit\u00e2nica, no\u00a0Canad\u00e1, est\u00e1 trazendo um outro efeito ainda mais perigoso: nuvens \u201ccuspidoras de fogo\u201d, ou mais tecnicamente, as \u201cpirocumulonimbus\u201d.Elas s\u00e3o originadas em queimadas em regi\u00f5es florestais ou de plan\u00edcie, e se formam com a umidade extremamente quente dos inc\u00eandios. O calor sobe para a atmosfera, e [&hellip;]","og_url":"https:\/\/jornalfatosenoticias.com.br\/index.php\/2021\/07\/06\/nuvens-cuspidoras-de-fogo-reaparecem-no-canada-e-agravam-incendios-florestais\/","og_site_name":"Jornal Fatos e Not\u00edcias","article_published_time":"2021-07-06T14:00:38+00:00","article_modified_time":"2021-07-06T14:00:44+00:00","og_image":[{"width":1000,"height":647,"url":"https:\/\/jornalfatosenoticias.com.br\/wp-content\/uploads\/2021\/07\/Nuvens-cuspidoras-de-fogo.jpg","type":"image\/jpeg"}],"author":"Luzimara Fernandes","twitter_card":"summary_large_image","twitter_misc":{"Escrito por":"Luzimara Fernandes","Est. tempo de leitura":"1 minuto"},"schema":{"@context":"https:\/\/schema.org","@graph":[{"@type":"Article","@id":"https:\/\/jornalfatosenoticias.com.br\/index.php\/2021\/07\/06\/nuvens-cuspidoras-de-fogo-reaparecem-no-canada-e-agravam-incendios-florestais\/#article","isPartOf":{"@id":"https:\/\/jornalfatosenoticias.com.br\/index.php\/2021\/07\/06\/nuvens-cuspidoras-de-fogo-reaparecem-no-canada-e-agravam-incendios-florestais\/"},"author":{"name":"Luzimara Fernandes","@id":"https:\/\/jornalfatosenoticias.com.br\/#\/schema\/person\/d63837fa13ac8666eb9e74e0985d6f81"},"headline":"Nuvens \u201ccuspidoras de fogo\u201d reaparecem no Canad\u00e1 e agravam inc\u00eandios florestais","datePublished":"2021-07-06T14:00:38+00:00","dateModified":"2021-07-06T14:00:44+00:00","mainEntityOfPage":{"@id":"https:\/\/jornalfatosenoticias.com.br\/index.php\/2021\/07\/06\/nuvens-cuspidoras-de-fogo-reaparecem-no-canada-e-agravam-incendios-florestais\/"},"wordCount":213,"commentCount":0,"publisher":{"@id":"https:\/\/jornalfatosenoticias.com.br\/#organization"},"image":{"@id":"https:\/\/jornalfatosenoticias.com.br\/index.php\/2021\/07\/06\/nuvens-cuspidoras-de-fogo-reaparecem-no-canada-e-agravam-incendios-florestais\/#primaryimage"},"thumbnailUrl":"https:\/\/jornalfatosenoticias.com.br\/wp-content\/uploads\/2021\/07\/Nuvens-cuspidoras-de-fogo.jpg","keywords":["Canad\u00e1","fen\u00f4menos","fogo","inc\u00eandios","inc\u00eandios florestais","nuvens de fogo","perigo"],"articleSection":["V\u00eddeo"],"inLanguage":"pt-BR","potentialAction":[{"@type":"CommentAction","name":"Comment","target":["https:\/\/jornalfatosenoticias.com.br\/index.php\/2021\/07\/06\/nuvens-cuspidoras-de-fogo-reaparecem-no-canada-e-agravam-incendios-florestais\/#respond"]}]},{"@type":"WebPage","@id":"https:\/\/jornalfatosenoticias.com.br\/index.php\/2021\/07\/06\/nuvens-cuspidoras-de-fogo-reaparecem-no-canada-e-agravam-incendios-florestais\/","url":"https:\/\/jornalfatosenoticias.com.br\/index.php\/2021\/07\/06\/nuvens-cuspidoras-de-fogo-reaparecem-no-canada-e-agravam-incendios-florestais\/","name":"Nuvens \u201ccuspidoras de fogo\u201d reaparecem no Canad\u00e1 e agravam inc\u00eandios florestais - Jornal Fatos e Not\u00edcias","isPartOf":{"@id":"https:\/\/jornalfatosenoticias.com.br\/#website"},"primaryImageOfPage":{"@id":"https:\/\/jornalfatosenoticias.com.br\/index.php\/2021\/07\/06\/nuvens-cuspidoras-de-fogo-reaparecem-no-canada-e-agravam-incendios-florestais\/#primaryimage"},"image":{"@id":"https:\/\/jornalfatosenoticias.com.br\/index.php\/2021\/07\/06\/nuvens-cuspidoras-de-fogo-reaparecem-no-canada-e-agravam-incendios-florestais\/#primaryimage"},"thumbnailUrl":"https:\/\/jornalfatosenoticias.com.br\/wp-content\/uploads\/2021\/07\/Nuvens-cuspidoras-de-fogo.jpg","datePublished":"2021-07-06T14:00:38+00:00","dateModified":"2021-07-06T14:00:44+00:00","breadcrumb":{"@id":"https:\/\/jornalfatosenoticias.com.br\/index.php\/2021\/07\/06\/nuvens-cuspidoras-de-fogo-reaparecem-no-canada-e-agravam-incendios-florestais\/#breadcrumb"},"inLanguage":"pt-BR","potentialAction":[{"@type":"ReadAction","target":["https:\/\/jornalfatosenoticias.com.br\/index.php\/2021\/07\/06\/nuvens-cuspidoras-de-fogo-reaparecem-no-canada-e-agravam-incendios-florestais\/"]}]},{"@type":"ImageObject","inLanguage":"pt-BR","@id":"https:\/\/jornalfatosenoticias.com.br\/index.php\/2021\/07\/06\/nuvens-cuspidoras-de-fogo-reaparecem-no-canada-e-agravam-incendios-florestais\/#primaryimage","url":"https:\/\/jornalfatosenoticias.com.br\/wp-content\/uploads\/2021\/07\/Nuvens-cuspidoras-de-fogo.jpg","contentUrl":"https:\/\/jornalfatosenoticias.com.br\/wp-content\/uploads\/2021\/07\/Nuvens-cuspidoras-de-fogo.jpg","width":1000,"height":647},{"@type":"BreadcrumbList","@id":"https:\/\/jornalfatosenoticias.com.br\/index.php\/2021\/07\/06\/nuvens-cuspidoras-de-fogo-reaparecem-no-canada-e-agravam-incendios-florestais\/#breadcrumb","itemListElement":[{"@type":"ListItem","position":1,"name":"In\u00edcio","item":"https:\/\/jornalfatosenoticias.com.br\/"},{"@type":"ListItem","position":2,"name":"Nuvens \u201ccuspidoras de fogo\u201d reaparecem no Canad\u00e1 e agravam inc\u00eandios florestais"}]},{"@type":"WebSite","@id":"https:\/\/jornalfatosenoticias.com.br\/#website","url":"https:\/\/jornalfatosenoticias.com.br\/","name":"Jornal Fatos e Not\u00edcias","description":"Not\u00edcias em geral","publisher":{"@id":"https:\/\/jornalfatosenoticias.com.br\/#organization"},"potentialAction":[{"@type":"SearchAction","target":{"@type":"EntryPoint","urlTemplate":"https:\/\/jornalfatosenoticias.com.br\/?s={search_term_string}"},"query-input":{"@type":"PropertyValueSpecification","valueRequired":true,"valueName":"search_term_string"}}],"inLanguage":"pt-BR"},{"@type":"Organization","@id":"https:\/\/jornalfatosenoticias.com.br\/#organization","name":"Jornal Fatos e Not\u00edcias","url":"https:\/\/jornalfatosenoticias.com.br\/","logo":{"@type":"ImageObject","inLanguage":"pt-BR","@id":"https:\/\/jornalfatosenoticias.com.br\/#\/schema\/logo\/image\/","url":"https:\/\/jornalfatosenoticias.com.br\/wp-content\/uploads\/2020\/02\/logo120.png","contentUrl":"https:\/\/jornalfatosenoticias.com.br\/wp-content\/uploads\/2020\/02\/logo120.png","width":1227,"height":120,"caption":"Jornal Fatos e Not\u00edcias"},"image":{"@id":"https:\/\/jornalfatosenoticias.com.br\/#\/schema\/logo\/image\/"}},{"@type":"Person","@id":"https:\/\/jornalfatosenoticias.com.br\/#\/schema\/person\/d63837fa13ac8666eb9e74e0985d6f81","name":"Luzimara Fernandes","image":{"@type":"ImageObject","inLanguage":"pt-BR","@id":"https:\/\/jornalfatosenoticias.com.br\/#\/schema\/person\/image\/","url":"https:\/\/jornalfatosenoticias.com.br\/wp-content\/uploads\/2025\/05\/EU_portal.jpg","contentUrl":"https:\/\/jornalfatosenoticias.com.br\/wp-content\/uploads\/2025\/05\/EU_portal.jpg","caption":"Luzimara Fernandes"},"description":"Jornalista MTB 2358-ES","sameAs":["https:\/\/jornalfatosenoticias.com.br"],"url":"https:\/\/jornalfatosenoticias.com.br\/index.php\/author\/luzimara\/"}]}},"cc_featured_image_caption":{"caption_text":"","source_text":"","source_url":""},"jetpack_featured_media_url":"https:\/\/jornalfatosenoticias.com.br\/wp-content\/uploads\/2021\/07\/Nuvens-cuspidoras-de-fogo.jpg","_links":{"self":[{"href":"https:\/\/jornalfatosenoticias.com.br\/index.php\/wp-json\/wp\/v2\/posts\/20296","targetHints":{"allow":["GET"]}}],"collection":[{"href":"https:\/\/jornalfatosenoticias.com.br\/index.php\/wp-json\/wp\/v2\/posts"}],"about":[{"href":"https:\/\/jornalfatosenoticias.com.br\/index.php\/wp-json\/wp\/v2\/types\/post"}],"author":[{"embeddable":true,"href":"https:\/\/jornalfatosenoticias.com.br\/index.php\/wp-json\/wp\/v2\/users\/2"}],"replies":[{"embeddable":true,"href":"https:\/\/jornalfatosenoticias.com.br\/index.php\/wp-json\/wp\/v2\/comments?post=20296"}],"version-history":[{"count":0,"href":"https:\/\/jornalfatosenoticias.com.br\/index.php\/wp-json\/wp\/v2\/posts\/20296\/revisions"}],"wp:featuredmedia":[{"embeddable":true,"href":"https:\/\/jornalfatosenoticias.com.br\/index.php\/wp-json\/wp\/v2\/media\/20297"}],"wp:attachment":[{"href":"https:\/\/jornalfatosenoticias.com.br\/index.php\/wp-json\/wp\/v2\/media?parent=20296"}],"wp:term":[{"taxonomy":"category","embeddable":true,"href":"https:\/\/jornalfatosenoticias.com.br\/index.php\/wp-json\/wp\/v2\/categories?post=20296"},{"taxonomy":"post_tag","embeddable":true,"href":"https:\/\/jornalfatosenoticias.com.br\/index.php\/wp-json\/wp\/v2\/tags?post=20296"}],"curies":[{"name":"wp","href":"https:\/\/api.w.org\/{rel}","templated":true}]}}