{"id":20416,"date":"2021-07-08T19:31:08","date_gmt":"2021-07-08T22:31:08","guid":{"rendered":"https:\/\/jornalfatosenoticias.com.br\/?p=20416"},"modified":"2021-07-08T19:31:12","modified_gmt":"2021-07-08T22:31:12","slug":"em-seis-meses-de-gestao-fundao-comeca-a-mostrar-cara-nova","status":"publish","type":"post","link":"https:\/\/jornalfatosenoticias.com.br\/index.php\/2021\/07\/08\/em-seis-meses-de-gestao-fundao-comeca-a-mostrar-cara-nova\/","title":{"rendered":"Em seis meses de gest\u00e3o, Fund\u00e3o come\u00e7a a mostrar cara nova"},"content":{"rendered":"\n<p><em><span class=\"has-inline-color has-black-color\">Afinal, era por falta de recurso, descaso ou incompet\u00eancia que o munic\u00edpio estava estagnado?<\/span><\/em><\/p>\n\n\n\n<p>O munic\u00edpio de Fund\u00e3o est\u00e1 ficando de cara nova, fruto do primeiro semestre de trabalho desenvolvido pela dupla Gilmar e Murilo. Como frequentador da orla do munic\u00edpio h\u00e1 20 anos, sempre me perguntei o porqu\u00ea as obriga\u00e7\u00f5es p\u00fablicas no munic\u00edpio n\u00e3o aconteciam\u2026 Seria falta de recurso ou descaso? Ou seria incompet\u00eancia mesmo? N\u00e3o estou me referindo a grandes obras, mas aos servi\u00e7os b\u00e1sicos e essenciais como limpeza, nivelamento de ruas, ou seja, zelo com as comunidades e o principal, uma gest\u00e3o humanizada, buscando sempre o bem comum.<br>Sabemos que h\u00e1 muito por se fazer, as dificuldades s\u00e3o muitas, mas a realidade vem mostrando um cen\u00e1rio bem diferente, uma cidade mais limpa, ruas com servi\u00e7os de compacta\u00e7\u00e3o, praias limpas e ilumina\u00e7\u00e3o p\u00fablica melhorada, ou seja, cidad\u00e3os mais satisfeitos.<br>Como a dupla bem diz \u201cEstamos tralhando para Fund\u00e3o ter dias melhores no futuro\u201d, e isso \u00e9 t\u00e3o verdade que, no final do m\u00eas passado, anunciaram \u00e0 nossa reportagem, o in\u00edcio das obras de melhorias na estrada que liga o munic\u00edpio de Santa Leopoldina ao distrito de Timbu\u00ed. Segundo os gestores, \u00e9 uma obra de compet\u00eancia do Estado, do Departamento de Edifica\u00e7\u00f5es e de Rodovias do Estado do Esp\u00edrito Santo (DER) que, depois de pronta, trar\u00e1 economia aos produtores rurais daquela regi\u00e3o no escoamento de suas produ\u00e7\u00f5es e para as pessoas, que poder\u00e3o viajar com mais seguran\u00e7a para as praias do litoral fund\u00e3oense.<br>Agora, quanto \u00e0 pergunta no in\u00edcio da mat\u00e9ria, posso responder catedraticamente que, assim como Fund\u00e3o, as coisas n\u00e3o aconteciam ou n\u00e3o acontecem em outros munic\u00edpios, pela falta de compromisso e corrup\u00e7\u00e3o sist\u00eamica, instalada na grande maioria das prefeituras Brasil a fora, infelizmente.<\/p>\n\n\n\n<figure class=\"wp-block-image size-large is-style-default\"><img loading=\"lazy\" decoding=\"async\" width=\"1000\" height=\"750\" src=\"https:\/\/jornalfatosenoticias.com.br\/wp-content\/uploads\/2021\/07\/IMG-20210708-WA0162.jpg\" alt=\"\" class=\"wp-image-20417\" srcset=\"https:\/\/jornalfatosenoticias.com.br\/wp-content\/uploads\/2021\/07\/IMG-20210708-WA0162.jpg 1000w, https:\/\/jornalfatosenoticias.com.br\/wp-content\/uploads\/2021\/07\/IMG-20210708-WA0162-300x225.jpg 300w, https:\/\/jornalfatosenoticias.com.br\/wp-content\/uploads\/2021\/07\/IMG-20210708-WA0162-768x576.jpg 768w\" sizes=\"auto, (max-width: 1000px) 100vw, 1000px\" \/><figcaption><em><span class=\"has-inline-color has-black-color\">Patrolamento em ruas de Fund\u00e3o (Foto: Vereador A\u00e9lcio Peixoto)<\/span><\/em><\/figcaption><\/figure>\n\n\n\n<p><em><span class=\"has-inline-color has-luminous-vivid-orange-color\"><strong>Foto de capa:<\/strong> Haroldo Cordeiro Filho<\/span><\/em><\/p>\n","protected":false},"excerpt":{"rendered":"<p>Afinal, era por falta de recurso, descaso ou incompet\u00eancia que o munic\u00edpio estava estagnado? O munic\u00edpio de Fund\u00e3o est\u00e1 ficando de cara nova, fruto do primeiro semestre de trabalho desenvolvido pela dupla Gilmar e Murilo. Como frequentador da orla do munic\u00edpio h\u00e1 20 anos, sempre me perguntei o porqu\u00ea as obriga\u00e7\u00f5es p\u00fablicas no munic\u00edpio n\u00e3o [&hellip;]<\/p>\n","protected":false},"author":3,"featured_media":20418,"comment_status":"open","ping_status":"open","sticky":false,"template":"","format":"standard","meta":{"footnotes":""},"categories":[10],"tags":[560,10010,4522,1310,245],"class_list":["post-20416","post","type-post","status-publish","format-standard","has-post-thumbnail","hentry","category-politica","tag-fundao","tag-gestao-humanizada","tag-gestao-publica","tag-obras","tag-trabalho"],"yoast_head":"<!-- This site is optimized with the Yoast SEO plugin v26.5 - https:\/\/yoast.com\/wordpress\/plugins\/seo\/ -->\n<title>Em seis meses de gest\u00e3o, Fund\u00e3o come\u00e7a a mostrar cara nova - Jornal Fatos e Not\u00edcias<\/title>\n<meta name=\"robots\" content=\"index, follow, max-snippet:-1, max-image-preview:large, max-video-preview:-1\" \/>\n<link rel=\"canonical\" href=\"https:\/\/jornalfatosenoticias.com.br\/index.php\/2021\/07\/08\/em-seis-meses-de-gestao-fundao-comeca-a-mostrar-cara-nova\/\" \/>\n<meta property=\"og:locale\" content=\"pt_BR\" \/>\n<meta property=\"og:type\" content=\"article\" \/>\n<meta property=\"og:title\" content=\"Em seis meses de gest\u00e3o, Fund\u00e3o come\u00e7a a mostrar cara nova - Jornal Fatos e Not\u00edcias\" \/>\n<meta property=\"og:description\" content=\"Afinal, era por falta de recurso, descaso ou incompet\u00eancia que o munic\u00edpio estava estagnado? O munic\u00edpio de Fund\u00e3o est\u00e1 ficando de cara nova, fruto do primeiro semestre de trabalho desenvolvido pela dupla Gilmar e Murilo. Como frequentador da orla do munic\u00edpio h\u00e1 20 anos, sempre me perguntei o porqu\u00ea as obriga\u00e7\u00f5es p\u00fablicas no munic\u00edpio n\u00e3o [&hellip;]\" \/>\n<meta property=\"og:url\" content=\"https:\/\/jornalfatosenoticias.com.br\/index.php\/2021\/07\/08\/em-seis-meses-de-gestao-fundao-comeca-a-mostrar-cara-nova\/\" \/>\n<meta property=\"og:site_name\" content=\"Jornal Fatos e Not\u00edcias\" \/>\n<meta property=\"article:published_time\" content=\"2021-07-08T22:31:08+00:00\" \/>\n<meta property=\"article:modified_time\" content=\"2021-07-08T22:31:12+00:00\" \/>\n<meta property=\"og:image\" content=\"https:\/\/jornalfatosenoticias.com.br\/wp-content\/uploads\/2021\/07\/Gil-e-Murilo-430.png\" \/>\n\t<meta property=\"og:image:width\" content=\"1000\" \/>\n\t<meta property=\"og:image:height\" content=\"688\" \/>\n\t<meta property=\"og:image:type\" content=\"image\/png\" \/>\n<meta name=\"author\" content=\"Haroldo Filho\" \/>\n<meta name=\"twitter:card\" content=\"summary_large_image\" \/>\n<meta name=\"twitter:label1\" content=\"Escrito por\" \/>\n\t<meta name=\"twitter:data1\" content=\"Haroldo Filho\" \/>\n\t<meta name=\"twitter:label2\" content=\"Est. tempo de leitura\" \/>\n\t<meta name=\"twitter:data2\" content=\"2 minutos\" \/>\n<script type=\"application\/ld+json\" class=\"yoast-schema-graph\">{\"@context\":\"https:\/\/schema.org\",\"@graph\":[{\"@type\":\"Article\",\"@id\":\"https:\/\/jornalfatosenoticias.com.br\/index.php\/2021\/07\/08\/em-seis-meses-de-gestao-fundao-comeca-a-mostrar-cara-nova\/#article\",\"isPartOf\":{\"@id\":\"https:\/\/jornalfatosenoticias.com.br\/index.php\/2021\/07\/08\/em-seis-meses-de-gestao-fundao-comeca-a-mostrar-cara-nova\/\"},\"author\":{\"name\":\"Haroldo Filho\",\"@id\":\"https:\/\/jornalfatosenoticias.com.br\/#\/schema\/person\/05c46cc25b42a5c27e004fb0fa6b4965\"},\"headline\":\"Em seis meses de gest\u00e3o, Fund\u00e3o come\u00e7a a mostrar cara nova\",\"datePublished\":\"2021-07-08T22:31:08+00:00\",\"dateModified\":\"2021-07-08T22:31:12+00:00\",\"mainEntityOfPage\":{\"@id\":\"https:\/\/jornalfatosenoticias.com.br\/index.php\/2021\/07\/08\/em-seis-meses-de-gestao-fundao-comeca-a-mostrar-cara-nova\/\"},\"wordCount\":354,\"commentCount\":0,\"publisher\":{\"@id\":\"https:\/\/jornalfatosenoticias.com.br\/#organization\"},\"image\":{\"@id\":\"https:\/\/jornalfatosenoticias.com.br\/index.php\/2021\/07\/08\/em-seis-meses-de-gestao-fundao-comeca-a-mostrar-cara-nova\/#primaryimage\"},\"thumbnailUrl\":\"https:\/\/jornalfatosenoticias.com.br\/wp-content\/uploads\/2021\/07\/Gil-e-Murilo-430.png\",\"keywords\":[\"Fund\u00e3o\",\"gest\u00e3o humanizada\",\"gest\u00e3o p\u00fablica\",\"obras\",\"trabalho\"],\"articleSection\":[\"Pol\u00edtica\"],\"inLanguage\":\"pt-BR\",\"potentialAction\":[{\"@type\":\"CommentAction\",\"name\":\"Comment\",\"target\":[\"https:\/\/jornalfatosenoticias.com.br\/index.php\/2021\/07\/08\/em-seis-meses-de-gestao-fundao-comeca-a-mostrar-cara-nova\/#respond\"]}]},{\"@type\":\"WebPage\",\"@id\":\"https:\/\/jornalfatosenoticias.com.br\/index.php\/2021\/07\/08\/em-seis-meses-de-gestao-fundao-comeca-a-mostrar-cara-nova\/\",\"url\":\"https:\/\/jornalfatosenoticias.com.br\/index.php\/2021\/07\/08\/em-seis-meses-de-gestao-fundao-comeca-a-mostrar-cara-nova\/\",\"name\":\"Em seis meses de gest\u00e3o, Fund\u00e3o come\u00e7a a mostrar cara nova - Jornal Fatos e Not\u00edcias\",\"isPartOf\":{\"@id\":\"https:\/\/jornalfatosenoticias.com.br\/#website\"},\"primaryImageOfPage\":{\"@id\":\"https:\/\/jornalfatosenoticias.com.br\/index.php\/2021\/07\/08\/em-seis-meses-de-gestao-fundao-comeca-a-mostrar-cara-nova\/#primaryimage\"},\"image\":{\"@id\":\"https:\/\/jornalfatosenoticias.com.br\/index.php\/2021\/07\/08\/em-seis-meses-de-gestao-fundao-comeca-a-mostrar-cara-nova\/#primaryimage\"},\"thumbnailUrl\":\"https:\/\/jornalfatosenoticias.com.br\/wp-content\/uploads\/2021\/07\/Gil-e-Murilo-430.png\",\"datePublished\":\"2021-07-08T22:31:08+00:00\",\"dateModified\":\"2021-07-08T22:31:12+00:00\",\"breadcrumb\":{\"@id\":\"https:\/\/jornalfatosenoticias.com.br\/index.php\/2021\/07\/08\/em-seis-meses-de-gestao-fundao-comeca-a-mostrar-cara-nova\/#breadcrumb\"},\"inLanguage\":\"pt-BR\",\"potentialAction\":[{\"@type\":\"ReadAction\",\"target\":[\"https:\/\/jornalfatosenoticias.com.br\/index.php\/2021\/07\/08\/em-seis-meses-de-gestao-fundao-comeca-a-mostrar-cara-nova\/\"]}]},{\"@type\":\"ImageObject\",\"inLanguage\":\"pt-BR\",\"@id\":\"https:\/\/jornalfatosenoticias.com.br\/index.php\/2021\/07\/08\/em-seis-meses-de-gestao-fundao-comeca-a-mostrar-cara-nova\/#primaryimage\",\"url\":\"https:\/\/jornalfatosenoticias.com.br\/wp-content\/uploads\/2021\/07\/Gil-e-Murilo-430.png\",\"contentUrl\":\"https:\/\/jornalfatosenoticias.com.br\/wp-content\/uploads\/2021\/07\/Gil-e-Murilo-430.png\",\"width\":1000,\"height\":688},{\"@type\":\"BreadcrumbList\",\"@id\":\"https:\/\/jornalfatosenoticias.com.br\/index.php\/2021\/07\/08\/em-seis-meses-de-gestao-fundao-comeca-a-mostrar-cara-nova\/#breadcrumb\",\"itemListElement\":[{\"@type\":\"ListItem\",\"position\":1,\"name\":\"In\u00edcio\",\"item\":\"https:\/\/jornalfatosenoticias.com.br\/\"},{\"@type\":\"ListItem\",\"position\":2,\"name\":\"Em seis meses de gest\u00e3o, Fund\u00e3o come\u00e7a a mostrar cara nova\"}]},{\"@type\":\"WebSite\",\"@id\":\"https:\/\/jornalfatosenoticias.com.br\/#website\",\"url\":\"https:\/\/jornalfatosenoticias.com.br\/\",\"name\":\"Jornal Fatos e Not\u00edcias\",\"description\":\"Not\u00edcias em geral\",\"publisher\":{\"@id\":\"https:\/\/jornalfatosenoticias.com.br\/#organization\"},\"potentialAction\":[{\"@type\":\"SearchAction\",\"target\":{\"@type\":\"EntryPoint\",\"urlTemplate\":\"https:\/\/jornalfatosenoticias.com.br\/?s={search_term_string}\"},\"query-input\":{\"@type\":\"PropertyValueSpecification\",\"valueRequired\":true,\"valueName\":\"search_term_string\"}}],\"inLanguage\":\"pt-BR\"},{\"@type\":\"Organization\",\"@id\":\"https:\/\/jornalfatosenoticias.com.br\/#organization\",\"name\":\"Jornal Fatos e Not\u00edcias\",\"url\":\"https:\/\/jornalfatosenoticias.com.br\/\",\"logo\":{\"@type\":\"ImageObject\",\"inLanguage\":\"pt-BR\",\"@id\":\"https:\/\/jornalfatosenoticias.com.br\/#\/schema\/logo\/image\/\",\"url\":\"https:\/\/jornalfatosenoticias.com.br\/wp-content\/uploads\/2020\/02\/logo120.png\",\"contentUrl\":\"https:\/\/jornalfatosenoticias.com.br\/wp-content\/uploads\/2020\/02\/logo120.png\",\"width\":1227,\"height\":120,\"caption\":\"Jornal Fatos e Not\u00edcias\"},\"image\":{\"@id\":\"https:\/\/jornalfatosenoticias.com.br\/#\/schema\/logo\/image\/\"}},{\"@type\":\"Person\",\"@id\":\"https:\/\/jornalfatosenoticias.com.br\/#\/schema\/person\/05c46cc25b42a5c27e004fb0fa6b4965\",\"name\":\"Haroldo Filho\",\"image\":{\"@type\":\"ImageObject\",\"inLanguage\":\"pt-BR\",\"@id\":\"https:\/\/jornalfatosenoticias.com.br\/#\/schema\/person\/image\/\",\"url\":\"https:\/\/jornalfatosenoticias.com.br\/wp-content\/uploads\/2025\/08\/WhatsApp-Image-2025-08-18-at-15.30.28-150x150.jpeg\",\"contentUrl\":\"https:\/\/jornalfatosenoticias.com.br\/wp-content\/uploads\/2025\/08\/WhatsApp-Image-2025-08-18-at-15.30.28-150x150.jpeg\",\"caption\":\"Haroldo Filho\"},\"description\":\"Jornalista \u2013 DRT: 0003818\/ES Coordenador-geral da ONG Educar para Crescer\",\"url\":\"https:\/\/jornalfatosenoticias.com.br\/index.php\/author\/haroldo\/\"}]}<\/script>\n<!-- \/ Yoast SEO plugin. -->","yoast_head_json":{"title":"Em seis meses de gest\u00e3o, Fund\u00e3o come\u00e7a a mostrar cara nova - Jornal Fatos e Not\u00edcias","robots":{"index":"index","follow":"follow","max-snippet":"max-snippet:-1","max-image-preview":"max-image-preview:large","max-video-preview":"max-video-preview:-1"},"canonical":"https:\/\/jornalfatosenoticias.com.br\/index.php\/2021\/07\/08\/em-seis-meses-de-gestao-fundao-comeca-a-mostrar-cara-nova\/","og_locale":"pt_BR","og_type":"article","og_title":"Em seis meses de gest\u00e3o, Fund\u00e3o come\u00e7a a mostrar cara nova - Jornal Fatos e Not\u00edcias","og_description":"Afinal, era por falta de recurso, descaso ou incompet\u00eancia que o munic\u00edpio estava estagnado? O munic\u00edpio de Fund\u00e3o est\u00e1 ficando de cara nova, fruto do primeiro semestre de trabalho desenvolvido pela dupla Gilmar e Murilo. Como frequentador da orla do munic\u00edpio h\u00e1 20 anos, sempre me perguntei o porqu\u00ea as obriga\u00e7\u00f5es p\u00fablicas no munic\u00edpio n\u00e3o [&hellip;]","og_url":"https:\/\/jornalfatosenoticias.com.br\/index.php\/2021\/07\/08\/em-seis-meses-de-gestao-fundao-comeca-a-mostrar-cara-nova\/","og_site_name":"Jornal Fatos e Not\u00edcias","article_published_time":"2021-07-08T22:31:08+00:00","article_modified_time":"2021-07-08T22:31:12+00:00","og_image":[{"width":1000,"height":688,"url":"https:\/\/jornalfatosenoticias.com.br\/wp-content\/uploads\/2021\/07\/Gil-e-Murilo-430.png","type":"image\/png"}],"author":"Haroldo Filho","twitter_card":"summary_large_image","twitter_misc":{"Escrito por":"Haroldo Filho","Est. tempo de leitura":"2 minutos"},"schema":{"@context":"https:\/\/schema.org","@graph":[{"@type":"Article","@id":"https:\/\/jornalfatosenoticias.com.br\/index.php\/2021\/07\/08\/em-seis-meses-de-gestao-fundao-comeca-a-mostrar-cara-nova\/#article","isPartOf":{"@id":"https:\/\/jornalfatosenoticias.com.br\/index.php\/2021\/07\/08\/em-seis-meses-de-gestao-fundao-comeca-a-mostrar-cara-nova\/"},"author":{"name":"Haroldo Filho","@id":"https:\/\/jornalfatosenoticias.com.br\/#\/schema\/person\/05c46cc25b42a5c27e004fb0fa6b4965"},"headline":"Em seis meses de gest\u00e3o, Fund\u00e3o come\u00e7a a mostrar cara nova","datePublished":"2021-07-08T22:31:08+00:00","dateModified":"2021-07-08T22:31:12+00:00","mainEntityOfPage":{"@id":"https:\/\/jornalfatosenoticias.com.br\/index.php\/2021\/07\/08\/em-seis-meses-de-gestao-fundao-comeca-a-mostrar-cara-nova\/"},"wordCount":354,"commentCount":0,"publisher":{"@id":"https:\/\/jornalfatosenoticias.com.br\/#organization"},"image":{"@id":"https:\/\/jornalfatosenoticias.com.br\/index.php\/2021\/07\/08\/em-seis-meses-de-gestao-fundao-comeca-a-mostrar-cara-nova\/#primaryimage"},"thumbnailUrl":"https:\/\/jornalfatosenoticias.com.br\/wp-content\/uploads\/2021\/07\/Gil-e-Murilo-430.png","keywords":["Fund\u00e3o","gest\u00e3o humanizada","gest\u00e3o p\u00fablica","obras","trabalho"],"articleSection":["Pol\u00edtica"],"inLanguage":"pt-BR","potentialAction":[{"@type":"CommentAction","name":"Comment","target":["https:\/\/jornalfatosenoticias.com.br\/index.php\/2021\/07\/08\/em-seis-meses-de-gestao-fundao-comeca-a-mostrar-cara-nova\/#respond"]}]},{"@type":"WebPage","@id":"https:\/\/jornalfatosenoticias.com.br\/index.php\/2021\/07\/08\/em-seis-meses-de-gestao-fundao-comeca-a-mostrar-cara-nova\/","url":"https:\/\/jornalfatosenoticias.com.br\/index.php\/2021\/07\/08\/em-seis-meses-de-gestao-fundao-comeca-a-mostrar-cara-nova\/","name":"Em seis meses de gest\u00e3o, Fund\u00e3o come\u00e7a a mostrar cara nova - Jornal Fatos e Not\u00edcias","isPartOf":{"@id":"https:\/\/jornalfatosenoticias.com.br\/#website"},"primaryImageOfPage":{"@id":"https:\/\/jornalfatosenoticias.com.br\/index.php\/2021\/07\/08\/em-seis-meses-de-gestao-fundao-comeca-a-mostrar-cara-nova\/#primaryimage"},"image":{"@id":"https:\/\/jornalfatosenoticias.com.br\/index.php\/2021\/07\/08\/em-seis-meses-de-gestao-fundao-comeca-a-mostrar-cara-nova\/#primaryimage"},"thumbnailUrl":"https:\/\/jornalfatosenoticias.com.br\/wp-content\/uploads\/2021\/07\/Gil-e-Murilo-430.png","datePublished":"2021-07-08T22:31:08+00:00","dateModified":"2021-07-08T22:31:12+00:00","breadcrumb":{"@id":"https:\/\/jornalfatosenoticias.com.br\/index.php\/2021\/07\/08\/em-seis-meses-de-gestao-fundao-comeca-a-mostrar-cara-nova\/#breadcrumb"},"inLanguage":"pt-BR","potentialAction":[{"@type":"ReadAction","target":["https:\/\/jornalfatosenoticias.com.br\/index.php\/2021\/07\/08\/em-seis-meses-de-gestao-fundao-comeca-a-mostrar-cara-nova\/"]}]},{"@type":"ImageObject","inLanguage":"pt-BR","@id":"https:\/\/jornalfatosenoticias.com.br\/index.php\/2021\/07\/08\/em-seis-meses-de-gestao-fundao-comeca-a-mostrar-cara-nova\/#primaryimage","url":"https:\/\/jornalfatosenoticias.com.br\/wp-content\/uploads\/2021\/07\/Gil-e-Murilo-430.png","contentUrl":"https:\/\/jornalfatosenoticias.com.br\/wp-content\/uploads\/2021\/07\/Gil-e-Murilo-430.png","width":1000,"height":688},{"@type":"BreadcrumbList","@id":"https:\/\/jornalfatosenoticias.com.br\/index.php\/2021\/07\/08\/em-seis-meses-de-gestao-fundao-comeca-a-mostrar-cara-nova\/#breadcrumb","itemListElement":[{"@type":"ListItem","position":1,"name":"In\u00edcio","item":"https:\/\/jornalfatosenoticias.com.br\/"},{"@type":"ListItem","position":2,"name":"Em seis meses de gest\u00e3o, Fund\u00e3o come\u00e7a a mostrar cara nova"}]},{"@type":"WebSite","@id":"https:\/\/jornalfatosenoticias.com.br\/#website","url":"https:\/\/jornalfatosenoticias.com.br\/","name":"Jornal Fatos e Not\u00edcias","description":"Not\u00edcias em geral","publisher":{"@id":"https:\/\/jornalfatosenoticias.com.br\/#organization"},"potentialAction":[{"@type":"SearchAction","target":{"@type":"EntryPoint","urlTemplate":"https:\/\/jornalfatosenoticias.com.br\/?s={search_term_string}"},"query-input":{"@type":"PropertyValueSpecification","valueRequired":true,"valueName":"search_term_string"}}],"inLanguage":"pt-BR"},{"@type":"Organization","@id":"https:\/\/jornalfatosenoticias.com.br\/#organization","name":"Jornal Fatos e Not\u00edcias","url":"https:\/\/jornalfatosenoticias.com.br\/","logo":{"@type":"ImageObject","inLanguage":"pt-BR","@id":"https:\/\/jornalfatosenoticias.com.br\/#\/schema\/logo\/image\/","url":"https:\/\/jornalfatosenoticias.com.br\/wp-content\/uploads\/2020\/02\/logo120.png","contentUrl":"https:\/\/jornalfatosenoticias.com.br\/wp-content\/uploads\/2020\/02\/logo120.png","width":1227,"height":120,"caption":"Jornal Fatos e Not\u00edcias"},"image":{"@id":"https:\/\/jornalfatosenoticias.com.br\/#\/schema\/logo\/image\/"}},{"@type":"Person","@id":"https:\/\/jornalfatosenoticias.com.br\/#\/schema\/person\/05c46cc25b42a5c27e004fb0fa6b4965","name":"Haroldo Filho","image":{"@type":"ImageObject","inLanguage":"pt-BR","@id":"https:\/\/jornalfatosenoticias.com.br\/#\/schema\/person\/image\/","url":"https:\/\/jornalfatosenoticias.com.br\/wp-content\/uploads\/2025\/08\/WhatsApp-Image-2025-08-18-at-15.30.28-150x150.jpeg","contentUrl":"https:\/\/jornalfatosenoticias.com.br\/wp-content\/uploads\/2025\/08\/WhatsApp-Image-2025-08-18-at-15.30.28-150x150.jpeg","caption":"Haroldo Filho"},"description":"Jornalista \u2013 DRT: 0003818\/ES Coordenador-geral da ONG Educar para Crescer","url":"https:\/\/jornalfatosenoticias.com.br\/index.php\/author\/haroldo\/"}]}},"cc_featured_image_caption":{"caption_text":"Gilmar Borges e Murilo Coutinho","source_text":"","source_url":""},"jetpack_featured_media_url":"https:\/\/jornalfatosenoticias.com.br\/wp-content\/uploads\/2021\/07\/Gil-e-Murilo-430.png","_links":{"self":[{"href":"https:\/\/jornalfatosenoticias.com.br\/index.php\/wp-json\/wp\/v2\/posts\/20416","targetHints":{"allow":["GET"]}}],"collection":[{"href":"https:\/\/jornalfatosenoticias.com.br\/index.php\/wp-json\/wp\/v2\/posts"}],"about":[{"href":"https:\/\/jornalfatosenoticias.com.br\/index.php\/wp-json\/wp\/v2\/types\/post"}],"author":[{"embeddable":true,"href":"https:\/\/jornalfatosenoticias.com.br\/index.php\/wp-json\/wp\/v2\/users\/3"}],"replies":[{"embeddable":true,"href":"https:\/\/jornalfatosenoticias.com.br\/index.php\/wp-json\/wp\/v2\/comments?post=20416"}],"version-history":[{"count":0,"href":"https:\/\/jornalfatosenoticias.com.br\/index.php\/wp-json\/wp\/v2\/posts\/20416\/revisions"}],"wp:featuredmedia":[{"embeddable":true,"href":"https:\/\/jornalfatosenoticias.com.br\/index.php\/wp-json\/wp\/v2\/media\/20418"}],"wp:attachment":[{"href":"https:\/\/jornalfatosenoticias.com.br\/index.php\/wp-json\/wp\/v2\/media?parent=20416"}],"wp:term":[{"taxonomy":"category","embeddable":true,"href":"https:\/\/jornalfatosenoticias.com.br\/index.php\/wp-json\/wp\/v2\/categories?post=20416"},{"taxonomy":"post_tag","embeddable":true,"href":"https:\/\/jornalfatosenoticias.com.br\/index.php\/wp-json\/wp\/v2\/tags?post=20416"}],"curies":[{"name":"wp","href":"https:\/\/api.w.org\/{rel}","templated":true}]}}