{"id":20420,"date":"2021-07-08T19:45:03","date_gmt":"2021-07-08T22:45:03","guid":{"rendered":"https:\/\/jornalfatosenoticias.com.br\/?p=20420"},"modified":"2021-07-08T19:45:08","modified_gmt":"2021-07-08T22:45:08","slug":"a-quarta-temporada-de-atypical","status":"publish","type":"post","link":"https:\/\/jornalfatosenoticias.com.br\/index.php\/2021\/07\/08\/a-quarta-temporada-de-atypical\/","title":{"rendered":"A quarta temporada de Atypical"},"content":{"rendered":"\n<p><span class=\"has-inline-color has-black-color\"><em>Quarta e \u00faltima temporada da s\u00e9rie estreia nesta sexta feira, 09 de julho, na Netflix<\/em><\/span><\/p>\n\n\n\n<p><em><span class=\"has-inline-color has-luminous-vivid-orange-color\">Texto: Felipe Bretas<\/span><\/em><\/p>\n\n\n\n<p>Para quem gosta de uma s\u00e9rie sem apelo sexual, leve, divertida e bem gostosa de assistir, estreia, nessa sexta feira (09), a quarta e \u00faltima temporada de <strong>Atypical<\/strong>. Um drama familiar que acompanha a jornada do jovem <em>Sam<\/em>, um garoto diagnosticado com transtorno do espectro autista, protagonizado pelo brilhante ator <em>Keir Gilchrist<\/em>, que, sem d\u00favidas, brilha em seu melhor papel.<br><strong>Atypical<\/strong> \u00e9 uma s\u00e9rie bem divertida, com uma narrativa atual, bem desenvolvida, com um toque de com\u00e9dia, e, apesar de abordar o tema do autismo, que ainda n\u00e3o vemos muito nas produ\u00e7\u00f5es cinematogr\u00e1ficas, o roteiro n\u00e3o romantiza o assunto, muito menos transforma a trama em algo sens\u00edvel demais. Tudo executado na medida certa! Com epis\u00f3dios n\u00e3o t\u00e3o longos, deixa a experi\u00eancia de assistir ainda melhor.<br>Nas duas temporadas anteriores, acompanhamos o Sam em v\u00e1rias jornadas de sua vida. Em seu primeiro relacionamento com uma garota, vimos ele lidar com as expectativas que uma rela\u00e7\u00e3o a dois gera, diversos desafios em seu trabalho e na escola, principalmente. Afinal, ele \u00e9 s\u00f3 um garoto na adolesc\u00eancia. E, apesar de ser um jovem autista, ele n\u00e3o tem medo de realizar seus objetivos, e deseja se tornar cada vez mais independente.<br>Entretanto, a produ\u00e7\u00e3o criada por <em>Robia Rashid<\/em> vai muito al\u00e9m disso, ao abordar quest\u00f5es em cada membro da fam\u00edlia de Sam. Sua irm\u00e3 Casey (<em>Brigette Lundy-Paine<\/em>), que apesar de namorar um garoto, desenvolve um sentimento por uma menina ao iniciar em um novo col\u00e9gio. Embaralhando toda a hist\u00f3ria de <em>Casey<\/em>. Os pais de <em>Sam<\/em> entram em crise conjugal ap\u00f3s diversos acontecimentos, o que faz com que eles se afastem, colocando a rela\u00e7\u00e3o \u00e0 prova, mas n\u00e3o t\u00e3o distantes, por terem que lidar com v\u00e1rias quest\u00f5es envolvendo seus filhos.<\/p>\n\n\n\n<figure class=\"wp-block-embed-twitter wp-block-embed is-type-rich is-provider-twitter\"><div class=\"wp-block-embed__wrapper\">\n<blockquote class=\"twitter-tweet\" data-width=\"550\" data-dnt=\"true\"><p lang=\"pt\" dir=\"ltr\">J\u00e1 tenho data e imagens, mas ainda n\u00e3o t\u00f4 preparada pra descobrir esse final. A 4\u00aa e \u00faltima temporada de Atypical estreia dia 9 de julho. \ud83d\udc27 <a href=\"https:\/\/t.co\/LoeMo4pO4d\">pic.twitter.com\/LoeMo4pO4d<\/a><\/p>&mdash; l\u0131s\u0250\u0279\u1660 x\u1d09l\u025f\u0287\u01ddN (@NetflixBrasil) <a href=\"https:\/\/twitter.com\/NetflixBrasil\/status\/1399743862453772291?ref_src=twsrc%5Etfw\">June 1, 2021<\/a><\/blockquote><script async src=\"https:\/\/platform.twitter.com\/widgets.js\" charset=\"utf-8\"><\/script>\n<\/div><\/figure>\n\n\n\n<p>Nesta quarta temporada, acredito que podemos esperar uma trama cheia de tomadas de decis\u00f5es por parte de todos os membros da fam\u00edlia, al\u00e9m de novos desafios. <em>Sam<\/em> sonha em fazer faculdade e, no final da terceira temporada, deixou claro essa vontade. Morando junto de seu melhor amigo <em>Zahid<\/em>, veremos novos desdobramentos que influenciar\u00e3o a hist\u00f3ria. Com certeza o p\u00fablico pode esperar um final, no m\u00ednimo, interessante desta \u00faltima parte da jornada de Sam.<br>A temporada final de <strong>Atypical<\/strong> estreia nesta sexta-feira (09) na Netflix. Bora assistir!<\/p>\n\n\n\n<p id=\"block-589258c8-3b8b-4e30-81c9-b920650ad6bd\"><span class=\"has-inline-color has-black-color\"><strong>Atypical: Temporada 4 | Trailer oficial | Netflix<\/strong><\/span><\/p>\n\n\n\n<figure class=\"wp-block-embed-youtube wp-block-embed is-type-video is-provider-youtube wp-embed-aspect-16-9 wp-has-aspect-ratio\"><div class=\"wp-block-embed__wrapper\">\nhttps:\/\/www.youtube.com\/watch?v=b9DOcfyezD0\n<\/div><\/figure>\n\n\n\n<h4 class=\"wp-block-heading\"><\/h4>\n\n\n\n<div class=\"wp-block-image is-style-default\"><figure class=\"alignleft size-large is-resized\"><img loading=\"lazy\" decoding=\"async\" src=\"https:\/\/jornalfatosenoticias.com.br\/wp-content\/uploads\/2021\/04\/Felipe-Bretas_portal.jpg\" alt=\"\" class=\"wp-image-16543\" width=\"245\" height=\"295\" srcset=\"https:\/\/jornalfatosenoticias.com.br\/wp-content\/uploads\/2021\/04\/Felipe-Bretas_portal.jpg 601w, https:\/\/jornalfatosenoticias.com.br\/wp-content\/uploads\/2021\/04\/Felipe-Bretas_portal-249x300.jpg 249w\" sizes=\"auto, (max-width: 245px) 100vw, 245px\" \/><figcaption><em><strong><span class=\"has-inline-color has-black-color\">Felipe Bretas<br><\/span><\/strong><span class=\"has-inline-color has-black-color\">Jornalista<\/span><\/em><\/figcaption><\/figure><\/div>\n","protected":false},"excerpt":{"rendered":"<p>Quarta e \u00faltima temporada da s\u00e9rie estreia nesta sexta feira, 09 de julho, na Netflix Texto: Felipe Bretas Para quem gosta de uma s\u00e9rie sem apelo sexual, leve, divertida e bem gostosa de assistir, estreia, nessa sexta feira (09), a quarta e \u00faltima temporada de Atypical. Um drama familiar que acompanha a jornada do jovem [&hellip;]<\/p>\n","protected":false},"author":2,"featured_media":20423,"comment_status":"open","ping_status":"open","sticky":false,"template":"","format":"standard","meta":{"footnotes":""},"categories":[4],"tags":[10011,10012,924,4804,3935],"class_list":["post-20420","post","type-post","status-publish","format-standard","has-post-thumbnail","hentry","category-cultura","tag-atypical","tag-dica-da-semana","tag-netflix","tag-series","tag-streaming"],"yoast_head":"<!-- This site is optimized with the Yoast SEO plugin v26.5 - https:\/\/yoast.com\/wordpress\/plugins\/seo\/ -->\n<title>A quarta temporada de Atypical - Jornal Fatos e Not\u00edcias<\/title>\n<meta name=\"robots\" content=\"index, follow, max-snippet:-1, max-image-preview:large, max-video-preview:-1\" \/>\n<link rel=\"canonical\" href=\"https:\/\/jornalfatosenoticias.com.br\/index.php\/2021\/07\/08\/a-quarta-temporada-de-atypical\/\" \/>\n<meta property=\"og:locale\" content=\"pt_BR\" \/>\n<meta property=\"og:type\" content=\"article\" \/>\n<meta property=\"og:title\" content=\"A quarta temporada de Atypical - Jornal Fatos e Not\u00edcias\" \/>\n<meta property=\"og:description\" content=\"Quarta e \u00faltima temporada da s\u00e9rie estreia nesta sexta feira, 09 de julho, na Netflix Texto: Felipe Bretas Para quem gosta de uma s\u00e9rie sem apelo sexual, leve, divertida e bem gostosa de assistir, estreia, nessa sexta feira (09), a quarta e \u00faltima temporada de Atypical. Um drama familiar que acompanha a jornada do jovem [&hellip;]\" \/>\n<meta property=\"og:url\" content=\"https:\/\/jornalfatosenoticias.com.br\/index.php\/2021\/07\/08\/a-quarta-temporada-de-atypical\/\" \/>\n<meta property=\"og:site_name\" content=\"Jornal Fatos e Not\u00edcias\" \/>\n<meta property=\"article:published_time\" content=\"2021-07-08T22:45:03+00:00\" \/>\n<meta property=\"article:modified_time\" content=\"2021-07-08T22:45:08+00:00\" \/>\n<meta property=\"og:image\" content=\"https:\/\/jornalfatosenoticias.com.br\/wp-content\/uploads\/2021\/07\/Atypical-Foto-dilvulgacao-Netflix.jpg\" \/>\n\t<meta property=\"og:image:width\" content=\"1000\" \/>\n\t<meta property=\"og:image:height\" content=\"562\" \/>\n\t<meta property=\"og:image:type\" content=\"image\/jpeg\" \/>\n<meta name=\"author\" content=\"Luzimara Fernandes\" \/>\n<meta name=\"twitter:card\" content=\"summary_large_image\" \/>\n<meta name=\"twitter:label1\" content=\"Escrito por\" \/>\n\t<meta name=\"twitter:data1\" content=\"Luzimara Fernandes\" \/>\n\t<meta name=\"twitter:label2\" content=\"Est. tempo de leitura\" \/>\n\t<meta name=\"twitter:data2\" content=\"2 minutos\" \/>\n<script type=\"application\/ld+json\" class=\"yoast-schema-graph\">{\"@context\":\"https:\/\/schema.org\",\"@graph\":[{\"@type\":\"Article\",\"@id\":\"https:\/\/jornalfatosenoticias.com.br\/index.php\/2021\/07\/08\/a-quarta-temporada-de-atypical\/#article\",\"isPartOf\":{\"@id\":\"https:\/\/jornalfatosenoticias.com.br\/index.php\/2021\/07\/08\/a-quarta-temporada-de-atypical\/\"},\"author\":{\"name\":\"Luzimara Fernandes\",\"@id\":\"https:\/\/jornalfatosenoticias.com.br\/#\/schema\/person\/d63837fa13ac8666eb9e74e0985d6f81\"},\"headline\":\"A quarta temporada de Atypical\",\"datePublished\":\"2021-07-08T22:45:03+00:00\",\"dateModified\":\"2021-07-08T22:45:08+00:00\",\"mainEntityOfPage\":{\"@id\":\"https:\/\/jornalfatosenoticias.com.br\/index.php\/2021\/07\/08\/a-quarta-temporada-de-atypical\/\"},\"wordCount\":469,\"commentCount\":0,\"publisher\":{\"@id\":\"https:\/\/jornalfatosenoticias.com.br\/#organization\"},\"image\":{\"@id\":\"https:\/\/jornalfatosenoticias.com.br\/index.php\/2021\/07\/08\/a-quarta-temporada-de-atypical\/#primaryimage\"},\"thumbnailUrl\":\"https:\/\/jornalfatosenoticias.com.br\/wp-content\/uploads\/2021\/07\/Atypical-Foto-dilvulgacao-Netflix.jpg\",\"keywords\":[\"Atypical\",\"Dica da Semana\",\"Netflix\",\"s\u00e9ries\",\"streaming\"],\"articleSection\":[\"Cultura\"],\"inLanguage\":\"pt-BR\",\"potentialAction\":[{\"@type\":\"CommentAction\",\"name\":\"Comment\",\"target\":[\"https:\/\/jornalfatosenoticias.com.br\/index.php\/2021\/07\/08\/a-quarta-temporada-de-atypical\/#respond\"]}]},{\"@type\":\"WebPage\",\"@id\":\"https:\/\/jornalfatosenoticias.com.br\/index.php\/2021\/07\/08\/a-quarta-temporada-de-atypical\/\",\"url\":\"https:\/\/jornalfatosenoticias.com.br\/index.php\/2021\/07\/08\/a-quarta-temporada-de-atypical\/\",\"name\":\"A quarta temporada de Atypical - Jornal Fatos e Not\u00edcias\",\"isPartOf\":{\"@id\":\"https:\/\/jornalfatosenoticias.com.br\/#website\"},\"primaryImageOfPage\":{\"@id\":\"https:\/\/jornalfatosenoticias.com.br\/index.php\/2021\/07\/08\/a-quarta-temporada-de-atypical\/#primaryimage\"},\"image\":{\"@id\":\"https:\/\/jornalfatosenoticias.com.br\/index.php\/2021\/07\/08\/a-quarta-temporada-de-atypical\/#primaryimage\"},\"thumbnailUrl\":\"https:\/\/jornalfatosenoticias.com.br\/wp-content\/uploads\/2021\/07\/Atypical-Foto-dilvulgacao-Netflix.jpg\",\"datePublished\":\"2021-07-08T22:45:03+00:00\",\"dateModified\":\"2021-07-08T22:45:08+00:00\",\"breadcrumb\":{\"@id\":\"https:\/\/jornalfatosenoticias.com.br\/index.php\/2021\/07\/08\/a-quarta-temporada-de-atypical\/#breadcrumb\"},\"inLanguage\":\"pt-BR\",\"potentialAction\":[{\"@type\":\"ReadAction\",\"target\":[\"https:\/\/jornalfatosenoticias.com.br\/index.php\/2021\/07\/08\/a-quarta-temporada-de-atypical\/\"]}]},{\"@type\":\"ImageObject\",\"inLanguage\":\"pt-BR\",\"@id\":\"https:\/\/jornalfatosenoticias.com.br\/index.php\/2021\/07\/08\/a-quarta-temporada-de-atypical\/#primaryimage\",\"url\":\"https:\/\/jornalfatosenoticias.com.br\/wp-content\/uploads\/2021\/07\/Atypical-Foto-dilvulgacao-Netflix.jpg\",\"contentUrl\":\"https:\/\/jornalfatosenoticias.com.br\/wp-content\/uploads\/2021\/07\/Atypical-Foto-dilvulgacao-Netflix.jpg\",\"width\":1000,\"height\":562},{\"@type\":\"BreadcrumbList\",\"@id\":\"https:\/\/jornalfatosenoticias.com.br\/index.php\/2021\/07\/08\/a-quarta-temporada-de-atypical\/#breadcrumb\",\"itemListElement\":[{\"@type\":\"ListItem\",\"position\":1,\"name\":\"In\u00edcio\",\"item\":\"https:\/\/jornalfatosenoticias.com.br\/\"},{\"@type\":\"ListItem\",\"position\":2,\"name\":\"A quarta temporada de Atypical\"}]},{\"@type\":\"WebSite\",\"@id\":\"https:\/\/jornalfatosenoticias.com.br\/#website\",\"url\":\"https:\/\/jornalfatosenoticias.com.br\/\",\"name\":\"Jornal Fatos e Not\u00edcias\",\"description\":\"Not\u00edcias em geral\",\"publisher\":{\"@id\":\"https:\/\/jornalfatosenoticias.com.br\/#organization\"},\"potentialAction\":[{\"@type\":\"SearchAction\",\"target\":{\"@type\":\"EntryPoint\",\"urlTemplate\":\"https:\/\/jornalfatosenoticias.com.br\/?s={search_term_string}\"},\"query-input\":{\"@type\":\"PropertyValueSpecification\",\"valueRequired\":true,\"valueName\":\"search_term_string\"}}],\"inLanguage\":\"pt-BR\"},{\"@type\":\"Organization\",\"@id\":\"https:\/\/jornalfatosenoticias.com.br\/#organization\",\"name\":\"Jornal Fatos e Not\u00edcias\",\"url\":\"https:\/\/jornalfatosenoticias.com.br\/\",\"logo\":{\"@type\":\"ImageObject\",\"inLanguage\":\"pt-BR\",\"@id\":\"https:\/\/jornalfatosenoticias.com.br\/#\/schema\/logo\/image\/\",\"url\":\"https:\/\/jornalfatosenoticias.com.br\/wp-content\/uploads\/2020\/02\/logo120.png\",\"contentUrl\":\"https:\/\/jornalfatosenoticias.com.br\/wp-content\/uploads\/2020\/02\/logo120.png\",\"width\":1227,\"height\":120,\"caption\":\"Jornal Fatos e Not\u00edcias\"},\"image\":{\"@id\":\"https:\/\/jornalfatosenoticias.com.br\/#\/schema\/logo\/image\/\"}},{\"@type\":\"Person\",\"@id\":\"https:\/\/jornalfatosenoticias.com.br\/#\/schema\/person\/d63837fa13ac8666eb9e74e0985d6f81\",\"name\":\"Luzimara Fernandes\",\"image\":{\"@type\":\"ImageObject\",\"inLanguage\":\"pt-BR\",\"@id\":\"https:\/\/jornalfatosenoticias.com.br\/#\/schema\/person\/image\/\",\"url\":\"https:\/\/jornalfatosenoticias.com.br\/wp-content\/uploads\/2025\/05\/EU_portal.jpg\",\"contentUrl\":\"https:\/\/jornalfatosenoticias.com.br\/wp-content\/uploads\/2025\/05\/EU_portal.jpg\",\"caption\":\"Luzimara Fernandes\"},\"description\":\"Jornalista MTB 2358-ES\",\"sameAs\":[\"https:\/\/jornalfatosenoticias.com.br\"],\"url\":\"https:\/\/jornalfatosenoticias.com.br\/index.php\/author\/luzimara\/\"}]}<\/script>\n<!-- \/ Yoast SEO plugin. -->","yoast_head_json":{"title":"A quarta temporada de Atypical - Jornal Fatos e Not\u00edcias","robots":{"index":"index","follow":"follow","max-snippet":"max-snippet:-1","max-image-preview":"max-image-preview:large","max-video-preview":"max-video-preview:-1"},"canonical":"https:\/\/jornalfatosenoticias.com.br\/index.php\/2021\/07\/08\/a-quarta-temporada-de-atypical\/","og_locale":"pt_BR","og_type":"article","og_title":"A quarta temporada de Atypical - Jornal Fatos e Not\u00edcias","og_description":"Quarta e \u00faltima temporada da s\u00e9rie estreia nesta sexta feira, 09 de julho, na Netflix Texto: Felipe Bretas Para quem gosta de uma s\u00e9rie sem apelo sexual, leve, divertida e bem gostosa de assistir, estreia, nessa sexta feira (09), a quarta e \u00faltima temporada de Atypical. Um drama familiar que acompanha a jornada do jovem [&hellip;]","og_url":"https:\/\/jornalfatosenoticias.com.br\/index.php\/2021\/07\/08\/a-quarta-temporada-de-atypical\/","og_site_name":"Jornal Fatos e Not\u00edcias","article_published_time":"2021-07-08T22:45:03+00:00","article_modified_time":"2021-07-08T22:45:08+00:00","og_image":[{"width":1000,"height":562,"url":"https:\/\/jornalfatosenoticias.com.br\/wp-content\/uploads\/2021\/07\/Atypical-Foto-dilvulgacao-Netflix.jpg","type":"image\/jpeg"}],"author":"Luzimara Fernandes","twitter_card":"summary_large_image","twitter_misc":{"Escrito por":"Luzimara Fernandes","Est. tempo de leitura":"2 minutos"},"schema":{"@context":"https:\/\/schema.org","@graph":[{"@type":"Article","@id":"https:\/\/jornalfatosenoticias.com.br\/index.php\/2021\/07\/08\/a-quarta-temporada-de-atypical\/#article","isPartOf":{"@id":"https:\/\/jornalfatosenoticias.com.br\/index.php\/2021\/07\/08\/a-quarta-temporada-de-atypical\/"},"author":{"name":"Luzimara Fernandes","@id":"https:\/\/jornalfatosenoticias.com.br\/#\/schema\/person\/d63837fa13ac8666eb9e74e0985d6f81"},"headline":"A quarta temporada de Atypical","datePublished":"2021-07-08T22:45:03+00:00","dateModified":"2021-07-08T22:45:08+00:00","mainEntityOfPage":{"@id":"https:\/\/jornalfatosenoticias.com.br\/index.php\/2021\/07\/08\/a-quarta-temporada-de-atypical\/"},"wordCount":469,"commentCount":0,"publisher":{"@id":"https:\/\/jornalfatosenoticias.com.br\/#organization"},"image":{"@id":"https:\/\/jornalfatosenoticias.com.br\/index.php\/2021\/07\/08\/a-quarta-temporada-de-atypical\/#primaryimage"},"thumbnailUrl":"https:\/\/jornalfatosenoticias.com.br\/wp-content\/uploads\/2021\/07\/Atypical-Foto-dilvulgacao-Netflix.jpg","keywords":["Atypical","Dica da Semana","Netflix","s\u00e9ries","streaming"],"articleSection":["Cultura"],"inLanguage":"pt-BR","potentialAction":[{"@type":"CommentAction","name":"Comment","target":["https:\/\/jornalfatosenoticias.com.br\/index.php\/2021\/07\/08\/a-quarta-temporada-de-atypical\/#respond"]}]},{"@type":"WebPage","@id":"https:\/\/jornalfatosenoticias.com.br\/index.php\/2021\/07\/08\/a-quarta-temporada-de-atypical\/","url":"https:\/\/jornalfatosenoticias.com.br\/index.php\/2021\/07\/08\/a-quarta-temporada-de-atypical\/","name":"A quarta temporada de Atypical - Jornal Fatos e Not\u00edcias","isPartOf":{"@id":"https:\/\/jornalfatosenoticias.com.br\/#website"},"primaryImageOfPage":{"@id":"https:\/\/jornalfatosenoticias.com.br\/index.php\/2021\/07\/08\/a-quarta-temporada-de-atypical\/#primaryimage"},"image":{"@id":"https:\/\/jornalfatosenoticias.com.br\/index.php\/2021\/07\/08\/a-quarta-temporada-de-atypical\/#primaryimage"},"thumbnailUrl":"https:\/\/jornalfatosenoticias.com.br\/wp-content\/uploads\/2021\/07\/Atypical-Foto-dilvulgacao-Netflix.jpg","datePublished":"2021-07-08T22:45:03+00:00","dateModified":"2021-07-08T22:45:08+00:00","breadcrumb":{"@id":"https:\/\/jornalfatosenoticias.com.br\/index.php\/2021\/07\/08\/a-quarta-temporada-de-atypical\/#breadcrumb"},"inLanguage":"pt-BR","potentialAction":[{"@type":"ReadAction","target":["https:\/\/jornalfatosenoticias.com.br\/index.php\/2021\/07\/08\/a-quarta-temporada-de-atypical\/"]}]},{"@type":"ImageObject","inLanguage":"pt-BR","@id":"https:\/\/jornalfatosenoticias.com.br\/index.php\/2021\/07\/08\/a-quarta-temporada-de-atypical\/#primaryimage","url":"https:\/\/jornalfatosenoticias.com.br\/wp-content\/uploads\/2021\/07\/Atypical-Foto-dilvulgacao-Netflix.jpg","contentUrl":"https:\/\/jornalfatosenoticias.com.br\/wp-content\/uploads\/2021\/07\/Atypical-Foto-dilvulgacao-Netflix.jpg","width":1000,"height":562},{"@type":"BreadcrumbList","@id":"https:\/\/jornalfatosenoticias.com.br\/index.php\/2021\/07\/08\/a-quarta-temporada-de-atypical\/#breadcrumb","itemListElement":[{"@type":"ListItem","position":1,"name":"In\u00edcio","item":"https:\/\/jornalfatosenoticias.com.br\/"},{"@type":"ListItem","position":2,"name":"A quarta temporada de Atypical"}]},{"@type":"WebSite","@id":"https:\/\/jornalfatosenoticias.com.br\/#website","url":"https:\/\/jornalfatosenoticias.com.br\/","name":"Jornal Fatos e Not\u00edcias","description":"Not\u00edcias em geral","publisher":{"@id":"https:\/\/jornalfatosenoticias.com.br\/#organization"},"potentialAction":[{"@type":"SearchAction","target":{"@type":"EntryPoint","urlTemplate":"https:\/\/jornalfatosenoticias.com.br\/?s={search_term_string}"},"query-input":{"@type":"PropertyValueSpecification","valueRequired":true,"valueName":"search_term_string"}}],"inLanguage":"pt-BR"},{"@type":"Organization","@id":"https:\/\/jornalfatosenoticias.com.br\/#organization","name":"Jornal Fatos e Not\u00edcias","url":"https:\/\/jornalfatosenoticias.com.br\/","logo":{"@type":"ImageObject","inLanguage":"pt-BR","@id":"https:\/\/jornalfatosenoticias.com.br\/#\/schema\/logo\/image\/","url":"https:\/\/jornalfatosenoticias.com.br\/wp-content\/uploads\/2020\/02\/logo120.png","contentUrl":"https:\/\/jornalfatosenoticias.com.br\/wp-content\/uploads\/2020\/02\/logo120.png","width":1227,"height":120,"caption":"Jornal Fatos e Not\u00edcias"},"image":{"@id":"https:\/\/jornalfatosenoticias.com.br\/#\/schema\/logo\/image\/"}},{"@type":"Person","@id":"https:\/\/jornalfatosenoticias.com.br\/#\/schema\/person\/d63837fa13ac8666eb9e74e0985d6f81","name":"Luzimara Fernandes","image":{"@type":"ImageObject","inLanguage":"pt-BR","@id":"https:\/\/jornalfatosenoticias.com.br\/#\/schema\/person\/image\/","url":"https:\/\/jornalfatosenoticias.com.br\/wp-content\/uploads\/2025\/05\/EU_portal.jpg","contentUrl":"https:\/\/jornalfatosenoticias.com.br\/wp-content\/uploads\/2025\/05\/EU_portal.jpg","caption":"Luzimara Fernandes"},"description":"Jornalista MTB 2358-ES","sameAs":["https:\/\/jornalfatosenoticias.com.br"],"url":"https:\/\/jornalfatosenoticias.com.br\/index.php\/author\/luzimara\/"}]}},"cc_featured_image_caption":{"caption_text":"(Foto: Divulga\u00e7\u00e3o\/Netflix)","source_text":"","source_url":""},"jetpack_featured_media_url":"https:\/\/jornalfatosenoticias.com.br\/wp-content\/uploads\/2021\/07\/Atypical-Foto-dilvulgacao-Netflix.jpg","_links":{"self":[{"href":"https:\/\/jornalfatosenoticias.com.br\/index.php\/wp-json\/wp\/v2\/posts\/20420","targetHints":{"allow":["GET"]}}],"collection":[{"href":"https:\/\/jornalfatosenoticias.com.br\/index.php\/wp-json\/wp\/v2\/posts"}],"about":[{"href":"https:\/\/jornalfatosenoticias.com.br\/index.php\/wp-json\/wp\/v2\/types\/post"}],"author":[{"embeddable":true,"href":"https:\/\/jornalfatosenoticias.com.br\/index.php\/wp-json\/wp\/v2\/users\/2"}],"replies":[{"embeddable":true,"href":"https:\/\/jornalfatosenoticias.com.br\/index.php\/wp-json\/wp\/v2\/comments?post=20420"}],"version-history":[{"count":0,"href":"https:\/\/jornalfatosenoticias.com.br\/index.php\/wp-json\/wp\/v2\/posts\/20420\/revisions"}],"wp:featuredmedia":[{"embeddable":true,"href":"https:\/\/jornalfatosenoticias.com.br\/index.php\/wp-json\/wp\/v2\/media\/20423"}],"wp:attachment":[{"href":"https:\/\/jornalfatosenoticias.com.br\/index.php\/wp-json\/wp\/v2\/media?parent=20420"}],"wp:term":[{"taxonomy":"category","embeddable":true,"href":"https:\/\/jornalfatosenoticias.com.br\/index.php\/wp-json\/wp\/v2\/categories?post=20420"},{"taxonomy":"post_tag","embeddable":true,"href":"https:\/\/jornalfatosenoticias.com.br\/index.php\/wp-json\/wp\/v2\/tags?post=20420"}],"curies":[{"name":"wp","href":"https:\/\/api.w.org\/{rel}","templated":true}]}}