{"id":20533,"date":"2021-07-12T11:25:40","date_gmt":"2021-07-12T14:25:40","guid":{"rendered":"https:\/\/jornalfatosenoticias.com.br\/?p=20533"},"modified":"2021-07-12T11:25:45","modified_gmt":"2021-07-12T14:25:45","slug":"escultura-indigena-do-profeta-sao-joao-batista-missioneiro-e-descoberta-no-rio-grande-do-sul","status":"publish","type":"post","link":"https:\/\/jornalfatosenoticias.com.br\/index.php\/2021\/07\/12\/escultura-indigena-do-profeta-sao-joao-batista-missioneiro-e-descoberta-no-rio-grande-do-sul\/","title":{"rendered":"Escultura ind\u00edgena, do profeta S\u00e3o Jo\u00e3o Batista Missioneiro, \u00e9 descoberta no Rio Grande do Sul"},"content":{"rendered":"\n<p><em><span class=\"has-inline-color has-black-color\">Segundo o pesquisador \u00c9dison H\u00fcttner, o artefato foi esculpido a partir do tronco de uma \u00e1rvore h\u00e1 mais de 300 anos e se \u201cremodelou conforme o seu espa\u00e7o\u201d ao longo dos s\u00e9culos<\/span><\/em><\/p>\n\n\n\n<p>No ano passado, o professor <strong>\u00c9dison H\u00fcttner<\/strong>, coordenador do Grupo de Pesquisa Arte Sacra Jesu\u00edtico-Guarani e Luso-brasileira da Pontif\u00edcia Universidade Cat\u00f3lica do Rio Grande do Sul (<a href=\"https:\/\/www.pucrs.br\/cultura\/evento\/arte-da-pesquisa-a-escultura-de-sao-joao-batista-missioneiro\/\" rel=\"noreferrer noopener\" target=\"_blank\">PUCRS<\/a>), foi \u00e0 Cruz Alta para realizar uma pesquisa. O munic\u00edpio fica a mais ou menos cinco horas de Porto Alegre, no Rio Grande do Sul.<br>Com sua visita \u00e0 regi\u00e3o, uma reportagem sobre a descoberta de uma fonte missioneira foi transmitida na TV local e <strong>Cl\u00e9ber Nogueira<\/strong>, morador de Cruz Alta, a assistiu. O respons\u00e1vel era o pesquisador, com quem ele decidiu entrar em contato depois de perceber que talvez um objeto guardado em sua casa fosse mais importante do que o imaginado.<br>O comerciante logo contatou o especialista. \u201cEle me perguntou se eu n\u00e3o poderia olhar uma est\u00e1tua que estava na casa dele e eu falei que claro, mas pedi que ele me enviasse fotos dela para eu j\u00e1 ter uma ideia e para me organizar\u201d, relembrou <strong>H\u00fcttner<\/strong> em entrevista \u00e0 Aventuras na Hist\u00f3ria.<br>Com as imagens e a experi\u00eancia de 20 anos na \u00e1rea da arte sacra missioneira, o professor logo percebeu que havia muito potencial da est\u00e1tua estar relacionada \u00e0s redu\u00e7\u00f5es jesu\u00edticas que marcaram o passado da regi\u00e3o. Meses depois, o p\u00f3s-Doutor em Hist\u00f3ria voltou ao munic\u00edpio, mas dessa vez para analisar e medir a escultura ainda desconhecida.<\/p>\n\n\n\n<blockquote class=\"wp-block-quote is-layout-flow wp-block-quote-is-layout-flow\"><p><span class=\"has-inline-color has-luminous-vivid-orange-color\">\u201cL\u00e1, eu observei algo muito interessante que s\u00f3 pelas fotos n\u00e3o dava para ver: \u00e9 uma escultura montada, com partes de cabe\u00e7a, bra\u00e7os, m\u00e3os, tudo estruturado por pinos de madeira. Logo eu percebi que, sim, era uma escultura missioneira\u201d, afirmou.<\/span><\/p><\/blockquote>\n\n\n\n<p>Batizada de S\u00e3o Jo\u00e3o Batista Missioneiro de Cruz Alta, a pe\u00e7a foi estudada ao longo de um ano e um relat\u00f3rio sobre a descoberta, vinculado ao Sistema de Pesquisa da PUCRS, foi publicado. Muito importante para a hist\u00f3ria da regi\u00e3o, a est\u00e1tua foi desenvolvida por ind\u00edgenas da Redu\u00e7\u00e3o de Santa Mar\u00eda del Iguaz\u00fa, no Paraguai, h\u00e1 quase 400 anos.<\/p>\n\n\n\n<h4 class=\"wp-block-heading\"><span class=\"has-inline-color has-black-color\">Uma escultura missioneira<\/span><\/h4>\n\n\n\n<figure class=\"wp-block-image size-large is-style-default\"><img loading=\"lazy\" decoding=\"async\" width=\"1000\" height=\"800\" src=\"https:\/\/jornalfatosenoticias.com.br\/wp-content\/uploads\/2021\/07\/escultura-sao-joao-batista2.jpg\" alt=\"\" class=\"wp-image-20537\" srcset=\"https:\/\/jornalfatosenoticias.com.br\/wp-content\/uploads\/2021\/07\/escultura-sao-joao-batista2.jpg 1000w, https:\/\/jornalfatosenoticias.com.br\/wp-content\/uploads\/2021\/07\/escultura-sao-joao-batista2-300x240.jpg 300w, https:\/\/jornalfatosenoticias.com.br\/wp-content\/uploads\/2021\/07\/escultura-sao-joao-batista2-768x614.jpg 768w\" sizes=\"auto, (max-width: 1000px) 100vw, 1000px\" \/><figcaption><em><span class=\"has-inline-color has-black-color\">Escultura de S\u00e3o Jo\u00e3o Batista Missioneiro de Cruz Alta (Foto: \u00c9dison H\u00fcttner)<\/span><\/em><\/figcaption><\/figure>\n\n\n\n<p>A caracter\u00edstica apontada por <strong>\u00c9dison<\/strong> j\u00e1 na primeira vez que ele observou o objeto \u00e9 essencial para a identifica\u00e7\u00e3o das pe\u00e7as do per\u00edodo hist\u00f3rico. Segundo o pesquisador, o fato de o item ser montado em partes significa que ele foi feito no primeiro per\u00edodo das redu\u00e7\u00f5es jesu\u00edticas, a partir de 1625.<br>O estilo \u00e9 conhecido como \u201cEscultura de Tronco\u201d ou ainda \u201cEst\u00e1tuas Horcones\u201d. \u201cOs ind\u00edgenas guaranis pegavam o tronco de \u00e1rvore, trabalhavam em cima desse tronco e tentavam fazer a sua escultura conforme os jesu\u00edtas ensinavam. Com as informa\u00e7\u00f5es sobre os santos e com o tronco na frente, eles come\u00e7avam a moldar\u201d, explica <strong>H\u00fcttner<\/strong>.<br>Os resultados eram sempre esculturas mais r\u00edgidas e sem tanta desenvoltura, mas que representavam de maneira expl\u00edcita e especial a rela\u00e7\u00e3o xam\u00e2nica dos \u00edndios com as \u00e1rvores.<br>Outro elemento fundamental para a identifica\u00e7\u00e3o da pe\u00e7a como sacra, barroca, hispano guarani-jesu\u00edta foi a policromia presente na escultura, que contava com gesso, tintas vindas da Europa e outras produzidas aqui, como o urucum, que dava um incr\u00edvel tom vermelho \u00e0s esculturas desenvolvidas.<\/p>\n\n\n\n<figure class=\"wp-block-image size-large is-style-default\"><img loading=\"lazy\" decoding=\"async\" width=\"1000\" height=\"750\" src=\"https:\/\/jornalfatosenoticias.com.br\/wp-content\/uploads\/2021\/07\/escultura-sao-joao-batista3.jpg\" alt=\"\" class=\"wp-image-20536\" srcset=\"https:\/\/jornalfatosenoticias.com.br\/wp-content\/uploads\/2021\/07\/escultura-sao-joao-batista3.jpg 1000w, https:\/\/jornalfatosenoticias.com.br\/wp-content\/uploads\/2021\/07\/escultura-sao-joao-batista3-300x225.jpg 300w, https:\/\/jornalfatosenoticias.com.br\/wp-content\/uploads\/2021\/07\/escultura-sao-joao-batista3-768x576.jpg 768w\" sizes=\"auto, (max-width: 1000px) 100vw, 1000px\" \/><figcaption><em><span class=\"has-inline-color has-black-color\">A aplica\u00e7\u00e3o de raios ultravioleta na est\u00e1tua de S\u00e3o Jo\u00e3o Batista (Foto: Eder Abreu H\u00fcttner)<\/span><\/em><\/figcaption><\/figure>\n\n\n\n<blockquote class=\"wp-block-quote is-layout-flow wp-block-quote-is-layout-flow\"><p><span class=\"has-inline-color has-luminous-vivid-orange-color\">\u201cOs <a href=\"https:\/\/aventurasnahistoria.uol.com.br\/noticias\/reportagem\/tupi-guarani-nossa-lingua-brasileira.phtml\" rel=\"noreferrer noopener\" target=\"_blank\">jesu\u00edtas<\/a>, na \u00e9poca, e os guaranis, tinham o costume de enfeitar as esculturas com esse trabalho de policromia\u201d, conta o especialista. \u201cAl\u00e9m da quest\u00e3o da \u00e1rvore, que eles trabalhavam para fazer essa escultura, tem o fato de que a pintura dos corpos ainda \u00e9 uma marca dos ind\u00edgenas, o que fechou bem com essa ideia de pintar o santo\u201d.<\/span><\/p><\/blockquote>\n\n\n\n<p>Ao identificar o per\u00edodo hist\u00f3rico no qual o objeto foi produzido, a pesquisa conseguiu tamb\u00e9m concluir que se tratava de uma escultura de S\u00e3o Jo\u00e3o Batista a partir de quest\u00f5es t\u00e9cnicas de medi\u00e7\u00e3o da pe\u00e7a e est\u00e9tica. <strong>\u00c9dison<\/strong> explica, por exemplo, que \u201ca vestimenta \u00e9 que vai definir qual \u00e9 o santo\u201d.<br>No caso do pregador, ele \u00e9 identificado pelas vestes feitas de pele de camelo e por carregar uma cruz, al\u00e9m de estar sempre com os p\u00e9s no ch\u00e3o.<\/p>\n\n\n\n<blockquote class=\"wp-block-quote is-layout-flow wp-block-quote-is-layout-flow\"><p><span class=\"has-inline-color has-luminous-vivid-orange-color\">\u201cSe fosse um santo que tem uma sand\u00e1lia ou se tivesse uma roupa diferente, n\u00e3o seria S\u00e3o Jo\u00e3o Batista\u201d, ressalta o professor.<\/span><\/p><\/blockquote>\n\n\n\n<p>Durante o estudo, os pesquisadores ainda utilizaram um m\u00e9todo inovador para garantir a seguran\u00e7a da escultura, especialmente devido \u00e0 pandemia de covid-19. Uma aplica\u00e7\u00e3o de raios ultravioleta foi feita na est\u00e1tua do santo para \u201cmatar todos os tipos de fungos, bact\u00e9rias e toda a fam\u00edlia do coronav\u00edrus\u201d.<br>O importante aparelho de Luz Ultravioleta C (UV-C) Huttech Tower II com duas l\u00e2mpadas UV-C foi desenvolvido pelo Dr. <strong>Eder Abreu H\u00fcttner<\/strong>, dentista e coordenador da Startup HUTTECH.<\/p>\n\n\n\n<h4 class=\"wp-block-heading\"><span class=\"has-inline-color has-black-color\">De grande import\u00e2ncia<\/span><\/h4>\n\n\n\n<figure class=\"wp-block-image size-large is-style-default\"><img loading=\"lazy\" decoding=\"async\" width=\"1000\" height=\"613\" src=\"https:\/\/jornalfatosenoticias.com.br\/wp-content\/uploads\/2021\/07\/escultura-sao-joao-batista4.jpg\" alt=\"\" class=\"wp-image-20535\" srcset=\"https:\/\/jornalfatosenoticias.com.br\/wp-content\/uploads\/2021\/07\/escultura-sao-joao-batista4.jpg 1000w, https:\/\/jornalfatosenoticias.com.br\/wp-content\/uploads\/2021\/07\/escultura-sao-joao-batista4-300x184.jpg 300w, https:\/\/jornalfatosenoticias.com.br\/wp-content\/uploads\/2021\/07\/escultura-sao-joao-batista4-768x471.jpg 768w\" sizes=\"auto, (max-width: 1000px) 100vw, 1000px\" \/><figcaption><em><span class=\"has-inline-color has-black-color\">A escultura do santo descoberta em Cruz Alta(Foto: \u00c9dison H\u00fcttner)<\/span><\/em><\/figcaption><\/figure>\n\n\n\n<p>Para o pesquisador, a est\u00e1tua de S\u00e3o Jo\u00e3o Batista possui um padr\u00e3o est\u00e9tico que se anela \u00e0 arte colonial produzida por <strong>Aleijadinho<\/strong> e muitos outros. \u201cO valor, por exemplo, em n\u00edvel nacional, se iguala com sua magnitude e est\u00e9tica com esculturas do per\u00edodo barroco colonial\u201d, aponta <strong>H\u00fcttner<\/strong>.<br>Al\u00e9m da import\u00e2ncia est\u00e9tica da pe\u00e7a e o seu inestim\u00e1vel valor hist\u00f3rico, o fator simb\u00f3lico do artefato tamb\u00e9m deve ser levado em considera\u00e7\u00e3o. Desenvolvida nas redu\u00e7\u00f5es jesu\u00edticas, a escultura foi cultuada primeiramente nesses territ\u00f3rios, mas, depois, passou a ser adorada nas zonas rurais do sul do pa\u00eds, em uma nova roupagem.<br>\u201cEm uma fam\u00edlia no interior do munic\u00edpio de Cruz Alta, essa escultura estava no nome de um benzedor, <strong>Estev\u00e3o de Matos<\/strong>\u201d, diz o especialista. \u201cA est\u00e1tua, quando estava nessa fam\u00edlia, na coluna de S\u00e3o Jo\u00e3o, participava de prociss\u00f5es e recebia fitas amarelas, vermelhas e verdes, para agradecer as gra\u00e7as alcan\u00e7adas\u201d.<br>Outra pr\u00e1tica comum era a de dar banhos nos santos como um ritual para pedir chuva em per\u00edodos de seca no interior. Como explica <strong>\u00c9dison<\/strong>, \u201celes despejavam a \u00e1gua no santo para pedir que terminasse com a seca e viesse a chuva\u201d.<br>Depois desse processo na zona rural, o santo foi para a zona urbana, j\u00e1 no munic\u00edpio de Cruz Alta, onde a fam\u00edlia continuou com a devo\u00e7\u00e3o \u00e0 imagem do pregador.<\/p>\n\n\n\n<blockquote class=\"wp-block-quote is-layout-flow wp-block-quote-is-layout-flow\"><p><span class=\"has-inline-color has-luminous-vivid-orange-color\">\u201cA for\u00e7a simb\u00f3lica do santo \u00e9 t\u00e3o forte que ela teve esse poder de ir se remodelando conforme o seu espa\u00e7o\u201d, complementa.<\/span><\/p><\/blockquote>\n\n\n\n<h4 class=\"wp-block-heading\"><span class=\"has-inline-color has-black-color\">De redu\u00e7\u00e3o \u00e0 s\u00edtio arqueol\u00f3gico<\/span><\/h4>\n\n\n\n<figure class=\"wp-block-image size-large is-style-default\"><img loading=\"lazy\" decoding=\"async\" width=\"1000\" height=\"627\" src=\"https:\/\/jornalfatosenoticias.com.br\/wp-content\/uploads\/2021\/07\/sitio_arqueologico_de_sao_joao_batista.jpg\" alt=\"\" class=\"wp-image-20534\" srcset=\"https:\/\/jornalfatosenoticias.com.br\/wp-content\/uploads\/2021\/07\/sitio_arqueologico_de_sao_joao_batista.jpg 1000w, https:\/\/jornalfatosenoticias.com.br\/wp-content\/uploads\/2021\/07\/sitio_arqueologico_de_sao_joao_batista-300x188.jpg 300w, https:\/\/jornalfatosenoticias.com.br\/wp-content\/uploads\/2021\/07\/sitio_arqueologico_de_sao_joao_batista-768x482.jpg 768w, https:\/\/jornalfatosenoticias.com.br\/wp-content\/uploads\/2021\/07\/sitio_arqueologico_de_sao_joao_batista-350x220.jpg 350w\" sizes=\"auto, (max-width: 1000px) 100vw, 1000px\" \/><figcaption><em><span class=\"has-inline-color has-black-color\">As ru\u00ednas da Redu\u00e7\u00e3o de S\u00e3o Jo\u00e3o Batista (Foto: Halley Pacheco de Oliveira\/Wikimedia Commons)<\/span><\/em><\/figcaption><\/figure>\n\n\n\n<p>O local onde o jesu\u00edta <strong>Ant\u00f4nio Sepp<\/strong> fundou a Redu\u00e7\u00e3o de S\u00e3o Jo\u00e3o Batista em 1697 hoje guarda somente pedras, transformado em um s\u00edtio arqueol\u00f3gico protegido pelo Instituto do Patrim\u00f4nio Hist\u00f3rico e Art\u00edstico Nacional (Iphan). Mas, bem al\u00e9m das ru\u00ednas da regi\u00e3o, o munic\u00edpio de Cruz Alta \u00e9 palco de in\u00fameros estudos que v\u00eam sendo realizados nos \u00faltimos anos.<br>A primeira pesquisa feita pelo pesquisador na cidade est\u00e1 relacionada ao <a href=\"https:\/\/agencia.fapesp.br\/badaladas-historicas\/5313\/\" rel=\"noreferrer noopener\" target=\"_blank\">Grande Sino de S\u00e3o Miguel<\/a>, que badalou de 1845 a 1945 em Cruz Alta. Em 2006, ele liderou um estudo que mediu e pesou o sino, e, desde ent\u00e3o, o especialista continua na sua peregrina\u00e7\u00e3o para entender a rica hist\u00f3ria da cidade e regi\u00e3o.<br>Com a identifica\u00e7\u00e3o da nova est\u00e1tua de S\u00e3o Jo\u00e3o Batista Missioneiro, as investiga\u00e7\u00f5es continuam a todo vapor, especialmente porque a escultura mostrou-se ainda mais importante que as j\u00e1 encontradas no munic\u00edpio.<br>\u201cEsse S\u00e3o Jo\u00e3o Batista Missioneiro foi muito importante, um pouco diferente das outras est\u00e1tuas encontradas, porque ele agregou \u00e0 hist\u00f3ria de Cruz Alta e da Redu\u00e7\u00e3o de S\u00e3o Jo\u00e3o Batista. Cada escultura \u00e9 diferente, mas essa chamou muito a aten\u00e7\u00e3o por essa liga\u00e7\u00e3o com o \u2018todo\u2019\u201d, conclui <strong>H\u00fcttner<\/strong>.<\/p>\n\n\n\n<p><strong><em>Fonte: <a href=\"https:\/\/aventurasnahistoria.uol.com.br\/noticias\/reportagem\/a-impressionante-escultura-indigena-do-profeta-sao-joao-batista-missioneiro-descoberta-no-rio-grande-do-sul.phtml\">Aventuras na Hist\u00f3ria<\/a><\/em><\/strong><\/p>\n","protected":false},"excerpt":{"rendered":"<p>Segundo o pesquisador \u00c9dison H\u00fcttner, o artefato foi esculpido a partir do tronco de uma \u00e1rvore h\u00e1 mais de 300 anos e se \u201cremodelou conforme o seu espa\u00e7o\u201d ao longo dos s\u00e9culos No ano passado, o professor \u00c9dison H\u00fcttner, coordenador do Grupo de Pesquisa Arte Sacra Jesu\u00edtico-Guarani e Luso-brasileira da Pontif\u00edcia Universidade Cat\u00f3lica do Rio [&hellip;]<\/p>\n","protected":false},"author":2,"featured_media":20538,"comment_status":"open","ping_status":"open","sticky":false,"template":"","format":"standard","meta":{"footnotes":""},"categories":[9808],"tags":[10081,10080,4127,249,115,10083,4684,10082],"class_list":["post-20533","post","type-post","status-publish","format-standard","has-post-thumbnail","hentry","category-paleo-arqueologia","tag-cruz-alta","tag-edison-huttner","tag-escultura","tag-historia","tag-pesquisa","tag-reducao-jesuitica","tag-rio-grande-do-sul","tag-sao-joao-batista-missioneiro"],"yoast_head":"<!-- This site is optimized with the Yoast SEO plugin v26.5 - https:\/\/yoast.com\/wordpress\/plugins\/seo\/ -->\n<title>Escultura ind\u00edgena, do profeta S\u00e3o Jo\u00e3o Batista Missioneiro, \u00e9 descoberta no Rio Grande do Sul - Jornal Fatos e Not\u00edcias<\/title>\n<meta name=\"robots\" content=\"index, follow, max-snippet:-1, max-image-preview:large, max-video-preview:-1\" \/>\n<link rel=\"canonical\" href=\"https:\/\/jornalfatosenoticias.com.br\/index.php\/2021\/07\/12\/escultura-indigena-do-profeta-sao-joao-batista-missioneiro-e-descoberta-no-rio-grande-do-sul\/\" \/>\n<meta property=\"og:locale\" content=\"pt_BR\" \/>\n<meta property=\"og:type\" content=\"article\" \/>\n<meta property=\"og:title\" content=\"Escultura ind\u00edgena, do profeta S\u00e3o Jo\u00e3o Batista Missioneiro, \u00e9 descoberta no Rio Grande do Sul - Jornal Fatos e Not\u00edcias\" \/>\n<meta property=\"og:description\" content=\"Segundo o pesquisador \u00c9dison H\u00fcttner, o artefato foi esculpido a partir do tronco de uma \u00e1rvore h\u00e1 mais de 300 anos e se \u201cremodelou conforme o seu espa\u00e7o\u201d ao longo dos s\u00e9culos No ano passado, o professor \u00c9dison H\u00fcttner, coordenador do Grupo de Pesquisa Arte Sacra Jesu\u00edtico-Guarani e Luso-brasileira da Pontif\u00edcia Universidade Cat\u00f3lica do Rio [&hellip;]\" \/>\n<meta property=\"og:url\" content=\"https:\/\/jornalfatosenoticias.com.br\/index.php\/2021\/07\/12\/escultura-indigena-do-profeta-sao-joao-batista-missioneiro-e-descoberta-no-rio-grande-do-sul\/\" \/>\n<meta property=\"og:site_name\" content=\"Jornal Fatos e Not\u00edcias\" \/>\n<meta property=\"article:published_time\" content=\"2021-07-12T14:25:40+00:00\" \/>\n<meta property=\"article:modified_time\" content=\"2021-07-12T14:25:45+00:00\" \/>\n<meta property=\"og:image\" content=\"https:\/\/jornalfatosenoticias.com.br\/wp-content\/uploads\/2021\/07\/escultura-sao-joao-batista.jpg\" \/>\n\t<meta property=\"og:image:width\" content=\"1000\" \/>\n\t<meta property=\"og:image:height\" content=\"562\" \/>\n\t<meta property=\"og:image:type\" content=\"image\/jpeg\" \/>\n<meta name=\"author\" content=\"Luzimara Fernandes\" \/>\n<meta name=\"twitter:card\" content=\"summary_large_image\" \/>\n<meta name=\"twitter:label1\" content=\"Escrito por\" \/>\n\t<meta name=\"twitter:data1\" content=\"Luzimara Fernandes\" \/>\n\t<meta name=\"twitter:label2\" content=\"Est. tempo de leitura\" \/>\n\t<meta name=\"twitter:data2\" content=\"7 minutos\" \/>\n<script type=\"application\/ld+json\" class=\"yoast-schema-graph\">{\"@context\":\"https:\/\/schema.org\",\"@graph\":[{\"@type\":\"Article\",\"@id\":\"https:\/\/jornalfatosenoticias.com.br\/index.php\/2021\/07\/12\/escultura-indigena-do-profeta-sao-joao-batista-missioneiro-e-descoberta-no-rio-grande-do-sul\/#article\",\"isPartOf\":{\"@id\":\"https:\/\/jornalfatosenoticias.com.br\/index.php\/2021\/07\/12\/escultura-indigena-do-profeta-sao-joao-batista-missioneiro-e-descoberta-no-rio-grande-do-sul\/\"},\"author\":{\"name\":\"Luzimara Fernandes\",\"@id\":\"https:\/\/jornalfatosenoticias.com.br\/#\/schema\/person\/d63837fa13ac8666eb9e74e0985d6f81\"},\"headline\":\"Escultura ind\u00edgena, do profeta S\u00e3o Jo\u00e3o Batista Missioneiro, \u00e9 descoberta no Rio Grande do Sul\",\"datePublished\":\"2021-07-12T14:25:40+00:00\",\"dateModified\":\"2021-07-12T14:25:45+00:00\",\"mainEntityOfPage\":{\"@id\":\"https:\/\/jornalfatosenoticias.com.br\/index.php\/2021\/07\/12\/escultura-indigena-do-profeta-sao-joao-batista-missioneiro-e-descoberta-no-rio-grande-do-sul\/\"},\"wordCount\":1439,\"commentCount\":0,\"publisher\":{\"@id\":\"https:\/\/jornalfatosenoticias.com.br\/#organization\"},\"image\":{\"@id\":\"https:\/\/jornalfatosenoticias.com.br\/index.php\/2021\/07\/12\/escultura-indigena-do-profeta-sao-joao-batista-missioneiro-e-descoberta-no-rio-grande-do-sul\/#primaryimage\"},\"thumbnailUrl\":\"https:\/\/jornalfatosenoticias.com.br\/wp-content\/uploads\/2021\/07\/escultura-sao-joao-batista.jpg\",\"keywords\":[\"Cruz Alta\",\"\u00c9dison H\u00fcttner\",\"escultura\",\"hist\u00f3ria\",\"pesquisa\",\"redu\u00e7\u00e3o jesu\u00edtica\",\"Rio Grande do Sul\",\"S\u00e3o Jo\u00e3o Batista Missioneiro\"],\"articleSection\":[\"Paleo &amp; Arqueologia\"],\"inLanguage\":\"pt-BR\",\"potentialAction\":[{\"@type\":\"CommentAction\",\"name\":\"Comment\",\"target\":[\"https:\/\/jornalfatosenoticias.com.br\/index.php\/2021\/07\/12\/escultura-indigena-do-profeta-sao-joao-batista-missioneiro-e-descoberta-no-rio-grande-do-sul\/#respond\"]}]},{\"@type\":\"WebPage\",\"@id\":\"https:\/\/jornalfatosenoticias.com.br\/index.php\/2021\/07\/12\/escultura-indigena-do-profeta-sao-joao-batista-missioneiro-e-descoberta-no-rio-grande-do-sul\/\",\"url\":\"https:\/\/jornalfatosenoticias.com.br\/index.php\/2021\/07\/12\/escultura-indigena-do-profeta-sao-joao-batista-missioneiro-e-descoberta-no-rio-grande-do-sul\/\",\"name\":\"Escultura ind\u00edgena, do profeta S\u00e3o Jo\u00e3o Batista Missioneiro, \u00e9 descoberta no Rio Grande do Sul - Jornal Fatos e Not\u00edcias\",\"isPartOf\":{\"@id\":\"https:\/\/jornalfatosenoticias.com.br\/#website\"},\"primaryImageOfPage\":{\"@id\":\"https:\/\/jornalfatosenoticias.com.br\/index.php\/2021\/07\/12\/escultura-indigena-do-profeta-sao-joao-batista-missioneiro-e-descoberta-no-rio-grande-do-sul\/#primaryimage\"},\"image\":{\"@id\":\"https:\/\/jornalfatosenoticias.com.br\/index.php\/2021\/07\/12\/escultura-indigena-do-profeta-sao-joao-batista-missioneiro-e-descoberta-no-rio-grande-do-sul\/#primaryimage\"},\"thumbnailUrl\":\"https:\/\/jornalfatosenoticias.com.br\/wp-content\/uploads\/2021\/07\/escultura-sao-joao-batista.jpg\",\"datePublished\":\"2021-07-12T14:25:40+00:00\",\"dateModified\":\"2021-07-12T14:25:45+00:00\",\"breadcrumb\":{\"@id\":\"https:\/\/jornalfatosenoticias.com.br\/index.php\/2021\/07\/12\/escultura-indigena-do-profeta-sao-joao-batista-missioneiro-e-descoberta-no-rio-grande-do-sul\/#breadcrumb\"},\"inLanguage\":\"pt-BR\",\"potentialAction\":[{\"@type\":\"ReadAction\",\"target\":[\"https:\/\/jornalfatosenoticias.com.br\/index.php\/2021\/07\/12\/escultura-indigena-do-profeta-sao-joao-batista-missioneiro-e-descoberta-no-rio-grande-do-sul\/\"]}]},{\"@type\":\"ImageObject\",\"inLanguage\":\"pt-BR\",\"@id\":\"https:\/\/jornalfatosenoticias.com.br\/index.php\/2021\/07\/12\/escultura-indigena-do-profeta-sao-joao-batista-missioneiro-e-descoberta-no-rio-grande-do-sul\/#primaryimage\",\"url\":\"https:\/\/jornalfatosenoticias.com.br\/wp-content\/uploads\/2021\/07\/escultura-sao-joao-batista.jpg\",\"contentUrl\":\"https:\/\/jornalfatosenoticias.com.br\/wp-content\/uploads\/2021\/07\/escultura-sao-joao-batista.jpg\",\"width\":1000,\"height\":562},{\"@type\":\"BreadcrumbList\",\"@id\":\"https:\/\/jornalfatosenoticias.com.br\/index.php\/2021\/07\/12\/escultura-indigena-do-profeta-sao-joao-batista-missioneiro-e-descoberta-no-rio-grande-do-sul\/#breadcrumb\",\"itemListElement\":[{\"@type\":\"ListItem\",\"position\":1,\"name\":\"In\u00edcio\",\"item\":\"https:\/\/jornalfatosenoticias.com.br\/\"},{\"@type\":\"ListItem\",\"position\":2,\"name\":\"Escultura ind\u00edgena, do profeta S\u00e3o Jo\u00e3o Batista Missioneiro, \u00e9 descoberta no Rio Grande do Sul\"}]},{\"@type\":\"WebSite\",\"@id\":\"https:\/\/jornalfatosenoticias.com.br\/#website\",\"url\":\"https:\/\/jornalfatosenoticias.com.br\/\",\"name\":\"Jornal Fatos e Not\u00edcias\",\"description\":\"Not\u00edcias em geral\",\"publisher\":{\"@id\":\"https:\/\/jornalfatosenoticias.com.br\/#organization\"},\"potentialAction\":[{\"@type\":\"SearchAction\",\"target\":{\"@type\":\"EntryPoint\",\"urlTemplate\":\"https:\/\/jornalfatosenoticias.com.br\/?s={search_term_string}\"},\"query-input\":{\"@type\":\"PropertyValueSpecification\",\"valueRequired\":true,\"valueName\":\"search_term_string\"}}],\"inLanguage\":\"pt-BR\"},{\"@type\":\"Organization\",\"@id\":\"https:\/\/jornalfatosenoticias.com.br\/#organization\",\"name\":\"Jornal Fatos e Not\u00edcias\",\"url\":\"https:\/\/jornalfatosenoticias.com.br\/\",\"logo\":{\"@type\":\"ImageObject\",\"inLanguage\":\"pt-BR\",\"@id\":\"https:\/\/jornalfatosenoticias.com.br\/#\/schema\/logo\/image\/\",\"url\":\"https:\/\/jornalfatosenoticias.com.br\/wp-content\/uploads\/2020\/02\/logo120.png\",\"contentUrl\":\"https:\/\/jornalfatosenoticias.com.br\/wp-content\/uploads\/2020\/02\/logo120.png\",\"width\":1227,\"height\":120,\"caption\":\"Jornal Fatos e Not\u00edcias\"},\"image\":{\"@id\":\"https:\/\/jornalfatosenoticias.com.br\/#\/schema\/logo\/image\/\"}},{\"@type\":\"Person\",\"@id\":\"https:\/\/jornalfatosenoticias.com.br\/#\/schema\/person\/d63837fa13ac8666eb9e74e0985d6f81\",\"name\":\"Luzimara Fernandes\",\"image\":{\"@type\":\"ImageObject\",\"inLanguage\":\"pt-BR\",\"@id\":\"https:\/\/jornalfatosenoticias.com.br\/#\/schema\/person\/image\/\",\"url\":\"https:\/\/jornalfatosenoticias.com.br\/wp-content\/uploads\/2025\/05\/EU_portal.jpg\",\"contentUrl\":\"https:\/\/jornalfatosenoticias.com.br\/wp-content\/uploads\/2025\/05\/EU_portal.jpg\",\"caption\":\"Luzimara Fernandes\"},\"description\":\"Jornalista MTB 2358-ES\",\"sameAs\":[\"https:\/\/jornalfatosenoticias.com.br\"],\"url\":\"https:\/\/jornalfatosenoticias.com.br\/index.php\/author\/luzimara\/\"}]}<\/script>\n<!-- \/ Yoast SEO plugin. -->","yoast_head_json":{"title":"Escultura ind\u00edgena, do profeta S\u00e3o Jo\u00e3o Batista Missioneiro, \u00e9 descoberta no Rio Grande do Sul - Jornal Fatos e Not\u00edcias","robots":{"index":"index","follow":"follow","max-snippet":"max-snippet:-1","max-image-preview":"max-image-preview:large","max-video-preview":"max-video-preview:-1"},"canonical":"https:\/\/jornalfatosenoticias.com.br\/index.php\/2021\/07\/12\/escultura-indigena-do-profeta-sao-joao-batista-missioneiro-e-descoberta-no-rio-grande-do-sul\/","og_locale":"pt_BR","og_type":"article","og_title":"Escultura ind\u00edgena, do profeta S\u00e3o Jo\u00e3o Batista Missioneiro, \u00e9 descoberta no Rio Grande do Sul - Jornal Fatos e Not\u00edcias","og_description":"Segundo o pesquisador \u00c9dison H\u00fcttner, o artefato foi esculpido a partir do tronco de uma \u00e1rvore h\u00e1 mais de 300 anos e se \u201cremodelou conforme o seu espa\u00e7o\u201d ao longo dos s\u00e9culos No ano passado, o professor \u00c9dison H\u00fcttner, coordenador do Grupo de Pesquisa Arte Sacra Jesu\u00edtico-Guarani e Luso-brasileira da Pontif\u00edcia Universidade Cat\u00f3lica do Rio [&hellip;]","og_url":"https:\/\/jornalfatosenoticias.com.br\/index.php\/2021\/07\/12\/escultura-indigena-do-profeta-sao-joao-batista-missioneiro-e-descoberta-no-rio-grande-do-sul\/","og_site_name":"Jornal Fatos e Not\u00edcias","article_published_time":"2021-07-12T14:25:40+00:00","article_modified_time":"2021-07-12T14:25:45+00:00","og_image":[{"width":1000,"height":562,"url":"https:\/\/jornalfatosenoticias.com.br\/wp-content\/uploads\/2021\/07\/escultura-sao-joao-batista.jpg","type":"image\/jpeg"}],"author":"Luzimara Fernandes","twitter_card":"summary_large_image","twitter_misc":{"Escrito por":"Luzimara Fernandes","Est. tempo de leitura":"7 minutos"},"schema":{"@context":"https:\/\/schema.org","@graph":[{"@type":"Article","@id":"https:\/\/jornalfatosenoticias.com.br\/index.php\/2021\/07\/12\/escultura-indigena-do-profeta-sao-joao-batista-missioneiro-e-descoberta-no-rio-grande-do-sul\/#article","isPartOf":{"@id":"https:\/\/jornalfatosenoticias.com.br\/index.php\/2021\/07\/12\/escultura-indigena-do-profeta-sao-joao-batista-missioneiro-e-descoberta-no-rio-grande-do-sul\/"},"author":{"name":"Luzimara Fernandes","@id":"https:\/\/jornalfatosenoticias.com.br\/#\/schema\/person\/d63837fa13ac8666eb9e74e0985d6f81"},"headline":"Escultura ind\u00edgena, do profeta S\u00e3o Jo\u00e3o Batista Missioneiro, \u00e9 descoberta no Rio Grande do Sul","datePublished":"2021-07-12T14:25:40+00:00","dateModified":"2021-07-12T14:25:45+00:00","mainEntityOfPage":{"@id":"https:\/\/jornalfatosenoticias.com.br\/index.php\/2021\/07\/12\/escultura-indigena-do-profeta-sao-joao-batista-missioneiro-e-descoberta-no-rio-grande-do-sul\/"},"wordCount":1439,"commentCount":0,"publisher":{"@id":"https:\/\/jornalfatosenoticias.com.br\/#organization"},"image":{"@id":"https:\/\/jornalfatosenoticias.com.br\/index.php\/2021\/07\/12\/escultura-indigena-do-profeta-sao-joao-batista-missioneiro-e-descoberta-no-rio-grande-do-sul\/#primaryimage"},"thumbnailUrl":"https:\/\/jornalfatosenoticias.com.br\/wp-content\/uploads\/2021\/07\/escultura-sao-joao-batista.jpg","keywords":["Cruz Alta","\u00c9dison H\u00fcttner","escultura","hist\u00f3ria","pesquisa","redu\u00e7\u00e3o jesu\u00edtica","Rio Grande do Sul","S\u00e3o Jo\u00e3o Batista Missioneiro"],"articleSection":["Paleo &amp; Arqueologia"],"inLanguage":"pt-BR","potentialAction":[{"@type":"CommentAction","name":"Comment","target":["https:\/\/jornalfatosenoticias.com.br\/index.php\/2021\/07\/12\/escultura-indigena-do-profeta-sao-joao-batista-missioneiro-e-descoberta-no-rio-grande-do-sul\/#respond"]}]},{"@type":"WebPage","@id":"https:\/\/jornalfatosenoticias.com.br\/index.php\/2021\/07\/12\/escultura-indigena-do-profeta-sao-joao-batista-missioneiro-e-descoberta-no-rio-grande-do-sul\/","url":"https:\/\/jornalfatosenoticias.com.br\/index.php\/2021\/07\/12\/escultura-indigena-do-profeta-sao-joao-batista-missioneiro-e-descoberta-no-rio-grande-do-sul\/","name":"Escultura ind\u00edgena, do profeta S\u00e3o Jo\u00e3o Batista Missioneiro, \u00e9 descoberta no Rio Grande do Sul - Jornal Fatos e Not\u00edcias","isPartOf":{"@id":"https:\/\/jornalfatosenoticias.com.br\/#website"},"primaryImageOfPage":{"@id":"https:\/\/jornalfatosenoticias.com.br\/index.php\/2021\/07\/12\/escultura-indigena-do-profeta-sao-joao-batista-missioneiro-e-descoberta-no-rio-grande-do-sul\/#primaryimage"},"image":{"@id":"https:\/\/jornalfatosenoticias.com.br\/index.php\/2021\/07\/12\/escultura-indigena-do-profeta-sao-joao-batista-missioneiro-e-descoberta-no-rio-grande-do-sul\/#primaryimage"},"thumbnailUrl":"https:\/\/jornalfatosenoticias.com.br\/wp-content\/uploads\/2021\/07\/escultura-sao-joao-batista.jpg","datePublished":"2021-07-12T14:25:40+00:00","dateModified":"2021-07-12T14:25:45+00:00","breadcrumb":{"@id":"https:\/\/jornalfatosenoticias.com.br\/index.php\/2021\/07\/12\/escultura-indigena-do-profeta-sao-joao-batista-missioneiro-e-descoberta-no-rio-grande-do-sul\/#breadcrumb"},"inLanguage":"pt-BR","potentialAction":[{"@type":"ReadAction","target":["https:\/\/jornalfatosenoticias.com.br\/index.php\/2021\/07\/12\/escultura-indigena-do-profeta-sao-joao-batista-missioneiro-e-descoberta-no-rio-grande-do-sul\/"]}]},{"@type":"ImageObject","inLanguage":"pt-BR","@id":"https:\/\/jornalfatosenoticias.com.br\/index.php\/2021\/07\/12\/escultura-indigena-do-profeta-sao-joao-batista-missioneiro-e-descoberta-no-rio-grande-do-sul\/#primaryimage","url":"https:\/\/jornalfatosenoticias.com.br\/wp-content\/uploads\/2021\/07\/escultura-sao-joao-batista.jpg","contentUrl":"https:\/\/jornalfatosenoticias.com.br\/wp-content\/uploads\/2021\/07\/escultura-sao-joao-batista.jpg","width":1000,"height":562},{"@type":"BreadcrumbList","@id":"https:\/\/jornalfatosenoticias.com.br\/index.php\/2021\/07\/12\/escultura-indigena-do-profeta-sao-joao-batista-missioneiro-e-descoberta-no-rio-grande-do-sul\/#breadcrumb","itemListElement":[{"@type":"ListItem","position":1,"name":"In\u00edcio","item":"https:\/\/jornalfatosenoticias.com.br\/"},{"@type":"ListItem","position":2,"name":"Escultura ind\u00edgena, do profeta S\u00e3o Jo\u00e3o Batista Missioneiro, \u00e9 descoberta no Rio Grande do Sul"}]},{"@type":"WebSite","@id":"https:\/\/jornalfatosenoticias.com.br\/#website","url":"https:\/\/jornalfatosenoticias.com.br\/","name":"Jornal Fatos e Not\u00edcias","description":"Not\u00edcias em geral","publisher":{"@id":"https:\/\/jornalfatosenoticias.com.br\/#organization"},"potentialAction":[{"@type":"SearchAction","target":{"@type":"EntryPoint","urlTemplate":"https:\/\/jornalfatosenoticias.com.br\/?s={search_term_string}"},"query-input":{"@type":"PropertyValueSpecification","valueRequired":true,"valueName":"search_term_string"}}],"inLanguage":"pt-BR"},{"@type":"Organization","@id":"https:\/\/jornalfatosenoticias.com.br\/#organization","name":"Jornal Fatos e Not\u00edcias","url":"https:\/\/jornalfatosenoticias.com.br\/","logo":{"@type":"ImageObject","inLanguage":"pt-BR","@id":"https:\/\/jornalfatosenoticias.com.br\/#\/schema\/logo\/image\/","url":"https:\/\/jornalfatosenoticias.com.br\/wp-content\/uploads\/2020\/02\/logo120.png","contentUrl":"https:\/\/jornalfatosenoticias.com.br\/wp-content\/uploads\/2020\/02\/logo120.png","width":1227,"height":120,"caption":"Jornal Fatos e Not\u00edcias"},"image":{"@id":"https:\/\/jornalfatosenoticias.com.br\/#\/schema\/logo\/image\/"}},{"@type":"Person","@id":"https:\/\/jornalfatosenoticias.com.br\/#\/schema\/person\/d63837fa13ac8666eb9e74e0985d6f81","name":"Luzimara Fernandes","image":{"@type":"ImageObject","inLanguage":"pt-BR","@id":"https:\/\/jornalfatosenoticias.com.br\/#\/schema\/person\/image\/","url":"https:\/\/jornalfatosenoticias.com.br\/wp-content\/uploads\/2025\/05\/EU_portal.jpg","contentUrl":"https:\/\/jornalfatosenoticias.com.br\/wp-content\/uploads\/2025\/05\/EU_portal.jpg","caption":"Luzimara Fernandes"},"description":"Jornalista MTB 2358-ES","sameAs":["https:\/\/jornalfatosenoticias.com.br"],"url":"https:\/\/jornalfatosenoticias.com.br\/index.php\/author\/luzimara\/"}]}},"cc_featured_image_caption":{"caption_text":"Escultura (Foto: \u00c9dison H\u00fcttner) ","source_text":"","source_url":""},"jetpack_featured_media_url":"https:\/\/jornalfatosenoticias.com.br\/wp-content\/uploads\/2021\/07\/escultura-sao-joao-batista.jpg","_links":{"self":[{"href":"https:\/\/jornalfatosenoticias.com.br\/index.php\/wp-json\/wp\/v2\/posts\/20533","targetHints":{"allow":["GET"]}}],"collection":[{"href":"https:\/\/jornalfatosenoticias.com.br\/index.php\/wp-json\/wp\/v2\/posts"}],"about":[{"href":"https:\/\/jornalfatosenoticias.com.br\/index.php\/wp-json\/wp\/v2\/types\/post"}],"author":[{"embeddable":true,"href":"https:\/\/jornalfatosenoticias.com.br\/index.php\/wp-json\/wp\/v2\/users\/2"}],"replies":[{"embeddable":true,"href":"https:\/\/jornalfatosenoticias.com.br\/index.php\/wp-json\/wp\/v2\/comments?post=20533"}],"version-history":[{"count":0,"href":"https:\/\/jornalfatosenoticias.com.br\/index.php\/wp-json\/wp\/v2\/posts\/20533\/revisions"}],"wp:featuredmedia":[{"embeddable":true,"href":"https:\/\/jornalfatosenoticias.com.br\/index.php\/wp-json\/wp\/v2\/media\/20538"}],"wp:attachment":[{"href":"https:\/\/jornalfatosenoticias.com.br\/index.php\/wp-json\/wp\/v2\/media?parent=20533"}],"wp:term":[{"taxonomy":"category","embeddable":true,"href":"https:\/\/jornalfatosenoticias.com.br\/index.php\/wp-json\/wp\/v2\/categories?post=20533"},{"taxonomy":"post_tag","embeddable":true,"href":"https:\/\/jornalfatosenoticias.com.br\/index.php\/wp-json\/wp\/v2\/tags?post=20533"}],"curies":[{"name":"wp","href":"https:\/\/api.w.org\/{rel}","templated":true}]}}