{"id":20577,"date":"2021-07-12T16:46:48","date_gmt":"2021-07-12T19:46:48","guid":{"rendered":"https:\/\/jornalfatosenoticias.com.br\/?p=20577"},"modified":"2021-07-12T16:46:52","modified_gmt":"2021-07-12T19:46:52","slug":"estudo-indica-que-dormir-menos-de-seis-horas-afeta-o-bem-estar-fisico-e-mental","status":"publish","type":"post","link":"https:\/\/jornalfatosenoticias.com.br\/index.php\/2021\/07\/12\/estudo-indica-que-dormir-menos-de-seis-horas-afeta-o-bem-estar-fisico-e-mental\/","title":{"rendered":"Estudo indica que dormir menos de seis horas afeta o bem-estar f\u00edsico e mental"},"content":{"rendered":"\n<p>Um novo <a rel=\"noreferrer noopener\" href=\"https:\/\/olhardigital.com.br\/tag\/estudo\/\" target=\"_blank\">estudo<\/a>\u00a0publicado na Annals of Behavioral Medicine revelou que a perda consecutiva de sono pode afetar o bem-estar f\u00edsico e\u00a0<a rel=\"noreferrer noopener\" href=\"https:\/\/olhardigital.com.br\/tag\/saude-mental\/\" target=\"_blank\">mental<\/a>\u00a0das pessoas. De acordo com o artigo publicado no site da<a rel=\"noreferrer noopener\" href=\"https:\/\/www.usf.edu\/news\/2021\/drama-llama-or-sleep-deprived-new-study-uncovers-sleep-loss-impacts-mental-and-physical-well-being.aspx\" target=\"_blank\">\u00a0Universidade do Sul da Fl\u00f3rida<\/a> \u2014 respons\u00e1vel pela pesquisa \u2014 bastam apenas tr\u00eas noites mal dormidas para que os efeitos sejam notados.<br>Para o estudo, foram observados quase 2.000 adultos de meia idade saud\u00e1veis e analisados os efeitos de dormir menos de seis horas por oito noites seguidas \u2014 seis horas \u00e9 o tempo m\u00ednimo de sono indicado pelos m\u00e9dicos. Os participantes registraram seus comportamentos e sensa\u00e7\u00f5es em um di\u00e1rio durante todo o per\u00edodo, o que permitiu aos pesquisadores acesso a experi\u00eancia relatada.<br>A autora principal do estudo, Soomi Lee, professora assistente na Escola de Estudos do Envelhecimento da Universidade do Sul da Fl\u00f3rida, disse que j\u00e1 na primeira noite sem o sono completo sintomas surgiram, piorando a cada dia tendo um pico j\u00e1 no terceiro dia. No entanto, foi observado tamb\u00e9m que o corpo humano se acostumou com as poucas horas de sono, por\u00e9m no sexto dia os participantes relataram um cansa\u00e7o f\u00edsico excessivo.<br>\u201cMuitos de n\u00f3s pensamos que podemos pagar nossa d\u00edvida de sono nos fins de semana e ser mais produtivos durante a semana\u201d, disse Lee. \u201cNo entanto, os resultados deste estudo mostram que ter apenas uma noite sem dormir pode prejudicar significativamente o seu funcionamento di\u00e1rio\u201d.<\/p>\n\n\n\n<figure class=\"wp-block-image size-large is-style-default\"><img loading=\"lazy\" decoding=\"async\" width=\"1000\" height=\"608\" src=\"https:\/\/jornalfatosenoticias.com.br\/wp-content\/uploads\/2021\/07\/falta-de-sono2.jpg\" alt=\"\" class=\"wp-image-20578\" srcset=\"https:\/\/jornalfatosenoticias.com.br\/wp-content\/uploads\/2021\/07\/falta-de-sono2.jpg 1000w, https:\/\/jornalfatosenoticias.com.br\/wp-content\/uploads\/2021\/07\/falta-de-sono2-300x182.jpg 300w, https:\/\/jornalfatosenoticias.com.br\/wp-content\/uploads\/2021\/07\/falta-de-sono2-768x467.jpg 768w\" sizes=\"auto, (max-width: 1000px) 100vw, 1000px\" \/><figcaption><span class=\"has-inline-color has-black-color\"><em>Estudo: dormir menos de seis horas de forma recorrente afeta o bem-estar f\u00edsico e mental (Foto: Phoenixns\/iStock)<\/em><\/span><span class=\"has-inline-color has-black-color\"><\/span><\/figcaption><\/figure>\n\n\n\n<p>Entre os adultos participantes observados, 42% tiveram pelo menos uma noite de sono perdida, dormindo uma hora e meia a menos do que suas rotinas normais. Em seus relatos foram registrados um ac\u00famulo de sentimentos de raiva, nervosismo, solid\u00e3o, irrita\u00e7\u00e3o e frustra\u00e7\u00e3o como resultado da perda de sono.<br>Sintomas f\u00edsicos tamb\u00e9m foram mencionados, como problemas respirat\u00f3rios, dores, problemas gastrointestinais, entre outros problemas de <a rel=\"noreferrer noopener\" href=\"https:\/\/olhardigital.com.br\/tag\/saude\/\" target=\"_blank\">sa\u00fade<\/a>. Todos os sentimentos continuaram em evid\u00eancia mesmo com o costume do corpo at\u00e9 que tivessem uma noite de sono de mais de seis horas.<br>Segundo Lee, quando dormir pouco se torna um h\u00e1bito fica mais dif\u00edcil para o corpo recuperar todo o sono perdido, se tornando um ciclo vicioso que impacta diretamente a sa\u00fade f\u00edsica e mental. Em outro estudo da pesquisadora, ela descobriu que perder ao menos 16 minutos do tempo normal de sono j\u00e1 pode impactar negativamente no dia a dia atrapalhando, por exemplo, o desempenho no trabalho. Al\u00e9m disso, a falta de sono tamb\u00e9m diminui a consci\u00eancia di\u00e1ria do ser humano, um recurso que o corpo usa para controlar o estresse e manter as rotinas saud\u00e1veis.<\/p>\n\n\n\n<p><strong><em>Fonte: <a href=\"https:\/\/olhardigital.com.br\/2021\/07\/12\/medicina-e-saude\/estudo-dormir-menos-de-seis-horas-afeta-o-bem-estar-fisico-e-mental\/\">Olhar Digital<\/a><\/em><\/strong><\/p>\n","protected":false},"excerpt":{"rendered":"<p>Um novo estudo\u00a0publicado na Annals of Behavioral Medicine revelou que a perda consecutiva de sono pode afetar o bem-estar f\u00edsico e\u00a0mental\u00a0das pessoas. De acordo com o artigo publicado no site da\u00a0Universidade do Sul da Fl\u00f3rida \u2014 respons\u00e1vel pela pesquisa \u2014 bastam apenas tr\u00eas noites mal dormidas para que os efeitos sejam notados.Para o estudo, foram [&hellip;]<\/p>\n","protected":false},"author":2,"featured_media":20579,"comment_status":"open","ping_status":"open","sticky":false,"template":"","format":"standard","meta":{"footnotes":""},"categories":[42],"tags":[10092,3028,714,10094,688,1138],"class_list":["post-20577","post","type-post","status-publish","format-standard","has-post-thumbnail","hentry","category-bem-estar","tag-bem-estar-fisico","tag-dormir","tag-estudo","tag-falta-de-sono","tag-saude-mental","tag-sono"],"yoast_head":"<!-- This site is optimized with the Yoast SEO plugin v26.5 - https:\/\/yoast.com\/wordpress\/plugins\/seo\/ -->\n<title>Estudo indica que dormir menos de seis horas afeta o bem-estar f\u00edsico e mental - Jornal Fatos e Not\u00edcias<\/title>\n<meta name=\"robots\" content=\"index, follow, max-snippet:-1, max-image-preview:large, max-video-preview:-1\" \/>\n<link rel=\"canonical\" href=\"https:\/\/jornalfatosenoticias.com.br\/index.php\/2021\/07\/12\/estudo-indica-que-dormir-menos-de-seis-horas-afeta-o-bem-estar-fisico-e-mental\/\" \/>\n<meta property=\"og:locale\" content=\"pt_BR\" \/>\n<meta property=\"og:type\" content=\"article\" \/>\n<meta property=\"og:title\" content=\"Estudo indica que dormir menos de seis horas afeta o bem-estar f\u00edsico e mental - Jornal Fatos e Not\u00edcias\" \/>\n<meta property=\"og:description\" content=\"Um novo estudo\u00a0publicado na Annals of Behavioral Medicine revelou que a perda consecutiva de sono pode afetar o bem-estar f\u00edsico e\u00a0mental\u00a0das pessoas. De acordo com o artigo publicado no site da\u00a0Universidade do Sul da Fl\u00f3rida \u2014 respons\u00e1vel pela pesquisa \u2014 bastam apenas tr\u00eas noites mal dormidas para que os efeitos sejam notados.Para o estudo, foram [&hellip;]\" \/>\n<meta property=\"og:url\" content=\"https:\/\/jornalfatosenoticias.com.br\/index.php\/2021\/07\/12\/estudo-indica-que-dormir-menos-de-seis-horas-afeta-o-bem-estar-fisico-e-mental\/\" \/>\n<meta property=\"og:site_name\" content=\"Jornal Fatos e Not\u00edcias\" \/>\n<meta property=\"article:published_time\" content=\"2021-07-12T19:46:48+00:00\" \/>\n<meta property=\"article:modified_time\" content=\"2021-07-12T19:46:52+00:00\" \/>\n<meta property=\"og:image\" content=\"https:\/\/jornalfatosenoticias.com.br\/wp-content\/uploads\/2021\/07\/falta-de-sono.jpg\" \/>\n\t<meta property=\"og:image:width\" content=\"1000\" \/>\n\t<meta property=\"og:image:height\" content=\"647\" \/>\n\t<meta property=\"og:image:type\" content=\"image\/jpeg\" \/>\n<meta name=\"author\" content=\"Luzimara Fernandes\" \/>\n<meta name=\"twitter:card\" content=\"summary_large_image\" \/>\n<meta name=\"twitter:label1\" content=\"Escrito por\" \/>\n\t<meta name=\"twitter:data1\" content=\"Luzimara Fernandes\" \/>\n\t<meta name=\"twitter:label2\" content=\"Est. tempo de leitura\" \/>\n\t<meta name=\"twitter:data2\" content=\"2 minutos\" \/>\n<script type=\"application\/ld+json\" class=\"yoast-schema-graph\">{\"@context\":\"https:\/\/schema.org\",\"@graph\":[{\"@type\":\"Article\",\"@id\":\"https:\/\/jornalfatosenoticias.com.br\/index.php\/2021\/07\/12\/estudo-indica-que-dormir-menos-de-seis-horas-afeta-o-bem-estar-fisico-e-mental\/#article\",\"isPartOf\":{\"@id\":\"https:\/\/jornalfatosenoticias.com.br\/index.php\/2021\/07\/12\/estudo-indica-que-dormir-menos-de-seis-horas-afeta-o-bem-estar-fisico-e-mental\/\"},\"author\":{\"name\":\"Luzimara Fernandes\",\"@id\":\"https:\/\/jornalfatosenoticias.com.br\/#\/schema\/person\/d63837fa13ac8666eb9e74e0985d6f81\"},\"headline\":\"Estudo indica que dormir menos de seis horas afeta o bem-estar f\u00edsico e mental\",\"datePublished\":\"2021-07-12T19:46:48+00:00\",\"dateModified\":\"2021-07-12T19:46:52+00:00\",\"mainEntityOfPage\":{\"@id\":\"https:\/\/jornalfatosenoticias.com.br\/index.php\/2021\/07\/12\/estudo-indica-que-dormir-menos-de-seis-horas-afeta-o-bem-estar-fisico-e-mental\/\"},\"wordCount\":484,\"commentCount\":0,\"publisher\":{\"@id\":\"https:\/\/jornalfatosenoticias.com.br\/#organization\"},\"image\":{\"@id\":\"https:\/\/jornalfatosenoticias.com.br\/index.php\/2021\/07\/12\/estudo-indica-que-dormir-menos-de-seis-horas-afeta-o-bem-estar-fisico-e-mental\/#primaryimage\"},\"thumbnailUrl\":\"https:\/\/jornalfatosenoticias.com.br\/wp-content\/uploads\/2021\/07\/falta-de-sono.jpg\",\"keywords\":[\"bem-estar f\u00edsico\",\"dormir\",\"Estudo\",\"falta de sono\",\"sa\u00fade mental\",\"sono\"],\"articleSection\":[\"Bem-estar\"],\"inLanguage\":\"pt-BR\",\"potentialAction\":[{\"@type\":\"CommentAction\",\"name\":\"Comment\",\"target\":[\"https:\/\/jornalfatosenoticias.com.br\/index.php\/2021\/07\/12\/estudo-indica-que-dormir-menos-de-seis-horas-afeta-o-bem-estar-fisico-e-mental\/#respond\"]}]},{\"@type\":\"WebPage\",\"@id\":\"https:\/\/jornalfatosenoticias.com.br\/index.php\/2021\/07\/12\/estudo-indica-que-dormir-menos-de-seis-horas-afeta-o-bem-estar-fisico-e-mental\/\",\"url\":\"https:\/\/jornalfatosenoticias.com.br\/index.php\/2021\/07\/12\/estudo-indica-que-dormir-menos-de-seis-horas-afeta-o-bem-estar-fisico-e-mental\/\",\"name\":\"Estudo indica que dormir menos de seis horas afeta o bem-estar f\u00edsico e mental - Jornal Fatos e Not\u00edcias\",\"isPartOf\":{\"@id\":\"https:\/\/jornalfatosenoticias.com.br\/#website\"},\"primaryImageOfPage\":{\"@id\":\"https:\/\/jornalfatosenoticias.com.br\/index.php\/2021\/07\/12\/estudo-indica-que-dormir-menos-de-seis-horas-afeta-o-bem-estar-fisico-e-mental\/#primaryimage\"},\"image\":{\"@id\":\"https:\/\/jornalfatosenoticias.com.br\/index.php\/2021\/07\/12\/estudo-indica-que-dormir-menos-de-seis-horas-afeta-o-bem-estar-fisico-e-mental\/#primaryimage\"},\"thumbnailUrl\":\"https:\/\/jornalfatosenoticias.com.br\/wp-content\/uploads\/2021\/07\/falta-de-sono.jpg\",\"datePublished\":\"2021-07-12T19:46:48+00:00\",\"dateModified\":\"2021-07-12T19:46:52+00:00\",\"breadcrumb\":{\"@id\":\"https:\/\/jornalfatosenoticias.com.br\/index.php\/2021\/07\/12\/estudo-indica-que-dormir-menos-de-seis-horas-afeta-o-bem-estar-fisico-e-mental\/#breadcrumb\"},\"inLanguage\":\"pt-BR\",\"potentialAction\":[{\"@type\":\"ReadAction\",\"target\":[\"https:\/\/jornalfatosenoticias.com.br\/index.php\/2021\/07\/12\/estudo-indica-que-dormir-menos-de-seis-horas-afeta-o-bem-estar-fisico-e-mental\/\"]}]},{\"@type\":\"ImageObject\",\"inLanguage\":\"pt-BR\",\"@id\":\"https:\/\/jornalfatosenoticias.com.br\/index.php\/2021\/07\/12\/estudo-indica-que-dormir-menos-de-seis-horas-afeta-o-bem-estar-fisico-e-mental\/#primaryimage\",\"url\":\"https:\/\/jornalfatosenoticias.com.br\/wp-content\/uploads\/2021\/07\/falta-de-sono.jpg\",\"contentUrl\":\"https:\/\/jornalfatosenoticias.com.br\/wp-content\/uploads\/2021\/07\/falta-de-sono.jpg\",\"width\":1000,\"height\":647,\"caption\":\"Young sleepy female using mobile phone, yawning late at night, lying in bed. Smartphone addiction concept.\"},{\"@type\":\"BreadcrumbList\",\"@id\":\"https:\/\/jornalfatosenoticias.com.br\/index.php\/2021\/07\/12\/estudo-indica-que-dormir-menos-de-seis-horas-afeta-o-bem-estar-fisico-e-mental\/#breadcrumb\",\"itemListElement\":[{\"@type\":\"ListItem\",\"position\":1,\"name\":\"In\u00edcio\",\"item\":\"https:\/\/jornalfatosenoticias.com.br\/\"},{\"@type\":\"ListItem\",\"position\":2,\"name\":\"Estudo indica que dormir menos de seis horas afeta o bem-estar f\u00edsico e mental\"}]},{\"@type\":\"WebSite\",\"@id\":\"https:\/\/jornalfatosenoticias.com.br\/#website\",\"url\":\"https:\/\/jornalfatosenoticias.com.br\/\",\"name\":\"Jornal Fatos e Not\u00edcias\",\"description\":\"Not\u00edcias em geral\",\"publisher\":{\"@id\":\"https:\/\/jornalfatosenoticias.com.br\/#organization\"},\"potentialAction\":[{\"@type\":\"SearchAction\",\"target\":{\"@type\":\"EntryPoint\",\"urlTemplate\":\"https:\/\/jornalfatosenoticias.com.br\/?s={search_term_string}\"},\"query-input\":{\"@type\":\"PropertyValueSpecification\",\"valueRequired\":true,\"valueName\":\"search_term_string\"}}],\"inLanguage\":\"pt-BR\"},{\"@type\":\"Organization\",\"@id\":\"https:\/\/jornalfatosenoticias.com.br\/#organization\",\"name\":\"Jornal Fatos e Not\u00edcias\",\"url\":\"https:\/\/jornalfatosenoticias.com.br\/\",\"logo\":{\"@type\":\"ImageObject\",\"inLanguage\":\"pt-BR\",\"@id\":\"https:\/\/jornalfatosenoticias.com.br\/#\/schema\/logo\/image\/\",\"url\":\"https:\/\/jornalfatosenoticias.com.br\/wp-content\/uploads\/2020\/02\/logo120.png\",\"contentUrl\":\"https:\/\/jornalfatosenoticias.com.br\/wp-content\/uploads\/2020\/02\/logo120.png\",\"width\":1227,\"height\":120,\"caption\":\"Jornal Fatos e Not\u00edcias\"},\"image\":{\"@id\":\"https:\/\/jornalfatosenoticias.com.br\/#\/schema\/logo\/image\/\"}},{\"@type\":\"Person\",\"@id\":\"https:\/\/jornalfatosenoticias.com.br\/#\/schema\/person\/d63837fa13ac8666eb9e74e0985d6f81\",\"name\":\"Luzimara Fernandes\",\"image\":{\"@type\":\"ImageObject\",\"inLanguage\":\"pt-BR\",\"@id\":\"https:\/\/jornalfatosenoticias.com.br\/#\/schema\/person\/image\/\",\"url\":\"https:\/\/jornalfatosenoticias.com.br\/wp-content\/uploads\/2025\/05\/EU_portal.jpg\",\"contentUrl\":\"https:\/\/jornalfatosenoticias.com.br\/wp-content\/uploads\/2025\/05\/EU_portal.jpg\",\"caption\":\"Luzimara Fernandes\"},\"description\":\"Jornalista MTB 2358-ES\",\"sameAs\":[\"https:\/\/jornalfatosenoticias.com.br\"],\"url\":\"https:\/\/jornalfatosenoticias.com.br\/index.php\/author\/luzimara\/\"}]}<\/script>\n<!-- \/ Yoast SEO plugin. -->","yoast_head_json":{"title":"Estudo indica que dormir menos de seis horas afeta o bem-estar f\u00edsico e mental - Jornal Fatos e Not\u00edcias","robots":{"index":"index","follow":"follow","max-snippet":"max-snippet:-1","max-image-preview":"max-image-preview:large","max-video-preview":"max-video-preview:-1"},"canonical":"https:\/\/jornalfatosenoticias.com.br\/index.php\/2021\/07\/12\/estudo-indica-que-dormir-menos-de-seis-horas-afeta-o-bem-estar-fisico-e-mental\/","og_locale":"pt_BR","og_type":"article","og_title":"Estudo indica que dormir menos de seis horas afeta o bem-estar f\u00edsico e mental - Jornal Fatos e Not\u00edcias","og_description":"Um novo estudo\u00a0publicado na Annals of Behavioral Medicine revelou que a perda consecutiva de sono pode afetar o bem-estar f\u00edsico e\u00a0mental\u00a0das pessoas. De acordo com o artigo publicado no site da\u00a0Universidade do Sul da Fl\u00f3rida \u2014 respons\u00e1vel pela pesquisa \u2014 bastam apenas tr\u00eas noites mal dormidas para que os efeitos sejam notados.Para o estudo, foram [&hellip;]","og_url":"https:\/\/jornalfatosenoticias.com.br\/index.php\/2021\/07\/12\/estudo-indica-que-dormir-menos-de-seis-horas-afeta-o-bem-estar-fisico-e-mental\/","og_site_name":"Jornal Fatos e Not\u00edcias","article_published_time":"2021-07-12T19:46:48+00:00","article_modified_time":"2021-07-12T19:46:52+00:00","og_image":[{"width":1000,"height":647,"url":"https:\/\/jornalfatosenoticias.com.br\/wp-content\/uploads\/2021\/07\/falta-de-sono.jpg","type":"image\/jpeg"}],"author":"Luzimara Fernandes","twitter_card":"summary_large_image","twitter_misc":{"Escrito por":"Luzimara Fernandes","Est. tempo de leitura":"2 minutos"},"schema":{"@context":"https:\/\/schema.org","@graph":[{"@type":"Article","@id":"https:\/\/jornalfatosenoticias.com.br\/index.php\/2021\/07\/12\/estudo-indica-que-dormir-menos-de-seis-horas-afeta-o-bem-estar-fisico-e-mental\/#article","isPartOf":{"@id":"https:\/\/jornalfatosenoticias.com.br\/index.php\/2021\/07\/12\/estudo-indica-que-dormir-menos-de-seis-horas-afeta-o-bem-estar-fisico-e-mental\/"},"author":{"name":"Luzimara Fernandes","@id":"https:\/\/jornalfatosenoticias.com.br\/#\/schema\/person\/d63837fa13ac8666eb9e74e0985d6f81"},"headline":"Estudo indica que dormir menos de seis horas afeta o bem-estar f\u00edsico e mental","datePublished":"2021-07-12T19:46:48+00:00","dateModified":"2021-07-12T19:46:52+00:00","mainEntityOfPage":{"@id":"https:\/\/jornalfatosenoticias.com.br\/index.php\/2021\/07\/12\/estudo-indica-que-dormir-menos-de-seis-horas-afeta-o-bem-estar-fisico-e-mental\/"},"wordCount":484,"commentCount":0,"publisher":{"@id":"https:\/\/jornalfatosenoticias.com.br\/#organization"},"image":{"@id":"https:\/\/jornalfatosenoticias.com.br\/index.php\/2021\/07\/12\/estudo-indica-que-dormir-menos-de-seis-horas-afeta-o-bem-estar-fisico-e-mental\/#primaryimage"},"thumbnailUrl":"https:\/\/jornalfatosenoticias.com.br\/wp-content\/uploads\/2021\/07\/falta-de-sono.jpg","keywords":["bem-estar f\u00edsico","dormir","Estudo","falta de sono","sa\u00fade mental","sono"],"articleSection":["Bem-estar"],"inLanguage":"pt-BR","potentialAction":[{"@type":"CommentAction","name":"Comment","target":["https:\/\/jornalfatosenoticias.com.br\/index.php\/2021\/07\/12\/estudo-indica-que-dormir-menos-de-seis-horas-afeta-o-bem-estar-fisico-e-mental\/#respond"]}]},{"@type":"WebPage","@id":"https:\/\/jornalfatosenoticias.com.br\/index.php\/2021\/07\/12\/estudo-indica-que-dormir-menos-de-seis-horas-afeta-o-bem-estar-fisico-e-mental\/","url":"https:\/\/jornalfatosenoticias.com.br\/index.php\/2021\/07\/12\/estudo-indica-que-dormir-menos-de-seis-horas-afeta-o-bem-estar-fisico-e-mental\/","name":"Estudo indica que dormir menos de seis horas afeta o bem-estar f\u00edsico e mental - Jornal Fatos e Not\u00edcias","isPartOf":{"@id":"https:\/\/jornalfatosenoticias.com.br\/#website"},"primaryImageOfPage":{"@id":"https:\/\/jornalfatosenoticias.com.br\/index.php\/2021\/07\/12\/estudo-indica-que-dormir-menos-de-seis-horas-afeta-o-bem-estar-fisico-e-mental\/#primaryimage"},"image":{"@id":"https:\/\/jornalfatosenoticias.com.br\/index.php\/2021\/07\/12\/estudo-indica-que-dormir-menos-de-seis-horas-afeta-o-bem-estar-fisico-e-mental\/#primaryimage"},"thumbnailUrl":"https:\/\/jornalfatosenoticias.com.br\/wp-content\/uploads\/2021\/07\/falta-de-sono.jpg","datePublished":"2021-07-12T19:46:48+00:00","dateModified":"2021-07-12T19:46:52+00:00","breadcrumb":{"@id":"https:\/\/jornalfatosenoticias.com.br\/index.php\/2021\/07\/12\/estudo-indica-que-dormir-menos-de-seis-horas-afeta-o-bem-estar-fisico-e-mental\/#breadcrumb"},"inLanguage":"pt-BR","potentialAction":[{"@type":"ReadAction","target":["https:\/\/jornalfatosenoticias.com.br\/index.php\/2021\/07\/12\/estudo-indica-que-dormir-menos-de-seis-horas-afeta-o-bem-estar-fisico-e-mental\/"]}]},{"@type":"ImageObject","inLanguage":"pt-BR","@id":"https:\/\/jornalfatosenoticias.com.br\/index.php\/2021\/07\/12\/estudo-indica-que-dormir-menos-de-seis-horas-afeta-o-bem-estar-fisico-e-mental\/#primaryimage","url":"https:\/\/jornalfatosenoticias.com.br\/wp-content\/uploads\/2021\/07\/falta-de-sono.jpg","contentUrl":"https:\/\/jornalfatosenoticias.com.br\/wp-content\/uploads\/2021\/07\/falta-de-sono.jpg","width":1000,"height":647,"caption":"Young sleepy female using mobile phone, yawning late at night, lying in bed. Smartphone addiction concept."},{"@type":"BreadcrumbList","@id":"https:\/\/jornalfatosenoticias.com.br\/index.php\/2021\/07\/12\/estudo-indica-que-dormir-menos-de-seis-horas-afeta-o-bem-estar-fisico-e-mental\/#breadcrumb","itemListElement":[{"@type":"ListItem","position":1,"name":"In\u00edcio","item":"https:\/\/jornalfatosenoticias.com.br\/"},{"@type":"ListItem","position":2,"name":"Estudo indica que dormir menos de seis horas afeta o bem-estar f\u00edsico e mental"}]},{"@type":"WebSite","@id":"https:\/\/jornalfatosenoticias.com.br\/#website","url":"https:\/\/jornalfatosenoticias.com.br\/","name":"Jornal Fatos e Not\u00edcias","description":"Not\u00edcias em geral","publisher":{"@id":"https:\/\/jornalfatosenoticias.com.br\/#organization"},"potentialAction":[{"@type":"SearchAction","target":{"@type":"EntryPoint","urlTemplate":"https:\/\/jornalfatosenoticias.com.br\/?s={search_term_string}"},"query-input":{"@type":"PropertyValueSpecification","valueRequired":true,"valueName":"search_term_string"}}],"inLanguage":"pt-BR"},{"@type":"Organization","@id":"https:\/\/jornalfatosenoticias.com.br\/#organization","name":"Jornal Fatos e Not\u00edcias","url":"https:\/\/jornalfatosenoticias.com.br\/","logo":{"@type":"ImageObject","inLanguage":"pt-BR","@id":"https:\/\/jornalfatosenoticias.com.br\/#\/schema\/logo\/image\/","url":"https:\/\/jornalfatosenoticias.com.br\/wp-content\/uploads\/2020\/02\/logo120.png","contentUrl":"https:\/\/jornalfatosenoticias.com.br\/wp-content\/uploads\/2020\/02\/logo120.png","width":1227,"height":120,"caption":"Jornal Fatos e Not\u00edcias"},"image":{"@id":"https:\/\/jornalfatosenoticias.com.br\/#\/schema\/logo\/image\/"}},{"@type":"Person","@id":"https:\/\/jornalfatosenoticias.com.br\/#\/schema\/person\/d63837fa13ac8666eb9e74e0985d6f81","name":"Luzimara Fernandes","image":{"@type":"ImageObject","inLanguage":"pt-BR","@id":"https:\/\/jornalfatosenoticias.com.br\/#\/schema\/person\/image\/","url":"https:\/\/jornalfatosenoticias.com.br\/wp-content\/uploads\/2025\/05\/EU_portal.jpg","contentUrl":"https:\/\/jornalfatosenoticias.com.br\/wp-content\/uploads\/2025\/05\/EU_portal.jpg","caption":"Luzimara Fernandes"},"description":"Jornalista MTB 2358-ES","sameAs":["https:\/\/jornalfatosenoticias.com.br"],"url":"https:\/\/jornalfatosenoticias.com.br\/index.php\/author\/luzimara\/"}]}},"cc_featured_image_caption":{"caption_text":"(Foto: Damir Khabirov\/Getty Images\/iStock)","source_text":"","source_url":""},"jetpack_featured_media_url":"https:\/\/jornalfatosenoticias.com.br\/wp-content\/uploads\/2021\/07\/falta-de-sono.jpg","_links":{"self":[{"href":"https:\/\/jornalfatosenoticias.com.br\/index.php\/wp-json\/wp\/v2\/posts\/20577","targetHints":{"allow":["GET"]}}],"collection":[{"href":"https:\/\/jornalfatosenoticias.com.br\/index.php\/wp-json\/wp\/v2\/posts"}],"about":[{"href":"https:\/\/jornalfatosenoticias.com.br\/index.php\/wp-json\/wp\/v2\/types\/post"}],"author":[{"embeddable":true,"href":"https:\/\/jornalfatosenoticias.com.br\/index.php\/wp-json\/wp\/v2\/users\/2"}],"replies":[{"embeddable":true,"href":"https:\/\/jornalfatosenoticias.com.br\/index.php\/wp-json\/wp\/v2\/comments?post=20577"}],"version-history":[{"count":0,"href":"https:\/\/jornalfatosenoticias.com.br\/index.php\/wp-json\/wp\/v2\/posts\/20577\/revisions"}],"wp:featuredmedia":[{"embeddable":true,"href":"https:\/\/jornalfatosenoticias.com.br\/index.php\/wp-json\/wp\/v2\/media\/20579"}],"wp:attachment":[{"href":"https:\/\/jornalfatosenoticias.com.br\/index.php\/wp-json\/wp\/v2\/media?parent=20577"}],"wp:term":[{"taxonomy":"category","embeddable":true,"href":"https:\/\/jornalfatosenoticias.com.br\/index.php\/wp-json\/wp\/v2\/categories?post=20577"},{"taxonomy":"post_tag","embeddable":true,"href":"https:\/\/jornalfatosenoticias.com.br\/index.php\/wp-json\/wp\/v2\/tags?post=20577"}],"curies":[{"name":"wp","href":"https:\/\/api.w.org\/{rel}","templated":true}]}}