{"id":20588,"date":"2021-07-13T09:28:53","date_gmt":"2021-07-13T12:28:53","guid":{"rendered":"https:\/\/jornalfatosenoticias.com.br\/?p=20588"},"modified":"2021-07-13T09:28:57","modified_gmt":"2021-07-13T12:28:57","slug":"no-dia-do-rock-brasilia-resgata-memorias-do-ritmo-em-rota-turistica","status":"publish","type":"post","link":"https:\/\/jornalfatosenoticias.com.br\/index.php\/2021\/07\/13\/no-dia-do-rock-brasilia-resgata-memorias-do-ritmo-em-rota-turistica\/","title":{"rendered":"No Dia do Rock, Bras\u00edlia resgata mem\u00f3rias do ritmo em rota tur\u00edstica"},"content":{"rendered":"\n<p><span class=\"has-inline-color has-black-color\"><em>Projeto imortaliza locais marcantes do DF onde a guitarra soou alto<\/em><\/span><\/p>\n\n\n\n<p>Guitarras, baterias, sons e emo\u00e7\u00f5es no \u00faltimo volume. \u201cImagine ficar no exato local onde come\u00e7aram as bandas Aborto El\u00e9trico, Legi\u00e3o Urbana, Capital Inicial, Plebe Rude\u2026 Imagine saber o endere\u00e7o onde come\u00e7ou aquela hist\u00f3ria\u201d. A imagina\u00e7\u00e3o do m\u00fasico Philippe Seabra, guitarrista de Plebe Rude, foi uma das respons\u00e1veis por tirar do papel um projeto de demarcar os endere\u00e7os que fizeram Bras\u00edlia (ou todo o Distrito Federal) ficar conhecida como a Capital do Rock.<\/p>\n\n\n\n<figure class=\"wp-block-embed-youtube wp-block-embed is-type-video is-provider-youtube wp-embed-aspect-16-9 wp-has-aspect-ratio\"><div class=\"wp-block-embed__wrapper\">\n<iframe loading=\"lazy\" title=\"Dia do Rock: Phillippe Seabra explica projeto de preserva\u00e7\u00e3o de mem\u00f3ria da m\u00fasica\" width=\"660\" height=\"371\" src=\"https:\/\/www.youtube.com\/embed\/8PbqM5TlA48?feature=oembed\" frameborder=\"0\" allow=\"accelerometer; autoplay; clipboard-write; encrypted-media; gyroscope; picture-in-picture; web-share\" referrerpolicy=\"strict-origin-when-cross-origin\" allowfullscreen><\/iframe>\n<\/div><\/figure>\n\n\n\n<p>Justo nesta ter\u00e7a (13), <strong><a href=\"https:\/\/agenciabrasil.ebc.com.br\/geral\/noticia\/dia-do-rock-da-populacao-e-da-protecao-florestas-marcam-semana\" target=\"_blank\" rel=\"noreferrer noopener\">Dia Mundial do Rock<\/a><\/strong>, o governo local inicia a implanta\u00e7\u00e3o de placas de informa\u00e7\u00e3o em 15 desses lugares. Ao todo, ser\u00e3o 41. N\u00e3o \u00e0 toa este roteiro foi batizado de Rota do Rock. Seabra \u00e9 o curador dessa iniciativa \u2014 que tem recursos p\u00fablico-privados \u2014 para que, mesmo quando houver sil\u00eancio, os sons da mem\u00f3ria toquem mais alto.<\/p>\n\n\n\n<blockquote class=\"wp-block-quote is-layout-flow wp-block-quote-is-layout-flow\"><p><span class=\"has-inline-color has-luminous-vivid-orange-color\">\u201cDesde a d\u00e9cada de 1960, tinham bandas de rock na cidade, como Os Primitivos, ou Os R\u00e9gis, por exemplo. Com o Teatro Nacional ainda sendo constru\u00eddo, em 1966, eles j\u00e1 estavam tocando. Isso \u00e9 muito cl\u00e1ssico\u201d, pontua Seabra.<\/span><\/p><\/blockquote>\n\n\n\n<p>Ele entende que nessa Bras\u00edlia, de endere\u00e7os diferentes, de ruas batizadas por n\u00fameros de quadras da Asa Sul e da Asa Norte, o rock est\u00e1 por toda parte.<\/p>\n\n\n\n<blockquote class=\"wp-block-quote is-layout-flow wp-block-quote-is-layout-flow\"><p><span class=\"has-inline-color has-luminous-vivid-orange-color\">\u201cA preserva\u00e7\u00e3o \u00e9 um legado que quero deixar para o meu filho para que essa hist\u00f3ria n\u00e3o desapare\u00e7a. Sem d\u00favida, Bras\u00edlia ainda \u00e9 a Capital do Rock\u201d.<\/span><\/p><\/blockquote>\n\n\n\n<p><strong><span class=\"has-inline-color has-black-color\">Influ\u00eancias<br><\/span><\/strong>Entre o final da d\u00e9cada de 1970 e in\u00edcio dos anos 1980, aqueles jovens, inspirados pelas novidades do punk rock norte-americano, inventaram uma forma de fazer o ritmo com temas brasileiros. Encontravam-se nas garagens de casa e do pr\u00e9dio para fazer suas can\u00e7\u00f5es. \u201cDesde muito pequeno, aquilo me chamava aten\u00e7\u00e3o, a partir da adolesc\u00eancia. Aquele movimento mudou a hist\u00f3ria do rock brasileiro. Plebe Rude, inclusive, chega em 2021 tamb\u00e9m aos 40 anos de hist\u00f3ria\u201d, diz o guitarrista.<br>A secretaria de Turismo do Distrito Federal explica que, quando o visitante chegar a um desses locais, poder\u00e1 conhecer um resumo da hist\u00f3ria que aconteceu ali a partir de um QR Code que estar\u00e1 vis\u00edvel no local. As placas ter\u00e3o iconografia e identifica\u00e7\u00e3o por uma nota musical.<br>Nesta ter\u00e7a (13), \u00e9 inaugurada a placa da Torre de TV. Ainda nesta semana, outras 14 pe\u00e7as ser\u00e3o colocadas, em lugares que j\u00e1 s\u00e3o espa\u00e7os tur\u00edsticos, como a Ermida Dom Bosco, mas tamb\u00e9m em frente a pr\u00e9dios que poderiam passar despercebidos por quem n\u00e3o conhece os detalhes. No conjunto residencial da Colina, onde residem professores e estudantes da Universidade de Bras\u00edlia, por exemplo, aqueles jovens roqueiros se reuniam para compor e tocar, e assim ficaram famosos como \u201cTurma da Colina\u201d.<\/p>\n\n\n\n<figure class=\"wp-block-image size-large is-style-default\"><img loading=\"lazy\" decoding=\"async\" width=\"1000\" height=\"667\" src=\"https:\/\/jornalfatosenoticias.com.br\/wp-content\/uploads\/2021\/07\/rota-do-rock_mcamgo_2.jpg\" alt=\"\" class=\"wp-image-20589\" srcset=\"https:\/\/jornalfatosenoticias.com.br\/wp-content\/uploads\/2021\/07\/rota-do-rock_mcamgo_2.jpg 1000w, https:\/\/jornalfatosenoticias.com.br\/wp-content\/uploads\/2021\/07\/rota-do-rock_mcamgo_2-300x200.jpg 300w, https:\/\/jornalfatosenoticias.com.br\/wp-content\/uploads\/2021\/07\/rota-do-rock_mcamgo_2-768x512.jpg 768w\" sizes=\"auto, (max-width: 1000px) 100vw, 1000px\" \/><figcaption><em><span class=\"has-inline-color has-black-color\">A Colina, na Universidade de Bras\u00edlia, \u00e9 um dos pontos da Rota do Rock (Foto: Marcelo Camargo\/Ag\u00eancia Brasil)<\/span><\/em><\/figcaption><\/figure>\n\n\n\n<p>Ali\u00e1s, esse \u00e9 um dos locais destacados pela irm\u00e3 de Renato Russo, a professora e cantora <strong>\u00a0<a href=\"https:\/\/tvbrasil.ebc.com.br\/impressoes\/2020\/04\/ele-cantou-brasilia-lembra-carmem-manfredini-sobre-renato-russo\" target=\"_blank\" rel=\"noreferrer noopener\">Carmen Manfredini (<em>assista tamb\u00e9m \u00e0 entrevista na\u00a0<\/em><strong>TV Brasil<\/strong><\/a><\/strong>).<\/p>\n\n\n\n<blockquote class=\"wp-block-quote is-layout-flow wp-block-quote-is-layout-flow\"><p><span class=\"has-inline-color has-luminous-vivid-orange-color\">&#8220;Eu acho que h\u00e1 v\u00e1rios lugares marcantes que influenciaram a obra do Renato e que o incentivaram a compor as m\u00fasicas. Entre eles, a Colina. Eles fizeram muitas coisas juntos, com o que viria a ser o Capital Inicial. Foi um dos lugares embri\u00f5es da forma\u00e7\u00e3o do Aborto El\u00e9trico, que foi a banda punk deles, em 1977&#8221;.<\/span><\/p><\/blockquote>\n\n\n\n<p>Quem for l\u00e1 vai saber mais como eram os encontros dos m\u00fasicos que come\u00e7aram a tocar nos gramados e nas entrequadras e ganharam os palcos de todo o Pa\u00eds. Para se ter uma ideia, pelo menos 26 bandas da cidade chegaram \u00e0s grandes gravadoras nos anos 80 e 90. Fora do Plano Piloto, Philippe Seabra diz que h\u00e1 espa\u00e7os que fazem parte da hist\u00f3ria em cidades como Guar\u00e1, em Taguatinga e no Gama, que receberam shows inaugurais dessas bandas.<\/p>\n\n\n\n<p><strong><span class=\"has-inline-color has-black-color\">Pertencimento<br><\/span><\/strong>Pesquisador pela Universidade de S\u00e3o Paulo (USP), o historiador Daniel Savillano estudou no doutorado o fen\u00f4meno do rock dos anos 1980. Ele explica que a capital foi influenciada por uma s\u00e9rie de conjunturas e que o rock passou a ser parte da identidade cultural da cidade.<br>&#8220;Essa circula\u00e7\u00e3o de ideias em Bras\u00edlia foi marcante tamb\u00e9m pela origem desses jovens, de classe m\u00e9dia. Essa \u00e9 uma constru\u00e7\u00e3o de capital do rock e isso faz parte da cultura nacional&#8221;. Para ele, o rock foi uma express\u00e3o da \u00e9poca que tem rela\u00e7\u00e3o com o momento hist\u00f3rico e precisa ser resgatada.<\/p>\n\n\n\n<blockquote class=\"wp-block-quote is-layout-flow wp-block-quote-is-layout-flow\"><p><span class=\"has-inline-color has-luminous-vivid-orange-color\">&#8220;A mem\u00f3ria, de fato, precisa ser preservada. Isso cria uma ideia de pertencimento. Afasta a ideia apenas de que Bras\u00edlia tem apenas pr\u00e9dios administrativos. Esse resgate de toda obra \u00e9 fundamental&#8221;.<\/span><\/p><\/blockquote>\n\n\n\n<p>Carmen Manfredini concorda que a iniciativa \u00e9 essencial. &#8220;Uma das caracter\u00edsticas do nosso Pa\u00eds \u00e9 n\u00e3o preservar. Mesmo que seja recente, a mem\u00f3ria se apaga. \u00c9 mais do que bem-vinda. Incentiva a educa\u00e7\u00e3o nos adolescentes e tamb\u00e9m nas crian\u00e7as sobre quem foram esses m\u00fasicos&#8221;. Philippe Seabra entende que a Rota do Rock poder\u00e1 mobilizar os atuais jovens roqueiros a se interessarem mais pelo legado daqueles que come\u00e7aram a construir essa hist\u00f3ria. Carmen Manfredini relata que <strong>\u00a0<a href=\"http:\/\/radios.ebc.com.br\/tags\/renato-russo-0\" target=\"_blank\" rel=\"noreferrer noopener\">Renato Russo<\/a>\u00a0<\/strong>foi um desses rapazes curiosos que procuravam endere\u00e7os e hist\u00f3rias para transformar em versos.<\/p>\n\n\n\n<blockquote class=\"wp-block-quote is-layout-flow wp-block-quote-is-layout-flow\"><p><span class=\"has-inline-color has-luminous-vivid-orange-color\">&#8220;As pesquisas do Renato eram nas ruas. Ele visitava as cidades-sat\u00e9lites e saiu daquela vida de menino privilegiado para contar hist\u00f3rias dos menos favorecidos, como ocorre em Faroeste Caboblo e Dezesseis. Ele conversava com as pessoas nas ruas. Dentro do quarto ele n\u00e3o iria descobrir. Foi assim que ele se transformou em poeta&#8221;.<\/span><\/p><\/blockquote>\n\n\n\n<p><strong><strong><a href=\"https:\/\/www.ebc.com.br\/especiais\/renato-russo\" target=\"_blank\" rel=\"noreferrer noopener\">Confira especial da EBC sobre Renato Russo<\/a><\/strong><\/strong><\/p>\n\n\n\n<p>Mas ela destaca que o local ic\u00f4nico na trajet\u00f3ria de Renato \u00e9 o bloco B da quadra 303, da Asa Sul. Inclusive, haver\u00e1 uma placa em frente ao pr\u00e9dio em que ele morava. Foi em seu quarto, de portas abertas, que ele viveu um sonho. &#8220;O menino imaginou uma banda fict\u00edcia. Imaginou-se um \u00eddolo e astro de rock. Era o mundo m\u00e1gico do menino Renato&#8221;. Mais um dos endere\u00e7os em que a mem\u00f3ria pulsa alto.<\/p>\n\n\n\n<figure class=\"wp-block-image size-large is-style-default\"><img loading=\"lazy\" decoding=\"async\" width=\"1000\" height=\"667\" src=\"https:\/\/jornalfatosenoticias.com.br\/wp-content\/uploads\/2021\/07\/rota-do-rock_mcamgo_abr-3.jpg\" alt=\"\" class=\"wp-image-20591\" srcset=\"https:\/\/jornalfatosenoticias.com.br\/wp-content\/uploads\/2021\/07\/rota-do-rock_mcamgo_abr-3.jpg 1000w, https:\/\/jornalfatosenoticias.com.br\/wp-content\/uploads\/2021\/07\/rota-do-rock_mcamgo_abr-3-300x200.jpg 300w, https:\/\/jornalfatosenoticias.com.br\/wp-content\/uploads\/2021\/07\/rota-do-rock_mcamgo_abr-3-768x512.jpg 768w\" sizes=\"auto, (max-width: 1000px) 100vw, 1000px\" \/><figcaption><em><span class=\"has-inline-color has-black-color\">O pr\u00e9dio onde morou Renato Russo \u00e9 um dos pontos da Rota do Rock (Foto: Marcelo Camargo\/Ag\u00eancia Brasil)<\/span><\/em><\/figcaption><\/figure>\n\n\n\n<h4 class=\"wp-block-heading\"><span class=\"has-inline-color has-black-color\">Onde estar\u00e3o as primeiras placas<\/span><\/h4>\n\n\n\n<p><strong><span class=\"has-inline-color has-black-color\">Torre de TV \u2014<\/span><\/strong> local onde v\u00e1rios grupos de rock da cidade se apresentaram ao longo dos anos.<\/p>\n\n\n\n<figure class=\"wp-block-image size-large is-style-default\"><img loading=\"lazy\" decoding=\"async\" width=\"1000\" height=\"667\" src=\"https:\/\/jornalfatosenoticias.com.br\/wp-content\/uploads\/2021\/07\/rota-do-rock_4.jpg\" alt=\"\" class=\"wp-image-20592\" srcset=\"https:\/\/jornalfatosenoticias.com.br\/wp-content\/uploads\/2021\/07\/rota-do-rock_4.jpg 1000w, https:\/\/jornalfatosenoticias.com.br\/wp-content\/uploads\/2021\/07\/rota-do-rock_4-300x200.jpg 300w, https:\/\/jornalfatosenoticias.com.br\/wp-content\/uploads\/2021\/07\/rota-do-rock_4-768x512.jpg 768w\" sizes=\"auto, (max-width: 1000px) 100vw, 1000px\" \/><figcaption><em><span class=\"has-inline-color has-black-color\">A Torre de TV de Bras\u00edlia receber\u00e1, neste 13 de julho, a primeira placa da Rota do Rock (Foto: Marcello Casal Jr\/Ag\u00eancia Brasil)<\/span><\/em><\/figcaption><\/figure>\n\n\n\n<p><strong><span class=\"has-inline-color has-black-color\">Upis \u2014<\/span><\/strong> faculdade particular de Bras\u00edlia que abrigou diversas apresenta\u00e7\u00f5es musicais, inclusive de rock.<\/p>\n\n\n\n<p><strong><span class=\"has-inline-color has-black-color\">QI 8 do Lago Norte \u2014<\/span><\/strong> resid\u00eancia de Philippe Seabra, era o QG da Plebe Rude.<\/p>\n\n\n\n<p><strong><span class=\"has-inline-color has-black-color\">Colina, na UnB \u2014<\/span><\/strong> ali os filhos dos professores universit\u00e1rios e estudantes da UnB se encontravam para tocar e compor. Foi embaixo do bloco A da Colina que nasceu o Aborto El\u00e9trico.<\/p>\n\n\n\n<figure class=\"wp-block-image size-large is-style-default\"><img loading=\"lazy\" decoding=\"async\" width=\"1000\" height=\"667\" src=\"https:\/\/jornalfatosenoticias.com.br\/wp-content\/uploads\/2021\/07\/rota-do-rock_mcamgo_5.jpg\" alt=\"\" class=\"wp-image-20593\" srcset=\"https:\/\/jornalfatosenoticias.com.br\/wp-content\/uploads\/2021\/07\/rota-do-rock_mcamgo_5.jpg 1000w, https:\/\/jornalfatosenoticias.com.br\/wp-content\/uploads\/2021\/07\/rota-do-rock_mcamgo_5-300x200.jpg 300w, https:\/\/jornalfatosenoticias.com.br\/wp-content\/uploads\/2021\/07\/rota-do-rock_mcamgo_5-768x512.jpg 768w\" sizes=\"auto, (max-width: 1000px) 100vw, 1000px\" \/><figcaption><em><span class=\"has-inline-color has-black-color\">A Colina, na Universidade de Bras\u00edlia, \u00e9 um dos pontos da Rota do Rock (Foto: Marcelo Camargo\/Ag\u00eancia Brasil)<\/span><\/em><\/figcaption><\/figure>\n\n\n\n<p><strong><span class=\"has-inline-color has-black-color\">Ed. R\u00e1dio Center \u2014<\/span><\/strong> era neste local que muitas das bandas da cidade ensaiavam. A rec\u00e9m-criada Legi\u00e3o Urbana dividia o aluguel de uma das salas com a Plebe Rude e o XXX.<\/p>\n\n\n\n<figure class=\"wp-block-image size-large is-style-default\"><img loading=\"lazy\" decoding=\"async\" width=\"1000\" height=\"667\" src=\"https:\/\/jornalfatosenoticias.com.br\/wp-content\/uploads\/2021\/07\/rota-do-rock_mcamgo_6.jpg\" alt=\"\" class=\"wp-image-20594\" srcset=\"https:\/\/jornalfatosenoticias.com.br\/wp-content\/uploads\/2021\/07\/rota-do-rock_mcamgo_6.jpg 1000w, https:\/\/jornalfatosenoticias.com.br\/wp-content\/uploads\/2021\/07\/rota-do-rock_mcamgo_6-300x200.jpg 300w, https:\/\/jornalfatosenoticias.com.br\/wp-content\/uploads\/2021\/07\/rota-do-rock_mcamgo_6-768x512.jpg 768w\" sizes=\"auto, (max-width: 1000px) 100vw, 1000px\" \/><figcaption><em><span class=\"has-inline-color has-black-color\">O edif\u00edcio R\u00e1dio Center \u00e9 um dos pontos da Rota do Rock (Foto: Marcelo Camargo\/Ag\u00eancia Brasil)<\/span><\/em><\/figcaption><\/figure>\n\n\n\n<p><strong><span class=\"has-inline-color has-black-color\">Esplanada dos Minist\u00e9rios \u2014<\/span><\/strong> os maiores shows da cidade acontecem na Esplanada dos Minist\u00e9rios, e v\u00e1rias bandas nacionais tocaram ali. Entre elas, o Capital Inicial, que gravou o DVD Multishow ao Vivo durante um show de anivers\u00e1rio de Bras\u00edlia, com mais de um milh\u00e3o de espectadores.<\/p>\n\n\n\n<figure class=\"wp-block-image size-large is-style-default\"><img loading=\"lazy\" decoding=\"async\" width=\"1000\" height=\"667\" src=\"https:\/\/jornalfatosenoticias.com.br\/wp-content\/uploads\/2021\/07\/rota-do-rock_7.jpg\" alt=\"\" class=\"wp-image-20595\" srcset=\"https:\/\/jornalfatosenoticias.com.br\/wp-content\/uploads\/2021\/07\/rota-do-rock_7.jpg 1000w, https:\/\/jornalfatosenoticias.com.br\/wp-content\/uploads\/2021\/07\/rota-do-rock_7-300x200.jpg 300w, https:\/\/jornalfatosenoticias.com.br\/wp-content\/uploads\/2021\/07\/rota-do-rock_7-768x512.jpg 768w\" sizes=\"auto, (max-width: 1000px) 100vw, 1000px\" \/><figcaption><em><span class=\"has-inline-color has-black-color\">Pal\u00e1cio do Congresso Nacional na Esplanada dos Minist\u00e9rios em Bras\u00edlia (Foto: F\u00e1bio Rodrigues Pozzebom\/Ag\u00eancia Brasil)<\/span><\/em><\/figcaption><\/figure>\n\n\n\n<p><strong><span class=\"has-inline-color has-black-color\">Est\u00e1dio Nacional Man\u00e9 Garrincha \u2014<\/span><\/strong> o \u00faltimo show da Legi\u00e3o Urbana em Bras\u00edlia, em 1988, aconteceu no antigo Man\u00e9 Garrincha, e foi interrompido por problemas de organiza\u00e7\u00e3o e confus\u00e3o generalizada.<\/p>\n\n\n\n<p><strong><span class=\"has-inline-color has-black-color\">Bloco B da 303 sul \u2014<\/span><\/strong> pr\u00e9dio onde morou Renato Russo, foi onde ele comp\u00f4s v\u00e1rias de suas can\u00e7\u00f5es e era ponto de encontro dos roqueiros.<\/p>\n\n\n\n<p><strong><span class=\"has-inline-color has-black-color\">Espa\u00e7o Cultural Renato Russo \u2014<\/span><\/strong> antigo Teatro Galp\u00e3ozinho (508 sul), era parada obrigat\u00f3ria para os artistas de Bras\u00edlia nas d\u00e9cadas de 1970 e 1980.<\/p>\n\n\n\n<figure class=\"wp-block-image size-large is-style-default\"><img loading=\"lazy\" decoding=\"async\" width=\"1000\" height=\"667\" src=\"https:\/\/jornalfatosenoticias.com.br\/wp-content\/uploads\/2021\/07\/rota-do-rock_mcamgo_8.jpg\" alt=\"\" class=\"wp-image-20596\" srcset=\"https:\/\/jornalfatosenoticias.com.br\/wp-content\/uploads\/2021\/07\/rota-do-rock_mcamgo_8.jpg 1000w, https:\/\/jornalfatosenoticias.com.br\/wp-content\/uploads\/2021\/07\/rota-do-rock_mcamgo_8-300x200.jpg 300w, https:\/\/jornalfatosenoticias.com.br\/wp-content\/uploads\/2021\/07\/rota-do-rock_mcamgo_8-768x512.jpg 768w\" sizes=\"auto, (max-width: 1000px) 100vw, 1000px\" \/><figcaption><em><span class=\"has-inline-color has-black-color\">O Centro Cultural Renato Russo \u00e9 um dos pontos da Rota do Rock (Foto: Marcelo Camargo\/Ag\u00eancia Brasil)<\/span><\/em><\/figcaption><\/figure>\n\n\n\n<p><strong><span class=\"has-inline-color has-black-color\">Entrequadra 110\/111 sul \u2014<\/span><\/strong> ali funcionava a lanchonete Food\u2019s e era onde as bandas \u2014 que subiam em caminh\u00f5es \u2014 costumavam se apresentar.<\/p>\n\n\n\n<p><strong><span class=\"has-inline-color has-black-color\">Centro de Conven\u00e7\u00f5es Ulysses Guimar\u00e3es \u2014 <\/span><\/strong>inaugurado em 1979, foi o palco que recebeu grandes shows de bandas nacionais e internacionais<\/p>\n\n\n\n<p><strong><span class=\"has-inline-color has-black-color\">Concha Ac\u00fastica de Bras\u00edlia \u2014<\/span><\/strong> projetada por Oscar Niemeyer, ali foi lan\u00e7ado o LP Rumores, em 1985, marcando o punk rock oriundo da capital.<\/p>\n\n\n\n<figure class=\"wp-block-image size-large is-style-default\"><img loading=\"lazy\" decoding=\"async\" width=\"1000\" height=\"667\" src=\"https:\/\/jornalfatosenoticias.com.br\/wp-content\/uploads\/2021\/07\/rota-do-rock_mcamgo_9.jpg\" alt=\"\" class=\"wp-image-20597\" srcset=\"https:\/\/jornalfatosenoticias.com.br\/wp-content\/uploads\/2021\/07\/rota-do-rock_mcamgo_9.jpg 1000w, https:\/\/jornalfatosenoticias.com.br\/wp-content\/uploads\/2021\/07\/rota-do-rock_mcamgo_9-300x200.jpg 300w, https:\/\/jornalfatosenoticias.com.br\/wp-content\/uploads\/2021\/07\/rota-do-rock_mcamgo_9-768x512.jpg 768w\" sizes=\"auto, (max-width: 1000px) 100vw, 1000px\" \/><figcaption><em><span class=\"has-inline-color has-black-color\">A Concha Ac\u00fastica \u00e9 um dos pontos da Rota do Rock (Foto: Marcelo Camargo\/Ag\u00eancia Brasil)<\/span><\/em><\/figcaption><\/figure>\n\n\n\n<p><strong><span class=\"has-inline-color has-black-color\">Centro Comercial Gilberto Salom\u00e3o, no Lago Sul \u2014<\/span><\/strong> local que recebeu o primeiro show do Aborto El\u00e9trico, em 1980.<\/p>\n\n\n\n<p><strong><span class=\"has-inline-color has-black-color\">QI 9 do Lago Sul\u200b \u2014 <\/span><\/strong>onde fica a casa do Dig\u00e3o, que tocava com seu vizinho Rodolfo e tornou-se local de ensaio da banda Raimundos, surgida em 1986.<\/p>\n\n\n\n<p><strong><span class=\"has-inline-color has-black-color\">Ermida Dom Bosco \u2014<\/span><\/strong> no gramado \u00e0s margens do lago Parano\u00e1 aconteciam v\u00e1rios shows de rock, entre eles a grava\u00e7\u00e3o do DVD Rachando Concreto ao vivo, da Plebe Rude.<\/p>\n\n\n\n<p><strong><em>Fonte: <a href=\"https:\/\/agenciabrasil.ebc.com.br\/geral\/noticia\/2021-07\/dia-do-rock-memoria-vai-tocar-na-capital\">Ag\u00eancia Brasil<\/a><\/em><\/strong><\/p>\n","protected":false},"excerpt":{"rendered":"<p>Projeto imortaliza locais marcantes do DF onde a guitarra soou alto Guitarras, baterias, sons e emo\u00e7\u00f5es no \u00faltimo volume. \u201cImagine ficar no exato local onde come\u00e7aram as bandas Aborto El\u00e9trico, Legi\u00e3o Urbana, Capital Inicial, Plebe Rude\u2026 Imagine saber o endere\u00e7o onde come\u00e7ou aquela hist\u00f3ria\u201d. A imagina\u00e7\u00e3o do m\u00fasico Philippe Seabra, guitarrista de Plebe Rude, foi [&hellip;]<\/p>\n","protected":false},"author":2,"featured_media":20598,"comment_status":"open","ping_status":"open","sticky":false,"template":"","format":"standard","meta":{"footnotes":""},"categories":[4],"tags":[10096,10095,1865,10097,10099,10098],"class_list":["post-20588","post","type-post","status-publish","format-standard","has-post-thumbnail","hentry","category-cultura","tag-bandas-de-rock","tag-bandas-nacionais","tag-brasilia","tag-dia-mundial-do-rock","tag-rock","tag-rota-do-rock"],"yoast_head":"<!-- This site is optimized with the Yoast SEO plugin v26.5 - https:\/\/yoast.com\/wordpress\/plugins\/seo\/ -->\n<title>No Dia do Rock, Bras\u00edlia resgata mem\u00f3rias do ritmo em rota tur\u00edstica - Jornal Fatos e Not\u00edcias<\/title>\n<meta name=\"robots\" content=\"index, follow, max-snippet:-1, max-image-preview:large, max-video-preview:-1\" \/>\n<link rel=\"canonical\" href=\"https:\/\/jornalfatosenoticias.com.br\/index.php\/2021\/07\/13\/no-dia-do-rock-brasilia-resgata-memorias-do-ritmo-em-rota-turistica\/\" \/>\n<meta property=\"og:locale\" content=\"pt_BR\" \/>\n<meta property=\"og:type\" content=\"article\" \/>\n<meta property=\"og:title\" content=\"No Dia do Rock, Bras\u00edlia resgata mem\u00f3rias do ritmo em rota tur\u00edstica - Jornal Fatos e Not\u00edcias\" \/>\n<meta property=\"og:description\" content=\"Projeto imortaliza locais marcantes do DF onde a guitarra soou alto Guitarras, baterias, sons e emo\u00e7\u00f5es no \u00faltimo volume. \u201cImagine ficar no exato local onde come\u00e7aram as bandas Aborto El\u00e9trico, Legi\u00e3o Urbana, Capital Inicial, Plebe Rude\u2026 Imagine saber o endere\u00e7o onde come\u00e7ou aquela hist\u00f3ria\u201d. A imagina\u00e7\u00e3o do m\u00fasico Philippe Seabra, guitarrista de Plebe Rude, foi [&hellip;]\" \/>\n<meta property=\"og:url\" content=\"https:\/\/jornalfatosenoticias.com.br\/index.php\/2021\/07\/13\/no-dia-do-rock-brasilia-resgata-memorias-do-ritmo-em-rota-turistica\/\" \/>\n<meta property=\"og:site_name\" content=\"Jornal Fatos e Not\u00edcias\" \/>\n<meta property=\"article:published_time\" content=\"2021-07-13T12:28:53+00:00\" \/>\n<meta property=\"article:modified_time\" content=\"2021-07-13T12:28:57+00:00\" \/>\n<meta property=\"og:image\" content=\"https:\/\/jornalfatosenoticias.com.br\/wp-content\/uploads\/2021\/07\/rota-do-rock_mcamgo_abr_1.jpg\" \/>\n\t<meta property=\"og:image:width\" content=\"1000\" \/>\n\t<meta property=\"og:image:height\" content=\"598\" \/>\n\t<meta property=\"og:image:type\" content=\"image\/jpeg\" \/>\n<meta name=\"author\" content=\"Luzimara Fernandes\" \/>\n<meta name=\"twitter:card\" content=\"summary_large_image\" \/>\n<meta name=\"twitter:label1\" content=\"Escrito por\" \/>\n\t<meta name=\"twitter:data1\" content=\"Luzimara Fernandes\" \/>\n\t<meta name=\"twitter:label2\" content=\"Est. tempo de leitura\" \/>\n\t<meta name=\"twitter:data2\" content=\"8 minutos\" \/>\n<script type=\"application\/ld+json\" class=\"yoast-schema-graph\">{\"@context\":\"https:\/\/schema.org\",\"@graph\":[{\"@type\":\"Article\",\"@id\":\"https:\/\/jornalfatosenoticias.com.br\/index.php\/2021\/07\/13\/no-dia-do-rock-brasilia-resgata-memorias-do-ritmo-em-rota-turistica\/#article\",\"isPartOf\":{\"@id\":\"https:\/\/jornalfatosenoticias.com.br\/index.php\/2021\/07\/13\/no-dia-do-rock-brasilia-resgata-memorias-do-ritmo-em-rota-turistica\/\"},\"author\":{\"name\":\"Luzimara Fernandes\",\"@id\":\"https:\/\/jornalfatosenoticias.com.br\/#\/schema\/person\/d63837fa13ac8666eb9e74e0985d6f81\"},\"headline\":\"No Dia do Rock, Bras\u00edlia resgata mem\u00f3rias do ritmo em rota tur\u00edstica\",\"datePublished\":\"2021-07-13T12:28:53+00:00\",\"dateModified\":\"2021-07-13T12:28:57+00:00\",\"mainEntityOfPage\":{\"@id\":\"https:\/\/jornalfatosenoticias.com.br\/index.php\/2021\/07\/13\/no-dia-do-rock-brasilia-resgata-memorias-do-ritmo-em-rota-turistica\/\"},\"wordCount\":1624,\"commentCount\":0,\"publisher\":{\"@id\":\"https:\/\/jornalfatosenoticias.com.br\/#organization\"},\"image\":{\"@id\":\"https:\/\/jornalfatosenoticias.com.br\/index.php\/2021\/07\/13\/no-dia-do-rock-brasilia-resgata-memorias-do-ritmo-em-rota-turistica\/#primaryimage\"},\"thumbnailUrl\":\"https:\/\/jornalfatosenoticias.com.br\/wp-content\/uploads\/2021\/07\/rota-do-rock_mcamgo_abr_1.jpg\",\"keywords\":[\"bandas de rock\",\"bandas nacionais\",\"Bras\u00edlia\",\"Dia Mundial do Rock\",\"rock\",\"Rota do Rock\"],\"articleSection\":[\"Cultura\"],\"inLanguage\":\"pt-BR\",\"potentialAction\":[{\"@type\":\"CommentAction\",\"name\":\"Comment\",\"target\":[\"https:\/\/jornalfatosenoticias.com.br\/index.php\/2021\/07\/13\/no-dia-do-rock-brasilia-resgata-memorias-do-ritmo-em-rota-turistica\/#respond\"]}]},{\"@type\":\"WebPage\",\"@id\":\"https:\/\/jornalfatosenoticias.com.br\/index.php\/2021\/07\/13\/no-dia-do-rock-brasilia-resgata-memorias-do-ritmo-em-rota-turistica\/\",\"url\":\"https:\/\/jornalfatosenoticias.com.br\/index.php\/2021\/07\/13\/no-dia-do-rock-brasilia-resgata-memorias-do-ritmo-em-rota-turistica\/\",\"name\":\"No Dia do Rock, Bras\u00edlia resgata mem\u00f3rias do ritmo em rota tur\u00edstica - Jornal Fatos e Not\u00edcias\",\"isPartOf\":{\"@id\":\"https:\/\/jornalfatosenoticias.com.br\/#website\"},\"primaryImageOfPage\":{\"@id\":\"https:\/\/jornalfatosenoticias.com.br\/index.php\/2021\/07\/13\/no-dia-do-rock-brasilia-resgata-memorias-do-ritmo-em-rota-turistica\/#primaryimage\"},\"image\":{\"@id\":\"https:\/\/jornalfatosenoticias.com.br\/index.php\/2021\/07\/13\/no-dia-do-rock-brasilia-resgata-memorias-do-ritmo-em-rota-turistica\/#primaryimage\"},\"thumbnailUrl\":\"https:\/\/jornalfatosenoticias.com.br\/wp-content\/uploads\/2021\/07\/rota-do-rock_mcamgo_abr_1.jpg\",\"datePublished\":\"2021-07-13T12:28:53+00:00\",\"dateModified\":\"2021-07-13T12:28:57+00:00\",\"breadcrumb\":{\"@id\":\"https:\/\/jornalfatosenoticias.com.br\/index.php\/2021\/07\/13\/no-dia-do-rock-brasilia-resgata-memorias-do-ritmo-em-rota-turistica\/#breadcrumb\"},\"inLanguage\":\"pt-BR\",\"potentialAction\":[{\"@type\":\"ReadAction\",\"target\":[\"https:\/\/jornalfatosenoticias.com.br\/index.php\/2021\/07\/13\/no-dia-do-rock-brasilia-resgata-memorias-do-ritmo-em-rota-turistica\/\"]}]},{\"@type\":\"ImageObject\",\"inLanguage\":\"pt-BR\",\"@id\":\"https:\/\/jornalfatosenoticias.com.br\/index.php\/2021\/07\/13\/no-dia-do-rock-brasilia-resgata-memorias-do-ritmo-em-rota-turistica\/#primaryimage\",\"url\":\"https:\/\/jornalfatosenoticias.com.br\/wp-content\/uploads\/2021\/07\/rota-do-rock_mcamgo_abr_1.jpg\",\"contentUrl\":\"https:\/\/jornalfatosenoticias.com.br\/wp-content\/uploads\/2021\/07\/rota-do-rock_mcamgo_abr_1.jpg\",\"width\":1000,\"height\":598,\"caption\":\"O pr\u00e9dio onde morou Renato Russo \u00e9 um dos pontos da Rota do Rock.\"},{\"@type\":\"BreadcrumbList\",\"@id\":\"https:\/\/jornalfatosenoticias.com.br\/index.php\/2021\/07\/13\/no-dia-do-rock-brasilia-resgata-memorias-do-ritmo-em-rota-turistica\/#breadcrumb\",\"itemListElement\":[{\"@type\":\"ListItem\",\"position\":1,\"name\":\"In\u00edcio\",\"item\":\"https:\/\/jornalfatosenoticias.com.br\/\"},{\"@type\":\"ListItem\",\"position\":2,\"name\":\"No Dia do Rock, Bras\u00edlia resgata mem\u00f3rias do ritmo em rota tur\u00edstica\"}]},{\"@type\":\"WebSite\",\"@id\":\"https:\/\/jornalfatosenoticias.com.br\/#website\",\"url\":\"https:\/\/jornalfatosenoticias.com.br\/\",\"name\":\"Jornal Fatos e Not\u00edcias\",\"description\":\"Not\u00edcias em geral\",\"publisher\":{\"@id\":\"https:\/\/jornalfatosenoticias.com.br\/#organization\"},\"potentialAction\":[{\"@type\":\"SearchAction\",\"target\":{\"@type\":\"EntryPoint\",\"urlTemplate\":\"https:\/\/jornalfatosenoticias.com.br\/?s={search_term_string}\"},\"query-input\":{\"@type\":\"PropertyValueSpecification\",\"valueRequired\":true,\"valueName\":\"search_term_string\"}}],\"inLanguage\":\"pt-BR\"},{\"@type\":\"Organization\",\"@id\":\"https:\/\/jornalfatosenoticias.com.br\/#organization\",\"name\":\"Jornal Fatos e Not\u00edcias\",\"url\":\"https:\/\/jornalfatosenoticias.com.br\/\",\"logo\":{\"@type\":\"ImageObject\",\"inLanguage\":\"pt-BR\",\"@id\":\"https:\/\/jornalfatosenoticias.com.br\/#\/schema\/logo\/image\/\",\"url\":\"https:\/\/jornalfatosenoticias.com.br\/wp-content\/uploads\/2020\/02\/logo120.png\",\"contentUrl\":\"https:\/\/jornalfatosenoticias.com.br\/wp-content\/uploads\/2020\/02\/logo120.png\",\"width\":1227,\"height\":120,\"caption\":\"Jornal Fatos e Not\u00edcias\"},\"image\":{\"@id\":\"https:\/\/jornalfatosenoticias.com.br\/#\/schema\/logo\/image\/\"}},{\"@type\":\"Person\",\"@id\":\"https:\/\/jornalfatosenoticias.com.br\/#\/schema\/person\/d63837fa13ac8666eb9e74e0985d6f81\",\"name\":\"Luzimara Fernandes\",\"image\":{\"@type\":\"ImageObject\",\"inLanguage\":\"pt-BR\",\"@id\":\"https:\/\/jornalfatosenoticias.com.br\/#\/schema\/person\/image\/\",\"url\":\"https:\/\/jornalfatosenoticias.com.br\/wp-content\/uploads\/2025\/05\/EU_portal.jpg\",\"contentUrl\":\"https:\/\/jornalfatosenoticias.com.br\/wp-content\/uploads\/2025\/05\/EU_portal.jpg\",\"caption\":\"Luzimara Fernandes\"},\"description\":\"Jornalista MTB 2358-ES\",\"sameAs\":[\"https:\/\/jornalfatosenoticias.com.br\"],\"url\":\"https:\/\/jornalfatosenoticias.com.br\/index.php\/author\/luzimara\/\"}]}<\/script>\n<!-- \/ Yoast SEO plugin. -->","yoast_head_json":{"title":"No Dia do Rock, Bras\u00edlia resgata mem\u00f3rias do ritmo em rota tur\u00edstica - Jornal Fatos e Not\u00edcias","robots":{"index":"index","follow":"follow","max-snippet":"max-snippet:-1","max-image-preview":"max-image-preview:large","max-video-preview":"max-video-preview:-1"},"canonical":"https:\/\/jornalfatosenoticias.com.br\/index.php\/2021\/07\/13\/no-dia-do-rock-brasilia-resgata-memorias-do-ritmo-em-rota-turistica\/","og_locale":"pt_BR","og_type":"article","og_title":"No Dia do Rock, Bras\u00edlia resgata mem\u00f3rias do ritmo em rota tur\u00edstica - Jornal Fatos e Not\u00edcias","og_description":"Projeto imortaliza locais marcantes do DF onde a guitarra soou alto Guitarras, baterias, sons e emo\u00e7\u00f5es no \u00faltimo volume. \u201cImagine ficar no exato local onde come\u00e7aram as bandas Aborto El\u00e9trico, Legi\u00e3o Urbana, Capital Inicial, Plebe Rude\u2026 Imagine saber o endere\u00e7o onde come\u00e7ou aquela hist\u00f3ria\u201d. A imagina\u00e7\u00e3o do m\u00fasico Philippe Seabra, guitarrista de Plebe Rude, foi [&hellip;]","og_url":"https:\/\/jornalfatosenoticias.com.br\/index.php\/2021\/07\/13\/no-dia-do-rock-brasilia-resgata-memorias-do-ritmo-em-rota-turistica\/","og_site_name":"Jornal Fatos e Not\u00edcias","article_published_time":"2021-07-13T12:28:53+00:00","article_modified_time":"2021-07-13T12:28:57+00:00","og_image":[{"width":1000,"height":598,"url":"https:\/\/jornalfatosenoticias.com.br\/wp-content\/uploads\/2021\/07\/rota-do-rock_mcamgo_abr_1.jpg","type":"image\/jpeg"}],"author":"Luzimara Fernandes","twitter_card":"summary_large_image","twitter_misc":{"Escrito por":"Luzimara Fernandes","Est. tempo de leitura":"8 minutos"},"schema":{"@context":"https:\/\/schema.org","@graph":[{"@type":"Article","@id":"https:\/\/jornalfatosenoticias.com.br\/index.php\/2021\/07\/13\/no-dia-do-rock-brasilia-resgata-memorias-do-ritmo-em-rota-turistica\/#article","isPartOf":{"@id":"https:\/\/jornalfatosenoticias.com.br\/index.php\/2021\/07\/13\/no-dia-do-rock-brasilia-resgata-memorias-do-ritmo-em-rota-turistica\/"},"author":{"name":"Luzimara Fernandes","@id":"https:\/\/jornalfatosenoticias.com.br\/#\/schema\/person\/d63837fa13ac8666eb9e74e0985d6f81"},"headline":"No Dia do Rock, Bras\u00edlia resgata mem\u00f3rias do ritmo em rota tur\u00edstica","datePublished":"2021-07-13T12:28:53+00:00","dateModified":"2021-07-13T12:28:57+00:00","mainEntityOfPage":{"@id":"https:\/\/jornalfatosenoticias.com.br\/index.php\/2021\/07\/13\/no-dia-do-rock-brasilia-resgata-memorias-do-ritmo-em-rota-turistica\/"},"wordCount":1624,"commentCount":0,"publisher":{"@id":"https:\/\/jornalfatosenoticias.com.br\/#organization"},"image":{"@id":"https:\/\/jornalfatosenoticias.com.br\/index.php\/2021\/07\/13\/no-dia-do-rock-brasilia-resgata-memorias-do-ritmo-em-rota-turistica\/#primaryimage"},"thumbnailUrl":"https:\/\/jornalfatosenoticias.com.br\/wp-content\/uploads\/2021\/07\/rota-do-rock_mcamgo_abr_1.jpg","keywords":["bandas de rock","bandas nacionais","Bras\u00edlia","Dia Mundial do Rock","rock","Rota do Rock"],"articleSection":["Cultura"],"inLanguage":"pt-BR","potentialAction":[{"@type":"CommentAction","name":"Comment","target":["https:\/\/jornalfatosenoticias.com.br\/index.php\/2021\/07\/13\/no-dia-do-rock-brasilia-resgata-memorias-do-ritmo-em-rota-turistica\/#respond"]}]},{"@type":"WebPage","@id":"https:\/\/jornalfatosenoticias.com.br\/index.php\/2021\/07\/13\/no-dia-do-rock-brasilia-resgata-memorias-do-ritmo-em-rota-turistica\/","url":"https:\/\/jornalfatosenoticias.com.br\/index.php\/2021\/07\/13\/no-dia-do-rock-brasilia-resgata-memorias-do-ritmo-em-rota-turistica\/","name":"No Dia do Rock, Bras\u00edlia resgata mem\u00f3rias do ritmo em rota tur\u00edstica - Jornal Fatos e Not\u00edcias","isPartOf":{"@id":"https:\/\/jornalfatosenoticias.com.br\/#website"},"primaryImageOfPage":{"@id":"https:\/\/jornalfatosenoticias.com.br\/index.php\/2021\/07\/13\/no-dia-do-rock-brasilia-resgata-memorias-do-ritmo-em-rota-turistica\/#primaryimage"},"image":{"@id":"https:\/\/jornalfatosenoticias.com.br\/index.php\/2021\/07\/13\/no-dia-do-rock-brasilia-resgata-memorias-do-ritmo-em-rota-turistica\/#primaryimage"},"thumbnailUrl":"https:\/\/jornalfatosenoticias.com.br\/wp-content\/uploads\/2021\/07\/rota-do-rock_mcamgo_abr_1.jpg","datePublished":"2021-07-13T12:28:53+00:00","dateModified":"2021-07-13T12:28:57+00:00","breadcrumb":{"@id":"https:\/\/jornalfatosenoticias.com.br\/index.php\/2021\/07\/13\/no-dia-do-rock-brasilia-resgata-memorias-do-ritmo-em-rota-turistica\/#breadcrumb"},"inLanguage":"pt-BR","potentialAction":[{"@type":"ReadAction","target":["https:\/\/jornalfatosenoticias.com.br\/index.php\/2021\/07\/13\/no-dia-do-rock-brasilia-resgata-memorias-do-ritmo-em-rota-turistica\/"]}]},{"@type":"ImageObject","inLanguage":"pt-BR","@id":"https:\/\/jornalfatosenoticias.com.br\/index.php\/2021\/07\/13\/no-dia-do-rock-brasilia-resgata-memorias-do-ritmo-em-rota-turistica\/#primaryimage","url":"https:\/\/jornalfatosenoticias.com.br\/wp-content\/uploads\/2021\/07\/rota-do-rock_mcamgo_abr_1.jpg","contentUrl":"https:\/\/jornalfatosenoticias.com.br\/wp-content\/uploads\/2021\/07\/rota-do-rock_mcamgo_abr_1.jpg","width":1000,"height":598,"caption":"O pr\u00e9dio onde morou Renato Russo \u00e9 um dos pontos da Rota do Rock."},{"@type":"BreadcrumbList","@id":"https:\/\/jornalfatosenoticias.com.br\/index.php\/2021\/07\/13\/no-dia-do-rock-brasilia-resgata-memorias-do-ritmo-em-rota-turistica\/#breadcrumb","itemListElement":[{"@type":"ListItem","position":1,"name":"In\u00edcio","item":"https:\/\/jornalfatosenoticias.com.br\/"},{"@type":"ListItem","position":2,"name":"No Dia do Rock, Bras\u00edlia resgata mem\u00f3rias do ritmo em rota tur\u00edstica"}]},{"@type":"WebSite","@id":"https:\/\/jornalfatosenoticias.com.br\/#website","url":"https:\/\/jornalfatosenoticias.com.br\/","name":"Jornal Fatos e Not\u00edcias","description":"Not\u00edcias em geral","publisher":{"@id":"https:\/\/jornalfatosenoticias.com.br\/#organization"},"potentialAction":[{"@type":"SearchAction","target":{"@type":"EntryPoint","urlTemplate":"https:\/\/jornalfatosenoticias.com.br\/?s={search_term_string}"},"query-input":{"@type":"PropertyValueSpecification","valueRequired":true,"valueName":"search_term_string"}}],"inLanguage":"pt-BR"},{"@type":"Organization","@id":"https:\/\/jornalfatosenoticias.com.br\/#organization","name":"Jornal Fatos e Not\u00edcias","url":"https:\/\/jornalfatosenoticias.com.br\/","logo":{"@type":"ImageObject","inLanguage":"pt-BR","@id":"https:\/\/jornalfatosenoticias.com.br\/#\/schema\/logo\/image\/","url":"https:\/\/jornalfatosenoticias.com.br\/wp-content\/uploads\/2020\/02\/logo120.png","contentUrl":"https:\/\/jornalfatosenoticias.com.br\/wp-content\/uploads\/2020\/02\/logo120.png","width":1227,"height":120,"caption":"Jornal Fatos e Not\u00edcias"},"image":{"@id":"https:\/\/jornalfatosenoticias.com.br\/#\/schema\/logo\/image\/"}},{"@type":"Person","@id":"https:\/\/jornalfatosenoticias.com.br\/#\/schema\/person\/d63837fa13ac8666eb9e74e0985d6f81","name":"Luzimara Fernandes","image":{"@type":"ImageObject","inLanguage":"pt-BR","@id":"https:\/\/jornalfatosenoticias.com.br\/#\/schema\/person\/image\/","url":"https:\/\/jornalfatosenoticias.com.br\/wp-content\/uploads\/2025\/05\/EU_portal.jpg","contentUrl":"https:\/\/jornalfatosenoticias.com.br\/wp-content\/uploads\/2025\/05\/EU_portal.jpg","caption":"Luzimara Fernandes"},"description":"Jornalista MTB 2358-ES","sameAs":["https:\/\/jornalfatosenoticias.com.br"],"url":"https:\/\/jornalfatosenoticias.com.br\/index.php\/author\/luzimara\/"}]}},"cc_featured_image_caption":{"caption_text":"(Foto: Marcelo Camargo\/Ag\u00eancia Brasil) ","source_text":"","source_url":""},"jetpack_featured_media_url":"https:\/\/jornalfatosenoticias.com.br\/wp-content\/uploads\/2021\/07\/rota-do-rock_mcamgo_abr_1.jpg","_links":{"self":[{"href":"https:\/\/jornalfatosenoticias.com.br\/index.php\/wp-json\/wp\/v2\/posts\/20588","targetHints":{"allow":["GET"]}}],"collection":[{"href":"https:\/\/jornalfatosenoticias.com.br\/index.php\/wp-json\/wp\/v2\/posts"}],"about":[{"href":"https:\/\/jornalfatosenoticias.com.br\/index.php\/wp-json\/wp\/v2\/types\/post"}],"author":[{"embeddable":true,"href":"https:\/\/jornalfatosenoticias.com.br\/index.php\/wp-json\/wp\/v2\/users\/2"}],"replies":[{"embeddable":true,"href":"https:\/\/jornalfatosenoticias.com.br\/index.php\/wp-json\/wp\/v2\/comments?post=20588"}],"version-history":[{"count":0,"href":"https:\/\/jornalfatosenoticias.com.br\/index.php\/wp-json\/wp\/v2\/posts\/20588\/revisions"}],"wp:featuredmedia":[{"embeddable":true,"href":"https:\/\/jornalfatosenoticias.com.br\/index.php\/wp-json\/wp\/v2\/media\/20598"}],"wp:attachment":[{"href":"https:\/\/jornalfatosenoticias.com.br\/index.php\/wp-json\/wp\/v2\/media?parent=20588"}],"wp:term":[{"taxonomy":"category","embeddable":true,"href":"https:\/\/jornalfatosenoticias.com.br\/index.php\/wp-json\/wp\/v2\/categories?post=20588"},{"taxonomy":"post_tag","embeddable":true,"href":"https:\/\/jornalfatosenoticias.com.br\/index.php\/wp-json\/wp\/v2\/tags?post=20588"}],"curies":[{"name":"wp","href":"https:\/\/api.w.org\/{rel}","templated":true}]}}