{"id":20600,"date":"2021-07-13T09:41:33","date_gmt":"2021-07-13T12:41:33","guid":{"rendered":"https:\/\/jornalfatosenoticias.com.br\/?p=20600"},"modified":"2021-07-13T09:41:34","modified_gmt":"2021-07-13T12:41:34","slug":"aventura-nas-pedras-branca-e-boa-vista","status":"publish","type":"post","link":"https:\/\/jornalfatosenoticias.com.br\/index.php\/2021\/07\/13\/aventura-nas-pedras-branca-e-boa-vista\/","title":{"rendered":"Aventura nas Pedras Branca e Boa Vista"},"content":{"rendered":"\n<p>A aventura do \u00faltimo s\u00e1bado (10) foi com um grupo de amigos muito legal de Jardim Camburi. Subimos a Pedra Branca, com 371 metros de altitude e, na descida, passamos pela Pedra Boa Vista, com 300 metros, ambas comp\u00f5em o relevo da \u00c1rea de Prote\u00e7\u00e3o Ambiental (APA) Mestre \u00c1lvaro e s\u00e3o visitadas por montanhistas e apreciadores da natureza.<br>Com vistas de tirar o f\u00f4lego e trilhas com grau moderado de dificuldade, a aventura pode ser praticada at\u00e9 mesmo por crian\u00e7as, segundo o experiente guia Marcos Santana. \u201cEssas pedras s\u00e3o prop\u00edcias para iniciantes, s\u00e3o f\u00e1ceis de subir e pode ser feita com uma hora e meia, tranquilamente. \u00c9 importante frisar que devemos sempre respeitar os limites e consumir bastante \u00e1gua\u201d. Marcos aproveita para chamar a aten\u00e7\u00e3o dos visitantes desatentos, \u201cmuito deles sobem e deixam o lixo que produzem no caminho, basta levar uma sacolinha para, quando descer, descart\u00e1-lo ao chegar em casa\u201d, orientou Santana, como \u00e9 mais conhecido.<br>A \u00c1rea de Prote\u00e7\u00e3o Ambiental Mestre \u00c1lvaro fica localizada no munic\u00edpio da Serra, estado do Esp\u00edrito Santo, Brasil.<\/p>\n\n\n\n<div class=\"wp-block-group\"><div class=\"wp-block-group__inner-container is-layout-flow wp-block-group-is-layout-flow\">\n<div class=\"wp-block-jetpack-tiled-gallery aligncenter is-style-columns\"><div class=\"tiled-gallery__gallery\"><div class=\"tiled-gallery__row\"><div class=\"tiled-gallery__col\" style=\"flex-basis:24.442677120448923%\"><figure class=\"tiled-gallery__item\"><img decoding=\"async\" alt=\"\" data-height=\"750\" data-id=\"20602\" data-link=\"https:\/\/jornalfatosenoticias.com.br\/?attachment_id=20602\" data-url=\"https:\/\/jornalfatosenoticias.com.br\/wp-content\/uploads\/2021\/07\/Pedra-3.jpg\" data-width=\"1000\" src=\"https:\/\/i0.wp.com\/jornalfatosenoticias.com.br\/wp-content\/uploads\/2021\/07\/Pedra-3.jpg?ssl=1\" layout=\"responsive\"\/><\/figure><figure class=\"tiled-gallery__item\"><img decoding=\"async\" alt=\"\" data-height=\"741\" data-id=\"20603\" data-link=\"https:\/\/jornalfatosenoticias.com.br\/?attachment_id=20603\" data-url=\"https:\/\/jornalfatosenoticias.com.br\/wp-content\/uploads\/2021\/07\/Pedra-6.jpg\" data-width=\"1000\" src=\"https:\/\/i2.wp.com\/jornalfatosenoticias.com.br\/wp-content\/uploads\/2021\/07\/Pedra-6.jpg?ssl=1\" layout=\"responsive\"\/><\/figure><\/div><div class=\"tiled-gallery__col\" style=\"flex-basis:26.588597655200935%\"><figure class=\"tiled-gallery__item\"><img decoding=\"async\" alt=\"\" data-height=\"687\" data-id=\"20604\" data-link=\"https:\/\/jornalfatosenoticias.com.br\/?attachment_id=20604\" data-url=\"https:\/\/jornalfatosenoticias.com.br\/wp-content\/uploads\/2021\/07\/Pedra-02.jpg\" data-width=\"1000\" src=\"https:\/\/i0.wp.com\/jornalfatosenoticias.com.br\/wp-content\/uploads\/2021\/07\/Pedra-02.jpg?ssl=1\" layout=\"responsive\"\/><\/figure><figure class=\"tiled-gallery__item\"><img decoding=\"async\" alt=\"\" data-height=\"681\" data-id=\"20605\" data-link=\"https:\/\/jornalfatosenoticias.com.br\/?attachment_id=20605\" data-url=\"https:\/\/jornalfatosenoticias.com.br\/wp-content\/uploads\/2021\/07\/Pedra-04.jpg\" data-width=\"1000\" src=\"https:\/\/i1.wp.com\/jornalfatosenoticias.com.br\/wp-content\/uploads\/2021\/07\/Pedra-04.jpg?ssl=1\" layout=\"responsive\"\/><\/figure><\/div><div class=\"tiled-gallery__col\" style=\"flex-basis:48.968725224350145%\"><figure class=\"tiled-gallery__item\"><img decoding=\"async\" alt=\"\" data-height=\"750\" data-id=\"20606\" data-link=\"https:\/\/jornalfatosenoticias.com.br\/?attachment_id=20606\" data-url=\"https:\/\/jornalfatosenoticias.com.br\/wp-content\/uploads\/2021\/07\/Pedra-01.jpg\" data-width=\"1000\" src=\"https:\/\/i0.wp.com\/jornalfatosenoticias.com.br\/wp-content\/uploads\/2021\/07\/Pedra-01.jpg?ssl=1\" layout=\"responsive\"\/><\/figure><\/div><\/div><\/div><\/div>\n<\/div><\/div>\n\n\n\n<p><em><span class=\"has-inline-color has-black-color\">(Fotos: Haroldo Cordeiro Filho)<\/span><\/em><\/p>\n","protected":false},"excerpt":{"rendered":"<p>A aventura do \u00faltimo s\u00e1bado (10) foi com um grupo de amigos muito legal de Jardim Camburi. Subimos a Pedra Branca, com 371 metros de altitude e, na descida, passamos pela Pedra Boa Vista, com 300 metros, ambas comp\u00f5em o relevo da \u00c1rea de Prote\u00e7\u00e3o Ambiental (APA) Mestre \u00c1lvaro e s\u00e3o visitadas por montanhistas e [&hellip;]<\/p>\n","protected":false},"author":3,"featured_media":20601,"comment_status":"open","ping_status":"open","sticky":false,"template":"","format":"standard","meta":{"footnotes":""},"categories":[746],"tags":[10102,432,655,10101,10100],"class_list":["post-20600","post","type-post","status-publish","format-standard","has-post-thumbnail","hentry","category-turismo","tag-apa-mestre-alvaro","tag-aventura","tag-natureza","tag-pedra-boa-vista","tag-pedra-branca"],"yoast_head":"<!-- This site is optimized with the Yoast SEO plugin v26.5 - https:\/\/yoast.com\/wordpress\/plugins\/seo\/ -->\n<title>Aventura nas Pedras Branca e Boa Vista - Jornal Fatos e Not\u00edcias<\/title>\n<meta name=\"robots\" content=\"index, follow, max-snippet:-1, max-image-preview:large, max-video-preview:-1\" \/>\n<link rel=\"canonical\" href=\"https:\/\/jornalfatosenoticias.com.br\/index.php\/2021\/07\/13\/aventura-nas-pedras-branca-e-boa-vista\/\" \/>\n<meta property=\"og:locale\" content=\"pt_BR\" \/>\n<meta property=\"og:type\" content=\"article\" \/>\n<meta property=\"og:title\" content=\"Aventura nas Pedras Branca e Boa Vista - Jornal Fatos e Not\u00edcias\" \/>\n<meta property=\"og:description\" content=\"A aventura do \u00faltimo s\u00e1bado (10) foi com um grupo de amigos muito legal de Jardim Camburi. Subimos a Pedra Branca, com 371 metros de altitude e, na descida, passamos pela Pedra Boa Vista, com 300 metros, ambas comp\u00f5em o relevo da \u00c1rea de Prote\u00e7\u00e3o Ambiental (APA) Mestre \u00c1lvaro e s\u00e3o visitadas por montanhistas e [&hellip;]\" \/>\n<meta property=\"og:url\" content=\"https:\/\/jornalfatosenoticias.com.br\/index.php\/2021\/07\/13\/aventura-nas-pedras-branca-e-boa-vista\/\" \/>\n<meta property=\"og:site_name\" content=\"Jornal Fatos e Not\u00edcias\" \/>\n<meta property=\"article:published_time\" content=\"2021-07-13T12:41:33+00:00\" \/>\n<meta property=\"article:modified_time\" content=\"2021-07-13T12:41:34+00:00\" \/>\n<meta property=\"og:image\" content=\"https:\/\/jornalfatosenoticias.com.br\/wp-content\/uploads\/2021\/07\/IMG-20210710-WA0174.jpg\" \/>\n\t<meta property=\"og:image:width\" content=\"1000\" \/>\n\t<meta property=\"og:image:height\" content=\"562\" \/>\n\t<meta property=\"og:image:type\" content=\"image\/jpeg\" \/>\n<meta name=\"author\" content=\"Haroldo Filho\" \/>\n<meta name=\"twitter:card\" content=\"summary_large_image\" \/>\n<meta name=\"twitter:label1\" content=\"Escrito por\" \/>\n\t<meta name=\"twitter:data1\" content=\"Haroldo Filho\" \/>\n\t<meta name=\"twitter:label2\" content=\"Est. tempo de leitura\" \/>\n\t<meta name=\"twitter:data2\" content=\"1 minuto\" \/>\n<script type=\"application\/ld+json\" class=\"yoast-schema-graph\">{\"@context\":\"https:\/\/schema.org\",\"@graph\":[{\"@type\":\"Article\",\"@id\":\"https:\/\/jornalfatosenoticias.com.br\/index.php\/2021\/07\/13\/aventura-nas-pedras-branca-e-boa-vista\/#article\",\"isPartOf\":{\"@id\":\"https:\/\/jornalfatosenoticias.com.br\/index.php\/2021\/07\/13\/aventura-nas-pedras-branca-e-boa-vista\/\"},\"author\":{\"name\":\"Haroldo Filho\",\"@id\":\"https:\/\/jornalfatosenoticias.com.br\/#\/schema\/person\/05c46cc25b42a5c27e004fb0fa6b4965\"},\"headline\":\"Aventura nas Pedras Branca e Boa Vista\",\"datePublished\":\"2021-07-13T12:41:33+00:00\",\"dateModified\":\"2021-07-13T12:41:34+00:00\",\"mainEntityOfPage\":{\"@id\":\"https:\/\/jornalfatosenoticias.com.br\/index.php\/2021\/07\/13\/aventura-nas-pedras-branca-e-boa-vista\/\"},\"wordCount\":196,\"commentCount\":0,\"publisher\":{\"@id\":\"https:\/\/jornalfatosenoticias.com.br\/#organization\"},\"image\":{\"@id\":\"https:\/\/jornalfatosenoticias.com.br\/index.php\/2021\/07\/13\/aventura-nas-pedras-branca-e-boa-vista\/#primaryimage\"},\"thumbnailUrl\":\"https:\/\/jornalfatosenoticias.com.br\/wp-content\/uploads\/2021\/07\/IMG-20210710-WA0174.jpg\",\"keywords\":[\"APA Mestre \u00c1lvaro\",\"aventura\",\"natureza\",\"Pedra Boa Vista\",\"Pedra Branca\"],\"articleSection\":[\"Turismo\"],\"inLanguage\":\"pt-BR\",\"potentialAction\":[{\"@type\":\"CommentAction\",\"name\":\"Comment\",\"target\":[\"https:\/\/jornalfatosenoticias.com.br\/index.php\/2021\/07\/13\/aventura-nas-pedras-branca-e-boa-vista\/#respond\"]}]},{\"@type\":\"WebPage\",\"@id\":\"https:\/\/jornalfatosenoticias.com.br\/index.php\/2021\/07\/13\/aventura-nas-pedras-branca-e-boa-vista\/\",\"url\":\"https:\/\/jornalfatosenoticias.com.br\/index.php\/2021\/07\/13\/aventura-nas-pedras-branca-e-boa-vista\/\",\"name\":\"Aventura nas Pedras Branca e Boa Vista - Jornal Fatos e Not\u00edcias\",\"isPartOf\":{\"@id\":\"https:\/\/jornalfatosenoticias.com.br\/#website\"},\"primaryImageOfPage\":{\"@id\":\"https:\/\/jornalfatosenoticias.com.br\/index.php\/2021\/07\/13\/aventura-nas-pedras-branca-e-boa-vista\/#primaryimage\"},\"image\":{\"@id\":\"https:\/\/jornalfatosenoticias.com.br\/index.php\/2021\/07\/13\/aventura-nas-pedras-branca-e-boa-vista\/#primaryimage\"},\"thumbnailUrl\":\"https:\/\/jornalfatosenoticias.com.br\/wp-content\/uploads\/2021\/07\/IMG-20210710-WA0174.jpg\",\"datePublished\":\"2021-07-13T12:41:33+00:00\",\"dateModified\":\"2021-07-13T12:41:34+00:00\",\"breadcrumb\":{\"@id\":\"https:\/\/jornalfatosenoticias.com.br\/index.php\/2021\/07\/13\/aventura-nas-pedras-branca-e-boa-vista\/#breadcrumb\"},\"inLanguage\":\"pt-BR\",\"potentialAction\":[{\"@type\":\"ReadAction\",\"target\":[\"https:\/\/jornalfatosenoticias.com.br\/index.php\/2021\/07\/13\/aventura-nas-pedras-branca-e-boa-vista\/\"]}]},{\"@type\":\"ImageObject\",\"inLanguage\":\"pt-BR\",\"@id\":\"https:\/\/jornalfatosenoticias.com.br\/index.php\/2021\/07\/13\/aventura-nas-pedras-branca-e-boa-vista\/#primaryimage\",\"url\":\"https:\/\/jornalfatosenoticias.com.br\/wp-content\/uploads\/2021\/07\/IMG-20210710-WA0174.jpg\",\"contentUrl\":\"https:\/\/jornalfatosenoticias.com.br\/wp-content\/uploads\/2021\/07\/IMG-20210710-WA0174.jpg\",\"width\":1000,\"height\":562},{\"@type\":\"BreadcrumbList\",\"@id\":\"https:\/\/jornalfatosenoticias.com.br\/index.php\/2021\/07\/13\/aventura-nas-pedras-branca-e-boa-vista\/#breadcrumb\",\"itemListElement\":[{\"@type\":\"ListItem\",\"position\":1,\"name\":\"In\u00edcio\",\"item\":\"https:\/\/jornalfatosenoticias.com.br\/\"},{\"@type\":\"ListItem\",\"position\":2,\"name\":\"Aventura nas Pedras Branca e Boa Vista\"}]},{\"@type\":\"WebSite\",\"@id\":\"https:\/\/jornalfatosenoticias.com.br\/#website\",\"url\":\"https:\/\/jornalfatosenoticias.com.br\/\",\"name\":\"Jornal Fatos e Not\u00edcias\",\"description\":\"Not\u00edcias em geral\",\"publisher\":{\"@id\":\"https:\/\/jornalfatosenoticias.com.br\/#organization\"},\"potentialAction\":[{\"@type\":\"SearchAction\",\"target\":{\"@type\":\"EntryPoint\",\"urlTemplate\":\"https:\/\/jornalfatosenoticias.com.br\/?s={search_term_string}\"},\"query-input\":{\"@type\":\"PropertyValueSpecification\",\"valueRequired\":true,\"valueName\":\"search_term_string\"}}],\"inLanguage\":\"pt-BR\"},{\"@type\":\"Organization\",\"@id\":\"https:\/\/jornalfatosenoticias.com.br\/#organization\",\"name\":\"Jornal Fatos e Not\u00edcias\",\"url\":\"https:\/\/jornalfatosenoticias.com.br\/\",\"logo\":{\"@type\":\"ImageObject\",\"inLanguage\":\"pt-BR\",\"@id\":\"https:\/\/jornalfatosenoticias.com.br\/#\/schema\/logo\/image\/\",\"url\":\"https:\/\/jornalfatosenoticias.com.br\/wp-content\/uploads\/2020\/02\/logo120.png\",\"contentUrl\":\"https:\/\/jornalfatosenoticias.com.br\/wp-content\/uploads\/2020\/02\/logo120.png\",\"width\":1227,\"height\":120,\"caption\":\"Jornal Fatos e Not\u00edcias\"},\"image\":{\"@id\":\"https:\/\/jornalfatosenoticias.com.br\/#\/schema\/logo\/image\/\"}},{\"@type\":\"Person\",\"@id\":\"https:\/\/jornalfatosenoticias.com.br\/#\/schema\/person\/05c46cc25b42a5c27e004fb0fa6b4965\",\"name\":\"Haroldo Filho\",\"image\":{\"@type\":\"ImageObject\",\"inLanguage\":\"pt-BR\",\"@id\":\"https:\/\/jornalfatosenoticias.com.br\/#\/schema\/person\/image\/\",\"url\":\"https:\/\/jornalfatosenoticias.com.br\/wp-content\/uploads\/2025\/08\/WhatsApp-Image-2025-08-18-at-15.30.28-150x150.jpeg\",\"contentUrl\":\"https:\/\/jornalfatosenoticias.com.br\/wp-content\/uploads\/2025\/08\/WhatsApp-Image-2025-08-18-at-15.30.28-150x150.jpeg\",\"caption\":\"Haroldo Filho\"},\"description\":\"Jornalista \u2013 DRT: 0003818\/ES Coordenador-geral da ONG Educar para Crescer\",\"url\":\"https:\/\/jornalfatosenoticias.com.br\/index.php\/author\/haroldo\/\"}]}<\/script>\n<!-- \/ Yoast SEO plugin. -->","yoast_head_json":{"title":"Aventura nas Pedras Branca e Boa Vista - Jornal Fatos e Not\u00edcias","robots":{"index":"index","follow":"follow","max-snippet":"max-snippet:-1","max-image-preview":"max-image-preview:large","max-video-preview":"max-video-preview:-1"},"canonical":"https:\/\/jornalfatosenoticias.com.br\/index.php\/2021\/07\/13\/aventura-nas-pedras-branca-e-boa-vista\/","og_locale":"pt_BR","og_type":"article","og_title":"Aventura nas Pedras Branca e Boa Vista - Jornal Fatos e Not\u00edcias","og_description":"A aventura do \u00faltimo s\u00e1bado (10) foi com um grupo de amigos muito legal de Jardim Camburi. Subimos a Pedra Branca, com 371 metros de altitude e, na descida, passamos pela Pedra Boa Vista, com 300 metros, ambas comp\u00f5em o relevo da \u00c1rea de Prote\u00e7\u00e3o Ambiental (APA) Mestre \u00c1lvaro e s\u00e3o visitadas por montanhistas e [&hellip;]","og_url":"https:\/\/jornalfatosenoticias.com.br\/index.php\/2021\/07\/13\/aventura-nas-pedras-branca-e-boa-vista\/","og_site_name":"Jornal Fatos e Not\u00edcias","article_published_time":"2021-07-13T12:41:33+00:00","article_modified_time":"2021-07-13T12:41:34+00:00","og_image":[{"width":1000,"height":562,"url":"https:\/\/jornalfatosenoticias.com.br\/wp-content\/uploads\/2021\/07\/IMG-20210710-WA0174.jpg","type":"image\/jpeg"}],"author":"Haroldo Filho","twitter_card":"summary_large_image","twitter_misc":{"Escrito por":"Haroldo Filho","Est. tempo de leitura":"1 minuto"},"schema":{"@context":"https:\/\/schema.org","@graph":[{"@type":"Article","@id":"https:\/\/jornalfatosenoticias.com.br\/index.php\/2021\/07\/13\/aventura-nas-pedras-branca-e-boa-vista\/#article","isPartOf":{"@id":"https:\/\/jornalfatosenoticias.com.br\/index.php\/2021\/07\/13\/aventura-nas-pedras-branca-e-boa-vista\/"},"author":{"name":"Haroldo Filho","@id":"https:\/\/jornalfatosenoticias.com.br\/#\/schema\/person\/05c46cc25b42a5c27e004fb0fa6b4965"},"headline":"Aventura nas Pedras Branca e Boa Vista","datePublished":"2021-07-13T12:41:33+00:00","dateModified":"2021-07-13T12:41:34+00:00","mainEntityOfPage":{"@id":"https:\/\/jornalfatosenoticias.com.br\/index.php\/2021\/07\/13\/aventura-nas-pedras-branca-e-boa-vista\/"},"wordCount":196,"commentCount":0,"publisher":{"@id":"https:\/\/jornalfatosenoticias.com.br\/#organization"},"image":{"@id":"https:\/\/jornalfatosenoticias.com.br\/index.php\/2021\/07\/13\/aventura-nas-pedras-branca-e-boa-vista\/#primaryimage"},"thumbnailUrl":"https:\/\/jornalfatosenoticias.com.br\/wp-content\/uploads\/2021\/07\/IMG-20210710-WA0174.jpg","keywords":["APA Mestre \u00c1lvaro","aventura","natureza","Pedra Boa Vista","Pedra Branca"],"articleSection":["Turismo"],"inLanguage":"pt-BR","potentialAction":[{"@type":"CommentAction","name":"Comment","target":["https:\/\/jornalfatosenoticias.com.br\/index.php\/2021\/07\/13\/aventura-nas-pedras-branca-e-boa-vista\/#respond"]}]},{"@type":"WebPage","@id":"https:\/\/jornalfatosenoticias.com.br\/index.php\/2021\/07\/13\/aventura-nas-pedras-branca-e-boa-vista\/","url":"https:\/\/jornalfatosenoticias.com.br\/index.php\/2021\/07\/13\/aventura-nas-pedras-branca-e-boa-vista\/","name":"Aventura nas Pedras Branca e Boa Vista - Jornal Fatos e Not\u00edcias","isPartOf":{"@id":"https:\/\/jornalfatosenoticias.com.br\/#website"},"primaryImageOfPage":{"@id":"https:\/\/jornalfatosenoticias.com.br\/index.php\/2021\/07\/13\/aventura-nas-pedras-branca-e-boa-vista\/#primaryimage"},"image":{"@id":"https:\/\/jornalfatosenoticias.com.br\/index.php\/2021\/07\/13\/aventura-nas-pedras-branca-e-boa-vista\/#primaryimage"},"thumbnailUrl":"https:\/\/jornalfatosenoticias.com.br\/wp-content\/uploads\/2021\/07\/IMG-20210710-WA0174.jpg","datePublished":"2021-07-13T12:41:33+00:00","dateModified":"2021-07-13T12:41:34+00:00","breadcrumb":{"@id":"https:\/\/jornalfatosenoticias.com.br\/index.php\/2021\/07\/13\/aventura-nas-pedras-branca-e-boa-vista\/#breadcrumb"},"inLanguage":"pt-BR","potentialAction":[{"@type":"ReadAction","target":["https:\/\/jornalfatosenoticias.com.br\/index.php\/2021\/07\/13\/aventura-nas-pedras-branca-e-boa-vista\/"]}]},{"@type":"ImageObject","inLanguage":"pt-BR","@id":"https:\/\/jornalfatosenoticias.com.br\/index.php\/2021\/07\/13\/aventura-nas-pedras-branca-e-boa-vista\/#primaryimage","url":"https:\/\/jornalfatosenoticias.com.br\/wp-content\/uploads\/2021\/07\/IMG-20210710-WA0174.jpg","contentUrl":"https:\/\/jornalfatosenoticias.com.br\/wp-content\/uploads\/2021\/07\/IMG-20210710-WA0174.jpg","width":1000,"height":562},{"@type":"BreadcrumbList","@id":"https:\/\/jornalfatosenoticias.com.br\/index.php\/2021\/07\/13\/aventura-nas-pedras-branca-e-boa-vista\/#breadcrumb","itemListElement":[{"@type":"ListItem","position":1,"name":"In\u00edcio","item":"https:\/\/jornalfatosenoticias.com.br\/"},{"@type":"ListItem","position":2,"name":"Aventura nas Pedras Branca e Boa Vista"}]},{"@type":"WebSite","@id":"https:\/\/jornalfatosenoticias.com.br\/#website","url":"https:\/\/jornalfatosenoticias.com.br\/","name":"Jornal Fatos e Not\u00edcias","description":"Not\u00edcias em geral","publisher":{"@id":"https:\/\/jornalfatosenoticias.com.br\/#organization"},"potentialAction":[{"@type":"SearchAction","target":{"@type":"EntryPoint","urlTemplate":"https:\/\/jornalfatosenoticias.com.br\/?s={search_term_string}"},"query-input":{"@type":"PropertyValueSpecification","valueRequired":true,"valueName":"search_term_string"}}],"inLanguage":"pt-BR"},{"@type":"Organization","@id":"https:\/\/jornalfatosenoticias.com.br\/#organization","name":"Jornal Fatos e Not\u00edcias","url":"https:\/\/jornalfatosenoticias.com.br\/","logo":{"@type":"ImageObject","inLanguage":"pt-BR","@id":"https:\/\/jornalfatosenoticias.com.br\/#\/schema\/logo\/image\/","url":"https:\/\/jornalfatosenoticias.com.br\/wp-content\/uploads\/2020\/02\/logo120.png","contentUrl":"https:\/\/jornalfatosenoticias.com.br\/wp-content\/uploads\/2020\/02\/logo120.png","width":1227,"height":120,"caption":"Jornal Fatos e Not\u00edcias"},"image":{"@id":"https:\/\/jornalfatosenoticias.com.br\/#\/schema\/logo\/image\/"}},{"@type":"Person","@id":"https:\/\/jornalfatosenoticias.com.br\/#\/schema\/person\/05c46cc25b42a5c27e004fb0fa6b4965","name":"Haroldo Filho","image":{"@type":"ImageObject","inLanguage":"pt-BR","@id":"https:\/\/jornalfatosenoticias.com.br\/#\/schema\/person\/image\/","url":"https:\/\/jornalfatosenoticias.com.br\/wp-content\/uploads\/2025\/08\/WhatsApp-Image-2025-08-18-at-15.30.28-150x150.jpeg","contentUrl":"https:\/\/jornalfatosenoticias.com.br\/wp-content\/uploads\/2025\/08\/WhatsApp-Image-2025-08-18-at-15.30.28-150x150.jpeg","caption":"Haroldo Filho"},"description":"Jornalista \u2013 DRT: 0003818\/ES Coordenador-geral da ONG Educar para Crescer","url":"https:\/\/jornalfatosenoticias.com.br\/index.php\/author\/haroldo\/"}]}},"cc_featured_image_caption":{"caption_text":"(Foto: Rafael) ","source_text":"","source_url":""},"jetpack_featured_media_url":"https:\/\/jornalfatosenoticias.com.br\/wp-content\/uploads\/2021\/07\/IMG-20210710-WA0174.jpg","_links":{"self":[{"href":"https:\/\/jornalfatosenoticias.com.br\/index.php\/wp-json\/wp\/v2\/posts\/20600","targetHints":{"allow":["GET"]}}],"collection":[{"href":"https:\/\/jornalfatosenoticias.com.br\/index.php\/wp-json\/wp\/v2\/posts"}],"about":[{"href":"https:\/\/jornalfatosenoticias.com.br\/index.php\/wp-json\/wp\/v2\/types\/post"}],"author":[{"embeddable":true,"href":"https:\/\/jornalfatosenoticias.com.br\/index.php\/wp-json\/wp\/v2\/users\/3"}],"replies":[{"embeddable":true,"href":"https:\/\/jornalfatosenoticias.com.br\/index.php\/wp-json\/wp\/v2\/comments?post=20600"}],"version-history":[{"count":0,"href":"https:\/\/jornalfatosenoticias.com.br\/index.php\/wp-json\/wp\/v2\/posts\/20600\/revisions"}],"wp:featuredmedia":[{"embeddable":true,"href":"https:\/\/jornalfatosenoticias.com.br\/index.php\/wp-json\/wp\/v2\/media\/20601"}],"wp:attachment":[{"href":"https:\/\/jornalfatosenoticias.com.br\/index.php\/wp-json\/wp\/v2\/media?parent=20600"}],"wp:term":[{"taxonomy":"category","embeddable":true,"href":"https:\/\/jornalfatosenoticias.com.br\/index.php\/wp-json\/wp\/v2\/categories?post=20600"},{"taxonomy":"post_tag","embeddable":true,"href":"https:\/\/jornalfatosenoticias.com.br\/index.php\/wp-json\/wp\/v2\/tags?post=20600"}],"curies":[{"name":"wp","href":"https:\/\/api.w.org\/{rel}","templated":true}]}}