{"id":20619,"date":"2021-07-13T10:30:12","date_gmt":"2021-07-13T13:30:12","guid":{"rendered":"https:\/\/jornalfatosenoticias.com.br\/?p=20619"},"modified":"2021-07-13T10:30:18","modified_gmt":"2021-07-13T13:30:18","slug":"quais-plantas-podem-e-devem-ser-cultivadas-juntas-2","status":"publish","type":"post","link":"https:\/\/jornalfatosenoticias.com.br\/index.php\/2021\/07\/13\/quais-plantas-podem-e-devem-ser-cultivadas-juntas-2\/","title":{"rendered":"Quais plantas podem e devem ser cultivadas juntas?"},"content":{"rendered":"\n<p><em><span class=\"has-inline-color has-black-color\">As plantas companheiras geram benef\u00edcios m\u00fatuos e ajudam a afastar poss\u00edveis pragas quando est\u00e3o pr\u00f3ximas<\/span><\/em><\/p>\n\n\n\n<p>No mundo da jardinagem saber escolher o conjunto de plantas certas faz toda diferen\u00e7a, seja na horta ou no jardim. \u00c9 fundamental, principalmente se plantadas em vasos, que as plantas tenham um m\u00ednimo de sinergia no que se trata na condi\u00e7\u00e3o de luminosidade, frequ\u00eancia de rega e o tipo do solo. Caso contr\u00e1rio, sempre algu\u00e9m naquele grupo vai sair perdendo.<br>Mais que isso, existem algumas plantas que se beneficiam de formas diferentes, as vezes at\u00e9 na troca de nutrientes, e que s\u00e3o chamadas de plantas companheiras. Estas plantas, quando colocadas juntas, geram benef\u00edcios m\u00fatuos e t\u00eam um desenvolvimento muito mais saud\u00e1vel.<\/p>\n\n\n\n<p><strong><span class=\"has-inline-color has-black-color\">Exemplos de plantas companheiras<br><\/span><\/strong>Nas hortas, o cultivo de plantas companheiras \u00e9 especialmente ben\u00e9fico j\u00e1 que este \u00e9 um ambiente um pouco mais prop\u00edcio ao ataque de algumas pragas e com planta\u00e7\u00f5es mais sens\u00edveis. Uma boa combina\u00e7\u00e3o para evitar insetos indesejados \u00e9 plantar cebolas e cenouras lado a lado \u2014 plante quatro fileiras de cebola para cada fileira de cenoura.<\/p>\n\n\n\n<figure class=\"wp-block-image size-large is-style-default\"><img loading=\"lazy\" decoding=\"async\" width=\"1000\" height=\"666\" src=\"https:\/\/jornalfatosenoticias.com.br\/wp-content\/uploads\/2021\/07\/cultivo_couve.jpg\" alt=\"\" class=\"wp-image-20620\" srcset=\"https:\/\/jornalfatosenoticias.com.br\/wp-content\/uploads\/2021\/07\/cultivo_couve.jpg 1000w, https:\/\/jornalfatosenoticias.com.br\/wp-content\/uploads\/2021\/07\/cultivo_couve-300x200.jpg 300w, https:\/\/jornalfatosenoticias.com.br\/wp-content\/uploads\/2021\/07\/cultivo_couve-768x511.jpg 768w\" sizes=\"auto, (max-width: 1000px) 100vw, 1000px\" \/><figcaption><em><span class=\"has-inline-color has-black-color\">O plantio de flores no entrono de hortas ajuda a atrair polinizadores (Foto: Pixabay)<\/span><\/em><\/figcaption><\/figure>\n\n\n\n<p>Repolho com feij\u00e3o \u00e9 outra boa duplas de cultivo, uma mistura infal\u00edvel para reduzir pulg\u00f5es brancos e moscas na raiz do repolho. A dica \u00e9 plantar alternando fileira de repolho e fileira de feij\u00e3o. J\u00e1 a batata e a ervilha, quando plantadas juntas, mostram uma melhoria no desenvolvimento de ambas.<br>Existem ainda algumas esp\u00e9cies que s\u00e3o coringas na hora de afugentar ataques de insetos pelo seu perfume, funcionando como repelentes naturais. Como exemplo, podemos citar manjeric\u00e3o, arruda, alho, tomilho, salsa e alecrim. Algumas destas, como a lavanda e o manjeric\u00e3o, s\u00e3o \u00f3timas para atrair polinizadores.<\/p>\n\n\n\n<figure class=\"wp-block-image size-large is-style-default\"><img loading=\"lazy\" decoding=\"async\" width=\"1000\" height=\"592\" src=\"https:\/\/jornalfatosenoticias.com.br\/wp-content\/uploads\/2021\/07\/ervas-culinarias-pixabay.jpg\" alt=\"\" class=\"wp-image-20621\" srcset=\"https:\/\/jornalfatosenoticias.com.br\/wp-content\/uploads\/2021\/07\/ervas-culinarias-pixabay.jpg 1000w, https:\/\/jornalfatosenoticias.com.br\/wp-content\/uploads\/2021\/07\/ervas-culinarias-pixabay-300x178.jpg 300w, https:\/\/jornalfatosenoticias.com.br\/wp-content\/uploads\/2021\/07\/ervas-culinarias-pixabay-768x455.jpg 768w\" sizes=\"auto, (max-width: 1000px) 100vw, 1000px\" \/><figcaption><em><span class=\"has-inline-color has-black-color\">Ervas s\u00e3o \u00f3timas para atrair polinizadores ou para afastar insetos indesejados (Foto: Pixabay)<\/span><\/em><\/figcaption><\/figure>\n\n\n\n<p>Para evitar problemas com fungos que prejudicam as plantas, temos plantas como a Pimenta <em>Capsicum<\/em>, \u00f3tima para ser plantada em conjunto com esp\u00e9cies suscet\u00edveis a fungos no caule e raiz, como o Fusarium. As secre\u00e7\u00f5es das ra\u00edzes das pimenteiras impedem o ataque desses fungos.<br>As roseiras s\u00e3o outras esp\u00e9cies muito usadas em planta\u00e7\u00f5es de uva, pois atraem mais insetos para elas, o que impede que as parreiras sejam atacadas. Mas, quem quer manter as roseiras lindas e sem insetos pode plant\u00e1-las junto a p\u00e9s de alho, que impedem o ataque de pulg\u00f5es.<\/p>\n\n\n\n<figure class=\"wp-block-image size-large is-style-default\"><img loading=\"lazy\" decoding=\"async\" width=\"1000\" height=\"593\" src=\"https:\/\/jornalfatosenoticias.com.br\/wp-content\/uploads\/2021\/07\/rosa-roseira-pixabay.jpg\" alt=\"\" class=\"wp-image-20622\" srcset=\"https:\/\/jornalfatosenoticias.com.br\/wp-content\/uploads\/2021\/07\/rosa-roseira-pixabay.jpg 1000w, https:\/\/jornalfatosenoticias.com.br\/wp-content\/uploads\/2021\/07\/rosa-roseira-pixabay-300x178.jpg 300w, https:\/\/jornalfatosenoticias.com.br\/wp-content\/uploads\/2021\/07\/rosa-roseira-pixabay-768x455.jpg 768w\" sizes=\"auto, (max-width: 1000px) 100vw, 1000px\" \/><figcaption><em><span class=\"has-inline-color has-black-color\">A roseira ajuda a parreira e o alho ajuda a roseira (Foto: Pixabay)<\/span><\/em><\/figcaption><\/figure>\n\n\n\n<p><strong><span class=\"has-inline-color has-black-color\">Trios<br><\/span><\/strong>Existem ainda trios que se beneficiam e protegem. Um trio de plantas ornamentais bem positivo \u00e9 o formado por azaleia (<em>Rhododendron simsii<\/em>), dedaleira (<em>Digitalis purpurea<\/em>) e rododendro (<em>Rhododendron<\/em>).<br>Na horta, um trio bacana \u00e9 formado pela abobrinha, ervilha e milho com a ervilha respons\u00e1vel por tornar utiliz\u00e1vel o nitrog\u00eanio do solo, as abobrinhas respons\u00e1veis pela sombra no solo impedindo que cres\u00e7am outras esp\u00e9cies, e o milho o apoio das outras duas que s\u00e3o trepadeiras. Um verdadeiro trabalho em equipe aproveitado h\u00e1 muito tempo por agricultores, que, com estes cultivo conjunto podem abrir m\u00e3o de pesticidas e fertilizantes artificiais.<\/p>\n\n\n\n<figure class=\"wp-block-image size-large is-style-default\"><img loading=\"lazy\" decoding=\"async\" width=\"1000\" height=\"562\" src=\"https:\/\/jornalfatosenoticias.com.br\/wp-content\/uploads\/2021\/07\/agrofloresta-pixabay.jpg\" alt=\"\" class=\"wp-image-20623\" srcset=\"https:\/\/jornalfatosenoticias.com.br\/wp-content\/uploads\/2021\/07\/agrofloresta-pixabay.jpg 1000w, https:\/\/jornalfatosenoticias.com.br\/wp-content\/uploads\/2021\/07\/agrofloresta-pixabay-300x169.jpg 300w, https:\/\/jornalfatosenoticias.com.br\/wp-content\/uploads\/2021\/07\/agrofloresta-pixabay-768x432.jpg 768w\" sizes=\"auto, (max-width: 1000px) 100vw, 1000px\" \/><figcaption><em><span class=\"has-inline-color has-black-color\">O cultivo agroflorestal usa muito o conceito de plantas companheiras (Foto: Pixabay)<\/span><\/em><\/figcaption><\/figure>\n\n\n\n<p><strong><span class=\"has-inline-color has-black-color\">Variedade \u00e9 for\u00e7a!<br><\/span><\/strong>Plantar apenas uma esp\u00e9cie, seja ela ornamental ou aliment\u00edcia, torna o cultivo muito mais suscet\u00edvel ao ataque de insetos e doen\u00e7as. Quanto maior \u00e9 a diversidade de cores, tamanhos e formatos, mais bonito vai ficar o espa\u00e7o e mais saud\u00e1veis e protegidas estar\u00e3o todas as esp\u00e9cies de plantas.<br>Para quem faz o cultivo em vasos, seguem algumas plantas que se d\u00e3o muito bem: s\u00e1lvia, louro e alecrim; tomilho e s\u00e1lvia; manjerona e or\u00e9gano; e tomate e morango.<\/p>\n\n\n\n<p><strong><em>Fonte: <a href=\"https:\/\/ciclovivo.com.br\/mao-na-massa\/permacultura\/quais-plantas-podem-e-devem-ser-cultivadas-juntas\/\">CicloVivo<\/a><\/em><\/strong><\/p>\n","protected":false},"excerpt":{"rendered":"<p>As plantas companheiras geram benef\u00edcios m\u00fatuos e ajudam a afastar poss\u00edveis pragas quando est\u00e3o pr\u00f3ximas No mundo da jardinagem saber escolher o conjunto de plantas certas faz toda diferen\u00e7a, seja na horta ou no jardim. \u00c9 fundamental, principalmente se plantadas em vasos, que as plantas tenham um m\u00ednimo de sinergia no que se trata na [&hellip;]<\/p>\n","protected":false},"author":2,"featured_media":20624,"comment_status":"open","ping_status":"open","sticky":false,"template":"","format":"standard","meta":{"footnotes":""},"categories":[42],"tags":[10113,2009,2017,1145,2678,3367,8383,4601],"class_list":["post-20619","post","type-post","status-publish","format-standard","has-post-thumbnail","hentry","category-bem-estar","tag-cultivo-plantas","tag-ervas","tag-flores","tag-horta","tag-hortalicas","tag-jardim","tag-plantas-companheiras","tag-solo"],"yoast_head":"<!-- This site is optimized with the Yoast SEO plugin v26.5 - https:\/\/yoast.com\/wordpress\/plugins\/seo\/ -->\n<title>Quais plantas podem e devem ser cultivadas juntas? - Jornal Fatos e Not\u00edcias<\/title>\n<meta name=\"robots\" content=\"index, follow, max-snippet:-1, max-image-preview:large, max-video-preview:-1\" \/>\n<link rel=\"canonical\" href=\"https:\/\/jornalfatosenoticias.com.br\/index.php\/2021\/07\/13\/quais-plantas-podem-e-devem-ser-cultivadas-juntas-2\/\" \/>\n<meta property=\"og:locale\" content=\"pt_BR\" \/>\n<meta property=\"og:type\" content=\"article\" \/>\n<meta property=\"og:title\" content=\"Quais plantas podem e devem ser cultivadas juntas? - Jornal Fatos e Not\u00edcias\" \/>\n<meta property=\"og:description\" content=\"As plantas companheiras geram benef\u00edcios m\u00fatuos e ajudam a afastar poss\u00edveis pragas quando est\u00e3o pr\u00f3ximas No mundo da jardinagem saber escolher o conjunto de plantas certas faz toda diferen\u00e7a, seja na horta ou no jardim. \u00c9 fundamental, principalmente se plantadas em vasos, que as plantas tenham um m\u00ednimo de sinergia no que se trata na [&hellip;]\" \/>\n<meta property=\"og:url\" content=\"https:\/\/jornalfatosenoticias.com.br\/index.php\/2021\/07\/13\/quais-plantas-podem-e-devem-ser-cultivadas-juntas-2\/\" \/>\n<meta property=\"og:site_name\" content=\"Jornal Fatos e Not\u00edcias\" \/>\n<meta property=\"article:published_time\" content=\"2021-07-13T13:30:12+00:00\" \/>\n<meta property=\"article:modified_time\" content=\"2021-07-13T13:30:18+00:00\" \/>\n<meta property=\"og:image\" content=\"https:\/\/jornalfatosenoticias.com.br\/wp-content\/uploads\/2021\/07\/plantas-companheiras-pixabay.jpg\" \/>\n\t<meta property=\"og:image:width\" content=\"1000\" \/>\n\t<meta property=\"og:image:height\" content=\"627\" \/>\n\t<meta property=\"og:image:type\" content=\"image\/jpeg\" \/>\n<meta name=\"author\" content=\"Luzimara Fernandes\" \/>\n<meta name=\"twitter:card\" content=\"summary_large_image\" \/>\n<meta name=\"twitter:label1\" content=\"Escrito por\" \/>\n\t<meta name=\"twitter:data1\" content=\"Luzimara Fernandes\" \/>\n\t<meta name=\"twitter:label2\" content=\"Est. tempo de leitura\" \/>\n\t<meta name=\"twitter:data2\" content=\"3 minutos\" \/>\n<script type=\"application\/ld+json\" class=\"yoast-schema-graph\">{\"@context\":\"https:\/\/schema.org\",\"@graph\":[{\"@type\":\"Article\",\"@id\":\"https:\/\/jornalfatosenoticias.com.br\/index.php\/2021\/07\/13\/quais-plantas-podem-e-devem-ser-cultivadas-juntas-2\/#article\",\"isPartOf\":{\"@id\":\"https:\/\/jornalfatosenoticias.com.br\/index.php\/2021\/07\/13\/quais-plantas-podem-e-devem-ser-cultivadas-juntas-2\/\"},\"author\":{\"name\":\"Luzimara Fernandes\",\"@id\":\"https:\/\/jornalfatosenoticias.com.br\/#\/schema\/person\/d63837fa13ac8666eb9e74e0985d6f81\"},\"headline\":\"Quais plantas podem e devem ser cultivadas juntas?\",\"datePublished\":\"2021-07-13T13:30:12+00:00\",\"dateModified\":\"2021-07-13T13:30:18+00:00\",\"mainEntityOfPage\":{\"@id\":\"https:\/\/jornalfatosenoticias.com.br\/index.php\/2021\/07\/13\/quais-plantas-podem-e-devem-ser-cultivadas-juntas-2\/\"},\"wordCount\":655,\"commentCount\":0,\"publisher\":{\"@id\":\"https:\/\/jornalfatosenoticias.com.br\/#organization\"},\"image\":{\"@id\":\"https:\/\/jornalfatosenoticias.com.br\/index.php\/2021\/07\/13\/quais-plantas-podem-e-devem-ser-cultivadas-juntas-2\/#primaryimage\"},\"thumbnailUrl\":\"https:\/\/jornalfatosenoticias.com.br\/wp-content\/uploads\/2021\/07\/plantas-companheiras-pixabay.jpg\",\"keywords\":[\"cultivo plantas\",\"ervas\",\"flores\",\"horta\",\"hortali\u00e7as\",\"jardim\",\"plantas companheiras\",\"solo\"],\"articleSection\":[\"Bem-estar\"],\"inLanguage\":\"pt-BR\",\"potentialAction\":[{\"@type\":\"CommentAction\",\"name\":\"Comment\",\"target\":[\"https:\/\/jornalfatosenoticias.com.br\/index.php\/2021\/07\/13\/quais-plantas-podem-e-devem-ser-cultivadas-juntas-2\/#respond\"]}]},{\"@type\":\"WebPage\",\"@id\":\"https:\/\/jornalfatosenoticias.com.br\/index.php\/2021\/07\/13\/quais-plantas-podem-e-devem-ser-cultivadas-juntas-2\/\",\"url\":\"https:\/\/jornalfatosenoticias.com.br\/index.php\/2021\/07\/13\/quais-plantas-podem-e-devem-ser-cultivadas-juntas-2\/\",\"name\":\"Quais plantas podem e devem ser cultivadas juntas? - Jornal Fatos e Not\u00edcias\",\"isPartOf\":{\"@id\":\"https:\/\/jornalfatosenoticias.com.br\/#website\"},\"primaryImageOfPage\":{\"@id\":\"https:\/\/jornalfatosenoticias.com.br\/index.php\/2021\/07\/13\/quais-plantas-podem-e-devem-ser-cultivadas-juntas-2\/#primaryimage\"},\"image\":{\"@id\":\"https:\/\/jornalfatosenoticias.com.br\/index.php\/2021\/07\/13\/quais-plantas-podem-e-devem-ser-cultivadas-juntas-2\/#primaryimage\"},\"thumbnailUrl\":\"https:\/\/jornalfatosenoticias.com.br\/wp-content\/uploads\/2021\/07\/plantas-companheiras-pixabay.jpg\",\"datePublished\":\"2021-07-13T13:30:12+00:00\",\"dateModified\":\"2021-07-13T13:30:18+00:00\",\"breadcrumb\":{\"@id\":\"https:\/\/jornalfatosenoticias.com.br\/index.php\/2021\/07\/13\/quais-plantas-podem-e-devem-ser-cultivadas-juntas-2\/#breadcrumb\"},\"inLanguage\":\"pt-BR\",\"potentialAction\":[{\"@type\":\"ReadAction\",\"target\":[\"https:\/\/jornalfatosenoticias.com.br\/index.php\/2021\/07\/13\/quais-plantas-podem-e-devem-ser-cultivadas-juntas-2\/\"]}]},{\"@type\":\"ImageObject\",\"inLanguage\":\"pt-BR\",\"@id\":\"https:\/\/jornalfatosenoticias.com.br\/index.php\/2021\/07\/13\/quais-plantas-podem-e-devem-ser-cultivadas-juntas-2\/#primaryimage\",\"url\":\"https:\/\/jornalfatosenoticias.com.br\/wp-content\/uploads\/2021\/07\/plantas-companheiras-pixabay.jpg\",\"contentUrl\":\"https:\/\/jornalfatosenoticias.com.br\/wp-content\/uploads\/2021\/07\/plantas-companheiras-pixabay.jpg\",\"width\":1000,\"height\":627},{\"@type\":\"BreadcrumbList\",\"@id\":\"https:\/\/jornalfatosenoticias.com.br\/index.php\/2021\/07\/13\/quais-plantas-podem-e-devem-ser-cultivadas-juntas-2\/#breadcrumb\",\"itemListElement\":[{\"@type\":\"ListItem\",\"position\":1,\"name\":\"In\u00edcio\",\"item\":\"https:\/\/jornalfatosenoticias.com.br\/\"},{\"@type\":\"ListItem\",\"position\":2,\"name\":\"Quais plantas podem e devem ser cultivadas juntas?\"}]},{\"@type\":\"WebSite\",\"@id\":\"https:\/\/jornalfatosenoticias.com.br\/#website\",\"url\":\"https:\/\/jornalfatosenoticias.com.br\/\",\"name\":\"Jornal Fatos e Not\u00edcias\",\"description\":\"Not\u00edcias em geral\",\"publisher\":{\"@id\":\"https:\/\/jornalfatosenoticias.com.br\/#organization\"},\"potentialAction\":[{\"@type\":\"SearchAction\",\"target\":{\"@type\":\"EntryPoint\",\"urlTemplate\":\"https:\/\/jornalfatosenoticias.com.br\/?s={search_term_string}\"},\"query-input\":{\"@type\":\"PropertyValueSpecification\",\"valueRequired\":true,\"valueName\":\"search_term_string\"}}],\"inLanguage\":\"pt-BR\"},{\"@type\":\"Organization\",\"@id\":\"https:\/\/jornalfatosenoticias.com.br\/#organization\",\"name\":\"Jornal Fatos e Not\u00edcias\",\"url\":\"https:\/\/jornalfatosenoticias.com.br\/\",\"logo\":{\"@type\":\"ImageObject\",\"inLanguage\":\"pt-BR\",\"@id\":\"https:\/\/jornalfatosenoticias.com.br\/#\/schema\/logo\/image\/\",\"url\":\"https:\/\/jornalfatosenoticias.com.br\/wp-content\/uploads\/2020\/02\/logo120.png\",\"contentUrl\":\"https:\/\/jornalfatosenoticias.com.br\/wp-content\/uploads\/2020\/02\/logo120.png\",\"width\":1227,\"height\":120,\"caption\":\"Jornal Fatos e Not\u00edcias\"},\"image\":{\"@id\":\"https:\/\/jornalfatosenoticias.com.br\/#\/schema\/logo\/image\/\"}},{\"@type\":\"Person\",\"@id\":\"https:\/\/jornalfatosenoticias.com.br\/#\/schema\/person\/d63837fa13ac8666eb9e74e0985d6f81\",\"name\":\"Luzimara Fernandes\",\"image\":{\"@type\":\"ImageObject\",\"inLanguage\":\"pt-BR\",\"@id\":\"https:\/\/jornalfatosenoticias.com.br\/#\/schema\/person\/image\/\",\"url\":\"https:\/\/jornalfatosenoticias.com.br\/wp-content\/uploads\/2025\/05\/EU_portal.jpg\",\"contentUrl\":\"https:\/\/jornalfatosenoticias.com.br\/wp-content\/uploads\/2025\/05\/EU_portal.jpg\",\"caption\":\"Luzimara Fernandes\"},\"description\":\"Jornalista MTB 2358-ES\",\"sameAs\":[\"https:\/\/jornalfatosenoticias.com.br\"],\"url\":\"https:\/\/jornalfatosenoticias.com.br\/index.php\/author\/luzimara\/\"}]}<\/script>\n<!-- \/ Yoast SEO plugin. -->","yoast_head_json":{"title":"Quais plantas podem e devem ser cultivadas juntas? - Jornal Fatos e Not\u00edcias","robots":{"index":"index","follow":"follow","max-snippet":"max-snippet:-1","max-image-preview":"max-image-preview:large","max-video-preview":"max-video-preview:-1"},"canonical":"https:\/\/jornalfatosenoticias.com.br\/index.php\/2021\/07\/13\/quais-plantas-podem-e-devem-ser-cultivadas-juntas-2\/","og_locale":"pt_BR","og_type":"article","og_title":"Quais plantas podem e devem ser cultivadas juntas? - Jornal Fatos e Not\u00edcias","og_description":"As plantas companheiras geram benef\u00edcios m\u00fatuos e ajudam a afastar poss\u00edveis pragas quando est\u00e3o pr\u00f3ximas No mundo da jardinagem saber escolher o conjunto de plantas certas faz toda diferen\u00e7a, seja na horta ou no jardim. \u00c9 fundamental, principalmente se plantadas em vasos, que as plantas tenham um m\u00ednimo de sinergia no que se trata na [&hellip;]","og_url":"https:\/\/jornalfatosenoticias.com.br\/index.php\/2021\/07\/13\/quais-plantas-podem-e-devem-ser-cultivadas-juntas-2\/","og_site_name":"Jornal Fatos e Not\u00edcias","article_published_time":"2021-07-13T13:30:12+00:00","article_modified_time":"2021-07-13T13:30:18+00:00","og_image":[{"width":1000,"height":627,"url":"https:\/\/jornalfatosenoticias.com.br\/wp-content\/uploads\/2021\/07\/plantas-companheiras-pixabay.jpg","type":"image\/jpeg"}],"author":"Luzimara Fernandes","twitter_card":"summary_large_image","twitter_misc":{"Escrito por":"Luzimara Fernandes","Est. tempo de leitura":"3 minutos"},"schema":{"@context":"https:\/\/schema.org","@graph":[{"@type":"Article","@id":"https:\/\/jornalfatosenoticias.com.br\/index.php\/2021\/07\/13\/quais-plantas-podem-e-devem-ser-cultivadas-juntas-2\/#article","isPartOf":{"@id":"https:\/\/jornalfatosenoticias.com.br\/index.php\/2021\/07\/13\/quais-plantas-podem-e-devem-ser-cultivadas-juntas-2\/"},"author":{"name":"Luzimara Fernandes","@id":"https:\/\/jornalfatosenoticias.com.br\/#\/schema\/person\/d63837fa13ac8666eb9e74e0985d6f81"},"headline":"Quais plantas podem e devem ser cultivadas juntas?","datePublished":"2021-07-13T13:30:12+00:00","dateModified":"2021-07-13T13:30:18+00:00","mainEntityOfPage":{"@id":"https:\/\/jornalfatosenoticias.com.br\/index.php\/2021\/07\/13\/quais-plantas-podem-e-devem-ser-cultivadas-juntas-2\/"},"wordCount":655,"commentCount":0,"publisher":{"@id":"https:\/\/jornalfatosenoticias.com.br\/#organization"},"image":{"@id":"https:\/\/jornalfatosenoticias.com.br\/index.php\/2021\/07\/13\/quais-plantas-podem-e-devem-ser-cultivadas-juntas-2\/#primaryimage"},"thumbnailUrl":"https:\/\/jornalfatosenoticias.com.br\/wp-content\/uploads\/2021\/07\/plantas-companheiras-pixabay.jpg","keywords":["cultivo plantas","ervas","flores","horta","hortali\u00e7as","jardim","plantas companheiras","solo"],"articleSection":["Bem-estar"],"inLanguage":"pt-BR","potentialAction":[{"@type":"CommentAction","name":"Comment","target":["https:\/\/jornalfatosenoticias.com.br\/index.php\/2021\/07\/13\/quais-plantas-podem-e-devem-ser-cultivadas-juntas-2\/#respond"]}]},{"@type":"WebPage","@id":"https:\/\/jornalfatosenoticias.com.br\/index.php\/2021\/07\/13\/quais-plantas-podem-e-devem-ser-cultivadas-juntas-2\/","url":"https:\/\/jornalfatosenoticias.com.br\/index.php\/2021\/07\/13\/quais-plantas-podem-e-devem-ser-cultivadas-juntas-2\/","name":"Quais plantas podem e devem ser cultivadas juntas? - Jornal Fatos e Not\u00edcias","isPartOf":{"@id":"https:\/\/jornalfatosenoticias.com.br\/#website"},"primaryImageOfPage":{"@id":"https:\/\/jornalfatosenoticias.com.br\/index.php\/2021\/07\/13\/quais-plantas-podem-e-devem-ser-cultivadas-juntas-2\/#primaryimage"},"image":{"@id":"https:\/\/jornalfatosenoticias.com.br\/index.php\/2021\/07\/13\/quais-plantas-podem-e-devem-ser-cultivadas-juntas-2\/#primaryimage"},"thumbnailUrl":"https:\/\/jornalfatosenoticias.com.br\/wp-content\/uploads\/2021\/07\/plantas-companheiras-pixabay.jpg","datePublished":"2021-07-13T13:30:12+00:00","dateModified":"2021-07-13T13:30:18+00:00","breadcrumb":{"@id":"https:\/\/jornalfatosenoticias.com.br\/index.php\/2021\/07\/13\/quais-plantas-podem-e-devem-ser-cultivadas-juntas-2\/#breadcrumb"},"inLanguage":"pt-BR","potentialAction":[{"@type":"ReadAction","target":["https:\/\/jornalfatosenoticias.com.br\/index.php\/2021\/07\/13\/quais-plantas-podem-e-devem-ser-cultivadas-juntas-2\/"]}]},{"@type":"ImageObject","inLanguage":"pt-BR","@id":"https:\/\/jornalfatosenoticias.com.br\/index.php\/2021\/07\/13\/quais-plantas-podem-e-devem-ser-cultivadas-juntas-2\/#primaryimage","url":"https:\/\/jornalfatosenoticias.com.br\/wp-content\/uploads\/2021\/07\/plantas-companheiras-pixabay.jpg","contentUrl":"https:\/\/jornalfatosenoticias.com.br\/wp-content\/uploads\/2021\/07\/plantas-companheiras-pixabay.jpg","width":1000,"height":627},{"@type":"BreadcrumbList","@id":"https:\/\/jornalfatosenoticias.com.br\/index.php\/2021\/07\/13\/quais-plantas-podem-e-devem-ser-cultivadas-juntas-2\/#breadcrumb","itemListElement":[{"@type":"ListItem","position":1,"name":"In\u00edcio","item":"https:\/\/jornalfatosenoticias.com.br\/"},{"@type":"ListItem","position":2,"name":"Quais plantas podem e devem ser cultivadas juntas?"}]},{"@type":"WebSite","@id":"https:\/\/jornalfatosenoticias.com.br\/#website","url":"https:\/\/jornalfatosenoticias.com.br\/","name":"Jornal Fatos e Not\u00edcias","description":"Not\u00edcias em geral","publisher":{"@id":"https:\/\/jornalfatosenoticias.com.br\/#organization"},"potentialAction":[{"@type":"SearchAction","target":{"@type":"EntryPoint","urlTemplate":"https:\/\/jornalfatosenoticias.com.br\/?s={search_term_string}"},"query-input":{"@type":"PropertyValueSpecification","valueRequired":true,"valueName":"search_term_string"}}],"inLanguage":"pt-BR"},{"@type":"Organization","@id":"https:\/\/jornalfatosenoticias.com.br\/#organization","name":"Jornal Fatos e Not\u00edcias","url":"https:\/\/jornalfatosenoticias.com.br\/","logo":{"@type":"ImageObject","inLanguage":"pt-BR","@id":"https:\/\/jornalfatosenoticias.com.br\/#\/schema\/logo\/image\/","url":"https:\/\/jornalfatosenoticias.com.br\/wp-content\/uploads\/2020\/02\/logo120.png","contentUrl":"https:\/\/jornalfatosenoticias.com.br\/wp-content\/uploads\/2020\/02\/logo120.png","width":1227,"height":120,"caption":"Jornal Fatos e Not\u00edcias"},"image":{"@id":"https:\/\/jornalfatosenoticias.com.br\/#\/schema\/logo\/image\/"}},{"@type":"Person","@id":"https:\/\/jornalfatosenoticias.com.br\/#\/schema\/person\/d63837fa13ac8666eb9e74e0985d6f81","name":"Luzimara Fernandes","image":{"@type":"ImageObject","inLanguage":"pt-BR","@id":"https:\/\/jornalfatosenoticias.com.br\/#\/schema\/person\/image\/","url":"https:\/\/jornalfatosenoticias.com.br\/wp-content\/uploads\/2025\/05\/EU_portal.jpg","contentUrl":"https:\/\/jornalfatosenoticias.com.br\/wp-content\/uploads\/2025\/05\/EU_portal.jpg","caption":"Luzimara Fernandes"},"description":"Jornalista MTB 2358-ES","sameAs":["https:\/\/jornalfatosenoticias.com.br"],"url":"https:\/\/jornalfatosenoticias.com.br\/index.php\/author\/luzimara\/"}]}},"cc_featured_image_caption":{"caption_text":"Plantas companheiras (Foto: Pixabay)","source_text":"","source_url":""},"jetpack_featured_media_url":"https:\/\/jornalfatosenoticias.com.br\/wp-content\/uploads\/2021\/07\/plantas-companheiras-pixabay.jpg","_links":{"self":[{"href":"https:\/\/jornalfatosenoticias.com.br\/index.php\/wp-json\/wp\/v2\/posts\/20619","targetHints":{"allow":["GET"]}}],"collection":[{"href":"https:\/\/jornalfatosenoticias.com.br\/index.php\/wp-json\/wp\/v2\/posts"}],"about":[{"href":"https:\/\/jornalfatosenoticias.com.br\/index.php\/wp-json\/wp\/v2\/types\/post"}],"author":[{"embeddable":true,"href":"https:\/\/jornalfatosenoticias.com.br\/index.php\/wp-json\/wp\/v2\/users\/2"}],"replies":[{"embeddable":true,"href":"https:\/\/jornalfatosenoticias.com.br\/index.php\/wp-json\/wp\/v2\/comments?post=20619"}],"version-history":[{"count":0,"href":"https:\/\/jornalfatosenoticias.com.br\/index.php\/wp-json\/wp\/v2\/posts\/20619\/revisions"}],"wp:featuredmedia":[{"embeddable":true,"href":"https:\/\/jornalfatosenoticias.com.br\/index.php\/wp-json\/wp\/v2\/media\/20624"}],"wp:attachment":[{"href":"https:\/\/jornalfatosenoticias.com.br\/index.php\/wp-json\/wp\/v2\/media?parent=20619"}],"wp:term":[{"taxonomy":"category","embeddable":true,"href":"https:\/\/jornalfatosenoticias.com.br\/index.php\/wp-json\/wp\/v2\/categories?post=20619"},{"taxonomy":"post_tag","embeddable":true,"href":"https:\/\/jornalfatosenoticias.com.br\/index.php\/wp-json\/wp\/v2\/tags?post=20619"}],"curies":[{"name":"wp","href":"https:\/\/api.w.org\/{rel}","templated":true}]}}