{"id":20626,"date":"2021-07-13T10:46:08","date_gmt":"2021-07-13T13:46:08","guid":{"rendered":"https:\/\/jornalfatosenoticias.com.br\/?p=20626"},"modified":"2021-07-13T10:46:09","modified_gmt":"2021-07-13T13:46:09","slug":"oscilacao-na-orbita-da-lua-deve-trazer-mais-inundacoes-a-partir-de-2030","status":"publish","type":"post","link":"https:\/\/jornalfatosenoticias.com.br\/index.php\/2021\/07\/13\/oscilacao-na-orbita-da-lua-deve-trazer-mais-inundacoes-a-partir-de-2030\/","title":{"rendered":"Oscila\u00e7\u00e3o na \u00f3rbita da Lua deve trazer mais inunda\u00e7\u00f5es a partir de 2030"},"content":{"rendered":"\n<p>Um <a href=\"https:\/\/olhardigital.com.br\/editorias\/ciencia-e-espaco\/\">estudo<\/a>\u00a0conduzido pela\u00a0<a href=\"https:\/\/olhardigital.com.br\/2021\/07\/08\/ciencia-e-espaco\/hubble-nasa-identifica-procedimento-que-pode-salvar-o-telescopio\/\">Nasa<\/a> afirma que, at\u00e9 a d\u00e9cada de 2030, a oscila\u00e7\u00e3o presente na \u00f3rbita da Lua far\u00e1 com que n\u00f3s tenhamos mais inunda\u00e7\u00f5es. A pesquisa tem rela\u00e7\u00e3o com os prov\u00e1veis efeitos do aquecimento global nos pr\u00f3ximos anos e foi publicada no jornal <em>Nature Climate Change<\/em>.<br>Segundo o levantamento, um dos efeitos do <a href=\"https:\/\/olhardigital.com.br\/2021\/07\/08\/ciencia-e-espaco\/onda-de-calor-nos-eua-nao-teria-acontecido-se-nao-fossem-as-mudancas-climaticas\/\">aquecimento global<\/a> \u2014 o derretimento acelerado das partes geladas do planeta e cujos peda\u00e7os cair\u00e3o na \u00e1gua do mar, aumentando seu n\u00edvel \u2014 devem ser mais evidentes na pr\u00f3xima d\u00e9cada. Com o mar subindo, a Lua ter\u00e1 mais \u00e1gua para exercer a sua influ\u00eancia nas mar\u00e9s.<br>Segundo estimativas da Administra\u00e7\u00e3o Oce\u00e2nica e Atmosf\u00e9rica Nacional (NOAA, na sigla em ingl\u00eas) dos Estados Unidos, o mar j\u00e1 est\u00e1 apresentando recordes de eleva\u00e7\u00e3o: de 1880 at\u00e9 hoje, seu n\u00edvel j\u00e1 subiu aproximadamente 24 cent\u00edmetros (cm) \u2014 sendo que um ter\u00e7o disso ocorreu nos \u00faltimos 25 anos. At\u00e9 2100, o n\u00edvel do mar deve aumentar entre 0,3 metro (m) e 2,5m, dependendo de nossa capacidade de gerenciar emiss\u00f5es de gases do efeito estufa e outros problemas que adicionam peso ao aquecimento global.<br>Em outras palavras, o n\u00edvel do mar vai aumentar. O que depende de n\u00f3s \u00e9 se isso ser\u00e1 \u201cpouco\u201d ou \u201cmuito\u201d. E nisso entra a Lua.<br>Muitas pessoas n\u00e3o se d\u00e3o conta de que o movimento do <a href=\"https:\/\/olhardigital.com.br\/2021\/07\/08\/ciencia-e-espaco\/missao-espacial-chinesa-preve-coletar-amostras-em-lado-oculto-da-lua\/\">nosso sat\u00e9lite<\/a> n\u00e3o \u00e9 regular. Existe uma oscila\u00e7\u00e3o na \u00f3rbita da Lua que pode ser fator importante na ocorr\u00eancia de inunda\u00e7\u00f5es nos pr\u00f3ximos anos: basicamente, ela tem um per\u00edodo de menos mar\u00e9s altas e mais mar\u00e9s baixas. No outro lado da moeda, a Lua tamb\u00e9m tem um per\u00edodo de causa de mais mar\u00e9s altas e menos mar\u00e9s baixas.<br>Essa invers\u00e3o \u00e9 que pode ser problem\u00e1tica: segundo a Nasa, essa oscila\u00e7\u00e3o inverte a influ\u00eancia lunar nas mar\u00e9s uma vez a cada 18,6 anos. No momento atual, n\u00f3s estamos no meio do ponto de mais mar\u00e9s altas \u2014 com a pr\u00f3xima \u00e9poca disso se repetindo no meio da d\u00e9cada de 2030.<br>A Nasa argumenta que, quando chegarmos nesse per\u00edodo, o aquecimento global ter\u00e1 aumentado o <a href=\"https:\/\/olhardigital.com.br\/2021\/04\/30\/ciencia-e-espaco\/degelo-da-antartida-vai-subir-nivel-do-mar-mais-do-que-previsto\/\">n\u00edvel do mar<\/a> de tal forma que cheias de rios, transbordamentos de c\u00f3rregos e inunda\u00e7\u00f5es ser\u00e3o bem mais do que uma irrita\u00e7\u00e3o \u00e0 seguran\u00e7a p\u00fablica.<\/p>\n\n\n\n<figure class=\"wp-block-image size-large is-style-default\"><img loading=\"lazy\" decoding=\"async\" width=\"1000\" height=\"594\" src=\"https:\/\/jornalfatosenoticias.com.br\/wp-content\/uploads\/2021\/07\/lua-e-mares_Shutterstock.jpg\" alt=\"\" class=\"wp-image-20627\" srcset=\"https:\/\/jornalfatosenoticias.com.br\/wp-content\/uploads\/2021\/07\/lua-e-mares_Shutterstock.jpg 1000w, https:\/\/jornalfatosenoticias.com.br\/wp-content\/uploads\/2021\/07\/lua-e-mares_Shutterstock-300x178.jpg 300w, https:\/\/jornalfatosenoticias.com.br\/wp-content\/uploads\/2021\/07\/lua-e-mares_Shutterstock-768x456.jpg 768w\" sizes=\"auto, (max-width: 1000px) 100vw, 1000px\" \/><figcaption><em><span class=\"has-inline-color has-black-color\">Efeitos da Lua sobre a mar\u00e9 das \u00e1guas na Terra devem piorar na pr\u00f3xima d\u00e9cada, causando mais inunda\u00e7\u00f5es em menos tempo (Foto: Krivosheev Vitaly\/Shutterstock)<\/span><\/em><\/figcaption><\/figure>\n\n\n\n<p>Evidentemente, n\u00e3o estamos falando de um <a href=\"https:\/\/olhardigital.com.br\/2019\/11\/12\/noticias\/japao-reinventa-fukushima-como-centro-de-energia-renovavel\/\">tsunami<\/a>. Inunda\u00e7\u00f5es, embora trabalhosas, n\u00e3o s\u00e3o consideradas uma situa\u00e7\u00e3o de calamidade extrema. Em 2019, somente os EUA enfrentaram mais de 600 epis\u00f3dios do tipo. A Nasa cr\u00ea, por\u00e9m, que at\u00e9 a d\u00e9cada de 2030, esse n\u00famero deve aumentar entre tr\u00eas e quatro vezes, e sua distribui\u00e7\u00e3o n\u00e3o ser\u00e1 muito igualit\u00e1ria, com espa\u00e7os de poucos meses do ano vendo d\u00fazias de inunda\u00e7\u00f5es ao inv\u00e9s de duas ou tr\u00eas por m\u00eas em regi\u00f5es litor\u00e2neas.<br>Vale ressaltar: inunda\u00e7\u00f5es oriundas da mar\u00e9 alta ocorrem quando tais mar\u00e9s ficam cerca de meio metro acima da m\u00e9dia esperada, efetivamente transbordando para as ruas ou escorrendo por galerias pluviais e piscin\u00f5es. O efeito disso \u00e9 o de preju\u00edzos aos cidad\u00e3os: a \u00e1gua invade casas, destr\u00f3i eletrodom\u00e9sticos, estraga certas constru\u00e7\u00f5es, for\u00e7a lojas a fecharem e transborda fossas s\u00e9pticas. Quanto mais elas duram, mais dano elas causam.<br>Agora imagine isso acontecendo cinco, sete, 10 vezes no m\u00eas.<br>\u201c\u00c9 o efeito cumulativo disso ao longo do tempo que trar\u00e1 o maior impacto\u201d, disse Phil Thompson, autor do estudo e professor na Universidade do Hava\u00ed. \u201cSe tivermos 10 a 15 inunda\u00e7\u00f5es por m\u00eas, um neg\u00f3cio n\u00e3o poder\u00e1 operar com o seu estacionamento submerso em \u00e1gua. As pessoas perder\u00e3o empregos porque n\u00e3o conseguir\u00e3o sair de casa. Fossas s\u00e9pticas transbordar\u00e3o dejetos e se tornar\u00e3o um problema de sa\u00fade p\u00fablica\u201d.<br>A situa\u00e7\u00e3o, segundo a Nasa, j\u00e1 beira o inevit\u00e1vel, com o estudo recomendando medidas de planejamento ao inv\u00e9s de procedimentos para evitar que isso aconte\u00e7a, ressaltando a import\u00e2ncia de \u201centender que todos esses eventos ocorrem de forma pr\u00f3xima em um m\u00eas ou dois, ou que voc\u00ea pode ter inunda\u00e7\u00f5es mais severas na segunda metade de um ano. Essas s\u00e3o informa\u00e7\u00f5es \u00fateis\u201d, conforme disse Ben Hamlington, outro autor da pesquisa e cientista do Laborat\u00f3rio de Propuls\u00e3o a Jato da Nasa.<br>Em uma \u00e9poca onde o aquecimento global faz a m\u00eddia prestar aten\u00e7\u00e3o em eventos extremos \u2014 <a href=\"https:\/\/olhardigital.com.br\/2021\/07\/07\/videos\/sem-condicoes-de-pouso-tempestade-elza-adia-a-volta-de-nave-da-spacex\/\">como furac\u00f5es<\/a> \u2014 as inunda\u00e7\u00f5es podem acabar despercebidas, mas t\u00e3o logo, diz a Nasa, elas tamb\u00e9m devem deixar de serem \u201cirrita\u00e7\u00f5es municipais\u201d para se tornarem \u201cpreocupa\u00e7\u00f5es federais\u201d.<\/p>\n\n\n\n<p><strong><em>Fonte: <a href=\"https:\/\/olhardigital.com.br\/2021\/07\/12\/ciencia-e-espaco\/orbita-da-lua-causara-mais-inundacoes\/\">Olhar Digital<\/a><\/em><\/strong><\/p>\n","protected":false},"excerpt":{"rendered":"<p>Um estudo\u00a0conduzido pela\u00a0Nasa afirma que, at\u00e9 a d\u00e9cada de 2030, a oscila\u00e7\u00e3o presente na \u00f3rbita da Lua far\u00e1 com que n\u00f3s tenhamos mais inunda\u00e7\u00f5es. A pesquisa tem rela\u00e7\u00e3o com os prov\u00e1veis efeitos do aquecimento global nos pr\u00f3ximos anos e foi publicada no jornal Nature Climate Change.Segundo o levantamento, um dos efeitos do aquecimento global \u2014 [&hellip;]<\/p>\n","protected":false},"author":2,"featured_media":20628,"comment_status":"open","ping_status":"open","sticky":false,"template":"","format":"standard","meta":{"footnotes":""},"categories":[2],"tags":[362,10114,2292,9696,84,10115,164,574],"class_list":["post-20626","post","type-post","status-publish","format-standard","has-post-thumbnail","hentry","category-ciencia","tag-aquecimento-global","tag-desastres","tag-efeito-estufa","tag-inundacoes","tag-lua","tag-mare","tag-nasa","tag-orbita"],"yoast_head":"<!-- This site is optimized with the Yoast SEO plugin v26.5 - https:\/\/yoast.com\/wordpress\/plugins\/seo\/ -->\n<title>Oscila\u00e7\u00e3o na \u00f3rbita da Lua deve trazer mais inunda\u00e7\u00f5es a partir de 2030 - Jornal Fatos e Not\u00edcias<\/title>\n<meta name=\"robots\" content=\"index, follow, max-snippet:-1, max-image-preview:large, max-video-preview:-1\" \/>\n<link rel=\"canonical\" href=\"https:\/\/jornalfatosenoticias.com.br\/index.php\/2021\/07\/13\/oscilacao-na-orbita-da-lua-deve-trazer-mais-inundacoes-a-partir-de-2030\/\" \/>\n<meta property=\"og:locale\" content=\"pt_BR\" \/>\n<meta property=\"og:type\" content=\"article\" \/>\n<meta property=\"og:title\" content=\"Oscila\u00e7\u00e3o na \u00f3rbita da Lua deve trazer mais inunda\u00e7\u00f5es a partir de 2030 - Jornal Fatos e Not\u00edcias\" \/>\n<meta property=\"og:description\" content=\"Um estudo\u00a0conduzido pela\u00a0Nasa afirma que, at\u00e9 a d\u00e9cada de 2030, a oscila\u00e7\u00e3o presente na \u00f3rbita da Lua far\u00e1 com que n\u00f3s tenhamos mais inunda\u00e7\u00f5es. A pesquisa tem rela\u00e7\u00e3o com os prov\u00e1veis efeitos do aquecimento global nos pr\u00f3ximos anos e foi publicada no jornal Nature Climate Change.Segundo o levantamento, um dos efeitos do aquecimento global \u2014 [&hellip;]\" \/>\n<meta property=\"og:url\" content=\"https:\/\/jornalfatosenoticias.com.br\/index.php\/2021\/07\/13\/oscilacao-na-orbita-da-lua-deve-trazer-mais-inundacoes-a-partir-de-2030\/\" \/>\n<meta property=\"og:site_name\" content=\"Jornal Fatos e Not\u00edcias\" \/>\n<meta property=\"article:published_time\" content=\"2021-07-13T13:46:08+00:00\" \/>\n<meta property=\"article:modified_time\" content=\"2021-07-13T13:46:09+00:00\" \/>\n<meta property=\"og:image\" content=\"https:\/\/jornalfatosenoticias.com.br\/wp-content\/uploads\/2021\/07\/lua-e-mares1_Shutterstock.jpg\" \/>\n\t<meta property=\"og:image:width\" content=\"1000\" \/>\n\t<meta property=\"og:image:height\" content=\"351\" \/>\n\t<meta property=\"og:image:type\" content=\"image\/jpeg\" \/>\n<meta name=\"author\" content=\"Luzimara Fernandes\" \/>\n<meta name=\"twitter:card\" content=\"summary_large_image\" \/>\n<meta name=\"twitter:label1\" content=\"Escrito por\" \/>\n\t<meta name=\"twitter:data1\" content=\"Luzimara Fernandes\" \/>\n\t<meta name=\"twitter:label2\" content=\"Est. tempo de leitura\" \/>\n\t<meta name=\"twitter:data2\" content=\"4 minutos\" \/>\n<script type=\"application\/ld+json\" class=\"yoast-schema-graph\">{\"@context\":\"https:\/\/schema.org\",\"@graph\":[{\"@type\":\"Article\",\"@id\":\"https:\/\/jornalfatosenoticias.com.br\/index.php\/2021\/07\/13\/oscilacao-na-orbita-da-lua-deve-trazer-mais-inundacoes-a-partir-de-2030\/#article\",\"isPartOf\":{\"@id\":\"https:\/\/jornalfatosenoticias.com.br\/index.php\/2021\/07\/13\/oscilacao-na-orbita-da-lua-deve-trazer-mais-inundacoes-a-partir-de-2030\/\"},\"author\":{\"name\":\"Luzimara Fernandes\",\"@id\":\"https:\/\/jornalfatosenoticias.com.br\/#\/schema\/person\/d63837fa13ac8666eb9e74e0985d6f81\"},\"headline\":\"Oscila\u00e7\u00e3o na \u00f3rbita da Lua deve trazer mais inunda\u00e7\u00f5es a partir de 2030\",\"datePublished\":\"2021-07-13T13:46:08+00:00\",\"dateModified\":\"2021-07-13T13:46:09+00:00\",\"mainEntityOfPage\":{\"@id\":\"https:\/\/jornalfatosenoticias.com.br\/index.php\/2021\/07\/13\/oscilacao-na-orbita-da-lua-deve-trazer-mais-inundacoes-a-partir-de-2030\/\"},\"wordCount\":854,\"commentCount\":0,\"publisher\":{\"@id\":\"https:\/\/jornalfatosenoticias.com.br\/#organization\"},\"image\":{\"@id\":\"https:\/\/jornalfatosenoticias.com.br\/index.php\/2021\/07\/13\/oscilacao-na-orbita-da-lua-deve-trazer-mais-inundacoes-a-partir-de-2030\/#primaryimage\"},\"thumbnailUrl\":\"https:\/\/jornalfatosenoticias.com.br\/wp-content\/uploads\/2021\/07\/lua-e-mares1_Shutterstock.jpg\",\"keywords\":[\"aquecimento global\",\"desastres\",\"efeito estufa\",\"inunda\u00e7\u00f5es\",\"lua\",\"mar\u00e9\",\"Nasa\",\"\u00f3rbita\"],\"articleSection\":[\"Ci\u00eancia\"],\"inLanguage\":\"pt-BR\",\"potentialAction\":[{\"@type\":\"CommentAction\",\"name\":\"Comment\",\"target\":[\"https:\/\/jornalfatosenoticias.com.br\/index.php\/2021\/07\/13\/oscilacao-na-orbita-da-lua-deve-trazer-mais-inundacoes-a-partir-de-2030\/#respond\"]}]},{\"@type\":\"WebPage\",\"@id\":\"https:\/\/jornalfatosenoticias.com.br\/index.php\/2021\/07\/13\/oscilacao-na-orbita-da-lua-deve-trazer-mais-inundacoes-a-partir-de-2030\/\",\"url\":\"https:\/\/jornalfatosenoticias.com.br\/index.php\/2021\/07\/13\/oscilacao-na-orbita-da-lua-deve-trazer-mais-inundacoes-a-partir-de-2030\/\",\"name\":\"Oscila\u00e7\u00e3o na \u00f3rbita da Lua deve trazer mais inunda\u00e7\u00f5es a partir de 2030 - Jornal Fatos e Not\u00edcias\",\"isPartOf\":{\"@id\":\"https:\/\/jornalfatosenoticias.com.br\/#website\"},\"primaryImageOfPage\":{\"@id\":\"https:\/\/jornalfatosenoticias.com.br\/index.php\/2021\/07\/13\/oscilacao-na-orbita-da-lua-deve-trazer-mais-inundacoes-a-partir-de-2030\/#primaryimage\"},\"image\":{\"@id\":\"https:\/\/jornalfatosenoticias.com.br\/index.php\/2021\/07\/13\/oscilacao-na-orbita-da-lua-deve-trazer-mais-inundacoes-a-partir-de-2030\/#primaryimage\"},\"thumbnailUrl\":\"https:\/\/jornalfatosenoticias.com.br\/wp-content\/uploads\/2021\/07\/lua-e-mares1_Shutterstock.jpg\",\"datePublished\":\"2021-07-13T13:46:08+00:00\",\"dateModified\":\"2021-07-13T13:46:09+00:00\",\"breadcrumb\":{\"@id\":\"https:\/\/jornalfatosenoticias.com.br\/index.php\/2021\/07\/13\/oscilacao-na-orbita-da-lua-deve-trazer-mais-inundacoes-a-partir-de-2030\/#breadcrumb\"},\"inLanguage\":\"pt-BR\",\"potentialAction\":[{\"@type\":\"ReadAction\",\"target\":[\"https:\/\/jornalfatosenoticias.com.br\/index.php\/2021\/07\/13\/oscilacao-na-orbita-da-lua-deve-trazer-mais-inundacoes-a-partir-de-2030\/\"]}]},{\"@type\":\"ImageObject\",\"inLanguage\":\"pt-BR\",\"@id\":\"https:\/\/jornalfatosenoticias.com.br\/index.php\/2021\/07\/13\/oscilacao-na-orbita-da-lua-deve-trazer-mais-inundacoes-a-partir-de-2030\/#primaryimage\",\"url\":\"https:\/\/jornalfatosenoticias.com.br\/wp-content\/uploads\/2021\/07\/lua-e-mares1_Shutterstock.jpg\",\"contentUrl\":\"https:\/\/jornalfatosenoticias.com.br\/wp-content\/uploads\/2021\/07\/lua-e-mares1_Shutterstock.jpg\",\"width\":1000,\"height\":351},{\"@type\":\"BreadcrumbList\",\"@id\":\"https:\/\/jornalfatosenoticias.com.br\/index.php\/2021\/07\/13\/oscilacao-na-orbita-da-lua-deve-trazer-mais-inundacoes-a-partir-de-2030\/#breadcrumb\",\"itemListElement\":[{\"@type\":\"ListItem\",\"position\":1,\"name\":\"In\u00edcio\",\"item\":\"https:\/\/jornalfatosenoticias.com.br\/\"},{\"@type\":\"ListItem\",\"position\":2,\"name\":\"Oscila\u00e7\u00e3o na \u00f3rbita da Lua deve trazer mais inunda\u00e7\u00f5es a partir de 2030\"}]},{\"@type\":\"WebSite\",\"@id\":\"https:\/\/jornalfatosenoticias.com.br\/#website\",\"url\":\"https:\/\/jornalfatosenoticias.com.br\/\",\"name\":\"Jornal Fatos e Not\u00edcias\",\"description\":\"Not\u00edcias em geral\",\"publisher\":{\"@id\":\"https:\/\/jornalfatosenoticias.com.br\/#organization\"},\"potentialAction\":[{\"@type\":\"SearchAction\",\"target\":{\"@type\":\"EntryPoint\",\"urlTemplate\":\"https:\/\/jornalfatosenoticias.com.br\/?s={search_term_string}\"},\"query-input\":{\"@type\":\"PropertyValueSpecification\",\"valueRequired\":true,\"valueName\":\"search_term_string\"}}],\"inLanguage\":\"pt-BR\"},{\"@type\":\"Organization\",\"@id\":\"https:\/\/jornalfatosenoticias.com.br\/#organization\",\"name\":\"Jornal Fatos e Not\u00edcias\",\"url\":\"https:\/\/jornalfatosenoticias.com.br\/\",\"logo\":{\"@type\":\"ImageObject\",\"inLanguage\":\"pt-BR\",\"@id\":\"https:\/\/jornalfatosenoticias.com.br\/#\/schema\/logo\/image\/\",\"url\":\"https:\/\/jornalfatosenoticias.com.br\/wp-content\/uploads\/2020\/02\/logo120.png\",\"contentUrl\":\"https:\/\/jornalfatosenoticias.com.br\/wp-content\/uploads\/2020\/02\/logo120.png\",\"width\":1227,\"height\":120,\"caption\":\"Jornal Fatos e Not\u00edcias\"},\"image\":{\"@id\":\"https:\/\/jornalfatosenoticias.com.br\/#\/schema\/logo\/image\/\"}},{\"@type\":\"Person\",\"@id\":\"https:\/\/jornalfatosenoticias.com.br\/#\/schema\/person\/d63837fa13ac8666eb9e74e0985d6f81\",\"name\":\"Luzimara Fernandes\",\"image\":{\"@type\":\"ImageObject\",\"inLanguage\":\"pt-BR\",\"@id\":\"https:\/\/jornalfatosenoticias.com.br\/#\/schema\/person\/image\/\",\"url\":\"https:\/\/jornalfatosenoticias.com.br\/wp-content\/uploads\/2025\/05\/EU_portal.jpg\",\"contentUrl\":\"https:\/\/jornalfatosenoticias.com.br\/wp-content\/uploads\/2025\/05\/EU_portal.jpg\",\"caption\":\"Luzimara Fernandes\"},\"description\":\"Jornalista MTB 2358-ES\",\"sameAs\":[\"https:\/\/jornalfatosenoticias.com.br\"],\"url\":\"https:\/\/jornalfatosenoticias.com.br\/index.php\/author\/luzimara\/\"}]}<\/script>\n<!-- \/ Yoast SEO plugin. -->","yoast_head_json":{"title":"Oscila\u00e7\u00e3o na \u00f3rbita da Lua deve trazer mais inunda\u00e7\u00f5es a partir de 2030 - Jornal Fatos e Not\u00edcias","robots":{"index":"index","follow":"follow","max-snippet":"max-snippet:-1","max-image-preview":"max-image-preview:large","max-video-preview":"max-video-preview:-1"},"canonical":"https:\/\/jornalfatosenoticias.com.br\/index.php\/2021\/07\/13\/oscilacao-na-orbita-da-lua-deve-trazer-mais-inundacoes-a-partir-de-2030\/","og_locale":"pt_BR","og_type":"article","og_title":"Oscila\u00e7\u00e3o na \u00f3rbita da Lua deve trazer mais inunda\u00e7\u00f5es a partir de 2030 - Jornal Fatos e Not\u00edcias","og_description":"Um estudo\u00a0conduzido pela\u00a0Nasa afirma que, at\u00e9 a d\u00e9cada de 2030, a oscila\u00e7\u00e3o presente na \u00f3rbita da Lua far\u00e1 com que n\u00f3s tenhamos mais inunda\u00e7\u00f5es. A pesquisa tem rela\u00e7\u00e3o com os prov\u00e1veis efeitos do aquecimento global nos pr\u00f3ximos anos e foi publicada no jornal Nature Climate Change.Segundo o levantamento, um dos efeitos do aquecimento global \u2014 [&hellip;]","og_url":"https:\/\/jornalfatosenoticias.com.br\/index.php\/2021\/07\/13\/oscilacao-na-orbita-da-lua-deve-trazer-mais-inundacoes-a-partir-de-2030\/","og_site_name":"Jornal Fatos e Not\u00edcias","article_published_time":"2021-07-13T13:46:08+00:00","article_modified_time":"2021-07-13T13:46:09+00:00","og_image":[{"width":1000,"height":351,"url":"https:\/\/jornalfatosenoticias.com.br\/wp-content\/uploads\/2021\/07\/lua-e-mares1_Shutterstock.jpg","type":"image\/jpeg"}],"author":"Luzimara Fernandes","twitter_card":"summary_large_image","twitter_misc":{"Escrito por":"Luzimara Fernandes","Est. tempo de leitura":"4 minutos"},"schema":{"@context":"https:\/\/schema.org","@graph":[{"@type":"Article","@id":"https:\/\/jornalfatosenoticias.com.br\/index.php\/2021\/07\/13\/oscilacao-na-orbita-da-lua-deve-trazer-mais-inundacoes-a-partir-de-2030\/#article","isPartOf":{"@id":"https:\/\/jornalfatosenoticias.com.br\/index.php\/2021\/07\/13\/oscilacao-na-orbita-da-lua-deve-trazer-mais-inundacoes-a-partir-de-2030\/"},"author":{"name":"Luzimara Fernandes","@id":"https:\/\/jornalfatosenoticias.com.br\/#\/schema\/person\/d63837fa13ac8666eb9e74e0985d6f81"},"headline":"Oscila\u00e7\u00e3o na \u00f3rbita da Lua deve trazer mais inunda\u00e7\u00f5es a partir de 2030","datePublished":"2021-07-13T13:46:08+00:00","dateModified":"2021-07-13T13:46:09+00:00","mainEntityOfPage":{"@id":"https:\/\/jornalfatosenoticias.com.br\/index.php\/2021\/07\/13\/oscilacao-na-orbita-da-lua-deve-trazer-mais-inundacoes-a-partir-de-2030\/"},"wordCount":854,"commentCount":0,"publisher":{"@id":"https:\/\/jornalfatosenoticias.com.br\/#organization"},"image":{"@id":"https:\/\/jornalfatosenoticias.com.br\/index.php\/2021\/07\/13\/oscilacao-na-orbita-da-lua-deve-trazer-mais-inundacoes-a-partir-de-2030\/#primaryimage"},"thumbnailUrl":"https:\/\/jornalfatosenoticias.com.br\/wp-content\/uploads\/2021\/07\/lua-e-mares1_Shutterstock.jpg","keywords":["aquecimento global","desastres","efeito estufa","inunda\u00e7\u00f5es","lua","mar\u00e9","Nasa","\u00f3rbita"],"articleSection":["Ci\u00eancia"],"inLanguage":"pt-BR","potentialAction":[{"@type":"CommentAction","name":"Comment","target":["https:\/\/jornalfatosenoticias.com.br\/index.php\/2021\/07\/13\/oscilacao-na-orbita-da-lua-deve-trazer-mais-inundacoes-a-partir-de-2030\/#respond"]}]},{"@type":"WebPage","@id":"https:\/\/jornalfatosenoticias.com.br\/index.php\/2021\/07\/13\/oscilacao-na-orbita-da-lua-deve-trazer-mais-inundacoes-a-partir-de-2030\/","url":"https:\/\/jornalfatosenoticias.com.br\/index.php\/2021\/07\/13\/oscilacao-na-orbita-da-lua-deve-trazer-mais-inundacoes-a-partir-de-2030\/","name":"Oscila\u00e7\u00e3o na \u00f3rbita da Lua deve trazer mais inunda\u00e7\u00f5es a partir de 2030 - Jornal Fatos e Not\u00edcias","isPartOf":{"@id":"https:\/\/jornalfatosenoticias.com.br\/#website"},"primaryImageOfPage":{"@id":"https:\/\/jornalfatosenoticias.com.br\/index.php\/2021\/07\/13\/oscilacao-na-orbita-da-lua-deve-trazer-mais-inundacoes-a-partir-de-2030\/#primaryimage"},"image":{"@id":"https:\/\/jornalfatosenoticias.com.br\/index.php\/2021\/07\/13\/oscilacao-na-orbita-da-lua-deve-trazer-mais-inundacoes-a-partir-de-2030\/#primaryimage"},"thumbnailUrl":"https:\/\/jornalfatosenoticias.com.br\/wp-content\/uploads\/2021\/07\/lua-e-mares1_Shutterstock.jpg","datePublished":"2021-07-13T13:46:08+00:00","dateModified":"2021-07-13T13:46:09+00:00","breadcrumb":{"@id":"https:\/\/jornalfatosenoticias.com.br\/index.php\/2021\/07\/13\/oscilacao-na-orbita-da-lua-deve-trazer-mais-inundacoes-a-partir-de-2030\/#breadcrumb"},"inLanguage":"pt-BR","potentialAction":[{"@type":"ReadAction","target":["https:\/\/jornalfatosenoticias.com.br\/index.php\/2021\/07\/13\/oscilacao-na-orbita-da-lua-deve-trazer-mais-inundacoes-a-partir-de-2030\/"]}]},{"@type":"ImageObject","inLanguage":"pt-BR","@id":"https:\/\/jornalfatosenoticias.com.br\/index.php\/2021\/07\/13\/oscilacao-na-orbita-da-lua-deve-trazer-mais-inundacoes-a-partir-de-2030\/#primaryimage","url":"https:\/\/jornalfatosenoticias.com.br\/wp-content\/uploads\/2021\/07\/lua-e-mares1_Shutterstock.jpg","contentUrl":"https:\/\/jornalfatosenoticias.com.br\/wp-content\/uploads\/2021\/07\/lua-e-mares1_Shutterstock.jpg","width":1000,"height":351},{"@type":"BreadcrumbList","@id":"https:\/\/jornalfatosenoticias.com.br\/index.php\/2021\/07\/13\/oscilacao-na-orbita-da-lua-deve-trazer-mais-inundacoes-a-partir-de-2030\/#breadcrumb","itemListElement":[{"@type":"ListItem","position":1,"name":"In\u00edcio","item":"https:\/\/jornalfatosenoticias.com.br\/"},{"@type":"ListItem","position":2,"name":"Oscila\u00e7\u00e3o na \u00f3rbita da Lua deve trazer mais inunda\u00e7\u00f5es a partir de 2030"}]},{"@type":"WebSite","@id":"https:\/\/jornalfatosenoticias.com.br\/#website","url":"https:\/\/jornalfatosenoticias.com.br\/","name":"Jornal Fatos e Not\u00edcias","description":"Not\u00edcias em geral","publisher":{"@id":"https:\/\/jornalfatosenoticias.com.br\/#organization"},"potentialAction":[{"@type":"SearchAction","target":{"@type":"EntryPoint","urlTemplate":"https:\/\/jornalfatosenoticias.com.br\/?s={search_term_string}"},"query-input":{"@type":"PropertyValueSpecification","valueRequired":true,"valueName":"search_term_string"}}],"inLanguage":"pt-BR"},{"@type":"Organization","@id":"https:\/\/jornalfatosenoticias.com.br\/#organization","name":"Jornal Fatos e Not\u00edcias","url":"https:\/\/jornalfatosenoticias.com.br\/","logo":{"@type":"ImageObject","inLanguage":"pt-BR","@id":"https:\/\/jornalfatosenoticias.com.br\/#\/schema\/logo\/image\/","url":"https:\/\/jornalfatosenoticias.com.br\/wp-content\/uploads\/2020\/02\/logo120.png","contentUrl":"https:\/\/jornalfatosenoticias.com.br\/wp-content\/uploads\/2020\/02\/logo120.png","width":1227,"height":120,"caption":"Jornal Fatos e Not\u00edcias"},"image":{"@id":"https:\/\/jornalfatosenoticias.com.br\/#\/schema\/logo\/image\/"}},{"@type":"Person","@id":"https:\/\/jornalfatosenoticias.com.br\/#\/schema\/person\/d63837fa13ac8666eb9e74e0985d6f81","name":"Luzimara Fernandes","image":{"@type":"ImageObject","inLanguage":"pt-BR","@id":"https:\/\/jornalfatosenoticias.com.br\/#\/schema\/person\/image\/","url":"https:\/\/jornalfatosenoticias.com.br\/wp-content\/uploads\/2025\/05\/EU_portal.jpg","contentUrl":"https:\/\/jornalfatosenoticias.com.br\/wp-content\/uploads\/2025\/05\/EU_portal.jpg","caption":"Luzimara Fernandes"},"description":"Jornalista MTB 2358-ES","sameAs":["https:\/\/jornalfatosenoticias.com.br"],"url":"https:\/\/jornalfatosenoticias.com.br\/index.php\/author\/luzimara\/"}]}},"cc_featured_image_caption":{"caption_text":"(Foto: Shutterstock)\r\n","source_text":"","source_url":""},"jetpack_featured_media_url":"https:\/\/jornalfatosenoticias.com.br\/wp-content\/uploads\/2021\/07\/lua-e-mares1_Shutterstock.jpg","_links":{"self":[{"href":"https:\/\/jornalfatosenoticias.com.br\/index.php\/wp-json\/wp\/v2\/posts\/20626","targetHints":{"allow":["GET"]}}],"collection":[{"href":"https:\/\/jornalfatosenoticias.com.br\/index.php\/wp-json\/wp\/v2\/posts"}],"about":[{"href":"https:\/\/jornalfatosenoticias.com.br\/index.php\/wp-json\/wp\/v2\/types\/post"}],"author":[{"embeddable":true,"href":"https:\/\/jornalfatosenoticias.com.br\/index.php\/wp-json\/wp\/v2\/users\/2"}],"replies":[{"embeddable":true,"href":"https:\/\/jornalfatosenoticias.com.br\/index.php\/wp-json\/wp\/v2\/comments?post=20626"}],"version-history":[{"count":0,"href":"https:\/\/jornalfatosenoticias.com.br\/index.php\/wp-json\/wp\/v2\/posts\/20626\/revisions"}],"wp:featuredmedia":[{"embeddable":true,"href":"https:\/\/jornalfatosenoticias.com.br\/index.php\/wp-json\/wp\/v2\/media\/20628"}],"wp:attachment":[{"href":"https:\/\/jornalfatosenoticias.com.br\/index.php\/wp-json\/wp\/v2\/media?parent=20626"}],"wp:term":[{"taxonomy":"category","embeddable":true,"href":"https:\/\/jornalfatosenoticias.com.br\/index.php\/wp-json\/wp\/v2\/categories?post=20626"},{"taxonomy":"post_tag","embeddable":true,"href":"https:\/\/jornalfatosenoticias.com.br\/index.php\/wp-json\/wp\/v2\/tags?post=20626"}],"curies":[{"name":"wp","href":"https:\/\/api.w.org\/{rel}","templated":true}]}}