{"id":20630,"date":"2021-07-13T10:56:46","date_gmt":"2021-07-13T13:56:46","guid":{"rendered":"https:\/\/jornalfatosenoticias.com.br\/?p=20630"},"modified":"2021-07-13T10:56:49","modified_gmt":"2021-07-13T13:56:49","slug":"precisamos-nos-preparar-para-calor-extremo-alertam-cientistas","status":"publish","type":"post","link":"https:\/\/jornalfatosenoticias.com.br\/index.php\/2021\/07\/13\/precisamos-nos-preparar-para-calor-extremo-alertam-cientistas\/","title":{"rendered":"Precisamos nos preparar para \u2018calor extremo\u2019, alertam cientistas"},"content":{"rendered":"\n<p><em><span class=\"has-inline-color has-black-color\">Ondas de calor extremas em consequ\u00eancia do aquecimento global t\u00eam causados inc\u00eandios e mortes<\/span><\/em><\/p>\n\n\n\n<p>O aumento das temperaturas causado pelo aquecimento global est\u00e1 atingindo a humanidade mais r\u00e1pido e mais forte do que o previsto, dizem cientistas do clima ap\u00f3s a onda de calor extremo notada nos EUA e Canad\u00e1, que vem causando inc\u00eandios florestais e mortes. Por isso, o mundo precisa intensificar os preparativos para enfrentar o desafio clim\u00e1tico global, alertou um grupo de cientistas durante confer\u00eancia realizada na \u00faltima semana.<br>Situa\u00e7\u00f5es como as vistas na Columbia Brit\u00e2nica canadense e nos estados de Washington e Oregon, que v\u00eam batendo recordes di\u00e1rios de temperatura, seriam consideradas imposs\u00edveis h\u00e1 duas semanas, disseram os especialistas. O momento, afirmam, \u00e9 delicado.<br>Os autores do novo estudo disseram que a \u00faltima onda de aquecimento excedeu at\u00e9 mesmo os piores cen\u00e1rios dos modelos clim\u00e1ticos simulados em estudos hipot\u00e9ticos. Isso est\u00e1 for\u00e7ando os pesquisadores a revisar conclus\u00f5es e considerar a possibilidade de que outras partes do mundo, incluindo o Reino Unido, possam sofrer choques de temperatura semelhantes.<br>\u201cEste \u00e9 de longe o maior salto no registro que j\u00e1 vi\u201d, disse o Dr. Friederike Otto, diretor do instituto de mudan\u00e7as clim\u00e1ticas da Universidade de Oxford, e um dos fundadores do grupo World Weather Attribution, que produziu o \u00faltimo estudo. \u201cDefinitivamente, n\u00e3o devemos esperar que as ondas de calor se comportem como no passado, e por isso, precisamos nos preparar\u201d, afirmou ao The Guardian.<br>Um dos focos principais do trabalho \u00e9 analisar se as \u00e1reas afetadas sofreram um rev\u00e9s acidental ou se o sistema clim\u00e1tico realmente cruzou um limiar e entrou em um novo est\u00e1gio em que uma pequena quantidade de aquecimento global pode causar um aumento mais r\u00e1pido \u2014 e extremo \u2014 nas temperaturas, trazendo calor e mortes a todo o planeta.<br>Ainda n\u00e3o h\u00e1 um consenso cient\u00edfico sobre isso, mas os pesquisadores agora estudar\u00e3o com urg\u00eancia se outras formas de perturba\u00e7\u00e3o clim\u00e1tica, como a seca ou a desacelera\u00e7\u00e3o das corrente de ar, podem estar tamb\u00e9m associadas ao fen\u00f4meno e ampliando as ondas de calor. As manchetes recentes se concentraram nos EUA e no Canad\u00e1, que atingiram um recorde de 49,6\u00b0C em uma latitude semelhante \u00e0 do Reino Unido. Mais de 500 mortes foram associadas ao calor, que tamb\u00e9m gerou inc\u00eandios florestais, inunda\u00e7\u00f5es glaciais de degelo, cortes de energia e estradas empenadas.<br>Os cientistas destacaram que tend\u00eancias semelhantes de aquecimento podem ser encontradas em muitas outras partes do mundo, embora muitas vezes n\u00e3o sejam relatadas, principalmente na \u00c1frica Subsaariana, que n\u00e3o tem tantas esta\u00e7\u00f5es de monitoramento e recebe muito menos cobertura da m\u00eddia.<br>Partes da Sib\u00e9ria e do Paquist\u00e3o passaram recentemente por ondas de calor excepcionalmente intensas. Os dias mais quentes de junho tamb\u00e9m foram registrados no m\u00eas passado em Helsinque, Moscou e Est\u00f4nia.<br>Ainda de acordo com os cientistas, as temperaturas est\u00e3o subindo em todo o mundo como resultado das emiss\u00f5es de gases de efeito estufa, e esses recordes devem continuar a ser quebrados.<br>Uma primeira an\u00e1lise das ondas de calor, divulgada na semana passada, descobriu que as mudan\u00e7as clim\u00e1ticas causadas pelo homem tornam trazem 150 vezes mais chances de causar esse tipo de fen\u00f4meno e influenciar temperaturas e clima extremos.<\/p>\n\n\n\n<p><strong><em>Fonte: <a href=\"https:\/\/gooutside.com.br\/aquecimento-global-calor-mortes\/\">Go Outside<\/a><\/em><\/strong><\/p>\n","protected":false},"excerpt":{"rendered":"<p>Ondas de calor extremas em consequ\u00eancia do aquecimento global t\u00eam causados inc\u00eandios e mortes O aumento das temperaturas causado pelo aquecimento global est\u00e1 atingindo a humanidade mais r\u00e1pido e mais forte do que o previsto, dizem cientistas do clima ap\u00f3s a onda de calor extremo notada nos EUA e Canad\u00e1, que vem causando inc\u00eandios florestais [&hellip;]<\/p>\n","protected":false},"author":2,"featured_media":20631,"comment_status":"open","ping_status":"open","sticky":false,"template":"","format":"standard","meta":{"footnotes":""},"categories":[8],"tags":[362,10117,5233,72,4685,4909,10116],"class_list":["post-20630","post","type-post","status-publish","format-standard","has-post-thumbnail","hentry","category-meio-ambiente","tag-aquecimento-global","tag-aumento-das-temperaturas","tag-aumento-dos-oceanos","tag-clima","tag-degelo","tag-incendios-florestais","tag-ondas-de-calor-extremas"],"yoast_head":"<!-- This site is optimized with the Yoast SEO plugin v26.5 - https:\/\/yoast.com\/wordpress\/plugins\/seo\/ -->\n<title>Precisamos nos preparar para \u2018calor extremo\u2019, alertam cientistas - Jornal Fatos e Not\u00edcias<\/title>\n<meta name=\"robots\" content=\"index, follow, max-snippet:-1, max-image-preview:large, max-video-preview:-1\" \/>\n<link rel=\"canonical\" href=\"https:\/\/jornalfatosenoticias.com.br\/index.php\/2021\/07\/13\/precisamos-nos-preparar-para-calor-extremo-alertam-cientistas\/\" \/>\n<meta property=\"og:locale\" content=\"pt_BR\" \/>\n<meta property=\"og:type\" content=\"article\" \/>\n<meta property=\"og:title\" content=\"Precisamos nos preparar para \u2018calor extremo\u2019, alertam cientistas - Jornal Fatos e Not\u00edcias\" \/>\n<meta property=\"og:description\" content=\"Ondas de calor extremas em consequ\u00eancia do aquecimento global t\u00eam causados inc\u00eandios e mortes O aumento das temperaturas causado pelo aquecimento global est\u00e1 atingindo a humanidade mais r\u00e1pido e mais forte do que o previsto, dizem cientistas do clima ap\u00f3s a onda de calor extremo notada nos EUA e Canad\u00e1, que vem causando inc\u00eandios florestais [&hellip;]\" \/>\n<meta property=\"og:url\" content=\"https:\/\/jornalfatosenoticias.com.br\/index.php\/2021\/07\/13\/precisamos-nos-preparar-para-calor-extremo-alertam-cientistas\/\" \/>\n<meta property=\"og:site_name\" content=\"Jornal Fatos e Not\u00edcias\" \/>\n<meta property=\"article:published_time\" content=\"2021-07-13T13:56:46+00:00\" \/>\n<meta property=\"article:modified_time\" content=\"2021-07-13T13:56:49+00:00\" \/>\n<meta property=\"og:image\" content=\"https:\/\/jornalfatosenoticias.com.br\/wp-content\/uploads\/2021\/07\/aquecimento-global-geleiras-derretimento.jpg\" \/>\n\t<meta property=\"og:image:width\" content=\"1000\" \/>\n\t<meta property=\"og:image:height\" content=\"562\" \/>\n\t<meta property=\"og:image:type\" content=\"image\/jpeg\" \/>\n<meta name=\"author\" content=\"Luzimara Fernandes\" \/>\n<meta name=\"twitter:card\" content=\"summary_large_image\" \/>\n<meta name=\"twitter:label1\" content=\"Escrito por\" \/>\n\t<meta name=\"twitter:data1\" content=\"Luzimara Fernandes\" \/>\n\t<meta name=\"twitter:label2\" content=\"Est. tempo de leitura\" \/>\n\t<meta name=\"twitter:data2\" content=\"3 minutos\" \/>\n<script type=\"application\/ld+json\" class=\"yoast-schema-graph\">{\"@context\":\"https:\/\/schema.org\",\"@graph\":[{\"@type\":\"Article\",\"@id\":\"https:\/\/jornalfatosenoticias.com.br\/index.php\/2021\/07\/13\/precisamos-nos-preparar-para-calor-extremo-alertam-cientistas\/#article\",\"isPartOf\":{\"@id\":\"https:\/\/jornalfatosenoticias.com.br\/index.php\/2021\/07\/13\/precisamos-nos-preparar-para-calor-extremo-alertam-cientistas\/\"},\"author\":{\"name\":\"Luzimara Fernandes\",\"@id\":\"https:\/\/jornalfatosenoticias.com.br\/#\/schema\/person\/d63837fa13ac8666eb9e74e0985d6f81\"},\"headline\":\"Precisamos nos preparar para \u2018calor extremo\u2019, alertam cientistas\",\"datePublished\":\"2021-07-13T13:56:46+00:00\",\"dateModified\":\"2021-07-13T13:56:49+00:00\",\"mainEntityOfPage\":{\"@id\":\"https:\/\/jornalfatosenoticias.com.br\/index.php\/2021\/07\/13\/precisamos-nos-preparar-para-calor-extremo-alertam-cientistas\/\"},\"wordCount\":581,\"commentCount\":0,\"publisher\":{\"@id\":\"https:\/\/jornalfatosenoticias.com.br\/#organization\"},\"image\":{\"@id\":\"https:\/\/jornalfatosenoticias.com.br\/index.php\/2021\/07\/13\/precisamos-nos-preparar-para-calor-extremo-alertam-cientistas\/#primaryimage\"},\"thumbnailUrl\":\"https:\/\/jornalfatosenoticias.com.br\/wp-content\/uploads\/2021\/07\/aquecimento-global-geleiras-derretimento.jpg\",\"keywords\":[\"aquecimento global\",\"aumento das temperaturas\",\"aumento dos oceanos\",\"clima\",\"degelo\",\"inc\u00eandios florestais\",\"ondas de calor extremas\"],\"articleSection\":[\"Meio ambiente\"],\"inLanguage\":\"pt-BR\",\"potentialAction\":[{\"@type\":\"CommentAction\",\"name\":\"Comment\",\"target\":[\"https:\/\/jornalfatosenoticias.com.br\/index.php\/2021\/07\/13\/precisamos-nos-preparar-para-calor-extremo-alertam-cientistas\/#respond\"]}]},{\"@type\":\"WebPage\",\"@id\":\"https:\/\/jornalfatosenoticias.com.br\/index.php\/2021\/07\/13\/precisamos-nos-preparar-para-calor-extremo-alertam-cientistas\/\",\"url\":\"https:\/\/jornalfatosenoticias.com.br\/index.php\/2021\/07\/13\/precisamos-nos-preparar-para-calor-extremo-alertam-cientistas\/\",\"name\":\"Precisamos nos preparar para \u2018calor extremo\u2019, alertam cientistas - Jornal Fatos e Not\u00edcias\",\"isPartOf\":{\"@id\":\"https:\/\/jornalfatosenoticias.com.br\/#website\"},\"primaryImageOfPage\":{\"@id\":\"https:\/\/jornalfatosenoticias.com.br\/index.php\/2021\/07\/13\/precisamos-nos-preparar-para-calor-extremo-alertam-cientistas\/#primaryimage\"},\"image\":{\"@id\":\"https:\/\/jornalfatosenoticias.com.br\/index.php\/2021\/07\/13\/precisamos-nos-preparar-para-calor-extremo-alertam-cientistas\/#primaryimage\"},\"thumbnailUrl\":\"https:\/\/jornalfatosenoticias.com.br\/wp-content\/uploads\/2021\/07\/aquecimento-global-geleiras-derretimento.jpg\",\"datePublished\":\"2021-07-13T13:56:46+00:00\",\"dateModified\":\"2021-07-13T13:56:49+00:00\",\"breadcrumb\":{\"@id\":\"https:\/\/jornalfatosenoticias.com.br\/index.php\/2021\/07\/13\/precisamos-nos-preparar-para-calor-extremo-alertam-cientistas\/#breadcrumb\"},\"inLanguage\":\"pt-BR\",\"potentialAction\":[{\"@type\":\"ReadAction\",\"target\":[\"https:\/\/jornalfatosenoticias.com.br\/index.php\/2021\/07\/13\/precisamos-nos-preparar-para-calor-extremo-alertam-cientistas\/\"]}]},{\"@type\":\"ImageObject\",\"inLanguage\":\"pt-BR\",\"@id\":\"https:\/\/jornalfatosenoticias.com.br\/index.php\/2021\/07\/13\/precisamos-nos-preparar-para-calor-extremo-alertam-cientistas\/#primaryimage\",\"url\":\"https:\/\/jornalfatosenoticias.com.br\/wp-content\/uploads\/2021\/07\/aquecimento-global-geleiras-derretimento.jpg\",\"contentUrl\":\"https:\/\/jornalfatosenoticias.com.br\/wp-content\/uploads\/2021\/07\/aquecimento-global-geleiras-derretimento.jpg\",\"width\":1000,\"height\":562},{\"@type\":\"BreadcrumbList\",\"@id\":\"https:\/\/jornalfatosenoticias.com.br\/index.php\/2021\/07\/13\/precisamos-nos-preparar-para-calor-extremo-alertam-cientistas\/#breadcrumb\",\"itemListElement\":[{\"@type\":\"ListItem\",\"position\":1,\"name\":\"In\u00edcio\",\"item\":\"https:\/\/jornalfatosenoticias.com.br\/\"},{\"@type\":\"ListItem\",\"position\":2,\"name\":\"Precisamos nos preparar para \u2018calor extremo\u2019, alertam cientistas\"}]},{\"@type\":\"WebSite\",\"@id\":\"https:\/\/jornalfatosenoticias.com.br\/#website\",\"url\":\"https:\/\/jornalfatosenoticias.com.br\/\",\"name\":\"Jornal Fatos e Not\u00edcias\",\"description\":\"Not\u00edcias em geral\",\"publisher\":{\"@id\":\"https:\/\/jornalfatosenoticias.com.br\/#organization\"},\"potentialAction\":[{\"@type\":\"SearchAction\",\"target\":{\"@type\":\"EntryPoint\",\"urlTemplate\":\"https:\/\/jornalfatosenoticias.com.br\/?s={search_term_string}\"},\"query-input\":{\"@type\":\"PropertyValueSpecification\",\"valueRequired\":true,\"valueName\":\"search_term_string\"}}],\"inLanguage\":\"pt-BR\"},{\"@type\":\"Organization\",\"@id\":\"https:\/\/jornalfatosenoticias.com.br\/#organization\",\"name\":\"Jornal Fatos e Not\u00edcias\",\"url\":\"https:\/\/jornalfatosenoticias.com.br\/\",\"logo\":{\"@type\":\"ImageObject\",\"inLanguage\":\"pt-BR\",\"@id\":\"https:\/\/jornalfatosenoticias.com.br\/#\/schema\/logo\/image\/\",\"url\":\"https:\/\/jornalfatosenoticias.com.br\/wp-content\/uploads\/2020\/02\/logo120.png\",\"contentUrl\":\"https:\/\/jornalfatosenoticias.com.br\/wp-content\/uploads\/2020\/02\/logo120.png\",\"width\":1227,\"height\":120,\"caption\":\"Jornal Fatos e Not\u00edcias\"},\"image\":{\"@id\":\"https:\/\/jornalfatosenoticias.com.br\/#\/schema\/logo\/image\/\"}},{\"@type\":\"Person\",\"@id\":\"https:\/\/jornalfatosenoticias.com.br\/#\/schema\/person\/d63837fa13ac8666eb9e74e0985d6f81\",\"name\":\"Luzimara Fernandes\",\"image\":{\"@type\":\"ImageObject\",\"inLanguage\":\"pt-BR\",\"@id\":\"https:\/\/jornalfatosenoticias.com.br\/#\/schema\/person\/image\/\",\"url\":\"https:\/\/jornalfatosenoticias.com.br\/wp-content\/uploads\/2025\/05\/EU_portal.jpg\",\"contentUrl\":\"https:\/\/jornalfatosenoticias.com.br\/wp-content\/uploads\/2025\/05\/EU_portal.jpg\",\"caption\":\"Luzimara Fernandes\"},\"description\":\"Jornalista MTB 2358-ES\",\"sameAs\":[\"https:\/\/jornalfatosenoticias.com.br\"],\"url\":\"https:\/\/jornalfatosenoticias.com.br\/index.php\/author\/luzimara\/\"}]}<\/script>\n<!-- \/ Yoast SEO plugin. -->","yoast_head_json":{"title":"Precisamos nos preparar para \u2018calor extremo\u2019, alertam cientistas - Jornal Fatos e Not\u00edcias","robots":{"index":"index","follow":"follow","max-snippet":"max-snippet:-1","max-image-preview":"max-image-preview:large","max-video-preview":"max-video-preview:-1"},"canonical":"https:\/\/jornalfatosenoticias.com.br\/index.php\/2021\/07\/13\/precisamos-nos-preparar-para-calor-extremo-alertam-cientistas\/","og_locale":"pt_BR","og_type":"article","og_title":"Precisamos nos preparar para \u2018calor extremo\u2019, alertam cientistas - Jornal Fatos e Not\u00edcias","og_description":"Ondas de calor extremas em consequ\u00eancia do aquecimento global t\u00eam causados inc\u00eandios e mortes O aumento das temperaturas causado pelo aquecimento global est\u00e1 atingindo a humanidade mais r\u00e1pido e mais forte do que o previsto, dizem cientistas do clima ap\u00f3s a onda de calor extremo notada nos EUA e Canad\u00e1, que vem causando inc\u00eandios florestais [&hellip;]","og_url":"https:\/\/jornalfatosenoticias.com.br\/index.php\/2021\/07\/13\/precisamos-nos-preparar-para-calor-extremo-alertam-cientistas\/","og_site_name":"Jornal Fatos e Not\u00edcias","article_published_time":"2021-07-13T13:56:46+00:00","article_modified_time":"2021-07-13T13:56:49+00:00","og_image":[{"width":1000,"height":562,"url":"https:\/\/jornalfatosenoticias.com.br\/wp-content\/uploads\/2021\/07\/aquecimento-global-geleiras-derretimento.jpg","type":"image\/jpeg"}],"author":"Luzimara Fernandes","twitter_card":"summary_large_image","twitter_misc":{"Escrito por":"Luzimara Fernandes","Est. tempo de leitura":"3 minutos"},"schema":{"@context":"https:\/\/schema.org","@graph":[{"@type":"Article","@id":"https:\/\/jornalfatosenoticias.com.br\/index.php\/2021\/07\/13\/precisamos-nos-preparar-para-calor-extremo-alertam-cientistas\/#article","isPartOf":{"@id":"https:\/\/jornalfatosenoticias.com.br\/index.php\/2021\/07\/13\/precisamos-nos-preparar-para-calor-extremo-alertam-cientistas\/"},"author":{"name":"Luzimara Fernandes","@id":"https:\/\/jornalfatosenoticias.com.br\/#\/schema\/person\/d63837fa13ac8666eb9e74e0985d6f81"},"headline":"Precisamos nos preparar para \u2018calor extremo\u2019, alertam cientistas","datePublished":"2021-07-13T13:56:46+00:00","dateModified":"2021-07-13T13:56:49+00:00","mainEntityOfPage":{"@id":"https:\/\/jornalfatosenoticias.com.br\/index.php\/2021\/07\/13\/precisamos-nos-preparar-para-calor-extremo-alertam-cientistas\/"},"wordCount":581,"commentCount":0,"publisher":{"@id":"https:\/\/jornalfatosenoticias.com.br\/#organization"},"image":{"@id":"https:\/\/jornalfatosenoticias.com.br\/index.php\/2021\/07\/13\/precisamos-nos-preparar-para-calor-extremo-alertam-cientistas\/#primaryimage"},"thumbnailUrl":"https:\/\/jornalfatosenoticias.com.br\/wp-content\/uploads\/2021\/07\/aquecimento-global-geleiras-derretimento.jpg","keywords":["aquecimento global","aumento das temperaturas","aumento dos oceanos","clima","degelo","inc\u00eandios florestais","ondas de calor extremas"],"articleSection":["Meio ambiente"],"inLanguage":"pt-BR","potentialAction":[{"@type":"CommentAction","name":"Comment","target":["https:\/\/jornalfatosenoticias.com.br\/index.php\/2021\/07\/13\/precisamos-nos-preparar-para-calor-extremo-alertam-cientistas\/#respond"]}]},{"@type":"WebPage","@id":"https:\/\/jornalfatosenoticias.com.br\/index.php\/2021\/07\/13\/precisamos-nos-preparar-para-calor-extremo-alertam-cientistas\/","url":"https:\/\/jornalfatosenoticias.com.br\/index.php\/2021\/07\/13\/precisamos-nos-preparar-para-calor-extremo-alertam-cientistas\/","name":"Precisamos nos preparar para \u2018calor extremo\u2019, alertam cientistas - Jornal Fatos e Not\u00edcias","isPartOf":{"@id":"https:\/\/jornalfatosenoticias.com.br\/#website"},"primaryImageOfPage":{"@id":"https:\/\/jornalfatosenoticias.com.br\/index.php\/2021\/07\/13\/precisamos-nos-preparar-para-calor-extremo-alertam-cientistas\/#primaryimage"},"image":{"@id":"https:\/\/jornalfatosenoticias.com.br\/index.php\/2021\/07\/13\/precisamos-nos-preparar-para-calor-extremo-alertam-cientistas\/#primaryimage"},"thumbnailUrl":"https:\/\/jornalfatosenoticias.com.br\/wp-content\/uploads\/2021\/07\/aquecimento-global-geleiras-derretimento.jpg","datePublished":"2021-07-13T13:56:46+00:00","dateModified":"2021-07-13T13:56:49+00:00","breadcrumb":{"@id":"https:\/\/jornalfatosenoticias.com.br\/index.php\/2021\/07\/13\/precisamos-nos-preparar-para-calor-extremo-alertam-cientistas\/#breadcrumb"},"inLanguage":"pt-BR","potentialAction":[{"@type":"ReadAction","target":["https:\/\/jornalfatosenoticias.com.br\/index.php\/2021\/07\/13\/precisamos-nos-preparar-para-calor-extremo-alertam-cientistas\/"]}]},{"@type":"ImageObject","inLanguage":"pt-BR","@id":"https:\/\/jornalfatosenoticias.com.br\/index.php\/2021\/07\/13\/precisamos-nos-preparar-para-calor-extremo-alertam-cientistas\/#primaryimage","url":"https:\/\/jornalfatosenoticias.com.br\/wp-content\/uploads\/2021\/07\/aquecimento-global-geleiras-derretimento.jpg","contentUrl":"https:\/\/jornalfatosenoticias.com.br\/wp-content\/uploads\/2021\/07\/aquecimento-global-geleiras-derretimento.jpg","width":1000,"height":562},{"@type":"BreadcrumbList","@id":"https:\/\/jornalfatosenoticias.com.br\/index.php\/2021\/07\/13\/precisamos-nos-preparar-para-calor-extremo-alertam-cientistas\/#breadcrumb","itemListElement":[{"@type":"ListItem","position":1,"name":"In\u00edcio","item":"https:\/\/jornalfatosenoticias.com.br\/"},{"@type":"ListItem","position":2,"name":"Precisamos nos preparar para \u2018calor extremo\u2019, alertam cientistas"}]},{"@type":"WebSite","@id":"https:\/\/jornalfatosenoticias.com.br\/#website","url":"https:\/\/jornalfatosenoticias.com.br\/","name":"Jornal Fatos e Not\u00edcias","description":"Not\u00edcias em geral","publisher":{"@id":"https:\/\/jornalfatosenoticias.com.br\/#organization"},"potentialAction":[{"@type":"SearchAction","target":{"@type":"EntryPoint","urlTemplate":"https:\/\/jornalfatosenoticias.com.br\/?s={search_term_string}"},"query-input":{"@type":"PropertyValueSpecification","valueRequired":true,"valueName":"search_term_string"}}],"inLanguage":"pt-BR"},{"@type":"Organization","@id":"https:\/\/jornalfatosenoticias.com.br\/#organization","name":"Jornal Fatos e Not\u00edcias","url":"https:\/\/jornalfatosenoticias.com.br\/","logo":{"@type":"ImageObject","inLanguage":"pt-BR","@id":"https:\/\/jornalfatosenoticias.com.br\/#\/schema\/logo\/image\/","url":"https:\/\/jornalfatosenoticias.com.br\/wp-content\/uploads\/2020\/02\/logo120.png","contentUrl":"https:\/\/jornalfatosenoticias.com.br\/wp-content\/uploads\/2020\/02\/logo120.png","width":1227,"height":120,"caption":"Jornal Fatos e Not\u00edcias"},"image":{"@id":"https:\/\/jornalfatosenoticias.com.br\/#\/schema\/logo\/image\/"}},{"@type":"Person","@id":"https:\/\/jornalfatosenoticias.com.br\/#\/schema\/person\/d63837fa13ac8666eb9e74e0985d6f81","name":"Luzimara Fernandes","image":{"@type":"ImageObject","inLanguage":"pt-BR","@id":"https:\/\/jornalfatosenoticias.com.br\/#\/schema\/person\/image\/","url":"https:\/\/jornalfatosenoticias.com.br\/wp-content\/uploads\/2025\/05\/EU_portal.jpg","contentUrl":"https:\/\/jornalfatosenoticias.com.br\/wp-content\/uploads\/2025\/05\/EU_portal.jpg","caption":"Luzimara Fernandes"},"description":"Jornalista MTB 2358-ES","sameAs":["https:\/\/jornalfatosenoticias.com.br"],"url":"https:\/\/jornalfatosenoticias.com.br\/index.php\/author\/luzimara\/"}]}},"cc_featured_image_caption":{"caption_text":"(Foto: Freepik)","source_text":"","source_url":""},"jetpack_featured_media_url":"https:\/\/jornalfatosenoticias.com.br\/wp-content\/uploads\/2021\/07\/aquecimento-global-geleiras-derretimento.jpg","_links":{"self":[{"href":"https:\/\/jornalfatosenoticias.com.br\/index.php\/wp-json\/wp\/v2\/posts\/20630","targetHints":{"allow":["GET"]}}],"collection":[{"href":"https:\/\/jornalfatosenoticias.com.br\/index.php\/wp-json\/wp\/v2\/posts"}],"about":[{"href":"https:\/\/jornalfatosenoticias.com.br\/index.php\/wp-json\/wp\/v2\/types\/post"}],"author":[{"embeddable":true,"href":"https:\/\/jornalfatosenoticias.com.br\/index.php\/wp-json\/wp\/v2\/users\/2"}],"replies":[{"embeddable":true,"href":"https:\/\/jornalfatosenoticias.com.br\/index.php\/wp-json\/wp\/v2\/comments?post=20630"}],"version-history":[{"count":0,"href":"https:\/\/jornalfatosenoticias.com.br\/index.php\/wp-json\/wp\/v2\/posts\/20630\/revisions"}],"wp:featuredmedia":[{"embeddable":true,"href":"https:\/\/jornalfatosenoticias.com.br\/index.php\/wp-json\/wp\/v2\/media\/20631"}],"wp:attachment":[{"href":"https:\/\/jornalfatosenoticias.com.br\/index.php\/wp-json\/wp\/v2\/media?parent=20630"}],"wp:term":[{"taxonomy":"category","embeddable":true,"href":"https:\/\/jornalfatosenoticias.com.br\/index.php\/wp-json\/wp\/v2\/categories?post=20630"},{"taxonomy":"post_tag","embeddable":true,"href":"https:\/\/jornalfatosenoticias.com.br\/index.php\/wp-json\/wp\/v2\/tags?post=20630"}],"curies":[{"name":"wp","href":"https:\/\/api.w.org\/{rel}","templated":true}]}}