{"id":20640,"date":"2021-07-13T11:38:13","date_gmt":"2021-07-13T14:38:13","guid":{"rendered":"https:\/\/jornalfatosenoticias.com.br\/?p=20640"},"modified":"2021-07-13T11:38:17","modified_gmt":"2021-07-13T14:38:17","slug":"manifestantes-saem-as-ruas-de-cuba-para-protestar-contra-o-governo","status":"publish","type":"post","link":"https:\/\/jornalfatosenoticias.com.br\/index.php\/2021\/07\/13\/manifestantes-saem-as-ruas-de-cuba-para-protestar-contra-o-governo\/","title":{"rendered":"Manifestantes saem \u00e0s ruas de Cuba para protestar contra o governo"},"content":{"rendered":"\n<p><em><span class=\"has-inline-color has-black-color\">No \u00faltimo domingo (11), popula\u00e7\u00e3o entoou gritos como \u201cLiberdade\u201d e \u201cabaixo a Ditadura\u201d<\/span><\/em><\/p>\n\n\n\n<p>No \u00faltimo domingo (11), conforme relatou a AFP, milhares de pessoas foram \u00e0s ruas, em <a href=\"https:\/\/aventurasnahistoria.uol.com.br\/noticias\/historia-hoje\/esses-recursos-foram-bloqueados-cuba-denuncia-eua-por-atrapalhar-vacinacao-no-pais.phtml\" rel=\"noreferrer noopener\" target=\"_blank\">Cuba<\/a>, para protestar contra o governo. Com gritos como \u201cliberdade\u201d e \u201cabaixo a ditadura\u201d, cubanos mostraram sua insatisfa\u00e7\u00e3o contra a crise que o pa\u00eds vive e as restri\u00e7\u00f5es impostas para impedir a dissemina\u00e7\u00e3o do novo coronav\u00edrus.<br>Al\u00e9m disso, aponta a Reuters, o governo tamb\u00e9m foi criticado por neglig\u00eancia em ambos os casos. At\u00e9 o momento, cerca de 7,16 milh\u00f5es de doses da vacina contra a covid foram aplicadas no pa\u00eds, de acordo com dados da Our World In Data \u2014 o que representa pouco mais de 15% da popula\u00e7\u00e3o.<br>Em resposta aos atos, que s\u00e3o raros na ilha, <strong>Miguel D\u00edaz-Canel<\/strong>, primeiro-secret\u00e1rio do Partido Comunista de Cuba e dirigente do pa\u00eds, acusou os Estados Unidos de estarem por tr\u00e1s das <a href=\"https:\/\/aventurasnahistoria.uol.com.br\/noticias\/historia-hoje\/homem-atingido-por-bala-de-borracha-em-manifestacao-de-recife-perde-visao.phtml\" rel=\"noreferrer noopener\" target=\"_blank\">manifesta\u00e7\u00f5es<\/a>.<\/p>\n\n\n\n<blockquote class=\"wp-block-quote is-layout-flow wp-block-quote-is-layout-flow\"><p><span class=\"has-inline-color has-luminous-vivid-orange-color\">&#8220;Estamos convocando todos os revolucion\u00e1rios do pa\u00eds, todos os comunistas, a irem \u00e0s ruas onde existirem esfor\u00e7os para produzir essas provoca\u00e7\u00f5es&#8221;, declarou <strong>Di\u00e1z-Canel<\/strong> horas ap\u00f3s os protestos.<\/span><\/p><\/blockquote>\n\n\n\n<p>Segundo relatou a AFP, j\u00e1 no come\u00e7o da noite, ve\u00edculos das for\u00e7as especiais, que possuem metralhadoras acopladas, passaram a circular pelas ruas de Havana, capital do pa\u00eds. Pessoas que se reuniram no centro da cidade acabaram presas ap\u00f3s alguns epis\u00f3dios de tumulto e brigas.<br>De acordo com um rep\u00f3rter da Reuters, que cobriu os protestos, a pol\u00edcia cubana chegou a lan\u00e7ar spray de pimenta contra os manifestantes, por\u00e9m, as for\u00e7as de seguran\u00e7a n\u00e3o tentaram impedir a multid\u00e3o que gritava por \u201cliberdade\u201d e abafava os gritos de \u201c<a href=\"https:\/\/aventurasnahistoria.uol.com.br\/noticias\/reportagem\/no-dia-da-morte-de-kennedy-cia-tentou-matar-fidel-castro-com-uma-caneta-venenosa.phtml\" rel=\"noreferrer noopener\" target=\"_blank\"><strong>Fidel<\/strong><\/a>\u201d, que eram clamados por opositores.<\/p>\n\n\n\n<p><strong><em>Fonte: <a href=\"https:\/\/aventurasnahistoria.uol.com.br\/noticias\/historia-hoje\/manifestantes-saem-ruas-de-cuba-para-protestar-contra-governo.phtml\">Aventuras na Hist\u00f3ria<\/a><\/em><\/strong><\/p>\n","protected":false},"excerpt":{"rendered":"<p>No \u00faltimo domingo (11), popula\u00e7\u00e3o entoou gritos como \u201cLiberdade\u201d e \u201cabaixo a Ditadura\u201d No \u00faltimo domingo (11), conforme relatou a AFP, milhares de pessoas foram \u00e0s ruas, em Cuba, para protestar contra o governo. Com gritos como \u201cliberdade\u201d e \u201cabaixo a ditadura\u201d, cubanos mostraram sua insatisfa\u00e7\u00e3o contra a crise que o pa\u00eds vive e as [&hellip;]<\/p>\n","protected":false},"author":2,"featured_media":20641,"comment_status":"open","ping_status":"open","sticky":false,"template":"","format":"standard","meta":{"footnotes":""},"categories":[41],"tags":[5043,1244,10125,10124,3070],"class_list":["post-20640","post","type-post","status-publish","format-standard","has-post-thumbnail","hentry","category-internacional","tag-cuba","tag-ditadura","tag-governo-ditatorial-cubano","tag-manifestacoes","tag-protestos"],"yoast_head":"<!-- This site is optimized with the Yoast SEO plugin v26.5 - https:\/\/yoast.com\/wordpress\/plugins\/seo\/ -->\n<title>Manifestantes saem \u00e0s ruas de Cuba para protestar contra o governo - Jornal Fatos e Not\u00edcias<\/title>\n<meta name=\"robots\" content=\"index, follow, max-snippet:-1, max-image-preview:large, max-video-preview:-1\" \/>\n<link rel=\"canonical\" href=\"https:\/\/jornalfatosenoticias.com.br\/index.php\/2021\/07\/13\/manifestantes-saem-as-ruas-de-cuba-para-protestar-contra-o-governo\/\" \/>\n<meta property=\"og:locale\" content=\"pt_BR\" \/>\n<meta property=\"og:type\" content=\"article\" \/>\n<meta property=\"og:title\" content=\"Manifestantes saem \u00e0s ruas de Cuba para protestar contra o governo - Jornal Fatos e Not\u00edcias\" \/>\n<meta property=\"og:description\" content=\"No \u00faltimo domingo (11), popula\u00e7\u00e3o entoou gritos como \u201cLiberdade\u201d e \u201cabaixo a Ditadura\u201d No \u00faltimo domingo (11), conforme relatou a AFP, milhares de pessoas foram \u00e0s ruas, em Cuba, para protestar contra o governo. Com gritos como \u201cliberdade\u201d e \u201cabaixo a ditadura\u201d, cubanos mostraram sua insatisfa\u00e7\u00e3o contra a crise que o pa\u00eds vive e as [&hellip;]\" \/>\n<meta property=\"og:url\" content=\"https:\/\/jornalfatosenoticias.com.br\/index.php\/2021\/07\/13\/manifestantes-saem-as-ruas-de-cuba-para-protestar-contra-o-governo\/\" \/>\n<meta property=\"og:site_name\" content=\"Jornal Fatos e Not\u00edcias\" \/>\n<meta property=\"article:published_time\" content=\"2021-07-13T14:38:13+00:00\" \/>\n<meta property=\"article:modified_time\" content=\"2021-07-13T14:38:17+00:00\" \/>\n<meta property=\"og:image\" content=\"https:\/\/jornalfatosenoticias.com.br\/wp-content\/uploads\/2021\/07\/manifestacoes-em-cuba_getty-images.jpg\" \/>\n\t<meta property=\"og:image:width\" content=\"1000\" \/>\n\t<meta property=\"og:image:height\" content=\"562\" \/>\n\t<meta property=\"og:image:type\" content=\"image\/jpeg\" \/>\n<meta name=\"author\" content=\"Luzimara Fernandes\" \/>\n<meta name=\"twitter:card\" content=\"summary_large_image\" \/>\n<meta name=\"twitter:label1\" content=\"Escrito por\" \/>\n\t<meta name=\"twitter:data1\" content=\"Luzimara Fernandes\" \/>\n\t<meta name=\"twitter:label2\" content=\"Est. tempo de leitura\" \/>\n\t<meta name=\"twitter:data2\" content=\"2 minutos\" \/>\n<script type=\"application\/ld+json\" class=\"yoast-schema-graph\">{\"@context\":\"https:\/\/schema.org\",\"@graph\":[{\"@type\":\"Article\",\"@id\":\"https:\/\/jornalfatosenoticias.com.br\/index.php\/2021\/07\/13\/manifestantes-saem-as-ruas-de-cuba-para-protestar-contra-o-governo\/#article\",\"isPartOf\":{\"@id\":\"https:\/\/jornalfatosenoticias.com.br\/index.php\/2021\/07\/13\/manifestantes-saem-as-ruas-de-cuba-para-protestar-contra-o-governo\/\"},\"author\":{\"name\":\"Luzimara Fernandes\",\"@id\":\"https:\/\/jornalfatosenoticias.com.br\/#\/schema\/person\/d63837fa13ac8666eb9e74e0985d6f81\"},\"headline\":\"Manifestantes saem \u00e0s ruas de Cuba para protestar contra o governo\",\"datePublished\":\"2021-07-13T14:38:13+00:00\",\"dateModified\":\"2021-07-13T14:38:17+00:00\",\"mainEntityOfPage\":{\"@id\":\"https:\/\/jornalfatosenoticias.com.br\/index.php\/2021\/07\/13\/manifestantes-saem-as-ruas-de-cuba-para-protestar-contra-o-governo\/\"},\"wordCount\":316,\"commentCount\":0,\"publisher\":{\"@id\":\"https:\/\/jornalfatosenoticias.com.br\/#organization\"},\"image\":{\"@id\":\"https:\/\/jornalfatosenoticias.com.br\/index.php\/2021\/07\/13\/manifestantes-saem-as-ruas-de-cuba-para-protestar-contra-o-governo\/#primaryimage\"},\"thumbnailUrl\":\"https:\/\/jornalfatosenoticias.com.br\/wp-content\/uploads\/2021\/07\/manifestacoes-em-cuba_getty-images.jpg\",\"keywords\":[\"Cuba\",\"ditadura\",\"governo ditatorial cubano\",\"manifesta\u00e7\u00f5es\",\"protestos\"],\"articleSection\":[\"Internacional\"],\"inLanguage\":\"pt-BR\",\"potentialAction\":[{\"@type\":\"CommentAction\",\"name\":\"Comment\",\"target\":[\"https:\/\/jornalfatosenoticias.com.br\/index.php\/2021\/07\/13\/manifestantes-saem-as-ruas-de-cuba-para-protestar-contra-o-governo\/#respond\"]}]},{\"@type\":\"WebPage\",\"@id\":\"https:\/\/jornalfatosenoticias.com.br\/index.php\/2021\/07\/13\/manifestantes-saem-as-ruas-de-cuba-para-protestar-contra-o-governo\/\",\"url\":\"https:\/\/jornalfatosenoticias.com.br\/index.php\/2021\/07\/13\/manifestantes-saem-as-ruas-de-cuba-para-protestar-contra-o-governo\/\",\"name\":\"Manifestantes saem \u00e0s ruas de Cuba para protestar contra o governo - Jornal Fatos e Not\u00edcias\",\"isPartOf\":{\"@id\":\"https:\/\/jornalfatosenoticias.com.br\/#website\"},\"primaryImageOfPage\":{\"@id\":\"https:\/\/jornalfatosenoticias.com.br\/index.php\/2021\/07\/13\/manifestantes-saem-as-ruas-de-cuba-para-protestar-contra-o-governo\/#primaryimage\"},\"image\":{\"@id\":\"https:\/\/jornalfatosenoticias.com.br\/index.php\/2021\/07\/13\/manifestantes-saem-as-ruas-de-cuba-para-protestar-contra-o-governo\/#primaryimage\"},\"thumbnailUrl\":\"https:\/\/jornalfatosenoticias.com.br\/wp-content\/uploads\/2021\/07\/manifestacoes-em-cuba_getty-images.jpg\",\"datePublished\":\"2021-07-13T14:38:13+00:00\",\"dateModified\":\"2021-07-13T14:38:17+00:00\",\"breadcrumb\":{\"@id\":\"https:\/\/jornalfatosenoticias.com.br\/index.php\/2021\/07\/13\/manifestantes-saem-as-ruas-de-cuba-para-protestar-contra-o-governo\/#breadcrumb\"},\"inLanguage\":\"pt-BR\",\"potentialAction\":[{\"@type\":\"ReadAction\",\"target\":[\"https:\/\/jornalfatosenoticias.com.br\/index.php\/2021\/07\/13\/manifestantes-saem-as-ruas-de-cuba-para-protestar-contra-o-governo\/\"]}]},{\"@type\":\"ImageObject\",\"inLanguage\":\"pt-BR\",\"@id\":\"https:\/\/jornalfatosenoticias.com.br\/index.php\/2021\/07\/13\/manifestantes-saem-as-ruas-de-cuba-para-protestar-contra-o-governo\/#primaryimage\",\"url\":\"https:\/\/jornalfatosenoticias.com.br\/wp-content\/uploads\/2021\/07\/manifestacoes-em-cuba_getty-images.jpg\",\"contentUrl\":\"https:\/\/jornalfatosenoticias.com.br\/wp-content\/uploads\/2021\/07\/manifestacoes-em-cuba_getty-images.jpg\",\"width\":1000,\"height\":562},{\"@type\":\"BreadcrumbList\",\"@id\":\"https:\/\/jornalfatosenoticias.com.br\/index.php\/2021\/07\/13\/manifestantes-saem-as-ruas-de-cuba-para-protestar-contra-o-governo\/#breadcrumb\",\"itemListElement\":[{\"@type\":\"ListItem\",\"position\":1,\"name\":\"In\u00edcio\",\"item\":\"https:\/\/jornalfatosenoticias.com.br\/\"},{\"@type\":\"ListItem\",\"position\":2,\"name\":\"Manifestantes saem \u00e0s ruas de Cuba para protestar contra o governo\"}]},{\"@type\":\"WebSite\",\"@id\":\"https:\/\/jornalfatosenoticias.com.br\/#website\",\"url\":\"https:\/\/jornalfatosenoticias.com.br\/\",\"name\":\"Jornal Fatos e Not\u00edcias\",\"description\":\"Not\u00edcias em geral\",\"publisher\":{\"@id\":\"https:\/\/jornalfatosenoticias.com.br\/#organization\"},\"potentialAction\":[{\"@type\":\"SearchAction\",\"target\":{\"@type\":\"EntryPoint\",\"urlTemplate\":\"https:\/\/jornalfatosenoticias.com.br\/?s={search_term_string}\"},\"query-input\":{\"@type\":\"PropertyValueSpecification\",\"valueRequired\":true,\"valueName\":\"search_term_string\"}}],\"inLanguage\":\"pt-BR\"},{\"@type\":\"Organization\",\"@id\":\"https:\/\/jornalfatosenoticias.com.br\/#organization\",\"name\":\"Jornal Fatos e Not\u00edcias\",\"url\":\"https:\/\/jornalfatosenoticias.com.br\/\",\"logo\":{\"@type\":\"ImageObject\",\"inLanguage\":\"pt-BR\",\"@id\":\"https:\/\/jornalfatosenoticias.com.br\/#\/schema\/logo\/image\/\",\"url\":\"https:\/\/jornalfatosenoticias.com.br\/wp-content\/uploads\/2020\/02\/logo120.png\",\"contentUrl\":\"https:\/\/jornalfatosenoticias.com.br\/wp-content\/uploads\/2020\/02\/logo120.png\",\"width\":1227,\"height\":120,\"caption\":\"Jornal Fatos e Not\u00edcias\"},\"image\":{\"@id\":\"https:\/\/jornalfatosenoticias.com.br\/#\/schema\/logo\/image\/\"}},{\"@type\":\"Person\",\"@id\":\"https:\/\/jornalfatosenoticias.com.br\/#\/schema\/person\/d63837fa13ac8666eb9e74e0985d6f81\",\"name\":\"Luzimara Fernandes\",\"image\":{\"@type\":\"ImageObject\",\"inLanguage\":\"pt-BR\",\"@id\":\"https:\/\/jornalfatosenoticias.com.br\/#\/schema\/person\/image\/\",\"url\":\"https:\/\/jornalfatosenoticias.com.br\/wp-content\/uploads\/2025\/05\/EU_portal.jpg\",\"contentUrl\":\"https:\/\/jornalfatosenoticias.com.br\/wp-content\/uploads\/2025\/05\/EU_portal.jpg\",\"caption\":\"Luzimara Fernandes\"},\"description\":\"Jornalista MTB 2358-ES\",\"sameAs\":[\"https:\/\/jornalfatosenoticias.com.br\"],\"url\":\"https:\/\/jornalfatosenoticias.com.br\/index.php\/author\/luzimara\/\"}]}<\/script>\n<!-- \/ Yoast SEO plugin. -->","yoast_head_json":{"title":"Manifestantes saem \u00e0s ruas de Cuba para protestar contra o governo - Jornal Fatos e Not\u00edcias","robots":{"index":"index","follow":"follow","max-snippet":"max-snippet:-1","max-image-preview":"max-image-preview:large","max-video-preview":"max-video-preview:-1"},"canonical":"https:\/\/jornalfatosenoticias.com.br\/index.php\/2021\/07\/13\/manifestantes-saem-as-ruas-de-cuba-para-protestar-contra-o-governo\/","og_locale":"pt_BR","og_type":"article","og_title":"Manifestantes saem \u00e0s ruas de Cuba para protestar contra o governo - Jornal Fatos e Not\u00edcias","og_description":"No \u00faltimo domingo (11), popula\u00e7\u00e3o entoou gritos como \u201cLiberdade\u201d e \u201cabaixo a Ditadura\u201d No \u00faltimo domingo (11), conforme relatou a AFP, milhares de pessoas foram \u00e0s ruas, em Cuba, para protestar contra o governo. Com gritos como \u201cliberdade\u201d e \u201cabaixo a ditadura\u201d, cubanos mostraram sua insatisfa\u00e7\u00e3o contra a crise que o pa\u00eds vive e as [&hellip;]","og_url":"https:\/\/jornalfatosenoticias.com.br\/index.php\/2021\/07\/13\/manifestantes-saem-as-ruas-de-cuba-para-protestar-contra-o-governo\/","og_site_name":"Jornal Fatos e Not\u00edcias","article_published_time":"2021-07-13T14:38:13+00:00","article_modified_time":"2021-07-13T14:38:17+00:00","og_image":[{"width":1000,"height":562,"url":"https:\/\/jornalfatosenoticias.com.br\/wp-content\/uploads\/2021\/07\/manifestacoes-em-cuba_getty-images.jpg","type":"image\/jpeg"}],"author":"Luzimara Fernandes","twitter_card":"summary_large_image","twitter_misc":{"Escrito por":"Luzimara Fernandes","Est. tempo de leitura":"2 minutos"},"schema":{"@context":"https:\/\/schema.org","@graph":[{"@type":"Article","@id":"https:\/\/jornalfatosenoticias.com.br\/index.php\/2021\/07\/13\/manifestantes-saem-as-ruas-de-cuba-para-protestar-contra-o-governo\/#article","isPartOf":{"@id":"https:\/\/jornalfatosenoticias.com.br\/index.php\/2021\/07\/13\/manifestantes-saem-as-ruas-de-cuba-para-protestar-contra-o-governo\/"},"author":{"name":"Luzimara Fernandes","@id":"https:\/\/jornalfatosenoticias.com.br\/#\/schema\/person\/d63837fa13ac8666eb9e74e0985d6f81"},"headline":"Manifestantes saem \u00e0s ruas de Cuba para protestar contra o governo","datePublished":"2021-07-13T14:38:13+00:00","dateModified":"2021-07-13T14:38:17+00:00","mainEntityOfPage":{"@id":"https:\/\/jornalfatosenoticias.com.br\/index.php\/2021\/07\/13\/manifestantes-saem-as-ruas-de-cuba-para-protestar-contra-o-governo\/"},"wordCount":316,"commentCount":0,"publisher":{"@id":"https:\/\/jornalfatosenoticias.com.br\/#organization"},"image":{"@id":"https:\/\/jornalfatosenoticias.com.br\/index.php\/2021\/07\/13\/manifestantes-saem-as-ruas-de-cuba-para-protestar-contra-o-governo\/#primaryimage"},"thumbnailUrl":"https:\/\/jornalfatosenoticias.com.br\/wp-content\/uploads\/2021\/07\/manifestacoes-em-cuba_getty-images.jpg","keywords":["Cuba","ditadura","governo ditatorial cubano","manifesta\u00e7\u00f5es","protestos"],"articleSection":["Internacional"],"inLanguage":"pt-BR","potentialAction":[{"@type":"CommentAction","name":"Comment","target":["https:\/\/jornalfatosenoticias.com.br\/index.php\/2021\/07\/13\/manifestantes-saem-as-ruas-de-cuba-para-protestar-contra-o-governo\/#respond"]}]},{"@type":"WebPage","@id":"https:\/\/jornalfatosenoticias.com.br\/index.php\/2021\/07\/13\/manifestantes-saem-as-ruas-de-cuba-para-protestar-contra-o-governo\/","url":"https:\/\/jornalfatosenoticias.com.br\/index.php\/2021\/07\/13\/manifestantes-saem-as-ruas-de-cuba-para-protestar-contra-o-governo\/","name":"Manifestantes saem \u00e0s ruas de Cuba para protestar contra o governo - Jornal Fatos e Not\u00edcias","isPartOf":{"@id":"https:\/\/jornalfatosenoticias.com.br\/#website"},"primaryImageOfPage":{"@id":"https:\/\/jornalfatosenoticias.com.br\/index.php\/2021\/07\/13\/manifestantes-saem-as-ruas-de-cuba-para-protestar-contra-o-governo\/#primaryimage"},"image":{"@id":"https:\/\/jornalfatosenoticias.com.br\/index.php\/2021\/07\/13\/manifestantes-saem-as-ruas-de-cuba-para-protestar-contra-o-governo\/#primaryimage"},"thumbnailUrl":"https:\/\/jornalfatosenoticias.com.br\/wp-content\/uploads\/2021\/07\/manifestacoes-em-cuba_getty-images.jpg","datePublished":"2021-07-13T14:38:13+00:00","dateModified":"2021-07-13T14:38:17+00:00","breadcrumb":{"@id":"https:\/\/jornalfatosenoticias.com.br\/index.php\/2021\/07\/13\/manifestantes-saem-as-ruas-de-cuba-para-protestar-contra-o-governo\/#breadcrumb"},"inLanguage":"pt-BR","potentialAction":[{"@type":"ReadAction","target":["https:\/\/jornalfatosenoticias.com.br\/index.php\/2021\/07\/13\/manifestantes-saem-as-ruas-de-cuba-para-protestar-contra-o-governo\/"]}]},{"@type":"ImageObject","inLanguage":"pt-BR","@id":"https:\/\/jornalfatosenoticias.com.br\/index.php\/2021\/07\/13\/manifestantes-saem-as-ruas-de-cuba-para-protestar-contra-o-governo\/#primaryimage","url":"https:\/\/jornalfatosenoticias.com.br\/wp-content\/uploads\/2021\/07\/manifestacoes-em-cuba_getty-images.jpg","contentUrl":"https:\/\/jornalfatosenoticias.com.br\/wp-content\/uploads\/2021\/07\/manifestacoes-em-cuba_getty-images.jpg","width":1000,"height":562},{"@type":"BreadcrumbList","@id":"https:\/\/jornalfatosenoticias.com.br\/index.php\/2021\/07\/13\/manifestantes-saem-as-ruas-de-cuba-para-protestar-contra-o-governo\/#breadcrumb","itemListElement":[{"@type":"ListItem","position":1,"name":"In\u00edcio","item":"https:\/\/jornalfatosenoticias.com.br\/"},{"@type":"ListItem","position":2,"name":"Manifestantes saem \u00e0s ruas de Cuba para protestar contra o governo"}]},{"@type":"WebSite","@id":"https:\/\/jornalfatosenoticias.com.br\/#website","url":"https:\/\/jornalfatosenoticias.com.br\/","name":"Jornal Fatos e Not\u00edcias","description":"Not\u00edcias em geral","publisher":{"@id":"https:\/\/jornalfatosenoticias.com.br\/#organization"},"potentialAction":[{"@type":"SearchAction","target":{"@type":"EntryPoint","urlTemplate":"https:\/\/jornalfatosenoticias.com.br\/?s={search_term_string}"},"query-input":{"@type":"PropertyValueSpecification","valueRequired":true,"valueName":"search_term_string"}}],"inLanguage":"pt-BR"},{"@type":"Organization","@id":"https:\/\/jornalfatosenoticias.com.br\/#organization","name":"Jornal Fatos e Not\u00edcias","url":"https:\/\/jornalfatosenoticias.com.br\/","logo":{"@type":"ImageObject","inLanguage":"pt-BR","@id":"https:\/\/jornalfatosenoticias.com.br\/#\/schema\/logo\/image\/","url":"https:\/\/jornalfatosenoticias.com.br\/wp-content\/uploads\/2020\/02\/logo120.png","contentUrl":"https:\/\/jornalfatosenoticias.com.br\/wp-content\/uploads\/2020\/02\/logo120.png","width":1227,"height":120,"caption":"Jornal Fatos e Not\u00edcias"},"image":{"@id":"https:\/\/jornalfatosenoticias.com.br\/#\/schema\/logo\/image\/"}},{"@type":"Person","@id":"https:\/\/jornalfatosenoticias.com.br\/#\/schema\/person\/d63837fa13ac8666eb9e74e0985d6f81","name":"Luzimara Fernandes","image":{"@type":"ImageObject","inLanguage":"pt-BR","@id":"https:\/\/jornalfatosenoticias.com.br\/#\/schema\/person\/image\/","url":"https:\/\/jornalfatosenoticias.com.br\/wp-content\/uploads\/2025\/05\/EU_portal.jpg","contentUrl":"https:\/\/jornalfatosenoticias.com.br\/wp-content\/uploads\/2025\/05\/EU_portal.jpg","caption":"Luzimara Fernandes"},"description":"Jornalista MTB 2358-ES","sameAs":["https:\/\/jornalfatosenoticias.com.br"],"url":"https:\/\/jornalfatosenoticias.com.br\/index.php\/author\/luzimara\/"}]}},"cc_featured_image_caption":{"caption_text":"Manifestantes em Cuba (Foto: Getty Images)","source_text":"","source_url":""},"jetpack_featured_media_url":"https:\/\/jornalfatosenoticias.com.br\/wp-content\/uploads\/2021\/07\/manifestacoes-em-cuba_getty-images.jpg","_links":{"self":[{"href":"https:\/\/jornalfatosenoticias.com.br\/index.php\/wp-json\/wp\/v2\/posts\/20640","targetHints":{"allow":["GET"]}}],"collection":[{"href":"https:\/\/jornalfatosenoticias.com.br\/index.php\/wp-json\/wp\/v2\/posts"}],"about":[{"href":"https:\/\/jornalfatosenoticias.com.br\/index.php\/wp-json\/wp\/v2\/types\/post"}],"author":[{"embeddable":true,"href":"https:\/\/jornalfatosenoticias.com.br\/index.php\/wp-json\/wp\/v2\/users\/2"}],"replies":[{"embeddable":true,"href":"https:\/\/jornalfatosenoticias.com.br\/index.php\/wp-json\/wp\/v2\/comments?post=20640"}],"version-history":[{"count":0,"href":"https:\/\/jornalfatosenoticias.com.br\/index.php\/wp-json\/wp\/v2\/posts\/20640\/revisions"}],"wp:featuredmedia":[{"embeddable":true,"href":"https:\/\/jornalfatosenoticias.com.br\/index.php\/wp-json\/wp\/v2\/media\/20641"}],"wp:attachment":[{"href":"https:\/\/jornalfatosenoticias.com.br\/index.php\/wp-json\/wp\/v2\/media?parent=20640"}],"wp:term":[{"taxonomy":"category","embeddable":true,"href":"https:\/\/jornalfatosenoticias.com.br\/index.php\/wp-json\/wp\/v2\/categories?post=20640"},{"taxonomy":"post_tag","embeddable":true,"href":"https:\/\/jornalfatosenoticias.com.br\/index.php\/wp-json\/wp\/v2\/tags?post=20640"}],"curies":[{"name":"wp","href":"https:\/\/api.w.org\/{rel}","templated":true}]}}