{"id":20656,"date":"2021-07-14T10:06:24","date_gmt":"2021-07-14T13:06:24","guid":{"rendered":"https:\/\/jornalfatosenoticias.com.br\/?p=20656"},"modified":"2021-07-14T10:06:28","modified_gmt":"2021-07-14T13:06:28","slug":"secas-na-america-do-sul-podem-aumentar-ate-2100","status":"publish","type":"post","link":"https:\/\/jornalfatosenoticias.com.br\/index.php\/2021\/07\/14\/secas-na-america-do-sul-podem-aumentar-ate-2100\/","title":{"rendered":"Secas na Am\u00e9rica do Sul podem aumentar at\u00e9 2100"},"content":{"rendered":"\n<p><em><span class=\"has-inline-color has-black-color\">Sem diminui\u00e7\u00e3o de emiss\u00f5es de gases de efeito estufa, extremos clim\u00e1ticos se tornar\u00e3o mais intensos e frequentes<\/span><\/em><\/p>\n\n\n\n<p>Se as emiss\u00f5es de gases de efeito estufa (GEE) continuarem no patamar atual, a temperatura m\u00e9dia na Am\u00e9rica do Sul pode subir at\u00e9 4\u00baC at\u00e9 o fim do s\u00e9culo, em um cen\u00e1rio mais pessimista, tornando os eventos clim\u00e1ticos extremos \u2014 como secas, inunda\u00e7\u00f5es e inc\u00eandios florestais \u2014 mais frequentes e intensos na regi\u00e3o. As proje\u00e7\u00f5es foram feitas no \u00e2mbito de um estudo internacional, com a participa\u00e7\u00e3o de pesquisadores brasileiros.<br><strong>Os resultados do trabalho, apoiado pela Fapesp por meio de um\u00a0<a href=\"https:\/\/bv.fapesp.br\/pt\/auxilios\/93229\/fenomenos-dinamicos-em-redes-complexas-fundamentos-e-aplicacoes\/?q=15\/50122-0\">Projeto Tem\u00e1tico<\/a>\u00a0ligado ao\u00a0<a href=\"https:\/\/bv.fapesp.br\/pt\/auxilios\/97629\/inct-2014-inct-para-mudancas-climaticas-inct-mc\/\">Instituto Nacional de Ci\u00eancia e Tecnologia para Mudan\u00e7as Clim\u00e1ticas<\/a>, foram\u00a0<a href=\"https:\/\/link.springer.com\/article\/10.1007\/s41748-021-00233-6#citeas\">publicados<\/a>\u00a0na revista Earth Systems and Environment.<\/strong><\/p>\n\n\n\n<blockquote class=\"wp-block-quote is-layout-flow wp-block-quote-is-layout-flow\"><p><span class=\"has-inline-color has-luminous-vivid-orange-color\">\u201cA Am\u00e9rica do Sul e, em particular, o Brasil j\u00e1 mostram sinais das mudan\u00e7as clim\u00e1ticas, incluindo o aumento das temperaturas da superf\u00edcie, mudan\u00e7as nos padr\u00f5es de precipita\u00e7\u00e3o, derretimento das geleiras andinas e eleva\u00e7\u00e3o no n\u00famero e intensidade de extremos clim\u00e1ticos. Essas varia\u00e7\u00f5es nas caracter\u00edsticas clim\u00e1ticas s\u00e3o precursoras do que pode estar por vir nas pr\u00f3ximas d\u00e9cadas se a escalada sem precedentes nas emiss\u00f5es de gases de efeito estufa continuar\u201d, diz Lincoln Muniz Alves, pesquisador do Instituto Nacional de Pesquisas Espaciais (Inpe).<\/span><\/p><\/blockquote>\n\n\n\n<p>Para fazer as proje\u00e7\u00f5es, os pesquisadores analisaram o desempenho de 38 modelos clim\u00e1ticos globais (GCMs) que integram o Projeto de Intercompara\u00e7\u00e3o de Modelos Clim\u00e1ticos Fase 6 (CMIP6, na sigla em ingl\u00eas), do Painel Intergovernamental sobre Mudan\u00e7as Clim\u00e1ticas (IPCC, na sigla em ingl\u00eas), e est\u00e3o sendo usados para elabora\u00e7\u00e3o do sexto relat\u00f3rio de avalia\u00e7\u00e3o (AR6) do \u00f3rg\u00e3o. O lan\u00e7amento do relat\u00f3rio da contribui\u00e7\u00e3o do Grupo de Trabalho I do AR6, que avalia a base cient\u00edfica das mudan\u00e7as clim\u00e1ticas, est\u00e1 previsto para o pr\u00f3ximo dia 9 de agosto.<br>O desempenho dos modelos foi avaliado em rela\u00e7\u00e3o \u00e0 sua capacidade de simular as observa\u00e7\u00f5es hist\u00f3ricas no per\u00edodo de 1995 a 2014 e as mudan\u00e7as projetadas de temperatura e precipita\u00e7\u00e3o na Am\u00e9rica do Sul em meados e no final do s\u00e9culo 21 \u2014 entre 2040 e 2059 e entre 2080 e 2099 \u2014 de acordo com diferentes cen\u00e1rios de concentra\u00e7\u00f5es de GEE, que incluem mudan\u00e7as de uso da terra e decis\u00f5es pol\u00edticas.<\/p>\n\n\n\n<figure class=\"wp-block-image size-large is-style-default\"><img loading=\"lazy\" decoding=\"async\" width=\"1000\" height=\"668\" src=\"https:\/\/jornalfatosenoticias.com.br\/wp-content\/uploads\/2021\/07\/seca-amercia-do-sul_iStock.jpg\" alt=\"\" class=\"wp-image-20657\" srcset=\"https:\/\/jornalfatosenoticias.com.br\/wp-content\/uploads\/2021\/07\/seca-amercia-do-sul_iStock.jpg 1000w, https:\/\/jornalfatosenoticias.com.br\/wp-content\/uploads\/2021\/07\/seca-amercia-do-sul_iStock-300x200.jpg 300w, https:\/\/jornalfatosenoticias.com.br\/wp-content\/uploads\/2021\/07\/seca-amercia-do-sul_iStock-768x513.jpg 768w\" sizes=\"auto, (max-width: 1000px) 100vw, 1000px\" \/><figcaption><em><span class=\"has-inline-color has-black-color\">\u201cDesertifica\u00e7\u00e3o, degrada\u00e7\u00e3o da terra e seca s\u00e3o grandes amea\u00e7as que afetam milh\u00f5es de pessoas em todo o mundo\u201d (Foto: iStock)<\/span><\/em><\/figcaption><\/figure>\n\n\n\n<p><strong><span class=\"has-inline-color has-black-color\">Sete sub-regi\u00f5es na Am\u00e9rica do Sul<br><\/span><\/strong>Al\u00e9m das an\u00e1lises espaciais de todo o continente, a Am\u00e9rica do Sul foi dividida em sete sub-regi\u00f5es para analisar em mais detalhes as caracter\u00edsticas clim\u00e1ticas regionais. Em cada sub-regi\u00e3o, an\u00e1lises comparativas entre cen\u00e1rios, modelos clim\u00e1ticos globais e dois per\u00edodos de tempo futuros (meados e final do s\u00e9culo) foram realizadas para avaliar a destreza dos modelos e a capacidade de apontarem mudan\u00e7as na distribui\u00e7\u00e3o da precipita\u00e7\u00e3o e na temperatura em um determinado espa\u00e7o e tempo.<br>Os resultados das an\u00e1lises indicaram que os novos modelos clim\u00e1ticos globais capturam com sucesso as principais caracter\u00edsticas clim\u00e1ticas da Am\u00e9rica do Sul e, em geral, suas proje\u00e7\u00f5es s\u00e3o consistentes com as apresentadas pelos modelos usados para elabora\u00e7\u00e3o de relat\u00f3rios de avalia\u00e7\u00f5es anteriores do IPCC, como o AR5, publicado em 2014, e o AR3, lan\u00e7ado em 2001.<\/p>\n\n\n\n<blockquote class=\"wp-block-quote is-layout-flow wp-block-quote-is-layout-flow\"><p><span class=\"has-inline-color has-luminous-vivid-orange-color\">\u201cAs proje\u00e7\u00f5es feitas com os novos modelos clim\u00e1ticos apontaram que, dependendo do cen\u00e1rio, o sul da Amaz\u00f4nia, por exemplo, experimentar\u00e1 condi\u00e7\u00e3o maior de seca\u201d, afirma o pesquisador do Inpe.<\/span><\/p><\/blockquote>\n\n\n\n<p>Em rela\u00e7\u00e3o \u00e0 precipita\u00e7\u00e3o, os modelos clim\u00e1ticos indicaram aumento de chuvas na maior parte do continente, com algumas exce\u00e7\u00f5es na regi\u00e3o Centro-Sul do Chile e norte da Am\u00e9rica do Sul, incluindo grande parte da Amaz\u00f4nia.<br>As proje\u00e7\u00f5es apontaram, contudo, que pode ocorrer um aumento na sazonalidade e na distribui\u00e7\u00e3o de chuvas durante os anos, causado pela diminui\u00e7\u00e3o da contribui\u00e7\u00e3o dos totais mensais para a m\u00e9dia anual de precipita\u00e7\u00e3o na regi\u00e3o. Essas mudan\u00e7as nos padr\u00f5es de chuvas no continente s\u00e3o progressivas e se tornam mais fortes no final do s\u00e9culo e em n\u00edveis de emiss\u00f5es de GEE mais elevados.<br>\u201cAs proje\u00e7\u00f5es indicam que a contribui\u00e7\u00e3o relativa dos totais mensais acumulados para a m\u00e9dia anual de chuvas na regi\u00e3o est\u00e1 diminuindo significativamente em alguns meses. Se antes chovia dez mil\u00edmetros em um determinado m\u00eas, esse n\u00famero caiu pela metade\u201d, explica Lincoln Muniz Alves, pesquisador do Inpe e coautor do artigo.<\/p>\n\n\n\n<blockquote class=\"wp-block-quote is-layout-flow wp-block-quote-is-layout-flow\"><p><span class=\"has-inline-color has-luminous-vivid-orange-color\">\u201cIsso tem impactos nos setores agr\u00edcola e de gera\u00e7\u00e3o de energia, por exemplo, que fazem seus planejamentos com base nos volumes de chuvas\u201d, acrescenta Lincoln Muniz Alves.<\/span><\/p><\/blockquote>\n\n\n\n<figure class=\"wp-block-image size-large is-style-default\"><img loading=\"lazy\" decoding=\"async\" width=\"1000\" height=\"593\" src=\"https:\/\/jornalfatosenoticias.com.br\/wp-content\/uploads\/2021\/07\/secas-america-do-sul.jpg\" alt=\"\" class=\"wp-image-20658\" srcset=\"https:\/\/jornalfatosenoticias.com.br\/wp-content\/uploads\/2021\/07\/secas-america-do-sul.jpg 1000w, https:\/\/jornalfatosenoticias.com.br\/wp-content\/uploads\/2021\/07\/secas-america-do-sul-300x178.jpg 300w, https:\/\/jornalfatosenoticias.com.br\/wp-content\/uploads\/2021\/07\/secas-america-do-sul-768x455.jpg 768w\" sizes=\"auto, (max-width: 1000px) 100vw, 1000px\" \/><figcaption><em><span class=\"has-inline-color has-black-color\">Com emiss\u00f5es no patamar atual, temperatura m\u00e9dia pode subir at\u00e9 4\u00b0C em algumas regi\u00f5es do continente (Foto: Fernando Fraz\u00e3o\/Ag\u00eancia Brasil)<\/span><\/em><\/figcaption><\/figure>\n\n\n\n<p><strong><span class=\"has-inline-color has-black-color\">Diminui\u00e7\u00e3o das incertezas<br><\/span><\/strong>De acordo com o pesquisador, a nova gera\u00e7\u00e3o de modelos clim\u00e1ticos permite estimar os impactos da mudan\u00e7a do clima com maior acur\u00e1cia na Am\u00e9rica do Sul por considerar mais elementos do sistema clim\u00e1tico.<br>O clima no continente varia amplamente de Norte a Sul e de Oeste a Leste, devido \u00e0 grande extens\u00e3o latitudinal e \u00e0 heterogeneidade topogr\u00e1fica do continente, o que torna sua representa\u00e7\u00e3o um desafio para os modelos clim\u00e1ticos. \u201cCom essa nova gera\u00e7\u00e3o de modelos clim\u00e1ticos foi poss\u00edvel quantificar as incertezas nas proje\u00e7\u00f5es de determinadas regi\u00f5es do continente\u201d, afirma Alves.<\/p>\n\n\n\n<p><span class=\"has-inline-color has-black-color\"><em>O artigo Assessment of CMIP6 performance and projected temperature and precipitation changes over South America (DOI: 10.1007\/s41748-021-00233-6), de Mansour Almazroui, Moetasim Ashfaq, M. Nazrul Islam, Irfan Ur Rashid, Shahzad Kamil, Muhammad Adnan Abid, Enda O\u2019Brien, Muhammad Ismail, Michelle Sim\u00f5es Reboita, Anna A. S\u00f6rensson, Paola A. Arias, Lincoln Muniz Alves, Michael K. Tippett, Sajjad Saeed, Rein Haarsma, Francisco J. Doblas-Reyes, Fahad Saeed, Fred Kucharski, Imran Nadeem, Yamina Silva-Vidal, Juan A. Rivera, Muhammad Azhar Ehsan, Daniel Mart\u00ednez-Castro, \u00c1ngel G. Mu\u00f1oz, Md. Arfan Ali, Erika Coppola e Mouhamadou Bamba Sylla, pode ser lido <a href=\"https:\/\/link.springer.com\/article\/10.1007\/s41748-021-00233-6#citeas\">na revista Earth Systems and Environment<\/a>.<\/em><\/span><\/p>\n\n\n\n<p><span class=\"has-inline-color has-black-color\"><em><strong>Foto de capa:<\/strong> Gabriel Lindoso\/Greenpeace<\/em><\/span><\/p>\n\n\n\n<p><strong><em>Fonte: <a href=\"https:\/\/ciclovivo.com.br\/planeta\/crise-climatica\/secas-na-america-do-sul-podem-aumentar-ate-2100\/\">CicloVivo<\/a><\/em><\/strong><\/p>\n","protected":false},"excerpt":{"rendered":"<p>Sem diminui\u00e7\u00e3o de emiss\u00f5es de gases de efeito estufa, extremos clim\u00e1ticos se tornar\u00e3o mais intensos e frequentes Se as emiss\u00f5es de gases de efeito estufa (GEE) continuarem no patamar atual, a temperatura m\u00e9dia na Am\u00e9rica do Sul pode subir at\u00e9 4\u00baC at\u00e9 o fim do s\u00e9culo, em um cen\u00e1rio mais pessimista, tornando os eventos clim\u00e1ticos [&hellip;]<\/p>\n","protected":false},"author":2,"featured_media":20659,"comment_status":"open","ping_status":"open","sticky":false,"template":"","format":"standard","meta":{"footnotes":""},"categories":[8],"tags":[208,113,8073,1897,9696,360,6347],"class_list":["post-20656","post","type-post","status-publish","format-standard","has-post-thumbnail","hentry","category-meio-ambiente","tag-america-do-sul","tag-fapesp","tag-gases-efeito-estufa","tag-inpe","tag-inundacoes","tag-mudancas-climaticas","tag-secas"],"yoast_head":"<!-- This site is optimized with the Yoast SEO plugin v26.5 - https:\/\/yoast.com\/wordpress\/plugins\/seo\/ -->\n<title>Secas na Am\u00e9rica do Sul podem aumentar at\u00e9 2100 - Jornal Fatos e Not\u00edcias<\/title>\n<meta name=\"robots\" content=\"index, follow, max-snippet:-1, max-image-preview:large, max-video-preview:-1\" \/>\n<link rel=\"canonical\" href=\"https:\/\/jornalfatosenoticias.com.br\/index.php\/2021\/07\/14\/secas-na-america-do-sul-podem-aumentar-ate-2100\/\" \/>\n<meta property=\"og:locale\" content=\"pt_BR\" \/>\n<meta property=\"og:type\" content=\"article\" \/>\n<meta property=\"og:title\" content=\"Secas na Am\u00e9rica do Sul podem aumentar at\u00e9 2100 - Jornal Fatos e Not\u00edcias\" \/>\n<meta property=\"og:description\" content=\"Sem diminui\u00e7\u00e3o de emiss\u00f5es de gases de efeito estufa, extremos clim\u00e1ticos se tornar\u00e3o mais intensos e frequentes Se as emiss\u00f5es de gases de efeito estufa (GEE) continuarem no patamar atual, a temperatura m\u00e9dia na Am\u00e9rica do Sul pode subir at\u00e9 4\u00baC at\u00e9 o fim do s\u00e9culo, em um cen\u00e1rio mais pessimista, tornando os eventos clim\u00e1ticos [&hellip;]\" \/>\n<meta property=\"og:url\" content=\"https:\/\/jornalfatosenoticias.com.br\/index.php\/2021\/07\/14\/secas-na-america-do-sul-podem-aumentar-ate-2100\/\" \/>\n<meta property=\"og:site_name\" content=\"Jornal Fatos e Not\u00edcias\" \/>\n<meta property=\"article:published_time\" content=\"2021-07-14T13:06:24+00:00\" \/>\n<meta property=\"article:modified_time\" content=\"2021-07-14T13:06:28+00:00\" \/>\n<meta property=\"og:image\" content=\"https:\/\/jornalfatosenoticias.com.br\/wp-content\/uploads\/2021\/07\/seca-brasil-gabriel-lindoso-greenpeace.jpg\" \/>\n\t<meta property=\"og:image:width\" content=\"1000\" \/>\n\t<meta property=\"og:image:height\" content=\"646\" \/>\n\t<meta property=\"og:image:type\" content=\"image\/jpeg\" \/>\n<meta name=\"author\" content=\"Luzimara Fernandes\" \/>\n<meta name=\"twitter:card\" content=\"summary_large_image\" \/>\n<meta name=\"twitter:label1\" content=\"Escrito por\" \/>\n\t<meta name=\"twitter:data1\" content=\"Luzimara Fernandes\" \/>\n\t<meta name=\"twitter:label2\" content=\"Est. tempo de leitura\" \/>\n\t<meta name=\"twitter:data2\" content=\"5 minutos\" \/>\n<script type=\"application\/ld+json\" class=\"yoast-schema-graph\">{\"@context\":\"https:\/\/schema.org\",\"@graph\":[{\"@type\":\"Article\",\"@id\":\"https:\/\/jornalfatosenoticias.com.br\/index.php\/2021\/07\/14\/secas-na-america-do-sul-podem-aumentar-ate-2100\/#article\",\"isPartOf\":{\"@id\":\"https:\/\/jornalfatosenoticias.com.br\/index.php\/2021\/07\/14\/secas-na-america-do-sul-podem-aumentar-ate-2100\/\"},\"author\":{\"name\":\"Luzimara Fernandes\",\"@id\":\"https:\/\/jornalfatosenoticias.com.br\/#\/schema\/person\/d63837fa13ac8666eb9e74e0985d6f81\"},\"headline\":\"Secas na Am\u00e9rica do Sul podem aumentar at\u00e9 2100\",\"datePublished\":\"2021-07-14T13:06:24+00:00\",\"dateModified\":\"2021-07-14T13:06:28+00:00\",\"mainEntityOfPage\":{\"@id\":\"https:\/\/jornalfatosenoticias.com.br\/index.php\/2021\/07\/14\/secas-na-america-do-sul-podem-aumentar-ate-2100\/\"},\"wordCount\":1091,\"commentCount\":0,\"publisher\":{\"@id\":\"https:\/\/jornalfatosenoticias.com.br\/#organization\"},\"image\":{\"@id\":\"https:\/\/jornalfatosenoticias.com.br\/index.php\/2021\/07\/14\/secas-na-america-do-sul-podem-aumentar-ate-2100\/#primaryimage\"},\"thumbnailUrl\":\"https:\/\/jornalfatosenoticias.com.br\/wp-content\/uploads\/2021\/07\/seca-brasil-gabriel-lindoso-greenpeace.jpg\",\"keywords\":[\"Am\u00e9rica do Sul\",\"fapesp\",\"gases efeito estufa\",\"Inpe\",\"inunda\u00e7\u00f5es\",\"mudan\u00e7as clim\u00e1ticas\",\"secas\"],\"articleSection\":[\"Meio ambiente\"],\"inLanguage\":\"pt-BR\",\"potentialAction\":[{\"@type\":\"CommentAction\",\"name\":\"Comment\",\"target\":[\"https:\/\/jornalfatosenoticias.com.br\/index.php\/2021\/07\/14\/secas-na-america-do-sul-podem-aumentar-ate-2100\/#respond\"]}]},{\"@type\":\"WebPage\",\"@id\":\"https:\/\/jornalfatosenoticias.com.br\/index.php\/2021\/07\/14\/secas-na-america-do-sul-podem-aumentar-ate-2100\/\",\"url\":\"https:\/\/jornalfatosenoticias.com.br\/index.php\/2021\/07\/14\/secas-na-america-do-sul-podem-aumentar-ate-2100\/\",\"name\":\"Secas na Am\u00e9rica do Sul podem aumentar at\u00e9 2100 - Jornal Fatos e Not\u00edcias\",\"isPartOf\":{\"@id\":\"https:\/\/jornalfatosenoticias.com.br\/#website\"},\"primaryImageOfPage\":{\"@id\":\"https:\/\/jornalfatosenoticias.com.br\/index.php\/2021\/07\/14\/secas-na-america-do-sul-podem-aumentar-ate-2100\/#primaryimage\"},\"image\":{\"@id\":\"https:\/\/jornalfatosenoticias.com.br\/index.php\/2021\/07\/14\/secas-na-america-do-sul-podem-aumentar-ate-2100\/#primaryimage\"},\"thumbnailUrl\":\"https:\/\/jornalfatosenoticias.com.br\/wp-content\/uploads\/2021\/07\/seca-brasil-gabriel-lindoso-greenpeace.jpg\",\"datePublished\":\"2021-07-14T13:06:24+00:00\",\"dateModified\":\"2021-07-14T13:06:28+00:00\",\"breadcrumb\":{\"@id\":\"https:\/\/jornalfatosenoticias.com.br\/index.php\/2021\/07\/14\/secas-na-america-do-sul-podem-aumentar-ate-2100\/#breadcrumb\"},\"inLanguage\":\"pt-BR\",\"potentialAction\":[{\"@type\":\"ReadAction\",\"target\":[\"https:\/\/jornalfatosenoticias.com.br\/index.php\/2021\/07\/14\/secas-na-america-do-sul-podem-aumentar-ate-2100\/\"]}]},{\"@type\":\"ImageObject\",\"inLanguage\":\"pt-BR\",\"@id\":\"https:\/\/jornalfatosenoticias.com.br\/index.php\/2021\/07\/14\/secas-na-america-do-sul-podem-aumentar-ate-2100\/#primaryimage\",\"url\":\"https:\/\/jornalfatosenoticias.com.br\/wp-content\/uploads\/2021\/07\/seca-brasil-gabriel-lindoso-greenpeace.jpg\",\"contentUrl\":\"https:\/\/jornalfatosenoticias.com.br\/wp-content\/uploads\/2021\/07\/seca-brasil-gabriel-lindoso-greenpeace.jpg\",\"width\":1000,\"height\":646},{\"@type\":\"BreadcrumbList\",\"@id\":\"https:\/\/jornalfatosenoticias.com.br\/index.php\/2021\/07\/14\/secas-na-america-do-sul-podem-aumentar-ate-2100\/#breadcrumb\",\"itemListElement\":[{\"@type\":\"ListItem\",\"position\":1,\"name\":\"In\u00edcio\",\"item\":\"https:\/\/jornalfatosenoticias.com.br\/\"},{\"@type\":\"ListItem\",\"position\":2,\"name\":\"Secas na Am\u00e9rica do Sul podem aumentar at\u00e9 2100\"}]},{\"@type\":\"WebSite\",\"@id\":\"https:\/\/jornalfatosenoticias.com.br\/#website\",\"url\":\"https:\/\/jornalfatosenoticias.com.br\/\",\"name\":\"Jornal Fatos e Not\u00edcias\",\"description\":\"Not\u00edcias em geral\",\"publisher\":{\"@id\":\"https:\/\/jornalfatosenoticias.com.br\/#organization\"},\"potentialAction\":[{\"@type\":\"SearchAction\",\"target\":{\"@type\":\"EntryPoint\",\"urlTemplate\":\"https:\/\/jornalfatosenoticias.com.br\/?s={search_term_string}\"},\"query-input\":{\"@type\":\"PropertyValueSpecification\",\"valueRequired\":true,\"valueName\":\"search_term_string\"}}],\"inLanguage\":\"pt-BR\"},{\"@type\":\"Organization\",\"@id\":\"https:\/\/jornalfatosenoticias.com.br\/#organization\",\"name\":\"Jornal Fatos e Not\u00edcias\",\"url\":\"https:\/\/jornalfatosenoticias.com.br\/\",\"logo\":{\"@type\":\"ImageObject\",\"inLanguage\":\"pt-BR\",\"@id\":\"https:\/\/jornalfatosenoticias.com.br\/#\/schema\/logo\/image\/\",\"url\":\"https:\/\/jornalfatosenoticias.com.br\/wp-content\/uploads\/2020\/02\/logo120.png\",\"contentUrl\":\"https:\/\/jornalfatosenoticias.com.br\/wp-content\/uploads\/2020\/02\/logo120.png\",\"width\":1227,\"height\":120,\"caption\":\"Jornal Fatos e Not\u00edcias\"},\"image\":{\"@id\":\"https:\/\/jornalfatosenoticias.com.br\/#\/schema\/logo\/image\/\"}},{\"@type\":\"Person\",\"@id\":\"https:\/\/jornalfatosenoticias.com.br\/#\/schema\/person\/d63837fa13ac8666eb9e74e0985d6f81\",\"name\":\"Luzimara Fernandes\",\"image\":{\"@type\":\"ImageObject\",\"inLanguage\":\"pt-BR\",\"@id\":\"https:\/\/jornalfatosenoticias.com.br\/#\/schema\/person\/image\/\",\"url\":\"https:\/\/jornalfatosenoticias.com.br\/wp-content\/uploads\/2025\/05\/EU_portal.jpg\",\"contentUrl\":\"https:\/\/jornalfatosenoticias.com.br\/wp-content\/uploads\/2025\/05\/EU_portal.jpg\",\"caption\":\"Luzimara Fernandes\"},\"description\":\"Jornalista MTB 2358-ES\",\"sameAs\":[\"https:\/\/jornalfatosenoticias.com.br\"],\"url\":\"https:\/\/jornalfatosenoticias.com.br\/index.php\/author\/luzimara\/\"}]}<\/script>\n<!-- \/ Yoast SEO plugin. -->","yoast_head_json":{"title":"Secas na Am\u00e9rica do Sul podem aumentar at\u00e9 2100 - Jornal Fatos e Not\u00edcias","robots":{"index":"index","follow":"follow","max-snippet":"max-snippet:-1","max-image-preview":"max-image-preview:large","max-video-preview":"max-video-preview:-1"},"canonical":"https:\/\/jornalfatosenoticias.com.br\/index.php\/2021\/07\/14\/secas-na-america-do-sul-podem-aumentar-ate-2100\/","og_locale":"pt_BR","og_type":"article","og_title":"Secas na Am\u00e9rica do Sul podem aumentar at\u00e9 2100 - Jornal Fatos e Not\u00edcias","og_description":"Sem diminui\u00e7\u00e3o de emiss\u00f5es de gases de efeito estufa, extremos clim\u00e1ticos se tornar\u00e3o mais intensos e frequentes Se as emiss\u00f5es de gases de efeito estufa (GEE) continuarem no patamar atual, a temperatura m\u00e9dia na Am\u00e9rica do Sul pode subir at\u00e9 4\u00baC at\u00e9 o fim do s\u00e9culo, em um cen\u00e1rio mais pessimista, tornando os eventos clim\u00e1ticos [&hellip;]","og_url":"https:\/\/jornalfatosenoticias.com.br\/index.php\/2021\/07\/14\/secas-na-america-do-sul-podem-aumentar-ate-2100\/","og_site_name":"Jornal Fatos e Not\u00edcias","article_published_time":"2021-07-14T13:06:24+00:00","article_modified_time":"2021-07-14T13:06:28+00:00","og_image":[{"width":1000,"height":646,"url":"https:\/\/jornalfatosenoticias.com.br\/wp-content\/uploads\/2021\/07\/seca-brasil-gabriel-lindoso-greenpeace.jpg","type":"image\/jpeg"}],"author":"Luzimara Fernandes","twitter_card":"summary_large_image","twitter_misc":{"Escrito por":"Luzimara Fernandes","Est. tempo de leitura":"5 minutos"},"schema":{"@context":"https:\/\/schema.org","@graph":[{"@type":"Article","@id":"https:\/\/jornalfatosenoticias.com.br\/index.php\/2021\/07\/14\/secas-na-america-do-sul-podem-aumentar-ate-2100\/#article","isPartOf":{"@id":"https:\/\/jornalfatosenoticias.com.br\/index.php\/2021\/07\/14\/secas-na-america-do-sul-podem-aumentar-ate-2100\/"},"author":{"name":"Luzimara Fernandes","@id":"https:\/\/jornalfatosenoticias.com.br\/#\/schema\/person\/d63837fa13ac8666eb9e74e0985d6f81"},"headline":"Secas na Am\u00e9rica do Sul podem aumentar at\u00e9 2100","datePublished":"2021-07-14T13:06:24+00:00","dateModified":"2021-07-14T13:06:28+00:00","mainEntityOfPage":{"@id":"https:\/\/jornalfatosenoticias.com.br\/index.php\/2021\/07\/14\/secas-na-america-do-sul-podem-aumentar-ate-2100\/"},"wordCount":1091,"commentCount":0,"publisher":{"@id":"https:\/\/jornalfatosenoticias.com.br\/#organization"},"image":{"@id":"https:\/\/jornalfatosenoticias.com.br\/index.php\/2021\/07\/14\/secas-na-america-do-sul-podem-aumentar-ate-2100\/#primaryimage"},"thumbnailUrl":"https:\/\/jornalfatosenoticias.com.br\/wp-content\/uploads\/2021\/07\/seca-brasil-gabriel-lindoso-greenpeace.jpg","keywords":["Am\u00e9rica do Sul","fapesp","gases efeito estufa","Inpe","inunda\u00e7\u00f5es","mudan\u00e7as clim\u00e1ticas","secas"],"articleSection":["Meio ambiente"],"inLanguage":"pt-BR","potentialAction":[{"@type":"CommentAction","name":"Comment","target":["https:\/\/jornalfatosenoticias.com.br\/index.php\/2021\/07\/14\/secas-na-america-do-sul-podem-aumentar-ate-2100\/#respond"]}]},{"@type":"WebPage","@id":"https:\/\/jornalfatosenoticias.com.br\/index.php\/2021\/07\/14\/secas-na-america-do-sul-podem-aumentar-ate-2100\/","url":"https:\/\/jornalfatosenoticias.com.br\/index.php\/2021\/07\/14\/secas-na-america-do-sul-podem-aumentar-ate-2100\/","name":"Secas na Am\u00e9rica do Sul podem aumentar at\u00e9 2100 - Jornal Fatos e Not\u00edcias","isPartOf":{"@id":"https:\/\/jornalfatosenoticias.com.br\/#website"},"primaryImageOfPage":{"@id":"https:\/\/jornalfatosenoticias.com.br\/index.php\/2021\/07\/14\/secas-na-america-do-sul-podem-aumentar-ate-2100\/#primaryimage"},"image":{"@id":"https:\/\/jornalfatosenoticias.com.br\/index.php\/2021\/07\/14\/secas-na-america-do-sul-podem-aumentar-ate-2100\/#primaryimage"},"thumbnailUrl":"https:\/\/jornalfatosenoticias.com.br\/wp-content\/uploads\/2021\/07\/seca-brasil-gabriel-lindoso-greenpeace.jpg","datePublished":"2021-07-14T13:06:24+00:00","dateModified":"2021-07-14T13:06:28+00:00","breadcrumb":{"@id":"https:\/\/jornalfatosenoticias.com.br\/index.php\/2021\/07\/14\/secas-na-america-do-sul-podem-aumentar-ate-2100\/#breadcrumb"},"inLanguage":"pt-BR","potentialAction":[{"@type":"ReadAction","target":["https:\/\/jornalfatosenoticias.com.br\/index.php\/2021\/07\/14\/secas-na-america-do-sul-podem-aumentar-ate-2100\/"]}]},{"@type":"ImageObject","inLanguage":"pt-BR","@id":"https:\/\/jornalfatosenoticias.com.br\/index.php\/2021\/07\/14\/secas-na-america-do-sul-podem-aumentar-ate-2100\/#primaryimage","url":"https:\/\/jornalfatosenoticias.com.br\/wp-content\/uploads\/2021\/07\/seca-brasil-gabriel-lindoso-greenpeace.jpg","contentUrl":"https:\/\/jornalfatosenoticias.com.br\/wp-content\/uploads\/2021\/07\/seca-brasil-gabriel-lindoso-greenpeace.jpg","width":1000,"height":646},{"@type":"BreadcrumbList","@id":"https:\/\/jornalfatosenoticias.com.br\/index.php\/2021\/07\/14\/secas-na-america-do-sul-podem-aumentar-ate-2100\/#breadcrumb","itemListElement":[{"@type":"ListItem","position":1,"name":"In\u00edcio","item":"https:\/\/jornalfatosenoticias.com.br\/"},{"@type":"ListItem","position":2,"name":"Secas na Am\u00e9rica do Sul podem aumentar at\u00e9 2100"}]},{"@type":"WebSite","@id":"https:\/\/jornalfatosenoticias.com.br\/#website","url":"https:\/\/jornalfatosenoticias.com.br\/","name":"Jornal Fatos e Not\u00edcias","description":"Not\u00edcias em geral","publisher":{"@id":"https:\/\/jornalfatosenoticias.com.br\/#organization"},"potentialAction":[{"@type":"SearchAction","target":{"@type":"EntryPoint","urlTemplate":"https:\/\/jornalfatosenoticias.com.br\/?s={search_term_string}"},"query-input":{"@type":"PropertyValueSpecification","valueRequired":true,"valueName":"search_term_string"}}],"inLanguage":"pt-BR"},{"@type":"Organization","@id":"https:\/\/jornalfatosenoticias.com.br\/#organization","name":"Jornal Fatos e Not\u00edcias","url":"https:\/\/jornalfatosenoticias.com.br\/","logo":{"@type":"ImageObject","inLanguage":"pt-BR","@id":"https:\/\/jornalfatosenoticias.com.br\/#\/schema\/logo\/image\/","url":"https:\/\/jornalfatosenoticias.com.br\/wp-content\/uploads\/2020\/02\/logo120.png","contentUrl":"https:\/\/jornalfatosenoticias.com.br\/wp-content\/uploads\/2020\/02\/logo120.png","width":1227,"height":120,"caption":"Jornal Fatos e Not\u00edcias"},"image":{"@id":"https:\/\/jornalfatosenoticias.com.br\/#\/schema\/logo\/image\/"}},{"@type":"Person","@id":"https:\/\/jornalfatosenoticias.com.br\/#\/schema\/person\/d63837fa13ac8666eb9e74e0985d6f81","name":"Luzimara Fernandes","image":{"@type":"ImageObject","inLanguage":"pt-BR","@id":"https:\/\/jornalfatosenoticias.com.br\/#\/schema\/person\/image\/","url":"https:\/\/jornalfatosenoticias.com.br\/wp-content\/uploads\/2025\/05\/EU_portal.jpg","contentUrl":"https:\/\/jornalfatosenoticias.com.br\/wp-content\/uploads\/2025\/05\/EU_portal.jpg","caption":"Luzimara Fernandes"},"description":"Jornalista MTB 2358-ES","sameAs":["https:\/\/jornalfatosenoticias.com.br"],"url":"https:\/\/jornalfatosenoticias.com.br\/index.php\/author\/luzimara\/"}]}},"cc_featured_image_caption":{"caption_text":"Flagrante de seca no Brasil, em 2015, FAO","source_text":"","source_url":""},"jetpack_featured_media_url":"https:\/\/jornalfatosenoticias.com.br\/wp-content\/uploads\/2021\/07\/seca-brasil-gabriel-lindoso-greenpeace.jpg","_links":{"self":[{"href":"https:\/\/jornalfatosenoticias.com.br\/index.php\/wp-json\/wp\/v2\/posts\/20656","targetHints":{"allow":["GET"]}}],"collection":[{"href":"https:\/\/jornalfatosenoticias.com.br\/index.php\/wp-json\/wp\/v2\/posts"}],"about":[{"href":"https:\/\/jornalfatosenoticias.com.br\/index.php\/wp-json\/wp\/v2\/types\/post"}],"author":[{"embeddable":true,"href":"https:\/\/jornalfatosenoticias.com.br\/index.php\/wp-json\/wp\/v2\/users\/2"}],"replies":[{"embeddable":true,"href":"https:\/\/jornalfatosenoticias.com.br\/index.php\/wp-json\/wp\/v2\/comments?post=20656"}],"version-history":[{"count":0,"href":"https:\/\/jornalfatosenoticias.com.br\/index.php\/wp-json\/wp\/v2\/posts\/20656\/revisions"}],"wp:featuredmedia":[{"embeddable":true,"href":"https:\/\/jornalfatosenoticias.com.br\/index.php\/wp-json\/wp\/v2\/media\/20659"}],"wp:attachment":[{"href":"https:\/\/jornalfatosenoticias.com.br\/index.php\/wp-json\/wp\/v2\/media?parent=20656"}],"wp:term":[{"taxonomy":"category","embeddable":true,"href":"https:\/\/jornalfatosenoticias.com.br\/index.php\/wp-json\/wp\/v2\/categories?post=20656"},{"taxonomy":"post_tag","embeddable":true,"href":"https:\/\/jornalfatosenoticias.com.br\/index.php\/wp-json\/wp\/v2\/tags?post=20656"}],"curies":[{"name":"wp","href":"https:\/\/api.w.org\/{rel}","templated":true}]}}