{"id":20668,"date":"2021-07-14T11:11:47","date_gmt":"2021-07-14T14:11:47","guid":{"rendered":"https:\/\/jornalfatosenoticias.com.br\/?p=20668"},"modified":"2021-07-14T11:11:48","modified_gmt":"2021-07-14T14:11:48","slug":"cuidados-com-pets-no-inverno-vao-alem-de-cobertor-e-envolvem-ate-skin-care","status":"publish","type":"post","link":"https:\/\/jornalfatosenoticias.com.br\/index.php\/2021\/07\/14\/cuidados-com-pets-no-inverno-vao-alem-de-cobertor-e-envolvem-ate-skin-care\/","title":{"rendered":"Cuidados com pets no inverno v\u00e3o al\u00e9m de cobertor e envolvem at\u00e9 skin care"},"content":{"rendered":"\n<p><em><span class=\"has-inline-color has-black-color\">Muito al\u00e9m de cobertores e mantas, os pets precisam de cuidados redobrados no inverno<\/span><\/em><\/p>\n\n\n\n<p>Os cuidados com c\u00e3es e gatos durante o inverno devem ir muito al\u00e9m do guarda-roupa e das preocupa\u00e7\u00f5es apenas com caminhas e cobertores. Os tutores precisam estar atentos tamb\u00e9m \u00e0 alimenta\u00e7\u00e3o, banho, aglomera\u00e7\u00f5es com outros pets e at\u00e9 mesmo skin care na esta\u00e7\u00e3o mais fria e seca do ano.<br>Para os c\u00e3es que permanecem em quintais, o recomendado \u00e9 que tenham uma casinha fechada com cobertor. J\u00e1 dentro das casas e apartamentos, a preocupa\u00e7\u00e3o acaba sendo menor, mas vai depender muito da ra\u00e7a.<br>Os c\u00e3es da ra\u00e7a whippet, dachshund, fox paulistinha, que t\u00eam o pelinho mais curto e s\u00e3o de climas mais quentes, por exemplo, sentem muito frio. J\u00e1 os golden, s\u00e3o bernardo, lhasa e shitsu sentem menos frio, mas de qualquer maneira temos de proteg\u00ea-los com uma caminha, um cobertor e um ambiente especial dentro de casa.<\/p>\n\n\n\n<figure class=\"wp-block-image size-large is-style-default\"><img loading=\"lazy\" decoding=\"async\" width=\"1000\" height=\"666\" src=\"https:\/\/jornalfatosenoticias.com.br\/wp-content\/uploads\/2021\/07\/salsichinha-coberto.jpg\" alt=\"\" class=\"wp-image-20669\" srcset=\"https:\/\/jornalfatosenoticias.com.br\/wp-content\/uploads\/2021\/07\/salsichinha-coberto.jpg 1000w, https:\/\/jornalfatosenoticias.com.br\/wp-content\/uploads\/2021\/07\/salsichinha-coberto-300x200.jpg 300w, https:\/\/jornalfatosenoticias.com.br\/wp-content\/uploads\/2021\/07\/salsichinha-coberto-768x511.jpg 768w\" sizes=\"auto, (max-width: 1000px) 100vw, 1000px\" \/><figcaption><em><span class=\"has-inline-color has-black-color\">C\u00e3es de pelo curto pedem mais cuidados nos dias de frio (Foto: Getty Images)<\/span><\/em><\/figcaption><\/figure>\n\n\n\n<p>Com os filhotinhos e c\u00e3es mais idosos, os cuidados devem ser redobrados. &#8220;Filhotes, que s\u00e3o os animais com tr\u00eas, quatro, cinco meses, perdem muito calor, n\u00e3o mant\u00eam a temperatura e podem realmente morrer de frio. Animais velhinhos tamb\u00e9m&#8221;, explica Marcelo Quinzani, diretor cl\u00ednico da rede PetCare unidade Morumbi.<br>Para os gatinhos que t\u00eam acesso ao quintal e dormem fora de casa, uma boa ideia \u00e9 colocar tocas como caixas de papel\u00e3o, por exemplo, com cobertores para que eles n\u00e3o fiquem expostos ao frio.<br>Vanessa Zimbres, da Cl\u00ednica Gato \u00e9 Gente Boa, de Itu, por\u00e9m, recomenda que, durante essa \u00e9poca do ano, os gatos sejam mantidos dentro de casa e, na medida do poss\u00edvel, em uma temperatura entre 15 e 20 graus para os felinos adultos e por volta dos 25 graus para os filhotes ou velhinhos.<\/p>\n\n\n\n<blockquote class=\"wp-block-quote is-layout-flow wp-block-quote-is-layout-flow\"><p><span class=\"has-inline-color has-luminous-vivid-orange-color\">&#8220;Em teoria, os gatos se sentem mais confort\u00e1veis em temperaturas entre 30 e 36 graus, por isso eles sempre deitam em lugares mais quentinhos. Mas manter essa temperatura \u00e9 bem complicado&#8221;.<\/span><\/p><\/blockquote>\n\n\n\n<figure class=\"wp-block-image size-large is-style-default\"><img loading=\"lazy\" decoding=\"async\" width=\"1000\" height=\"665\" src=\"https:\/\/jornalfatosenoticias.com.br\/wp-content\/uploads\/2021\/07\/gato-com-cobertor.jpg\" alt=\"\" class=\"wp-image-20670\" srcset=\"https:\/\/jornalfatosenoticias.com.br\/wp-content\/uploads\/2021\/07\/gato-com-cobertor.jpg 1000w, https:\/\/jornalfatosenoticias.com.br\/wp-content\/uploads\/2021\/07\/gato-com-cobertor-300x200.jpg 300w, https:\/\/jornalfatosenoticias.com.br\/wp-content\/uploads\/2021\/07\/gato-com-cobertor-768x511.jpg 768w\" sizes=\"auto, (max-width: 1000px) 100vw, 1000px\" \/><figcaption><em><span class=\"has-inline-color has-black-color\">Aquecer seu gato vai depender da toler\u00e2ncia do bichano com cobertas e roupas (Foto: Getty Images)<\/span><\/em><\/figcaption><\/figure>\n\n\n\n<p>A veterin\u00e1ria tamb\u00e9m afirma que apesar de alguns felinos gostarem de dormir embaixo dos cobertores, outros n\u00e3o toleram. &#8220;O melhor, se poss\u00edvel, \u00e9 apostar em um aquecedor de ambiente. Se o gatinho aceitar, usar roupinhas tamb\u00e9m \u00e9 uma boa op\u00e7\u00e3o&#8221;, diz.<\/p>\n\n\n\n<p><strong><span class=\"has-inline-color has-black-color\">Ar seco tamb\u00e9m \u00e9 quest\u00e3o<br><\/span><\/strong>Com o frio, o ar fica mais seco e polu\u00eddo, o que pode provocar irrita\u00e7\u00e3o nas vias a\u00e9reas e olhos dos bichinhos. Por isso, a dica de Quinzani \u00e9 que os tutores tenham umidificadores pela casa al\u00e9m de fazer inala\u00e7\u00f5es e limpar os olhos dos pets para evitar epis\u00f3dios de conjuntivite.<\/p>\n\n\n\n<figure class=\"wp-block-image size-large is-style-default\"><img loading=\"lazy\" decoding=\"async\" width=\"1000\" height=\"666\" src=\"https:\/\/jornalfatosenoticias.com.br\/wp-content\/uploads\/2021\/07\/cao-com-purificador-de-ar.jpg\" alt=\"\" class=\"wp-image-20671\" srcset=\"https:\/\/jornalfatosenoticias.com.br\/wp-content\/uploads\/2021\/07\/cao-com-purificador-de-ar.jpg 1000w, https:\/\/jornalfatosenoticias.com.br\/wp-content\/uploads\/2021\/07\/cao-com-purificador-de-ar-300x200.jpg 300w, https:\/\/jornalfatosenoticias.com.br\/wp-content\/uploads\/2021\/07\/cao-com-purificador-de-ar-768x511.jpg 768w\" sizes=\"auto, (max-width: 1000px) 100vw, 1000px\" \/><figcaption><em><span class=\"has-inline-color has-black-color\">Ar limpo e \u00famido colaboram para preven\u00e7\u00e3o de doen\u00e7as de inverno (Foto: Getty Images\/iStockphoto)<\/span><\/em><\/figcaption><\/figure>\n\n\n\n<p>&#8220;\u00c9 uma \u00e9poca de muita queimada e fuma\u00e7a no Brasil inteiro. Isso causa irrita\u00e7\u00e3o nas vias a\u00e9reas e olhos, o que pode ocasionar doen\u00e7as respirat\u00f3rias e dificuldade de respirar. O mesmo vale para os c\u00e3es mais velhinhos, que j\u00e1 t\u00eam a lubrifica\u00e7\u00e3o das vias a\u00e9reas prejudicada. Nessa \u00e9poca do ano, eles sentem bem mais&#8221;.<\/p>\n\n\n\n<p><strong><span class=\"has-inline-color has-black-color\">Nada de aglomera\u00e7\u00e3o<br><\/span><\/strong>Evitar aglomera\u00e7\u00f5es e ambientes fechados \u00e9 outra dica para manter os pets saud\u00e1veis durante a esta\u00e7\u00e3o mais fria do ano.<\/p>\n\n\n\n<blockquote class=\"wp-block-quote is-layout-flow wp-block-quote-is-layout-flow\"><p><span class=\"has-inline-color has-luminous-vivid-orange-color\">&#8220;Em hotelzinho ou creche, geralmente ficam mais em ambientes fechados porque est\u00e1 frio ent\u00e3o causa aglomera\u00e7\u00e3o e vai favorecer a dissemina\u00e7\u00e3o de doen\u00e7as infecciosas como a cinomose e a gripe dos c\u00e3es ou tosse dos c\u00e3es&#8221;, explica Quinzani.<\/span><\/p><\/blockquote>\n\n\n\n<figure class=\"wp-block-image size-large is-style-default\"><img loading=\"lazy\" decoding=\"async\" width=\"1000\" height=\"665\" src=\"https:\/\/jornalfatosenoticias.com.br\/wp-content\/uploads\/2021\/07\/gatos-em-pet-cafe.jpg\" alt=\"\" class=\"wp-image-20673\" srcset=\"https:\/\/jornalfatosenoticias.com.br\/wp-content\/uploads\/2021\/07\/gatos-em-pet-cafe.jpg 1000w, https:\/\/jornalfatosenoticias.com.br\/wp-content\/uploads\/2021\/07\/gatos-em-pet-cafe-300x200.jpg 300w, https:\/\/jornalfatosenoticias.com.br\/wp-content\/uploads\/2021\/07\/gatos-em-pet-cafe-768x511.jpg 768w\" sizes=\"auto, (max-width: 1000px) 100vw, 1000px\" \/><figcaption><em><span class=\"has-inline-color has-black-color\">(Foto: NurPhoto\/Getty Images)<\/span><\/em><\/figcaption><\/figure>\n\n\n\n<p>Em rela\u00e7\u00e3o aos gatos, valem os mesmos cuidados com a diferen\u00e7a de que a doen\u00e7a transmitida \u00e9 o complexo respirat\u00f3rio felino, causada por um conjunto de v\u00edrus e bact\u00e9rias que provocam a gripe dos gatos e, por consequ\u00eancia, conjuntivite ou rinite, de acordo com o veterin\u00e1rio da PetCare, \u00e0s vezes at\u00e9 uma pneumonia, mais comum em filhotes.<\/p>\n\n\n\n<p><strong><span class=\"has-inline-color has-black-color\">Pele em dia<br><\/span><\/strong>\u00c9 tamb\u00e9m nesta \u00e9poca do ano que a pele dos pets, assim como a dos humanos, fica muito mais ressecada e, no caso deles, mais suscet\u00edvel a poeira e \u00e1caros, fatores desencadeantes de coceiras e alergias.<br>\u00c9 positivo deix\u00e1-los expostos ao sol mas, ao mesmo tempo, preocupar-se com um verdadeiro skin care,<\/p>\n\n\n\n<blockquote class=\"wp-block-quote is-layout-flow wp-block-quote-is-layout-flow\"><p><span class=\"has-inline-color has-luminous-vivid-orange-color\">&#8220;\u00c9 importante como hidratar a pele dos c\u00e3es todos os dias e tamb\u00e9m usar protetores solares pr\u00f3prios para animais&#8221;, diz Salua Carolina Cataneo, dermatologista veterin\u00e1ria e gerente de produtos da Soft Care, da Pet Society.<\/span><\/p><\/blockquote>\n\n\n\n<figure class=\"wp-block-image size-large is-style-default\"><img loading=\"lazy\" decoding=\"async\" width=\"1000\" height=\"666\" src=\"https:\/\/jornalfatosenoticias.com.br\/wp-content\/uploads\/2021\/07\/cao-e-gato-no-sol.jpg\" alt=\"\" class=\"wp-image-20672\" srcset=\"https:\/\/jornalfatosenoticias.com.br\/wp-content\/uploads\/2021\/07\/cao-e-gato-no-sol.jpg 1000w, https:\/\/jornalfatosenoticias.com.br\/wp-content\/uploads\/2021\/07\/cao-e-gato-no-sol-300x200.jpg 300w, https:\/\/jornalfatosenoticias.com.br\/wp-content\/uploads\/2021\/07\/cao-e-gato-no-sol-768x511.jpg 768w\" sizes=\"auto, (max-width: 1000px) 100vw, 1000px\" \/><figcaption><em><span class=\"has-inline-color has-black-color\">Deixar os pets tomarem sol \u00e9 saud\u00e1vel, mas requer aten\u00e7\u00e3o (Foto: Getty Images\/iStockphoto)<\/span><\/em><\/figcaption><\/figure>\n\n\n\n<p>Para os gatinhos, a recomenda\u00e7\u00e3o de hidrata\u00e7\u00e3o \u00e9 maior ainda, j\u00e1 que eles ficam expostos ao sol durante mais tempo. A veterin\u00e1ria ressalta que se devem aplicar, nos felinos, produtos que secam e sejam absorvidos rapidamente.<\/p>\n\n\n\n<p><strong><span class=\"has-inline-color has-black-color\">Banho sim, mas com cuidados<br><\/span><\/strong>Ao contr\u00e1rio do que muita gente pensa, os c\u00e3ezinhos n\u00e3o precisam parar de tomar banho no inverno. O tutor deve ficar atento principalmente aos aparelhos de secagem nos petshops e certificar-se de que o doguinho n\u00e3o ficar\u00e1 exposto ao frio.<\/p>\n\n\n\n<figure class=\"wp-block-image size-large is-style-default\"><img loading=\"lazy\" decoding=\"async\" width=\"1000\" height=\"666\" src=\"https:\/\/jornalfatosenoticias.com.br\/wp-content\/uploads\/2021\/07\/cao-no-banho.jpg\" alt=\"\" class=\"wp-image-20674\" srcset=\"https:\/\/jornalfatosenoticias.com.br\/wp-content\/uploads\/2021\/07\/cao-no-banho.jpg 1000w, https:\/\/jornalfatosenoticias.com.br\/wp-content\/uploads\/2021\/07\/cao-no-banho-300x200.jpg 300w, https:\/\/jornalfatosenoticias.com.br\/wp-content\/uploads\/2021\/07\/cao-no-banho-768x511.jpg 768w\" sizes=\"auto, (max-width: 1000px) 100vw, 1000px\" \/><figcaption><em><span class=\"has-inline-color has-black-color\">(Foto: Getty Images)<\/span><\/em><\/figcaption><\/figure>\n\n\n\n<p>Deve-se tomar cuidado com a temperatura da \u00e1gua do banho, que precisa ser de morna a quente, mas principalmente com o tempo que o animalzinho permanecer\u00e1 \u00famido porque \u00e9 isso que vai interferir em uma poss\u00edvel queda de imunidade.<br>\u00c9 importante, tamb\u00e9m, certificar-se de que o servi\u00e7o de banho e tosa possua um aparelho de secagem com qualidade para que os pets n\u00e3o fiquem expostos ao frio, explica o diretor cl\u00ednico da rede Dr. Hato, Ren\u00e9 Passos.<\/p>\n\n\n\n<h4 class=\"wp-block-heading\"><span class=\"has-inline-color has-black-color\">Olho na roupinha<\/span><\/h4>\n\n\n\n<figure class=\"wp-block-image size-large is-style-default\"><img loading=\"lazy\" decoding=\"async\" width=\"1000\" height=\"666\" src=\"https:\/\/jornalfatosenoticias.com.br\/wp-content\/uploads\/2021\/07\/cao-de-jaqueta.jpg\" alt=\"\" class=\"wp-image-20675\" srcset=\"https:\/\/jornalfatosenoticias.com.br\/wp-content\/uploads\/2021\/07\/cao-de-jaqueta.jpg 1000w, https:\/\/jornalfatosenoticias.com.br\/wp-content\/uploads\/2021\/07\/cao-de-jaqueta-300x200.jpg 300w, https:\/\/jornalfatosenoticias.com.br\/wp-content\/uploads\/2021\/07\/cao-de-jaqueta-768x511.jpg 768w\" sizes=\"auto, (max-width: 1000px) 100vw, 1000px\" \/><figcaption><em><span class=\"has-inline-color has-black-color\">Muito al\u00e9m de cobertores e mantas, os pets precisam de cuidados redobrados no inverno<\/span><\/em> <em><span class=\"has-inline-color has-black-color\">(Foto: Getty Images\/500px Prime)<\/span><\/em><\/figcaption><\/figure>\n\n\n\n<p>Sinal principal de que o seu melhor amigo est\u00e1 mesmo sentindo frio \u00e9 que ele passa a encostar-se mais nos humanos, ent\u00e3o as roupinhas podem ser uma op\u00e7\u00e3o no caso de o pet n\u00e3o ser al\u00e9rgico ao tecido.<br>Al\u00e9m disso, as pe\u00e7as mant\u00eam tudo abafado com mais possibilidade de prolifera\u00e7\u00e3o de bact\u00e9rias e de fazer mais n\u00f3s nos pelos.<\/p>\n\n\n\n<blockquote class=\"wp-block-quote is-layout-flow wp-block-quote-is-layout-flow\"><p><span class=\"has-inline-color has-luminous-vivid-orange-color\">&#8220;Se vai usar roupinha, \u00e9 preciso escovar todos os dias&#8221;, diz Salua.<\/span><\/p><\/blockquote>\n\n\n\n<p><strong><span class=\"has-inline-color has-black-color\">Menu especial<br><\/span><\/strong>Quanto a alimenta\u00e7\u00e3o, existe uma tend\u00eancia \u00e0 transfer\u00eancia de h\u00e1bitos dos tutores aos seus melhores amigos. Por\u00e9m, fornecer aos pets mais alimentos durante a \u00e9poca mais fria do ano pode ocasionar problemas como sobrepeso e at\u00e9 mesmo a obesidade em um curto espa\u00e7o de tempo.<\/p>\n\n\n\n<figure class=\"wp-block-image size-large is-style-default\"><img loading=\"lazy\" decoding=\"async\" width=\"1000\" height=\"665\" src=\"https:\/\/jornalfatosenoticias.com.br\/wp-content\/uploads\/2021\/07\/cachorro-comendo.jpg\" alt=\"\" class=\"wp-image-20676\" srcset=\"https:\/\/jornalfatosenoticias.com.br\/wp-content\/uploads\/2021\/07\/cachorro-comendo.jpg 1000w, https:\/\/jornalfatosenoticias.com.br\/wp-content\/uploads\/2021\/07\/cachorro-comendo-300x200.jpg 300w, https:\/\/jornalfatosenoticias.com.br\/wp-content\/uploads\/2021\/07\/cachorro-comendo-768x511.jpg 768w\" sizes=\"auto, (max-width: 1000px) 100vw, 1000px\" \/><figcaption><em><span class=\"has-inline-color has-black-color\">(Foto: Getty Images)<\/span><\/em><\/figcaption><\/figure>\n\n\n\n<p>Grande parte dos c\u00e3es e gatos que t\u00eam lar permanece em \u00e1reas internas, aquecido com camas, mantas e at\u00e9 roupinhas e dificilmente saem na rua para exerc\u00edcios intensos, o que contribui para que mantenham a temperatura corporal est\u00e1vel. Com isso, o organismo n\u00e3o gasta mais energia para mant\u00ea-lo aquecido<\/p>\n\n\n\n<blockquote class=\"wp-block-quote is-layout-flow wp-block-quote-is-layout-flow\"><p><span class=\"has-inline-color has-luminous-vivid-orange-color\">&#8220;Como n\u00e3o h\u00e1 aumento no gasto energ\u00e9tico, n\u00e3o h\u00e1 motivo para repor energia com mais calorias, muito menos para que o animal sinta mais fome. Portanto, o tutor n\u00e3o deve oferecer alimento a mais&#8221;, afirma Fl\u00e1vio Silva, mestre em nutri\u00e7\u00e3o de c\u00e3es e gatos e supervisor de capacita\u00e7\u00e3o t\u00e9cnico-cient\u00edfica da PremierPet.<\/span><\/p><\/blockquote>\n\n\n\n<p>O especialista tamb\u00e9m recomenda que seja mantida uma rotina de alimenta\u00e7\u00e3o com hor\u00e1rios fixos e que o tutor n\u00e3o deixe o alimento dispon\u00edvel por mais de 15 minutos a cada refei\u00e7\u00e3o. &#8220;Se o animal n\u00e3o comer, retire a vasilha&#8221;, diz.<\/p>\n\n\n\n<figure class=\"wp-block-image size-large is-style-default\"><img loading=\"lazy\" decoding=\"async\" width=\"1000\" height=\"749\" src=\"https:\/\/jornalfatosenoticias.com.br\/wp-content\/uploads\/2021\/07\/gato-coberto-deitado.jpg\" alt=\"\" class=\"wp-image-20677\" srcset=\"https:\/\/jornalfatosenoticias.com.br\/wp-content\/uploads\/2021\/07\/gato-coberto-deitado.jpg 1000w, https:\/\/jornalfatosenoticias.com.br\/wp-content\/uploads\/2021\/07\/gato-coberto-deitado-300x225.jpg 300w, https:\/\/jornalfatosenoticias.com.br\/wp-content\/uploads\/2021\/07\/gato-coberto-deitado-768x575.jpg 768w\" sizes=\"auto, (max-width: 1000px) 100vw, 1000px\" \/><figcaption><em><span class=\"has-inline-color has-black-color\">(Foto: Getty Images\/iStockphoto)<\/span><\/em><\/figcaption><\/figure>\n\n\n\n<p>Outra dica \u00e9 n\u00e3o substituir os alimentos por petiscos, que devem representar no m\u00e1ximo 10% das calorias di\u00e1rias indicadas para a idade e o porte do animal, e jamais oferecer restos da alimenta\u00e7\u00e3o humana.<\/p>\n\n\n\n<p><strong><em>Fonte: <a href=\"https:\/\/www.uol.com.br\/nossa\/noticias\/redacao\/2021\/07\/13\/cuidados-com-pets-no-inverno-vai-alem-de-cobertor-e-envolve-ate-skin-care.htm\">UOL<\/a><\/em><\/strong><\/p>\n","protected":false},"excerpt":{"rendered":"<p>Muito al\u00e9m de cobertores e mantas, os pets precisam de cuidados redobrados no inverno Os cuidados com c\u00e3es e gatos durante o inverno devem ir muito al\u00e9m do guarda-roupa e das preocupa\u00e7\u00f5es apenas com caminhas e cobertores. Os tutores precisam estar atentos tamb\u00e9m \u00e0 alimenta\u00e7\u00e3o, banho, aglomera\u00e7\u00f5es com outros pets e at\u00e9 mesmo skin care [&hellip;]<\/p>\n","protected":false},"author":2,"featured_media":20678,"comment_status":"open","ping_status":"open","sticky":false,"template":"","format":"standard","meta":{"footnotes":""},"categories":[9710],"tags":[9558,10141,10139,10142,3453,10140],"class_list":["post-20668","post","type-post","status-publish","format-standard","has-post-thumbnail","hentry","category-pets","tag-caes-e-gatos","tag-cobertor","tag-cuidados-pets","tag-estacao-fria-e-seca","tag-inverno","tag-skin-care"],"yoast_head":"<!-- This site is optimized with the Yoast SEO plugin v26.5 - https:\/\/yoast.com\/wordpress\/plugins\/seo\/ -->\n<title>Cuidados com pets no inverno v\u00e3o al\u00e9m de cobertor e envolvem at\u00e9 skin care - Jornal Fatos e Not\u00edcias<\/title>\n<meta name=\"robots\" content=\"index, follow, max-snippet:-1, max-image-preview:large, max-video-preview:-1\" \/>\n<link rel=\"canonical\" href=\"https:\/\/jornalfatosenoticias.com.br\/index.php\/2021\/07\/14\/cuidados-com-pets-no-inverno-vao-alem-de-cobertor-e-envolvem-ate-skin-care\/\" \/>\n<meta property=\"og:locale\" content=\"pt_BR\" \/>\n<meta property=\"og:type\" content=\"article\" \/>\n<meta property=\"og:title\" content=\"Cuidados com pets no inverno v\u00e3o al\u00e9m de cobertor e envolvem at\u00e9 skin care - Jornal Fatos e Not\u00edcias\" \/>\n<meta property=\"og:description\" content=\"Muito al\u00e9m de cobertores e mantas, os pets precisam de cuidados redobrados no inverno Os cuidados com c\u00e3es e gatos durante o inverno devem ir muito al\u00e9m do guarda-roupa e das preocupa\u00e7\u00f5es apenas com caminhas e cobertores. Os tutores precisam estar atentos tamb\u00e9m \u00e0 alimenta\u00e7\u00e3o, banho, aglomera\u00e7\u00f5es com outros pets e at\u00e9 mesmo skin care [&hellip;]\" \/>\n<meta property=\"og:url\" content=\"https:\/\/jornalfatosenoticias.com.br\/index.php\/2021\/07\/14\/cuidados-com-pets-no-inverno-vao-alem-de-cobertor-e-envolvem-ate-skin-care\/\" \/>\n<meta property=\"og:site_name\" content=\"Jornal Fatos e Not\u00edcias\" \/>\n<meta property=\"article:published_time\" content=\"2021-07-14T14:11:47+00:00\" \/>\n<meta property=\"article:modified_time\" content=\"2021-07-14T14:11:48+00:00\" \/>\n<meta property=\"og:image\" content=\"https:\/\/jornalfatosenoticias.com.br\/wp-content\/uploads\/2021\/07\/cao-e-gato-cobertos.jpg\" \/>\n\t<meta property=\"og:image:width\" content=\"1000\" \/>\n\t<meta property=\"og:image:height\" content=\"461\" \/>\n\t<meta property=\"og:image:type\" content=\"image\/jpeg\" \/>\n<meta name=\"author\" content=\"Luzimara Fernandes\" \/>\n<meta name=\"twitter:card\" content=\"summary_large_image\" \/>\n<meta name=\"twitter:label1\" content=\"Escrito por\" \/>\n\t<meta name=\"twitter:data1\" content=\"Luzimara Fernandes\" \/>\n\t<meta name=\"twitter:label2\" content=\"Est. tempo de leitura\" \/>\n\t<meta name=\"twitter:data2\" content=\"7 minutos\" \/>\n<script type=\"application\/ld+json\" class=\"yoast-schema-graph\">{\"@context\":\"https:\/\/schema.org\",\"@graph\":[{\"@type\":\"Article\",\"@id\":\"https:\/\/jornalfatosenoticias.com.br\/index.php\/2021\/07\/14\/cuidados-com-pets-no-inverno-vao-alem-de-cobertor-e-envolvem-ate-skin-care\/#article\",\"isPartOf\":{\"@id\":\"https:\/\/jornalfatosenoticias.com.br\/index.php\/2021\/07\/14\/cuidados-com-pets-no-inverno-vao-alem-de-cobertor-e-envolvem-ate-skin-care\/\"},\"author\":{\"name\":\"Luzimara Fernandes\",\"@id\":\"https:\/\/jornalfatosenoticias.com.br\/#\/schema\/person\/d63837fa13ac8666eb9e74e0985d6f81\"},\"headline\":\"Cuidados com pets no inverno v\u00e3o al\u00e9m de cobertor e envolvem at\u00e9 skin care\",\"datePublished\":\"2021-07-14T14:11:47+00:00\",\"dateModified\":\"2021-07-14T14:11:48+00:00\",\"mainEntityOfPage\":{\"@id\":\"https:\/\/jornalfatosenoticias.com.br\/index.php\/2021\/07\/14\/cuidados-com-pets-no-inverno-vao-alem-de-cobertor-e-envolvem-ate-skin-care\/\"},\"wordCount\":1352,\"commentCount\":0,\"publisher\":{\"@id\":\"https:\/\/jornalfatosenoticias.com.br\/#organization\"},\"image\":{\"@id\":\"https:\/\/jornalfatosenoticias.com.br\/index.php\/2021\/07\/14\/cuidados-com-pets-no-inverno-vao-alem-de-cobertor-e-envolvem-ate-skin-care\/#primaryimage\"},\"thumbnailUrl\":\"https:\/\/jornalfatosenoticias.com.br\/wp-content\/uploads\/2021\/07\/cao-e-gato-cobertos.jpg\",\"keywords\":[\"c\u00e3es e gatos\",\"cobertor\",\"cuidados pets\",\"esta\u00e7\u00e3o fria e seca\",\"inverno\",\"skin care\"],\"articleSection\":[\"Pets\"],\"inLanguage\":\"pt-BR\",\"potentialAction\":[{\"@type\":\"CommentAction\",\"name\":\"Comment\",\"target\":[\"https:\/\/jornalfatosenoticias.com.br\/index.php\/2021\/07\/14\/cuidados-com-pets-no-inverno-vao-alem-de-cobertor-e-envolvem-ate-skin-care\/#respond\"]}]},{\"@type\":\"WebPage\",\"@id\":\"https:\/\/jornalfatosenoticias.com.br\/index.php\/2021\/07\/14\/cuidados-com-pets-no-inverno-vao-alem-de-cobertor-e-envolvem-ate-skin-care\/\",\"url\":\"https:\/\/jornalfatosenoticias.com.br\/index.php\/2021\/07\/14\/cuidados-com-pets-no-inverno-vao-alem-de-cobertor-e-envolvem-ate-skin-care\/\",\"name\":\"Cuidados com pets no inverno v\u00e3o al\u00e9m de cobertor e envolvem at\u00e9 skin care - Jornal Fatos e Not\u00edcias\",\"isPartOf\":{\"@id\":\"https:\/\/jornalfatosenoticias.com.br\/#website\"},\"primaryImageOfPage\":{\"@id\":\"https:\/\/jornalfatosenoticias.com.br\/index.php\/2021\/07\/14\/cuidados-com-pets-no-inverno-vao-alem-de-cobertor-e-envolvem-ate-skin-care\/#primaryimage\"},\"image\":{\"@id\":\"https:\/\/jornalfatosenoticias.com.br\/index.php\/2021\/07\/14\/cuidados-com-pets-no-inverno-vao-alem-de-cobertor-e-envolvem-ate-skin-care\/#primaryimage\"},\"thumbnailUrl\":\"https:\/\/jornalfatosenoticias.com.br\/wp-content\/uploads\/2021\/07\/cao-e-gato-cobertos.jpg\",\"datePublished\":\"2021-07-14T14:11:47+00:00\",\"dateModified\":\"2021-07-14T14:11:48+00:00\",\"breadcrumb\":{\"@id\":\"https:\/\/jornalfatosenoticias.com.br\/index.php\/2021\/07\/14\/cuidados-com-pets-no-inverno-vao-alem-de-cobertor-e-envolvem-ate-skin-care\/#breadcrumb\"},\"inLanguage\":\"pt-BR\",\"potentialAction\":[{\"@type\":\"ReadAction\",\"target\":[\"https:\/\/jornalfatosenoticias.com.br\/index.php\/2021\/07\/14\/cuidados-com-pets-no-inverno-vao-alem-de-cobertor-e-envolvem-ate-skin-care\/\"]}]},{\"@type\":\"ImageObject\",\"inLanguage\":\"pt-BR\",\"@id\":\"https:\/\/jornalfatosenoticias.com.br\/index.php\/2021\/07\/14\/cuidados-com-pets-no-inverno-vao-alem-de-cobertor-e-envolvem-ate-skin-care\/#primaryimage\",\"url\":\"https:\/\/jornalfatosenoticias.com.br\/wp-content\/uploads\/2021\/07\/cao-e-gato-cobertos.jpg\",\"contentUrl\":\"https:\/\/jornalfatosenoticias.com.br\/wp-content\/uploads\/2021\/07\/cao-e-gato-cobertos.jpg\",\"width\":1000,\"height\":461},{\"@type\":\"BreadcrumbList\",\"@id\":\"https:\/\/jornalfatosenoticias.com.br\/index.php\/2021\/07\/14\/cuidados-com-pets-no-inverno-vao-alem-de-cobertor-e-envolvem-ate-skin-care\/#breadcrumb\",\"itemListElement\":[{\"@type\":\"ListItem\",\"position\":1,\"name\":\"In\u00edcio\",\"item\":\"https:\/\/jornalfatosenoticias.com.br\/\"},{\"@type\":\"ListItem\",\"position\":2,\"name\":\"Cuidados com pets no inverno v\u00e3o al\u00e9m de cobertor e envolvem at\u00e9 skin care\"}]},{\"@type\":\"WebSite\",\"@id\":\"https:\/\/jornalfatosenoticias.com.br\/#website\",\"url\":\"https:\/\/jornalfatosenoticias.com.br\/\",\"name\":\"Jornal Fatos e Not\u00edcias\",\"description\":\"Not\u00edcias em geral\",\"publisher\":{\"@id\":\"https:\/\/jornalfatosenoticias.com.br\/#organization\"},\"potentialAction\":[{\"@type\":\"SearchAction\",\"target\":{\"@type\":\"EntryPoint\",\"urlTemplate\":\"https:\/\/jornalfatosenoticias.com.br\/?s={search_term_string}\"},\"query-input\":{\"@type\":\"PropertyValueSpecification\",\"valueRequired\":true,\"valueName\":\"search_term_string\"}}],\"inLanguage\":\"pt-BR\"},{\"@type\":\"Organization\",\"@id\":\"https:\/\/jornalfatosenoticias.com.br\/#organization\",\"name\":\"Jornal Fatos e Not\u00edcias\",\"url\":\"https:\/\/jornalfatosenoticias.com.br\/\",\"logo\":{\"@type\":\"ImageObject\",\"inLanguage\":\"pt-BR\",\"@id\":\"https:\/\/jornalfatosenoticias.com.br\/#\/schema\/logo\/image\/\",\"url\":\"https:\/\/jornalfatosenoticias.com.br\/wp-content\/uploads\/2020\/02\/logo120.png\",\"contentUrl\":\"https:\/\/jornalfatosenoticias.com.br\/wp-content\/uploads\/2020\/02\/logo120.png\",\"width\":1227,\"height\":120,\"caption\":\"Jornal Fatos e Not\u00edcias\"},\"image\":{\"@id\":\"https:\/\/jornalfatosenoticias.com.br\/#\/schema\/logo\/image\/\"}},{\"@type\":\"Person\",\"@id\":\"https:\/\/jornalfatosenoticias.com.br\/#\/schema\/person\/d63837fa13ac8666eb9e74e0985d6f81\",\"name\":\"Luzimara Fernandes\",\"image\":{\"@type\":\"ImageObject\",\"inLanguage\":\"pt-BR\",\"@id\":\"https:\/\/jornalfatosenoticias.com.br\/#\/schema\/person\/image\/\",\"url\":\"https:\/\/jornalfatosenoticias.com.br\/wp-content\/uploads\/2025\/05\/EU_portal.jpg\",\"contentUrl\":\"https:\/\/jornalfatosenoticias.com.br\/wp-content\/uploads\/2025\/05\/EU_portal.jpg\",\"caption\":\"Luzimara Fernandes\"},\"description\":\"Jornalista MTB 2358-ES\",\"sameAs\":[\"https:\/\/jornalfatosenoticias.com.br\"],\"url\":\"https:\/\/jornalfatosenoticias.com.br\/index.php\/author\/luzimara\/\"}]}<\/script>\n<!-- \/ Yoast SEO plugin. -->","yoast_head_json":{"title":"Cuidados com pets no inverno v\u00e3o al\u00e9m de cobertor e envolvem at\u00e9 skin care - Jornal Fatos e Not\u00edcias","robots":{"index":"index","follow":"follow","max-snippet":"max-snippet:-1","max-image-preview":"max-image-preview:large","max-video-preview":"max-video-preview:-1"},"canonical":"https:\/\/jornalfatosenoticias.com.br\/index.php\/2021\/07\/14\/cuidados-com-pets-no-inverno-vao-alem-de-cobertor-e-envolvem-ate-skin-care\/","og_locale":"pt_BR","og_type":"article","og_title":"Cuidados com pets no inverno v\u00e3o al\u00e9m de cobertor e envolvem at\u00e9 skin care - Jornal Fatos e Not\u00edcias","og_description":"Muito al\u00e9m de cobertores e mantas, os pets precisam de cuidados redobrados no inverno Os cuidados com c\u00e3es e gatos durante o inverno devem ir muito al\u00e9m do guarda-roupa e das preocupa\u00e7\u00f5es apenas com caminhas e cobertores. Os tutores precisam estar atentos tamb\u00e9m \u00e0 alimenta\u00e7\u00e3o, banho, aglomera\u00e7\u00f5es com outros pets e at\u00e9 mesmo skin care [&hellip;]","og_url":"https:\/\/jornalfatosenoticias.com.br\/index.php\/2021\/07\/14\/cuidados-com-pets-no-inverno-vao-alem-de-cobertor-e-envolvem-ate-skin-care\/","og_site_name":"Jornal Fatos e Not\u00edcias","article_published_time":"2021-07-14T14:11:47+00:00","article_modified_time":"2021-07-14T14:11:48+00:00","og_image":[{"width":1000,"height":461,"url":"https:\/\/jornalfatosenoticias.com.br\/wp-content\/uploads\/2021\/07\/cao-e-gato-cobertos.jpg","type":"image\/jpeg"}],"author":"Luzimara Fernandes","twitter_card":"summary_large_image","twitter_misc":{"Escrito por":"Luzimara Fernandes","Est. tempo de leitura":"7 minutos"},"schema":{"@context":"https:\/\/schema.org","@graph":[{"@type":"Article","@id":"https:\/\/jornalfatosenoticias.com.br\/index.php\/2021\/07\/14\/cuidados-com-pets-no-inverno-vao-alem-de-cobertor-e-envolvem-ate-skin-care\/#article","isPartOf":{"@id":"https:\/\/jornalfatosenoticias.com.br\/index.php\/2021\/07\/14\/cuidados-com-pets-no-inverno-vao-alem-de-cobertor-e-envolvem-ate-skin-care\/"},"author":{"name":"Luzimara Fernandes","@id":"https:\/\/jornalfatosenoticias.com.br\/#\/schema\/person\/d63837fa13ac8666eb9e74e0985d6f81"},"headline":"Cuidados com pets no inverno v\u00e3o al\u00e9m de cobertor e envolvem at\u00e9 skin care","datePublished":"2021-07-14T14:11:47+00:00","dateModified":"2021-07-14T14:11:48+00:00","mainEntityOfPage":{"@id":"https:\/\/jornalfatosenoticias.com.br\/index.php\/2021\/07\/14\/cuidados-com-pets-no-inverno-vao-alem-de-cobertor-e-envolvem-ate-skin-care\/"},"wordCount":1352,"commentCount":0,"publisher":{"@id":"https:\/\/jornalfatosenoticias.com.br\/#organization"},"image":{"@id":"https:\/\/jornalfatosenoticias.com.br\/index.php\/2021\/07\/14\/cuidados-com-pets-no-inverno-vao-alem-de-cobertor-e-envolvem-ate-skin-care\/#primaryimage"},"thumbnailUrl":"https:\/\/jornalfatosenoticias.com.br\/wp-content\/uploads\/2021\/07\/cao-e-gato-cobertos.jpg","keywords":["c\u00e3es e gatos","cobertor","cuidados pets","esta\u00e7\u00e3o fria e seca","inverno","skin care"],"articleSection":["Pets"],"inLanguage":"pt-BR","potentialAction":[{"@type":"CommentAction","name":"Comment","target":["https:\/\/jornalfatosenoticias.com.br\/index.php\/2021\/07\/14\/cuidados-com-pets-no-inverno-vao-alem-de-cobertor-e-envolvem-ate-skin-care\/#respond"]}]},{"@type":"WebPage","@id":"https:\/\/jornalfatosenoticias.com.br\/index.php\/2021\/07\/14\/cuidados-com-pets-no-inverno-vao-alem-de-cobertor-e-envolvem-ate-skin-care\/","url":"https:\/\/jornalfatosenoticias.com.br\/index.php\/2021\/07\/14\/cuidados-com-pets-no-inverno-vao-alem-de-cobertor-e-envolvem-ate-skin-care\/","name":"Cuidados com pets no inverno v\u00e3o al\u00e9m de cobertor e envolvem at\u00e9 skin care - Jornal Fatos e Not\u00edcias","isPartOf":{"@id":"https:\/\/jornalfatosenoticias.com.br\/#website"},"primaryImageOfPage":{"@id":"https:\/\/jornalfatosenoticias.com.br\/index.php\/2021\/07\/14\/cuidados-com-pets-no-inverno-vao-alem-de-cobertor-e-envolvem-ate-skin-care\/#primaryimage"},"image":{"@id":"https:\/\/jornalfatosenoticias.com.br\/index.php\/2021\/07\/14\/cuidados-com-pets-no-inverno-vao-alem-de-cobertor-e-envolvem-ate-skin-care\/#primaryimage"},"thumbnailUrl":"https:\/\/jornalfatosenoticias.com.br\/wp-content\/uploads\/2021\/07\/cao-e-gato-cobertos.jpg","datePublished":"2021-07-14T14:11:47+00:00","dateModified":"2021-07-14T14:11:48+00:00","breadcrumb":{"@id":"https:\/\/jornalfatosenoticias.com.br\/index.php\/2021\/07\/14\/cuidados-com-pets-no-inverno-vao-alem-de-cobertor-e-envolvem-ate-skin-care\/#breadcrumb"},"inLanguage":"pt-BR","potentialAction":[{"@type":"ReadAction","target":["https:\/\/jornalfatosenoticias.com.br\/index.php\/2021\/07\/14\/cuidados-com-pets-no-inverno-vao-alem-de-cobertor-e-envolvem-ate-skin-care\/"]}]},{"@type":"ImageObject","inLanguage":"pt-BR","@id":"https:\/\/jornalfatosenoticias.com.br\/index.php\/2021\/07\/14\/cuidados-com-pets-no-inverno-vao-alem-de-cobertor-e-envolvem-ate-skin-care\/#primaryimage","url":"https:\/\/jornalfatosenoticias.com.br\/wp-content\/uploads\/2021\/07\/cao-e-gato-cobertos.jpg","contentUrl":"https:\/\/jornalfatosenoticias.com.br\/wp-content\/uploads\/2021\/07\/cao-e-gato-cobertos.jpg","width":1000,"height":461},{"@type":"BreadcrumbList","@id":"https:\/\/jornalfatosenoticias.com.br\/index.php\/2021\/07\/14\/cuidados-com-pets-no-inverno-vao-alem-de-cobertor-e-envolvem-ate-skin-care\/#breadcrumb","itemListElement":[{"@type":"ListItem","position":1,"name":"In\u00edcio","item":"https:\/\/jornalfatosenoticias.com.br\/"},{"@type":"ListItem","position":2,"name":"Cuidados com pets no inverno v\u00e3o al\u00e9m de cobertor e envolvem at\u00e9 skin care"}]},{"@type":"WebSite","@id":"https:\/\/jornalfatosenoticias.com.br\/#website","url":"https:\/\/jornalfatosenoticias.com.br\/","name":"Jornal Fatos e Not\u00edcias","description":"Not\u00edcias em geral","publisher":{"@id":"https:\/\/jornalfatosenoticias.com.br\/#organization"},"potentialAction":[{"@type":"SearchAction","target":{"@type":"EntryPoint","urlTemplate":"https:\/\/jornalfatosenoticias.com.br\/?s={search_term_string}"},"query-input":{"@type":"PropertyValueSpecification","valueRequired":true,"valueName":"search_term_string"}}],"inLanguage":"pt-BR"},{"@type":"Organization","@id":"https:\/\/jornalfatosenoticias.com.br\/#organization","name":"Jornal Fatos e Not\u00edcias","url":"https:\/\/jornalfatosenoticias.com.br\/","logo":{"@type":"ImageObject","inLanguage":"pt-BR","@id":"https:\/\/jornalfatosenoticias.com.br\/#\/schema\/logo\/image\/","url":"https:\/\/jornalfatosenoticias.com.br\/wp-content\/uploads\/2020\/02\/logo120.png","contentUrl":"https:\/\/jornalfatosenoticias.com.br\/wp-content\/uploads\/2020\/02\/logo120.png","width":1227,"height":120,"caption":"Jornal Fatos e Not\u00edcias"},"image":{"@id":"https:\/\/jornalfatosenoticias.com.br\/#\/schema\/logo\/image\/"}},{"@type":"Person","@id":"https:\/\/jornalfatosenoticias.com.br\/#\/schema\/person\/d63837fa13ac8666eb9e74e0985d6f81","name":"Luzimara Fernandes","image":{"@type":"ImageObject","inLanguage":"pt-BR","@id":"https:\/\/jornalfatosenoticias.com.br\/#\/schema\/person\/image\/","url":"https:\/\/jornalfatosenoticias.com.br\/wp-content\/uploads\/2025\/05\/EU_portal.jpg","contentUrl":"https:\/\/jornalfatosenoticias.com.br\/wp-content\/uploads\/2025\/05\/EU_portal.jpg","caption":"Luzimara Fernandes"},"description":"Jornalista MTB 2358-ES","sameAs":["https:\/\/jornalfatosenoticias.com.br"],"url":"https:\/\/jornalfatosenoticias.com.br\/index.php\/author\/luzimara\/"}]}},"cc_featured_image_caption":{"caption_text":"(Foto: Getty Images\/iStockphoto)","source_text":"","source_url":""},"jetpack_featured_media_url":"https:\/\/jornalfatosenoticias.com.br\/wp-content\/uploads\/2021\/07\/cao-e-gato-cobertos.jpg","_links":{"self":[{"href":"https:\/\/jornalfatosenoticias.com.br\/index.php\/wp-json\/wp\/v2\/posts\/20668","targetHints":{"allow":["GET"]}}],"collection":[{"href":"https:\/\/jornalfatosenoticias.com.br\/index.php\/wp-json\/wp\/v2\/posts"}],"about":[{"href":"https:\/\/jornalfatosenoticias.com.br\/index.php\/wp-json\/wp\/v2\/types\/post"}],"author":[{"embeddable":true,"href":"https:\/\/jornalfatosenoticias.com.br\/index.php\/wp-json\/wp\/v2\/users\/2"}],"replies":[{"embeddable":true,"href":"https:\/\/jornalfatosenoticias.com.br\/index.php\/wp-json\/wp\/v2\/comments?post=20668"}],"version-history":[{"count":0,"href":"https:\/\/jornalfatosenoticias.com.br\/index.php\/wp-json\/wp\/v2\/posts\/20668\/revisions"}],"wp:featuredmedia":[{"embeddable":true,"href":"https:\/\/jornalfatosenoticias.com.br\/index.php\/wp-json\/wp\/v2\/media\/20678"}],"wp:attachment":[{"href":"https:\/\/jornalfatosenoticias.com.br\/index.php\/wp-json\/wp\/v2\/media?parent=20668"}],"wp:term":[{"taxonomy":"category","embeddable":true,"href":"https:\/\/jornalfatosenoticias.com.br\/index.php\/wp-json\/wp\/v2\/categories?post=20668"},{"taxonomy":"post_tag","embeddable":true,"href":"https:\/\/jornalfatosenoticias.com.br\/index.php\/wp-json\/wp\/v2\/tags?post=20668"}],"curies":[{"name":"wp","href":"https:\/\/api.w.org\/{rel}","templated":true}]}}