{"id":20720,"date":"2021-07-15T18:44:07","date_gmt":"2021-07-15T21:44:07","guid":{"rendered":"https:\/\/jornalfatosenoticias.com.br\/?p=20720"},"modified":"2021-07-15T18:45:14","modified_gmt":"2021-07-15T21:45:14","slug":"sedu-anuncia-aulas-de-reforco-em-todas-as-escolas-da-rede-estadual-no-segundo-semestre","status":"publish","type":"post","link":"https:\/\/jornalfatosenoticias.com.br\/index.php\/2021\/07\/15\/sedu-anuncia-aulas-de-reforco-em-todas-as-escolas-da-rede-estadual-no-segundo-semestre\/","title":{"rendered":"Sedu anuncia aulas de refor\u00e7o em todas as Escolas da Rede Estadual no segundo semestre"},"content":{"rendered":"\n<p>Durante coletiva de imprensa, realizada na manh\u00e3 de ter\u00e7a-feira (13), o secret\u00e1rio de Estado da Educa\u00e7\u00e3o, V\u00edtor de \u00c2ngelo, anunciou algumas novidades para o segundo semestre letivo nas Escolas da Rede P\u00fablica Estadual. Aulas de refor\u00e7o e recupera\u00e7\u00e3o em todas as unidades de ensino \u00e9 a principal a\u00e7\u00e3o, que integra o Programa de Fortalecimento da Aprendizagem.<br>Durante a coletiva, o secret\u00e1rio tamb\u00e9m divulgou os resultados das Avalia\u00e7\u00f5es Diagn\u00f3sticas realizadas em 2020 e 2021. Segundo V\u00edtor de \u00c2ngelo, o objetivo da a\u00e7\u00e3o foi diagnosticar as aprendizagens e as habilidades desenvolvidas pelos estudantes do 3\u00ba ano do ensino fundamental at\u00e9 a 3\u00aa s\u00e9rie do ensino m\u00e9dio, nas diversas disciplinas.<br>As a\u00e7\u00f5es do Programa de Fortalecimento da Aprendizagem foram planejadas diante dos resultados das Avalia\u00e7\u00f5es Diagn\u00f3sticas. \u201cPara n\u00f3s, foi muito importante saber o quanto cada estudante aprendeu, por componente curricular, s\u00e9rie, modalidade, entre outros, para entrar com a interven\u00e7\u00e3o pedag\u00f3gica\u201d, disse V\u00edtor de \u00c2ngelo.<br>A subsecret\u00e1ria de Educa\u00e7\u00e3o B\u00e1sica e Profissional da Sedu, Andrea Guzzo, falou sobre o Fortalecimento da Aprendizagem. \u201cA recupera\u00e7\u00e3o \u00e9 incidir do ponto de vista dos resultados avaliativos como os trimestrais e do final dos semestres. Queremos que os alunos n\u00e3o tenham lacunas de aprendizagem, sejam aprovados e continuem aprendendo. O principal objetivo \u00e9 a aprendizagem dos estudantes\u201d, disse.<br>Entre as outras a\u00e7\u00f5es j\u00e1 anunciadas pela Sedu e que est\u00e3o em andamento est\u00e1 a entrega de 60 mil chromebooks aos estudantes do Ensino M\u00e9dio e da Educa\u00e7\u00e3o de Jovens e Adultos (EJA), um investimento de mais de R$ 100 milh\u00f5es e a destina\u00e7\u00e3o de recursos aos professores para a aquisi\u00e7\u00e3o de computadores e pacote de dados, projeto que est\u00e1 sendo realizado por ades\u00e3o e que pode beneficiar cerca de 15 mil professores, com investimento de mais de R$ 55 milh\u00f5es.<br>O secret\u00e1rio ressaltou ainda que o Governo do Estado, por meio da Sedu, implementou estrat\u00e9gias e a\u00e7\u00f5es na pasta da Educa\u00e7\u00e3o, logo no in\u00edcio da pandemia. \u201cA nossa Rede foi uma das que mais se estruturou na pandemia. Criamos o Programa Escolar, a Plataforma Escola Segura e os protocolos de seguran\u00e7a para a volta \u00e0s aulas presenciais. Essas foram algumas das iniciativas do Estado para mitigar os impactos j\u00e1 previstos\u201d, afirmou V\u00edtor de \u00c2ngelo.<\/p>\n\n\n\n<p><strong><span class=\"has-inline-color has-black-color\">PERCENTUAL DE ACERTO POR COMPONENTE CURRICULAR<\/span><\/strong><\/p>\n\n\n\n<p><strong><span class=\"has-inline-color has-black-color\">ENSINO FUNDAMENTAL:<\/span><\/strong> <a href=\"https:\/\/sedu.es.gov.br\/Media\/sedu\/Imagens\/1-70.png\">Matem\u00e1tica, L\u00edngua Portuguesa e Ci\u00eancias,<\/a> <a href=\"https:\/\/sedu.es.gov.br\/Media\/sedu\/Imagens\/2-34.png\" target=\"_blank\" rel=\"noreferrer noopener\">Geografia, Hist\u00f3ria e L\u00edngua Inglesa<\/a><\/p>\n\n\n\n<p><strong><span class=\"has-inline-color has-black-color\">ENSINO M\u00c9DIO:<\/span><\/strong> <a href=\"https:\/\/sedu.es.gov.br\/Media\/sedu\/Imagens\/3-26.png\" target=\"_blank\" rel=\"noreferrer noopener\">Matem\u00e1tica, L\u00edngua Portuguesa e L\u00edngua Inglesa,<\/a> <a href=\"https:\/\/sedu.es.gov.br\/Media\/sedu\/Imagens\/4-18.png\" target=\"_blank\" rel=\"noreferrer noopener\">Biologia, F\u00edsica e Qu\u00edmica,<\/a> <a href=\"https:\/\/sedu.es.gov.br\/Media\/sedu\/Imagens\/5-12.png\" target=\"_blank\" rel=\"noreferrer noopener\">Geografia, Filosofia, Hist\u00f3ria e Sociologia<\/a><\/p>\n\n\n\n<p><strong><em>Fonte: <a href=\"https:\/\/sedu.es.gov.br\/Not%C3%ADcia\/sedu-anuncia-aulas-de-reforco-em-todas-as-escolas-da-rede-estadual-no-segundo-semestre#:~:text=07%2F2021%2014h09-,Sedu%20anuncia%20aulas%20de%20refor%C3%A7o%20em%20todas%20as,Rede%20Estadual%20no%20segundo%20semestre&amp;text=Durante%20coletiva%20de%20imprensa%2C%20realizada,Escolas%20da%20Rede%20P%C3%BAblica%20Estadual.\">Sedu<\/a><\/em><\/strong><\/p>\n","protected":false},"excerpt":{"rendered":"<p>Durante coletiva de imprensa, realizada na manh\u00e3 de ter\u00e7a-feira (13), o secret\u00e1rio de Estado da Educa\u00e7\u00e3o, V\u00edtor de \u00c2ngelo, anunciou algumas novidades para o segundo semestre letivo nas Escolas da Rede P\u00fablica Estadual. Aulas de refor\u00e7o e recupera\u00e7\u00e3o em todas as unidades de ensino \u00e9 a principal a\u00e7\u00e3o, que integra o Programa de Fortalecimento da [&hellip;]<\/p>\n","protected":false},"author":2,"featured_media":20721,"comment_status":"open","ping_status":"open","sticky":false,"template":"","format":"standard","meta":{"footnotes":""},"categories":[7],"tags":[10166,10165,406,409],"class_list":["post-20720","post","type-post","status-publish","format-standard","has-post-thumbnail","hentry","category-educacao","tag-rede-estadual-de-ensino","tag-reforco-escolar","tag-secretario-de-estado-da-educacao","tag-sedu"],"yoast_head":"<!-- This site is optimized with the Yoast SEO plugin v26.5 - https:\/\/yoast.com\/wordpress\/plugins\/seo\/ -->\n<title>Sedu anuncia aulas de refor\u00e7o em todas as Escolas da Rede Estadual no segundo semestre - Jornal Fatos e Not\u00edcias<\/title>\n<meta name=\"robots\" content=\"index, follow, max-snippet:-1, max-image-preview:large, max-video-preview:-1\" \/>\n<link rel=\"canonical\" href=\"https:\/\/jornalfatosenoticias.com.br\/index.php\/2021\/07\/15\/sedu-anuncia-aulas-de-reforco-em-todas-as-escolas-da-rede-estadual-no-segundo-semestre\/\" \/>\n<meta property=\"og:locale\" content=\"pt_BR\" \/>\n<meta property=\"og:type\" content=\"article\" \/>\n<meta property=\"og:title\" content=\"Sedu anuncia aulas de refor\u00e7o em todas as Escolas da Rede Estadual no segundo semestre - Jornal Fatos e Not\u00edcias\" \/>\n<meta property=\"og:description\" content=\"Durante coletiva de imprensa, realizada na manh\u00e3 de ter\u00e7a-feira (13), o secret\u00e1rio de Estado da Educa\u00e7\u00e3o, V\u00edtor de \u00c2ngelo, anunciou algumas novidades para o segundo semestre letivo nas Escolas da Rede P\u00fablica Estadual. Aulas de refor\u00e7o e recupera\u00e7\u00e3o em todas as unidades de ensino \u00e9 a principal a\u00e7\u00e3o, que integra o Programa de Fortalecimento da [&hellip;]\" \/>\n<meta property=\"og:url\" content=\"https:\/\/jornalfatosenoticias.com.br\/index.php\/2021\/07\/15\/sedu-anuncia-aulas-de-reforco-em-todas-as-escolas-da-rede-estadual-no-segundo-semestre\/\" \/>\n<meta property=\"og:site_name\" content=\"Jornal Fatos e Not\u00edcias\" \/>\n<meta property=\"article:published_time\" content=\"2021-07-15T21:44:07+00:00\" \/>\n<meta property=\"article:modified_time\" content=\"2021-07-15T21:45:14+00:00\" \/>\n<meta property=\"og:image\" content=\"https:\/\/jornalfatosenoticias.com.br\/wp-content\/uploads\/2021\/07\/REFORCO-ESCOLAS-ESTADUAIS.jpeg\" \/>\n\t<meta property=\"og:image:width\" content=\"1000\" \/>\n\t<meta property=\"og:image:height\" content=\"750\" \/>\n\t<meta property=\"og:image:type\" content=\"image\/jpeg\" \/>\n<meta name=\"author\" content=\"Luzimara Fernandes\" \/>\n<meta name=\"twitter:card\" content=\"summary_large_image\" \/>\n<meta name=\"twitter:label1\" content=\"Escrito por\" \/>\n\t<meta name=\"twitter:data1\" content=\"Luzimara Fernandes\" \/>\n\t<meta name=\"twitter:label2\" content=\"Est. tempo de leitura\" \/>\n\t<meta name=\"twitter:data2\" content=\"2 minutos\" \/>\n<script type=\"application\/ld+json\" class=\"yoast-schema-graph\">{\"@context\":\"https:\/\/schema.org\",\"@graph\":[{\"@type\":\"Article\",\"@id\":\"https:\/\/jornalfatosenoticias.com.br\/index.php\/2021\/07\/15\/sedu-anuncia-aulas-de-reforco-em-todas-as-escolas-da-rede-estadual-no-segundo-semestre\/#article\",\"isPartOf\":{\"@id\":\"https:\/\/jornalfatosenoticias.com.br\/index.php\/2021\/07\/15\/sedu-anuncia-aulas-de-reforco-em-todas-as-escolas-da-rede-estadual-no-segundo-semestre\/\"},\"author\":{\"name\":\"Luzimara Fernandes\",\"@id\":\"https:\/\/jornalfatosenoticias.com.br\/#\/schema\/person\/d63837fa13ac8666eb9e74e0985d6f81\"},\"headline\":\"Sedu anuncia aulas de refor\u00e7o em todas as Escolas da Rede Estadual no segundo semestre\",\"datePublished\":\"2021-07-15T21:44:07+00:00\",\"dateModified\":\"2021-07-15T21:45:14+00:00\",\"mainEntityOfPage\":{\"@id\":\"https:\/\/jornalfatosenoticias.com.br\/index.php\/2021\/07\/15\/sedu-anuncia-aulas-de-reforco-em-todas-as-escolas-da-rede-estadual-no-segundo-semestre\/\"},\"wordCount\":463,\"commentCount\":0,\"publisher\":{\"@id\":\"https:\/\/jornalfatosenoticias.com.br\/#organization\"},\"image\":{\"@id\":\"https:\/\/jornalfatosenoticias.com.br\/index.php\/2021\/07\/15\/sedu-anuncia-aulas-de-reforco-em-todas-as-escolas-da-rede-estadual-no-segundo-semestre\/#primaryimage\"},\"thumbnailUrl\":\"https:\/\/jornalfatosenoticias.com.br\/wp-content\/uploads\/2021\/07\/REFORCO-ESCOLAS-ESTADUAIS.jpeg\",\"keywords\":[\"rede estadual de ensino\",\"refor\u00e7o escolar\",\"secret\u00e1rio de Estado da Educa\u00e7\u00e3o\",\"Sedu\"],\"articleSection\":[\"Educa\u00e7\u00e3o\"],\"inLanguage\":\"pt-BR\",\"potentialAction\":[{\"@type\":\"CommentAction\",\"name\":\"Comment\",\"target\":[\"https:\/\/jornalfatosenoticias.com.br\/index.php\/2021\/07\/15\/sedu-anuncia-aulas-de-reforco-em-todas-as-escolas-da-rede-estadual-no-segundo-semestre\/#respond\"]}]},{\"@type\":\"WebPage\",\"@id\":\"https:\/\/jornalfatosenoticias.com.br\/index.php\/2021\/07\/15\/sedu-anuncia-aulas-de-reforco-em-todas-as-escolas-da-rede-estadual-no-segundo-semestre\/\",\"url\":\"https:\/\/jornalfatosenoticias.com.br\/index.php\/2021\/07\/15\/sedu-anuncia-aulas-de-reforco-em-todas-as-escolas-da-rede-estadual-no-segundo-semestre\/\",\"name\":\"Sedu anuncia aulas de refor\u00e7o em todas as Escolas da Rede Estadual no segundo semestre - Jornal Fatos e Not\u00edcias\",\"isPartOf\":{\"@id\":\"https:\/\/jornalfatosenoticias.com.br\/#website\"},\"primaryImageOfPage\":{\"@id\":\"https:\/\/jornalfatosenoticias.com.br\/index.php\/2021\/07\/15\/sedu-anuncia-aulas-de-reforco-em-todas-as-escolas-da-rede-estadual-no-segundo-semestre\/#primaryimage\"},\"image\":{\"@id\":\"https:\/\/jornalfatosenoticias.com.br\/index.php\/2021\/07\/15\/sedu-anuncia-aulas-de-reforco-em-todas-as-escolas-da-rede-estadual-no-segundo-semestre\/#primaryimage\"},\"thumbnailUrl\":\"https:\/\/jornalfatosenoticias.com.br\/wp-content\/uploads\/2021\/07\/REFORCO-ESCOLAS-ESTADUAIS.jpeg\",\"datePublished\":\"2021-07-15T21:44:07+00:00\",\"dateModified\":\"2021-07-15T21:45:14+00:00\",\"breadcrumb\":{\"@id\":\"https:\/\/jornalfatosenoticias.com.br\/index.php\/2021\/07\/15\/sedu-anuncia-aulas-de-reforco-em-todas-as-escolas-da-rede-estadual-no-segundo-semestre\/#breadcrumb\"},\"inLanguage\":\"pt-BR\",\"potentialAction\":[{\"@type\":\"ReadAction\",\"target\":[\"https:\/\/jornalfatosenoticias.com.br\/index.php\/2021\/07\/15\/sedu-anuncia-aulas-de-reforco-em-todas-as-escolas-da-rede-estadual-no-segundo-semestre\/\"]}]},{\"@type\":\"ImageObject\",\"inLanguage\":\"pt-BR\",\"@id\":\"https:\/\/jornalfatosenoticias.com.br\/index.php\/2021\/07\/15\/sedu-anuncia-aulas-de-reforco-em-todas-as-escolas-da-rede-estadual-no-segundo-semestre\/#primaryimage\",\"url\":\"https:\/\/jornalfatosenoticias.com.br\/wp-content\/uploads\/2021\/07\/REFORCO-ESCOLAS-ESTADUAIS.jpeg\",\"contentUrl\":\"https:\/\/jornalfatosenoticias.com.br\/wp-content\/uploads\/2021\/07\/REFORCO-ESCOLAS-ESTADUAIS.jpeg\",\"width\":1000,\"height\":750},{\"@type\":\"BreadcrumbList\",\"@id\":\"https:\/\/jornalfatosenoticias.com.br\/index.php\/2021\/07\/15\/sedu-anuncia-aulas-de-reforco-em-todas-as-escolas-da-rede-estadual-no-segundo-semestre\/#breadcrumb\",\"itemListElement\":[{\"@type\":\"ListItem\",\"position\":1,\"name\":\"In\u00edcio\",\"item\":\"https:\/\/jornalfatosenoticias.com.br\/\"},{\"@type\":\"ListItem\",\"position\":2,\"name\":\"Sedu anuncia aulas de refor\u00e7o em todas as Escolas da Rede Estadual no segundo semestre\"}]},{\"@type\":\"WebSite\",\"@id\":\"https:\/\/jornalfatosenoticias.com.br\/#website\",\"url\":\"https:\/\/jornalfatosenoticias.com.br\/\",\"name\":\"Jornal Fatos e Not\u00edcias\",\"description\":\"Not\u00edcias em geral\",\"publisher\":{\"@id\":\"https:\/\/jornalfatosenoticias.com.br\/#organization\"},\"potentialAction\":[{\"@type\":\"SearchAction\",\"target\":{\"@type\":\"EntryPoint\",\"urlTemplate\":\"https:\/\/jornalfatosenoticias.com.br\/?s={search_term_string}\"},\"query-input\":{\"@type\":\"PropertyValueSpecification\",\"valueRequired\":true,\"valueName\":\"search_term_string\"}}],\"inLanguage\":\"pt-BR\"},{\"@type\":\"Organization\",\"@id\":\"https:\/\/jornalfatosenoticias.com.br\/#organization\",\"name\":\"Jornal Fatos e Not\u00edcias\",\"url\":\"https:\/\/jornalfatosenoticias.com.br\/\",\"logo\":{\"@type\":\"ImageObject\",\"inLanguage\":\"pt-BR\",\"@id\":\"https:\/\/jornalfatosenoticias.com.br\/#\/schema\/logo\/image\/\",\"url\":\"https:\/\/jornalfatosenoticias.com.br\/wp-content\/uploads\/2020\/02\/logo120.png\",\"contentUrl\":\"https:\/\/jornalfatosenoticias.com.br\/wp-content\/uploads\/2020\/02\/logo120.png\",\"width\":1227,\"height\":120,\"caption\":\"Jornal Fatos e Not\u00edcias\"},\"image\":{\"@id\":\"https:\/\/jornalfatosenoticias.com.br\/#\/schema\/logo\/image\/\"}},{\"@type\":\"Person\",\"@id\":\"https:\/\/jornalfatosenoticias.com.br\/#\/schema\/person\/d63837fa13ac8666eb9e74e0985d6f81\",\"name\":\"Luzimara Fernandes\",\"image\":{\"@type\":\"ImageObject\",\"inLanguage\":\"pt-BR\",\"@id\":\"https:\/\/jornalfatosenoticias.com.br\/#\/schema\/person\/image\/\",\"url\":\"https:\/\/jornalfatosenoticias.com.br\/wp-content\/uploads\/2025\/05\/EU_portal.jpg\",\"contentUrl\":\"https:\/\/jornalfatosenoticias.com.br\/wp-content\/uploads\/2025\/05\/EU_portal.jpg\",\"caption\":\"Luzimara Fernandes\"},\"description\":\"Jornalista MTB 2358-ES\",\"sameAs\":[\"https:\/\/jornalfatosenoticias.com.br\"],\"url\":\"https:\/\/jornalfatosenoticias.com.br\/index.php\/author\/luzimara\/\"}]}<\/script>\n<!-- \/ Yoast SEO plugin. -->","yoast_head_json":{"title":"Sedu anuncia aulas de refor\u00e7o em todas as Escolas da Rede Estadual no segundo semestre - Jornal Fatos e Not\u00edcias","robots":{"index":"index","follow":"follow","max-snippet":"max-snippet:-1","max-image-preview":"max-image-preview:large","max-video-preview":"max-video-preview:-1"},"canonical":"https:\/\/jornalfatosenoticias.com.br\/index.php\/2021\/07\/15\/sedu-anuncia-aulas-de-reforco-em-todas-as-escolas-da-rede-estadual-no-segundo-semestre\/","og_locale":"pt_BR","og_type":"article","og_title":"Sedu anuncia aulas de refor\u00e7o em todas as Escolas da Rede Estadual no segundo semestre - Jornal Fatos e Not\u00edcias","og_description":"Durante coletiva de imprensa, realizada na manh\u00e3 de ter\u00e7a-feira (13), o secret\u00e1rio de Estado da Educa\u00e7\u00e3o, V\u00edtor de \u00c2ngelo, anunciou algumas novidades para o segundo semestre letivo nas Escolas da Rede P\u00fablica Estadual. Aulas de refor\u00e7o e recupera\u00e7\u00e3o em todas as unidades de ensino \u00e9 a principal a\u00e7\u00e3o, que integra o Programa de Fortalecimento da [&hellip;]","og_url":"https:\/\/jornalfatosenoticias.com.br\/index.php\/2021\/07\/15\/sedu-anuncia-aulas-de-reforco-em-todas-as-escolas-da-rede-estadual-no-segundo-semestre\/","og_site_name":"Jornal Fatos e Not\u00edcias","article_published_time":"2021-07-15T21:44:07+00:00","article_modified_time":"2021-07-15T21:45:14+00:00","og_image":[{"width":1000,"height":750,"url":"https:\/\/jornalfatosenoticias.com.br\/wp-content\/uploads\/2021\/07\/REFORCO-ESCOLAS-ESTADUAIS.jpeg","type":"image\/jpeg"}],"author":"Luzimara Fernandes","twitter_card":"summary_large_image","twitter_misc":{"Escrito por":"Luzimara Fernandes","Est. tempo de leitura":"2 minutos"},"schema":{"@context":"https:\/\/schema.org","@graph":[{"@type":"Article","@id":"https:\/\/jornalfatosenoticias.com.br\/index.php\/2021\/07\/15\/sedu-anuncia-aulas-de-reforco-em-todas-as-escolas-da-rede-estadual-no-segundo-semestre\/#article","isPartOf":{"@id":"https:\/\/jornalfatosenoticias.com.br\/index.php\/2021\/07\/15\/sedu-anuncia-aulas-de-reforco-em-todas-as-escolas-da-rede-estadual-no-segundo-semestre\/"},"author":{"name":"Luzimara Fernandes","@id":"https:\/\/jornalfatosenoticias.com.br\/#\/schema\/person\/d63837fa13ac8666eb9e74e0985d6f81"},"headline":"Sedu anuncia aulas de refor\u00e7o em todas as Escolas da Rede Estadual no segundo semestre","datePublished":"2021-07-15T21:44:07+00:00","dateModified":"2021-07-15T21:45:14+00:00","mainEntityOfPage":{"@id":"https:\/\/jornalfatosenoticias.com.br\/index.php\/2021\/07\/15\/sedu-anuncia-aulas-de-reforco-em-todas-as-escolas-da-rede-estadual-no-segundo-semestre\/"},"wordCount":463,"commentCount":0,"publisher":{"@id":"https:\/\/jornalfatosenoticias.com.br\/#organization"},"image":{"@id":"https:\/\/jornalfatosenoticias.com.br\/index.php\/2021\/07\/15\/sedu-anuncia-aulas-de-reforco-em-todas-as-escolas-da-rede-estadual-no-segundo-semestre\/#primaryimage"},"thumbnailUrl":"https:\/\/jornalfatosenoticias.com.br\/wp-content\/uploads\/2021\/07\/REFORCO-ESCOLAS-ESTADUAIS.jpeg","keywords":["rede estadual de ensino","refor\u00e7o escolar","secret\u00e1rio de Estado da Educa\u00e7\u00e3o","Sedu"],"articleSection":["Educa\u00e7\u00e3o"],"inLanguage":"pt-BR","potentialAction":[{"@type":"CommentAction","name":"Comment","target":["https:\/\/jornalfatosenoticias.com.br\/index.php\/2021\/07\/15\/sedu-anuncia-aulas-de-reforco-em-todas-as-escolas-da-rede-estadual-no-segundo-semestre\/#respond"]}]},{"@type":"WebPage","@id":"https:\/\/jornalfatosenoticias.com.br\/index.php\/2021\/07\/15\/sedu-anuncia-aulas-de-reforco-em-todas-as-escolas-da-rede-estadual-no-segundo-semestre\/","url":"https:\/\/jornalfatosenoticias.com.br\/index.php\/2021\/07\/15\/sedu-anuncia-aulas-de-reforco-em-todas-as-escolas-da-rede-estadual-no-segundo-semestre\/","name":"Sedu anuncia aulas de refor\u00e7o em todas as Escolas da Rede Estadual no segundo semestre - Jornal Fatos e Not\u00edcias","isPartOf":{"@id":"https:\/\/jornalfatosenoticias.com.br\/#website"},"primaryImageOfPage":{"@id":"https:\/\/jornalfatosenoticias.com.br\/index.php\/2021\/07\/15\/sedu-anuncia-aulas-de-reforco-em-todas-as-escolas-da-rede-estadual-no-segundo-semestre\/#primaryimage"},"image":{"@id":"https:\/\/jornalfatosenoticias.com.br\/index.php\/2021\/07\/15\/sedu-anuncia-aulas-de-reforco-em-todas-as-escolas-da-rede-estadual-no-segundo-semestre\/#primaryimage"},"thumbnailUrl":"https:\/\/jornalfatosenoticias.com.br\/wp-content\/uploads\/2021\/07\/REFORCO-ESCOLAS-ESTADUAIS.jpeg","datePublished":"2021-07-15T21:44:07+00:00","dateModified":"2021-07-15T21:45:14+00:00","breadcrumb":{"@id":"https:\/\/jornalfatosenoticias.com.br\/index.php\/2021\/07\/15\/sedu-anuncia-aulas-de-reforco-em-todas-as-escolas-da-rede-estadual-no-segundo-semestre\/#breadcrumb"},"inLanguage":"pt-BR","potentialAction":[{"@type":"ReadAction","target":["https:\/\/jornalfatosenoticias.com.br\/index.php\/2021\/07\/15\/sedu-anuncia-aulas-de-reforco-em-todas-as-escolas-da-rede-estadual-no-segundo-semestre\/"]}]},{"@type":"ImageObject","inLanguage":"pt-BR","@id":"https:\/\/jornalfatosenoticias.com.br\/index.php\/2021\/07\/15\/sedu-anuncia-aulas-de-reforco-em-todas-as-escolas-da-rede-estadual-no-segundo-semestre\/#primaryimage","url":"https:\/\/jornalfatosenoticias.com.br\/wp-content\/uploads\/2021\/07\/REFORCO-ESCOLAS-ESTADUAIS.jpeg","contentUrl":"https:\/\/jornalfatosenoticias.com.br\/wp-content\/uploads\/2021\/07\/REFORCO-ESCOLAS-ESTADUAIS.jpeg","width":1000,"height":750},{"@type":"BreadcrumbList","@id":"https:\/\/jornalfatosenoticias.com.br\/index.php\/2021\/07\/15\/sedu-anuncia-aulas-de-reforco-em-todas-as-escolas-da-rede-estadual-no-segundo-semestre\/#breadcrumb","itemListElement":[{"@type":"ListItem","position":1,"name":"In\u00edcio","item":"https:\/\/jornalfatosenoticias.com.br\/"},{"@type":"ListItem","position":2,"name":"Sedu anuncia aulas de refor\u00e7o em todas as Escolas da Rede Estadual no segundo semestre"}]},{"@type":"WebSite","@id":"https:\/\/jornalfatosenoticias.com.br\/#website","url":"https:\/\/jornalfatosenoticias.com.br\/","name":"Jornal Fatos e Not\u00edcias","description":"Not\u00edcias em geral","publisher":{"@id":"https:\/\/jornalfatosenoticias.com.br\/#organization"},"potentialAction":[{"@type":"SearchAction","target":{"@type":"EntryPoint","urlTemplate":"https:\/\/jornalfatosenoticias.com.br\/?s={search_term_string}"},"query-input":{"@type":"PropertyValueSpecification","valueRequired":true,"valueName":"search_term_string"}}],"inLanguage":"pt-BR"},{"@type":"Organization","@id":"https:\/\/jornalfatosenoticias.com.br\/#organization","name":"Jornal Fatos e Not\u00edcias","url":"https:\/\/jornalfatosenoticias.com.br\/","logo":{"@type":"ImageObject","inLanguage":"pt-BR","@id":"https:\/\/jornalfatosenoticias.com.br\/#\/schema\/logo\/image\/","url":"https:\/\/jornalfatosenoticias.com.br\/wp-content\/uploads\/2020\/02\/logo120.png","contentUrl":"https:\/\/jornalfatosenoticias.com.br\/wp-content\/uploads\/2020\/02\/logo120.png","width":1227,"height":120,"caption":"Jornal Fatos e Not\u00edcias"},"image":{"@id":"https:\/\/jornalfatosenoticias.com.br\/#\/schema\/logo\/image\/"}},{"@type":"Person","@id":"https:\/\/jornalfatosenoticias.com.br\/#\/schema\/person\/d63837fa13ac8666eb9e74e0985d6f81","name":"Luzimara Fernandes","image":{"@type":"ImageObject","inLanguage":"pt-BR","@id":"https:\/\/jornalfatosenoticias.com.br\/#\/schema\/person\/image\/","url":"https:\/\/jornalfatosenoticias.com.br\/wp-content\/uploads\/2025\/05\/EU_portal.jpg","contentUrl":"https:\/\/jornalfatosenoticias.com.br\/wp-content\/uploads\/2025\/05\/EU_portal.jpg","caption":"Luzimara Fernandes"},"description":"Jornalista MTB 2358-ES","sameAs":["https:\/\/jornalfatosenoticias.com.br"],"url":"https:\/\/jornalfatosenoticias.com.br\/index.php\/author\/luzimara\/"}]}},"cc_featured_image_caption":{"caption_text":"(Foto: Ascom Sedu)\r\n","source_text":"","source_url":""},"jetpack_featured_media_url":"https:\/\/jornalfatosenoticias.com.br\/wp-content\/uploads\/2021\/07\/REFORCO-ESCOLAS-ESTADUAIS.jpeg","_links":{"self":[{"href":"https:\/\/jornalfatosenoticias.com.br\/index.php\/wp-json\/wp\/v2\/posts\/20720","targetHints":{"allow":["GET"]}}],"collection":[{"href":"https:\/\/jornalfatosenoticias.com.br\/index.php\/wp-json\/wp\/v2\/posts"}],"about":[{"href":"https:\/\/jornalfatosenoticias.com.br\/index.php\/wp-json\/wp\/v2\/types\/post"}],"author":[{"embeddable":true,"href":"https:\/\/jornalfatosenoticias.com.br\/index.php\/wp-json\/wp\/v2\/users\/2"}],"replies":[{"embeddable":true,"href":"https:\/\/jornalfatosenoticias.com.br\/index.php\/wp-json\/wp\/v2\/comments?post=20720"}],"version-history":[{"count":0,"href":"https:\/\/jornalfatosenoticias.com.br\/index.php\/wp-json\/wp\/v2\/posts\/20720\/revisions"}],"wp:featuredmedia":[{"embeddable":true,"href":"https:\/\/jornalfatosenoticias.com.br\/index.php\/wp-json\/wp\/v2\/media\/20721"}],"wp:attachment":[{"href":"https:\/\/jornalfatosenoticias.com.br\/index.php\/wp-json\/wp\/v2\/media?parent=20720"}],"wp:term":[{"taxonomy":"category","embeddable":true,"href":"https:\/\/jornalfatosenoticias.com.br\/index.php\/wp-json\/wp\/v2\/categories?post=20720"},{"taxonomy":"post_tag","embeddable":true,"href":"https:\/\/jornalfatosenoticias.com.br\/index.php\/wp-json\/wp\/v2\/tags?post=20720"}],"curies":[{"name":"wp","href":"https:\/\/api.w.org\/{rel}","templated":true}]}}