{"id":20738,"date":"2021-07-15T19:17:50","date_gmt":"2021-07-15T22:17:50","guid":{"rendered":"https:\/\/jornalfatosenoticias.com.br\/?p=20738"},"modified":"2021-07-15T19:17:54","modified_gmt":"2021-07-15T22:17:54","slug":"cogumelo-magico-pode-ser-tratamento-efetivo-para-depressao","status":"publish","type":"post","link":"https:\/\/jornalfatosenoticias.com.br\/index.php\/2021\/07\/15\/cogumelo-magico-pode-ser-tratamento-efetivo-para-depressao\/","title":{"rendered":"&#8216;Cogumelo m\u00e1gico&#8217; pode ser tratamento efetivo para depress\u00e3o"},"content":{"rendered":"\n<p>O consumo de &#8220;cogumelos m\u00e1gicos&#8221; pode ser uma potencial forma de curar a depress\u00e3o, \u00e9 o que aponta um novo estudo publicado na revista <em>Neuron<\/em>. A pesquisa, feita por um grupo de pesquisadores da Universidade de Yale, demonstrou a capacidade de uma subst\u00e2ncia em espec\u00edfico restaurar as conex\u00f5es neurais de um ser humano.<br>A psilocibina, um composto natural encontrado em alguns cogumelos, tem sido estudada como um potencial tratamento para a depress\u00e3o durante anos. Por\u00e9m, seu funcionamento em nosso <a href=\"https:\/\/www.megacurioso.com.br\/saude-bem-estar\/119232-cuide-da-saude-do-cerebro-para-ter-uma-vida-sustentavel-e-mais-feliz.htm\" rel=\"noreferrer noopener\" target=\"_blank\">c\u00e9rebro<\/a> e tempo de dura\u00e7\u00e3o dos efeitos positivos sentidos ap\u00f3s o seu consumo ainda eram fatores incertos no campo cient\u00edfico.<br>Ap\u00f3s a aplica\u00e7\u00e3o de uma \u00fanica dose de psilocibina em ratos de laborat\u00f3rios, os pesquisadores puderam notar n\u00e3o somente um aumento de 10% no n\u00famero de conex\u00f5es neurais no c\u00e9rebro dos animais, como tamb\u00e9m um acr\u00e9scimo de mais 10% na largura dessas conex\u00f5es \u2014 demonstrando que elas eram ainda mais fortes.<br>Anteriormente, outros estudos indicavam que a psilocibina era uma subst\u00e2ncia com efeitos prejudiciais para a sa\u00fade mental. A descoberta recente, por outro lado, descobriu que esses compostos aumentam a densidade das espinhas dendr\u00edticas, que s\u00e3o pequenas protuber\u00e2ncias encontradas nas c\u00e9lulas nervosas para auxiliar na transmiss\u00e3o de informa\u00e7\u00f5es entre os neur\u00f4nios.<br>No caso de estresse cr\u00f4nico e <a href=\"https:\/\/www.megacurioso.com.br\/medicina-e-psicologia\/100658-8-sinais-sutis-de-que-voce-pode-estar-com-depressao.htm\" rel=\"noreferrer noopener\" target=\"_blank\">depress\u00e3o<\/a>, o n\u00famero de conex\u00f5es neurais tende a diminuir substancialmente. Portanto, encontrar uma maneira de corrigir esse problema pode ser uma poss\u00edvel solu\u00e7\u00e3o para lidar diretamente com essas doen\u00e7as e elevar o padr\u00e3o de sa\u00fade mental da sociedade.<\/p>\n\n\n\n<figure class=\"wp-block-image size-large is-style-default\"><img loading=\"lazy\" decoding=\"async\" width=\"1000\" height=\"571\" src=\"https:\/\/jornalfatosenoticias.com.br\/wp-content\/uploads\/2021\/07\/conexoes-neurais-cogumelos_Shutterstock.jpg\" alt=\"\" class=\"wp-image-20739\" srcset=\"https:\/\/jornalfatosenoticias.com.br\/wp-content\/uploads\/2021\/07\/conexoes-neurais-cogumelos_Shutterstock.jpg 1000w, https:\/\/jornalfatosenoticias.com.br\/wp-content\/uploads\/2021\/07\/conexoes-neurais-cogumelos_Shutterstock-300x171.jpg 300w, https:\/\/jornalfatosenoticias.com.br\/wp-content\/uploads\/2021\/07\/conexoes-neurais-cogumelos_Shutterstock-768x439.jpg 768w\" sizes=\"auto, (max-width: 1000px) 100vw, 1000px\" \/><figcaption><em><span class=\"has-inline-color has-black-color\">Conex\u00f5es neurais-cogumelos (Foto: Shutterstock)<\/span><\/em><\/figcaption><\/figure>\n\n\n\n<p>Utilizando um microsc\u00f3pio de varredura a laser, o pesquisador Ling-Xiao Shao e sua equipe coletaram imagens de espinhas dendr\u00edticas em alta resolu\u00e7\u00e3o e as rastrearam por v\u00e1rios dias em camundongos vivos. Segundo os cientistas, houve um aumento significativo no n\u00famero das espinhas nas primeiras 24 horas da aplica\u00e7\u00e3o de psilocibina.<br>Essas altera\u00e7\u00f5es continuavam presentes um m\u00eas depois do primeiro experimento, demonstrando uma potencial longevidade do tratamento. Al\u00e9m disso, camundongos submetidos ao estresse mostraram melhorias comportamentais e aumento da atividade dos neurotransmissores ap\u00f3s receberem a subst\u00e2ncia.<br>De maneira geral, a psilocibina \u00e9 consumida por meio dos chamados &#8220;<a href=\"https:\/\/www.megacurioso.com.br\/drogas-e-novos-medicamentos\/99490-11-coisas-que-o-cha-de-cogumelo-faz-com-seu-corpo-e-seu-cerebro.htm\" rel=\"noreferrer noopener\" target=\"_blank\">cogumelos<\/a>\u00a0m\u00e1gicos&#8221;, que geram um determinado efeito psicod\u00e9lico no c\u00e9rebro humano. Em diversas regi\u00f5es do mundo, o psicodelismo era considerado uma marca de cerim\u00f4nias religiosas e de algumas tribos ind\u00edgenas.<\/p>\n\n\n\n<p><strong><em>Fonte: <a href=\"https:\/\/www.megacurioso.com.br\/ciencia\/119327-cogumelo-magico-pode-ser-tratamento-efetivo-para-depressao.htm\">Megacurioso<\/a><\/em><\/strong><\/p>\n","protected":false},"excerpt":{"rendered":"<p>O consumo de &#8220;cogumelos m\u00e1gicos&#8221; pode ser uma potencial forma de curar a depress\u00e3o, \u00e9 o que aponta um novo estudo publicado na revista Neuron. A pesquisa, feita por um grupo de pesquisadores da Universidade de Yale, demonstrou a capacidade de uma subst\u00e2ncia em espec\u00edfico restaurar as conex\u00f5es neurais de um ser humano.A psilocibina, um [&hellip;]<\/p>\n","protected":false},"author":2,"featured_media":20740,"comment_status":"open","ping_status":"open","sticky":false,"template":"","format":"standard","meta":{"footnotes":""},"categories":[11],"tags":[2336,10173,5475,2148,6658,1986],"class_list":["post-20738","post","type-post","status-publish","format-standard","has-post-thumbnail","hentry","category-saude","tag-cerebro","tag-cogumelos-magicos","tag-corpo-humano","tag-medicina","tag-neurociencia","tag-psicologia"],"yoast_head":"<!-- This site is optimized with the Yoast SEO plugin v26.5 - https:\/\/yoast.com\/wordpress\/plugins\/seo\/ -->\n<title>&#039;Cogumelo m\u00e1gico&#039; pode ser tratamento efetivo para depress\u00e3o - Jornal Fatos e Not\u00edcias<\/title>\n<meta name=\"robots\" content=\"index, follow, max-snippet:-1, max-image-preview:large, max-video-preview:-1\" \/>\n<link rel=\"canonical\" href=\"https:\/\/jornalfatosenoticias.com.br\/index.php\/2021\/07\/15\/cogumelo-magico-pode-ser-tratamento-efetivo-para-depressao\/\" \/>\n<meta property=\"og:locale\" content=\"pt_BR\" \/>\n<meta property=\"og:type\" content=\"article\" \/>\n<meta property=\"og:title\" content=\"&#039;Cogumelo m\u00e1gico&#039; pode ser tratamento efetivo para depress\u00e3o - Jornal Fatos e Not\u00edcias\" \/>\n<meta property=\"og:description\" content=\"O consumo de &#8220;cogumelos m\u00e1gicos&#8221; pode ser uma potencial forma de curar a depress\u00e3o, \u00e9 o que aponta um novo estudo publicado na revista Neuron. A pesquisa, feita por um grupo de pesquisadores da Universidade de Yale, demonstrou a capacidade de uma subst\u00e2ncia em espec\u00edfico restaurar as conex\u00f5es neurais de um ser humano.A psilocibina, um [&hellip;]\" \/>\n<meta property=\"og:url\" content=\"https:\/\/jornalfatosenoticias.com.br\/index.php\/2021\/07\/15\/cogumelo-magico-pode-ser-tratamento-efetivo-para-depressao\/\" \/>\n<meta property=\"og:site_name\" content=\"Jornal Fatos e Not\u00edcias\" \/>\n<meta property=\"article:published_time\" content=\"2021-07-15T22:17:50+00:00\" \/>\n<meta property=\"article:modified_time\" content=\"2021-07-15T22:17:54+00:00\" \/>\n<meta property=\"og:image\" content=\"https:\/\/jornalfatosenoticias.com.br\/wp-content\/uploads\/2021\/07\/cogumelo-magico.jpg\" \/>\n\t<meta property=\"og:image:width\" content=\"1000\" \/>\n\t<meta property=\"og:image:height\" content=\"666\" \/>\n\t<meta property=\"og:image:type\" content=\"image\/jpeg\" \/>\n<meta name=\"author\" content=\"Luzimara Fernandes\" \/>\n<meta name=\"twitter:card\" content=\"summary_large_image\" \/>\n<meta name=\"twitter:label1\" content=\"Escrito por\" \/>\n\t<meta name=\"twitter:data1\" content=\"Luzimara Fernandes\" \/>\n\t<meta name=\"twitter:label2\" content=\"Est. tempo de leitura\" \/>\n\t<meta name=\"twitter:data2\" content=\"2 minutos\" \/>\n<script type=\"application\/ld+json\" class=\"yoast-schema-graph\">{\"@context\":\"https:\/\/schema.org\",\"@graph\":[{\"@type\":\"Article\",\"@id\":\"https:\/\/jornalfatosenoticias.com.br\/index.php\/2021\/07\/15\/cogumelo-magico-pode-ser-tratamento-efetivo-para-depressao\/#article\",\"isPartOf\":{\"@id\":\"https:\/\/jornalfatosenoticias.com.br\/index.php\/2021\/07\/15\/cogumelo-magico-pode-ser-tratamento-efetivo-para-depressao\/\"},\"author\":{\"name\":\"Luzimara Fernandes\",\"@id\":\"https:\/\/jornalfatosenoticias.com.br\/#\/schema\/person\/d63837fa13ac8666eb9e74e0985d6f81\"},\"headline\":\"&#8216;Cogumelo m\u00e1gico&#8217; pode ser tratamento efetivo para depress\u00e3o\",\"datePublished\":\"2021-07-15T22:17:50+00:00\",\"dateModified\":\"2021-07-15T22:17:54+00:00\",\"mainEntityOfPage\":{\"@id\":\"https:\/\/jornalfatosenoticias.com.br\/index.php\/2021\/07\/15\/cogumelo-magico-pode-ser-tratamento-efetivo-para-depressao\/\"},\"wordCount\":437,\"commentCount\":0,\"publisher\":{\"@id\":\"https:\/\/jornalfatosenoticias.com.br\/#organization\"},\"image\":{\"@id\":\"https:\/\/jornalfatosenoticias.com.br\/index.php\/2021\/07\/15\/cogumelo-magico-pode-ser-tratamento-efetivo-para-depressao\/#primaryimage\"},\"thumbnailUrl\":\"https:\/\/jornalfatosenoticias.com.br\/wp-content\/uploads\/2021\/07\/cogumelo-magico.jpg\",\"keywords\":[\"c\u00e9rebro\",\"cogumelos m\u00e1gicos\",\"corpo humano\",\"medicina\",\"neuroci\u00eancia\",\"psicologia\"],\"articleSection\":[\"Sa\u00fade\"],\"inLanguage\":\"pt-BR\",\"potentialAction\":[{\"@type\":\"CommentAction\",\"name\":\"Comment\",\"target\":[\"https:\/\/jornalfatosenoticias.com.br\/index.php\/2021\/07\/15\/cogumelo-magico-pode-ser-tratamento-efetivo-para-depressao\/#respond\"]}]},{\"@type\":\"WebPage\",\"@id\":\"https:\/\/jornalfatosenoticias.com.br\/index.php\/2021\/07\/15\/cogumelo-magico-pode-ser-tratamento-efetivo-para-depressao\/\",\"url\":\"https:\/\/jornalfatosenoticias.com.br\/index.php\/2021\/07\/15\/cogumelo-magico-pode-ser-tratamento-efetivo-para-depressao\/\",\"name\":\"'Cogumelo m\u00e1gico' pode ser tratamento efetivo para depress\u00e3o - Jornal Fatos e Not\u00edcias\",\"isPartOf\":{\"@id\":\"https:\/\/jornalfatosenoticias.com.br\/#website\"},\"primaryImageOfPage\":{\"@id\":\"https:\/\/jornalfatosenoticias.com.br\/index.php\/2021\/07\/15\/cogumelo-magico-pode-ser-tratamento-efetivo-para-depressao\/#primaryimage\"},\"image\":{\"@id\":\"https:\/\/jornalfatosenoticias.com.br\/index.php\/2021\/07\/15\/cogumelo-magico-pode-ser-tratamento-efetivo-para-depressao\/#primaryimage\"},\"thumbnailUrl\":\"https:\/\/jornalfatosenoticias.com.br\/wp-content\/uploads\/2021\/07\/cogumelo-magico.jpg\",\"datePublished\":\"2021-07-15T22:17:50+00:00\",\"dateModified\":\"2021-07-15T22:17:54+00:00\",\"breadcrumb\":{\"@id\":\"https:\/\/jornalfatosenoticias.com.br\/index.php\/2021\/07\/15\/cogumelo-magico-pode-ser-tratamento-efetivo-para-depressao\/#breadcrumb\"},\"inLanguage\":\"pt-BR\",\"potentialAction\":[{\"@type\":\"ReadAction\",\"target\":[\"https:\/\/jornalfatosenoticias.com.br\/index.php\/2021\/07\/15\/cogumelo-magico-pode-ser-tratamento-efetivo-para-depressao\/\"]}]},{\"@type\":\"ImageObject\",\"inLanguage\":\"pt-BR\",\"@id\":\"https:\/\/jornalfatosenoticias.com.br\/index.php\/2021\/07\/15\/cogumelo-magico-pode-ser-tratamento-efetivo-para-depressao\/#primaryimage\",\"url\":\"https:\/\/jornalfatosenoticias.com.br\/wp-content\/uploads\/2021\/07\/cogumelo-magico.jpg\",\"contentUrl\":\"https:\/\/jornalfatosenoticias.com.br\/wp-content\/uploads\/2021\/07\/cogumelo-magico.jpg\",\"width\":1000,\"height\":666},{\"@type\":\"BreadcrumbList\",\"@id\":\"https:\/\/jornalfatosenoticias.com.br\/index.php\/2021\/07\/15\/cogumelo-magico-pode-ser-tratamento-efetivo-para-depressao\/#breadcrumb\",\"itemListElement\":[{\"@type\":\"ListItem\",\"position\":1,\"name\":\"In\u00edcio\",\"item\":\"https:\/\/jornalfatosenoticias.com.br\/\"},{\"@type\":\"ListItem\",\"position\":2,\"name\":\"&#8216;Cogumelo m\u00e1gico&#8217; pode ser tratamento efetivo para depress\u00e3o\"}]},{\"@type\":\"WebSite\",\"@id\":\"https:\/\/jornalfatosenoticias.com.br\/#website\",\"url\":\"https:\/\/jornalfatosenoticias.com.br\/\",\"name\":\"Jornal Fatos e Not\u00edcias\",\"description\":\"Not\u00edcias em geral\",\"publisher\":{\"@id\":\"https:\/\/jornalfatosenoticias.com.br\/#organization\"},\"potentialAction\":[{\"@type\":\"SearchAction\",\"target\":{\"@type\":\"EntryPoint\",\"urlTemplate\":\"https:\/\/jornalfatosenoticias.com.br\/?s={search_term_string}\"},\"query-input\":{\"@type\":\"PropertyValueSpecification\",\"valueRequired\":true,\"valueName\":\"search_term_string\"}}],\"inLanguage\":\"pt-BR\"},{\"@type\":\"Organization\",\"@id\":\"https:\/\/jornalfatosenoticias.com.br\/#organization\",\"name\":\"Jornal Fatos e Not\u00edcias\",\"url\":\"https:\/\/jornalfatosenoticias.com.br\/\",\"logo\":{\"@type\":\"ImageObject\",\"inLanguage\":\"pt-BR\",\"@id\":\"https:\/\/jornalfatosenoticias.com.br\/#\/schema\/logo\/image\/\",\"url\":\"https:\/\/jornalfatosenoticias.com.br\/wp-content\/uploads\/2020\/02\/logo120.png\",\"contentUrl\":\"https:\/\/jornalfatosenoticias.com.br\/wp-content\/uploads\/2020\/02\/logo120.png\",\"width\":1227,\"height\":120,\"caption\":\"Jornal Fatos e Not\u00edcias\"},\"image\":{\"@id\":\"https:\/\/jornalfatosenoticias.com.br\/#\/schema\/logo\/image\/\"}},{\"@type\":\"Person\",\"@id\":\"https:\/\/jornalfatosenoticias.com.br\/#\/schema\/person\/d63837fa13ac8666eb9e74e0985d6f81\",\"name\":\"Luzimara Fernandes\",\"image\":{\"@type\":\"ImageObject\",\"inLanguage\":\"pt-BR\",\"@id\":\"https:\/\/jornalfatosenoticias.com.br\/#\/schema\/person\/image\/\",\"url\":\"https:\/\/jornalfatosenoticias.com.br\/wp-content\/uploads\/2025\/05\/EU_portal.jpg\",\"contentUrl\":\"https:\/\/jornalfatosenoticias.com.br\/wp-content\/uploads\/2025\/05\/EU_portal.jpg\",\"caption\":\"Luzimara Fernandes\"},\"description\":\"Jornalista MTB 2358-ES\",\"sameAs\":[\"https:\/\/jornalfatosenoticias.com.br\"],\"url\":\"https:\/\/jornalfatosenoticias.com.br\/index.php\/author\/luzimara\/\"}]}<\/script>\n<!-- \/ Yoast SEO plugin. -->","yoast_head_json":{"title":"'Cogumelo m\u00e1gico' pode ser tratamento efetivo para depress\u00e3o - Jornal Fatos e Not\u00edcias","robots":{"index":"index","follow":"follow","max-snippet":"max-snippet:-1","max-image-preview":"max-image-preview:large","max-video-preview":"max-video-preview:-1"},"canonical":"https:\/\/jornalfatosenoticias.com.br\/index.php\/2021\/07\/15\/cogumelo-magico-pode-ser-tratamento-efetivo-para-depressao\/","og_locale":"pt_BR","og_type":"article","og_title":"'Cogumelo m\u00e1gico' pode ser tratamento efetivo para depress\u00e3o - Jornal Fatos e Not\u00edcias","og_description":"O consumo de &#8220;cogumelos m\u00e1gicos&#8221; pode ser uma potencial forma de curar a depress\u00e3o, \u00e9 o que aponta um novo estudo publicado na revista Neuron. A pesquisa, feita por um grupo de pesquisadores da Universidade de Yale, demonstrou a capacidade de uma subst\u00e2ncia em espec\u00edfico restaurar as conex\u00f5es neurais de um ser humano.A psilocibina, um [&hellip;]","og_url":"https:\/\/jornalfatosenoticias.com.br\/index.php\/2021\/07\/15\/cogumelo-magico-pode-ser-tratamento-efetivo-para-depressao\/","og_site_name":"Jornal Fatos e Not\u00edcias","article_published_time":"2021-07-15T22:17:50+00:00","article_modified_time":"2021-07-15T22:17:54+00:00","og_image":[{"width":1000,"height":666,"url":"https:\/\/jornalfatosenoticias.com.br\/wp-content\/uploads\/2021\/07\/cogumelo-magico.jpg","type":"image\/jpeg"}],"author":"Luzimara Fernandes","twitter_card":"summary_large_image","twitter_misc":{"Escrito por":"Luzimara Fernandes","Est. tempo de leitura":"2 minutos"},"schema":{"@context":"https:\/\/schema.org","@graph":[{"@type":"Article","@id":"https:\/\/jornalfatosenoticias.com.br\/index.php\/2021\/07\/15\/cogumelo-magico-pode-ser-tratamento-efetivo-para-depressao\/#article","isPartOf":{"@id":"https:\/\/jornalfatosenoticias.com.br\/index.php\/2021\/07\/15\/cogumelo-magico-pode-ser-tratamento-efetivo-para-depressao\/"},"author":{"name":"Luzimara Fernandes","@id":"https:\/\/jornalfatosenoticias.com.br\/#\/schema\/person\/d63837fa13ac8666eb9e74e0985d6f81"},"headline":"&#8216;Cogumelo m\u00e1gico&#8217; pode ser tratamento efetivo para depress\u00e3o","datePublished":"2021-07-15T22:17:50+00:00","dateModified":"2021-07-15T22:17:54+00:00","mainEntityOfPage":{"@id":"https:\/\/jornalfatosenoticias.com.br\/index.php\/2021\/07\/15\/cogumelo-magico-pode-ser-tratamento-efetivo-para-depressao\/"},"wordCount":437,"commentCount":0,"publisher":{"@id":"https:\/\/jornalfatosenoticias.com.br\/#organization"},"image":{"@id":"https:\/\/jornalfatosenoticias.com.br\/index.php\/2021\/07\/15\/cogumelo-magico-pode-ser-tratamento-efetivo-para-depressao\/#primaryimage"},"thumbnailUrl":"https:\/\/jornalfatosenoticias.com.br\/wp-content\/uploads\/2021\/07\/cogumelo-magico.jpg","keywords":["c\u00e9rebro","cogumelos m\u00e1gicos","corpo humano","medicina","neuroci\u00eancia","psicologia"],"articleSection":["Sa\u00fade"],"inLanguage":"pt-BR","potentialAction":[{"@type":"CommentAction","name":"Comment","target":["https:\/\/jornalfatosenoticias.com.br\/index.php\/2021\/07\/15\/cogumelo-magico-pode-ser-tratamento-efetivo-para-depressao\/#respond"]}]},{"@type":"WebPage","@id":"https:\/\/jornalfatosenoticias.com.br\/index.php\/2021\/07\/15\/cogumelo-magico-pode-ser-tratamento-efetivo-para-depressao\/","url":"https:\/\/jornalfatosenoticias.com.br\/index.php\/2021\/07\/15\/cogumelo-magico-pode-ser-tratamento-efetivo-para-depressao\/","name":"'Cogumelo m\u00e1gico' pode ser tratamento efetivo para depress\u00e3o - Jornal Fatos e Not\u00edcias","isPartOf":{"@id":"https:\/\/jornalfatosenoticias.com.br\/#website"},"primaryImageOfPage":{"@id":"https:\/\/jornalfatosenoticias.com.br\/index.php\/2021\/07\/15\/cogumelo-magico-pode-ser-tratamento-efetivo-para-depressao\/#primaryimage"},"image":{"@id":"https:\/\/jornalfatosenoticias.com.br\/index.php\/2021\/07\/15\/cogumelo-magico-pode-ser-tratamento-efetivo-para-depressao\/#primaryimage"},"thumbnailUrl":"https:\/\/jornalfatosenoticias.com.br\/wp-content\/uploads\/2021\/07\/cogumelo-magico.jpg","datePublished":"2021-07-15T22:17:50+00:00","dateModified":"2021-07-15T22:17:54+00:00","breadcrumb":{"@id":"https:\/\/jornalfatosenoticias.com.br\/index.php\/2021\/07\/15\/cogumelo-magico-pode-ser-tratamento-efetivo-para-depressao\/#breadcrumb"},"inLanguage":"pt-BR","potentialAction":[{"@type":"ReadAction","target":["https:\/\/jornalfatosenoticias.com.br\/index.php\/2021\/07\/15\/cogumelo-magico-pode-ser-tratamento-efetivo-para-depressao\/"]}]},{"@type":"ImageObject","inLanguage":"pt-BR","@id":"https:\/\/jornalfatosenoticias.com.br\/index.php\/2021\/07\/15\/cogumelo-magico-pode-ser-tratamento-efetivo-para-depressao\/#primaryimage","url":"https:\/\/jornalfatosenoticias.com.br\/wp-content\/uploads\/2021\/07\/cogumelo-magico.jpg","contentUrl":"https:\/\/jornalfatosenoticias.com.br\/wp-content\/uploads\/2021\/07\/cogumelo-magico.jpg","width":1000,"height":666},{"@type":"BreadcrumbList","@id":"https:\/\/jornalfatosenoticias.com.br\/index.php\/2021\/07\/15\/cogumelo-magico-pode-ser-tratamento-efetivo-para-depressao\/#breadcrumb","itemListElement":[{"@type":"ListItem","position":1,"name":"In\u00edcio","item":"https:\/\/jornalfatosenoticias.com.br\/"},{"@type":"ListItem","position":2,"name":"&#8216;Cogumelo m\u00e1gico&#8217; pode ser tratamento efetivo para depress\u00e3o"}]},{"@type":"WebSite","@id":"https:\/\/jornalfatosenoticias.com.br\/#website","url":"https:\/\/jornalfatosenoticias.com.br\/","name":"Jornal Fatos e Not\u00edcias","description":"Not\u00edcias em geral","publisher":{"@id":"https:\/\/jornalfatosenoticias.com.br\/#organization"},"potentialAction":[{"@type":"SearchAction","target":{"@type":"EntryPoint","urlTemplate":"https:\/\/jornalfatosenoticias.com.br\/?s={search_term_string}"},"query-input":{"@type":"PropertyValueSpecification","valueRequired":true,"valueName":"search_term_string"}}],"inLanguage":"pt-BR"},{"@type":"Organization","@id":"https:\/\/jornalfatosenoticias.com.br\/#organization","name":"Jornal Fatos e Not\u00edcias","url":"https:\/\/jornalfatosenoticias.com.br\/","logo":{"@type":"ImageObject","inLanguage":"pt-BR","@id":"https:\/\/jornalfatosenoticias.com.br\/#\/schema\/logo\/image\/","url":"https:\/\/jornalfatosenoticias.com.br\/wp-content\/uploads\/2020\/02\/logo120.png","contentUrl":"https:\/\/jornalfatosenoticias.com.br\/wp-content\/uploads\/2020\/02\/logo120.png","width":1227,"height":120,"caption":"Jornal Fatos e Not\u00edcias"},"image":{"@id":"https:\/\/jornalfatosenoticias.com.br\/#\/schema\/logo\/image\/"}},{"@type":"Person","@id":"https:\/\/jornalfatosenoticias.com.br\/#\/schema\/person\/d63837fa13ac8666eb9e74e0985d6f81","name":"Luzimara Fernandes","image":{"@type":"ImageObject","inLanguage":"pt-BR","@id":"https:\/\/jornalfatosenoticias.com.br\/#\/schema\/person\/image\/","url":"https:\/\/jornalfatosenoticias.com.br\/wp-content\/uploads\/2025\/05\/EU_portal.jpg","contentUrl":"https:\/\/jornalfatosenoticias.com.br\/wp-content\/uploads\/2025\/05\/EU_portal.jpg","caption":"Luzimara Fernandes"},"description":"Jornalista MTB 2358-ES","sameAs":["https:\/\/jornalfatosenoticias.com.br"],"url":"https:\/\/jornalfatosenoticias.com.br\/index.php\/author\/luzimara\/"}]}},"cc_featured_image_caption":{"caption_text":"Cogumelos (Foto: iStock) ","source_text":"","source_url":""},"jetpack_featured_media_url":"https:\/\/jornalfatosenoticias.com.br\/wp-content\/uploads\/2021\/07\/cogumelo-magico.jpg","_links":{"self":[{"href":"https:\/\/jornalfatosenoticias.com.br\/index.php\/wp-json\/wp\/v2\/posts\/20738","targetHints":{"allow":["GET"]}}],"collection":[{"href":"https:\/\/jornalfatosenoticias.com.br\/index.php\/wp-json\/wp\/v2\/posts"}],"about":[{"href":"https:\/\/jornalfatosenoticias.com.br\/index.php\/wp-json\/wp\/v2\/types\/post"}],"author":[{"embeddable":true,"href":"https:\/\/jornalfatosenoticias.com.br\/index.php\/wp-json\/wp\/v2\/users\/2"}],"replies":[{"embeddable":true,"href":"https:\/\/jornalfatosenoticias.com.br\/index.php\/wp-json\/wp\/v2\/comments?post=20738"}],"version-history":[{"count":0,"href":"https:\/\/jornalfatosenoticias.com.br\/index.php\/wp-json\/wp\/v2\/posts\/20738\/revisions"}],"wp:featuredmedia":[{"embeddable":true,"href":"https:\/\/jornalfatosenoticias.com.br\/index.php\/wp-json\/wp\/v2\/media\/20740"}],"wp:attachment":[{"href":"https:\/\/jornalfatosenoticias.com.br\/index.php\/wp-json\/wp\/v2\/media?parent=20738"}],"wp:term":[{"taxonomy":"category","embeddable":true,"href":"https:\/\/jornalfatosenoticias.com.br\/index.php\/wp-json\/wp\/v2\/categories?post=20738"},{"taxonomy":"post_tag","embeddable":true,"href":"https:\/\/jornalfatosenoticias.com.br\/index.php\/wp-json\/wp\/v2\/tags?post=20738"}],"curies":[{"name":"wp","href":"https:\/\/api.w.org\/{rel}","templated":true}]}}