{"id":20748,"date":"2021-07-19T09:55:36","date_gmt":"2021-07-19T12:55:36","guid":{"rendered":"https:\/\/jornalfatosenoticias.com.br\/?p=20748"},"modified":"2021-07-19T09:55:41","modified_gmt":"2021-07-19T12:55:41","slug":"projeto-albatroz-e-tamar-se-unem-para-proteger-tartarugas-marinhas-no-ne","status":"publish","type":"post","link":"https:\/\/jornalfatosenoticias.com.br\/index.php\/2021\/07\/19\/projeto-albatroz-e-tamar-se-unem-para-proteger-tartarugas-marinhas-no-ne\/","title":{"rendered":"Projeto Albatroz e Tamar se unem para proteger tartarugas marinhas no NE"},"content":{"rendered":"\n<p><em><span class=\"has-inline-color has-black-color\">T\u00e9cnicas de manejo aprendidas far\u00e3o parte do trabalho de treinamento e sensibiliza\u00e7\u00e3o de pescadores na nova base avan\u00e7ada do Projeto Albatroz em Natal (RN)<\/span><\/em><\/p>\n\n\n\n<p><strong>Albatrozes<\/strong>\u00a0e\u00a0<strong>tartarugas-marinhas<\/strong>, apesar de serem esp\u00e9cies diferentes, enfrentam uma<strong>\u00a0amea\u00e7a em comum<\/strong>: a\u00a0<strong>pesca de espinhel<\/strong>, modalidade industrial que visa peixes com alto valor comercial, como o\u00a0<strong>atum<\/strong>. Quando os animais interagem com a pesca na tentativa de se alimentar das iscas, podem acabar capturados incidentalmente e mortos. Com o objetivo de aprender as t\u00e9cnicas de manejo adequado de tartarugas-marinhas para treinar pescadores na nova base avan\u00e7ada em\u00a0<strong>Natal<\/strong>\u00a0(<strong>Rio Grande do Norte<\/strong>), o\u00a0<strong>Projeto Albatroz<\/strong>\u00a0participou de uma capacita\u00e7\u00e3o com a equipe do\u00a0<strong>Projeto Tamar<\/strong>, ambos patrocinados pela\u00a0<strong>Petrobras<\/strong>, no fim de junho.<br>A atividade foi realizada na sede do Projeto Tamar em Ubatuba (SP) e contou com a orienta\u00e7\u00e3o do bi\u00f3logo Bruno Giffoni. A equipe de t\u00e9cnicos do Projeto Albatroz aprendeu a utilizar a ferramenta \u2018de-hooker\u2019, que facilita a libera\u00e7\u00e3o dos anz\u00f3is das tartarugas marinhas na \u00e1gua e tamb\u00e9m capturadas a bordo dos barcos pesqueiros. O \u2018<strong>de-hooker<\/strong>\u2019 permite uma soltura mais r\u00e1pida e descomplicada das tartarugas durante o recolhimento dos anz\u00f3is.<br>De acordo com a bi\u00f3loga e t\u00e9cnica respons\u00e1vel pela base de Natal do Projeto Albatroz, que deve ser inaugurada neste segundo semestre, o manejo correto das tartarugas capturadas por acidente pelos barcos de pesca aumenta a taxa de sobreviv\u00eancia desses animais. \u201cSe a tartaruga capturada for liberada rapidamente com \u2018de-hooker\u2019 e estiver em boas condi\u00e7\u00f5es de sa\u00fade, pode voltar ao mar com ajuda dos pescadores\u201d, explicou.<br>Para dar in\u00edcio ao trabalho com os pescadores de Natal, o Projeto Tamar disponibilizou tr\u00eas equipamentos \u2018de-hooker\u2019 ao Projeto Albatroz: dois com ganchos curtos, para libera\u00e7\u00e3o dos animais a bordo, e um gancho com extensor, para libera\u00e7\u00e3o na \u00e1gua. Os parceiros da Rede Biomar tamb\u00e9m disponibilizaram material de apoio para auxiliar na identifica\u00e7\u00e3o das tartarugas marinhas a bordo dos cruzeiros de pesca.<br>A nova base do Projeto Albatroz na capital do Rio Grande do Norte tem o objetivo de monitorar a <strong>captura incidental<\/strong> das aves marinhas que interagem com a pesca e tamb\u00e9m apoiar o Projeto Tamar na sensibiliza\u00e7\u00e3o dos pescadores sobre o manejo correto das tartarugas marinhas, encontradas com facilidade na regi\u00e3o.<br>Em parceria com a empresa <strong>Atuneira Nacional<\/strong>\u00a0e a\u00a0<strong>Alian\u00e7a do Atl\u00e2ntico para o Atum Sustent\u00e1vel<\/strong>, os bi\u00f3logos do Projeto Albatroz v\u00e3o realizar atividades de\u00a0<strong>educa\u00e7\u00e3o ambiental<\/strong> e treinamento para uso das medidas mitigadoras da captura incidental de aves oce\u00e2nicas e tartarugas marinhas.<br>\u201cA instala\u00e7\u00e3o da nossa primeira base avan\u00e7ada no Nordeste \u00e9 uma grande conquista, porque poderemos trabalhar com institui\u00e7\u00f5es, <strong>pescadores<\/strong>\u00a0e\u00a0<strong>empresas pesqueiras<\/strong> parceiras que querem, assim como n\u00f3s, conservar essas esp\u00e9cies que fazem parte do dia a dia do trabalho em alto-mar. \u00c9 uma honra poder contar com o apoio dos nossos amigos do Tamar nesta etapa\u201d, afirmou Tatiana Neves, fundadora e coordenadora geral do Projeto Albatroz.<\/p>\n\n\n\n<figure class=\"wp-block-image size-large is-style-default\"><img loading=\"lazy\" decoding=\"async\" width=\"1000\" height=\"666\" src=\"https:\/\/jornalfatosenoticias.com.br\/wp-content\/uploads\/2021\/07\/Luciano-Candisani-Projeto-Albatroz.jpg\" alt=\"\" class=\"wp-image-20749\" srcset=\"https:\/\/jornalfatosenoticias.com.br\/wp-content\/uploads\/2021\/07\/Luciano-Candisani-Projeto-Albatroz.jpg 1000w, https:\/\/jornalfatosenoticias.com.br\/wp-content\/uploads\/2021\/07\/Luciano-Candisani-Projeto-Albatroz-300x200.jpg 300w, https:\/\/jornalfatosenoticias.com.br\/wp-content\/uploads\/2021\/07\/Luciano-Candisani-Projeto-Albatroz-768x511.jpg 768w\" sizes=\"auto, (max-width: 1000px) 100vw, 1000px\" \/><figcaption><em><span class=\"has-inline-color has-black-color\">Albatroz (Foto: Luciano Candisani\/Projeto Albatroz)<\/span><\/em><\/figcaption><\/figure>\n\n\n\n<p><strong><span class=\"has-inline-color has-black-color\">Rede Biomar<br><\/span><\/strong>A Rede Biomar foi criada em 2006 e conta com projetos patrocinados pela Petrobras que trabalham com <strong>pesquisas cient\u00edficas<\/strong>,\u00a0<strong>pol\u00edticas p\u00fablicas<\/strong>\u00a0e a\u00e7\u00f5es em educa\u00e7\u00e3o ambiental para conservar, juntos, mais de 60\u00a0<strong>esp\u00e9cies marinhas amea\u00e7adas de extin\u00e7\u00e3o<\/strong> no Brasil.<br>A Rede Biomar \u00e9 formada por seis projetos que atuam em \u00e1guas brasileiras: Projeto Albatroz, <strong>Projeto Baleia Jubarte<\/strong>,\u00a0<strong>Projeto Coral Vivo<\/strong>,\u00a0<strong>Projeto Golfinho Rotador<\/strong>,\u00a0<strong>Projeto Meros do Brasil<\/strong>\u00a0e\u00a0<strong>Funda\u00e7\u00e3o Projeto Tamar<\/strong>.<\/p>\n\n\n\n<p><strong><span class=\"has-inline-color has-black-color\">Projeto Albatroz<br><\/span><\/strong>Reduzir a captura incidental de albatrozes e <strong>petr\u00e9is<\/strong>\u00a0\u00e9 a principal miss\u00e3o do Projeto Albatroz, que tem o patroc\u00ednio da Petrobras. O Projeto \u00e9 coordenado pelo\u00a0<strong>Instituto Albatroz<\/strong>,\u00a0<strong>Organiza\u00e7\u00e3o da Sociedade Civil de Interesse P\u00fablico (Oscip)<\/strong> que trabalha em parceria com o Poder P\u00fablico, empresas pesqueiras e pescadores.<br>A principal linha de a\u00e7\u00e3o do Projeto, nascido no ano de 1990, em Santos (SP), \u00e9 o desenvolvimento de pesquisas para subsidiar Pol\u00edticas P\u00fablicas e a promo\u00e7\u00e3o de a\u00e7\u00f5es de Educa\u00e7\u00e3o Ambiental junto aos pescadores, jovens e \u00e0s escolas.<br>O resultado deste esfor\u00e7o tem se traduzido na formula\u00e7\u00e3o de medidas que protegem as aves, na sensibiliza\u00e7\u00e3o da sociedade quanto \u00e0 import\u00e2ncia da exist\u00eancia dos albatrozes e petr\u00e9is para o equil\u00edbrio do meio ambiente marinho e no apoio dos pescadores ao uso de medidas para reduzir a captura dessas aves no Brasil. Atualmente, o Projeto mant\u00e9m bases nas cidades de Santos (SP), Itaja\u00ed e Florian\u00f3polis (SC), Itaipava (ES), Rio Grande (RS) e Cabo Frio (RJ).<\/p>\n\n\n\n<p><strong><em>Fonte: <a href=\"https:\/\/agenciaeconordeste.com.br\/projeto-albatroz-e-tamar-se-unem-para-proteger-tartarugas-marinhas-no-ne\/\">Ag\u00eancia Eco Nordeste<\/a><\/em><\/strong><\/p>\n","protected":false},"excerpt":{"rendered":"<p>T\u00e9cnicas de manejo aprendidas far\u00e3o parte do trabalho de treinamento e sensibiliza\u00e7\u00e3o de pescadores na nova base avan\u00e7ada do Projeto Albatroz em Natal (RN) Albatrozes\u00a0e\u00a0tartarugas-marinhas, apesar de serem esp\u00e9cies diferentes, enfrentam uma\u00a0amea\u00e7a em comum: a\u00a0pesca de espinhel, modalidade industrial que visa peixes com alto valor comercial, como o\u00a0atum. Quando os animais interagem com a pesca [&hellip;]<\/p>\n","protected":false},"author":2,"featured_media":20750,"comment_status":"open","ping_status":"open","sticky":false,"template":"","format":"standard","meta":{"footnotes":""},"categories":[8],"tags":[8308,10176,10177,10178,875,10179,4418,576],"class_list":["post-20748","post","type-post","status-publish","format-standard","has-post-thumbnail","hentry","category-meio-ambiente","tag-albatroz","tag-alianca-do-atlantico-para-o-atum-sustentavel","tag-ameacadas-de-extincao","tag-atum","tag-especies-marinhas","tag-instituto-albatroz","tag-projeto-tamar","tag-tartarugas-marinhas"],"yoast_head":"<!-- This site is optimized with the Yoast SEO plugin v26.5 - https:\/\/yoast.com\/wordpress\/plugins\/seo\/ -->\n<title>Projeto Albatroz e Tamar se unem para proteger tartarugas marinhas no NE - Jornal Fatos e Not\u00edcias<\/title>\n<meta name=\"robots\" content=\"index, follow, max-snippet:-1, max-image-preview:large, max-video-preview:-1\" \/>\n<link rel=\"canonical\" href=\"https:\/\/jornalfatosenoticias.com.br\/index.php\/2021\/07\/19\/projeto-albatroz-e-tamar-se-unem-para-proteger-tartarugas-marinhas-no-ne\/\" \/>\n<meta property=\"og:locale\" content=\"pt_BR\" \/>\n<meta property=\"og:type\" content=\"article\" \/>\n<meta property=\"og:title\" content=\"Projeto Albatroz e Tamar se unem para proteger tartarugas marinhas no NE - Jornal Fatos e Not\u00edcias\" \/>\n<meta property=\"og:description\" content=\"T\u00e9cnicas de manejo aprendidas far\u00e3o parte do trabalho de treinamento e sensibiliza\u00e7\u00e3o de pescadores na nova base avan\u00e7ada do Projeto Albatroz em Natal (RN) Albatrozes\u00a0e\u00a0tartarugas-marinhas, apesar de serem esp\u00e9cies diferentes, enfrentam uma\u00a0amea\u00e7a em comum: a\u00a0pesca de espinhel, modalidade industrial que visa peixes com alto valor comercial, como o\u00a0atum. Quando os animais interagem com a pesca [&hellip;]\" \/>\n<meta property=\"og:url\" content=\"https:\/\/jornalfatosenoticias.com.br\/index.php\/2021\/07\/19\/projeto-albatroz-e-tamar-se-unem-para-proteger-tartarugas-marinhas-no-ne\/\" \/>\n<meta property=\"og:site_name\" content=\"Jornal Fatos e Not\u00edcias\" \/>\n<meta property=\"article:published_time\" content=\"2021-07-19T12:55:36+00:00\" \/>\n<meta property=\"article:modified_time\" content=\"2021-07-19T12:55:41+00:00\" \/>\n<meta property=\"og:image\" content=\"https:\/\/jornalfatosenoticias.com.br\/wp-content\/uploads\/2021\/07\/tartaruga-marinha-tamar2.jpg\" \/>\n\t<meta property=\"og:image:width\" content=\"1000\" \/>\n\t<meta property=\"og:image:height\" content=\"666\" \/>\n\t<meta property=\"og:image:type\" content=\"image\/jpeg\" \/>\n<meta name=\"author\" content=\"Luzimara Fernandes\" \/>\n<meta name=\"twitter:card\" content=\"summary_large_image\" \/>\n<meta name=\"twitter:label1\" content=\"Escrito por\" \/>\n\t<meta name=\"twitter:data1\" content=\"Luzimara Fernandes\" \/>\n\t<meta name=\"twitter:label2\" content=\"Est. tempo de leitura\" \/>\n\t<meta name=\"twitter:data2\" content=\"4 minutos\" \/>\n<script type=\"application\/ld+json\" class=\"yoast-schema-graph\">{\"@context\":\"https:\/\/schema.org\",\"@graph\":[{\"@type\":\"Article\",\"@id\":\"https:\/\/jornalfatosenoticias.com.br\/index.php\/2021\/07\/19\/projeto-albatroz-e-tamar-se-unem-para-proteger-tartarugas-marinhas-no-ne\/#article\",\"isPartOf\":{\"@id\":\"https:\/\/jornalfatosenoticias.com.br\/index.php\/2021\/07\/19\/projeto-albatroz-e-tamar-se-unem-para-proteger-tartarugas-marinhas-no-ne\/\"},\"author\":{\"name\":\"Luzimara Fernandes\",\"@id\":\"https:\/\/jornalfatosenoticias.com.br\/#\/schema\/person\/d63837fa13ac8666eb9e74e0985d6f81\"},\"headline\":\"Projeto Albatroz e Tamar se unem para proteger tartarugas marinhas no NE\",\"datePublished\":\"2021-07-19T12:55:36+00:00\",\"dateModified\":\"2021-07-19T12:55:41+00:00\",\"mainEntityOfPage\":{\"@id\":\"https:\/\/jornalfatosenoticias.com.br\/index.php\/2021\/07\/19\/projeto-albatroz-e-tamar-se-unem-para-proteger-tartarugas-marinhas-no-ne\/\"},\"wordCount\":801,\"commentCount\":0,\"publisher\":{\"@id\":\"https:\/\/jornalfatosenoticias.com.br\/#organization\"},\"image\":{\"@id\":\"https:\/\/jornalfatosenoticias.com.br\/index.php\/2021\/07\/19\/projeto-albatroz-e-tamar-se-unem-para-proteger-tartarugas-marinhas-no-ne\/#primaryimage\"},\"thumbnailUrl\":\"https:\/\/jornalfatosenoticias.com.br\/wp-content\/uploads\/2021\/07\/tartaruga-marinha-tamar2.jpg\",\"keywords\":[\"albatroz\",\"Alian\u00e7a do Atl\u00e2ntico para o Atum Sustent\u00e1vel\",\"amea\u00e7adas de extin\u00e7\u00e3o\",\"atum\",\"esp\u00e9cies marinhas\",\"Instituto Albatroz\",\"Projeto Tamar\",\"tartarugas marinhas\"],\"articleSection\":[\"Meio ambiente\"],\"inLanguage\":\"pt-BR\",\"potentialAction\":[{\"@type\":\"CommentAction\",\"name\":\"Comment\",\"target\":[\"https:\/\/jornalfatosenoticias.com.br\/index.php\/2021\/07\/19\/projeto-albatroz-e-tamar-se-unem-para-proteger-tartarugas-marinhas-no-ne\/#respond\"]}]},{\"@type\":\"WebPage\",\"@id\":\"https:\/\/jornalfatosenoticias.com.br\/index.php\/2021\/07\/19\/projeto-albatroz-e-tamar-se-unem-para-proteger-tartarugas-marinhas-no-ne\/\",\"url\":\"https:\/\/jornalfatosenoticias.com.br\/index.php\/2021\/07\/19\/projeto-albatroz-e-tamar-se-unem-para-proteger-tartarugas-marinhas-no-ne\/\",\"name\":\"Projeto Albatroz e Tamar se unem para proteger tartarugas marinhas no NE - Jornal Fatos e Not\u00edcias\",\"isPartOf\":{\"@id\":\"https:\/\/jornalfatosenoticias.com.br\/#website\"},\"primaryImageOfPage\":{\"@id\":\"https:\/\/jornalfatosenoticias.com.br\/index.php\/2021\/07\/19\/projeto-albatroz-e-tamar-se-unem-para-proteger-tartarugas-marinhas-no-ne\/#primaryimage\"},\"image\":{\"@id\":\"https:\/\/jornalfatosenoticias.com.br\/index.php\/2021\/07\/19\/projeto-albatroz-e-tamar-se-unem-para-proteger-tartarugas-marinhas-no-ne\/#primaryimage\"},\"thumbnailUrl\":\"https:\/\/jornalfatosenoticias.com.br\/wp-content\/uploads\/2021\/07\/tartaruga-marinha-tamar2.jpg\",\"datePublished\":\"2021-07-19T12:55:36+00:00\",\"dateModified\":\"2021-07-19T12:55:41+00:00\",\"breadcrumb\":{\"@id\":\"https:\/\/jornalfatosenoticias.com.br\/index.php\/2021\/07\/19\/projeto-albatroz-e-tamar-se-unem-para-proteger-tartarugas-marinhas-no-ne\/#breadcrumb\"},\"inLanguage\":\"pt-BR\",\"potentialAction\":[{\"@type\":\"ReadAction\",\"target\":[\"https:\/\/jornalfatosenoticias.com.br\/index.php\/2021\/07\/19\/projeto-albatroz-e-tamar-se-unem-para-proteger-tartarugas-marinhas-no-ne\/\"]}]},{\"@type\":\"ImageObject\",\"inLanguage\":\"pt-BR\",\"@id\":\"https:\/\/jornalfatosenoticias.com.br\/index.php\/2021\/07\/19\/projeto-albatroz-e-tamar-se-unem-para-proteger-tartarugas-marinhas-no-ne\/#primaryimage\",\"url\":\"https:\/\/jornalfatosenoticias.com.br\/wp-content\/uploads\/2021\/07\/tartaruga-marinha-tamar2.jpg\",\"contentUrl\":\"https:\/\/jornalfatosenoticias.com.br\/wp-content\/uploads\/2021\/07\/tartaruga-marinha-tamar2.jpg\",\"width\":1000,\"height\":666},{\"@type\":\"BreadcrumbList\",\"@id\":\"https:\/\/jornalfatosenoticias.com.br\/index.php\/2021\/07\/19\/projeto-albatroz-e-tamar-se-unem-para-proteger-tartarugas-marinhas-no-ne\/#breadcrumb\",\"itemListElement\":[{\"@type\":\"ListItem\",\"position\":1,\"name\":\"In\u00edcio\",\"item\":\"https:\/\/jornalfatosenoticias.com.br\/\"},{\"@type\":\"ListItem\",\"position\":2,\"name\":\"Projeto Albatroz e Tamar se unem para proteger tartarugas marinhas no NE\"}]},{\"@type\":\"WebSite\",\"@id\":\"https:\/\/jornalfatosenoticias.com.br\/#website\",\"url\":\"https:\/\/jornalfatosenoticias.com.br\/\",\"name\":\"Jornal Fatos e Not\u00edcias\",\"description\":\"Not\u00edcias em geral\",\"publisher\":{\"@id\":\"https:\/\/jornalfatosenoticias.com.br\/#organization\"},\"potentialAction\":[{\"@type\":\"SearchAction\",\"target\":{\"@type\":\"EntryPoint\",\"urlTemplate\":\"https:\/\/jornalfatosenoticias.com.br\/?s={search_term_string}\"},\"query-input\":{\"@type\":\"PropertyValueSpecification\",\"valueRequired\":true,\"valueName\":\"search_term_string\"}}],\"inLanguage\":\"pt-BR\"},{\"@type\":\"Organization\",\"@id\":\"https:\/\/jornalfatosenoticias.com.br\/#organization\",\"name\":\"Jornal Fatos e Not\u00edcias\",\"url\":\"https:\/\/jornalfatosenoticias.com.br\/\",\"logo\":{\"@type\":\"ImageObject\",\"inLanguage\":\"pt-BR\",\"@id\":\"https:\/\/jornalfatosenoticias.com.br\/#\/schema\/logo\/image\/\",\"url\":\"https:\/\/jornalfatosenoticias.com.br\/wp-content\/uploads\/2020\/02\/logo120.png\",\"contentUrl\":\"https:\/\/jornalfatosenoticias.com.br\/wp-content\/uploads\/2020\/02\/logo120.png\",\"width\":1227,\"height\":120,\"caption\":\"Jornal Fatos e Not\u00edcias\"},\"image\":{\"@id\":\"https:\/\/jornalfatosenoticias.com.br\/#\/schema\/logo\/image\/\"}},{\"@type\":\"Person\",\"@id\":\"https:\/\/jornalfatosenoticias.com.br\/#\/schema\/person\/d63837fa13ac8666eb9e74e0985d6f81\",\"name\":\"Luzimara Fernandes\",\"image\":{\"@type\":\"ImageObject\",\"inLanguage\":\"pt-BR\",\"@id\":\"https:\/\/jornalfatosenoticias.com.br\/#\/schema\/person\/image\/\",\"url\":\"https:\/\/jornalfatosenoticias.com.br\/wp-content\/uploads\/2025\/05\/EU_portal.jpg\",\"contentUrl\":\"https:\/\/jornalfatosenoticias.com.br\/wp-content\/uploads\/2025\/05\/EU_portal.jpg\",\"caption\":\"Luzimara Fernandes\"},\"description\":\"Jornalista MTB 2358-ES\",\"sameAs\":[\"https:\/\/jornalfatosenoticias.com.br\"],\"url\":\"https:\/\/jornalfatosenoticias.com.br\/index.php\/author\/luzimara\/\"}]}<\/script>\n<!-- \/ Yoast SEO plugin. -->","yoast_head_json":{"title":"Projeto Albatroz e Tamar se unem para proteger tartarugas marinhas no NE - Jornal Fatos e Not\u00edcias","robots":{"index":"index","follow":"follow","max-snippet":"max-snippet:-1","max-image-preview":"max-image-preview:large","max-video-preview":"max-video-preview:-1"},"canonical":"https:\/\/jornalfatosenoticias.com.br\/index.php\/2021\/07\/19\/projeto-albatroz-e-tamar-se-unem-para-proteger-tartarugas-marinhas-no-ne\/","og_locale":"pt_BR","og_type":"article","og_title":"Projeto Albatroz e Tamar se unem para proteger tartarugas marinhas no NE - Jornal Fatos e Not\u00edcias","og_description":"T\u00e9cnicas de manejo aprendidas far\u00e3o parte do trabalho de treinamento e sensibiliza\u00e7\u00e3o de pescadores na nova base avan\u00e7ada do Projeto Albatroz em Natal (RN) Albatrozes\u00a0e\u00a0tartarugas-marinhas, apesar de serem esp\u00e9cies diferentes, enfrentam uma\u00a0amea\u00e7a em comum: a\u00a0pesca de espinhel, modalidade industrial que visa peixes com alto valor comercial, como o\u00a0atum. Quando os animais interagem com a pesca [&hellip;]","og_url":"https:\/\/jornalfatosenoticias.com.br\/index.php\/2021\/07\/19\/projeto-albatroz-e-tamar-se-unem-para-proteger-tartarugas-marinhas-no-ne\/","og_site_name":"Jornal Fatos e Not\u00edcias","article_published_time":"2021-07-19T12:55:36+00:00","article_modified_time":"2021-07-19T12:55:41+00:00","og_image":[{"width":1000,"height":666,"url":"https:\/\/jornalfatosenoticias.com.br\/wp-content\/uploads\/2021\/07\/tartaruga-marinha-tamar2.jpg","type":"image\/jpeg"}],"author":"Luzimara Fernandes","twitter_card":"summary_large_image","twitter_misc":{"Escrito por":"Luzimara Fernandes","Est. tempo de leitura":"4 minutos"},"schema":{"@context":"https:\/\/schema.org","@graph":[{"@type":"Article","@id":"https:\/\/jornalfatosenoticias.com.br\/index.php\/2021\/07\/19\/projeto-albatroz-e-tamar-se-unem-para-proteger-tartarugas-marinhas-no-ne\/#article","isPartOf":{"@id":"https:\/\/jornalfatosenoticias.com.br\/index.php\/2021\/07\/19\/projeto-albatroz-e-tamar-se-unem-para-proteger-tartarugas-marinhas-no-ne\/"},"author":{"name":"Luzimara Fernandes","@id":"https:\/\/jornalfatosenoticias.com.br\/#\/schema\/person\/d63837fa13ac8666eb9e74e0985d6f81"},"headline":"Projeto Albatroz e Tamar se unem para proteger tartarugas marinhas no NE","datePublished":"2021-07-19T12:55:36+00:00","dateModified":"2021-07-19T12:55:41+00:00","mainEntityOfPage":{"@id":"https:\/\/jornalfatosenoticias.com.br\/index.php\/2021\/07\/19\/projeto-albatroz-e-tamar-se-unem-para-proteger-tartarugas-marinhas-no-ne\/"},"wordCount":801,"commentCount":0,"publisher":{"@id":"https:\/\/jornalfatosenoticias.com.br\/#organization"},"image":{"@id":"https:\/\/jornalfatosenoticias.com.br\/index.php\/2021\/07\/19\/projeto-albatroz-e-tamar-se-unem-para-proteger-tartarugas-marinhas-no-ne\/#primaryimage"},"thumbnailUrl":"https:\/\/jornalfatosenoticias.com.br\/wp-content\/uploads\/2021\/07\/tartaruga-marinha-tamar2.jpg","keywords":["albatroz","Alian\u00e7a do Atl\u00e2ntico para o Atum Sustent\u00e1vel","amea\u00e7adas de extin\u00e7\u00e3o","atum","esp\u00e9cies marinhas","Instituto Albatroz","Projeto Tamar","tartarugas marinhas"],"articleSection":["Meio ambiente"],"inLanguage":"pt-BR","potentialAction":[{"@type":"CommentAction","name":"Comment","target":["https:\/\/jornalfatosenoticias.com.br\/index.php\/2021\/07\/19\/projeto-albatroz-e-tamar-se-unem-para-proteger-tartarugas-marinhas-no-ne\/#respond"]}]},{"@type":"WebPage","@id":"https:\/\/jornalfatosenoticias.com.br\/index.php\/2021\/07\/19\/projeto-albatroz-e-tamar-se-unem-para-proteger-tartarugas-marinhas-no-ne\/","url":"https:\/\/jornalfatosenoticias.com.br\/index.php\/2021\/07\/19\/projeto-albatroz-e-tamar-se-unem-para-proteger-tartarugas-marinhas-no-ne\/","name":"Projeto Albatroz e Tamar se unem para proteger tartarugas marinhas no NE - Jornal Fatos e Not\u00edcias","isPartOf":{"@id":"https:\/\/jornalfatosenoticias.com.br\/#website"},"primaryImageOfPage":{"@id":"https:\/\/jornalfatosenoticias.com.br\/index.php\/2021\/07\/19\/projeto-albatroz-e-tamar-se-unem-para-proteger-tartarugas-marinhas-no-ne\/#primaryimage"},"image":{"@id":"https:\/\/jornalfatosenoticias.com.br\/index.php\/2021\/07\/19\/projeto-albatroz-e-tamar-se-unem-para-proteger-tartarugas-marinhas-no-ne\/#primaryimage"},"thumbnailUrl":"https:\/\/jornalfatosenoticias.com.br\/wp-content\/uploads\/2021\/07\/tartaruga-marinha-tamar2.jpg","datePublished":"2021-07-19T12:55:36+00:00","dateModified":"2021-07-19T12:55:41+00:00","breadcrumb":{"@id":"https:\/\/jornalfatosenoticias.com.br\/index.php\/2021\/07\/19\/projeto-albatroz-e-tamar-se-unem-para-proteger-tartarugas-marinhas-no-ne\/#breadcrumb"},"inLanguage":"pt-BR","potentialAction":[{"@type":"ReadAction","target":["https:\/\/jornalfatosenoticias.com.br\/index.php\/2021\/07\/19\/projeto-albatroz-e-tamar-se-unem-para-proteger-tartarugas-marinhas-no-ne\/"]}]},{"@type":"ImageObject","inLanguage":"pt-BR","@id":"https:\/\/jornalfatosenoticias.com.br\/index.php\/2021\/07\/19\/projeto-albatroz-e-tamar-se-unem-para-proteger-tartarugas-marinhas-no-ne\/#primaryimage","url":"https:\/\/jornalfatosenoticias.com.br\/wp-content\/uploads\/2021\/07\/tartaruga-marinha-tamar2.jpg","contentUrl":"https:\/\/jornalfatosenoticias.com.br\/wp-content\/uploads\/2021\/07\/tartaruga-marinha-tamar2.jpg","width":1000,"height":666},{"@type":"BreadcrumbList","@id":"https:\/\/jornalfatosenoticias.com.br\/index.php\/2021\/07\/19\/projeto-albatroz-e-tamar-se-unem-para-proteger-tartarugas-marinhas-no-ne\/#breadcrumb","itemListElement":[{"@type":"ListItem","position":1,"name":"In\u00edcio","item":"https:\/\/jornalfatosenoticias.com.br\/"},{"@type":"ListItem","position":2,"name":"Projeto Albatroz e Tamar se unem para proteger tartarugas marinhas no NE"}]},{"@type":"WebSite","@id":"https:\/\/jornalfatosenoticias.com.br\/#website","url":"https:\/\/jornalfatosenoticias.com.br\/","name":"Jornal Fatos e Not\u00edcias","description":"Not\u00edcias em geral","publisher":{"@id":"https:\/\/jornalfatosenoticias.com.br\/#organization"},"potentialAction":[{"@type":"SearchAction","target":{"@type":"EntryPoint","urlTemplate":"https:\/\/jornalfatosenoticias.com.br\/?s={search_term_string}"},"query-input":{"@type":"PropertyValueSpecification","valueRequired":true,"valueName":"search_term_string"}}],"inLanguage":"pt-BR"},{"@type":"Organization","@id":"https:\/\/jornalfatosenoticias.com.br\/#organization","name":"Jornal Fatos e Not\u00edcias","url":"https:\/\/jornalfatosenoticias.com.br\/","logo":{"@type":"ImageObject","inLanguage":"pt-BR","@id":"https:\/\/jornalfatosenoticias.com.br\/#\/schema\/logo\/image\/","url":"https:\/\/jornalfatosenoticias.com.br\/wp-content\/uploads\/2020\/02\/logo120.png","contentUrl":"https:\/\/jornalfatosenoticias.com.br\/wp-content\/uploads\/2020\/02\/logo120.png","width":1227,"height":120,"caption":"Jornal Fatos e Not\u00edcias"},"image":{"@id":"https:\/\/jornalfatosenoticias.com.br\/#\/schema\/logo\/image\/"}},{"@type":"Person","@id":"https:\/\/jornalfatosenoticias.com.br\/#\/schema\/person\/d63837fa13ac8666eb9e74e0985d6f81","name":"Luzimara Fernandes","image":{"@type":"ImageObject","inLanguage":"pt-BR","@id":"https:\/\/jornalfatosenoticias.com.br\/#\/schema\/person\/image\/","url":"https:\/\/jornalfatosenoticias.com.br\/wp-content\/uploads\/2025\/05\/EU_portal.jpg","contentUrl":"https:\/\/jornalfatosenoticias.com.br\/wp-content\/uploads\/2025\/05\/EU_portal.jpg","caption":"Luzimara Fernandes"},"description":"Jornalista MTB 2358-ES","sameAs":["https:\/\/jornalfatosenoticias.com.br"],"url":"https:\/\/jornalfatosenoticias.com.br\/index.php\/author\/luzimara\/"}]}},"cc_featured_image_caption":{"caption_text":"Tartaruga-oliva (Foto: Reprodu\u00e7\u00e3o)","source_text":"","source_url":""},"jetpack_featured_media_url":"https:\/\/jornalfatosenoticias.com.br\/wp-content\/uploads\/2021\/07\/tartaruga-marinha-tamar2.jpg","_links":{"self":[{"href":"https:\/\/jornalfatosenoticias.com.br\/index.php\/wp-json\/wp\/v2\/posts\/20748","targetHints":{"allow":["GET"]}}],"collection":[{"href":"https:\/\/jornalfatosenoticias.com.br\/index.php\/wp-json\/wp\/v2\/posts"}],"about":[{"href":"https:\/\/jornalfatosenoticias.com.br\/index.php\/wp-json\/wp\/v2\/types\/post"}],"author":[{"embeddable":true,"href":"https:\/\/jornalfatosenoticias.com.br\/index.php\/wp-json\/wp\/v2\/users\/2"}],"replies":[{"embeddable":true,"href":"https:\/\/jornalfatosenoticias.com.br\/index.php\/wp-json\/wp\/v2\/comments?post=20748"}],"version-history":[{"count":0,"href":"https:\/\/jornalfatosenoticias.com.br\/index.php\/wp-json\/wp\/v2\/posts\/20748\/revisions"}],"wp:featuredmedia":[{"embeddable":true,"href":"https:\/\/jornalfatosenoticias.com.br\/index.php\/wp-json\/wp\/v2\/media\/20750"}],"wp:attachment":[{"href":"https:\/\/jornalfatosenoticias.com.br\/index.php\/wp-json\/wp\/v2\/media?parent=20748"}],"wp:term":[{"taxonomy":"category","embeddable":true,"href":"https:\/\/jornalfatosenoticias.com.br\/index.php\/wp-json\/wp\/v2\/categories?post=20748"},{"taxonomy":"post_tag","embeddable":true,"href":"https:\/\/jornalfatosenoticias.com.br\/index.php\/wp-json\/wp\/v2\/tags?post=20748"}],"curies":[{"name":"wp","href":"https:\/\/api.w.org\/{rel}","templated":true}]}}