{"id":20788,"date":"2021-07-19T15:33:46","date_gmt":"2021-07-19T18:33:46","guid":{"rendered":"https:\/\/jornalfatosenoticias.com.br\/?p=20788"},"modified":"2021-07-19T15:34:14","modified_gmt":"2021-07-19T18:34:14","slug":"vaca-com-51-centimetros-chama-atencao-em-bangladesh","status":"publish","type":"post","link":"https:\/\/jornalfatosenoticias.com.br\/index.php\/2021\/07\/19\/vaca-com-51-centimetros-chama-atencao-em-bangladesh\/","title":{"rendered":"Vaca com 51 cent\u00edmetros chama aten\u00e7\u00e3o em Bangladesh"},"content":{"rendered":"\n<p><em><span class=\"has-inline-color has-black-color\">&#8216;Rani&#8217; ainda n\u00e3o conta com o t\u00edtulo oficial de &#8216;menor vaca do mundo&#8217;<\/span><\/em><\/p>\n\n\n\n<p>Em Bangladesh, um <a href=\"https:\/\/aventurasnahistoria.uol.com.br\/noticias\/historia-hoje\/robo-subaquatico-flagra-rara-especie-de-polvo-transparente.phtml\">animal curioso<\/a>\u00a0tem atra\u00eddo visitantes em plena pandemia do novo coronav\u00edrus, assim violando as restri\u00e7\u00f5es impostas. Se trata de Rani, que\u00a0<a href=\"https:\/\/aventurasnahistoria.uol.com.br\/noticias\/almanaque\/5-curiosidades-sobre-ubre-blanca-supervaca-criada-por-fidel-castro.phtml\">tomou as manchetes<\/a> ap\u00f3s ficar conhecida como a &#8216;menor vaca do mundo&#8217;.<br>Sendo encontrada no interior de Bangladesh, ela <a href=\"https:\/\/aventurasnahistoria.uol.com.br\/noticias\/reportagem\/sequestro-selvagem-o-curioso-caso-do-crocodilo-feito-de-refem.phtml\">chama a aten\u00e7\u00e3o<\/a> das pessoas. Com seus 51 cent\u00edmetros de altura e 66 de comprimento, todos os olhares se voltaram para o peculiar animal. Seus donos explicam que <a href=\"https:\/\/aventurasnahistoria.uol.com.br\/noticias\/almanaque\/a-saga-judy-da-cadelinha-que-foi-feita-prisioneira-na-segunda-guerra.phtml\">o animal<\/a> tem 26 quilos e pode at\u00e9 ser mesmo carregado nos bra\u00e7os.<br>Contudo, vale destacar que Rani ainda n\u00e3o conta com o t\u00edtulo oficial fornecido pelo Guinness World Records, o famoso livro que avalia e reconhece recordes ao redor do mundo.<\/p>\n\n\n\n<figure class=\"wp-block-image size-large is-style-default\"><img loading=\"lazy\" decoding=\"async\" width=\"1000\" height=\"660\" src=\"https:\/\/jornalfatosenoticias.com.br\/wp-content\/uploads\/2021\/07\/rani-MINIVACA2.jpg\" alt=\"\" class=\"wp-image-20789\" srcset=\"https:\/\/jornalfatosenoticias.com.br\/wp-content\/uploads\/2021\/07\/rani-MINIVACA2.jpg 1000w, https:\/\/jornalfatosenoticias.com.br\/wp-content\/uploads\/2021\/07\/rani-MINIVACA2-300x198.jpg 300w, https:\/\/jornalfatosenoticias.com.br\/wp-content\/uploads\/2021\/07\/rani-MINIVACA2-768x507.jpg 768w\" sizes=\"auto, (max-width: 1000px) 100vw, 1000px\" \/><figcaption><em><span class=\"has-inline-color has-black-color\">Rani, a vaca que chama aten\u00e7\u00e3o (Foto: Divulga\u00e7\u00e3o\/V\u00eddeo\/YouTube)<\/span><\/em><\/figcaption><\/figure>\n\n\n\n<p>&#8220;Estamos muito confiantes de que esta ser\u00e1 a menor&#8221;, explica Mohammad Salim, que atualmente atua como executivo na Shikor Agro Industries.<br>Embora j\u00e1 inscrita, o t\u00edtulo atual \u00e9 de Manikyam, que vive em Kerala, na \u00cdndia, e tem 61cm de altura, quando fora analisada pelo Guiness no ano de 2014.<\/p>\n\n\n\n<p><strong><span class=\"has-inline-color has-black-color\">Mas o que causou esse tamanho ex\u00f3tico?<br><\/span><\/strong>Sajedul Islam, que \u00e9 veterin\u00e1rio do governo local, explicou que a altura do animal \u00e9 resultado do que chamamos de endogomia. Ou seja, quando existem in\u00fameros cruzamentos da ra\u00e7a. Ele tamb\u00e9m relata que n\u00e3o \u00e9 muito prov\u00e1vel que Rani fique maior que isso, como as vacas da fazenda.<\/p>\n\n\n\n<figure class=\"wp-block-embed-youtube wp-block-embed is-type-video is-provider-youtube wp-embed-aspect-16-9 wp-has-aspect-ratio\"><div class=\"wp-block-embed__wrapper\">\n<iframe loading=\"lazy\" title=\"TBS Stories: \u09ac\u09be\u0982\u09b2\u09be\u09a6\u09c7\u09b6\u09c7\u09b0 \u09b0\u09be\u09a8\u09c0 \u0995\u09bf \u09aa\u09c3\u09a5\u09bf\u09ac\u09c0\u09b0 \u09b8\u09ac\u099a\u09c7\u09df\u09c7 \u099b\u09cb\u099f \u0997\u09b0\u09c1? II Is Rani the world&#039;s smallest cow?\" width=\"660\" height=\"371\" src=\"https:\/\/www.youtube.com\/embed\/oUQDc5JS2Mw?feature=oembed\" frameborder=\"0\" allow=\"accelerometer; autoplay; clipboard-write; encrypted-media; gyroscope; picture-in-picture; web-share\" referrerpolicy=\"strict-origin-when-cross-origin\" allowfullscreen><\/iframe>\n<\/div><\/figure>\n\n\n\n<blockquote class=\"wp-block-quote is-layout-flow wp-block-quote-is-layout-flow\"><p><em><span class=\"has-inline-color has-luminous-vivid-orange-color\">&#8220;Ela come menos do que as outras vacas, nunca d\u00e1 problema e \u00e9 muito especial para mim&#8221;, explica o dono de Rani, Mohammad Mamun, durante conversa com a Reuters.<\/span><\/em><\/p><\/blockquote>\n\n\n\n<p><strong><em>Fonte: <a href=\"https:\/\/aventurasnahistoria.uol.com.br\/noticias\/historia-hoje\/vaca-com-51-centimetros-de-altura-chama-atencao-em-bangladesh-e-muito-especial-para-mim-diz-criador.phtml\">Aventuras na Hist\u00f3ria<\/a><\/em><\/strong><\/p>\n","protected":false},"excerpt":{"rendered":"<p>&#8216;Rani&#8217; ainda n\u00e3o conta com o t\u00edtulo oficial de &#8216;menor vaca do mundo&#8217; Em Bangladesh, um animal curioso\u00a0tem atra\u00eddo visitantes em plena pandemia do novo coronav\u00edrus, assim violando as restri\u00e7\u00f5es impostas. Se trata de Rani, que\u00a0tomou as manchetes ap\u00f3s ficar conhecida como a &#8216;menor vaca do mundo&#8217;.Sendo encontrada no interior de Bangladesh, ela chama a [&hellip;]<\/p>\n","protected":false},"author":2,"featured_media":20790,"comment_status":"open","ping_status":"open","sticky":false,"template":"","format":"standard","meta":{"footnotes":""},"categories":[41],"tags":[10190,655,10191,4949,8077],"class_list":["post-20788","post","type-post","status-publish","format-standard","has-post-thumbnail","hentry","category-internacional","tag-bangladesh","tag-natureza","tag-pequena","tag-recorde","tag-vaca"],"yoast_head":"<!-- This site is optimized with the Yoast SEO plugin v26.5 - https:\/\/yoast.com\/wordpress\/plugins\/seo\/ -->\n<title>Vaca com 51 cent\u00edmetros chama aten\u00e7\u00e3o em Bangladesh - Jornal Fatos e Not\u00edcias<\/title>\n<meta name=\"robots\" content=\"index, follow, max-snippet:-1, max-image-preview:large, max-video-preview:-1\" \/>\n<link rel=\"canonical\" href=\"https:\/\/jornalfatosenoticias.com.br\/index.php\/2021\/07\/19\/vaca-com-51-centimetros-chama-atencao-em-bangladesh\/\" \/>\n<meta property=\"og:locale\" content=\"pt_BR\" \/>\n<meta property=\"og:type\" content=\"article\" \/>\n<meta property=\"og:title\" content=\"Vaca com 51 cent\u00edmetros chama aten\u00e7\u00e3o em Bangladesh - Jornal Fatos e Not\u00edcias\" \/>\n<meta property=\"og:description\" content=\"&#8216;Rani&#8217; ainda n\u00e3o conta com o t\u00edtulo oficial de &#8216;menor vaca do mundo&#8217; Em Bangladesh, um animal curioso\u00a0tem atra\u00eddo visitantes em plena pandemia do novo coronav\u00edrus, assim violando as restri\u00e7\u00f5es impostas. Se trata de Rani, que\u00a0tomou as manchetes ap\u00f3s ficar conhecida como a &#8216;menor vaca do mundo&#8217;.Sendo encontrada no interior de Bangladesh, ela chama a [&hellip;]\" \/>\n<meta property=\"og:url\" content=\"https:\/\/jornalfatosenoticias.com.br\/index.php\/2021\/07\/19\/vaca-com-51-centimetros-chama-atencao-em-bangladesh\/\" \/>\n<meta property=\"og:site_name\" content=\"Jornal Fatos e Not\u00edcias\" \/>\n<meta property=\"article:published_time\" content=\"2021-07-19T18:33:46+00:00\" \/>\n<meta property=\"article:modified_time\" content=\"2021-07-19T18:34:14+00:00\" \/>\n<meta property=\"og:image\" content=\"https:\/\/jornalfatosenoticias.com.br\/wp-content\/uploads\/2021\/07\/rani-minivaca.jpg\" \/>\n\t<meta property=\"og:image:width\" content=\"1000\" \/>\n\t<meta property=\"og:image:height\" content=\"562\" \/>\n\t<meta property=\"og:image:type\" content=\"image\/jpeg\" \/>\n<meta name=\"author\" content=\"Luzimara Fernandes\" \/>\n<meta name=\"twitter:card\" content=\"summary_large_image\" \/>\n<meta name=\"twitter:label1\" content=\"Escrito por\" \/>\n\t<meta name=\"twitter:data1\" content=\"Luzimara Fernandes\" \/>\n\t<meta name=\"twitter:label2\" content=\"Est. tempo de leitura\" \/>\n\t<meta name=\"twitter:data2\" content=\"2 minutos\" \/>\n<script type=\"application\/ld+json\" class=\"yoast-schema-graph\">{\"@context\":\"https:\/\/schema.org\",\"@graph\":[{\"@type\":\"Article\",\"@id\":\"https:\/\/jornalfatosenoticias.com.br\/index.php\/2021\/07\/19\/vaca-com-51-centimetros-chama-atencao-em-bangladesh\/#article\",\"isPartOf\":{\"@id\":\"https:\/\/jornalfatosenoticias.com.br\/index.php\/2021\/07\/19\/vaca-com-51-centimetros-chama-atencao-em-bangladesh\/\"},\"author\":{\"name\":\"Luzimara Fernandes\",\"@id\":\"https:\/\/jornalfatosenoticias.com.br\/#\/schema\/person\/d63837fa13ac8666eb9e74e0985d6f81\"},\"headline\":\"Vaca com 51 cent\u00edmetros chama aten\u00e7\u00e3o em Bangladesh\",\"datePublished\":\"2021-07-19T18:33:46+00:00\",\"dateModified\":\"2021-07-19T18:34:14+00:00\",\"mainEntityOfPage\":{\"@id\":\"https:\/\/jornalfatosenoticias.com.br\/index.php\/2021\/07\/19\/vaca-com-51-centimetros-chama-atencao-em-bangladesh\/\"},\"wordCount\":311,\"commentCount\":0,\"publisher\":{\"@id\":\"https:\/\/jornalfatosenoticias.com.br\/#organization\"},\"image\":{\"@id\":\"https:\/\/jornalfatosenoticias.com.br\/index.php\/2021\/07\/19\/vaca-com-51-centimetros-chama-atencao-em-bangladesh\/#primaryimage\"},\"thumbnailUrl\":\"https:\/\/jornalfatosenoticias.com.br\/wp-content\/uploads\/2021\/07\/rani-minivaca.jpg\",\"keywords\":[\"Bangladesh\",\"natureza\",\"pequena\",\"recorde\",\"vaca\"],\"articleSection\":[\"Internacional\"],\"inLanguage\":\"pt-BR\",\"potentialAction\":[{\"@type\":\"CommentAction\",\"name\":\"Comment\",\"target\":[\"https:\/\/jornalfatosenoticias.com.br\/index.php\/2021\/07\/19\/vaca-com-51-centimetros-chama-atencao-em-bangladesh\/#respond\"]}]},{\"@type\":\"WebPage\",\"@id\":\"https:\/\/jornalfatosenoticias.com.br\/index.php\/2021\/07\/19\/vaca-com-51-centimetros-chama-atencao-em-bangladesh\/\",\"url\":\"https:\/\/jornalfatosenoticias.com.br\/index.php\/2021\/07\/19\/vaca-com-51-centimetros-chama-atencao-em-bangladesh\/\",\"name\":\"Vaca com 51 cent\u00edmetros chama aten\u00e7\u00e3o em Bangladesh - Jornal Fatos e Not\u00edcias\",\"isPartOf\":{\"@id\":\"https:\/\/jornalfatosenoticias.com.br\/#website\"},\"primaryImageOfPage\":{\"@id\":\"https:\/\/jornalfatosenoticias.com.br\/index.php\/2021\/07\/19\/vaca-com-51-centimetros-chama-atencao-em-bangladesh\/#primaryimage\"},\"image\":{\"@id\":\"https:\/\/jornalfatosenoticias.com.br\/index.php\/2021\/07\/19\/vaca-com-51-centimetros-chama-atencao-em-bangladesh\/#primaryimage\"},\"thumbnailUrl\":\"https:\/\/jornalfatosenoticias.com.br\/wp-content\/uploads\/2021\/07\/rani-minivaca.jpg\",\"datePublished\":\"2021-07-19T18:33:46+00:00\",\"dateModified\":\"2021-07-19T18:34:14+00:00\",\"breadcrumb\":{\"@id\":\"https:\/\/jornalfatosenoticias.com.br\/index.php\/2021\/07\/19\/vaca-com-51-centimetros-chama-atencao-em-bangladesh\/#breadcrumb\"},\"inLanguage\":\"pt-BR\",\"potentialAction\":[{\"@type\":\"ReadAction\",\"target\":[\"https:\/\/jornalfatosenoticias.com.br\/index.php\/2021\/07\/19\/vaca-com-51-centimetros-chama-atencao-em-bangladesh\/\"]}]},{\"@type\":\"ImageObject\",\"inLanguage\":\"pt-BR\",\"@id\":\"https:\/\/jornalfatosenoticias.com.br\/index.php\/2021\/07\/19\/vaca-com-51-centimetros-chama-atencao-em-bangladesh\/#primaryimage\",\"url\":\"https:\/\/jornalfatosenoticias.com.br\/wp-content\/uploads\/2021\/07\/rani-minivaca.jpg\",\"contentUrl\":\"https:\/\/jornalfatosenoticias.com.br\/wp-content\/uploads\/2021\/07\/rani-minivaca.jpg\",\"width\":1000,\"height\":562},{\"@type\":\"BreadcrumbList\",\"@id\":\"https:\/\/jornalfatosenoticias.com.br\/index.php\/2021\/07\/19\/vaca-com-51-centimetros-chama-atencao-em-bangladesh\/#breadcrumb\",\"itemListElement\":[{\"@type\":\"ListItem\",\"position\":1,\"name\":\"In\u00edcio\",\"item\":\"https:\/\/jornalfatosenoticias.com.br\/\"},{\"@type\":\"ListItem\",\"position\":2,\"name\":\"Vaca com 51 cent\u00edmetros chama aten\u00e7\u00e3o em Bangladesh\"}]},{\"@type\":\"WebSite\",\"@id\":\"https:\/\/jornalfatosenoticias.com.br\/#website\",\"url\":\"https:\/\/jornalfatosenoticias.com.br\/\",\"name\":\"Jornal Fatos e Not\u00edcias\",\"description\":\"Not\u00edcias em geral\",\"publisher\":{\"@id\":\"https:\/\/jornalfatosenoticias.com.br\/#organization\"},\"potentialAction\":[{\"@type\":\"SearchAction\",\"target\":{\"@type\":\"EntryPoint\",\"urlTemplate\":\"https:\/\/jornalfatosenoticias.com.br\/?s={search_term_string}\"},\"query-input\":{\"@type\":\"PropertyValueSpecification\",\"valueRequired\":true,\"valueName\":\"search_term_string\"}}],\"inLanguage\":\"pt-BR\"},{\"@type\":\"Organization\",\"@id\":\"https:\/\/jornalfatosenoticias.com.br\/#organization\",\"name\":\"Jornal Fatos e Not\u00edcias\",\"url\":\"https:\/\/jornalfatosenoticias.com.br\/\",\"logo\":{\"@type\":\"ImageObject\",\"inLanguage\":\"pt-BR\",\"@id\":\"https:\/\/jornalfatosenoticias.com.br\/#\/schema\/logo\/image\/\",\"url\":\"https:\/\/jornalfatosenoticias.com.br\/wp-content\/uploads\/2020\/02\/logo120.png\",\"contentUrl\":\"https:\/\/jornalfatosenoticias.com.br\/wp-content\/uploads\/2020\/02\/logo120.png\",\"width\":1227,\"height\":120,\"caption\":\"Jornal Fatos e Not\u00edcias\"},\"image\":{\"@id\":\"https:\/\/jornalfatosenoticias.com.br\/#\/schema\/logo\/image\/\"}},{\"@type\":\"Person\",\"@id\":\"https:\/\/jornalfatosenoticias.com.br\/#\/schema\/person\/d63837fa13ac8666eb9e74e0985d6f81\",\"name\":\"Luzimara Fernandes\",\"image\":{\"@type\":\"ImageObject\",\"inLanguage\":\"pt-BR\",\"@id\":\"https:\/\/jornalfatosenoticias.com.br\/#\/schema\/person\/image\/\",\"url\":\"https:\/\/jornalfatosenoticias.com.br\/wp-content\/uploads\/2025\/05\/EU_portal.jpg\",\"contentUrl\":\"https:\/\/jornalfatosenoticias.com.br\/wp-content\/uploads\/2025\/05\/EU_portal.jpg\",\"caption\":\"Luzimara Fernandes\"},\"description\":\"Jornalista MTB 2358-ES\",\"sameAs\":[\"https:\/\/jornalfatosenoticias.com.br\"],\"url\":\"https:\/\/jornalfatosenoticias.com.br\/index.php\/author\/luzimara\/\"}]}<\/script>\n<!-- \/ Yoast SEO plugin. -->","yoast_head_json":{"title":"Vaca com 51 cent\u00edmetros chama aten\u00e7\u00e3o em Bangladesh - Jornal Fatos e Not\u00edcias","robots":{"index":"index","follow":"follow","max-snippet":"max-snippet:-1","max-image-preview":"max-image-preview:large","max-video-preview":"max-video-preview:-1"},"canonical":"https:\/\/jornalfatosenoticias.com.br\/index.php\/2021\/07\/19\/vaca-com-51-centimetros-chama-atencao-em-bangladesh\/","og_locale":"pt_BR","og_type":"article","og_title":"Vaca com 51 cent\u00edmetros chama aten\u00e7\u00e3o em Bangladesh - Jornal Fatos e Not\u00edcias","og_description":"&#8216;Rani&#8217; ainda n\u00e3o conta com o t\u00edtulo oficial de &#8216;menor vaca do mundo&#8217; Em Bangladesh, um animal curioso\u00a0tem atra\u00eddo visitantes em plena pandemia do novo coronav\u00edrus, assim violando as restri\u00e7\u00f5es impostas. Se trata de Rani, que\u00a0tomou as manchetes ap\u00f3s ficar conhecida como a &#8216;menor vaca do mundo&#8217;.Sendo encontrada no interior de Bangladesh, ela chama a [&hellip;]","og_url":"https:\/\/jornalfatosenoticias.com.br\/index.php\/2021\/07\/19\/vaca-com-51-centimetros-chama-atencao-em-bangladesh\/","og_site_name":"Jornal Fatos e Not\u00edcias","article_published_time":"2021-07-19T18:33:46+00:00","article_modified_time":"2021-07-19T18:34:14+00:00","og_image":[{"width":1000,"height":562,"url":"https:\/\/jornalfatosenoticias.com.br\/wp-content\/uploads\/2021\/07\/rani-minivaca.jpg","type":"image\/jpeg"}],"author":"Luzimara Fernandes","twitter_card":"summary_large_image","twitter_misc":{"Escrito por":"Luzimara Fernandes","Est. tempo de leitura":"2 minutos"},"schema":{"@context":"https:\/\/schema.org","@graph":[{"@type":"Article","@id":"https:\/\/jornalfatosenoticias.com.br\/index.php\/2021\/07\/19\/vaca-com-51-centimetros-chama-atencao-em-bangladesh\/#article","isPartOf":{"@id":"https:\/\/jornalfatosenoticias.com.br\/index.php\/2021\/07\/19\/vaca-com-51-centimetros-chama-atencao-em-bangladesh\/"},"author":{"name":"Luzimara Fernandes","@id":"https:\/\/jornalfatosenoticias.com.br\/#\/schema\/person\/d63837fa13ac8666eb9e74e0985d6f81"},"headline":"Vaca com 51 cent\u00edmetros chama aten\u00e7\u00e3o em Bangladesh","datePublished":"2021-07-19T18:33:46+00:00","dateModified":"2021-07-19T18:34:14+00:00","mainEntityOfPage":{"@id":"https:\/\/jornalfatosenoticias.com.br\/index.php\/2021\/07\/19\/vaca-com-51-centimetros-chama-atencao-em-bangladesh\/"},"wordCount":311,"commentCount":0,"publisher":{"@id":"https:\/\/jornalfatosenoticias.com.br\/#organization"},"image":{"@id":"https:\/\/jornalfatosenoticias.com.br\/index.php\/2021\/07\/19\/vaca-com-51-centimetros-chama-atencao-em-bangladesh\/#primaryimage"},"thumbnailUrl":"https:\/\/jornalfatosenoticias.com.br\/wp-content\/uploads\/2021\/07\/rani-minivaca.jpg","keywords":["Bangladesh","natureza","pequena","recorde","vaca"],"articleSection":["Internacional"],"inLanguage":"pt-BR","potentialAction":[{"@type":"CommentAction","name":"Comment","target":["https:\/\/jornalfatosenoticias.com.br\/index.php\/2021\/07\/19\/vaca-com-51-centimetros-chama-atencao-em-bangladesh\/#respond"]}]},{"@type":"WebPage","@id":"https:\/\/jornalfatosenoticias.com.br\/index.php\/2021\/07\/19\/vaca-com-51-centimetros-chama-atencao-em-bangladesh\/","url":"https:\/\/jornalfatosenoticias.com.br\/index.php\/2021\/07\/19\/vaca-com-51-centimetros-chama-atencao-em-bangladesh\/","name":"Vaca com 51 cent\u00edmetros chama aten\u00e7\u00e3o em Bangladesh - Jornal Fatos e Not\u00edcias","isPartOf":{"@id":"https:\/\/jornalfatosenoticias.com.br\/#website"},"primaryImageOfPage":{"@id":"https:\/\/jornalfatosenoticias.com.br\/index.php\/2021\/07\/19\/vaca-com-51-centimetros-chama-atencao-em-bangladesh\/#primaryimage"},"image":{"@id":"https:\/\/jornalfatosenoticias.com.br\/index.php\/2021\/07\/19\/vaca-com-51-centimetros-chama-atencao-em-bangladesh\/#primaryimage"},"thumbnailUrl":"https:\/\/jornalfatosenoticias.com.br\/wp-content\/uploads\/2021\/07\/rani-minivaca.jpg","datePublished":"2021-07-19T18:33:46+00:00","dateModified":"2021-07-19T18:34:14+00:00","breadcrumb":{"@id":"https:\/\/jornalfatosenoticias.com.br\/index.php\/2021\/07\/19\/vaca-com-51-centimetros-chama-atencao-em-bangladesh\/#breadcrumb"},"inLanguage":"pt-BR","potentialAction":[{"@type":"ReadAction","target":["https:\/\/jornalfatosenoticias.com.br\/index.php\/2021\/07\/19\/vaca-com-51-centimetros-chama-atencao-em-bangladesh\/"]}]},{"@type":"ImageObject","inLanguage":"pt-BR","@id":"https:\/\/jornalfatosenoticias.com.br\/index.php\/2021\/07\/19\/vaca-com-51-centimetros-chama-atencao-em-bangladesh\/#primaryimage","url":"https:\/\/jornalfatosenoticias.com.br\/wp-content\/uploads\/2021\/07\/rani-minivaca.jpg","contentUrl":"https:\/\/jornalfatosenoticias.com.br\/wp-content\/uploads\/2021\/07\/rani-minivaca.jpg","width":1000,"height":562},{"@type":"BreadcrumbList","@id":"https:\/\/jornalfatosenoticias.com.br\/index.php\/2021\/07\/19\/vaca-com-51-centimetros-chama-atencao-em-bangladesh\/#breadcrumb","itemListElement":[{"@type":"ListItem","position":1,"name":"In\u00edcio","item":"https:\/\/jornalfatosenoticias.com.br\/"},{"@type":"ListItem","position":2,"name":"Vaca com 51 cent\u00edmetros chama aten\u00e7\u00e3o em Bangladesh"}]},{"@type":"WebSite","@id":"https:\/\/jornalfatosenoticias.com.br\/#website","url":"https:\/\/jornalfatosenoticias.com.br\/","name":"Jornal Fatos e Not\u00edcias","description":"Not\u00edcias em geral","publisher":{"@id":"https:\/\/jornalfatosenoticias.com.br\/#organization"},"potentialAction":[{"@type":"SearchAction","target":{"@type":"EntryPoint","urlTemplate":"https:\/\/jornalfatosenoticias.com.br\/?s={search_term_string}"},"query-input":{"@type":"PropertyValueSpecification","valueRequired":true,"valueName":"search_term_string"}}],"inLanguage":"pt-BR"},{"@type":"Organization","@id":"https:\/\/jornalfatosenoticias.com.br\/#organization","name":"Jornal Fatos e Not\u00edcias","url":"https:\/\/jornalfatosenoticias.com.br\/","logo":{"@type":"ImageObject","inLanguage":"pt-BR","@id":"https:\/\/jornalfatosenoticias.com.br\/#\/schema\/logo\/image\/","url":"https:\/\/jornalfatosenoticias.com.br\/wp-content\/uploads\/2020\/02\/logo120.png","contentUrl":"https:\/\/jornalfatosenoticias.com.br\/wp-content\/uploads\/2020\/02\/logo120.png","width":1227,"height":120,"caption":"Jornal Fatos e Not\u00edcias"},"image":{"@id":"https:\/\/jornalfatosenoticias.com.br\/#\/schema\/logo\/image\/"}},{"@type":"Person","@id":"https:\/\/jornalfatosenoticias.com.br\/#\/schema\/person\/d63837fa13ac8666eb9e74e0985d6f81","name":"Luzimara Fernandes","image":{"@type":"ImageObject","inLanguage":"pt-BR","@id":"https:\/\/jornalfatosenoticias.com.br\/#\/schema\/person\/image\/","url":"https:\/\/jornalfatosenoticias.com.br\/wp-content\/uploads\/2025\/05\/EU_portal.jpg","contentUrl":"https:\/\/jornalfatosenoticias.com.br\/wp-content\/uploads\/2025\/05\/EU_portal.jpg","caption":"Luzimara Fernandes"},"description":"Jornalista MTB 2358-ES","sameAs":["https:\/\/jornalfatosenoticias.com.br"],"url":"https:\/\/jornalfatosenoticias.com.br\/index.php\/author\/luzimara\/"}]}},"cc_featured_image_caption":{"caption_text":"(Foto: Divulga\u00e7\u00e3o\/V\u00eddeo\/YouTube)","source_text":"","source_url":""},"jetpack_featured_media_url":"https:\/\/jornalfatosenoticias.com.br\/wp-content\/uploads\/2021\/07\/rani-minivaca.jpg","_links":{"self":[{"href":"https:\/\/jornalfatosenoticias.com.br\/index.php\/wp-json\/wp\/v2\/posts\/20788","targetHints":{"allow":["GET"]}}],"collection":[{"href":"https:\/\/jornalfatosenoticias.com.br\/index.php\/wp-json\/wp\/v2\/posts"}],"about":[{"href":"https:\/\/jornalfatosenoticias.com.br\/index.php\/wp-json\/wp\/v2\/types\/post"}],"author":[{"embeddable":true,"href":"https:\/\/jornalfatosenoticias.com.br\/index.php\/wp-json\/wp\/v2\/users\/2"}],"replies":[{"embeddable":true,"href":"https:\/\/jornalfatosenoticias.com.br\/index.php\/wp-json\/wp\/v2\/comments?post=20788"}],"version-history":[{"count":0,"href":"https:\/\/jornalfatosenoticias.com.br\/index.php\/wp-json\/wp\/v2\/posts\/20788\/revisions"}],"wp:featuredmedia":[{"embeddable":true,"href":"https:\/\/jornalfatosenoticias.com.br\/index.php\/wp-json\/wp\/v2\/media\/20790"}],"wp:attachment":[{"href":"https:\/\/jornalfatosenoticias.com.br\/index.php\/wp-json\/wp\/v2\/media?parent=20788"}],"wp:term":[{"taxonomy":"category","embeddable":true,"href":"https:\/\/jornalfatosenoticias.com.br\/index.php\/wp-json\/wp\/v2\/categories?post=20788"},{"taxonomy":"post_tag","embeddable":true,"href":"https:\/\/jornalfatosenoticias.com.br\/index.php\/wp-json\/wp\/v2\/tags?post=20788"}],"curies":[{"name":"wp","href":"https:\/\/api.w.org\/{rel}","templated":true}]}}