{"id":20868,"date":"2021-07-21T08:43:45","date_gmt":"2021-07-21T11:43:45","guid":{"rendered":"https:\/\/jornalfatosenoticias.com.br\/?p=20868"},"modified":"2021-07-21T08:43:51","modified_gmt":"2021-07-21T11:43:51","slug":"bolsonaro-reafirma-que-vetara-fundo-eleitoral-de-2022","status":"publish","type":"post","link":"https:\/\/jornalfatosenoticias.com.br\/index.php\/2021\/07\/21\/bolsonaro-reafirma-que-vetara-fundo-eleitoral-de-2022\/","title":{"rendered":"Bolsonaro reafirma que vetar\u00e1 fundo eleitoral de 2022"},"content":{"rendered":"\n<p><em><span class=\"has-inline-color has-black-color\">Valor foi aprovado pelo Congresso na semana passada<\/span><\/em><\/p>\n\n\n\n<p>O presidente Jair Bolsonaro reafirmou na noite desta ter\u00e7a-feira (20) que <strong><a href=\"https:\/\/agenciabrasil.ebc.com.br\/politica\/noticia\/2021-07\/ldo-de-2022-preve-aumento-do-fundo-eleitoral-para-quase-r-6-bilhoes\" target=\"_blank\" rel=\"noreferrer noopener\">vetar\u00e1 o fundo eleitoral de R$ 5,7 bilh\u00f5es aprovado pelo Congresso Nacional na semana passada<\/a><\/strong>, no Projeto de Lei de Diretrizes Or\u00e7ament\u00e1ria (LDO) de 2022.<br>&#8220;Defendemos, acima de tudo, a harmonia entre os Poderes, bem como a sua autonomia. \u00c9 partindo deste princ\u00edpio que jogamos, desde o in\u00edcio, dentro das quatro linhas da Constitui\u00e7\u00e3o Federal. Dito isso, em respeito ao povo brasileiro, vetarei o aumento do fund\u00e3o eleitoral&#8221;, escreveu o presidente em postagem na sua conta de Twitter.<\/p>\n\n\n\n<figure class=\"wp-block-embed-twitter wp-block-embed is-type-rich is-provider-twitter\"><div class=\"wp-block-embed__wrapper\">\n<blockquote class=\"twitter-tweet\" data-width=\"550\" data-dnt=\"true\"><p lang=\"pt\" dir=\"ltr\">&#8211; Defendemos, acima de tudo, a harmonia entre os Poderes, bem como a sua autonomia. \u00c9 partindo deste princ\u00edpio que jogamos, desde o in\u00edcio, dentro das quatro linhas da Constitui\u00e7\u00e3o Federal. Dito isso, em respeito ao povo brasileiro, vetarei o aumento do fund\u00e3o eleitoral.<\/p>&mdash; Jair M. Bolsonaro (@jairbolsonaro) <a href=\"https:\/\/twitter.com\/jairbolsonaro\/status\/1417615227122814976?ref_src=twsrc%5Etfw\">July 20, 2021<\/a><\/blockquote><script async src=\"https:\/\/platform.twitter.com\/widgets.js\" charset=\"utf-8\"><\/script>\n<\/div><\/figure>\n\n\n\n<p>Na segunda (19), em<strong>\u00a0<a href=\"https:\/\/agenciabrasil.ebc.com.br\/geral\/noticia\/2021-07\/presidente-diz-que-deve-vetar-dinheiro-para-o-fundo-eleitoral\" target=\"_blank\" rel=\"noreferrer noopener\">entrevista exclusiva para a R\u00e1dio Nacional,<\/a><\/strong> ve\u00edculo da Empresa Brasil de Comunica\u00e7\u00e3o (EBC), o presidente j\u00e1 havia sinalizado a inten\u00e7\u00e3o de vetar o valor aprovado pelos parlamentares. \u201cA tend\u00eancia nossa \u00e9 n\u00e3o sancionar isso da\u00ed em respeito aos trabalhadores, ao contribuinte brasileiro\u201d, disse o presidente. Ele defendeu que o recurso poderia ser melhor aplicado na constru\u00e7\u00e3o de pontes e constru\u00e7\u00e3o de malha rodovi\u00e1ria, por exemplo.<br>O fundo de financiamento de campanha foi criado ap\u00f3s a proibi\u00e7\u00e3o do financiamento privado, em 2015, pelo Supremo Tribunal Federal (STF), sob o argumento de que as grandes doa\u00e7\u00f5es empresariais desequilibram a disputa eleitoral. Nas elei\u00e7\u00f5es de 2018, o valor reservado para as candidaturas foi R$ 2 bilh\u00f5es. O veto presidencial, se confirmado, precisar\u00e1 ser analisado pelos congressistas, que podem derrub\u00e1-lo.<\/p>\n\n\n\n<p><strong><em>Fonte: <a href=\"https:\/\/agenciabrasil.ebc.com.br\/politica\/noticia\/2021-07\/bolsonaro-reafirma-que-vetara-fundo-eleitoral-de-2022\">Ag\u00eancia Brasil<\/a><\/em><\/strong><\/p>\n","protected":false},"excerpt":{"rendered":"<p>Valor foi aprovado pelo Congresso na semana passada O presidente Jair Bolsonaro reafirmou na noite desta ter\u00e7a-feira (20) que vetar\u00e1 o fundo eleitoral de R$ 5,7 bilh\u00f5es aprovado pelo Congresso Nacional na semana passada, no Projeto de Lei de Diretrizes Or\u00e7ament\u00e1ria (LDO) de 2022.&#8220;Defendemos, acima de tudo, a harmonia entre os Poderes, bem como a [&hellip;]<\/p>\n","protected":false},"author":2,"featured_media":20869,"comment_status":"open","ping_status":"open","sticky":false,"template":"","format":"standard","meta":{"footnotes":""},"categories":[10],"tags":[3096,1795,10214,8589,10215],"class_list":["post-20868","post","type-post","status-publish","format-standard","has-post-thumbnail","hentry","category-politica","tag-fundo-eleitoral","tag-jair-bolsonaro","tag-presidente-do-brasil","tag-veto","tag-veto-presidencial"],"yoast_head":"<!-- This site is optimized with the Yoast SEO plugin v26.5 - https:\/\/yoast.com\/wordpress\/plugins\/seo\/ -->\n<title>Bolsonaro reafirma que vetar\u00e1 fundo eleitoral de 2022 - Jornal Fatos e Not\u00edcias<\/title>\n<meta name=\"robots\" content=\"index, follow, max-snippet:-1, max-image-preview:large, max-video-preview:-1\" \/>\n<link rel=\"canonical\" href=\"https:\/\/jornalfatosenoticias.com.br\/index.php\/2021\/07\/21\/bolsonaro-reafirma-que-vetara-fundo-eleitoral-de-2022\/\" \/>\n<meta property=\"og:locale\" content=\"pt_BR\" \/>\n<meta property=\"og:type\" content=\"article\" \/>\n<meta property=\"og:title\" content=\"Bolsonaro reafirma que vetar\u00e1 fundo eleitoral de 2022 - Jornal Fatos e Not\u00edcias\" \/>\n<meta property=\"og:description\" content=\"Valor foi aprovado pelo Congresso na semana passada O presidente Jair Bolsonaro reafirmou na noite desta ter\u00e7a-feira (20) que vetar\u00e1 o fundo eleitoral de R$ 5,7 bilh\u00f5es aprovado pelo Congresso Nacional na semana passada, no Projeto de Lei de Diretrizes Or\u00e7ament\u00e1ria (LDO) de 2022.&#8220;Defendemos, acima de tudo, a harmonia entre os Poderes, bem como a [&hellip;]\" \/>\n<meta property=\"og:url\" content=\"https:\/\/jornalfatosenoticias.com.br\/index.php\/2021\/07\/21\/bolsonaro-reafirma-que-vetara-fundo-eleitoral-de-2022\/\" \/>\n<meta property=\"og:site_name\" content=\"Jornal Fatos e Not\u00edcias\" \/>\n<meta property=\"article:published_time\" content=\"2021-07-21T11:43:45+00:00\" \/>\n<meta property=\"article:modified_time\" content=\"2021-07-21T11:43:51+00:00\" \/>\n<meta property=\"og:image\" content=\"https:\/\/jornalfatosenoticias.com.br\/wp-content\/uploads\/2021\/07\/veto-bolsonaro.jpg\" \/>\n\t<meta property=\"og:image:width\" content=\"1000\" \/>\n\t<meta property=\"og:image:height\" content=\"598\" \/>\n\t<meta property=\"og:image:type\" content=\"image\/jpeg\" \/>\n<meta name=\"author\" content=\"Luzimara Fernandes\" \/>\n<meta name=\"twitter:card\" content=\"summary_large_image\" \/>\n<meta name=\"twitter:label1\" content=\"Escrito por\" \/>\n\t<meta name=\"twitter:data1\" content=\"Luzimara Fernandes\" \/>\n\t<meta name=\"twitter:label2\" content=\"Est. tempo de leitura\" \/>\n\t<meta name=\"twitter:data2\" content=\"1 minuto\" \/>\n<script type=\"application\/ld+json\" class=\"yoast-schema-graph\">{\"@context\":\"https:\/\/schema.org\",\"@graph\":[{\"@type\":\"Article\",\"@id\":\"https:\/\/jornalfatosenoticias.com.br\/index.php\/2021\/07\/21\/bolsonaro-reafirma-que-vetara-fundo-eleitoral-de-2022\/#article\",\"isPartOf\":{\"@id\":\"https:\/\/jornalfatosenoticias.com.br\/index.php\/2021\/07\/21\/bolsonaro-reafirma-que-vetara-fundo-eleitoral-de-2022\/\"},\"author\":{\"name\":\"Luzimara Fernandes\",\"@id\":\"https:\/\/jornalfatosenoticias.com.br\/#\/schema\/person\/d63837fa13ac8666eb9e74e0985d6f81\"},\"headline\":\"Bolsonaro reafirma que vetar\u00e1 fundo eleitoral de 2022\",\"datePublished\":\"2021-07-21T11:43:45+00:00\",\"dateModified\":\"2021-07-21T11:43:51+00:00\",\"mainEntityOfPage\":{\"@id\":\"https:\/\/jornalfatosenoticias.com.br\/index.php\/2021\/07\/21\/bolsonaro-reafirma-que-vetara-fundo-eleitoral-de-2022\/\"},\"wordCount\":284,\"commentCount\":0,\"publisher\":{\"@id\":\"https:\/\/jornalfatosenoticias.com.br\/#organization\"},\"image\":{\"@id\":\"https:\/\/jornalfatosenoticias.com.br\/index.php\/2021\/07\/21\/bolsonaro-reafirma-que-vetara-fundo-eleitoral-de-2022\/#primaryimage\"},\"thumbnailUrl\":\"https:\/\/jornalfatosenoticias.com.br\/wp-content\/uploads\/2021\/07\/veto-bolsonaro.jpg\",\"keywords\":[\"Fundo Eleitoral\",\"Jair Bolsonaro\",\"presidente do Brasil\",\"veto\",\"veto presidencial\"],\"articleSection\":[\"Pol\u00edtica\"],\"inLanguage\":\"pt-BR\",\"potentialAction\":[{\"@type\":\"CommentAction\",\"name\":\"Comment\",\"target\":[\"https:\/\/jornalfatosenoticias.com.br\/index.php\/2021\/07\/21\/bolsonaro-reafirma-que-vetara-fundo-eleitoral-de-2022\/#respond\"]}]},{\"@type\":\"WebPage\",\"@id\":\"https:\/\/jornalfatosenoticias.com.br\/index.php\/2021\/07\/21\/bolsonaro-reafirma-que-vetara-fundo-eleitoral-de-2022\/\",\"url\":\"https:\/\/jornalfatosenoticias.com.br\/index.php\/2021\/07\/21\/bolsonaro-reafirma-que-vetara-fundo-eleitoral-de-2022\/\",\"name\":\"Bolsonaro reafirma que vetar\u00e1 fundo eleitoral de 2022 - Jornal Fatos e Not\u00edcias\",\"isPartOf\":{\"@id\":\"https:\/\/jornalfatosenoticias.com.br\/#website\"},\"primaryImageOfPage\":{\"@id\":\"https:\/\/jornalfatosenoticias.com.br\/index.php\/2021\/07\/21\/bolsonaro-reafirma-que-vetara-fundo-eleitoral-de-2022\/#primaryimage\"},\"image\":{\"@id\":\"https:\/\/jornalfatosenoticias.com.br\/index.php\/2021\/07\/21\/bolsonaro-reafirma-que-vetara-fundo-eleitoral-de-2022\/#primaryimage\"},\"thumbnailUrl\":\"https:\/\/jornalfatosenoticias.com.br\/wp-content\/uploads\/2021\/07\/veto-bolsonaro.jpg\",\"datePublished\":\"2021-07-21T11:43:45+00:00\",\"dateModified\":\"2021-07-21T11:43:51+00:00\",\"breadcrumb\":{\"@id\":\"https:\/\/jornalfatosenoticias.com.br\/index.php\/2021\/07\/21\/bolsonaro-reafirma-que-vetara-fundo-eleitoral-de-2022\/#breadcrumb\"},\"inLanguage\":\"pt-BR\",\"potentialAction\":[{\"@type\":\"ReadAction\",\"target\":[\"https:\/\/jornalfatosenoticias.com.br\/index.php\/2021\/07\/21\/bolsonaro-reafirma-que-vetara-fundo-eleitoral-de-2022\/\"]}]},{\"@type\":\"ImageObject\",\"inLanguage\":\"pt-BR\",\"@id\":\"https:\/\/jornalfatosenoticias.com.br\/index.php\/2021\/07\/21\/bolsonaro-reafirma-que-vetara-fundo-eleitoral-de-2022\/#primaryimage\",\"url\":\"https:\/\/jornalfatosenoticias.com.br\/wp-content\/uploads\/2021\/07\/veto-bolsonaro.jpg\",\"contentUrl\":\"https:\/\/jornalfatosenoticias.com.br\/wp-content\/uploads\/2021\/07\/veto-bolsonaro.jpg\",\"width\":1000,\"height\":598,\"caption\":\"(Marab\u00e1 - PA,18\/06\/2021) Palavras do Presidente da Rep\u00fablica, Jair Bolsonaro. Foto: Isac N\u00f3brega\/PR\"},{\"@type\":\"BreadcrumbList\",\"@id\":\"https:\/\/jornalfatosenoticias.com.br\/index.php\/2021\/07\/21\/bolsonaro-reafirma-que-vetara-fundo-eleitoral-de-2022\/#breadcrumb\",\"itemListElement\":[{\"@type\":\"ListItem\",\"position\":1,\"name\":\"In\u00edcio\",\"item\":\"https:\/\/jornalfatosenoticias.com.br\/\"},{\"@type\":\"ListItem\",\"position\":2,\"name\":\"Bolsonaro reafirma que vetar\u00e1 fundo eleitoral de 2022\"}]},{\"@type\":\"WebSite\",\"@id\":\"https:\/\/jornalfatosenoticias.com.br\/#website\",\"url\":\"https:\/\/jornalfatosenoticias.com.br\/\",\"name\":\"Jornal Fatos e Not\u00edcias\",\"description\":\"Not\u00edcias em geral\",\"publisher\":{\"@id\":\"https:\/\/jornalfatosenoticias.com.br\/#organization\"},\"potentialAction\":[{\"@type\":\"SearchAction\",\"target\":{\"@type\":\"EntryPoint\",\"urlTemplate\":\"https:\/\/jornalfatosenoticias.com.br\/?s={search_term_string}\"},\"query-input\":{\"@type\":\"PropertyValueSpecification\",\"valueRequired\":true,\"valueName\":\"search_term_string\"}}],\"inLanguage\":\"pt-BR\"},{\"@type\":\"Organization\",\"@id\":\"https:\/\/jornalfatosenoticias.com.br\/#organization\",\"name\":\"Jornal Fatos e Not\u00edcias\",\"url\":\"https:\/\/jornalfatosenoticias.com.br\/\",\"logo\":{\"@type\":\"ImageObject\",\"inLanguage\":\"pt-BR\",\"@id\":\"https:\/\/jornalfatosenoticias.com.br\/#\/schema\/logo\/image\/\",\"url\":\"https:\/\/jornalfatosenoticias.com.br\/wp-content\/uploads\/2020\/02\/logo120.png\",\"contentUrl\":\"https:\/\/jornalfatosenoticias.com.br\/wp-content\/uploads\/2020\/02\/logo120.png\",\"width\":1227,\"height\":120,\"caption\":\"Jornal Fatos e Not\u00edcias\"},\"image\":{\"@id\":\"https:\/\/jornalfatosenoticias.com.br\/#\/schema\/logo\/image\/\"}},{\"@type\":\"Person\",\"@id\":\"https:\/\/jornalfatosenoticias.com.br\/#\/schema\/person\/d63837fa13ac8666eb9e74e0985d6f81\",\"name\":\"Luzimara Fernandes\",\"image\":{\"@type\":\"ImageObject\",\"inLanguage\":\"pt-BR\",\"@id\":\"https:\/\/jornalfatosenoticias.com.br\/#\/schema\/person\/image\/\",\"url\":\"https:\/\/jornalfatosenoticias.com.br\/wp-content\/uploads\/2025\/05\/EU_portal.jpg\",\"contentUrl\":\"https:\/\/jornalfatosenoticias.com.br\/wp-content\/uploads\/2025\/05\/EU_portal.jpg\",\"caption\":\"Luzimara Fernandes\"},\"description\":\"Jornalista MTB 2358-ES\",\"sameAs\":[\"https:\/\/jornalfatosenoticias.com.br\"],\"url\":\"https:\/\/jornalfatosenoticias.com.br\/index.php\/author\/luzimara\/\"}]}<\/script>\n<!-- \/ Yoast SEO plugin. -->","yoast_head_json":{"title":"Bolsonaro reafirma que vetar\u00e1 fundo eleitoral de 2022 - Jornal Fatos e Not\u00edcias","robots":{"index":"index","follow":"follow","max-snippet":"max-snippet:-1","max-image-preview":"max-image-preview:large","max-video-preview":"max-video-preview:-1"},"canonical":"https:\/\/jornalfatosenoticias.com.br\/index.php\/2021\/07\/21\/bolsonaro-reafirma-que-vetara-fundo-eleitoral-de-2022\/","og_locale":"pt_BR","og_type":"article","og_title":"Bolsonaro reafirma que vetar\u00e1 fundo eleitoral de 2022 - Jornal Fatos e Not\u00edcias","og_description":"Valor foi aprovado pelo Congresso na semana passada O presidente Jair Bolsonaro reafirmou na noite desta ter\u00e7a-feira (20) que vetar\u00e1 o fundo eleitoral de R$ 5,7 bilh\u00f5es aprovado pelo Congresso Nacional na semana passada, no Projeto de Lei de Diretrizes Or\u00e7ament\u00e1ria (LDO) de 2022.&#8220;Defendemos, acima de tudo, a harmonia entre os Poderes, bem como a [&hellip;]","og_url":"https:\/\/jornalfatosenoticias.com.br\/index.php\/2021\/07\/21\/bolsonaro-reafirma-que-vetara-fundo-eleitoral-de-2022\/","og_site_name":"Jornal Fatos e Not\u00edcias","article_published_time":"2021-07-21T11:43:45+00:00","article_modified_time":"2021-07-21T11:43:51+00:00","og_image":[{"width":1000,"height":598,"url":"https:\/\/jornalfatosenoticias.com.br\/wp-content\/uploads\/2021\/07\/veto-bolsonaro.jpg","type":"image\/jpeg"}],"author":"Luzimara Fernandes","twitter_card":"summary_large_image","twitter_misc":{"Escrito por":"Luzimara Fernandes","Est. tempo de leitura":"1 minuto"},"schema":{"@context":"https:\/\/schema.org","@graph":[{"@type":"Article","@id":"https:\/\/jornalfatosenoticias.com.br\/index.php\/2021\/07\/21\/bolsonaro-reafirma-que-vetara-fundo-eleitoral-de-2022\/#article","isPartOf":{"@id":"https:\/\/jornalfatosenoticias.com.br\/index.php\/2021\/07\/21\/bolsonaro-reafirma-que-vetara-fundo-eleitoral-de-2022\/"},"author":{"name":"Luzimara Fernandes","@id":"https:\/\/jornalfatosenoticias.com.br\/#\/schema\/person\/d63837fa13ac8666eb9e74e0985d6f81"},"headline":"Bolsonaro reafirma que vetar\u00e1 fundo eleitoral de 2022","datePublished":"2021-07-21T11:43:45+00:00","dateModified":"2021-07-21T11:43:51+00:00","mainEntityOfPage":{"@id":"https:\/\/jornalfatosenoticias.com.br\/index.php\/2021\/07\/21\/bolsonaro-reafirma-que-vetara-fundo-eleitoral-de-2022\/"},"wordCount":284,"commentCount":0,"publisher":{"@id":"https:\/\/jornalfatosenoticias.com.br\/#organization"},"image":{"@id":"https:\/\/jornalfatosenoticias.com.br\/index.php\/2021\/07\/21\/bolsonaro-reafirma-que-vetara-fundo-eleitoral-de-2022\/#primaryimage"},"thumbnailUrl":"https:\/\/jornalfatosenoticias.com.br\/wp-content\/uploads\/2021\/07\/veto-bolsonaro.jpg","keywords":["Fundo Eleitoral","Jair Bolsonaro","presidente do Brasil","veto","veto presidencial"],"articleSection":["Pol\u00edtica"],"inLanguage":"pt-BR","potentialAction":[{"@type":"CommentAction","name":"Comment","target":["https:\/\/jornalfatosenoticias.com.br\/index.php\/2021\/07\/21\/bolsonaro-reafirma-que-vetara-fundo-eleitoral-de-2022\/#respond"]}]},{"@type":"WebPage","@id":"https:\/\/jornalfatosenoticias.com.br\/index.php\/2021\/07\/21\/bolsonaro-reafirma-que-vetara-fundo-eleitoral-de-2022\/","url":"https:\/\/jornalfatosenoticias.com.br\/index.php\/2021\/07\/21\/bolsonaro-reafirma-que-vetara-fundo-eleitoral-de-2022\/","name":"Bolsonaro reafirma que vetar\u00e1 fundo eleitoral de 2022 - Jornal Fatos e Not\u00edcias","isPartOf":{"@id":"https:\/\/jornalfatosenoticias.com.br\/#website"},"primaryImageOfPage":{"@id":"https:\/\/jornalfatosenoticias.com.br\/index.php\/2021\/07\/21\/bolsonaro-reafirma-que-vetara-fundo-eleitoral-de-2022\/#primaryimage"},"image":{"@id":"https:\/\/jornalfatosenoticias.com.br\/index.php\/2021\/07\/21\/bolsonaro-reafirma-que-vetara-fundo-eleitoral-de-2022\/#primaryimage"},"thumbnailUrl":"https:\/\/jornalfatosenoticias.com.br\/wp-content\/uploads\/2021\/07\/veto-bolsonaro.jpg","datePublished":"2021-07-21T11:43:45+00:00","dateModified":"2021-07-21T11:43:51+00:00","breadcrumb":{"@id":"https:\/\/jornalfatosenoticias.com.br\/index.php\/2021\/07\/21\/bolsonaro-reafirma-que-vetara-fundo-eleitoral-de-2022\/#breadcrumb"},"inLanguage":"pt-BR","potentialAction":[{"@type":"ReadAction","target":["https:\/\/jornalfatosenoticias.com.br\/index.php\/2021\/07\/21\/bolsonaro-reafirma-que-vetara-fundo-eleitoral-de-2022\/"]}]},{"@type":"ImageObject","inLanguage":"pt-BR","@id":"https:\/\/jornalfatosenoticias.com.br\/index.php\/2021\/07\/21\/bolsonaro-reafirma-que-vetara-fundo-eleitoral-de-2022\/#primaryimage","url":"https:\/\/jornalfatosenoticias.com.br\/wp-content\/uploads\/2021\/07\/veto-bolsonaro.jpg","contentUrl":"https:\/\/jornalfatosenoticias.com.br\/wp-content\/uploads\/2021\/07\/veto-bolsonaro.jpg","width":1000,"height":598,"caption":"(Marab\u00e1 - PA,18\/06\/2021) Palavras do Presidente da Rep\u00fablica, Jair Bolsonaro. Foto: Isac N\u00f3brega\/PR"},{"@type":"BreadcrumbList","@id":"https:\/\/jornalfatosenoticias.com.br\/index.php\/2021\/07\/21\/bolsonaro-reafirma-que-vetara-fundo-eleitoral-de-2022\/#breadcrumb","itemListElement":[{"@type":"ListItem","position":1,"name":"In\u00edcio","item":"https:\/\/jornalfatosenoticias.com.br\/"},{"@type":"ListItem","position":2,"name":"Bolsonaro reafirma que vetar\u00e1 fundo eleitoral de 2022"}]},{"@type":"WebSite","@id":"https:\/\/jornalfatosenoticias.com.br\/#website","url":"https:\/\/jornalfatosenoticias.com.br\/","name":"Jornal Fatos e Not\u00edcias","description":"Not\u00edcias em geral","publisher":{"@id":"https:\/\/jornalfatosenoticias.com.br\/#organization"},"potentialAction":[{"@type":"SearchAction","target":{"@type":"EntryPoint","urlTemplate":"https:\/\/jornalfatosenoticias.com.br\/?s={search_term_string}"},"query-input":{"@type":"PropertyValueSpecification","valueRequired":true,"valueName":"search_term_string"}}],"inLanguage":"pt-BR"},{"@type":"Organization","@id":"https:\/\/jornalfatosenoticias.com.br\/#organization","name":"Jornal Fatos e Not\u00edcias","url":"https:\/\/jornalfatosenoticias.com.br\/","logo":{"@type":"ImageObject","inLanguage":"pt-BR","@id":"https:\/\/jornalfatosenoticias.com.br\/#\/schema\/logo\/image\/","url":"https:\/\/jornalfatosenoticias.com.br\/wp-content\/uploads\/2020\/02\/logo120.png","contentUrl":"https:\/\/jornalfatosenoticias.com.br\/wp-content\/uploads\/2020\/02\/logo120.png","width":1227,"height":120,"caption":"Jornal Fatos e Not\u00edcias"},"image":{"@id":"https:\/\/jornalfatosenoticias.com.br\/#\/schema\/logo\/image\/"}},{"@type":"Person","@id":"https:\/\/jornalfatosenoticias.com.br\/#\/schema\/person\/d63837fa13ac8666eb9e74e0985d6f81","name":"Luzimara Fernandes","image":{"@type":"ImageObject","inLanguage":"pt-BR","@id":"https:\/\/jornalfatosenoticias.com.br\/#\/schema\/person\/image\/","url":"https:\/\/jornalfatosenoticias.com.br\/wp-content\/uploads\/2025\/05\/EU_portal.jpg","contentUrl":"https:\/\/jornalfatosenoticias.com.br\/wp-content\/uploads\/2025\/05\/EU_portal.jpg","caption":"Luzimara Fernandes"},"description":"Jornalista MTB 2358-ES","sameAs":["https:\/\/jornalfatosenoticias.com.br"],"url":"https:\/\/jornalfatosenoticias.com.br\/index.php\/author\/luzimara\/"}]}},"cc_featured_image_caption":{"caption_text":"(Foto: Isac N\u00f3brega\/PR)","source_text":"","source_url":""},"jetpack_featured_media_url":"https:\/\/jornalfatosenoticias.com.br\/wp-content\/uploads\/2021\/07\/veto-bolsonaro.jpg","_links":{"self":[{"href":"https:\/\/jornalfatosenoticias.com.br\/index.php\/wp-json\/wp\/v2\/posts\/20868","targetHints":{"allow":["GET"]}}],"collection":[{"href":"https:\/\/jornalfatosenoticias.com.br\/index.php\/wp-json\/wp\/v2\/posts"}],"about":[{"href":"https:\/\/jornalfatosenoticias.com.br\/index.php\/wp-json\/wp\/v2\/types\/post"}],"author":[{"embeddable":true,"href":"https:\/\/jornalfatosenoticias.com.br\/index.php\/wp-json\/wp\/v2\/users\/2"}],"replies":[{"embeddable":true,"href":"https:\/\/jornalfatosenoticias.com.br\/index.php\/wp-json\/wp\/v2\/comments?post=20868"}],"version-history":[{"count":0,"href":"https:\/\/jornalfatosenoticias.com.br\/index.php\/wp-json\/wp\/v2\/posts\/20868\/revisions"}],"wp:featuredmedia":[{"embeddable":true,"href":"https:\/\/jornalfatosenoticias.com.br\/index.php\/wp-json\/wp\/v2\/media\/20869"}],"wp:attachment":[{"href":"https:\/\/jornalfatosenoticias.com.br\/index.php\/wp-json\/wp\/v2\/media?parent=20868"}],"wp:term":[{"taxonomy":"category","embeddable":true,"href":"https:\/\/jornalfatosenoticias.com.br\/index.php\/wp-json\/wp\/v2\/categories?post=20868"},{"taxonomy":"post_tag","embeddable":true,"href":"https:\/\/jornalfatosenoticias.com.br\/index.php\/wp-json\/wp\/v2\/tags?post=20868"}],"curies":[{"name":"wp","href":"https:\/\/api.w.org\/{rel}","templated":true}]}}