{"id":20883,"date":"2021-07-21T09:14:17","date_gmt":"2021-07-21T12:14:17","guid":{"rendered":"https:\/\/jornalfatosenoticias.com.br\/?p=20883"},"modified":"2021-07-21T09:14:18","modified_gmt":"2021-07-21T12:14:18","slug":"congresso-recebe-iluminacao-amarela-em-apoio-ao-combate-as-hepatites","status":"publish","type":"post","link":"https:\/\/jornalfatosenoticias.com.br\/index.php\/2021\/07\/21\/congresso-recebe-iluminacao-amarela-em-apoio-ao-combate-as-hepatites\/","title":{"rendered":"Congresso recebe ilumina\u00e7\u00e3o amarela em apoio ao combate \u00e0s hepatites"},"content":{"rendered":"\n<p><em><span class=\"has-inline-color has-black-color\">Julho Amarelo \u00e9 celebrado no Brasil desde 2019<\/span><\/em><\/p>\n\n\n\n<p>A partir da noite de ontem (20), o <strong>Congresso Nacional<\/strong> ser\u00e1 iluminado com a cor amarela, em apoio ao <strong>Julho Amarelo<\/strong>, campanha nacional de combate \u00e0s <strong>hepatites virais<\/strong>. O engajamento do Congresso na campanha foi um pedido do <strong>Minist\u00e9rio da Sa\u00fade<\/strong> e dos deputados Alexandre Padilha (PT-SP) e Bozzella (PSL-SP). O pr\u00e9dio ficar\u00e1 iluminado at\u00e9 o dia 30.<br>O <strong>Julho Amarelo<\/strong> foi criado em 2019 para incentivar a popula\u00e7\u00e3o a fazer testes r\u00e1pidos para diagn\u00f3stico das <strong>hepatites virais<\/strong>, doen\u00e7as que infecciosas que atacam principalmente o f\u00edgado. Cerca de 74% dos casos confirmados de hepatites virais no <strong>Brasil<\/strong> s\u00e3o a B e a C. Sem tratamento adequado, o paciente pode evoluir para cirrose e at\u00e9 c\u00e2ncer de f\u00edgado.<br>O teste \u00e9 r\u00e1pido, basta uma picada no dedo e o resultado sai em cinco minutos. O exame pode ser feito via <strong>SUS<\/strong> em qualquer unidade b\u00e1sica de sa\u00fade, onde tamb\u00e9m \u00e9 iniciado o tratamento.<br>Bozzella \u00e9 coordenador da Frente Parlamentar Mista de Combate \u00e0s Hepatites Virais. Ele foi um dos articuladores da decis\u00e3o do <strong>Minist\u00e9rio da Sa\u00fade<\/strong>, em 2020, que ampliou o acesso ao tratamento da doen\u00e7a, ao abreviar o tempo entre a prescri\u00e7\u00e3o m\u00e9dica e o recebimento dos medicamentos pelo paciente. A demanda fazia parte das iniciativas do <strong>Movimento Brasileiro das Hepatites e do Grupo Esperan\u00e7a<\/strong>, de apoio \u00e0s pessoas com <strong>hepatite viral<\/strong>.<\/p>\n\n\n\n<p><strong><em>Fonte: <a href=\"https:\/\/agenciabrasil.ebc.com.br\/politica\/noticia\/2021-07\/congresso-recebe-iluminacao-amarela-em-apoio-ao-combate-hepatites\">Ag\u00eancia Brasil<\/a><\/em><\/strong><\/p>\n","protected":false},"excerpt":{"rendered":"<p>Julho Amarelo \u00e9 celebrado no Brasil desde 2019 A partir da noite de ontem (20), o Congresso Nacional ser\u00e1 iluminado com a cor amarela, em apoio ao Julho Amarelo, campanha nacional de combate \u00e0s hepatites virais. O engajamento do Congresso na campanha foi um pedido do Minist\u00e9rio da Sa\u00fade e dos deputados Alexandre Padilha (PT-SP) [&hellip;]<\/p>\n","protected":false},"author":2,"featured_media":20884,"comment_status":"open","ping_status":"open","sticky":false,"template":"","format":"standard","meta":{"footnotes":""},"categories":[10,11],"tags":[10224,3606,3605,447,126],"class_list":["post-20883","post","type-post","status-publish","format-standard","has-post-thumbnail","hentry","category-politica","category-saude","tag-congresso-nacional","tag-hepatites-virais","tag-julho-amarelo","tag-ministerio-da-saude","tag-sus"],"yoast_head":"<!-- This site is optimized with the Yoast SEO plugin v26.5 - https:\/\/yoast.com\/wordpress\/plugins\/seo\/ -->\n<title>Congresso recebe ilumina\u00e7\u00e3o amarela em apoio ao combate \u00e0s hepatites - Jornal Fatos e Not\u00edcias<\/title>\n<meta name=\"robots\" content=\"index, follow, max-snippet:-1, max-image-preview:large, max-video-preview:-1\" \/>\n<link rel=\"canonical\" href=\"https:\/\/jornalfatosenoticias.com.br\/index.php\/2021\/07\/21\/congresso-recebe-iluminacao-amarela-em-apoio-ao-combate-as-hepatites\/\" \/>\n<meta property=\"og:locale\" content=\"pt_BR\" \/>\n<meta property=\"og:type\" content=\"article\" \/>\n<meta property=\"og:title\" content=\"Congresso recebe ilumina\u00e7\u00e3o amarela em apoio ao combate \u00e0s hepatites - Jornal Fatos e Not\u00edcias\" \/>\n<meta property=\"og:description\" content=\"Julho Amarelo \u00e9 celebrado no Brasil desde 2019 A partir da noite de ontem (20), o Congresso Nacional ser\u00e1 iluminado com a cor amarela, em apoio ao Julho Amarelo, campanha nacional de combate \u00e0s hepatites virais. O engajamento do Congresso na campanha foi um pedido do Minist\u00e9rio da Sa\u00fade e dos deputados Alexandre Padilha (PT-SP) [&hellip;]\" \/>\n<meta property=\"og:url\" content=\"https:\/\/jornalfatosenoticias.com.br\/index.php\/2021\/07\/21\/congresso-recebe-iluminacao-amarela-em-apoio-ao-combate-as-hepatites\/\" \/>\n<meta property=\"og:site_name\" content=\"Jornal Fatos e Not\u00edcias\" \/>\n<meta property=\"article:published_time\" content=\"2021-07-21T12:14:17+00:00\" \/>\n<meta property=\"article:modified_time\" content=\"2021-07-21T12:14:18+00:00\" \/>\n<meta property=\"og:image\" content=\"https:\/\/jornalfatosenoticias.com.br\/wp-content\/uploads\/2021\/07\/congresso_nacional_hepatites_virais.jpg\" \/>\n\t<meta property=\"og:image:width\" content=\"1000\" \/>\n\t<meta property=\"og:image:height\" content=\"598\" \/>\n\t<meta property=\"og:image:type\" content=\"image\/jpeg\" \/>\n<meta name=\"author\" content=\"Luzimara Fernandes\" \/>\n<meta name=\"twitter:card\" content=\"summary_large_image\" \/>\n<meta name=\"twitter:label1\" content=\"Escrito por\" \/>\n\t<meta name=\"twitter:data1\" content=\"Luzimara Fernandes\" \/>\n\t<meta name=\"twitter:label2\" content=\"Est. tempo de leitura\" \/>\n\t<meta name=\"twitter:data2\" content=\"1 minuto\" \/>\n<script type=\"application\/ld+json\" class=\"yoast-schema-graph\">{\"@context\":\"https:\/\/schema.org\",\"@graph\":[{\"@type\":\"Article\",\"@id\":\"https:\/\/jornalfatosenoticias.com.br\/index.php\/2021\/07\/21\/congresso-recebe-iluminacao-amarela-em-apoio-ao-combate-as-hepatites\/#article\",\"isPartOf\":{\"@id\":\"https:\/\/jornalfatosenoticias.com.br\/index.php\/2021\/07\/21\/congresso-recebe-iluminacao-amarela-em-apoio-ao-combate-as-hepatites\/\"},\"author\":{\"name\":\"Luzimara Fernandes\",\"@id\":\"https:\/\/jornalfatosenoticias.com.br\/#\/schema\/person\/d63837fa13ac8666eb9e74e0985d6f81\"},\"headline\":\"Congresso recebe ilumina\u00e7\u00e3o amarela em apoio ao combate \u00e0s hepatites\",\"datePublished\":\"2021-07-21T12:14:17+00:00\",\"dateModified\":\"2021-07-21T12:14:18+00:00\",\"mainEntityOfPage\":{\"@id\":\"https:\/\/jornalfatosenoticias.com.br\/index.php\/2021\/07\/21\/congresso-recebe-iluminacao-amarela-em-apoio-ao-combate-as-hepatites\/\"},\"wordCount\":257,\"commentCount\":0,\"publisher\":{\"@id\":\"https:\/\/jornalfatosenoticias.com.br\/#organization\"},\"image\":{\"@id\":\"https:\/\/jornalfatosenoticias.com.br\/index.php\/2021\/07\/21\/congresso-recebe-iluminacao-amarela-em-apoio-ao-combate-as-hepatites\/#primaryimage\"},\"thumbnailUrl\":\"https:\/\/jornalfatosenoticias.com.br\/wp-content\/uploads\/2021\/07\/congresso_nacional_hepatites_virais.jpg\",\"keywords\":[\"Congresso Nacional\",\"hepatites virais\",\"Julho Amarelo\",\"Minist\u00e9rio da Sa\u00fade\",\"SUS\"],\"articleSection\":[\"Pol\u00edtica\",\"Sa\u00fade\"],\"inLanguage\":\"pt-BR\",\"potentialAction\":[{\"@type\":\"CommentAction\",\"name\":\"Comment\",\"target\":[\"https:\/\/jornalfatosenoticias.com.br\/index.php\/2021\/07\/21\/congresso-recebe-iluminacao-amarela-em-apoio-ao-combate-as-hepatites\/#respond\"]}]},{\"@type\":\"WebPage\",\"@id\":\"https:\/\/jornalfatosenoticias.com.br\/index.php\/2021\/07\/21\/congresso-recebe-iluminacao-amarela-em-apoio-ao-combate-as-hepatites\/\",\"url\":\"https:\/\/jornalfatosenoticias.com.br\/index.php\/2021\/07\/21\/congresso-recebe-iluminacao-amarela-em-apoio-ao-combate-as-hepatites\/\",\"name\":\"Congresso recebe ilumina\u00e7\u00e3o amarela em apoio ao combate \u00e0s hepatites - Jornal Fatos e Not\u00edcias\",\"isPartOf\":{\"@id\":\"https:\/\/jornalfatosenoticias.com.br\/#website\"},\"primaryImageOfPage\":{\"@id\":\"https:\/\/jornalfatosenoticias.com.br\/index.php\/2021\/07\/21\/congresso-recebe-iluminacao-amarela-em-apoio-ao-combate-as-hepatites\/#primaryimage\"},\"image\":{\"@id\":\"https:\/\/jornalfatosenoticias.com.br\/index.php\/2021\/07\/21\/congresso-recebe-iluminacao-amarela-em-apoio-ao-combate-as-hepatites\/#primaryimage\"},\"thumbnailUrl\":\"https:\/\/jornalfatosenoticias.com.br\/wp-content\/uploads\/2021\/07\/congresso_nacional_hepatites_virais.jpg\",\"datePublished\":\"2021-07-21T12:14:17+00:00\",\"dateModified\":\"2021-07-21T12:14:18+00:00\",\"breadcrumb\":{\"@id\":\"https:\/\/jornalfatosenoticias.com.br\/index.php\/2021\/07\/21\/congresso-recebe-iluminacao-amarela-em-apoio-ao-combate-as-hepatites\/#breadcrumb\"},\"inLanguage\":\"pt-BR\",\"potentialAction\":[{\"@type\":\"ReadAction\",\"target\":[\"https:\/\/jornalfatosenoticias.com.br\/index.php\/2021\/07\/21\/congresso-recebe-iluminacao-amarela-em-apoio-ao-combate-as-hepatites\/\"]}]},{\"@type\":\"ImageObject\",\"inLanguage\":\"pt-BR\",\"@id\":\"https:\/\/jornalfatosenoticias.com.br\/index.php\/2021\/07\/21\/congresso-recebe-iluminacao-amarela-em-apoio-ao-combate-as-hepatites\/#primaryimage\",\"url\":\"https:\/\/jornalfatosenoticias.com.br\/wp-content\/uploads\/2021\/07\/congresso_nacional_hepatites_virais.jpg\",\"contentUrl\":\"https:\/\/jornalfatosenoticias.com.br\/wp-content\/uploads\/2021\/07\/congresso_nacional_hepatites_virais.jpg\",\"width\":1000,\"height\":598},{\"@type\":\"BreadcrumbList\",\"@id\":\"https:\/\/jornalfatosenoticias.com.br\/index.php\/2021\/07\/21\/congresso-recebe-iluminacao-amarela-em-apoio-ao-combate-as-hepatites\/#breadcrumb\",\"itemListElement\":[{\"@type\":\"ListItem\",\"position\":1,\"name\":\"In\u00edcio\",\"item\":\"https:\/\/jornalfatosenoticias.com.br\/\"},{\"@type\":\"ListItem\",\"position\":2,\"name\":\"Congresso recebe ilumina\u00e7\u00e3o amarela em apoio ao combate \u00e0s hepatites\"}]},{\"@type\":\"WebSite\",\"@id\":\"https:\/\/jornalfatosenoticias.com.br\/#website\",\"url\":\"https:\/\/jornalfatosenoticias.com.br\/\",\"name\":\"Jornal Fatos e Not\u00edcias\",\"description\":\"Not\u00edcias em geral\",\"publisher\":{\"@id\":\"https:\/\/jornalfatosenoticias.com.br\/#organization\"},\"potentialAction\":[{\"@type\":\"SearchAction\",\"target\":{\"@type\":\"EntryPoint\",\"urlTemplate\":\"https:\/\/jornalfatosenoticias.com.br\/?s={search_term_string}\"},\"query-input\":{\"@type\":\"PropertyValueSpecification\",\"valueRequired\":true,\"valueName\":\"search_term_string\"}}],\"inLanguage\":\"pt-BR\"},{\"@type\":\"Organization\",\"@id\":\"https:\/\/jornalfatosenoticias.com.br\/#organization\",\"name\":\"Jornal Fatos e Not\u00edcias\",\"url\":\"https:\/\/jornalfatosenoticias.com.br\/\",\"logo\":{\"@type\":\"ImageObject\",\"inLanguage\":\"pt-BR\",\"@id\":\"https:\/\/jornalfatosenoticias.com.br\/#\/schema\/logo\/image\/\",\"url\":\"https:\/\/jornalfatosenoticias.com.br\/wp-content\/uploads\/2020\/02\/logo120.png\",\"contentUrl\":\"https:\/\/jornalfatosenoticias.com.br\/wp-content\/uploads\/2020\/02\/logo120.png\",\"width\":1227,\"height\":120,\"caption\":\"Jornal Fatos e Not\u00edcias\"},\"image\":{\"@id\":\"https:\/\/jornalfatosenoticias.com.br\/#\/schema\/logo\/image\/\"}},{\"@type\":\"Person\",\"@id\":\"https:\/\/jornalfatosenoticias.com.br\/#\/schema\/person\/d63837fa13ac8666eb9e74e0985d6f81\",\"name\":\"Luzimara Fernandes\",\"image\":{\"@type\":\"ImageObject\",\"inLanguage\":\"pt-BR\",\"@id\":\"https:\/\/jornalfatosenoticias.com.br\/#\/schema\/person\/image\/\",\"url\":\"https:\/\/jornalfatosenoticias.com.br\/wp-content\/uploads\/2025\/05\/EU_portal.jpg\",\"contentUrl\":\"https:\/\/jornalfatosenoticias.com.br\/wp-content\/uploads\/2025\/05\/EU_portal.jpg\",\"caption\":\"Luzimara Fernandes\"},\"description\":\"Jornalista MTB 2358-ES\",\"sameAs\":[\"https:\/\/jornalfatosenoticias.com.br\"],\"url\":\"https:\/\/jornalfatosenoticias.com.br\/index.php\/author\/luzimara\/\"}]}<\/script>\n<!-- \/ Yoast SEO plugin. -->","yoast_head_json":{"title":"Congresso recebe ilumina\u00e7\u00e3o amarela em apoio ao combate \u00e0s hepatites - Jornal Fatos e Not\u00edcias","robots":{"index":"index","follow":"follow","max-snippet":"max-snippet:-1","max-image-preview":"max-image-preview:large","max-video-preview":"max-video-preview:-1"},"canonical":"https:\/\/jornalfatosenoticias.com.br\/index.php\/2021\/07\/21\/congresso-recebe-iluminacao-amarela-em-apoio-ao-combate-as-hepatites\/","og_locale":"pt_BR","og_type":"article","og_title":"Congresso recebe ilumina\u00e7\u00e3o amarela em apoio ao combate \u00e0s hepatites - Jornal Fatos e Not\u00edcias","og_description":"Julho Amarelo \u00e9 celebrado no Brasil desde 2019 A partir da noite de ontem (20), o Congresso Nacional ser\u00e1 iluminado com a cor amarela, em apoio ao Julho Amarelo, campanha nacional de combate \u00e0s hepatites virais. O engajamento do Congresso na campanha foi um pedido do Minist\u00e9rio da Sa\u00fade e dos deputados Alexandre Padilha (PT-SP) [&hellip;]","og_url":"https:\/\/jornalfatosenoticias.com.br\/index.php\/2021\/07\/21\/congresso-recebe-iluminacao-amarela-em-apoio-ao-combate-as-hepatites\/","og_site_name":"Jornal Fatos e Not\u00edcias","article_published_time":"2021-07-21T12:14:17+00:00","article_modified_time":"2021-07-21T12:14:18+00:00","og_image":[{"width":1000,"height":598,"url":"https:\/\/jornalfatosenoticias.com.br\/wp-content\/uploads\/2021\/07\/congresso_nacional_hepatites_virais.jpg","type":"image\/jpeg"}],"author":"Luzimara Fernandes","twitter_card":"summary_large_image","twitter_misc":{"Escrito por":"Luzimara Fernandes","Est. tempo de leitura":"1 minuto"},"schema":{"@context":"https:\/\/schema.org","@graph":[{"@type":"Article","@id":"https:\/\/jornalfatosenoticias.com.br\/index.php\/2021\/07\/21\/congresso-recebe-iluminacao-amarela-em-apoio-ao-combate-as-hepatites\/#article","isPartOf":{"@id":"https:\/\/jornalfatosenoticias.com.br\/index.php\/2021\/07\/21\/congresso-recebe-iluminacao-amarela-em-apoio-ao-combate-as-hepatites\/"},"author":{"name":"Luzimara Fernandes","@id":"https:\/\/jornalfatosenoticias.com.br\/#\/schema\/person\/d63837fa13ac8666eb9e74e0985d6f81"},"headline":"Congresso recebe ilumina\u00e7\u00e3o amarela em apoio ao combate \u00e0s hepatites","datePublished":"2021-07-21T12:14:17+00:00","dateModified":"2021-07-21T12:14:18+00:00","mainEntityOfPage":{"@id":"https:\/\/jornalfatosenoticias.com.br\/index.php\/2021\/07\/21\/congresso-recebe-iluminacao-amarela-em-apoio-ao-combate-as-hepatites\/"},"wordCount":257,"commentCount":0,"publisher":{"@id":"https:\/\/jornalfatosenoticias.com.br\/#organization"},"image":{"@id":"https:\/\/jornalfatosenoticias.com.br\/index.php\/2021\/07\/21\/congresso-recebe-iluminacao-amarela-em-apoio-ao-combate-as-hepatites\/#primaryimage"},"thumbnailUrl":"https:\/\/jornalfatosenoticias.com.br\/wp-content\/uploads\/2021\/07\/congresso_nacional_hepatites_virais.jpg","keywords":["Congresso Nacional","hepatites virais","Julho Amarelo","Minist\u00e9rio da Sa\u00fade","SUS"],"articleSection":["Pol\u00edtica","Sa\u00fade"],"inLanguage":"pt-BR","potentialAction":[{"@type":"CommentAction","name":"Comment","target":["https:\/\/jornalfatosenoticias.com.br\/index.php\/2021\/07\/21\/congresso-recebe-iluminacao-amarela-em-apoio-ao-combate-as-hepatites\/#respond"]}]},{"@type":"WebPage","@id":"https:\/\/jornalfatosenoticias.com.br\/index.php\/2021\/07\/21\/congresso-recebe-iluminacao-amarela-em-apoio-ao-combate-as-hepatites\/","url":"https:\/\/jornalfatosenoticias.com.br\/index.php\/2021\/07\/21\/congresso-recebe-iluminacao-amarela-em-apoio-ao-combate-as-hepatites\/","name":"Congresso recebe ilumina\u00e7\u00e3o amarela em apoio ao combate \u00e0s hepatites - Jornal Fatos e Not\u00edcias","isPartOf":{"@id":"https:\/\/jornalfatosenoticias.com.br\/#website"},"primaryImageOfPage":{"@id":"https:\/\/jornalfatosenoticias.com.br\/index.php\/2021\/07\/21\/congresso-recebe-iluminacao-amarela-em-apoio-ao-combate-as-hepatites\/#primaryimage"},"image":{"@id":"https:\/\/jornalfatosenoticias.com.br\/index.php\/2021\/07\/21\/congresso-recebe-iluminacao-amarela-em-apoio-ao-combate-as-hepatites\/#primaryimage"},"thumbnailUrl":"https:\/\/jornalfatosenoticias.com.br\/wp-content\/uploads\/2021\/07\/congresso_nacional_hepatites_virais.jpg","datePublished":"2021-07-21T12:14:17+00:00","dateModified":"2021-07-21T12:14:18+00:00","breadcrumb":{"@id":"https:\/\/jornalfatosenoticias.com.br\/index.php\/2021\/07\/21\/congresso-recebe-iluminacao-amarela-em-apoio-ao-combate-as-hepatites\/#breadcrumb"},"inLanguage":"pt-BR","potentialAction":[{"@type":"ReadAction","target":["https:\/\/jornalfatosenoticias.com.br\/index.php\/2021\/07\/21\/congresso-recebe-iluminacao-amarela-em-apoio-ao-combate-as-hepatites\/"]}]},{"@type":"ImageObject","inLanguage":"pt-BR","@id":"https:\/\/jornalfatosenoticias.com.br\/index.php\/2021\/07\/21\/congresso-recebe-iluminacao-amarela-em-apoio-ao-combate-as-hepatites\/#primaryimage","url":"https:\/\/jornalfatosenoticias.com.br\/wp-content\/uploads\/2021\/07\/congresso_nacional_hepatites_virais.jpg","contentUrl":"https:\/\/jornalfatosenoticias.com.br\/wp-content\/uploads\/2021\/07\/congresso_nacional_hepatites_virais.jpg","width":1000,"height":598},{"@type":"BreadcrumbList","@id":"https:\/\/jornalfatosenoticias.com.br\/index.php\/2021\/07\/21\/congresso-recebe-iluminacao-amarela-em-apoio-ao-combate-as-hepatites\/#breadcrumb","itemListElement":[{"@type":"ListItem","position":1,"name":"In\u00edcio","item":"https:\/\/jornalfatosenoticias.com.br\/"},{"@type":"ListItem","position":2,"name":"Congresso recebe ilumina\u00e7\u00e3o amarela em apoio ao combate \u00e0s hepatites"}]},{"@type":"WebSite","@id":"https:\/\/jornalfatosenoticias.com.br\/#website","url":"https:\/\/jornalfatosenoticias.com.br\/","name":"Jornal Fatos e Not\u00edcias","description":"Not\u00edcias em geral","publisher":{"@id":"https:\/\/jornalfatosenoticias.com.br\/#organization"},"potentialAction":[{"@type":"SearchAction","target":{"@type":"EntryPoint","urlTemplate":"https:\/\/jornalfatosenoticias.com.br\/?s={search_term_string}"},"query-input":{"@type":"PropertyValueSpecification","valueRequired":true,"valueName":"search_term_string"}}],"inLanguage":"pt-BR"},{"@type":"Organization","@id":"https:\/\/jornalfatosenoticias.com.br\/#organization","name":"Jornal Fatos e Not\u00edcias","url":"https:\/\/jornalfatosenoticias.com.br\/","logo":{"@type":"ImageObject","inLanguage":"pt-BR","@id":"https:\/\/jornalfatosenoticias.com.br\/#\/schema\/logo\/image\/","url":"https:\/\/jornalfatosenoticias.com.br\/wp-content\/uploads\/2020\/02\/logo120.png","contentUrl":"https:\/\/jornalfatosenoticias.com.br\/wp-content\/uploads\/2020\/02\/logo120.png","width":1227,"height":120,"caption":"Jornal Fatos e Not\u00edcias"},"image":{"@id":"https:\/\/jornalfatosenoticias.com.br\/#\/schema\/logo\/image\/"}},{"@type":"Person","@id":"https:\/\/jornalfatosenoticias.com.br\/#\/schema\/person\/d63837fa13ac8666eb9e74e0985d6f81","name":"Luzimara Fernandes","image":{"@type":"ImageObject","inLanguage":"pt-BR","@id":"https:\/\/jornalfatosenoticias.com.br\/#\/schema\/person\/image\/","url":"https:\/\/jornalfatosenoticias.com.br\/wp-content\/uploads\/2025\/05\/EU_portal.jpg","contentUrl":"https:\/\/jornalfatosenoticias.com.br\/wp-content\/uploads\/2025\/05\/EU_portal.jpg","caption":"Luzimara Fernandes"},"description":"Jornalista MTB 2358-ES","sameAs":["https:\/\/jornalfatosenoticias.com.br"],"url":"https:\/\/jornalfatosenoticias.com.br\/index.php\/author\/luzimara\/"}]}},"cc_featured_image_caption":{"caption_text":"(Foto: Jonas Pereira\/Ag\u00eancia Senado)","source_text":"","source_url":""},"jetpack_featured_media_url":"https:\/\/jornalfatosenoticias.com.br\/wp-content\/uploads\/2021\/07\/congresso_nacional_hepatites_virais.jpg","_links":{"self":[{"href":"https:\/\/jornalfatosenoticias.com.br\/index.php\/wp-json\/wp\/v2\/posts\/20883","targetHints":{"allow":["GET"]}}],"collection":[{"href":"https:\/\/jornalfatosenoticias.com.br\/index.php\/wp-json\/wp\/v2\/posts"}],"about":[{"href":"https:\/\/jornalfatosenoticias.com.br\/index.php\/wp-json\/wp\/v2\/types\/post"}],"author":[{"embeddable":true,"href":"https:\/\/jornalfatosenoticias.com.br\/index.php\/wp-json\/wp\/v2\/users\/2"}],"replies":[{"embeddable":true,"href":"https:\/\/jornalfatosenoticias.com.br\/index.php\/wp-json\/wp\/v2\/comments?post=20883"}],"version-history":[{"count":0,"href":"https:\/\/jornalfatosenoticias.com.br\/index.php\/wp-json\/wp\/v2\/posts\/20883\/revisions"}],"wp:featuredmedia":[{"embeddable":true,"href":"https:\/\/jornalfatosenoticias.com.br\/index.php\/wp-json\/wp\/v2\/media\/20884"}],"wp:attachment":[{"href":"https:\/\/jornalfatosenoticias.com.br\/index.php\/wp-json\/wp\/v2\/media?parent=20883"}],"wp:term":[{"taxonomy":"category","embeddable":true,"href":"https:\/\/jornalfatosenoticias.com.br\/index.php\/wp-json\/wp\/v2\/categories?post=20883"},{"taxonomy":"post_tag","embeddable":true,"href":"https:\/\/jornalfatosenoticias.com.br\/index.php\/wp-json\/wp\/v2\/tags?post=20883"}],"curies":[{"name":"wp","href":"https:\/\/api.w.org\/{rel}","templated":true}]}}