{"id":20933,"date":"2021-07-22T18:24:36","date_gmt":"2021-07-22T21:24:36","guid":{"rendered":"https:\/\/jornalfatosenoticias.com.br\/?p=20933"},"modified":"2021-07-22T18:24:41","modified_gmt":"2021-07-22T21:24:41","slug":"cpi-da-covid-19-mais-uma-falacia","status":"publish","type":"post","link":"https:\/\/jornalfatosenoticias.com.br\/index.php\/2021\/07\/22\/cpi-da-covid-19-mais-uma-falacia\/","title":{"rendered":"CPI da Covid-19. Mais uma fal\u00e1cia?"},"content":{"rendered":"\n<p><em><span class=\"has-inline-color has-black-color\">Inacreditavelmente, o mesmo parlamento que investiga supostos atrasos e pagamentos superfaturados do governo federal, ajudou a aprovar os R$ 5,7 bilh\u00f5es para o fundo eleitoral<\/span><\/em><\/p>\n\n\n\n<p>Que v\u00eam ocorrendo mortes durante esse per\u00edodo de pandemia, isso \u00e9 fato ineg\u00e1vel. Perder um ente querido n\u00e3o \u00e9 nada f\u00e1cil e n\u00e3o quero que me vejam como uma pessoa fria e insens\u00edvel ao lerem este texto. Afinal, sei muito bem o que \u00e9 perder algu\u00e9m da fam\u00edlia, n\u00e3o por covid, mas por outra enfermidade que ceifa vidas em todo mundo e a todo momento, o c\u00e2ncer.<br>A conjuntura pol\u00edtica atual nos faz pensar e repensar e, como profissional da comunica\u00e7\u00e3o, n\u00e3o posso deixar de manifestar-me diante do circo montado na esquina do Senado Federal chamado \u201cCPI da Covid-19\u201d. Idealizada pelo senador Randolfe Rodrigues (Rede-AP) para investigar a grave crise sanit\u00e1ria no Amazonas e, tamb\u00e9m, supostas omiss\u00f5es e irregularidades nas a\u00e7\u00f5es do governo federal.<br>O Amazonas, estado que teve como governador, no quadri\u00eanio 2015\/2018, o presidente da comiss\u00e3o senador Omar Aziz (PSD), guarda uma tradi\u00e7\u00e3o em desviar recursos p\u00fablicos. Aziz ainda deve respostas sobre como as autoridades n\u00e3o devem agir na sa\u00fade p\u00fablica. A esposa dele, a deputada Nejmi Aziz (PSD), e os irm\u00e3os do senador j\u00e1 foram presos, em 2019, por acusa\u00e7\u00e3o de desvio de verbas p\u00fablicas da sa\u00fade na maior opera\u00e7\u00e3o da hist\u00f3ria da Pol\u00edcia Federal (PF) no estado amazonense. Organiza\u00e7\u00f5es da sociedade civil avaliam que ter o senador Aziz na presid\u00eancia da CPI \u00e9, no m\u00ednimo, amoral.<\/p>\n\n\n\n<figure class=\"wp-block-image size-large is-style-default\"><img loading=\"lazy\" decoding=\"async\" width=\"1000\" height=\"666\" src=\"https:\/\/jornalfatosenoticias.com.br\/wp-content\/uploads\/2021\/07\/omar-aziz_familia.jpeg\" alt=\"\" class=\"wp-image-20934\" srcset=\"https:\/\/jornalfatosenoticias.com.br\/wp-content\/uploads\/2021\/07\/omar-aziz_familia.jpeg 1000w, https:\/\/jornalfatosenoticias.com.br\/wp-content\/uploads\/2021\/07\/omar-aziz_familia-300x200.jpeg 300w, https:\/\/jornalfatosenoticias.com.br\/wp-content\/uploads\/2021\/07\/omar-aziz_familia-768x511.jpeg 768w\" sizes=\"auto, (max-width: 1000px) 100vw, 1000px\" \/><figcaption><em><span class=\"has-inline-color has-black-color\">Fam\u00edlia Aziz, na fotografia acima, Nejmi e Omar Aziz, e o casal Jos\u00e9 e Edilene Melo, que foi preso na Opera\u00e7\u00e3o Maus Caminhos (Foto: Secom AM)<\/span><\/em><\/figcaption><\/figure>\n\n\n\n<p>N\u00e3o causa surpresa que, uma vez indicado para presidir a CPI da Pandemia, Omar Aziz tenha dito em entrevista no dia 16 de abril: \u201cN\u00e3o tem governo, seja de direita, centro ou esquerda, que n\u00e3o tenha cometido equ\u00edvocos nessa pandemia\u201d.<br>Em 2016, o Minist\u00e9rio P\u00fablico Federal (MPF) e a PF no Amazonas iniciaram a Opera\u00e7\u00e3o Maus Caminhos, que se desdobrou nas opera\u00e7\u00f5es Custo Pol\u00edtico, Estado de Emerg\u00eancia, Cashback, Vertex e Emin\u00eancia Parda, que se estenderam at\u00e9 os dias atuais. Naquele ano, quando Aziz j\u00e1 ocupava uma das vagas no Senado Federal e dois anos ap\u00f3s renunciar ao governo do Amazonas, investigadores da Maus Caminhos descobriram desvios milion\u00e1rios na sa\u00fade estadual.<br>Em entrevista ao site Brasil de Fato, o presidente do Sindicato dos M\u00e9dicos do Amazonas, m\u00e9dico M\u00e1rio Viana, sem citar diretamente o nome do senador Omar Aziz, afirma que a CPI da Pandemia est\u00e1 contaminada desde a origem. \u201cA gente j\u00e1 v\u00ea que as escolhas s\u00e3o sim parciais e n\u00e3o imparciais. Ent\u00e3o, infelizmente, como m\u00e9dico e cidad\u00e3o, n\u00e3o espero muito dessa CPI. Eles [os senadores] t\u00eam as responsabilidades; infelizmente isso \u00e9 o retrato do Pa\u00eds. A gente perde a oportunidade de ver uma investiga\u00e7\u00e3o profunda que pudesse realmente apontar os desvios de recursos que, com certeza, foram cometidos em nome da pandemia e do claro sacrif\u00edcio de vidas de v\u00e1rios brasileiros e de pais e m\u00e3es de fam\u00edlia que deixaram \u00f3rf\u00e3os, desestruturando as fam\u00edlias e a popula\u00e7\u00e3o brasileira\u201d, disse Viana.<\/p>\n\n\n\n<figure class=\"wp-block-image size-large is-style-default\"><img loading=\"lazy\" decoding=\"async\" width=\"1000\" height=\"607\" src=\"https:\/\/jornalfatosenoticias.com.br\/wp-content\/uploads\/2021\/07\/Amazonas-432.jpg\" alt=\"\" class=\"wp-image-20935\" srcset=\"https:\/\/jornalfatosenoticias.com.br\/wp-content\/uploads\/2021\/07\/Amazonas-432.jpg 1000w, https:\/\/jornalfatosenoticias.com.br\/wp-content\/uploads\/2021\/07\/Amazonas-432-300x182.jpg 300w, https:\/\/jornalfatosenoticias.com.br\/wp-content\/uploads\/2021\/07\/Amazonas-432-768x466.jpg 768w\" sizes=\"auto, (max-width: 1000px) 100vw, 1000px\" \/><figcaption><em><span class=\"has-inline-color has-black-color\">Governo do Amazonas suspeito de corrup\u00e7\u00e3o durante a pandemia (Foto: Michael Dantas\/AFP)<\/span><\/em><\/figcaption><\/figure>\n\n\n\n<p>Se a finalidade de uma Comiss\u00e3o Parlamentar de Inqu\u00e9rito \u00e9 apurar, me fa\u00e7o a seguinte pergunta: por que governadores e prefeitos ainda n\u00e3o foram convidados ou convocados a sentarem na cadeira dos depoentes? Acreditando em narrativas muito mais comprometedoras e relevantes para a comiss\u00e3o e \u00e0 sociedade, precisamos saber, tamb\u00e9m, o destino dos bilh\u00f5es de reais repassados pelo governo federal aos Estados e Munic\u00edpios. Talvez, com essa estrat\u00e9gia, a CPI chegaria mais r\u00e1pido aos respons\u00e1veis pelos milhares de \u00f3bitos, do que simplesmente disparar a metralhadora em um \u00fanico alvo, o presidente Jair Bolsonaro\u2026 Seria o efeito das elei\u00e7\u00f5es de 2022?<br>Querer atribuir ao governo federal a falta de hospitais, de rem\u00e9dios e de m\u00e9dicos e, consequentemente, das mortes noticiadas, visto que muitas, confirmadamente, foram colocadas na conta do coronav\u00edrus pelos governadores, \u00e9 briga de vira-latas por um peda\u00e7o de fil\u00e9 mignon, chamado poder, concordam comigo? Esse discurso de genoc\u00eddio \u00e9 muito raso, uma vez que o cerne da quest\u00e3o \u00e9 mais profundo. A discuss\u00e3o m\u00ednima que deveria haver \u00e9 por que ao inv\u00e9s de investir em escolas e hospitais padr\u00f5es Fifa, foram investidas vultosas somas de reais em est\u00e1dios, muitos dos quais n\u00e3o passam de elefantes brancos hoje.<br>Para ser ter uma ideia, somente de 2014 a 2016 \u2014 era do governo petista \u2014 optou-se por sediar dois eventos de magnitude mundial, a Copa do Mundo que nos custou nada mais nada menos do que R$ 25,5 bilh\u00f5es e a XXXI Olimp\u00edada, que aconteceu no Rio de Janeiro, com o custo estimado em R$ 38,7 bilh\u00f5es. <\/p>\n\n\n\n<figure class=\"wp-block-image size-large is-style-default\"><img loading=\"lazy\" decoding=\"async\" width=\"1000\" height=\"560\" src=\"https:\/\/jornalfatosenoticias.com.br\/wp-content\/uploads\/2021\/07\/fundo-eleitoral.jpg\" alt=\"\" class=\"wp-image-20936\" srcset=\"https:\/\/jornalfatosenoticias.com.br\/wp-content\/uploads\/2021\/07\/fundo-eleitoral.jpg 1000w, https:\/\/jornalfatosenoticias.com.br\/wp-content\/uploads\/2021\/07\/fundo-eleitoral-300x168.jpg 300w, https:\/\/jornalfatosenoticias.com.br\/wp-content\/uploads\/2021\/07\/fundo-eleitoral-768x430.jpg 768w\" sizes=\"auto, (max-width: 1000px) 100vw, 1000px\" \/><figcaption><em><span class=\"has-inline-color has-black-color\">O fundo eleitoral \u00e9 um \u201cfundo p\u00fablico destinado ao financiamento das campanhas eleitorais dos candidatos\u201d, segundo defini\u00e7\u00e3o do TSE (Foto: Pinterest\/Divulga\u00e7\u00e3o)<\/span><\/em><\/figcaption><\/figure>\n\n\n\n<p>Perceberam para onde nossos hospitais, rem\u00e9dios, m\u00e9dicos e equipamentos, que deveriam estar atendendo \u00e0 popula\u00e7\u00e3o nos dias de hoje foram parar?<br>Quanto ao futuro, bom, o futuro ser\u00e1 fruto do que fizermos hoje e um dos deveres de casa s\u00e3o as necess\u00e1rias reformas estruturantes na administra\u00e7\u00e3o p\u00fablica, na Justi\u00e7a e na tribut\u00e1ria. Na administrativa, aprimorar e reduzir custos, a m\u00e1quina est\u00e1 enferrujada e, consequentemente, emperrada; na jur\u00eddica, que hoje tem um estoque de quase 80 milh\u00f5es de processos judiciais, resultando em hist\u00f3rica inseguran\u00e7a jur\u00eddica e descren\u00e7a no Poder Judici\u00e1rio e, por \u00faltimo, a tribut\u00e1ria que, segundo o Banco Mundial, sobre ambiente de neg\u00f3cios, o Pa\u00eds ocupa a posi\u00e7\u00e3o 184 entre 190 pa\u00edses no quesito \u201cpagamento de impostos\u201d, que \u00e9 de 33%. Nossas empresas gastam, em m\u00e9dia, 1.501 horas por ano para pagar todos os impostos, contra 256 horas na Col\u00f4mbia e 139 horas na Fran\u00e7a.<br>N\u00e3o sou de polarizar minhas opini\u00f5es, mas luto incessantemente, como a maioria da popula\u00e7\u00e3o, por uma pol\u00edtica que deveria revelar senso de justi\u00e7a, imparcialidade, isen\u00e7\u00e3o e neutralidade. Que punam os verdadeiros culpados, eu disse, os verdadeiros culpados, dos mais de 500 mil \u00f3bitos!<\/p>\n\n\n\n<blockquote class=\"wp-block-quote is-layout-flow wp-block-quote-is-layout-flow\"><p><span class=\"has-inline-color has-luminous-vivid-orange-color\">\u201cMas mudando de pau para cavaco, inacreditavelmente, o mesmo parlamento que investiga supostos atrasos e pagamentos superfaturados do governo federal, ajudou a aprovar os R$ 5,7 bilh\u00f5es para o fundo eleitoral\u2026 Teta farta para os partidos, voc\u00ea n\u00e3o acha?\u201d.<\/span><\/p><\/blockquote>\n","protected":false},"excerpt":{"rendered":"<p>Inacreditavelmente, o mesmo parlamento que investiga supostos atrasos e pagamentos superfaturados do governo federal, ajudou a aprovar os R$ 5,7 bilh\u00f5es para o fundo eleitoral Que v\u00eam ocorrendo mortes durante esse per\u00edodo de pandemia, isso \u00e9 fato ineg\u00e1vel. Perder um ente querido n\u00e3o \u00e9 nada f\u00e1cil e n\u00e3o quero que me vejam como uma pessoa [&hellip;]<\/p>\n","protected":false},"author":3,"featured_media":20937,"comment_status":"open","ping_status":"open","sticky":false,"template":"","format":"standard","meta":{"footnotes":""},"categories":[10],"tags":[10242,9161,10240,10241,10238,8258,10239],"class_list":["post-20933","post","type-post","status-publish","format-standard","has-post-thumbnail","hentry","category-politica","tag-corrupcao-sistemica","tag-cpi-da-covid","tag-hipocrisia","tag-improbidade-administrativa","tag-omar-aziz","tag-randolfe-rodrigues","tag-renan-calheiros"],"yoast_head":"<!-- This site is optimized with the Yoast SEO plugin v26.5 - https:\/\/yoast.com\/wordpress\/plugins\/seo\/ -->\n<title>CPI da Covid-19. Mais uma fal\u00e1cia? - Jornal Fatos e Not\u00edcias<\/title>\n<meta name=\"robots\" content=\"index, follow, max-snippet:-1, max-image-preview:large, max-video-preview:-1\" \/>\n<link rel=\"canonical\" href=\"https:\/\/jornalfatosenoticias.com.br\/index.php\/2021\/07\/22\/cpi-da-covid-19-mais-uma-falacia\/\" \/>\n<meta property=\"og:locale\" content=\"pt_BR\" \/>\n<meta property=\"og:type\" content=\"article\" \/>\n<meta property=\"og:title\" content=\"CPI da Covid-19. Mais uma fal\u00e1cia? - Jornal Fatos e Not\u00edcias\" \/>\n<meta property=\"og:description\" content=\"Inacreditavelmente, o mesmo parlamento que investiga supostos atrasos e pagamentos superfaturados do governo federal, ajudou a aprovar os R$ 5,7 bilh\u00f5es para o fundo eleitoral Que v\u00eam ocorrendo mortes durante esse per\u00edodo de pandemia, isso \u00e9 fato ineg\u00e1vel. Perder um ente querido n\u00e3o \u00e9 nada f\u00e1cil e n\u00e3o quero que me vejam como uma pessoa [&hellip;]\" \/>\n<meta property=\"og:url\" content=\"https:\/\/jornalfatosenoticias.com.br\/index.php\/2021\/07\/22\/cpi-da-covid-19-mais-uma-falacia\/\" \/>\n<meta property=\"og:site_name\" content=\"Jornal Fatos e Not\u00edcias\" \/>\n<meta property=\"article:published_time\" content=\"2021-07-22T21:24:36+00:00\" \/>\n<meta property=\"article:modified_time\" content=\"2021-07-22T21:24:41+00:00\" \/>\n<meta property=\"og:image\" content=\"https:\/\/jornalfatosenoticias.com.br\/wp-content\/uploads\/2021\/07\/Covid-19-432.jpg\" \/>\n\t<meta property=\"og:image:width\" content=\"1000\" \/>\n\t<meta property=\"og:image:height\" content=\"562\" \/>\n\t<meta property=\"og:image:type\" content=\"image\/jpeg\" \/>\n<meta name=\"author\" content=\"Haroldo Filho\" \/>\n<meta name=\"twitter:card\" content=\"summary_large_image\" \/>\n<meta name=\"twitter:label1\" content=\"Escrito por\" \/>\n\t<meta name=\"twitter:data1\" content=\"Haroldo Filho\" \/>\n\t<meta name=\"twitter:label2\" content=\"Est. tempo de leitura\" \/>\n\t<meta name=\"twitter:data2\" content=\"6 minutos\" \/>\n<script type=\"application\/ld+json\" class=\"yoast-schema-graph\">{\"@context\":\"https:\/\/schema.org\",\"@graph\":[{\"@type\":\"Article\",\"@id\":\"https:\/\/jornalfatosenoticias.com.br\/index.php\/2021\/07\/22\/cpi-da-covid-19-mais-uma-falacia\/#article\",\"isPartOf\":{\"@id\":\"https:\/\/jornalfatosenoticias.com.br\/index.php\/2021\/07\/22\/cpi-da-covid-19-mais-uma-falacia\/\"},\"author\":{\"name\":\"Haroldo Filho\",\"@id\":\"https:\/\/jornalfatosenoticias.com.br\/#\/schema\/person\/05c46cc25b42a5c27e004fb0fa6b4965\"},\"headline\":\"CPI da Covid-19. Mais uma fal\u00e1cia?\",\"datePublished\":\"2021-07-22T21:24:36+00:00\",\"dateModified\":\"2021-07-22T21:24:41+00:00\",\"mainEntityOfPage\":{\"@id\":\"https:\/\/jornalfatosenoticias.com.br\/index.php\/2021\/07\/22\/cpi-da-covid-19-mais-uma-falacia\/\"},\"wordCount\":1136,\"commentCount\":0,\"publisher\":{\"@id\":\"https:\/\/jornalfatosenoticias.com.br\/#organization\"},\"image\":{\"@id\":\"https:\/\/jornalfatosenoticias.com.br\/index.php\/2021\/07\/22\/cpi-da-covid-19-mais-uma-falacia\/#primaryimage\"},\"thumbnailUrl\":\"https:\/\/jornalfatosenoticias.com.br\/wp-content\/uploads\/2021\/07\/Covid-19-432.jpg\",\"keywords\":[\"corrup\u00e7\u00e3o sist\u00eamica\",\"CPI da Covid\",\"hipocrisia\",\"improbidade administrativa\",\"Omar Aziz\",\"Randolfe Rodrigues\",\"Renan Calheiros\"],\"articleSection\":[\"Pol\u00edtica\"],\"inLanguage\":\"pt-BR\",\"potentialAction\":[{\"@type\":\"CommentAction\",\"name\":\"Comment\",\"target\":[\"https:\/\/jornalfatosenoticias.com.br\/index.php\/2021\/07\/22\/cpi-da-covid-19-mais-uma-falacia\/#respond\"]}]},{\"@type\":\"WebPage\",\"@id\":\"https:\/\/jornalfatosenoticias.com.br\/index.php\/2021\/07\/22\/cpi-da-covid-19-mais-uma-falacia\/\",\"url\":\"https:\/\/jornalfatosenoticias.com.br\/index.php\/2021\/07\/22\/cpi-da-covid-19-mais-uma-falacia\/\",\"name\":\"CPI da Covid-19. Mais uma fal\u00e1cia? - Jornal Fatos e Not\u00edcias\",\"isPartOf\":{\"@id\":\"https:\/\/jornalfatosenoticias.com.br\/#website\"},\"primaryImageOfPage\":{\"@id\":\"https:\/\/jornalfatosenoticias.com.br\/index.php\/2021\/07\/22\/cpi-da-covid-19-mais-uma-falacia\/#primaryimage\"},\"image\":{\"@id\":\"https:\/\/jornalfatosenoticias.com.br\/index.php\/2021\/07\/22\/cpi-da-covid-19-mais-uma-falacia\/#primaryimage\"},\"thumbnailUrl\":\"https:\/\/jornalfatosenoticias.com.br\/wp-content\/uploads\/2021\/07\/Covid-19-432.jpg\",\"datePublished\":\"2021-07-22T21:24:36+00:00\",\"dateModified\":\"2021-07-22T21:24:41+00:00\",\"breadcrumb\":{\"@id\":\"https:\/\/jornalfatosenoticias.com.br\/index.php\/2021\/07\/22\/cpi-da-covid-19-mais-uma-falacia\/#breadcrumb\"},\"inLanguage\":\"pt-BR\",\"potentialAction\":[{\"@type\":\"ReadAction\",\"target\":[\"https:\/\/jornalfatosenoticias.com.br\/index.php\/2021\/07\/22\/cpi-da-covid-19-mais-uma-falacia\/\"]}]},{\"@type\":\"ImageObject\",\"inLanguage\":\"pt-BR\",\"@id\":\"https:\/\/jornalfatosenoticias.com.br\/index.php\/2021\/07\/22\/cpi-da-covid-19-mais-uma-falacia\/#primaryimage\",\"url\":\"https:\/\/jornalfatosenoticias.com.br\/wp-content\/uploads\/2021\/07\/Covid-19-432.jpg\",\"contentUrl\":\"https:\/\/jornalfatosenoticias.com.br\/wp-content\/uploads\/2021\/07\/Covid-19-432.jpg\",\"width\":1000,\"height\":562},{\"@type\":\"BreadcrumbList\",\"@id\":\"https:\/\/jornalfatosenoticias.com.br\/index.php\/2021\/07\/22\/cpi-da-covid-19-mais-uma-falacia\/#breadcrumb\",\"itemListElement\":[{\"@type\":\"ListItem\",\"position\":1,\"name\":\"In\u00edcio\",\"item\":\"https:\/\/jornalfatosenoticias.com.br\/\"},{\"@type\":\"ListItem\",\"position\":2,\"name\":\"CPI da Covid-19. Mais uma fal\u00e1cia?\"}]},{\"@type\":\"WebSite\",\"@id\":\"https:\/\/jornalfatosenoticias.com.br\/#website\",\"url\":\"https:\/\/jornalfatosenoticias.com.br\/\",\"name\":\"Jornal Fatos e Not\u00edcias\",\"description\":\"Not\u00edcias em geral\",\"publisher\":{\"@id\":\"https:\/\/jornalfatosenoticias.com.br\/#organization\"},\"potentialAction\":[{\"@type\":\"SearchAction\",\"target\":{\"@type\":\"EntryPoint\",\"urlTemplate\":\"https:\/\/jornalfatosenoticias.com.br\/?s={search_term_string}\"},\"query-input\":{\"@type\":\"PropertyValueSpecification\",\"valueRequired\":true,\"valueName\":\"search_term_string\"}}],\"inLanguage\":\"pt-BR\"},{\"@type\":\"Organization\",\"@id\":\"https:\/\/jornalfatosenoticias.com.br\/#organization\",\"name\":\"Jornal Fatos e Not\u00edcias\",\"url\":\"https:\/\/jornalfatosenoticias.com.br\/\",\"logo\":{\"@type\":\"ImageObject\",\"inLanguage\":\"pt-BR\",\"@id\":\"https:\/\/jornalfatosenoticias.com.br\/#\/schema\/logo\/image\/\",\"url\":\"https:\/\/jornalfatosenoticias.com.br\/wp-content\/uploads\/2020\/02\/logo120.png\",\"contentUrl\":\"https:\/\/jornalfatosenoticias.com.br\/wp-content\/uploads\/2020\/02\/logo120.png\",\"width\":1227,\"height\":120,\"caption\":\"Jornal Fatos e Not\u00edcias\"},\"image\":{\"@id\":\"https:\/\/jornalfatosenoticias.com.br\/#\/schema\/logo\/image\/\"}},{\"@type\":\"Person\",\"@id\":\"https:\/\/jornalfatosenoticias.com.br\/#\/schema\/person\/05c46cc25b42a5c27e004fb0fa6b4965\",\"name\":\"Haroldo Filho\",\"image\":{\"@type\":\"ImageObject\",\"inLanguage\":\"pt-BR\",\"@id\":\"https:\/\/jornalfatosenoticias.com.br\/#\/schema\/person\/image\/\",\"url\":\"https:\/\/jornalfatosenoticias.com.br\/wp-content\/uploads\/2025\/08\/WhatsApp-Image-2025-08-18-at-15.30.28-150x150.jpeg\",\"contentUrl\":\"https:\/\/jornalfatosenoticias.com.br\/wp-content\/uploads\/2025\/08\/WhatsApp-Image-2025-08-18-at-15.30.28-150x150.jpeg\",\"caption\":\"Haroldo Filho\"},\"description\":\"Jornalista \u2013 DRT: 0003818\/ES Coordenador-geral da ONG Educar para Crescer\",\"url\":\"https:\/\/jornalfatosenoticias.com.br\/index.php\/author\/haroldo\/\"}]}<\/script>\n<!-- \/ Yoast SEO plugin. -->","yoast_head_json":{"title":"CPI da Covid-19. Mais uma fal\u00e1cia? - Jornal Fatos e Not\u00edcias","robots":{"index":"index","follow":"follow","max-snippet":"max-snippet:-1","max-image-preview":"max-image-preview:large","max-video-preview":"max-video-preview:-1"},"canonical":"https:\/\/jornalfatosenoticias.com.br\/index.php\/2021\/07\/22\/cpi-da-covid-19-mais-uma-falacia\/","og_locale":"pt_BR","og_type":"article","og_title":"CPI da Covid-19. Mais uma fal\u00e1cia? - Jornal Fatos e Not\u00edcias","og_description":"Inacreditavelmente, o mesmo parlamento que investiga supostos atrasos e pagamentos superfaturados do governo federal, ajudou a aprovar os R$ 5,7 bilh\u00f5es para o fundo eleitoral Que v\u00eam ocorrendo mortes durante esse per\u00edodo de pandemia, isso \u00e9 fato ineg\u00e1vel. Perder um ente querido n\u00e3o \u00e9 nada f\u00e1cil e n\u00e3o quero que me vejam como uma pessoa [&hellip;]","og_url":"https:\/\/jornalfatosenoticias.com.br\/index.php\/2021\/07\/22\/cpi-da-covid-19-mais-uma-falacia\/","og_site_name":"Jornal Fatos e Not\u00edcias","article_published_time":"2021-07-22T21:24:36+00:00","article_modified_time":"2021-07-22T21:24:41+00:00","og_image":[{"width":1000,"height":562,"url":"https:\/\/jornalfatosenoticias.com.br\/wp-content\/uploads\/2021\/07\/Covid-19-432.jpg","type":"image\/jpeg"}],"author":"Haroldo Filho","twitter_card":"summary_large_image","twitter_misc":{"Escrito por":"Haroldo Filho","Est. tempo de leitura":"6 minutos"},"schema":{"@context":"https:\/\/schema.org","@graph":[{"@type":"Article","@id":"https:\/\/jornalfatosenoticias.com.br\/index.php\/2021\/07\/22\/cpi-da-covid-19-mais-uma-falacia\/#article","isPartOf":{"@id":"https:\/\/jornalfatosenoticias.com.br\/index.php\/2021\/07\/22\/cpi-da-covid-19-mais-uma-falacia\/"},"author":{"name":"Haroldo Filho","@id":"https:\/\/jornalfatosenoticias.com.br\/#\/schema\/person\/05c46cc25b42a5c27e004fb0fa6b4965"},"headline":"CPI da Covid-19. Mais uma fal\u00e1cia?","datePublished":"2021-07-22T21:24:36+00:00","dateModified":"2021-07-22T21:24:41+00:00","mainEntityOfPage":{"@id":"https:\/\/jornalfatosenoticias.com.br\/index.php\/2021\/07\/22\/cpi-da-covid-19-mais-uma-falacia\/"},"wordCount":1136,"commentCount":0,"publisher":{"@id":"https:\/\/jornalfatosenoticias.com.br\/#organization"},"image":{"@id":"https:\/\/jornalfatosenoticias.com.br\/index.php\/2021\/07\/22\/cpi-da-covid-19-mais-uma-falacia\/#primaryimage"},"thumbnailUrl":"https:\/\/jornalfatosenoticias.com.br\/wp-content\/uploads\/2021\/07\/Covid-19-432.jpg","keywords":["corrup\u00e7\u00e3o sist\u00eamica","CPI da Covid","hipocrisia","improbidade administrativa","Omar Aziz","Randolfe Rodrigues","Renan Calheiros"],"articleSection":["Pol\u00edtica"],"inLanguage":"pt-BR","potentialAction":[{"@type":"CommentAction","name":"Comment","target":["https:\/\/jornalfatosenoticias.com.br\/index.php\/2021\/07\/22\/cpi-da-covid-19-mais-uma-falacia\/#respond"]}]},{"@type":"WebPage","@id":"https:\/\/jornalfatosenoticias.com.br\/index.php\/2021\/07\/22\/cpi-da-covid-19-mais-uma-falacia\/","url":"https:\/\/jornalfatosenoticias.com.br\/index.php\/2021\/07\/22\/cpi-da-covid-19-mais-uma-falacia\/","name":"CPI da Covid-19. Mais uma fal\u00e1cia? - Jornal Fatos e Not\u00edcias","isPartOf":{"@id":"https:\/\/jornalfatosenoticias.com.br\/#website"},"primaryImageOfPage":{"@id":"https:\/\/jornalfatosenoticias.com.br\/index.php\/2021\/07\/22\/cpi-da-covid-19-mais-uma-falacia\/#primaryimage"},"image":{"@id":"https:\/\/jornalfatosenoticias.com.br\/index.php\/2021\/07\/22\/cpi-da-covid-19-mais-uma-falacia\/#primaryimage"},"thumbnailUrl":"https:\/\/jornalfatosenoticias.com.br\/wp-content\/uploads\/2021\/07\/Covid-19-432.jpg","datePublished":"2021-07-22T21:24:36+00:00","dateModified":"2021-07-22T21:24:41+00:00","breadcrumb":{"@id":"https:\/\/jornalfatosenoticias.com.br\/index.php\/2021\/07\/22\/cpi-da-covid-19-mais-uma-falacia\/#breadcrumb"},"inLanguage":"pt-BR","potentialAction":[{"@type":"ReadAction","target":["https:\/\/jornalfatosenoticias.com.br\/index.php\/2021\/07\/22\/cpi-da-covid-19-mais-uma-falacia\/"]}]},{"@type":"ImageObject","inLanguage":"pt-BR","@id":"https:\/\/jornalfatosenoticias.com.br\/index.php\/2021\/07\/22\/cpi-da-covid-19-mais-uma-falacia\/#primaryimage","url":"https:\/\/jornalfatosenoticias.com.br\/wp-content\/uploads\/2021\/07\/Covid-19-432.jpg","contentUrl":"https:\/\/jornalfatosenoticias.com.br\/wp-content\/uploads\/2021\/07\/Covid-19-432.jpg","width":1000,"height":562},{"@type":"BreadcrumbList","@id":"https:\/\/jornalfatosenoticias.com.br\/index.php\/2021\/07\/22\/cpi-da-covid-19-mais-uma-falacia\/#breadcrumb","itemListElement":[{"@type":"ListItem","position":1,"name":"In\u00edcio","item":"https:\/\/jornalfatosenoticias.com.br\/"},{"@type":"ListItem","position":2,"name":"CPI da Covid-19. Mais uma fal\u00e1cia?"}]},{"@type":"WebSite","@id":"https:\/\/jornalfatosenoticias.com.br\/#website","url":"https:\/\/jornalfatosenoticias.com.br\/","name":"Jornal Fatos e Not\u00edcias","description":"Not\u00edcias em geral","publisher":{"@id":"https:\/\/jornalfatosenoticias.com.br\/#organization"},"potentialAction":[{"@type":"SearchAction","target":{"@type":"EntryPoint","urlTemplate":"https:\/\/jornalfatosenoticias.com.br\/?s={search_term_string}"},"query-input":{"@type":"PropertyValueSpecification","valueRequired":true,"valueName":"search_term_string"}}],"inLanguage":"pt-BR"},{"@type":"Organization","@id":"https:\/\/jornalfatosenoticias.com.br\/#organization","name":"Jornal Fatos e Not\u00edcias","url":"https:\/\/jornalfatosenoticias.com.br\/","logo":{"@type":"ImageObject","inLanguage":"pt-BR","@id":"https:\/\/jornalfatosenoticias.com.br\/#\/schema\/logo\/image\/","url":"https:\/\/jornalfatosenoticias.com.br\/wp-content\/uploads\/2020\/02\/logo120.png","contentUrl":"https:\/\/jornalfatosenoticias.com.br\/wp-content\/uploads\/2020\/02\/logo120.png","width":1227,"height":120,"caption":"Jornal Fatos e Not\u00edcias"},"image":{"@id":"https:\/\/jornalfatosenoticias.com.br\/#\/schema\/logo\/image\/"}},{"@type":"Person","@id":"https:\/\/jornalfatosenoticias.com.br\/#\/schema\/person\/05c46cc25b42a5c27e004fb0fa6b4965","name":"Haroldo Filho","image":{"@type":"ImageObject","inLanguage":"pt-BR","@id":"https:\/\/jornalfatosenoticias.com.br\/#\/schema\/person\/image\/","url":"https:\/\/jornalfatosenoticias.com.br\/wp-content\/uploads\/2025\/08\/WhatsApp-Image-2025-08-18-at-15.30.28-150x150.jpeg","contentUrl":"https:\/\/jornalfatosenoticias.com.br\/wp-content\/uploads\/2025\/08\/WhatsApp-Image-2025-08-18-at-15.30.28-150x150.jpeg","caption":"Haroldo Filho"},"description":"Jornalista \u2013 DRT: 0003818\/ES Coordenador-geral da ONG Educar para Crescer","url":"https:\/\/jornalfatosenoticias.com.br\/index.php\/author\/haroldo\/"}]}},"cc_featured_image_caption":{"caption_text":"CPI da Covid (Foto: Ag\u00eancia Senado)","source_text":"","source_url":""},"jetpack_featured_media_url":"https:\/\/jornalfatosenoticias.com.br\/wp-content\/uploads\/2021\/07\/Covid-19-432.jpg","_links":{"self":[{"href":"https:\/\/jornalfatosenoticias.com.br\/index.php\/wp-json\/wp\/v2\/posts\/20933","targetHints":{"allow":["GET"]}}],"collection":[{"href":"https:\/\/jornalfatosenoticias.com.br\/index.php\/wp-json\/wp\/v2\/posts"}],"about":[{"href":"https:\/\/jornalfatosenoticias.com.br\/index.php\/wp-json\/wp\/v2\/types\/post"}],"author":[{"embeddable":true,"href":"https:\/\/jornalfatosenoticias.com.br\/index.php\/wp-json\/wp\/v2\/users\/3"}],"replies":[{"embeddable":true,"href":"https:\/\/jornalfatosenoticias.com.br\/index.php\/wp-json\/wp\/v2\/comments?post=20933"}],"version-history":[{"count":0,"href":"https:\/\/jornalfatosenoticias.com.br\/index.php\/wp-json\/wp\/v2\/posts\/20933\/revisions"}],"wp:featuredmedia":[{"embeddable":true,"href":"https:\/\/jornalfatosenoticias.com.br\/index.php\/wp-json\/wp\/v2\/media\/20937"}],"wp:attachment":[{"href":"https:\/\/jornalfatosenoticias.com.br\/index.php\/wp-json\/wp\/v2\/media?parent=20933"}],"wp:term":[{"taxonomy":"category","embeddable":true,"href":"https:\/\/jornalfatosenoticias.com.br\/index.php\/wp-json\/wp\/v2\/categories?post=20933"},{"taxonomy":"post_tag","embeddable":true,"href":"https:\/\/jornalfatosenoticias.com.br\/index.php\/wp-json\/wp\/v2\/tags?post=20933"}],"curies":[{"name":"wp","href":"https:\/\/api.w.org\/{rel}","templated":true}]}}