{"id":20961,"date":"2021-07-22T19:01:10","date_gmt":"2021-07-22T22:01:10","guid":{"rendered":"https:\/\/jornalfatosenoticias.com.br\/?p=20961"},"modified":"2021-07-22T19:01:11","modified_gmt":"2021-07-22T22:01:11","slug":"aquecimento-global-esta-fazendo-filhotes-de-falcao-cometerem-suicidio","status":"publish","type":"post","link":"https:\/\/jornalfatosenoticias.com.br\/index.php\/2021\/07\/22\/aquecimento-global-esta-fazendo-filhotes-de-falcao-cometerem-suicidio\/","title":{"rendered":"Aquecimento global est\u00e1 fazendo filhotes de falc\u00e3o \u201ccometerem suic\u00eddio\u201d"},"content":{"rendered":"\n<p>Mais uma para a conta do aquecimento global: por toda a regi\u00e3o que contempla o Oregon e a Calif\u00f3rnia, nos EUA, filhotes de falc\u00e3o est\u00e3o pulando de seus ninhos antes de aprenderem a voar, no intuito de escaparem do <a href=\"https:\/\/olhardigital.com.br\/2021\/07\/09\/ciencia-e-espaco\/onda-de-calor-nos-eua-e-declarada-como-evento-de-vitimas-em-massa\/\">calor intenso<\/a>, de acordo com diversos\u00a0<a href=\"https:\/\/olhardigital.com.br\/tag\/cientistas\/\">cientistas<\/a> e especialistas em conserva\u00e7\u00e3o animal.<br>O problema n\u00e3o \u00e9 exclusivo dos falc\u00f5es, embora pare\u00e7a ser a esp\u00e9cie mais reincidente \u2014 em um volume que vem deixando entidades de conserva\u00e7\u00e3o preocupadas. Uma delas, falando ao Washington Post, disse que registrou \u201ctr\u00eas meses de p\u00e1ssaros em tr\u00eas dias\u201d, referindo-se \u00e0 quantidade de animais mortos pela queda ou que tiveram que passar por eutan\u00e1sia por causa dela.<br>A regi\u00e3o citada vem sendo acometida por <a href=\"https:\/\/olhardigital.com.br\/2021\/07\/08\/ciencia-e-espaco\/onda-de-calor-nos-eua-nao-teria-acontecido-se-nao-fossem-as-mudancas-climaticas\/\">ondas fortes de calor<\/a>,\u00a0<a href=\"https:\/\/olhardigital.com.br\/2021\/07\/05\/ciencia-e-espaco\/pirocumulonimbus-nuvens-cuspidoras-de-fogo\/\">inc\u00eandios florestais<\/a> e at\u00e9 mesmo uma tempestade de gelo \u2014 sinal de como o volume de eventos clim\u00e1ticos extremos est\u00e1 afetando o seu curso natural. De acordo com Bob Sallinger, diretor de conserva\u00e7\u00e3o da Portland Audubon, essas situa\u00e7\u00f5es deveriam servir de alerta para as pessoas.<\/p>\n\n\n\n<figure class=\"wp-block-image size-large is-style-default\"><img loading=\"lazy\" decoding=\"async\" width=\"1000\" height=\"666\" src=\"https:\/\/jornalfatosenoticias.com.br\/wp-content\/uploads\/2021\/07\/falcoes2_Shutterstock.jpg\" alt=\"\" class=\"wp-image-20962\" srcset=\"https:\/\/jornalfatosenoticias.com.br\/wp-content\/uploads\/2021\/07\/falcoes2_Shutterstock.jpg 1000w, https:\/\/jornalfatosenoticias.com.br\/wp-content\/uploads\/2021\/07\/falcoes2_Shutterstock-300x200.jpg 300w, https:\/\/jornalfatosenoticias.com.br\/wp-content\/uploads\/2021\/07\/falcoes2_Shutterstock-768x511.jpg 768w\" sizes=\"auto, (max-width: 1000px) 100vw, 1000px\" \/><figcaption><em><span class=\"has-inline-color has-black-color\">Um ninho de falc\u00f5es peregrinos, nos EUA (Foto: Ken Griffiths\/Shutterstock)<\/span><\/em><\/figcaption><\/figure>\n\n\n\n<p>\u201cEu acho que esses eventos, na verdade, servem como um despertar\u201d, disse ele ao Washington Post. \u201cO aquecimento global est\u00e1 entre n\u00f3s, e os impactos que ele traz est\u00e3o cada vez mais evidentes\u201d. Ele ainda completou, dizendo que \u201co mais assustador, para mim, na qualidade de algu\u00e9m que vem trabalhando com a conserva\u00e7\u00e3o de p\u00e1ssaros h\u00e1 d\u00e9cadas, \u00e9 o fato de que esses eventos anormais est\u00e3o se tornando mais e mais comuns. Eles ocorrem a um ritmo acelerado. E ningu\u00e9m compreende por completo os resultados disso\u201d.<\/p>\n\n\n\n<p><strong><span class=\"has-inline-color has-black-color\">No c\u00e9u e no mar<br><\/span><\/strong>Al\u00e9m dos p\u00e1ssaros, <a href=\"https:\/\/olhardigital.com.br\/2021\/05\/24\/ciencia-e-espaco\/maior-iceberg-do-mundo-pode-vagar-no-oceano-por-anos-antes-de-derreter\/\">o ambiente marinho tamb\u00e9m vem enfrentando problemas similares<\/a>: na regi\u00e3o noroeste do Oceano Pac\u00edfico, cientistas identificaram mais de um bilh\u00e3o de criaturas mar\u00edtimas mortas em decorr\u00eancia de ondas incomuns de calor. A \u00e1rea contempla o litoral dos Estados Unidos e parte da regi\u00e3o costeira do Canad\u00e1.<br>Segundo especialistas que falaram ao New York Times, as cenas s\u00e3o inc\u00f4modas at\u00e9 para os mais experientes no campo: mexilh\u00f5es \u201ccozinhados\u201d dentro de seus cascos, estrelas do mar completamente desidratadas e cardumes inteiros de salm\u00e3o com dificuldade de nadar em \u00e1guas de rio mais aquecidas que o normal.<\/p>\n\n\n\n<figure class=\"wp-block-image size-large is-style-default\"><img loading=\"lazy\" decoding=\"async\" width=\"1000\" height=\"667\" src=\"https:\/\/jornalfatosenoticias.com.br\/wp-content\/uploads\/2021\/07\/mexilhoes_Lightman-David-shutterstock_falcoes.jpg\" alt=\"\" class=\"wp-image-20963\" srcset=\"https:\/\/jornalfatosenoticias.com.br\/wp-content\/uploads\/2021\/07\/mexilhoes_Lightman-David-shutterstock_falcoes.jpg 1000w, https:\/\/jornalfatosenoticias.com.br\/wp-content\/uploads\/2021\/07\/mexilhoes_Lightman-David-shutterstock_falcoes-300x200.jpg 300w, https:\/\/jornalfatosenoticias.com.br\/wp-content\/uploads\/2021\/07\/mexilhoes_Lightman-David-shutterstock_falcoes-768x512.jpg 768w\" sizes=\"auto, (max-width: 1000px) 100vw, 1000px\" \/><figcaption><em><span class=\"has-inline-color has-black-color\">Mexilh\u00f5es n\u00e3o est\u00e3o aguentando o calor intenso nos mares e est\u00e3o, literalmente, sendo cozinhados dentro de suas cascas (Foto: Lightman David\/Shuttertock)<\/span><\/em><\/figcaption><\/figure>\n\n\n\n<p>\u201cParece at\u00e9 uma cena daqueles filmes p\u00f3s-apocal\u00edpticos\u201d, disse Christopher Harley, bi\u00f3logo marinho da Universidade de Col\u00fambia Brit\u00e2nica, ao jornal.<br>A situa\u00e7\u00e3o \u00e9 corroborada por experts da Universidade de Queensland, na Austr\u00e1lia, que citam um evento ocorrido h\u00e1 milh\u00f5es de anos, quando esp\u00e9cies mar\u00edtimas de todo tipo passaram a evitar os mares da regi\u00e3o da linha do Equador: \u201cquando a mesma coisa aconteceu h\u00e1 252 milh\u00f5es de anos, 90% de todas as esp\u00e9cies marinhas morreram\u201d, disseram os especialistas.<br>Todos eles concordam que, esp\u00e9cie por esp\u00e9cie, os n\u00fameros podem at\u00e9 ser baixos, mas o problema, na verdade, contempla todos em algum grau: a progress\u00e3o do calor fora de \u00e9poca nos EUA penetrou a temporada de reprodu\u00e7\u00e3o de diversos animais \u2014 al\u00e9m dos j\u00e1 citados falc\u00f5es, lebres-assobiadoras e alguns tipos de sapos tamb\u00e9m podem ser afetados.<\/p>\n\n\n\n<p><strong><em>Fonte: <a href=\"https:\/\/olhardigital.com.br\/2021\/07\/20\/ciencia-e-espaco\/aquecimento-global-esta-matando-falcoes\/\">Olhar Digital<\/a><\/em><\/strong><\/p>\n","protected":false},"excerpt":{"rendered":"<p>Mais uma para a conta do aquecimento global: por toda a regi\u00e3o que contempla o Oregon e a Calif\u00f3rnia, nos EUA, filhotes de falc\u00e3o est\u00e3o pulando de seus ninhos antes de aprenderem a voar, no intuito de escaparem do calor intenso, de acordo com diversos\u00a0cientistas e especialistas em conserva\u00e7\u00e3o animal.O problema n\u00e3o \u00e9 exclusivo dos [&hellip;]<\/p>\n","protected":false},"author":2,"featured_media":20964,"comment_status":"open","ping_status":"open","sticky":false,"template":"","format":"standard","meta":{"footnotes":""},"categories":[8],"tags":[1264,362,219,10253,10254],"class_list":["post-20961","post","type-post","status-publish","format-standard","has-post-thumbnail","hentry","category-meio-ambiente","tag-animais","tag-aquecimento-global","tag-extincao","tag-falcao","tag-onda-de-calor"],"yoast_head":"<!-- This site is optimized with the Yoast SEO plugin v26.5 - https:\/\/yoast.com\/wordpress\/plugins\/seo\/ -->\n<title>Aquecimento global est\u00e1 fazendo filhotes de falc\u00e3o \u201ccometerem suic\u00eddio\u201d - Jornal Fatos e Not\u00edcias<\/title>\n<meta name=\"robots\" content=\"index, follow, max-snippet:-1, max-image-preview:large, max-video-preview:-1\" \/>\n<link rel=\"canonical\" href=\"https:\/\/jornalfatosenoticias.com.br\/index.php\/2021\/07\/22\/aquecimento-global-esta-fazendo-filhotes-de-falcao-cometerem-suicidio\/\" \/>\n<meta property=\"og:locale\" content=\"pt_BR\" \/>\n<meta property=\"og:type\" content=\"article\" \/>\n<meta property=\"og:title\" content=\"Aquecimento global est\u00e1 fazendo filhotes de falc\u00e3o \u201ccometerem suic\u00eddio\u201d - Jornal Fatos e Not\u00edcias\" \/>\n<meta property=\"og:description\" content=\"Mais uma para a conta do aquecimento global: por toda a regi\u00e3o que contempla o Oregon e a Calif\u00f3rnia, nos EUA, filhotes de falc\u00e3o est\u00e3o pulando de seus ninhos antes de aprenderem a voar, no intuito de escaparem do calor intenso, de acordo com diversos\u00a0cientistas e especialistas em conserva\u00e7\u00e3o animal.O problema n\u00e3o \u00e9 exclusivo dos [&hellip;]\" \/>\n<meta property=\"og:url\" content=\"https:\/\/jornalfatosenoticias.com.br\/index.php\/2021\/07\/22\/aquecimento-global-esta-fazendo-filhotes-de-falcao-cometerem-suicidio\/\" \/>\n<meta property=\"og:site_name\" content=\"Jornal Fatos e Not\u00edcias\" \/>\n<meta property=\"article:published_time\" content=\"2021-07-22T22:01:10+00:00\" \/>\n<meta property=\"article:modified_time\" content=\"2021-07-22T22:01:11+00:00\" \/>\n<meta property=\"og:image\" content=\"https:\/\/jornalfatosenoticias.com.br\/wp-content\/uploads\/2021\/07\/FALCAO.jpg\" \/>\n\t<meta property=\"og:image:width\" content=\"1000\" \/>\n\t<meta property=\"og:image:height\" content=\"641\" \/>\n\t<meta property=\"og:image:type\" content=\"image\/jpeg\" \/>\n<meta name=\"author\" content=\"Luzimara Fernandes\" \/>\n<meta name=\"twitter:card\" content=\"summary_large_image\" \/>\n<meta name=\"twitter:label1\" content=\"Escrito por\" \/>\n\t<meta name=\"twitter:data1\" content=\"Luzimara Fernandes\" \/>\n\t<meta name=\"twitter:label2\" content=\"Est. tempo de leitura\" \/>\n\t<meta name=\"twitter:data2\" content=\"3 minutos\" \/>\n<script type=\"application\/ld+json\" class=\"yoast-schema-graph\">{\"@context\":\"https:\/\/schema.org\",\"@graph\":[{\"@type\":\"Article\",\"@id\":\"https:\/\/jornalfatosenoticias.com.br\/index.php\/2021\/07\/22\/aquecimento-global-esta-fazendo-filhotes-de-falcao-cometerem-suicidio\/#article\",\"isPartOf\":{\"@id\":\"https:\/\/jornalfatosenoticias.com.br\/index.php\/2021\/07\/22\/aquecimento-global-esta-fazendo-filhotes-de-falcao-cometerem-suicidio\/\"},\"author\":{\"name\":\"Luzimara Fernandes\",\"@id\":\"https:\/\/jornalfatosenoticias.com.br\/#\/schema\/person\/d63837fa13ac8666eb9e74e0985d6f81\"},\"headline\":\"Aquecimento global est\u00e1 fazendo filhotes de falc\u00e3o \u201ccometerem suic\u00eddio\u201d\",\"datePublished\":\"2021-07-22T22:01:10+00:00\",\"dateModified\":\"2021-07-22T22:01:11+00:00\",\"mainEntityOfPage\":{\"@id\":\"https:\/\/jornalfatosenoticias.com.br\/index.php\/2021\/07\/22\/aquecimento-global-esta-fazendo-filhotes-de-falcao-cometerem-suicidio\/\"},\"wordCount\":592,\"commentCount\":0,\"publisher\":{\"@id\":\"https:\/\/jornalfatosenoticias.com.br\/#organization\"},\"image\":{\"@id\":\"https:\/\/jornalfatosenoticias.com.br\/index.php\/2021\/07\/22\/aquecimento-global-esta-fazendo-filhotes-de-falcao-cometerem-suicidio\/#primaryimage\"},\"thumbnailUrl\":\"https:\/\/jornalfatosenoticias.com.br\/wp-content\/uploads\/2021\/07\/FALCAO.jpg\",\"keywords\":[\"animais\",\"aquecimento global\",\"extin\u00e7\u00e3o\",\"falc\u00e3o\",\"onda de calor\"],\"articleSection\":[\"Meio ambiente\"],\"inLanguage\":\"pt-BR\",\"potentialAction\":[{\"@type\":\"CommentAction\",\"name\":\"Comment\",\"target\":[\"https:\/\/jornalfatosenoticias.com.br\/index.php\/2021\/07\/22\/aquecimento-global-esta-fazendo-filhotes-de-falcao-cometerem-suicidio\/#respond\"]}]},{\"@type\":\"WebPage\",\"@id\":\"https:\/\/jornalfatosenoticias.com.br\/index.php\/2021\/07\/22\/aquecimento-global-esta-fazendo-filhotes-de-falcao-cometerem-suicidio\/\",\"url\":\"https:\/\/jornalfatosenoticias.com.br\/index.php\/2021\/07\/22\/aquecimento-global-esta-fazendo-filhotes-de-falcao-cometerem-suicidio\/\",\"name\":\"Aquecimento global est\u00e1 fazendo filhotes de falc\u00e3o \u201ccometerem suic\u00eddio\u201d - Jornal Fatos e Not\u00edcias\",\"isPartOf\":{\"@id\":\"https:\/\/jornalfatosenoticias.com.br\/#website\"},\"primaryImageOfPage\":{\"@id\":\"https:\/\/jornalfatosenoticias.com.br\/index.php\/2021\/07\/22\/aquecimento-global-esta-fazendo-filhotes-de-falcao-cometerem-suicidio\/#primaryimage\"},\"image\":{\"@id\":\"https:\/\/jornalfatosenoticias.com.br\/index.php\/2021\/07\/22\/aquecimento-global-esta-fazendo-filhotes-de-falcao-cometerem-suicidio\/#primaryimage\"},\"thumbnailUrl\":\"https:\/\/jornalfatosenoticias.com.br\/wp-content\/uploads\/2021\/07\/FALCAO.jpg\",\"datePublished\":\"2021-07-22T22:01:10+00:00\",\"dateModified\":\"2021-07-22T22:01:11+00:00\",\"breadcrumb\":{\"@id\":\"https:\/\/jornalfatosenoticias.com.br\/index.php\/2021\/07\/22\/aquecimento-global-esta-fazendo-filhotes-de-falcao-cometerem-suicidio\/#breadcrumb\"},\"inLanguage\":\"pt-BR\",\"potentialAction\":[{\"@type\":\"ReadAction\",\"target\":[\"https:\/\/jornalfatosenoticias.com.br\/index.php\/2021\/07\/22\/aquecimento-global-esta-fazendo-filhotes-de-falcao-cometerem-suicidio\/\"]}]},{\"@type\":\"ImageObject\",\"inLanguage\":\"pt-BR\",\"@id\":\"https:\/\/jornalfatosenoticias.com.br\/index.php\/2021\/07\/22\/aquecimento-global-esta-fazendo-filhotes-de-falcao-cometerem-suicidio\/#primaryimage\",\"url\":\"https:\/\/jornalfatosenoticias.com.br\/wp-content\/uploads\/2021\/07\/FALCAO.jpg\",\"contentUrl\":\"https:\/\/jornalfatosenoticias.com.br\/wp-content\/uploads\/2021\/07\/FALCAO.jpg\",\"width\":1000,\"height\":641},{\"@type\":\"BreadcrumbList\",\"@id\":\"https:\/\/jornalfatosenoticias.com.br\/index.php\/2021\/07\/22\/aquecimento-global-esta-fazendo-filhotes-de-falcao-cometerem-suicidio\/#breadcrumb\",\"itemListElement\":[{\"@type\":\"ListItem\",\"position\":1,\"name\":\"In\u00edcio\",\"item\":\"https:\/\/jornalfatosenoticias.com.br\/\"},{\"@type\":\"ListItem\",\"position\":2,\"name\":\"Aquecimento global est\u00e1 fazendo filhotes de falc\u00e3o \u201ccometerem suic\u00eddio\u201d\"}]},{\"@type\":\"WebSite\",\"@id\":\"https:\/\/jornalfatosenoticias.com.br\/#website\",\"url\":\"https:\/\/jornalfatosenoticias.com.br\/\",\"name\":\"Jornal Fatos e Not\u00edcias\",\"description\":\"Not\u00edcias em geral\",\"publisher\":{\"@id\":\"https:\/\/jornalfatosenoticias.com.br\/#organization\"},\"potentialAction\":[{\"@type\":\"SearchAction\",\"target\":{\"@type\":\"EntryPoint\",\"urlTemplate\":\"https:\/\/jornalfatosenoticias.com.br\/?s={search_term_string}\"},\"query-input\":{\"@type\":\"PropertyValueSpecification\",\"valueRequired\":true,\"valueName\":\"search_term_string\"}}],\"inLanguage\":\"pt-BR\"},{\"@type\":\"Organization\",\"@id\":\"https:\/\/jornalfatosenoticias.com.br\/#organization\",\"name\":\"Jornal Fatos e Not\u00edcias\",\"url\":\"https:\/\/jornalfatosenoticias.com.br\/\",\"logo\":{\"@type\":\"ImageObject\",\"inLanguage\":\"pt-BR\",\"@id\":\"https:\/\/jornalfatosenoticias.com.br\/#\/schema\/logo\/image\/\",\"url\":\"https:\/\/jornalfatosenoticias.com.br\/wp-content\/uploads\/2020\/02\/logo120.png\",\"contentUrl\":\"https:\/\/jornalfatosenoticias.com.br\/wp-content\/uploads\/2020\/02\/logo120.png\",\"width\":1227,\"height\":120,\"caption\":\"Jornal Fatos e Not\u00edcias\"},\"image\":{\"@id\":\"https:\/\/jornalfatosenoticias.com.br\/#\/schema\/logo\/image\/\"}},{\"@type\":\"Person\",\"@id\":\"https:\/\/jornalfatosenoticias.com.br\/#\/schema\/person\/d63837fa13ac8666eb9e74e0985d6f81\",\"name\":\"Luzimara Fernandes\",\"image\":{\"@type\":\"ImageObject\",\"inLanguage\":\"pt-BR\",\"@id\":\"https:\/\/jornalfatosenoticias.com.br\/#\/schema\/person\/image\/\",\"url\":\"https:\/\/jornalfatosenoticias.com.br\/wp-content\/uploads\/2025\/05\/EU_portal.jpg\",\"contentUrl\":\"https:\/\/jornalfatosenoticias.com.br\/wp-content\/uploads\/2025\/05\/EU_portal.jpg\",\"caption\":\"Luzimara Fernandes\"},\"description\":\"Jornalista MTB 2358-ES\",\"sameAs\":[\"https:\/\/jornalfatosenoticias.com.br\"],\"url\":\"https:\/\/jornalfatosenoticias.com.br\/index.php\/author\/luzimara\/\"}]}<\/script>\n<!-- \/ Yoast SEO plugin. -->","yoast_head_json":{"title":"Aquecimento global est\u00e1 fazendo filhotes de falc\u00e3o \u201ccometerem suic\u00eddio\u201d - Jornal Fatos e Not\u00edcias","robots":{"index":"index","follow":"follow","max-snippet":"max-snippet:-1","max-image-preview":"max-image-preview:large","max-video-preview":"max-video-preview:-1"},"canonical":"https:\/\/jornalfatosenoticias.com.br\/index.php\/2021\/07\/22\/aquecimento-global-esta-fazendo-filhotes-de-falcao-cometerem-suicidio\/","og_locale":"pt_BR","og_type":"article","og_title":"Aquecimento global est\u00e1 fazendo filhotes de falc\u00e3o \u201ccometerem suic\u00eddio\u201d - Jornal Fatos e Not\u00edcias","og_description":"Mais uma para a conta do aquecimento global: por toda a regi\u00e3o que contempla o Oregon e a Calif\u00f3rnia, nos EUA, filhotes de falc\u00e3o est\u00e3o pulando de seus ninhos antes de aprenderem a voar, no intuito de escaparem do calor intenso, de acordo com diversos\u00a0cientistas e especialistas em conserva\u00e7\u00e3o animal.O problema n\u00e3o \u00e9 exclusivo dos [&hellip;]","og_url":"https:\/\/jornalfatosenoticias.com.br\/index.php\/2021\/07\/22\/aquecimento-global-esta-fazendo-filhotes-de-falcao-cometerem-suicidio\/","og_site_name":"Jornal Fatos e Not\u00edcias","article_published_time":"2021-07-22T22:01:10+00:00","article_modified_time":"2021-07-22T22:01:11+00:00","og_image":[{"width":1000,"height":641,"url":"https:\/\/jornalfatosenoticias.com.br\/wp-content\/uploads\/2021\/07\/FALCAO.jpg","type":"image\/jpeg"}],"author":"Luzimara Fernandes","twitter_card":"summary_large_image","twitter_misc":{"Escrito por":"Luzimara Fernandes","Est. tempo de leitura":"3 minutos"},"schema":{"@context":"https:\/\/schema.org","@graph":[{"@type":"Article","@id":"https:\/\/jornalfatosenoticias.com.br\/index.php\/2021\/07\/22\/aquecimento-global-esta-fazendo-filhotes-de-falcao-cometerem-suicidio\/#article","isPartOf":{"@id":"https:\/\/jornalfatosenoticias.com.br\/index.php\/2021\/07\/22\/aquecimento-global-esta-fazendo-filhotes-de-falcao-cometerem-suicidio\/"},"author":{"name":"Luzimara Fernandes","@id":"https:\/\/jornalfatosenoticias.com.br\/#\/schema\/person\/d63837fa13ac8666eb9e74e0985d6f81"},"headline":"Aquecimento global est\u00e1 fazendo filhotes de falc\u00e3o \u201ccometerem suic\u00eddio\u201d","datePublished":"2021-07-22T22:01:10+00:00","dateModified":"2021-07-22T22:01:11+00:00","mainEntityOfPage":{"@id":"https:\/\/jornalfatosenoticias.com.br\/index.php\/2021\/07\/22\/aquecimento-global-esta-fazendo-filhotes-de-falcao-cometerem-suicidio\/"},"wordCount":592,"commentCount":0,"publisher":{"@id":"https:\/\/jornalfatosenoticias.com.br\/#organization"},"image":{"@id":"https:\/\/jornalfatosenoticias.com.br\/index.php\/2021\/07\/22\/aquecimento-global-esta-fazendo-filhotes-de-falcao-cometerem-suicidio\/#primaryimage"},"thumbnailUrl":"https:\/\/jornalfatosenoticias.com.br\/wp-content\/uploads\/2021\/07\/FALCAO.jpg","keywords":["animais","aquecimento global","extin\u00e7\u00e3o","falc\u00e3o","onda de calor"],"articleSection":["Meio ambiente"],"inLanguage":"pt-BR","potentialAction":[{"@type":"CommentAction","name":"Comment","target":["https:\/\/jornalfatosenoticias.com.br\/index.php\/2021\/07\/22\/aquecimento-global-esta-fazendo-filhotes-de-falcao-cometerem-suicidio\/#respond"]}]},{"@type":"WebPage","@id":"https:\/\/jornalfatosenoticias.com.br\/index.php\/2021\/07\/22\/aquecimento-global-esta-fazendo-filhotes-de-falcao-cometerem-suicidio\/","url":"https:\/\/jornalfatosenoticias.com.br\/index.php\/2021\/07\/22\/aquecimento-global-esta-fazendo-filhotes-de-falcao-cometerem-suicidio\/","name":"Aquecimento global est\u00e1 fazendo filhotes de falc\u00e3o \u201ccometerem suic\u00eddio\u201d - Jornal Fatos e Not\u00edcias","isPartOf":{"@id":"https:\/\/jornalfatosenoticias.com.br\/#website"},"primaryImageOfPage":{"@id":"https:\/\/jornalfatosenoticias.com.br\/index.php\/2021\/07\/22\/aquecimento-global-esta-fazendo-filhotes-de-falcao-cometerem-suicidio\/#primaryimage"},"image":{"@id":"https:\/\/jornalfatosenoticias.com.br\/index.php\/2021\/07\/22\/aquecimento-global-esta-fazendo-filhotes-de-falcao-cometerem-suicidio\/#primaryimage"},"thumbnailUrl":"https:\/\/jornalfatosenoticias.com.br\/wp-content\/uploads\/2021\/07\/FALCAO.jpg","datePublished":"2021-07-22T22:01:10+00:00","dateModified":"2021-07-22T22:01:11+00:00","breadcrumb":{"@id":"https:\/\/jornalfatosenoticias.com.br\/index.php\/2021\/07\/22\/aquecimento-global-esta-fazendo-filhotes-de-falcao-cometerem-suicidio\/#breadcrumb"},"inLanguage":"pt-BR","potentialAction":[{"@type":"ReadAction","target":["https:\/\/jornalfatosenoticias.com.br\/index.php\/2021\/07\/22\/aquecimento-global-esta-fazendo-filhotes-de-falcao-cometerem-suicidio\/"]}]},{"@type":"ImageObject","inLanguage":"pt-BR","@id":"https:\/\/jornalfatosenoticias.com.br\/index.php\/2021\/07\/22\/aquecimento-global-esta-fazendo-filhotes-de-falcao-cometerem-suicidio\/#primaryimage","url":"https:\/\/jornalfatosenoticias.com.br\/wp-content\/uploads\/2021\/07\/FALCAO.jpg","contentUrl":"https:\/\/jornalfatosenoticias.com.br\/wp-content\/uploads\/2021\/07\/FALCAO.jpg","width":1000,"height":641},{"@type":"BreadcrumbList","@id":"https:\/\/jornalfatosenoticias.com.br\/index.php\/2021\/07\/22\/aquecimento-global-esta-fazendo-filhotes-de-falcao-cometerem-suicidio\/#breadcrumb","itemListElement":[{"@type":"ListItem","position":1,"name":"In\u00edcio","item":"https:\/\/jornalfatosenoticias.com.br\/"},{"@type":"ListItem","position":2,"name":"Aquecimento global est\u00e1 fazendo filhotes de falc\u00e3o \u201ccometerem suic\u00eddio\u201d"}]},{"@type":"WebSite","@id":"https:\/\/jornalfatosenoticias.com.br\/#website","url":"https:\/\/jornalfatosenoticias.com.br\/","name":"Jornal Fatos e Not\u00edcias","description":"Not\u00edcias em geral","publisher":{"@id":"https:\/\/jornalfatosenoticias.com.br\/#organization"},"potentialAction":[{"@type":"SearchAction","target":{"@type":"EntryPoint","urlTemplate":"https:\/\/jornalfatosenoticias.com.br\/?s={search_term_string}"},"query-input":{"@type":"PropertyValueSpecification","valueRequired":true,"valueName":"search_term_string"}}],"inLanguage":"pt-BR"},{"@type":"Organization","@id":"https:\/\/jornalfatosenoticias.com.br\/#organization","name":"Jornal Fatos e Not\u00edcias","url":"https:\/\/jornalfatosenoticias.com.br\/","logo":{"@type":"ImageObject","inLanguage":"pt-BR","@id":"https:\/\/jornalfatosenoticias.com.br\/#\/schema\/logo\/image\/","url":"https:\/\/jornalfatosenoticias.com.br\/wp-content\/uploads\/2020\/02\/logo120.png","contentUrl":"https:\/\/jornalfatosenoticias.com.br\/wp-content\/uploads\/2020\/02\/logo120.png","width":1227,"height":120,"caption":"Jornal Fatos e Not\u00edcias"},"image":{"@id":"https:\/\/jornalfatosenoticias.com.br\/#\/schema\/logo\/image\/"}},{"@type":"Person","@id":"https:\/\/jornalfatosenoticias.com.br\/#\/schema\/person\/d63837fa13ac8666eb9e74e0985d6f81","name":"Luzimara Fernandes","image":{"@type":"ImageObject","inLanguage":"pt-BR","@id":"https:\/\/jornalfatosenoticias.com.br\/#\/schema\/person\/image\/","url":"https:\/\/jornalfatosenoticias.com.br\/wp-content\/uploads\/2025\/05\/EU_portal.jpg","contentUrl":"https:\/\/jornalfatosenoticias.com.br\/wp-content\/uploads\/2025\/05\/EU_portal.jpg","caption":"Luzimara Fernandes"},"description":"Jornalista MTB 2358-ES","sameAs":["https:\/\/jornalfatosenoticias.com.br"],"url":"https:\/\/jornalfatosenoticias.com.br\/index.php\/author\/luzimara\/"}]}},"cc_featured_image_caption":{"caption_text":"(Foto: Shutterstock) ","source_text":"","source_url":""},"jetpack_featured_media_url":"https:\/\/jornalfatosenoticias.com.br\/wp-content\/uploads\/2021\/07\/FALCAO.jpg","_links":{"self":[{"href":"https:\/\/jornalfatosenoticias.com.br\/index.php\/wp-json\/wp\/v2\/posts\/20961","targetHints":{"allow":["GET"]}}],"collection":[{"href":"https:\/\/jornalfatosenoticias.com.br\/index.php\/wp-json\/wp\/v2\/posts"}],"about":[{"href":"https:\/\/jornalfatosenoticias.com.br\/index.php\/wp-json\/wp\/v2\/types\/post"}],"author":[{"embeddable":true,"href":"https:\/\/jornalfatosenoticias.com.br\/index.php\/wp-json\/wp\/v2\/users\/2"}],"replies":[{"embeddable":true,"href":"https:\/\/jornalfatosenoticias.com.br\/index.php\/wp-json\/wp\/v2\/comments?post=20961"}],"version-history":[{"count":0,"href":"https:\/\/jornalfatosenoticias.com.br\/index.php\/wp-json\/wp\/v2\/posts\/20961\/revisions"}],"wp:featuredmedia":[{"embeddable":true,"href":"https:\/\/jornalfatosenoticias.com.br\/index.php\/wp-json\/wp\/v2\/media\/20964"}],"wp:attachment":[{"href":"https:\/\/jornalfatosenoticias.com.br\/index.php\/wp-json\/wp\/v2\/media?parent=20961"}],"wp:term":[{"taxonomy":"category","embeddable":true,"href":"https:\/\/jornalfatosenoticias.com.br\/index.php\/wp-json\/wp\/v2\/categories?post=20961"},{"taxonomy":"post_tag","embeddable":true,"href":"https:\/\/jornalfatosenoticias.com.br\/index.php\/wp-json\/wp\/v2\/tags?post=20961"}],"curies":[{"name":"wp","href":"https:\/\/api.w.org\/{rel}","templated":true}]}}