{"id":20983,"date":"2021-07-23T15:06:43","date_gmt":"2021-07-23T18:06:43","guid":{"rendered":"https:\/\/jornalfatosenoticias.com.br\/?p=20983"},"modified":"2021-07-23T15:06:45","modified_gmt":"2021-07-23T18:06:45","slug":"australia-e-coreia-do-sul-podem-inspirar-plano-brasileiro-de-avaliacao","status":"publish","type":"post","link":"https:\/\/jornalfatosenoticias.com.br\/index.php\/2021\/07\/23\/australia-e-coreia-do-sul-podem-inspirar-plano-brasileiro-de-avaliacao\/","title":{"rendered":"Austr\u00e1lia e Coreia do Sul podem inspirar plano brasileiro de avalia\u00e7\u00e3o"},"content":{"rendered":"\n<p><em><span class=\"has-inline-color has-black-color\">Pa\u00edses fizeram mudan\u00e7as no processo de avalia\u00e7\u00e3o; entrega de resultados deve ir al\u00e9m de rankings, dizem especialistas<\/span><\/em><\/p>\n\n\n\n<p>Experi\u00eancias internacionais podem inspirar o Brasil a promover reformas em seu sistema de avalia\u00e7\u00e3o para torn\u00e1-lo mais moderno e conectado \u00e0s mudan\u00e7as curriculares. Elas foram apresentadas em um semin\u00e1rio realizado pelo <strong>Estad\u00e3o<\/strong>, Funda\u00e7\u00e3o Lemann e Instituto Natura. O evento discutiu as principais conclus\u00f5es do relat\u00f3rio <em>Reforma da Avalia\u00e7\u00e3o Nacional: Principais considera\u00e7\u00f5es sobre o Brasil, <\/em>da Organiza\u00e7\u00e3o para a Coopera\u00e7\u00e3o e Desenvolvimento Econ\u00f4mico (OCDE).<br>Para George Bethell, diretor da Anglia Assessment do Reino Unido e consultor da OCDE no relat\u00f3rio sobre o Brasil, a reformula\u00e7\u00e3o de avalia\u00e7\u00f5es nacionais, como o Sistema de Avalia\u00e7\u00e3o da Educa\u00e7\u00e3o B\u00e1sica (Saeb), demanda trabalho para a elabora\u00e7\u00e3o de itens e exige recursos financeiros, al\u00e9m de tempo. A Austr\u00e1lia venceu essas barreiras em 2016: o pa\u00eds definiu, com apoio de especialistas, exatamente como a avalia\u00e7\u00e3o se alinharia com o curr\u00edculo. O trabalho \u00e9 importante, diz Bethell, para que professores e alunos saibam que o curr\u00edculo ser\u00e1 refletido na prova.<br>De forma semelhante ao que ocorre no Brasil, as autoridades estaduais e territoriais australianas t\u00eam autonomia para decidir como implementar o curr\u00edculo nacional. Portanto, era importante que avalia\u00e7\u00f5es n\u00e3o s\u00f3 medissem a aprendizagem em rela\u00e7\u00e3o aos objetivos nacionais, mas tamb\u00e9m ajudassem a monitorar a implementa\u00e7\u00e3o do curr\u00edculo em todo o pa\u00eds.<br>Outro ponto no processo de reformula\u00e7\u00e3o das avalia\u00e7\u00f5es diz respeito a como entregar e usar os resultados, para melhorar a aprendizagem nas escolas. Um exemplo citado no relat\u00f3rio da OCDE \u00e9 o da Coreia do Sul. O pa\u00eds tem um mecanismo de presta\u00e7\u00e3o de contas formal. Ap\u00f3s identificar escolas com mais alunos abaixo do n\u00edvel b\u00e1sico de desempenho medido pela avalia\u00e7\u00e3o nacional, o governo estabelece apoio por tr\u00eas anos a esses col\u00e9gios. &#8220;O governo local reserva financiamento do Minist\u00e9rio central para desenvolver uma estrat\u00e9gia de melhoria para ajudar essas escolas&#8221;, diz Caitlyn Guthrie, analista de Pol\u00edticas do Diret\u00f3rio de Educa\u00e7\u00e3o e Compet\u00eancias da OCDE.<\/p>\n\n\n\n<p><strong><span class=\"has-inline-color has-black-color\">&#8216;Rankings muitas vezes n\u00e3o explicam nada&#8217;<br><\/span><\/strong>Para Maria Helena Guimar\u00e3es, presidente do Conselho Nacional de Educa\u00e7\u00e3o, \u00e9 preciso que as avalia\u00e7\u00f5es no Brasil &#8220;tenham menos o papel de organizar rankings, que muitas vezes n\u00e3o explicam nada, e sejam usadas na forma\u00e7\u00e3o continuada de professores&#8221;. Caitlyn diz que \u00e9 comum que dados obtidos nas provas sejam usados para ranquear escolas ou redes.<br>O problema \u00e9 que essas classifica\u00e7\u00f5es muitas vezes comparam situa\u00e7\u00f5es n\u00e3o compar\u00e1veis, como escolas de \u00e1reas ricas com pobres. Sobre isso, Bethell pondera que os rankings ser\u00e3o feitos \u2014 seja pelos jornais ou pelos pais dos alunos \u2014 e \u00e9 dif\u00edcil impedi-los. &#8220;O ponto mais importante \u00e9 que a informa\u00e7\u00e3o seja contextualizada&#8221;, afirmou no evento.<\/p>\n\n\n\n<p><strong><em>Fonte: <a href=\"https:\/\/www.terra.com.br\/noticias\/educacao\/australia-e-coreia-do-sul-podem-inspirar-plano-brasileiro-de-avaliacao,b269da9d5ed24a007550301fa095a487lcwsqy62.html\">Terra<\/a><\/em><\/strong><\/p>\n","protected":false},"excerpt":{"rendered":"<p>Pa\u00edses fizeram mudan\u00e7as no processo de avalia\u00e7\u00e3o; entrega de resultados deve ir al\u00e9m de rankings, dizem especialistas Experi\u00eancias internacionais podem inspirar o Brasil a promover reformas em seu sistema de avalia\u00e7\u00e3o para torn\u00e1-lo mais moderno e conectado \u00e0s mudan\u00e7as curriculares. Elas foram apresentadas em um semin\u00e1rio realizado pelo Estad\u00e3o, Funda\u00e7\u00e3o Lemann e Instituto Natura. O [&hellip;]<\/p>\n","protected":false},"author":2,"featured_media":20984,"comment_status":"open","ping_status":"open","sticky":false,"template":"","format":"standard","meta":{"footnotes":""},"categories":[7],"tags":[1375,3441,413,10259,10260],"class_list":["post-20983","post","type-post","status-publish","format-standard","has-post-thumbnail","hentry","category-educacao","tag-australia","tag-coreia-do-sul","tag-ocde","tag-plano-de-educacao","tag-rankings"],"yoast_head":"<!-- This site is optimized with the Yoast SEO plugin v26.5 - https:\/\/yoast.com\/wordpress\/plugins\/seo\/ -->\n<title>Austr\u00e1lia e Coreia do Sul podem inspirar plano brasileiro de avalia\u00e7\u00e3o - Jornal Fatos e Not\u00edcias<\/title>\n<meta name=\"robots\" content=\"index, follow, max-snippet:-1, max-image-preview:large, max-video-preview:-1\" \/>\n<link rel=\"canonical\" href=\"https:\/\/jornalfatosenoticias.com.br\/index.php\/2021\/07\/23\/australia-e-coreia-do-sul-podem-inspirar-plano-brasileiro-de-avaliacao\/\" \/>\n<meta property=\"og:locale\" content=\"pt_BR\" \/>\n<meta property=\"og:type\" content=\"article\" \/>\n<meta property=\"og:title\" content=\"Austr\u00e1lia e Coreia do Sul podem inspirar plano brasileiro de avalia\u00e7\u00e3o - Jornal Fatos e Not\u00edcias\" \/>\n<meta property=\"og:description\" content=\"Pa\u00edses fizeram mudan\u00e7as no processo de avalia\u00e7\u00e3o; entrega de resultados deve ir al\u00e9m de rankings, dizem especialistas Experi\u00eancias internacionais podem inspirar o Brasil a promover reformas em seu sistema de avalia\u00e7\u00e3o para torn\u00e1-lo mais moderno e conectado \u00e0s mudan\u00e7as curriculares. Elas foram apresentadas em um semin\u00e1rio realizado pelo Estad\u00e3o, Funda\u00e7\u00e3o Lemann e Instituto Natura. O [&hellip;]\" \/>\n<meta property=\"og:url\" content=\"https:\/\/jornalfatosenoticias.com.br\/index.php\/2021\/07\/23\/australia-e-coreia-do-sul-podem-inspirar-plano-brasileiro-de-avaliacao\/\" \/>\n<meta property=\"og:site_name\" content=\"Jornal Fatos e Not\u00edcias\" \/>\n<meta property=\"article:published_time\" content=\"2021-07-23T18:06:43+00:00\" \/>\n<meta property=\"article:modified_time\" content=\"2021-07-23T18:06:45+00:00\" \/>\n<meta property=\"og:image\" content=\"https:\/\/jornalfatosenoticias.com.br\/wp-content\/uploads\/2021\/07\/avaliacao-de-desempenho-educacional.jpeg\" \/>\n\t<meta property=\"og:image:width\" content=\"1000\" \/>\n\t<meta property=\"og:image:height\" content=\"650\" \/>\n\t<meta property=\"og:image:type\" content=\"image\/jpeg\" \/>\n<meta name=\"author\" content=\"Luzimara Fernandes\" \/>\n<meta name=\"twitter:card\" content=\"summary_large_image\" \/>\n<meta name=\"twitter:label1\" content=\"Escrito por\" \/>\n\t<meta name=\"twitter:data1\" content=\"Luzimara Fernandes\" \/>\n\t<meta name=\"twitter:label2\" content=\"Est. tempo de leitura\" \/>\n\t<meta name=\"twitter:data2\" content=\"3 minutos\" \/>\n<script type=\"application\/ld+json\" class=\"yoast-schema-graph\">{\"@context\":\"https:\/\/schema.org\",\"@graph\":[{\"@type\":\"Article\",\"@id\":\"https:\/\/jornalfatosenoticias.com.br\/index.php\/2021\/07\/23\/australia-e-coreia-do-sul-podem-inspirar-plano-brasileiro-de-avaliacao\/#article\",\"isPartOf\":{\"@id\":\"https:\/\/jornalfatosenoticias.com.br\/index.php\/2021\/07\/23\/australia-e-coreia-do-sul-podem-inspirar-plano-brasileiro-de-avaliacao\/\"},\"author\":{\"name\":\"Luzimara Fernandes\",\"@id\":\"https:\/\/jornalfatosenoticias.com.br\/#\/schema\/person\/d63837fa13ac8666eb9e74e0985d6f81\"},\"headline\":\"Austr\u00e1lia e Coreia do Sul podem inspirar plano brasileiro de avalia\u00e7\u00e3o\",\"datePublished\":\"2021-07-23T18:06:43+00:00\",\"dateModified\":\"2021-07-23T18:06:45+00:00\",\"mainEntityOfPage\":{\"@id\":\"https:\/\/jornalfatosenoticias.com.br\/index.php\/2021\/07\/23\/australia-e-coreia-do-sul-podem-inspirar-plano-brasileiro-de-avaliacao\/\"},\"wordCount\":515,\"commentCount\":0,\"publisher\":{\"@id\":\"https:\/\/jornalfatosenoticias.com.br\/#organization\"},\"image\":{\"@id\":\"https:\/\/jornalfatosenoticias.com.br\/index.php\/2021\/07\/23\/australia-e-coreia-do-sul-podem-inspirar-plano-brasileiro-de-avaliacao\/#primaryimage\"},\"thumbnailUrl\":\"https:\/\/jornalfatosenoticias.com.br\/wp-content\/uploads\/2021\/07\/avaliacao-de-desempenho-educacional.jpeg\",\"keywords\":[\"Austr\u00e1lia\",\"Coreia do Sul\",\"OCDE\",\"plano de educa\u00e7\u00e3o\",\"rankings\"],\"articleSection\":[\"Educa\u00e7\u00e3o\"],\"inLanguage\":\"pt-BR\",\"potentialAction\":[{\"@type\":\"CommentAction\",\"name\":\"Comment\",\"target\":[\"https:\/\/jornalfatosenoticias.com.br\/index.php\/2021\/07\/23\/australia-e-coreia-do-sul-podem-inspirar-plano-brasileiro-de-avaliacao\/#respond\"]}]},{\"@type\":\"WebPage\",\"@id\":\"https:\/\/jornalfatosenoticias.com.br\/index.php\/2021\/07\/23\/australia-e-coreia-do-sul-podem-inspirar-plano-brasileiro-de-avaliacao\/\",\"url\":\"https:\/\/jornalfatosenoticias.com.br\/index.php\/2021\/07\/23\/australia-e-coreia-do-sul-podem-inspirar-plano-brasileiro-de-avaliacao\/\",\"name\":\"Austr\u00e1lia e Coreia do Sul podem inspirar plano brasileiro de avalia\u00e7\u00e3o - Jornal Fatos e Not\u00edcias\",\"isPartOf\":{\"@id\":\"https:\/\/jornalfatosenoticias.com.br\/#website\"},\"primaryImageOfPage\":{\"@id\":\"https:\/\/jornalfatosenoticias.com.br\/index.php\/2021\/07\/23\/australia-e-coreia-do-sul-podem-inspirar-plano-brasileiro-de-avaliacao\/#primaryimage\"},\"image\":{\"@id\":\"https:\/\/jornalfatosenoticias.com.br\/index.php\/2021\/07\/23\/australia-e-coreia-do-sul-podem-inspirar-plano-brasileiro-de-avaliacao\/#primaryimage\"},\"thumbnailUrl\":\"https:\/\/jornalfatosenoticias.com.br\/wp-content\/uploads\/2021\/07\/avaliacao-de-desempenho-educacional.jpeg\",\"datePublished\":\"2021-07-23T18:06:43+00:00\",\"dateModified\":\"2021-07-23T18:06:45+00:00\",\"breadcrumb\":{\"@id\":\"https:\/\/jornalfatosenoticias.com.br\/index.php\/2021\/07\/23\/australia-e-coreia-do-sul-podem-inspirar-plano-brasileiro-de-avaliacao\/#breadcrumb\"},\"inLanguage\":\"pt-BR\",\"potentialAction\":[{\"@type\":\"ReadAction\",\"target\":[\"https:\/\/jornalfatosenoticias.com.br\/index.php\/2021\/07\/23\/australia-e-coreia-do-sul-podem-inspirar-plano-brasileiro-de-avaliacao\/\"]}]},{\"@type\":\"ImageObject\",\"inLanguage\":\"pt-BR\",\"@id\":\"https:\/\/jornalfatosenoticias.com.br\/index.php\/2021\/07\/23\/australia-e-coreia-do-sul-podem-inspirar-plano-brasileiro-de-avaliacao\/#primaryimage\",\"url\":\"https:\/\/jornalfatosenoticias.com.br\/wp-content\/uploads\/2021\/07\/avaliacao-de-desempenho-educacional.jpeg\",\"contentUrl\":\"https:\/\/jornalfatosenoticias.com.br\/wp-content\/uploads\/2021\/07\/avaliacao-de-desempenho-educacional.jpeg\",\"width\":1000,\"height\":650},{\"@type\":\"BreadcrumbList\",\"@id\":\"https:\/\/jornalfatosenoticias.com.br\/index.php\/2021\/07\/23\/australia-e-coreia-do-sul-podem-inspirar-plano-brasileiro-de-avaliacao\/#breadcrumb\",\"itemListElement\":[{\"@type\":\"ListItem\",\"position\":1,\"name\":\"In\u00edcio\",\"item\":\"https:\/\/jornalfatosenoticias.com.br\/\"},{\"@type\":\"ListItem\",\"position\":2,\"name\":\"Austr\u00e1lia e Coreia do Sul podem inspirar plano brasileiro de avalia\u00e7\u00e3o\"}]},{\"@type\":\"WebSite\",\"@id\":\"https:\/\/jornalfatosenoticias.com.br\/#website\",\"url\":\"https:\/\/jornalfatosenoticias.com.br\/\",\"name\":\"Jornal Fatos e Not\u00edcias\",\"description\":\"Not\u00edcias em geral\",\"publisher\":{\"@id\":\"https:\/\/jornalfatosenoticias.com.br\/#organization\"},\"potentialAction\":[{\"@type\":\"SearchAction\",\"target\":{\"@type\":\"EntryPoint\",\"urlTemplate\":\"https:\/\/jornalfatosenoticias.com.br\/?s={search_term_string}\"},\"query-input\":{\"@type\":\"PropertyValueSpecification\",\"valueRequired\":true,\"valueName\":\"search_term_string\"}}],\"inLanguage\":\"pt-BR\"},{\"@type\":\"Organization\",\"@id\":\"https:\/\/jornalfatosenoticias.com.br\/#organization\",\"name\":\"Jornal Fatos e Not\u00edcias\",\"url\":\"https:\/\/jornalfatosenoticias.com.br\/\",\"logo\":{\"@type\":\"ImageObject\",\"inLanguage\":\"pt-BR\",\"@id\":\"https:\/\/jornalfatosenoticias.com.br\/#\/schema\/logo\/image\/\",\"url\":\"https:\/\/jornalfatosenoticias.com.br\/wp-content\/uploads\/2020\/02\/logo120.png\",\"contentUrl\":\"https:\/\/jornalfatosenoticias.com.br\/wp-content\/uploads\/2020\/02\/logo120.png\",\"width\":1227,\"height\":120,\"caption\":\"Jornal Fatos e Not\u00edcias\"},\"image\":{\"@id\":\"https:\/\/jornalfatosenoticias.com.br\/#\/schema\/logo\/image\/\"}},{\"@type\":\"Person\",\"@id\":\"https:\/\/jornalfatosenoticias.com.br\/#\/schema\/person\/d63837fa13ac8666eb9e74e0985d6f81\",\"name\":\"Luzimara Fernandes\",\"image\":{\"@type\":\"ImageObject\",\"inLanguage\":\"pt-BR\",\"@id\":\"https:\/\/jornalfatosenoticias.com.br\/#\/schema\/person\/image\/\",\"url\":\"https:\/\/jornalfatosenoticias.com.br\/wp-content\/uploads\/2025\/05\/EU_portal.jpg\",\"contentUrl\":\"https:\/\/jornalfatosenoticias.com.br\/wp-content\/uploads\/2025\/05\/EU_portal.jpg\",\"caption\":\"Luzimara Fernandes\"},\"description\":\"Jornalista MTB 2358-ES\",\"sameAs\":[\"https:\/\/jornalfatosenoticias.com.br\"],\"url\":\"https:\/\/jornalfatosenoticias.com.br\/index.php\/author\/luzimara\/\"}]}<\/script>\n<!-- \/ Yoast SEO plugin. -->","yoast_head_json":{"title":"Austr\u00e1lia e Coreia do Sul podem inspirar plano brasileiro de avalia\u00e7\u00e3o - Jornal Fatos e Not\u00edcias","robots":{"index":"index","follow":"follow","max-snippet":"max-snippet:-1","max-image-preview":"max-image-preview:large","max-video-preview":"max-video-preview:-1"},"canonical":"https:\/\/jornalfatosenoticias.com.br\/index.php\/2021\/07\/23\/australia-e-coreia-do-sul-podem-inspirar-plano-brasileiro-de-avaliacao\/","og_locale":"pt_BR","og_type":"article","og_title":"Austr\u00e1lia e Coreia do Sul podem inspirar plano brasileiro de avalia\u00e7\u00e3o - Jornal Fatos e Not\u00edcias","og_description":"Pa\u00edses fizeram mudan\u00e7as no processo de avalia\u00e7\u00e3o; entrega de resultados deve ir al\u00e9m de rankings, dizem especialistas Experi\u00eancias internacionais podem inspirar o Brasil a promover reformas em seu sistema de avalia\u00e7\u00e3o para torn\u00e1-lo mais moderno e conectado \u00e0s mudan\u00e7as curriculares. Elas foram apresentadas em um semin\u00e1rio realizado pelo Estad\u00e3o, Funda\u00e7\u00e3o Lemann e Instituto Natura. O [&hellip;]","og_url":"https:\/\/jornalfatosenoticias.com.br\/index.php\/2021\/07\/23\/australia-e-coreia-do-sul-podem-inspirar-plano-brasileiro-de-avaliacao\/","og_site_name":"Jornal Fatos e Not\u00edcias","article_published_time":"2021-07-23T18:06:43+00:00","article_modified_time":"2021-07-23T18:06:45+00:00","og_image":[{"width":1000,"height":650,"url":"https:\/\/jornalfatosenoticias.com.br\/wp-content\/uploads\/2021\/07\/avaliacao-de-desempenho-educacional.jpeg","type":"image\/jpeg"}],"author":"Luzimara Fernandes","twitter_card":"summary_large_image","twitter_misc":{"Escrito por":"Luzimara Fernandes","Est. tempo de leitura":"3 minutos"},"schema":{"@context":"https:\/\/schema.org","@graph":[{"@type":"Article","@id":"https:\/\/jornalfatosenoticias.com.br\/index.php\/2021\/07\/23\/australia-e-coreia-do-sul-podem-inspirar-plano-brasileiro-de-avaliacao\/#article","isPartOf":{"@id":"https:\/\/jornalfatosenoticias.com.br\/index.php\/2021\/07\/23\/australia-e-coreia-do-sul-podem-inspirar-plano-brasileiro-de-avaliacao\/"},"author":{"name":"Luzimara Fernandes","@id":"https:\/\/jornalfatosenoticias.com.br\/#\/schema\/person\/d63837fa13ac8666eb9e74e0985d6f81"},"headline":"Austr\u00e1lia e Coreia do Sul podem inspirar plano brasileiro de avalia\u00e7\u00e3o","datePublished":"2021-07-23T18:06:43+00:00","dateModified":"2021-07-23T18:06:45+00:00","mainEntityOfPage":{"@id":"https:\/\/jornalfatosenoticias.com.br\/index.php\/2021\/07\/23\/australia-e-coreia-do-sul-podem-inspirar-plano-brasileiro-de-avaliacao\/"},"wordCount":515,"commentCount":0,"publisher":{"@id":"https:\/\/jornalfatosenoticias.com.br\/#organization"},"image":{"@id":"https:\/\/jornalfatosenoticias.com.br\/index.php\/2021\/07\/23\/australia-e-coreia-do-sul-podem-inspirar-plano-brasileiro-de-avaliacao\/#primaryimage"},"thumbnailUrl":"https:\/\/jornalfatosenoticias.com.br\/wp-content\/uploads\/2021\/07\/avaliacao-de-desempenho-educacional.jpeg","keywords":["Austr\u00e1lia","Coreia do Sul","OCDE","plano de educa\u00e7\u00e3o","rankings"],"articleSection":["Educa\u00e7\u00e3o"],"inLanguage":"pt-BR","potentialAction":[{"@type":"CommentAction","name":"Comment","target":["https:\/\/jornalfatosenoticias.com.br\/index.php\/2021\/07\/23\/australia-e-coreia-do-sul-podem-inspirar-plano-brasileiro-de-avaliacao\/#respond"]}]},{"@type":"WebPage","@id":"https:\/\/jornalfatosenoticias.com.br\/index.php\/2021\/07\/23\/australia-e-coreia-do-sul-podem-inspirar-plano-brasileiro-de-avaliacao\/","url":"https:\/\/jornalfatosenoticias.com.br\/index.php\/2021\/07\/23\/australia-e-coreia-do-sul-podem-inspirar-plano-brasileiro-de-avaliacao\/","name":"Austr\u00e1lia e Coreia do Sul podem inspirar plano brasileiro de avalia\u00e7\u00e3o - Jornal Fatos e Not\u00edcias","isPartOf":{"@id":"https:\/\/jornalfatosenoticias.com.br\/#website"},"primaryImageOfPage":{"@id":"https:\/\/jornalfatosenoticias.com.br\/index.php\/2021\/07\/23\/australia-e-coreia-do-sul-podem-inspirar-plano-brasileiro-de-avaliacao\/#primaryimage"},"image":{"@id":"https:\/\/jornalfatosenoticias.com.br\/index.php\/2021\/07\/23\/australia-e-coreia-do-sul-podem-inspirar-plano-brasileiro-de-avaliacao\/#primaryimage"},"thumbnailUrl":"https:\/\/jornalfatosenoticias.com.br\/wp-content\/uploads\/2021\/07\/avaliacao-de-desempenho-educacional.jpeg","datePublished":"2021-07-23T18:06:43+00:00","dateModified":"2021-07-23T18:06:45+00:00","breadcrumb":{"@id":"https:\/\/jornalfatosenoticias.com.br\/index.php\/2021\/07\/23\/australia-e-coreia-do-sul-podem-inspirar-plano-brasileiro-de-avaliacao\/#breadcrumb"},"inLanguage":"pt-BR","potentialAction":[{"@type":"ReadAction","target":["https:\/\/jornalfatosenoticias.com.br\/index.php\/2021\/07\/23\/australia-e-coreia-do-sul-podem-inspirar-plano-brasileiro-de-avaliacao\/"]}]},{"@type":"ImageObject","inLanguage":"pt-BR","@id":"https:\/\/jornalfatosenoticias.com.br\/index.php\/2021\/07\/23\/australia-e-coreia-do-sul-podem-inspirar-plano-brasileiro-de-avaliacao\/#primaryimage","url":"https:\/\/jornalfatosenoticias.com.br\/wp-content\/uploads\/2021\/07\/avaliacao-de-desempenho-educacional.jpeg","contentUrl":"https:\/\/jornalfatosenoticias.com.br\/wp-content\/uploads\/2021\/07\/avaliacao-de-desempenho-educacional.jpeg","width":1000,"height":650},{"@type":"BreadcrumbList","@id":"https:\/\/jornalfatosenoticias.com.br\/index.php\/2021\/07\/23\/australia-e-coreia-do-sul-podem-inspirar-plano-brasileiro-de-avaliacao\/#breadcrumb","itemListElement":[{"@type":"ListItem","position":1,"name":"In\u00edcio","item":"https:\/\/jornalfatosenoticias.com.br\/"},{"@type":"ListItem","position":2,"name":"Austr\u00e1lia e Coreia do Sul podem inspirar plano brasileiro de avalia\u00e7\u00e3o"}]},{"@type":"WebSite","@id":"https:\/\/jornalfatosenoticias.com.br\/#website","url":"https:\/\/jornalfatosenoticias.com.br\/","name":"Jornal Fatos e Not\u00edcias","description":"Not\u00edcias em geral","publisher":{"@id":"https:\/\/jornalfatosenoticias.com.br\/#organization"},"potentialAction":[{"@type":"SearchAction","target":{"@type":"EntryPoint","urlTemplate":"https:\/\/jornalfatosenoticias.com.br\/?s={search_term_string}"},"query-input":{"@type":"PropertyValueSpecification","valueRequired":true,"valueName":"search_term_string"}}],"inLanguage":"pt-BR"},{"@type":"Organization","@id":"https:\/\/jornalfatosenoticias.com.br\/#organization","name":"Jornal Fatos e Not\u00edcias","url":"https:\/\/jornalfatosenoticias.com.br\/","logo":{"@type":"ImageObject","inLanguage":"pt-BR","@id":"https:\/\/jornalfatosenoticias.com.br\/#\/schema\/logo\/image\/","url":"https:\/\/jornalfatosenoticias.com.br\/wp-content\/uploads\/2020\/02\/logo120.png","contentUrl":"https:\/\/jornalfatosenoticias.com.br\/wp-content\/uploads\/2020\/02\/logo120.png","width":1227,"height":120,"caption":"Jornal Fatos e Not\u00edcias"},"image":{"@id":"https:\/\/jornalfatosenoticias.com.br\/#\/schema\/logo\/image\/"}},{"@type":"Person","@id":"https:\/\/jornalfatosenoticias.com.br\/#\/schema\/person\/d63837fa13ac8666eb9e74e0985d6f81","name":"Luzimara Fernandes","image":{"@type":"ImageObject","inLanguage":"pt-BR","@id":"https:\/\/jornalfatosenoticias.com.br\/#\/schema\/person\/image\/","url":"https:\/\/jornalfatosenoticias.com.br\/wp-content\/uploads\/2025\/05\/EU_portal.jpg","contentUrl":"https:\/\/jornalfatosenoticias.com.br\/wp-content\/uploads\/2025\/05\/EU_portal.jpg","caption":"Luzimara Fernandes"},"description":"Jornalista MTB 2358-ES","sameAs":["https:\/\/jornalfatosenoticias.com.br"],"url":"https:\/\/jornalfatosenoticias.com.br\/index.php\/author\/luzimara\/"}]}},"cc_featured_image_caption":{"caption_text":"(Foto: iStock) ","source_text":"","source_url":""},"jetpack_featured_media_url":"https:\/\/jornalfatosenoticias.com.br\/wp-content\/uploads\/2021\/07\/avaliacao-de-desempenho-educacional.jpeg","_links":{"self":[{"href":"https:\/\/jornalfatosenoticias.com.br\/index.php\/wp-json\/wp\/v2\/posts\/20983","targetHints":{"allow":["GET"]}}],"collection":[{"href":"https:\/\/jornalfatosenoticias.com.br\/index.php\/wp-json\/wp\/v2\/posts"}],"about":[{"href":"https:\/\/jornalfatosenoticias.com.br\/index.php\/wp-json\/wp\/v2\/types\/post"}],"author":[{"embeddable":true,"href":"https:\/\/jornalfatosenoticias.com.br\/index.php\/wp-json\/wp\/v2\/users\/2"}],"replies":[{"embeddable":true,"href":"https:\/\/jornalfatosenoticias.com.br\/index.php\/wp-json\/wp\/v2\/comments?post=20983"}],"version-history":[{"count":0,"href":"https:\/\/jornalfatosenoticias.com.br\/index.php\/wp-json\/wp\/v2\/posts\/20983\/revisions"}],"wp:featuredmedia":[{"embeddable":true,"href":"https:\/\/jornalfatosenoticias.com.br\/index.php\/wp-json\/wp\/v2\/media\/20984"}],"wp:attachment":[{"href":"https:\/\/jornalfatosenoticias.com.br\/index.php\/wp-json\/wp\/v2\/media?parent=20983"}],"wp:term":[{"taxonomy":"category","embeddable":true,"href":"https:\/\/jornalfatosenoticias.com.br\/index.php\/wp-json\/wp\/v2\/categories?post=20983"},{"taxonomy":"post_tag","embeddable":true,"href":"https:\/\/jornalfatosenoticias.com.br\/index.php\/wp-json\/wp\/v2\/tags?post=20983"}],"curies":[{"name":"wp","href":"https:\/\/api.w.org\/{rel}","templated":true}]}}