{"id":20986,"date":"2021-07-23T15:12:52","date_gmt":"2021-07-23T18:12:52","guid":{"rendered":"https:\/\/jornalfatosenoticias.com.br\/?p=20986"},"modified":"2021-07-23T15:12:54","modified_gmt":"2021-07-23T18:12:54","slug":"mais-de-90-do-dna-humano-nao-e-nosso-revela-estudo","status":"publish","type":"post","link":"https:\/\/jornalfatosenoticias.com.br\/index.php\/2021\/07\/23\/mais-de-90-do-dna-humano-nao-e-nosso-revela-estudo\/","title":{"rendered":"Mais de 90% do DNA humano n\u00e3o \u00e9 &#8216;nosso&#8217;, revela estudo"},"content":{"rendered":"\n<p><em><span class=\"has-inline-color has-black-color\">Pesquisadores apontam que apenas 7% de todo o DNA humano na Terra pertence exclusivamente aos humanos e que uma propor\u00e7\u00e3o ainda inferior \u00e9 compartilhada entre todos os humanos modernos<\/span><\/em><\/p>\n\n\n\n<p>O DNA \u00fanico aos humanos apenas totaliza 7% de nosso genoma, um n\u00famero baixo, que indica que temos mais em comum com <a href=\"https:\/\/br.sputniknews.com\/ciencia_tecnologia\/2021062817707701-sonho-tornado-realidade-paleontologos-encontram-na-russia-dna-dos-hominideos-mais-antigos-fotos\/\" target=\"_blank\" rel=\"noreferrer noopener\">nossos parentes pr\u00e9-hist\u00f3ricos<\/a> do que se acreditava anteriormente, afirmam cientistas. <\/p>\n\n\n\n<blockquote class=\"wp-block-quote is-layout-flow wp-block-quote-is-layout-flow\"><p><span class=\"has-inline-color has-luminous-vivid-orange-color\">&#8220;Essa \u00e9 uma porcentagem bem pequena&#8221;, <a href=\"https:\/\/apnews.com\/article\/science-4edeb2256900dd182f5cac5f26b8aa66\" target=\"_blank\" rel=\"noreferrer noopener\">disse<\/a><strong><em>\u00a0<\/em><\/strong><em>na sexta-feira (16) Nathan Schaefer, bi\u00f3logo de computa\u00e7\u00e3o da Universidade da Calif\u00f3rnia, EUA, e coautor do estudo<\/em><strong><em>\u00a0<\/em><\/strong><a href=\"https:\/\/advances.sciencemag.org\/content\/7\/29\/eabc0776\" target=\"_blank\" rel=\"noreferrer noopener\">publicado<\/a> na revista Science Advances, \u00e0 ag\u00eancia norte-americana Associated Press (AP).<\/span><\/p><\/blockquote>\n\n\n\n<p>&#8220;Este tipo de descoberta \u00e9 a raz\u00e3o pela qual os cientistas est\u00e3o se afastando do pensamento de que n\u00f3s, humanos, somos t\u00e3o vastamente diferentes dos neandertais&#8221;, comentou.<\/p>\n\n\n\n<figure class=\"wp-block-embed-twitter wp-block-embed is-type-rich is-provider-twitter\"><div class=\"wp-block-embed__wrapper\">\n<blockquote class=\"twitter-tweet\" data-width=\"550\" data-dnt=\"true\"><p lang=\"pt\" dir=\"ltr\">Cientistas revelam que f\u00f3ssil chin\u00eas de mais de 145 mil anos pode ser elo perdido da evolu\u00e7\u00e3o do g\u00eanero Homo e da origem do Homo sapiens <a href=\"https:\/\/t.co\/MKPN8jZIiw\">https:\/\/t.co\/MKPN8jZIiw<\/a><\/p>&mdash; Sputnik Brasil (@sputnik_brasil) <a href=\"https:\/\/twitter.com\/sputnik_brasil\/status\/1408475021035573250?ref_src=twsrc%5Etfw\">June 25, 2021<\/a><\/blockquote><script async src=\"https:\/\/platform.twitter.com\/widgets.js\" charset=\"utf-8\"><\/script>\n<\/div><\/figure>\n\n\n\n<p>O objetivo do estudo era determinar quais partes do DNA humano s\u00e3o espec\u00edficas das pessoas modernas. Os pesquisadores examinaram 279 amostras de DNA de pessoas atuais, juntamente com o DNA dos restos mortais de neandertais <a href=\"https:\/\/br.sputniknews.com\/ciencia_tecnologia\/2021021716969729-descoberta-heranca-denisovana-em-tracos-faciais-dos-latino-americanos\/\" target=\"_blank\" rel=\"noreferrer noopener\">e denisovanos<\/a>, datados entre 40.000 e 50.000 anos atr\u00e1s.<br>Uma parte ainda menor dos genes humanos pertence exclusivamente \u00e0s pessoas que vivem hoje no mundo \u2014 1,5%. Somente este extrato de nosso DNA cont\u00e9m informa\u00e7\u00f5es valiosas sobre caracter\u00edsticas distintivas da humanidade moderna, que \u00e9 &#8220;na verdade uma esp\u00e9cie muito jovem&#8221;.<\/p>\n\n\n\n<blockquote class=\"wp-block-quote is-layout-flow wp-block-quote-is-layout-flow\"><p><span class=\"has-inline-color has-luminous-vivid-orange-color\">&#8220;Podemos dizer que essas regi\u00f5es do genoma s\u00e3o altamente enriquecidas por genes que t\u00eam a ver com o desenvolvimento neural e a fun\u00e7\u00e3o cerebral&#8221;, disse Richard Green, bi\u00f3logo computacional da Universidade da Calif\u00f3rnia, Santa Cruz, e coautor da pesquisa, \u00e0 AP.<\/span><\/p><\/blockquote>\n\n\n\n<p>Joshua Akey, que <a href=\"https:\/\/science.sciencemag.org\/content\/343\/6174\/1017.abstract\" target=\"_blank\" rel=\"noreferrer noopener\">publicou<\/a>\u00a0em 2014 um estudo que mostrava a presen\u00e7a de DNA neandertal nos humanos modernos, concordou que a mais recente pesquisa sublinha &#8220;que na verdade somos uma\u00a0<a href=\"https:\/\/br.sputniknews.com\/ciencia_tecnologia\/2021040817292457-pitada-de-genes-neandertais-cientistas-reconstroem-o-genoma-mais-antigo-do-homem-europeu-foto\/\" target=\"_blank\" rel=\"noreferrer noopener\">esp\u00e9cie muito nova<\/a>&#8220;. &#8220;N\u00e3o h\u00e1 muito tempo, compartilh\u00e1vamos o planeta com outras linhagens humanas&#8221;.<\/p>\n\n\n\n<p><strong><em>Fonte: <a href=\"https:\/\/br.sputniknews.com\/ciencia_tecnologia\/2021072017801061-mais-de-90-do-dna-humano-nao-e-nosso-revela-estudo\/\">Sputnik News Brasil<\/a><\/em><\/strong><\/p>\n","protected":false},"excerpt":{"rendered":"<p>Pesquisadores apontam que apenas 7% de todo o DNA humano na Terra pertence exclusivamente aos humanos e que uma propor\u00e7\u00e3o ainda inferior \u00e9 compartilhada entre todos os humanos modernos O DNA \u00fanico aos humanos apenas totaliza 7% de nosso genoma, um n\u00famero baixo, que indica que temos mais em comum com nossos parentes pr\u00e9-hist\u00f3ricos do [&hellip;]<\/p>\n","protected":false},"author":2,"featured_media":20987,"comment_status":"open","ping_status":"open","sticky":false,"template":"","format":"standard","meta":{"footnotes":""},"categories":[2],"tags":[10261,10262,159,10263,94,9614,10264],"class_list":["post-20986","post","type-post","status-publish","format-standard","has-post-thumbnail","hentry","category-ciencia","tag-ap","tag-associated-press","tag-eua","tag-science-advances","tag-terra","tag-universidade-da-california","tag-universidade-da-california-em-santa-cruz"],"yoast_head":"<!-- This site is optimized with the Yoast SEO plugin v26.5 - https:\/\/yoast.com\/wordpress\/plugins\/seo\/ -->\n<title>Mais de 90% do DNA humano n\u00e3o \u00e9 &#039;nosso&#039;, revela estudo - Jornal Fatos e Not\u00edcias<\/title>\n<meta name=\"robots\" content=\"index, follow, max-snippet:-1, max-image-preview:large, max-video-preview:-1\" \/>\n<link rel=\"canonical\" href=\"https:\/\/jornalfatosenoticias.com.br\/index.php\/2021\/07\/23\/mais-de-90-do-dna-humano-nao-e-nosso-revela-estudo\/\" \/>\n<meta property=\"og:locale\" content=\"pt_BR\" \/>\n<meta property=\"og:type\" content=\"article\" \/>\n<meta property=\"og:title\" content=\"Mais de 90% do DNA humano n\u00e3o \u00e9 &#039;nosso&#039;, revela estudo - Jornal Fatos e Not\u00edcias\" \/>\n<meta property=\"og:description\" content=\"Pesquisadores apontam que apenas 7% de todo o DNA humano na Terra pertence exclusivamente aos humanos e que uma propor\u00e7\u00e3o ainda inferior \u00e9 compartilhada entre todos os humanos modernos O DNA \u00fanico aos humanos apenas totaliza 7% de nosso genoma, um n\u00famero baixo, que indica que temos mais em comum com nossos parentes pr\u00e9-hist\u00f3ricos do [&hellip;]\" \/>\n<meta property=\"og:url\" content=\"https:\/\/jornalfatosenoticias.com.br\/index.php\/2021\/07\/23\/mais-de-90-do-dna-humano-nao-e-nosso-revela-estudo\/\" \/>\n<meta property=\"og:site_name\" content=\"Jornal Fatos e Not\u00edcias\" \/>\n<meta property=\"article:published_time\" content=\"2021-07-23T18:12:52+00:00\" \/>\n<meta property=\"article:modified_time\" content=\"2021-07-23T18:12:54+00:00\" \/>\n<meta property=\"og:image\" content=\"https:\/\/jornalfatosenoticias.com.br\/wp-content\/uploads\/2021\/07\/DNA-HUMANOS.jpg\" \/>\n\t<meta property=\"og:image:width\" content=\"1000\" \/>\n\t<meta property=\"og:image:height\" content=\"541\" \/>\n\t<meta property=\"og:image:type\" content=\"image\/jpeg\" \/>\n<meta name=\"author\" content=\"Luzimara Fernandes\" \/>\n<meta name=\"twitter:card\" content=\"summary_large_image\" \/>\n<meta name=\"twitter:label1\" content=\"Escrito por\" \/>\n\t<meta name=\"twitter:data1\" content=\"Luzimara Fernandes\" \/>\n\t<meta name=\"twitter:label2\" content=\"Est. tempo de leitura\" \/>\n\t<meta name=\"twitter:data2\" content=\"2 minutos\" \/>\n<script type=\"application\/ld+json\" class=\"yoast-schema-graph\">{\"@context\":\"https:\/\/schema.org\",\"@graph\":[{\"@type\":\"Article\",\"@id\":\"https:\/\/jornalfatosenoticias.com.br\/index.php\/2021\/07\/23\/mais-de-90-do-dna-humano-nao-e-nosso-revela-estudo\/#article\",\"isPartOf\":{\"@id\":\"https:\/\/jornalfatosenoticias.com.br\/index.php\/2021\/07\/23\/mais-de-90-do-dna-humano-nao-e-nosso-revela-estudo\/\"},\"author\":{\"name\":\"Luzimara Fernandes\",\"@id\":\"https:\/\/jornalfatosenoticias.com.br\/#\/schema\/person\/d63837fa13ac8666eb9e74e0985d6f81\"},\"headline\":\"Mais de 90% do DNA humano n\u00e3o \u00e9 &#8216;nosso&#8217;, revela estudo\",\"datePublished\":\"2021-07-23T18:12:52+00:00\",\"dateModified\":\"2021-07-23T18:12:54+00:00\",\"mainEntityOfPage\":{\"@id\":\"https:\/\/jornalfatosenoticias.com.br\/index.php\/2021\/07\/23\/mais-de-90-do-dna-humano-nao-e-nosso-revela-estudo\/\"},\"wordCount\":354,\"commentCount\":0,\"publisher\":{\"@id\":\"https:\/\/jornalfatosenoticias.com.br\/#organization\"},\"image\":{\"@id\":\"https:\/\/jornalfatosenoticias.com.br\/index.php\/2021\/07\/23\/mais-de-90-do-dna-humano-nao-e-nosso-revela-estudo\/#primaryimage\"},\"thumbnailUrl\":\"https:\/\/jornalfatosenoticias.com.br\/wp-content\/uploads\/2021\/07\/DNA-HUMANOS.jpg\",\"keywords\":[\"AP\",\"Associated Press\",\"EUA\",\"Science Advances\",\"Terra\",\"Universidade da Calif\u00f3rnia\",\"Universidade da Calif\u00f3rnia em Santa Cruz\"],\"articleSection\":[\"Ci\u00eancia\"],\"inLanguage\":\"pt-BR\",\"potentialAction\":[{\"@type\":\"CommentAction\",\"name\":\"Comment\",\"target\":[\"https:\/\/jornalfatosenoticias.com.br\/index.php\/2021\/07\/23\/mais-de-90-do-dna-humano-nao-e-nosso-revela-estudo\/#respond\"]}]},{\"@type\":\"WebPage\",\"@id\":\"https:\/\/jornalfatosenoticias.com.br\/index.php\/2021\/07\/23\/mais-de-90-do-dna-humano-nao-e-nosso-revela-estudo\/\",\"url\":\"https:\/\/jornalfatosenoticias.com.br\/index.php\/2021\/07\/23\/mais-de-90-do-dna-humano-nao-e-nosso-revela-estudo\/\",\"name\":\"Mais de 90% do DNA humano n\u00e3o \u00e9 'nosso', revela estudo - Jornal Fatos e Not\u00edcias\",\"isPartOf\":{\"@id\":\"https:\/\/jornalfatosenoticias.com.br\/#website\"},\"primaryImageOfPage\":{\"@id\":\"https:\/\/jornalfatosenoticias.com.br\/index.php\/2021\/07\/23\/mais-de-90-do-dna-humano-nao-e-nosso-revela-estudo\/#primaryimage\"},\"image\":{\"@id\":\"https:\/\/jornalfatosenoticias.com.br\/index.php\/2021\/07\/23\/mais-de-90-do-dna-humano-nao-e-nosso-revela-estudo\/#primaryimage\"},\"thumbnailUrl\":\"https:\/\/jornalfatosenoticias.com.br\/wp-content\/uploads\/2021\/07\/DNA-HUMANOS.jpg\",\"datePublished\":\"2021-07-23T18:12:52+00:00\",\"dateModified\":\"2021-07-23T18:12:54+00:00\",\"breadcrumb\":{\"@id\":\"https:\/\/jornalfatosenoticias.com.br\/index.php\/2021\/07\/23\/mais-de-90-do-dna-humano-nao-e-nosso-revela-estudo\/#breadcrumb\"},\"inLanguage\":\"pt-BR\",\"potentialAction\":[{\"@type\":\"ReadAction\",\"target\":[\"https:\/\/jornalfatosenoticias.com.br\/index.php\/2021\/07\/23\/mais-de-90-do-dna-humano-nao-e-nosso-revela-estudo\/\"]}]},{\"@type\":\"ImageObject\",\"inLanguage\":\"pt-BR\",\"@id\":\"https:\/\/jornalfatosenoticias.com.br\/index.php\/2021\/07\/23\/mais-de-90-do-dna-humano-nao-e-nosso-revela-estudo\/#primaryimage\",\"url\":\"https:\/\/jornalfatosenoticias.com.br\/wp-content\/uploads\/2021\/07\/DNA-HUMANOS.jpg\",\"contentUrl\":\"https:\/\/jornalfatosenoticias.com.br\/wp-content\/uploads\/2021\/07\/DNA-HUMANOS.jpg\",\"width\":1000,\"height\":541},{\"@type\":\"BreadcrumbList\",\"@id\":\"https:\/\/jornalfatosenoticias.com.br\/index.php\/2021\/07\/23\/mais-de-90-do-dna-humano-nao-e-nosso-revela-estudo\/#breadcrumb\",\"itemListElement\":[{\"@type\":\"ListItem\",\"position\":1,\"name\":\"In\u00edcio\",\"item\":\"https:\/\/jornalfatosenoticias.com.br\/\"},{\"@type\":\"ListItem\",\"position\":2,\"name\":\"Mais de 90% do DNA humano n\u00e3o \u00e9 &#8216;nosso&#8217;, revela estudo\"}]},{\"@type\":\"WebSite\",\"@id\":\"https:\/\/jornalfatosenoticias.com.br\/#website\",\"url\":\"https:\/\/jornalfatosenoticias.com.br\/\",\"name\":\"Jornal Fatos e Not\u00edcias\",\"description\":\"Not\u00edcias em geral\",\"publisher\":{\"@id\":\"https:\/\/jornalfatosenoticias.com.br\/#organization\"},\"potentialAction\":[{\"@type\":\"SearchAction\",\"target\":{\"@type\":\"EntryPoint\",\"urlTemplate\":\"https:\/\/jornalfatosenoticias.com.br\/?s={search_term_string}\"},\"query-input\":{\"@type\":\"PropertyValueSpecification\",\"valueRequired\":true,\"valueName\":\"search_term_string\"}}],\"inLanguage\":\"pt-BR\"},{\"@type\":\"Organization\",\"@id\":\"https:\/\/jornalfatosenoticias.com.br\/#organization\",\"name\":\"Jornal Fatos e Not\u00edcias\",\"url\":\"https:\/\/jornalfatosenoticias.com.br\/\",\"logo\":{\"@type\":\"ImageObject\",\"inLanguage\":\"pt-BR\",\"@id\":\"https:\/\/jornalfatosenoticias.com.br\/#\/schema\/logo\/image\/\",\"url\":\"https:\/\/jornalfatosenoticias.com.br\/wp-content\/uploads\/2020\/02\/logo120.png\",\"contentUrl\":\"https:\/\/jornalfatosenoticias.com.br\/wp-content\/uploads\/2020\/02\/logo120.png\",\"width\":1227,\"height\":120,\"caption\":\"Jornal Fatos e Not\u00edcias\"},\"image\":{\"@id\":\"https:\/\/jornalfatosenoticias.com.br\/#\/schema\/logo\/image\/\"}},{\"@type\":\"Person\",\"@id\":\"https:\/\/jornalfatosenoticias.com.br\/#\/schema\/person\/d63837fa13ac8666eb9e74e0985d6f81\",\"name\":\"Luzimara Fernandes\",\"image\":{\"@type\":\"ImageObject\",\"inLanguage\":\"pt-BR\",\"@id\":\"https:\/\/jornalfatosenoticias.com.br\/#\/schema\/person\/image\/\",\"url\":\"https:\/\/jornalfatosenoticias.com.br\/wp-content\/uploads\/2025\/05\/EU_portal.jpg\",\"contentUrl\":\"https:\/\/jornalfatosenoticias.com.br\/wp-content\/uploads\/2025\/05\/EU_portal.jpg\",\"caption\":\"Luzimara Fernandes\"},\"description\":\"Jornalista MTB 2358-ES\",\"sameAs\":[\"https:\/\/jornalfatosenoticias.com.br\"],\"url\":\"https:\/\/jornalfatosenoticias.com.br\/index.php\/author\/luzimara\/\"}]}<\/script>\n<!-- \/ Yoast SEO plugin. -->","yoast_head_json":{"title":"Mais de 90% do DNA humano n\u00e3o \u00e9 'nosso', revela estudo - Jornal Fatos e Not\u00edcias","robots":{"index":"index","follow":"follow","max-snippet":"max-snippet:-1","max-image-preview":"max-image-preview:large","max-video-preview":"max-video-preview:-1"},"canonical":"https:\/\/jornalfatosenoticias.com.br\/index.php\/2021\/07\/23\/mais-de-90-do-dna-humano-nao-e-nosso-revela-estudo\/","og_locale":"pt_BR","og_type":"article","og_title":"Mais de 90% do DNA humano n\u00e3o \u00e9 'nosso', revela estudo - Jornal Fatos e Not\u00edcias","og_description":"Pesquisadores apontam que apenas 7% de todo o DNA humano na Terra pertence exclusivamente aos humanos e que uma propor\u00e7\u00e3o ainda inferior \u00e9 compartilhada entre todos os humanos modernos O DNA \u00fanico aos humanos apenas totaliza 7% de nosso genoma, um n\u00famero baixo, que indica que temos mais em comum com nossos parentes pr\u00e9-hist\u00f3ricos do [&hellip;]","og_url":"https:\/\/jornalfatosenoticias.com.br\/index.php\/2021\/07\/23\/mais-de-90-do-dna-humano-nao-e-nosso-revela-estudo\/","og_site_name":"Jornal Fatos e Not\u00edcias","article_published_time":"2021-07-23T18:12:52+00:00","article_modified_time":"2021-07-23T18:12:54+00:00","og_image":[{"width":1000,"height":541,"url":"https:\/\/jornalfatosenoticias.com.br\/wp-content\/uploads\/2021\/07\/DNA-HUMANOS.jpg","type":"image\/jpeg"}],"author":"Luzimara Fernandes","twitter_card":"summary_large_image","twitter_misc":{"Escrito por":"Luzimara Fernandes","Est. tempo de leitura":"2 minutos"},"schema":{"@context":"https:\/\/schema.org","@graph":[{"@type":"Article","@id":"https:\/\/jornalfatosenoticias.com.br\/index.php\/2021\/07\/23\/mais-de-90-do-dna-humano-nao-e-nosso-revela-estudo\/#article","isPartOf":{"@id":"https:\/\/jornalfatosenoticias.com.br\/index.php\/2021\/07\/23\/mais-de-90-do-dna-humano-nao-e-nosso-revela-estudo\/"},"author":{"name":"Luzimara Fernandes","@id":"https:\/\/jornalfatosenoticias.com.br\/#\/schema\/person\/d63837fa13ac8666eb9e74e0985d6f81"},"headline":"Mais de 90% do DNA humano n\u00e3o \u00e9 &#8216;nosso&#8217;, revela estudo","datePublished":"2021-07-23T18:12:52+00:00","dateModified":"2021-07-23T18:12:54+00:00","mainEntityOfPage":{"@id":"https:\/\/jornalfatosenoticias.com.br\/index.php\/2021\/07\/23\/mais-de-90-do-dna-humano-nao-e-nosso-revela-estudo\/"},"wordCount":354,"commentCount":0,"publisher":{"@id":"https:\/\/jornalfatosenoticias.com.br\/#organization"},"image":{"@id":"https:\/\/jornalfatosenoticias.com.br\/index.php\/2021\/07\/23\/mais-de-90-do-dna-humano-nao-e-nosso-revela-estudo\/#primaryimage"},"thumbnailUrl":"https:\/\/jornalfatosenoticias.com.br\/wp-content\/uploads\/2021\/07\/DNA-HUMANOS.jpg","keywords":["AP","Associated Press","EUA","Science Advances","Terra","Universidade da Calif\u00f3rnia","Universidade da Calif\u00f3rnia em Santa Cruz"],"articleSection":["Ci\u00eancia"],"inLanguage":"pt-BR","potentialAction":[{"@type":"CommentAction","name":"Comment","target":["https:\/\/jornalfatosenoticias.com.br\/index.php\/2021\/07\/23\/mais-de-90-do-dna-humano-nao-e-nosso-revela-estudo\/#respond"]}]},{"@type":"WebPage","@id":"https:\/\/jornalfatosenoticias.com.br\/index.php\/2021\/07\/23\/mais-de-90-do-dna-humano-nao-e-nosso-revela-estudo\/","url":"https:\/\/jornalfatosenoticias.com.br\/index.php\/2021\/07\/23\/mais-de-90-do-dna-humano-nao-e-nosso-revela-estudo\/","name":"Mais de 90% do DNA humano n\u00e3o \u00e9 'nosso', revela estudo - Jornal Fatos e Not\u00edcias","isPartOf":{"@id":"https:\/\/jornalfatosenoticias.com.br\/#website"},"primaryImageOfPage":{"@id":"https:\/\/jornalfatosenoticias.com.br\/index.php\/2021\/07\/23\/mais-de-90-do-dna-humano-nao-e-nosso-revela-estudo\/#primaryimage"},"image":{"@id":"https:\/\/jornalfatosenoticias.com.br\/index.php\/2021\/07\/23\/mais-de-90-do-dna-humano-nao-e-nosso-revela-estudo\/#primaryimage"},"thumbnailUrl":"https:\/\/jornalfatosenoticias.com.br\/wp-content\/uploads\/2021\/07\/DNA-HUMANOS.jpg","datePublished":"2021-07-23T18:12:52+00:00","dateModified":"2021-07-23T18:12:54+00:00","breadcrumb":{"@id":"https:\/\/jornalfatosenoticias.com.br\/index.php\/2021\/07\/23\/mais-de-90-do-dna-humano-nao-e-nosso-revela-estudo\/#breadcrumb"},"inLanguage":"pt-BR","potentialAction":[{"@type":"ReadAction","target":["https:\/\/jornalfatosenoticias.com.br\/index.php\/2021\/07\/23\/mais-de-90-do-dna-humano-nao-e-nosso-revela-estudo\/"]}]},{"@type":"ImageObject","inLanguage":"pt-BR","@id":"https:\/\/jornalfatosenoticias.com.br\/index.php\/2021\/07\/23\/mais-de-90-do-dna-humano-nao-e-nosso-revela-estudo\/#primaryimage","url":"https:\/\/jornalfatosenoticias.com.br\/wp-content\/uploads\/2021\/07\/DNA-HUMANOS.jpg","contentUrl":"https:\/\/jornalfatosenoticias.com.br\/wp-content\/uploads\/2021\/07\/DNA-HUMANOS.jpg","width":1000,"height":541},{"@type":"BreadcrumbList","@id":"https:\/\/jornalfatosenoticias.com.br\/index.php\/2021\/07\/23\/mais-de-90-do-dna-humano-nao-e-nosso-revela-estudo\/#breadcrumb","itemListElement":[{"@type":"ListItem","position":1,"name":"In\u00edcio","item":"https:\/\/jornalfatosenoticias.com.br\/"},{"@type":"ListItem","position":2,"name":"Mais de 90% do DNA humano n\u00e3o \u00e9 &#8216;nosso&#8217;, revela estudo"}]},{"@type":"WebSite","@id":"https:\/\/jornalfatosenoticias.com.br\/#website","url":"https:\/\/jornalfatosenoticias.com.br\/","name":"Jornal Fatos e Not\u00edcias","description":"Not\u00edcias em geral","publisher":{"@id":"https:\/\/jornalfatosenoticias.com.br\/#organization"},"potentialAction":[{"@type":"SearchAction","target":{"@type":"EntryPoint","urlTemplate":"https:\/\/jornalfatosenoticias.com.br\/?s={search_term_string}"},"query-input":{"@type":"PropertyValueSpecification","valueRequired":true,"valueName":"search_term_string"}}],"inLanguage":"pt-BR"},{"@type":"Organization","@id":"https:\/\/jornalfatosenoticias.com.br\/#organization","name":"Jornal Fatos e Not\u00edcias","url":"https:\/\/jornalfatosenoticias.com.br\/","logo":{"@type":"ImageObject","inLanguage":"pt-BR","@id":"https:\/\/jornalfatosenoticias.com.br\/#\/schema\/logo\/image\/","url":"https:\/\/jornalfatosenoticias.com.br\/wp-content\/uploads\/2020\/02\/logo120.png","contentUrl":"https:\/\/jornalfatosenoticias.com.br\/wp-content\/uploads\/2020\/02\/logo120.png","width":1227,"height":120,"caption":"Jornal Fatos e Not\u00edcias"},"image":{"@id":"https:\/\/jornalfatosenoticias.com.br\/#\/schema\/logo\/image\/"}},{"@type":"Person","@id":"https:\/\/jornalfatosenoticias.com.br\/#\/schema\/person\/d63837fa13ac8666eb9e74e0985d6f81","name":"Luzimara Fernandes","image":{"@type":"ImageObject","inLanguage":"pt-BR","@id":"https:\/\/jornalfatosenoticias.com.br\/#\/schema\/person\/image\/","url":"https:\/\/jornalfatosenoticias.com.br\/wp-content\/uploads\/2025\/05\/EU_portal.jpg","contentUrl":"https:\/\/jornalfatosenoticias.com.br\/wp-content\/uploads\/2025\/05\/EU_portal.jpg","caption":"Luzimara Fernandes"},"description":"Jornalista MTB 2358-ES","sameAs":["https:\/\/jornalfatosenoticias.com.br"],"url":"https:\/\/jornalfatosenoticias.com.br\/index.php\/author\/luzimara\/"}]}},"cc_featured_image_caption":{"caption_text":"\r\n(Foto: AP Photo\/Martin Meissner)","source_text":"","source_url":""},"jetpack_featured_media_url":"https:\/\/jornalfatosenoticias.com.br\/wp-content\/uploads\/2021\/07\/DNA-HUMANOS.jpg","_links":{"self":[{"href":"https:\/\/jornalfatosenoticias.com.br\/index.php\/wp-json\/wp\/v2\/posts\/20986","targetHints":{"allow":["GET"]}}],"collection":[{"href":"https:\/\/jornalfatosenoticias.com.br\/index.php\/wp-json\/wp\/v2\/posts"}],"about":[{"href":"https:\/\/jornalfatosenoticias.com.br\/index.php\/wp-json\/wp\/v2\/types\/post"}],"author":[{"embeddable":true,"href":"https:\/\/jornalfatosenoticias.com.br\/index.php\/wp-json\/wp\/v2\/users\/2"}],"replies":[{"embeddable":true,"href":"https:\/\/jornalfatosenoticias.com.br\/index.php\/wp-json\/wp\/v2\/comments?post=20986"}],"version-history":[{"count":0,"href":"https:\/\/jornalfatosenoticias.com.br\/index.php\/wp-json\/wp\/v2\/posts\/20986\/revisions"}],"wp:featuredmedia":[{"embeddable":true,"href":"https:\/\/jornalfatosenoticias.com.br\/index.php\/wp-json\/wp\/v2\/media\/20987"}],"wp:attachment":[{"href":"https:\/\/jornalfatosenoticias.com.br\/index.php\/wp-json\/wp\/v2\/media?parent=20986"}],"wp:term":[{"taxonomy":"category","embeddable":true,"href":"https:\/\/jornalfatosenoticias.com.br\/index.php\/wp-json\/wp\/v2\/categories?post=20986"},{"taxonomy":"post_tag","embeddable":true,"href":"https:\/\/jornalfatosenoticias.com.br\/index.php\/wp-json\/wp\/v2\/tags?post=20986"}],"curies":[{"name":"wp","href":"https:\/\/api.w.org\/{rel}","templated":true}]}}