{"id":21101,"date":"2021-07-27T08:42:59","date_gmt":"2021-07-27T11:42:59","guid":{"rendered":"https:\/\/jornalfatosenoticias.com.br\/?p=21101"},"modified":"2021-07-27T08:43:05","modified_gmt":"2021-07-27T11:43:05","slug":"italo-ferreira-e-ouro-em-toquio-e-1o-campeao-olimpico-no-surfe","status":"publish","type":"post","link":"https:\/\/jornalfatosenoticias.com.br\/index.php\/2021\/07\/27\/italo-ferreira-e-ouro-em-toquio-e-1o-campeao-olimpico-no-surfe\/","title":{"rendered":"\u00cdtalo Ferreira \u00e9 ouro em T\u00f3quio e 1\u00ba campe\u00e3o ol\u00edmpico no surfe"},"content":{"rendered":"\n<p><em><span class=\"has-inline-color has-black-color\">Atual campe\u00e3o mundial venceu a final contra o jap\u00f4nes Kanoa Igarashi<\/span><\/em><\/p>\n\n\n\n<p>O brasileiro \u00cdtalo Ferreira tirou onda, ou melhor, dominou as ondas na Praia de Tsurigasaki, onde ocorreram as disputas do surfe na Olimp\u00edada de T\u00f3quio (Jap\u00e3o). O potiguar conquistou na madrugada desta ter\u00e7a-feira (27) a primeira medalha de ouro do surfe, modalidade estreante nos Jogos Ol\u00edmpicos. Atual campe\u00e3o mundial, \u00cdtalo dominou a final contra o japon\u00eas Kanoa Igarashi, vencendo por 15.14 a 6.6. A medalha de bronze ficou com o australiano Owen Wright, que venceu o brasileiro Gabriel Medina por 11.97 a 11.77 na disputa pelo p\u00f3dio.<\/p>\n\n\n\n<blockquote class=\"wp-block-quote is-layout-flow wp-block-quote-is-layout-flow\"><p><span class=\"has-inline-color has-luminous-vivid-orange-color\">&#8220;Muito feliz. Foi um dia incr\u00edvel, especial, trabalhei muito para isso e acreditei. \u00c9 incr\u00edvel.&#8221;, disse \u00cdtalo ao site do Comit\u00ea Ol\u00edmpico Brasileiro (COB)<\/span><\/p><\/blockquote>\n\n\n\n<figure class=\"wp-block-embed-twitter wp-block-embed is-type-rich is-provider-twitter\"><div class=\"wp-block-embed__wrapper\">\n<blockquote class=\"twitter-tweet\" data-width=\"550\" data-dnt=\"true\"><p lang=\"en\" dir=\"ltr\">\ud83e\udd47\ud83c\udfc4\ud83c\udffb\u200d\u2642\ufe0f<br><br>\ud83d\udcf8Jonne Roriz\/COB <a href=\"https:\/\/t.co\/xxRmaqo2A9\">pic.twitter.com\/xxRmaqo2A9<\/a><\/p>&mdash; Time Brasil (@timebrasil) <a href=\"https:\/\/twitter.com\/timebrasil\/status\/1419952717489840132?ref_src=twsrc%5Etfw\">July 27, 2021<\/a><\/blockquote><script async src=\"https:\/\/platform.twitter.com\/widgets.js\" charset=\"utf-8\"><\/script>\n<\/div><\/figure>\n\n\n\n<p>Moradores de Ba\u00eda Formosa (RN), cidade Natal do campe\u00e3o, comemoraram o primeiro ouro para o Pa\u00eds em T\u00f3quio.<\/p>\n\n\n\n<figure class=\"wp-block-embed-twitter wp-block-embed is-type-rich is-provider-twitter\"><div class=\"wp-block-embed__wrapper\">\n<blockquote class=\"twitter-tweet\" data-width=\"550\" data-dnt=\"true\"><p lang=\"pt\" dir=\"ltr\">Ba\u00eda Formosa em festa para <a href=\"https:\/\/twitter.com\/italoferreira?ref_src=twsrc%5Etfw\">@italoferreira<\/a><a href=\"https:\/\/t.co\/K6rroc5YlK\">pic.twitter.com\/K6rroc5YlK<\/a><\/p>&mdash; Time Brasil (@timebrasil) <a href=\"https:\/\/twitter.com\/timebrasil\/status\/1419955298161217539?ref_src=twsrc%5Etfw\">July 27, 2021<\/a><\/blockquote><script async src=\"https:\/\/platform.twitter.com\/widgets.js\" charset=\"utf-8\"><\/script>\n<\/div><\/figure>\n\n\n\n<p>Na estreia da competi\u00e7\u00e3o, \u00cdtalo liderou a primeira bateria, com o somat\u00f3rio de pontos de 13.67. Com esta pontua\u00e7\u00e3o, ele ficou \u00e0 frente do japon\u00eas Hiroto Ohhara (11.40), do italiano Leonardo Fioravanti (9.43) e do argentino Lele Usuna (8.27).<br>Classificado para as oitavas de final, o brasileiro derrotou o neozeland\u00eas Billy Stairmand por 14.54 a 9.67. Nas quartas, ele voltou a encarar o japon\u00eas Hiroto Ohhara, que esteve presente na bateria inicial. \u00cdtalo mais uma vez levou vantagem, e derrotou o oponente por 16.3 a 11.9.<\/p>\n\n\n\n<p><strong><em>Fonte: <a href=\"https:\/\/agenciabrasil.ebc.com.br\/esportes\/noticia\/2021-07\/italo-ferreira-e-ouro-em-toquio-e-1o-campeao-olimpico-no-surfe\">Ag\u00eancia Brasil<\/a><\/em><\/strong><\/p>\n","protected":false},"excerpt":{"rendered":"<p>Atual campe\u00e3o mundial venceu a final contra o jap\u00f4nes Kanoa Igarashi O brasileiro \u00cdtalo Ferreira tirou onda, ou melhor, dominou as ondas na Praia de Tsurigasaki, onde ocorreram as disputas do surfe na Olimp\u00edada de T\u00f3quio (Jap\u00e3o). O potiguar conquistou na madrugada desta ter\u00e7a-feira (27) a primeira medalha de ouro do surfe, modalidade estreante nos [&hellip;]<\/p>\n","protected":false},"author":2,"featured_media":21102,"comment_status":"open","ping_status":"open","sticky":false,"template":"","format":"standard","meta":{"footnotes":""},"categories":[12],"tags":[43,10309,651,5656,10310,5287,275],"class_list":["post-21101","post","type-post","status-publish","format-standard","has-post-thumbnail","hentry","category-esportes","tag-esportes","tag-italo-ferreira","tag-olimpiada","tag-ouro","tag-praia-de-tsurigasaki","tag-surfe","tag-toquio-2020"],"yoast_head":"<!-- This site is optimized with the Yoast SEO plugin v26.5 - https:\/\/yoast.com\/wordpress\/plugins\/seo\/ -->\n<title>\u00cdtalo Ferreira \u00e9 ouro em T\u00f3quio e 1\u00ba campe\u00e3o ol\u00edmpico no surfe - Jornal Fatos e Not\u00edcias<\/title>\n<meta name=\"robots\" content=\"index, follow, max-snippet:-1, max-image-preview:large, max-video-preview:-1\" \/>\n<link rel=\"canonical\" href=\"https:\/\/jornalfatosenoticias.com.br\/index.php\/2021\/07\/27\/italo-ferreira-e-ouro-em-toquio-e-1o-campeao-olimpico-no-surfe\/\" \/>\n<meta property=\"og:locale\" content=\"pt_BR\" \/>\n<meta property=\"og:type\" content=\"article\" \/>\n<meta property=\"og:title\" content=\"\u00cdtalo Ferreira \u00e9 ouro em T\u00f3quio e 1\u00ba campe\u00e3o ol\u00edmpico no surfe - Jornal Fatos e Not\u00edcias\" \/>\n<meta property=\"og:description\" content=\"Atual campe\u00e3o mundial venceu a final contra o jap\u00f4nes Kanoa Igarashi O brasileiro \u00cdtalo Ferreira tirou onda, ou melhor, dominou as ondas na Praia de Tsurigasaki, onde ocorreram as disputas do surfe na Olimp\u00edada de T\u00f3quio (Jap\u00e3o). O potiguar conquistou na madrugada desta ter\u00e7a-feira (27) a primeira medalha de ouro do surfe, modalidade estreante nos [&hellip;]\" \/>\n<meta property=\"og:url\" content=\"https:\/\/jornalfatosenoticias.com.br\/index.php\/2021\/07\/27\/italo-ferreira-e-ouro-em-toquio-e-1o-campeao-olimpico-no-surfe\/\" \/>\n<meta property=\"og:site_name\" content=\"Jornal Fatos e Not\u00edcias\" \/>\n<meta property=\"article:published_time\" content=\"2021-07-27T11:42:59+00:00\" \/>\n<meta property=\"article:modified_time\" content=\"2021-07-27T11:43:05+00:00\" \/>\n<meta property=\"og:image\" content=\"https:\/\/jornalfatosenoticias.com.br\/wp-content\/uploads\/2021\/07\/italo_ferreira_ouro_surfe_toquio.jpg\" \/>\n\t<meta property=\"og:image:width\" content=\"1000\" \/>\n\t<meta property=\"og:image:height\" content=\"598\" \/>\n\t<meta property=\"og:image:type\" content=\"image\/jpeg\" \/>\n<meta name=\"author\" content=\"Luzimara Fernandes\" \/>\n<meta name=\"twitter:card\" content=\"summary_large_image\" \/>\n<meta name=\"twitter:label1\" content=\"Escrito por\" \/>\n\t<meta name=\"twitter:data1\" content=\"Luzimara Fernandes\" \/>\n\t<meta name=\"twitter:label2\" content=\"Est. tempo de leitura\" \/>\n\t<meta name=\"twitter:data2\" content=\"2 minutos\" \/>\n<script type=\"application\/ld+json\" class=\"yoast-schema-graph\">{\"@context\":\"https:\/\/schema.org\",\"@graph\":[{\"@type\":\"Article\",\"@id\":\"https:\/\/jornalfatosenoticias.com.br\/index.php\/2021\/07\/27\/italo-ferreira-e-ouro-em-toquio-e-1o-campeao-olimpico-no-surfe\/#article\",\"isPartOf\":{\"@id\":\"https:\/\/jornalfatosenoticias.com.br\/index.php\/2021\/07\/27\/italo-ferreira-e-ouro-em-toquio-e-1o-campeao-olimpico-no-surfe\/\"},\"author\":{\"name\":\"Luzimara Fernandes\",\"@id\":\"https:\/\/jornalfatosenoticias.com.br\/#\/schema\/person\/d63837fa13ac8666eb9e74e0985d6f81\"},\"headline\":\"\u00cdtalo Ferreira \u00e9 ouro em T\u00f3quio e 1\u00ba campe\u00e3o ol\u00edmpico no surfe\",\"datePublished\":\"2021-07-27T11:42:59+00:00\",\"dateModified\":\"2021-07-27T11:43:05+00:00\",\"mainEntityOfPage\":{\"@id\":\"https:\/\/jornalfatosenoticias.com.br\/index.php\/2021\/07\/27\/italo-ferreira-e-ouro-em-toquio-e-1o-campeao-olimpico-no-surfe\/\"},\"wordCount\":317,\"commentCount\":0,\"publisher\":{\"@id\":\"https:\/\/jornalfatosenoticias.com.br\/#organization\"},\"image\":{\"@id\":\"https:\/\/jornalfatosenoticias.com.br\/index.php\/2021\/07\/27\/italo-ferreira-e-ouro-em-toquio-e-1o-campeao-olimpico-no-surfe\/#primaryimage\"},\"thumbnailUrl\":\"https:\/\/jornalfatosenoticias.com.br\/wp-content\/uploads\/2021\/07\/italo_ferreira_ouro_surfe_toquio.jpg\",\"keywords\":[\"esportes\",\"\u00cdtalo Ferreira\",\"Olimp\u00edada\",\"ouro\",\"Praia de Tsurigasaki\",\"surfe\",\"T\u00f3quio 2020\"],\"articleSection\":[\"Esportes\"],\"inLanguage\":\"pt-BR\",\"potentialAction\":[{\"@type\":\"CommentAction\",\"name\":\"Comment\",\"target\":[\"https:\/\/jornalfatosenoticias.com.br\/index.php\/2021\/07\/27\/italo-ferreira-e-ouro-em-toquio-e-1o-campeao-olimpico-no-surfe\/#respond\"]}]},{\"@type\":\"WebPage\",\"@id\":\"https:\/\/jornalfatosenoticias.com.br\/index.php\/2021\/07\/27\/italo-ferreira-e-ouro-em-toquio-e-1o-campeao-olimpico-no-surfe\/\",\"url\":\"https:\/\/jornalfatosenoticias.com.br\/index.php\/2021\/07\/27\/italo-ferreira-e-ouro-em-toquio-e-1o-campeao-olimpico-no-surfe\/\",\"name\":\"\u00cdtalo Ferreira \u00e9 ouro em T\u00f3quio e 1\u00ba campe\u00e3o ol\u00edmpico no surfe - Jornal Fatos e Not\u00edcias\",\"isPartOf\":{\"@id\":\"https:\/\/jornalfatosenoticias.com.br\/#website\"},\"primaryImageOfPage\":{\"@id\":\"https:\/\/jornalfatosenoticias.com.br\/index.php\/2021\/07\/27\/italo-ferreira-e-ouro-em-toquio-e-1o-campeao-olimpico-no-surfe\/#primaryimage\"},\"image\":{\"@id\":\"https:\/\/jornalfatosenoticias.com.br\/index.php\/2021\/07\/27\/italo-ferreira-e-ouro-em-toquio-e-1o-campeao-olimpico-no-surfe\/#primaryimage\"},\"thumbnailUrl\":\"https:\/\/jornalfatosenoticias.com.br\/wp-content\/uploads\/2021\/07\/italo_ferreira_ouro_surfe_toquio.jpg\",\"datePublished\":\"2021-07-27T11:42:59+00:00\",\"dateModified\":\"2021-07-27T11:43:05+00:00\",\"breadcrumb\":{\"@id\":\"https:\/\/jornalfatosenoticias.com.br\/index.php\/2021\/07\/27\/italo-ferreira-e-ouro-em-toquio-e-1o-campeao-olimpico-no-surfe\/#breadcrumb\"},\"inLanguage\":\"pt-BR\",\"potentialAction\":[{\"@type\":\"ReadAction\",\"target\":[\"https:\/\/jornalfatosenoticias.com.br\/index.php\/2021\/07\/27\/italo-ferreira-e-ouro-em-toquio-e-1o-campeao-olimpico-no-surfe\/\"]}]},{\"@type\":\"ImageObject\",\"inLanguage\":\"pt-BR\",\"@id\":\"https:\/\/jornalfatosenoticias.com.br\/index.php\/2021\/07\/27\/italo-ferreira-e-ouro-em-toquio-e-1o-campeao-olimpico-no-surfe\/#primaryimage\",\"url\":\"https:\/\/jornalfatosenoticias.com.br\/wp-content\/uploads\/2021\/07\/italo_ferreira_ouro_surfe_toquio.jpg\",\"contentUrl\":\"https:\/\/jornalfatosenoticias.com.br\/wp-content\/uploads\/2021\/07\/italo_ferreira_ouro_surfe_toquio.jpg\",\"width\":1000,\"height\":598},{\"@type\":\"BreadcrumbList\",\"@id\":\"https:\/\/jornalfatosenoticias.com.br\/index.php\/2021\/07\/27\/italo-ferreira-e-ouro-em-toquio-e-1o-campeao-olimpico-no-surfe\/#breadcrumb\",\"itemListElement\":[{\"@type\":\"ListItem\",\"position\":1,\"name\":\"In\u00edcio\",\"item\":\"https:\/\/jornalfatosenoticias.com.br\/\"},{\"@type\":\"ListItem\",\"position\":2,\"name\":\"\u00cdtalo Ferreira \u00e9 ouro em T\u00f3quio e 1\u00ba campe\u00e3o ol\u00edmpico no surfe\"}]},{\"@type\":\"WebSite\",\"@id\":\"https:\/\/jornalfatosenoticias.com.br\/#website\",\"url\":\"https:\/\/jornalfatosenoticias.com.br\/\",\"name\":\"Jornal Fatos e Not\u00edcias\",\"description\":\"Not\u00edcias em geral\",\"publisher\":{\"@id\":\"https:\/\/jornalfatosenoticias.com.br\/#organization\"},\"potentialAction\":[{\"@type\":\"SearchAction\",\"target\":{\"@type\":\"EntryPoint\",\"urlTemplate\":\"https:\/\/jornalfatosenoticias.com.br\/?s={search_term_string}\"},\"query-input\":{\"@type\":\"PropertyValueSpecification\",\"valueRequired\":true,\"valueName\":\"search_term_string\"}}],\"inLanguage\":\"pt-BR\"},{\"@type\":\"Organization\",\"@id\":\"https:\/\/jornalfatosenoticias.com.br\/#organization\",\"name\":\"Jornal Fatos e Not\u00edcias\",\"url\":\"https:\/\/jornalfatosenoticias.com.br\/\",\"logo\":{\"@type\":\"ImageObject\",\"inLanguage\":\"pt-BR\",\"@id\":\"https:\/\/jornalfatosenoticias.com.br\/#\/schema\/logo\/image\/\",\"url\":\"https:\/\/jornalfatosenoticias.com.br\/wp-content\/uploads\/2020\/02\/logo120.png\",\"contentUrl\":\"https:\/\/jornalfatosenoticias.com.br\/wp-content\/uploads\/2020\/02\/logo120.png\",\"width\":1227,\"height\":120,\"caption\":\"Jornal Fatos e Not\u00edcias\"},\"image\":{\"@id\":\"https:\/\/jornalfatosenoticias.com.br\/#\/schema\/logo\/image\/\"}},{\"@type\":\"Person\",\"@id\":\"https:\/\/jornalfatosenoticias.com.br\/#\/schema\/person\/d63837fa13ac8666eb9e74e0985d6f81\",\"name\":\"Luzimara Fernandes\",\"image\":{\"@type\":\"ImageObject\",\"inLanguage\":\"pt-BR\",\"@id\":\"https:\/\/jornalfatosenoticias.com.br\/#\/schema\/person\/image\/\",\"url\":\"https:\/\/jornalfatosenoticias.com.br\/wp-content\/uploads\/2025\/05\/EU_portal.jpg\",\"contentUrl\":\"https:\/\/jornalfatosenoticias.com.br\/wp-content\/uploads\/2025\/05\/EU_portal.jpg\",\"caption\":\"Luzimara Fernandes\"},\"description\":\"Jornalista MTB 2358-ES\",\"sameAs\":[\"https:\/\/jornalfatosenoticias.com.br\"],\"url\":\"https:\/\/jornalfatosenoticias.com.br\/index.php\/author\/luzimara\/\"}]}<\/script>\n<!-- \/ Yoast SEO plugin. -->","yoast_head_json":{"title":"\u00cdtalo Ferreira \u00e9 ouro em T\u00f3quio e 1\u00ba campe\u00e3o ol\u00edmpico no surfe - Jornal Fatos e Not\u00edcias","robots":{"index":"index","follow":"follow","max-snippet":"max-snippet:-1","max-image-preview":"max-image-preview:large","max-video-preview":"max-video-preview:-1"},"canonical":"https:\/\/jornalfatosenoticias.com.br\/index.php\/2021\/07\/27\/italo-ferreira-e-ouro-em-toquio-e-1o-campeao-olimpico-no-surfe\/","og_locale":"pt_BR","og_type":"article","og_title":"\u00cdtalo Ferreira \u00e9 ouro em T\u00f3quio e 1\u00ba campe\u00e3o ol\u00edmpico no surfe - Jornal Fatos e Not\u00edcias","og_description":"Atual campe\u00e3o mundial venceu a final contra o jap\u00f4nes Kanoa Igarashi O brasileiro \u00cdtalo Ferreira tirou onda, ou melhor, dominou as ondas na Praia de Tsurigasaki, onde ocorreram as disputas do surfe na Olimp\u00edada de T\u00f3quio (Jap\u00e3o). O potiguar conquistou na madrugada desta ter\u00e7a-feira (27) a primeira medalha de ouro do surfe, modalidade estreante nos [&hellip;]","og_url":"https:\/\/jornalfatosenoticias.com.br\/index.php\/2021\/07\/27\/italo-ferreira-e-ouro-em-toquio-e-1o-campeao-olimpico-no-surfe\/","og_site_name":"Jornal Fatos e Not\u00edcias","article_published_time":"2021-07-27T11:42:59+00:00","article_modified_time":"2021-07-27T11:43:05+00:00","og_image":[{"width":1000,"height":598,"url":"https:\/\/jornalfatosenoticias.com.br\/wp-content\/uploads\/2021\/07\/italo_ferreira_ouro_surfe_toquio.jpg","type":"image\/jpeg"}],"author":"Luzimara Fernandes","twitter_card":"summary_large_image","twitter_misc":{"Escrito por":"Luzimara Fernandes","Est. tempo de leitura":"2 minutos"},"schema":{"@context":"https:\/\/schema.org","@graph":[{"@type":"Article","@id":"https:\/\/jornalfatosenoticias.com.br\/index.php\/2021\/07\/27\/italo-ferreira-e-ouro-em-toquio-e-1o-campeao-olimpico-no-surfe\/#article","isPartOf":{"@id":"https:\/\/jornalfatosenoticias.com.br\/index.php\/2021\/07\/27\/italo-ferreira-e-ouro-em-toquio-e-1o-campeao-olimpico-no-surfe\/"},"author":{"name":"Luzimara Fernandes","@id":"https:\/\/jornalfatosenoticias.com.br\/#\/schema\/person\/d63837fa13ac8666eb9e74e0985d6f81"},"headline":"\u00cdtalo Ferreira \u00e9 ouro em T\u00f3quio e 1\u00ba campe\u00e3o ol\u00edmpico no surfe","datePublished":"2021-07-27T11:42:59+00:00","dateModified":"2021-07-27T11:43:05+00:00","mainEntityOfPage":{"@id":"https:\/\/jornalfatosenoticias.com.br\/index.php\/2021\/07\/27\/italo-ferreira-e-ouro-em-toquio-e-1o-campeao-olimpico-no-surfe\/"},"wordCount":317,"commentCount":0,"publisher":{"@id":"https:\/\/jornalfatosenoticias.com.br\/#organization"},"image":{"@id":"https:\/\/jornalfatosenoticias.com.br\/index.php\/2021\/07\/27\/italo-ferreira-e-ouro-em-toquio-e-1o-campeao-olimpico-no-surfe\/#primaryimage"},"thumbnailUrl":"https:\/\/jornalfatosenoticias.com.br\/wp-content\/uploads\/2021\/07\/italo_ferreira_ouro_surfe_toquio.jpg","keywords":["esportes","\u00cdtalo Ferreira","Olimp\u00edada","ouro","Praia de Tsurigasaki","surfe","T\u00f3quio 2020"],"articleSection":["Esportes"],"inLanguage":"pt-BR","potentialAction":[{"@type":"CommentAction","name":"Comment","target":["https:\/\/jornalfatosenoticias.com.br\/index.php\/2021\/07\/27\/italo-ferreira-e-ouro-em-toquio-e-1o-campeao-olimpico-no-surfe\/#respond"]}]},{"@type":"WebPage","@id":"https:\/\/jornalfatosenoticias.com.br\/index.php\/2021\/07\/27\/italo-ferreira-e-ouro-em-toquio-e-1o-campeao-olimpico-no-surfe\/","url":"https:\/\/jornalfatosenoticias.com.br\/index.php\/2021\/07\/27\/italo-ferreira-e-ouro-em-toquio-e-1o-campeao-olimpico-no-surfe\/","name":"\u00cdtalo Ferreira \u00e9 ouro em T\u00f3quio e 1\u00ba campe\u00e3o ol\u00edmpico no surfe - Jornal Fatos e Not\u00edcias","isPartOf":{"@id":"https:\/\/jornalfatosenoticias.com.br\/#website"},"primaryImageOfPage":{"@id":"https:\/\/jornalfatosenoticias.com.br\/index.php\/2021\/07\/27\/italo-ferreira-e-ouro-em-toquio-e-1o-campeao-olimpico-no-surfe\/#primaryimage"},"image":{"@id":"https:\/\/jornalfatosenoticias.com.br\/index.php\/2021\/07\/27\/italo-ferreira-e-ouro-em-toquio-e-1o-campeao-olimpico-no-surfe\/#primaryimage"},"thumbnailUrl":"https:\/\/jornalfatosenoticias.com.br\/wp-content\/uploads\/2021\/07\/italo_ferreira_ouro_surfe_toquio.jpg","datePublished":"2021-07-27T11:42:59+00:00","dateModified":"2021-07-27T11:43:05+00:00","breadcrumb":{"@id":"https:\/\/jornalfatosenoticias.com.br\/index.php\/2021\/07\/27\/italo-ferreira-e-ouro-em-toquio-e-1o-campeao-olimpico-no-surfe\/#breadcrumb"},"inLanguage":"pt-BR","potentialAction":[{"@type":"ReadAction","target":["https:\/\/jornalfatosenoticias.com.br\/index.php\/2021\/07\/27\/italo-ferreira-e-ouro-em-toquio-e-1o-campeao-olimpico-no-surfe\/"]}]},{"@type":"ImageObject","inLanguage":"pt-BR","@id":"https:\/\/jornalfatosenoticias.com.br\/index.php\/2021\/07\/27\/italo-ferreira-e-ouro-em-toquio-e-1o-campeao-olimpico-no-surfe\/#primaryimage","url":"https:\/\/jornalfatosenoticias.com.br\/wp-content\/uploads\/2021\/07\/italo_ferreira_ouro_surfe_toquio.jpg","contentUrl":"https:\/\/jornalfatosenoticias.com.br\/wp-content\/uploads\/2021\/07\/italo_ferreira_ouro_surfe_toquio.jpg","width":1000,"height":598},{"@type":"BreadcrumbList","@id":"https:\/\/jornalfatosenoticias.com.br\/index.php\/2021\/07\/27\/italo-ferreira-e-ouro-em-toquio-e-1o-campeao-olimpico-no-surfe\/#breadcrumb","itemListElement":[{"@type":"ListItem","position":1,"name":"In\u00edcio","item":"https:\/\/jornalfatosenoticias.com.br\/"},{"@type":"ListItem","position":2,"name":"\u00cdtalo Ferreira \u00e9 ouro em T\u00f3quio e 1\u00ba campe\u00e3o ol\u00edmpico no surfe"}]},{"@type":"WebSite","@id":"https:\/\/jornalfatosenoticias.com.br\/#website","url":"https:\/\/jornalfatosenoticias.com.br\/","name":"Jornal Fatos e Not\u00edcias","description":"Not\u00edcias em geral","publisher":{"@id":"https:\/\/jornalfatosenoticias.com.br\/#organization"},"potentialAction":[{"@type":"SearchAction","target":{"@type":"EntryPoint","urlTemplate":"https:\/\/jornalfatosenoticias.com.br\/?s={search_term_string}"},"query-input":{"@type":"PropertyValueSpecification","valueRequired":true,"valueName":"search_term_string"}}],"inLanguage":"pt-BR"},{"@type":"Organization","@id":"https:\/\/jornalfatosenoticias.com.br\/#organization","name":"Jornal Fatos e Not\u00edcias","url":"https:\/\/jornalfatosenoticias.com.br\/","logo":{"@type":"ImageObject","inLanguage":"pt-BR","@id":"https:\/\/jornalfatosenoticias.com.br\/#\/schema\/logo\/image\/","url":"https:\/\/jornalfatosenoticias.com.br\/wp-content\/uploads\/2020\/02\/logo120.png","contentUrl":"https:\/\/jornalfatosenoticias.com.br\/wp-content\/uploads\/2020\/02\/logo120.png","width":1227,"height":120,"caption":"Jornal Fatos e Not\u00edcias"},"image":{"@id":"https:\/\/jornalfatosenoticias.com.br\/#\/schema\/logo\/image\/"}},{"@type":"Person","@id":"https:\/\/jornalfatosenoticias.com.br\/#\/schema\/person\/d63837fa13ac8666eb9e74e0985d6f81","name":"Luzimara Fernandes","image":{"@type":"ImageObject","inLanguage":"pt-BR","@id":"https:\/\/jornalfatosenoticias.com.br\/#\/schema\/person\/image\/","url":"https:\/\/jornalfatosenoticias.com.br\/wp-content\/uploads\/2025\/05\/EU_portal.jpg","contentUrl":"https:\/\/jornalfatosenoticias.com.br\/wp-content\/uploads\/2025\/05\/EU_portal.jpg","caption":"Luzimara Fernandes"},"description":"Jornalista MTB 2358-ES","sameAs":["https:\/\/jornalfatosenoticias.com.br"],"url":"https:\/\/jornalfatosenoticias.com.br\/index.php\/author\/luzimara\/"}]}},"cc_featured_image_caption":{"caption_text":"(Foto: Jonne Roriz\/COB\/Direitos Reservados)","source_text":"","source_url":""},"jetpack_featured_media_url":"https:\/\/jornalfatosenoticias.com.br\/wp-content\/uploads\/2021\/07\/italo_ferreira_ouro_surfe_toquio.jpg","_links":{"self":[{"href":"https:\/\/jornalfatosenoticias.com.br\/index.php\/wp-json\/wp\/v2\/posts\/21101","targetHints":{"allow":["GET"]}}],"collection":[{"href":"https:\/\/jornalfatosenoticias.com.br\/index.php\/wp-json\/wp\/v2\/posts"}],"about":[{"href":"https:\/\/jornalfatosenoticias.com.br\/index.php\/wp-json\/wp\/v2\/types\/post"}],"author":[{"embeddable":true,"href":"https:\/\/jornalfatosenoticias.com.br\/index.php\/wp-json\/wp\/v2\/users\/2"}],"replies":[{"embeddable":true,"href":"https:\/\/jornalfatosenoticias.com.br\/index.php\/wp-json\/wp\/v2\/comments?post=21101"}],"version-history":[{"count":0,"href":"https:\/\/jornalfatosenoticias.com.br\/index.php\/wp-json\/wp\/v2\/posts\/21101\/revisions"}],"wp:featuredmedia":[{"embeddable":true,"href":"https:\/\/jornalfatosenoticias.com.br\/index.php\/wp-json\/wp\/v2\/media\/21102"}],"wp:attachment":[{"href":"https:\/\/jornalfatosenoticias.com.br\/index.php\/wp-json\/wp\/v2\/media?parent=21101"}],"wp:term":[{"taxonomy":"category","embeddable":true,"href":"https:\/\/jornalfatosenoticias.com.br\/index.php\/wp-json\/wp\/v2\/categories?post=21101"},{"taxonomy":"post_tag","embeddable":true,"href":"https:\/\/jornalfatosenoticias.com.br\/index.php\/wp-json\/wp\/v2\/tags?post=21101"}],"curies":[{"name":"wp","href":"https:\/\/api.w.org\/{rel}","templated":true}]}}