{"id":21109,"date":"2021-07-27T09:01:18","date_gmt":"2021-07-27T12:01:18","guid":{"rendered":"https:\/\/jornalfatosenoticias.com.br\/?p=21109"},"modified":"2021-07-27T09:01:22","modified_gmt":"2021-07-27T12:01:22","slug":"papagaio-que-gritava-socorro-em-jardim-da-penha-e-resgatado-pela-semmam","status":"publish","type":"post","link":"https:\/\/jornalfatosenoticias.com.br\/index.php\/2021\/07\/27\/papagaio-que-gritava-socorro-em-jardim-da-penha-e-resgatado-pela-semmam\/","title":{"rendered":"Papagaio que gritava &#8220;socorro&#8221; em Jardim da Penha \u00e9 resgatado pela Semmam"},"content":{"rendered":"\n<p><em><span class=\"has-inline-color has-black-color\">Servi\u00e7o de Resgate de Animais Silvestres levou o animal para o Centro de Triagem de Animais Silvestres (Cetas)<\/span><\/em><\/p>\n\n\n\n<p>Ap\u00f3s ficar famoso pedindo &#8220;socorro&#8221; em uma \u00e1rvore de Jardim da Penha, o papagaio ganhou um lar na manh\u00e3 desta segunda-feira (26). O Servi\u00e7o de Resgate de Animais Silvestres levou o animal para o Centro de Triagem de Animais Silvestres (Cetas), em Barcelona, na Serra, onde ele ter\u00e1 casa, comida e cuidados especializados.<br>Uma moradora do bairro conseguiu se aproximar da ave, oferecendo alimentos e \u00e1gua, e acionou o servi\u00e7o, que \u00e9 mantido pela Secretaria Municipal de Meio Ambiente (Semmam). &#8220;O papagaio estava bem e vai ficar ainda melhor aos cuidados que receber\u00e1 daqui para a frente. Esse resgate ganha ainda mais import\u00e2ncia por tratar-se de um animal que n\u00e3o tem anilha, ou seja, n\u00e3o tem registro, \u00e9 fruto do com\u00e9rcio ilegal de animais silvestres&#8221;, diz o bi\u00f3logo Saulo Ramos, da Semmam.<br>H\u00e1 cerca de 10 dias, o papagaio come\u00e7ou a fazer moradia sobre as copas das \u00e1rvores de Jardim da Penha. Ele interagia de longe com os moradores, que faziam fotos e v\u00eddeos dele e perceberam que ele repetia a palavra &#8220;socorro&#8221;, causando como\u00e7\u00e3o. Como estava em boas condi\u00e7\u00f5es de sa\u00fade, ele conseguiu fugir das tentativas anteriores de resgate. &#8220;Desta vez, com o tempo, a moradora ganhou a confian\u00e7a dele, o que possibilitou a captura&#8221;, explica Saulo.<\/p>\n\n\n\n<div class=\"wp-block-image is-style-default\"><figure class=\"alignright size-large is-resized\"><img loading=\"lazy\" decoding=\"async\" src=\"https:\/\/jornalfatosenoticias.com.br\/wp-content\/uploads\/2021\/07\/papagaio.jpg\" alt=\"\" class=\"wp-image-21110\" width=\"339\" height=\"717\" srcset=\"https:\/\/jornalfatosenoticias.com.br\/wp-content\/uploads\/2021\/07\/papagaio.jpg 473w, https:\/\/jornalfatosenoticias.com.br\/wp-content\/uploads\/2021\/07\/papagaio-142x300.jpg 142w\" sizes=\"auto, (max-width: 339px) 100vw, 339px\" \/><figcaption><em><span class=\"has-inline-color has-black-color\">Servi\u00e7o de Resgate de Animais Silvestres levou o animal para o Centro de Triagem de Animais Silvestres (Cetas) (Foto: Divulga\u00e7\u00e3o Semmam)<\/span><\/em><\/figcaption><\/figure><\/div>\n\n\n\n<p><strong><span class=\"has-inline-color has-black-color\">Servi\u00e7o de Resgate de Animais Silvestres<br><\/span><\/strong>O secret\u00e1rio de Meio Ambiente, Tarc\u00edsio F\u00f6eger, explica que nem todo animal silvestre precisa ser recolhido. &#8220;Vit\u00f3ria \u00e9 uma cidade que possui muitas \u00e1reas verdes, e \u00e9 comum encontrarmos animais silvestres no espa\u00e7o urbano. O recolhimento s\u00f3 \u00e9 recomendado se o bicho apresenta risco para a popula\u00e7\u00e3o ou se est\u00e1 ferido ou precisando de cuidados&#8221;, diz.<br>Para quem encontrar um animal silvestre fora do seu habitat natural, a Semmam orienta ligar imediatamente para o servi\u00e7o, seguir as orienta\u00e7\u00f5es e aguardar o profissional fazer o recolhimento.<br>O animal ser\u00e1 avaliado e poder\u00e1 ser reintroduzido diretamente \u00e0 natureza, em um dos parques naturais de Vit\u00f3ria, ou levado ao Ipran, em Cariacica, ou para o Centro de Triagem de Animais Silvestres (Cetas), em Barcelona, na Serra.<br>O atendimento \u00e9 feito pelo telefone (27) 99724-2788 ou pelo 156.<\/p>\n\n\n\n<p><strong><em>Fonte: <a href=\"https:\/\/www.vitoria.es.gov.br\/noticia\/papagaio-que-gritava-socorro-em-jardim-da-penha-e-resgatado-pela-semmam-43291\">PMV<\/a><\/em><\/strong><\/p>\n","protected":false},"excerpt":{"rendered":"<p>Servi\u00e7o de Resgate de Animais Silvestres levou o animal para o Centro de Triagem de Animais Silvestres (Cetas) Ap\u00f3s ficar famoso pedindo &#8220;socorro&#8221; em uma \u00e1rvore de Jardim da Penha, o papagaio ganhou um lar na manh\u00e3 desta segunda-feira (26). O Servi\u00e7o de Resgate de Animais Silvestres levou o animal para o Centro de Triagem [&hellip;]<\/p>\n","protected":false},"author":2,"featured_media":21111,"comment_status":"open","ping_status":"open","sticky":false,"template":"","format":"standard","meta":{"footnotes":""},"categories":[5],"tags":[4850,10318,10317,179],"class_list":["post-21109","post","type-post","status-publish","format-standard","has-post-thumbnail","hentry","category-geral","tag-ave","tag-cetas","tag-jardim-da-penha","tag-papagaio"],"yoast_head":"<!-- This site is optimized with the Yoast SEO plugin v26.5 - https:\/\/yoast.com\/wordpress\/plugins\/seo\/ -->\n<title>Papagaio que gritava &quot;socorro&quot; em Jardim da Penha \u00e9 resgatado pela Semmam - Jornal Fatos e Not\u00edcias<\/title>\n<meta name=\"robots\" content=\"index, follow, max-snippet:-1, max-image-preview:large, max-video-preview:-1\" \/>\n<link rel=\"canonical\" href=\"https:\/\/jornalfatosenoticias.com.br\/index.php\/2021\/07\/27\/papagaio-que-gritava-socorro-em-jardim-da-penha-e-resgatado-pela-semmam\/\" \/>\n<meta property=\"og:locale\" content=\"pt_BR\" \/>\n<meta property=\"og:type\" content=\"article\" \/>\n<meta property=\"og:title\" content=\"Papagaio que gritava &quot;socorro&quot; em Jardim da Penha \u00e9 resgatado pela Semmam - Jornal Fatos e Not\u00edcias\" \/>\n<meta property=\"og:description\" content=\"Servi\u00e7o de Resgate de Animais Silvestres levou o animal para o Centro de Triagem de Animais Silvestres (Cetas) Ap\u00f3s ficar famoso pedindo &#8220;socorro&#8221; em uma \u00e1rvore de Jardim da Penha, o papagaio ganhou um lar na manh\u00e3 desta segunda-feira (26). O Servi\u00e7o de Resgate de Animais Silvestres levou o animal para o Centro de Triagem [&hellip;]\" \/>\n<meta property=\"og:url\" content=\"https:\/\/jornalfatosenoticias.com.br\/index.php\/2021\/07\/27\/papagaio-que-gritava-socorro-em-jardim-da-penha-e-resgatado-pela-semmam\/\" \/>\n<meta property=\"og:site_name\" content=\"Jornal Fatos e Not\u00edcias\" \/>\n<meta property=\"article:published_time\" content=\"2021-07-27T12:01:18+00:00\" \/>\n<meta property=\"article:modified_time\" content=\"2021-07-27T12:01:22+00:00\" \/>\n<meta property=\"og:image\" content=\"https:\/\/jornalfatosenoticias.com.br\/wp-content\/uploads\/2021\/07\/papagaio_capa.jpg\" \/>\n\t<meta property=\"og:image:width\" content=\"1000\" \/>\n\t<meta property=\"og:image:height\" content=\"1162\" \/>\n\t<meta property=\"og:image:type\" content=\"image\/jpeg\" \/>\n<meta name=\"author\" content=\"Luzimara Fernandes\" \/>\n<meta name=\"twitter:card\" content=\"summary_large_image\" \/>\n<meta name=\"twitter:label1\" content=\"Escrito por\" \/>\n\t<meta name=\"twitter:data1\" content=\"Luzimara Fernandes\" \/>\n\t<meta name=\"twitter:label2\" content=\"Est. tempo de leitura\" \/>\n\t<meta name=\"twitter:data2\" content=\"2 minutos\" \/>\n<script type=\"application\/ld+json\" class=\"yoast-schema-graph\">{\"@context\":\"https:\/\/schema.org\",\"@graph\":[{\"@type\":\"Article\",\"@id\":\"https:\/\/jornalfatosenoticias.com.br\/index.php\/2021\/07\/27\/papagaio-que-gritava-socorro-em-jardim-da-penha-e-resgatado-pela-semmam\/#article\",\"isPartOf\":{\"@id\":\"https:\/\/jornalfatosenoticias.com.br\/index.php\/2021\/07\/27\/papagaio-que-gritava-socorro-em-jardim-da-penha-e-resgatado-pela-semmam\/\"},\"author\":{\"name\":\"Luzimara Fernandes\",\"@id\":\"https:\/\/jornalfatosenoticias.com.br\/#\/schema\/person\/d63837fa13ac8666eb9e74e0985d6f81\"},\"headline\":\"Papagaio que gritava &#8220;socorro&#8221; em Jardim da Penha \u00e9 resgatado pela Semmam\",\"datePublished\":\"2021-07-27T12:01:18+00:00\",\"dateModified\":\"2021-07-27T12:01:22+00:00\",\"mainEntityOfPage\":{\"@id\":\"https:\/\/jornalfatosenoticias.com.br\/index.php\/2021\/07\/27\/papagaio-que-gritava-socorro-em-jardim-da-penha-e-resgatado-pela-semmam\/\"},\"wordCount\":416,\"commentCount\":0,\"publisher\":{\"@id\":\"https:\/\/jornalfatosenoticias.com.br\/#organization\"},\"image\":{\"@id\":\"https:\/\/jornalfatosenoticias.com.br\/index.php\/2021\/07\/27\/papagaio-que-gritava-socorro-em-jardim-da-penha-e-resgatado-pela-semmam\/#primaryimage\"},\"thumbnailUrl\":\"https:\/\/jornalfatosenoticias.com.br\/wp-content\/uploads\/2021\/07\/papagaio_capa.jpg\",\"keywords\":[\"ave\",\"Cetas\",\"Jardim da Penha\",\"papagaio\"],\"articleSection\":[\"Geral\"],\"inLanguage\":\"pt-BR\",\"potentialAction\":[{\"@type\":\"CommentAction\",\"name\":\"Comment\",\"target\":[\"https:\/\/jornalfatosenoticias.com.br\/index.php\/2021\/07\/27\/papagaio-que-gritava-socorro-em-jardim-da-penha-e-resgatado-pela-semmam\/#respond\"]}]},{\"@type\":\"WebPage\",\"@id\":\"https:\/\/jornalfatosenoticias.com.br\/index.php\/2021\/07\/27\/papagaio-que-gritava-socorro-em-jardim-da-penha-e-resgatado-pela-semmam\/\",\"url\":\"https:\/\/jornalfatosenoticias.com.br\/index.php\/2021\/07\/27\/papagaio-que-gritava-socorro-em-jardim-da-penha-e-resgatado-pela-semmam\/\",\"name\":\"Papagaio que gritava \\\"socorro\\\" em Jardim da Penha \u00e9 resgatado pela Semmam - Jornal Fatos e Not\u00edcias\",\"isPartOf\":{\"@id\":\"https:\/\/jornalfatosenoticias.com.br\/#website\"},\"primaryImageOfPage\":{\"@id\":\"https:\/\/jornalfatosenoticias.com.br\/index.php\/2021\/07\/27\/papagaio-que-gritava-socorro-em-jardim-da-penha-e-resgatado-pela-semmam\/#primaryimage\"},\"image\":{\"@id\":\"https:\/\/jornalfatosenoticias.com.br\/index.php\/2021\/07\/27\/papagaio-que-gritava-socorro-em-jardim-da-penha-e-resgatado-pela-semmam\/#primaryimage\"},\"thumbnailUrl\":\"https:\/\/jornalfatosenoticias.com.br\/wp-content\/uploads\/2021\/07\/papagaio_capa.jpg\",\"datePublished\":\"2021-07-27T12:01:18+00:00\",\"dateModified\":\"2021-07-27T12:01:22+00:00\",\"breadcrumb\":{\"@id\":\"https:\/\/jornalfatosenoticias.com.br\/index.php\/2021\/07\/27\/papagaio-que-gritava-socorro-em-jardim-da-penha-e-resgatado-pela-semmam\/#breadcrumb\"},\"inLanguage\":\"pt-BR\",\"potentialAction\":[{\"@type\":\"ReadAction\",\"target\":[\"https:\/\/jornalfatosenoticias.com.br\/index.php\/2021\/07\/27\/papagaio-que-gritava-socorro-em-jardim-da-penha-e-resgatado-pela-semmam\/\"]}]},{\"@type\":\"ImageObject\",\"inLanguage\":\"pt-BR\",\"@id\":\"https:\/\/jornalfatosenoticias.com.br\/index.php\/2021\/07\/27\/papagaio-que-gritava-socorro-em-jardim-da-penha-e-resgatado-pela-semmam\/#primaryimage\",\"url\":\"https:\/\/jornalfatosenoticias.com.br\/wp-content\/uploads\/2021\/07\/papagaio_capa.jpg\",\"contentUrl\":\"https:\/\/jornalfatosenoticias.com.br\/wp-content\/uploads\/2021\/07\/papagaio_capa.jpg\",\"width\":1000,\"height\":1162,\"caption\":\"Papagaio\"},{\"@type\":\"BreadcrumbList\",\"@id\":\"https:\/\/jornalfatosenoticias.com.br\/index.php\/2021\/07\/27\/papagaio-que-gritava-socorro-em-jardim-da-penha-e-resgatado-pela-semmam\/#breadcrumb\",\"itemListElement\":[{\"@type\":\"ListItem\",\"position\":1,\"name\":\"In\u00edcio\",\"item\":\"https:\/\/jornalfatosenoticias.com.br\/\"},{\"@type\":\"ListItem\",\"position\":2,\"name\":\"Papagaio que gritava &#8220;socorro&#8221; em Jardim da Penha \u00e9 resgatado pela Semmam\"}]},{\"@type\":\"WebSite\",\"@id\":\"https:\/\/jornalfatosenoticias.com.br\/#website\",\"url\":\"https:\/\/jornalfatosenoticias.com.br\/\",\"name\":\"Jornal Fatos e Not\u00edcias\",\"description\":\"Not\u00edcias em geral\",\"publisher\":{\"@id\":\"https:\/\/jornalfatosenoticias.com.br\/#organization\"},\"potentialAction\":[{\"@type\":\"SearchAction\",\"target\":{\"@type\":\"EntryPoint\",\"urlTemplate\":\"https:\/\/jornalfatosenoticias.com.br\/?s={search_term_string}\"},\"query-input\":{\"@type\":\"PropertyValueSpecification\",\"valueRequired\":true,\"valueName\":\"search_term_string\"}}],\"inLanguage\":\"pt-BR\"},{\"@type\":\"Organization\",\"@id\":\"https:\/\/jornalfatosenoticias.com.br\/#organization\",\"name\":\"Jornal Fatos e Not\u00edcias\",\"url\":\"https:\/\/jornalfatosenoticias.com.br\/\",\"logo\":{\"@type\":\"ImageObject\",\"inLanguage\":\"pt-BR\",\"@id\":\"https:\/\/jornalfatosenoticias.com.br\/#\/schema\/logo\/image\/\",\"url\":\"https:\/\/jornalfatosenoticias.com.br\/wp-content\/uploads\/2020\/02\/logo120.png\",\"contentUrl\":\"https:\/\/jornalfatosenoticias.com.br\/wp-content\/uploads\/2020\/02\/logo120.png\",\"width\":1227,\"height\":120,\"caption\":\"Jornal Fatos e Not\u00edcias\"},\"image\":{\"@id\":\"https:\/\/jornalfatosenoticias.com.br\/#\/schema\/logo\/image\/\"}},{\"@type\":\"Person\",\"@id\":\"https:\/\/jornalfatosenoticias.com.br\/#\/schema\/person\/d63837fa13ac8666eb9e74e0985d6f81\",\"name\":\"Luzimara Fernandes\",\"image\":{\"@type\":\"ImageObject\",\"inLanguage\":\"pt-BR\",\"@id\":\"https:\/\/jornalfatosenoticias.com.br\/#\/schema\/person\/image\/\",\"url\":\"https:\/\/jornalfatosenoticias.com.br\/wp-content\/uploads\/2025\/05\/EU_portal.jpg\",\"contentUrl\":\"https:\/\/jornalfatosenoticias.com.br\/wp-content\/uploads\/2025\/05\/EU_portal.jpg\",\"caption\":\"Luzimara Fernandes\"},\"description\":\"Jornalista MTB 2358-ES\",\"sameAs\":[\"https:\/\/jornalfatosenoticias.com.br\"],\"url\":\"https:\/\/jornalfatosenoticias.com.br\/index.php\/author\/luzimara\/\"}]}<\/script>\n<!-- \/ Yoast SEO plugin. -->","yoast_head_json":{"title":"Papagaio que gritava \"socorro\" em Jardim da Penha \u00e9 resgatado pela Semmam - Jornal Fatos e Not\u00edcias","robots":{"index":"index","follow":"follow","max-snippet":"max-snippet:-1","max-image-preview":"max-image-preview:large","max-video-preview":"max-video-preview:-1"},"canonical":"https:\/\/jornalfatosenoticias.com.br\/index.php\/2021\/07\/27\/papagaio-que-gritava-socorro-em-jardim-da-penha-e-resgatado-pela-semmam\/","og_locale":"pt_BR","og_type":"article","og_title":"Papagaio que gritava \"socorro\" em Jardim da Penha \u00e9 resgatado pela Semmam - Jornal Fatos e Not\u00edcias","og_description":"Servi\u00e7o de Resgate de Animais Silvestres levou o animal para o Centro de Triagem de Animais Silvestres (Cetas) Ap\u00f3s ficar famoso pedindo &#8220;socorro&#8221; em uma \u00e1rvore de Jardim da Penha, o papagaio ganhou um lar na manh\u00e3 desta segunda-feira (26). O Servi\u00e7o de Resgate de Animais Silvestres levou o animal para o Centro de Triagem [&hellip;]","og_url":"https:\/\/jornalfatosenoticias.com.br\/index.php\/2021\/07\/27\/papagaio-que-gritava-socorro-em-jardim-da-penha-e-resgatado-pela-semmam\/","og_site_name":"Jornal Fatos e Not\u00edcias","article_published_time":"2021-07-27T12:01:18+00:00","article_modified_time":"2021-07-27T12:01:22+00:00","og_image":[{"width":1000,"height":1162,"url":"https:\/\/jornalfatosenoticias.com.br\/wp-content\/uploads\/2021\/07\/papagaio_capa.jpg","type":"image\/jpeg"}],"author":"Luzimara Fernandes","twitter_card":"summary_large_image","twitter_misc":{"Escrito por":"Luzimara Fernandes","Est. tempo de leitura":"2 minutos"},"schema":{"@context":"https:\/\/schema.org","@graph":[{"@type":"Article","@id":"https:\/\/jornalfatosenoticias.com.br\/index.php\/2021\/07\/27\/papagaio-que-gritava-socorro-em-jardim-da-penha-e-resgatado-pela-semmam\/#article","isPartOf":{"@id":"https:\/\/jornalfatosenoticias.com.br\/index.php\/2021\/07\/27\/papagaio-que-gritava-socorro-em-jardim-da-penha-e-resgatado-pela-semmam\/"},"author":{"name":"Luzimara Fernandes","@id":"https:\/\/jornalfatosenoticias.com.br\/#\/schema\/person\/d63837fa13ac8666eb9e74e0985d6f81"},"headline":"Papagaio que gritava &#8220;socorro&#8221; em Jardim da Penha \u00e9 resgatado pela Semmam","datePublished":"2021-07-27T12:01:18+00:00","dateModified":"2021-07-27T12:01:22+00:00","mainEntityOfPage":{"@id":"https:\/\/jornalfatosenoticias.com.br\/index.php\/2021\/07\/27\/papagaio-que-gritava-socorro-em-jardim-da-penha-e-resgatado-pela-semmam\/"},"wordCount":416,"commentCount":0,"publisher":{"@id":"https:\/\/jornalfatosenoticias.com.br\/#organization"},"image":{"@id":"https:\/\/jornalfatosenoticias.com.br\/index.php\/2021\/07\/27\/papagaio-que-gritava-socorro-em-jardim-da-penha-e-resgatado-pela-semmam\/#primaryimage"},"thumbnailUrl":"https:\/\/jornalfatosenoticias.com.br\/wp-content\/uploads\/2021\/07\/papagaio_capa.jpg","keywords":["ave","Cetas","Jardim da Penha","papagaio"],"articleSection":["Geral"],"inLanguage":"pt-BR","potentialAction":[{"@type":"CommentAction","name":"Comment","target":["https:\/\/jornalfatosenoticias.com.br\/index.php\/2021\/07\/27\/papagaio-que-gritava-socorro-em-jardim-da-penha-e-resgatado-pela-semmam\/#respond"]}]},{"@type":"WebPage","@id":"https:\/\/jornalfatosenoticias.com.br\/index.php\/2021\/07\/27\/papagaio-que-gritava-socorro-em-jardim-da-penha-e-resgatado-pela-semmam\/","url":"https:\/\/jornalfatosenoticias.com.br\/index.php\/2021\/07\/27\/papagaio-que-gritava-socorro-em-jardim-da-penha-e-resgatado-pela-semmam\/","name":"Papagaio que gritava \"socorro\" em Jardim da Penha \u00e9 resgatado pela Semmam - Jornal Fatos e Not\u00edcias","isPartOf":{"@id":"https:\/\/jornalfatosenoticias.com.br\/#website"},"primaryImageOfPage":{"@id":"https:\/\/jornalfatosenoticias.com.br\/index.php\/2021\/07\/27\/papagaio-que-gritava-socorro-em-jardim-da-penha-e-resgatado-pela-semmam\/#primaryimage"},"image":{"@id":"https:\/\/jornalfatosenoticias.com.br\/index.php\/2021\/07\/27\/papagaio-que-gritava-socorro-em-jardim-da-penha-e-resgatado-pela-semmam\/#primaryimage"},"thumbnailUrl":"https:\/\/jornalfatosenoticias.com.br\/wp-content\/uploads\/2021\/07\/papagaio_capa.jpg","datePublished":"2021-07-27T12:01:18+00:00","dateModified":"2021-07-27T12:01:22+00:00","breadcrumb":{"@id":"https:\/\/jornalfatosenoticias.com.br\/index.php\/2021\/07\/27\/papagaio-que-gritava-socorro-em-jardim-da-penha-e-resgatado-pela-semmam\/#breadcrumb"},"inLanguage":"pt-BR","potentialAction":[{"@type":"ReadAction","target":["https:\/\/jornalfatosenoticias.com.br\/index.php\/2021\/07\/27\/papagaio-que-gritava-socorro-em-jardim-da-penha-e-resgatado-pela-semmam\/"]}]},{"@type":"ImageObject","inLanguage":"pt-BR","@id":"https:\/\/jornalfatosenoticias.com.br\/index.php\/2021\/07\/27\/papagaio-que-gritava-socorro-em-jardim-da-penha-e-resgatado-pela-semmam\/#primaryimage","url":"https:\/\/jornalfatosenoticias.com.br\/wp-content\/uploads\/2021\/07\/papagaio_capa.jpg","contentUrl":"https:\/\/jornalfatosenoticias.com.br\/wp-content\/uploads\/2021\/07\/papagaio_capa.jpg","width":1000,"height":1162,"caption":"Papagaio"},{"@type":"BreadcrumbList","@id":"https:\/\/jornalfatosenoticias.com.br\/index.php\/2021\/07\/27\/papagaio-que-gritava-socorro-em-jardim-da-penha-e-resgatado-pela-semmam\/#breadcrumb","itemListElement":[{"@type":"ListItem","position":1,"name":"In\u00edcio","item":"https:\/\/jornalfatosenoticias.com.br\/"},{"@type":"ListItem","position":2,"name":"Papagaio que gritava &#8220;socorro&#8221; em Jardim da Penha \u00e9 resgatado pela Semmam"}]},{"@type":"WebSite","@id":"https:\/\/jornalfatosenoticias.com.br\/#website","url":"https:\/\/jornalfatosenoticias.com.br\/","name":"Jornal Fatos e Not\u00edcias","description":"Not\u00edcias em geral","publisher":{"@id":"https:\/\/jornalfatosenoticias.com.br\/#organization"},"potentialAction":[{"@type":"SearchAction","target":{"@type":"EntryPoint","urlTemplate":"https:\/\/jornalfatosenoticias.com.br\/?s={search_term_string}"},"query-input":{"@type":"PropertyValueSpecification","valueRequired":true,"valueName":"search_term_string"}}],"inLanguage":"pt-BR"},{"@type":"Organization","@id":"https:\/\/jornalfatosenoticias.com.br\/#organization","name":"Jornal Fatos e Not\u00edcias","url":"https:\/\/jornalfatosenoticias.com.br\/","logo":{"@type":"ImageObject","inLanguage":"pt-BR","@id":"https:\/\/jornalfatosenoticias.com.br\/#\/schema\/logo\/image\/","url":"https:\/\/jornalfatosenoticias.com.br\/wp-content\/uploads\/2020\/02\/logo120.png","contentUrl":"https:\/\/jornalfatosenoticias.com.br\/wp-content\/uploads\/2020\/02\/logo120.png","width":1227,"height":120,"caption":"Jornal Fatos e Not\u00edcias"},"image":{"@id":"https:\/\/jornalfatosenoticias.com.br\/#\/schema\/logo\/image\/"}},{"@type":"Person","@id":"https:\/\/jornalfatosenoticias.com.br\/#\/schema\/person\/d63837fa13ac8666eb9e74e0985d6f81","name":"Luzimara Fernandes","image":{"@type":"ImageObject","inLanguage":"pt-BR","@id":"https:\/\/jornalfatosenoticias.com.br\/#\/schema\/person\/image\/","url":"https:\/\/jornalfatosenoticias.com.br\/wp-content\/uploads\/2025\/05\/EU_portal.jpg","contentUrl":"https:\/\/jornalfatosenoticias.com.br\/wp-content\/uploads\/2025\/05\/EU_portal.jpg","caption":"Luzimara Fernandes"},"description":"Jornalista MTB 2358-ES","sameAs":["https:\/\/jornalfatosenoticias.com.br"],"url":"https:\/\/jornalfatosenoticias.com.br\/index.php\/author\/luzimara\/"}]}},"cc_featured_image_caption":{"caption_text":"(Foto: Divulga\u00e7\u00e3o Semmam)","source_text":"","source_url":""},"jetpack_featured_media_url":"https:\/\/jornalfatosenoticias.com.br\/wp-content\/uploads\/2021\/07\/papagaio_capa.jpg","_links":{"self":[{"href":"https:\/\/jornalfatosenoticias.com.br\/index.php\/wp-json\/wp\/v2\/posts\/21109","targetHints":{"allow":["GET"]}}],"collection":[{"href":"https:\/\/jornalfatosenoticias.com.br\/index.php\/wp-json\/wp\/v2\/posts"}],"about":[{"href":"https:\/\/jornalfatosenoticias.com.br\/index.php\/wp-json\/wp\/v2\/types\/post"}],"author":[{"embeddable":true,"href":"https:\/\/jornalfatosenoticias.com.br\/index.php\/wp-json\/wp\/v2\/users\/2"}],"replies":[{"embeddable":true,"href":"https:\/\/jornalfatosenoticias.com.br\/index.php\/wp-json\/wp\/v2\/comments?post=21109"}],"version-history":[{"count":0,"href":"https:\/\/jornalfatosenoticias.com.br\/index.php\/wp-json\/wp\/v2\/posts\/21109\/revisions"}],"wp:featuredmedia":[{"embeddable":true,"href":"https:\/\/jornalfatosenoticias.com.br\/index.php\/wp-json\/wp\/v2\/media\/21111"}],"wp:attachment":[{"href":"https:\/\/jornalfatosenoticias.com.br\/index.php\/wp-json\/wp\/v2\/media?parent=21109"}],"wp:term":[{"taxonomy":"category","embeddable":true,"href":"https:\/\/jornalfatosenoticias.com.br\/index.php\/wp-json\/wp\/v2\/categories?post=21109"},{"taxonomy":"post_tag","embeddable":true,"href":"https:\/\/jornalfatosenoticias.com.br\/index.php\/wp-json\/wp\/v2\/tags?post=21109"}],"curies":[{"name":"wp","href":"https:\/\/api.w.org\/{rel}","templated":true}]}}