{"id":21113,"date":"2021-07-27T09:22:10","date_gmt":"2021-07-27T12:22:10","guid":{"rendered":"https:\/\/jornalfatosenoticias.com.br\/?p=21113"},"modified":"2021-07-27T09:22:12","modified_gmt":"2021-07-27T12:22:12","slug":"aulas-presenciais-voltam-a-ser-obrigatorias-na-rede-estadual-de-ensino","status":"publish","type":"post","link":"https:\/\/jornalfatosenoticias.com.br\/index.php\/2021\/07\/27\/aulas-presenciais-voltam-a-ser-obrigatorias-na-rede-estadual-de-ensino\/","title":{"rendered":"Aulas presenciais voltam a ser obrigat\u00f3rias na Rede Estadual de Ensino"},"content":{"rendered":"\n<p>Desde ontem (26), os alunos da Rede Estadual de Ensino voltam a ter a obrigatoriedade da presen\u00e7a nas aulas em escolas estaduais. Nesse mesmo contexto, o rod\u00edzio dos alunos foi alterado, passando de semanal para di\u00e1rio. A cada dia, haver\u00e1 um grupo de alunos revezando com outro grupo que permanecer\u00e1 nas atividades remotas, enquanto perdurar a pandemia do novo coronav\u00edrus (covid-19). Lembrando que, apesar dessas mudan\u00e7as, o protocolo de biosseguran\u00e7a continua v\u00e1lido para toda a rede.<br>O secret\u00e1rio de Estado da Educa\u00e7\u00e3o, V\u00edtor de \u00c2ngelo, lembrou que para as demais redes de Ensino no Estado, sejam p\u00fablicas ou privada, o governador do Estado, Renato Casagrande, recomendou que seguissem a mesma orienta\u00e7\u00e3o da Rede Estadual de Ensino. &#8220;Nessa decis\u00e3o, est\u00e3o excepcionalizados os estudantes que t\u00eam comorbidades, por exemplo. J\u00e1 foi anunciado pelo secret\u00e1rio de Estado da Sa\u00fade h\u00e1 alguns dias que os estudantes acima de 12 anos ser\u00e3o vacinados, mas aqueles que n\u00e3o forem vacinados e aqueles que ainda n\u00e3o tiverem sido contemplados com a vacina, todos esses estar\u00e3o excepcionalizados desta medida, enquanto perdurar a pandemia da covid-19\u201d, salientou.<br>As escolas da Rede Estadual est\u00e3o preparadas para enfrentar a pandemia da covid-19 desde o ano passado, quando retornaram as atividades presenciais em outubro. \u201cEnt\u00e3o, de l\u00e1 para c\u00e1, o planejamento foi s\u00f3 aprimorado no sentindo de atender, cada vez mais, aos protocolos de biosseguran\u00e7a, estabelecidos ainda em meados do ano passado\u201d, acrescentou o secret\u00e1rio V\u00edtor de \u00c2ngelo.<br>Lembrando que alunos com comorbidades, deficientes, lactantes ou gestantes fazem parte do grupo que pode manter o ensino remoto. Os pais e\/ou respons\u00e1veis que optarem, portanto, por manter o ensino remoto, devem procurar a secretaria da escola.<\/p>\n\n\n\n<p><strong><em>Fonte: <a href=\"https:\/\/www.es.gov.br\/Noticia\/aulas-presenciais-voltam-a-ser-obrigatorias-na-rede-estadual-de-ensino-a-partir-desta-segunda-feira-26\">Governo do ES<\/a><\/em><\/strong><\/p>\n","protected":false},"excerpt":{"rendered":"<p>Desde ontem (26), os alunos da Rede Estadual de Ensino voltam a ter a obrigatoriedade da presen\u00e7a nas aulas em escolas estaduais. Nesse mesmo contexto, o rod\u00edzio dos alunos foi alterado, passando de semanal para di\u00e1rio. A cada dia, haver\u00e1 um grupo de alunos revezando com outro grupo que permanecer\u00e1 nas atividades remotas, enquanto perdurar [&hellip;]<\/p>\n","protected":false},"author":2,"featured_media":21114,"comment_status":"open","ping_status":"open","sticky":false,"template":"","format":"standard","meta":{"footnotes":""},"categories":[7],"tags":[4218,10166,3345],"class_list":["post-21113","post","type-post","status-publish","format-standard","has-post-thumbnail","hentry","category-educacao","tag-aulas-presenciais","tag-rede-estadual-de-ensino","tag-retorno"],"yoast_head":"<!-- This site is optimized with the Yoast SEO plugin v26.5 - https:\/\/yoast.com\/wordpress\/plugins\/seo\/ -->\n<title>Aulas presenciais voltam a ser obrigat\u00f3rias na Rede Estadual de Ensino - Jornal Fatos e Not\u00edcias<\/title>\n<meta name=\"robots\" content=\"index, follow, max-snippet:-1, max-image-preview:large, max-video-preview:-1\" \/>\n<link rel=\"canonical\" href=\"https:\/\/jornalfatosenoticias.com.br\/index.php\/2021\/07\/27\/aulas-presenciais-voltam-a-ser-obrigatorias-na-rede-estadual-de-ensino\/\" \/>\n<meta property=\"og:locale\" content=\"pt_BR\" \/>\n<meta property=\"og:type\" content=\"article\" \/>\n<meta property=\"og:title\" content=\"Aulas presenciais voltam a ser obrigat\u00f3rias na Rede Estadual de Ensino - Jornal Fatos e Not\u00edcias\" \/>\n<meta property=\"og:description\" content=\"Desde ontem (26), os alunos da Rede Estadual de Ensino voltam a ter a obrigatoriedade da presen\u00e7a nas aulas em escolas estaduais. Nesse mesmo contexto, o rod\u00edzio dos alunos foi alterado, passando de semanal para di\u00e1rio. A cada dia, haver\u00e1 um grupo de alunos revezando com outro grupo que permanecer\u00e1 nas atividades remotas, enquanto perdurar [&hellip;]\" \/>\n<meta property=\"og:url\" content=\"https:\/\/jornalfatosenoticias.com.br\/index.php\/2021\/07\/27\/aulas-presenciais-voltam-a-ser-obrigatorias-na-rede-estadual-de-ensino\/\" \/>\n<meta property=\"og:site_name\" content=\"Jornal Fatos e Not\u00edcias\" \/>\n<meta property=\"article:published_time\" content=\"2021-07-27T12:22:10+00:00\" \/>\n<meta property=\"article:modified_time\" content=\"2021-07-27T12:22:12+00:00\" \/>\n<meta property=\"og:image\" content=\"https:\/\/jornalfatosenoticias.com.br\/wp-content\/uploads\/2021\/07\/aulas-presenciais_retorno.jpg\" \/>\n\t<meta property=\"og:image:width\" content=\"1000\" \/>\n\t<meta property=\"og:image:height\" content=\"666\" \/>\n\t<meta property=\"og:image:type\" content=\"image\/jpeg\" \/>\n<meta name=\"author\" content=\"Luzimara Fernandes\" \/>\n<meta name=\"twitter:card\" content=\"summary_large_image\" \/>\n<meta name=\"twitter:label1\" content=\"Escrito por\" \/>\n\t<meta name=\"twitter:data1\" content=\"Luzimara Fernandes\" \/>\n\t<meta name=\"twitter:label2\" content=\"Est. tempo de leitura\" \/>\n\t<meta name=\"twitter:data2\" content=\"2 minutos\" \/>\n<script type=\"application\/ld+json\" class=\"yoast-schema-graph\">{\"@context\":\"https:\/\/schema.org\",\"@graph\":[{\"@type\":\"Article\",\"@id\":\"https:\/\/jornalfatosenoticias.com.br\/index.php\/2021\/07\/27\/aulas-presenciais-voltam-a-ser-obrigatorias-na-rede-estadual-de-ensino\/#article\",\"isPartOf\":{\"@id\":\"https:\/\/jornalfatosenoticias.com.br\/index.php\/2021\/07\/27\/aulas-presenciais-voltam-a-ser-obrigatorias-na-rede-estadual-de-ensino\/\"},\"author\":{\"name\":\"Luzimara Fernandes\",\"@id\":\"https:\/\/jornalfatosenoticias.com.br\/#\/schema\/person\/d63837fa13ac8666eb9e74e0985d6f81\"},\"headline\":\"Aulas presenciais voltam a ser obrigat\u00f3rias na Rede Estadual de Ensino\",\"datePublished\":\"2021-07-27T12:22:10+00:00\",\"dateModified\":\"2021-07-27T12:22:12+00:00\",\"mainEntityOfPage\":{\"@id\":\"https:\/\/jornalfatosenoticias.com.br\/index.php\/2021\/07\/27\/aulas-presenciais-voltam-a-ser-obrigatorias-na-rede-estadual-de-ensino\/\"},\"wordCount\":315,\"commentCount\":0,\"publisher\":{\"@id\":\"https:\/\/jornalfatosenoticias.com.br\/#organization\"},\"image\":{\"@id\":\"https:\/\/jornalfatosenoticias.com.br\/index.php\/2021\/07\/27\/aulas-presenciais-voltam-a-ser-obrigatorias-na-rede-estadual-de-ensino\/#primaryimage\"},\"thumbnailUrl\":\"https:\/\/jornalfatosenoticias.com.br\/wp-content\/uploads\/2021\/07\/aulas-presenciais_retorno.jpg\",\"keywords\":[\"aulas presenciais\",\"rede estadual de ensino\",\"retorno\"],\"articleSection\":[\"Educa\u00e7\u00e3o\"],\"inLanguage\":\"pt-BR\",\"potentialAction\":[{\"@type\":\"CommentAction\",\"name\":\"Comment\",\"target\":[\"https:\/\/jornalfatosenoticias.com.br\/index.php\/2021\/07\/27\/aulas-presenciais-voltam-a-ser-obrigatorias-na-rede-estadual-de-ensino\/#respond\"]}]},{\"@type\":\"WebPage\",\"@id\":\"https:\/\/jornalfatosenoticias.com.br\/index.php\/2021\/07\/27\/aulas-presenciais-voltam-a-ser-obrigatorias-na-rede-estadual-de-ensino\/\",\"url\":\"https:\/\/jornalfatosenoticias.com.br\/index.php\/2021\/07\/27\/aulas-presenciais-voltam-a-ser-obrigatorias-na-rede-estadual-de-ensino\/\",\"name\":\"Aulas presenciais voltam a ser obrigat\u00f3rias na Rede Estadual de Ensino - Jornal Fatos e Not\u00edcias\",\"isPartOf\":{\"@id\":\"https:\/\/jornalfatosenoticias.com.br\/#website\"},\"primaryImageOfPage\":{\"@id\":\"https:\/\/jornalfatosenoticias.com.br\/index.php\/2021\/07\/27\/aulas-presenciais-voltam-a-ser-obrigatorias-na-rede-estadual-de-ensino\/#primaryimage\"},\"image\":{\"@id\":\"https:\/\/jornalfatosenoticias.com.br\/index.php\/2021\/07\/27\/aulas-presenciais-voltam-a-ser-obrigatorias-na-rede-estadual-de-ensino\/#primaryimage\"},\"thumbnailUrl\":\"https:\/\/jornalfatosenoticias.com.br\/wp-content\/uploads\/2021\/07\/aulas-presenciais_retorno.jpg\",\"datePublished\":\"2021-07-27T12:22:10+00:00\",\"dateModified\":\"2021-07-27T12:22:12+00:00\",\"breadcrumb\":{\"@id\":\"https:\/\/jornalfatosenoticias.com.br\/index.php\/2021\/07\/27\/aulas-presenciais-voltam-a-ser-obrigatorias-na-rede-estadual-de-ensino\/#breadcrumb\"},\"inLanguage\":\"pt-BR\",\"potentialAction\":[{\"@type\":\"ReadAction\",\"target\":[\"https:\/\/jornalfatosenoticias.com.br\/index.php\/2021\/07\/27\/aulas-presenciais-voltam-a-ser-obrigatorias-na-rede-estadual-de-ensino\/\"]}]},{\"@type\":\"ImageObject\",\"inLanguage\":\"pt-BR\",\"@id\":\"https:\/\/jornalfatosenoticias.com.br\/index.php\/2021\/07\/27\/aulas-presenciais-voltam-a-ser-obrigatorias-na-rede-estadual-de-ensino\/#primaryimage\",\"url\":\"https:\/\/jornalfatosenoticias.com.br\/wp-content\/uploads\/2021\/07\/aulas-presenciais_retorno.jpg\",\"contentUrl\":\"https:\/\/jornalfatosenoticias.com.br\/wp-content\/uploads\/2021\/07\/aulas-presenciais_retorno.jpg\",\"width\":1000,\"height\":666},{\"@type\":\"BreadcrumbList\",\"@id\":\"https:\/\/jornalfatosenoticias.com.br\/index.php\/2021\/07\/27\/aulas-presenciais-voltam-a-ser-obrigatorias-na-rede-estadual-de-ensino\/#breadcrumb\",\"itemListElement\":[{\"@type\":\"ListItem\",\"position\":1,\"name\":\"In\u00edcio\",\"item\":\"https:\/\/jornalfatosenoticias.com.br\/\"},{\"@type\":\"ListItem\",\"position\":2,\"name\":\"Aulas presenciais voltam a ser obrigat\u00f3rias na Rede Estadual de Ensino\"}]},{\"@type\":\"WebSite\",\"@id\":\"https:\/\/jornalfatosenoticias.com.br\/#website\",\"url\":\"https:\/\/jornalfatosenoticias.com.br\/\",\"name\":\"Jornal Fatos e Not\u00edcias\",\"description\":\"Not\u00edcias em geral\",\"publisher\":{\"@id\":\"https:\/\/jornalfatosenoticias.com.br\/#organization\"},\"potentialAction\":[{\"@type\":\"SearchAction\",\"target\":{\"@type\":\"EntryPoint\",\"urlTemplate\":\"https:\/\/jornalfatosenoticias.com.br\/?s={search_term_string}\"},\"query-input\":{\"@type\":\"PropertyValueSpecification\",\"valueRequired\":true,\"valueName\":\"search_term_string\"}}],\"inLanguage\":\"pt-BR\"},{\"@type\":\"Organization\",\"@id\":\"https:\/\/jornalfatosenoticias.com.br\/#organization\",\"name\":\"Jornal Fatos e Not\u00edcias\",\"url\":\"https:\/\/jornalfatosenoticias.com.br\/\",\"logo\":{\"@type\":\"ImageObject\",\"inLanguage\":\"pt-BR\",\"@id\":\"https:\/\/jornalfatosenoticias.com.br\/#\/schema\/logo\/image\/\",\"url\":\"https:\/\/jornalfatosenoticias.com.br\/wp-content\/uploads\/2020\/02\/logo120.png\",\"contentUrl\":\"https:\/\/jornalfatosenoticias.com.br\/wp-content\/uploads\/2020\/02\/logo120.png\",\"width\":1227,\"height\":120,\"caption\":\"Jornal Fatos e Not\u00edcias\"},\"image\":{\"@id\":\"https:\/\/jornalfatosenoticias.com.br\/#\/schema\/logo\/image\/\"}},{\"@type\":\"Person\",\"@id\":\"https:\/\/jornalfatosenoticias.com.br\/#\/schema\/person\/d63837fa13ac8666eb9e74e0985d6f81\",\"name\":\"Luzimara Fernandes\",\"image\":{\"@type\":\"ImageObject\",\"inLanguage\":\"pt-BR\",\"@id\":\"https:\/\/jornalfatosenoticias.com.br\/#\/schema\/person\/image\/\",\"url\":\"https:\/\/jornalfatosenoticias.com.br\/wp-content\/uploads\/2025\/05\/EU_portal.jpg\",\"contentUrl\":\"https:\/\/jornalfatosenoticias.com.br\/wp-content\/uploads\/2025\/05\/EU_portal.jpg\",\"caption\":\"Luzimara Fernandes\"},\"description\":\"Jornalista MTB 2358-ES\",\"sameAs\":[\"https:\/\/jornalfatosenoticias.com.br\"],\"url\":\"https:\/\/jornalfatosenoticias.com.br\/index.php\/author\/luzimara\/\"}]}<\/script>\n<!-- \/ Yoast SEO plugin. -->","yoast_head_json":{"title":"Aulas presenciais voltam a ser obrigat\u00f3rias na Rede Estadual de Ensino - Jornal Fatos e Not\u00edcias","robots":{"index":"index","follow":"follow","max-snippet":"max-snippet:-1","max-image-preview":"max-image-preview:large","max-video-preview":"max-video-preview:-1"},"canonical":"https:\/\/jornalfatosenoticias.com.br\/index.php\/2021\/07\/27\/aulas-presenciais-voltam-a-ser-obrigatorias-na-rede-estadual-de-ensino\/","og_locale":"pt_BR","og_type":"article","og_title":"Aulas presenciais voltam a ser obrigat\u00f3rias na Rede Estadual de Ensino - Jornal Fatos e Not\u00edcias","og_description":"Desde ontem (26), os alunos da Rede Estadual de Ensino voltam a ter a obrigatoriedade da presen\u00e7a nas aulas em escolas estaduais. Nesse mesmo contexto, o rod\u00edzio dos alunos foi alterado, passando de semanal para di\u00e1rio. A cada dia, haver\u00e1 um grupo de alunos revezando com outro grupo que permanecer\u00e1 nas atividades remotas, enquanto perdurar [&hellip;]","og_url":"https:\/\/jornalfatosenoticias.com.br\/index.php\/2021\/07\/27\/aulas-presenciais-voltam-a-ser-obrigatorias-na-rede-estadual-de-ensino\/","og_site_name":"Jornal Fatos e Not\u00edcias","article_published_time":"2021-07-27T12:22:10+00:00","article_modified_time":"2021-07-27T12:22:12+00:00","og_image":[{"width":1000,"height":666,"url":"https:\/\/jornalfatosenoticias.com.br\/wp-content\/uploads\/2021\/07\/aulas-presenciais_retorno.jpg","type":"image\/jpeg"}],"author":"Luzimara Fernandes","twitter_card":"summary_large_image","twitter_misc":{"Escrito por":"Luzimara Fernandes","Est. tempo de leitura":"2 minutos"},"schema":{"@context":"https:\/\/schema.org","@graph":[{"@type":"Article","@id":"https:\/\/jornalfatosenoticias.com.br\/index.php\/2021\/07\/27\/aulas-presenciais-voltam-a-ser-obrigatorias-na-rede-estadual-de-ensino\/#article","isPartOf":{"@id":"https:\/\/jornalfatosenoticias.com.br\/index.php\/2021\/07\/27\/aulas-presenciais-voltam-a-ser-obrigatorias-na-rede-estadual-de-ensino\/"},"author":{"name":"Luzimara Fernandes","@id":"https:\/\/jornalfatosenoticias.com.br\/#\/schema\/person\/d63837fa13ac8666eb9e74e0985d6f81"},"headline":"Aulas presenciais voltam a ser obrigat\u00f3rias na Rede Estadual de Ensino","datePublished":"2021-07-27T12:22:10+00:00","dateModified":"2021-07-27T12:22:12+00:00","mainEntityOfPage":{"@id":"https:\/\/jornalfatosenoticias.com.br\/index.php\/2021\/07\/27\/aulas-presenciais-voltam-a-ser-obrigatorias-na-rede-estadual-de-ensino\/"},"wordCount":315,"commentCount":0,"publisher":{"@id":"https:\/\/jornalfatosenoticias.com.br\/#organization"},"image":{"@id":"https:\/\/jornalfatosenoticias.com.br\/index.php\/2021\/07\/27\/aulas-presenciais-voltam-a-ser-obrigatorias-na-rede-estadual-de-ensino\/#primaryimage"},"thumbnailUrl":"https:\/\/jornalfatosenoticias.com.br\/wp-content\/uploads\/2021\/07\/aulas-presenciais_retorno.jpg","keywords":["aulas presenciais","rede estadual de ensino","retorno"],"articleSection":["Educa\u00e7\u00e3o"],"inLanguage":"pt-BR","potentialAction":[{"@type":"CommentAction","name":"Comment","target":["https:\/\/jornalfatosenoticias.com.br\/index.php\/2021\/07\/27\/aulas-presenciais-voltam-a-ser-obrigatorias-na-rede-estadual-de-ensino\/#respond"]}]},{"@type":"WebPage","@id":"https:\/\/jornalfatosenoticias.com.br\/index.php\/2021\/07\/27\/aulas-presenciais-voltam-a-ser-obrigatorias-na-rede-estadual-de-ensino\/","url":"https:\/\/jornalfatosenoticias.com.br\/index.php\/2021\/07\/27\/aulas-presenciais-voltam-a-ser-obrigatorias-na-rede-estadual-de-ensino\/","name":"Aulas presenciais voltam a ser obrigat\u00f3rias na Rede Estadual de Ensino - Jornal Fatos e Not\u00edcias","isPartOf":{"@id":"https:\/\/jornalfatosenoticias.com.br\/#website"},"primaryImageOfPage":{"@id":"https:\/\/jornalfatosenoticias.com.br\/index.php\/2021\/07\/27\/aulas-presenciais-voltam-a-ser-obrigatorias-na-rede-estadual-de-ensino\/#primaryimage"},"image":{"@id":"https:\/\/jornalfatosenoticias.com.br\/index.php\/2021\/07\/27\/aulas-presenciais-voltam-a-ser-obrigatorias-na-rede-estadual-de-ensino\/#primaryimage"},"thumbnailUrl":"https:\/\/jornalfatosenoticias.com.br\/wp-content\/uploads\/2021\/07\/aulas-presenciais_retorno.jpg","datePublished":"2021-07-27T12:22:10+00:00","dateModified":"2021-07-27T12:22:12+00:00","breadcrumb":{"@id":"https:\/\/jornalfatosenoticias.com.br\/index.php\/2021\/07\/27\/aulas-presenciais-voltam-a-ser-obrigatorias-na-rede-estadual-de-ensino\/#breadcrumb"},"inLanguage":"pt-BR","potentialAction":[{"@type":"ReadAction","target":["https:\/\/jornalfatosenoticias.com.br\/index.php\/2021\/07\/27\/aulas-presenciais-voltam-a-ser-obrigatorias-na-rede-estadual-de-ensino\/"]}]},{"@type":"ImageObject","inLanguage":"pt-BR","@id":"https:\/\/jornalfatosenoticias.com.br\/index.php\/2021\/07\/27\/aulas-presenciais-voltam-a-ser-obrigatorias-na-rede-estadual-de-ensino\/#primaryimage","url":"https:\/\/jornalfatosenoticias.com.br\/wp-content\/uploads\/2021\/07\/aulas-presenciais_retorno.jpg","contentUrl":"https:\/\/jornalfatosenoticias.com.br\/wp-content\/uploads\/2021\/07\/aulas-presenciais_retorno.jpg","width":1000,"height":666},{"@type":"BreadcrumbList","@id":"https:\/\/jornalfatosenoticias.com.br\/index.php\/2021\/07\/27\/aulas-presenciais-voltam-a-ser-obrigatorias-na-rede-estadual-de-ensino\/#breadcrumb","itemListElement":[{"@type":"ListItem","position":1,"name":"In\u00edcio","item":"https:\/\/jornalfatosenoticias.com.br\/"},{"@type":"ListItem","position":2,"name":"Aulas presenciais voltam a ser obrigat\u00f3rias na Rede Estadual de Ensino"}]},{"@type":"WebSite","@id":"https:\/\/jornalfatosenoticias.com.br\/#website","url":"https:\/\/jornalfatosenoticias.com.br\/","name":"Jornal Fatos e Not\u00edcias","description":"Not\u00edcias em geral","publisher":{"@id":"https:\/\/jornalfatosenoticias.com.br\/#organization"},"potentialAction":[{"@type":"SearchAction","target":{"@type":"EntryPoint","urlTemplate":"https:\/\/jornalfatosenoticias.com.br\/?s={search_term_string}"},"query-input":{"@type":"PropertyValueSpecification","valueRequired":true,"valueName":"search_term_string"}}],"inLanguage":"pt-BR"},{"@type":"Organization","@id":"https:\/\/jornalfatosenoticias.com.br\/#organization","name":"Jornal Fatos e Not\u00edcias","url":"https:\/\/jornalfatosenoticias.com.br\/","logo":{"@type":"ImageObject","inLanguage":"pt-BR","@id":"https:\/\/jornalfatosenoticias.com.br\/#\/schema\/logo\/image\/","url":"https:\/\/jornalfatosenoticias.com.br\/wp-content\/uploads\/2020\/02\/logo120.png","contentUrl":"https:\/\/jornalfatosenoticias.com.br\/wp-content\/uploads\/2020\/02\/logo120.png","width":1227,"height":120,"caption":"Jornal Fatos e Not\u00edcias"},"image":{"@id":"https:\/\/jornalfatosenoticias.com.br\/#\/schema\/logo\/image\/"}},{"@type":"Person","@id":"https:\/\/jornalfatosenoticias.com.br\/#\/schema\/person\/d63837fa13ac8666eb9e74e0985d6f81","name":"Luzimara Fernandes","image":{"@type":"ImageObject","inLanguage":"pt-BR","@id":"https:\/\/jornalfatosenoticias.com.br\/#\/schema\/person\/image\/","url":"https:\/\/jornalfatosenoticias.com.br\/wp-content\/uploads\/2025\/05\/EU_portal.jpg","contentUrl":"https:\/\/jornalfatosenoticias.com.br\/wp-content\/uploads\/2025\/05\/EU_portal.jpg","caption":"Luzimara Fernandes"},"description":"Jornalista MTB 2358-ES","sameAs":["https:\/\/jornalfatosenoticias.com.br"],"url":"https:\/\/jornalfatosenoticias.com.br\/index.php\/author\/luzimara\/"}]}},"cc_featured_image_caption":{"caption_text":"(Foto: Ascom Sedu)","source_text":"","source_url":""},"jetpack_featured_media_url":"https:\/\/jornalfatosenoticias.com.br\/wp-content\/uploads\/2021\/07\/aulas-presenciais_retorno.jpg","_links":{"self":[{"href":"https:\/\/jornalfatosenoticias.com.br\/index.php\/wp-json\/wp\/v2\/posts\/21113","targetHints":{"allow":["GET"]}}],"collection":[{"href":"https:\/\/jornalfatosenoticias.com.br\/index.php\/wp-json\/wp\/v2\/posts"}],"about":[{"href":"https:\/\/jornalfatosenoticias.com.br\/index.php\/wp-json\/wp\/v2\/types\/post"}],"author":[{"embeddable":true,"href":"https:\/\/jornalfatosenoticias.com.br\/index.php\/wp-json\/wp\/v2\/users\/2"}],"replies":[{"embeddable":true,"href":"https:\/\/jornalfatosenoticias.com.br\/index.php\/wp-json\/wp\/v2\/comments?post=21113"}],"version-history":[{"count":0,"href":"https:\/\/jornalfatosenoticias.com.br\/index.php\/wp-json\/wp\/v2\/posts\/21113\/revisions"}],"wp:featuredmedia":[{"embeddable":true,"href":"https:\/\/jornalfatosenoticias.com.br\/index.php\/wp-json\/wp\/v2\/media\/21114"}],"wp:attachment":[{"href":"https:\/\/jornalfatosenoticias.com.br\/index.php\/wp-json\/wp\/v2\/media?parent=21113"}],"wp:term":[{"taxonomy":"category","embeddable":true,"href":"https:\/\/jornalfatosenoticias.com.br\/index.php\/wp-json\/wp\/v2\/categories?post=21113"},{"taxonomy":"post_tag","embeddable":true,"href":"https:\/\/jornalfatosenoticias.com.br\/index.php\/wp-json\/wp\/v2\/tags?post=21113"}],"curies":[{"name":"wp","href":"https:\/\/api.w.org\/{rel}","templated":true}]}}