{"id":21121,"date":"2021-07-27T09:45:26","date_gmt":"2021-07-27T12:45:26","guid":{"rendered":"https:\/\/jornalfatosenoticias.com.br\/?p=21121"},"modified":"2021-07-27T09:45:30","modified_gmt":"2021-07-27T12:45:30","slug":"redes-sociais-influenciam-na-depressao-pos-parto-nos-homens","status":"publish","type":"post","link":"https:\/\/jornalfatosenoticias.com.br\/index.php\/2021\/07\/27\/redes-sociais-influenciam-na-depressao-pos-parto-nos-homens\/","title":{"rendered":"Redes sociais influenciam na depress\u00e3o p\u00f3s-parto nos homens"},"content":{"rendered":"\n<p>Uma pesquisa da Universidade da Cidade de Birmingham, no <a href=\"https:\/\/olhardigital.com.br\/tag\/reino-unido\/\" target=\"_blank\" rel=\"noreferrer noopener\">Reino Unido<\/a>, apontou que os novos pais tendem a viver per\u00edodos dif\u00edceis no per\u00edodo p\u00f3s-natal, logo ap\u00f3s do nascimento do\u00a0<a href=\"https:\/\/olhardigital.com.br\/tag\/bebe\/\" target=\"_blank\" rel=\"noreferrer noopener\">beb\u00ea<\/a>.<br>De acordo com o estudo, o principal motivo para isso seria a frequente compara\u00e7\u00e3o com outros pais por meio das diversas <a href=\"https:\/\/olhardigital.com.br\/tag\/redes-sociais\/\" target=\"_blank\" rel=\"noreferrer noopener\">redes sociais<\/a> existentes, aumentando o risco do desenvolvimento de depress\u00e3o p\u00f3s-parto nos homens.<br>A pesquisadora relatou que os pais do beb\u00ea afirmam que existe uma grande press\u00e3o da sociedade tanto presencialmente quanto <a href=\"https:\/\/olhardigital.com.br\/tag\/online\/\" target=\"_blank\" rel=\"noreferrer noopener\">on-line<\/a>, mas que os recursos para apoio e preocupa\u00e7\u00e3o com a sa\u00fade paterna s\u00e3o muito poucos, quase que inexistentes.<br>\u201cEsta pesquisa tem implica\u00e7\u00f5es cl\u00ednicas, j\u00e1 que essas descobertas podem informar os profissionais de sa\u00fade sobre os fatores de risco da depress\u00e3o p\u00f3s-parto, desafios no ajuste \u00e0 paternidade, bem como a linguagem relacionada \u00e0 depress\u00e3o p\u00f3s-parto\u201d, avisam os pesquisadores.<\/p>\n\n\n\n<h4 class=\"wp-block-heading\"><strong><span class=\"has-inline-color has-black-color\">Postagens sobre depress\u00e3o p\u00f3s-parto<\/span><\/strong><\/h4>\n\n\n\n<figure class=\"wp-block-image size-large is-style-default\"><img loading=\"lazy\" decoding=\"async\" width=\"1000\" height=\"665\" src=\"https:\/\/jornalfatosenoticias.com.br\/wp-content\/uploads\/2021\/07\/Homem-triste_redes-sociais.jpg\" alt=\"\" class=\"wp-image-21122\" srcset=\"https:\/\/jornalfatosenoticias.com.br\/wp-content\/uploads\/2021\/07\/Homem-triste_redes-sociais.jpg 1000w, https:\/\/jornalfatosenoticias.com.br\/wp-content\/uploads\/2021\/07\/Homem-triste_redes-sociais-300x200.jpg 300w, https:\/\/jornalfatosenoticias.com.br\/wp-content\/uploads\/2021\/07\/Homem-triste_redes-sociais-768x511.jpg 768w\" sizes=\"auto, (max-width: 1000px) 100vw, 1000px\" \/><figcaption><em><span class=\"has-inline-color has-black-color\">Redes sociais influenciam na depress\u00e3o p\u00f3s-parto nos homens (Foto: Tzido Sun\/Shutterstock)<\/span><\/em><\/figcaption><\/figure>\n\n\n\n<p>Durante o estudo, os cientistas realizaram uma s\u00e9rie de entrevistas e analisaram as <a href=\"https:\/\/olhardigital.com.br\/tag\/postagens\/\" target=\"_blank\" rel=\"noreferrer noopener\">postagens<\/a> em redes sociais sobre a depress\u00e3o p\u00f3s-parto. Ao interpretar os posts, pode-se constatar que as mulheres tecem coment\u00e1rios mais autocentrados e recebem maior apoio, enquanto os homens tendem a focar em outras pessoas quando discutem o tema.<br>\u201cA sa\u00fade mental paterna parecia ser negligenciada tanto no contexto m\u00e9dico quanto no digital, de acordo com as entrevistas com os pais\u201d, explicou a pesquisadora Iris-Anda Ilies.<br>Os <a href=\"https:\/\/olhardigital.com.br\/tag\/pesquisadores\/\" target=\"_blank\" rel=\"noreferrer noopener\">pesquisadores<\/a> esperam que as descobertas possam ajudar no desenvolvimento de materiais de treinamento e na melhoria de exames e tratamentos tamb\u00e9m focados na assist\u00eancia paternal no per\u00edodo p\u00f3s-natal.<br>O intuito da pesquisa \u00e9 mostrar que as redes sociais podem desencadear graves consequ\u00eancias ao pressionar diversos pais e n\u00e3o ajuda-los no que for necess\u00e1rio.<br>Obviamente, vale ressaltar que a press\u00e3o sobre a mulher segue sendo muito maior, mas o ponto em quest\u00e3o na pesquisa \u00e9 fornecer atendimento e uma rede de apoio \u00e0 ambos, de acordo com a necessidade apresentada.<\/p>\n\n\n\n<p><strong><em>Fonte: <a href=\"https:\/\/olhardigital.com.br\/2021\/07\/26\/medicina-e-saude\/redes-sociais-influenciam-na-depressao-pos-parto-nos-homens\/\">Olhar Digital<\/a><\/em><\/strong><\/p>\n","protected":false},"excerpt":{"rendered":"<p>Uma pesquisa da Universidade da Cidade de Birmingham, no Reino Unido, apontou que os novos pais tendem a viver per\u00edodos dif\u00edceis no per\u00edodo p\u00f3s-natal, logo ap\u00f3s do nascimento do\u00a0beb\u00ea.De acordo com o estudo, o principal motivo para isso seria a frequente compara\u00e7\u00e3o com outros pais por meio das diversas redes sociais existentes, aumentando o risco [&hellip;]<\/p>\n","protected":false},"author":2,"featured_media":21123,"comment_status":"open","ping_status":"open","sticky":false,"template":"","format":"standard","meta":{"footnotes":""},"categories":[2522],"tags":[2375,1999,1563],"class_list":["post-21121","post","type-post","status-publish","format-standard","has-post-thumbnail","hentry","category-comportamento","tag-depressao","tag-homens","tag-redes-sociais"],"yoast_head":"<!-- This site is optimized with the Yoast SEO plugin v26.5 - https:\/\/yoast.com\/wordpress\/plugins\/seo\/ -->\n<title>Redes sociais influenciam na depress\u00e3o p\u00f3s-parto nos homens - Jornal Fatos e Not\u00edcias<\/title>\n<meta name=\"robots\" content=\"index, follow, max-snippet:-1, max-image-preview:large, max-video-preview:-1\" \/>\n<link rel=\"canonical\" href=\"https:\/\/jornalfatosenoticias.com.br\/index.php\/2021\/07\/27\/redes-sociais-influenciam-na-depressao-pos-parto-nos-homens\/\" \/>\n<meta property=\"og:locale\" content=\"pt_BR\" \/>\n<meta property=\"og:type\" content=\"article\" \/>\n<meta property=\"og:title\" content=\"Redes sociais influenciam na depress\u00e3o p\u00f3s-parto nos homens - Jornal Fatos e Not\u00edcias\" \/>\n<meta property=\"og:description\" content=\"Uma pesquisa da Universidade da Cidade de Birmingham, no Reino Unido, apontou que os novos pais tendem a viver per\u00edodos dif\u00edceis no per\u00edodo p\u00f3s-natal, logo ap\u00f3s do nascimento do\u00a0beb\u00ea.De acordo com o estudo, o principal motivo para isso seria a frequente compara\u00e7\u00e3o com outros pais por meio das diversas redes sociais existentes, aumentando o risco [&hellip;]\" \/>\n<meta property=\"og:url\" content=\"https:\/\/jornalfatosenoticias.com.br\/index.php\/2021\/07\/27\/redes-sociais-influenciam-na-depressao-pos-parto-nos-homens\/\" \/>\n<meta property=\"og:site_name\" content=\"Jornal Fatos e Not\u00edcias\" \/>\n<meta property=\"article:published_time\" content=\"2021-07-27T12:45:26+00:00\" \/>\n<meta property=\"article:modified_time\" content=\"2021-07-27T12:45:30+00:00\" \/>\n<meta property=\"og:image\" content=\"https:\/\/jornalfatosenoticias.com.br\/wp-content\/uploads\/2021\/07\/Homem-triste-redes-sociais1.jpg\" \/>\n\t<meta property=\"og:image:width\" content=\"1000\" \/>\n\t<meta property=\"og:image:height\" content=\"450\" \/>\n\t<meta property=\"og:image:type\" content=\"image\/jpeg\" \/>\n<meta name=\"author\" content=\"Luzimara Fernandes\" \/>\n<meta name=\"twitter:card\" content=\"summary_large_image\" \/>\n<meta name=\"twitter:label1\" content=\"Escrito por\" \/>\n\t<meta name=\"twitter:data1\" content=\"Luzimara Fernandes\" \/>\n\t<meta name=\"twitter:label2\" content=\"Est. tempo de leitura\" \/>\n\t<meta name=\"twitter:data2\" content=\"2 minutos\" \/>\n<script type=\"application\/ld+json\" class=\"yoast-schema-graph\">{\"@context\":\"https:\/\/schema.org\",\"@graph\":[{\"@type\":\"Article\",\"@id\":\"https:\/\/jornalfatosenoticias.com.br\/index.php\/2021\/07\/27\/redes-sociais-influenciam-na-depressao-pos-parto-nos-homens\/#article\",\"isPartOf\":{\"@id\":\"https:\/\/jornalfatosenoticias.com.br\/index.php\/2021\/07\/27\/redes-sociais-influenciam-na-depressao-pos-parto-nos-homens\/\"},\"author\":{\"name\":\"Luzimara Fernandes\",\"@id\":\"https:\/\/jornalfatosenoticias.com.br\/#\/schema\/person\/d63837fa13ac8666eb9e74e0985d6f81\"},\"headline\":\"Redes sociais influenciam na depress\u00e3o p\u00f3s-parto nos homens\",\"datePublished\":\"2021-07-27T12:45:26+00:00\",\"dateModified\":\"2021-07-27T12:45:30+00:00\",\"mainEntityOfPage\":{\"@id\":\"https:\/\/jornalfatosenoticias.com.br\/index.php\/2021\/07\/27\/redes-sociais-influenciam-na-depressao-pos-parto-nos-homens\/\"},\"wordCount\":371,\"commentCount\":0,\"publisher\":{\"@id\":\"https:\/\/jornalfatosenoticias.com.br\/#organization\"},\"image\":{\"@id\":\"https:\/\/jornalfatosenoticias.com.br\/index.php\/2021\/07\/27\/redes-sociais-influenciam-na-depressao-pos-parto-nos-homens\/#primaryimage\"},\"thumbnailUrl\":\"https:\/\/jornalfatosenoticias.com.br\/wp-content\/uploads\/2021\/07\/Homem-triste-redes-sociais1.jpg\",\"keywords\":[\"depress\u00e3o\",\"homens\",\"redes sociais\"],\"articleSection\":[\"Comportamento &amp; Equil\u00edbrio\"],\"inLanguage\":\"pt-BR\",\"potentialAction\":[{\"@type\":\"CommentAction\",\"name\":\"Comment\",\"target\":[\"https:\/\/jornalfatosenoticias.com.br\/index.php\/2021\/07\/27\/redes-sociais-influenciam-na-depressao-pos-parto-nos-homens\/#respond\"]}]},{\"@type\":\"WebPage\",\"@id\":\"https:\/\/jornalfatosenoticias.com.br\/index.php\/2021\/07\/27\/redes-sociais-influenciam-na-depressao-pos-parto-nos-homens\/\",\"url\":\"https:\/\/jornalfatosenoticias.com.br\/index.php\/2021\/07\/27\/redes-sociais-influenciam-na-depressao-pos-parto-nos-homens\/\",\"name\":\"Redes sociais influenciam na depress\u00e3o p\u00f3s-parto nos homens - Jornal Fatos e Not\u00edcias\",\"isPartOf\":{\"@id\":\"https:\/\/jornalfatosenoticias.com.br\/#website\"},\"primaryImageOfPage\":{\"@id\":\"https:\/\/jornalfatosenoticias.com.br\/index.php\/2021\/07\/27\/redes-sociais-influenciam-na-depressao-pos-parto-nos-homens\/#primaryimage\"},\"image\":{\"@id\":\"https:\/\/jornalfatosenoticias.com.br\/index.php\/2021\/07\/27\/redes-sociais-influenciam-na-depressao-pos-parto-nos-homens\/#primaryimage\"},\"thumbnailUrl\":\"https:\/\/jornalfatosenoticias.com.br\/wp-content\/uploads\/2021\/07\/Homem-triste-redes-sociais1.jpg\",\"datePublished\":\"2021-07-27T12:45:26+00:00\",\"dateModified\":\"2021-07-27T12:45:30+00:00\",\"breadcrumb\":{\"@id\":\"https:\/\/jornalfatosenoticias.com.br\/index.php\/2021\/07\/27\/redes-sociais-influenciam-na-depressao-pos-parto-nos-homens\/#breadcrumb\"},\"inLanguage\":\"pt-BR\",\"potentialAction\":[{\"@type\":\"ReadAction\",\"target\":[\"https:\/\/jornalfatosenoticias.com.br\/index.php\/2021\/07\/27\/redes-sociais-influenciam-na-depressao-pos-parto-nos-homens\/\"]}]},{\"@type\":\"ImageObject\",\"inLanguage\":\"pt-BR\",\"@id\":\"https:\/\/jornalfatosenoticias.com.br\/index.php\/2021\/07\/27\/redes-sociais-influenciam-na-depressao-pos-parto-nos-homens\/#primaryimage\",\"url\":\"https:\/\/jornalfatosenoticias.com.br\/wp-content\/uploads\/2021\/07\/Homem-triste-redes-sociais1.jpg\",\"contentUrl\":\"https:\/\/jornalfatosenoticias.com.br\/wp-content\/uploads\/2021\/07\/Homem-triste-redes-sociais1.jpg\",\"width\":1000,\"height\":450},{\"@type\":\"BreadcrumbList\",\"@id\":\"https:\/\/jornalfatosenoticias.com.br\/index.php\/2021\/07\/27\/redes-sociais-influenciam-na-depressao-pos-parto-nos-homens\/#breadcrumb\",\"itemListElement\":[{\"@type\":\"ListItem\",\"position\":1,\"name\":\"In\u00edcio\",\"item\":\"https:\/\/jornalfatosenoticias.com.br\/\"},{\"@type\":\"ListItem\",\"position\":2,\"name\":\"Redes sociais influenciam na depress\u00e3o p\u00f3s-parto nos homens\"}]},{\"@type\":\"WebSite\",\"@id\":\"https:\/\/jornalfatosenoticias.com.br\/#website\",\"url\":\"https:\/\/jornalfatosenoticias.com.br\/\",\"name\":\"Jornal Fatos e Not\u00edcias\",\"description\":\"Not\u00edcias em geral\",\"publisher\":{\"@id\":\"https:\/\/jornalfatosenoticias.com.br\/#organization\"},\"potentialAction\":[{\"@type\":\"SearchAction\",\"target\":{\"@type\":\"EntryPoint\",\"urlTemplate\":\"https:\/\/jornalfatosenoticias.com.br\/?s={search_term_string}\"},\"query-input\":{\"@type\":\"PropertyValueSpecification\",\"valueRequired\":true,\"valueName\":\"search_term_string\"}}],\"inLanguage\":\"pt-BR\"},{\"@type\":\"Organization\",\"@id\":\"https:\/\/jornalfatosenoticias.com.br\/#organization\",\"name\":\"Jornal Fatos e Not\u00edcias\",\"url\":\"https:\/\/jornalfatosenoticias.com.br\/\",\"logo\":{\"@type\":\"ImageObject\",\"inLanguage\":\"pt-BR\",\"@id\":\"https:\/\/jornalfatosenoticias.com.br\/#\/schema\/logo\/image\/\",\"url\":\"https:\/\/jornalfatosenoticias.com.br\/wp-content\/uploads\/2020\/02\/logo120.png\",\"contentUrl\":\"https:\/\/jornalfatosenoticias.com.br\/wp-content\/uploads\/2020\/02\/logo120.png\",\"width\":1227,\"height\":120,\"caption\":\"Jornal Fatos e Not\u00edcias\"},\"image\":{\"@id\":\"https:\/\/jornalfatosenoticias.com.br\/#\/schema\/logo\/image\/\"}},{\"@type\":\"Person\",\"@id\":\"https:\/\/jornalfatosenoticias.com.br\/#\/schema\/person\/d63837fa13ac8666eb9e74e0985d6f81\",\"name\":\"Luzimara Fernandes\",\"image\":{\"@type\":\"ImageObject\",\"inLanguage\":\"pt-BR\",\"@id\":\"https:\/\/jornalfatosenoticias.com.br\/#\/schema\/person\/image\/\",\"url\":\"https:\/\/jornalfatosenoticias.com.br\/wp-content\/uploads\/2025\/05\/EU_portal.jpg\",\"contentUrl\":\"https:\/\/jornalfatosenoticias.com.br\/wp-content\/uploads\/2025\/05\/EU_portal.jpg\",\"caption\":\"Luzimara Fernandes\"},\"description\":\"Jornalista MTB 2358-ES\",\"sameAs\":[\"https:\/\/jornalfatosenoticias.com.br\"],\"url\":\"https:\/\/jornalfatosenoticias.com.br\/index.php\/author\/luzimara\/\"}]}<\/script>\n<!-- \/ Yoast SEO plugin. -->","yoast_head_json":{"title":"Redes sociais influenciam na depress\u00e3o p\u00f3s-parto nos homens - Jornal Fatos e Not\u00edcias","robots":{"index":"index","follow":"follow","max-snippet":"max-snippet:-1","max-image-preview":"max-image-preview:large","max-video-preview":"max-video-preview:-1"},"canonical":"https:\/\/jornalfatosenoticias.com.br\/index.php\/2021\/07\/27\/redes-sociais-influenciam-na-depressao-pos-parto-nos-homens\/","og_locale":"pt_BR","og_type":"article","og_title":"Redes sociais influenciam na depress\u00e3o p\u00f3s-parto nos homens - Jornal Fatos e Not\u00edcias","og_description":"Uma pesquisa da Universidade da Cidade de Birmingham, no Reino Unido, apontou que os novos pais tendem a viver per\u00edodos dif\u00edceis no per\u00edodo p\u00f3s-natal, logo ap\u00f3s do nascimento do\u00a0beb\u00ea.De acordo com o estudo, o principal motivo para isso seria a frequente compara\u00e7\u00e3o com outros pais por meio das diversas redes sociais existentes, aumentando o risco [&hellip;]","og_url":"https:\/\/jornalfatosenoticias.com.br\/index.php\/2021\/07\/27\/redes-sociais-influenciam-na-depressao-pos-parto-nos-homens\/","og_site_name":"Jornal Fatos e Not\u00edcias","article_published_time":"2021-07-27T12:45:26+00:00","article_modified_time":"2021-07-27T12:45:30+00:00","og_image":[{"width":1000,"height":450,"url":"https:\/\/jornalfatosenoticias.com.br\/wp-content\/uploads\/2021\/07\/Homem-triste-redes-sociais1.jpg","type":"image\/jpeg"}],"author":"Luzimara Fernandes","twitter_card":"summary_large_image","twitter_misc":{"Escrito por":"Luzimara Fernandes","Est. tempo de leitura":"2 minutos"},"schema":{"@context":"https:\/\/schema.org","@graph":[{"@type":"Article","@id":"https:\/\/jornalfatosenoticias.com.br\/index.php\/2021\/07\/27\/redes-sociais-influenciam-na-depressao-pos-parto-nos-homens\/#article","isPartOf":{"@id":"https:\/\/jornalfatosenoticias.com.br\/index.php\/2021\/07\/27\/redes-sociais-influenciam-na-depressao-pos-parto-nos-homens\/"},"author":{"name":"Luzimara Fernandes","@id":"https:\/\/jornalfatosenoticias.com.br\/#\/schema\/person\/d63837fa13ac8666eb9e74e0985d6f81"},"headline":"Redes sociais influenciam na depress\u00e3o p\u00f3s-parto nos homens","datePublished":"2021-07-27T12:45:26+00:00","dateModified":"2021-07-27T12:45:30+00:00","mainEntityOfPage":{"@id":"https:\/\/jornalfatosenoticias.com.br\/index.php\/2021\/07\/27\/redes-sociais-influenciam-na-depressao-pos-parto-nos-homens\/"},"wordCount":371,"commentCount":0,"publisher":{"@id":"https:\/\/jornalfatosenoticias.com.br\/#organization"},"image":{"@id":"https:\/\/jornalfatosenoticias.com.br\/index.php\/2021\/07\/27\/redes-sociais-influenciam-na-depressao-pos-parto-nos-homens\/#primaryimage"},"thumbnailUrl":"https:\/\/jornalfatosenoticias.com.br\/wp-content\/uploads\/2021\/07\/Homem-triste-redes-sociais1.jpg","keywords":["depress\u00e3o","homens","redes sociais"],"articleSection":["Comportamento &amp; Equil\u00edbrio"],"inLanguage":"pt-BR","potentialAction":[{"@type":"CommentAction","name":"Comment","target":["https:\/\/jornalfatosenoticias.com.br\/index.php\/2021\/07\/27\/redes-sociais-influenciam-na-depressao-pos-parto-nos-homens\/#respond"]}]},{"@type":"WebPage","@id":"https:\/\/jornalfatosenoticias.com.br\/index.php\/2021\/07\/27\/redes-sociais-influenciam-na-depressao-pos-parto-nos-homens\/","url":"https:\/\/jornalfatosenoticias.com.br\/index.php\/2021\/07\/27\/redes-sociais-influenciam-na-depressao-pos-parto-nos-homens\/","name":"Redes sociais influenciam na depress\u00e3o p\u00f3s-parto nos homens - Jornal Fatos e Not\u00edcias","isPartOf":{"@id":"https:\/\/jornalfatosenoticias.com.br\/#website"},"primaryImageOfPage":{"@id":"https:\/\/jornalfatosenoticias.com.br\/index.php\/2021\/07\/27\/redes-sociais-influenciam-na-depressao-pos-parto-nos-homens\/#primaryimage"},"image":{"@id":"https:\/\/jornalfatosenoticias.com.br\/index.php\/2021\/07\/27\/redes-sociais-influenciam-na-depressao-pos-parto-nos-homens\/#primaryimage"},"thumbnailUrl":"https:\/\/jornalfatosenoticias.com.br\/wp-content\/uploads\/2021\/07\/Homem-triste-redes-sociais1.jpg","datePublished":"2021-07-27T12:45:26+00:00","dateModified":"2021-07-27T12:45:30+00:00","breadcrumb":{"@id":"https:\/\/jornalfatosenoticias.com.br\/index.php\/2021\/07\/27\/redes-sociais-influenciam-na-depressao-pos-parto-nos-homens\/#breadcrumb"},"inLanguage":"pt-BR","potentialAction":[{"@type":"ReadAction","target":["https:\/\/jornalfatosenoticias.com.br\/index.php\/2021\/07\/27\/redes-sociais-influenciam-na-depressao-pos-parto-nos-homens\/"]}]},{"@type":"ImageObject","inLanguage":"pt-BR","@id":"https:\/\/jornalfatosenoticias.com.br\/index.php\/2021\/07\/27\/redes-sociais-influenciam-na-depressao-pos-parto-nos-homens\/#primaryimage","url":"https:\/\/jornalfatosenoticias.com.br\/wp-content\/uploads\/2021\/07\/Homem-triste-redes-sociais1.jpg","contentUrl":"https:\/\/jornalfatosenoticias.com.br\/wp-content\/uploads\/2021\/07\/Homem-triste-redes-sociais1.jpg","width":1000,"height":450},{"@type":"BreadcrumbList","@id":"https:\/\/jornalfatosenoticias.com.br\/index.php\/2021\/07\/27\/redes-sociais-influenciam-na-depressao-pos-parto-nos-homens\/#breadcrumb","itemListElement":[{"@type":"ListItem","position":1,"name":"In\u00edcio","item":"https:\/\/jornalfatosenoticias.com.br\/"},{"@type":"ListItem","position":2,"name":"Redes sociais influenciam na depress\u00e3o p\u00f3s-parto nos homens"}]},{"@type":"WebSite","@id":"https:\/\/jornalfatosenoticias.com.br\/#website","url":"https:\/\/jornalfatosenoticias.com.br\/","name":"Jornal Fatos e Not\u00edcias","description":"Not\u00edcias em geral","publisher":{"@id":"https:\/\/jornalfatosenoticias.com.br\/#organization"},"potentialAction":[{"@type":"SearchAction","target":{"@type":"EntryPoint","urlTemplate":"https:\/\/jornalfatosenoticias.com.br\/?s={search_term_string}"},"query-input":{"@type":"PropertyValueSpecification","valueRequired":true,"valueName":"search_term_string"}}],"inLanguage":"pt-BR"},{"@type":"Organization","@id":"https:\/\/jornalfatosenoticias.com.br\/#organization","name":"Jornal Fatos e Not\u00edcias","url":"https:\/\/jornalfatosenoticias.com.br\/","logo":{"@type":"ImageObject","inLanguage":"pt-BR","@id":"https:\/\/jornalfatosenoticias.com.br\/#\/schema\/logo\/image\/","url":"https:\/\/jornalfatosenoticias.com.br\/wp-content\/uploads\/2020\/02\/logo120.png","contentUrl":"https:\/\/jornalfatosenoticias.com.br\/wp-content\/uploads\/2020\/02\/logo120.png","width":1227,"height":120,"caption":"Jornal Fatos e Not\u00edcias"},"image":{"@id":"https:\/\/jornalfatosenoticias.com.br\/#\/schema\/logo\/image\/"}},{"@type":"Person","@id":"https:\/\/jornalfatosenoticias.com.br\/#\/schema\/person\/d63837fa13ac8666eb9e74e0985d6f81","name":"Luzimara Fernandes","image":{"@type":"ImageObject","inLanguage":"pt-BR","@id":"https:\/\/jornalfatosenoticias.com.br\/#\/schema\/person\/image\/","url":"https:\/\/jornalfatosenoticias.com.br\/wp-content\/uploads\/2025\/05\/EU_portal.jpg","contentUrl":"https:\/\/jornalfatosenoticias.com.br\/wp-content\/uploads\/2025\/05\/EU_portal.jpg","caption":"Luzimara Fernandes"},"description":"Jornalista MTB 2358-ES","sameAs":["https:\/\/jornalfatosenoticias.com.br"],"url":"https:\/\/jornalfatosenoticias.com.br\/index.php\/author\/luzimara\/"}]}},"cc_featured_image_caption":{"caption_text":"(Foto: Shutterstock)","source_text":"","source_url":""},"jetpack_featured_media_url":"https:\/\/jornalfatosenoticias.com.br\/wp-content\/uploads\/2021\/07\/Homem-triste-redes-sociais1.jpg","_links":{"self":[{"href":"https:\/\/jornalfatosenoticias.com.br\/index.php\/wp-json\/wp\/v2\/posts\/21121","targetHints":{"allow":["GET"]}}],"collection":[{"href":"https:\/\/jornalfatosenoticias.com.br\/index.php\/wp-json\/wp\/v2\/posts"}],"about":[{"href":"https:\/\/jornalfatosenoticias.com.br\/index.php\/wp-json\/wp\/v2\/types\/post"}],"author":[{"embeddable":true,"href":"https:\/\/jornalfatosenoticias.com.br\/index.php\/wp-json\/wp\/v2\/users\/2"}],"replies":[{"embeddable":true,"href":"https:\/\/jornalfatosenoticias.com.br\/index.php\/wp-json\/wp\/v2\/comments?post=21121"}],"version-history":[{"count":0,"href":"https:\/\/jornalfatosenoticias.com.br\/index.php\/wp-json\/wp\/v2\/posts\/21121\/revisions"}],"wp:featuredmedia":[{"embeddable":true,"href":"https:\/\/jornalfatosenoticias.com.br\/index.php\/wp-json\/wp\/v2\/media\/21123"}],"wp:attachment":[{"href":"https:\/\/jornalfatosenoticias.com.br\/index.php\/wp-json\/wp\/v2\/media?parent=21121"}],"wp:term":[{"taxonomy":"category","embeddable":true,"href":"https:\/\/jornalfatosenoticias.com.br\/index.php\/wp-json\/wp\/v2\/categories?post=21121"},{"taxonomy":"post_tag","embeddable":true,"href":"https:\/\/jornalfatosenoticias.com.br\/index.php\/wp-json\/wp\/v2\/tags?post=21121"}],"curies":[{"name":"wp","href":"https:\/\/api.w.org\/{rel}","templated":true}]}}