{"id":21131,"date":"2021-07-27T10:37:52","date_gmt":"2021-07-27T13:37:52","guid":{"rendered":"https:\/\/jornalfatosenoticias.com.br\/?p=21131"},"modified":"2021-07-27T10:37:54","modified_gmt":"2021-07-27T13:37:54","slug":"geladeira-subterranea-usa-o-solo-para-manter-alimentos-frescos","status":"publish","type":"post","link":"https:\/\/jornalfatosenoticias.com.br\/index.php\/2021\/07\/27\/geladeira-subterranea-usa-o-solo-para-manter-alimentos-frescos\/","title":{"rendered":"Geladeira subterr\u00e2nea usa o solo para manter alimentos frescos"},"content":{"rendered":"\n<p><em><span class=\"has-inline-color has-black-color\">O equipamento usa a temperatura da pr\u00f3pria terra para manter os alimentos frescos<\/span><\/em><\/p>\n\n\n\n<p>O Studio Floris Schoonderbeek projetou um refrigerador que usa o isolamento natural do solo como sistema de resfriamento. Dessa forma \u00e9 poss\u00edvel armazenar e conservar de forma mais sustent\u00e1vel alimentos e vinhos. Chamado de Groundfridge, o equipamento foi desenvolvido a partir de conceitos primitivos, mas que solucionam um problema bem atual que \u00e9 a necessidade de reduzir o impacto ambiental e os custos com energia el\u00e9trica.<br>O refrigerador usa a temperatura e isolamento t\u00e9rmico da pr\u00f3pria terra para manter os alimentos frescos durante todo o ano. Para isso, ele precisa ficar semienterrado e coberto por cerca de um metro de terra ou areia. Apenas a abertura principal fica vis\u00edvel na superf\u00edcie.<br>Na sua vers\u00e3o mais atual, o equipamento conta tamb\u00e9m com um sistema de circula\u00e7\u00e3o de ar alimentado por bateria que oferece aos usu\u00e1rios a op\u00e7\u00e3o de definir hor\u00e1rios de ventila\u00e7\u00e3o ao longo do dia, dependendo das necessidades espec\u00edficas de temperatura.<\/p>\n\n\n\n<div class=\"wp-block-jetpack-tiled-gallery aligncenter is-style-square\"><div class=\"tiled-gallery__gallery\"><div class=\"tiled-gallery__row columns-1\"><div class=\"tiled-gallery__col\"><figure class=\"tiled-gallery__item\"><img decoding=\"async\" alt=\"\" data-height=\"750\" data-id=\"21132\" data-link=\"https:\/\/jornalfatosenoticias.com.br\/?attachment_id=21132\" data-url=\"https:\/\/jornalfatosenoticias.com.br\/wp-content\/uploads\/2021\/07\/Geladeira-subterranea-2.jpg\" data-width=\"1000\" src=\"https:\/\/i1.wp.com\/jornalfatosenoticias.com.br\/wp-content\/uploads\/2021\/07\/Geladeira-subterranea-2.jpg?ssl=1&amp;resize=750%2C750\" layout=\"responsive\"\/><\/figure><\/div><\/div><div class=\"tiled-gallery__row columns-3\"><div class=\"tiled-gallery__col\"><figure class=\"tiled-gallery__item\"><img decoding=\"async\" alt=\"\" data-height=\"998\" data-id=\"21133\" data-link=\"https:\/\/jornalfatosenoticias.com.br\/?attachment_id=21133\" data-url=\"https:\/\/jornalfatosenoticias.com.br\/wp-content\/uploads\/2021\/07\/Geladeira-subterranea-3.jpg\" data-width=\"1000\" src=\"https:\/\/i0.wp.com\/jornalfatosenoticias.com.br\/wp-content\/uploads\/2021\/07\/Geladeira-subterranea-3.jpg?ssl=1&amp;resize=998%2C998\" layout=\"responsive\"\/><\/figure><\/div><div class=\"tiled-gallery__col\"><figure class=\"tiled-gallery__item\"><img decoding=\"async\" alt=\"\" data-height=\"1000\" data-id=\"21134\" data-link=\"https:\/\/jornalfatosenoticias.com.br\/?attachment_id=21134\" data-url=\"https:\/\/jornalfatosenoticias.com.br\/wp-content\/uploads\/2021\/07\/Geladeira-subterranea-4.jpg\" data-width=\"1000\" src=\"https:\/\/i1.wp.com\/jornalfatosenoticias.com.br\/wp-content\/uploads\/2021\/07\/Geladeira-subterranea-4.jpg?ssl=1&amp;resize=1000%2C1000\" layout=\"responsive\"\/><\/figure><\/div><div class=\"tiled-gallery__col\"><figure class=\"tiled-gallery__item\"><img decoding=\"async\" alt=\"\" data-height=\"1000\" data-id=\"21135\" data-link=\"https:\/\/jornalfatosenoticias.com.br\/?attachment_id=21135\" data-url=\"https:\/\/jornalfatosenoticias.com.br\/wp-content\/uploads\/2021\/07\/Geladeira-subterranea-5.jpg\" data-width=\"1000\" src=\"https:\/\/i2.wp.com\/jornalfatosenoticias.com.br\/wp-content\/uploads\/2021\/07\/Geladeira-subterranea-5.jpg?ssl=1&amp;resize=1000%2C1000\" layout=\"responsive\"\/><\/figure><\/div><\/div><\/div><\/div>\n\n\n\n<p><em><span class=\"has-inline-color has-black-color\">Geladeira subterr\u00e2nea (Fotos: Groundfridge)<\/span><\/em><\/p>\n\n\n\n<p>Cada Groundfridge \u00e9 equipado com prateleiras de madeira que podem abrigar organizadamente at\u00e9 500 quilos de alimentos, uma solu\u00e7\u00e3o interessante para quem precisa armazenar vegetais de hortas e colheitas, por exemplo, como ra\u00edzes, batatas, tomates, berinjelas, cebolas, ab\u00f3boras e repolhos.<\/p>\n\n\n\n<figure class=\"wp-block-image size-large is-style-default\"><img loading=\"lazy\" decoding=\"async\" width=\"1000\" height=\"666\" src=\"https:\/\/jornalfatosenoticias.com.br\/wp-content\/uploads\/2021\/07\/Geladeira-subterranea-6.jpg\" alt=\"\" class=\"wp-image-21136\" srcset=\"https:\/\/jornalfatosenoticias.com.br\/wp-content\/uploads\/2021\/07\/Geladeira-subterranea-6.jpg 1000w, https:\/\/jornalfatosenoticias.com.br\/wp-content\/uploads\/2021\/07\/Geladeira-subterranea-6-300x200.jpg 300w, https:\/\/jornalfatosenoticias.com.br\/wp-content\/uploads\/2021\/07\/Geladeira-subterranea-6-768x511.jpg 768w\" sizes=\"auto, (max-width: 1000px) 100vw, 1000px\" \/><figcaption><em><span class=\"has-inline-color has-black-color\">Geladeira subterr\u00e2nea (Foto: Groundfridge)<\/span><\/em><\/figcaption><\/figure>\n\n\n\n<p>O Groundfridge pode reduzir os gastos com energia e tamb\u00e9m garantir a refrigera\u00e7\u00e3o em locais onde as redes de distribui\u00e7\u00e3o de eletricidade ainda n\u00e3o chegaram.<br>Para picos de temperatura ou \u00e1reas com temperaturas m\u00e9dias mais altas, \u00e9 poss\u00edvel solicitar um refrigerador ativo adicional que circula e resfria o ar dentro da c\u00e2mara. O sistema pode ser conectado a pain\u00e9is solares que tamb\u00e9m s\u00e3o oferecidos pela empresa que desenvolveu o Groundfridge \u2014 dessa forma o refrigerador continua a funcionar sem depender de acesso \u00e0 rede el\u00e9trica.<\/p>\n\n\n\n<div class=\"wp-block-jetpack-tiled-gallery aligncenter is-style-columns\"><div class=\"tiled-gallery__gallery\"><div class=\"tiled-gallery__row\"><div class=\"tiled-gallery__col\" style=\"flex-basis:33.40488226626258%\"><figure class=\"tiled-gallery__item\"><img decoding=\"async\" alt=\"\" data-height=\"747\" data-id=\"21137\" data-link=\"https:\/\/jornalfatosenoticias.com.br\/?attachment_id=21137\" data-url=\"https:\/\/jornalfatosenoticias.com.br\/wp-content\/uploads\/2021\/07\/Geladeira-subterranea-7.jpg\" data-width=\"1000\" src=\"https:\/\/i0.wp.com\/jornalfatosenoticias.com.br\/wp-content\/uploads\/2021\/07\/Geladeira-subterranea-7.jpg?ssl=1\" layout=\"responsive\"\/><\/figure><\/div><div class=\"tiled-gallery__col\" style=\"flex-basis:32.966731166673874%\"><figure class=\"tiled-gallery__item\"><img decoding=\"async\" alt=\"\" data-height=\"757\" data-id=\"21138\" data-link=\"https:\/\/jornalfatosenoticias.com.br\/?attachment_id=21138\" data-url=\"https:\/\/jornalfatosenoticias.com.br\/wp-content\/uploads\/2021\/07\/Geladeira-subterranea-8.jpg\" data-width=\"1000\" src=\"https:\/\/i0.wp.com\/jornalfatosenoticias.com.br\/wp-content\/uploads\/2021\/07\/Geladeira-subterranea-8.jpg?ssl=1\" layout=\"responsive\"\/><\/figure><\/div><div class=\"tiled-gallery__col\" style=\"flex-basis:33.62838656706355%\"><figure class=\"tiled-gallery__item\"><img decoding=\"async\" alt=\"\" data-height=\"742\" data-id=\"21139\" data-link=\"https:\/\/jornalfatosenoticias.com.br\/?attachment_id=21139\" data-url=\"https:\/\/jornalfatosenoticias.com.br\/wp-content\/uploads\/2021\/07\/Geladeira-subterranea-9.jpg\" data-width=\"1000\" src=\"https:\/\/i2.wp.com\/jornalfatosenoticias.com.br\/wp-content\/uploads\/2021\/07\/Geladeira-subterranea-9.jpg?ssl=1\" layout=\"responsive\"\/><\/figure><\/div><\/div><\/div><\/div>\n\n\n\n<p><span class=\"has-inline-color has-black-color\"><em>Geladeira subterr\u00e2nea (Fotos: Groundfridge)<\/em><\/span><\/p>\n\n\n\n<p>Outra tecnologia simples para manter alimentos frescos \u00e9 a <a href=\"https:\/\/ciclovivo.com.br\/inovacao\/geladeira-de-argila-pode-refrigerar-alimentos-sem-eletricidade\/\" target=\"_blank\" rel=\"noreferrer noopener\">geladeira de argila<\/a> desenvolvida por uma empresa mexicana.<\/p>\n\n\n\n<p><strong><em>Fonte: <a href=\"https:\/\/ciclovivo.com.br\/arq-urb\/design\/geladeira-subterranea-usa-o-solo-para-manter-alimentos-frescos\/\">CicloVivo<\/a><\/em><\/strong><\/p>\n","protected":false},"excerpt":{"rendered":"<p>O equipamento usa a temperatura da pr\u00f3pria terra para manter os alimentos frescos O Studio Floris Schoonderbeek projetou um refrigerador que usa o isolamento natural do solo como sistema de resfriamento. Dessa forma \u00e9 poss\u00edvel armazenar e conservar de forma mais sustent\u00e1vel alimentos e vinhos. Chamado de Groundfridge, o equipamento foi desenvolvido a partir de [&hellip;]<\/p>\n","protected":false},"author":2,"featured_media":21140,"comment_status":"open","ping_status":"open","sticky":false,"template":"","format":"standard","meta":{"footnotes":""},"categories":[3],"tags":[9554,201,10322,10323],"class_list":["post-21131","post","type-post","status-publish","format-standard","has-post-thumbnail","hentry","category-tecnologia","tag-alimentos-frescos","tag-eletricidade","tag-geladeira-subterrranea","tag-groundfridge"],"yoast_head":"<!-- This site is optimized with the Yoast SEO plugin v26.5 - https:\/\/yoast.com\/wordpress\/plugins\/seo\/ -->\n<title>Geladeira subterr\u00e2nea usa o solo para manter alimentos frescos - Jornal Fatos e Not\u00edcias<\/title>\n<meta name=\"robots\" content=\"index, follow, max-snippet:-1, max-image-preview:large, max-video-preview:-1\" \/>\n<link rel=\"canonical\" href=\"https:\/\/jornalfatosenoticias.com.br\/index.php\/2021\/07\/27\/geladeira-subterranea-usa-o-solo-para-manter-alimentos-frescos\/\" \/>\n<meta property=\"og:locale\" content=\"pt_BR\" \/>\n<meta property=\"og:type\" content=\"article\" \/>\n<meta property=\"og:title\" content=\"Geladeira subterr\u00e2nea usa o solo para manter alimentos frescos - Jornal Fatos e Not\u00edcias\" \/>\n<meta property=\"og:description\" content=\"O equipamento usa a temperatura da pr\u00f3pria terra para manter os alimentos frescos O Studio Floris Schoonderbeek projetou um refrigerador que usa o isolamento natural do solo como sistema de resfriamento. Dessa forma \u00e9 poss\u00edvel armazenar e conservar de forma mais sustent\u00e1vel alimentos e vinhos. Chamado de Groundfridge, o equipamento foi desenvolvido a partir de [&hellip;]\" \/>\n<meta property=\"og:url\" content=\"https:\/\/jornalfatosenoticias.com.br\/index.php\/2021\/07\/27\/geladeira-subterranea-usa-o-solo-para-manter-alimentos-frescos\/\" \/>\n<meta property=\"og:site_name\" content=\"Jornal Fatos e Not\u00edcias\" \/>\n<meta property=\"article:published_time\" content=\"2021-07-27T13:37:52+00:00\" \/>\n<meta property=\"article:modified_time\" content=\"2021-07-27T13:37:54+00:00\" \/>\n<meta property=\"og:image\" content=\"https:\/\/jornalfatosenoticias.com.br\/wp-content\/uploads\/2021\/07\/Geladeira-subterranea.jpg\" \/>\n\t<meta property=\"og:image:width\" content=\"1000\" \/>\n\t<meta property=\"og:image:height\" content=\"631\" \/>\n\t<meta property=\"og:image:type\" content=\"image\/jpeg\" \/>\n<meta name=\"author\" content=\"Luzimara Fernandes\" \/>\n<meta name=\"twitter:card\" content=\"summary_large_image\" \/>\n<meta name=\"twitter:label1\" content=\"Escrito por\" \/>\n\t<meta name=\"twitter:data1\" content=\"Luzimara Fernandes\" \/>\n\t<meta name=\"twitter:label2\" content=\"Est. tempo de leitura\" \/>\n\t<meta name=\"twitter:data2\" content=\"2 minutos\" \/>\n<script type=\"application\/ld+json\" class=\"yoast-schema-graph\">{\"@context\":\"https:\/\/schema.org\",\"@graph\":[{\"@type\":\"Article\",\"@id\":\"https:\/\/jornalfatosenoticias.com.br\/index.php\/2021\/07\/27\/geladeira-subterranea-usa-o-solo-para-manter-alimentos-frescos\/#article\",\"isPartOf\":{\"@id\":\"https:\/\/jornalfatosenoticias.com.br\/index.php\/2021\/07\/27\/geladeira-subterranea-usa-o-solo-para-manter-alimentos-frescos\/\"},\"author\":{\"name\":\"Luzimara Fernandes\",\"@id\":\"https:\/\/jornalfatosenoticias.com.br\/#\/schema\/person\/d63837fa13ac8666eb9e74e0985d6f81\"},\"headline\":\"Geladeira subterr\u00e2nea usa o solo para manter alimentos frescos\",\"datePublished\":\"2021-07-27T13:37:52+00:00\",\"dateModified\":\"2021-07-27T13:37:54+00:00\",\"mainEntityOfPage\":{\"@id\":\"https:\/\/jornalfatosenoticias.com.br\/index.php\/2021\/07\/27\/geladeira-subterranea-usa-o-solo-para-manter-alimentos-frescos\/\"},\"wordCount\":355,\"commentCount\":0,\"publisher\":{\"@id\":\"https:\/\/jornalfatosenoticias.com.br\/#organization\"},\"image\":{\"@id\":\"https:\/\/jornalfatosenoticias.com.br\/index.php\/2021\/07\/27\/geladeira-subterranea-usa-o-solo-para-manter-alimentos-frescos\/#primaryimage\"},\"thumbnailUrl\":\"https:\/\/jornalfatosenoticias.com.br\/wp-content\/uploads\/2021\/07\/Geladeira-subterranea.jpg\",\"keywords\":[\"alimentos frescos\",\"eletricidade\",\"geladeira subterrr\u00e2nea\",\"Groundfridge\"],\"articleSection\":[\"Tecnologia &amp; Inova\u00e7\u00e3o\"],\"inLanguage\":\"pt-BR\",\"potentialAction\":[{\"@type\":\"CommentAction\",\"name\":\"Comment\",\"target\":[\"https:\/\/jornalfatosenoticias.com.br\/index.php\/2021\/07\/27\/geladeira-subterranea-usa-o-solo-para-manter-alimentos-frescos\/#respond\"]}]},{\"@type\":\"WebPage\",\"@id\":\"https:\/\/jornalfatosenoticias.com.br\/index.php\/2021\/07\/27\/geladeira-subterranea-usa-o-solo-para-manter-alimentos-frescos\/\",\"url\":\"https:\/\/jornalfatosenoticias.com.br\/index.php\/2021\/07\/27\/geladeira-subterranea-usa-o-solo-para-manter-alimentos-frescos\/\",\"name\":\"Geladeira subterr\u00e2nea usa o solo para manter alimentos frescos - Jornal Fatos e Not\u00edcias\",\"isPartOf\":{\"@id\":\"https:\/\/jornalfatosenoticias.com.br\/#website\"},\"primaryImageOfPage\":{\"@id\":\"https:\/\/jornalfatosenoticias.com.br\/index.php\/2021\/07\/27\/geladeira-subterranea-usa-o-solo-para-manter-alimentos-frescos\/#primaryimage\"},\"image\":{\"@id\":\"https:\/\/jornalfatosenoticias.com.br\/index.php\/2021\/07\/27\/geladeira-subterranea-usa-o-solo-para-manter-alimentos-frescos\/#primaryimage\"},\"thumbnailUrl\":\"https:\/\/jornalfatosenoticias.com.br\/wp-content\/uploads\/2021\/07\/Geladeira-subterranea.jpg\",\"datePublished\":\"2021-07-27T13:37:52+00:00\",\"dateModified\":\"2021-07-27T13:37:54+00:00\",\"breadcrumb\":{\"@id\":\"https:\/\/jornalfatosenoticias.com.br\/index.php\/2021\/07\/27\/geladeira-subterranea-usa-o-solo-para-manter-alimentos-frescos\/#breadcrumb\"},\"inLanguage\":\"pt-BR\",\"potentialAction\":[{\"@type\":\"ReadAction\",\"target\":[\"https:\/\/jornalfatosenoticias.com.br\/index.php\/2021\/07\/27\/geladeira-subterranea-usa-o-solo-para-manter-alimentos-frescos\/\"]}]},{\"@type\":\"ImageObject\",\"inLanguage\":\"pt-BR\",\"@id\":\"https:\/\/jornalfatosenoticias.com.br\/index.php\/2021\/07\/27\/geladeira-subterranea-usa-o-solo-para-manter-alimentos-frescos\/#primaryimage\",\"url\":\"https:\/\/jornalfatosenoticias.com.br\/wp-content\/uploads\/2021\/07\/Geladeira-subterranea.jpg\",\"contentUrl\":\"https:\/\/jornalfatosenoticias.com.br\/wp-content\/uploads\/2021\/07\/Geladeira-subterranea.jpg\",\"width\":1000,\"height\":631},{\"@type\":\"BreadcrumbList\",\"@id\":\"https:\/\/jornalfatosenoticias.com.br\/index.php\/2021\/07\/27\/geladeira-subterranea-usa-o-solo-para-manter-alimentos-frescos\/#breadcrumb\",\"itemListElement\":[{\"@type\":\"ListItem\",\"position\":1,\"name\":\"In\u00edcio\",\"item\":\"https:\/\/jornalfatosenoticias.com.br\/\"},{\"@type\":\"ListItem\",\"position\":2,\"name\":\"Geladeira subterr\u00e2nea usa o solo para manter alimentos frescos\"}]},{\"@type\":\"WebSite\",\"@id\":\"https:\/\/jornalfatosenoticias.com.br\/#website\",\"url\":\"https:\/\/jornalfatosenoticias.com.br\/\",\"name\":\"Jornal Fatos e Not\u00edcias\",\"description\":\"Not\u00edcias em geral\",\"publisher\":{\"@id\":\"https:\/\/jornalfatosenoticias.com.br\/#organization\"},\"potentialAction\":[{\"@type\":\"SearchAction\",\"target\":{\"@type\":\"EntryPoint\",\"urlTemplate\":\"https:\/\/jornalfatosenoticias.com.br\/?s={search_term_string}\"},\"query-input\":{\"@type\":\"PropertyValueSpecification\",\"valueRequired\":true,\"valueName\":\"search_term_string\"}}],\"inLanguage\":\"pt-BR\"},{\"@type\":\"Organization\",\"@id\":\"https:\/\/jornalfatosenoticias.com.br\/#organization\",\"name\":\"Jornal Fatos e Not\u00edcias\",\"url\":\"https:\/\/jornalfatosenoticias.com.br\/\",\"logo\":{\"@type\":\"ImageObject\",\"inLanguage\":\"pt-BR\",\"@id\":\"https:\/\/jornalfatosenoticias.com.br\/#\/schema\/logo\/image\/\",\"url\":\"https:\/\/jornalfatosenoticias.com.br\/wp-content\/uploads\/2020\/02\/logo120.png\",\"contentUrl\":\"https:\/\/jornalfatosenoticias.com.br\/wp-content\/uploads\/2020\/02\/logo120.png\",\"width\":1227,\"height\":120,\"caption\":\"Jornal Fatos e Not\u00edcias\"},\"image\":{\"@id\":\"https:\/\/jornalfatosenoticias.com.br\/#\/schema\/logo\/image\/\"}},{\"@type\":\"Person\",\"@id\":\"https:\/\/jornalfatosenoticias.com.br\/#\/schema\/person\/d63837fa13ac8666eb9e74e0985d6f81\",\"name\":\"Luzimara Fernandes\",\"image\":{\"@type\":\"ImageObject\",\"inLanguage\":\"pt-BR\",\"@id\":\"https:\/\/jornalfatosenoticias.com.br\/#\/schema\/person\/image\/\",\"url\":\"https:\/\/jornalfatosenoticias.com.br\/wp-content\/uploads\/2025\/05\/EU_portal.jpg\",\"contentUrl\":\"https:\/\/jornalfatosenoticias.com.br\/wp-content\/uploads\/2025\/05\/EU_portal.jpg\",\"caption\":\"Luzimara Fernandes\"},\"description\":\"Jornalista MTB 2358-ES\",\"sameAs\":[\"https:\/\/jornalfatosenoticias.com.br\"],\"url\":\"https:\/\/jornalfatosenoticias.com.br\/index.php\/author\/luzimara\/\"}]}<\/script>\n<!-- \/ Yoast SEO plugin. -->","yoast_head_json":{"title":"Geladeira subterr\u00e2nea usa o solo para manter alimentos frescos - Jornal Fatos e Not\u00edcias","robots":{"index":"index","follow":"follow","max-snippet":"max-snippet:-1","max-image-preview":"max-image-preview:large","max-video-preview":"max-video-preview:-1"},"canonical":"https:\/\/jornalfatosenoticias.com.br\/index.php\/2021\/07\/27\/geladeira-subterranea-usa-o-solo-para-manter-alimentos-frescos\/","og_locale":"pt_BR","og_type":"article","og_title":"Geladeira subterr\u00e2nea usa o solo para manter alimentos frescos - Jornal Fatos e Not\u00edcias","og_description":"O equipamento usa a temperatura da pr\u00f3pria terra para manter os alimentos frescos O Studio Floris Schoonderbeek projetou um refrigerador que usa o isolamento natural do solo como sistema de resfriamento. Dessa forma \u00e9 poss\u00edvel armazenar e conservar de forma mais sustent\u00e1vel alimentos e vinhos. Chamado de Groundfridge, o equipamento foi desenvolvido a partir de [&hellip;]","og_url":"https:\/\/jornalfatosenoticias.com.br\/index.php\/2021\/07\/27\/geladeira-subterranea-usa-o-solo-para-manter-alimentos-frescos\/","og_site_name":"Jornal Fatos e Not\u00edcias","article_published_time":"2021-07-27T13:37:52+00:00","article_modified_time":"2021-07-27T13:37:54+00:00","og_image":[{"width":1000,"height":631,"url":"https:\/\/jornalfatosenoticias.com.br\/wp-content\/uploads\/2021\/07\/Geladeira-subterranea.jpg","type":"image\/jpeg"}],"author":"Luzimara Fernandes","twitter_card":"summary_large_image","twitter_misc":{"Escrito por":"Luzimara Fernandes","Est. tempo de leitura":"2 minutos"},"schema":{"@context":"https:\/\/schema.org","@graph":[{"@type":"Article","@id":"https:\/\/jornalfatosenoticias.com.br\/index.php\/2021\/07\/27\/geladeira-subterranea-usa-o-solo-para-manter-alimentos-frescos\/#article","isPartOf":{"@id":"https:\/\/jornalfatosenoticias.com.br\/index.php\/2021\/07\/27\/geladeira-subterranea-usa-o-solo-para-manter-alimentos-frescos\/"},"author":{"name":"Luzimara Fernandes","@id":"https:\/\/jornalfatosenoticias.com.br\/#\/schema\/person\/d63837fa13ac8666eb9e74e0985d6f81"},"headline":"Geladeira subterr\u00e2nea usa o solo para manter alimentos frescos","datePublished":"2021-07-27T13:37:52+00:00","dateModified":"2021-07-27T13:37:54+00:00","mainEntityOfPage":{"@id":"https:\/\/jornalfatosenoticias.com.br\/index.php\/2021\/07\/27\/geladeira-subterranea-usa-o-solo-para-manter-alimentos-frescos\/"},"wordCount":355,"commentCount":0,"publisher":{"@id":"https:\/\/jornalfatosenoticias.com.br\/#organization"},"image":{"@id":"https:\/\/jornalfatosenoticias.com.br\/index.php\/2021\/07\/27\/geladeira-subterranea-usa-o-solo-para-manter-alimentos-frescos\/#primaryimage"},"thumbnailUrl":"https:\/\/jornalfatosenoticias.com.br\/wp-content\/uploads\/2021\/07\/Geladeira-subterranea.jpg","keywords":["alimentos frescos","eletricidade","geladeira subterrr\u00e2nea","Groundfridge"],"articleSection":["Tecnologia &amp; Inova\u00e7\u00e3o"],"inLanguage":"pt-BR","potentialAction":[{"@type":"CommentAction","name":"Comment","target":["https:\/\/jornalfatosenoticias.com.br\/index.php\/2021\/07\/27\/geladeira-subterranea-usa-o-solo-para-manter-alimentos-frescos\/#respond"]}]},{"@type":"WebPage","@id":"https:\/\/jornalfatosenoticias.com.br\/index.php\/2021\/07\/27\/geladeira-subterranea-usa-o-solo-para-manter-alimentos-frescos\/","url":"https:\/\/jornalfatosenoticias.com.br\/index.php\/2021\/07\/27\/geladeira-subterranea-usa-o-solo-para-manter-alimentos-frescos\/","name":"Geladeira subterr\u00e2nea usa o solo para manter alimentos frescos - Jornal Fatos e Not\u00edcias","isPartOf":{"@id":"https:\/\/jornalfatosenoticias.com.br\/#website"},"primaryImageOfPage":{"@id":"https:\/\/jornalfatosenoticias.com.br\/index.php\/2021\/07\/27\/geladeira-subterranea-usa-o-solo-para-manter-alimentos-frescos\/#primaryimage"},"image":{"@id":"https:\/\/jornalfatosenoticias.com.br\/index.php\/2021\/07\/27\/geladeira-subterranea-usa-o-solo-para-manter-alimentos-frescos\/#primaryimage"},"thumbnailUrl":"https:\/\/jornalfatosenoticias.com.br\/wp-content\/uploads\/2021\/07\/Geladeira-subterranea.jpg","datePublished":"2021-07-27T13:37:52+00:00","dateModified":"2021-07-27T13:37:54+00:00","breadcrumb":{"@id":"https:\/\/jornalfatosenoticias.com.br\/index.php\/2021\/07\/27\/geladeira-subterranea-usa-o-solo-para-manter-alimentos-frescos\/#breadcrumb"},"inLanguage":"pt-BR","potentialAction":[{"@type":"ReadAction","target":["https:\/\/jornalfatosenoticias.com.br\/index.php\/2021\/07\/27\/geladeira-subterranea-usa-o-solo-para-manter-alimentos-frescos\/"]}]},{"@type":"ImageObject","inLanguage":"pt-BR","@id":"https:\/\/jornalfatosenoticias.com.br\/index.php\/2021\/07\/27\/geladeira-subterranea-usa-o-solo-para-manter-alimentos-frescos\/#primaryimage","url":"https:\/\/jornalfatosenoticias.com.br\/wp-content\/uploads\/2021\/07\/Geladeira-subterranea.jpg","contentUrl":"https:\/\/jornalfatosenoticias.com.br\/wp-content\/uploads\/2021\/07\/Geladeira-subterranea.jpg","width":1000,"height":631},{"@type":"BreadcrumbList","@id":"https:\/\/jornalfatosenoticias.com.br\/index.php\/2021\/07\/27\/geladeira-subterranea-usa-o-solo-para-manter-alimentos-frescos\/#breadcrumb","itemListElement":[{"@type":"ListItem","position":1,"name":"In\u00edcio","item":"https:\/\/jornalfatosenoticias.com.br\/"},{"@type":"ListItem","position":2,"name":"Geladeira subterr\u00e2nea usa o solo para manter alimentos frescos"}]},{"@type":"WebSite","@id":"https:\/\/jornalfatosenoticias.com.br\/#website","url":"https:\/\/jornalfatosenoticias.com.br\/","name":"Jornal Fatos e Not\u00edcias","description":"Not\u00edcias em geral","publisher":{"@id":"https:\/\/jornalfatosenoticias.com.br\/#organization"},"potentialAction":[{"@type":"SearchAction","target":{"@type":"EntryPoint","urlTemplate":"https:\/\/jornalfatosenoticias.com.br\/?s={search_term_string}"},"query-input":{"@type":"PropertyValueSpecification","valueRequired":true,"valueName":"search_term_string"}}],"inLanguage":"pt-BR"},{"@type":"Organization","@id":"https:\/\/jornalfatosenoticias.com.br\/#organization","name":"Jornal Fatos e Not\u00edcias","url":"https:\/\/jornalfatosenoticias.com.br\/","logo":{"@type":"ImageObject","inLanguage":"pt-BR","@id":"https:\/\/jornalfatosenoticias.com.br\/#\/schema\/logo\/image\/","url":"https:\/\/jornalfatosenoticias.com.br\/wp-content\/uploads\/2020\/02\/logo120.png","contentUrl":"https:\/\/jornalfatosenoticias.com.br\/wp-content\/uploads\/2020\/02\/logo120.png","width":1227,"height":120,"caption":"Jornal Fatos e Not\u00edcias"},"image":{"@id":"https:\/\/jornalfatosenoticias.com.br\/#\/schema\/logo\/image\/"}},{"@type":"Person","@id":"https:\/\/jornalfatosenoticias.com.br\/#\/schema\/person\/d63837fa13ac8666eb9e74e0985d6f81","name":"Luzimara Fernandes","image":{"@type":"ImageObject","inLanguage":"pt-BR","@id":"https:\/\/jornalfatosenoticias.com.br\/#\/schema\/person\/image\/","url":"https:\/\/jornalfatosenoticias.com.br\/wp-content\/uploads\/2025\/05\/EU_portal.jpg","contentUrl":"https:\/\/jornalfatosenoticias.com.br\/wp-content\/uploads\/2025\/05\/EU_portal.jpg","caption":"Luzimara Fernandes"},"description":"Jornalista MTB 2358-ES","sameAs":["https:\/\/jornalfatosenoticias.com.br"],"url":"https:\/\/jornalfatosenoticias.com.br\/index.php\/author\/luzimara\/"}]}},"cc_featured_image_caption":{"caption_text":"Geladeira subterr\u00e2nea (Foto: Groundfridge)","source_text":"","source_url":""},"jetpack_featured_media_url":"https:\/\/jornalfatosenoticias.com.br\/wp-content\/uploads\/2021\/07\/Geladeira-subterranea.jpg","_links":{"self":[{"href":"https:\/\/jornalfatosenoticias.com.br\/index.php\/wp-json\/wp\/v2\/posts\/21131","targetHints":{"allow":["GET"]}}],"collection":[{"href":"https:\/\/jornalfatosenoticias.com.br\/index.php\/wp-json\/wp\/v2\/posts"}],"about":[{"href":"https:\/\/jornalfatosenoticias.com.br\/index.php\/wp-json\/wp\/v2\/types\/post"}],"author":[{"embeddable":true,"href":"https:\/\/jornalfatosenoticias.com.br\/index.php\/wp-json\/wp\/v2\/users\/2"}],"replies":[{"embeddable":true,"href":"https:\/\/jornalfatosenoticias.com.br\/index.php\/wp-json\/wp\/v2\/comments?post=21131"}],"version-history":[{"count":0,"href":"https:\/\/jornalfatosenoticias.com.br\/index.php\/wp-json\/wp\/v2\/posts\/21131\/revisions"}],"wp:featuredmedia":[{"embeddable":true,"href":"https:\/\/jornalfatosenoticias.com.br\/index.php\/wp-json\/wp\/v2\/media\/21140"}],"wp:attachment":[{"href":"https:\/\/jornalfatosenoticias.com.br\/index.php\/wp-json\/wp\/v2\/media?parent=21131"}],"wp:term":[{"taxonomy":"category","embeddable":true,"href":"https:\/\/jornalfatosenoticias.com.br\/index.php\/wp-json\/wp\/v2\/categories?post=21131"},{"taxonomy":"post_tag","embeddable":true,"href":"https:\/\/jornalfatosenoticias.com.br\/index.php\/wp-json\/wp\/v2\/tags?post=21131"}],"curies":[{"name":"wp","href":"https:\/\/api.w.org\/{rel}","templated":true}]}}