{"id":2114,"date":"2020-03-17T16:38:31","date_gmt":"2020-03-17T19:38:31","guid":{"rendered":"https:\/\/jornalfatosenoticias.com.br\/?p=2114"},"modified":"2020-03-17T16:38:39","modified_gmt":"2020-03-17T19:38:39","slug":"sao-paulo-investiga-mais-quatro-obitos-suspeitos-de-infeccao-por-covid-19","status":"publish","type":"post","link":"https:\/\/jornalfatosenoticias.com.br\/index.php\/2020\/03\/17\/sao-paulo-investiga-mais-quatro-obitos-suspeitos-de-infeccao-por-covid-19\/","title":{"rendered":"S\u00e3o Paulo investiga mais quatro \u00f3bitos suspeitos de infec\u00e7\u00e3o por Covid-19"},"content":{"rendered":"\n<h6 class=\"wp-block-heading\"><em>Casos ocorreram na mesma rede de hospital onde morreu primeira v\u00edtima<\/em><\/h6>\n\n\n\n<p>Quatro \u00f3bitos est\u00e3o sendo investigados em S\u00e3o Paulo por suspeita de infec\u00e7\u00e3o pelo novo coronav\u00edrus, Covid-19. A informa\u00e7\u00e3o \u00e9 do secret\u00e1rio de Sa\u00fade estadual de S\u00e3o Paulo, Jos\u00e9 Henrique Germann, e do infectologista David Uip, coordenador do Comit\u00ea de Contig\u00eancia do Coronav\u00edrus em S\u00e3o Paulo.<br>\nSegundo o infectologista, os quatro \u00f3bitos foram registrados na mesma rede de um hospital privado de S\u00e3o Paulo, que tem v\u00e1rias unidades. Trata-se do hospital onde foi confirmado o primeiro \u00f3bito pela Covid-19 no Pa\u00eds, de um homem de 62 anos, morador de S\u00e3o Paulo, que tinha diabetes e hipertens\u00e3o e sem hist\u00f3rico de viagem. Esse paciente come\u00e7ou a sentir sintomas no dia 10 de mar\u00e7o, foi internado no dia 14 e faleceu ontem (16). \u201cFoi uma evolu\u00e7\u00e3o r\u00e1pida, da interna\u00e7\u00e3o ao \u00f3bito\u201d, falou Uip.<br>\nDe acordo com Paulo Menezes, coordenador do Comit\u00ea de Opera\u00e7\u00f5es de Emerg\u00eancias de S\u00e3o Paulo, at\u00e9 este momento foram confirmados 162 casos de coronav\u00edrus em todo o estado paulista, sendo 154 deles na capital e o restante em oito munic\u00edpios da Grande S\u00e3o Paulo.<br>\nPelas redes sociais, o governador de S\u00e3o Paulo, Jo\u00e3o Doria, lamentou a morte do paciente por coronav\u00edrus. &#8220;Minha solidariedade aos seus familiares e amigos. Refor\u00e7o que n\u00e3o h\u00e1 raz\u00e3o para p\u00e2nico, mas \u00e9 fundamental que todos entendam a complexidade da pandemia. Precisamos sim, de medidas restritivas, a\u00e7\u00f5es respons\u00e1veis e coerentes&#8221;, disse ele.<\/p>\n\n\n\n<h5 class=\"wp-block-heading\">Padr\u00f5es diferenciados<\/h5>\n\n\n\n<p>O infectologista David Uip disse que vai sugerir hoje (17), ao Minist\u00e9rio da Sa\u00fade, que mude o crit\u00e9rio de tempo de quarentena, de 14 para 10 dias, pois especialistas t\u00eam detectado que, no Brasil, o per\u00edodo de incuba\u00e7\u00e3o t\u00eam sido mais curto. \u201cO que a gente imaginava, que o per\u00edodo de incuba\u00e7\u00e3o ia at\u00e9 14 dias, estamos vendo que o per\u00edodo de incuba\u00e7\u00e3o \u00e9 mais curto. A m\u00e9dia \u00e9 de tr\u00eas a oito dias\u201d, disse Uip. \u201cIsso faz toda a diferen\u00e7a no impacto da for\u00e7a de trabalho, especialmente da sa\u00fade\u201d, refor\u00e7ou ele.<br>\nOutra coisa observada por especialistas em S\u00e3o Paulo foi que a gravidade da doen\u00e7a nos pacientes se estabelece entre o terceiro e o s\u00e9timo dia: &#8220;O indiv\u00edduo manifesta os sintomas e depois a gravidade. O que n\u00e3o quer dizer que ele n\u00e3o ter\u00e1 condi\u00e7\u00f5es de se recuperar. Doente grave \u00e9 uma coisa; \u00f3bito, outra. A grande maioria dos pacientes graves vai se recuperar\u201d, disse Uip.<\/p>\n\n\n\n<h5 class=\"wp-block-heading\">Testes<\/h5>\n\n\n\n<figure class=\"wp-block-image size-large\"><img loading=\"lazy\" decoding=\"async\" width=\"1000\" height=\"444\" src=\"https:\/\/jornalfatosenoticias.com.br\/wp-content\/uploads\/2020\/03\/Jos\u00e9-Henrique-Germann.jpg\" alt=\"\" class=\"wp-image-2115\" srcset=\"https:\/\/jornalfatosenoticias.com.br\/wp-content\/uploads\/2020\/03\/Jos\u00e9-Henrique-Germann.jpg 1000w, https:\/\/jornalfatosenoticias.com.br\/wp-content\/uploads\/2020\/03\/Jos\u00e9-Henrique-Germann-300x133.jpg 300w, https:\/\/jornalfatosenoticias.com.br\/wp-content\/uploads\/2020\/03\/Jos\u00e9-Henrique-Germann-768x341.jpg 768w\" sizes=\"auto, (max-width: 1000px) 100vw, 1000px\" \/><figcaption><em>Jos\u00e9 Henrique Germann (Foto: Divulga\u00e7\u00e3o)<\/em><\/figcaption><\/figure>\n\n\n\n<p>Uip disse que os testes para coronav\u00edrus em S\u00e3o Paulo, neste momento, continuam sendo feitos somente em pessoas que est\u00e3o internadas, ou nas cl\u00ednicas sentinelas (unidades de sa\u00fade que realizam coleta de amostras cl\u00ednicas e enviam o material para o laborat\u00f3rio de refer\u00eancia), al\u00e9m de profissionais da \u00e1rea de sa\u00fade e de pesquisa.<br>\nA informa\u00e7\u00e3o contraria determina\u00e7\u00e3o da Organiza\u00e7\u00e3o Mundial de Sa\u00fade que recomendou a realiza\u00e7\u00e3o de testes para todos aqueles pacientes que apresentem sintomas. \u201cEntendemos que \u00e9 adequado tentar ampliar os centros de diagn\u00f3stico. Mas insisto no que venho falando: existe o mundo ideal e existe o mundo real. No mundo ideal, todos queremos fazer exames para todo mundo. Mas isso n\u00e3o \u00e9 real. Mas vamos ver a capacidade do estado em ampliar\u201d, falou ele.<\/p>\n\n\n\n<blockquote class=\"wp-block-quote is-layout-flow wp-block-quote-is-layout-flow\"><p>N\u00e3o h\u00e1 raz\u00e3o para p\u00e2nico, mas \u00e9 fundamental que todos entendam a complexidade da pandemia. Precisamos sim, de medidas restritivas, a\u00e7\u00f5es respons\u00e1veis e coerentes<\/p><\/blockquote>\n\n\n\n<h5 class=\"wp-block-heading\">Campanha de vacina\u00e7\u00e3o contra a gripe<\/h5>\n\n\n\n<p>A campanha nacional de vacina\u00e7\u00e3o contra a gripe, que n\u00e3o inclui o coronav\u00edrus, foi antecipada neste ano e ter\u00e1 in\u00edcio no dia 23 de mar\u00e7o, em todo o Pa\u00eds, e ser\u00e1 feita para os grupos considerados de risco. Na primeira fase da campanha ser\u00e3o vacinados os idosos e os trabalhadores de sa\u00fade, que atuam na linha de frente do atendimento \u00e0 popula\u00e7\u00e3o.<br>\nA ideia do minist\u00e9rio, com a antecipa\u00e7\u00e3o da campanha \u00e9 evitar que as pessoas acima de 60 anos, p\u00fablico mais vulner\u00e1vel ao coronav\u00edrus, precise fazer deslocamentos no per\u00edodo esperado de prov\u00e1vel circula\u00e7\u00e3o do v\u00edrus no Pa\u00eds.<br>\nSegundo Dimas Covas, diretor do Instituto Butantan, j\u00e1 foram entregues 10 milh\u00f5es de doses da vacina contra a gripe para o governo federal e h\u00e1 23 milh\u00f5es de doses prontas para serem entregues. Ser\u00e3o, no total, 75 milh\u00f5es de doses. \u201cIsso significa que um, em cada tr\u00eas brasileiros, vai receber a vacina. \u00c9 a maior campanha de vacina\u00e7\u00e3o de Influenza na \u00e1rea p\u00fablica do mundo\u201d, disse ele.<\/p>\n\n\n\n<p><strong><em>Fonte: <a href=\"https:\/\/agenciabrasil.ebc.com.br\/saude\/noticia\/2020-03\/sao-paulo-investiga-mais-4-obitos-suspeitos-de-infeccao-por-covid-19\">Ag\u00eancia Brasil<\/a><\/em><\/strong><\/p>\n","protected":false},"excerpt":{"rendered":"<p>Casos ocorreram na mesma rede de hospital onde morreu primeira v\u00edtima Quatro \u00f3bitos est\u00e3o sendo investigados em S\u00e3o Paulo por suspeita de infec\u00e7\u00e3o pelo novo coronav\u00edrus, Covid-19. A informa\u00e7\u00e3o \u00e9 do secret\u00e1rio de Sa\u00fade estadual de S\u00e3o Paulo, Jos\u00e9 Henrique Germann, e do infectologista David Uip, coordenador do Comit\u00ea de Contig\u00eancia do Coronav\u00edrus em S\u00e3o [&hellip;]<\/p>\n","protected":false},"author":2,"featured_media":2116,"comment_status":"open","ping_status":"open","sticky":false,"template":"","format":"standard","meta":{"footnotes":""},"categories":[11],"tags":[73,683,684,305],"class_list":["post-2114","post","type-post","status-publish","format-standard","has-post-thumbnail","hentry","category-saude","tag-coronavirus","tag-obitos","tag-panico","tag-sao-paulo"],"yoast_head":"<!-- This site is optimized with the Yoast SEO plugin v26.5 - https:\/\/yoast.com\/wordpress\/plugins\/seo\/ -->\n<title>S\u00e3o Paulo investiga mais quatro \u00f3bitos suspeitos de infec\u00e7\u00e3o por Covid-19 - Jornal Fatos e Not\u00edcias<\/title>\n<meta name=\"robots\" content=\"index, follow, max-snippet:-1, max-image-preview:large, max-video-preview:-1\" \/>\n<link rel=\"canonical\" href=\"https:\/\/jornalfatosenoticias.com.br\/index.php\/2020\/03\/17\/sao-paulo-investiga-mais-quatro-obitos-suspeitos-de-infeccao-por-covid-19\/\" \/>\n<meta property=\"og:locale\" content=\"pt_BR\" \/>\n<meta property=\"og:type\" content=\"article\" \/>\n<meta property=\"og:title\" content=\"S\u00e3o Paulo investiga mais quatro \u00f3bitos suspeitos de infec\u00e7\u00e3o por Covid-19 - Jornal Fatos e Not\u00edcias\" \/>\n<meta property=\"og:description\" content=\"Casos ocorreram na mesma rede de hospital onde morreu primeira v\u00edtima Quatro \u00f3bitos est\u00e3o sendo investigados em S\u00e3o Paulo por suspeita de infec\u00e7\u00e3o pelo novo coronav\u00edrus, Covid-19. A informa\u00e7\u00e3o \u00e9 do secret\u00e1rio de Sa\u00fade estadual de S\u00e3o Paulo, Jos\u00e9 Henrique Germann, e do infectologista David Uip, coordenador do Comit\u00ea de Contig\u00eancia do Coronav\u00edrus em S\u00e3o [&hellip;]\" \/>\n<meta property=\"og:url\" content=\"https:\/\/jornalfatosenoticias.com.br\/index.php\/2020\/03\/17\/sao-paulo-investiga-mais-quatro-obitos-suspeitos-de-infeccao-por-covid-19\/\" \/>\n<meta property=\"og:site_name\" content=\"Jornal Fatos e Not\u00edcias\" \/>\n<meta property=\"article:published_time\" content=\"2020-03-17T19:38:31+00:00\" \/>\n<meta property=\"article:modified_time\" content=\"2020-03-17T19:38:39+00:00\" \/>\n<meta property=\"og:image\" content=\"https:\/\/jornalfatosenoticias.com.br\/wp-content\/uploads\/2020\/03\/David-Uip.jpg\" \/>\n\t<meta property=\"og:image:width\" content=\"1170\" \/>\n\t<meta property=\"og:image:height\" content=\"700\" \/>\n\t<meta property=\"og:image:type\" content=\"image\/jpeg\" \/>\n<meta name=\"author\" content=\"Luzimara Fernandes\" \/>\n<meta name=\"twitter:card\" content=\"summary_large_image\" \/>\n<meta name=\"twitter:label1\" content=\"Escrito por\" \/>\n\t<meta name=\"twitter:data1\" content=\"Luzimara Fernandes\" \/>\n\t<meta name=\"twitter:label2\" content=\"Est. tempo de leitura\" \/>\n\t<meta name=\"twitter:data2\" content=\"4 minutos\" \/>\n<script type=\"application\/ld+json\" class=\"yoast-schema-graph\">{\"@context\":\"https:\/\/schema.org\",\"@graph\":[{\"@type\":\"Article\",\"@id\":\"https:\/\/jornalfatosenoticias.com.br\/index.php\/2020\/03\/17\/sao-paulo-investiga-mais-quatro-obitos-suspeitos-de-infeccao-por-covid-19\/#article\",\"isPartOf\":{\"@id\":\"https:\/\/jornalfatosenoticias.com.br\/index.php\/2020\/03\/17\/sao-paulo-investiga-mais-quatro-obitos-suspeitos-de-infeccao-por-covid-19\/\"},\"author\":{\"name\":\"Luzimara Fernandes\",\"@id\":\"https:\/\/jornalfatosenoticias.com.br\/#\/schema\/person\/d63837fa13ac8666eb9e74e0985d6f81\"},\"headline\":\"S\u00e3o Paulo investiga mais quatro \u00f3bitos suspeitos de infec\u00e7\u00e3o por Covid-19\",\"datePublished\":\"2020-03-17T19:38:31+00:00\",\"dateModified\":\"2020-03-17T19:38:39+00:00\",\"mainEntityOfPage\":{\"@id\":\"https:\/\/jornalfatosenoticias.com.br\/index.php\/2020\/03\/17\/sao-paulo-investiga-mais-quatro-obitos-suspeitos-de-infeccao-por-covid-19\/\"},\"wordCount\":827,\"commentCount\":0,\"publisher\":{\"@id\":\"https:\/\/jornalfatosenoticias.com.br\/#organization\"},\"image\":{\"@id\":\"https:\/\/jornalfatosenoticias.com.br\/index.php\/2020\/03\/17\/sao-paulo-investiga-mais-quatro-obitos-suspeitos-de-infeccao-por-covid-19\/#primaryimage\"},\"thumbnailUrl\":\"https:\/\/jornalfatosenoticias.com.br\/wp-content\/uploads\/2020\/03\/David-Uip.jpg\",\"keywords\":[\"coronav\u00edrus\",\"\u00f3bitos\",\"p\u00e2nico\",\"S\u00e3o Paulo\"],\"articleSection\":[\"Sa\u00fade\"],\"inLanguage\":\"pt-BR\",\"potentialAction\":[{\"@type\":\"CommentAction\",\"name\":\"Comment\",\"target\":[\"https:\/\/jornalfatosenoticias.com.br\/index.php\/2020\/03\/17\/sao-paulo-investiga-mais-quatro-obitos-suspeitos-de-infeccao-por-covid-19\/#respond\"]}]},{\"@type\":\"WebPage\",\"@id\":\"https:\/\/jornalfatosenoticias.com.br\/index.php\/2020\/03\/17\/sao-paulo-investiga-mais-quatro-obitos-suspeitos-de-infeccao-por-covid-19\/\",\"url\":\"https:\/\/jornalfatosenoticias.com.br\/index.php\/2020\/03\/17\/sao-paulo-investiga-mais-quatro-obitos-suspeitos-de-infeccao-por-covid-19\/\",\"name\":\"S\u00e3o Paulo investiga mais quatro \u00f3bitos suspeitos de infec\u00e7\u00e3o por Covid-19 - Jornal Fatos e Not\u00edcias\",\"isPartOf\":{\"@id\":\"https:\/\/jornalfatosenoticias.com.br\/#website\"},\"primaryImageOfPage\":{\"@id\":\"https:\/\/jornalfatosenoticias.com.br\/index.php\/2020\/03\/17\/sao-paulo-investiga-mais-quatro-obitos-suspeitos-de-infeccao-por-covid-19\/#primaryimage\"},\"image\":{\"@id\":\"https:\/\/jornalfatosenoticias.com.br\/index.php\/2020\/03\/17\/sao-paulo-investiga-mais-quatro-obitos-suspeitos-de-infeccao-por-covid-19\/#primaryimage\"},\"thumbnailUrl\":\"https:\/\/jornalfatosenoticias.com.br\/wp-content\/uploads\/2020\/03\/David-Uip.jpg\",\"datePublished\":\"2020-03-17T19:38:31+00:00\",\"dateModified\":\"2020-03-17T19:38:39+00:00\",\"breadcrumb\":{\"@id\":\"https:\/\/jornalfatosenoticias.com.br\/index.php\/2020\/03\/17\/sao-paulo-investiga-mais-quatro-obitos-suspeitos-de-infeccao-por-covid-19\/#breadcrumb\"},\"inLanguage\":\"pt-BR\",\"potentialAction\":[{\"@type\":\"ReadAction\",\"target\":[\"https:\/\/jornalfatosenoticias.com.br\/index.php\/2020\/03\/17\/sao-paulo-investiga-mais-quatro-obitos-suspeitos-de-infeccao-por-covid-19\/\"]}]},{\"@type\":\"ImageObject\",\"inLanguage\":\"pt-BR\",\"@id\":\"https:\/\/jornalfatosenoticias.com.br\/index.php\/2020\/03\/17\/sao-paulo-investiga-mais-quatro-obitos-suspeitos-de-infeccao-por-covid-19\/#primaryimage\",\"url\":\"https:\/\/jornalfatosenoticias.com.br\/wp-content\/uploads\/2020\/03\/David-Uip.jpg\",\"contentUrl\":\"https:\/\/jornalfatosenoticias.com.br\/wp-content\/uploads\/2020\/03\/David-Uip.jpg\",\"width\":1170,\"height\":700,\"caption\":\"S\u00e3o Paulo - David Uip, secret\u00e1rio da sa\u00fade, comenta o programa \\\"Sa\u00fade em A\u00e7\u00e3o\\\", parceria do Banco Interamenicano de Desenvolvimento (BID) e o Governo do Estado.(Rovena Rosa\/Ag\u00eancia Brasil)\"},{\"@type\":\"BreadcrumbList\",\"@id\":\"https:\/\/jornalfatosenoticias.com.br\/index.php\/2020\/03\/17\/sao-paulo-investiga-mais-quatro-obitos-suspeitos-de-infeccao-por-covid-19\/#breadcrumb\",\"itemListElement\":[{\"@type\":\"ListItem\",\"position\":1,\"name\":\"In\u00edcio\",\"item\":\"https:\/\/jornalfatosenoticias.com.br\/\"},{\"@type\":\"ListItem\",\"position\":2,\"name\":\"S\u00e3o Paulo investiga mais quatro \u00f3bitos suspeitos de infec\u00e7\u00e3o por Covid-19\"}]},{\"@type\":\"WebSite\",\"@id\":\"https:\/\/jornalfatosenoticias.com.br\/#website\",\"url\":\"https:\/\/jornalfatosenoticias.com.br\/\",\"name\":\"Jornal Fatos e Not\u00edcias\",\"description\":\"Not\u00edcias em geral\",\"publisher\":{\"@id\":\"https:\/\/jornalfatosenoticias.com.br\/#organization\"},\"potentialAction\":[{\"@type\":\"SearchAction\",\"target\":{\"@type\":\"EntryPoint\",\"urlTemplate\":\"https:\/\/jornalfatosenoticias.com.br\/?s={search_term_string}\"},\"query-input\":{\"@type\":\"PropertyValueSpecification\",\"valueRequired\":true,\"valueName\":\"search_term_string\"}}],\"inLanguage\":\"pt-BR\"},{\"@type\":\"Organization\",\"@id\":\"https:\/\/jornalfatosenoticias.com.br\/#organization\",\"name\":\"Jornal Fatos e Not\u00edcias\",\"url\":\"https:\/\/jornalfatosenoticias.com.br\/\",\"logo\":{\"@type\":\"ImageObject\",\"inLanguage\":\"pt-BR\",\"@id\":\"https:\/\/jornalfatosenoticias.com.br\/#\/schema\/logo\/image\/\",\"url\":\"https:\/\/jornalfatosenoticias.com.br\/wp-content\/uploads\/2020\/02\/logo120.png\",\"contentUrl\":\"https:\/\/jornalfatosenoticias.com.br\/wp-content\/uploads\/2020\/02\/logo120.png\",\"width\":1227,\"height\":120,\"caption\":\"Jornal Fatos e Not\u00edcias\"},\"image\":{\"@id\":\"https:\/\/jornalfatosenoticias.com.br\/#\/schema\/logo\/image\/\"}},{\"@type\":\"Person\",\"@id\":\"https:\/\/jornalfatosenoticias.com.br\/#\/schema\/person\/d63837fa13ac8666eb9e74e0985d6f81\",\"name\":\"Luzimara Fernandes\",\"image\":{\"@type\":\"ImageObject\",\"inLanguage\":\"pt-BR\",\"@id\":\"https:\/\/jornalfatosenoticias.com.br\/#\/schema\/person\/image\/\",\"url\":\"https:\/\/jornalfatosenoticias.com.br\/wp-content\/uploads\/2025\/05\/EU_portal.jpg\",\"contentUrl\":\"https:\/\/jornalfatosenoticias.com.br\/wp-content\/uploads\/2025\/05\/EU_portal.jpg\",\"caption\":\"Luzimara Fernandes\"},\"description\":\"Jornalista MTB 2358-ES\",\"sameAs\":[\"https:\/\/jornalfatosenoticias.com.br\"],\"url\":\"https:\/\/jornalfatosenoticias.com.br\/index.php\/author\/luzimara\/\"}]}<\/script>\n<!-- \/ Yoast SEO plugin. -->","yoast_head_json":{"title":"S\u00e3o Paulo investiga mais quatro \u00f3bitos suspeitos de infec\u00e7\u00e3o por Covid-19 - Jornal Fatos e Not\u00edcias","robots":{"index":"index","follow":"follow","max-snippet":"max-snippet:-1","max-image-preview":"max-image-preview:large","max-video-preview":"max-video-preview:-1"},"canonical":"https:\/\/jornalfatosenoticias.com.br\/index.php\/2020\/03\/17\/sao-paulo-investiga-mais-quatro-obitos-suspeitos-de-infeccao-por-covid-19\/","og_locale":"pt_BR","og_type":"article","og_title":"S\u00e3o Paulo investiga mais quatro \u00f3bitos suspeitos de infec\u00e7\u00e3o por Covid-19 - Jornal Fatos e Not\u00edcias","og_description":"Casos ocorreram na mesma rede de hospital onde morreu primeira v\u00edtima Quatro \u00f3bitos est\u00e3o sendo investigados em S\u00e3o Paulo por suspeita de infec\u00e7\u00e3o pelo novo coronav\u00edrus, Covid-19. A informa\u00e7\u00e3o \u00e9 do secret\u00e1rio de Sa\u00fade estadual de S\u00e3o Paulo, Jos\u00e9 Henrique Germann, e do infectologista David Uip, coordenador do Comit\u00ea de Contig\u00eancia do Coronav\u00edrus em S\u00e3o [&hellip;]","og_url":"https:\/\/jornalfatosenoticias.com.br\/index.php\/2020\/03\/17\/sao-paulo-investiga-mais-quatro-obitos-suspeitos-de-infeccao-por-covid-19\/","og_site_name":"Jornal Fatos e Not\u00edcias","article_published_time":"2020-03-17T19:38:31+00:00","article_modified_time":"2020-03-17T19:38:39+00:00","og_image":[{"width":1170,"height":700,"url":"https:\/\/jornalfatosenoticias.com.br\/wp-content\/uploads\/2020\/03\/David-Uip.jpg","type":"image\/jpeg"}],"author":"Luzimara Fernandes","twitter_card":"summary_large_image","twitter_misc":{"Escrito por":"Luzimara Fernandes","Est. tempo de leitura":"4 minutos"},"schema":{"@context":"https:\/\/schema.org","@graph":[{"@type":"Article","@id":"https:\/\/jornalfatosenoticias.com.br\/index.php\/2020\/03\/17\/sao-paulo-investiga-mais-quatro-obitos-suspeitos-de-infeccao-por-covid-19\/#article","isPartOf":{"@id":"https:\/\/jornalfatosenoticias.com.br\/index.php\/2020\/03\/17\/sao-paulo-investiga-mais-quatro-obitos-suspeitos-de-infeccao-por-covid-19\/"},"author":{"name":"Luzimara Fernandes","@id":"https:\/\/jornalfatosenoticias.com.br\/#\/schema\/person\/d63837fa13ac8666eb9e74e0985d6f81"},"headline":"S\u00e3o Paulo investiga mais quatro \u00f3bitos suspeitos de infec\u00e7\u00e3o por Covid-19","datePublished":"2020-03-17T19:38:31+00:00","dateModified":"2020-03-17T19:38:39+00:00","mainEntityOfPage":{"@id":"https:\/\/jornalfatosenoticias.com.br\/index.php\/2020\/03\/17\/sao-paulo-investiga-mais-quatro-obitos-suspeitos-de-infeccao-por-covid-19\/"},"wordCount":827,"commentCount":0,"publisher":{"@id":"https:\/\/jornalfatosenoticias.com.br\/#organization"},"image":{"@id":"https:\/\/jornalfatosenoticias.com.br\/index.php\/2020\/03\/17\/sao-paulo-investiga-mais-quatro-obitos-suspeitos-de-infeccao-por-covid-19\/#primaryimage"},"thumbnailUrl":"https:\/\/jornalfatosenoticias.com.br\/wp-content\/uploads\/2020\/03\/David-Uip.jpg","keywords":["coronav\u00edrus","\u00f3bitos","p\u00e2nico","S\u00e3o Paulo"],"articleSection":["Sa\u00fade"],"inLanguage":"pt-BR","potentialAction":[{"@type":"CommentAction","name":"Comment","target":["https:\/\/jornalfatosenoticias.com.br\/index.php\/2020\/03\/17\/sao-paulo-investiga-mais-quatro-obitos-suspeitos-de-infeccao-por-covid-19\/#respond"]}]},{"@type":"WebPage","@id":"https:\/\/jornalfatosenoticias.com.br\/index.php\/2020\/03\/17\/sao-paulo-investiga-mais-quatro-obitos-suspeitos-de-infeccao-por-covid-19\/","url":"https:\/\/jornalfatosenoticias.com.br\/index.php\/2020\/03\/17\/sao-paulo-investiga-mais-quatro-obitos-suspeitos-de-infeccao-por-covid-19\/","name":"S\u00e3o Paulo investiga mais quatro \u00f3bitos suspeitos de infec\u00e7\u00e3o por Covid-19 - Jornal Fatos e Not\u00edcias","isPartOf":{"@id":"https:\/\/jornalfatosenoticias.com.br\/#website"},"primaryImageOfPage":{"@id":"https:\/\/jornalfatosenoticias.com.br\/index.php\/2020\/03\/17\/sao-paulo-investiga-mais-quatro-obitos-suspeitos-de-infeccao-por-covid-19\/#primaryimage"},"image":{"@id":"https:\/\/jornalfatosenoticias.com.br\/index.php\/2020\/03\/17\/sao-paulo-investiga-mais-quatro-obitos-suspeitos-de-infeccao-por-covid-19\/#primaryimage"},"thumbnailUrl":"https:\/\/jornalfatosenoticias.com.br\/wp-content\/uploads\/2020\/03\/David-Uip.jpg","datePublished":"2020-03-17T19:38:31+00:00","dateModified":"2020-03-17T19:38:39+00:00","breadcrumb":{"@id":"https:\/\/jornalfatosenoticias.com.br\/index.php\/2020\/03\/17\/sao-paulo-investiga-mais-quatro-obitos-suspeitos-de-infeccao-por-covid-19\/#breadcrumb"},"inLanguage":"pt-BR","potentialAction":[{"@type":"ReadAction","target":["https:\/\/jornalfatosenoticias.com.br\/index.php\/2020\/03\/17\/sao-paulo-investiga-mais-quatro-obitos-suspeitos-de-infeccao-por-covid-19\/"]}]},{"@type":"ImageObject","inLanguage":"pt-BR","@id":"https:\/\/jornalfatosenoticias.com.br\/index.php\/2020\/03\/17\/sao-paulo-investiga-mais-quatro-obitos-suspeitos-de-infeccao-por-covid-19\/#primaryimage","url":"https:\/\/jornalfatosenoticias.com.br\/wp-content\/uploads\/2020\/03\/David-Uip.jpg","contentUrl":"https:\/\/jornalfatosenoticias.com.br\/wp-content\/uploads\/2020\/03\/David-Uip.jpg","width":1170,"height":700,"caption":"S\u00e3o Paulo - David Uip, secret\u00e1rio da sa\u00fade, comenta o programa \"Sa\u00fade em A\u00e7\u00e3o\", parceria do Banco Interamenicano de Desenvolvimento (BID) e o Governo do Estado.(Rovena Rosa\/Ag\u00eancia Brasil)"},{"@type":"BreadcrumbList","@id":"https:\/\/jornalfatosenoticias.com.br\/index.php\/2020\/03\/17\/sao-paulo-investiga-mais-quatro-obitos-suspeitos-de-infeccao-por-covid-19\/#breadcrumb","itemListElement":[{"@type":"ListItem","position":1,"name":"In\u00edcio","item":"https:\/\/jornalfatosenoticias.com.br\/"},{"@type":"ListItem","position":2,"name":"S\u00e3o Paulo investiga mais quatro \u00f3bitos suspeitos de infec\u00e7\u00e3o por Covid-19"}]},{"@type":"WebSite","@id":"https:\/\/jornalfatosenoticias.com.br\/#website","url":"https:\/\/jornalfatosenoticias.com.br\/","name":"Jornal Fatos e Not\u00edcias","description":"Not\u00edcias em geral","publisher":{"@id":"https:\/\/jornalfatosenoticias.com.br\/#organization"},"potentialAction":[{"@type":"SearchAction","target":{"@type":"EntryPoint","urlTemplate":"https:\/\/jornalfatosenoticias.com.br\/?s={search_term_string}"},"query-input":{"@type":"PropertyValueSpecification","valueRequired":true,"valueName":"search_term_string"}}],"inLanguage":"pt-BR"},{"@type":"Organization","@id":"https:\/\/jornalfatosenoticias.com.br\/#organization","name":"Jornal Fatos e Not\u00edcias","url":"https:\/\/jornalfatosenoticias.com.br\/","logo":{"@type":"ImageObject","inLanguage":"pt-BR","@id":"https:\/\/jornalfatosenoticias.com.br\/#\/schema\/logo\/image\/","url":"https:\/\/jornalfatosenoticias.com.br\/wp-content\/uploads\/2020\/02\/logo120.png","contentUrl":"https:\/\/jornalfatosenoticias.com.br\/wp-content\/uploads\/2020\/02\/logo120.png","width":1227,"height":120,"caption":"Jornal Fatos e Not\u00edcias"},"image":{"@id":"https:\/\/jornalfatosenoticias.com.br\/#\/schema\/logo\/image\/"}},{"@type":"Person","@id":"https:\/\/jornalfatosenoticias.com.br\/#\/schema\/person\/d63837fa13ac8666eb9e74e0985d6f81","name":"Luzimara Fernandes","image":{"@type":"ImageObject","inLanguage":"pt-BR","@id":"https:\/\/jornalfatosenoticias.com.br\/#\/schema\/person\/image\/","url":"https:\/\/jornalfatosenoticias.com.br\/wp-content\/uploads\/2025\/05\/EU_portal.jpg","contentUrl":"https:\/\/jornalfatosenoticias.com.br\/wp-content\/uploads\/2025\/05\/EU_portal.jpg","caption":"Luzimara Fernandes"},"description":"Jornalista MTB 2358-ES","sameAs":["https:\/\/jornalfatosenoticias.com.br"],"url":"https:\/\/jornalfatosenoticias.com.br\/index.php\/author\/luzimara\/"}]}},"cc_featured_image_caption":{"caption_text":"David Uip (Foto: Rovena Rosa\/Ag\u00eancia Brasil)\r\n","source_text":"","source_url":""},"jetpack_featured_media_url":"https:\/\/jornalfatosenoticias.com.br\/wp-content\/uploads\/2020\/03\/David-Uip.jpg","_links":{"self":[{"href":"https:\/\/jornalfatosenoticias.com.br\/index.php\/wp-json\/wp\/v2\/posts\/2114","targetHints":{"allow":["GET"]}}],"collection":[{"href":"https:\/\/jornalfatosenoticias.com.br\/index.php\/wp-json\/wp\/v2\/posts"}],"about":[{"href":"https:\/\/jornalfatosenoticias.com.br\/index.php\/wp-json\/wp\/v2\/types\/post"}],"author":[{"embeddable":true,"href":"https:\/\/jornalfatosenoticias.com.br\/index.php\/wp-json\/wp\/v2\/users\/2"}],"replies":[{"embeddable":true,"href":"https:\/\/jornalfatosenoticias.com.br\/index.php\/wp-json\/wp\/v2\/comments?post=2114"}],"version-history":[{"count":0,"href":"https:\/\/jornalfatosenoticias.com.br\/index.php\/wp-json\/wp\/v2\/posts\/2114\/revisions"}],"wp:featuredmedia":[{"embeddable":true,"href":"https:\/\/jornalfatosenoticias.com.br\/index.php\/wp-json\/wp\/v2\/media\/2116"}],"wp:attachment":[{"href":"https:\/\/jornalfatosenoticias.com.br\/index.php\/wp-json\/wp\/v2\/media?parent=2114"}],"wp:term":[{"taxonomy":"category","embeddable":true,"href":"https:\/\/jornalfatosenoticias.com.br\/index.php\/wp-json\/wp\/v2\/categories?post=2114"},{"taxonomy":"post_tag","embeddable":true,"href":"https:\/\/jornalfatosenoticias.com.br\/index.php\/wp-json\/wp\/v2\/tags?post=2114"}],"curies":[{"name":"wp","href":"https:\/\/api.w.org\/{rel}","templated":true}]}}