{"id":21156,"date":"2021-07-28T09:45:48","date_gmt":"2021-07-28T12:45:48","guid":{"rendered":"https:\/\/jornalfatosenoticias.com.br\/?p=21156"},"modified":"2021-07-28T09:45:51","modified_gmt":"2021-07-28T12:45:51","slug":"ministerio-homologa-tombamento-do-centro-historico-de-manaus","status":"publish","type":"post","link":"https:\/\/jornalfatosenoticias.com.br\/index.php\/2021\/07\/28\/ministerio-homologa-tombamento-do-centro-historico-de-manaus\/","title":{"rendered":"Minist\u00e9rio homologa tombamento do Centro Hist\u00f3rico de Manaus"},"content":{"rendered":"\n<p><em><span class=\"has-inline-color has-black-color\">Portaria foi publicada hoje no Di\u00e1rio Oficial<\/span><\/em><\/p>\n\n\n\n<p>O Minist\u00e9rio do Turismo publicou, no <strong><a href=\"https:\/\/www.in.gov.br\/en\/web\/dou\/-\/portaria-mtur-n-25-de-20-de-julho-de-2021-334844409\" target=\"_blank\" rel=\"noreferrer noopener\"><em>Di\u00e1rio Oficial da Uni\u00e3o<\/em><\/a><\/strong> de hoje (28), uma portaria que homologa o tombamento do Centro Hist\u00f3rico de Manaus, localizado na capital amazonense.<br>O tombamento do Centro Hist\u00f3rico de Manaus foi feito pelo Instituto do Patrim\u00f4nio Hist\u00f3rico e Art\u00edstico Nacional (Ipham) em 2012. O espa\u00e7o abrange uma \u00e1rea entre a orla do Rio Negro e o entorno do Teatro Amazonas, de forma a manter \u201cos aspectos simb\u00f3licos e densos de realiza\u00e7\u00f5es art\u00edstico-construtivas\u201d, conforme explica o Iphan em sua p\u00e1gina na internet.<br>O local inclui \u201cuma fra\u00e7\u00e3o urbana formada por edifica\u00e7\u00f5es do per\u00edodo \u00e1ureo da borracha, mesclada a edif\u00edcios modernos e representa um dos maiores testemunhos de uma fase econ\u00f4mica \u00edmpar no Brasil, quando a explora\u00e7\u00e3o do l\u00e1tex proporcionou o incremento da industrializa\u00e7\u00e3o em escala mundial\u201d.<br>De acordo com o Iphan, a preserva\u00e7\u00e3o do local, que configura o \u201ccora\u00e7\u00e3o urbano da cidade\u201d, garante a manuten\u00e7\u00e3o de seu patrim\u00f4nio singular e integro, al\u00e9m de incluir Manaus no rol das cidades hist\u00f3ricas do Brasil, com inscri\u00e7\u00e3o no Livro de Tombo Hist\u00f3rico e no Livro de Tombo Arqueol\u00f3gico, Etnogr\u00e1fico e Paisag\u00edstico.<\/p>\n\n\n\n<div class=\"wp-block-jetpack-slideshow aligncenter\" data-effect=\"slide\"><div class=\"wp-block-jetpack-slideshow_container swiper-container\"><ul class=\"wp-block-jetpack-slideshow_swiper-wrapper swiper-wrapper\"><li class=\"wp-block-jetpack-slideshow_slide swiper-slide\"><figure><img loading=\"lazy\" decoding=\"async\" width=\"1000\" height=\"632\" alt=\"\" class=\"wp-block-jetpack-slideshow_image wp-image-21157\" data-id=\"21157\" src=\"https:\/\/jornalfatosenoticias.com.br\/wp-content\/uploads\/2021\/07\/centro-historico-de-manaus-palacio-rio-negro.jpg\" srcset=\"https:\/\/jornalfatosenoticias.com.br\/wp-content\/uploads\/2021\/07\/centro-historico-de-manaus-palacio-rio-negro.jpg 1000w, https:\/\/jornalfatosenoticias.com.br\/wp-content\/uploads\/2021\/07\/centro-historico-de-manaus-palacio-rio-negro-300x190.jpg 300w, https:\/\/jornalfatosenoticias.com.br\/wp-content\/uploads\/2021\/07\/centro-historico-de-manaus-palacio-rio-negro-768x485.jpg 768w, https:\/\/jornalfatosenoticias.com.br\/wp-content\/uploads\/2021\/07\/centro-historico-de-manaus-palacio-rio-negro-350x220.jpg 350w\" sizes=\"auto, (max-width: 1000px) 100vw, 1000px\" \/><figcaption class=\"wp-block-jetpack-slideshow_caption gallery-caption\">Centro Hist\u00f3rico de Manaus, Pal\u00e1cio Rio Negro (Foto: Blog Turista FullTime) <\/figcaption><\/figure><\/li><li class=\"wp-block-jetpack-slideshow_slide swiper-slide\"><figure><img loading=\"lazy\" decoding=\"async\" width=\"600\" height=\"843\" alt=\"\" class=\"wp-block-jetpack-slideshow_image wp-image-21158\" data-id=\"21158\" src=\"https:\/\/jornalfatosenoticias.com.br\/wp-content\/uploads\/2021\/07\/centro-historico-de-manaus-relogio-municipal.jpg\" srcset=\"https:\/\/jornalfatosenoticias.com.br\/wp-content\/uploads\/2021\/07\/centro-historico-de-manaus-relogio-municipal.jpg 600w, https:\/\/jornalfatosenoticias.com.br\/wp-content\/uploads\/2021\/07\/centro-historico-de-manaus-relogio-municipal-214x300.jpg 214w\" sizes=\"auto, (max-width: 600px) 100vw, 600px\" \/><figcaption class=\"wp-block-jetpack-slideshow_caption gallery-caption\">Centro Hist\u00f3rico de Manaus, Rel\u00f3gio Municipal (Foto: Blog Turista FullTime)<\/figcaption><\/figure><\/li><li class=\"wp-block-jetpack-slideshow_slide swiper-slide\"><figure><img loading=\"lazy\" decoding=\"async\" width=\"1000\" height=\"590\" alt=\"\" class=\"wp-block-jetpack-slideshow_image wp-image-21159\" data-id=\"21159\" src=\"https:\/\/jornalfatosenoticias.com.br\/wp-content\/uploads\/2021\/07\/centro-historico-de-manaus-teatro-amazonas-noite.jpg\" srcset=\"https:\/\/jornalfatosenoticias.com.br\/wp-content\/uploads\/2021\/07\/centro-historico-de-manaus-teatro-amazonas-noite.jpg 1000w, https:\/\/jornalfatosenoticias.com.br\/wp-content\/uploads\/2021\/07\/centro-historico-de-manaus-teatro-amazonas-noite-300x177.jpg 300w, https:\/\/jornalfatosenoticias.com.br\/wp-content\/uploads\/2021\/07\/centro-historico-de-manaus-teatro-amazonas-noite-768x453.jpg 768w\" sizes=\"auto, (max-width: 1000px) 100vw, 1000px\" \/><figcaption class=\"wp-block-jetpack-slideshow_caption gallery-caption\"> Centro Hist\u00f3rico de Manaus, Teatro Amazonas (Foto: Blog Turista FullTime)<\/figcaption><\/figure><\/li><li class=\"wp-block-jetpack-slideshow_slide swiper-slide\"><figure><img loading=\"lazy\" decoding=\"async\" width=\"1000\" height=\"708\" alt=\"\" class=\"wp-block-jetpack-slideshow_image wp-image-21160\" data-id=\"21160\" src=\"https:\/\/jornalfatosenoticias.com.br\/wp-content\/uploads\/2021\/07\/iberostar-grand-amazon-macacos-no-barco.jpg\" srcset=\"https:\/\/jornalfatosenoticias.com.br\/wp-content\/uploads\/2021\/07\/iberostar-grand-amazon-macacos-no-barco.jpg 1000w, https:\/\/jornalfatosenoticias.com.br\/wp-content\/uploads\/2021\/07\/iberostar-grand-amazon-macacos-no-barco-300x212.jpg 300w, https:\/\/jornalfatosenoticias.com.br\/wp-content\/uploads\/2021\/07\/iberostar-grand-amazon-macacos-no-barco-768x544.jpg 768w\" sizes=\"auto, (max-width: 1000px) 100vw, 1000px\" \/><figcaption class=\"wp-block-jetpack-slideshow_caption gallery-caption\">Centro Hist\u00f3rico de Manaus, turistas fotografam macacos em barco (Foto: Blog Turista FullTime)<\/figcaption><\/figure><\/li><\/ul><a class=\"wp-block-jetpack-slideshow_button-prev swiper-button-prev swiper-button-white\" role=\"button\"><\/a><a class=\"wp-block-jetpack-slideshow_button-next swiper-button-next swiper-button-white\" role=\"button\"><\/a><a aria-label=\"Pause Slideshow\" class=\"wp-block-jetpack-slideshow_button-pause\" role=\"button\"><\/a><div class=\"wp-block-jetpack-slideshow_pagination swiper-pagination swiper-pagination-white\"><\/div><\/div><\/div>\n\n\n\n<p><em><span class=\"has-inline-color has-black-color\"><strong>Foto de capa:<\/strong> Blog Turista FullTime<\/span><\/em><\/p>\n\n\n\n<p><strong><em>Fonte: <a href=\"https:\/\/agenciabrasil.ebc.com.br\/geral\/noticia\/2021-07\/ministerio-homologa-tombamento-do-centro-historico-de-manaus\">Ag\u00eancia Brasil<\/a><\/em><\/strong><\/p>\n","protected":false},"excerpt":{"rendered":"<p>Portaria foi publicada hoje no Di\u00e1rio Oficial O Minist\u00e9rio do Turismo publicou, no Di\u00e1rio Oficial da Uni\u00e3o de hoje (28), uma portaria que homologa o tombamento do Centro Hist\u00f3rico de Manaus, localizado na capital amazonense.O tombamento do Centro Hist\u00f3rico de Manaus foi feito pelo Instituto do Patrim\u00f4nio Hist\u00f3rico e Art\u00edstico Nacional (Ipham) em 2012. O [&hellip;]<\/p>\n","protected":false},"author":2,"featured_media":21161,"comment_status":"open","ping_status":"open","sticky":false,"template":"","format":"standard","meta":{"footnotes":""},"categories":[746],"tags":[10332,10333,8783,10334,1853],"class_list":["post-21156","post","type-post","status-publish","format-standard","has-post-thumbnail","hentry","category-turismo","tag-centro-historico-de-manaus","tag-ipham","tag-rio-negro","tag-teatro-amazonas","tag-turismo"],"yoast_head":"<!-- This site is optimized with the Yoast SEO plugin v26.5 - https:\/\/yoast.com\/wordpress\/plugins\/seo\/ -->\n<title>Minist\u00e9rio homologa tombamento do Centro Hist\u00f3rico de Manaus - Jornal Fatos e Not\u00edcias<\/title>\n<meta name=\"robots\" content=\"index, follow, max-snippet:-1, max-image-preview:large, max-video-preview:-1\" \/>\n<link rel=\"canonical\" href=\"https:\/\/jornalfatosenoticias.com.br\/index.php\/2021\/07\/28\/ministerio-homologa-tombamento-do-centro-historico-de-manaus\/\" \/>\n<meta property=\"og:locale\" content=\"pt_BR\" \/>\n<meta property=\"og:type\" content=\"article\" \/>\n<meta property=\"og:title\" content=\"Minist\u00e9rio homologa tombamento do Centro Hist\u00f3rico de Manaus - Jornal Fatos e Not\u00edcias\" \/>\n<meta property=\"og:description\" content=\"Portaria foi publicada hoje no Di\u00e1rio Oficial O Minist\u00e9rio do Turismo publicou, no Di\u00e1rio Oficial da Uni\u00e3o de hoje (28), uma portaria que homologa o tombamento do Centro Hist\u00f3rico de Manaus, localizado na capital amazonense.O tombamento do Centro Hist\u00f3rico de Manaus foi feito pelo Instituto do Patrim\u00f4nio Hist\u00f3rico e Art\u00edstico Nacional (Ipham) em 2012. O [&hellip;]\" \/>\n<meta property=\"og:url\" content=\"https:\/\/jornalfatosenoticias.com.br\/index.php\/2021\/07\/28\/ministerio-homologa-tombamento-do-centro-historico-de-manaus\/\" \/>\n<meta property=\"og:site_name\" content=\"Jornal Fatos e Not\u00edcias\" \/>\n<meta property=\"article:published_time\" content=\"2021-07-28T12:45:48+00:00\" \/>\n<meta property=\"article:modified_time\" content=\"2021-07-28T12:45:51+00:00\" \/>\n<meta property=\"og:image\" content=\"https:\/\/jornalfatosenoticias.com.br\/wp-content\/uploads\/2021\/07\/centro-historico-de-manaus-porto.jpg\" \/>\n\t<meta property=\"og:image:width\" content=\"1000\" \/>\n\t<meta property=\"og:image:height\" content=\"547\" \/>\n\t<meta property=\"og:image:type\" content=\"image\/jpeg\" \/>\n<meta name=\"author\" content=\"Luzimara Fernandes\" \/>\n<meta name=\"twitter:card\" content=\"summary_large_image\" \/>\n<meta name=\"twitter:label1\" content=\"Escrito por\" \/>\n\t<meta name=\"twitter:data1\" content=\"Luzimara Fernandes\" \/>\n\t<meta name=\"twitter:label2\" content=\"Est. tempo de leitura\" \/>\n\t<meta name=\"twitter:data2\" content=\"1 minuto\" \/>\n<script type=\"application\/ld+json\" class=\"yoast-schema-graph\">{\"@context\":\"https:\/\/schema.org\",\"@graph\":[{\"@type\":\"Article\",\"@id\":\"https:\/\/jornalfatosenoticias.com.br\/index.php\/2021\/07\/28\/ministerio-homologa-tombamento-do-centro-historico-de-manaus\/#article\",\"isPartOf\":{\"@id\":\"https:\/\/jornalfatosenoticias.com.br\/index.php\/2021\/07\/28\/ministerio-homologa-tombamento-do-centro-historico-de-manaus\/\"},\"author\":{\"name\":\"Luzimara Fernandes\",\"@id\":\"https:\/\/jornalfatosenoticias.com.br\/#\/schema\/person\/d63837fa13ac8666eb9e74e0985d6f81\"},\"headline\":\"Minist\u00e9rio homologa tombamento do Centro Hist\u00f3rico de Manaus\",\"datePublished\":\"2021-07-28T12:45:48+00:00\",\"dateModified\":\"2021-07-28T12:45:51+00:00\",\"mainEntityOfPage\":{\"@id\":\"https:\/\/jornalfatosenoticias.com.br\/index.php\/2021\/07\/28\/ministerio-homologa-tombamento-do-centro-historico-de-manaus\/\"},\"wordCount\":290,\"commentCount\":0,\"publisher\":{\"@id\":\"https:\/\/jornalfatosenoticias.com.br\/#organization\"},\"image\":{\"@id\":\"https:\/\/jornalfatosenoticias.com.br\/index.php\/2021\/07\/28\/ministerio-homologa-tombamento-do-centro-historico-de-manaus\/#primaryimage\"},\"thumbnailUrl\":\"https:\/\/jornalfatosenoticias.com.br\/wp-content\/uploads\/2021\/07\/centro-historico-de-manaus-porto.jpg\",\"keywords\":[\"Centro Hist\u00f3rico de Manaus\",\"Ipham\",\"Rio Negro\",\"Teatro Amazonas\",\"Turismo\"],\"articleSection\":[\"Turismo\"],\"inLanguage\":\"pt-BR\",\"potentialAction\":[{\"@type\":\"CommentAction\",\"name\":\"Comment\",\"target\":[\"https:\/\/jornalfatosenoticias.com.br\/index.php\/2021\/07\/28\/ministerio-homologa-tombamento-do-centro-historico-de-manaus\/#respond\"]}]},{\"@type\":\"WebPage\",\"@id\":\"https:\/\/jornalfatosenoticias.com.br\/index.php\/2021\/07\/28\/ministerio-homologa-tombamento-do-centro-historico-de-manaus\/\",\"url\":\"https:\/\/jornalfatosenoticias.com.br\/index.php\/2021\/07\/28\/ministerio-homologa-tombamento-do-centro-historico-de-manaus\/\",\"name\":\"Minist\u00e9rio homologa tombamento do Centro Hist\u00f3rico de Manaus - Jornal Fatos e Not\u00edcias\",\"isPartOf\":{\"@id\":\"https:\/\/jornalfatosenoticias.com.br\/#website\"},\"primaryImageOfPage\":{\"@id\":\"https:\/\/jornalfatosenoticias.com.br\/index.php\/2021\/07\/28\/ministerio-homologa-tombamento-do-centro-historico-de-manaus\/#primaryimage\"},\"image\":{\"@id\":\"https:\/\/jornalfatosenoticias.com.br\/index.php\/2021\/07\/28\/ministerio-homologa-tombamento-do-centro-historico-de-manaus\/#primaryimage\"},\"thumbnailUrl\":\"https:\/\/jornalfatosenoticias.com.br\/wp-content\/uploads\/2021\/07\/centro-historico-de-manaus-porto.jpg\",\"datePublished\":\"2021-07-28T12:45:48+00:00\",\"dateModified\":\"2021-07-28T12:45:51+00:00\",\"breadcrumb\":{\"@id\":\"https:\/\/jornalfatosenoticias.com.br\/index.php\/2021\/07\/28\/ministerio-homologa-tombamento-do-centro-historico-de-manaus\/#breadcrumb\"},\"inLanguage\":\"pt-BR\",\"potentialAction\":[{\"@type\":\"ReadAction\",\"target\":[\"https:\/\/jornalfatosenoticias.com.br\/index.php\/2021\/07\/28\/ministerio-homologa-tombamento-do-centro-historico-de-manaus\/\"]}]},{\"@type\":\"ImageObject\",\"inLanguage\":\"pt-BR\",\"@id\":\"https:\/\/jornalfatosenoticias.com.br\/index.php\/2021\/07\/28\/ministerio-homologa-tombamento-do-centro-historico-de-manaus\/#primaryimage\",\"url\":\"https:\/\/jornalfatosenoticias.com.br\/wp-content\/uploads\/2021\/07\/centro-historico-de-manaus-porto.jpg\",\"contentUrl\":\"https:\/\/jornalfatosenoticias.com.br\/wp-content\/uploads\/2021\/07\/centro-historico-de-manaus-porto.jpg\",\"width\":1000,\"height\":547},{\"@type\":\"BreadcrumbList\",\"@id\":\"https:\/\/jornalfatosenoticias.com.br\/index.php\/2021\/07\/28\/ministerio-homologa-tombamento-do-centro-historico-de-manaus\/#breadcrumb\",\"itemListElement\":[{\"@type\":\"ListItem\",\"position\":1,\"name\":\"In\u00edcio\",\"item\":\"https:\/\/jornalfatosenoticias.com.br\/\"},{\"@type\":\"ListItem\",\"position\":2,\"name\":\"Minist\u00e9rio homologa tombamento do Centro Hist\u00f3rico de Manaus\"}]},{\"@type\":\"WebSite\",\"@id\":\"https:\/\/jornalfatosenoticias.com.br\/#website\",\"url\":\"https:\/\/jornalfatosenoticias.com.br\/\",\"name\":\"Jornal Fatos e Not\u00edcias\",\"description\":\"Not\u00edcias em geral\",\"publisher\":{\"@id\":\"https:\/\/jornalfatosenoticias.com.br\/#organization\"},\"potentialAction\":[{\"@type\":\"SearchAction\",\"target\":{\"@type\":\"EntryPoint\",\"urlTemplate\":\"https:\/\/jornalfatosenoticias.com.br\/?s={search_term_string}\"},\"query-input\":{\"@type\":\"PropertyValueSpecification\",\"valueRequired\":true,\"valueName\":\"search_term_string\"}}],\"inLanguage\":\"pt-BR\"},{\"@type\":\"Organization\",\"@id\":\"https:\/\/jornalfatosenoticias.com.br\/#organization\",\"name\":\"Jornal Fatos e Not\u00edcias\",\"url\":\"https:\/\/jornalfatosenoticias.com.br\/\",\"logo\":{\"@type\":\"ImageObject\",\"inLanguage\":\"pt-BR\",\"@id\":\"https:\/\/jornalfatosenoticias.com.br\/#\/schema\/logo\/image\/\",\"url\":\"https:\/\/jornalfatosenoticias.com.br\/wp-content\/uploads\/2020\/02\/logo120.png\",\"contentUrl\":\"https:\/\/jornalfatosenoticias.com.br\/wp-content\/uploads\/2020\/02\/logo120.png\",\"width\":1227,\"height\":120,\"caption\":\"Jornal Fatos e Not\u00edcias\"},\"image\":{\"@id\":\"https:\/\/jornalfatosenoticias.com.br\/#\/schema\/logo\/image\/\"}},{\"@type\":\"Person\",\"@id\":\"https:\/\/jornalfatosenoticias.com.br\/#\/schema\/person\/d63837fa13ac8666eb9e74e0985d6f81\",\"name\":\"Luzimara Fernandes\",\"image\":{\"@type\":\"ImageObject\",\"inLanguage\":\"pt-BR\",\"@id\":\"https:\/\/jornalfatosenoticias.com.br\/#\/schema\/person\/image\/\",\"url\":\"https:\/\/jornalfatosenoticias.com.br\/wp-content\/uploads\/2025\/05\/EU_portal.jpg\",\"contentUrl\":\"https:\/\/jornalfatosenoticias.com.br\/wp-content\/uploads\/2025\/05\/EU_portal.jpg\",\"caption\":\"Luzimara Fernandes\"},\"description\":\"Jornalista MTB 2358-ES\",\"sameAs\":[\"https:\/\/jornalfatosenoticias.com.br\"],\"url\":\"https:\/\/jornalfatosenoticias.com.br\/index.php\/author\/luzimara\/\"}]}<\/script>\n<!-- \/ Yoast SEO plugin. -->","yoast_head_json":{"title":"Minist\u00e9rio homologa tombamento do Centro Hist\u00f3rico de Manaus - Jornal Fatos e Not\u00edcias","robots":{"index":"index","follow":"follow","max-snippet":"max-snippet:-1","max-image-preview":"max-image-preview:large","max-video-preview":"max-video-preview:-1"},"canonical":"https:\/\/jornalfatosenoticias.com.br\/index.php\/2021\/07\/28\/ministerio-homologa-tombamento-do-centro-historico-de-manaus\/","og_locale":"pt_BR","og_type":"article","og_title":"Minist\u00e9rio homologa tombamento do Centro Hist\u00f3rico de Manaus - Jornal Fatos e Not\u00edcias","og_description":"Portaria foi publicada hoje no Di\u00e1rio Oficial O Minist\u00e9rio do Turismo publicou, no Di\u00e1rio Oficial da Uni\u00e3o de hoje (28), uma portaria que homologa o tombamento do Centro Hist\u00f3rico de Manaus, localizado na capital amazonense.O tombamento do Centro Hist\u00f3rico de Manaus foi feito pelo Instituto do Patrim\u00f4nio Hist\u00f3rico e Art\u00edstico Nacional (Ipham) em 2012. O [&hellip;]","og_url":"https:\/\/jornalfatosenoticias.com.br\/index.php\/2021\/07\/28\/ministerio-homologa-tombamento-do-centro-historico-de-manaus\/","og_site_name":"Jornal Fatos e Not\u00edcias","article_published_time":"2021-07-28T12:45:48+00:00","article_modified_time":"2021-07-28T12:45:51+00:00","og_image":[{"width":1000,"height":547,"url":"https:\/\/jornalfatosenoticias.com.br\/wp-content\/uploads\/2021\/07\/centro-historico-de-manaus-porto.jpg","type":"image\/jpeg"}],"author":"Luzimara Fernandes","twitter_card":"summary_large_image","twitter_misc":{"Escrito por":"Luzimara Fernandes","Est. tempo de leitura":"1 minuto"},"schema":{"@context":"https:\/\/schema.org","@graph":[{"@type":"Article","@id":"https:\/\/jornalfatosenoticias.com.br\/index.php\/2021\/07\/28\/ministerio-homologa-tombamento-do-centro-historico-de-manaus\/#article","isPartOf":{"@id":"https:\/\/jornalfatosenoticias.com.br\/index.php\/2021\/07\/28\/ministerio-homologa-tombamento-do-centro-historico-de-manaus\/"},"author":{"name":"Luzimara Fernandes","@id":"https:\/\/jornalfatosenoticias.com.br\/#\/schema\/person\/d63837fa13ac8666eb9e74e0985d6f81"},"headline":"Minist\u00e9rio homologa tombamento do Centro Hist\u00f3rico de Manaus","datePublished":"2021-07-28T12:45:48+00:00","dateModified":"2021-07-28T12:45:51+00:00","mainEntityOfPage":{"@id":"https:\/\/jornalfatosenoticias.com.br\/index.php\/2021\/07\/28\/ministerio-homologa-tombamento-do-centro-historico-de-manaus\/"},"wordCount":290,"commentCount":0,"publisher":{"@id":"https:\/\/jornalfatosenoticias.com.br\/#organization"},"image":{"@id":"https:\/\/jornalfatosenoticias.com.br\/index.php\/2021\/07\/28\/ministerio-homologa-tombamento-do-centro-historico-de-manaus\/#primaryimage"},"thumbnailUrl":"https:\/\/jornalfatosenoticias.com.br\/wp-content\/uploads\/2021\/07\/centro-historico-de-manaus-porto.jpg","keywords":["Centro Hist\u00f3rico de Manaus","Ipham","Rio Negro","Teatro Amazonas","Turismo"],"articleSection":["Turismo"],"inLanguage":"pt-BR","potentialAction":[{"@type":"CommentAction","name":"Comment","target":["https:\/\/jornalfatosenoticias.com.br\/index.php\/2021\/07\/28\/ministerio-homologa-tombamento-do-centro-historico-de-manaus\/#respond"]}]},{"@type":"WebPage","@id":"https:\/\/jornalfatosenoticias.com.br\/index.php\/2021\/07\/28\/ministerio-homologa-tombamento-do-centro-historico-de-manaus\/","url":"https:\/\/jornalfatosenoticias.com.br\/index.php\/2021\/07\/28\/ministerio-homologa-tombamento-do-centro-historico-de-manaus\/","name":"Minist\u00e9rio homologa tombamento do Centro Hist\u00f3rico de Manaus - Jornal Fatos e Not\u00edcias","isPartOf":{"@id":"https:\/\/jornalfatosenoticias.com.br\/#website"},"primaryImageOfPage":{"@id":"https:\/\/jornalfatosenoticias.com.br\/index.php\/2021\/07\/28\/ministerio-homologa-tombamento-do-centro-historico-de-manaus\/#primaryimage"},"image":{"@id":"https:\/\/jornalfatosenoticias.com.br\/index.php\/2021\/07\/28\/ministerio-homologa-tombamento-do-centro-historico-de-manaus\/#primaryimage"},"thumbnailUrl":"https:\/\/jornalfatosenoticias.com.br\/wp-content\/uploads\/2021\/07\/centro-historico-de-manaus-porto.jpg","datePublished":"2021-07-28T12:45:48+00:00","dateModified":"2021-07-28T12:45:51+00:00","breadcrumb":{"@id":"https:\/\/jornalfatosenoticias.com.br\/index.php\/2021\/07\/28\/ministerio-homologa-tombamento-do-centro-historico-de-manaus\/#breadcrumb"},"inLanguage":"pt-BR","potentialAction":[{"@type":"ReadAction","target":["https:\/\/jornalfatosenoticias.com.br\/index.php\/2021\/07\/28\/ministerio-homologa-tombamento-do-centro-historico-de-manaus\/"]}]},{"@type":"ImageObject","inLanguage":"pt-BR","@id":"https:\/\/jornalfatosenoticias.com.br\/index.php\/2021\/07\/28\/ministerio-homologa-tombamento-do-centro-historico-de-manaus\/#primaryimage","url":"https:\/\/jornalfatosenoticias.com.br\/wp-content\/uploads\/2021\/07\/centro-historico-de-manaus-porto.jpg","contentUrl":"https:\/\/jornalfatosenoticias.com.br\/wp-content\/uploads\/2021\/07\/centro-historico-de-manaus-porto.jpg","width":1000,"height":547},{"@type":"BreadcrumbList","@id":"https:\/\/jornalfatosenoticias.com.br\/index.php\/2021\/07\/28\/ministerio-homologa-tombamento-do-centro-historico-de-manaus\/#breadcrumb","itemListElement":[{"@type":"ListItem","position":1,"name":"In\u00edcio","item":"https:\/\/jornalfatosenoticias.com.br\/"},{"@type":"ListItem","position":2,"name":"Minist\u00e9rio homologa tombamento do Centro Hist\u00f3rico de Manaus"}]},{"@type":"WebSite","@id":"https:\/\/jornalfatosenoticias.com.br\/#website","url":"https:\/\/jornalfatosenoticias.com.br\/","name":"Jornal Fatos e Not\u00edcias","description":"Not\u00edcias em geral","publisher":{"@id":"https:\/\/jornalfatosenoticias.com.br\/#organization"},"potentialAction":[{"@type":"SearchAction","target":{"@type":"EntryPoint","urlTemplate":"https:\/\/jornalfatosenoticias.com.br\/?s={search_term_string}"},"query-input":{"@type":"PropertyValueSpecification","valueRequired":true,"valueName":"search_term_string"}}],"inLanguage":"pt-BR"},{"@type":"Organization","@id":"https:\/\/jornalfatosenoticias.com.br\/#organization","name":"Jornal Fatos e Not\u00edcias","url":"https:\/\/jornalfatosenoticias.com.br\/","logo":{"@type":"ImageObject","inLanguage":"pt-BR","@id":"https:\/\/jornalfatosenoticias.com.br\/#\/schema\/logo\/image\/","url":"https:\/\/jornalfatosenoticias.com.br\/wp-content\/uploads\/2020\/02\/logo120.png","contentUrl":"https:\/\/jornalfatosenoticias.com.br\/wp-content\/uploads\/2020\/02\/logo120.png","width":1227,"height":120,"caption":"Jornal Fatos e Not\u00edcias"},"image":{"@id":"https:\/\/jornalfatosenoticias.com.br\/#\/schema\/logo\/image\/"}},{"@type":"Person","@id":"https:\/\/jornalfatosenoticias.com.br\/#\/schema\/person\/d63837fa13ac8666eb9e74e0985d6f81","name":"Luzimara Fernandes","image":{"@type":"ImageObject","inLanguage":"pt-BR","@id":"https:\/\/jornalfatosenoticias.com.br\/#\/schema\/person\/image\/","url":"https:\/\/jornalfatosenoticias.com.br\/wp-content\/uploads\/2025\/05\/EU_portal.jpg","contentUrl":"https:\/\/jornalfatosenoticias.com.br\/wp-content\/uploads\/2025\/05\/EU_portal.jpg","caption":"Luzimara Fernandes"},"description":"Jornalista MTB 2358-ES","sameAs":["https:\/\/jornalfatosenoticias.com.br"],"url":"https:\/\/jornalfatosenoticias.com.br\/index.php\/author\/luzimara\/"}]}},"cc_featured_image_caption":{"caption_text":"Centro Hist\u00f3rico de Manaus, Porto","source_text":"","source_url":""},"jetpack_featured_media_url":"https:\/\/jornalfatosenoticias.com.br\/wp-content\/uploads\/2021\/07\/centro-historico-de-manaus-porto.jpg","_links":{"self":[{"href":"https:\/\/jornalfatosenoticias.com.br\/index.php\/wp-json\/wp\/v2\/posts\/21156","targetHints":{"allow":["GET"]}}],"collection":[{"href":"https:\/\/jornalfatosenoticias.com.br\/index.php\/wp-json\/wp\/v2\/posts"}],"about":[{"href":"https:\/\/jornalfatosenoticias.com.br\/index.php\/wp-json\/wp\/v2\/types\/post"}],"author":[{"embeddable":true,"href":"https:\/\/jornalfatosenoticias.com.br\/index.php\/wp-json\/wp\/v2\/users\/2"}],"replies":[{"embeddable":true,"href":"https:\/\/jornalfatosenoticias.com.br\/index.php\/wp-json\/wp\/v2\/comments?post=21156"}],"version-history":[{"count":0,"href":"https:\/\/jornalfatosenoticias.com.br\/index.php\/wp-json\/wp\/v2\/posts\/21156\/revisions"}],"wp:featuredmedia":[{"embeddable":true,"href":"https:\/\/jornalfatosenoticias.com.br\/index.php\/wp-json\/wp\/v2\/media\/21161"}],"wp:attachment":[{"href":"https:\/\/jornalfatosenoticias.com.br\/index.php\/wp-json\/wp\/v2\/media?parent=21156"}],"wp:term":[{"taxonomy":"category","embeddable":true,"href":"https:\/\/jornalfatosenoticias.com.br\/index.php\/wp-json\/wp\/v2\/categories?post=21156"},{"taxonomy":"post_tag","embeddable":true,"href":"https:\/\/jornalfatosenoticias.com.br\/index.php\/wp-json\/wp\/v2\/tags?post=21156"}],"curies":[{"name":"wp","href":"https:\/\/api.w.org\/{rel}","templated":true}]}}