{"id":21189,"date":"2021-07-28T14:33:02","date_gmt":"2021-07-28T17:33:02","guid":{"rendered":"https:\/\/jornalfatosenoticias.com.br\/?p=21189"},"modified":"2021-07-28T14:33:05","modified_gmt":"2021-07-28T17:33:05","slug":"bmw-apresenta-patinete-e-triciclo-eletrico-como-solucoes-para-o-transporte-urbano","status":"publish","type":"post","link":"https:\/\/jornalfatosenoticias.com.br\/index.php\/2021\/07\/28\/bmw-apresenta-patinete-e-triciclo-eletrico-como-solucoes-para-o-transporte-urbano\/","title":{"rendered":"BMW apresenta patinete e triciclo el\u00e9trico como \u201csolu\u00e7\u00f5es para o transporte urbano\u201d"},"content":{"rendered":"\n<p>A <strong>BMW<\/strong>\u00a0est\u00e1 tentando pensar em\u00a0<a href=\"https:\/\/olhardigital.com.br\/2021\/07\/06\/carros-e-tecnologia\/mini-vision-urbanaut-materiais-reciclaveis\/\" target=\"_blank\" rel=\"noreferrer noopener\">maneiras de melhorar a movimenta\u00e7\u00e3o pela cidade<\/a>\u00a0e apresentou\u00a0<strong>dois novos conceitos de el\u00e9tricos<\/strong>. Ao contr\u00e1rio dos produtos usuais da marca alem\u00e3, no entanto, ambos os ve\u00edculos tamb\u00e9m s\u00e3o\u00a0<a href=\"https:\/\/olhardigital.com.br\/2021\/03\/12\/carros-e-tecnologia\/corrida-tem-patinetes-eletricos-que-chegam-a-100km-h\/\" target=\"_blank\" rel=\"noreferrer noopener\">movidos a energia humana<\/a>\u00a0\u2013 afinal, na onda de tantos\u00a0<em>EVs<\/em>\u00a0sendo lan\u00e7ados, faltava um\u00a0<strong>patinete<\/strong>\u00a0e\u00a0<strong>triciclo<\/strong>, n\u00e3o \u00e9?<br>O <strong>DYNAMIC CARGO<\/strong>\u00a0e o\u00a0<strong>CLEVER COMMUTE<\/strong> s\u00e3o um \u201ce-triciclo e uma e-scooter\u201d, respectivamente, que a fabricante espera que ajude os moradores de metr\u00f3poles a encontrarem novos caminhos pelas vias da cidade quando, segundo o an\u00fancio oficial, \u201cas viagens est\u00e3o um pouco longe demais para andar e um pouco perto demais dirigir\u201d.<br>O triciclo el\u00e9trico, por exemplo, \u00e9 um ve\u00edculo projetado pela BMW com o objetivo de ser uma op\u00e7\u00e3o para o <a href=\"https:\/\/olhardigital.com.br\/2021\/06\/18\/videos\/tuneis-de-elon-musk-podem-ganhar-versao-para-transporte-de-carga\/\" target=\"_blank\" rel=\"noreferrer noopener\">transporte de cargas<\/a> \u2014 inclusive, humanas. Ou seja, o ve\u00edculo pode ser \u00fatil para pais com filhos pequenos, distribuidores\/entregadores de comida e mesmo pessoas que gostam de usar modelos similares para fazer suas tarefas di\u00e1rias.<\/p>\n\n\n\n<figure class=\"wp-block-image size-large is-style-default\"><img loading=\"lazy\" decoding=\"async\" width=\"1000\" height=\"666\" src=\"https:\/\/jornalfatosenoticias.com.br\/wp-content\/uploads\/2021\/07\/triciclo-BMW.jpg\" alt=\"\" class=\"wp-image-21190\" srcset=\"https:\/\/jornalfatosenoticias.com.br\/wp-content\/uploads\/2021\/07\/triciclo-BMW.jpg 1000w, https:\/\/jornalfatosenoticias.com.br\/wp-content\/uploads\/2021\/07\/triciclo-BMW-300x200.jpg 300w, https:\/\/jornalfatosenoticias.com.br\/wp-content\/uploads\/2021\/07\/triciclo-BMW-768x511.jpg 768w\" sizes=\"auto, (max-width: 1000px) 100vw, 1000px\" \/><figcaption><em><span class=\"has-inline-color has-black-color\">(Foto: BMW\/Divulga\u00e7\u00e3o)<\/span><\/em><\/figcaption><\/figure>\n\n\n\n<p>O design junto \u00e0s duas rodas traseiras foi desenvolvido para ajudar a aumentar a estabilidade e evitar que a parte de tr\u00e1s do triciclo se incline, assim evitando que as cargas caiam da \u00e1rea proposta. J\u00e1 o molde da se\u00e7\u00e3o dianteira, por\u00e9m, conta com uma roda suavemente inclin\u00e1vel, dando ao conceito uma sensa\u00e7\u00e3o mais semelhante ao de uma bicicleta.<br>Para ajudar com o transporte de itens mais pesados, o DYNAMIC CARGO tamb\u00e9m possui um motor el\u00e9trico que funciona assim que o piloto come\u00e7a a pedalar, alimentando as rodas traseiras e tornando as viagens (especialmente aquelas com cargas pesadas) mais f\u00e1ceis.<br>A BMW tamb\u00e9m afirmou que o triciclo conta com um tipo de prote\u00e7\u00e3o contra <a href=\"https:\/\/olhardigital.com.br\/2021\/06\/29\/ciencia-e-espaco\/mudancas-climaticas-tornam-eventos-extremos-mais-comuns-aponta-estudo\/\" target=\"_blank\" rel=\"noreferrer noopener\">condi\u00e7\u00f5es clim\u00e1ticas intensas<\/a>\u00a0(temporais, nevascas, vendavais e etc) para ajudar a manter as cargas secas. A marca argumenta que, combinado com o design est\u00e1vel traseiro,\u00a0<a href=\"https:\/\/olhardigital.com.br\/editorias\/carros-e-tecnologia\/\" target=\"_blank\" rel=\"noreferrer noopener\">a tecnologia<\/a> torna o ve\u00edculo perfeito para o transporte durante todo o ano, independentemente do clima.<\/p>\n\n\n\n<figure class=\"wp-block-image size-large is-style-default\"><img loading=\"lazy\" decoding=\"async\" width=\"1000\" height=\"750\" src=\"https:\/\/jornalfatosenoticias.com.br\/wp-content\/uploads\/2021\/07\/triciclo-BMW_3.jpg\" alt=\"\" class=\"wp-image-21191\" srcset=\"https:\/\/jornalfatosenoticias.com.br\/wp-content\/uploads\/2021\/07\/triciclo-BMW_3.jpg 1000w, https:\/\/jornalfatosenoticias.com.br\/wp-content\/uploads\/2021\/07\/triciclo-BMW_3-300x225.jpg 300w, https:\/\/jornalfatosenoticias.com.br\/wp-content\/uploads\/2021\/07\/triciclo-BMW_3-768x576.jpg 768w\" sizes=\"auto, (max-width: 1000px) 100vw, 1000px\" \/><figcaption><em><span class=\"has-inline-color has-black-color\">Triciclo el\u00e9trico da BMW, o DYNAMIC CARGO (Foto: BMW\/Divulga\u00e7\u00e3o)<\/span><\/em><\/figcaption><\/figure>\n\n\n\n<p>J\u00e1 a CLEVER COMMUTE \u00e9 uma patinete-scooter que tamb\u00e9m possui um trem de for\u00e7a el\u00e9trico. Assim como o triciclo, o modelo em quest\u00e3o possui uma bateria remov\u00edvel para facilitar o carregamento.<br>E tal qual outros patinetes, o conceito da BMW tamb\u00e9m \u00e9 desmont\u00e1vel \u2014 at\u00e9 com uma almofada que pode encolher. Segundo a marca, o modelo vai \u201ccaber no porta-malas de um Series 3 e diagonalmente na parte de tr\u00e1s de um MINI sem abaixar os assentos\u201d. Os propriet\u00e1rios tamb\u00e9m podem transportar o ve\u00edculo facilmente em escadas rolantes, caso parte do trajeto incluir uma viagem de metr\u00f4.<\/p>\n\n\n\n<figure class=\"wp-block-image size-large is-style-default\"><img loading=\"lazy\" decoding=\"async\" width=\"1000\" height=\"666\" src=\"https:\/\/jornalfatosenoticias.com.br\/wp-content\/uploads\/2021\/07\/patinete-eletrica-BMW.jpg\" alt=\"\" class=\"wp-image-21192\" srcset=\"https:\/\/jornalfatosenoticias.com.br\/wp-content\/uploads\/2021\/07\/patinete-eletrica-BMW.jpg 1000w, https:\/\/jornalfatosenoticias.com.br\/wp-content\/uploads\/2021\/07\/patinete-eletrica-BMW-300x200.jpg 300w, https:\/\/jornalfatosenoticias.com.br\/wp-content\/uploads\/2021\/07\/patinete-eletrica-BMW-768x511.jpg 768w\" sizes=\"auto, (max-width: 1000px) 100vw, 1000px\" \/><figcaption><em><span class=\"has-inline-color has-black-color\">Patinete el\u00e9trica \u00e9 desmont\u00e1vel e pr\u00e1tica de levar para qualquer lugar (Foto: BMW\/Divulga\u00e7\u00e3o)<\/span><\/em><\/figcaption><\/figure>\n\n\n\n<p>Gostou do triciclo e da patinete el\u00e9trica? Bem, saiba que ambos os modelos t\u00eam autonomia de 20 km e\u2026 n\u00e3o ser\u00e3o produzidos! Junto ao an\u00fancio de apresenta\u00e7\u00e3o, a BMW afirmou que n\u00e3o tem planos de fabricar nenhum dos conceitos, embora esteja em conversas com potenciais fabricantes para licenciar ambos.<\/p>\n\n\n\n<p><strong><em>Fonte: <a href=\"https:\/\/olhardigital.com.br\/2021\/07\/27\/carros-e-tecnologia\/bmw-apresenta-patinete-e-triciclo-eletrico-como-solucoes-para-o-transporte-urbano\/\">Olhar Digital<\/a><\/em><\/strong><\/p>\n","protected":false},"excerpt":{"rendered":"<p>A BMW\u00a0est\u00e1 tentando pensar em\u00a0maneiras de melhorar a movimenta\u00e7\u00e3o pela cidade\u00a0e apresentou\u00a0dois novos conceitos de el\u00e9tricos. Ao contr\u00e1rio dos produtos usuais da marca alem\u00e3, no entanto, ambos os ve\u00edculos tamb\u00e9m s\u00e3o\u00a0movidos a energia humana\u00a0\u2013 afinal, na onda de tantos\u00a0EVs\u00a0sendo lan\u00e7ados, faltava um\u00a0patinete\u00a0e\u00a0triciclo, n\u00e3o \u00e9?O DYNAMIC CARGO\u00a0e o\u00a0CLEVER COMMUTE s\u00e3o um \u201ce-triciclo e uma e-scooter\u201d, respectivamente, [&hellip;]<\/p>\n","protected":false},"author":2,"featured_media":21193,"comment_status":"open","ping_status":"open","sticky":false,"template":"","format":"standard","meta":{"footnotes":""},"categories":[3],"tags":[5781,3750,2705],"class_list":["post-21189","post","type-post","status-publish","format-standard","has-post-thumbnail","hentry","category-tecnologia","tag-bmw","tag-triciclo","tag-veiculos-eletricos"],"yoast_head":"<!-- This site is optimized with the Yoast SEO plugin v26.5 - https:\/\/yoast.com\/wordpress\/plugins\/seo\/ -->\n<title>BMW apresenta patinete e triciclo el\u00e9trico como \u201csolu\u00e7\u00f5es para o transporte urbano\u201d - Jornal Fatos e Not\u00edcias<\/title>\n<meta name=\"robots\" content=\"index, follow, max-snippet:-1, max-image-preview:large, max-video-preview:-1\" \/>\n<link rel=\"canonical\" href=\"https:\/\/jornalfatosenoticias.com.br\/index.php\/2021\/07\/28\/bmw-apresenta-patinete-e-triciclo-eletrico-como-solucoes-para-o-transporte-urbano\/\" \/>\n<meta property=\"og:locale\" content=\"pt_BR\" \/>\n<meta property=\"og:type\" content=\"article\" \/>\n<meta property=\"og:title\" content=\"BMW apresenta patinete e triciclo el\u00e9trico como \u201csolu\u00e7\u00f5es para o transporte urbano\u201d - Jornal Fatos e Not\u00edcias\" \/>\n<meta property=\"og:description\" content=\"A BMW\u00a0est\u00e1 tentando pensar em\u00a0maneiras de melhorar a movimenta\u00e7\u00e3o pela cidade\u00a0e apresentou\u00a0dois novos conceitos de el\u00e9tricos. Ao contr\u00e1rio dos produtos usuais da marca alem\u00e3, no entanto, ambos os ve\u00edculos tamb\u00e9m s\u00e3o\u00a0movidos a energia humana\u00a0\u2013 afinal, na onda de tantos\u00a0EVs\u00a0sendo lan\u00e7ados, faltava um\u00a0patinete\u00a0e\u00a0triciclo, n\u00e3o \u00e9?O DYNAMIC CARGO\u00a0e o\u00a0CLEVER COMMUTE s\u00e3o um \u201ce-triciclo e uma e-scooter\u201d, respectivamente, [&hellip;]\" \/>\n<meta property=\"og:url\" content=\"https:\/\/jornalfatosenoticias.com.br\/index.php\/2021\/07\/28\/bmw-apresenta-patinete-e-triciclo-eletrico-como-solucoes-para-o-transporte-urbano\/\" \/>\n<meta property=\"og:site_name\" content=\"Jornal Fatos e Not\u00edcias\" \/>\n<meta property=\"article:published_time\" content=\"2021-07-28T17:33:02+00:00\" \/>\n<meta property=\"article:modified_time\" content=\"2021-07-28T17:33:05+00:00\" \/>\n<meta property=\"og:image\" content=\"https:\/\/jornalfatosenoticias.com.br\/wp-content\/uploads\/2021\/07\/triciclo-BMW_capa.jpg\" \/>\n\t<meta property=\"og:image:width\" content=\"1000\" \/>\n\t<meta property=\"og:image:height\" content=\"234\" \/>\n\t<meta property=\"og:image:type\" content=\"image\/jpeg\" \/>\n<meta name=\"author\" content=\"Luzimara Fernandes\" \/>\n<meta name=\"twitter:card\" content=\"summary_large_image\" \/>\n<meta name=\"twitter:label1\" content=\"Escrito por\" \/>\n\t<meta name=\"twitter:data1\" content=\"Luzimara Fernandes\" \/>\n\t<meta name=\"twitter:label2\" content=\"Est. tempo de leitura\" \/>\n\t<meta name=\"twitter:data2\" content=\"3 minutos\" \/>\n<script type=\"application\/ld+json\" class=\"yoast-schema-graph\">{\"@context\":\"https:\/\/schema.org\",\"@graph\":[{\"@type\":\"Article\",\"@id\":\"https:\/\/jornalfatosenoticias.com.br\/index.php\/2021\/07\/28\/bmw-apresenta-patinete-e-triciclo-eletrico-como-solucoes-para-o-transporte-urbano\/#article\",\"isPartOf\":{\"@id\":\"https:\/\/jornalfatosenoticias.com.br\/index.php\/2021\/07\/28\/bmw-apresenta-patinete-e-triciclo-eletrico-como-solucoes-para-o-transporte-urbano\/\"},\"author\":{\"name\":\"Luzimara Fernandes\",\"@id\":\"https:\/\/jornalfatosenoticias.com.br\/#\/schema\/person\/d63837fa13ac8666eb9e74e0985d6f81\"},\"headline\":\"BMW apresenta patinete e triciclo el\u00e9trico como \u201csolu\u00e7\u00f5es para o transporte urbano\u201d\",\"datePublished\":\"2021-07-28T17:33:02+00:00\",\"dateModified\":\"2021-07-28T17:33:05+00:00\",\"mainEntityOfPage\":{\"@id\":\"https:\/\/jornalfatosenoticias.com.br\/index.php\/2021\/07\/28\/bmw-apresenta-patinete-e-triciclo-eletrico-como-solucoes-para-o-transporte-urbano\/\"},\"wordCount\":555,\"commentCount\":0,\"publisher\":{\"@id\":\"https:\/\/jornalfatosenoticias.com.br\/#organization\"},\"image\":{\"@id\":\"https:\/\/jornalfatosenoticias.com.br\/index.php\/2021\/07\/28\/bmw-apresenta-patinete-e-triciclo-eletrico-como-solucoes-para-o-transporte-urbano\/#primaryimage\"},\"thumbnailUrl\":\"https:\/\/jornalfatosenoticias.com.br\/wp-content\/uploads\/2021\/07\/triciclo-BMW_capa.jpg\",\"keywords\":[\"BMW\",\"Triciclo\",\"ve\u00edculos el\u00e9tricos\"],\"articleSection\":[\"Tecnologia &amp; Inova\u00e7\u00e3o\"],\"inLanguage\":\"pt-BR\",\"potentialAction\":[{\"@type\":\"CommentAction\",\"name\":\"Comment\",\"target\":[\"https:\/\/jornalfatosenoticias.com.br\/index.php\/2021\/07\/28\/bmw-apresenta-patinete-e-triciclo-eletrico-como-solucoes-para-o-transporte-urbano\/#respond\"]}]},{\"@type\":\"WebPage\",\"@id\":\"https:\/\/jornalfatosenoticias.com.br\/index.php\/2021\/07\/28\/bmw-apresenta-patinete-e-triciclo-eletrico-como-solucoes-para-o-transporte-urbano\/\",\"url\":\"https:\/\/jornalfatosenoticias.com.br\/index.php\/2021\/07\/28\/bmw-apresenta-patinete-e-triciclo-eletrico-como-solucoes-para-o-transporte-urbano\/\",\"name\":\"BMW apresenta patinete e triciclo el\u00e9trico como \u201csolu\u00e7\u00f5es para o transporte urbano\u201d - Jornal Fatos e Not\u00edcias\",\"isPartOf\":{\"@id\":\"https:\/\/jornalfatosenoticias.com.br\/#website\"},\"primaryImageOfPage\":{\"@id\":\"https:\/\/jornalfatosenoticias.com.br\/index.php\/2021\/07\/28\/bmw-apresenta-patinete-e-triciclo-eletrico-como-solucoes-para-o-transporte-urbano\/#primaryimage\"},\"image\":{\"@id\":\"https:\/\/jornalfatosenoticias.com.br\/index.php\/2021\/07\/28\/bmw-apresenta-patinete-e-triciclo-eletrico-como-solucoes-para-o-transporte-urbano\/#primaryimage\"},\"thumbnailUrl\":\"https:\/\/jornalfatosenoticias.com.br\/wp-content\/uploads\/2021\/07\/triciclo-BMW_capa.jpg\",\"datePublished\":\"2021-07-28T17:33:02+00:00\",\"dateModified\":\"2021-07-28T17:33:05+00:00\",\"breadcrumb\":{\"@id\":\"https:\/\/jornalfatosenoticias.com.br\/index.php\/2021\/07\/28\/bmw-apresenta-patinete-e-triciclo-eletrico-como-solucoes-para-o-transporte-urbano\/#breadcrumb\"},\"inLanguage\":\"pt-BR\",\"potentialAction\":[{\"@type\":\"ReadAction\",\"target\":[\"https:\/\/jornalfatosenoticias.com.br\/index.php\/2021\/07\/28\/bmw-apresenta-patinete-e-triciclo-eletrico-como-solucoes-para-o-transporte-urbano\/\"]}]},{\"@type\":\"ImageObject\",\"inLanguage\":\"pt-BR\",\"@id\":\"https:\/\/jornalfatosenoticias.com.br\/index.php\/2021\/07\/28\/bmw-apresenta-patinete-e-triciclo-eletrico-como-solucoes-para-o-transporte-urbano\/#primaryimage\",\"url\":\"https:\/\/jornalfatosenoticias.com.br\/wp-content\/uploads\/2021\/07\/triciclo-BMW_capa.jpg\",\"contentUrl\":\"https:\/\/jornalfatosenoticias.com.br\/wp-content\/uploads\/2021\/07\/triciclo-BMW_capa.jpg\",\"width\":1000,\"height\":234},{\"@type\":\"BreadcrumbList\",\"@id\":\"https:\/\/jornalfatosenoticias.com.br\/index.php\/2021\/07\/28\/bmw-apresenta-patinete-e-triciclo-eletrico-como-solucoes-para-o-transporte-urbano\/#breadcrumb\",\"itemListElement\":[{\"@type\":\"ListItem\",\"position\":1,\"name\":\"In\u00edcio\",\"item\":\"https:\/\/jornalfatosenoticias.com.br\/\"},{\"@type\":\"ListItem\",\"position\":2,\"name\":\"BMW apresenta patinete e triciclo el\u00e9trico como \u201csolu\u00e7\u00f5es para o transporte urbano\u201d\"}]},{\"@type\":\"WebSite\",\"@id\":\"https:\/\/jornalfatosenoticias.com.br\/#website\",\"url\":\"https:\/\/jornalfatosenoticias.com.br\/\",\"name\":\"Jornal Fatos e Not\u00edcias\",\"description\":\"Not\u00edcias em geral\",\"publisher\":{\"@id\":\"https:\/\/jornalfatosenoticias.com.br\/#organization\"},\"potentialAction\":[{\"@type\":\"SearchAction\",\"target\":{\"@type\":\"EntryPoint\",\"urlTemplate\":\"https:\/\/jornalfatosenoticias.com.br\/?s={search_term_string}\"},\"query-input\":{\"@type\":\"PropertyValueSpecification\",\"valueRequired\":true,\"valueName\":\"search_term_string\"}}],\"inLanguage\":\"pt-BR\"},{\"@type\":\"Organization\",\"@id\":\"https:\/\/jornalfatosenoticias.com.br\/#organization\",\"name\":\"Jornal Fatos e Not\u00edcias\",\"url\":\"https:\/\/jornalfatosenoticias.com.br\/\",\"logo\":{\"@type\":\"ImageObject\",\"inLanguage\":\"pt-BR\",\"@id\":\"https:\/\/jornalfatosenoticias.com.br\/#\/schema\/logo\/image\/\",\"url\":\"https:\/\/jornalfatosenoticias.com.br\/wp-content\/uploads\/2020\/02\/logo120.png\",\"contentUrl\":\"https:\/\/jornalfatosenoticias.com.br\/wp-content\/uploads\/2020\/02\/logo120.png\",\"width\":1227,\"height\":120,\"caption\":\"Jornal Fatos e Not\u00edcias\"},\"image\":{\"@id\":\"https:\/\/jornalfatosenoticias.com.br\/#\/schema\/logo\/image\/\"}},{\"@type\":\"Person\",\"@id\":\"https:\/\/jornalfatosenoticias.com.br\/#\/schema\/person\/d63837fa13ac8666eb9e74e0985d6f81\",\"name\":\"Luzimara Fernandes\",\"image\":{\"@type\":\"ImageObject\",\"inLanguage\":\"pt-BR\",\"@id\":\"https:\/\/jornalfatosenoticias.com.br\/#\/schema\/person\/image\/\",\"url\":\"https:\/\/jornalfatosenoticias.com.br\/wp-content\/uploads\/2025\/05\/EU_portal.jpg\",\"contentUrl\":\"https:\/\/jornalfatosenoticias.com.br\/wp-content\/uploads\/2025\/05\/EU_portal.jpg\",\"caption\":\"Luzimara Fernandes\"},\"description\":\"Jornalista MTB 2358-ES\",\"sameAs\":[\"https:\/\/jornalfatosenoticias.com.br\"],\"url\":\"https:\/\/jornalfatosenoticias.com.br\/index.php\/author\/luzimara\/\"}]}<\/script>\n<!-- \/ Yoast SEO plugin. -->","yoast_head_json":{"title":"BMW apresenta patinete e triciclo el\u00e9trico como \u201csolu\u00e7\u00f5es para o transporte urbano\u201d - Jornal Fatos e Not\u00edcias","robots":{"index":"index","follow":"follow","max-snippet":"max-snippet:-1","max-image-preview":"max-image-preview:large","max-video-preview":"max-video-preview:-1"},"canonical":"https:\/\/jornalfatosenoticias.com.br\/index.php\/2021\/07\/28\/bmw-apresenta-patinete-e-triciclo-eletrico-como-solucoes-para-o-transporte-urbano\/","og_locale":"pt_BR","og_type":"article","og_title":"BMW apresenta patinete e triciclo el\u00e9trico como \u201csolu\u00e7\u00f5es para o transporte urbano\u201d - Jornal Fatos e Not\u00edcias","og_description":"A BMW\u00a0est\u00e1 tentando pensar em\u00a0maneiras de melhorar a movimenta\u00e7\u00e3o pela cidade\u00a0e apresentou\u00a0dois novos conceitos de el\u00e9tricos. Ao contr\u00e1rio dos produtos usuais da marca alem\u00e3, no entanto, ambos os ve\u00edculos tamb\u00e9m s\u00e3o\u00a0movidos a energia humana\u00a0\u2013 afinal, na onda de tantos\u00a0EVs\u00a0sendo lan\u00e7ados, faltava um\u00a0patinete\u00a0e\u00a0triciclo, n\u00e3o \u00e9?O DYNAMIC CARGO\u00a0e o\u00a0CLEVER COMMUTE s\u00e3o um \u201ce-triciclo e uma e-scooter\u201d, respectivamente, [&hellip;]","og_url":"https:\/\/jornalfatosenoticias.com.br\/index.php\/2021\/07\/28\/bmw-apresenta-patinete-e-triciclo-eletrico-como-solucoes-para-o-transporte-urbano\/","og_site_name":"Jornal Fatos e Not\u00edcias","article_published_time":"2021-07-28T17:33:02+00:00","article_modified_time":"2021-07-28T17:33:05+00:00","og_image":[{"width":1000,"height":234,"url":"https:\/\/jornalfatosenoticias.com.br\/wp-content\/uploads\/2021\/07\/triciclo-BMW_capa.jpg","type":"image\/jpeg"}],"author":"Luzimara Fernandes","twitter_card":"summary_large_image","twitter_misc":{"Escrito por":"Luzimara Fernandes","Est. tempo de leitura":"3 minutos"},"schema":{"@context":"https:\/\/schema.org","@graph":[{"@type":"Article","@id":"https:\/\/jornalfatosenoticias.com.br\/index.php\/2021\/07\/28\/bmw-apresenta-patinete-e-triciclo-eletrico-como-solucoes-para-o-transporte-urbano\/#article","isPartOf":{"@id":"https:\/\/jornalfatosenoticias.com.br\/index.php\/2021\/07\/28\/bmw-apresenta-patinete-e-triciclo-eletrico-como-solucoes-para-o-transporte-urbano\/"},"author":{"name":"Luzimara Fernandes","@id":"https:\/\/jornalfatosenoticias.com.br\/#\/schema\/person\/d63837fa13ac8666eb9e74e0985d6f81"},"headline":"BMW apresenta patinete e triciclo el\u00e9trico como \u201csolu\u00e7\u00f5es para o transporte urbano\u201d","datePublished":"2021-07-28T17:33:02+00:00","dateModified":"2021-07-28T17:33:05+00:00","mainEntityOfPage":{"@id":"https:\/\/jornalfatosenoticias.com.br\/index.php\/2021\/07\/28\/bmw-apresenta-patinete-e-triciclo-eletrico-como-solucoes-para-o-transporte-urbano\/"},"wordCount":555,"commentCount":0,"publisher":{"@id":"https:\/\/jornalfatosenoticias.com.br\/#organization"},"image":{"@id":"https:\/\/jornalfatosenoticias.com.br\/index.php\/2021\/07\/28\/bmw-apresenta-patinete-e-triciclo-eletrico-como-solucoes-para-o-transporte-urbano\/#primaryimage"},"thumbnailUrl":"https:\/\/jornalfatosenoticias.com.br\/wp-content\/uploads\/2021\/07\/triciclo-BMW_capa.jpg","keywords":["BMW","Triciclo","ve\u00edculos el\u00e9tricos"],"articleSection":["Tecnologia &amp; Inova\u00e7\u00e3o"],"inLanguage":"pt-BR","potentialAction":[{"@type":"CommentAction","name":"Comment","target":["https:\/\/jornalfatosenoticias.com.br\/index.php\/2021\/07\/28\/bmw-apresenta-patinete-e-triciclo-eletrico-como-solucoes-para-o-transporte-urbano\/#respond"]}]},{"@type":"WebPage","@id":"https:\/\/jornalfatosenoticias.com.br\/index.php\/2021\/07\/28\/bmw-apresenta-patinete-e-triciclo-eletrico-como-solucoes-para-o-transporte-urbano\/","url":"https:\/\/jornalfatosenoticias.com.br\/index.php\/2021\/07\/28\/bmw-apresenta-patinete-e-triciclo-eletrico-como-solucoes-para-o-transporte-urbano\/","name":"BMW apresenta patinete e triciclo el\u00e9trico como \u201csolu\u00e7\u00f5es para o transporte urbano\u201d - Jornal Fatos e Not\u00edcias","isPartOf":{"@id":"https:\/\/jornalfatosenoticias.com.br\/#website"},"primaryImageOfPage":{"@id":"https:\/\/jornalfatosenoticias.com.br\/index.php\/2021\/07\/28\/bmw-apresenta-patinete-e-triciclo-eletrico-como-solucoes-para-o-transporte-urbano\/#primaryimage"},"image":{"@id":"https:\/\/jornalfatosenoticias.com.br\/index.php\/2021\/07\/28\/bmw-apresenta-patinete-e-triciclo-eletrico-como-solucoes-para-o-transporte-urbano\/#primaryimage"},"thumbnailUrl":"https:\/\/jornalfatosenoticias.com.br\/wp-content\/uploads\/2021\/07\/triciclo-BMW_capa.jpg","datePublished":"2021-07-28T17:33:02+00:00","dateModified":"2021-07-28T17:33:05+00:00","breadcrumb":{"@id":"https:\/\/jornalfatosenoticias.com.br\/index.php\/2021\/07\/28\/bmw-apresenta-patinete-e-triciclo-eletrico-como-solucoes-para-o-transporte-urbano\/#breadcrumb"},"inLanguage":"pt-BR","potentialAction":[{"@type":"ReadAction","target":["https:\/\/jornalfatosenoticias.com.br\/index.php\/2021\/07\/28\/bmw-apresenta-patinete-e-triciclo-eletrico-como-solucoes-para-o-transporte-urbano\/"]}]},{"@type":"ImageObject","inLanguage":"pt-BR","@id":"https:\/\/jornalfatosenoticias.com.br\/index.php\/2021\/07\/28\/bmw-apresenta-patinete-e-triciclo-eletrico-como-solucoes-para-o-transporte-urbano\/#primaryimage","url":"https:\/\/jornalfatosenoticias.com.br\/wp-content\/uploads\/2021\/07\/triciclo-BMW_capa.jpg","contentUrl":"https:\/\/jornalfatosenoticias.com.br\/wp-content\/uploads\/2021\/07\/triciclo-BMW_capa.jpg","width":1000,"height":234},{"@type":"BreadcrumbList","@id":"https:\/\/jornalfatosenoticias.com.br\/index.php\/2021\/07\/28\/bmw-apresenta-patinete-e-triciclo-eletrico-como-solucoes-para-o-transporte-urbano\/#breadcrumb","itemListElement":[{"@type":"ListItem","position":1,"name":"In\u00edcio","item":"https:\/\/jornalfatosenoticias.com.br\/"},{"@type":"ListItem","position":2,"name":"BMW apresenta patinete e triciclo el\u00e9trico como \u201csolu\u00e7\u00f5es para o transporte urbano\u201d"}]},{"@type":"WebSite","@id":"https:\/\/jornalfatosenoticias.com.br\/#website","url":"https:\/\/jornalfatosenoticias.com.br\/","name":"Jornal Fatos e Not\u00edcias","description":"Not\u00edcias em geral","publisher":{"@id":"https:\/\/jornalfatosenoticias.com.br\/#organization"},"potentialAction":[{"@type":"SearchAction","target":{"@type":"EntryPoint","urlTemplate":"https:\/\/jornalfatosenoticias.com.br\/?s={search_term_string}"},"query-input":{"@type":"PropertyValueSpecification","valueRequired":true,"valueName":"search_term_string"}}],"inLanguage":"pt-BR"},{"@type":"Organization","@id":"https:\/\/jornalfatosenoticias.com.br\/#organization","name":"Jornal Fatos e Not\u00edcias","url":"https:\/\/jornalfatosenoticias.com.br\/","logo":{"@type":"ImageObject","inLanguage":"pt-BR","@id":"https:\/\/jornalfatosenoticias.com.br\/#\/schema\/logo\/image\/","url":"https:\/\/jornalfatosenoticias.com.br\/wp-content\/uploads\/2020\/02\/logo120.png","contentUrl":"https:\/\/jornalfatosenoticias.com.br\/wp-content\/uploads\/2020\/02\/logo120.png","width":1227,"height":120,"caption":"Jornal Fatos e Not\u00edcias"},"image":{"@id":"https:\/\/jornalfatosenoticias.com.br\/#\/schema\/logo\/image\/"}},{"@type":"Person","@id":"https:\/\/jornalfatosenoticias.com.br\/#\/schema\/person\/d63837fa13ac8666eb9e74e0985d6f81","name":"Luzimara Fernandes","image":{"@type":"ImageObject","inLanguage":"pt-BR","@id":"https:\/\/jornalfatosenoticias.com.br\/#\/schema\/person\/image\/","url":"https:\/\/jornalfatosenoticias.com.br\/wp-content\/uploads\/2025\/05\/EU_portal.jpg","contentUrl":"https:\/\/jornalfatosenoticias.com.br\/wp-content\/uploads\/2025\/05\/EU_portal.jpg","caption":"Luzimara Fernandes"},"description":"Jornalista MTB 2358-ES","sameAs":["https:\/\/jornalfatosenoticias.com.br"],"url":"https:\/\/jornalfatosenoticias.com.br\/index.php\/author\/luzimara\/"}]}},"cc_featured_image_caption":{"caption_text":"(Foto: BMW\/Divulga\u00e7\u00e3o)","source_text":"","source_url":""},"jetpack_featured_media_url":"https:\/\/jornalfatosenoticias.com.br\/wp-content\/uploads\/2021\/07\/triciclo-BMW_capa.jpg","_links":{"self":[{"href":"https:\/\/jornalfatosenoticias.com.br\/index.php\/wp-json\/wp\/v2\/posts\/21189","targetHints":{"allow":["GET"]}}],"collection":[{"href":"https:\/\/jornalfatosenoticias.com.br\/index.php\/wp-json\/wp\/v2\/posts"}],"about":[{"href":"https:\/\/jornalfatosenoticias.com.br\/index.php\/wp-json\/wp\/v2\/types\/post"}],"author":[{"embeddable":true,"href":"https:\/\/jornalfatosenoticias.com.br\/index.php\/wp-json\/wp\/v2\/users\/2"}],"replies":[{"embeddable":true,"href":"https:\/\/jornalfatosenoticias.com.br\/index.php\/wp-json\/wp\/v2\/comments?post=21189"}],"version-history":[{"count":0,"href":"https:\/\/jornalfatosenoticias.com.br\/index.php\/wp-json\/wp\/v2\/posts\/21189\/revisions"}],"wp:featuredmedia":[{"embeddable":true,"href":"https:\/\/jornalfatosenoticias.com.br\/index.php\/wp-json\/wp\/v2\/media\/21193"}],"wp:attachment":[{"href":"https:\/\/jornalfatosenoticias.com.br\/index.php\/wp-json\/wp\/v2\/media?parent=21189"}],"wp:term":[{"taxonomy":"category","embeddable":true,"href":"https:\/\/jornalfatosenoticias.com.br\/index.php\/wp-json\/wp\/v2\/categories?post=21189"},{"taxonomy":"post_tag","embeddable":true,"href":"https:\/\/jornalfatosenoticias.com.br\/index.php\/wp-json\/wp\/v2\/tags?post=21189"}],"curies":[{"name":"wp","href":"https:\/\/api.w.org\/{rel}","templated":true}]}}