{"id":21213,"date":"2021-07-28T16:00:25","date_gmt":"2021-07-28T19:00:25","guid":{"rendered":"https:\/\/jornalfatosenoticias.com.br\/?p=21213"},"modified":"2021-07-28T16:01:23","modified_gmt":"2021-07-28T19:01:23","slug":"estacao-de-trem-abandonada-vira-hotel-na-espanha","status":"publish","type":"post","link":"https:\/\/jornalfatosenoticias.com.br\/index.php\/2021\/07\/28\/estacao-de-trem-abandonada-vira-hotel-na-espanha\/","title":{"rendered":"Esta\u00e7\u00e3o de trem abandonada vira hotel na Espanha"},"content":{"rendered":"\n<p><em><span class=\"has-inline-color has-black-color\">Nova esta\u00e7\u00e3o de Canfranc est\u00e1 pronta, mas linha s\u00f3 deve operar ap\u00f3s 2022, quando o antigo pr\u00e9dio ferrovi\u00e1rio estiver recuperado e passe a servir ao turismo nos Pirineus<\/span><\/em><\/p>\n\n\n\n<p>A esta\u00e7\u00e3o de trem de Canfranc, na Espanha, se transformar\u00e1 em um hotel cinco estrelas ap\u00f3s ser abandonada por s\u00e9culos e ganhar o apelido de \u201cTitanic das montanhas\u201d. A esta\u00e7\u00e3o internacional localizada nos Pireneus espanh\u00f3is foi fechada h\u00e1 51 anos e teve muitas hist\u00f3rias de guerra, ganhando fama de ter m\u00e1 sorte.<br>O hotel ter\u00e1 104 quartos, utilizando a estrutura da esta\u00e7\u00e3o que tem 365 janelas e uma plataforma de 200 metros. O projeto est\u00e1 sendo feito pelos arquitetos Joaqu\u00edn Magraz\u00f3 e Fernando Used, em conjunto com o governo de Arag\u00e3o e a rede hoteleira Barcel\u00f3. O custo or\u00e7ado \u00e9 de \u20ac 27 milh\u00f5es (cerca de R$ 166 milh\u00f5es), segundo informa\u00e7\u00f5es do Guardian.<br>A fachada de Canfranc ser\u00e1 preservada, mas uma nova esta\u00e7\u00e3o est\u00e1 sendo constru\u00edda atr\u00e1s da existente para acesso ao hotel. O complexo incluir\u00e1 um centro de confer\u00eancias com 200 lugares, um museu ferrovi\u00e1rio, lojas e um ref\u00fagio de peregrinos, j\u00e1 que o local est\u00e1 em uma das rotas para Santiago de Compostela.<br>A expectativa \u00e9 que as obras de transforma\u00e7\u00e3o, em hotel, da esta\u00e7\u00e3o de trem abandonada sejam conclu\u00eddas no final de 2022.<\/p>\n\n\n\n<figure class=\"wp-block-image size-large is-style-default\"><img loading=\"lazy\" decoding=\"async\" width=\"1000\" height=\"267\" src=\"https:\/\/jornalfatosenoticias.com.br\/wp-content\/uploads\/2021\/07\/Canfranc-Francja-fot.-Angel-L-Shutterstock2.jpg\" alt=\"\" class=\"wp-image-21214\" srcset=\"https:\/\/jornalfatosenoticias.com.br\/wp-content\/uploads\/2021\/07\/Canfranc-Francja-fot.-Angel-L-Shutterstock2.jpg 1000w, https:\/\/jornalfatosenoticias.com.br\/wp-content\/uploads\/2021\/07\/Canfranc-Francja-fot.-Angel-L-Shutterstock2-300x80.jpg 300w, https:\/\/jornalfatosenoticias.com.br\/wp-content\/uploads\/2021\/07\/Canfranc-Francja-fot.-Angel-L-Shutterstock2-768x205.jpg 768w\" sizes=\"auto, (max-width: 1000px) 100vw, 1000px\" \/><figcaption><em><span class=\"has-inline-color has-black-color\">Esta\u00e7\u00e3o ficou abandonada por mais de 50 anos (Foto: Shutterstock)<\/span><\/em><\/figcaption><\/figure>\n\n\n\n<p>Canfranc come\u00e7ou a ser constru\u00edda em 1853 como um plano ambicioso da Espanha, <a href=\"https:\/\/www.theguardian.com\/world\/2021\/jul\/19\/canfranc-europe-unluckiest-train-station-hotel?CMP=Share_iOSApp_Other\" target=\"_blank\" rel=\"noreferrer noopener\">explicou<\/a>\u00a0Alfonso Marco \u2014 autor de El Canfranc, historia de un tren de leyenda, livro sobre a esta\u00e7\u00e3o \u2014 ao Guardian.<br>Depois que os nazistas ocuparam a Fran\u00e7a na Segunda Guerra Mundial, o regime espanhol de Franco usou Canfranc para trocar tungst\u00eanio, elemento essencial na produ\u00e7\u00e3o de tanques, por ouro nazista.<\/p>\n\n\n\n<figure class=\"wp-block-image size-large is-style-default\"><img loading=\"lazy\" decoding=\"async\" width=\"1000\" height=\"364\" src=\"https:\/\/jornalfatosenoticias.com.br\/wp-content\/uploads\/2021\/07\/Canfranc-Francja-fot.-Angel-L-Shutterstock3.jpg\" alt=\"\" class=\"wp-image-21215\" srcset=\"https:\/\/jornalfatosenoticias.com.br\/wp-content\/uploads\/2021\/07\/Canfranc-Francja-fot.-Angel-L-Shutterstock3.jpg 1000w, https:\/\/jornalfatosenoticias.com.br\/wp-content\/uploads\/2021\/07\/Canfranc-Francja-fot.-Angel-L-Shutterstock3-300x109.jpg 300w, https:\/\/jornalfatosenoticias.com.br\/wp-content\/uploads\/2021\/07\/Canfranc-Francja-fot.-Angel-L-Shutterstock3-768x280.jpg 768w\" sizes=\"auto, (max-width: 1000px) 100vw, 1000px\" \/><figcaption><em><span class=\"has-inline-color has-black-color\">Perspectivas art\u00edsticas da nova esta\u00e7\u00e3o de trem de Canfranc, na regi\u00e3o dos Pirineus (Foto: Shutterstock)<\/span><\/em><\/figcaption><\/figure>\n\n\n\n<blockquote class=\"wp-block-quote is-layout-flow wp-block-quote-is-layout-flow\"><p><span class=\"has-inline-color has-luminous-vivid-orange-color\">\u201cComo um ponto de passagem internacional, Canfranc era mais discreto e muito menos vis\u00edvel do que os outros\u201d, diz Marco.<\/span><\/p><\/blockquote>\n\n\n\n<p>A esta\u00e7\u00e3o era usada por espi\u00f5es de todos os lados da guerra, e acredita-se que v\u00e1rios judeus tamb\u00e9m escaparam da persegui\u00e7\u00e3o na Fran\u00e7a pela Canfranc.<br>O autor n\u00e3o \u00e9 f\u00e3 do apelido \u201cTitanic das montanhas\u201d que a esta\u00e7\u00e3o recebeu, mas admite que, assim como o navio, Canfranc pode ser vista como uma met\u00e1fora para a ambi\u00e7\u00e3o fracassada e que teve muito azar.<\/p>\n\n\n\n<figure class=\"wp-block-image size-large is-style-default\"><img loading=\"lazy\" decoding=\"async\" width=\"1000\" height=\"450\" src=\"https:\/\/jornalfatosenoticias.com.br\/wp-content\/uploads\/2021\/07\/estrutura-da-nova-estacao-com-os-pirineus-ao-fundo1.jpg\" alt=\"\" class=\"wp-image-21216\" srcset=\"https:\/\/jornalfatosenoticias.com.br\/wp-content\/uploads\/2021\/07\/estrutura-da-nova-estacao-com-os-pirineus-ao-fundo1.jpg 1000w, https:\/\/jornalfatosenoticias.com.br\/wp-content\/uploads\/2021\/07\/estrutura-da-nova-estacao-com-os-pirineus-ao-fundo1-300x135.jpg 300w, https:\/\/jornalfatosenoticias.com.br\/wp-content\/uploads\/2021\/07\/estrutura-da-nova-estacao-com-os-pirineus-ao-fundo1-768x346.jpg 768w\" sizes=\"auto, (max-width: 1000px) 100vw, 1000px\" \/><figcaption><em><span class=\"has-inline-color has-black-color\">Estrutura da nova esta\u00e7\u00e3o, com os Pirineus ao fundo (Foto: Reprodu\u00e7\u00e3o)<\/span><\/em><\/figcaption><\/figure>\n\n\n\n<p>Alguns epis\u00f3dios marcaram a falta de sorte do local. A esta\u00e7\u00e3o tinha acabado de ser inaugurada quando o crash financeiro de 1929 aconteceu. Dois anos depois, enfrentou um inc\u00eandio. Canfranc tamb\u00e9m sofreu com a Guerra Civil Espanhola a Segunda Guerra seguidamente.<br>Em 1970, um descarrilamento danificou uma ponte, proporcionando uma desculpa para abandonar a esta\u00e7\u00e3o. Marco diz que Canfranc se tornou \u201cum mausol\u00e9u ferrovi\u00e1rio involunt\u00e1rio de enorme valor de patrim\u00f4nio e sentimental\u2026 parte de uma hist\u00f3ria que n\u00e3o pode ser ignorada e que merece ser conhecida e valorizada\u201d.<\/p>\n\n\n\n<p><strong><em>Fonte: <a href=\"https:\/\/gooutside.com.br\/estacao-de-trem-abandonada-vira-hotel-na-espanha\/\">Go Outside<\/a><\/em><\/strong><\/p>\n","protected":false},"excerpt":{"rendered":"<p>Nova esta\u00e7\u00e3o de Canfranc est\u00e1 pronta, mas linha s\u00f3 deve operar ap\u00f3s 2022, quando o antigo pr\u00e9dio ferrovi\u00e1rio estiver recuperado e passe a servir ao turismo nos Pirineus A esta\u00e7\u00e3o de trem de Canfranc, na Espanha, se transformar\u00e1 em um hotel cinco estrelas ap\u00f3s ser abandonada por s\u00e9culos e ganhar o apelido de \u201cTitanic das [&hellip;]<\/p>\n","protected":false},"author":2,"featured_media":21217,"comment_status":"open","ping_status":"open","sticky":false,"template":"","format":"standard","meta":{"footnotes":""},"categories":[746],"tags":[10358,157,10361,10359,10360,10357],"class_list":["post-21213","post","type-post","status-publish","format-standard","has-post-thumbnail","hentry","category-turismo","tag-canfranc","tag-espanha","tag-estacao-de-trem","tag-estacao-de-trem-abandonada","tag-hotel","tag-pirineus"],"yoast_head":"<!-- This site is optimized with the Yoast SEO plugin v26.5 - https:\/\/yoast.com\/wordpress\/plugins\/seo\/ -->\n<title>Esta\u00e7\u00e3o de trem abandonada vira hotel na Espanha - Jornal Fatos e Not\u00edcias<\/title>\n<meta name=\"robots\" content=\"index, follow, max-snippet:-1, max-image-preview:large, max-video-preview:-1\" \/>\n<link rel=\"canonical\" href=\"https:\/\/jornalfatosenoticias.com.br\/index.php\/2021\/07\/28\/estacao-de-trem-abandonada-vira-hotel-na-espanha\/\" \/>\n<meta property=\"og:locale\" content=\"pt_BR\" \/>\n<meta property=\"og:type\" content=\"article\" \/>\n<meta property=\"og:title\" content=\"Esta\u00e7\u00e3o de trem abandonada vira hotel na Espanha - Jornal Fatos e Not\u00edcias\" \/>\n<meta property=\"og:description\" content=\"Nova esta\u00e7\u00e3o de Canfranc est\u00e1 pronta, mas linha s\u00f3 deve operar ap\u00f3s 2022, quando o antigo pr\u00e9dio ferrovi\u00e1rio estiver recuperado e passe a servir ao turismo nos Pirineus A esta\u00e7\u00e3o de trem de Canfranc, na Espanha, se transformar\u00e1 em um hotel cinco estrelas ap\u00f3s ser abandonada por s\u00e9culos e ganhar o apelido de \u201cTitanic das [&hellip;]\" \/>\n<meta property=\"og:url\" content=\"https:\/\/jornalfatosenoticias.com.br\/index.php\/2021\/07\/28\/estacao-de-trem-abandonada-vira-hotel-na-espanha\/\" \/>\n<meta property=\"og:site_name\" content=\"Jornal Fatos e Not\u00edcias\" \/>\n<meta property=\"article:published_time\" content=\"2021-07-28T19:00:25+00:00\" \/>\n<meta property=\"article:modified_time\" content=\"2021-07-28T19:01:23+00:00\" \/>\n<meta property=\"og:image\" content=\"https:\/\/jornalfatosenoticias.com.br\/wp-content\/uploads\/2021\/07\/Canfranc-Francja-fot.-Angel-L-Shutterstock.jpg\" \/>\n\t<meta property=\"og:image:width\" content=\"1000\" \/>\n\t<meta property=\"og:image:height\" content=\"625\" \/>\n\t<meta property=\"og:image:type\" content=\"image\/jpeg\" \/>\n<meta name=\"author\" content=\"Luzimara Fernandes\" \/>\n<meta name=\"twitter:card\" content=\"summary_large_image\" \/>\n<meta name=\"twitter:label1\" content=\"Escrito por\" \/>\n\t<meta name=\"twitter:data1\" content=\"Luzimara Fernandes\" \/>\n\t<meta name=\"twitter:label2\" content=\"Est. tempo de leitura\" \/>\n\t<meta name=\"twitter:data2\" content=\"3 minutos\" \/>\n<script type=\"application\/ld+json\" class=\"yoast-schema-graph\">{\"@context\":\"https:\/\/schema.org\",\"@graph\":[{\"@type\":\"Article\",\"@id\":\"https:\/\/jornalfatosenoticias.com.br\/index.php\/2021\/07\/28\/estacao-de-trem-abandonada-vira-hotel-na-espanha\/#article\",\"isPartOf\":{\"@id\":\"https:\/\/jornalfatosenoticias.com.br\/index.php\/2021\/07\/28\/estacao-de-trem-abandonada-vira-hotel-na-espanha\/\"},\"author\":{\"name\":\"Luzimara Fernandes\",\"@id\":\"https:\/\/jornalfatosenoticias.com.br\/#\/schema\/person\/d63837fa13ac8666eb9e74e0985d6f81\"},\"headline\":\"Esta\u00e7\u00e3o de trem abandonada vira hotel na Espanha\",\"datePublished\":\"2021-07-28T19:00:25+00:00\",\"dateModified\":\"2021-07-28T19:01:23+00:00\",\"mainEntityOfPage\":{\"@id\":\"https:\/\/jornalfatosenoticias.com.br\/index.php\/2021\/07\/28\/estacao-de-trem-abandonada-vira-hotel-na-espanha\/\"},\"wordCount\":537,\"commentCount\":0,\"publisher\":{\"@id\":\"https:\/\/jornalfatosenoticias.com.br\/#organization\"},\"image\":{\"@id\":\"https:\/\/jornalfatosenoticias.com.br\/index.php\/2021\/07\/28\/estacao-de-trem-abandonada-vira-hotel-na-espanha\/#primaryimage\"},\"thumbnailUrl\":\"https:\/\/jornalfatosenoticias.com.br\/wp-content\/uploads\/2021\/07\/Canfranc-Francja-fot.-Angel-L-Shutterstock.jpg\",\"keywords\":[\"Canfranc\",\"Espanha\",\"esta\u00e7\u00e3o de trem\",\"esta\u00e7\u00e3o de trem abandonada\",\"hotel\",\"Pirineus\"],\"articleSection\":[\"Turismo\"],\"inLanguage\":\"pt-BR\",\"potentialAction\":[{\"@type\":\"CommentAction\",\"name\":\"Comment\",\"target\":[\"https:\/\/jornalfatosenoticias.com.br\/index.php\/2021\/07\/28\/estacao-de-trem-abandonada-vira-hotel-na-espanha\/#respond\"]}]},{\"@type\":\"WebPage\",\"@id\":\"https:\/\/jornalfatosenoticias.com.br\/index.php\/2021\/07\/28\/estacao-de-trem-abandonada-vira-hotel-na-espanha\/\",\"url\":\"https:\/\/jornalfatosenoticias.com.br\/index.php\/2021\/07\/28\/estacao-de-trem-abandonada-vira-hotel-na-espanha\/\",\"name\":\"Esta\u00e7\u00e3o de trem abandonada vira hotel na Espanha - Jornal Fatos e Not\u00edcias\",\"isPartOf\":{\"@id\":\"https:\/\/jornalfatosenoticias.com.br\/#website\"},\"primaryImageOfPage\":{\"@id\":\"https:\/\/jornalfatosenoticias.com.br\/index.php\/2021\/07\/28\/estacao-de-trem-abandonada-vira-hotel-na-espanha\/#primaryimage\"},\"image\":{\"@id\":\"https:\/\/jornalfatosenoticias.com.br\/index.php\/2021\/07\/28\/estacao-de-trem-abandonada-vira-hotel-na-espanha\/#primaryimage\"},\"thumbnailUrl\":\"https:\/\/jornalfatosenoticias.com.br\/wp-content\/uploads\/2021\/07\/Canfranc-Francja-fot.-Angel-L-Shutterstock.jpg\",\"datePublished\":\"2021-07-28T19:00:25+00:00\",\"dateModified\":\"2021-07-28T19:01:23+00:00\",\"breadcrumb\":{\"@id\":\"https:\/\/jornalfatosenoticias.com.br\/index.php\/2021\/07\/28\/estacao-de-trem-abandonada-vira-hotel-na-espanha\/#breadcrumb\"},\"inLanguage\":\"pt-BR\",\"potentialAction\":[{\"@type\":\"ReadAction\",\"target\":[\"https:\/\/jornalfatosenoticias.com.br\/index.php\/2021\/07\/28\/estacao-de-trem-abandonada-vira-hotel-na-espanha\/\"]}]},{\"@type\":\"ImageObject\",\"inLanguage\":\"pt-BR\",\"@id\":\"https:\/\/jornalfatosenoticias.com.br\/index.php\/2021\/07\/28\/estacao-de-trem-abandonada-vira-hotel-na-espanha\/#primaryimage\",\"url\":\"https:\/\/jornalfatosenoticias.com.br\/wp-content\/uploads\/2021\/07\/Canfranc-Francja-fot.-Angel-L-Shutterstock.jpg\",\"contentUrl\":\"https:\/\/jornalfatosenoticias.com.br\/wp-content\/uploads\/2021\/07\/Canfranc-Francja-fot.-Angel-L-Shutterstock.jpg\",\"width\":1000,\"height\":625},{\"@type\":\"BreadcrumbList\",\"@id\":\"https:\/\/jornalfatosenoticias.com.br\/index.php\/2021\/07\/28\/estacao-de-trem-abandonada-vira-hotel-na-espanha\/#breadcrumb\",\"itemListElement\":[{\"@type\":\"ListItem\",\"position\":1,\"name\":\"In\u00edcio\",\"item\":\"https:\/\/jornalfatosenoticias.com.br\/\"},{\"@type\":\"ListItem\",\"position\":2,\"name\":\"Esta\u00e7\u00e3o de trem abandonada vira hotel na Espanha\"}]},{\"@type\":\"WebSite\",\"@id\":\"https:\/\/jornalfatosenoticias.com.br\/#website\",\"url\":\"https:\/\/jornalfatosenoticias.com.br\/\",\"name\":\"Jornal Fatos e Not\u00edcias\",\"description\":\"Not\u00edcias em geral\",\"publisher\":{\"@id\":\"https:\/\/jornalfatosenoticias.com.br\/#organization\"},\"potentialAction\":[{\"@type\":\"SearchAction\",\"target\":{\"@type\":\"EntryPoint\",\"urlTemplate\":\"https:\/\/jornalfatosenoticias.com.br\/?s={search_term_string}\"},\"query-input\":{\"@type\":\"PropertyValueSpecification\",\"valueRequired\":true,\"valueName\":\"search_term_string\"}}],\"inLanguage\":\"pt-BR\"},{\"@type\":\"Organization\",\"@id\":\"https:\/\/jornalfatosenoticias.com.br\/#organization\",\"name\":\"Jornal Fatos e Not\u00edcias\",\"url\":\"https:\/\/jornalfatosenoticias.com.br\/\",\"logo\":{\"@type\":\"ImageObject\",\"inLanguage\":\"pt-BR\",\"@id\":\"https:\/\/jornalfatosenoticias.com.br\/#\/schema\/logo\/image\/\",\"url\":\"https:\/\/jornalfatosenoticias.com.br\/wp-content\/uploads\/2020\/02\/logo120.png\",\"contentUrl\":\"https:\/\/jornalfatosenoticias.com.br\/wp-content\/uploads\/2020\/02\/logo120.png\",\"width\":1227,\"height\":120,\"caption\":\"Jornal Fatos e Not\u00edcias\"},\"image\":{\"@id\":\"https:\/\/jornalfatosenoticias.com.br\/#\/schema\/logo\/image\/\"}},{\"@type\":\"Person\",\"@id\":\"https:\/\/jornalfatosenoticias.com.br\/#\/schema\/person\/d63837fa13ac8666eb9e74e0985d6f81\",\"name\":\"Luzimara Fernandes\",\"image\":{\"@type\":\"ImageObject\",\"inLanguage\":\"pt-BR\",\"@id\":\"https:\/\/jornalfatosenoticias.com.br\/#\/schema\/person\/image\/\",\"url\":\"https:\/\/jornalfatosenoticias.com.br\/wp-content\/uploads\/2025\/05\/EU_portal.jpg\",\"contentUrl\":\"https:\/\/jornalfatosenoticias.com.br\/wp-content\/uploads\/2025\/05\/EU_portal.jpg\",\"caption\":\"Luzimara Fernandes\"},\"description\":\"Jornalista MTB 2358-ES\",\"sameAs\":[\"https:\/\/jornalfatosenoticias.com.br\"],\"url\":\"https:\/\/jornalfatosenoticias.com.br\/index.php\/author\/luzimara\/\"}]}<\/script>\n<!-- \/ Yoast SEO plugin. -->","yoast_head_json":{"title":"Esta\u00e7\u00e3o de trem abandonada vira hotel na Espanha - Jornal Fatos e Not\u00edcias","robots":{"index":"index","follow":"follow","max-snippet":"max-snippet:-1","max-image-preview":"max-image-preview:large","max-video-preview":"max-video-preview:-1"},"canonical":"https:\/\/jornalfatosenoticias.com.br\/index.php\/2021\/07\/28\/estacao-de-trem-abandonada-vira-hotel-na-espanha\/","og_locale":"pt_BR","og_type":"article","og_title":"Esta\u00e7\u00e3o de trem abandonada vira hotel na Espanha - Jornal Fatos e Not\u00edcias","og_description":"Nova esta\u00e7\u00e3o de Canfranc est\u00e1 pronta, mas linha s\u00f3 deve operar ap\u00f3s 2022, quando o antigo pr\u00e9dio ferrovi\u00e1rio estiver recuperado e passe a servir ao turismo nos Pirineus A esta\u00e7\u00e3o de trem de Canfranc, na Espanha, se transformar\u00e1 em um hotel cinco estrelas ap\u00f3s ser abandonada por s\u00e9culos e ganhar o apelido de \u201cTitanic das [&hellip;]","og_url":"https:\/\/jornalfatosenoticias.com.br\/index.php\/2021\/07\/28\/estacao-de-trem-abandonada-vira-hotel-na-espanha\/","og_site_name":"Jornal Fatos e Not\u00edcias","article_published_time":"2021-07-28T19:00:25+00:00","article_modified_time":"2021-07-28T19:01:23+00:00","og_image":[{"width":1000,"height":625,"url":"https:\/\/jornalfatosenoticias.com.br\/wp-content\/uploads\/2021\/07\/Canfranc-Francja-fot.-Angel-L-Shutterstock.jpg","type":"image\/jpeg"}],"author":"Luzimara Fernandes","twitter_card":"summary_large_image","twitter_misc":{"Escrito por":"Luzimara Fernandes","Est. tempo de leitura":"3 minutos"},"schema":{"@context":"https:\/\/schema.org","@graph":[{"@type":"Article","@id":"https:\/\/jornalfatosenoticias.com.br\/index.php\/2021\/07\/28\/estacao-de-trem-abandonada-vira-hotel-na-espanha\/#article","isPartOf":{"@id":"https:\/\/jornalfatosenoticias.com.br\/index.php\/2021\/07\/28\/estacao-de-trem-abandonada-vira-hotel-na-espanha\/"},"author":{"name":"Luzimara Fernandes","@id":"https:\/\/jornalfatosenoticias.com.br\/#\/schema\/person\/d63837fa13ac8666eb9e74e0985d6f81"},"headline":"Esta\u00e7\u00e3o de trem abandonada vira hotel na Espanha","datePublished":"2021-07-28T19:00:25+00:00","dateModified":"2021-07-28T19:01:23+00:00","mainEntityOfPage":{"@id":"https:\/\/jornalfatosenoticias.com.br\/index.php\/2021\/07\/28\/estacao-de-trem-abandonada-vira-hotel-na-espanha\/"},"wordCount":537,"commentCount":0,"publisher":{"@id":"https:\/\/jornalfatosenoticias.com.br\/#organization"},"image":{"@id":"https:\/\/jornalfatosenoticias.com.br\/index.php\/2021\/07\/28\/estacao-de-trem-abandonada-vira-hotel-na-espanha\/#primaryimage"},"thumbnailUrl":"https:\/\/jornalfatosenoticias.com.br\/wp-content\/uploads\/2021\/07\/Canfranc-Francja-fot.-Angel-L-Shutterstock.jpg","keywords":["Canfranc","Espanha","esta\u00e7\u00e3o de trem","esta\u00e7\u00e3o de trem abandonada","hotel","Pirineus"],"articleSection":["Turismo"],"inLanguage":"pt-BR","potentialAction":[{"@type":"CommentAction","name":"Comment","target":["https:\/\/jornalfatosenoticias.com.br\/index.php\/2021\/07\/28\/estacao-de-trem-abandonada-vira-hotel-na-espanha\/#respond"]}]},{"@type":"WebPage","@id":"https:\/\/jornalfatosenoticias.com.br\/index.php\/2021\/07\/28\/estacao-de-trem-abandonada-vira-hotel-na-espanha\/","url":"https:\/\/jornalfatosenoticias.com.br\/index.php\/2021\/07\/28\/estacao-de-trem-abandonada-vira-hotel-na-espanha\/","name":"Esta\u00e7\u00e3o de trem abandonada vira hotel na Espanha - Jornal Fatos e Not\u00edcias","isPartOf":{"@id":"https:\/\/jornalfatosenoticias.com.br\/#website"},"primaryImageOfPage":{"@id":"https:\/\/jornalfatosenoticias.com.br\/index.php\/2021\/07\/28\/estacao-de-trem-abandonada-vira-hotel-na-espanha\/#primaryimage"},"image":{"@id":"https:\/\/jornalfatosenoticias.com.br\/index.php\/2021\/07\/28\/estacao-de-trem-abandonada-vira-hotel-na-espanha\/#primaryimage"},"thumbnailUrl":"https:\/\/jornalfatosenoticias.com.br\/wp-content\/uploads\/2021\/07\/Canfranc-Francja-fot.-Angel-L-Shutterstock.jpg","datePublished":"2021-07-28T19:00:25+00:00","dateModified":"2021-07-28T19:01:23+00:00","breadcrumb":{"@id":"https:\/\/jornalfatosenoticias.com.br\/index.php\/2021\/07\/28\/estacao-de-trem-abandonada-vira-hotel-na-espanha\/#breadcrumb"},"inLanguage":"pt-BR","potentialAction":[{"@type":"ReadAction","target":["https:\/\/jornalfatosenoticias.com.br\/index.php\/2021\/07\/28\/estacao-de-trem-abandonada-vira-hotel-na-espanha\/"]}]},{"@type":"ImageObject","inLanguage":"pt-BR","@id":"https:\/\/jornalfatosenoticias.com.br\/index.php\/2021\/07\/28\/estacao-de-trem-abandonada-vira-hotel-na-espanha\/#primaryimage","url":"https:\/\/jornalfatosenoticias.com.br\/wp-content\/uploads\/2021\/07\/Canfranc-Francja-fot.-Angel-L-Shutterstock.jpg","contentUrl":"https:\/\/jornalfatosenoticias.com.br\/wp-content\/uploads\/2021\/07\/Canfranc-Francja-fot.-Angel-L-Shutterstock.jpg","width":1000,"height":625},{"@type":"BreadcrumbList","@id":"https:\/\/jornalfatosenoticias.com.br\/index.php\/2021\/07\/28\/estacao-de-trem-abandonada-vira-hotel-na-espanha\/#breadcrumb","itemListElement":[{"@type":"ListItem","position":1,"name":"In\u00edcio","item":"https:\/\/jornalfatosenoticias.com.br\/"},{"@type":"ListItem","position":2,"name":"Esta\u00e7\u00e3o de trem abandonada vira hotel na Espanha"}]},{"@type":"WebSite","@id":"https:\/\/jornalfatosenoticias.com.br\/#website","url":"https:\/\/jornalfatosenoticias.com.br\/","name":"Jornal Fatos e Not\u00edcias","description":"Not\u00edcias em geral","publisher":{"@id":"https:\/\/jornalfatosenoticias.com.br\/#organization"},"potentialAction":[{"@type":"SearchAction","target":{"@type":"EntryPoint","urlTemplate":"https:\/\/jornalfatosenoticias.com.br\/?s={search_term_string}"},"query-input":{"@type":"PropertyValueSpecification","valueRequired":true,"valueName":"search_term_string"}}],"inLanguage":"pt-BR"},{"@type":"Organization","@id":"https:\/\/jornalfatosenoticias.com.br\/#organization","name":"Jornal Fatos e Not\u00edcias","url":"https:\/\/jornalfatosenoticias.com.br\/","logo":{"@type":"ImageObject","inLanguage":"pt-BR","@id":"https:\/\/jornalfatosenoticias.com.br\/#\/schema\/logo\/image\/","url":"https:\/\/jornalfatosenoticias.com.br\/wp-content\/uploads\/2020\/02\/logo120.png","contentUrl":"https:\/\/jornalfatosenoticias.com.br\/wp-content\/uploads\/2020\/02\/logo120.png","width":1227,"height":120,"caption":"Jornal Fatos e Not\u00edcias"},"image":{"@id":"https:\/\/jornalfatosenoticias.com.br\/#\/schema\/logo\/image\/"}},{"@type":"Person","@id":"https:\/\/jornalfatosenoticias.com.br\/#\/schema\/person\/d63837fa13ac8666eb9e74e0985d6f81","name":"Luzimara Fernandes","image":{"@type":"ImageObject","inLanguage":"pt-BR","@id":"https:\/\/jornalfatosenoticias.com.br\/#\/schema\/person\/image\/","url":"https:\/\/jornalfatosenoticias.com.br\/wp-content\/uploads\/2025\/05\/EU_portal.jpg","contentUrl":"https:\/\/jornalfatosenoticias.com.br\/wp-content\/uploads\/2025\/05\/EU_portal.jpg","caption":"Luzimara Fernandes"},"description":"Jornalista MTB 2358-ES","sameAs":["https:\/\/jornalfatosenoticias.com.br"],"url":"https:\/\/jornalfatosenoticias.com.br\/index.php\/author\/luzimara\/"}]}},"cc_featured_image_caption":{"caption_text":"(Foto: Shutterstock)","source_text":"","source_url":""},"jetpack_featured_media_url":"https:\/\/jornalfatosenoticias.com.br\/wp-content\/uploads\/2021\/07\/Canfranc-Francja-fot.-Angel-L-Shutterstock.jpg","_links":{"self":[{"href":"https:\/\/jornalfatosenoticias.com.br\/index.php\/wp-json\/wp\/v2\/posts\/21213","targetHints":{"allow":["GET"]}}],"collection":[{"href":"https:\/\/jornalfatosenoticias.com.br\/index.php\/wp-json\/wp\/v2\/posts"}],"about":[{"href":"https:\/\/jornalfatosenoticias.com.br\/index.php\/wp-json\/wp\/v2\/types\/post"}],"author":[{"embeddable":true,"href":"https:\/\/jornalfatosenoticias.com.br\/index.php\/wp-json\/wp\/v2\/users\/2"}],"replies":[{"embeddable":true,"href":"https:\/\/jornalfatosenoticias.com.br\/index.php\/wp-json\/wp\/v2\/comments?post=21213"}],"version-history":[{"count":0,"href":"https:\/\/jornalfatosenoticias.com.br\/index.php\/wp-json\/wp\/v2\/posts\/21213\/revisions"}],"wp:featuredmedia":[{"embeddable":true,"href":"https:\/\/jornalfatosenoticias.com.br\/index.php\/wp-json\/wp\/v2\/media\/21217"}],"wp:attachment":[{"href":"https:\/\/jornalfatosenoticias.com.br\/index.php\/wp-json\/wp\/v2\/media?parent=21213"}],"wp:term":[{"taxonomy":"category","embeddable":true,"href":"https:\/\/jornalfatosenoticias.com.br\/index.php\/wp-json\/wp\/v2\/categories?post=21213"},{"taxonomy":"post_tag","embeddable":true,"href":"https:\/\/jornalfatosenoticias.com.br\/index.php\/wp-json\/wp\/v2\/tags?post=21213"}],"curies":[{"name":"wp","href":"https:\/\/api.w.org\/{rel}","templated":true}]}}