{"id":21219,"date":"2021-07-29T17:39:26","date_gmt":"2021-07-29T20:39:26","guid":{"rendered":"https:\/\/jornalfatosenoticias.com.br\/?p=21219"},"modified":"2021-07-29T17:39:31","modified_gmt":"2021-07-29T20:39:31","slug":"voce-sabe-o-que-e-a-lei-de-alienacao-parental-parte-iii","status":"publish","type":"post","link":"https:\/\/jornalfatosenoticias.com.br\/index.php\/2021\/07\/29\/voce-sabe-o-que-e-a-lei-de-alienacao-parental-parte-iii\/","title":{"rendered":"Voc\u00ea sabe o que \u00e9 a lei de aliena\u00e7\u00e3o parental? \u2014 Parte III"},"content":{"rendered":"\n<p><em><span class=\"has-inline-color has-black-color\">Na vis\u00e3o de Gardner, m\u00e3e e filha s\u00e3o vistas como as culpadas pelo abuso cometido pelo pai<\/span><\/em><\/p>\n\n\n\n<p><strong><span class=\"has-inline-color has-black-color\">\u201cSe a m\u00e3e reagiu ao abuso de uma forma hist\u00e9rica, ou usando em seguida como uma desculpa para uma campanha de difama\u00e7\u00e3o do pai, o terapeuta precisa demov\u00ea-la dessa rea\u00e7\u00e3o\u201d,<\/span><\/strong> Gardner, em seu livro <em>True and false accusations of Child sex abuse,<\/em> \u00e0s pp. 576-7. E continua afirmando que essa histeria ir\u00e1 contribuir para que a crian\u00e7a sinta o abuso como um crime hediondo, diminuindo, assim, a probabilidade de aproxima\u00e7\u00e3o com o pai que, segundo ele, \u00e9 fundamental que esse abusador n\u00e3o seja afastado da crian\u00e7a. Ele entende que uma das raz\u00f5es da filha ter se \u201cvirado\u201d para o pai, \u00e9 atribu\u00edda \u00e0 crian\u00e7a a a\u00e7\u00e3o ativa de sedu\u00e7\u00e3o do pai, porque h\u00e1 um comprometimento da rela\u00e7\u00e3o da crian\u00e7a com a m\u00e3e (pp. 579-80).<br>O que estaria sendo dito aqui, explicitamente? Gardner, quando escreve a frase acima, contempla os elementos de sua tese explicitada no termo e na pretensa s\u00edndrome de aliena\u00e7\u00e3o parental. A histeria, a desculpa, a difama\u00e7\u00e3o do pai, toda uma a\u00e7\u00e3o para demov\u00ea-la dessa rea\u00e7\u00e3o. Mas ele diz \u201cse a m\u00e3e <strong><em><span class=\"has-inline-color has-black-color\"><span style=\"text-decoration: underline;\">reagiu ao abuso\u201d<\/span>.<\/span><\/em><\/strong> Ou seja, aqui ele est\u00e1 afirmando que houve abuso sexual incestuoso, e que este abuso deve ser tratado com o acolhimento do abusador e a reprimenda da m\u00e3e. Ningu\u00e9m v\u00ea isso?<br>Ao classificar a rea\u00e7\u00e3o da m\u00e3e ao abuso como <em>histeria<\/em>, ele j\u00e1 est\u00e1 patologizando esta m\u00e3e. <em>Histeria<\/em> consta no CID-10, no CID-11. CID \u00e9 o C\u00f3digo Internacional de Doen\u00e7as, onde est\u00e1 elencado a <em>Histeria<\/em>. Al\u00e9m de hist\u00e9rica, segundo Gardner, \u00e9 uma m\u00e3e incompetente que tem uma rela\u00e7\u00e3o falha com a filha, o que faz com que a crian\u00e7a busque a sedu\u00e7\u00e3o do pai. Assim, ele atribui a culpa \u00e0 m\u00e3e e a sedu\u00e7\u00e3o \u00e0 crian\u00e7a. O Pai, pobre homem adulto, \u00e9 v\u00edtima de duas mulheres, m\u00e3e e filha, crian\u00e7a ou adolescente.<br>Curioso que Gardner se refere, quase sempre ao abuso de meninas. Como se meninos n\u00e3o fossem, igualmente, abusados por pais. Parece-me que, n\u00e3o por acaso, ele tenta obscurecer a pedofilia contra meninos para, justamente, virar os holofotes para a mulher, a adulta e a crian\u00e7a. Ambas s\u00e3o vistas por ele como as culpadas pelo abuso cometido pelo pai. N\u00e3o \u00e9 dif\u00edcil pensar que desta maneira ele pinta um quadro de v\u00edtima por cima do genu\u00edno algoz, ocultando e inocentando a pedofilia praticada pelo pai. Eram pais ped\u00f3filos que o procuraram em busca de laudos que os inocentassem de seus crimes. Foi por essa necessidade de produzir laudos que os livrassem das puni\u00e7\u00f5es penais que ele engendrou essa tese de inverter o foco na dire\u00e7\u00e3o da m\u00e3e que havia feito uma den\u00fancia de abuso ou de viol\u00eancia dom\u00e9stica.<br>O que ele n\u00e3o contava \u00e9 que essas crian\u00e7as que ele prejudicou induzindo Operadores de Justi\u00e7a e subsidiando senten\u00e7as com laudos fraudulentos, que acabavam por conduzir \u00e0 invers\u00e3o da Guarda de Crian\u00e7as e afastamento das suas m\u00e3es, crescessem. E, elas cresceram. Aos 18 anos, aquelas que tinham sobrevivido \u00e0s sequelas mais graves, voltaram \u00e0 Pol\u00edcia e \u00e0 Justi\u00e7a para denunciar Gardner como ped\u00f3filo, tamb\u00e9m. Al\u00e9m de confirmar os abusos sofridos por parte dos pais, elas denunciaram tamb\u00e9m Gardner, o inventor da aliena\u00e7\u00e3o parental. E foram muitas, e muitos. A pol\u00edcia come\u00e7ou a investigar, e chegou ao inventor da aberra\u00e7\u00e3o.<br>Quando o FBI se aproximava de Gardner, fartos ind\u00edcios colhidos, ele, desesperado com o medo de ser preso e condenado tentou o suic\u00eddio. Tomou uma overdose de hero\u00edna. Era usu\u00e1rio? Talvez nem fosse. A depend\u00eancia a qualquer subst\u00e2ncia n\u00e3o justificaria a pedofilia. \u00c9 o mesmo que querer dizer que um homem bateu na mulher porque estava b\u00eabado. Nada a ver. Ou dizer que matou a ex porque n\u00e3o se conformou com o fim do relacionamento. A viol\u00eancia antecede qualquer motivo posterior. Mas a hero\u00edna excessiva n\u00e3o teve \u00eaxito no seu prop\u00f3sito. Os m\u00e9dicos conseguiram que escapasse.<br>Foi, ent\u00e3o, que apelou para um objeto pontiagudo, desferindo v\u00e1rios golpes contra seu corpo, at\u00e9 que acertou a jugular e sangrou at\u00e9 a morte. Esse \u00e9 o guru da lei de aliena\u00e7\u00e3o parental.<\/p>\n\n\n\n<figure class=\"wp-block-image size-large is-style-default\"><img loading=\"lazy\" decoding=\"async\" width=\"1000\" height=\"666\" src=\"https:\/\/jornalfatosenoticias.com.br\/wp-content\/uploads\/2021\/07\/alienacao-parental_justica.jpg\" alt=\"\" class=\"wp-image-21220\" srcset=\"https:\/\/jornalfatosenoticias.com.br\/wp-content\/uploads\/2021\/07\/alienacao-parental_justica.jpg 1000w, https:\/\/jornalfatosenoticias.com.br\/wp-content\/uploads\/2021\/07\/alienacao-parental_justica-300x200.jpg 300w, https:\/\/jornalfatosenoticias.com.br\/wp-content\/uploads\/2021\/07\/alienacao-parental_justica-768x511.jpg 768w\" sizes=\"auto, (max-width: 1000px) 100vw, 1000px\" \/><figcaption><em><span class=\"has-inline-color has-black-color\">Aliena\u00e7\u00e3o parental e a Justi\u00e7a (Foto: Aytunc Oylum\/Lucid Dream\/Stock)<\/span><\/em><\/figcaption><\/figure>\n\n\n\n<p>At\u00e9 hoje \u00e9 citado entre n\u00f3s, nos tribunais, em laudos ditos periciais, e em algumas academias judiciais no nosso pa\u00eds. N\u00e3o \u00e9 o suic\u00eddio que importa. Essa \u00e9 uma discuss\u00e3o muito interessante, pode at\u00e9 ser visto como um direito individual. Mas, o que chama a aten\u00e7\u00e3o \u00e9 que uma quest\u00e3o sem fundamento cient\u00edfico segue como se fal\u00e1cia n\u00e3o o fosse. E, ainda, como acomodar um defensor expl\u00edcito da pedofilia? Com teses esdr\u00faxulas de \u201ctratamento\u201d de crian\u00e7as v\u00edtimas, sem nenhum fundamento, nem mesmo razoabilidade, como por exemplo, a indica\u00e7\u00e3o de vibradores para as m\u00e3es com a exposi\u00e7\u00e3o de filmes de pedofilia para a dessensibiliza\u00e7\u00e3o de crian\u00e7as abusadas, esse Sr. segue impoluto nos meios jur\u00eddicos.<br>Temos uma tend\u00eancia acentuada \u00e0 xenofilia. E uma pregui\u00e7a de ler, de saber a etiologia das teses importadas. Foi importada, \u00e9 \u00f3tima. Isso nos conduz a consumir o que n\u00e3o \u00e9 mais consumido no mundo. A lei de aliena\u00e7\u00e3o parental s\u00f3 existe no Brasil. Todos os outros pa\u00edses que a tiveram j\u00e1 a revogaram. Os Estados Unidos tiveram uma lei dessa por apenas um ano e se deu conta do engodo e dos preju\u00edzos ali contidos. Por aqui j\u00e1 se v\u00e3o 11 anos praticando perversidades com crian\u00e7as e mulheres, mantidas na invisibilidade. O discurso \u00e9 que \u00e9 uma lei que protege a crian\u00e7a. Protege como? Condenando a crian\u00e7a a crescer sem m\u00e3e? Pai saud\u00e1vel, que cumpre a fun\u00e7\u00e3o paterna faz muito bem \u00e0 crian\u00e7a. Pai bom. Um abuso sexual ou f\u00edsico denunciado \u00e9 travestido de \u201caliena\u00e7\u00e3o da m\u00e3e\u201d, e, baseado na afirma\u00e7\u00e3o de que o desenvolvimento da crian\u00e7a depende da presen\u00e7a do pai, coitado, \u201calienado\u201d pela m\u00e3e, a justi\u00e7a \u201caliena\u201d a m\u00e3e, patrocinando a <strong><span class=\"has-inline-color has-black-color\">Priva\u00e7\u00e3o Materna Judicial<\/span><\/strong>. \u201cAlienar\u201d a m\u00e3e n\u00e3o traz nenhum problema para a crian\u00e7a?<\/p>\n","protected":false},"excerpt":{"rendered":"<p>Na vis\u00e3o de Gardner, m\u00e3e e filha s\u00e3o vistas como as culpadas pelo abuso cometido pelo pai \u201cSe a m\u00e3e reagiu ao abuso de uma forma hist\u00e9rica, ou usando em seguida como uma desculpa para uma campanha de difama\u00e7\u00e3o do pai, o terapeuta precisa demov\u00ea-la dessa rea\u00e7\u00e3o\u201d, Gardner, em seu livro True and false accusations [&hellip;]<\/p>\n","protected":false},"author":8,"featured_media":21221,"comment_status":"open","ping_status":"open","sticky":false,"template":"","format":"standard","meta":{"footnotes":""},"categories":[2522],"tags":[10362,4400,547,1043,10363],"class_list":["post-21219","post","type-post","status-publish","format-standard","has-post-thumbnail","hentry","category-comportamento","tag-abuso-psicologico","tag-abuso-sexual-infantil","tag-desenvolvimento","tag-familia","tag-relacionamentos"],"yoast_head":"<!-- This site is optimized with the Yoast SEO plugin v26.5 - https:\/\/yoast.com\/wordpress\/plugins\/seo\/ -->\n<title>Voc\u00ea sabe o que \u00e9 a lei de aliena\u00e7\u00e3o parental? \u2014 Parte III - Jornal Fatos e Not\u00edcias<\/title>\n<meta name=\"robots\" content=\"index, follow, max-snippet:-1, max-image-preview:large, max-video-preview:-1\" \/>\n<link rel=\"canonical\" href=\"https:\/\/jornalfatosenoticias.com.br\/index.php\/2021\/07\/29\/voce-sabe-o-que-e-a-lei-de-alienacao-parental-parte-iii\/\" \/>\n<meta property=\"og:locale\" content=\"pt_BR\" \/>\n<meta property=\"og:type\" content=\"article\" \/>\n<meta property=\"og:title\" content=\"Voc\u00ea sabe o que \u00e9 a lei de aliena\u00e7\u00e3o parental? \u2014 Parte III - Jornal Fatos e Not\u00edcias\" \/>\n<meta property=\"og:description\" content=\"Na vis\u00e3o de Gardner, m\u00e3e e filha s\u00e3o vistas como as culpadas pelo abuso cometido pelo pai \u201cSe a m\u00e3e reagiu ao abuso de uma forma hist\u00e9rica, ou usando em seguida como uma desculpa para uma campanha de difama\u00e7\u00e3o do pai, o terapeuta precisa demov\u00ea-la dessa rea\u00e7\u00e3o\u201d, Gardner, em seu livro True and false accusations [&hellip;]\" \/>\n<meta property=\"og:url\" content=\"https:\/\/jornalfatosenoticias.com.br\/index.php\/2021\/07\/29\/voce-sabe-o-que-e-a-lei-de-alienacao-parental-parte-iii\/\" \/>\n<meta property=\"og:site_name\" content=\"Jornal Fatos e Not\u00edcias\" \/>\n<meta property=\"article:published_time\" content=\"2021-07-29T20:39:26+00:00\" \/>\n<meta property=\"article:modified_time\" content=\"2021-07-29T20:39:31+00:00\" \/>\n<meta property=\"og:image\" content=\"https:\/\/jornalfatosenoticias.com.br\/wp-content\/uploads\/2021\/07\/separacao-entre-mae-e-filho_istockphoto.jpg\" \/>\n\t<meta property=\"og:image:width\" content=\"1000\" \/>\n\t<meta property=\"og:image:height\" content=\"666\" \/>\n\t<meta property=\"og:image:type\" content=\"image\/jpeg\" \/>\n<meta name=\"author\" content=\"Ana Maria Iencarelli\" \/>\n<meta name=\"twitter:card\" content=\"summary_large_image\" \/>\n<meta name=\"twitter:label1\" content=\"Escrito por\" \/>\n\t<meta name=\"twitter:data1\" content=\"Ana Maria Iencarelli\" \/>\n\t<meta name=\"twitter:label2\" content=\"Est. tempo de leitura\" \/>\n\t<meta name=\"twitter:data2\" content=\"5 minutos\" \/>\n<script type=\"application\/ld+json\" class=\"yoast-schema-graph\">{\"@context\":\"https:\/\/schema.org\",\"@graph\":[{\"@type\":\"Article\",\"@id\":\"https:\/\/jornalfatosenoticias.com.br\/index.php\/2021\/07\/29\/voce-sabe-o-que-e-a-lei-de-alienacao-parental-parte-iii\/#article\",\"isPartOf\":{\"@id\":\"https:\/\/jornalfatosenoticias.com.br\/index.php\/2021\/07\/29\/voce-sabe-o-que-e-a-lei-de-alienacao-parental-parte-iii\/\"},\"author\":{\"name\":\"Ana Maria Iencarelli\",\"@id\":\"https:\/\/jornalfatosenoticias.com.br\/#\/schema\/person\/c33fcf5fb02d729d3fec92c6737a22d1\"},\"headline\":\"Voc\u00ea sabe o que \u00e9 a lei de aliena\u00e7\u00e3o parental? \u2014 Parte III\",\"datePublished\":\"2021-07-29T20:39:26+00:00\",\"dateModified\":\"2021-07-29T20:39:31+00:00\",\"mainEntityOfPage\":{\"@id\":\"https:\/\/jornalfatosenoticias.com.br\/index.php\/2021\/07\/29\/voce-sabe-o-que-e-a-lei-de-alienacao-parental-parte-iii\/\"},\"wordCount\":1110,\"commentCount\":0,\"publisher\":{\"@id\":\"https:\/\/jornalfatosenoticias.com.br\/#organization\"},\"image\":{\"@id\":\"https:\/\/jornalfatosenoticias.com.br\/index.php\/2021\/07\/29\/voce-sabe-o-que-e-a-lei-de-alienacao-parental-parte-iii\/#primaryimage\"},\"thumbnailUrl\":\"https:\/\/jornalfatosenoticias.com.br\/wp-content\/uploads\/2021\/07\/separacao-entre-mae-e-filho_istockphoto.jpg\",\"keywords\":[\"abuso psicol\u00f3gico\",\"abuso sexual infantil\",\"desenvolvimento\",\"fam\u00edlia\",\"relacionamentos\"],\"articleSection\":[\"Comportamento &amp; Equil\u00edbrio\"],\"inLanguage\":\"pt-BR\",\"potentialAction\":[{\"@type\":\"CommentAction\",\"name\":\"Comment\",\"target\":[\"https:\/\/jornalfatosenoticias.com.br\/index.php\/2021\/07\/29\/voce-sabe-o-que-e-a-lei-de-alienacao-parental-parte-iii\/#respond\"]}]},{\"@type\":\"WebPage\",\"@id\":\"https:\/\/jornalfatosenoticias.com.br\/index.php\/2021\/07\/29\/voce-sabe-o-que-e-a-lei-de-alienacao-parental-parte-iii\/\",\"url\":\"https:\/\/jornalfatosenoticias.com.br\/index.php\/2021\/07\/29\/voce-sabe-o-que-e-a-lei-de-alienacao-parental-parte-iii\/\",\"name\":\"Voc\u00ea sabe o que \u00e9 a lei de aliena\u00e7\u00e3o parental? \u2014 Parte III - Jornal Fatos e Not\u00edcias\",\"isPartOf\":{\"@id\":\"https:\/\/jornalfatosenoticias.com.br\/#website\"},\"primaryImageOfPage\":{\"@id\":\"https:\/\/jornalfatosenoticias.com.br\/index.php\/2021\/07\/29\/voce-sabe-o-que-e-a-lei-de-alienacao-parental-parte-iii\/#primaryimage\"},\"image\":{\"@id\":\"https:\/\/jornalfatosenoticias.com.br\/index.php\/2021\/07\/29\/voce-sabe-o-que-e-a-lei-de-alienacao-parental-parte-iii\/#primaryimage\"},\"thumbnailUrl\":\"https:\/\/jornalfatosenoticias.com.br\/wp-content\/uploads\/2021\/07\/separacao-entre-mae-e-filho_istockphoto.jpg\",\"datePublished\":\"2021-07-29T20:39:26+00:00\",\"dateModified\":\"2021-07-29T20:39:31+00:00\",\"breadcrumb\":{\"@id\":\"https:\/\/jornalfatosenoticias.com.br\/index.php\/2021\/07\/29\/voce-sabe-o-que-e-a-lei-de-alienacao-parental-parte-iii\/#breadcrumb\"},\"inLanguage\":\"pt-BR\",\"potentialAction\":[{\"@type\":\"ReadAction\",\"target\":[\"https:\/\/jornalfatosenoticias.com.br\/index.php\/2021\/07\/29\/voce-sabe-o-que-e-a-lei-de-alienacao-parental-parte-iii\/\"]}]},{\"@type\":\"ImageObject\",\"inLanguage\":\"pt-BR\",\"@id\":\"https:\/\/jornalfatosenoticias.com.br\/index.php\/2021\/07\/29\/voce-sabe-o-que-e-a-lei-de-alienacao-parental-parte-iii\/#primaryimage\",\"url\":\"https:\/\/jornalfatosenoticias.com.br\/wp-content\/uploads\/2021\/07\/separacao-entre-mae-e-filho_istockphoto.jpg\",\"contentUrl\":\"https:\/\/jornalfatosenoticias.com.br\/wp-content\/uploads\/2021\/07\/separacao-entre-mae-e-filho_istockphoto.jpg\",\"width\":1000,\"height\":666,\"caption\":\"Back to school... Cute, African descent little boy clings to his mom for reassurance on the first day of school.\"},{\"@type\":\"BreadcrumbList\",\"@id\":\"https:\/\/jornalfatosenoticias.com.br\/index.php\/2021\/07\/29\/voce-sabe-o-que-e-a-lei-de-alienacao-parental-parte-iii\/#breadcrumb\",\"itemListElement\":[{\"@type\":\"ListItem\",\"position\":1,\"name\":\"In\u00edcio\",\"item\":\"https:\/\/jornalfatosenoticias.com.br\/\"},{\"@type\":\"ListItem\",\"position\":2,\"name\":\"Voc\u00ea sabe o que \u00e9 a lei de aliena\u00e7\u00e3o parental? \u2014 Parte III\"}]},{\"@type\":\"WebSite\",\"@id\":\"https:\/\/jornalfatosenoticias.com.br\/#website\",\"url\":\"https:\/\/jornalfatosenoticias.com.br\/\",\"name\":\"Jornal Fatos e Not\u00edcias\",\"description\":\"Not\u00edcias em geral\",\"publisher\":{\"@id\":\"https:\/\/jornalfatosenoticias.com.br\/#organization\"},\"potentialAction\":[{\"@type\":\"SearchAction\",\"target\":{\"@type\":\"EntryPoint\",\"urlTemplate\":\"https:\/\/jornalfatosenoticias.com.br\/?s={search_term_string}\"},\"query-input\":{\"@type\":\"PropertyValueSpecification\",\"valueRequired\":true,\"valueName\":\"search_term_string\"}}],\"inLanguage\":\"pt-BR\"},{\"@type\":\"Organization\",\"@id\":\"https:\/\/jornalfatosenoticias.com.br\/#organization\",\"name\":\"Jornal Fatos e Not\u00edcias\",\"url\":\"https:\/\/jornalfatosenoticias.com.br\/\",\"logo\":{\"@type\":\"ImageObject\",\"inLanguage\":\"pt-BR\",\"@id\":\"https:\/\/jornalfatosenoticias.com.br\/#\/schema\/logo\/image\/\",\"url\":\"https:\/\/jornalfatosenoticias.com.br\/wp-content\/uploads\/2020\/02\/logo120.png\",\"contentUrl\":\"https:\/\/jornalfatosenoticias.com.br\/wp-content\/uploads\/2020\/02\/logo120.png\",\"width\":1227,\"height\":120,\"caption\":\"Jornal Fatos e Not\u00edcias\"},\"image\":{\"@id\":\"https:\/\/jornalfatosenoticias.com.br\/#\/schema\/logo\/image\/\"}},{\"@type\":\"Person\",\"@id\":\"https:\/\/jornalfatosenoticias.com.br\/#\/schema\/person\/c33fcf5fb02d729d3fec92c6737a22d1\",\"name\":\"Ana Maria Iencarelli\",\"image\":{\"@type\":\"ImageObject\",\"inLanguage\":\"pt-BR\",\"@id\":\"https:\/\/jornalfatosenoticias.com.br\/#\/schema\/person\/image\/\",\"url\":\"https:\/\/jornalfatosenoticias.com.br\/wp-content\/uploads\/2020\/02\/Ana-Maria-Iencarelli-1-150x150.jpg\",\"contentUrl\":\"https:\/\/jornalfatosenoticias.com.br\/wp-content\/uploads\/2020\/02\/Ana-Maria-Iencarelli-1-150x150.jpg\",\"caption\":\"Ana Maria Iencarelli\"},\"description\":\"Psicanalista Cl\u00ednica, especializada no atendimento a Crian\u00e7as e Adolescentes. Presidente da ONG Vozes de Anjos.\",\"url\":\"https:\/\/jornalfatosenoticias.com.br\/index.php\/author\/anamaria\/\"}]}<\/script>\n<!-- \/ Yoast SEO plugin. -->","yoast_head_json":{"title":"Voc\u00ea sabe o que \u00e9 a lei de aliena\u00e7\u00e3o parental? \u2014 Parte III - Jornal Fatos e Not\u00edcias","robots":{"index":"index","follow":"follow","max-snippet":"max-snippet:-1","max-image-preview":"max-image-preview:large","max-video-preview":"max-video-preview:-1"},"canonical":"https:\/\/jornalfatosenoticias.com.br\/index.php\/2021\/07\/29\/voce-sabe-o-que-e-a-lei-de-alienacao-parental-parte-iii\/","og_locale":"pt_BR","og_type":"article","og_title":"Voc\u00ea sabe o que \u00e9 a lei de aliena\u00e7\u00e3o parental? \u2014 Parte III - Jornal Fatos e Not\u00edcias","og_description":"Na vis\u00e3o de Gardner, m\u00e3e e filha s\u00e3o vistas como as culpadas pelo abuso cometido pelo pai \u201cSe a m\u00e3e reagiu ao abuso de uma forma hist\u00e9rica, ou usando em seguida como uma desculpa para uma campanha de difama\u00e7\u00e3o do pai, o terapeuta precisa demov\u00ea-la dessa rea\u00e7\u00e3o\u201d, Gardner, em seu livro True and false accusations [&hellip;]","og_url":"https:\/\/jornalfatosenoticias.com.br\/index.php\/2021\/07\/29\/voce-sabe-o-que-e-a-lei-de-alienacao-parental-parte-iii\/","og_site_name":"Jornal Fatos e Not\u00edcias","article_published_time":"2021-07-29T20:39:26+00:00","article_modified_time":"2021-07-29T20:39:31+00:00","og_image":[{"width":1000,"height":666,"url":"https:\/\/jornalfatosenoticias.com.br\/wp-content\/uploads\/2021\/07\/separacao-entre-mae-e-filho_istockphoto.jpg","type":"image\/jpeg"}],"author":"Ana Maria Iencarelli","twitter_card":"summary_large_image","twitter_misc":{"Escrito por":"Ana Maria Iencarelli","Est. tempo de leitura":"5 minutos"},"schema":{"@context":"https:\/\/schema.org","@graph":[{"@type":"Article","@id":"https:\/\/jornalfatosenoticias.com.br\/index.php\/2021\/07\/29\/voce-sabe-o-que-e-a-lei-de-alienacao-parental-parte-iii\/#article","isPartOf":{"@id":"https:\/\/jornalfatosenoticias.com.br\/index.php\/2021\/07\/29\/voce-sabe-o-que-e-a-lei-de-alienacao-parental-parte-iii\/"},"author":{"name":"Ana Maria Iencarelli","@id":"https:\/\/jornalfatosenoticias.com.br\/#\/schema\/person\/c33fcf5fb02d729d3fec92c6737a22d1"},"headline":"Voc\u00ea sabe o que \u00e9 a lei de aliena\u00e7\u00e3o parental? \u2014 Parte III","datePublished":"2021-07-29T20:39:26+00:00","dateModified":"2021-07-29T20:39:31+00:00","mainEntityOfPage":{"@id":"https:\/\/jornalfatosenoticias.com.br\/index.php\/2021\/07\/29\/voce-sabe-o-que-e-a-lei-de-alienacao-parental-parte-iii\/"},"wordCount":1110,"commentCount":0,"publisher":{"@id":"https:\/\/jornalfatosenoticias.com.br\/#organization"},"image":{"@id":"https:\/\/jornalfatosenoticias.com.br\/index.php\/2021\/07\/29\/voce-sabe-o-que-e-a-lei-de-alienacao-parental-parte-iii\/#primaryimage"},"thumbnailUrl":"https:\/\/jornalfatosenoticias.com.br\/wp-content\/uploads\/2021\/07\/separacao-entre-mae-e-filho_istockphoto.jpg","keywords":["abuso psicol\u00f3gico","abuso sexual infantil","desenvolvimento","fam\u00edlia","relacionamentos"],"articleSection":["Comportamento &amp; Equil\u00edbrio"],"inLanguage":"pt-BR","potentialAction":[{"@type":"CommentAction","name":"Comment","target":["https:\/\/jornalfatosenoticias.com.br\/index.php\/2021\/07\/29\/voce-sabe-o-que-e-a-lei-de-alienacao-parental-parte-iii\/#respond"]}]},{"@type":"WebPage","@id":"https:\/\/jornalfatosenoticias.com.br\/index.php\/2021\/07\/29\/voce-sabe-o-que-e-a-lei-de-alienacao-parental-parte-iii\/","url":"https:\/\/jornalfatosenoticias.com.br\/index.php\/2021\/07\/29\/voce-sabe-o-que-e-a-lei-de-alienacao-parental-parte-iii\/","name":"Voc\u00ea sabe o que \u00e9 a lei de aliena\u00e7\u00e3o parental? \u2014 Parte III - Jornal Fatos e Not\u00edcias","isPartOf":{"@id":"https:\/\/jornalfatosenoticias.com.br\/#website"},"primaryImageOfPage":{"@id":"https:\/\/jornalfatosenoticias.com.br\/index.php\/2021\/07\/29\/voce-sabe-o-que-e-a-lei-de-alienacao-parental-parte-iii\/#primaryimage"},"image":{"@id":"https:\/\/jornalfatosenoticias.com.br\/index.php\/2021\/07\/29\/voce-sabe-o-que-e-a-lei-de-alienacao-parental-parte-iii\/#primaryimage"},"thumbnailUrl":"https:\/\/jornalfatosenoticias.com.br\/wp-content\/uploads\/2021\/07\/separacao-entre-mae-e-filho_istockphoto.jpg","datePublished":"2021-07-29T20:39:26+00:00","dateModified":"2021-07-29T20:39:31+00:00","breadcrumb":{"@id":"https:\/\/jornalfatosenoticias.com.br\/index.php\/2021\/07\/29\/voce-sabe-o-que-e-a-lei-de-alienacao-parental-parte-iii\/#breadcrumb"},"inLanguage":"pt-BR","potentialAction":[{"@type":"ReadAction","target":["https:\/\/jornalfatosenoticias.com.br\/index.php\/2021\/07\/29\/voce-sabe-o-que-e-a-lei-de-alienacao-parental-parte-iii\/"]}]},{"@type":"ImageObject","inLanguage":"pt-BR","@id":"https:\/\/jornalfatosenoticias.com.br\/index.php\/2021\/07\/29\/voce-sabe-o-que-e-a-lei-de-alienacao-parental-parte-iii\/#primaryimage","url":"https:\/\/jornalfatosenoticias.com.br\/wp-content\/uploads\/2021\/07\/separacao-entre-mae-e-filho_istockphoto.jpg","contentUrl":"https:\/\/jornalfatosenoticias.com.br\/wp-content\/uploads\/2021\/07\/separacao-entre-mae-e-filho_istockphoto.jpg","width":1000,"height":666,"caption":"Back to school... Cute, African descent little boy clings to his mom for reassurance on the first day of school."},{"@type":"BreadcrumbList","@id":"https:\/\/jornalfatosenoticias.com.br\/index.php\/2021\/07\/29\/voce-sabe-o-que-e-a-lei-de-alienacao-parental-parte-iii\/#breadcrumb","itemListElement":[{"@type":"ListItem","position":1,"name":"In\u00edcio","item":"https:\/\/jornalfatosenoticias.com.br\/"},{"@type":"ListItem","position":2,"name":"Voc\u00ea sabe o que \u00e9 a lei de aliena\u00e7\u00e3o parental? \u2014 Parte III"}]},{"@type":"WebSite","@id":"https:\/\/jornalfatosenoticias.com.br\/#website","url":"https:\/\/jornalfatosenoticias.com.br\/","name":"Jornal Fatos e Not\u00edcias","description":"Not\u00edcias em geral","publisher":{"@id":"https:\/\/jornalfatosenoticias.com.br\/#organization"},"potentialAction":[{"@type":"SearchAction","target":{"@type":"EntryPoint","urlTemplate":"https:\/\/jornalfatosenoticias.com.br\/?s={search_term_string}"},"query-input":{"@type":"PropertyValueSpecification","valueRequired":true,"valueName":"search_term_string"}}],"inLanguage":"pt-BR"},{"@type":"Organization","@id":"https:\/\/jornalfatosenoticias.com.br\/#organization","name":"Jornal Fatos e Not\u00edcias","url":"https:\/\/jornalfatosenoticias.com.br\/","logo":{"@type":"ImageObject","inLanguage":"pt-BR","@id":"https:\/\/jornalfatosenoticias.com.br\/#\/schema\/logo\/image\/","url":"https:\/\/jornalfatosenoticias.com.br\/wp-content\/uploads\/2020\/02\/logo120.png","contentUrl":"https:\/\/jornalfatosenoticias.com.br\/wp-content\/uploads\/2020\/02\/logo120.png","width":1227,"height":120,"caption":"Jornal Fatos e Not\u00edcias"},"image":{"@id":"https:\/\/jornalfatosenoticias.com.br\/#\/schema\/logo\/image\/"}},{"@type":"Person","@id":"https:\/\/jornalfatosenoticias.com.br\/#\/schema\/person\/c33fcf5fb02d729d3fec92c6737a22d1","name":"Ana Maria Iencarelli","image":{"@type":"ImageObject","inLanguage":"pt-BR","@id":"https:\/\/jornalfatosenoticias.com.br\/#\/schema\/person\/image\/","url":"https:\/\/jornalfatosenoticias.com.br\/wp-content\/uploads\/2020\/02\/Ana-Maria-Iencarelli-1-150x150.jpg","contentUrl":"https:\/\/jornalfatosenoticias.com.br\/wp-content\/uploads\/2020\/02\/Ana-Maria-Iencarelli-1-150x150.jpg","caption":"Ana Maria Iencarelli"},"description":"Psicanalista Cl\u00ednica, especializada no atendimento a Crian\u00e7as e Adolescentes. Presidente da ONG Vozes de Anjos.","url":"https:\/\/jornalfatosenoticias.com.br\/index.php\/author\/anamaria\/"}]}},"cc_featured_image_caption":{"caption_text":"(Foto: iStockphoto) ","source_text":"","source_url":""},"jetpack_featured_media_url":"https:\/\/jornalfatosenoticias.com.br\/wp-content\/uploads\/2021\/07\/separacao-entre-mae-e-filho_istockphoto.jpg","_links":{"self":[{"href":"https:\/\/jornalfatosenoticias.com.br\/index.php\/wp-json\/wp\/v2\/posts\/21219","targetHints":{"allow":["GET"]}}],"collection":[{"href":"https:\/\/jornalfatosenoticias.com.br\/index.php\/wp-json\/wp\/v2\/posts"}],"about":[{"href":"https:\/\/jornalfatosenoticias.com.br\/index.php\/wp-json\/wp\/v2\/types\/post"}],"author":[{"embeddable":true,"href":"https:\/\/jornalfatosenoticias.com.br\/index.php\/wp-json\/wp\/v2\/users\/8"}],"replies":[{"embeddable":true,"href":"https:\/\/jornalfatosenoticias.com.br\/index.php\/wp-json\/wp\/v2\/comments?post=21219"}],"version-history":[{"count":0,"href":"https:\/\/jornalfatosenoticias.com.br\/index.php\/wp-json\/wp\/v2\/posts\/21219\/revisions"}],"wp:featuredmedia":[{"embeddable":true,"href":"https:\/\/jornalfatosenoticias.com.br\/index.php\/wp-json\/wp\/v2\/media\/21221"}],"wp:attachment":[{"href":"https:\/\/jornalfatosenoticias.com.br\/index.php\/wp-json\/wp\/v2\/media?parent=21219"}],"wp:term":[{"taxonomy":"category","embeddable":true,"href":"https:\/\/jornalfatosenoticias.com.br\/index.php\/wp-json\/wp\/v2\/categories?post=21219"},{"taxonomy":"post_tag","embeddable":true,"href":"https:\/\/jornalfatosenoticias.com.br\/index.php\/wp-json\/wp\/v2\/tags?post=21219"}],"curies":[{"name":"wp","href":"https:\/\/api.w.org\/{rel}","templated":true}]}}