{"id":21223,"date":"2021-07-29T17:42:57","date_gmt":"2021-07-29T20:42:57","guid":{"rendered":"https:\/\/jornalfatosenoticias.com.br\/?p=21223"},"modified":"2021-07-29T17:42:58","modified_gmt":"2021-07-29T20:42:58","slug":"amo-correr","status":"publish","type":"post","link":"https:\/\/jornalfatosenoticias.com.br\/index.php\/2021\/07\/29\/amo-correr\/","title":{"rendered":"\u201cAmo correr!\u201d"},"content":{"rendered":"\n<p>A entrevista da semana aconteceu com a meio-maratonista Taynan Brano de Souza Felipe. Com um portf\u00f3lio de causar inveja a muitos atletas, a mineira de Nanuque, \u00e9 uma das v\u00e1rias atletas que leva muito a s\u00e9rio o esporte. Com 32 anos, solteira, muito simp\u00e1tica e morando em Jardim da Penha, por tr\u00eas dias da semana faz do cal\u00e7ad\u00e3o de Camburi sua pista de treinamento e se diz muito apaixonada por Vit\u00f3ria, cidade que escolheu para morar depois que saiu \u2018das\u2019 Minas Gerais.<br>\u201cSou de Nanuque e meu maior incentivador \u00e9 o meu pai, Nailson Felipe, que, desde os meus 13 anos de idade me incentiva. J\u00e1 vai fazer 12 anos que estou em Vit\u00f3ria e, como j\u00e1 disse, amo essa cidade. Sou formada em administra\u00e7\u00e3o e, no momento, estou cursando o 6\u00ba per\u00edodo de Educa\u00e7\u00e3o F\u00edsica na Universidade de Vila Velha (UVV), mas atuo profissionalmente na \u00e1rea administrativa, numa empresa de assessoria jur\u00eddica\u201d.<br>Apesar do pouco tempo para treinar, Taynan se diz muito disciplinada. \u201cNos dias de treino, sempre acordo antes do despertar do rel\u00f3gio, sou muito exigente comigo mesma nos treinamentos. Mantenho uma alimenta\u00e7\u00e3o bem equilibrada, rica em verduras e legumes e n\u00e3o consumo gordura\u201d.<br>\u201cO interessante nisso tudo \u00e9 que comecei a correr para perder peso e, de repente, em outubro de 2017, surgiu a oportunidade de fazer parte da equipe de atletas da Assessoria Esportiva O2FIT, tenho Bernardo Ramos como treinador e estou na equipe at\u00e9 hoje\u2026 N\u00e3o treino por lazer, treino para realmente competir.<br>Fui para o Rio de Janeiro para correr 21km e obtive um bom resultado, ficando em 67\u00ba lugar no geral feminino e 11\u00ba na categoria\u201d.<br>\u201cNa Corrida Garoto, em 2017, eu n\u00e3o tive um bom resultado. J\u00e1 em 2018, fiz o percurso em 1h18, j\u00e1 em 2019, antes da pandemia, foi um per\u00edodo muito bom. Corri a Meia-Maratona dos 21km e fiz 1h39, foi a minha melhor meia-maratona de 21km. A meia-maratona do RJ este ano est\u00e1 prevista para acontecer entre 08 e 12 de outubro, mas, oficialmente, n\u00e3o tem nada confirmado. Estou muito animada para correr a meia-maratona de Vit\u00f3ria, que deve acontecer no dia 12 de dezembro\u201d.<\/p>\n\n\n\n<div class=\"wp-block-jetpack-slideshow aligncenter\" data-effect=\"slide\"><div class=\"wp-block-jetpack-slideshow_container swiper-container\"><ul class=\"wp-block-jetpack-slideshow_swiper-wrapper swiper-wrapper\"><li class=\"wp-block-jetpack-slideshow_slide swiper-slide\"><figure><img loading=\"lazy\" decoding=\"async\" width=\"1000\" height=\"666\" alt=\"\" class=\"wp-block-jetpack-slideshow_image wp-image-21224\" data-id=\"21224\" src=\"https:\/\/jornalfatosenoticias.com.br\/wp-content\/uploads\/2021\/07\/Taynan_1.jpg\" srcset=\"https:\/\/jornalfatosenoticias.com.br\/wp-content\/uploads\/2021\/07\/Taynan_1.jpg 1000w, https:\/\/jornalfatosenoticias.com.br\/wp-content\/uploads\/2021\/07\/Taynan_1-300x200.jpg 300w, https:\/\/jornalfatosenoticias.com.br\/wp-content\/uploads\/2021\/07\/Taynan_1-768x511.jpg 768w\" sizes=\"auto, (max-width: 1000px) 100vw, 1000px\" \/><figcaption class=\"wp-block-jetpack-slideshow_caption gallery-caption\">Taynan (Foto: Haroldo Cordeiro Filho) <\/figcaption><\/figure><\/li><li class=\"wp-block-jetpack-slideshow_slide swiper-slide\"><figure><img loading=\"lazy\" decoding=\"async\" width=\"1000\" height=\"796\" alt=\"\" class=\"wp-block-jetpack-slideshow_image wp-image-21225\" data-id=\"21225\" src=\"https:\/\/jornalfatosenoticias.com.br\/wp-content\/uploads\/2021\/07\/Taynan_2.jpg\" srcset=\"https:\/\/jornalfatosenoticias.com.br\/wp-content\/uploads\/2021\/07\/Taynan_2.jpg 1000w, https:\/\/jornalfatosenoticias.com.br\/wp-content\/uploads\/2021\/07\/Taynan_2-300x239.jpg 300w, https:\/\/jornalfatosenoticias.com.br\/wp-content\/uploads\/2021\/07\/Taynan_2-768x611.jpg 768w\" sizes=\"auto, (max-width: 1000px) 100vw, 1000px\" \/><figcaption class=\"wp-block-jetpack-slideshow_caption gallery-caption\">Taynan (Foto: Haroldo Cordeiro Filho) <\/figcaption><\/figure><\/li><\/ul><a class=\"wp-block-jetpack-slideshow_button-prev swiper-button-prev swiper-button-white\" role=\"button\"><\/a><a class=\"wp-block-jetpack-slideshow_button-next swiper-button-next swiper-button-white\" role=\"button\"><\/a><a aria-label=\"Pause Slideshow\" class=\"wp-block-jetpack-slideshow_button-pause\" role=\"button\"><\/a><div class=\"wp-block-jetpack-slideshow_pagination swiper-pagination swiper-pagination-white\"><\/div><\/div><\/div>\n\n\n\n<p>Taynan falou da dificuldade que \u00e9 conseguir patroc\u00ednio para se dedicar exclusivamente ao esporte. \u201cAssim como eu muitos atletas de alto rendimento n\u00e3o conseguem patroc\u00ednio, \u00e9 muito dif\u00edcil para se dedicar exclusivamente ao esporte. Alguns programas de governo, como o Bolsa Atleta, s\u00e3o dif\u00edceis de ser contemplados. Se vivesse do esporte, com apoios necess\u00e1rios, p\u00fablico ou privado, seria tudo mais tranquilo, ter\u00edamos mais tempo para os treinos e os resultados seriam melhores\u201d.<br>\u201cTenho, no m\u00e1ximo, uma hora e meia para treinar. Levanto \u00e0s 5h30, treino at\u00e9 \u00e0s 7h30, porque tenho que entrar na empresa que trabalho \u00e0s 9 horas e encerro o expediente \u00e0s 18 horas. Depois tenho outra luta que \u00e9 a faculdade. Inicio as aulas \u00e0s 19 horas e saio \u00e0s 22h45, por isso que o \u00fanico tempo para treino \u00e9 pela manh\u00e3. Mas n\u00e3o reclamo, mesmo porque, esse tempo de uma hora e meia \u00e9 suficiente para me manter competitiva\u201d, finaliza.<br><\/p>\n\n\n\n<p><em><span class=\"has-inline-color has-black-color\"><strong>Patrocinadores e equipe t\u00e9cnica:<\/strong> Assessoria Esportiva O2FIT, Bernardo Ramos (treinador), Jo\u00e3o Siqueira (personal) e Top Fitness (academia).<\/span><\/em><\/p>\n","protected":false},"excerpt":{"rendered":"<p>A entrevista da semana aconteceu com a meio-maratonista Taynan Brano de Souza Felipe. Com um portf\u00f3lio de causar inveja a muitos atletas, a mineira de Nanuque, \u00e9 uma das v\u00e1rias atletas que leva muito a s\u00e9rio o esporte. Com 32 anos, solteira, muito simp\u00e1tica e morando em Jardim da Penha, por tr\u00eas dias da semana [&hellip;]<\/p>\n","protected":false},"author":3,"featured_media":21226,"comment_status":"open","ping_status":"open","sticky":false,"template":"","format":"standard","meta":{"footnotes":""},"categories":[12],"tags":[2990,3611,10364,10365],"class_list":["post-21223","post","type-post","status-publish","format-standard","has-post-thumbnail","hentry","category-esportes","tag-atleta","tag-corrida","tag-meia-maratona","tag-taynan-brano"],"yoast_head":"<!-- This site is optimized with the Yoast SEO plugin v26.5 - https:\/\/yoast.com\/wordpress\/plugins\/seo\/ -->\n<title>\u201cAmo correr!\u201d - Jornal Fatos e Not\u00edcias<\/title>\n<meta name=\"robots\" content=\"index, follow, max-snippet:-1, max-image-preview:large, max-video-preview:-1\" \/>\n<link rel=\"canonical\" href=\"https:\/\/jornalfatosenoticias.com.br\/index.php\/2021\/07\/29\/amo-correr\/\" \/>\n<meta property=\"og:locale\" content=\"pt_BR\" \/>\n<meta property=\"og:type\" content=\"article\" \/>\n<meta property=\"og:title\" content=\"\u201cAmo correr!\u201d - Jornal Fatos e Not\u00edcias\" \/>\n<meta property=\"og:description\" content=\"A entrevista da semana aconteceu com a meio-maratonista Taynan Brano de Souza Felipe. Com um portf\u00f3lio de causar inveja a muitos atletas, a mineira de Nanuque, \u00e9 uma das v\u00e1rias atletas que leva muito a s\u00e9rio o esporte. Com 32 anos, solteira, muito simp\u00e1tica e morando em Jardim da Penha, por tr\u00eas dias da semana [&hellip;]\" \/>\n<meta property=\"og:url\" content=\"https:\/\/jornalfatosenoticias.com.br\/index.php\/2021\/07\/29\/amo-correr\/\" \/>\n<meta property=\"og:site_name\" content=\"Jornal Fatos e Not\u00edcias\" \/>\n<meta property=\"article:published_time\" content=\"2021-07-29T20:42:57+00:00\" \/>\n<meta property=\"article:modified_time\" content=\"2021-07-29T20:42:58+00:00\" \/>\n<meta property=\"og:image\" content=\"https:\/\/jornalfatosenoticias.com.br\/wp-content\/uploads\/2021\/07\/Taynan_3.jpg\" \/>\n\t<meta property=\"og:image:width\" content=\"1000\" \/>\n\t<meta property=\"og:image:height\" content=\"750\" \/>\n\t<meta property=\"og:image:type\" content=\"image\/jpeg\" \/>\n<meta name=\"author\" content=\"Haroldo Filho\" \/>\n<meta name=\"twitter:card\" content=\"summary_large_image\" \/>\n<meta name=\"twitter:label1\" content=\"Escrito por\" \/>\n\t<meta name=\"twitter:data1\" content=\"Haroldo Filho\" \/>\n\t<meta name=\"twitter:label2\" content=\"Est. tempo de leitura\" \/>\n\t<meta name=\"twitter:data2\" content=\"3 minutos\" \/>\n<script type=\"application\/ld+json\" class=\"yoast-schema-graph\">{\"@context\":\"https:\/\/schema.org\",\"@graph\":[{\"@type\":\"Article\",\"@id\":\"https:\/\/jornalfatosenoticias.com.br\/index.php\/2021\/07\/29\/amo-correr\/#article\",\"isPartOf\":{\"@id\":\"https:\/\/jornalfatosenoticias.com.br\/index.php\/2021\/07\/29\/amo-correr\/\"},\"author\":{\"name\":\"Haroldo Filho\",\"@id\":\"https:\/\/jornalfatosenoticias.com.br\/#\/schema\/person\/05c46cc25b42a5c27e004fb0fa6b4965\"},\"headline\":\"\u201cAmo correr!\u201d\",\"datePublished\":\"2021-07-29T20:42:57+00:00\",\"dateModified\":\"2021-07-29T20:42:58+00:00\",\"mainEntityOfPage\":{\"@id\":\"https:\/\/jornalfatosenoticias.com.br\/index.php\/2021\/07\/29\/amo-correr\/\"},\"wordCount\":553,\"commentCount\":0,\"publisher\":{\"@id\":\"https:\/\/jornalfatosenoticias.com.br\/#organization\"},\"image\":{\"@id\":\"https:\/\/jornalfatosenoticias.com.br\/index.php\/2021\/07\/29\/amo-correr\/#primaryimage\"},\"thumbnailUrl\":\"https:\/\/jornalfatosenoticias.com.br\/wp-content\/uploads\/2021\/07\/Taynan_3.jpg\",\"keywords\":[\"atleta\",\"corrida\",\"meia-maratona\",\"Taynan Brano\"],\"articleSection\":[\"Esportes\"],\"inLanguage\":\"pt-BR\",\"potentialAction\":[{\"@type\":\"CommentAction\",\"name\":\"Comment\",\"target\":[\"https:\/\/jornalfatosenoticias.com.br\/index.php\/2021\/07\/29\/amo-correr\/#respond\"]}]},{\"@type\":\"WebPage\",\"@id\":\"https:\/\/jornalfatosenoticias.com.br\/index.php\/2021\/07\/29\/amo-correr\/\",\"url\":\"https:\/\/jornalfatosenoticias.com.br\/index.php\/2021\/07\/29\/amo-correr\/\",\"name\":\"\u201cAmo correr!\u201d - Jornal Fatos e Not\u00edcias\",\"isPartOf\":{\"@id\":\"https:\/\/jornalfatosenoticias.com.br\/#website\"},\"primaryImageOfPage\":{\"@id\":\"https:\/\/jornalfatosenoticias.com.br\/index.php\/2021\/07\/29\/amo-correr\/#primaryimage\"},\"image\":{\"@id\":\"https:\/\/jornalfatosenoticias.com.br\/index.php\/2021\/07\/29\/amo-correr\/#primaryimage\"},\"thumbnailUrl\":\"https:\/\/jornalfatosenoticias.com.br\/wp-content\/uploads\/2021\/07\/Taynan_3.jpg\",\"datePublished\":\"2021-07-29T20:42:57+00:00\",\"dateModified\":\"2021-07-29T20:42:58+00:00\",\"breadcrumb\":{\"@id\":\"https:\/\/jornalfatosenoticias.com.br\/index.php\/2021\/07\/29\/amo-correr\/#breadcrumb\"},\"inLanguage\":\"pt-BR\",\"potentialAction\":[{\"@type\":\"ReadAction\",\"target\":[\"https:\/\/jornalfatosenoticias.com.br\/index.php\/2021\/07\/29\/amo-correr\/\"]}]},{\"@type\":\"ImageObject\",\"inLanguage\":\"pt-BR\",\"@id\":\"https:\/\/jornalfatosenoticias.com.br\/index.php\/2021\/07\/29\/amo-correr\/#primaryimage\",\"url\":\"https:\/\/jornalfatosenoticias.com.br\/wp-content\/uploads\/2021\/07\/Taynan_3.jpg\",\"contentUrl\":\"https:\/\/jornalfatosenoticias.com.br\/wp-content\/uploads\/2021\/07\/Taynan_3.jpg\",\"width\":1000,\"height\":750},{\"@type\":\"BreadcrumbList\",\"@id\":\"https:\/\/jornalfatosenoticias.com.br\/index.php\/2021\/07\/29\/amo-correr\/#breadcrumb\",\"itemListElement\":[{\"@type\":\"ListItem\",\"position\":1,\"name\":\"In\u00edcio\",\"item\":\"https:\/\/jornalfatosenoticias.com.br\/\"},{\"@type\":\"ListItem\",\"position\":2,\"name\":\"\u201cAmo correr!\u201d\"}]},{\"@type\":\"WebSite\",\"@id\":\"https:\/\/jornalfatosenoticias.com.br\/#website\",\"url\":\"https:\/\/jornalfatosenoticias.com.br\/\",\"name\":\"Jornal Fatos e Not\u00edcias\",\"description\":\"Not\u00edcias em geral\",\"publisher\":{\"@id\":\"https:\/\/jornalfatosenoticias.com.br\/#organization\"},\"potentialAction\":[{\"@type\":\"SearchAction\",\"target\":{\"@type\":\"EntryPoint\",\"urlTemplate\":\"https:\/\/jornalfatosenoticias.com.br\/?s={search_term_string}\"},\"query-input\":{\"@type\":\"PropertyValueSpecification\",\"valueRequired\":true,\"valueName\":\"search_term_string\"}}],\"inLanguage\":\"pt-BR\"},{\"@type\":\"Organization\",\"@id\":\"https:\/\/jornalfatosenoticias.com.br\/#organization\",\"name\":\"Jornal Fatos e Not\u00edcias\",\"url\":\"https:\/\/jornalfatosenoticias.com.br\/\",\"logo\":{\"@type\":\"ImageObject\",\"inLanguage\":\"pt-BR\",\"@id\":\"https:\/\/jornalfatosenoticias.com.br\/#\/schema\/logo\/image\/\",\"url\":\"https:\/\/jornalfatosenoticias.com.br\/wp-content\/uploads\/2020\/02\/logo120.png\",\"contentUrl\":\"https:\/\/jornalfatosenoticias.com.br\/wp-content\/uploads\/2020\/02\/logo120.png\",\"width\":1227,\"height\":120,\"caption\":\"Jornal Fatos e Not\u00edcias\"},\"image\":{\"@id\":\"https:\/\/jornalfatosenoticias.com.br\/#\/schema\/logo\/image\/\"}},{\"@type\":\"Person\",\"@id\":\"https:\/\/jornalfatosenoticias.com.br\/#\/schema\/person\/05c46cc25b42a5c27e004fb0fa6b4965\",\"name\":\"Haroldo Filho\",\"image\":{\"@type\":\"ImageObject\",\"inLanguage\":\"pt-BR\",\"@id\":\"https:\/\/jornalfatosenoticias.com.br\/#\/schema\/person\/image\/\",\"url\":\"https:\/\/jornalfatosenoticias.com.br\/wp-content\/uploads\/2025\/08\/WhatsApp-Image-2025-08-18-at-15.30.28-150x150.jpeg\",\"contentUrl\":\"https:\/\/jornalfatosenoticias.com.br\/wp-content\/uploads\/2025\/08\/WhatsApp-Image-2025-08-18-at-15.30.28-150x150.jpeg\",\"caption\":\"Haroldo Filho\"},\"description\":\"Jornalista \u2013 DRT: 0003818\/ES Coordenador-geral da ONG Educar para Crescer\",\"url\":\"https:\/\/jornalfatosenoticias.com.br\/index.php\/author\/haroldo\/\"}]}<\/script>\n<!-- \/ Yoast SEO plugin. -->","yoast_head_json":{"title":"\u201cAmo correr!\u201d - Jornal Fatos e Not\u00edcias","robots":{"index":"index","follow":"follow","max-snippet":"max-snippet:-1","max-image-preview":"max-image-preview:large","max-video-preview":"max-video-preview:-1"},"canonical":"https:\/\/jornalfatosenoticias.com.br\/index.php\/2021\/07\/29\/amo-correr\/","og_locale":"pt_BR","og_type":"article","og_title":"\u201cAmo correr!\u201d - Jornal Fatos e Not\u00edcias","og_description":"A entrevista da semana aconteceu com a meio-maratonista Taynan Brano de Souza Felipe. Com um portf\u00f3lio de causar inveja a muitos atletas, a mineira de Nanuque, \u00e9 uma das v\u00e1rias atletas que leva muito a s\u00e9rio o esporte. Com 32 anos, solteira, muito simp\u00e1tica e morando em Jardim da Penha, por tr\u00eas dias da semana [&hellip;]","og_url":"https:\/\/jornalfatosenoticias.com.br\/index.php\/2021\/07\/29\/amo-correr\/","og_site_name":"Jornal Fatos e Not\u00edcias","article_published_time":"2021-07-29T20:42:57+00:00","article_modified_time":"2021-07-29T20:42:58+00:00","og_image":[{"width":1000,"height":750,"url":"https:\/\/jornalfatosenoticias.com.br\/wp-content\/uploads\/2021\/07\/Taynan_3.jpg","type":"image\/jpeg"}],"author":"Haroldo Filho","twitter_card":"summary_large_image","twitter_misc":{"Escrito por":"Haroldo Filho","Est. tempo de leitura":"3 minutos"},"schema":{"@context":"https:\/\/schema.org","@graph":[{"@type":"Article","@id":"https:\/\/jornalfatosenoticias.com.br\/index.php\/2021\/07\/29\/amo-correr\/#article","isPartOf":{"@id":"https:\/\/jornalfatosenoticias.com.br\/index.php\/2021\/07\/29\/amo-correr\/"},"author":{"name":"Haroldo Filho","@id":"https:\/\/jornalfatosenoticias.com.br\/#\/schema\/person\/05c46cc25b42a5c27e004fb0fa6b4965"},"headline":"\u201cAmo correr!\u201d","datePublished":"2021-07-29T20:42:57+00:00","dateModified":"2021-07-29T20:42:58+00:00","mainEntityOfPage":{"@id":"https:\/\/jornalfatosenoticias.com.br\/index.php\/2021\/07\/29\/amo-correr\/"},"wordCount":553,"commentCount":0,"publisher":{"@id":"https:\/\/jornalfatosenoticias.com.br\/#organization"},"image":{"@id":"https:\/\/jornalfatosenoticias.com.br\/index.php\/2021\/07\/29\/amo-correr\/#primaryimage"},"thumbnailUrl":"https:\/\/jornalfatosenoticias.com.br\/wp-content\/uploads\/2021\/07\/Taynan_3.jpg","keywords":["atleta","corrida","meia-maratona","Taynan Brano"],"articleSection":["Esportes"],"inLanguage":"pt-BR","potentialAction":[{"@type":"CommentAction","name":"Comment","target":["https:\/\/jornalfatosenoticias.com.br\/index.php\/2021\/07\/29\/amo-correr\/#respond"]}]},{"@type":"WebPage","@id":"https:\/\/jornalfatosenoticias.com.br\/index.php\/2021\/07\/29\/amo-correr\/","url":"https:\/\/jornalfatosenoticias.com.br\/index.php\/2021\/07\/29\/amo-correr\/","name":"\u201cAmo correr!\u201d - Jornal Fatos e Not\u00edcias","isPartOf":{"@id":"https:\/\/jornalfatosenoticias.com.br\/#website"},"primaryImageOfPage":{"@id":"https:\/\/jornalfatosenoticias.com.br\/index.php\/2021\/07\/29\/amo-correr\/#primaryimage"},"image":{"@id":"https:\/\/jornalfatosenoticias.com.br\/index.php\/2021\/07\/29\/amo-correr\/#primaryimage"},"thumbnailUrl":"https:\/\/jornalfatosenoticias.com.br\/wp-content\/uploads\/2021\/07\/Taynan_3.jpg","datePublished":"2021-07-29T20:42:57+00:00","dateModified":"2021-07-29T20:42:58+00:00","breadcrumb":{"@id":"https:\/\/jornalfatosenoticias.com.br\/index.php\/2021\/07\/29\/amo-correr\/#breadcrumb"},"inLanguage":"pt-BR","potentialAction":[{"@type":"ReadAction","target":["https:\/\/jornalfatosenoticias.com.br\/index.php\/2021\/07\/29\/amo-correr\/"]}]},{"@type":"ImageObject","inLanguage":"pt-BR","@id":"https:\/\/jornalfatosenoticias.com.br\/index.php\/2021\/07\/29\/amo-correr\/#primaryimage","url":"https:\/\/jornalfatosenoticias.com.br\/wp-content\/uploads\/2021\/07\/Taynan_3.jpg","contentUrl":"https:\/\/jornalfatosenoticias.com.br\/wp-content\/uploads\/2021\/07\/Taynan_3.jpg","width":1000,"height":750},{"@type":"BreadcrumbList","@id":"https:\/\/jornalfatosenoticias.com.br\/index.php\/2021\/07\/29\/amo-correr\/#breadcrumb","itemListElement":[{"@type":"ListItem","position":1,"name":"In\u00edcio","item":"https:\/\/jornalfatosenoticias.com.br\/"},{"@type":"ListItem","position":2,"name":"\u201cAmo correr!\u201d"}]},{"@type":"WebSite","@id":"https:\/\/jornalfatosenoticias.com.br\/#website","url":"https:\/\/jornalfatosenoticias.com.br\/","name":"Jornal Fatos e Not\u00edcias","description":"Not\u00edcias em geral","publisher":{"@id":"https:\/\/jornalfatosenoticias.com.br\/#organization"},"potentialAction":[{"@type":"SearchAction","target":{"@type":"EntryPoint","urlTemplate":"https:\/\/jornalfatosenoticias.com.br\/?s={search_term_string}"},"query-input":{"@type":"PropertyValueSpecification","valueRequired":true,"valueName":"search_term_string"}}],"inLanguage":"pt-BR"},{"@type":"Organization","@id":"https:\/\/jornalfatosenoticias.com.br\/#organization","name":"Jornal Fatos e Not\u00edcias","url":"https:\/\/jornalfatosenoticias.com.br\/","logo":{"@type":"ImageObject","inLanguage":"pt-BR","@id":"https:\/\/jornalfatosenoticias.com.br\/#\/schema\/logo\/image\/","url":"https:\/\/jornalfatosenoticias.com.br\/wp-content\/uploads\/2020\/02\/logo120.png","contentUrl":"https:\/\/jornalfatosenoticias.com.br\/wp-content\/uploads\/2020\/02\/logo120.png","width":1227,"height":120,"caption":"Jornal Fatos e Not\u00edcias"},"image":{"@id":"https:\/\/jornalfatosenoticias.com.br\/#\/schema\/logo\/image\/"}},{"@type":"Person","@id":"https:\/\/jornalfatosenoticias.com.br\/#\/schema\/person\/05c46cc25b42a5c27e004fb0fa6b4965","name":"Haroldo Filho","image":{"@type":"ImageObject","inLanguage":"pt-BR","@id":"https:\/\/jornalfatosenoticias.com.br\/#\/schema\/person\/image\/","url":"https:\/\/jornalfatosenoticias.com.br\/wp-content\/uploads\/2025\/08\/WhatsApp-Image-2025-08-18-at-15.30.28-150x150.jpeg","contentUrl":"https:\/\/jornalfatosenoticias.com.br\/wp-content\/uploads\/2025\/08\/WhatsApp-Image-2025-08-18-at-15.30.28-150x150.jpeg","caption":"Haroldo Filho"},"description":"Jornalista \u2013 DRT: 0003818\/ES Coordenador-geral da ONG Educar para Crescer","url":"https:\/\/jornalfatosenoticias.com.br\/index.php\/author\/haroldo\/"}]}},"cc_featured_image_caption":{"caption_text":"(Foto: Haroldo Cordeiro Filho) ","source_text":"","source_url":""},"jetpack_featured_media_url":"https:\/\/jornalfatosenoticias.com.br\/wp-content\/uploads\/2021\/07\/Taynan_3.jpg","_links":{"self":[{"href":"https:\/\/jornalfatosenoticias.com.br\/index.php\/wp-json\/wp\/v2\/posts\/21223","targetHints":{"allow":["GET"]}}],"collection":[{"href":"https:\/\/jornalfatosenoticias.com.br\/index.php\/wp-json\/wp\/v2\/posts"}],"about":[{"href":"https:\/\/jornalfatosenoticias.com.br\/index.php\/wp-json\/wp\/v2\/types\/post"}],"author":[{"embeddable":true,"href":"https:\/\/jornalfatosenoticias.com.br\/index.php\/wp-json\/wp\/v2\/users\/3"}],"replies":[{"embeddable":true,"href":"https:\/\/jornalfatosenoticias.com.br\/index.php\/wp-json\/wp\/v2\/comments?post=21223"}],"version-history":[{"count":0,"href":"https:\/\/jornalfatosenoticias.com.br\/index.php\/wp-json\/wp\/v2\/posts\/21223\/revisions"}],"wp:featuredmedia":[{"embeddable":true,"href":"https:\/\/jornalfatosenoticias.com.br\/index.php\/wp-json\/wp\/v2\/media\/21226"}],"wp:attachment":[{"href":"https:\/\/jornalfatosenoticias.com.br\/index.php\/wp-json\/wp\/v2\/media?parent=21223"}],"wp:term":[{"taxonomy":"category","embeddable":true,"href":"https:\/\/jornalfatosenoticias.com.br\/index.php\/wp-json\/wp\/v2\/categories?post=21223"},{"taxonomy":"post_tag","embeddable":true,"href":"https:\/\/jornalfatosenoticias.com.br\/index.php\/wp-json\/wp\/v2\/tags?post=21223"}],"curies":[{"name":"wp","href":"https:\/\/api.w.org\/{rel}","templated":true}]}}