{"id":2126,"date":"2020-03-18T09:29:33","date_gmt":"2020-03-18T12:29:33","guid":{"rendered":"https:\/\/jornalfatosenoticias.com.br\/?p=2126"},"modified":"2020-03-18T09:29:48","modified_gmt":"2020-03-18T12:29:48","slug":"cidade-do-rio-de-janeiro-decreta-situacao-de-emergencia","status":"publish","type":"post","link":"https:\/\/jornalfatosenoticias.com.br\/index.php\/2020\/03\/18\/cidade-do-rio-de-janeiro-decreta-situacao-de-emergencia\/","title":{"rendered":"Cidade do Rio de Janeiro decreta situa\u00e7\u00e3o de emerg\u00eancia"},"content":{"rendered":"\n<h6 class=\"wp-block-heading\"><em>Decreto foi publicado na edi\u00e7\u00e3o de hoje do Di\u00e1rio Oficial do Munic\u00edpio<\/em><\/h6>\n\n\n\n<p>A prefeitura do Rio de Janeiro decretou hoje (18) situa\u00e7\u00e3o de emerg\u00eancia no munic\u00edpio por causa da pandemia de coronav\u00edrus (Covid-19).<br>\nO decreto foi publicado na edi\u00e7\u00e3o desta quarta-feira do Di\u00e1rio Oficial do Munic\u00edpio, um dia depois da declara\u00e7\u00e3o de situa\u00e7\u00e3o de emerg\u00eancia no estado do Rio.<br>\nCom a medida, a Secretaria Municipal de Sa\u00fade fica autorizada a, entre outras coisas, entrar em propriedades particulares para prestar socorro e fazer a evacua\u00e7\u00e3o e tamb\u00e9m usar qualquer um desses bens em caso de necessidade.<br>\nA secretaria tamb\u00e9m poder\u00e1 promover a mobiliza\u00e7\u00e3o de outros \u00f3rg\u00e3os do munic\u00edpio para atuar na redu\u00e7\u00e3o dos impactos da epidemia na cidade e convocar profissionais de sa\u00fade inativos.<br>\nO decreto tamb\u00e9m dispensa licita\u00e7\u00e3o para a compra de bens e aquisi\u00e7\u00e3o de servi\u00e7os referentes ao controle da epidemia. At\u00e9 ontem, foram confirmados 31 casos de coronav\u00edrus na cidade do Rio.<\/p>\n\n\n\n<p><strong><em>Fonte: <a href=\"https:\/\/agenciabrasil.ebc.com.br\/saude\/noticia\/2020-03\/cidade-do-rio-de-janeiro-decreta-situacao-de-emergencia\">Ag\u00eancia Brasil<\/a><\/em><\/strong><\/p>\n","protected":false},"excerpt":{"rendered":"<p>Decreto foi publicado na edi\u00e7\u00e3o de hoje do Di\u00e1rio Oficial do Munic\u00edpio A prefeitura do Rio de Janeiro decretou hoje (18) situa\u00e7\u00e3o de emerg\u00eancia no munic\u00edpio por causa da pandemia de coronav\u00edrus (Covid-19). O decreto foi publicado na edi\u00e7\u00e3o desta quarta-feira do Di\u00e1rio Oficial do Munic\u00edpio, um dia depois da declara\u00e7\u00e3o de situa\u00e7\u00e3o de emerg\u00eancia [&hellip;]<\/p>\n","protected":false},"author":2,"featured_media":2127,"comment_status":"open","ping_status":"open","sticky":false,"template":"","format":"standard","meta":{"footnotes":""},"categories":[11],"tags":[695,273,693,394,692,694,289],"class_list":["post-2126","post","type-post","status-publish","format-standard","has-post-thumbnail","hentry","category-saude","tag-controle","tag-covid-19","tag-diario-oficial","tag-doenca","tag-emergencia","tag-impactos","tag-rio-de-janeiro"],"yoast_head":"<!-- This site is optimized with the Yoast SEO plugin v26.5 - https:\/\/yoast.com\/wordpress\/plugins\/seo\/ -->\n<title>Cidade do Rio de Janeiro decreta situa\u00e7\u00e3o de emerg\u00eancia - Jornal Fatos e Not\u00edcias<\/title>\n<meta name=\"robots\" content=\"index, follow, max-snippet:-1, max-image-preview:large, max-video-preview:-1\" \/>\n<link rel=\"canonical\" href=\"https:\/\/jornalfatosenoticias.com.br\/index.php\/2020\/03\/18\/cidade-do-rio-de-janeiro-decreta-situacao-de-emergencia\/\" \/>\n<meta property=\"og:locale\" content=\"pt_BR\" \/>\n<meta property=\"og:type\" content=\"article\" \/>\n<meta property=\"og:title\" content=\"Cidade do Rio de Janeiro decreta situa\u00e7\u00e3o de emerg\u00eancia - Jornal Fatos e Not\u00edcias\" \/>\n<meta property=\"og:description\" content=\"Decreto foi publicado na edi\u00e7\u00e3o de hoje do Di\u00e1rio Oficial do Munic\u00edpio A prefeitura do Rio de Janeiro decretou hoje (18) situa\u00e7\u00e3o de emerg\u00eancia no munic\u00edpio por causa da pandemia de coronav\u00edrus (Covid-19). O decreto foi publicado na edi\u00e7\u00e3o desta quarta-feira do Di\u00e1rio Oficial do Munic\u00edpio, um dia depois da declara\u00e7\u00e3o de situa\u00e7\u00e3o de emerg\u00eancia [&hellip;]\" \/>\n<meta property=\"og:url\" content=\"https:\/\/jornalfatosenoticias.com.br\/index.php\/2020\/03\/18\/cidade-do-rio-de-janeiro-decreta-situacao-de-emergencia\/\" \/>\n<meta property=\"og:site_name\" content=\"Jornal Fatos e Not\u00edcias\" \/>\n<meta property=\"article:published_time\" content=\"2020-03-18T12:29:33+00:00\" \/>\n<meta property=\"article:modified_time\" content=\"2020-03-18T12:29:48+00:00\" \/>\n<meta property=\"og:image\" content=\"https:\/\/jornalfatosenoticias.com.br\/wp-content\/uploads\/2020\/03\/Rio-de-Janeiro-decreta-situacao-de-emergencia.jpg\" \/>\n\t<meta property=\"og:image:width\" content=\"1170\" \/>\n\t<meta property=\"og:image:height\" content=\"700\" \/>\n\t<meta property=\"og:image:type\" content=\"image\/jpeg\" \/>\n<meta name=\"author\" content=\"Luzimara Fernandes\" \/>\n<meta name=\"twitter:card\" content=\"summary_large_image\" \/>\n<meta name=\"twitter:label1\" content=\"Escrito por\" \/>\n\t<meta name=\"twitter:data1\" content=\"Luzimara Fernandes\" \/>\n\t<meta name=\"twitter:label2\" content=\"Est. tempo de leitura\" \/>\n\t<meta name=\"twitter:data2\" content=\"1 minuto\" \/>\n<script type=\"application\/ld+json\" class=\"yoast-schema-graph\">{\"@context\":\"https:\/\/schema.org\",\"@graph\":[{\"@type\":\"Article\",\"@id\":\"https:\/\/jornalfatosenoticias.com.br\/index.php\/2020\/03\/18\/cidade-do-rio-de-janeiro-decreta-situacao-de-emergencia\/#article\",\"isPartOf\":{\"@id\":\"https:\/\/jornalfatosenoticias.com.br\/index.php\/2020\/03\/18\/cidade-do-rio-de-janeiro-decreta-situacao-de-emergencia\/\"},\"author\":{\"name\":\"Luzimara Fernandes\",\"@id\":\"https:\/\/jornalfatosenoticias.com.br\/#\/schema\/person\/d63837fa13ac8666eb9e74e0985d6f81\"},\"headline\":\"Cidade do Rio de Janeiro decreta situa\u00e7\u00e3o de emerg\u00eancia\",\"datePublished\":\"2020-03-18T12:29:33+00:00\",\"dateModified\":\"2020-03-18T12:29:48+00:00\",\"mainEntityOfPage\":{\"@id\":\"https:\/\/jornalfatosenoticias.com.br\/index.php\/2020\/03\/18\/cidade-do-rio-de-janeiro-decreta-situacao-de-emergencia\/\"},\"wordCount\":194,\"commentCount\":0,\"publisher\":{\"@id\":\"https:\/\/jornalfatosenoticias.com.br\/#organization\"},\"image\":{\"@id\":\"https:\/\/jornalfatosenoticias.com.br\/index.php\/2020\/03\/18\/cidade-do-rio-de-janeiro-decreta-situacao-de-emergencia\/#primaryimage\"},\"thumbnailUrl\":\"https:\/\/jornalfatosenoticias.com.br\/wp-content\/uploads\/2020\/03\/Rio-de-Janeiro-decreta-situacao-de-emergencia.jpg\",\"keywords\":[\"controle\",\"covid-19\",\"Di\u00e1rio Oficial\",\"doen\u00e7a\",\"emerg\u00eancia\",\"impactos\",\"Rio de Janeiro\"],\"articleSection\":[\"Sa\u00fade\"],\"inLanguage\":\"pt-BR\",\"potentialAction\":[{\"@type\":\"CommentAction\",\"name\":\"Comment\",\"target\":[\"https:\/\/jornalfatosenoticias.com.br\/index.php\/2020\/03\/18\/cidade-do-rio-de-janeiro-decreta-situacao-de-emergencia\/#respond\"]}]},{\"@type\":\"WebPage\",\"@id\":\"https:\/\/jornalfatosenoticias.com.br\/index.php\/2020\/03\/18\/cidade-do-rio-de-janeiro-decreta-situacao-de-emergencia\/\",\"url\":\"https:\/\/jornalfatosenoticias.com.br\/index.php\/2020\/03\/18\/cidade-do-rio-de-janeiro-decreta-situacao-de-emergencia\/\",\"name\":\"Cidade do Rio de Janeiro decreta situa\u00e7\u00e3o de emerg\u00eancia - Jornal Fatos e Not\u00edcias\",\"isPartOf\":{\"@id\":\"https:\/\/jornalfatosenoticias.com.br\/#website\"},\"primaryImageOfPage\":{\"@id\":\"https:\/\/jornalfatosenoticias.com.br\/index.php\/2020\/03\/18\/cidade-do-rio-de-janeiro-decreta-situacao-de-emergencia\/#primaryimage\"},\"image\":{\"@id\":\"https:\/\/jornalfatosenoticias.com.br\/index.php\/2020\/03\/18\/cidade-do-rio-de-janeiro-decreta-situacao-de-emergencia\/#primaryimage\"},\"thumbnailUrl\":\"https:\/\/jornalfatosenoticias.com.br\/wp-content\/uploads\/2020\/03\/Rio-de-Janeiro-decreta-situacao-de-emergencia.jpg\",\"datePublished\":\"2020-03-18T12:29:33+00:00\",\"dateModified\":\"2020-03-18T12:29:48+00:00\",\"breadcrumb\":{\"@id\":\"https:\/\/jornalfatosenoticias.com.br\/index.php\/2020\/03\/18\/cidade-do-rio-de-janeiro-decreta-situacao-de-emergencia\/#breadcrumb\"},\"inLanguage\":\"pt-BR\",\"potentialAction\":[{\"@type\":\"ReadAction\",\"target\":[\"https:\/\/jornalfatosenoticias.com.br\/index.php\/2020\/03\/18\/cidade-do-rio-de-janeiro-decreta-situacao-de-emergencia\/\"]}]},{\"@type\":\"ImageObject\",\"inLanguage\":\"pt-BR\",\"@id\":\"https:\/\/jornalfatosenoticias.com.br\/index.php\/2020\/03\/18\/cidade-do-rio-de-janeiro-decreta-situacao-de-emergencia\/#primaryimage\",\"url\":\"https:\/\/jornalfatosenoticias.com.br\/wp-content\/uploads\/2020\/03\/Rio-de-Janeiro-decreta-situacao-de-emergencia.jpg\",\"contentUrl\":\"https:\/\/jornalfatosenoticias.com.br\/wp-content\/uploads\/2020\/03\/Rio-de-Janeiro-decreta-situacao-de-emergencia.jpg\",\"width\":1170,\"height\":700},{\"@type\":\"BreadcrumbList\",\"@id\":\"https:\/\/jornalfatosenoticias.com.br\/index.php\/2020\/03\/18\/cidade-do-rio-de-janeiro-decreta-situacao-de-emergencia\/#breadcrumb\",\"itemListElement\":[{\"@type\":\"ListItem\",\"position\":1,\"name\":\"In\u00edcio\",\"item\":\"https:\/\/jornalfatosenoticias.com.br\/\"},{\"@type\":\"ListItem\",\"position\":2,\"name\":\"Cidade do Rio de Janeiro decreta situa\u00e7\u00e3o de emerg\u00eancia\"}]},{\"@type\":\"WebSite\",\"@id\":\"https:\/\/jornalfatosenoticias.com.br\/#website\",\"url\":\"https:\/\/jornalfatosenoticias.com.br\/\",\"name\":\"Jornal Fatos e Not\u00edcias\",\"description\":\"Not\u00edcias em geral\",\"publisher\":{\"@id\":\"https:\/\/jornalfatosenoticias.com.br\/#organization\"},\"potentialAction\":[{\"@type\":\"SearchAction\",\"target\":{\"@type\":\"EntryPoint\",\"urlTemplate\":\"https:\/\/jornalfatosenoticias.com.br\/?s={search_term_string}\"},\"query-input\":{\"@type\":\"PropertyValueSpecification\",\"valueRequired\":true,\"valueName\":\"search_term_string\"}}],\"inLanguage\":\"pt-BR\"},{\"@type\":\"Organization\",\"@id\":\"https:\/\/jornalfatosenoticias.com.br\/#organization\",\"name\":\"Jornal Fatos e Not\u00edcias\",\"url\":\"https:\/\/jornalfatosenoticias.com.br\/\",\"logo\":{\"@type\":\"ImageObject\",\"inLanguage\":\"pt-BR\",\"@id\":\"https:\/\/jornalfatosenoticias.com.br\/#\/schema\/logo\/image\/\",\"url\":\"https:\/\/jornalfatosenoticias.com.br\/wp-content\/uploads\/2020\/02\/logo120.png\",\"contentUrl\":\"https:\/\/jornalfatosenoticias.com.br\/wp-content\/uploads\/2020\/02\/logo120.png\",\"width\":1227,\"height\":120,\"caption\":\"Jornal Fatos e Not\u00edcias\"},\"image\":{\"@id\":\"https:\/\/jornalfatosenoticias.com.br\/#\/schema\/logo\/image\/\"}},{\"@type\":\"Person\",\"@id\":\"https:\/\/jornalfatosenoticias.com.br\/#\/schema\/person\/d63837fa13ac8666eb9e74e0985d6f81\",\"name\":\"Luzimara Fernandes\",\"image\":{\"@type\":\"ImageObject\",\"inLanguage\":\"pt-BR\",\"@id\":\"https:\/\/jornalfatosenoticias.com.br\/#\/schema\/person\/image\/\",\"url\":\"https:\/\/jornalfatosenoticias.com.br\/wp-content\/uploads\/2025\/05\/EU_portal.jpg\",\"contentUrl\":\"https:\/\/jornalfatosenoticias.com.br\/wp-content\/uploads\/2025\/05\/EU_portal.jpg\",\"caption\":\"Luzimara Fernandes\"},\"description\":\"Jornalista MTB 2358-ES\",\"sameAs\":[\"https:\/\/jornalfatosenoticias.com.br\"],\"url\":\"https:\/\/jornalfatosenoticias.com.br\/index.php\/author\/luzimara\/\"}]}<\/script>\n<!-- \/ Yoast SEO plugin. -->","yoast_head_json":{"title":"Cidade do Rio de Janeiro decreta situa\u00e7\u00e3o de emerg\u00eancia - Jornal Fatos e Not\u00edcias","robots":{"index":"index","follow":"follow","max-snippet":"max-snippet:-1","max-image-preview":"max-image-preview:large","max-video-preview":"max-video-preview:-1"},"canonical":"https:\/\/jornalfatosenoticias.com.br\/index.php\/2020\/03\/18\/cidade-do-rio-de-janeiro-decreta-situacao-de-emergencia\/","og_locale":"pt_BR","og_type":"article","og_title":"Cidade do Rio de Janeiro decreta situa\u00e7\u00e3o de emerg\u00eancia - Jornal Fatos e Not\u00edcias","og_description":"Decreto foi publicado na edi\u00e7\u00e3o de hoje do Di\u00e1rio Oficial do Munic\u00edpio A prefeitura do Rio de Janeiro decretou hoje (18) situa\u00e7\u00e3o de emerg\u00eancia no munic\u00edpio por causa da pandemia de coronav\u00edrus (Covid-19). O decreto foi publicado na edi\u00e7\u00e3o desta quarta-feira do Di\u00e1rio Oficial do Munic\u00edpio, um dia depois da declara\u00e7\u00e3o de situa\u00e7\u00e3o de emerg\u00eancia [&hellip;]","og_url":"https:\/\/jornalfatosenoticias.com.br\/index.php\/2020\/03\/18\/cidade-do-rio-de-janeiro-decreta-situacao-de-emergencia\/","og_site_name":"Jornal Fatos e Not\u00edcias","article_published_time":"2020-03-18T12:29:33+00:00","article_modified_time":"2020-03-18T12:29:48+00:00","og_image":[{"width":1170,"height":700,"url":"https:\/\/jornalfatosenoticias.com.br\/wp-content\/uploads\/2020\/03\/Rio-de-Janeiro-decreta-situacao-de-emergencia.jpg","type":"image\/jpeg"}],"author":"Luzimara Fernandes","twitter_card":"summary_large_image","twitter_misc":{"Escrito por":"Luzimara Fernandes","Est. tempo de leitura":"1 minuto"},"schema":{"@context":"https:\/\/schema.org","@graph":[{"@type":"Article","@id":"https:\/\/jornalfatosenoticias.com.br\/index.php\/2020\/03\/18\/cidade-do-rio-de-janeiro-decreta-situacao-de-emergencia\/#article","isPartOf":{"@id":"https:\/\/jornalfatosenoticias.com.br\/index.php\/2020\/03\/18\/cidade-do-rio-de-janeiro-decreta-situacao-de-emergencia\/"},"author":{"name":"Luzimara Fernandes","@id":"https:\/\/jornalfatosenoticias.com.br\/#\/schema\/person\/d63837fa13ac8666eb9e74e0985d6f81"},"headline":"Cidade do Rio de Janeiro decreta situa\u00e7\u00e3o de emerg\u00eancia","datePublished":"2020-03-18T12:29:33+00:00","dateModified":"2020-03-18T12:29:48+00:00","mainEntityOfPage":{"@id":"https:\/\/jornalfatosenoticias.com.br\/index.php\/2020\/03\/18\/cidade-do-rio-de-janeiro-decreta-situacao-de-emergencia\/"},"wordCount":194,"commentCount":0,"publisher":{"@id":"https:\/\/jornalfatosenoticias.com.br\/#organization"},"image":{"@id":"https:\/\/jornalfatosenoticias.com.br\/index.php\/2020\/03\/18\/cidade-do-rio-de-janeiro-decreta-situacao-de-emergencia\/#primaryimage"},"thumbnailUrl":"https:\/\/jornalfatosenoticias.com.br\/wp-content\/uploads\/2020\/03\/Rio-de-Janeiro-decreta-situacao-de-emergencia.jpg","keywords":["controle","covid-19","Di\u00e1rio Oficial","doen\u00e7a","emerg\u00eancia","impactos","Rio de Janeiro"],"articleSection":["Sa\u00fade"],"inLanguage":"pt-BR","potentialAction":[{"@type":"CommentAction","name":"Comment","target":["https:\/\/jornalfatosenoticias.com.br\/index.php\/2020\/03\/18\/cidade-do-rio-de-janeiro-decreta-situacao-de-emergencia\/#respond"]}]},{"@type":"WebPage","@id":"https:\/\/jornalfatosenoticias.com.br\/index.php\/2020\/03\/18\/cidade-do-rio-de-janeiro-decreta-situacao-de-emergencia\/","url":"https:\/\/jornalfatosenoticias.com.br\/index.php\/2020\/03\/18\/cidade-do-rio-de-janeiro-decreta-situacao-de-emergencia\/","name":"Cidade do Rio de Janeiro decreta situa\u00e7\u00e3o de emerg\u00eancia - Jornal Fatos e Not\u00edcias","isPartOf":{"@id":"https:\/\/jornalfatosenoticias.com.br\/#website"},"primaryImageOfPage":{"@id":"https:\/\/jornalfatosenoticias.com.br\/index.php\/2020\/03\/18\/cidade-do-rio-de-janeiro-decreta-situacao-de-emergencia\/#primaryimage"},"image":{"@id":"https:\/\/jornalfatosenoticias.com.br\/index.php\/2020\/03\/18\/cidade-do-rio-de-janeiro-decreta-situacao-de-emergencia\/#primaryimage"},"thumbnailUrl":"https:\/\/jornalfatosenoticias.com.br\/wp-content\/uploads\/2020\/03\/Rio-de-Janeiro-decreta-situacao-de-emergencia.jpg","datePublished":"2020-03-18T12:29:33+00:00","dateModified":"2020-03-18T12:29:48+00:00","breadcrumb":{"@id":"https:\/\/jornalfatosenoticias.com.br\/index.php\/2020\/03\/18\/cidade-do-rio-de-janeiro-decreta-situacao-de-emergencia\/#breadcrumb"},"inLanguage":"pt-BR","potentialAction":[{"@type":"ReadAction","target":["https:\/\/jornalfatosenoticias.com.br\/index.php\/2020\/03\/18\/cidade-do-rio-de-janeiro-decreta-situacao-de-emergencia\/"]}]},{"@type":"ImageObject","inLanguage":"pt-BR","@id":"https:\/\/jornalfatosenoticias.com.br\/index.php\/2020\/03\/18\/cidade-do-rio-de-janeiro-decreta-situacao-de-emergencia\/#primaryimage","url":"https:\/\/jornalfatosenoticias.com.br\/wp-content\/uploads\/2020\/03\/Rio-de-Janeiro-decreta-situacao-de-emergencia.jpg","contentUrl":"https:\/\/jornalfatosenoticias.com.br\/wp-content\/uploads\/2020\/03\/Rio-de-Janeiro-decreta-situacao-de-emergencia.jpg","width":1170,"height":700},{"@type":"BreadcrumbList","@id":"https:\/\/jornalfatosenoticias.com.br\/index.php\/2020\/03\/18\/cidade-do-rio-de-janeiro-decreta-situacao-de-emergencia\/#breadcrumb","itemListElement":[{"@type":"ListItem","position":1,"name":"In\u00edcio","item":"https:\/\/jornalfatosenoticias.com.br\/"},{"@type":"ListItem","position":2,"name":"Cidade do Rio de Janeiro decreta situa\u00e7\u00e3o de emerg\u00eancia"}]},{"@type":"WebSite","@id":"https:\/\/jornalfatosenoticias.com.br\/#website","url":"https:\/\/jornalfatosenoticias.com.br\/","name":"Jornal Fatos e Not\u00edcias","description":"Not\u00edcias em geral","publisher":{"@id":"https:\/\/jornalfatosenoticias.com.br\/#organization"},"potentialAction":[{"@type":"SearchAction","target":{"@type":"EntryPoint","urlTemplate":"https:\/\/jornalfatosenoticias.com.br\/?s={search_term_string}"},"query-input":{"@type":"PropertyValueSpecification","valueRequired":true,"valueName":"search_term_string"}}],"inLanguage":"pt-BR"},{"@type":"Organization","@id":"https:\/\/jornalfatosenoticias.com.br\/#organization","name":"Jornal Fatos e Not\u00edcias","url":"https:\/\/jornalfatosenoticias.com.br\/","logo":{"@type":"ImageObject","inLanguage":"pt-BR","@id":"https:\/\/jornalfatosenoticias.com.br\/#\/schema\/logo\/image\/","url":"https:\/\/jornalfatosenoticias.com.br\/wp-content\/uploads\/2020\/02\/logo120.png","contentUrl":"https:\/\/jornalfatosenoticias.com.br\/wp-content\/uploads\/2020\/02\/logo120.png","width":1227,"height":120,"caption":"Jornal Fatos e Not\u00edcias"},"image":{"@id":"https:\/\/jornalfatosenoticias.com.br\/#\/schema\/logo\/image\/"}},{"@type":"Person","@id":"https:\/\/jornalfatosenoticias.com.br\/#\/schema\/person\/d63837fa13ac8666eb9e74e0985d6f81","name":"Luzimara Fernandes","image":{"@type":"ImageObject","inLanguage":"pt-BR","@id":"https:\/\/jornalfatosenoticias.com.br\/#\/schema\/person\/image\/","url":"https:\/\/jornalfatosenoticias.com.br\/wp-content\/uploads\/2025\/05\/EU_portal.jpg","contentUrl":"https:\/\/jornalfatosenoticias.com.br\/wp-content\/uploads\/2025\/05\/EU_portal.jpg","caption":"Luzimara Fernandes"},"description":"Jornalista MTB 2358-ES","sameAs":["https:\/\/jornalfatosenoticias.com.br"],"url":"https:\/\/jornalfatosenoticias.com.br\/index.php\/author\/luzimara\/"}]}},"cc_featured_image_caption":{"caption_text":"(Foto: Tomaz Silva\/Ag\u00eancia Brasil)","source_text":"","source_url":""},"jetpack_featured_media_url":"https:\/\/jornalfatosenoticias.com.br\/wp-content\/uploads\/2020\/03\/Rio-de-Janeiro-decreta-situacao-de-emergencia.jpg","_links":{"self":[{"href":"https:\/\/jornalfatosenoticias.com.br\/index.php\/wp-json\/wp\/v2\/posts\/2126","targetHints":{"allow":["GET"]}}],"collection":[{"href":"https:\/\/jornalfatosenoticias.com.br\/index.php\/wp-json\/wp\/v2\/posts"}],"about":[{"href":"https:\/\/jornalfatosenoticias.com.br\/index.php\/wp-json\/wp\/v2\/types\/post"}],"author":[{"embeddable":true,"href":"https:\/\/jornalfatosenoticias.com.br\/index.php\/wp-json\/wp\/v2\/users\/2"}],"replies":[{"embeddable":true,"href":"https:\/\/jornalfatosenoticias.com.br\/index.php\/wp-json\/wp\/v2\/comments?post=2126"}],"version-history":[{"count":0,"href":"https:\/\/jornalfatosenoticias.com.br\/index.php\/wp-json\/wp\/v2\/posts\/2126\/revisions"}],"wp:featuredmedia":[{"embeddable":true,"href":"https:\/\/jornalfatosenoticias.com.br\/index.php\/wp-json\/wp\/v2\/media\/2127"}],"wp:attachment":[{"href":"https:\/\/jornalfatosenoticias.com.br\/index.php\/wp-json\/wp\/v2\/media?parent=2126"}],"wp:term":[{"taxonomy":"category","embeddable":true,"href":"https:\/\/jornalfatosenoticias.com.br\/index.php\/wp-json\/wp\/v2\/categories?post=2126"},{"taxonomy":"post_tag","embeddable":true,"href":"https:\/\/jornalfatosenoticias.com.br\/index.php\/wp-json\/wp\/v2\/tags?post=2126"}],"curies":[{"name":"wp","href":"https:\/\/api.w.org\/{rel}","templated":true}]}}