{"id":21339,"date":"2021-08-02T10:52:12","date_gmt":"2021-08-02T13:52:12","guid":{"rendered":"https:\/\/jornalfatosenoticias.com.br\/?p=21339"},"modified":"2021-08-02T10:52:14","modified_gmt":"2021-08-02T13:52:14","slug":"aquecimento-do-artico-pode-levar-a-eventos-climaticos-extremos-no-mundo","status":"publish","type":"post","link":"https:\/\/jornalfatosenoticias.com.br\/index.php\/2021\/08\/02\/aquecimento-do-artico-pode-levar-a-eventos-climaticos-extremos-no-mundo\/","title":{"rendered":"Aquecimento do \u00c1rtico pode levar a eventos clim\u00e1ticos extremos no mundo"},"content":{"rendered":"\n<p><em><span class=\"has-inline-color has-black-color\">Estudo aponta aquecimento e derretimento do gelo no \u00c1rtico como gatilho para eventos clim\u00e1ticos em cascata em todo o planeta<\/span><\/em><\/p>\n\n\n\n<p>Um novo relat\u00f3rio do Grupo Consultivo de Crise Clim\u00e1tica (CCAG), divulgado na \u00faltima quinta-feira, 29 de julho, conclui que o r\u00e1pido aquecimento e derretimento do gelo no \u00c1rtico \u00e9 provavelmente o principal gatilho para eventos clim\u00e1ticos em cascata em todo o planeta, resultando em mudan\u00e7as devastadoras em nossos sistemas meteorol\u00f3gicos e nos incidentes clim\u00e1ticos extremos observados recentemente \u2014 como as ondas de calor e inunda\u00e7\u00f5es em pa\u00edses como os EUA, Canad\u00e1, Alemanha e China, que causaram centenas de mortes.<br>\u201cA ocorr\u00eancia sistem\u00e1tica de superextremos em todo o mundo em 2021 n\u00e3o pode ser explicada apenas pelo 1,2\u00b0C de aquecimento global que temos at\u00e9 agora \u2014 h\u00e1 algo mais em jogo. E o candidato \u00e9 o aquecimento acelerado e o derretimento do gelo no \u00c1rtico\u201d, diz Johan Rockstr\u00f6m, diretor do Instituto Potsdam para Pesquisa de Impacto Clim\u00e1tico, da Alemanha, e membro do CCAG.<\/p>\n\n\n\n<h4 class=\"wp-block-heading\"><span class=\"has-inline-color has-black-color\">Aquecimento tr\u00eas vezes mais r\u00e1pido<\/span><\/h4>\n\n\n\n<figure class=\"wp-block-image size-large is-style-default\"><img loading=\"lazy\" decoding=\"async\" width=\"1000\" height=\"622\" src=\"https:\/\/jornalfatosenoticias.com.br\/wp-content\/uploads\/2021\/08\/artico-gelo-pixabay-2.jpg\" alt=\"\" class=\"wp-image-21340\" srcset=\"https:\/\/jornalfatosenoticias.com.br\/wp-content\/uploads\/2021\/08\/artico-gelo-pixabay-2.jpg 1000w, https:\/\/jornalfatosenoticias.com.br\/wp-content\/uploads\/2021\/08\/artico-gelo-pixabay-2-300x187.jpg 300w, https:\/\/jornalfatosenoticias.com.br\/wp-content\/uploads\/2021\/08\/artico-gelo-pixabay-2-768x478.jpg 768w\" sizes=\"auto, (max-width: 1000px) 100vw, 1000px\" \/><figcaption><em><span class=\"has-inline-color has-black-color\">(Foto: Pixabay)<\/span><\/em><\/figcaption><\/figure>\n\n\n\n<p>Nos \u00faltimos 30 anos, o \u00c1rtico aqueceu a uma taxa de 0,81\u00b0C por d\u00e9cada, mais de tr\u00eas vezes mais r\u00e1pido do que a m\u00e9dia global de 0,23\u00b0C por d\u00e9cada. Isso resultou na perda r\u00e1pida e irrevers\u00edvel do gelo marinho, bem como na perda do manto de gelo da Groenl\u00e2ndia.<br><strong><span class=\"has-inline-color has-black-color\">De acordo com o relat\u00f3rio, h\u00e1 gelo suficiente \u2014 apenas na camada de gelo da Groenl\u00e2ndia \u2014 para elevar o n\u00edvel global do mar em 7,5 metros.<\/span><\/strong><br>Um \u00c1rtico est\u00e1vel \u00e9 conhecido por controlar a temperatura da Terra \u2014 interrompida essa estabilidade, os mantos de gelo est\u00e3o derretendo e liberando grandes quantidades de \u00e1gua doce fria no Atl\u00e2ntico Norte, diminuindo a circula\u00e7\u00e3o do oceano e provocando impactos em regi\u00f5es t\u00e3o distantes quanto a Ant\u00e1rtica, al\u00e9m de perturbar eventos clim\u00e1ticos complexos, como a mon\u00e7\u00e3o sul-americana. <strong><em><span class=\"has-inline-color has-black-color\">Isso tamb\u00e9m explica a maior frequ\u00eancia de secas e inc\u00eandios na floresta amaz\u00f4nica, causando aumento da libera\u00e7\u00e3o de CO\u2082 na atmosfera.<\/span><\/em><\/strong><\/p>\n\n\n\n<p><strong><span class=\"has-inline-color has-black-color\">Permafrost<br><\/span><\/strong>Paralelamente, se as emiss\u00f5es de gases de efeito estufa continuarem a aumentar na taxa atual, dezenas a centenas de bilh\u00f5es de toneladas de carbono, presas no permafrost do planeta, poderiam ser liberadas na atmosfera. No ritmo atual, segundo o documento, as condi\u00e7\u00f5es de clima quente que levam ao degelo do permafrost j\u00e1 est\u00e3o ocorrendo cerca de 70 anos antes das previs\u00f5es.<\/p>\n\n\n\n<blockquote class=\"wp-block-quote is-layout-flow wp-block-quote-is-layout-flow\"><p><span class=\"has-inline-color has-luminous-vivid-orange-color\">\u201cOs impactos da influ\u00eancia humana sobre o clima em uma regi\u00e3o se propagam a outras regi\u00f5es em fun\u00e7\u00e3o da circula\u00e7\u00e3o atmosf\u00e9rica e oce\u00e2nica. N\u00e3o atuar para reverter as causas da mudan\u00e7a clim\u00e1tica e reduzir seus impactos \u00e9 uma escolha que implica em preju\u00edzos substanciais para nossa economia e para a seguran\u00e7a da popula\u00e7\u00e3o\u201d, explica Mercedes Bustamante, pesquisadora da UnB e \u00fanica brasileira membro do CCAG.<\/span><\/p><\/blockquote>\n\n\n\n<h4 class=\"wp-block-heading\"><span class=\"has-inline-color has-black-color\">A\u00e7\u00e3o urgente<\/span><\/h4>\n\n\n\n<figure class=\"wp-block-image size-large is-style-default\"><img loading=\"lazy\" decoding=\"async\" width=\"1000\" height=\"599\" src=\"https:\/\/jornalfatosenoticias.com.br\/wp-content\/uploads\/2021\/08\/artico-pixabay-3.jpg\" alt=\"\" class=\"wp-image-21341\" srcset=\"https:\/\/jornalfatosenoticias.com.br\/wp-content\/uploads\/2021\/08\/artico-pixabay-3.jpg 1000w, https:\/\/jornalfatosenoticias.com.br\/wp-content\/uploads\/2021\/08\/artico-pixabay-3-300x180.jpg 300w, https:\/\/jornalfatosenoticias.com.br\/wp-content\/uploads\/2021\/08\/artico-pixabay-3-768x460.jpg 768w\" sizes=\"auto, (max-width: 1000px) 100vw, 1000px\" \/><figcaption><em><span class=\"has-inline-color has-black-color\">(Foto: Pixabay)<\/span><\/em><\/figcaption><\/figure>\n\n\n\n<blockquote class=\"wp-block-quote is-layout-flow wp-block-quote-is-layout-flow\"><p><span class=\"has-inline-color has-luminous-vivid-orange-color\">\u201c\u00c9 mais um lembrete de que n\u00e3o h\u00e1 margem remanescente para mais emiss\u00f5es de gases de efeito estufa em nossa atmosfera. N\u00e3o apenas devemos reduzir imediatamente as emiss\u00f5es, particularmente de combust\u00edveis f\u00f3sseis, devemos tamb\u00e9m procurar maneiras de remover gases de efeito estuda da atmosfera em escala\u201d, Sir David King, presidente do CCAG.<\/span><\/p><\/blockquote>\n\n\n\n<p>Este \u00e9 o segundo de uma s\u00e9rie de relat\u00f3rios publicados pelo CCGA, grupo internacional independente de especialistas sobre o clima, e antecipado \u00e0 imprensa brasileira pela Bori. Veja mais informa\u00e7\u00f5es sobre o CCGA\u00a0<a href=\"https:\/\/abori.com.br\/blog\/bori-disseminara-para-imprensa-do-brasil-os-relatorios-do-climate-crisis-advisory-group\/\">aqui<\/a>\u00a0e confira o primeiro relat\u00f3rio\u00a0<a href=\"https:\/\/abori.com.br\/ambiente\/lideres-globais-sao-instados-a-agir-com-urgencia-para-conter-crise-climatica-pelo-novo-climate-crisis-advisory-group-ccag\/\">aqui.<\/a><\/p>\n\n\n\n<p><strong><em>Fonte: <a href=\"https:\/\/ciclovivo.com.br\/planeta\/crise-climatica\/aquecimento-do-artico-pode-levar-a-eventos-climaticos-extremos-no-mundo\/\">CicloVivo<\/a><\/em><\/strong><\/p>\n","protected":false},"excerpt":{"rendered":"<p>Estudo aponta aquecimento e derretimento do gelo no \u00c1rtico como gatilho para eventos clim\u00e1ticos em cascata em todo o planeta Um novo relat\u00f3rio do Grupo Consultivo de Crise Clim\u00e1tica (CCAG), divulgado na \u00faltima quinta-feira, 29 de julho, conclui que o r\u00e1pido aquecimento e derretimento do gelo no \u00c1rtico \u00e9 provavelmente o principal gatilho para eventos [&hellip;]<\/p>\n","protected":false},"author":2,"featured_media":21342,"comment_status":"open","ping_status":"open","sticky":false,"template":"","format":"standard","meta":{"footnotes":""},"categories":[9923],"tags":[10417,362,809,1957,10418],"class_list":["post-21339","post","type-post","status-publish","format-standard","has-post-thumbnail","hentry","category-mobilidade","tag-aquecimento-do-artico","tag-aquecimento-global","tag-crise-climatica","tag-derretimento-de-gelo","tag-eventos-climaticos"],"yoast_head":"<!-- This site is optimized with the Yoast SEO plugin v26.5 - https:\/\/yoast.com\/wordpress\/plugins\/seo\/ -->\n<title>Aquecimento do \u00c1rtico pode levar a eventos clim\u00e1ticos extremos no mundo - Jornal Fatos e Not\u00edcias<\/title>\n<meta name=\"robots\" content=\"index, follow, max-snippet:-1, max-image-preview:large, max-video-preview:-1\" \/>\n<link rel=\"canonical\" href=\"https:\/\/jornalfatosenoticias.com.br\/index.php\/2021\/08\/02\/aquecimento-do-artico-pode-levar-a-eventos-climaticos-extremos-no-mundo\/\" \/>\n<meta property=\"og:locale\" content=\"pt_BR\" \/>\n<meta property=\"og:type\" content=\"article\" \/>\n<meta property=\"og:title\" content=\"Aquecimento do \u00c1rtico pode levar a eventos clim\u00e1ticos extremos no mundo - Jornal Fatos e Not\u00edcias\" \/>\n<meta property=\"og:description\" content=\"Estudo aponta aquecimento e derretimento do gelo no \u00c1rtico como gatilho para eventos clim\u00e1ticos em cascata em todo o planeta Um novo relat\u00f3rio do Grupo Consultivo de Crise Clim\u00e1tica (CCAG), divulgado na \u00faltima quinta-feira, 29 de julho, conclui que o r\u00e1pido aquecimento e derretimento do gelo no \u00c1rtico \u00e9 provavelmente o principal gatilho para eventos [&hellip;]\" \/>\n<meta property=\"og:url\" content=\"https:\/\/jornalfatosenoticias.com.br\/index.php\/2021\/08\/02\/aquecimento-do-artico-pode-levar-a-eventos-climaticos-extremos-no-mundo\/\" \/>\n<meta property=\"og:site_name\" content=\"Jornal Fatos e Not\u00edcias\" \/>\n<meta property=\"article:published_time\" content=\"2021-08-02T13:52:12+00:00\" \/>\n<meta property=\"article:modified_time\" content=\"2021-08-02T13:52:14+00:00\" \/>\n<meta property=\"og:image\" content=\"https:\/\/jornalfatosenoticias.com.br\/wp-content\/uploads\/2021\/08\/artico-agua-pixabay.jpg\" \/>\n\t<meta property=\"og:image:width\" content=\"1000\" \/>\n\t<meta property=\"og:image:height\" content=\"619\" \/>\n\t<meta property=\"og:image:type\" content=\"image\/jpeg\" \/>\n<meta name=\"author\" content=\"Luzimara Fernandes\" \/>\n<meta name=\"twitter:card\" content=\"summary_large_image\" \/>\n<meta name=\"twitter:label1\" content=\"Escrito por\" \/>\n\t<meta name=\"twitter:data1\" content=\"Luzimara Fernandes\" \/>\n\t<meta name=\"twitter:label2\" content=\"Est. tempo de leitura\" \/>\n\t<meta name=\"twitter:data2\" content=\"3 minutos\" \/>\n<script type=\"application\/ld+json\" class=\"yoast-schema-graph\">{\"@context\":\"https:\/\/schema.org\",\"@graph\":[{\"@type\":\"Article\",\"@id\":\"https:\/\/jornalfatosenoticias.com.br\/index.php\/2021\/08\/02\/aquecimento-do-artico-pode-levar-a-eventos-climaticos-extremos-no-mundo\/#article\",\"isPartOf\":{\"@id\":\"https:\/\/jornalfatosenoticias.com.br\/index.php\/2021\/08\/02\/aquecimento-do-artico-pode-levar-a-eventos-climaticos-extremos-no-mundo\/\"},\"author\":{\"name\":\"Luzimara Fernandes\",\"@id\":\"https:\/\/jornalfatosenoticias.com.br\/#\/schema\/person\/d63837fa13ac8666eb9e74e0985d6f81\"},\"headline\":\"Aquecimento do \u00c1rtico pode levar a eventos clim\u00e1ticos extremos no mundo\",\"datePublished\":\"2021-08-02T13:52:12+00:00\",\"dateModified\":\"2021-08-02T13:52:14+00:00\",\"mainEntityOfPage\":{\"@id\":\"https:\/\/jornalfatosenoticias.com.br\/index.php\/2021\/08\/02\/aquecimento-do-artico-pode-levar-a-eventos-climaticos-extremos-no-mundo\/\"},\"wordCount\":616,\"commentCount\":0,\"publisher\":{\"@id\":\"https:\/\/jornalfatosenoticias.com.br\/#organization\"},\"image\":{\"@id\":\"https:\/\/jornalfatosenoticias.com.br\/index.php\/2021\/08\/02\/aquecimento-do-artico-pode-levar-a-eventos-climaticos-extremos-no-mundo\/#primaryimage\"},\"thumbnailUrl\":\"https:\/\/jornalfatosenoticias.com.br\/wp-content\/uploads\/2021\/08\/artico-agua-pixabay.jpg\",\"keywords\":[\"aquecimento do \u00c1rtico\",\"aquecimento global\",\"crise clim\u00e1tica\",\"derretimento de gelo\",\"eventos clim\u00e1ticos\"],\"articleSection\":[\"Mobilidade\"],\"inLanguage\":\"pt-BR\",\"potentialAction\":[{\"@type\":\"CommentAction\",\"name\":\"Comment\",\"target\":[\"https:\/\/jornalfatosenoticias.com.br\/index.php\/2021\/08\/02\/aquecimento-do-artico-pode-levar-a-eventos-climaticos-extremos-no-mundo\/#respond\"]}]},{\"@type\":\"WebPage\",\"@id\":\"https:\/\/jornalfatosenoticias.com.br\/index.php\/2021\/08\/02\/aquecimento-do-artico-pode-levar-a-eventos-climaticos-extremos-no-mundo\/\",\"url\":\"https:\/\/jornalfatosenoticias.com.br\/index.php\/2021\/08\/02\/aquecimento-do-artico-pode-levar-a-eventos-climaticos-extremos-no-mundo\/\",\"name\":\"Aquecimento do \u00c1rtico pode levar a eventos clim\u00e1ticos extremos no mundo - Jornal Fatos e Not\u00edcias\",\"isPartOf\":{\"@id\":\"https:\/\/jornalfatosenoticias.com.br\/#website\"},\"primaryImageOfPage\":{\"@id\":\"https:\/\/jornalfatosenoticias.com.br\/index.php\/2021\/08\/02\/aquecimento-do-artico-pode-levar-a-eventos-climaticos-extremos-no-mundo\/#primaryimage\"},\"image\":{\"@id\":\"https:\/\/jornalfatosenoticias.com.br\/index.php\/2021\/08\/02\/aquecimento-do-artico-pode-levar-a-eventos-climaticos-extremos-no-mundo\/#primaryimage\"},\"thumbnailUrl\":\"https:\/\/jornalfatosenoticias.com.br\/wp-content\/uploads\/2021\/08\/artico-agua-pixabay.jpg\",\"datePublished\":\"2021-08-02T13:52:12+00:00\",\"dateModified\":\"2021-08-02T13:52:14+00:00\",\"breadcrumb\":{\"@id\":\"https:\/\/jornalfatosenoticias.com.br\/index.php\/2021\/08\/02\/aquecimento-do-artico-pode-levar-a-eventos-climaticos-extremos-no-mundo\/#breadcrumb\"},\"inLanguage\":\"pt-BR\",\"potentialAction\":[{\"@type\":\"ReadAction\",\"target\":[\"https:\/\/jornalfatosenoticias.com.br\/index.php\/2021\/08\/02\/aquecimento-do-artico-pode-levar-a-eventos-climaticos-extremos-no-mundo\/\"]}]},{\"@type\":\"ImageObject\",\"inLanguage\":\"pt-BR\",\"@id\":\"https:\/\/jornalfatosenoticias.com.br\/index.php\/2021\/08\/02\/aquecimento-do-artico-pode-levar-a-eventos-climaticos-extremos-no-mundo\/#primaryimage\",\"url\":\"https:\/\/jornalfatosenoticias.com.br\/wp-content\/uploads\/2021\/08\/artico-agua-pixabay.jpg\",\"contentUrl\":\"https:\/\/jornalfatosenoticias.com.br\/wp-content\/uploads\/2021\/08\/artico-agua-pixabay.jpg\",\"width\":1000,\"height\":619},{\"@type\":\"BreadcrumbList\",\"@id\":\"https:\/\/jornalfatosenoticias.com.br\/index.php\/2021\/08\/02\/aquecimento-do-artico-pode-levar-a-eventos-climaticos-extremos-no-mundo\/#breadcrumb\",\"itemListElement\":[{\"@type\":\"ListItem\",\"position\":1,\"name\":\"In\u00edcio\",\"item\":\"https:\/\/jornalfatosenoticias.com.br\/\"},{\"@type\":\"ListItem\",\"position\":2,\"name\":\"Aquecimento do \u00c1rtico pode levar a eventos clim\u00e1ticos extremos no mundo\"}]},{\"@type\":\"WebSite\",\"@id\":\"https:\/\/jornalfatosenoticias.com.br\/#website\",\"url\":\"https:\/\/jornalfatosenoticias.com.br\/\",\"name\":\"Jornal Fatos e Not\u00edcias\",\"description\":\"Not\u00edcias em geral\",\"publisher\":{\"@id\":\"https:\/\/jornalfatosenoticias.com.br\/#organization\"},\"potentialAction\":[{\"@type\":\"SearchAction\",\"target\":{\"@type\":\"EntryPoint\",\"urlTemplate\":\"https:\/\/jornalfatosenoticias.com.br\/?s={search_term_string}\"},\"query-input\":{\"@type\":\"PropertyValueSpecification\",\"valueRequired\":true,\"valueName\":\"search_term_string\"}}],\"inLanguage\":\"pt-BR\"},{\"@type\":\"Organization\",\"@id\":\"https:\/\/jornalfatosenoticias.com.br\/#organization\",\"name\":\"Jornal Fatos e Not\u00edcias\",\"url\":\"https:\/\/jornalfatosenoticias.com.br\/\",\"logo\":{\"@type\":\"ImageObject\",\"inLanguage\":\"pt-BR\",\"@id\":\"https:\/\/jornalfatosenoticias.com.br\/#\/schema\/logo\/image\/\",\"url\":\"https:\/\/jornalfatosenoticias.com.br\/wp-content\/uploads\/2020\/02\/logo120.png\",\"contentUrl\":\"https:\/\/jornalfatosenoticias.com.br\/wp-content\/uploads\/2020\/02\/logo120.png\",\"width\":1227,\"height\":120,\"caption\":\"Jornal Fatos e Not\u00edcias\"},\"image\":{\"@id\":\"https:\/\/jornalfatosenoticias.com.br\/#\/schema\/logo\/image\/\"}},{\"@type\":\"Person\",\"@id\":\"https:\/\/jornalfatosenoticias.com.br\/#\/schema\/person\/d63837fa13ac8666eb9e74e0985d6f81\",\"name\":\"Luzimara Fernandes\",\"image\":{\"@type\":\"ImageObject\",\"inLanguage\":\"pt-BR\",\"@id\":\"https:\/\/jornalfatosenoticias.com.br\/#\/schema\/person\/image\/\",\"url\":\"https:\/\/jornalfatosenoticias.com.br\/wp-content\/uploads\/2025\/05\/EU_portal.jpg\",\"contentUrl\":\"https:\/\/jornalfatosenoticias.com.br\/wp-content\/uploads\/2025\/05\/EU_portal.jpg\",\"caption\":\"Luzimara Fernandes\"},\"description\":\"Jornalista MTB 2358-ES\",\"sameAs\":[\"https:\/\/jornalfatosenoticias.com.br\"],\"url\":\"https:\/\/jornalfatosenoticias.com.br\/index.php\/author\/luzimara\/\"}]}<\/script>\n<!-- \/ Yoast SEO plugin. -->","yoast_head_json":{"title":"Aquecimento do \u00c1rtico pode levar a eventos clim\u00e1ticos extremos no mundo - Jornal Fatos e Not\u00edcias","robots":{"index":"index","follow":"follow","max-snippet":"max-snippet:-1","max-image-preview":"max-image-preview:large","max-video-preview":"max-video-preview:-1"},"canonical":"https:\/\/jornalfatosenoticias.com.br\/index.php\/2021\/08\/02\/aquecimento-do-artico-pode-levar-a-eventos-climaticos-extremos-no-mundo\/","og_locale":"pt_BR","og_type":"article","og_title":"Aquecimento do \u00c1rtico pode levar a eventos clim\u00e1ticos extremos no mundo - Jornal Fatos e Not\u00edcias","og_description":"Estudo aponta aquecimento e derretimento do gelo no \u00c1rtico como gatilho para eventos clim\u00e1ticos em cascata em todo o planeta Um novo relat\u00f3rio do Grupo Consultivo de Crise Clim\u00e1tica (CCAG), divulgado na \u00faltima quinta-feira, 29 de julho, conclui que o r\u00e1pido aquecimento e derretimento do gelo no \u00c1rtico \u00e9 provavelmente o principal gatilho para eventos [&hellip;]","og_url":"https:\/\/jornalfatosenoticias.com.br\/index.php\/2021\/08\/02\/aquecimento-do-artico-pode-levar-a-eventos-climaticos-extremos-no-mundo\/","og_site_name":"Jornal Fatos e Not\u00edcias","article_published_time":"2021-08-02T13:52:12+00:00","article_modified_time":"2021-08-02T13:52:14+00:00","og_image":[{"width":1000,"height":619,"url":"https:\/\/jornalfatosenoticias.com.br\/wp-content\/uploads\/2021\/08\/artico-agua-pixabay.jpg","type":"image\/jpeg"}],"author":"Luzimara Fernandes","twitter_card":"summary_large_image","twitter_misc":{"Escrito por":"Luzimara Fernandes","Est. tempo de leitura":"3 minutos"},"schema":{"@context":"https:\/\/schema.org","@graph":[{"@type":"Article","@id":"https:\/\/jornalfatosenoticias.com.br\/index.php\/2021\/08\/02\/aquecimento-do-artico-pode-levar-a-eventos-climaticos-extremos-no-mundo\/#article","isPartOf":{"@id":"https:\/\/jornalfatosenoticias.com.br\/index.php\/2021\/08\/02\/aquecimento-do-artico-pode-levar-a-eventos-climaticos-extremos-no-mundo\/"},"author":{"name":"Luzimara Fernandes","@id":"https:\/\/jornalfatosenoticias.com.br\/#\/schema\/person\/d63837fa13ac8666eb9e74e0985d6f81"},"headline":"Aquecimento do \u00c1rtico pode levar a eventos clim\u00e1ticos extremos no mundo","datePublished":"2021-08-02T13:52:12+00:00","dateModified":"2021-08-02T13:52:14+00:00","mainEntityOfPage":{"@id":"https:\/\/jornalfatosenoticias.com.br\/index.php\/2021\/08\/02\/aquecimento-do-artico-pode-levar-a-eventos-climaticos-extremos-no-mundo\/"},"wordCount":616,"commentCount":0,"publisher":{"@id":"https:\/\/jornalfatosenoticias.com.br\/#organization"},"image":{"@id":"https:\/\/jornalfatosenoticias.com.br\/index.php\/2021\/08\/02\/aquecimento-do-artico-pode-levar-a-eventos-climaticos-extremos-no-mundo\/#primaryimage"},"thumbnailUrl":"https:\/\/jornalfatosenoticias.com.br\/wp-content\/uploads\/2021\/08\/artico-agua-pixabay.jpg","keywords":["aquecimento do \u00c1rtico","aquecimento global","crise clim\u00e1tica","derretimento de gelo","eventos clim\u00e1ticos"],"articleSection":["Mobilidade"],"inLanguage":"pt-BR","potentialAction":[{"@type":"CommentAction","name":"Comment","target":["https:\/\/jornalfatosenoticias.com.br\/index.php\/2021\/08\/02\/aquecimento-do-artico-pode-levar-a-eventos-climaticos-extremos-no-mundo\/#respond"]}]},{"@type":"WebPage","@id":"https:\/\/jornalfatosenoticias.com.br\/index.php\/2021\/08\/02\/aquecimento-do-artico-pode-levar-a-eventos-climaticos-extremos-no-mundo\/","url":"https:\/\/jornalfatosenoticias.com.br\/index.php\/2021\/08\/02\/aquecimento-do-artico-pode-levar-a-eventos-climaticos-extremos-no-mundo\/","name":"Aquecimento do \u00c1rtico pode levar a eventos clim\u00e1ticos extremos no mundo - Jornal Fatos e Not\u00edcias","isPartOf":{"@id":"https:\/\/jornalfatosenoticias.com.br\/#website"},"primaryImageOfPage":{"@id":"https:\/\/jornalfatosenoticias.com.br\/index.php\/2021\/08\/02\/aquecimento-do-artico-pode-levar-a-eventos-climaticos-extremos-no-mundo\/#primaryimage"},"image":{"@id":"https:\/\/jornalfatosenoticias.com.br\/index.php\/2021\/08\/02\/aquecimento-do-artico-pode-levar-a-eventos-climaticos-extremos-no-mundo\/#primaryimage"},"thumbnailUrl":"https:\/\/jornalfatosenoticias.com.br\/wp-content\/uploads\/2021\/08\/artico-agua-pixabay.jpg","datePublished":"2021-08-02T13:52:12+00:00","dateModified":"2021-08-02T13:52:14+00:00","breadcrumb":{"@id":"https:\/\/jornalfatosenoticias.com.br\/index.php\/2021\/08\/02\/aquecimento-do-artico-pode-levar-a-eventos-climaticos-extremos-no-mundo\/#breadcrumb"},"inLanguage":"pt-BR","potentialAction":[{"@type":"ReadAction","target":["https:\/\/jornalfatosenoticias.com.br\/index.php\/2021\/08\/02\/aquecimento-do-artico-pode-levar-a-eventos-climaticos-extremos-no-mundo\/"]}]},{"@type":"ImageObject","inLanguage":"pt-BR","@id":"https:\/\/jornalfatosenoticias.com.br\/index.php\/2021\/08\/02\/aquecimento-do-artico-pode-levar-a-eventos-climaticos-extremos-no-mundo\/#primaryimage","url":"https:\/\/jornalfatosenoticias.com.br\/wp-content\/uploads\/2021\/08\/artico-agua-pixabay.jpg","contentUrl":"https:\/\/jornalfatosenoticias.com.br\/wp-content\/uploads\/2021\/08\/artico-agua-pixabay.jpg","width":1000,"height":619},{"@type":"BreadcrumbList","@id":"https:\/\/jornalfatosenoticias.com.br\/index.php\/2021\/08\/02\/aquecimento-do-artico-pode-levar-a-eventos-climaticos-extremos-no-mundo\/#breadcrumb","itemListElement":[{"@type":"ListItem","position":1,"name":"In\u00edcio","item":"https:\/\/jornalfatosenoticias.com.br\/"},{"@type":"ListItem","position":2,"name":"Aquecimento do \u00c1rtico pode levar a eventos clim\u00e1ticos extremos no mundo"}]},{"@type":"WebSite","@id":"https:\/\/jornalfatosenoticias.com.br\/#website","url":"https:\/\/jornalfatosenoticias.com.br\/","name":"Jornal Fatos e Not\u00edcias","description":"Not\u00edcias em geral","publisher":{"@id":"https:\/\/jornalfatosenoticias.com.br\/#organization"},"potentialAction":[{"@type":"SearchAction","target":{"@type":"EntryPoint","urlTemplate":"https:\/\/jornalfatosenoticias.com.br\/?s={search_term_string}"},"query-input":{"@type":"PropertyValueSpecification","valueRequired":true,"valueName":"search_term_string"}}],"inLanguage":"pt-BR"},{"@type":"Organization","@id":"https:\/\/jornalfatosenoticias.com.br\/#organization","name":"Jornal Fatos e Not\u00edcias","url":"https:\/\/jornalfatosenoticias.com.br\/","logo":{"@type":"ImageObject","inLanguage":"pt-BR","@id":"https:\/\/jornalfatosenoticias.com.br\/#\/schema\/logo\/image\/","url":"https:\/\/jornalfatosenoticias.com.br\/wp-content\/uploads\/2020\/02\/logo120.png","contentUrl":"https:\/\/jornalfatosenoticias.com.br\/wp-content\/uploads\/2020\/02\/logo120.png","width":1227,"height":120,"caption":"Jornal Fatos e Not\u00edcias"},"image":{"@id":"https:\/\/jornalfatosenoticias.com.br\/#\/schema\/logo\/image\/"}},{"@type":"Person","@id":"https:\/\/jornalfatosenoticias.com.br\/#\/schema\/person\/d63837fa13ac8666eb9e74e0985d6f81","name":"Luzimara Fernandes","image":{"@type":"ImageObject","inLanguage":"pt-BR","@id":"https:\/\/jornalfatosenoticias.com.br\/#\/schema\/person\/image\/","url":"https:\/\/jornalfatosenoticias.com.br\/wp-content\/uploads\/2025\/05\/EU_portal.jpg","contentUrl":"https:\/\/jornalfatosenoticias.com.br\/wp-content\/uploads\/2025\/05\/EU_portal.jpg","caption":"Luzimara Fernandes"},"description":"Jornalista MTB 2358-ES","sameAs":["https:\/\/jornalfatosenoticias.com.br"],"url":"https:\/\/jornalfatosenoticias.com.br\/index.php\/author\/luzimara\/"}]}},"cc_featured_image_caption":{"caption_text":"(Foto: Pixabay)","source_text":"","source_url":""},"jetpack_featured_media_url":"https:\/\/jornalfatosenoticias.com.br\/wp-content\/uploads\/2021\/08\/artico-agua-pixabay.jpg","_links":{"self":[{"href":"https:\/\/jornalfatosenoticias.com.br\/index.php\/wp-json\/wp\/v2\/posts\/21339","targetHints":{"allow":["GET"]}}],"collection":[{"href":"https:\/\/jornalfatosenoticias.com.br\/index.php\/wp-json\/wp\/v2\/posts"}],"about":[{"href":"https:\/\/jornalfatosenoticias.com.br\/index.php\/wp-json\/wp\/v2\/types\/post"}],"author":[{"embeddable":true,"href":"https:\/\/jornalfatosenoticias.com.br\/index.php\/wp-json\/wp\/v2\/users\/2"}],"replies":[{"embeddable":true,"href":"https:\/\/jornalfatosenoticias.com.br\/index.php\/wp-json\/wp\/v2\/comments?post=21339"}],"version-history":[{"count":0,"href":"https:\/\/jornalfatosenoticias.com.br\/index.php\/wp-json\/wp\/v2\/posts\/21339\/revisions"}],"wp:featuredmedia":[{"embeddable":true,"href":"https:\/\/jornalfatosenoticias.com.br\/index.php\/wp-json\/wp\/v2\/media\/21342"}],"wp:attachment":[{"href":"https:\/\/jornalfatosenoticias.com.br\/index.php\/wp-json\/wp\/v2\/media?parent=21339"}],"wp:term":[{"taxonomy":"category","embeddable":true,"href":"https:\/\/jornalfatosenoticias.com.br\/index.php\/wp-json\/wp\/v2\/categories?post=21339"},{"taxonomy":"post_tag","embeddable":true,"href":"https:\/\/jornalfatosenoticias.com.br\/index.php\/wp-json\/wp\/v2\/tags?post=21339"}],"curies":[{"name":"wp","href":"https:\/\/api.w.org\/{rel}","templated":true}]}}