{"id":21377,"date":"2021-08-03T09:59:02","date_gmt":"2021-08-03T12:59:02","guid":{"rendered":"https:\/\/jornalfatosenoticias.com.br\/?p=21377"},"modified":"2021-08-03T09:59:06","modified_gmt":"2021-08-03T12:59:06","slug":"bolsonaro-lanca-programa-que-levara-agua-potavel-a-escolas-do-nordeste","status":"publish","type":"post","link":"https:\/\/jornalfatosenoticias.com.br\/index.php\/2021\/08\/03\/bolsonaro-lanca-programa-que-levara-agua-potavel-a-escolas-do-nordeste\/","title":{"rendered":"Bolsonaro lan\u00e7a programa que levar\u00e1 \u00e1gua pot\u00e1vel a escolas do Nordeste"},"content":{"rendered":"\n<p><em>Expectativa \u00e9 atender mais de 100 mil alunos em 350 cidades<\/em><\/p>\n\n\n\n<p>O governo federal lan\u00e7ou nesta segunda-feira (2) o Programa \u00c1gua nas Escolas, que prev\u00ea, na primeira etapa, a constru\u00e7\u00e3o de duas mil cisternas em estabelecimentos de educa\u00e7\u00e3o nas zonas rurais e de periferia. A expectativa \u00e9 atender mais de 100 mil alunos em cerca de 350 cidades da Regi\u00e3o Nordeste.<br>O programa ter\u00e1 investimento de R$ 60 milh\u00f5es e ser\u00e1 realizado em parceria com o Banco Nacional do Desenvolvimento (BNDES) e a Funda\u00e7\u00e3o Banco do Brasil.<br>O acordo de coopera\u00e7\u00e3o t\u00e9cnica foi assinado em cerim\u00f4nia no Minist\u00e9rio da Cidadania. Na cerim\u00f4nia, o presidente Jair Bolsonaro ressaltou a import\u00e2ncia do programa para a popula\u00e7\u00e3o da regi\u00e3o que ser\u00e1 beneficiada.<br>\u201cN\u00f3s, aqui, \u00e0s vezes n\u00e3o damos muito valor \u00e0 \u00e1gua, temos em abund\u00e2ncia. L\u00e1, quando voc\u00ea v\u00ea um velho nordestino, uma senhora de idade, com pele enrugada, entrando debaixo de uma bica d\u2019\u00e1gua, n\u00e3o tem pre\u00e7o a alegria daquela pessoa, parece que ganhou na Mega-Sena\u201d, disse o presidente, ao ressaltar a import\u00e2ncia da \u00e1gua para a popula\u00e7\u00e3o no Nordeste do pa\u00eds.<br>Segundo o ministro da Cidadania, Jo\u00e3o Roma, o Censo Escolar revelou que h\u00e1 tr\u00eas mil escolas onde falta \u00e1gua na Regi\u00e3o Nordeste.<br>\u201cS\u00e3o alunos, professores e funcion\u00e1rios sem acesso \u00e0 rede p\u00fablica de abastecimento, a po\u00e7o artesiano ou a cisterna. Por meio de tecnologia e sistema de abastecimento, o Programa \u00c1gua nas Escolas vai mudar essa situa\u00e7\u00e3o e garantir a oferta de \u00e1gua pot\u00e1vel\u201d, disse o ministro.<br>Jo\u00e3o Roma acrescentou que, com melhores condi\u00e7\u00f5es de infraestrutura, haver\u00e1 ganhos na qualidade de ensino, no rendimento dos alunos e no dia a dia das fam\u00edlias.<\/p>\n\n\n\n<figure class=\"wp-block-embed-youtube wp-block-embed is-type-video is-provider-youtube wp-embed-aspect-16-9 wp-has-aspect-ratio\"><div class=\"wp-block-embed__wrapper\">\n<iframe loading=\"lazy\" title=\"Acordo quer levar \u00e1gua pot\u00e1vel \u00e0s escolas p\u00fablicas rurais do nordeste\" width=\"660\" height=\"371\" src=\"https:\/\/www.youtube.com\/embed\/hE1nLFSCI20?feature=oembed\" frameborder=\"0\" allow=\"accelerometer; autoplay; clipboard-write; encrypted-media; gyroscope; picture-in-picture; web-share\" referrerpolicy=\"strict-origin-when-cross-origin\" allowfullscreen><\/iframe>\n<\/div><\/figure>\n\n\n\n<p><strong><em>Fonte: <a href=\"https:\/\/agenciabrasil.ebc.com.br\/politica\/noticia\/2021-08\/bolsonaro-lanca-programa-que-levara-agua-potavel-escolas-do-nordeste\">Ag\u00eancia Brasil<\/a><\/em><\/strong><\/p>\n","protected":false},"excerpt":{"rendered":"<p>Expectativa \u00e9 atender mais de 100 mil alunos em 350 cidades O governo federal lan\u00e7ou nesta segunda-feira (2) o Programa \u00c1gua nas Escolas, que prev\u00ea, na primeira etapa, a constru\u00e7\u00e3o de duas mil cisternas em estabelecimentos de educa\u00e7\u00e3o nas zonas rurais e de periferia. A expectativa \u00e9 atender mais de 100 mil alunos em cerca [&hellip;]<\/p>\n","protected":false},"author":2,"featured_media":21378,"comment_status":"open","ping_status":"open","sticky":false,"template":"","format":"standard","meta":{"footnotes":""},"categories":[10],"tags":[4430,356,1795,3546],"class_list":["post-21377","post","type-post","status-publish","format-standard","has-post-thumbnail","hentry","category-politica","tag-agua-potavel","tag-escolas","tag-jair-bolsonaro","tag-nordeste"],"yoast_head":"<!-- This site is optimized with the Yoast SEO plugin v26.5 - https:\/\/yoast.com\/wordpress\/plugins\/seo\/ -->\n<title>Bolsonaro lan\u00e7a programa que levar\u00e1 \u00e1gua pot\u00e1vel a escolas do Nordeste - Jornal Fatos e Not\u00edcias<\/title>\n<meta name=\"robots\" content=\"index, follow, max-snippet:-1, max-image-preview:large, max-video-preview:-1\" \/>\n<link rel=\"canonical\" href=\"https:\/\/jornalfatosenoticias.com.br\/index.php\/2021\/08\/03\/bolsonaro-lanca-programa-que-levara-agua-potavel-a-escolas-do-nordeste\/\" \/>\n<meta property=\"og:locale\" content=\"pt_BR\" \/>\n<meta property=\"og:type\" content=\"article\" \/>\n<meta property=\"og:title\" content=\"Bolsonaro lan\u00e7a programa que levar\u00e1 \u00e1gua pot\u00e1vel a escolas do Nordeste - Jornal Fatos e Not\u00edcias\" \/>\n<meta property=\"og:description\" content=\"Expectativa \u00e9 atender mais de 100 mil alunos em 350 cidades O governo federal lan\u00e7ou nesta segunda-feira (2) o Programa \u00c1gua nas Escolas, que prev\u00ea, na primeira etapa, a constru\u00e7\u00e3o de duas mil cisternas em estabelecimentos de educa\u00e7\u00e3o nas zonas rurais e de periferia. A expectativa \u00e9 atender mais de 100 mil alunos em cerca [&hellip;]\" \/>\n<meta property=\"og:url\" content=\"https:\/\/jornalfatosenoticias.com.br\/index.php\/2021\/08\/03\/bolsonaro-lanca-programa-que-levara-agua-potavel-a-escolas-do-nordeste\/\" \/>\n<meta property=\"og:site_name\" content=\"Jornal Fatos e Not\u00edcias\" \/>\n<meta property=\"article:published_time\" content=\"2021-08-03T12:59:02+00:00\" \/>\n<meta property=\"article:modified_time\" content=\"2021-08-03T12:59:06+00:00\" \/>\n<meta property=\"og:image\" content=\"https:\/\/jornalfatosenoticias.com.br\/wp-content\/uploads\/2021\/08\/bolsonaro_agua.jpg\" \/>\n\t<meta property=\"og:image:width\" content=\"1000\" \/>\n\t<meta property=\"og:image:height\" content=\"598\" \/>\n\t<meta property=\"og:image:type\" content=\"image\/jpeg\" \/>\n<meta name=\"author\" content=\"Luzimara Fernandes\" \/>\n<meta name=\"twitter:card\" content=\"summary_large_image\" \/>\n<meta name=\"twitter:label1\" content=\"Escrito por\" \/>\n\t<meta name=\"twitter:data1\" content=\"Luzimara Fernandes\" \/>\n\t<meta name=\"twitter:label2\" content=\"Est. tempo de leitura\" \/>\n\t<meta name=\"twitter:data2\" content=\"2 minutos\" \/>\n<script type=\"application\/ld+json\" class=\"yoast-schema-graph\">{\"@context\":\"https:\/\/schema.org\",\"@graph\":[{\"@type\":\"Article\",\"@id\":\"https:\/\/jornalfatosenoticias.com.br\/index.php\/2021\/08\/03\/bolsonaro-lanca-programa-que-levara-agua-potavel-a-escolas-do-nordeste\/#article\",\"isPartOf\":{\"@id\":\"https:\/\/jornalfatosenoticias.com.br\/index.php\/2021\/08\/03\/bolsonaro-lanca-programa-que-levara-agua-potavel-a-escolas-do-nordeste\/\"},\"author\":{\"name\":\"Luzimara Fernandes\",\"@id\":\"https:\/\/jornalfatosenoticias.com.br\/#\/schema\/person\/d63837fa13ac8666eb9e74e0985d6f81\"},\"headline\":\"Bolsonaro lan\u00e7a programa que levar\u00e1 \u00e1gua pot\u00e1vel a escolas do Nordeste\",\"datePublished\":\"2021-08-03T12:59:02+00:00\",\"dateModified\":\"2021-08-03T12:59:06+00:00\",\"mainEntityOfPage\":{\"@id\":\"https:\/\/jornalfatosenoticias.com.br\/index.php\/2021\/08\/03\/bolsonaro-lanca-programa-que-levara-agua-potavel-a-escolas-do-nordeste\/\"},\"wordCount\":328,\"commentCount\":0,\"publisher\":{\"@id\":\"https:\/\/jornalfatosenoticias.com.br\/#organization\"},\"image\":{\"@id\":\"https:\/\/jornalfatosenoticias.com.br\/index.php\/2021\/08\/03\/bolsonaro-lanca-programa-que-levara-agua-potavel-a-escolas-do-nordeste\/#primaryimage\"},\"thumbnailUrl\":\"https:\/\/jornalfatosenoticias.com.br\/wp-content\/uploads\/2021\/08\/bolsonaro_agua.jpg\",\"keywords\":[\"\u00e1gua pot\u00e1vel\",\"escolas\",\"Jair Bolsonaro\",\"Nordeste\"],\"articleSection\":[\"Pol\u00edtica\"],\"inLanguage\":\"pt-BR\",\"potentialAction\":[{\"@type\":\"CommentAction\",\"name\":\"Comment\",\"target\":[\"https:\/\/jornalfatosenoticias.com.br\/index.php\/2021\/08\/03\/bolsonaro-lanca-programa-que-levara-agua-potavel-a-escolas-do-nordeste\/#respond\"]}]},{\"@type\":\"WebPage\",\"@id\":\"https:\/\/jornalfatosenoticias.com.br\/index.php\/2021\/08\/03\/bolsonaro-lanca-programa-que-levara-agua-potavel-a-escolas-do-nordeste\/\",\"url\":\"https:\/\/jornalfatosenoticias.com.br\/index.php\/2021\/08\/03\/bolsonaro-lanca-programa-que-levara-agua-potavel-a-escolas-do-nordeste\/\",\"name\":\"Bolsonaro lan\u00e7a programa que levar\u00e1 \u00e1gua pot\u00e1vel a escolas do Nordeste - Jornal Fatos e Not\u00edcias\",\"isPartOf\":{\"@id\":\"https:\/\/jornalfatosenoticias.com.br\/#website\"},\"primaryImageOfPage\":{\"@id\":\"https:\/\/jornalfatosenoticias.com.br\/index.php\/2021\/08\/03\/bolsonaro-lanca-programa-que-levara-agua-potavel-a-escolas-do-nordeste\/#primaryimage\"},\"image\":{\"@id\":\"https:\/\/jornalfatosenoticias.com.br\/index.php\/2021\/08\/03\/bolsonaro-lanca-programa-que-levara-agua-potavel-a-escolas-do-nordeste\/#primaryimage\"},\"thumbnailUrl\":\"https:\/\/jornalfatosenoticias.com.br\/wp-content\/uploads\/2021\/08\/bolsonaro_agua.jpg\",\"datePublished\":\"2021-08-03T12:59:02+00:00\",\"dateModified\":\"2021-08-03T12:59:06+00:00\",\"breadcrumb\":{\"@id\":\"https:\/\/jornalfatosenoticias.com.br\/index.php\/2021\/08\/03\/bolsonaro-lanca-programa-que-levara-agua-potavel-a-escolas-do-nordeste\/#breadcrumb\"},\"inLanguage\":\"pt-BR\",\"potentialAction\":[{\"@type\":\"ReadAction\",\"target\":[\"https:\/\/jornalfatosenoticias.com.br\/index.php\/2021\/08\/03\/bolsonaro-lanca-programa-que-levara-agua-potavel-a-escolas-do-nordeste\/\"]}]},{\"@type\":\"ImageObject\",\"inLanguage\":\"pt-BR\",\"@id\":\"https:\/\/jornalfatosenoticias.com.br\/index.php\/2021\/08\/03\/bolsonaro-lanca-programa-que-levara-agua-potavel-a-escolas-do-nordeste\/#primaryimage\",\"url\":\"https:\/\/jornalfatosenoticias.com.br\/wp-content\/uploads\/2021\/08\/bolsonaro_agua.jpg\",\"contentUrl\":\"https:\/\/jornalfatosenoticias.com.br\/wp-content\/uploads\/2021\/08\/bolsonaro_agua.jpg\",\"width\":1000,\"height\":598},{\"@type\":\"BreadcrumbList\",\"@id\":\"https:\/\/jornalfatosenoticias.com.br\/index.php\/2021\/08\/03\/bolsonaro-lanca-programa-que-levara-agua-potavel-a-escolas-do-nordeste\/#breadcrumb\",\"itemListElement\":[{\"@type\":\"ListItem\",\"position\":1,\"name\":\"In\u00edcio\",\"item\":\"https:\/\/jornalfatosenoticias.com.br\/\"},{\"@type\":\"ListItem\",\"position\":2,\"name\":\"Bolsonaro lan\u00e7a programa que levar\u00e1 \u00e1gua pot\u00e1vel a escolas do Nordeste\"}]},{\"@type\":\"WebSite\",\"@id\":\"https:\/\/jornalfatosenoticias.com.br\/#website\",\"url\":\"https:\/\/jornalfatosenoticias.com.br\/\",\"name\":\"Jornal Fatos e Not\u00edcias\",\"description\":\"Not\u00edcias em geral\",\"publisher\":{\"@id\":\"https:\/\/jornalfatosenoticias.com.br\/#organization\"},\"potentialAction\":[{\"@type\":\"SearchAction\",\"target\":{\"@type\":\"EntryPoint\",\"urlTemplate\":\"https:\/\/jornalfatosenoticias.com.br\/?s={search_term_string}\"},\"query-input\":{\"@type\":\"PropertyValueSpecification\",\"valueRequired\":true,\"valueName\":\"search_term_string\"}}],\"inLanguage\":\"pt-BR\"},{\"@type\":\"Organization\",\"@id\":\"https:\/\/jornalfatosenoticias.com.br\/#organization\",\"name\":\"Jornal Fatos e Not\u00edcias\",\"url\":\"https:\/\/jornalfatosenoticias.com.br\/\",\"logo\":{\"@type\":\"ImageObject\",\"inLanguage\":\"pt-BR\",\"@id\":\"https:\/\/jornalfatosenoticias.com.br\/#\/schema\/logo\/image\/\",\"url\":\"https:\/\/jornalfatosenoticias.com.br\/wp-content\/uploads\/2020\/02\/logo120.png\",\"contentUrl\":\"https:\/\/jornalfatosenoticias.com.br\/wp-content\/uploads\/2020\/02\/logo120.png\",\"width\":1227,\"height\":120,\"caption\":\"Jornal Fatos e Not\u00edcias\"},\"image\":{\"@id\":\"https:\/\/jornalfatosenoticias.com.br\/#\/schema\/logo\/image\/\"}},{\"@type\":\"Person\",\"@id\":\"https:\/\/jornalfatosenoticias.com.br\/#\/schema\/person\/d63837fa13ac8666eb9e74e0985d6f81\",\"name\":\"Luzimara Fernandes\",\"image\":{\"@type\":\"ImageObject\",\"inLanguage\":\"pt-BR\",\"@id\":\"https:\/\/jornalfatosenoticias.com.br\/#\/schema\/person\/image\/\",\"url\":\"https:\/\/jornalfatosenoticias.com.br\/wp-content\/uploads\/2025\/05\/EU_portal.jpg\",\"contentUrl\":\"https:\/\/jornalfatosenoticias.com.br\/wp-content\/uploads\/2025\/05\/EU_portal.jpg\",\"caption\":\"Luzimara Fernandes\"},\"description\":\"Jornalista MTB 2358-ES\",\"sameAs\":[\"https:\/\/jornalfatosenoticias.com.br\"],\"url\":\"https:\/\/jornalfatosenoticias.com.br\/index.php\/author\/luzimara\/\"}]}<\/script>\n<!-- \/ Yoast SEO plugin. -->","yoast_head_json":{"title":"Bolsonaro lan\u00e7a programa que levar\u00e1 \u00e1gua pot\u00e1vel a escolas do Nordeste - Jornal Fatos e Not\u00edcias","robots":{"index":"index","follow":"follow","max-snippet":"max-snippet:-1","max-image-preview":"max-image-preview:large","max-video-preview":"max-video-preview:-1"},"canonical":"https:\/\/jornalfatosenoticias.com.br\/index.php\/2021\/08\/03\/bolsonaro-lanca-programa-que-levara-agua-potavel-a-escolas-do-nordeste\/","og_locale":"pt_BR","og_type":"article","og_title":"Bolsonaro lan\u00e7a programa que levar\u00e1 \u00e1gua pot\u00e1vel a escolas do Nordeste - Jornal Fatos e Not\u00edcias","og_description":"Expectativa \u00e9 atender mais de 100 mil alunos em 350 cidades O governo federal lan\u00e7ou nesta segunda-feira (2) o Programa \u00c1gua nas Escolas, que prev\u00ea, na primeira etapa, a constru\u00e7\u00e3o de duas mil cisternas em estabelecimentos de educa\u00e7\u00e3o nas zonas rurais e de periferia. A expectativa \u00e9 atender mais de 100 mil alunos em cerca [&hellip;]","og_url":"https:\/\/jornalfatosenoticias.com.br\/index.php\/2021\/08\/03\/bolsonaro-lanca-programa-que-levara-agua-potavel-a-escolas-do-nordeste\/","og_site_name":"Jornal Fatos e Not\u00edcias","article_published_time":"2021-08-03T12:59:02+00:00","article_modified_time":"2021-08-03T12:59:06+00:00","og_image":[{"width":1000,"height":598,"url":"https:\/\/jornalfatosenoticias.com.br\/wp-content\/uploads\/2021\/08\/bolsonaro_agua.jpg","type":"image\/jpeg"}],"author":"Luzimara Fernandes","twitter_card":"summary_large_image","twitter_misc":{"Escrito por":"Luzimara Fernandes","Est. tempo de leitura":"2 minutos"},"schema":{"@context":"https:\/\/schema.org","@graph":[{"@type":"Article","@id":"https:\/\/jornalfatosenoticias.com.br\/index.php\/2021\/08\/03\/bolsonaro-lanca-programa-que-levara-agua-potavel-a-escolas-do-nordeste\/#article","isPartOf":{"@id":"https:\/\/jornalfatosenoticias.com.br\/index.php\/2021\/08\/03\/bolsonaro-lanca-programa-que-levara-agua-potavel-a-escolas-do-nordeste\/"},"author":{"name":"Luzimara Fernandes","@id":"https:\/\/jornalfatosenoticias.com.br\/#\/schema\/person\/d63837fa13ac8666eb9e74e0985d6f81"},"headline":"Bolsonaro lan\u00e7a programa que levar\u00e1 \u00e1gua pot\u00e1vel a escolas do Nordeste","datePublished":"2021-08-03T12:59:02+00:00","dateModified":"2021-08-03T12:59:06+00:00","mainEntityOfPage":{"@id":"https:\/\/jornalfatosenoticias.com.br\/index.php\/2021\/08\/03\/bolsonaro-lanca-programa-que-levara-agua-potavel-a-escolas-do-nordeste\/"},"wordCount":328,"commentCount":0,"publisher":{"@id":"https:\/\/jornalfatosenoticias.com.br\/#organization"},"image":{"@id":"https:\/\/jornalfatosenoticias.com.br\/index.php\/2021\/08\/03\/bolsonaro-lanca-programa-que-levara-agua-potavel-a-escolas-do-nordeste\/#primaryimage"},"thumbnailUrl":"https:\/\/jornalfatosenoticias.com.br\/wp-content\/uploads\/2021\/08\/bolsonaro_agua.jpg","keywords":["\u00e1gua pot\u00e1vel","escolas","Jair Bolsonaro","Nordeste"],"articleSection":["Pol\u00edtica"],"inLanguage":"pt-BR","potentialAction":[{"@type":"CommentAction","name":"Comment","target":["https:\/\/jornalfatosenoticias.com.br\/index.php\/2021\/08\/03\/bolsonaro-lanca-programa-que-levara-agua-potavel-a-escolas-do-nordeste\/#respond"]}]},{"@type":"WebPage","@id":"https:\/\/jornalfatosenoticias.com.br\/index.php\/2021\/08\/03\/bolsonaro-lanca-programa-que-levara-agua-potavel-a-escolas-do-nordeste\/","url":"https:\/\/jornalfatosenoticias.com.br\/index.php\/2021\/08\/03\/bolsonaro-lanca-programa-que-levara-agua-potavel-a-escolas-do-nordeste\/","name":"Bolsonaro lan\u00e7a programa que levar\u00e1 \u00e1gua pot\u00e1vel a escolas do Nordeste - Jornal Fatos e Not\u00edcias","isPartOf":{"@id":"https:\/\/jornalfatosenoticias.com.br\/#website"},"primaryImageOfPage":{"@id":"https:\/\/jornalfatosenoticias.com.br\/index.php\/2021\/08\/03\/bolsonaro-lanca-programa-que-levara-agua-potavel-a-escolas-do-nordeste\/#primaryimage"},"image":{"@id":"https:\/\/jornalfatosenoticias.com.br\/index.php\/2021\/08\/03\/bolsonaro-lanca-programa-que-levara-agua-potavel-a-escolas-do-nordeste\/#primaryimage"},"thumbnailUrl":"https:\/\/jornalfatosenoticias.com.br\/wp-content\/uploads\/2021\/08\/bolsonaro_agua.jpg","datePublished":"2021-08-03T12:59:02+00:00","dateModified":"2021-08-03T12:59:06+00:00","breadcrumb":{"@id":"https:\/\/jornalfatosenoticias.com.br\/index.php\/2021\/08\/03\/bolsonaro-lanca-programa-que-levara-agua-potavel-a-escolas-do-nordeste\/#breadcrumb"},"inLanguage":"pt-BR","potentialAction":[{"@type":"ReadAction","target":["https:\/\/jornalfatosenoticias.com.br\/index.php\/2021\/08\/03\/bolsonaro-lanca-programa-que-levara-agua-potavel-a-escolas-do-nordeste\/"]}]},{"@type":"ImageObject","inLanguage":"pt-BR","@id":"https:\/\/jornalfatosenoticias.com.br\/index.php\/2021\/08\/03\/bolsonaro-lanca-programa-que-levara-agua-potavel-a-escolas-do-nordeste\/#primaryimage","url":"https:\/\/jornalfatosenoticias.com.br\/wp-content\/uploads\/2021\/08\/bolsonaro_agua.jpg","contentUrl":"https:\/\/jornalfatosenoticias.com.br\/wp-content\/uploads\/2021\/08\/bolsonaro_agua.jpg","width":1000,"height":598},{"@type":"BreadcrumbList","@id":"https:\/\/jornalfatosenoticias.com.br\/index.php\/2021\/08\/03\/bolsonaro-lanca-programa-que-levara-agua-potavel-a-escolas-do-nordeste\/#breadcrumb","itemListElement":[{"@type":"ListItem","position":1,"name":"In\u00edcio","item":"https:\/\/jornalfatosenoticias.com.br\/"},{"@type":"ListItem","position":2,"name":"Bolsonaro lan\u00e7a programa que levar\u00e1 \u00e1gua pot\u00e1vel a escolas do Nordeste"}]},{"@type":"WebSite","@id":"https:\/\/jornalfatosenoticias.com.br\/#website","url":"https:\/\/jornalfatosenoticias.com.br\/","name":"Jornal Fatos e Not\u00edcias","description":"Not\u00edcias em geral","publisher":{"@id":"https:\/\/jornalfatosenoticias.com.br\/#organization"},"potentialAction":[{"@type":"SearchAction","target":{"@type":"EntryPoint","urlTemplate":"https:\/\/jornalfatosenoticias.com.br\/?s={search_term_string}"},"query-input":{"@type":"PropertyValueSpecification","valueRequired":true,"valueName":"search_term_string"}}],"inLanguage":"pt-BR"},{"@type":"Organization","@id":"https:\/\/jornalfatosenoticias.com.br\/#organization","name":"Jornal Fatos e Not\u00edcias","url":"https:\/\/jornalfatosenoticias.com.br\/","logo":{"@type":"ImageObject","inLanguage":"pt-BR","@id":"https:\/\/jornalfatosenoticias.com.br\/#\/schema\/logo\/image\/","url":"https:\/\/jornalfatosenoticias.com.br\/wp-content\/uploads\/2020\/02\/logo120.png","contentUrl":"https:\/\/jornalfatosenoticias.com.br\/wp-content\/uploads\/2020\/02\/logo120.png","width":1227,"height":120,"caption":"Jornal Fatos e Not\u00edcias"},"image":{"@id":"https:\/\/jornalfatosenoticias.com.br\/#\/schema\/logo\/image\/"}},{"@type":"Person","@id":"https:\/\/jornalfatosenoticias.com.br\/#\/schema\/person\/d63837fa13ac8666eb9e74e0985d6f81","name":"Luzimara Fernandes","image":{"@type":"ImageObject","inLanguage":"pt-BR","@id":"https:\/\/jornalfatosenoticias.com.br\/#\/schema\/person\/image\/","url":"https:\/\/jornalfatosenoticias.com.br\/wp-content\/uploads\/2025\/05\/EU_portal.jpg","contentUrl":"https:\/\/jornalfatosenoticias.com.br\/wp-content\/uploads\/2025\/05\/EU_portal.jpg","caption":"Luzimara Fernandes"},"description":"Jornalista MTB 2358-ES","sameAs":["https:\/\/jornalfatosenoticias.com.br"],"url":"https:\/\/jornalfatosenoticias.com.br\/index.php\/author\/luzimara\/"}]}},"cc_featured_image_caption":{"caption_text":"(Foto: Alan Santos\/PR) ","source_text":"","source_url":""},"jetpack_featured_media_url":"https:\/\/jornalfatosenoticias.com.br\/wp-content\/uploads\/2021\/08\/bolsonaro_agua.jpg","_links":{"self":[{"href":"https:\/\/jornalfatosenoticias.com.br\/index.php\/wp-json\/wp\/v2\/posts\/21377","targetHints":{"allow":["GET"]}}],"collection":[{"href":"https:\/\/jornalfatosenoticias.com.br\/index.php\/wp-json\/wp\/v2\/posts"}],"about":[{"href":"https:\/\/jornalfatosenoticias.com.br\/index.php\/wp-json\/wp\/v2\/types\/post"}],"author":[{"embeddable":true,"href":"https:\/\/jornalfatosenoticias.com.br\/index.php\/wp-json\/wp\/v2\/users\/2"}],"replies":[{"embeddable":true,"href":"https:\/\/jornalfatosenoticias.com.br\/index.php\/wp-json\/wp\/v2\/comments?post=21377"}],"version-history":[{"count":0,"href":"https:\/\/jornalfatosenoticias.com.br\/index.php\/wp-json\/wp\/v2\/posts\/21377\/revisions"}],"wp:featuredmedia":[{"embeddable":true,"href":"https:\/\/jornalfatosenoticias.com.br\/index.php\/wp-json\/wp\/v2\/media\/21378"}],"wp:attachment":[{"href":"https:\/\/jornalfatosenoticias.com.br\/index.php\/wp-json\/wp\/v2\/media?parent=21377"}],"wp:term":[{"taxonomy":"category","embeddable":true,"href":"https:\/\/jornalfatosenoticias.com.br\/index.php\/wp-json\/wp\/v2\/categories?post=21377"},{"taxonomy":"post_tag","embeddable":true,"href":"https:\/\/jornalfatosenoticias.com.br\/index.php\/wp-json\/wp\/v2\/tags?post=21377"}],"curies":[{"name":"wp","href":"https:\/\/api.w.org\/{rel}","templated":true}]}}