{"id":21421,"date":"2021-08-03T16:00:22","date_gmt":"2021-08-03T19:00:22","guid":{"rendered":"https:\/\/jornalfatosenoticias.com.br\/?p=21421"},"modified":"2021-08-03T16:00:26","modified_gmt":"2021-08-03T19:00:26","slug":"cinco-atividades-para-entreter-as-criancas-nos-dias-de-frio","status":"publish","type":"post","link":"https:\/\/jornalfatosenoticias.com.br\/index.php\/2021\/08\/03\/cinco-atividades-para-entreter-as-criancas-nos-dias-de-frio\/","title":{"rendered":"Cinco atividades para entreter as crian\u00e7as nos dias de frio"},"content":{"rendered":"\n<p><em><span class=\"has-inline-color has-black-color\">Brincando voc\u00ea pode estimular o desenvolvimento integral dos pequenos \u2014 saiba como!<\/span><\/em><\/p>\n\n\n\n<p>O inverno \u00e9 tradicionalmente um per\u00edodo do ano em que ficamos mais dentro de casa, o que foi refor\u00e7ado com a pandemia. Com as baixas temperaturas, vem a preocupa\u00e7\u00e3o dos pais com o que podem propor para as crian\u00e7as brincarem enquanto se mant\u00eam quentinhas.<br>Propor brincadeiras para os filhos \u00e9 importante. Afinal, a fam\u00edlia \u00e9 a primeira base e influ\u00eancia para o seu desenvolvimento. Para a coordenadora do Col\u00e9gio Marista Maring\u00e1, Eliana Cl\u00e1udia Graciliano, os pais n\u00e3o podem perder de vista a relev\u00e2ncia desse processo: \u201cAs crian\u00e7as elaboram a sua forma\u00e7\u00e3o e aprendem as fun\u00e7\u00f5es sociais por meio das experimenta\u00e7\u00f5es e brincadeiras\u201d, ressalta.<br>Confira cinco sugest\u00f5es de atividades e brincadeiras para proporcionar momentos em fam\u00edlia no inverno e estimular o desenvolvimento integral dos pequenos.<\/p>\n\n\n\n<ol class=\"wp-block-list\"><li><span class=\"has-inline-color has-black-color\"><strong>Cabaninha<\/strong><\/span><\/li><\/ol>\n\n\n\n<figure class=\"wp-block-image size-large is-style-default\"><img loading=\"lazy\" decoding=\"async\" width=\"1000\" height=\"666\" src=\"https:\/\/jornalfatosenoticias.com.br\/wp-content\/uploads\/2021\/08\/brincadeiras-kids-cabaninha_gettyimages.jpg\" alt=\"\" class=\"wp-image-21422\" srcset=\"https:\/\/jornalfatosenoticias.com.br\/wp-content\/uploads\/2021\/08\/brincadeiras-kids-cabaninha_gettyimages.jpg 1000w, https:\/\/jornalfatosenoticias.com.br\/wp-content\/uploads\/2021\/08\/brincadeiras-kids-cabaninha_gettyimages-300x200.jpg 300w, https:\/\/jornalfatosenoticias.com.br\/wp-content\/uploads\/2021\/08\/brincadeiras-kids-cabaninha_gettyimages-768x511.jpg 768w\" sizes=\"auto, (max-width: 1000px) 100vw, 1000px\" \/><figcaption><em><span class=\"has-inline-color has-black-color\">(Foto: Imgorthand\/Getty Images)<\/span><\/em><\/figcaption><\/figure>\n\n\n\n<p>Nada \u00e9 mais convidativo para os dias frios do que a brincadeira de cabaninha. Nela, as crian\u00e7as podem soltar a criatividade montando e desmontando tudo de diferentes formas e decorando o espa\u00e7o como quiserem. Depois de montada, pais e filhos podem ocupar o tempo com festas do pijama; hora da hist\u00f3ria; sonecas; brincadeiras livres ou direcionadas e teatro de sombras com lanternas e encena\u00e7\u00f5es.<\/p>\n\n\n\n<ol class=\"wp-block-list\" start=\"2\"><li><strong><span class=\"has-inline-color has-black-color\">Brincadeiras com elementos naturais<\/span><\/strong><\/li><\/ol>\n\n\n\n<div class=\"wp-block-jetpack-slideshow aligncenter\" data-effect=\"slide\"><div class=\"wp-block-jetpack-slideshow_container swiper-container\"><ul class=\"wp-block-jetpack-slideshow_swiper-wrapper swiper-wrapper\"><li class=\"wp-block-jetpack-slideshow_slide swiper-slide\"><figure><img loading=\"lazy\" decoding=\"async\" width=\"1000\" height=\"666\" alt=\"\" class=\"wp-block-jetpack-slideshow_image wp-image-21423\" data-id=\"21423\" src=\"https:\/\/jornalfatosenoticias.com.br\/wp-content\/uploads\/2021\/08\/brincadeiras-kids-carrinho_istock.jpg\" srcset=\"https:\/\/jornalfatosenoticias.com.br\/wp-content\/uploads\/2021\/08\/brincadeiras-kids-carrinho_istock.jpg 1000w, https:\/\/jornalfatosenoticias.com.br\/wp-content\/uploads\/2021\/08\/brincadeiras-kids-carrinho_istock-300x200.jpg 300w, https:\/\/jornalfatosenoticias.com.br\/wp-content\/uploads\/2021\/08\/brincadeiras-kids-carrinho_istock-768x511.jpg 768w\" sizes=\"auto, (max-width: 1000px) 100vw, 1000px\" \/><figcaption class=\"wp-block-jetpack-slideshow_caption gallery-caption\">(Foto: Getty Images\/iStockphoto)<\/figcaption><\/figure><\/li><li class=\"wp-block-jetpack-slideshow_slide swiper-slide\"><figure><img loading=\"lazy\" decoding=\"async\" width=\"1000\" height=\"666\" alt=\"\" class=\"wp-block-jetpack-slideshow_image wp-image-21424\" data-id=\"21424\" src=\"https:\/\/jornalfatosenoticias.com.br\/wp-content\/uploads\/2021\/08\/brincadeiras-kids-natureza.jpg\" srcset=\"https:\/\/jornalfatosenoticias.com.br\/wp-content\/uploads\/2021\/08\/brincadeiras-kids-natureza.jpg 1000w, https:\/\/jornalfatosenoticias.com.br\/wp-content\/uploads\/2021\/08\/brincadeiras-kids-natureza-300x200.jpg 300w, https:\/\/jornalfatosenoticias.com.br\/wp-content\/uploads\/2021\/08\/brincadeiras-kids-natureza-768x511.jpg 768w\" sizes=\"auto, (max-width: 1000px) 100vw, 1000px\" \/><figcaption class=\"wp-block-jetpack-slideshow_caption gallery-caption\">(Getty Images\/iStockphoto)<\/figcaption><\/figure><\/li><\/ul><a class=\"wp-block-jetpack-slideshow_button-prev swiper-button-prev swiper-button-white\" role=\"button\"><\/a><a class=\"wp-block-jetpack-slideshow_button-next swiper-button-next swiper-button-white\" role=\"button\"><\/a><a aria-label=\"Pause Slideshow\" class=\"wp-block-jetpack-slideshow_button-pause\" role=\"button\"><\/a><div class=\"wp-block-jetpack-slideshow_pagination swiper-pagination swiper-pagination-white\"><\/div><\/div><\/div>\n\n\n\n<p>As brincadeiras no quintal ou outros ambientes ao ar livre fazem parte da inf\u00e2ncia. Nos espa\u00e7os urbanos, as op\u00e7\u00f5es de onde buscar esses elementos naturais s\u00e3o mais escassas, mas eles podem ser adaptados a partir do que temos pr\u00f3ximo a nossas casas. Com um pouco de criatividade, terra, areia, gravetos, folhas e flores secas podem se tornar animais, alimentos, cen\u00e1rios e obras de arte.<\/p>\n\n\n\n<ol class=\"wp-block-list\" start=\"3\"><li><strong><span class=\"has-inline-color has-black-color\">Reutilizar caixas de papel\u00e3o<\/span><\/strong><\/li><\/ol>\n\n\n\n<figure class=\"wp-block-image size-large is-style-default\"><img loading=\"lazy\" decoding=\"async\" width=\"1000\" height=\"666\" src=\"https:\/\/jornalfatosenoticias.com.br\/wp-content\/uploads\/2021\/08\/brincadeiras-kids-papelao_GettyImages-istock.jpg\" alt=\"\" class=\"wp-image-21425\" srcset=\"https:\/\/jornalfatosenoticias.com.br\/wp-content\/uploads\/2021\/08\/brincadeiras-kids-papelao_GettyImages-istock.jpg 1000w, https:\/\/jornalfatosenoticias.com.br\/wp-content\/uploads\/2021\/08\/brincadeiras-kids-papelao_GettyImages-istock-300x200.jpg 300w, https:\/\/jornalfatosenoticias.com.br\/wp-content\/uploads\/2021\/08\/brincadeiras-kids-papelao_GettyImages-istock-768x511.jpg 768w\" sizes=\"auto, (max-width: 1000px) 100vw, 1000px\" \/><figcaption><em><span class=\"has-inline-color has-black-color\">(Foto: Getty Images\/iStockphoto)<\/span><\/em><\/figcaption><\/figure>\n\n\n\n<p>Pequenas, m\u00e9dias ou grandes, as caixas de papel\u00e3o podem ser utilizadas para criar autom\u00f3veis, cidades, mercadinhos, escrit\u00f3rios, cozinhas, florestas e montanhas. Al\u00e9m de trazer vida para as brincadeiras, elas estimulam o desenvolvimento da no\u00e7\u00e3o espacial e a representa\u00e7\u00e3o de fun\u00e7\u00f5es sociais.<\/p>\n\n\n\n<ol class=\"wp-block-list\" start=\"4\"><li><strong><span class=\"has-inline-color has-black-color\">Brincar na cozinha<\/span><\/strong><\/li><\/ol>\n\n\n\n<figure class=\"wp-block-image size-large is-style-default\"><img loading=\"lazy\" decoding=\"async\" width=\"1000\" height=\"666\" src=\"https:\/\/jornalfatosenoticias.com.br\/wp-content\/uploads\/2021\/08\/brincadeiras-kids-mae-e-filho_GettyImages.jpg\" alt=\"\" class=\"wp-image-21426\" srcset=\"https:\/\/jornalfatosenoticias.com.br\/wp-content\/uploads\/2021\/08\/brincadeiras-kids-mae-e-filho_GettyImages.jpg 1000w, https:\/\/jornalfatosenoticias.com.br\/wp-content\/uploads\/2021\/08\/brincadeiras-kids-mae-e-filho_GettyImages-300x200.jpg 300w, https:\/\/jornalfatosenoticias.com.br\/wp-content\/uploads\/2021\/08\/brincadeiras-kids-mae-e-filho_GettyImages-768x511.jpg 768w\" sizes=\"auto, (max-width: 1000px) 100vw, 1000px\" \/><figcaption><em><span class=\"has-inline-color has-black-color\">(Foto: Getty Images)<\/span><\/em><\/figcaption><\/figure>\n\n\n\n<p>O interesse das crian\u00e7as pelos utens\u00edlios dom\u00e9sticos \u00e9 observado desde os primeiros anos de vida, quando elas abrem os arm\u00e1rios e come\u00e7am a separ\u00e1-los e empilh\u00e1-los. Selecionando alguns deles para brincar de faz de conta, podemos estimular e desenvolver as potencialidades da crian\u00e7a, aprimorando as no\u00e7\u00f5es matem\u00e1ticas de grande e pequeno, dentro e fora e a imagina\u00e7\u00e3o de novos usos, criando personagens e hist\u00f3rias.<\/p>\n\n\n\n<ol class=\"wp-block-list\" start=\"5\"><li><strong><span class=\"has-inline-color has-black-color\">Massinha de modelar<\/span><\/strong><\/li><\/ol>\n\n\n\n<figure class=\"wp-block-image size-large is-style-default\"><img loading=\"lazy\" decoding=\"async\" width=\"1000\" height=\"667\" src=\"https:\/\/jornalfatosenoticias.com.br\/wp-content\/uploads\/2021\/08\/GettyImages-massinha-de-modelar.jpg\" alt=\"\" class=\"wp-image-21427\" srcset=\"https:\/\/jornalfatosenoticias.com.br\/wp-content\/uploads\/2021\/08\/GettyImages-massinha-de-modelar.jpg 1000w, https:\/\/jornalfatosenoticias.com.br\/wp-content\/uploads\/2021\/08\/GettyImages-massinha-de-modelar-300x200.jpg 300w, https:\/\/jornalfatosenoticias.com.br\/wp-content\/uploads\/2021\/08\/GettyImages-massinha-de-modelar-768x512.jpg 768w\" sizes=\"auto, (max-width: 1000px) 100vw, 1000px\" \/><figcaption><em><span class=\"has-inline-color has-black-color\">(Foto: Getty Images)<\/span><\/em><\/figcaption><\/figure>\n\n\n\n<p>As crian\u00e7as costumam gostar de massinha de modelar e das diversas possibilidades criativas que ela traz. Trata-se de um material bem male\u00e1vel, que pode ser explorado com objetos que temos em casa e \u00e9 um aliado no est\u00edmulo da coordena\u00e7\u00e3o motora.<br>Com a receita a seguir, d\u00e1 at\u00e9 pra fazer a massinha de modelar em casa, uma atividade em fam\u00edlia que pode ser divertida. Basta misturar quatro x\u00edcaras de farinha de trigo com tr\u00eas colheres de sopa de \u00f3leo; uma x\u00edcara e meia de \u00e1gua; uma x\u00edcara de sal e um pouco de corante aliment\u00edcio.<\/p>\n\n\n\n<p><strong><em>Fonte: <a href=\"https:\/\/ciclovivo.com.br\/vida-sustentavel\/equilibrio\/atividades-entreter-criancas-dias-de-frio\/\">CicloVivo<\/a><\/em><\/strong><\/p>\n","protected":false},"excerpt":{"rendered":"<p>Brincando voc\u00ea pode estimular o desenvolvimento integral dos pequenos \u2014 saiba como! O inverno \u00e9 tradicionalmente um per\u00edodo do ano em que ficamos mais dentro de casa, o que foi refor\u00e7ado com a pandemia. Com as baixas temperaturas, vem a preocupa\u00e7\u00e3o dos pais com o que podem propor para as crian\u00e7as brincarem enquanto se mant\u00eam [&hellip;]<\/p>\n","protected":false},"author":2,"featured_media":21425,"comment_status":"open","ping_status":"open","sticky":false,"template":"","format":"standard","meta":{"footnotes":""},"categories":[42],"tags":[4827,10460,3453],"class_list":["post-21421","post","type-post","status-publish","format-standard","has-post-thumbnail","hentry","category-bem-estar","tag-brincadeira-de-crianca","tag-entretenimento-criancas-no-frio","tag-inverno"],"yoast_head":"<!-- This site is optimized with the Yoast SEO plugin v26.5 - https:\/\/yoast.com\/wordpress\/plugins\/seo\/ -->\n<title>Cinco atividades para entreter as crian\u00e7as nos dias de frio - Jornal Fatos e Not\u00edcias<\/title>\n<meta name=\"robots\" content=\"index, follow, max-snippet:-1, max-image-preview:large, max-video-preview:-1\" \/>\n<link rel=\"canonical\" href=\"https:\/\/jornalfatosenoticias.com.br\/index.php\/2021\/08\/03\/cinco-atividades-para-entreter-as-criancas-nos-dias-de-frio\/\" \/>\n<meta property=\"og:locale\" content=\"pt_BR\" \/>\n<meta property=\"og:type\" content=\"article\" \/>\n<meta property=\"og:title\" content=\"Cinco atividades para entreter as crian\u00e7as nos dias de frio - Jornal Fatos e Not\u00edcias\" \/>\n<meta property=\"og:description\" content=\"Brincando voc\u00ea pode estimular o desenvolvimento integral dos pequenos \u2014 saiba como! O inverno \u00e9 tradicionalmente um per\u00edodo do ano em que ficamos mais dentro de casa, o que foi refor\u00e7ado com a pandemia. Com as baixas temperaturas, vem a preocupa\u00e7\u00e3o dos pais com o que podem propor para as crian\u00e7as brincarem enquanto se mant\u00eam [&hellip;]\" \/>\n<meta property=\"og:url\" content=\"https:\/\/jornalfatosenoticias.com.br\/index.php\/2021\/08\/03\/cinco-atividades-para-entreter-as-criancas-nos-dias-de-frio\/\" \/>\n<meta property=\"og:site_name\" content=\"Jornal Fatos e Not\u00edcias\" \/>\n<meta property=\"article:published_time\" content=\"2021-08-03T19:00:22+00:00\" \/>\n<meta property=\"article:modified_time\" content=\"2021-08-03T19:00:26+00:00\" \/>\n<meta property=\"og:image\" content=\"https:\/\/jornalfatosenoticias.com.br\/wp-content\/uploads\/2021\/08\/brincadeiras-kids-papelao_GettyImages-istock.jpg\" \/>\n\t<meta property=\"og:image:width\" content=\"1000\" \/>\n\t<meta property=\"og:image:height\" content=\"666\" \/>\n\t<meta property=\"og:image:type\" content=\"image\/jpeg\" \/>\n<meta name=\"author\" content=\"Luzimara Fernandes\" \/>\n<meta name=\"twitter:card\" content=\"summary_large_image\" \/>\n<meta name=\"twitter:label1\" content=\"Escrito por\" \/>\n\t<meta name=\"twitter:data1\" content=\"Luzimara Fernandes\" \/>\n\t<meta name=\"twitter:label2\" content=\"Est. tempo de leitura\" \/>\n\t<meta name=\"twitter:data2\" content=\"3 minutos\" \/>\n<script type=\"application\/ld+json\" class=\"yoast-schema-graph\">{\"@context\":\"https:\/\/schema.org\",\"@graph\":[{\"@type\":\"Article\",\"@id\":\"https:\/\/jornalfatosenoticias.com.br\/index.php\/2021\/08\/03\/cinco-atividades-para-entreter-as-criancas-nos-dias-de-frio\/#article\",\"isPartOf\":{\"@id\":\"https:\/\/jornalfatosenoticias.com.br\/index.php\/2021\/08\/03\/cinco-atividades-para-entreter-as-criancas-nos-dias-de-frio\/\"},\"author\":{\"name\":\"Luzimara Fernandes\",\"@id\":\"https:\/\/jornalfatosenoticias.com.br\/#\/schema\/person\/d63837fa13ac8666eb9e74e0985d6f81\"},\"headline\":\"Cinco atividades para entreter as crian\u00e7as nos dias de frio\",\"datePublished\":\"2021-08-03T19:00:22+00:00\",\"dateModified\":\"2021-08-03T19:00:26+00:00\",\"mainEntityOfPage\":{\"@id\":\"https:\/\/jornalfatosenoticias.com.br\/index.php\/2021\/08\/03\/cinco-atividades-para-entreter-as-criancas-nos-dias-de-frio\/\"},\"wordCount\":564,\"commentCount\":0,\"publisher\":{\"@id\":\"https:\/\/jornalfatosenoticias.com.br\/#organization\"},\"image\":{\"@id\":\"https:\/\/jornalfatosenoticias.com.br\/index.php\/2021\/08\/03\/cinco-atividades-para-entreter-as-criancas-nos-dias-de-frio\/#primaryimage\"},\"thumbnailUrl\":\"https:\/\/jornalfatosenoticias.com.br\/wp-content\/uploads\/2021\/08\/brincadeiras-kids-papelao_GettyImages-istock.jpg\",\"keywords\":[\"brincadeira de crian\u00e7a\",\"entretenimento crian\u00e7as no frio\",\"inverno\"],\"articleSection\":[\"Bem-estar\"],\"inLanguage\":\"pt-BR\",\"potentialAction\":[{\"@type\":\"CommentAction\",\"name\":\"Comment\",\"target\":[\"https:\/\/jornalfatosenoticias.com.br\/index.php\/2021\/08\/03\/cinco-atividades-para-entreter-as-criancas-nos-dias-de-frio\/#respond\"]}]},{\"@type\":\"WebPage\",\"@id\":\"https:\/\/jornalfatosenoticias.com.br\/index.php\/2021\/08\/03\/cinco-atividades-para-entreter-as-criancas-nos-dias-de-frio\/\",\"url\":\"https:\/\/jornalfatosenoticias.com.br\/index.php\/2021\/08\/03\/cinco-atividades-para-entreter-as-criancas-nos-dias-de-frio\/\",\"name\":\"Cinco atividades para entreter as crian\u00e7as nos dias de frio - Jornal Fatos e Not\u00edcias\",\"isPartOf\":{\"@id\":\"https:\/\/jornalfatosenoticias.com.br\/#website\"},\"primaryImageOfPage\":{\"@id\":\"https:\/\/jornalfatosenoticias.com.br\/index.php\/2021\/08\/03\/cinco-atividades-para-entreter-as-criancas-nos-dias-de-frio\/#primaryimage\"},\"image\":{\"@id\":\"https:\/\/jornalfatosenoticias.com.br\/index.php\/2021\/08\/03\/cinco-atividades-para-entreter-as-criancas-nos-dias-de-frio\/#primaryimage\"},\"thumbnailUrl\":\"https:\/\/jornalfatosenoticias.com.br\/wp-content\/uploads\/2021\/08\/brincadeiras-kids-papelao_GettyImages-istock.jpg\",\"datePublished\":\"2021-08-03T19:00:22+00:00\",\"dateModified\":\"2021-08-03T19:00:26+00:00\",\"breadcrumb\":{\"@id\":\"https:\/\/jornalfatosenoticias.com.br\/index.php\/2021\/08\/03\/cinco-atividades-para-entreter-as-criancas-nos-dias-de-frio\/#breadcrumb\"},\"inLanguage\":\"pt-BR\",\"potentialAction\":[{\"@type\":\"ReadAction\",\"target\":[\"https:\/\/jornalfatosenoticias.com.br\/index.php\/2021\/08\/03\/cinco-atividades-para-entreter-as-criancas-nos-dias-de-frio\/\"]}]},{\"@type\":\"ImageObject\",\"inLanguage\":\"pt-BR\",\"@id\":\"https:\/\/jornalfatosenoticias.com.br\/index.php\/2021\/08\/03\/cinco-atividades-para-entreter-as-criancas-nos-dias-de-frio\/#primaryimage\",\"url\":\"https:\/\/jornalfatosenoticias.com.br\/wp-content\/uploads\/2021\/08\/brincadeiras-kids-papelao_GettyImages-istock.jpg\",\"contentUrl\":\"https:\/\/jornalfatosenoticias.com.br\/wp-content\/uploads\/2021\/08\/brincadeiras-kids-papelao_GettyImages-istock.jpg\",\"width\":1000,\"height\":666,\"caption\":\"Father and son playing car racing with cardboard boxes\"},{\"@type\":\"BreadcrumbList\",\"@id\":\"https:\/\/jornalfatosenoticias.com.br\/index.php\/2021\/08\/03\/cinco-atividades-para-entreter-as-criancas-nos-dias-de-frio\/#breadcrumb\",\"itemListElement\":[{\"@type\":\"ListItem\",\"position\":1,\"name\":\"In\u00edcio\",\"item\":\"https:\/\/jornalfatosenoticias.com.br\/\"},{\"@type\":\"ListItem\",\"position\":2,\"name\":\"Cinco atividades para entreter as crian\u00e7as nos dias de frio\"}]},{\"@type\":\"WebSite\",\"@id\":\"https:\/\/jornalfatosenoticias.com.br\/#website\",\"url\":\"https:\/\/jornalfatosenoticias.com.br\/\",\"name\":\"Jornal Fatos e Not\u00edcias\",\"description\":\"Not\u00edcias em geral\",\"publisher\":{\"@id\":\"https:\/\/jornalfatosenoticias.com.br\/#organization\"},\"potentialAction\":[{\"@type\":\"SearchAction\",\"target\":{\"@type\":\"EntryPoint\",\"urlTemplate\":\"https:\/\/jornalfatosenoticias.com.br\/?s={search_term_string}\"},\"query-input\":{\"@type\":\"PropertyValueSpecification\",\"valueRequired\":true,\"valueName\":\"search_term_string\"}}],\"inLanguage\":\"pt-BR\"},{\"@type\":\"Organization\",\"@id\":\"https:\/\/jornalfatosenoticias.com.br\/#organization\",\"name\":\"Jornal Fatos e Not\u00edcias\",\"url\":\"https:\/\/jornalfatosenoticias.com.br\/\",\"logo\":{\"@type\":\"ImageObject\",\"inLanguage\":\"pt-BR\",\"@id\":\"https:\/\/jornalfatosenoticias.com.br\/#\/schema\/logo\/image\/\",\"url\":\"https:\/\/jornalfatosenoticias.com.br\/wp-content\/uploads\/2020\/02\/logo120.png\",\"contentUrl\":\"https:\/\/jornalfatosenoticias.com.br\/wp-content\/uploads\/2020\/02\/logo120.png\",\"width\":1227,\"height\":120,\"caption\":\"Jornal Fatos e Not\u00edcias\"},\"image\":{\"@id\":\"https:\/\/jornalfatosenoticias.com.br\/#\/schema\/logo\/image\/\"}},{\"@type\":\"Person\",\"@id\":\"https:\/\/jornalfatosenoticias.com.br\/#\/schema\/person\/d63837fa13ac8666eb9e74e0985d6f81\",\"name\":\"Luzimara Fernandes\",\"image\":{\"@type\":\"ImageObject\",\"inLanguage\":\"pt-BR\",\"@id\":\"https:\/\/jornalfatosenoticias.com.br\/#\/schema\/person\/image\/\",\"url\":\"https:\/\/jornalfatosenoticias.com.br\/wp-content\/uploads\/2025\/05\/EU_portal.jpg\",\"contentUrl\":\"https:\/\/jornalfatosenoticias.com.br\/wp-content\/uploads\/2025\/05\/EU_portal.jpg\",\"caption\":\"Luzimara Fernandes\"},\"description\":\"Jornalista MTB 2358-ES\",\"sameAs\":[\"https:\/\/jornalfatosenoticias.com.br\"],\"url\":\"https:\/\/jornalfatosenoticias.com.br\/index.php\/author\/luzimara\/\"}]}<\/script>\n<!-- \/ Yoast SEO plugin. -->","yoast_head_json":{"title":"Cinco atividades para entreter as crian\u00e7as nos dias de frio - Jornal Fatos e Not\u00edcias","robots":{"index":"index","follow":"follow","max-snippet":"max-snippet:-1","max-image-preview":"max-image-preview:large","max-video-preview":"max-video-preview:-1"},"canonical":"https:\/\/jornalfatosenoticias.com.br\/index.php\/2021\/08\/03\/cinco-atividades-para-entreter-as-criancas-nos-dias-de-frio\/","og_locale":"pt_BR","og_type":"article","og_title":"Cinco atividades para entreter as crian\u00e7as nos dias de frio - Jornal Fatos e Not\u00edcias","og_description":"Brincando voc\u00ea pode estimular o desenvolvimento integral dos pequenos \u2014 saiba como! O inverno \u00e9 tradicionalmente um per\u00edodo do ano em que ficamos mais dentro de casa, o que foi refor\u00e7ado com a pandemia. Com as baixas temperaturas, vem a preocupa\u00e7\u00e3o dos pais com o que podem propor para as crian\u00e7as brincarem enquanto se mant\u00eam [&hellip;]","og_url":"https:\/\/jornalfatosenoticias.com.br\/index.php\/2021\/08\/03\/cinco-atividades-para-entreter-as-criancas-nos-dias-de-frio\/","og_site_name":"Jornal Fatos e Not\u00edcias","article_published_time":"2021-08-03T19:00:22+00:00","article_modified_time":"2021-08-03T19:00:26+00:00","og_image":[{"width":1000,"height":666,"url":"https:\/\/jornalfatosenoticias.com.br\/wp-content\/uploads\/2021\/08\/brincadeiras-kids-papelao_GettyImages-istock.jpg","type":"image\/jpeg"}],"author":"Luzimara Fernandes","twitter_card":"summary_large_image","twitter_misc":{"Escrito por":"Luzimara Fernandes","Est. tempo de leitura":"3 minutos"},"schema":{"@context":"https:\/\/schema.org","@graph":[{"@type":"Article","@id":"https:\/\/jornalfatosenoticias.com.br\/index.php\/2021\/08\/03\/cinco-atividades-para-entreter-as-criancas-nos-dias-de-frio\/#article","isPartOf":{"@id":"https:\/\/jornalfatosenoticias.com.br\/index.php\/2021\/08\/03\/cinco-atividades-para-entreter-as-criancas-nos-dias-de-frio\/"},"author":{"name":"Luzimara Fernandes","@id":"https:\/\/jornalfatosenoticias.com.br\/#\/schema\/person\/d63837fa13ac8666eb9e74e0985d6f81"},"headline":"Cinco atividades para entreter as crian\u00e7as nos dias de frio","datePublished":"2021-08-03T19:00:22+00:00","dateModified":"2021-08-03T19:00:26+00:00","mainEntityOfPage":{"@id":"https:\/\/jornalfatosenoticias.com.br\/index.php\/2021\/08\/03\/cinco-atividades-para-entreter-as-criancas-nos-dias-de-frio\/"},"wordCount":564,"commentCount":0,"publisher":{"@id":"https:\/\/jornalfatosenoticias.com.br\/#organization"},"image":{"@id":"https:\/\/jornalfatosenoticias.com.br\/index.php\/2021\/08\/03\/cinco-atividades-para-entreter-as-criancas-nos-dias-de-frio\/#primaryimage"},"thumbnailUrl":"https:\/\/jornalfatosenoticias.com.br\/wp-content\/uploads\/2021\/08\/brincadeiras-kids-papelao_GettyImages-istock.jpg","keywords":["brincadeira de crian\u00e7a","entretenimento crian\u00e7as no frio","inverno"],"articleSection":["Bem-estar"],"inLanguage":"pt-BR","potentialAction":[{"@type":"CommentAction","name":"Comment","target":["https:\/\/jornalfatosenoticias.com.br\/index.php\/2021\/08\/03\/cinco-atividades-para-entreter-as-criancas-nos-dias-de-frio\/#respond"]}]},{"@type":"WebPage","@id":"https:\/\/jornalfatosenoticias.com.br\/index.php\/2021\/08\/03\/cinco-atividades-para-entreter-as-criancas-nos-dias-de-frio\/","url":"https:\/\/jornalfatosenoticias.com.br\/index.php\/2021\/08\/03\/cinco-atividades-para-entreter-as-criancas-nos-dias-de-frio\/","name":"Cinco atividades para entreter as crian\u00e7as nos dias de frio - Jornal Fatos e Not\u00edcias","isPartOf":{"@id":"https:\/\/jornalfatosenoticias.com.br\/#website"},"primaryImageOfPage":{"@id":"https:\/\/jornalfatosenoticias.com.br\/index.php\/2021\/08\/03\/cinco-atividades-para-entreter-as-criancas-nos-dias-de-frio\/#primaryimage"},"image":{"@id":"https:\/\/jornalfatosenoticias.com.br\/index.php\/2021\/08\/03\/cinco-atividades-para-entreter-as-criancas-nos-dias-de-frio\/#primaryimage"},"thumbnailUrl":"https:\/\/jornalfatosenoticias.com.br\/wp-content\/uploads\/2021\/08\/brincadeiras-kids-papelao_GettyImages-istock.jpg","datePublished":"2021-08-03T19:00:22+00:00","dateModified":"2021-08-03T19:00:26+00:00","breadcrumb":{"@id":"https:\/\/jornalfatosenoticias.com.br\/index.php\/2021\/08\/03\/cinco-atividades-para-entreter-as-criancas-nos-dias-de-frio\/#breadcrumb"},"inLanguage":"pt-BR","potentialAction":[{"@type":"ReadAction","target":["https:\/\/jornalfatosenoticias.com.br\/index.php\/2021\/08\/03\/cinco-atividades-para-entreter-as-criancas-nos-dias-de-frio\/"]}]},{"@type":"ImageObject","inLanguage":"pt-BR","@id":"https:\/\/jornalfatosenoticias.com.br\/index.php\/2021\/08\/03\/cinco-atividades-para-entreter-as-criancas-nos-dias-de-frio\/#primaryimage","url":"https:\/\/jornalfatosenoticias.com.br\/wp-content\/uploads\/2021\/08\/brincadeiras-kids-papelao_GettyImages-istock.jpg","contentUrl":"https:\/\/jornalfatosenoticias.com.br\/wp-content\/uploads\/2021\/08\/brincadeiras-kids-papelao_GettyImages-istock.jpg","width":1000,"height":666,"caption":"Father and son playing car racing with cardboard boxes"},{"@type":"BreadcrumbList","@id":"https:\/\/jornalfatosenoticias.com.br\/index.php\/2021\/08\/03\/cinco-atividades-para-entreter-as-criancas-nos-dias-de-frio\/#breadcrumb","itemListElement":[{"@type":"ListItem","position":1,"name":"In\u00edcio","item":"https:\/\/jornalfatosenoticias.com.br\/"},{"@type":"ListItem","position":2,"name":"Cinco atividades para entreter as crian\u00e7as nos dias de frio"}]},{"@type":"WebSite","@id":"https:\/\/jornalfatosenoticias.com.br\/#website","url":"https:\/\/jornalfatosenoticias.com.br\/","name":"Jornal Fatos e Not\u00edcias","description":"Not\u00edcias em geral","publisher":{"@id":"https:\/\/jornalfatosenoticias.com.br\/#organization"},"potentialAction":[{"@type":"SearchAction","target":{"@type":"EntryPoint","urlTemplate":"https:\/\/jornalfatosenoticias.com.br\/?s={search_term_string}"},"query-input":{"@type":"PropertyValueSpecification","valueRequired":true,"valueName":"search_term_string"}}],"inLanguage":"pt-BR"},{"@type":"Organization","@id":"https:\/\/jornalfatosenoticias.com.br\/#organization","name":"Jornal Fatos e Not\u00edcias","url":"https:\/\/jornalfatosenoticias.com.br\/","logo":{"@type":"ImageObject","inLanguage":"pt-BR","@id":"https:\/\/jornalfatosenoticias.com.br\/#\/schema\/logo\/image\/","url":"https:\/\/jornalfatosenoticias.com.br\/wp-content\/uploads\/2020\/02\/logo120.png","contentUrl":"https:\/\/jornalfatosenoticias.com.br\/wp-content\/uploads\/2020\/02\/logo120.png","width":1227,"height":120,"caption":"Jornal Fatos e Not\u00edcias"},"image":{"@id":"https:\/\/jornalfatosenoticias.com.br\/#\/schema\/logo\/image\/"}},{"@type":"Person","@id":"https:\/\/jornalfatosenoticias.com.br\/#\/schema\/person\/d63837fa13ac8666eb9e74e0985d6f81","name":"Luzimara Fernandes","image":{"@type":"ImageObject","inLanguage":"pt-BR","@id":"https:\/\/jornalfatosenoticias.com.br\/#\/schema\/person\/image\/","url":"https:\/\/jornalfatosenoticias.com.br\/wp-content\/uploads\/2025\/05\/EU_portal.jpg","contentUrl":"https:\/\/jornalfatosenoticias.com.br\/wp-content\/uploads\/2025\/05\/EU_portal.jpg","caption":"Luzimara Fernandes"},"description":"Jornalista MTB 2358-ES","sameAs":["https:\/\/jornalfatosenoticias.com.br"],"url":"https:\/\/jornalfatosenoticias.com.br\/index.php\/author\/luzimara\/"}]}},"cc_featured_image_caption":{"caption_text":"","source_text":"","source_url":""},"jetpack_featured_media_url":"https:\/\/jornalfatosenoticias.com.br\/wp-content\/uploads\/2021\/08\/brincadeiras-kids-papelao_GettyImages-istock.jpg","_links":{"self":[{"href":"https:\/\/jornalfatosenoticias.com.br\/index.php\/wp-json\/wp\/v2\/posts\/21421","targetHints":{"allow":["GET"]}}],"collection":[{"href":"https:\/\/jornalfatosenoticias.com.br\/index.php\/wp-json\/wp\/v2\/posts"}],"about":[{"href":"https:\/\/jornalfatosenoticias.com.br\/index.php\/wp-json\/wp\/v2\/types\/post"}],"author":[{"embeddable":true,"href":"https:\/\/jornalfatosenoticias.com.br\/index.php\/wp-json\/wp\/v2\/users\/2"}],"replies":[{"embeddable":true,"href":"https:\/\/jornalfatosenoticias.com.br\/index.php\/wp-json\/wp\/v2\/comments?post=21421"}],"version-history":[{"count":0,"href":"https:\/\/jornalfatosenoticias.com.br\/index.php\/wp-json\/wp\/v2\/posts\/21421\/revisions"}],"wp:featuredmedia":[{"embeddable":true,"href":"https:\/\/jornalfatosenoticias.com.br\/index.php\/wp-json\/wp\/v2\/media\/21425"}],"wp:attachment":[{"href":"https:\/\/jornalfatosenoticias.com.br\/index.php\/wp-json\/wp\/v2\/media?parent=21421"}],"wp:term":[{"taxonomy":"category","embeddable":true,"href":"https:\/\/jornalfatosenoticias.com.br\/index.php\/wp-json\/wp\/v2\/categories?post=21421"},{"taxonomy":"post_tag","embeddable":true,"href":"https:\/\/jornalfatosenoticias.com.br\/index.php\/wp-json\/wp\/v2\/tags?post=21421"}],"curies":[{"name":"wp","href":"https:\/\/api.w.org\/{rel}","templated":true}]}}