{"id":21607,"date":"2021-08-09T16:36:10","date_gmt":"2021-08-09T19:36:10","guid":{"rendered":"https:\/\/jornalfatosenoticias.com.br\/?p=21607"},"modified":"2021-08-09T16:36:43","modified_gmt":"2021-08-09T19:36:43","slug":"destinos-turisticos-rurais-podem-se-candidatar-ao-titulo-de-melhores-vilas-turisticas-do-mundo","status":"publish","type":"post","link":"https:\/\/jornalfatosenoticias.com.br\/index.php\/2021\/08\/09\/destinos-turisticos-rurais-podem-se-candidatar-ao-titulo-de-melhores-vilas-turisticas-do-mundo\/","title":{"rendered":"Destinos tur\u00edsticos rurais podem se candidatar ao t\u00edtulo de \u201cMelhores Vilas Tur\u00edsticas\u201d do mundo"},"content":{"rendered":"\n<p><em><span class=\"has-inline-color has-black-color\">Minist\u00e9rio do Turismo promove sele\u00e7\u00e3o simplificada para definir tr\u00eas candidaturas nacionais que ser\u00e3o encaminhadas para participar do concurso da OMT<\/span><\/em><\/p>\n\n\n\n<p>Est\u00e3o abertas, at\u00e9 o dia 20 de agosto, as inscri\u00e7\u00f5es para o concurso da Organiza\u00e7\u00e3o Mundial do Turismo (OMT) que vai eleger as \u201cMelhores Vilas Tur\u00edsticas\u201d do mundo em \u00e1reas rurais. Para concorrer \u00e0 premia\u00e7\u00e3o, as vilas devem participar de uma sele\u00e7\u00e3o interna, conduzida pelo Minist\u00e9rio do Turismo, que vai selecionar tr\u00eas localidades para representar o Brasil no concurso global. As inscri\u00e7\u00f5es devem ser enviadas para o e-mail <a href=\"mailto:candidaturas@turismo.gov.br\">candidaturas@turismo.gov.br<\/a> contendo todos os documentos solicitados na Chamada P\u00fablica preenchidos em ingl\u00eas e portugu\u00eas.<br>Acesse <a href=\"https:\/\/www.gov.br\/turismo\/pt-br\/acesso-a-informacao\/participacao-social\/chamadas-publicas-e-selecoes\/ChamadaPblicaSimplificadaOMT.pdf\">AQUI<\/a> a Chamada P\u00fablica.<br>O ministro do Turismo, Gilson Machado Neto, convida entidades p\u00fablicas e privadas de todo o Pa\u00eds a participarem da sele\u00e7\u00e3o.<\/p>\n\n\n\n<blockquote class=\"wp-block-quote is-layout-flow wp-block-quote-is-layout-flow\"><p><span class=\"has-inline-color has-luminous-vivid-orange-color\">\u201cAcreditamos que esta iniciativa deve contribuir para impulsionar o turismo rural, evidenciando as belezas e experi\u00eancias \u00fanicas que podemos oferecer no Brasil, al\u00e9m de possibilitar a troca de experi\u00eancias e o desenvolvimento sustent\u00e1vel desse segmento\u201d, destaca.<\/span><\/p><\/blockquote>\n\n\n\n<p>Podem participar da Chamada P\u00fablica localidades rurais com at\u00e9 15 mil habitantes que abriguem atividades tradicionais, como agricultura, silvicultura, pecu\u00e1ria ou pesca, e que compartilhem valores e o estilo de vida da comunidade. E, com isso, estimulam o papel do turismo na valoriza\u00e7\u00e3o e preserva\u00e7\u00e3o destas comunidades ou cidades.<br>Al\u00e9m destes pr\u00e9-requisitos j\u00e1 definidos pela OMT, detalhados <a href=\"https:\/\/www.unwto.org\/tourism-villages\/en\/\" target=\"_blank\" rel=\"noreferrer noopener\">AQUI<\/a>, o Minist\u00e9rio do Turismo levar\u00e1 em considera\u00e7\u00e3o outros tr\u00eas crit\u00e9rios para a classifica\u00e7\u00e3o dos destinos candidatos: estar posicionado digitalmente e conseguir divulgar seus produtos tur\u00edsticos; possuir a\u00e7\u00f5es de turismo de base comunit\u00e1ria ou produ\u00e7\u00e3o associada a cadeias, como a de alimentos e de artesanato; e ter um evento tradicional com visita\u00e7\u00e3o tur\u00edstica no calend\u00e1rio oficial.<\/p>\n\n\n\n<p><em><span class=\"has-inline-color has-black-color\">DECIS\u00c3O \u2014<\/span><\/em> O resultado do concurso ser\u00e1 anunciado em outubro, durante a Assembleia Geral da Organiza\u00e7\u00e3o Mundial do Turismo, prevista para ocorrer em Marraquexe, no Marrocos. Por meio de um selo, a OMT identificar\u00e1 as \u201cMelhores Vilas Tur\u00edsticas\u201d, que servir\u00e3o de exemplo de destinos rurais na rela\u00e7\u00e3o com bens culturais e naturais, a preserva\u00e7\u00e3o e a promo\u00e7\u00e3o de valores rurais e comunit\u00e1rios e a defesa da inova\u00e7\u00e3o e da sustentabilidade nos aspectos econ\u00f4micos, sociais e ambientais.<br>A OMT tamb\u00e9m disponibilizar\u00e1 um programa de apoio a aldeias e vilas que n\u00e3o tenham sido classificadas, neste primeiro momento, para obter o selo. E, ainda, criar\u00e1 uma rede para a troca de experi\u00eancias, boas pr\u00e1ticas, conhecimentos e oportunidades no desenvolvimento do turismo rural.<\/p>\n\n\n\n<p><strong><em>Fonte: <a href=\"https:\/\/www.gov.br\/turismo\/pt-br\/assuntos\/noticias\/destinos-turisticos-rurais-podem-se-candidatar-ao-titulo-de-201cmelhores-vilas-turisticas201d-do-mundo\">MTur<\/a><\/em><\/strong><\/p>\n","protected":false},"excerpt":{"rendered":"<p>Minist\u00e9rio do Turismo promove sele\u00e7\u00e3o simplificada para definir tr\u00eas candidaturas nacionais que ser\u00e3o encaminhadas para participar do concurso da OMT Est\u00e3o abertas, at\u00e9 o dia 20 de agosto, as inscri\u00e7\u00f5es para o concurso da Organiza\u00e7\u00e3o Mundial do Turismo (OMT) que vai eleger as \u201cMelhores Vilas Tur\u00edsticas\u201d do mundo em \u00e1reas rurais. Para concorrer \u00e0 premia\u00e7\u00e3o, [&hellip;]<\/p>\n","protected":false},"author":2,"featured_media":21608,"comment_status":"open","ping_status":"open","sticky":false,"template":"","format":"standard","meta":{"footnotes":""},"categories":[746],"tags":[3639,10541,10542,9170],"class_list":["post-21607","post","type-post","status-publish","format-standard","has-post-thumbnail","hentry","category-turismo","tag-concurso","tag-melhores-vilas-turisticas","tag-omt","tag-turismo-rural"],"yoast_head":"<!-- This site is optimized with the Yoast SEO plugin v26.5 - https:\/\/yoast.com\/wordpress\/plugins\/seo\/ -->\n<title>Destinos tur\u00edsticos rurais podem se candidatar ao t\u00edtulo de \u201cMelhores Vilas Tur\u00edsticas\u201d do mundo - Jornal Fatos e Not\u00edcias<\/title>\n<meta name=\"robots\" content=\"index, follow, max-snippet:-1, max-image-preview:large, max-video-preview:-1\" \/>\n<link rel=\"canonical\" href=\"https:\/\/jornalfatosenoticias.com.br\/index.php\/2021\/08\/09\/destinos-turisticos-rurais-podem-se-candidatar-ao-titulo-de-melhores-vilas-turisticas-do-mundo\/\" \/>\n<meta property=\"og:locale\" content=\"pt_BR\" \/>\n<meta property=\"og:type\" content=\"article\" \/>\n<meta property=\"og:title\" content=\"Destinos tur\u00edsticos rurais podem se candidatar ao t\u00edtulo de \u201cMelhores Vilas Tur\u00edsticas\u201d do mundo - Jornal Fatos e Not\u00edcias\" \/>\n<meta property=\"og:description\" content=\"Minist\u00e9rio do Turismo promove sele\u00e7\u00e3o simplificada para definir tr\u00eas candidaturas nacionais que ser\u00e3o encaminhadas para participar do concurso da OMT Est\u00e3o abertas, at\u00e9 o dia 20 de agosto, as inscri\u00e7\u00f5es para o concurso da Organiza\u00e7\u00e3o Mundial do Turismo (OMT) que vai eleger as \u201cMelhores Vilas Tur\u00edsticas\u201d do mundo em \u00e1reas rurais. Para concorrer \u00e0 premia\u00e7\u00e3o, [&hellip;]\" \/>\n<meta property=\"og:url\" content=\"https:\/\/jornalfatosenoticias.com.br\/index.php\/2021\/08\/09\/destinos-turisticos-rurais-podem-se-candidatar-ao-titulo-de-melhores-vilas-turisticas-do-mundo\/\" \/>\n<meta property=\"og:site_name\" content=\"Jornal Fatos e Not\u00edcias\" \/>\n<meta property=\"article:published_time\" content=\"2021-08-09T19:36:10+00:00\" \/>\n<meta property=\"article:modified_time\" content=\"2021-08-09T19:36:43+00:00\" \/>\n<meta property=\"og:image\" content=\"https:\/\/jornalfatosenoticias.com.br\/wp-content\/uploads\/2021\/08\/destinos-turisticos-rurais.png\" \/>\n\t<meta property=\"og:image:width\" content=\"1000\" \/>\n\t<meta property=\"og:image:height\" content=\"565\" \/>\n\t<meta property=\"og:image:type\" content=\"image\/png\" \/>\n<meta name=\"author\" content=\"Luzimara Fernandes\" \/>\n<meta name=\"twitter:card\" content=\"summary_large_image\" \/>\n<meta name=\"twitter:label1\" content=\"Escrito por\" \/>\n\t<meta name=\"twitter:data1\" content=\"Luzimara Fernandes\" \/>\n\t<meta name=\"twitter:label2\" content=\"Est. tempo de leitura\" \/>\n\t<meta name=\"twitter:data2\" content=\"2 minutos\" \/>\n<script type=\"application\/ld+json\" class=\"yoast-schema-graph\">{\"@context\":\"https:\/\/schema.org\",\"@graph\":[{\"@type\":\"Article\",\"@id\":\"https:\/\/jornalfatosenoticias.com.br\/index.php\/2021\/08\/09\/destinos-turisticos-rurais-podem-se-candidatar-ao-titulo-de-melhores-vilas-turisticas-do-mundo\/#article\",\"isPartOf\":{\"@id\":\"https:\/\/jornalfatosenoticias.com.br\/index.php\/2021\/08\/09\/destinos-turisticos-rurais-podem-se-candidatar-ao-titulo-de-melhores-vilas-turisticas-do-mundo\/\"},\"author\":{\"name\":\"Luzimara Fernandes\",\"@id\":\"https:\/\/jornalfatosenoticias.com.br\/#\/schema\/person\/d63837fa13ac8666eb9e74e0985d6f81\"},\"headline\":\"Destinos tur\u00edsticos rurais podem se candidatar ao t\u00edtulo de \u201cMelhores Vilas Tur\u00edsticas\u201d do mundo\",\"datePublished\":\"2021-08-09T19:36:10+00:00\",\"dateModified\":\"2021-08-09T19:36:43+00:00\",\"mainEntityOfPage\":{\"@id\":\"https:\/\/jornalfatosenoticias.com.br\/index.php\/2021\/08\/09\/destinos-turisticos-rurais-podem-se-candidatar-ao-titulo-de-melhores-vilas-turisticas-do-mundo\/\"},\"wordCount\":470,\"commentCount\":0,\"publisher\":{\"@id\":\"https:\/\/jornalfatosenoticias.com.br\/#organization\"},\"image\":{\"@id\":\"https:\/\/jornalfatosenoticias.com.br\/index.php\/2021\/08\/09\/destinos-turisticos-rurais-podem-se-candidatar-ao-titulo-de-melhores-vilas-turisticas-do-mundo\/#primaryimage\"},\"thumbnailUrl\":\"https:\/\/jornalfatosenoticias.com.br\/wp-content\/uploads\/2021\/08\/destinos-turisticos-rurais.png\",\"keywords\":[\"concurso\",\"Melhores Vilas Tur\u00edsticas\",\"OMT\",\"turismo rural\"],\"articleSection\":[\"Turismo\"],\"inLanguage\":\"pt-BR\",\"potentialAction\":[{\"@type\":\"CommentAction\",\"name\":\"Comment\",\"target\":[\"https:\/\/jornalfatosenoticias.com.br\/index.php\/2021\/08\/09\/destinos-turisticos-rurais-podem-se-candidatar-ao-titulo-de-melhores-vilas-turisticas-do-mundo\/#respond\"]}]},{\"@type\":\"WebPage\",\"@id\":\"https:\/\/jornalfatosenoticias.com.br\/index.php\/2021\/08\/09\/destinos-turisticos-rurais-podem-se-candidatar-ao-titulo-de-melhores-vilas-turisticas-do-mundo\/\",\"url\":\"https:\/\/jornalfatosenoticias.com.br\/index.php\/2021\/08\/09\/destinos-turisticos-rurais-podem-se-candidatar-ao-titulo-de-melhores-vilas-turisticas-do-mundo\/\",\"name\":\"Destinos tur\u00edsticos rurais podem se candidatar ao t\u00edtulo de \u201cMelhores Vilas Tur\u00edsticas\u201d do mundo - Jornal Fatos e Not\u00edcias\",\"isPartOf\":{\"@id\":\"https:\/\/jornalfatosenoticias.com.br\/#website\"},\"primaryImageOfPage\":{\"@id\":\"https:\/\/jornalfatosenoticias.com.br\/index.php\/2021\/08\/09\/destinos-turisticos-rurais-podem-se-candidatar-ao-titulo-de-melhores-vilas-turisticas-do-mundo\/#primaryimage\"},\"image\":{\"@id\":\"https:\/\/jornalfatosenoticias.com.br\/index.php\/2021\/08\/09\/destinos-turisticos-rurais-podem-se-candidatar-ao-titulo-de-melhores-vilas-turisticas-do-mundo\/#primaryimage\"},\"thumbnailUrl\":\"https:\/\/jornalfatosenoticias.com.br\/wp-content\/uploads\/2021\/08\/destinos-turisticos-rurais.png\",\"datePublished\":\"2021-08-09T19:36:10+00:00\",\"dateModified\":\"2021-08-09T19:36:43+00:00\",\"breadcrumb\":{\"@id\":\"https:\/\/jornalfatosenoticias.com.br\/index.php\/2021\/08\/09\/destinos-turisticos-rurais-podem-se-candidatar-ao-titulo-de-melhores-vilas-turisticas-do-mundo\/#breadcrumb\"},\"inLanguage\":\"pt-BR\",\"potentialAction\":[{\"@type\":\"ReadAction\",\"target\":[\"https:\/\/jornalfatosenoticias.com.br\/index.php\/2021\/08\/09\/destinos-turisticos-rurais-podem-se-candidatar-ao-titulo-de-melhores-vilas-turisticas-do-mundo\/\"]}]},{\"@type\":\"ImageObject\",\"inLanguage\":\"pt-BR\",\"@id\":\"https:\/\/jornalfatosenoticias.com.br\/index.php\/2021\/08\/09\/destinos-turisticos-rurais-podem-se-candidatar-ao-titulo-de-melhores-vilas-turisticas-do-mundo\/#primaryimage\",\"url\":\"https:\/\/jornalfatosenoticias.com.br\/wp-content\/uploads\/2021\/08\/destinos-turisticos-rurais.png\",\"contentUrl\":\"https:\/\/jornalfatosenoticias.com.br\/wp-content\/uploads\/2021\/08\/destinos-turisticos-rurais.png\",\"width\":1000,\"height\":565},{\"@type\":\"BreadcrumbList\",\"@id\":\"https:\/\/jornalfatosenoticias.com.br\/index.php\/2021\/08\/09\/destinos-turisticos-rurais-podem-se-candidatar-ao-titulo-de-melhores-vilas-turisticas-do-mundo\/#breadcrumb\",\"itemListElement\":[{\"@type\":\"ListItem\",\"position\":1,\"name\":\"In\u00edcio\",\"item\":\"https:\/\/jornalfatosenoticias.com.br\/\"},{\"@type\":\"ListItem\",\"position\":2,\"name\":\"Destinos tur\u00edsticos rurais podem se candidatar ao t\u00edtulo de \u201cMelhores Vilas Tur\u00edsticas\u201d do mundo\"}]},{\"@type\":\"WebSite\",\"@id\":\"https:\/\/jornalfatosenoticias.com.br\/#website\",\"url\":\"https:\/\/jornalfatosenoticias.com.br\/\",\"name\":\"Jornal Fatos e Not\u00edcias\",\"description\":\"Not\u00edcias em geral\",\"publisher\":{\"@id\":\"https:\/\/jornalfatosenoticias.com.br\/#organization\"},\"potentialAction\":[{\"@type\":\"SearchAction\",\"target\":{\"@type\":\"EntryPoint\",\"urlTemplate\":\"https:\/\/jornalfatosenoticias.com.br\/?s={search_term_string}\"},\"query-input\":{\"@type\":\"PropertyValueSpecification\",\"valueRequired\":true,\"valueName\":\"search_term_string\"}}],\"inLanguage\":\"pt-BR\"},{\"@type\":\"Organization\",\"@id\":\"https:\/\/jornalfatosenoticias.com.br\/#organization\",\"name\":\"Jornal Fatos e Not\u00edcias\",\"url\":\"https:\/\/jornalfatosenoticias.com.br\/\",\"logo\":{\"@type\":\"ImageObject\",\"inLanguage\":\"pt-BR\",\"@id\":\"https:\/\/jornalfatosenoticias.com.br\/#\/schema\/logo\/image\/\",\"url\":\"https:\/\/jornalfatosenoticias.com.br\/wp-content\/uploads\/2020\/02\/logo120.png\",\"contentUrl\":\"https:\/\/jornalfatosenoticias.com.br\/wp-content\/uploads\/2020\/02\/logo120.png\",\"width\":1227,\"height\":120,\"caption\":\"Jornal Fatos e Not\u00edcias\"},\"image\":{\"@id\":\"https:\/\/jornalfatosenoticias.com.br\/#\/schema\/logo\/image\/\"}},{\"@type\":\"Person\",\"@id\":\"https:\/\/jornalfatosenoticias.com.br\/#\/schema\/person\/d63837fa13ac8666eb9e74e0985d6f81\",\"name\":\"Luzimara Fernandes\",\"image\":{\"@type\":\"ImageObject\",\"inLanguage\":\"pt-BR\",\"@id\":\"https:\/\/jornalfatosenoticias.com.br\/#\/schema\/person\/image\/\",\"url\":\"https:\/\/jornalfatosenoticias.com.br\/wp-content\/uploads\/2025\/05\/EU_portal.jpg\",\"contentUrl\":\"https:\/\/jornalfatosenoticias.com.br\/wp-content\/uploads\/2025\/05\/EU_portal.jpg\",\"caption\":\"Luzimara Fernandes\"},\"description\":\"Jornalista MTB 2358-ES\",\"sameAs\":[\"https:\/\/jornalfatosenoticias.com.br\"],\"url\":\"https:\/\/jornalfatosenoticias.com.br\/index.php\/author\/luzimara\/\"}]}<\/script>\n<!-- \/ Yoast SEO plugin. -->","yoast_head_json":{"title":"Destinos tur\u00edsticos rurais podem se candidatar ao t\u00edtulo de \u201cMelhores Vilas Tur\u00edsticas\u201d do mundo - Jornal Fatos e Not\u00edcias","robots":{"index":"index","follow":"follow","max-snippet":"max-snippet:-1","max-image-preview":"max-image-preview:large","max-video-preview":"max-video-preview:-1"},"canonical":"https:\/\/jornalfatosenoticias.com.br\/index.php\/2021\/08\/09\/destinos-turisticos-rurais-podem-se-candidatar-ao-titulo-de-melhores-vilas-turisticas-do-mundo\/","og_locale":"pt_BR","og_type":"article","og_title":"Destinos tur\u00edsticos rurais podem se candidatar ao t\u00edtulo de \u201cMelhores Vilas Tur\u00edsticas\u201d do mundo - Jornal Fatos e Not\u00edcias","og_description":"Minist\u00e9rio do Turismo promove sele\u00e7\u00e3o simplificada para definir tr\u00eas candidaturas nacionais que ser\u00e3o encaminhadas para participar do concurso da OMT Est\u00e3o abertas, at\u00e9 o dia 20 de agosto, as inscri\u00e7\u00f5es para o concurso da Organiza\u00e7\u00e3o Mundial do Turismo (OMT) que vai eleger as \u201cMelhores Vilas Tur\u00edsticas\u201d do mundo em \u00e1reas rurais. Para concorrer \u00e0 premia\u00e7\u00e3o, [&hellip;]","og_url":"https:\/\/jornalfatosenoticias.com.br\/index.php\/2021\/08\/09\/destinos-turisticos-rurais-podem-se-candidatar-ao-titulo-de-melhores-vilas-turisticas-do-mundo\/","og_site_name":"Jornal Fatos e Not\u00edcias","article_published_time":"2021-08-09T19:36:10+00:00","article_modified_time":"2021-08-09T19:36:43+00:00","og_image":[{"width":1000,"height":565,"url":"https:\/\/jornalfatosenoticias.com.br\/wp-content\/uploads\/2021\/08\/destinos-turisticos-rurais.png","type":"image\/png"}],"author":"Luzimara Fernandes","twitter_card":"summary_large_image","twitter_misc":{"Escrito por":"Luzimara Fernandes","Est. tempo de leitura":"2 minutos"},"schema":{"@context":"https:\/\/schema.org","@graph":[{"@type":"Article","@id":"https:\/\/jornalfatosenoticias.com.br\/index.php\/2021\/08\/09\/destinos-turisticos-rurais-podem-se-candidatar-ao-titulo-de-melhores-vilas-turisticas-do-mundo\/#article","isPartOf":{"@id":"https:\/\/jornalfatosenoticias.com.br\/index.php\/2021\/08\/09\/destinos-turisticos-rurais-podem-se-candidatar-ao-titulo-de-melhores-vilas-turisticas-do-mundo\/"},"author":{"name":"Luzimara Fernandes","@id":"https:\/\/jornalfatosenoticias.com.br\/#\/schema\/person\/d63837fa13ac8666eb9e74e0985d6f81"},"headline":"Destinos tur\u00edsticos rurais podem se candidatar ao t\u00edtulo de \u201cMelhores Vilas Tur\u00edsticas\u201d do mundo","datePublished":"2021-08-09T19:36:10+00:00","dateModified":"2021-08-09T19:36:43+00:00","mainEntityOfPage":{"@id":"https:\/\/jornalfatosenoticias.com.br\/index.php\/2021\/08\/09\/destinos-turisticos-rurais-podem-se-candidatar-ao-titulo-de-melhores-vilas-turisticas-do-mundo\/"},"wordCount":470,"commentCount":0,"publisher":{"@id":"https:\/\/jornalfatosenoticias.com.br\/#organization"},"image":{"@id":"https:\/\/jornalfatosenoticias.com.br\/index.php\/2021\/08\/09\/destinos-turisticos-rurais-podem-se-candidatar-ao-titulo-de-melhores-vilas-turisticas-do-mundo\/#primaryimage"},"thumbnailUrl":"https:\/\/jornalfatosenoticias.com.br\/wp-content\/uploads\/2021\/08\/destinos-turisticos-rurais.png","keywords":["concurso","Melhores Vilas Tur\u00edsticas","OMT","turismo rural"],"articleSection":["Turismo"],"inLanguage":"pt-BR","potentialAction":[{"@type":"CommentAction","name":"Comment","target":["https:\/\/jornalfatosenoticias.com.br\/index.php\/2021\/08\/09\/destinos-turisticos-rurais-podem-se-candidatar-ao-titulo-de-melhores-vilas-turisticas-do-mundo\/#respond"]}]},{"@type":"WebPage","@id":"https:\/\/jornalfatosenoticias.com.br\/index.php\/2021\/08\/09\/destinos-turisticos-rurais-podem-se-candidatar-ao-titulo-de-melhores-vilas-turisticas-do-mundo\/","url":"https:\/\/jornalfatosenoticias.com.br\/index.php\/2021\/08\/09\/destinos-turisticos-rurais-podem-se-candidatar-ao-titulo-de-melhores-vilas-turisticas-do-mundo\/","name":"Destinos tur\u00edsticos rurais podem se candidatar ao t\u00edtulo de \u201cMelhores Vilas Tur\u00edsticas\u201d do mundo - Jornal Fatos e Not\u00edcias","isPartOf":{"@id":"https:\/\/jornalfatosenoticias.com.br\/#website"},"primaryImageOfPage":{"@id":"https:\/\/jornalfatosenoticias.com.br\/index.php\/2021\/08\/09\/destinos-turisticos-rurais-podem-se-candidatar-ao-titulo-de-melhores-vilas-turisticas-do-mundo\/#primaryimage"},"image":{"@id":"https:\/\/jornalfatosenoticias.com.br\/index.php\/2021\/08\/09\/destinos-turisticos-rurais-podem-se-candidatar-ao-titulo-de-melhores-vilas-turisticas-do-mundo\/#primaryimage"},"thumbnailUrl":"https:\/\/jornalfatosenoticias.com.br\/wp-content\/uploads\/2021\/08\/destinos-turisticos-rurais.png","datePublished":"2021-08-09T19:36:10+00:00","dateModified":"2021-08-09T19:36:43+00:00","breadcrumb":{"@id":"https:\/\/jornalfatosenoticias.com.br\/index.php\/2021\/08\/09\/destinos-turisticos-rurais-podem-se-candidatar-ao-titulo-de-melhores-vilas-turisticas-do-mundo\/#breadcrumb"},"inLanguage":"pt-BR","potentialAction":[{"@type":"ReadAction","target":["https:\/\/jornalfatosenoticias.com.br\/index.php\/2021\/08\/09\/destinos-turisticos-rurais-podem-se-candidatar-ao-titulo-de-melhores-vilas-turisticas-do-mundo\/"]}]},{"@type":"ImageObject","inLanguage":"pt-BR","@id":"https:\/\/jornalfatosenoticias.com.br\/index.php\/2021\/08\/09\/destinos-turisticos-rurais-podem-se-candidatar-ao-titulo-de-melhores-vilas-turisticas-do-mundo\/#primaryimage","url":"https:\/\/jornalfatosenoticias.com.br\/wp-content\/uploads\/2021\/08\/destinos-turisticos-rurais.png","contentUrl":"https:\/\/jornalfatosenoticias.com.br\/wp-content\/uploads\/2021\/08\/destinos-turisticos-rurais.png","width":1000,"height":565},{"@type":"BreadcrumbList","@id":"https:\/\/jornalfatosenoticias.com.br\/index.php\/2021\/08\/09\/destinos-turisticos-rurais-podem-se-candidatar-ao-titulo-de-melhores-vilas-turisticas-do-mundo\/#breadcrumb","itemListElement":[{"@type":"ListItem","position":1,"name":"In\u00edcio","item":"https:\/\/jornalfatosenoticias.com.br\/"},{"@type":"ListItem","position":2,"name":"Destinos tur\u00edsticos rurais podem se candidatar ao t\u00edtulo de \u201cMelhores Vilas Tur\u00edsticas\u201d do mundo"}]},{"@type":"WebSite","@id":"https:\/\/jornalfatosenoticias.com.br\/#website","url":"https:\/\/jornalfatosenoticias.com.br\/","name":"Jornal Fatos e Not\u00edcias","description":"Not\u00edcias em geral","publisher":{"@id":"https:\/\/jornalfatosenoticias.com.br\/#organization"},"potentialAction":[{"@type":"SearchAction","target":{"@type":"EntryPoint","urlTemplate":"https:\/\/jornalfatosenoticias.com.br\/?s={search_term_string}"},"query-input":{"@type":"PropertyValueSpecification","valueRequired":true,"valueName":"search_term_string"}}],"inLanguage":"pt-BR"},{"@type":"Organization","@id":"https:\/\/jornalfatosenoticias.com.br\/#organization","name":"Jornal Fatos e Not\u00edcias","url":"https:\/\/jornalfatosenoticias.com.br\/","logo":{"@type":"ImageObject","inLanguage":"pt-BR","@id":"https:\/\/jornalfatosenoticias.com.br\/#\/schema\/logo\/image\/","url":"https:\/\/jornalfatosenoticias.com.br\/wp-content\/uploads\/2020\/02\/logo120.png","contentUrl":"https:\/\/jornalfatosenoticias.com.br\/wp-content\/uploads\/2020\/02\/logo120.png","width":1227,"height":120,"caption":"Jornal Fatos e Not\u00edcias"},"image":{"@id":"https:\/\/jornalfatosenoticias.com.br\/#\/schema\/logo\/image\/"}},{"@type":"Person","@id":"https:\/\/jornalfatosenoticias.com.br\/#\/schema\/person\/d63837fa13ac8666eb9e74e0985d6f81","name":"Luzimara Fernandes","image":{"@type":"ImageObject","inLanguage":"pt-BR","@id":"https:\/\/jornalfatosenoticias.com.br\/#\/schema\/person\/image\/","url":"https:\/\/jornalfatosenoticias.com.br\/wp-content\/uploads\/2025\/05\/EU_portal.jpg","contentUrl":"https:\/\/jornalfatosenoticias.com.br\/wp-content\/uploads\/2025\/05\/EU_portal.jpg","caption":"Luzimara Fernandes"},"description":"Jornalista MTB 2358-ES","sameAs":["https:\/\/jornalfatosenoticias.com.br"],"url":"https:\/\/jornalfatosenoticias.com.br\/index.php\/author\/luzimara\/"}]}},"cc_featured_image_caption":{"caption_text":"(Foto: Secom da Prefeitura de Joinville\/SC)","source_text":"","source_url":""},"jetpack_featured_media_url":"https:\/\/jornalfatosenoticias.com.br\/wp-content\/uploads\/2021\/08\/destinos-turisticos-rurais.png","_links":{"self":[{"href":"https:\/\/jornalfatosenoticias.com.br\/index.php\/wp-json\/wp\/v2\/posts\/21607","targetHints":{"allow":["GET"]}}],"collection":[{"href":"https:\/\/jornalfatosenoticias.com.br\/index.php\/wp-json\/wp\/v2\/posts"}],"about":[{"href":"https:\/\/jornalfatosenoticias.com.br\/index.php\/wp-json\/wp\/v2\/types\/post"}],"author":[{"embeddable":true,"href":"https:\/\/jornalfatosenoticias.com.br\/index.php\/wp-json\/wp\/v2\/users\/2"}],"replies":[{"embeddable":true,"href":"https:\/\/jornalfatosenoticias.com.br\/index.php\/wp-json\/wp\/v2\/comments?post=21607"}],"version-history":[{"count":0,"href":"https:\/\/jornalfatosenoticias.com.br\/index.php\/wp-json\/wp\/v2\/posts\/21607\/revisions"}],"wp:featuredmedia":[{"embeddable":true,"href":"https:\/\/jornalfatosenoticias.com.br\/index.php\/wp-json\/wp\/v2\/media\/21608"}],"wp:attachment":[{"href":"https:\/\/jornalfatosenoticias.com.br\/index.php\/wp-json\/wp\/v2\/media?parent=21607"}],"wp:term":[{"taxonomy":"category","embeddable":true,"href":"https:\/\/jornalfatosenoticias.com.br\/index.php\/wp-json\/wp\/v2\/categories?post=21607"},{"taxonomy":"post_tag","embeddable":true,"href":"https:\/\/jornalfatosenoticias.com.br\/index.php\/wp-json\/wp\/v2\/tags?post=21607"}],"curies":[{"name":"wp","href":"https:\/\/api.w.org\/{rel}","templated":true}]}}