{"id":21610,"date":"2021-08-09T16:46:10","date_gmt":"2021-08-09T19:46:10","guid":{"rendered":"https:\/\/jornalfatosenoticias.com.br\/?p=21610"},"modified":"2021-08-09T16:46:16","modified_gmt":"2021-08-09T19:46:16","slug":"lira-anuncia-que-o-plenario-vai-decidir-sobre-proposta-do-voto-impresso","status":"publish","type":"post","link":"https:\/\/jornalfatosenoticias.com.br\/index.php\/2021\/08\/09\/lira-anuncia-que-o-plenario-vai-decidir-sobre-proposta-do-voto-impresso\/","title":{"rendered":"Lira anuncia que o Plen\u00e1rio vai decidir sobre proposta do voto impresso"},"content":{"rendered":"\n<p><em><span class=\"has-inline-color has-black-color\">\u201cN\u00e3o h\u00e1 nada mais amplo e representativo do que o Plen\u00e1rio se manifestar, s\u00f3 assim teremos uma decis\u00e3o inquestion\u00e1vel&#8221;, disse<\/span><\/em><\/p>\n\n\n\n<p>O presidente da C\u00e2mara dos Deputados, <a href=\"https:\/\/www.camara.leg.br\/deputados\/160541\">Arthur Lira (PP-AL)<\/a>, disse na sexta-feira (6) que a decis\u00e3o sobre a proposta de emenda constitucional que torna obrigat\u00f3rio o voto impresso ser\u00e1 tomada pelo Plen\u00e1rio da Casa. Segundo Lira, a proposta \u00e9 pol\u00eamica e tem dividido o Pa\u00eds, e, por essa raz\u00e3o, \u00e9 preciso da an\u00e1lise dos 513 deputados para uma defini\u00e7\u00e3o. Para ele, \u201ca disputa j\u00e1 foi longe demais\u201d.<\/p>\n\n\n\n<p><a href=\"https:\/\/www.camara.leg.br\/noticias\/791016-integra-do-pronunciamento-do-presidente-da-camara-arthur-lira\/\">Leia a \u00edntegra do pronunciamento do presidente da C\u00e2mara<\/a><\/p>\n\n\n\n<figure class=\"wp-block-embed-youtube wp-block-embed is-type-video is-provider-youtube wp-embed-aspect-16-9 wp-has-aspect-ratio\"><div class=\"wp-block-embed__wrapper\">\n<iframe loading=\"lazy\" title=\"Lira: decis\u00e3o sobre voto impresso vai a plen\u00e1rio - 06\/08\/21\" width=\"660\" height=\"371\" src=\"https:\/\/www.youtube.com\/embed\/qsAJOWRbZBw?feature=oembed\" frameborder=\"0\" allow=\"accelerometer; autoplay; clipboard-write; encrypted-media; gyroscope; picture-in-picture; web-share\" referrerpolicy=\"strict-origin-when-cross-origin\" allowfullscreen><\/iframe>\n<\/div><\/figure>\n\n\n\n<p>Ontem, o presidente j\u00e1 havia explicado que, pelo Regimento Interno, as comiss\u00f5es especiais t\u00eam car\u00e1ter opinativo e n\u00e3o terminativo e, portanto, o relat\u00f3rio \u00e9 apenas uma sugest\u00e3o a ser analisada pelo Plen\u00e1rio.<\/p>\n\n\n\n<blockquote class=\"wp-block-quote is-layout-flow wp-block-quote-is-layout-flow\"><p><span class=\"has-inline-color has-luminous-vivid-orange-color\">\u201cN\u00e3o h\u00e1 nada mais amplo e representativo do que o Plen\u00e1rio se manifestar, s\u00f3 assim teremos uma decis\u00e3o inquestion\u00e1vel. O Plen\u00e1rio \u00e9 a express\u00e3o da nossa democracia e vamos deix\u00e1-lo decidir\u201d, afirmou.<\/span><\/p><\/blockquote>\n\n\n\n<p>Segundo Lira, a decis\u00e3o de levar a PEC do voto impresso para o Plen\u00e1rio da C\u00e2mara\u00a0 garante a tranquilidade para as pr\u00f3ximas elei\u00e7\u00f5es. &#8220;Para que possamos trabalhar em paz at\u00e9 janeiro de 2023, vamos levar o voto impresso para o Plen\u00e1rio para que todos os parlamentares possam decidir, estes que foram eleitos pelo voto eletr\u00f4nico, diga-se de passagem\u201d, disse.<br>Lira disse para n\u00e3o contar com sua participa\u00e7\u00e3o em qualquer tipo de a\u00e7\u00e3o que rompa com a independ\u00eancia e harmonia entre os poderes. Ele reafirmou que vai continuar no caminho da institucionalidade e da defesa da democracia.<br>A comiss\u00e3o especial que analisou a proposta de voto impresso <a href=\"https:\/\/www.camara.leg.br\/noticias\/598363-pec-torna-obrigatorio-voto-impresso-em-eleicoes-no-brasil\">(PEC 135\/19) recomendou na \u00faltima sexta-feira (6) que o Plen\u00e1rio rejeite o texto<\/a>. O parecer elaborado pelo relator, deputado <a href=\"https:\/\/www.camara.leg.br\/deputados\/141523\">Raul Henry (MDB-PE)<\/a>, foi aprovado por <a href=\"https:\/\/www.camara.leg.br\/presenca-comissoes\/votacao-portal?reuniao=62571\">22 votos a 11<\/a>.<\/p>\n\n\n\n<p><strong><em>Fonte: <a href=\"https:\/\/www.camara.leg.br\/noticias\/790968-lira-anuncia-que-o-plenario-vai-decidir-sobre-proposta-do-voto-impresso\/\">Ag\u00eancia C\u00e2mara de Not\u00edcias<\/a><\/em><\/strong><\/p>\n","protected":false},"excerpt":{"rendered":"<p>\u201cN\u00e3o h\u00e1 nada mais amplo e representativo do que o Plen\u00e1rio se manifestar, s\u00f3 assim teremos uma decis\u00e3o inquestion\u00e1vel&#8221;, disse O presidente da C\u00e2mara dos Deputados, Arthur Lira (PP-AL), disse na sexta-feira (6) que a decis\u00e3o sobre a proposta de emenda constitucional que torna obrigat\u00f3rio o voto impresso ser\u00e1 tomada pelo Plen\u00e1rio da Casa. Segundo [&hellip;]<\/p>\n","protected":false},"author":2,"featured_media":21611,"comment_status":"open","ping_status":"open","sticky":false,"template":"","format":"standard","meta":{"footnotes":""},"categories":[10],"tags":[10543,982,1475,10544],"class_list":["post-21610","post","type-post","status-publish","format-standard","has-post-thumbnail","hentry","category-politica","tag-arthur-lira","tag-camara-dos-deputados","tag-pec","tag-voto-impresso"],"yoast_head":"<!-- This site is optimized with the Yoast SEO plugin v26.5 - https:\/\/yoast.com\/wordpress\/plugins\/seo\/ -->\n<title>Lira anuncia que o Plen\u00e1rio vai decidir sobre proposta do voto impresso - Jornal Fatos e Not\u00edcias<\/title>\n<meta name=\"robots\" content=\"index, follow, max-snippet:-1, max-image-preview:large, max-video-preview:-1\" \/>\n<link rel=\"canonical\" href=\"https:\/\/jornalfatosenoticias.com.br\/index.php\/2021\/08\/09\/lira-anuncia-que-o-plenario-vai-decidir-sobre-proposta-do-voto-impresso\/\" \/>\n<meta property=\"og:locale\" content=\"pt_BR\" \/>\n<meta property=\"og:type\" content=\"article\" \/>\n<meta property=\"og:title\" content=\"Lira anuncia que o Plen\u00e1rio vai decidir sobre proposta do voto impresso - Jornal Fatos e Not\u00edcias\" \/>\n<meta property=\"og:description\" content=\"\u201cN\u00e3o h\u00e1 nada mais amplo e representativo do que o Plen\u00e1rio se manifestar, s\u00f3 assim teremos uma decis\u00e3o inquestion\u00e1vel&#8221;, disse O presidente da C\u00e2mara dos Deputados, Arthur Lira (PP-AL), disse na sexta-feira (6) que a decis\u00e3o sobre a proposta de emenda constitucional que torna obrigat\u00f3rio o voto impresso ser\u00e1 tomada pelo Plen\u00e1rio da Casa. Segundo [&hellip;]\" \/>\n<meta property=\"og:url\" content=\"https:\/\/jornalfatosenoticias.com.br\/index.php\/2021\/08\/09\/lira-anuncia-que-o-plenario-vai-decidir-sobre-proposta-do-voto-impresso\/\" \/>\n<meta property=\"og:site_name\" content=\"Jornal Fatos e Not\u00edcias\" \/>\n<meta property=\"article:published_time\" content=\"2021-08-09T19:46:10+00:00\" \/>\n<meta property=\"article:modified_time\" content=\"2021-08-09T19:46:16+00:00\" \/>\n<meta property=\"og:image\" content=\"https:\/\/jornalfatosenoticias.com.br\/wp-content\/uploads\/2021\/08\/lira.jpg\" \/>\n\t<meta property=\"og:image:width\" content=\"1000\" \/>\n\t<meta property=\"og:image:height\" content=\"639\" \/>\n\t<meta property=\"og:image:type\" content=\"image\/jpeg\" \/>\n<meta name=\"author\" content=\"Luzimara Fernandes\" \/>\n<meta name=\"twitter:card\" content=\"summary_large_image\" \/>\n<meta name=\"twitter:label1\" content=\"Escrito por\" \/>\n\t<meta name=\"twitter:data1\" content=\"Luzimara Fernandes\" \/>\n\t<meta name=\"twitter:label2\" content=\"Est. tempo de leitura\" \/>\n\t<meta name=\"twitter:data2\" content=\"2 minutos\" \/>\n<script type=\"application\/ld+json\" class=\"yoast-schema-graph\">{\"@context\":\"https:\/\/schema.org\",\"@graph\":[{\"@type\":\"Article\",\"@id\":\"https:\/\/jornalfatosenoticias.com.br\/index.php\/2021\/08\/09\/lira-anuncia-que-o-plenario-vai-decidir-sobre-proposta-do-voto-impresso\/#article\",\"isPartOf\":{\"@id\":\"https:\/\/jornalfatosenoticias.com.br\/index.php\/2021\/08\/09\/lira-anuncia-que-o-plenario-vai-decidir-sobre-proposta-do-voto-impresso\/\"},\"author\":{\"name\":\"Luzimara Fernandes\",\"@id\":\"https:\/\/jornalfatosenoticias.com.br\/#\/schema\/person\/d63837fa13ac8666eb9e74e0985d6f81\"},\"headline\":\"Lira anuncia que o Plen\u00e1rio vai decidir sobre proposta do voto impresso\",\"datePublished\":\"2021-08-09T19:46:10+00:00\",\"dateModified\":\"2021-08-09T19:46:16+00:00\",\"mainEntityOfPage\":{\"@id\":\"https:\/\/jornalfatosenoticias.com.br\/index.php\/2021\/08\/09\/lira-anuncia-que-o-plenario-vai-decidir-sobre-proposta-do-voto-impresso\/\"},\"wordCount\":358,\"commentCount\":0,\"publisher\":{\"@id\":\"https:\/\/jornalfatosenoticias.com.br\/#organization\"},\"image\":{\"@id\":\"https:\/\/jornalfatosenoticias.com.br\/index.php\/2021\/08\/09\/lira-anuncia-que-o-plenario-vai-decidir-sobre-proposta-do-voto-impresso\/#primaryimage\"},\"thumbnailUrl\":\"https:\/\/jornalfatosenoticias.com.br\/wp-content\/uploads\/2021\/08\/lira.jpg\",\"keywords\":[\"Arthur Lira\",\"C\u00e2mara dos Deputados\",\"PEC\",\"voto impresso\"],\"articleSection\":[\"Pol\u00edtica\"],\"inLanguage\":\"pt-BR\",\"potentialAction\":[{\"@type\":\"CommentAction\",\"name\":\"Comment\",\"target\":[\"https:\/\/jornalfatosenoticias.com.br\/index.php\/2021\/08\/09\/lira-anuncia-que-o-plenario-vai-decidir-sobre-proposta-do-voto-impresso\/#respond\"]}]},{\"@type\":\"WebPage\",\"@id\":\"https:\/\/jornalfatosenoticias.com.br\/index.php\/2021\/08\/09\/lira-anuncia-que-o-plenario-vai-decidir-sobre-proposta-do-voto-impresso\/\",\"url\":\"https:\/\/jornalfatosenoticias.com.br\/index.php\/2021\/08\/09\/lira-anuncia-que-o-plenario-vai-decidir-sobre-proposta-do-voto-impresso\/\",\"name\":\"Lira anuncia que o Plen\u00e1rio vai decidir sobre proposta do voto impresso - Jornal Fatos e Not\u00edcias\",\"isPartOf\":{\"@id\":\"https:\/\/jornalfatosenoticias.com.br\/#website\"},\"primaryImageOfPage\":{\"@id\":\"https:\/\/jornalfatosenoticias.com.br\/index.php\/2021\/08\/09\/lira-anuncia-que-o-plenario-vai-decidir-sobre-proposta-do-voto-impresso\/#primaryimage\"},\"image\":{\"@id\":\"https:\/\/jornalfatosenoticias.com.br\/index.php\/2021\/08\/09\/lira-anuncia-que-o-plenario-vai-decidir-sobre-proposta-do-voto-impresso\/#primaryimage\"},\"thumbnailUrl\":\"https:\/\/jornalfatosenoticias.com.br\/wp-content\/uploads\/2021\/08\/lira.jpg\",\"datePublished\":\"2021-08-09T19:46:10+00:00\",\"dateModified\":\"2021-08-09T19:46:16+00:00\",\"breadcrumb\":{\"@id\":\"https:\/\/jornalfatosenoticias.com.br\/index.php\/2021\/08\/09\/lira-anuncia-que-o-plenario-vai-decidir-sobre-proposta-do-voto-impresso\/#breadcrumb\"},\"inLanguage\":\"pt-BR\",\"potentialAction\":[{\"@type\":\"ReadAction\",\"target\":[\"https:\/\/jornalfatosenoticias.com.br\/index.php\/2021\/08\/09\/lira-anuncia-que-o-plenario-vai-decidir-sobre-proposta-do-voto-impresso\/\"]}]},{\"@type\":\"ImageObject\",\"inLanguage\":\"pt-BR\",\"@id\":\"https:\/\/jornalfatosenoticias.com.br\/index.php\/2021\/08\/09\/lira-anuncia-que-o-plenario-vai-decidir-sobre-proposta-do-voto-impresso\/#primaryimage\",\"url\":\"https:\/\/jornalfatosenoticias.com.br\/wp-content\/uploads\/2021\/08\/lira.jpg\",\"contentUrl\":\"https:\/\/jornalfatosenoticias.com.br\/wp-content\/uploads\/2021\/08\/lira.jpg\",\"width\":1000,\"height\":639},{\"@type\":\"BreadcrumbList\",\"@id\":\"https:\/\/jornalfatosenoticias.com.br\/index.php\/2021\/08\/09\/lira-anuncia-que-o-plenario-vai-decidir-sobre-proposta-do-voto-impresso\/#breadcrumb\",\"itemListElement\":[{\"@type\":\"ListItem\",\"position\":1,\"name\":\"In\u00edcio\",\"item\":\"https:\/\/jornalfatosenoticias.com.br\/\"},{\"@type\":\"ListItem\",\"position\":2,\"name\":\"Lira anuncia que o Plen\u00e1rio vai decidir sobre proposta do voto impresso\"}]},{\"@type\":\"WebSite\",\"@id\":\"https:\/\/jornalfatosenoticias.com.br\/#website\",\"url\":\"https:\/\/jornalfatosenoticias.com.br\/\",\"name\":\"Jornal Fatos e Not\u00edcias\",\"description\":\"Not\u00edcias em geral\",\"publisher\":{\"@id\":\"https:\/\/jornalfatosenoticias.com.br\/#organization\"},\"potentialAction\":[{\"@type\":\"SearchAction\",\"target\":{\"@type\":\"EntryPoint\",\"urlTemplate\":\"https:\/\/jornalfatosenoticias.com.br\/?s={search_term_string}\"},\"query-input\":{\"@type\":\"PropertyValueSpecification\",\"valueRequired\":true,\"valueName\":\"search_term_string\"}}],\"inLanguage\":\"pt-BR\"},{\"@type\":\"Organization\",\"@id\":\"https:\/\/jornalfatosenoticias.com.br\/#organization\",\"name\":\"Jornal Fatos e Not\u00edcias\",\"url\":\"https:\/\/jornalfatosenoticias.com.br\/\",\"logo\":{\"@type\":\"ImageObject\",\"inLanguage\":\"pt-BR\",\"@id\":\"https:\/\/jornalfatosenoticias.com.br\/#\/schema\/logo\/image\/\",\"url\":\"https:\/\/jornalfatosenoticias.com.br\/wp-content\/uploads\/2020\/02\/logo120.png\",\"contentUrl\":\"https:\/\/jornalfatosenoticias.com.br\/wp-content\/uploads\/2020\/02\/logo120.png\",\"width\":1227,\"height\":120,\"caption\":\"Jornal Fatos e Not\u00edcias\"},\"image\":{\"@id\":\"https:\/\/jornalfatosenoticias.com.br\/#\/schema\/logo\/image\/\"}},{\"@type\":\"Person\",\"@id\":\"https:\/\/jornalfatosenoticias.com.br\/#\/schema\/person\/d63837fa13ac8666eb9e74e0985d6f81\",\"name\":\"Luzimara Fernandes\",\"image\":{\"@type\":\"ImageObject\",\"inLanguage\":\"pt-BR\",\"@id\":\"https:\/\/jornalfatosenoticias.com.br\/#\/schema\/person\/image\/\",\"url\":\"https:\/\/jornalfatosenoticias.com.br\/wp-content\/uploads\/2025\/05\/EU_portal.jpg\",\"contentUrl\":\"https:\/\/jornalfatosenoticias.com.br\/wp-content\/uploads\/2025\/05\/EU_portal.jpg\",\"caption\":\"Luzimara Fernandes\"},\"description\":\"Jornalista MTB 2358-ES\",\"sameAs\":[\"https:\/\/jornalfatosenoticias.com.br\"],\"url\":\"https:\/\/jornalfatosenoticias.com.br\/index.php\/author\/luzimara\/\"}]}<\/script>\n<!-- \/ Yoast SEO plugin. -->","yoast_head_json":{"title":"Lira anuncia que o Plen\u00e1rio vai decidir sobre proposta do voto impresso - Jornal Fatos e Not\u00edcias","robots":{"index":"index","follow":"follow","max-snippet":"max-snippet:-1","max-image-preview":"max-image-preview:large","max-video-preview":"max-video-preview:-1"},"canonical":"https:\/\/jornalfatosenoticias.com.br\/index.php\/2021\/08\/09\/lira-anuncia-que-o-plenario-vai-decidir-sobre-proposta-do-voto-impresso\/","og_locale":"pt_BR","og_type":"article","og_title":"Lira anuncia que o Plen\u00e1rio vai decidir sobre proposta do voto impresso - Jornal Fatos e Not\u00edcias","og_description":"\u201cN\u00e3o h\u00e1 nada mais amplo e representativo do que o Plen\u00e1rio se manifestar, s\u00f3 assim teremos uma decis\u00e3o inquestion\u00e1vel&#8221;, disse O presidente da C\u00e2mara dos Deputados, Arthur Lira (PP-AL), disse na sexta-feira (6) que a decis\u00e3o sobre a proposta de emenda constitucional que torna obrigat\u00f3rio o voto impresso ser\u00e1 tomada pelo Plen\u00e1rio da Casa. Segundo [&hellip;]","og_url":"https:\/\/jornalfatosenoticias.com.br\/index.php\/2021\/08\/09\/lira-anuncia-que-o-plenario-vai-decidir-sobre-proposta-do-voto-impresso\/","og_site_name":"Jornal Fatos e Not\u00edcias","article_published_time":"2021-08-09T19:46:10+00:00","article_modified_time":"2021-08-09T19:46:16+00:00","og_image":[{"width":1000,"height":639,"url":"https:\/\/jornalfatosenoticias.com.br\/wp-content\/uploads\/2021\/08\/lira.jpg","type":"image\/jpeg"}],"author":"Luzimara Fernandes","twitter_card":"summary_large_image","twitter_misc":{"Escrito por":"Luzimara Fernandes","Est. tempo de leitura":"2 minutos"},"schema":{"@context":"https:\/\/schema.org","@graph":[{"@type":"Article","@id":"https:\/\/jornalfatosenoticias.com.br\/index.php\/2021\/08\/09\/lira-anuncia-que-o-plenario-vai-decidir-sobre-proposta-do-voto-impresso\/#article","isPartOf":{"@id":"https:\/\/jornalfatosenoticias.com.br\/index.php\/2021\/08\/09\/lira-anuncia-que-o-plenario-vai-decidir-sobre-proposta-do-voto-impresso\/"},"author":{"name":"Luzimara Fernandes","@id":"https:\/\/jornalfatosenoticias.com.br\/#\/schema\/person\/d63837fa13ac8666eb9e74e0985d6f81"},"headline":"Lira anuncia que o Plen\u00e1rio vai decidir sobre proposta do voto impresso","datePublished":"2021-08-09T19:46:10+00:00","dateModified":"2021-08-09T19:46:16+00:00","mainEntityOfPage":{"@id":"https:\/\/jornalfatosenoticias.com.br\/index.php\/2021\/08\/09\/lira-anuncia-que-o-plenario-vai-decidir-sobre-proposta-do-voto-impresso\/"},"wordCount":358,"commentCount":0,"publisher":{"@id":"https:\/\/jornalfatosenoticias.com.br\/#organization"},"image":{"@id":"https:\/\/jornalfatosenoticias.com.br\/index.php\/2021\/08\/09\/lira-anuncia-que-o-plenario-vai-decidir-sobre-proposta-do-voto-impresso\/#primaryimage"},"thumbnailUrl":"https:\/\/jornalfatosenoticias.com.br\/wp-content\/uploads\/2021\/08\/lira.jpg","keywords":["Arthur Lira","C\u00e2mara dos Deputados","PEC","voto impresso"],"articleSection":["Pol\u00edtica"],"inLanguage":"pt-BR","potentialAction":[{"@type":"CommentAction","name":"Comment","target":["https:\/\/jornalfatosenoticias.com.br\/index.php\/2021\/08\/09\/lira-anuncia-que-o-plenario-vai-decidir-sobre-proposta-do-voto-impresso\/#respond"]}]},{"@type":"WebPage","@id":"https:\/\/jornalfatosenoticias.com.br\/index.php\/2021\/08\/09\/lira-anuncia-que-o-plenario-vai-decidir-sobre-proposta-do-voto-impresso\/","url":"https:\/\/jornalfatosenoticias.com.br\/index.php\/2021\/08\/09\/lira-anuncia-que-o-plenario-vai-decidir-sobre-proposta-do-voto-impresso\/","name":"Lira anuncia que o Plen\u00e1rio vai decidir sobre proposta do voto impresso - Jornal Fatos e Not\u00edcias","isPartOf":{"@id":"https:\/\/jornalfatosenoticias.com.br\/#website"},"primaryImageOfPage":{"@id":"https:\/\/jornalfatosenoticias.com.br\/index.php\/2021\/08\/09\/lira-anuncia-que-o-plenario-vai-decidir-sobre-proposta-do-voto-impresso\/#primaryimage"},"image":{"@id":"https:\/\/jornalfatosenoticias.com.br\/index.php\/2021\/08\/09\/lira-anuncia-que-o-plenario-vai-decidir-sobre-proposta-do-voto-impresso\/#primaryimage"},"thumbnailUrl":"https:\/\/jornalfatosenoticias.com.br\/wp-content\/uploads\/2021\/08\/lira.jpg","datePublished":"2021-08-09T19:46:10+00:00","dateModified":"2021-08-09T19:46:16+00:00","breadcrumb":{"@id":"https:\/\/jornalfatosenoticias.com.br\/index.php\/2021\/08\/09\/lira-anuncia-que-o-plenario-vai-decidir-sobre-proposta-do-voto-impresso\/#breadcrumb"},"inLanguage":"pt-BR","potentialAction":[{"@type":"ReadAction","target":["https:\/\/jornalfatosenoticias.com.br\/index.php\/2021\/08\/09\/lira-anuncia-que-o-plenario-vai-decidir-sobre-proposta-do-voto-impresso\/"]}]},{"@type":"ImageObject","inLanguage":"pt-BR","@id":"https:\/\/jornalfatosenoticias.com.br\/index.php\/2021\/08\/09\/lira-anuncia-que-o-plenario-vai-decidir-sobre-proposta-do-voto-impresso\/#primaryimage","url":"https:\/\/jornalfatosenoticias.com.br\/wp-content\/uploads\/2021\/08\/lira.jpg","contentUrl":"https:\/\/jornalfatosenoticias.com.br\/wp-content\/uploads\/2021\/08\/lira.jpg","width":1000,"height":639},{"@type":"BreadcrumbList","@id":"https:\/\/jornalfatosenoticias.com.br\/index.php\/2021\/08\/09\/lira-anuncia-que-o-plenario-vai-decidir-sobre-proposta-do-voto-impresso\/#breadcrumb","itemListElement":[{"@type":"ListItem","position":1,"name":"In\u00edcio","item":"https:\/\/jornalfatosenoticias.com.br\/"},{"@type":"ListItem","position":2,"name":"Lira anuncia que o Plen\u00e1rio vai decidir sobre proposta do voto impresso"}]},{"@type":"WebSite","@id":"https:\/\/jornalfatosenoticias.com.br\/#website","url":"https:\/\/jornalfatosenoticias.com.br\/","name":"Jornal Fatos e Not\u00edcias","description":"Not\u00edcias em geral","publisher":{"@id":"https:\/\/jornalfatosenoticias.com.br\/#organization"},"potentialAction":[{"@type":"SearchAction","target":{"@type":"EntryPoint","urlTemplate":"https:\/\/jornalfatosenoticias.com.br\/?s={search_term_string}"},"query-input":{"@type":"PropertyValueSpecification","valueRequired":true,"valueName":"search_term_string"}}],"inLanguage":"pt-BR"},{"@type":"Organization","@id":"https:\/\/jornalfatosenoticias.com.br\/#organization","name":"Jornal Fatos e Not\u00edcias","url":"https:\/\/jornalfatosenoticias.com.br\/","logo":{"@type":"ImageObject","inLanguage":"pt-BR","@id":"https:\/\/jornalfatosenoticias.com.br\/#\/schema\/logo\/image\/","url":"https:\/\/jornalfatosenoticias.com.br\/wp-content\/uploads\/2020\/02\/logo120.png","contentUrl":"https:\/\/jornalfatosenoticias.com.br\/wp-content\/uploads\/2020\/02\/logo120.png","width":1227,"height":120,"caption":"Jornal Fatos e Not\u00edcias"},"image":{"@id":"https:\/\/jornalfatosenoticias.com.br\/#\/schema\/logo\/image\/"}},{"@type":"Person","@id":"https:\/\/jornalfatosenoticias.com.br\/#\/schema\/person\/d63837fa13ac8666eb9e74e0985d6f81","name":"Luzimara Fernandes","image":{"@type":"ImageObject","inLanguage":"pt-BR","@id":"https:\/\/jornalfatosenoticias.com.br\/#\/schema\/person\/image\/","url":"https:\/\/jornalfatosenoticias.com.br\/wp-content\/uploads\/2025\/05\/EU_portal.jpg","contentUrl":"https:\/\/jornalfatosenoticias.com.br\/wp-content\/uploads\/2025\/05\/EU_portal.jpg","caption":"Luzimara Fernandes"},"description":"Jornalista MTB 2358-ES","sameAs":["https:\/\/jornalfatosenoticias.com.br"],"url":"https:\/\/jornalfatosenoticias.com.br\/index.php\/author\/luzimara\/"}]}},"cc_featured_image_caption":{"caption_text":"(Foto: C\u00e2mara dos Deputados)","source_text":"","source_url":""},"jetpack_featured_media_url":"https:\/\/jornalfatosenoticias.com.br\/wp-content\/uploads\/2021\/08\/lira.jpg","_links":{"self":[{"href":"https:\/\/jornalfatosenoticias.com.br\/index.php\/wp-json\/wp\/v2\/posts\/21610","targetHints":{"allow":["GET"]}}],"collection":[{"href":"https:\/\/jornalfatosenoticias.com.br\/index.php\/wp-json\/wp\/v2\/posts"}],"about":[{"href":"https:\/\/jornalfatosenoticias.com.br\/index.php\/wp-json\/wp\/v2\/types\/post"}],"author":[{"embeddable":true,"href":"https:\/\/jornalfatosenoticias.com.br\/index.php\/wp-json\/wp\/v2\/users\/2"}],"replies":[{"embeddable":true,"href":"https:\/\/jornalfatosenoticias.com.br\/index.php\/wp-json\/wp\/v2\/comments?post=21610"}],"version-history":[{"count":0,"href":"https:\/\/jornalfatosenoticias.com.br\/index.php\/wp-json\/wp\/v2\/posts\/21610\/revisions"}],"wp:featuredmedia":[{"embeddable":true,"href":"https:\/\/jornalfatosenoticias.com.br\/index.php\/wp-json\/wp\/v2\/media\/21611"}],"wp:attachment":[{"href":"https:\/\/jornalfatosenoticias.com.br\/index.php\/wp-json\/wp\/v2\/media?parent=21610"}],"wp:term":[{"taxonomy":"category","embeddable":true,"href":"https:\/\/jornalfatosenoticias.com.br\/index.php\/wp-json\/wp\/v2\/categories?post=21610"},{"taxonomy":"post_tag","embeddable":true,"href":"https:\/\/jornalfatosenoticias.com.br\/index.php\/wp-json\/wp\/v2\/tags?post=21610"}],"curies":[{"name":"wp","href":"https:\/\/api.w.org\/{rel}","templated":true}]}}