{"id":21614,"date":"2021-08-09T17:38:44","date_gmt":"2021-08-09T20:38:44","guid":{"rendered":"https:\/\/jornalfatosenoticias.com.br\/?p=21614"},"modified":"2021-08-09T17:38:49","modified_gmt":"2021-08-09T20:38:49","slug":"parque-da-fonte-grande-lanca-mostra-de-fotografias-produzidas-por-visitantes","status":"publish","type":"post","link":"https:\/\/jornalfatosenoticias.com.br\/index.php\/2021\/08\/09\/parque-da-fonte-grande-lanca-mostra-de-fotografias-produzidas-por-visitantes\/","title":{"rendered":"Parque da Fonte Grande lan\u00e7a mostra de fotografias produzidas por visitantes"},"content":{"rendered":"\n<p><em><span class=\"has-inline-color has-black-color\">Mostra &#8220;As Lentes Revelam a Riqueza da Vida em Nossa Floresta&#8221; vai celebrar os 35 anos do Parque da Fonte Grande<\/span><\/em><\/p>\n\n\n\n<p>Ningu\u00e9m resiste \u00e0 beleza das paisagens avistadas dos mirantes do Parque Natural da Fonte Grande. Desde o \u00faltimo s\u00e1bado (7), os visitantes podem caprichar nas fotos sobre a Mata Atl\u00e2ntica e toda a biodiversidade do local e participar da mostra &#8220;As Lentes Revelam a Riqueza da Vida em Nossa Floresta&#8221;, que ser\u00e1 realizada em comemora\u00e7\u00e3o pelos 35 anos de cria\u00e7\u00e3o do parque.<br>\u00c9 uma mostra colaborativa, sem premia\u00e7\u00e3o. Podem participar fot\u00f3grafos profissionais e amadores, com produ\u00e7\u00f5es sofisticadas ou amadoras, como as captadas com celulares. A participa\u00e7\u00e3o \u00e9 gratuita. Basta enviar as fotos at\u00e9 o dia 30 de agosto pelo e-mail <em>fotopg35@gmail.com<\/em>.<br>As imagens selecionadas ser\u00e3o impressas em papel fotogr\u00e1fico e v\u00e3o compor a mostra, cuja data de lan\u00e7amento ainda ser\u00e1 definida. Tamb\u00e9m v\u00e3o compor campanhas nas m\u00eddias sociais da Prefeitura de Vit\u00f3ria.<\/p>\n\n\n\n<blockquote class=\"wp-block-quote is-layout-flow wp-block-quote-is-layout-flow\"><p><span class=\"has-inline-color has-luminous-vivid-orange-color\">&#8220;O objetivo \u00e9 reunir os diferentes olhares sobre o parque, desde detalhes da vegeta\u00e7\u00e3o, da fauna silvestre, at\u00e9 o visual da cidade que os frequentadores gostam tanto de fotografar e compartilhar&#8221;, diz a gerente de Educa\u00e7\u00e3o Ambiental da Secretaria Municipal de Meio Ambiente (Semmam), Juliana Sardinha.<\/span><\/p><\/blockquote>\n\n\n\n<div class=\"wp-block-jetpack-slideshow aligncenter\" data-effect=\"slide\"><div class=\"wp-block-jetpack-slideshow_container swiper-container\"><ul class=\"wp-block-jetpack-slideshow_swiper-wrapper swiper-wrapper\"><li class=\"wp-block-jetpack-slideshow_slide swiper-slide\"><figure><img loading=\"lazy\" decoding=\"async\" width=\"1000\" height=\"660\" alt=\"\" class=\"wp-block-jetpack-slideshow_image wp-image-21615\" data-id=\"21615\" src=\"https:\/\/jornalfatosenoticias.com.br\/wp-content\/uploads\/2021\/08\/parque-da-fonte-grande.jpg\" srcset=\"https:\/\/jornalfatosenoticias.com.br\/wp-content\/uploads\/2021\/08\/parque-da-fonte-grande.jpg 1000w, https:\/\/jornalfatosenoticias.com.br\/wp-content\/uploads\/2021\/08\/parque-da-fonte-grande-300x198.jpg 300w, https:\/\/jornalfatosenoticias.com.br\/wp-content\/uploads\/2021\/08\/parque-da-fonte-grande-768x507.jpg 768w\" sizes=\"auto, (max-width: 1000px) 100vw, 1000px\" \/><figcaption class=\"wp-block-jetpack-slideshow_caption gallery-caption\">Exemplar de flora presente no Parque da Fonte Grande (Foto: Leonardo Mer\u00e7on\/Instituto \u00daltimos Ref\u00fagios)<\/figcaption><\/figure><\/li><li class=\"wp-block-jetpack-slideshow_slide swiper-slide\"><figure><img loading=\"lazy\" decoding=\"async\" width=\"1000\" height=\"667\" alt=\"\" class=\"wp-block-jetpack-slideshow_image wp-image-21616\" data-id=\"21616\" src=\"https:\/\/jornalfatosenoticias.com.br\/wp-content\/uploads\/2021\/08\/parque-da-fonte-grande2.jpg\" srcset=\"https:\/\/jornalfatosenoticias.com.br\/wp-content\/uploads\/2021\/08\/parque-da-fonte-grande2.jpg 1000w, https:\/\/jornalfatosenoticias.com.br\/wp-content\/uploads\/2021\/08\/parque-da-fonte-grande2-300x200.jpg 300w, https:\/\/jornalfatosenoticias.com.br\/wp-content\/uploads\/2021\/08\/parque-da-fonte-grande2-768x512.jpg 768w\" sizes=\"auto, (max-width: 1000px) 100vw, 1000px\" \/><figcaption class=\"wp-block-jetpack-slideshow_caption gallery-caption\">Parque da Fonte Grande \u2014 Mirante Sumar\u00e9 (Foto: Leonardo Silveira)<\/figcaption><\/figure><\/li><li class=\"wp-block-jetpack-slideshow_slide swiper-slide\"><figure><img loading=\"lazy\" decoding=\"async\" width=\"1000\" height=\"667\" alt=\"\" class=\"wp-block-jetpack-slideshow_image wp-image-21617\" data-id=\"21617\" src=\"https:\/\/jornalfatosenoticias.com.br\/wp-content\/uploads\/2021\/08\/parque-da-fonte-grande4.jpg\" srcset=\"https:\/\/jornalfatosenoticias.com.br\/wp-content\/uploads\/2021\/08\/parque-da-fonte-grande4.jpg 1000w, https:\/\/jornalfatosenoticias.com.br\/wp-content\/uploads\/2021\/08\/parque-da-fonte-grande4-300x200.jpg 300w, https:\/\/jornalfatosenoticias.com.br\/wp-content\/uploads\/2021\/08\/parque-da-fonte-grande4-768x512.jpg 768w\" sizes=\"auto, (max-width: 1000px) 100vw, 1000px\" \/><figcaption class=\"wp-block-jetpack-slideshow_caption gallery-caption\">Exemplar de fauna presente no Parque da Fonte Grande (Foto: Leonardo Mer\u00e7on\/Instituto \u00daltimos Ref\u00fagios)<\/figcaption><\/figure><\/li><\/ul><a class=\"wp-block-jetpack-slideshow_button-prev swiper-button-prev swiper-button-white\" role=\"button\"><\/a><a class=\"wp-block-jetpack-slideshow_button-next swiper-button-next swiper-button-white\" role=\"button\"><\/a><a aria-label=\"Pause Slideshow\" class=\"wp-block-jetpack-slideshow_button-pause\" role=\"button\"><\/a><div class=\"wp-block-jetpack-slideshow_pagination swiper-pagination swiper-pagination-white\"><\/div><\/div><\/div>\n\n\n\n<p>&#8220;Queremos que os moradores de Vit\u00f3ria conhe\u00e7am mais o parque, entendam a import\u00e2ncia dele para a cidade, protegendo as encostas do Maci\u00e7o Central de Vit\u00f3ria e garantindo abrigo para diversos animais e plantas. Assim, as pessoas v\u00e3o contribuir naturalmente para a preserva\u00e7\u00e3o da Mata Atl\u00e2ntica e toda a sua biodiversidade&#8221;, diz o secret\u00e1rio de Meio Ambiente, Tarc\u00edsio F\u00f6eger.<\/p>\n\n\n\n<h4 class=\"wp-block-heading\"><span class=\"has-inline-color has-black-color\">Mostra fotogr\u00e1fica \u201cAs Lentes Revelam a Riqueza da vida em Nossa Floresta\u201d<\/span><\/h4>\n\n\n\n<p><em><span class=\"has-inline-color has-vivid-red-color\">Exposi\u00e7\u00e3o de imagens da biodiversidade do Parque da Fonte Grande produzidas por visitantes<br><\/span><span class=\"has-inline-color has-black-color\">Inscri\u00e7\u00f5es: <\/span><\/em>de 7 a 31 de agosto, pelo e-mail <em>fotopg35@gmail.com<\/em><\/p>\n\n\n\n<p><strong><span class=\"has-inline-color has-black-color\">Crit\u00e9rios<br>1 &#8211;<\/span><\/strong> Fotos digitais (arquivo JPG). Recomenda-se a melhor resolu\u00e7\u00e3o da configura\u00e7\u00e3o da c\u00e2mera em arquivo.<br><strong><span class=\"has-inline-color has-black-color\">2 &#8211;<\/span><\/strong> Cr\u00e9ditos das fotos: \u00e9 necess\u00e1rio colocar no corpo do e-mail o nome completo do autor, bairro, munic\u00edpio e Estado de origem.<br><strong><span class=\"has-inline-color has-black-color\">3 &#8211;<\/span><\/strong> Sele\u00e7\u00e3o: as fotos ser\u00e3o avaliadas quanto \u00e0 resolu\u00e7\u00e3o e \u00e0 qualidade de imagem.<br><strong><span class=\"has-inline-color has-black-color\">4 &#8211;<\/span><\/strong> As fotos selecionadas ser\u00e3o utilizadas nas m\u00eddias sociais da PMV e v\u00e3o compor uma exposi\u00e7\u00e3o fotogr\u00e1fica.<\/p>\n\n\n\n<h4 class=\"wp-block-heading\"><span class=\"has-inline-color has-black-color\">Parque Natural da Fonte Grande<\/span><\/h4>\n\n\n\n<div class=\"wp-block-jetpack-slideshow aligncenter\" data-effect=\"slide\"><div class=\"wp-block-jetpack-slideshow_container swiper-container\"><ul class=\"wp-block-jetpack-slideshow_swiper-wrapper swiper-wrapper\"><li class=\"wp-block-jetpack-slideshow_slide swiper-slide\"><figure><img loading=\"lazy\" decoding=\"async\" width=\"1000\" height=\"667\" alt=\"\" class=\"wp-block-jetpack-slideshow_image wp-image-21618\" data-id=\"21618\" src=\"https:\/\/jornalfatosenoticias.com.br\/wp-content\/uploads\/2021\/08\/parque-da-fonte-grande3.jpg\" srcset=\"https:\/\/jornalfatosenoticias.com.br\/wp-content\/uploads\/2021\/08\/parque-da-fonte-grande3.jpg 1000w, https:\/\/jornalfatosenoticias.com.br\/wp-content\/uploads\/2021\/08\/parque-da-fonte-grande3-300x200.jpg 300w, https:\/\/jornalfatosenoticias.com.br\/wp-content\/uploads\/2021\/08\/parque-da-fonte-grande3-768x512.jpg 768w\" sizes=\"auto, (max-width: 1000px) 100vw, 1000px\" \/><figcaption class=\"wp-block-jetpack-slideshow_caption gallery-caption\">Exemplar de fauna presente no Parque da Fonte Grande Leonardo Mer\u00e7on\/Instituto \u00daltimos Ref\u00fagios<\/figcaption><\/figure><\/li><li class=\"wp-block-jetpack-slideshow_slide swiper-slide\"><figure><img loading=\"lazy\" decoding=\"async\" width=\"1000\" height=\"667\" alt=\"\" class=\"wp-block-jetpack-slideshow_image wp-image-21619\" data-id=\"21619\" src=\"https:\/\/jornalfatosenoticias.com.br\/wp-content\/uploads\/2021\/08\/parque-da-fonte-grande6.jpg\" srcset=\"https:\/\/jornalfatosenoticias.com.br\/wp-content\/uploads\/2021\/08\/parque-da-fonte-grande6.jpg 1000w, https:\/\/jornalfatosenoticias.com.br\/wp-content\/uploads\/2021\/08\/parque-da-fonte-grande6-300x200.jpg 300w, https:\/\/jornalfatosenoticias.com.br\/wp-content\/uploads\/2021\/08\/parque-da-fonte-grande6-768x512.jpg 768w\" sizes=\"auto, (max-width: 1000px) 100vw, 1000px\" \/><figcaption class=\"wp-block-jetpack-slideshow_caption gallery-caption\">Centro de Educa\u00e7\u00e3o Ambiental e Audit\u00f3rio (Foto: Arquivo PMV)<\/figcaption><\/figure><\/li><\/ul><a class=\"wp-block-jetpack-slideshow_button-prev swiper-button-prev swiper-button-white\" role=\"button\"><\/a><a class=\"wp-block-jetpack-slideshow_button-next swiper-button-next swiper-button-white\" role=\"button\"><\/a><a aria-label=\"Pause Slideshow\" class=\"wp-block-jetpack-slideshow_button-pause\" role=\"button\"><\/a><div class=\"wp-block-jetpack-slideshow_pagination swiper-pagination swiper-pagination-white\"><\/div><\/div><\/div>\n\n\n\n<p>Uma das principais unidades de conserva\u00e7\u00e3o de Vit\u00f3ria, o Parque Natural da Fonte Grande chegou a registrar uma m\u00e9dia de 50 mil visitantes por ano antes da pandemia.<br>Localizado no Maci\u00e7o Central, o parque \u00e9 procurado para atividades de contato com a natureza, como trilhas guiadas, lazer contemplativo nos mirantes, sess\u00f5es de fotos, realiza\u00e7\u00e3o de document\u00e1rios e pesquisas cient\u00edficas, observa\u00e7\u00e3o de aves e a\u00e7\u00f5es de Educa\u00e7\u00e3o Ambiental.<br>Ao longo de seus 218 hectares, equivalente a mais de 200 campos de futebol, podem ser observados r\u00e9pteis, invertebrados, pequenos mam\u00edferos e aves. Nas encostas, est\u00e3o localizadas v\u00e1rias fontes e bicas, com destaque para S\u00e3o Benedito, Cazuza e Morcego.<\/p>\n\n\n\n<ul class=\"wp-block-list\"><li>Acesso pela guarita Ti\u00e3o S\u00e1, na rodovia Serafim Derenzi, no bairro Grande Vit\u00f3ria, para carros particulares, bicicletas ou a p\u00e9. Acesso a p\u00e9 pela guarita de Fradinhos, pela rua Jo\u00e3o Ferreira de Souza.<\/li><li><span class=\"has-inline-color has-black-color\">Telefone:<\/span> (27) 3381-3521 e 3382-6576.<\/li><li><span class=\"has-inline-color has-black-color\">Hor\u00e1rio de funcionamento:<\/span> de ter\u00e7a a domingo, inclusive feriados, das 7 \u00e0s 17 horas. O acesso aos mirantes inicia-se \u00e0s 8 horas e fecha \u00e0s 16h40<\/li><li>Fechado nas segundas para manuten\u00e7\u00e3o.<\/li><\/ul>\n\n\n\n<p><strong><em>Fonte: <a href=\"https:\/\/vitoria.es.gov.br\/noticia\/parque-da-fonte-grande-lanca-mostra-de-fotografias-produzidas-por-visitantes-43381\">PMV<\/a><\/em><\/strong><\/p>\n","protected":false},"excerpt":{"rendered":"<p>Mostra &#8220;As Lentes Revelam a Riqueza da Vida em Nossa Floresta&#8221; vai celebrar os 35 anos do Parque da Fonte Grande Ningu\u00e9m resiste \u00e0 beleza das paisagens avistadas dos mirantes do Parque Natural da Fonte Grande. Desde o \u00faltimo s\u00e1bado (7), os visitantes podem caprichar nas fotos sobre a Mata Atl\u00e2ntica e toda a biodiversidade [&hellip;]<\/p>\n","protected":false},"author":2,"featured_media":21620,"comment_status":"open","ping_status":"open","sticky":false,"template":"","format":"standard","meta":{"footnotes":""},"categories":[5],"tags":[334,4269,258,10546,10545,882],"class_list":["post-21614","post","type-post","status-publish","format-standard","has-post-thumbnail","hentry","category-geral","tag-biodiversidade","tag-concurso-fotografico","tag-mata-atlantica","tag-mirantes","tag-parque-natural-da-fonte-grande","tag-vitoria"],"yoast_head":"<!-- This site is optimized with the Yoast SEO plugin v26.5 - https:\/\/yoast.com\/wordpress\/plugins\/seo\/ -->\n<title>Parque da Fonte Grande lan\u00e7a mostra de fotografias produzidas por visitantes - Jornal Fatos e Not\u00edcias<\/title>\n<meta name=\"robots\" content=\"index, follow, max-snippet:-1, max-image-preview:large, max-video-preview:-1\" \/>\n<link rel=\"canonical\" href=\"https:\/\/jornalfatosenoticias.com.br\/index.php\/2021\/08\/09\/parque-da-fonte-grande-lanca-mostra-de-fotografias-produzidas-por-visitantes\/\" \/>\n<meta property=\"og:locale\" content=\"pt_BR\" \/>\n<meta property=\"og:type\" content=\"article\" \/>\n<meta property=\"og:title\" content=\"Parque da Fonte Grande lan\u00e7a mostra de fotografias produzidas por visitantes - Jornal Fatos e Not\u00edcias\" \/>\n<meta property=\"og:description\" content=\"Mostra &#8220;As Lentes Revelam a Riqueza da Vida em Nossa Floresta&#8221; vai celebrar os 35 anos do Parque da Fonte Grande Ningu\u00e9m resiste \u00e0 beleza das paisagens avistadas dos mirantes do Parque Natural da Fonte Grande. Desde o \u00faltimo s\u00e1bado (7), os visitantes podem caprichar nas fotos sobre a Mata Atl\u00e2ntica e toda a biodiversidade [&hellip;]\" \/>\n<meta property=\"og:url\" content=\"https:\/\/jornalfatosenoticias.com.br\/index.php\/2021\/08\/09\/parque-da-fonte-grande-lanca-mostra-de-fotografias-produzidas-por-visitantes\/\" \/>\n<meta property=\"og:site_name\" content=\"Jornal Fatos e Not\u00edcias\" \/>\n<meta property=\"article:published_time\" content=\"2021-08-09T20:38:44+00:00\" \/>\n<meta property=\"article:modified_time\" content=\"2021-08-09T20:38:49+00:00\" \/>\n<meta property=\"og:image\" content=\"https:\/\/jornalfatosenoticias.com.br\/wp-content\/uploads\/2021\/08\/parque-da-fonte-grande5.jpg\" \/>\n\t<meta property=\"og:image:width\" content=\"1000\" \/>\n\t<meta property=\"og:image:height\" content=\"750\" \/>\n\t<meta property=\"og:image:type\" content=\"image\/jpeg\" \/>\n<meta name=\"author\" content=\"Luzimara Fernandes\" \/>\n<meta name=\"twitter:card\" content=\"summary_large_image\" \/>\n<meta name=\"twitter:label1\" content=\"Escrito por\" \/>\n\t<meta name=\"twitter:data1\" content=\"Luzimara Fernandes\" \/>\n\t<meta name=\"twitter:label2\" content=\"Est. tempo de leitura\" \/>\n\t<meta name=\"twitter:data2\" content=\"3 minutos\" \/>\n<script type=\"application\/ld+json\" class=\"yoast-schema-graph\">{\"@context\":\"https:\/\/schema.org\",\"@graph\":[{\"@type\":\"Article\",\"@id\":\"https:\/\/jornalfatosenoticias.com.br\/index.php\/2021\/08\/09\/parque-da-fonte-grande-lanca-mostra-de-fotografias-produzidas-por-visitantes\/#article\",\"isPartOf\":{\"@id\":\"https:\/\/jornalfatosenoticias.com.br\/index.php\/2021\/08\/09\/parque-da-fonte-grande-lanca-mostra-de-fotografias-produzidas-por-visitantes\/\"},\"author\":{\"name\":\"Luzimara Fernandes\",\"@id\":\"https:\/\/jornalfatosenoticias.com.br\/#\/schema\/person\/d63837fa13ac8666eb9e74e0985d6f81\"},\"headline\":\"Parque da Fonte Grande lan\u00e7a mostra de fotografias produzidas por visitantes\",\"datePublished\":\"2021-08-09T20:38:44+00:00\",\"dateModified\":\"2021-08-09T20:38:49+00:00\",\"mainEntityOfPage\":{\"@id\":\"https:\/\/jornalfatosenoticias.com.br\/index.php\/2021\/08\/09\/parque-da-fonte-grande-lanca-mostra-de-fotografias-produzidas-por-visitantes\/\"},\"wordCount\":678,\"commentCount\":0,\"publisher\":{\"@id\":\"https:\/\/jornalfatosenoticias.com.br\/#organization\"},\"image\":{\"@id\":\"https:\/\/jornalfatosenoticias.com.br\/index.php\/2021\/08\/09\/parque-da-fonte-grande-lanca-mostra-de-fotografias-produzidas-por-visitantes\/#primaryimage\"},\"thumbnailUrl\":\"https:\/\/jornalfatosenoticias.com.br\/wp-content\/uploads\/2021\/08\/parque-da-fonte-grande5.jpg\",\"keywords\":[\"biodiversidade\",\"concurso fotogr\u00e1fico\",\"mata atl\u00e2ntica\",\"mirantes\",\"Parque Natural da Fonte Grande\",\"Vit\u00f3ria\"],\"articleSection\":[\"Geral\"],\"inLanguage\":\"pt-BR\",\"potentialAction\":[{\"@type\":\"CommentAction\",\"name\":\"Comment\",\"target\":[\"https:\/\/jornalfatosenoticias.com.br\/index.php\/2021\/08\/09\/parque-da-fonte-grande-lanca-mostra-de-fotografias-produzidas-por-visitantes\/#respond\"]}]},{\"@type\":\"WebPage\",\"@id\":\"https:\/\/jornalfatosenoticias.com.br\/index.php\/2021\/08\/09\/parque-da-fonte-grande-lanca-mostra-de-fotografias-produzidas-por-visitantes\/\",\"url\":\"https:\/\/jornalfatosenoticias.com.br\/index.php\/2021\/08\/09\/parque-da-fonte-grande-lanca-mostra-de-fotografias-produzidas-por-visitantes\/\",\"name\":\"Parque da Fonte Grande lan\u00e7a mostra de fotografias produzidas por visitantes - Jornal Fatos e Not\u00edcias\",\"isPartOf\":{\"@id\":\"https:\/\/jornalfatosenoticias.com.br\/#website\"},\"primaryImageOfPage\":{\"@id\":\"https:\/\/jornalfatosenoticias.com.br\/index.php\/2021\/08\/09\/parque-da-fonte-grande-lanca-mostra-de-fotografias-produzidas-por-visitantes\/#primaryimage\"},\"image\":{\"@id\":\"https:\/\/jornalfatosenoticias.com.br\/index.php\/2021\/08\/09\/parque-da-fonte-grande-lanca-mostra-de-fotografias-produzidas-por-visitantes\/#primaryimage\"},\"thumbnailUrl\":\"https:\/\/jornalfatosenoticias.com.br\/wp-content\/uploads\/2021\/08\/parque-da-fonte-grande5.jpg\",\"datePublished\":\"2021-08-09T20:38:44+00:00\",\"dateModified\":\"2021-08-09T20:38:49+00:00\",\"breadcrumb\":{\"@id\":\"https:\/\/jornalfatosenoticias.com.br\/index.php\/2021\/08\/09\/parque-da-fonte-grande-lanca-mostra-de-fotografias-produzidas-por-visitantes\/#breadcrumb\"},\"inLanguage\":\"pt-BR\",\"potentialAction\":[{\"@type\":\"ReadAction\",\"target\":[\"https:\/\/jornalfatosenoticias.com.br\/index.php\/2021\/08\/09\/parque-da-fonte-grande-lanca-mostra-de-fotografias-produzidas-por-visitantes\/\"]}]},{\"@type\":\"ImageObject\",\"inLanguage\":\"pt-BR\",\"@id\":\"https:\/\/jornalfatosenoticias.com.br\/index.php\/2021\/08\/09\/parque-da-fonte-grande-lanca-mostra-de-fotografias-produzidas-por-visitantes\/#primaryimage\",\"url\":\"https:\/\/jornalfatosenoticias.com.br\/wp-content\/uploads\/2021\/08\/parque-da-fonte-grande5.jpg\",\"contentUrl\":\"https:\/\/jornalfatosenoticias.com.br\/wp-content\/uploads\/2021\/08\/parque-da-fonte-grande5.jpg\",\"width\":1000,\"height\":750,\"caption\":\"Mirante Sumar\u00e9 no Parque da Fonte Grande\"},{\"@type\":\"BreadcrumbList\",\"@id\":\"https:\/\/jornalfatosenoticias.com.br\/index.php\/2021\/08\/09\/parque-da-fonte-grande-lanca-mostra-de-fotografias-produzidas-por-visitantes\/#breadcrumb\",\"itemListElement\":[{\"@type\":\"ListItem\",\"position\":1,\"name\":\"In\u00edcio\",\"item\":\"https:\/\/jornalfatosenoticias.com.br\/\"},{\"@type\":\"ListItem\",\"position\":2,\"name\":\"Parque da Fonte Grande lan\u00e7a mostra de fotografias produzidas por visitantes\"}]},{\"@type\":\"WebSite\",\"@id\":\"https:\/\/jornalfatosenoticias.com.br\/#website\",\"url\":\"https:\/\/jornalfatosenoticias.com.br\/\",\"name\":\"Jornal Fatos e Not\u00edcias\",\"description\":\"Not\u00edcias em geral\",\"publisher\":{\"@id\":\"https:\/\/jornalfatosenoticias.com.br\/#organization\"},\"potentialAction\":[{\"@type\":\"SearchAction\",\"target\":{\"@type\":\"EntryPoint\",\"urlTemplate\":\"https:\/\/jornalfatosenoticias.com.br\/?s={search_term_string}\"},\"query-input\":{\"@type\":\"PropertyValueSpecification\",\"valueRequired\":true,\"valueName\":\"search_term_string\"}}],\"inLanguage\":\"pt-BR\"},{\"@type\":\"Organization\",\"@id\":\"https:\/\/jornalfatosenoticias.com.br\/#organization\",\"name\":\"Jornal Fatos e Not\u00edcias\",\"url\":\"https:\/\/jornalfatosenoticias.com.br\/\",\"logo\":{\"@type\":\"ImageObject\",\"inLanguage\":\"pt-BR\",\"@id\":\"https:\/\/jornalfatosenoticias.com.br\/#\/schema\/logo\/image\/\",\"url\":\"https:\/\/jornalfatosenoticias.com.br\/wp-content\/uploads\/2020\/02\/logo120.png\",\"contentUrl\":\"https:\/\/jornalfatosenoticias.com.br\/wp-content\/uploads\/2020\/02\/logo120.png\",\"width\":1227,\"height\":120,\"caption\":\"Jornal Fatos e Not\u00edcias\"},\"image\":{\"@id\":\"https:\/\/jornalfatosenoticias.com.br\/#\/schema\/logo\/image\/\"}},{\"@type\":\"Person\",\"@id\":\"https:\/\/jornalfatosenoticias.com.br\/#\/schema\/person\/d63837fa13ac8666eb9e74e0985d6f81\",\"name\":\"Luzimara Fernandes\",\"image\":{\"@type\":\"ImageObject\",\"inLanguage\":\"pt-BR\",\"@id\":\"https:\/\/jornalfatosenoticias.com.br\/#\/schema\/person\/image\/\",\"url\":\"https:\/\/jornalfatosenoticias.com.br\/wp-content\/uploads\/2025\/05\/EU_portal.jpg\",\"contentUrl\":\"https:\/\/jornalfatosenoticias.com.br\/wp-content\/uploads\/2025\/05\/EU_portal.jpg\",\"caption\":\"Luzimara Fernandes\"},\"description\":\"Jornalista MTB 2358-ES\",\"sameAs\":[\"https:\/\/jornalfatosenoticias.com.br\"],\"url\":\"https:\/\/jornalfatosenoticias.com.br\/index.php\/author\/luzimara\/\"}]}<\/script>\n<!-- \/ Yoast SEO plugin. -->","yoast_head_json":{"title":"Parque da Fonte Grande lan\u00e7a mostra de fotografias produzidas por visitantes - Jornal Fatos e Not\u00edcias","robots":{"index":"index","follow":"follow","max-snippet":"max-snippet:-1","max-image-preview":"max-image-preview:large","max-video-preview":"max-video-preview:-1"},"canonical":"https:\/\/jornalfatosenoticias.com.br\/index.php\/2021\/08\/09\/parque-da-fonte-grande-lanca-mostra-de-fotografias-produzidas-por-visitantes\/","og_locale":"pt_BR","og_type":"article","og_title":"Parque da Fonte Grande lan\u00e7a mostra de fotografias produzidas por visitantes - Jornal Fatos e Not\u00edcias","og_description":"Mostra &#8220;As Lentes Revelam a Riqueza da Vida em Nossa Floresta&#8221; vai celebrar os 35 anos do Parque da Fonte Grande Ningu\u00e9m resiste \u00e0 beleza das paisagens avistadas dos mirantes do Parque Natural da Fonte Grande. Desde o \u00faltimo s\u00e1bado (7), os visitantes podem caprichar nas fotos sobre a Mata Atl\u00e2ntica e toda a biodiversidade [&hellip;]","og_url":"https:\/\/jornalfatosenoticias.com.br\/index.php\/2021\/08\/09\/parque-da-fonte-grande-lanca-mostra-de-fotografias-produzidas-por-visitantes\/","og_site_name":"Jornal Fatos e Not\u00edcias","article_published_time":"2021-08-09T20:38:44+00:00","article_modified_time":"2021-08-09T20:38:49+00:00","og_image":[{"width":1000,"height":750,"url":"https:\/\/jornalfatosenoticias.com.br\/wp-content\/uploads\/2021\/08\/parque-da-fonte-grande5.jpg","type":"image\/jpeg"}],"author":"Luzimara Fernandes","twitter_card":"summary_large_image","twitter_misc":{"Escrito por":"Luzimara Fernandes","Est. tempo de leitura":"3 minutos"},"schema":{"@context":"https:\/\/schema.org","@graph":[{"@type":"Article","@id":"https:\/\/jornalfatosenoticias.com.br\/index.php\/2021\/08\/09\/parque-da-fonte-grande-lanca-mostra-de-fotografias-produzidas-por-visitantes\/#article","isPartOf":{"@id":"https:\/\/jornalfatosenoticias.com.br\/index.php\/2021\/08\/09\/parque-da-fonte-grande-lanca-mostra-de-fotografias-produzidas-por-visitantes\/"},"author":{"name":"Luzimara Fernandes","@id":"https:\/\/jornalfatosenoticias.com.br\/#\/schema\/person\/d63837fa13ac8666eb9e74e0985d6f81"},"headline":"Parque da Fonte Grande lan\u00e7a mostra de fotografias produzidas por visitantes","datePublished":"2021-08-09T20:38:44+00:00","dateModified":"2021-08-09T20:38:49+00:00","mainEntityOfPage":{"@id":"https:\/\/jornalfatosenoticias.com.br\/index.php\/2021\/08\/09\/parque-da-fonte-grande-lanca-mostra-de-fotografias-produzidas-por-visitantes\/"},"wordCount":678,"commentCount":0,"publisher":{"@id":"https:\/\/jornalfatosenoticias.com.br\/#organization"},"image":{"@id":"https:\/\/jornalfatosenoticias.com.br\/index.php\/2021\/08\/09\/parque-da-fonte-grande-lanca-mostra-de-fotografias-produzidas-por-visitantes\/#primaryimage"},"thumbnailUrl":"https:\/\/jornalfatosenoticias.com.br\/wp-content\/uploads\/2021\/08\/parque-da-fonte-grande5.jpg","keywords":["biodiversidade","concurso fotogr\u00e1fico","mata atl\u00e2ntica","mirantes","Parque Natural da Fonte Grande","Vit\u00f3ria"],"articleSection":["Geral"],"inLanguage":"pt-BR","potentialAction":[{"@type":"CommentAction","name":"Comment","target":["https:\/\/jornalfatosenoticias.com.br\/index.php\/2021\/08\/09\/parque-da-fonte-grande-lanca-mostra-de-fotografias-produzidas-por-visitantes\/#respond"]}]},{"@type":"WebPage","@id":"https:\/\/jornalfatosenoticias.com.br\/index.php\/2021\/08\/09\/parque-da-fonte-grande-lanca-mostra-de-fotografias-produzidas-por-visitantes\/","url":"https:\/\/jornalfatosenoticias.com.br\/index.php\/2021\/08\/09\/parque-da-fonte-grande-lanca-mostra-de-fotografias-produzidas-por-visitantes\/","name":"Parque da Fonte Grande lan\u00e7a mostra de fotografias produzidas por visitantes - Jornal Fatos e Not\u00edcias","isPartOf":{"@id":"https:\/\/jornalfatosenoticias.com.br\/#website"},"primaryImageOfPage":{"@id":"https:\/\/jornalfatosenoticias.com.br\/index.php\/2021\/08\/09\/parque-da-fonte-grande-lanca-mostra-de-fotografias-produzidas-por-visitantes\/#primaryimage"},"image":{"@id":"https:\/\/jornalfatosenoticias.com.br\/index.php\/2021\/08\/09\/parque-da-fonte-grande-lanca-mostra-de-fotografias-produzidas-por-visitantes\/#primaryimage"},"thumbnailUrl":"https:\/\/jornalfatosenoticias.com.br\/wp-content\/uploads\/2021\/08\/parque-da-fonte-grande5.jpg","datePublished":"2021-08-09T20:38:44+00:00","dateModified":"2021-08-09T20:38:49+00:00","breadcrumb":{"@id":"https:\/\/jornalfatosenoticias.com.br\/index.php\/2021\/08\/09\/parque-da-fonte-grande-lanca-mostra-de-fotografias-produzidas-por-visitantes\/#breadcrumb"},"inLanguage":"pt-BR","potentialAction":[{"@type":"ReadAction","target":["https:\/\/jornalfatosenoticias.com.br\/index.php\/2021\/08\/09\/parque-da-fonte-grande-lanca-mostra-de-fotografias-produzidas-por-visitantes\/"]}]},{"@type":"ImageObject","inLanguage":"pt-BR","@id":"https:\/\/jornalfatosenoticias.com.br\/index.php\/2021\/08\/09\/parque-da-fonte-grande-lanca-mostra-de-fotografias-produzidas-por-visitantes\/#primaryimage","url":"https:\/\/jornalfatosenoticias.com.br\/wp-content\/uploads\/2021\/08\/parque-da-fonte-grande5.jpg","contentUrl":"https:\/\/jornalfatosenoticias.com.br\/wp-content\/uploads\/2021\/08\/parque-da-fonte-grande5.jpg","width":1000,"height":750,"caption":"Mirante Sumar\u00e9 no Parque da Fonte Grande"},{"@type":"BreadcrumbList","@id":"https:\/\/jornalfatosenoticias.com.br\/index.php\/2021\/08\/09\/parque-da-fonte-grande-lanca-mostra-de-fotografias-produzidas-por-visitantes\/#breadcrumb","itemListElement":[{"@type":"ListItem","position":1,"name":"In\u00edcio","item":"https:\/\/jornalfatosenoticias.com.br\/"},{"@type":"ListItem","position":2,"name":"Parque da Fonte Grande lan\u00e7a mostra de fotografias produzidas por visitantes"}]},{"@type":"WebSite","@id":"https:\/\/jornalfatosenoticias.com.br\/#website","url":"https:\/\/jornalfatosenoticias.com.br\/","name":"Jornal Fatos e Not\u00edcias","description":"Not\u00edcias em geral","publisher":{"@id":"https:\/\/jornalfatosenoticias.com.br\/#organization"},"potentialAction":[{"@type":"SearchAction","target":{"@type":"EntryPoint","urlTemplate":"https:\/\/jornalfatosenoticias.com.br\/?s={search_term_string}"},"query-input":{"@type":"PropertyValueSpecification","valueRequired":true,"valueName":"search_term_string"}}],"inLanguage":"pt-BR"},{"@type":"Organization","@id":"https:\/\/jornalfatosenoticias.com.br\/#organization","name":"Jornal Fatos e Not\u00edcias","url":"https:\/\/jornalfatosenoticias.com.br\/","logo":{"@type":"ImageObject","inLanguage":"pt-BR","@id":"https:\/\/jornalfatosenoticias.com.br\/#\/schema\/logo\/image\/","url":"https:\/\/jornalfatosenoticias.com.br\/wp-content\/uploads\/2020\/02\/logo120.png","contentUrl":"https:\/\/jornalfatosenoticias.com.br\/wp-content\/uploads\/2020\/02\/logo120.png","width":1227,"height":120,"caption":"Jornal Fatos e Not\u00edcias"},"image":{"@id":"https:\/\/jornalfatosenoticias.com.br\/#\/schema\/logo\/image\/"}},{"@type":"Person","@id":"https:\/\/jornalfatosenoticias.com.br\/#\/schema\/person\/d63837fa13ac8666eb9e74e0985d6f81","name":"Luzimara Fernandes","image":{"@type":"ImageObject","inLanguage":"pt-BR","@id":"https:\/\/jornalfatosenoticias.com.br\/#\/schema\/person\/image\/","url":"https:\/\/jornalfatosenoticias.com.br\/wp-content\/uploads\/2025\/05\/EU_portal.jpg","contentUrl":"https:\/\/jornalfatosenoticias.com.br\/wp-content\/uploads\/2025\/05\/EU_portal.jpg","caption":"Luzimara Fernandes"},"description":"Jornalista MTB 2358-ES","sameAs":["https:\/\/jornalfatosenoticias.com.br"],"url":"https:\/\/jornalfatosenoticias.com.br\/index.php\/author\/luzimara\/"}]}},"cc_featured_image_caption":{"caption_text":"(Foto: Arquivo PMV)","source_text":"","source_url":""},"jetpack_featured_media_url":"https:\/\/jornalfatosenoticias.com.br\/wp-content\/uploads\/2021\/08\/parque-da-fonte-grande5.jpg","_links":{"self":[{"href":"https:\/\/jornalfatosenoticias.com.br\/index.php\/wp-json\/wp\/v2\/posts\/21614","targetHints":{"allow":["GET"]}}],"collection":[{"href":"https:\/\/jornalfatosenoticias.com.br\/index.php\/wp-json\/wp\/v2\/posts"}],"about":[{"href":"https:\/\/jornalfatosenoticias.com.br\/index.php\/wp-json\/wp\/v2\/types\/post"}],"author":[{"embeddable":true,"href":"https:\/\/jornalfatosenoticias.com.br\/index.php\/wp-json\/wp\/v2\/users\/2"}],"replies":[{"embeddable":true,"href":"https:\/\/jornalfatosenoticias.com.br\/index.php\/wp-json\/wp\/v2\/comments?post=21614"}],"version-history":[{"count":0,"href":"https:\/\/jornalfatosenoticias.com.br\/index.php\/wp-json\/wp\/v2\/posts\/21614\/revisions"}],"wp:featuredmedia":[{"embeddable":true,"href":"https:\/\/jornalfatosenoticias.com.br\/index.php\/wp-json\/wp\/v2\/media\/21620"}],"wp:attachment":[{"href":"https:\/\/jornalfatosenoticias.com.br\/index.php\/wp-json\/wp\/v2\/media?parent=21614"}],"wp:term":[{"taxonomy":"category","embeddable":true,"href":"https:\/\/jornalfatosenoticias.com.br\/index.php\/wp-json\/wp\/v2\/categories?post=21614"},{"taxonomy":"post_tag","embeddable":true,"href":"https:\/\/jornalfatosenoticias.com.br\/index.php\/wp-json\/wp\/v2\/tags?post=21614"}],"curies":[{"name":"wp","href":"https:\/\/api.w.org\/{rel}","templated":true}]}}